{"id":81195,"date":"2024-07-31T20:50:05","date_gmt":"2024-07-31T18:50:05","guid":{"rendered":"https:\/\/zeromagazine.mx\/?p=81195"},"modified":"2024-07-31T20:50:07","modified_gmt":"2024-07-31T18:50:07","slug":"haircare-lujo-para-tu-cabello","status":"publish","type":"post","link":"https:\/\/zeromagazine.mx\/index.php\/2024\/07\/31\/haircare-lujo-para-tu-cabello\/","title":{"rendered":"\u00abHAIRCARE: Lujo para tu Cabello\u00bb"},"content":{"rendered":"<!--themify_builder_content-->\n<div id=\"themify_builder_content-81195\" data-postid=\"81195\" class=\"themify_builder_content themify_builder_content-81195 themify_builder tf_clear\">\n    <\/div>\n<!--\/themify_builder_content-->\n\n\n<p>Prep\u00e1rense para un glow-up total con HAIRCARE, el nuevo spot de belleza de lujo que El Palacio de Hierro nos trae. \u00bfListos para transformar su rutina de cuidado capilar? Aqu\u00ed les cuento un poco m\u00e1s sobre esta incre\u00edble experiencia.\u00a0 Primero, lo primero: el cuero cabelludo es piel, y su salud es esencial para tener un cabello espectacular. Nos ofrecen tratamientos exclusivos y productos top de las marcas m\u00e1s innovadoras del mundo capilar. Imag\u00ednense un lugar donde encuentras todo lo que necesitas para que tu cabello luzca incre\u00edble siempre. Puedes encontrar este espacio de ensue\u00f1o en El Palacio de Hierro Interlomas, Santa Fe, Durango y Quer\u00e9taro. As\u00ed que no hay excusa para no pasar y darte un treat.<\/p>\n\n\n\n<figure class=\"wp-block-image size-full\"><img data-recalc-dims=\"1\" decoding=\"async\" width=\"1165\" height=\"776\" src=\"https:\/\/i0.wp.com\/zeromagazine.mx\/wp-content\/uploads\/2024\/07\/Haircare_EPH-Interlomas-4.jpg?resize=1165%2C776&#038;ssl=1\" alt=\"\" class=\"wp-image-81213\" srcset=\"https:\/\/i0.wp.com\/zeromagazine.mx\/wp-content\/uploads\/2024\/07\/Haircare_EPH-Interlomas-4.jpg?w=2048&amp;ssl=1 2048w, https:\/\/i0.wp.com\/zeromagazine.mx\/wp-content\/uploads\/2024\/07\/Haircare_EPH-Interlomas-4.jpg?resize=300%2C200&amp;ssl=1 300w, https:\/\/i0.wp.com\/zeromagazine.mx\/wp-content\/uploads\/2024\/07\/Haircare_EPH-Interlomas-4.jpg?resize=1024%2C683&amp;ssl=1 1024w, https:\/\/i0.wp.com\/zeromagazine.mx\/wp-content\/uploads\/2024\/07\/Haircare_EPH-Interlomas-4.jpg?resize=768%2C512&amp;ssl=1 768w, https:\/\/i0.wp.com\/zeromagazine.mx\/wp-content\/uploads\/2024\/07\/Haircare_EPH-Interlomas-4.jpg?resize=1536%2C1024&amp;ssl=1 1536w\" sizes=\"(max-width: 1165px) 100vw, 1165px\" \/><\/figure>\n\n\n\n<script async src=\"https:\/\/pagead2.googlesyndication.com\/pagead\/js\/adsbygoogle.js?client=ca-pub-5499304793904745\"\n     crossorigin=\"anonymous\"><\/script>\n<ins class=\"adsbygoogle\"\n     style=\"display:block; text-align:center;\"\n     data-ad-layout=\"in-article\"\n     data-ad-format=\"fluid\"\n     data-ad-client=\"ca-pub-5499304793904745\"\n     data-ad-slot=\"5994863093\"><\/ins>\n<script>\n     (adsbygoogle = window.adsbygoogle || []).push({});\n<\/script>\n\n\n\n\n<p><strong>La Ciencia del Cabello<\/strong><\/p>\n\n\n\n<p>El da\u00f1o en el cabello no se puede revertir, pero s\u00ed se puede prevenir y reducir. Cosas como el uso de calor extremo (m\u00e1s de 150 \u00b0C), productos qu\u00edmicos, y peinar con demasiada fuerza, debilitan y da\u00f1an el cabello, haci\u00e9ndolo m\u00e1s propenso a romperse. Adem\u00e1s, el cabello da\u00f1ado absorbe agua m\u00e1s r\u00e1pido que el sano, lo cual afecta su brillo.<\/p>\n\n\n\n<p>\u00bfTe has preguntado por qu\u00e9 tu cabello no brilla como deber\u00eda? Esto se debe a que los poros del cabello da\u00f1ado dispersan la luz por todas partes, disminuyendo el brillo. En cambio, el cabello sano refleja m\u00e1s luz y se ve m\u00e1s brillante. So, cuidar tu tipo de cabello es clave para tenerlo en su<\/p>\n\n\n\n<figure class=\"wp-block-image size-full\"><img data-recalc-dims=\"1\" decoding=\"async\" width=\"1165\" height=\"776\" src=\"https:\/\/i0.wp.com\/zeromagazine.mx\/wp-content\/uploads\/2024\/07\/Haircare_EPH-Interlomas-55.jpg?resize=1165%2C776&#038;ssl=1\" alt=\"\" class=\"wp-image-81214\" srcset=\"https:\/\/i0.wp.com\/zeromagazine.mx\/wp-content\/uploads\/2024\/07\/Haircare_EPH-Interlomas-55.jpg?w=2048&amp;ssl=1 2048w, https:\/\/i0.wp.com\/zeromagazine.mx\/wp-content\/uploads\/2024\/07\/Haircare_EPH-Interlomas-55.jpg?resize=300%2C200&amp;ssl=1 300w, https:\/\/i0.wp.com\/zeromagazine.mx\/wp-content\/uploads\/2024\/07\/Haircare_EPH-Interlomas-55.jpg?resize=1024%2C683&amp;ssl=1 1024w, https:\/\/i0.wp.com\/zeromagazine.mx\/wp-content\/uploads\/2024\/07\/Haircare_EPH-Interlomas-55.jpg?resize=768%2C512&amp;ssl=1 768w, https:\/\/i0.wp.com\/zeromagazine.mx\/wp-content\/uploads\/2024\/07\/Haircare_EPH-Interlomas-55.jpg?resize=1536%2C1024&amp;ssl=1 1536w\" sizes=\"(max-width: 1165px) 100vw, 1165px\" \/><\/figure>\n\n\n\n<script async src=\"https:\/\/pagead2.googlesyndication.com\/pagead\/js\/adsbygoogle.js?client=ca-pub-5499304793904745\"\n     crossorigin=\"anonymous\"><\/script>\n<ins class=\"adsbygoogle\"\n     style=\"display:block; text-align:center;\"\n     data-ad-layout=\"in-article\"\n     data-ad-format=\"fluid\"\n     data-ad-client=\"ca-pub-5499304793904745\"\n     data-ad-slot=\"5994863093\"><\/ins>\n<script>\n     (adsbygoogle = window.adsbygoogle || []).push({});\n<\/script>\n\n\n\n\n<p><strong>Diagn\u00f3stico Capilar Personalizado<\/strong><\/p>\n\n\n\n<p>Antes de tu cita en el sal\u00f3n, realiza el diagn\u00f3stico capilar en l\u00ednea para entender las necesidades espec\u00edficas de tu cabello. Tu estilista completar\u00e1 este diagn\u00f3stico en persona para ofrecerte un tratamiento de belleza capilar, preciso y personalizado. Y no olvides, el cuidado diario y los tratamientos ocasionales en casa contin\u00faan mucho despu\u00e9s de tu visita al sal\u00f3n. \u00a1El secreto de un cabello hermoso es el cuidado constante!<\/p>\n\n\n\n<p>Finalmente, para agendar una cita, solo tienes que ir a cualquier tienda de El Palacio de Hierro que ofrezca el servicio personalizado de HAIRCARE. All\u00ed, un experto de Belleza Palacio te ayudar\u00e1 a agendar tu cita y te guiar\u00e1 en la experiencia personalizada de HAIRCARE.<\/p>\n\n\n\n<p>Te espera una experiencia personalizada que transformar\u00e1 tu rutina de belleza en momentos sensoriales desde la comodidad de tu hogar. Con una rutina personalizada y productos lujosos, lograr\u00e1s tus objetivos de belleza capilar y mantendr\u00e1s tu cabello brillante y saludable. \u00a1Nos vemos en HAIRCARE!<\/p>","protected":false},"excerpt":{"rendered":"<p>Prep\u00e1rense para un glow-up total con HAIRCARE, el nuevo spot de belleza de lujo que El Palacio de Hierro nos trae. \u00bfListos para transformar su rutina de cuidado capilar? Aqu\u00ed les cuento un poco m\u00e1s sobre esta incre\u00edble experiencia.\u00a0 Primero, lo primero: el cuero cabelludo es piel, y su salud es esencial para tener un [&hellip;]<\/p>\n","protected":false},"author":2,"featured_media":81213,"comment_status":"open","ping_status":"open","sticky":false,"template":"","format":"standard","meta":{"_jetpack_memberships_contains_paid_content":false,"footnotes":"","jetpack_publicize_message":"","jetpack_publicize_feature_enabled":true,"jetpack_social_post_already_shared":true,"jetpack_social_options":{"image_generator_settings":{"template":"highway","default_image_id":0,"font":"","enabled":false},"version":2}},"categories":[1],"tags":[9497,7116,9496],"class_list":["post-81195","post","type-post","status-publish","format-standard","has-post-thumbnail","hentry","category-blog","tag-bellezadelujo","tag-cuidado-del-cabello","tag-palaciodehierro","has-post-title","has-post-date","has-post-category","has-post-tag","has-post-comment","has-post-author",""],"yoast_head":"<!-- This site is optimized with the Yoast SEO plugin v27.5 - https:\/\/yoast.com\/product\/yoast-seo-wordpress\/ -->\n<title>&quot;HAIRCARE: Lujo para tu Cabello&quot; - Zero Magazine<\/title>\n<meta name=\"robots\" content=\"index, follow, max-snippet:-1, max-image-preview:large, max-video-preview:-1\" \/>\n<link rel=\"canonical\" href=\"https:\/\/zeromagazine.mx\/index.php\/2024\/07\/31\/haircare-lujo-para-tu-cabello\/\" \/>\n<meta property=\"og:locale\" content=\"es_ES\" \/>\n<meta property=\"og:type\" content=\"article\" \/>\n<meta property=\"og:title\" content=\"&quot;HAIRCARE: Lujo para tu Cabello&quot; - Zero Magazine\" \/>\n<meta property=\"og:description\" content=\"Prep\u00e1rense para un glow-up total con HAIRCARE, el nuevo spot de belleza de lujo que El Palacio de Hierro nos trae. \u00bfListos para transformar su rutina de cuidado capilar? Aqu\u00ed les cuento un poco m\u00e1s sobre esta incre\u00edble experiencia.\u00a0 Primero, lo primero: el cuero cabelludo es piel, y su salud es esencial para tener un [&hellip;]\" \/>\n<meta property=\"og:url\" content=\"https:\/\/zeromagazine.mx\/index.php\/2024\/07\/31\/haircare-lujo-para-tu-cabello\/\" \/>\n<meta property=\"og:site_name\" content=\"Zero Magazine\" \/>\n<meta property=\"article:published_time\" content=\"2024-07-31T18:50:05+00:00\" \/>\n<meta property=\"article:modified_time\" content=\"2024-07-31T18:50:07+00:00\" \/>\n<meta property=\"og:image\" content=\"https:\/\/i0.wp.com\/zeromagazine.mx\/wp-content\/uploads\/2024\/07\/Haircare_EPH-Interlomas-4.jpg?fit=2048%2C1365&ssl=1\" \/>\n\t<meta property=\"og:image:width\" content=\"2048\" \/>\n\t<meta property=\"og:image:height\" content=\"1365\" \/>\n\t<meta property=\"og:image:type\" content=\"image\/jpeg\" \/>\n<meta name=\"author\" content=\"zeromagazinemx\" \/>\n<meta name=\"twitter:card\" content=\"summary_large_image\" \/>\n<meta name=\"twitter:label1\" content=\"Escrito por\" \/>\n\t<meta name=\"twitter:data1\" content=\"zeromagazinemx\" \/>\n\t<meta name=\"twitter:label2\" content=\"Tiempo de lectura\" \/>\n\t<meta name=\"twitter:data2\" content=\"2 minutos\" \/>\n<script type=\"application\/ld+json\" class=\"yoast-schema-graph\">{\"@context\":\"https:\\\/\\\/schema.org\",\"@graph\":[{\"@type\":\"Article\",\"@id\":\"https:\\\/\\\/zeromagazine.mx\\\/index.php\\\/2024\\\/07\\\/31\\\/haircare-lujo-para-tu-cabello\\\/#article\",\"isPartOf\":{\"@id\":\"https:\\\/\\\/zeromagazine.mx\\\/index.php\\\/2024\\\/07\\\/31\\\/haircare-lujo-para-tu-cabello\\\/\"},\"author\":{\"name\":\"zeromagazinemx\",\"@id\":\"https:\\\/\\\/zeromagazine.mx\\\/#\\\/schema\\\/person\\\/9aed9f33a7c39af3a348b86d723f7773\"},\"headline\":\"\u00abHAIRCARE: Lujo para tu Cabello\u00bb\",\"datePublished\":\"2024-07-31T18:50:05+00:00\",\"dateModified\":\"2024-07-31T18:50:07+00:00\",\"mainEntityOfPage\":{\"@id\":\"https:\\\/\\\/zeromagazine.mx\\\/index.php\\\/2024\\\/07\\\/31\\\/haircare-lujo-para-tu-cabello\\\/\"},\"wordCount\":433,\"commentCount\":0,\"publisher\":{\"@id\":\"https:\\\/\\\/zeromagazine.mx\\\/#organization\"},\"image\":{\"@id\":\"https:\\\/\\\/zeromagazine.mx\\\/index.php\\\/2024\\\/07\\\/31\\\/haircare-lujo-para-tu-cabello\\\/#primaryimage\"},\"thumbnailUrl\":\"https:\\\/\\\/i0.wp.com\\\/zeromagazine.mx\\\/wp-content\\\/uploads\\\/2024\\\/07\\\/Haircare_EPH-Interlomas-4.jpg?fit=2048%2C1365&ssl=1\",\"keywords\":[\"BellezaDeLujo\",\"Cuidado del cabello\",\"PalacioDeHierro\"],\"articleSection\":[\"Blog\"],\"inLanguage\":\"es\",\"potentialAction\":[{\"@type\":\"CommentAction\",\"name\":\"Comment\",\"target\":[\"https:\\\/\\\/zeromagazine.mx\\\/index.php\\\/2024\\\/07\\\/31\\\/haircare-lujo-para-tu-cabello\\\/#respond\"]}]},{\"@type\":\"WebPage\",\"@id\":\"https:\\\/\\\/zeromagazine.mx\\\/index.php\\\/2024\\\/07\\\/31\\\/haircare-lujo-para-tu-cabello\\\/\",\"url\":\"https:\\\/\\\/zeromagazine.mx\\\/index.php\\\/2024\\\/07\\\/31\\\/haircare-lujo-para-tu-cabello\\\/\",\"name\":\"\\\"HAIRCARE: Lujo para tu Cabello\\\" - Zero Magazine\",\"isPartOf\":{\"@id\":\"https:\\\/\\\/zeromagazine.mx\\\/#website\"},\"primaryImageOfPage\":{\"@id\":\"https:\\\/\\\/zeromagazine.mx\\\/index.php\\\/2024\\\/07\\\/31\\\/haircare-lujo-para-tu-cabello\\\/#primaryimage\"},\"image\":{\"@id\":\"https:\\\/\\\/zeromagazine.mx\\\/index.php\\\/2024\\\/07\\\/31\\\/haircare-lujo-para-tu-cabello\\\/#primaryimage\"},\"thumbnailUrl\":\"https:\\\/\\\/i0.wp.com\\\/zeromagazine.mx\\\/wp-content\\\/uploads\\\/2024\\\/07\\\/Haircare_EPH-Interlomas-4.jpg?fit=2048%2C1365&ssl=1\",\"datePublished\":\"2024-07-31T18:50:05+00:00\",\"dateModified\":\"2024-07-31T18:50:07+00:00\",\"breadcrumb\":{\"@id\":\"https:\\\/\\\/zeromagazine.mx\\\/index.php\\\/2024\\\/07\\\/31\\\/haircare-lujo-para-tu-cabello\\\/#breadcrumb\"},\"inLanguage\":\"es\",\"potentialAction\":[{\"@type\":\"ReadAction\",\"target\":[\"https:\\\/\\\/zeromagazine.mx\\\/index.php\\\/2024\\\/07\\\/31\\\/haircare-lujo-para-tu-cabello\\\/\"]}]},{\"@type\":\"ImageObject\",\"inLanguage\":\"es\",\"@id\":\"https:\\\/\\\/zeromagazine.mx\\\/index.php\\\/2024\\\/07\\\/31\\\/haircare-lujo-para-tu-cabello\\\/#primaryimage\",\"url\":\"https:\\\/\\\/i0.wp.com\\\/zeromagazine.mx\\\/wp-content\\\/uploads\\\/2024\\\/07\\\/Haircare_EPH-Interlomas-4.jpg?fit=2048%2C1365&ssl=1\",\"contentUrl\":\"https:\\\/\\\/i0.wp.com\\\/zeromagazine.mx\\\/wp-content\\\/uploads\\\/2024\\\/07\\\/Haircare_EPH-Interlomas-4.jpg?fit=2048%2C1365&ssl=1\",\"width\":2048,\"height\":1365},{\"@type\":\"BreadcrumbList\",\"@id\":\"https:\\\/\\\/zeromagazine.mx\\\/index.php\\\/2024\\\/07\\\/31\\\/haircare-lujo-para-tu-cabello\\\/#breadcrumb\",\"itemListElement\":[{\"@type\":\"ListItem\",\"position\":1,\"name\":\"Portada\",\"item\":\"https:\\\/\\\/zeromagazine.mx\\\/\"},{\"@type\":\"ListItem\",\"position\":2,\"name\":\"\u00abHAIRCARE: Lujo para tu Cabello\u00bb\"}]},{\"@type\":\"WebSite\",\"@id\":\"https:\\\/\\\/zeromagazine.mx\\\/#website\",\"url\":\"https:\\\/\\\/zeromagazine.mx\\\/\",\"name\":\"Zero Magazine\",\"description\":\"\",\"publisher\":{\"@id\":\"https:\\\/\\\/zeromagazine.mx\\\/#organization\"},\"potentialAction\":[{\"@type\":\"SearchAction\",\"target\":{\"@type\":\"EntryPoint\",\"urlTemplate\":\"https:\\\/\\\/zeromagazine.mx\\\/?s={search_term_string}\"},\"query-input\":{\"@type\":\"PropertyValueSpecification\",\"valueRequired\":true,\"valueName\":\"search_term_string\"}}],\"inLanguage\":\"es\"},{\"@type\":\"Organization\",\"@id\":\"https:\\\/\\\/zeromagazine.mx\\\/#organization\",\"name\":\"Zero Magazine\",\"url\":\"https:\\\/\\\/zeromagazine.mx\\\/\",\"logo\":{\"@type\":\"ImageObject\",\"inLanguage\":\"es\",\"@id\":\"https:\\\/\\\/zeromagazine.mx\\\/#\\\/schema\\\/logo\\\/image\\\/\",\"url\":\"https:\\\/\\\/i0.wp.com\\\/zeromagazine.mx\\\/wp-content\\\/uploads\\\/2025\\\/11\\\/1.jpeg?fit=1000%2C1000&ssl=1\",\"contentUrl\":\"https:\\\/\\\/i0.wp.com\\\/zeromagazine.mx\\\/wp-content\\\/uploads\\\/2025\\\/11\\\/1.jpeg?fit=1000%2C1000&ssl=1\",\"width\":1000,\"height\":1000,\"caption\":\"Zero Magazine\"},\"image\":{\"@id\":\"https:\\\/\\\/zeromagazine.mx\\\/#\\\/schema\\\/logo\\\/image\\\/\"},\"sameAs\":[\"https:\\\/\\\/instagram.com\\\/zeromagazinemx\"]},{\"@type\":\"Person\",\"@id\":\"https:\\\/\\\/zeromagazine.mx\\\/#\\\/schema\\\/person\\\/9aed9f33a7c39af3a348b86d723f7773\",\"name\":\"zeromagazinemx\",\"image\":{\"@type\":\"ImageObject\",\"inLanguage\":\"es\",\"@id\":\"https:\\\/\\\/zeromagazine.mx\\\/wp-content\\\/litespeed\\\/avatar\\\/f91dfe5410d5dcb1a576bf8c45983896.jpg?ver=1776966396\",\"url\":\"https:\\\/\\\/zeromagazine.mx\\\/wp-content\\\/litespeed\\\/avatar\\\/f91dfe5410d5dcb1a576bf8c45983896.jpg?ver=1776966396\",\"contentUrl\":\"https:\\\/\\\/zeromagazine.mx\\\/wp-content\\\/litespeed\\\/avatar\\\/f91dfe5410d5dcb1a576bf8c45983896.jpg?ver=1776966396\",\"caption\":\"zeromagazinemx\"},\"url\":\"https:\\\/\\\/zeromagazine.mx\\\/index.php\\\/author\\\/zeromagazinemx\\\/\"}]}<\/script>\n<!-- \/ Yoast SEO plugin. -->","yoast_head_json":{"title":"\"HAIRCARE: Lujo para tu Cabello\" - Zero Magazine","robots":{"index":"index","follow":"follow","max-snippet":"max-snippet:-1","max-image-preview":"max-image-preview:large","max-video-preview":"max-video-preview:-1"},"canonical":"https:\/\/zeromagazine.mx\/index.php\/2024\/07\/31\/haircare-lujo-para-tu-cabello\/","og_locale":"es_ES","og_type":"article","og_title":"\"HAIRCARE: Lujo para tu Cabello\" - Zero Magazine","og_description":"Prep\u00e1rense para un glow-up total con HAIRCARE, el nuevo spot de belleza de lujo que El Palacio de Hierro nos trae. \u00bfListos para transformar su rutina de cuidado capilar? Aqu\u00ed les cuento un poco m\u00e1s sobre esta incre\u00edble experiencia.\u00a0 Primero, lo primero: el cuero cabelludo es piel, y su salud es esencial para tener un [&hellip;]","og_url":"https:\/\/zeromagazine.mx\/index.php\/2024\/07\/31\/haircare-lujo-para-tu-cabello\/","og_site_name":"Zero Magazine","article_published_time":"2024-07-31T18:50:05+00:00","article_modified_time":"2024-07-31T18:50:07+00:00","og_image":[{"width":2048,"height":1365,"url":"https:\/\/i0.wp.com\/zeromagazine.mx\/wp-content\/uploads\/2024\/07\/Haircare_EPH-Interlomas-4.jpg?fit=2048%2C1365&ssl=1","type":"image\/jpeg"}],"author":"zeromagazinemx","twitter_card":"summary_large_image","twitter_misc":{"Escrito por":"zeromagazinemx","Tiempo de lectura":"2 minutos"},"schema":{"@context":"https:\/\/schema.org","@graph":[{"@type":"Article","@id":"https:\/\/zeromagazine.mx\/index.php\/2024\/07\/31\/haircare-lujo-para-tu-cabello\/#article","isPartOf":{"@id":"https:\/\/zeromagazine.mx\/index.php\/2024\/07\/31\/haircare-lujo-para-tu-cabello\/"},"author":{"name":"zeromagazinemx","@id":"https:\/\/zeromagazine.mx\/#\/schema\/person\/9aed9f33a7c39af3a348b86d723f7773"},"headline":"\u00abHAIRCARE: Lujo para tu Cabello\u00bb","datePublished":"2024-07-31T18:50:05+00:00","dateModified":"2024-07-31T18:50:07+00:00","mainEntityOfPage":{"@id":"https:\/\/zeromagazine.mx\/index.php\/2024\/07\/31\/haircare-lujo-para-tu-cabello\/"},"wordCount":433,"commentCount":0,"publisher":{"@id":"https:\/\/zeromagazine.mx\/#organization"},"image":{"@id":"https:\/\/zeromagazine.mx\/index.php\/2024\/07\/31\/haircare-lujo-para-tu-cabello\/#primaryimage"},"thumbnailUrl":"https:\/\/i0.wp.com\/zeromagazine.mx\/wp-content\/uploads\/2024\/07\/Haircare_EPH-Interlomas-4.jpg?fit=2048%2C1365&ssl=1","keywords":["BellezaDeLujo","Cuidado del cabello","PalacioDeHierro"],"articleSection":["Blog"],"inLanguage":"es","potentialAction":[{"@type":"CommentAction","name":"Comment","target":["https:\/\/zeromagazine.mx\/index.php\/2024\/07\/31\/haircare-lujo-para-tu-cabello\/#respond"]}]},{"@type":"WebPage","@id":"https:\/\/zeromagazine.mx\/index.php\/2024\/07\/31\/haircare-lujo-para-tu-cabello\/","url":"https:\/\/zeromagazine.mx\/index.php\/2024\/07\/31\/haircare-lujo-para-tu-cabello\/","name":"\"HAIRCARE: Lujo para tu Cabello\" - Zero Magazine","isPartOf":{"@id":"https:\/\/zeromagazine.mx\/#website"},"primaryImageOfPage":{"@id":"https:\/\/zeromagazine.mx\/index.php\/2024\/07\/31\/haircare-lujo-para-tu-cabello\/#primaryimage"},"image":{"@id":"https:\/\/zeromagazine.mx\/index.php\/2024\/07\/31\/haircare-lujo-para-tu-cabello\/#primaryimage"},"thumbnailUrl":"https:\/\/i0.wp.com\/zeromagazine.mx\/wp-content\/uploads\/2024\/07\/Haircare_EPH-Interlomas-4.jpg?fit=2048%2C1365&ssl=1","datePublished":"2024-07-31T18:50:05+00:00","dateModified":"2024-07-31T18:50:07+00:00","breadcrumb":{"@id":"https:\/\/zeromagazine.mx\/index.php\/2024\/07\/31\/haircare-lujo-para-tu-cabello\/#breadcrumb"},"inLanguage":"es","potentialAction":[{"@type":"ReadAction","target":["https:\/\/zeromagazine.mx\/index.php\/2024\/07\/31\/haircare-lujo-para-tu-cabello\/"]}]},{"@type":"ImageObject","inLanguage":"es","@id":"https:\/\/zeromagazine.mx\/index.php\/2024\/07\/31\/haircare-lujo-para-tu-cabello\/#primaryimage","url":"https:\/\/i0.wp.com\/zeromagazine.mx\/wp-content\/uploads\/2024\/07\/Haircare_EPH-Interlomas-4.jpg?fit=2048%2C1365&ssl=1","contentUrl":"https:\/\/i0.wp.com\/zeromagazine.mx\/wp-content\/uploads\/2024\/07\/Haircare_EPH-Interlomas-4.jpg?fit=2048%2C1365&ssl=1","width":2048,"height":1365},{"@type":"BreadcrumbList","@id":"https:\/\/zeromagazine.mx\/index.php\/2024\/07\/31\/haircare-lujo-para-tu-cabello\/#breadcrumb","itemListElement":[{"@type":"ListItem","position":1,"name":"Portada","item":"https:\/\/zeromagazine.mx\/"},{"@type":"ListItem","position":2,"name":"\u00abHAIRCARE: Lujo para tu Cabello\u00bb"}]},{"@type":"WebSite","@id":"https:\/\/zeromagazine.mx\/#website","url":"https:\/\/zeromagazine.mx\/","name":"Zero Magazine","description":"","publisher":{"@id":"https:\/\/zeromagazine.mx\/#organization"},"potentialAction":[{"@type":"SearchAction","target":{"@type":"EntryPoint","urlTemplate":"https:\/\/zeromagazine.mx\/?s={search_term_string}"},"query-input":{"@type":"PropertyValueSpecification","valueRequired":true,"valueName":"search_term_string"}}],"inLanguage":"es"},{"@type":"Organization","@id":"https:\/\/zeromagazine.mx\/#organization","name":"Zero Magazine","url":"https:\/\/zeromagazine.mx\/","logo":{"@type":"ImageObject","inLanguage":"es","@id":"https:\/\/zeromagazine.mx\/#\/schema\/logo\/image\/","url":"https:\/\/i0.wp.com\/zeromagazine.mx\/wp-content\/uploads\/2025\/11\/1.jpeg?fit=1000%2C1000&ssl=1","contentUrl":"https:\/\/i0.wp.com\/zeromagazine.mx\/wp-content\/uploads\/2025\/11\/1.jpeg?fit=1000%2C1000&ssl=1","width":1000,"height":1000,"caption":"Zero Magazine"},"image":{"@id":"https:\/\/zeromagazine.mx\/#\/schema\/logo\/image\/"},"sameAs":["https:\/\/instagram.com\/zeromagazinemx"]},{"@type":"Person","@id":"https:\/\/zeromagazine.mx\/#\/schema\/person\/9aed9f33a7c39af3a348b86d723f7773","name":"zeromagazinemx","image":{"@type":"ImageObject","inLanguage":"es","@id":"https:\/\/zeromagazine.mx\/wp-content\/litespeed\/avatar\/f91dfe5410d5dcb1a576bf8c45983896.jpg?ver=1776966396","url":"https:\/\/zeromagazine.mx\/wp-content\/litespeed\/avatar\/f91dfe5410d5dcb1a576bf8c45983896.jpg?ver=1776966396","contentUrl":"https:\/\/zeromagazine.mx\/wp-content\/litespeed\/avatar\/f91dfe5410d5dcb1a576bf8c45983896.jpg?ver=1776966396","caption":"zeromagazinemx"},"url":"https:\/\/zeromagazine.mx\/index.php\/author\/zeromagazinemx\/"}]}},"jetpack_publicize_connections":[],"jetpack_featured_media_url":"https:\/\/i0.wp.com\/zeromagazine.mx\/wp-content\/uploads\/2024\/07\/Haircare_EPH-Interlomas-4.jpg?fit=2048%2C1365&ssl=1","jetpack-related-posts":[{"id":91832,"url":"https:\/\/zeromagazine.mx\/index.php\/2024\/11\/26\/monday-haircare-tu-melena-tu-vibe\/","url_meta":{"origin":81195,"position":0},"title":"\u00abMonday Haircare: Tu Melena, Tu Vibe\u00bb","author":"zeromagazinemx","date":"26 de noviembre de 2024","format":false,"excerpt":"\u00bfQu\u00e9 opinas de los lunes? Sabemos que para muchos es un d\u00eda dif\u00edcil de superar, pero, \u00bfy si te dijera que en lugar de verlo como el peor d\u00eda de la semana, pudieras verlo como una oportunidad para comenzar de nuevo? Monday Haircare llega para cambiar por completo la forma\u2026","rel":"","context":"En \u00abBeauty\u00bb","block_context":{"text":"Beauty","link":"https:\/\/zeromagazine.mx\/index.php\/category\/beauty\/"},"img":{"alt_text":"","src":"https:\/\/i0.wp.com\/zeromagazine.mx\/wp-content\/uploads\/2024\/11\/MONDAY-Haircare_STUDIOSELECT_Shot_4-scaled.jpg?fit=1200%2C801&ssl=1&resize=350%2C200","width":350,"height":200,"srcset":"https:\/\/i0.wp.com\/zeromagazine.mx\/wp-content\/uploads\/2024\/11\/MONDAY-Haircare_STUDIOSELECT_Shot_4-scaled.jpg?fit=1200%2C801&ssl=1&resize=350%2C200 1x, https:\/\/i0.wp.com\/zeromagazine.mx\/wp-content\/uploads\/2024\/11\/MONDAY-Haircare_STUDIOSELECT_Shot_4-scaled.jpg?fit=1200%2C801&ssl=1&resize=525%2C300 1.5x, https:\/\/i0.wp.com\/zeromagazine.mx\/wp-content\/uploads\/2024\/11\/MONDAY-Haircare_STUDIOSELECT_Shot_4-scaled.jpg?fit=1200%2C801&ssl=1&resize=700%2C400 2x, https:\/\/i0.wp.com\/zeromagazine.mx\/wp-content\/uploads\/2024\/11\/MONDAY-Haircare_STUDIOSELECT_Shot_4-scaled.jpg?fit=1200%2C801&ssl=1&resize=1050%2C600 3x"},"classes":[]},{"id":86969,"url":"https:\/\/zeromagazine.mx\/index.php\/2024\/10\/16\/monday-haircare-en-costco-mexico\/","url_meta":{"origin":81195,"position":1},"title":"MONDAY Haircare: en Costco M\u00e9xico","author":"David Morales","date":"16 de octubre de 2024","format":false,"excerpt":"Amix, \u00bftu cabello necesita un reset total? MONDAY Haircare trae la soluci\u00f3n con su nueva l\u00ednea REPARACI\u00d3N en Costco M\u00e9xico, perfecta para darle a tu melena el cuidado que merece. \u00a1Ya es hora de empezar la semana con todo! Nutrici\u00f3n con queratina para tu cabello La l\u00ednea REPARACI\u00d3N de MONDAY\u2026","rel":"","context":"En \u00abBlog\u00bb","block_context":{"text":"Blog","link":"https:\/\/zeromagazine.mx\/index.php\/category\/blog\/"},"img":{"alt_text":"","src":"https:\/\/i0.wp.com\/zeromagazine.mx\/wp-content\/uploads\/2024\/10\/IMG_1914.jpeg?fit=1080%2C1080&ssl=1&resize=350%2C200","width":350,"height":200,"srcset":"https:\/\/i0.wp.com\/zeromagazine.mx\/wp-content\/uploads\/2024\/10\/IMG_1914.jpeg?fit=1080%2C1080&ssl=1&resize=350%2C200 1x, https:\/\/i0.wp.com\/zeromagazine.mx\/wp-content\/uploads\/2024\/10\/IMG_1914.jpeg?fit=1080%2C1080&ssl=1&resize=525%2C300 1.5x, https:\/\/i0.wp.com\/zeromagazine.mx\/wp-content\/uploads\/2024\/10\/IMG_1914.jpeg?fit=1080%2C1080&ssl=1&resize=700%2C400 2x, https:\/\/i0.wp.com\/zeromagazine.mx\/wp-content\/uploads\/2024\/10\/IMG_1914.jpeg?fit=1080%2C1080&ssl=1&resize=1050%2C600 3x"},"classes":[]},{"id":117200,"url":"https:\/\/zeromagazine.mx\/index.php\/2026\/03\/23\/monday-haircare-mascarillas\/","url_meta":{"origin":81195,"position":2},"title":"MONDAY Haircare expande su galardonada l\u00ednea con la llegada de mascarillas capilares: para un cabello de \u00ab10\u00bb en 10 minutos","author":"David Morales","date":"23 de marzo de 2026","format":false,"excerpt":"La rutina capilar acaba de subir de nivel con el lanzamiento de\u00a0MONDAY Haircare mascarillas, la nueva apuesta de la marca que se ha convertido en favorita global dentro del mundo beauty. Con f\u00f3rmulas pensadas para resultados r\u00e1pidos, estas nuevas mascarillas prometen transformar el cabello en solo 10 minutos, algo que\u2026","rel":"","context":"En \u00abBeauty\u00bb","block_context":{"text":"Beauty","link":"https:\/\/zeromagazine.mx\/index.php\/category\/beauty\/"},"img":{"alt_text":"","src":"https:\/\/i0.wp.com\/zeromagazine.mx\/wp-content\/uploads\/2026\/03\/IMG_1825.jpeg?fit=1200%2C654&ssl=1&resize=350%2C200","width":350,"height":200,"srcset":"https:\/\/i0.wp.com\/zeromagazine.mx\/wp-content\/uploads\/2026\/03\/IMG_1825.jpeg?fit=1200%2C654&ssl=1&resize=350%2C200 1x, https:\/\/i0.wp.com\/zeromagazine.mx\/wp-content\/uploads\/2026\/03\/IMG_1825.jpeg?fit=1200%2C654&ssl=1&resize=525%2C300 1.5x, https:\/\/i0.wp.com\/zeromagazine.mx\/wp-content\/uploads\/2026\/03\/IMG_1825.jpeg?fit=1200%2C654&ssl=1&resize=700%2C400 2x, https:\/\/i0.wp.com\/zeromagazine.mx\/wp-content\/uploads\/2026\/03\/IMG_1825.jpeg?fit=1200%2C654&ssl=1&resize=1050%2C600 3x"},"classes":[]},{"id":108933,"url":"https:\/\/zeromagazine.mx\/index.php\/2025\/09\/24\/monday-haircare-ulta-beauty-mexico\/","url_meta":{"origin":81195,"position":3},"title":"MONDAY Haircare en Ulta Beauty M\u00e9xico","author":"David Morales","date":"24 de septiembre de 2025","format":false,"excerpt":"\u00a0Del feed de Instagram directo a tu rutina:\u00a0MONDAY Haircare\u00a0acaba de aterrizar en Ulta Beauty M\u00e9xico. La marca que conquist\u00f3 TikTok con sus botellas rosas e irresistibles f\u00f3rmulas de lujo accesible, ya est\u00e1 lista para convertirse en tu nuevo must de ba\u00f1o.Con empaques dignos de foto, f\u00f3rmulas sin sulfatos y un\u2026","rel":"","context":"En \u00abBeauty\u00bb","block_context":{"text":"Beauty","link":"https:\/\/zeromagazine.mx\/index.php\/category\/beauty\/"},"img":{"alt_text":"","src":"https:\/\/i0.wp.com\/zeromagazine.mx\/wp-content\/uploads\/2025\/09\/IMG_6294.jpeg?fit=1080%2C1120&ssl=1&resize=350%2C200","width":350,"height":200,"srcset":"https:\/\/i0.wp.com\/zeromagazine.mx\/wp-content\/uploads\/2025\/09\/IMG_6294.jpeg?fit=1080%2C1120&ssl=1&resize=350%2C200 1x, https:\/\/i0.wp.com\/zeromagazine.mx\/wp-content\/uploads\/2025\/09\/IMG_6294.jpeg?fit=1080%2C1120&ssl=1&resize=525%2C300 1.5x, https:\/\/i0.wp.com\/zeromagazine.mx\/wp-content\/uploads\/2025\/09\/IMG_6294.jpeg?fit=1080%2C1120&ssl=1&resize=700%2C400 2x, https:\/\/i0.wp.com\/zeromagazine.mx\/wp-content\/uploads\/2025\/09\/IMG_6294.jpeg?fit=1080%2C1120&ssl=1&resize=1050%2C600 3x"},"classes":[]},{"id":84632,"url":"https:\/\/zeromagazine.mx\/index.php\/2024\/09\/26\/5-pasos-para-un-cabello-glowy\/","url_meta":{"origin":81195,"position":4},"title":"5 Pasos para un Cabello Glowy","author":"zeromagazinemx","date":"26 de septiembre de 2024","format":false,"excerpt":"A veces, nuestra melena se siente como si hubiera pasado por un campo de batalla: calor, contaminaci\u00f3n, productos qu\u00edmicos, y ni hablemos del cuidado que a veces olvidamos. \u00bfEl resultado? Un cabello seco y sin vida. Pero no te preocupes, hay esperanza. Con la rutina adecuada, tu cabello puede volver\u2026","rel":"","context":"En \u00abBeauty\u00bb","block_context":{"text":"Beauty","link":"https:\/\/zeromagazine.mx\/index.php\/category\/beauty\/"},"img":{"alt_text":"","src":"https:\/\/i0.wp.com\/zeromagazine.mx\/wp-content\/uploads\/2024\/09\/MONDAY-Haircare_STUDIOSELECT_Shot_3-1-scaled.jpg?fit=1200%2C801&ssl=1&resize=350%2C200","width":350,"height":200,"srcset":"https:\/\/i0.wp.com\/zeromagazine.mx\/wp-content\/uploads\/2024\/09\/MONDAY-Haircare_STUDIOSELECT_Shot_3-1-scaled.jpg?fit=1200%2C801&ssl=1&resize=350%2C200 1x, https:\/\/i0.wp.com\/zeromagazine.mx\/wp-content\/uploads\/2024\/09\/MONDAY-Haircare_STUDIOSELECT_Shot_3-1-scaled.jpg?fit=1200%2C801&ssl=1&resize=525%2C300 1.5x, https:\/\/i0.wp.com\/zeromagazine.mx\/wp-content\/uploads\/2024\/09\/MONDAY-Haircare_STUDIOSELECT_Shot_3-1-scaled.jpg?fit=1200%2C801&ssl=1&resize=700%2C400 2x, https:\/\/i0.wp.com\/zeromagazine.mx\/wp-content\/uploads\/2024\/09\/MONDAY-Haircare_STUDIOSELECT_Shot_3-1-scaled.jpg?fit=1200%2C801&ssl=1&resize=1050%2C600 3x"},"classes":[]},{"id":110875,"url":"https:\/\/zeromagazine.mx\/index.php\/2025\/11\/19\/monday-haircare-en-mexico-farmacias-del-ahorro\/","url_meta":{"origin":81195,"position":5},"title":"MONDAY Haircare: cabello so\u00f1ado siempre","author":"zeromagazinemx","date":"19 de noviembre de 2025","format":false,"excerpt":"Si hay algo que est\u00e1 dominando las conversaciones de belleza \u00faltimamente, es c\u00f3mo convertir la rutina capilar en ese momento de paz que todxs necesitamos. Y s\u00ed, hay una marca que lo est\u00e1 logrando con cero esfuerzo y mucho estilo: MONDAY Haircare. Esa est\u00e9tica rosa pastel que ves en todos\u2026","rel":"","context":"En \u00abBeauty\u00bb","block_context":{"text":"Beauty","link":"https:\/\/zeromagazine.mx\/index.php\/category\/beauty\/"},"img":{"alt_text":"","src":"https:\/\/i0.wp.com\/zeromagazine.mx\/wp-content\/uploads\/2025\/11\/1000040254.jpg?fit=800%2C1200&ssl=1&resize=350%2C200","width":350,"height":200,"srcset":"https:\/\/i0.wp.com\/zeromagazine.mx\/wp-content\/uploads\/2025\/11\/1000040254.jpg?fit=800%2C1200&ssl=1&resize=350%2C200 1x, https:\/\/i0.wp.com\/zeromagazine.mx\/wp-content\/uploads\/2025\/11\/1000040254.jpg?fit=800%2C1200&ssl=1&resize=525%2C300 1.5x, https:\/\/i0.wp.com\/zeromagazine.mx\/wp-content\/uploads\/2025\/11\/1000040254.jpg?fit=800%2C1200&ssl=1&resize=700%2C400 2x"},"classes":[]}],"jetpack_sharing_enabled":true,"builder_content":"","_links":{"self":[{"href":"https:\/\/zeromagazine.mx\/index.php\/wp-json\/wp\/v2\/posts\/81195","targetHints":{"allow":["GET"]}}],"collection":[{"href":"https:\/\/zeromagazine.mx\/index.php\/wp-json\/wp\/v2\/posts"}],"about":[{"href":"https:\/\/zeromagazine.mx\/index.php\/wp-json\/wp\/v2\/types\/post"}],"author":[{"embeddable":true,"href":"https:\/\/zeromagazine.mx\/index.php\/wp-json\/wp\/v2\/users\/2"}],"replies":[{"embeddable":true,"href":"https:\/\/zeromagazine.mx\/index.php\/wp-json\/wp\/v2\/comments?post=81195"}],"version-history":[{"count":2,"href":"https:\/\/zeromagazine.mx\/index.php\/wp-json\/wp\/v2\/posts\/81195\/revisions"}],"predecessor-version":[{"id":81217,"href":"https:\/\/zeromagazine.mx\/index.php\/wp-json\/wp\/v2\/posts\/81195\/revisions\/81217"}],"wp:featuredmedia":[{"embeddable":true,"href":"https:\/\/zeromagazine.mx\/index.php\/wp-json\/wp\/v2\/media\/81213"}],"wp:attachment":[{"href":"https:\/\/zeromagazine.mx\/index.php\/wp-json\/wp\/v2\/media?parent=81195"}],"wp:term":[{"taxonomy":"category","embeddable":true,"href":"https:\/\/zeromagazine.mx\/index.php\/wp-json\/wp\/v2\/categories?post=81195"},{"taxonomy":"post_tag","embeddable":true,"href":"https:\/\/zeromagazine.mx\/index.php\/wp-json\/wp\/v2\/tags?post=81195"}],"curies":[{"name":"wp","href":"https:\/\/api.w.org\/{rel}","templated":true}]}}