{"id":81210,"date":"2024-07-31T20:48:50","date_gmt":"2024-07-31T18:48:50","guid":{"rendered":"https:\/\/zeromagazine.mx\/?p=81210"},"modified":"2024-08-20T02:03:16","modified_gmt":"2024-08-20T00:03:16","slug":"reik-en-xcaret-no-faltes","status":"publish","type":"post","link":"https:\/\/zeromagazine.mx\/index.php\/2024\/07\/31\/reik-en-xcaret-no-faltes\/","title":{"rendered":"Reik en Xcaret: \u00a1No Faltes!"},"content":{"rendered":"<p>\u00bfEst\u00e1n listxs para un evento que va a romperla en todos los sentidos? Este 2024, el Festival de Tradiciones de Vida y Muerte de Xcaret promete ser una experiencia \u00e9pica, y adivinen qu\u00e9: \u00a1Reik ser\u00e1 el headliner de la gala principal!<\/p>\n\n\n\n<h2 class=\"wp-block-heading\">\u00bfCu\u00e1ndo es el festival?<\/h2>\n\n\n\n<p>Del 30 de octubre al 3 de noviembre, el Festival de Tradiciones de Vida y Muerte de Xcaret va a ser el lugar m\u00e1s cool para experimentar la cultura mexicana. Si no han o\u00eddo hablar de este festival, es como el punto de encuentro donde la tradici\u00f3n se fusiona con el arte y la m\u00fasica en una fiesta \u00e9pica. En su 18\u00aa edici\u00f3n, promete ser un mont\u00f3n de emociones, y Reik estar\u00e1 en el centro de toda la movida con su Panorama Tour.<\/p>\n\n\n\n<p><strong>La Banda Que Nunca Decepciona<\/strong><\/p>\n\n\n\n<p>Si no conocen a Reik, aqu\u00ed va un poco de contexto: es una banda de pop latino que se arm\u00f3 en 2003 y est\u00e1 formada por Jes\u00fas Navarro, Julio Ram\u00edrez y Bibi Mar\u00edn. Desde el principio, han sido la banda sonora de nuestras vidas con esas rolas que nos hacen cantar a grito pelado. Y este 2024, van a llevar su magia al Gran Tlachco en el Parque Xcaret el s\u00e1bado 2 de noviembre, de 22:00 a 23:30 horas.<\/p>\n\n\n\n<script async src=\"https:\/\/pagead2.googlesyndication.com\/pagead\/js\/adsbygoogle.js?client=ca-pub-5499304793904745\"\n     crossorigin=\"anonymous\"><\/script>\n<ins class=\"adsbygoogle\"\n     style=\"display:block; text-align:center;\"\n     data-ad-layout=\"in-article\"\n     data-ad-format=\"fluid\"\n     data-ad-client=\"ca-pub-5499304793904745\"\n     data-ad-slot=\"5994863093\"><\/ins>\n<script>\n     (adsbygoogle = window.adsbygoogle || []).push({});\n<\/script>\n\n\n\n<p><\/p>\n\n\n\n<p>Imaginemos por un momento: luces brillando, m\u00fasica envolvente, y esos hits que todos amamos. \u00bfQui\u00e9n no quiere ser parte de una noche as\u00ed?  Reik va a presentar sus \u00e9xitos cl\u00e1sicos y las canciones m\u00e1s recientes, as\u00ed que prep\u00e1rense para una dosis brutal de nostalgia y novedad.<\/p>\n\n\n<div class=\"wp-block-image\">\n<figure class=\"aligncenter size-full\"><img data-recalc-dims=\"1\" decoding=\"async\" width=\"1125\" height=\"1106\" src=\"https:\/\/i0.wp.com\/zeromagazine.mx\/wp-content\/uploads\/2024\/07\/Reik-2.jpg?resize=1125%2C1106&#038;ssl=1\" alt=\"\" class=\"wp-image-81211\" srcset=\"https:\/\/i0.wp.com\/zeromagazine.mx\/wp-content\/uploads\/2024\/07\/Reik-2.jpg?w=1125&amp;ssl=1 1125w, https:\/\/i0.wp.com\/zeromagazine.mx\/wp-content\/uploads\/2024\/07\/Reik-2.jpg?resize=300%2C295&amp;ssl=1 300w, https:\/\/i0.wp.com\/zeromagazine.mx\/wp-content\/uploads\/2024\/07\/Reik-2.jpg?resize=1024%2C1007&amp;ssl=1 1024w, https:\/\/i0.wp.com\/zeromagazine.mx\/wp-content\/uploads\/2024\/07\/Reik-2.jpg?resize=768%2C755&amp;ssl=1 768w, https:\/\/i0.wp.com\/zeromagazine.mx\/wp-content\/uploads\/2024\/07\/Reik-2.jpg?resize=70%2C70&amp;ssl=1 70w\" sizes=\"(max-width: 1125px) 100vw, 1125px\" \/><\/figure>\n<\/div>\n\n\n<p><\/p>\n\n\n\n<p><strong>Boletos: \u00a1Hay Que Actuar R\u00e1pido!<\/strong><\/p>\n\n\n\n<p>Si est\u00e1n tan emocionadxs como yo, les recomiendo estar al tanto de las fechas de preventa para los boletos.  La preventa para tarjetahabientes HSBC ser\u00e1 del 8 al 10 de agosto, y para el p\u00fablico en general del 11 al 13 de agosto. Luego, la venta regular comienza el 14 de agosto. Los precios var\u00edan entre $1,499 y $4,599 MXN.  As\u00ed que aseg\u00farense de tener su billetera lista para asegurar su lugar en esta noche m\u00e1gica.<\/p>\n\n\n\n<script async src=\"https:\/\/pagead2.googlesyndication.com\/pagead\/js\/adsbygoogle.js?client=ca-pub-5499304793904745\"\n     crossorigin=\"anonymous\"><\/script>\n<ins class=\"adsbygoogle\"\n     style=\"display:block; text-align:center;\"\n     data-ad-layout=\"in-article\"\n     data-ad-format=\"fluid\"\n     data-ad-client=\"ca-pub-5499304793904745\"\n     data-ad-slot=\"5994863093\"><\/ins>\n<script>\n     (adsbygoogle = window.adsbygoogle || []).push({});\n<\/script>\n\n\n\n<p><\/p>\n\n\n\n<p>Seguro se est\u00e1n preguntando qu\u00e9 hace que este festival sea tan chido. Pues, el Festival de Tradiciones de Vida y Muerte no es solo un evento musical. Desde que empez\u00f3 en 2006, ha sido un homenaje a las festividades ind\u00edgenas para los muertos, que la UNESCO declar\u00f3 Patrimonio Cultural Inmaterial de la Humanidad en 2008.  Adem\u00e1s, este festival no solo celebra la vida, sino que tambi\u00e9n rinde tributo a quienes ya no est\u00e1n con nosotrxs. <\/p>\n\n\n<div class=\"wp-block-image\">\n<figure class=\"aligncenter size-full\"><img data-recalc-dims=\"1\" decoding=\"async\" width=\"1165\" height=\"777\" src=\"https:\/\/i0.wp.com\/zeromagazine.mx\/wp-content\/uploads\/2024\/07\/Catrina-23-1-scaled.jpg?resize=1165%2C777&#038;ssl=1\" alt=\"\" class=\"wp-image-81212\" srcset=\"https:\/\/i0.wp.com\/zeromagazine.mx\/wp-content\/uploads\/2024\/07\/Catrina-23-1-scaled.jpg?w=2560&amp;ssl=1 2560w, https:\/\/i0.wp.com\/zeromagazine.mx\/wp-content\/uploads\/2024\/07\/Catrina-23-1-scaled.jpg?resize=300%2C200&amp;ssl=1 300w, https:\/\/i0.wp.com\/zeromagazine.mx\/wp-content\/uploads\/2024\/07\/Catrina-23-1-scaled.jpg?resize=1024%2C683&amp;ssl=1 1024w, https:\/\/i0.wp.com\/zeromagazine.mx\/wp-content\/uploads\/2024\/07\/Catrina-23-1-scaled.jpg?resize=768%2C512&amp;ssl=1 768w, https:\/\/i0.wp.com\/zeromagazine.mx\/wp-content\/uploads\/2024\/07\/Catrina-23-1-scaled.jpg?resize=1536%2C1025&amp;ssl=1 1536w, https:\/\/i0.wp.com\/zeromagazine.mx\/wp-content\/uploads\/2024\/07\/Catrina-23-1-scaled.jpg?resize=2048%2C1366&amp;ssl=1 2048w, https:\/\/i0.wp.com\/zeromagazine.mx\/wp-content\/uploads\/2024\/07\/Catrina-23-1-scaled.jpg?w=2330 2330w\" sizes=\"(max-width: 1165px) 100vw, 1165px\" \/><\/figure>\n<\/div>\n\n\n<p><\/p>\n\n\n\n<p>Durante el festival, los asistentes podr\u00e1n disfrutar de una variedad de actividades, como exposiciones de arte, gastronom\u00eda t\u00edpica, y por supuesto, la m\u00fasica que da vida al evento. Es una celebraci\u00f3n que une a las personas a trav\u00e9s de la cultura y el arte, y es una oportunidad para aprender y disfrutar en comunidad.<\/p>\n\n\n\n<h3 class=\"wp-block-heading\">C\u00f3mo No Perderse Este Evento \u00danico<\/h3>\n\n\n\n<p>Si a\u00fan no est\u00e1n convencidxs de que este festival es algo que no se pueden perder, piensen en esto: es una celebraci\u00f3n que combina lo mejor de la tradici\u00f3n con lo \u00faltimo en entretenimiento. Y no solo eso, el hecho de que Reik sea la banda principal hace que este evento sea a\u00fan m\u00e1s especial. <\/p>\n\n\n\n<p>Para obtener m\u00e1s informaci\u00f3n sobre la venta de boletos y asegurarse de no quedarse fuera, les recomiendo visitar el sitio oficial del festival. Es el mejor lugar para obtener detalles actualizados y no perderse ninguna de las sorpresas que este festival tiene para ofrecer.<\/p>\n\n\n\n<script async src=\"https:\/\/pagead2.googlesyndication.com\/pagead\/js\/adsbygoogle.js?client=ca-pub-5499304793904745\"\n     crossorigin=\"anonymous\"><\/script>\n<ins class=\"adsbygoogle\"\n     style=\"display:block; text-align:center;\"\n     data-ad-layout=\"in-article\"\n     data-ad-format=\"fluid\"\n     data-ad-client=\"ca-pub-5499304793904745\"\n     data-ad-slot=\"5994863093\"><\/ins>\n<script>\n     (adsbygoogle = window.adsbygoogle || []).push({});\n<\/script>\n\n\n\n<p><\/p>\n\n\n\n<p>As\u00ed que, aparten esas fechas, preparen sus looks m\u00e1s fabulosos, y aseg\u00farense de estar all\u00ed para vivir una experiencia que va m\u00e1s all\u00e1 de lo ordinario. \u00a1No se lo pierdan, chiques! Nos vemos en Xcaret para una noche que promete ser \u00e9pica. <\/p>\n\n<!--themify_builder_content-->\n<div id=\"themify_builder_content-81210\" data-postid=\"81210\" class=\"themify_builder_content themify_builder_content-81210 themify_builder tf_clear\">\n    <\/div>\n<!--\/themify_builder_content-->","protected":false},"excerpt":{"rendered":"<p>\u00bfEst\u00e1n listxs para un evento que va a romperla en todos los sentidos? Este 2024, el Festival de Tradiciones de Vida y Muerte de Xcaret promete ser una experiencia \u00e9pica, y adivinen qu\u00e9: \u00a1Reik ser\u00e1 el headliner de la gala principal! \u00bfCu\u00e1ndo es el festival? Del 30 de octubre al 3 de noviembre, el Festival [&hellip;]<\/p>\n","protected":false},"author":2,"featured_media":81211,"comment_status":"open","ping_status":"open","sticky":false,"template":"","format":"standard","meta":{"_jetpack_memberships_contains_paid_content":false,"footnotes":"","jetpack_publicize_message":"","jetpack_publicize_feature_enabled":true,"jetpack_social_post_already_shared":true,"jetpack_social_options":{"image_generator_settings":{"template":"highway","default_image_id":0,"font":"","enabled":false},"version":2}},"categories":[322],"tags":[9498,2723,5597],"class_list":["post-81210","post","type-post","status-publish","format-standard","has-post-thumbnail","hentry","category-lugares","tag-festival-de-tradiciones-de-vida-y-muerte","tag-reik","tag-xcaret","has-post-title","has-post-date","has-post-category","has-post-tag","has-post-comment","has-post-author",""],"yoast_head":"<!-- This site is optimized with the Yoast SEO plugin v27.5 - https:\/\/yoast.com\/product\/yoast-seo-wordpress\/ -->\n<title>Reik en Xcaret: \u00a1No Faltes! - Zero Magazine<\/title>\n<meta name=\"robots\" content=\"index, follow, max-snippet:-1, max-image-preview:large, max-video-preview:-1\" \/>\n<link rel=\"canonical\" href=\"https:\/\/zeromagazine.mx\/index.php\/2024\/07\/31\/reik-en-xcaret-no-faltes\/\" \/>\n<meta property=\"og:locale\" content=\"es_ES\" \/>\n<meta property=\"og:type\" content=\"article\" \/>\n<meta property=\"og:title\" content=\"Reik en Xcaret: \u00a1No Faltes! - Zero Magazine\" \/>\n<meta property=\"og:description\" content=\"\u00bfEst\u00e1n listxs para un evento que va a romperla en todos los sentidos? Este 2024, el Festival de Tradiciones de Vida y Muerte de Xcaret promete ser una experiencia \u00e9pica, y adivinen qu\u00e9: \u00a1Reik ser\u00e1 el headliner de la gala principal! \u00bfCu\u00e1ndo es el festival? Del 30 de octubre al 3 de noviembre, el Festival [&hellip;]\" \/>\n<meta property=\"og:url\" content=\"https:\/\/zeromagazine.mx\/index.php\/2024\/07\/31\/reik-en-xcaret-no-faltes\/\" \/>\n<meta property=\"og:site_name\" content=\"Zero Magazine\" \/>\n<meta property=\"article:published_time\" content=\"2024-07-31T18:48:50+00:00\" \/>\n<meta property=\"article:modified_time\" content=\"2024-08-20T00:03:16+00:00\" \/>\n<meta property=\"og:image\" content=\"https:\/\/i0.wp.com\/zeromagazine.mx\/wp-content\/uploads\/2024\/07\/Reik-2.jpg?fit=1125%2C1106&ssl=1\" \/>\n\t<meta property=\"og:image:width\" content=\"1125\" \/>\n\t<meta property=\"og:image:height\" content=\"1106\" \/>\n\t<meta property=\"og:image:type\" content=\"image\/jpeg\" \/>\n<meta name=\"author\" content=\"zeromagazinemx\" \/>\n<meta name=\"twitter:card\" content=\"summary_large_image\" \/>\n<meta name=\"twitter:label1\" content=\"Escrito por\" \/>\n\t<meta name=\"twitter:data1\" content=\"zeromagazinemx\" \/>\n\t<meta name=\"twitter:label2\" content=\"Tiempo de lectura\" \/>\n\t<meta name=\"twitter:data2\" content=\"3 minutos\" \/>\n<script type=\"application\/ld+json\" class=\"yoast-schema-graph\">{\"@context\":\"https:\\\/\\\/schema.org\",\"@graph\":[{\"@type\":\"Article\",\"@id\":\"https:\\\/\\\/zeromagazine.mx\\\/index.php\\\/2024\\\/07\\\/31\\\/reik-en-xcaret-no-faltes\\\/#article\",\"isPartOf\":{\"@id\":\"https:\\\/\\\/zeromagazine.mx\\\/index.php\\\/2024\\\/07\\\/31\\\/reik-en-xcaret-no-faltes\\\/\"},\"author\":{\"name\":\"zeromagazinemx\",\"@id\":\"https:\\\/\\\/zeromagazine.mx\\\/#\\\/schema\\\/person\\\/9aed9f33a7c39af3a348b86d723f7773\"},\"headline\":\"Reik en Xcaret: \u00a1No Faltes!\",\"datePublished\":\"2024-07-31T18:48:50+00:00\",\"dateModified\":\"2024-08-20T00:03:16+00:00\",\"mainEntityOfPage\":{\"@id\":\"https:\\\/\\\/zeromagazine.mx\\\/index.php\\\/2024\\\/07\\\/31\\\/reik-en-xcaret-no-faltes\\\/\"},\"wordCount\":648,\"commentCount\":0,\"publisher\":{\"@id\":\"https:\\\/\\\/zeromagazine.mx\\\/#organization\"},\"image\":{\"@id\":\"https:\\\/\\\/zeromagazine.mx\\\/index.php\\\/2024\\\/07\\\/31\\\/reik-en-xcaret-no-faltes\\\/#primaryimage\"},\"thumbnailUrl\":\"https:\\\/\\\/i0.wp.com\\\/zeromagazine.mx\\\/wp-content\\\/uploads\\\/2024\\\/07\\\/Reik-2.jpg?fit=1125%2C1106&ssl=1\",\"keywords\":[\"Festival de Tradiciones de Vida y Muerte\",\"Reik\",\"xcaret\"],\"articleSection\":[\"Viajes\"],\"inLanguage\":\"es\",\"potentialAction\":[{\"@type\":\"CommentAction\",\"name\":\"Comment\",\"target\":[\"https:\\\/\\\/zeromagazine.mx\\\/index.php\\\/2024\\\/07\\\/31\\\/reik-en-xcaret-no-faltes\\\/#respond\"]}]},{\"@type\":\"WebPage\",\"@id\":\"https:\\\/\\\/zeromagazine.mx\\\/index.php\\\/2024\\\/07\\\/31\\\/reik-en-xcaret-no-faltes\\\/\",\"url\":\"https:\\\/\\\/zeromagazine.mx\\\/index.php\\\/2024\\\/07\\\/31\\\/reik-en-xcaret-no-faltes\\\/\",\"name\":\"Reik en Xcaret: \u00a1No Faltes! - Zero Magazine\",\"isPartOf\":{\"@id\":\"https:\\\/\\\/zeromagazine.mx\\\/#website\"},\"primaryImageOfPage\":{\"@id\":\"https:\\\/\\\/zeromagazine.mx\\\/index.php\\\/2024\\\/07\\\/31\\\/reik-en-xcaret-no-faltes\\\/#primaryimage\"},\"image\":{\"@id\":\"https:\\\/\\\/zeromagazine.mx\\\/index.php\\\/2024\\\/07\\\/31\\\/reik-en-xcaret-no-faltes\\\/#primaryimage\"},\"thumbnailUrl\":\"https:\\\/\\\/i0.wp.com\\\/zeromagazine.mx\\\/wp-content\\\/uploads\\\/2024\\\/07\\\/Reik-2.jpg?fit=1125%2C1106&ssl=1\",\"datePublished\":\"2024-07-31T18:48:50+00:00\",\"dateModified\":\"2024-08-20T00:03:16+00:00\",\"breadcrumb\":{\"@id\":\"https:\\\/\\\/zeromagazine.mx\\\/index.php\\\/2024\\\/07\\\/31\\\/reik-en-xcaret-no-faltes\\\/#breadcrumb\"},\"inLanguage\":\"es\",\"potentialAction\":[{\"@type\":\"ReadAction\",\"target\":[\"https:\\\/\\\/zeromagazine.mx\\\/index.php\\\/2024\\\/07\\\/31\\\/reik-en-xcaret-no-faltes\\\/\"]}]},{\"@type\":\"ImageObject\",\"inLanguage\":\"es\",\"@id\":\"https:\\\/\\\/zeromagazine.mx\\\/index.php\\\/2024\\\/07\\\/31\\\/reik-en-xcaret-no-faltes\\\/#primaryimage\",\"url\":\"https:\\\/\\\/i0.wp.com\\\/zeromagazine.mx\\\/wp-content\\\/uploads\\\/2024\\\/07\\\/Reik-2.jpg?fit=1125%2C1106&ssl=1\",\"contentUrl\":\"https:\\\/\\\/i0.wp.com\\\/zeromagazine.mx\\\/wp-content\\\/uploads\\\/2024\\\/07\\\/Reik-2.jpg?fit=1125%2C1106&ssl=1\",\"width\":1125,\"height\":1106},{\"@type\":\"BreadcrumbList\",\"@id\":\"https:\\\/\\\/zeromagazine.mx\\\/index.php\\\/2024\\\/07\\\/31\\\/reik-en-xcaret-no-faltes\\\/#breadcrumb\",\"itemListElement\":[{\"@type\":\"ListItem\",\"position\":1,\"name\":\"Portada\",\"item\":\"https:\\\/\\\/zeromagazine.mx\\\/\"},{\"@type\":\"ListItem\",\"position\":2,\"name\":\"Reik en Xcaret: \u00a1No Faltes!\"}]},{\"@type\":\"WebSite\",\"@id\":\"https:\\\/\\\/zeromagazine.mx\\\/#website\",\"url\":\"https:\\\/\\\/zeromagazine.mx\\\/\",\"name\":\"Zero Magazine\",\"description\":\"\",\"publisher\":{\"@id\":\"https:\\\/\\\/zeromagazine.mx\\\/#organization\"},\"potentialAction\":[{\"@type\":\"SearchAction\",\"target\":{\"@type\":\"EntryPoint\",\"urlTemplate\":\"https:\\\/\\\/zeromagazine.mx\\\/?s={search_term_string}\"},\"query-input\":{\"@type\":\"PropertyValueSpecification\",\"valueRequired\":true,\"valueName\":\"search_term_string\"}}],\"inLanguage\":\"es\"},{\"@type\":\"Organization\",\"@id\":\"https:\\\/\\\/zeromagazine.mx\\\/#organization\",\"name\":\"Zero Magazine\",\"url\":\"https:\\\/\\\/zeromagazine.mx\\\/\",\"logo\":{\"@type\":\"ImageObject\",\"inLanguage\":\"es\",\"@id\":\"https:\\\/\\\/zeromagazine.mx\\\/#\\\/schema\\\/logo\\\/image\\\/\",\"url\":\"https:\\\/\\\/i0.wp.com\\\/zeromagazine.mx\\\/wp-content\\\/uploads\\\/2025\\\/11\\\/1.jpeg?fit=1000%2C1000&ssl=1\",\"contentUrl\":\"https:\\\/\\\/i0.wp.com\\\/zeromagazine.mx\\\/wp-content\\\/uploads\\\/2025\\\/11\\\/1.jpeg?fit=1000%2C1000&ssl=1\",\"width\":1000,\"height\":1000,\"caption\":\"Zero Magazine\"},\"image\":{\"@id\":\"https:\\\/\\\/zeromagazine.mx\\\/#\\\/schema\\\/logo\\\/image\\\/\"},\"sameAs\":[\"https:\\\/\\\/instagram.com\\\/zeromagazinemx\"]},{\"@type\":\"Person\",\"@id\":\"https:\\\/\\\/zeromagazine.mx\\\/#\\\/schema\\\/person\\\/9aed9f33a7c39af3a348b86d723f7773\",\"name\":\"zeromagazinemx\",\"image\":{\"@type\":\"ImageObject\",\"inLanguage\":\"es\",\"@id\":\"https:\\\/\\\/zeromagazine.mx\\\/wp-content\\\/litespeed\\\/avatar\\\/f91dfe5410d5dcb1a576bf8c45983896.jpg?ver=1776966396\",\"url\":\"https:\\\/\\\/zeromagazine.mx\\\/wp-content\\\/litespeed\\\/avatar\\\/f91dfe5410d5dcb1a576bf8c45983896.jpg?ver=1776966396\",\"contentUrl\":\"https:\\\/\\\/zeromagazine.mx\\\/wp-content\\\/litespeed\\\/avatar\\\/f91dfe5410d5dcb1a576bf8c45983896.jpg?ver=1776966396\",\"caption\":\"zeromagazinemx\"},\"url\":\"https:\\\/\\\/zeromagazine.mx\\\/index.php\\\/author\\\/zeromagazinemx\\\/\"}]}<\/script>\n<!-- \/ Yoast SEO plugin. -->","yoast_head_json":{"title":"Reik en Xcaret: \u00a1No Faltes! - Zero Magazine","robots":{"index":"index","follow":"follow","max-snippet":"max-snippet:-1","max-image-preview":"max-image-preview:large","max-video-preview":"max-video-preview:-1"},"canonical":"https:\/\/zeromagazine.mx\/index.php\/2024\/07\/31\/reik-en-xcaret-no-faltes\/","og_locale":"es_ES","og_type":"article","og_title":"Reik en Xcaret: \u00a1No Faltes! - Zero Magazine","og_description":"\u00bfEst\u00e1n listxs para un evento que va a romperla en todos los sentidos? Este 2024, el Festival de Tradiciones de Vida y Muerte de Xcaret promete ser una experiencia \u00e9pica, y adivinen qu\u00e9: \u00a1Reik ser\u00e1 el headliner de la gala principal! \u00bfCu\u00e1ndo es el festival? Del 30 de octubre al 3 de noviembre, el Festival [&hellip;]","og_url":"https:\/\/zeromagazine.mx\/index.php\/2024\/07\/31\/reik-en-xcaret-no-faltes\/","og_site_name":"Zero Magazine","article_published_time":"2024-07-31T18:48:50+00:00","article_modified_time":"2024-08-20T00:03:16+00:00","og_image":[{"width":1125,"height":1106,"url":"https:\/\/i0.wp.com\/zeromagazine.mx\/wp-content\/uploads\/2024\/07\/Reik-2.jpg?fit=1125%2C1106&ssl=1","type":"image\/jpeg"}],"author":"zeromagazinemx","twitter_card":"summary_large_image","twitter_misc":{"Escrito por":"zeromagazinemx","Tiempo de lectura":"3 minutos"},"schema":{"@context":"https:\/\/schema.org","@graph":[{"@type":"Article","@id":"https:\/\/zeromagazine.mx\/index.php\/2024\/07\/31\/reik-en-xcaret-no-faltes\/#article","isPartOf":{"@id":"https:\/\/zeromagazine.mx\/index.php\/2024\/07\/31\/reik-en-xcaret-no-faltes\/"},"author":{"name":"zeromagazinemx","@id":"https:\/\/zeromagazine.mx\/#\/schema\/person\/9aed9f33a7c39af3a348b86d723f7773"},"headline":"Reik en Xcaret: \u00a1No Faltes!","datePublished":"2024-07-31T18:48:50+00:00","dateModified":"2024-08-20T00:03:16+00:00","mainEntityOfPage":{"@id":"https:\/\/zeromagazine.mx\/index.php\/2024\/07\/31\/reik-en-xcaret-no-faltes\/"},"wordCount":648,"commentCount":0,"publisher":{"@id":"https:\/\/zeromagazine.mx\/#organization"},"image":{"@id":"https:\/\/zeromagazine.mx\/index.php\/2024\/07\/31\/reik-en-xcaret-no-faltes\/#primaryimage"},"thumbnailUrl":"https:\/\/i0.wp.com\/zeromagazine.mx\/wp-content\/uploads\/2024\/07\/Reik-2.jpg?fit=1125%2C1106&ssl=1","keywords":["Festival de Tradiciones de Vida y Muerte","Reik","xcaret"],"articleSection":["Viajes"],"inLanguage":"es","potentialAction":[{"@type":"CommentAction","name":"Comment","target":["https:\/\/zeromagazine.mx\/index.php\/2024\/07\/31\/reik-en-xcaret-no-faltes\/#respond"]}]},{"@type":"WebPage","@id":"https:\/\/zeromagazine.mx\/index.php\/2024\/07\/31\/reik-en-xcaret-no-faltes\/","url":"https:\/\/zeromagazine.mx\/index.php\/2024\/07\/31\/reik-en-xcaret-no-faltes\/","name":"Reik en Xcaret: \u00a1No Faltes! - Zero Magazine","isPartOf":{"@id":"https:\/\/zeromagazine.mx\/#website"},"primaryImageOfPage":{"@id":"https:\/\/zeromagazine.mx\/index.php\/2024\/07\/31\/reik-en-xcaret-no-faltes\/#primaryimage"},"image":{"@id":"https:\/\/zeromagazine.mx\/index.php\/2024\/07\/31\/reik-en-xcaret-no-faltes\/#primaryimage"},"thumbnailUrl":"https:\/\/i0.wp.com\/zeromagazine.mx\/wp-content\/uploads\/2024\/07\/Reik-2.jpg?fit=1125%2C1106&ssl=1","datePublished":"2024-07-31T18:48:50+00:00","dateModified":"2024-08-20T00:03:16+00:00","breadcrumb":{"@id":"https:\/\/zeromagazine.mx\/index.php\/2024\/07\/31\/reik-en-xcaret-no-faltes\/#breadcrumb"},"inLanguage":"es","potentialAction":[{"@type":"ReadAction","target":["https:\/\/zeromagazine.mx\/index.php\/2024\/07\/31\/reik-en-xcaret-no-faltes\/"]}]},{"@type":"ImageObject","inLanguage":"es","@id":"https:\/\/zeromagazine.mx\/index.php\/2024\/07\/31\/reik-en-xcaret-no-faltes\/#primaryimage","url":"https:\/\/i0.wp.com\/zeromagazine.mx\/wp-content\/uploads\/2024\/07\/Reik-2.jpg?fit=1125%2C1106&ssl=1","contentUrl":"https:\/\/i0.wp.com\/zeromagazine.mx\/wp-content\/uploads\/2024\/07\/Reik-2.jpg?fit=1125%2C1106&ssl=1","width":1125,"height":1106},{"@type":"BreadcrumbList","@id":"https:\/\/zeromagazine.mx\/index.php\/2024\/07\/31\/reik-en-xcaret-no-faltes\/#breadcrumb","itemListElement":[{"@type":"ListItem","position":1,"name":"Portada","item":"https:\/\/zeromagazine.mx\/"},{"@type":"ListItem","position":2,"name":"Reik en Xcaret: \u00a1No Faltes!"}]},{"@type":"WebSite","@id":"https:\/\/zeromagazine.mx\/#website","url":"https:\/\/zeromagazine.mx\/","name":"Zero Magazine","description":"","publisher":{"@id":"https:\/\/zeromagazine.mx\/#organization"},"potentialAction":[{"@type":"SearchAction","target":{"@type":"EntryPoint","urlTemplate":"https:\/\/zeromagazine.mx\/?s={search_term_string}"},"query-input":{"@type":"PropertyValueSpecification","valueRequired":true,"valueName":"search_term_string"}}],"inLanguage":"es"},{"@type":"Organization","@id":"https:\/\/zeromagazine.mx\/#organization","name":"Zero Magazine","url":"https:\/\/zeromagazine.mx\/","logo":{"@type":"ImageObject","inLanguage":"es","@id":"https:\/\/zeromagazine.mx\/#\/schema\/logo\/image\/","url":"https:\/\/i0.wp.com\/zeromagazine.mx\/wp-content\/uploads\/2025\/11\/1.jpeg?fit=1000%2C1000&ssl=1","contentUrl":"https:\/\/i0.wp.com\/zeromagazine.mx\/wp-content\/uploads\/2025\/11\/1.jpeg?fit=1000%2C1000&ssl=1","width":1000,"height":1000,"caption":"Zero Magazine"},"image":{"@id":"https:\/\/zeromagazine.mx\/#\/schema\/logo\/image\/"},"sameAs":["https:\/\/instagram.com\/zeromagazinemx"]},{"@type":"Person","@id":"https:\/\/zeromagazine.mx\/#\/schema\/person\/9aed9f33a7c39af3a348b86d723f7773","name":"zeromagazinemx","image":{"@type":"ImageObject","inLanguage":"es","@id":"https:\/\/zeromagazine.mx\/wp-content\/litespeed\/avatar\/f91dfe5410d5dcb1a576bf8c45983896.jpg?ver=1776966396","url":"https:\/\/zeromagazine.mx\/wp-content\/litespeed\/avatar\/f91dfe5410d5dcb1a576bf8c45983896.jpg?ver=1776966396","contentUrl":"https:\/\/zeromagazine.mx\/wp-content\/litespeed\/avatar\/f91dfe5410d5dcb1a576bf8c45983896.jpg?ver=1776966396","caption":"zeromagazinemx"},"url":"https:\/\/zeromagazine.mx\/index.php\/author\/zeromagazinemx\/"}]}},"jetpack_publicize_connections":[],"jetpack_featured_media_url":"https:\/\/i0.wp.com\/zeromagazine.mx\/wp-content\/uploads\/2024\/07\/Reik-2.jpg?fit=1125%2C1106&ssl=1","jetpack-related-posts":[{"id":87036,"url":"https:\/\/zeromagazine.mx\/index.php\/2024\/10\/16\/hanal-pixan-la-fiesta-maya\/","url_meta":{"origin":81210,"position":0},"title":"Hanal Pix\u00e1n: La Fiesta Maya","author":"zeromagazinemx","date":"16 de octubre de 2024","format":false,"excerpt":"El Caribe Mexicano no solo es famoso por sus playas de ensue\u00f1o y su clima perfecto, sino que tambi\u00e9n es un epicentro cultural donde la vida y la muerte se entrelazan de maneras s\u00faper significativas. Este a\u00f1o, la celebraci\u00f3n del D\u00eda de Muertos y Hanal Pix\u00e1n promete ser un viaje\u2026","rel":"","context":"En \u00abEntretenimiento\u00bb","block_context":{"text":"Entretenimiento","link":"https:\/\/zeromagazine.mx\/index.php\/category\/entretenimiento\/"},"img":{"alt_text":"","src":"https:\/\/i0.wp.com\/zeromagazine.mx\/wp-content\/uploads\/2024\/10\/Hanal-Pixan.jpeg?fit=1200%2C989&ssl=1&resize=350%2C200","width":350,"height":200,"srcset":"https:\/\/i0.wp.com\/zeromagazine.mx\/wp-content\/uploads\/2024\/10\/Hanal-Pixan.jpeg?fit=1200%2C989&ssl=1&resize=350%2C200 1x, https:\/\/i0.wp.com\/zeromagazine.mx\/wp-content\/uploads\/2024\/10\/Hanal-Pixan.jpeg?fit=1200%2C989&ssl=1&resize=525%2C300 1.5x, https:\/\/i0.wp.com\/zeromagazine.mx\/wp-content\/uploads\/2024\/10\/Hanal-Pixan.jpeg?fit=1200%2C989&ssl=1&resize=700%2C400 2x, https:\/\/i0.wp.com\/zeromagazine.mx\/wp-content\/uploads\/2024\/10\/Hanal-Pixan.jpeg?fit=1200%2C989&ssl=1&resize=1050%2C600 3x"},"classes":[]},{"id":71247,"url":"https:\/\/zeromagazine.mx\/index.php\/2024\/02\/23\/nominaciones-de-los-xi-premios-platino-xcaret\/","url_meta":{"origin":81210,"position":1},"title":"Nominaciones de los XI Premios Platino XCARET","author":"zeromagazinemx","date":"23 de febrero de 2024","format":false,"excerpt":"Les tengo las \u00faltimas noticias sobre los XI Premios PLATINO XCARET y, \u00a1wow!, hay mucha tela que cortar. La lista de nominadas est\u00e1 que arde y M\u00e9xico est\u00e1 en el centro del hurac\u00e1n con varias producciones que est\u00e1n arrasando en las categor\u00edas. Desde Huesera hasta Radical, \u00a1qu\u00e9 orgullo ser parte\u2026","rel":"","context":"En \u00abConcursos\u00bb","block_context":{"text":"Concursos","link":"https:\/\/zeromagazine.mx\/index.php\/category\/concursos\/"},"img":{"alt_text":"","src":"https:\/\/i0.wp.com\/zeromagazine.mx\/wp-content\/uploads\/2024\/02\/Foto-Familiar_By-Victor-Chavez-60.jpg?fit=1197%2C834&ssl=1&resize=350%2C200","width":350,"height":200,"srcset":"https:\/\/i0.wp.com\/zeromagazine.mx\/wp-content\/uploads\/2024\/02\/Foto-Familiar_By-Victor-Chavez-60.jpg?fit=1197%2C834&ssl=1&resize=350%2C200 1x, https:\/\/i0.wp.com\/zeromagazine.mx\/wp-content\/uploads\/2024\/02\/Foto-Familiar_By-Victor-Chavez-60.jpg?fit=1197%2C834&ssl=1&resize=525%2C300 1.5x, https:\/\/i0.wp.com\/zeromagazine.mx\/wp-content\/uploads\/2024\/02\/Foto-Familiar_By-Victor-Chavez-60.jpg?fit=1197%2C834&ssl=1&resize=700%2C400 2x, https:\/\/i0.wp.com\/zeromagazine.mx\/wp-content\/uploads\/2024\/02\/Foto-Familiar_By-Victor-Chavez-60.jpg?fit=1197%2C834&ssl=1&resize=1050%2C600 3x"},"classes":[]},{"id":116922,"url":"https:\/\/zeromagazine.mx\/index.php\/2026\/03\/18\/feria-xcaret-arte-popular-libro-2025\/","url_meta":{"origin":81210,"position":2},"title":"Grupo Xcaret presenta el libro de Feria Xcaret de Arte Popular Mexicano 2025 y una muestra fotogr\u00e1fica de las piezas ganadoras de las dos ediciones pasadas","author":"David Morales","date":"18 de marzo de 2026","format":false,"excerpt":"La\u00a0Feria Xcaret Arte Popular\u00a0sigue consolid\u00e1ndose como uno de los espacios m\u00e1s importantes para reconocer y difundir el talento artesanal de M\u00e9xico. En esta ocasi\u00f3n,\u00a0Grupo Xcaret\u00a0present\u00f3 un libro especial que documenta lo mejor de la edici\u00f3n 2025, acompa\u00f1ado por una exposici\u00f3n fotogr\u00e1fica que muestra algunas de las piezas ganadoras de ediciones\u2026","rel":"","context":"En \u00abBlog\u00bb","block_context":{"text":"Blog","link":"https:\/\/zeromagazine.mx\/index.php\/category\/blog\/"},"img":{"alt_text":"","src":"https:\/\/i0.wp.com\/zeromagazine.mx\/wp-content\/uploads\/2026\/03\/IMG_1766.jpeg?fit=1200%2C900&ssl=1&resize=350%2C200","width":350,"height":200,"srcset":"https:\/\/i0.wp.com\/zeromagazine.mx\/wp-content\/uploads\/2026\/03\/IMG_1766.jpeg?fit=1200%2C900&ssl=1&resize=350%2C200 1x, https:\/\/i0.wp.com\/zeromagazine.mx\/wp-content\/uploads\/2026\/03\/IMG_1766.jpeg?fit=1200%2C900&ssl=1&resize=525%2C300 1.5x, https:\/\/i0.wp.com\/zeromagazine.mx\/wp-content\/uploads\/2026\/03\/IMG_1766.jpeg?fit=1200%2C900&ssl=1&resize=700%2C400 2x, https:\/\/i0.wp.com\/zeromagazine.mx\/wp-content\/uploads\/2026\/03\/IMG_1766.jpeg?fit=1200%2C900&ssl=1&resize=1050%2C600 3x"},"classes":[]},{"id":115870,"url":"https:\/\/zeromagazine.mx\/index.php\/2026\/02\/24\/premios-platino-xcaret-cartel-oficial-xiii-edicion\/","url_meta":{"origin":81210,"position":3},"title":"Premios PLATINO XCARET estrenan cartel","author":"zeromagazinemx","date":"24 de febrero de 2026","format":false,"excerpt":"El hype ya est\u00e1 aqu\u00ed. Los Premios PLATINO XCARET acaban de revelar el cartel oficial de su XIII edici\u00f3n y, honestamente, es de esas im\u00e1genes que se sienten como un fotograma listo para cobrar vida. La nueva identidad visual no solo presenta el ic\u00f3nico trofeo, sino que lo convierte en\u2026","rel":"","context":"En \u00abBlog\u00bb","block_context":{"text":"Blog","link":"https:\/\/zeromagazine.mx\/index.php\/category\/blog\/"},"img":{"alt_text":"","src":"https:\/\/i0.wp.com\/zeromagazine.mx\/wp-content\/uploads\/2026\/02\/unnamed-4-1-scaled.jpg?fit=863%2C1200&ssl=1&resize=350%2C200","width":350,"height":200,"srcset":"https:\/\/i0.wp.com\/zeromagazine.mx\/wp-content\/uploads\/2026\/02\/unnamed-4-1-scaled.jpg?fit=863%2C1200&ssl=1&resize=350%2C200 1x, https:\/\/i0.wp.com\/zeromagazine.mx\/wp-content\/uploads\/2026\/02\/unnamed-4-1-scaled.jpg?fit=863%2C1200&ssl=1&resize=525%2C300 1.5x, https:\/\/i0.wp.com\/zeromagazine.mx\/wp-content\/uploads\/2026\/02\/unnamed-4-1-scaled.jpg?fit=863%2C1200&ssl=1&resize=700%2C400 2x"},"classes":[]},{"id":55698,"url":"https:\/\/zeromagazine.mx\/index.php\/2021\/10\/09\/entrevista-a-emmanuel-marquez-para-la-obra-de-teatro\/","url_meta":{"origin":81210,"position":4},"title":"Entrevista a Emmanuel M\u00e1rquez director de \u00abPante\u00f3n de Fiesta\u00bb","author":"zeromagazinemx","date":"9 de octubre de 2021","format":false,"excerpt":"Emmanuel M\u00e1rquez Peralta, director mexicano encargado de la gran obra que se va a dar el domingo, nos viene a platicar sobre el proceso y las experiencias que han vivido durante las etapas al realizar esta obra. Por Marian Ricco \u00bfCu\u00e1l es el objetivo principal de la obra que van\u2026","rel":"","context":"En \u00abEntretenimiento\u00bb","block_context":{"text":"Entretenimiento","link":"https:\/\/zeromagazine.mx\/index.php\/category\/entretenimiento\/"},"img":{"alt_text":"","src":"https:\/\/i0.wp.com\/zeromagazinemx.wpcomstaging.com\/wp-content\/uploads\/2022\/02\/3f551-emmanuel-marquez-peralta.jpg?resize=350%2C200&ssl=1","width":350,"height":200,"srcset":"https:\/\/i0.wp.com\/zeromagazinemx.wpcomstaging.com\/wp-content\/uploads\/2022\/02\/3f551-emmanuel-marquez-peralta.jpg?resize=350%2C200&ssl=1 1x, https:\/\/i0.wp.com\/zeromagazinemx.wpcomstaging.com\/wp-content\/uploads\/2022\/02\/3f551-emmanuel-marquez-peralta.jpg?resize=525%2C300&ssl=1 1.5x, https:\/\/i0.wp.com\/zeromagazinemx.wpcomstaging.com\/wp-content\/uploads\/2022\/02\/3f551-emmanuel-marquez-peralta.jpg?resize=700%2C400&ssl=1 2x"},"classes":[]},{"id":73468,"url":"https:\/\/zeromagazine.mx\/index.php\/2024\/04\/08\/premios-platino-xcaret\/","url_meta":{"origin":81210,"position":5},"title":"Premios PLATINO XCARET","author":"zeromagazinemx","date":"8 de abril de 2024","format":false,"excerpt":"La XI Edici\u00f3n de los Premios PLATINO XCARET est\u00e1 a la vuelta de la esquina y \u00a1qu\u00e9 cartel tan alucinante tenemos este a\u00f1o! Prep\u00e1rense para una noche inolvidable llena de m\u00fasica, talento y celebraci\u00f3n, porque este evento promete ser \u00e9pico. Para empezar, echen un vistazo a este incre\u00edble lineup de\u2026","rel":"","context":"En \u00abEntretenimiento\u00bb","block_context":{"text":"Entretenimiento","link":"https:\/\/zeromagazine.mx\/index.php\/category\/entretenimiento\/"},"img":{"alt_text":"","src":"https:\/\/i0.wp.com\/zeromagazine.mx\/wp-content\/uploads\/2024\/04\/unnamed-18.png?fit=1200%2C794&ssl=1&resize=350%2C200","width":350,"height":200,"srcset":"https:\/\/i0.wp.com\/zeromagazine.mx\/wp-content\/uploads\/2024\/04\/unnamed-18.png?fit=1200%2C794&ssl=1&resize=350%2C200 1x, https:\/\/i0.wp.com\/zeromagazine.mx\/wp-content\/uploads\/2024\/04\/unnamed-18.png?fit=1200%2C794&ssl=1&resize=525%2C300 1.5x, https:\/\/i0.wp.com\/zeromagazine.mx\/wp-content\/uploads\/2024\/04\/unnamed-18.png?fit=1200%2C794&ssl=1&resize=700%2C400 2x, https:\/\/i0.wp.com\/zeromagazine.mx\/wp-content\/uploads\/2024\/04\/unnamed-18.png?fit=1200%2C794&ssl=1&resize=1050%2C600 3x"},"classes":[]}],"jetpack_sharing_enabled":true,"builder_content":"","_links":{"self":[{"href":"https:\/\/zeromagazine.mx\/index.php\/wp-json\/wp\/v2\/posts\/81210","targetHints":{"allow":["GET"]}}],"collection":[{"href":"https:\/\/zeromagazine.mx\/index.php\/wp-json\/wp\/v2\/posts"}],"about":[{"href":"https:\/\/zeromagazine.mx\/index.php\/wp-json\/wp\/v2\/types\/post"}],"author":[{"embeddable":true,"href":"https:\/\/zeromagazine.mx\/index.php\/wp-json\/wp\/v2\/users\/2"}],"replies":[{"embeddable":true,"href":"https:\/\/zeromagazine.mx\/index.php\/wp-json\/wp\/v2\/comments?post=81210"}],"version-history":[{"count":3,"href":"https:\/\/zeromagazine.mx\/index.php\/wp-json\/wp\/v2\/posts\/81210\/revisions"}],"predecessor-version":[{"id":82162,"href":"https:\/\/zeromagazine.mx\/index.php\/wp-json\/wp\/v2\/posts\/81210\/revisions\/82162"}],"wp:featuredmedia":[{"embeddable":true,"href":"https:\/\/zeromagazine.mx\/index.php\/wp-json\/wp\/v2\/media\/81211"}],"wp:attachment":[{"href":"https:\/\/zeromagazine.mx\/index.php\/wp-json\/wp\/v2\/media?parent=81210"}],"wp:term":[{"taxonomy":"category","embeddable":true,"href":"https:\/\/zeromagazine.mx\/index.php\/wp-json\/wp\/v2\/categories?post=81210"},{"taxonomy":"post_tag","embeddable":true,"href":"https:\/\/zeromagazine.mx\/index.php\/wp-json\/wp\/v2\/tags?post=81210"}],"curies":[{"name":"wp","href":"https:\/\/api.w.org\/{rel}","templated":true}]}}