{"id":81784,"date":"2024-08-13T20:47:23","date_gmt":"2024-08-13T18:47:23","guid":{"rendered":"https:\/\/zeromagazine.mx\/?p=81784"},"modified":"2024-08-13T20:47:25","modified_gmt":"2024-08-13T18:47:25","slug":"el-documental-de-la-esperanza","status":"publish","type":"post","link":"https:\/\/zeromagazine.mx\/index.php\/2024\/08\/13\/el-documental-de-la-esperanza\/","title":{"rendered":"\u00a1El Documental de la Esperanza!"},"content":{"rendered":"<p>\u00a1Hey cin\u00e9filxs!  Les traigo una recomendaci\u00f3n imperdible, especialmente para aquellxs que est\u00e1n en el mood de reflexionar sobre el impacto social y pol\u00edtico del cine. El 5 de septiembre llega una joyita cinematogr\u00e1fica que ha conquistado el coraz\u00f3n de festivales internacionales y que, sin duda, va a tocar nuestras fibras m\u00e1s profundas: el documental \u201cHasta que se Apague el Sol\u201d. <\/p>\n\n\n\n<script async src=\"https:\/\/pagead2.googlesyndication.com\/pagead\/js\/adsbygoogle.js?client=ca-pub-5499304793904745\"\n     crossorigin=\"anonymous\"><\/script>\n<ins class=\"adsbygoogle\"\n     style=\"display:block; text-align:center;\"\n     data-ad-layout=\"in-article\"\n     data-ad-format=\"fluid\"\n     data-ad-client=\"ca-pub-5499304793904745\"\n     data-ad-slot=\"5994863093\"><\/ins>\n<script>\n     (adsbygoogle = window.adsbygoogle || []).push({});\n<\/script>\n\n\n\n<p><\/p>\n\n\n\n<p>Dirigido por el talentoso Jonas Brander, este docu es mucho m\u00e1s que una simple historia; es un grito de justicia y un homenaje a todas las vidas que se han perdido en la sombra de la guerra en Colombia. Este filme no solo ha sido aclamado por su direcci\u00f3n, llev\u00e1ndose la Biznaga de Plata en el Festival de M\u00e1laga, sino que tambi\u00e9n ha ganado premios en otros festivales internacionales como el Premio Salvador Allende y el premio al mejor documental en el Internationales Filmwochenende W\u00fcrzburg. \u00bfQu\u00e9 lo hace tan especial? \u00a1Vamos a verlo!<\/p>\n\n\n\n<p><strong>El Contexto del Conflicto<\/strong><\/p>\n\n\n\n<p>Primero, les dar\u00e9 el contexto de todo esto. Colombia ha vivido un conflicto armado brutal que ha dejado cicatrices profundas en su gente. Las historias de Luz Marina Bernal y Albeiro Camayo muestran diferentes caras de esta realidad, pero ambas reflejan la misma esencia de resistencia y lucha por justicia.<\/p>\n\n\n\n<p>Luz Marina Bernal es una de las v\u00edctimas de los tristemente conocidos \u201cfalsos positivos\u201d. En 2008, su hijo fue asesinado en circunstancias terribles. Desde ese dolor inimaginable, Luz Marina se uni\u00f3 a otras madres en Soacha, un suburbio de Bogot\u00e1, para formar el grupo \u201cMadres de Soacha\u201d. Este grupo no solo buscaba justicia para sus hijos, sino que tambi\u00e9n destap\u00f3 un crimen profundamente arraigado y sistem\u00e1tico en el pa\u00eds.<\/p>\n\n\n<div class=\"wp-block-image\">\n<figure class=\"aligncenter size-full\"><img data-recalc-dims=\"1\" decoding=\"async\" width=\"857\" height=\"1080\" src=\"https:\/\/i0.wp.com\/zeromagazine.mx\/wp-content\/uploads\/2024\/08\/unnamed-24.jpg?resize=857%2C1080&#038;ssl=1\" alt=\"\" class=\"wp-image-81787\" srcset=\"https:\/\/i0.wp.com\/zeromagazine.mx\/wp-content\/uploads\/2024\/08\/unnamed-24.jpg?w=857&amp;ssl=1 857w, https:\/\/i0.wp.com\/zeromagazine.mx\/wp-content\/uploads\/2024\/08\/unnamed-24.jpg?resize=238%2C300&amp;ssl=1 238w, https:\/\/i0.wp.com\/zeromagazine.mx\/wp-content\/uploads\/2024\/08\/unnamed-24.jpg?resize=813%2C1024&amp;ssl=1 813w, https:\/\/i0.wp.com\/zeromagazine.mx\/wp-content\/uploads\/2024\/08\/unnamed-24.jpg?resize=768%2C968&amp;ssl=1 768w\" sizes=\"(max-width: 857px) 100vw, 857px\" \/><\/figure>\n<\/div>\n\n\n<p><\/p>\n\n\n\n<p>Por otro lado, Albeiro Camayo es un l\u00edder del Pueblo Nasa que ha estado en la primera l\u00ednea de defensa de su tierra. La comunidad Nasa cre\u00f3 la \u201cGuardia Ind\u00edgena\u201d, un movimiento de resistencia sin armas que protege la Madre Tierra de grupos armados, multinacionales y terratenientes. La violencia en regiones como el Cauca ha aumentado alarmantemente, con m\u00e1s de 1224 v\u00edctimas ind\u00edgenas desde 2023, mientras que la b\u00fasqueda de justicia para las m\u00e1s de 6,400 v\u00edctimas de asesinatos extrajudiciales sigue siendo una herida abierta.<\/p>\n\n\n\n<p><strong>Historias de Resiliencia y Esperanza<\/strong><\/p>\n\n\n\n<p>De seguro se est\u00e1n preguntando de qu\u00e9 trata el docu, pues d\u00e9jenme decirles que lit es un viaje s\u00faper emotivo a trav\u00e9s de las historias de Luz Marina y Albeiro en su b\u00fasqueda de justicia y paz. Luz Marina, a pesar de todo el dolor que ha pasado, ha sido una defensora imparable de los derechos humanos y de las v\u00edctimas de la guerra. Su lucha va m\u00e1s all\u00e1 de su p\u00e9rdida personal y se ha convertido en un movimiento por la verdad y la justicia.<\/p>\n\n\n\n<p>Por su parte, Albeiro Camayo y su comunidad han demostrado una resistencia brutal. Su conexi\u00f3n con la tierra y su lucha por protegerla contra la violencia y la usurpaci\u00f3n muestran la fuerza de las comunidades ind\u00edgenas en Am\u00e9rica Latina. La \u201cGuardia Ind\u00edgena\u201d es un s\u00edmbolo de c\u00f3mo la uni\u00f3n y la determinaci\u00f3n pueden enfrentar adversidades que parecen imposibles de superar.<\/p>\n\n\n<div class=\"wp-block-image\">\n<figure class=\"aligncenter size-full\"><img data-recalc-dims=\"1\" decoding=\"async\" width=\"1165\" height=\"443\" src=\"https:\/\/i0.wp.com\/zeromagazine.mx\/wp-content\/uploads\/2024\/08\/unnamed-23.jpg?resize=1165%2C443&#038;ssl=1\" alt=\"\" class=\"wp-image-81785\" srcset=\"https:\/\/i0.wp.com\/zeromagazine.mx\/wp-content\/uploads\/2024\/08\/unnamed-23.jpg?w=1725&amp;ssl=1 1725w, https:\/\/i0.wp.com\/zeromagazine.mx\/wp-content\/uploads\/2024\/08\/unnamed-23.jpg?resize=300%2C114&amp;ssl=1 300w, https:\/\/i0.wp.com\/zeromagazine.mx\/wp-content\/uploads\/2024\/08\/unnamed-23.jpg?resize=1024%2C389&amp;ssl=1 1024w, https:\/\/i0.wp.com\/zeromagazine.mx\/wp-content\/uploads\/2024\/08\/unnamed-23.jpg?resize=768%2C292&amp;ssl=1 768w, https:\/\/i0.wp.com\/zeromagazine.mx\/wp-content\/uploads\/2024\/08\/unnamed-23.jpg?resize=1536%2C584&amp;ssl=1 1536w\" sizes=\"(max-width: 1165px) 100vw, 1165px\" \/><\/figure>\n<\/div>\n\n\n<h3 class=\"wp-block-heading\"><strong>Un Tributo a las V\u00edctimas <\/strong><\/h3>\n\n\n\n<p>El documental, rodado a lo largo de siete a\u00f1os y completamente autofinanciado, es mucho m\u00e1s que una simple cr\u00f3nica de eventos. Jonas Brander, el director, describe su obra como un espacio para el aprendizaje, el di\u00e1logo y las pr\u00e1cticas comunitarias. El cine, seg\u00fan Brander, debe ser un medio para la transformaci\u00f3n y para un mundo m\u00e1s humano.<\/p>\n\n\n\n<figure class=\"wp-block-embed is-type-video is-provider-youtube wp-block-embed-youtube wp-embed-aspect-16-9 wp-has-aspect-ratio\"><div class=\"wp-block-embed__wrapper\">\n<div class=\"post-video\"><iframe title=\"Hasta que se Apague el Sol - Tr\u00e1iler Oficial\" width=\"1165\" height=\"655\" src=\"https:\/\/www.youtube.com\/embed\/1xxSbsKFEQQ?feature=oembed\" frameborder=\"0\" allow=\"accelerometer; autoplay; clipboard-write; encrypted-media; gyroscope; picture-in-picture; web-share\" referrerpolicy=\"strict-origin-when-cross-origin\" allowfullscreen><\/iframe><\/div>\n<\/div><\/figure>\n\n\n\n<p><\/p>\n\n\n\n<p>\u201cHasta que se Apague el Sol\u201d ha brillado en m\u00e1s de 18 festivales internacionales, \u00a1y se ha llevado un mont\u00f3n de premios! Gan\u00f3 el Premio Salvador Allende en el Festival de Libert\u00e9s, el galard\u00f3n al mejor documental en el Internationales Filmwochenende W\u00fcrzburg, y el de mejor cinematograf\u00eda en el festival Achtung Berlin. Estos premios no solo celebran lo chido que est\u00e1 el documental, sino tambi\u00e9n lo potente y relevante que es el mensaje que transmite.<\/p>\n\n\n\n<p><strong>Un Llamado a la Acci\u00f3n<\/strong><\/p>\n\n\n\n<p>Entonces, \u00bfqu\u00e9 podemos aprender de este docu? La historia de Luz Marina y Albeiro nos ense\u00f1a que la lucha por la justicia y la paz es continua, y que cada uno de nosotros puede ser parte del cambio. A trav\u00e9s de sus vidas y sus batallas, nos muestran que, incluso en los momentos m\u00e1s oscuros, la esperanza y la resistencia pueden guiarnos hacia un futuro mejor.<\/p>\n\n\n\n<script async src=\"https:\/\/pagead2.googlesyndication.com\/pagead\/js\/adsbygoogle.js?client=ca-pub-5499304793904745\"\n     crossorigin=\"anonymous\"><\/script>\n<ins class=\"adsbygoogle\"\n     style=\"display:block; text-align:center;\"\n     data-ad-layout=\"in-article\"\n     data-ad-format=\"fluid\"\n     data-ad-client=\"ca-pub-5499304793904745\"\n     data-ad-slot=\"5994863093\"><\/ins>\n<script>\n     (adsbygoogle = window.adsbygoogle || []).push({});\n<\/script>\n\n\n\n<p><\/p>\n\n\n\n<p>Tambi\u00e9n nos hace pensar en nuestro papel en el mundo y c\u00f3mo podemos aportar para hacer una sociedad m\u00e1s justa. Es como un recordatorio de que, aunque haya broncas, luchar por la verdad y la justicia es clave para armar un mundo donde todxs podamos vivir con dignidad y paz.<\/p>\n\n\n\n<script async src=\"https:\/\/pagead2.googlesyndication.com\/pagead\/js\/adsbygoogle.js?client=ca-pub-5499304793904745\"\n     crossorigin=\"anonymous\"><\/script>\n<ins class=\"adsbygoogle\"\n     style=\"display:block; text-align:center;\"\n     data-ad-layout=\"in-article\"\n     data-ad-format=\"fluid\"\n     data-ad-client=\"ca-pub-5499304793904745\"\n     data-ad-slot=\"5994863093\"><\/ins>\n<script>\n     (adsbygoogle = window.adsbygoogle || []).push({});\n<\/script>\n\n\n\n<p><\/p>\n\n\n\n<p>As\u00ed que, cin\u00e9filxs, si a\u00fan no han visto este documental, \u00a1h\u00e1ganlo ya! Prep\u00e1rense para un viaje emocional y educativo que no solo les abrir\u00e1 los ojos a la realidad del conflicto colombiano, sino que tambi\u00e9n les inspirar\u00e1 a ser parte del cambio.<\/p>\n\n<!--themify_builder_content-->\n<div id=\"themify_builder_content-81784\" data-postid=\"81784\" class=\"themify_builder_content themify_builder_content-81784 themify_builder tf_clear\">\n    <\/div>\n<!--\/themify_builder_content-->","protected":false},"excerpt":{"rendered":"<p>\u00a1Hey cin\u00e9filxs! Les traigo una recomendaci\u00f3n imperdible, especialmente para aquellxs que est\u00e1n en el mood de reflexionar sobre el impacto social y pol\u00edtico del cine. El 5 de septiembre llega una joyita cinematogr\u00e1fica que ha conquistado el coraz\u00f3n de festivales internacionales y que, sin duda, va a tocar nuestras fibras m\u00e1s profundas: el documental \u201cHasta [&hellip;]<\/p>\n","protected":false},"author":2,"featured_media":81785,"comment_status":"open","ping_status":"open","sticky":false,"template":"","format":"standard","meta":{"_jetpack_memberships_contains_paid_content":false,"footnotes":"","jetpack_publicize_message":"","jetpack_publicize_feature_enabled":true,"jetpack_social_post_already_shared":true,"jetpack_social_options":{"image_generator_settings":{"template":"highway","default_image_id":0,"font":"","enabled":false},"version":2}},"categories":[109,117],"tags":[9702,9700,9699,9701],"class_list":["post-81784","post","type-post","status-publish","format-standard","has-post-thumbnail","hentry","category-cine","category-entretenimiento","tag-albeiro-camayo","tag-hasta-que-se-apague-el-sol","tag-jonas-brander","tag-luz-marina-bernal","has-post-title","has-post-date","has-post-category","has-post-tag","has-post-comment","has-post-author",""],"yoast_head":"<!-- This site is optimized with the Yoast SEO plugin v27.5 - https:\/\/yoast.com\/product\/yoast-seo-wordpress\/ -->\n<title>\u00a1El Documental de la Esperanza! - Zero Magazine<\/title>\n<meta name=\"robots\" content=\"index, follow, max-snippet:-1, max-image-preview:large, max-video-preview:-1\" \/>\n<link rel=\"canonical\" href=\"https:\/\/zeromagazine.mx\/index.php\/2024\/08\/13\/el-documental-de-la-esperanza\/\" \/>\n<meta property=\"og:locale\" content=\"es_ES\" \/>\n<meta property=\"og:type\" content=\"article\" \/>\n<meta property=\"og:title\" content=\"\u00a1El Documental de la Esperanza! - Zero Magazine\" \/>\n<meta property=\"og:description\" content=\"\u00a1Hey cin\u00e9filxs! Les traigo una recomendaci\u00f3n imperdible, especialmente para aquellxs que est\u00e1n en el mood de reflexionar sobre el impacto social y pol\u00edtico del cine. El 5 de septiembre llega una joyita cinematogr\u00e1fica que ha conquistado el coraz\u00f3n de festivales internacionales y que, sin duda, va a tocar nuestras fibras m\u00e1s profundas: el documental \u201cHasta [&hellip;]\" \/>\n<meta property=\"og:url\" content=\"https:\/\/zeromagazine.mx\/index.php\/2024\/08\/13\/el-documental-de-la-esperanza\/\" \/>\n<meta property=\"og:site_name\" content=\"Zero Magazine\" \/>\n<meta property=\"article:published_time\" content=\"2024-08-13T18:47:23+00:00\" \/>\n<meta property=\"article:modified_time\" content=\"2024-08-13T18:47:25+00:00\" \/>\n<meta property=\"og:image\" content=\"https:\/\/i0.wp.com\/zeromagazine.mx\/wp-content\/uploads\/2024\/08\/unnamed-23.jpg?fit=1725%2C656&ssl=1\" \/>\n\t<meta property=\"og:image:width\" content=\"1725\" \/>\n\t<meta property=\"og:image:height\" content=\"656\" \/>\n\t<meta property=\"og:image:type\" content=\"image\/jpeg\" \/>\n<meta name=\"author\" content=\"zeromagazinemx\" \/>\n<meta name=\"twitter:card\" content=\"summary_large_image\" \/>\n<meta name=\"twitter:label1\" content=\"Escrito por\" \/>\n\t<meta name=\"twitter:data1\" content=\"zeromagazinemx\" \/>\n\t<meta name=\"twitter:label2\" content=\"Tiempo de lectura\" \/>\n\t<meta name=\"twitter:data2\" content=\"4 minutos\" \/>\n<script type=\"application\/ld+json\" class=\"yoast-schema-graph\">{\"@context\":\"https:\\\/\\\/schema.org\",\"@graph\":[{\"@type\":\"Article\",\"@id\":\"https:\\\/\\\/zeromagazine.mx\\\/index.php\\\/2024\\\/08\\\/13\\\/el-documental-de-la-esperanza\\\/#article\",\"isPartOf\":{\"@id\":\"https:\\\/\\\/zeromagazine.mx\\\/index.php\\\/2024\\\/08\\\/13\\\/el-documental-de-la-esperanza\\\/\"},\"author\":{\"name\":\"zeromagazinemx\",\"@id\":\"https:\\\/\\\/zeromagazine.mx\\\/#\\\/schema\\\/person\\\/9aed9f33a7c39af3a348b86d723f7773\"},\"headline\":\"\u00a1El Documental de la Esperanza!\",\"datePublished\":\"2024-08-13T18:47:23+00:00\",\"dateModified\":\"2024-08-13T18:47:25+00:00\",\"mainEntityOfPage\":{\"@id\":\"https:\\\/\\\/zeromagazine.mx\\\/index.php\\\/2024\\\/08\\\/13\\\/el-documental-de-la-esperanza\\\/\"},\"wordCount\":890,\"commentCount\":0,\"publisher\":{\"@id\":\"https:\\\/\\\/zeromagazine.mx\\\/#organization\"},\"image\":{\"@id\":\"https:\\\/\\\/zeromagazine.mx\\\/index.php\\\/2024\\\/08\\\/13\\\/el-documental-de-la-esperanza\\\/#primaryimage\"},\"thumbnailUrl\":\"https:\\\/\\\/i0.wp.com\\\/zeromagazine.mx\\\/wp-content\\\/uploads\\\/2024\\\/08\\\/unnamed-23.jpg?fit=1725%2C656&ssl=1\",\"keywords\":[\"Albeiro Camayo\",\"Hasta que se Apague el Sol\",\"Jonas Brander\",\"Luz Marina Bernal\"],\"articleSection\":[\"Cine\",\"Entretenimiento\"],\"inLanguage\":\"es\",\"potentialAction\":[{\"@type\":\"CommentAction\",\"name\":\"Comment\",\"target\":[\"https:\\\/\\\/zeromagazine.mx\\\/index.php\\\/2024\\\/08\\\/13\\\/el-documental-de-la-esperanza\\\/#respond\"]}]},{\"@type\":\"WebPage\",\"@id\":\"https:\\\/\\\/zeromagazine.mx\\\/index.php\\\/2024\\\/08\\\/13\\\/el-documental-de-la-esperanza\\\/\",\"url\":\"https:\\\/\\\/zeromagazine.mx\\\/index.php\\\/2024\\\/08\\\/13\\\/el-documental-de-la-esperanza\\\/\",\"name\":\"\u00a1El Documental de la Esperanza! - Zero Magazine\",\"isPartOf\":{\"@id\":\"https:\\\/\\\/zeromagazine.mx\\\/#website\"},\"primaryImageOfPage\":{\"@id\":\"https:\\\/\\\/zeromagazine.mx\\\/index.php\\\/2024\\\/08\\\/13\\\/el-documental-de-la-esperanza\\\/#primaryimage\"},\"image\":{\"@id\":\"https:\\\/\\\/zeromagazine.mx\\\/index.php\\\/2024\\\/08\\\/13\\\/el-documental-de-la-esperanza\\\/#primaryimage\"},\"thumbnailUrl\":\"https:\\\/\\\/i0.wp.com\\\/zeromagazine.mx\\\/wp-content\\\/uploads\\\/2024\\\/08\\\/unnamed-23.jpg?fit=1725%2C656&ssl=1\",\"datePublished\":\"2024-08-13T18:47:23+00:00\",\"dateModified\":\"2024-08-13T18:47:25+00:00\",\"breadcrumb\":{\"@id\":\"https:\\\/\\\/zeromagazine.mx\\\/index.php\\\/2024\\\/08\\\/13\\\/el-documental-de-la-esperanza\\\/#breadcrumb\"},\"inLanguage\":\"es\",\"potentialAction\":[{\"@type\":\"ReadAction\",\"target\":[\"https:\\\/\\\/zeromagazine.mx\\\/index.php\\\/2024\\\/08\\\/13\\\/el-documental-de-la-esperanza\\\/\"]}]},{\"@type\":\"ImageObject\",\"inLanguage\":\"es\",\"@id\":\"https:\\\/\\\/zeromagazine.mx\\\/index.php\\\/2024\\\/08\\\/13\\\/el-documental-de-la-esperanza\\\/#primaryimage\",\"url\":\"https:\\\/\\\/i0.wp.com\\\/zeromagazine.mx\\\/wp-content\\\/uploads\\\/2024\\\/08\\\/unnamed-23.jpg?fit=1725%2C656&ssl=1\",\"contentUrl\":\"https:\\\/\\\/i0.wp.com\\\/zeromagazine.mx\\\/wp-content\\\/uploads\\\/2024\\\/08\\\/unnamed-23.jpg?fit=1725%2C656&ssl=1\",\"width\":1725,\"height\":656},{\"@type\":\"BreadcrumbList\",\"@id\":\"https:\\\/\\\/zeromagazine.mx\\\/index.php\\\/2024\\\/08\\\/13\\\/el-documental-de-la-esperanza\\\/#breadcrumb\",\"itemListElement\":[{\"@type\":\"ListItem\",\"position\":1,\"name\":\"Portada\",\"item\":\"https:\\\/\\\/zeromagazine.mx\\\/\"},{\"@type\":\"ListItem\",\"position\":2,\"name\":\"\u00a1El Documental de la Esperanza!\"}]},{\"@type\":\"WebSite\",\"@id\":\"https:\\\/\\\/zeromagazine.mx\\\/#website\",\"url\":\"https:\\\/\\\/zeromagazine.mx\\\/\",\"name\":\"Zero Magazine\",\"description\":\"\",\"publisher\":{\"@id\":\"https:\\\/\\\/zeromagazine.mx\\\/#organization\"},\"potentialAction\":[{\"@type\":\"SearchAction\",\"target\":{\"@type\":\"EntryPoint\",\"urlTemplate\":\"https:\\\/\\\/zeromagazine.mx\\\/?s={search_term_string}\"},\"query-input\":{\"@type\":\"PropertyValueSpecification\",\"valueRequired\":true,\"valueName\":\"search_term_string\"}}],\"inLanguage\":\"es\"},{\"@type\":\"Organization\",\"@id\":\"https:\\\/\\\/zeromagazine.mx\\\/#organization\",\"name\":\"Zero Magazine\",\"url\":\"https:\\\/\\\/zeromagazine.mx\\\/\",\"logo\":{\"@type\":\"ImageObject\",\"inLanguage\":\"es\",\"@id\":\"https:\\\/\\\/zeromagazine.mx\\\/#\\\/schema\\\/logo\\\/image\\\/\",\"url\":\"https:\\\/\\\/i0.wp.com\\\/zeromagazine.mx\\\/wp-content\\\/uploads\\\/2025\\\/11\\\/1.jpeg?fit=1000%2C1000&ssl=1\",\"contentUrl\":\"https:\\\/\\\/i0.wp.com\\\/zeromagazine.mx\\\/wp-content\\\/uploads\\\/2025\\\/11\\\/1.jpeg?fit=1000%2C1000&ssl=1\",\"width\":1000,\"height\":1000,\"caption\":\"Zero Magazine\"},\"image\":{\"@id\":\"https:\\\/\\\/zeromagazine.mx\\\/#\\\/schema\\\/logo\\\/image\\\/\"},\"sameAs\":[\"https:\\\/\\\/instagram.com\\\/zeromagazinemx\"]},{\"@type\":\"Person\",\"@id\":\"https:\\\/\\\/zeromagazine.mx\\\/#\\\/schema\\\/person\\\/9aed9f33a7c39af3a348b86d723f7773\",\"name\":\"zeromagazinemx\",\"image\":{\"@type\":\"ImageObject\",\"inLanguage\":\"es\",\"@id\":\"https:\\\/\\\/zeromagazine.mx\\\/wp-content\\\/litespeed\\\/avatar\\\/f91dfe5410d5dcb1a576bf8c45983896.jpg?ver=1776966396\",\"url\":\"https:\\\/\\\/zeromagazine.mx\\\/wp-content\\\/litespeed\\\/avatar\\\/f91dfe5410d5dcb1a576bf8c45983896.jpg?ver=1776966396\",\"contentUrl\":\"https:\\\/\\\/zeromagazine.mx\\\/wp-content\\\/litespeed\\\/avatar\\\/f91dfe5410d5dcb1a576bf8c45983896.jpg?ver=1776966396\",\"caption\":\"zeromagazinemx\"},\"url\":\"https:\\\/\\\/zeromagazine.mx\\\/index.php\\\/author\\\/zeromagazinemx\\\/\"}]}<\/script>\n<!-- \/ Yoast SEO plugin. -->","yoast_head_json":{"title":"\u00a1El Documental de la Esperanza! - Zero Magazine","robots":{"index":"index","follow":"follow","max-snippet":"max-snippet:-1","max-image-preview":"max-image-preview:large","max-video-preview":"max-video-preview:-1"},"canonical":"https:\/\/zeromagazine.mx\/index.php\/2024\/08\/13\/el-documental-de-la-esperanza\/","og_locale":"es_ES","og_type":"article","og_title":"\u00a1El Documental de la Esperanza! - Zero Magazine","og_description":"\u00a1Hey cin\u00e9filxs! Les traigo una recomendaci\u00f3n imperdible, especialmente para aquellxs que est\u00e1n en el mood de reflexionar sobre el impacto social y pol\u00edtico del cine. El 5 de septiembre llega una joyita cinematogr\u00e1fica que ha conquistado el coraz\u00f3n de festivales internacionales y que, sin duda, va a tocar nuestras fibras m\u00e1s profundas: el documental \u201cHasta [&hellip;]","og_url":"https:\/\/zeromagazine.mx\/index.php\/2024\/08\/13\/el-documental-de-la-esperanza\/","og_site_name":"Zero Magazine","article_published_time":"2024-08-13T18:47:23+00:00","article_modified_time":"2024-08-13T18:47:25+00:00","og_image":[{"width":1725,"height":656,"url":"https:\/\/i0.wp.com\/zeromagazine.mx\/wp-content\/uploads\/2024\/08\/unnamed-23.jpg?fit=1725%2C656&ssl=1","type":"image\/jpeg"}],"author":"zeromagazinemx","twitter_card":"summary_large_image","twitter_misc":{"Escrito por":"zeromagazinemx","Tiempo de lectura":"4 minutos"},"schema":{"@context":"https:\/\/schema.org","@graph":[{"@type":"Article","@id":"https:\/\/zeromagazine.mx\/index.php\/2024\/08\/13\/el-documental-de-la-esperanza\/#article","isPartOf":{"@id":"https:\/\/zeromagazine.mx\/index.php\/2024\/08\/13\/el-documental-de-la-esperanza\/"},"author":{"name":"zeromagazinemx","@id":"https:\/\/zeromagazine.mx\/#\/schema\/person\/9aed9f33a7c39af3a348b86d723f7773"},"headline":"\u00a1El Documental de la Esperanza!","datePublished":"2024-08-13T18:47:23+00:00","dateModified":"2024-08-13T18:47:25+00:00","mainEntityOfPage":{"@id":"https:\/\/zeromagazine.mx\/index.php\/2024\/08\/13\/el-documental-de-la-esperanza\/"},"wordCount":890,"commentCount":0,"publisher":{"@id":"https:\/\/zeromagazine.mx\/#organization"},"image":{"@id":"https:\/\/zeromagazine.mx\/index.php\/2024\/08\/13\/el-documental-de-la-esperanza\/#primaryimage"},"thumbnailUrl":"https:\/\/i0.wp.com\/zeromagazine.mx\/wp-content\/uploads\/2024\/08\/unnamed-23.jpg?fit=1725%2C656&ssl=1","keywords":["Albeiro Camayo","Hasta que se Apague el Sol","Jonas Brander","Luz Marina Bernal"],"articleSection":["Cine","Entretenimiento"],"inLanguage":"es","potentialAction":[{"@type":"CommentAction","name":"Comment","target":["https:\/\/zeromagazine.mx\/index.php\/2024\/08\/13\/el-documental-de-la-esperanza\/#respond"]}]},{"@type":"WebPage","@id":"https:\/\/zeromagazine.mx\/index.php\/2024\/08\/13\/el-documental-de-la-esperanza\/","url":"https:\/\/zeromagazine.mx\/index.php\/2024\/08\/13\/el-documental-de-la-esperanza\/","name":"\u00a1El Documental de la Esperanza! - Zero Magazine","isPartOf":{"@id":"https:\/\/zeromagazine.mx\/#website"},"primaryImageOfPage":{"@id":"https:\/\/zeromagazine.mx\/index.php\/2024\/08\/13\/el-documental-de-la-esperanza\/#primaryimage"},"image":{"@id":"https:\/\/zeromagazine.mx\/index.php\/2024\/08\/13\/el-documental-de-la-esperanza\/#primaryimage"},"thumbnailUrl":"https:\/\/i0.wp.com\/zeromagazine.mx\/wp-content\/uploads\/2024\/08\/unnamed-23.jpg?fit=1725%2C656&ssl=1","datePublished":"2024-08-13T18:47:23+00:00","dateModified":"2024-08-13T18:47:25+00:00","breadcrumb":{"@id":"https:\/\/zeromagazine.mx\/index.php\/2024\/08\/13\/el-documental-de-la-esperanza\/#breadcrumb"},"inLanguage":"es","potentialAction":[{"@type":"ReadAction","target":["https:\/\/zeromagazine.mx\/index.php\/2024\/08\/13\/el-documental-de-la-esperanza\/"]}]},{"@type":"ImageObject","inLanguage":"es","@id":"https:\/\/zeromagazine.mx\/index.php\/2024\/08\/13\/el-documental-de-la-esperanza\/#primaryimage","url":"https:\/\/i0.wp.com\/zeromagazine.mx\/wp-content\/uploads\/2024\/08\/unnamed-23.jpg?fit=1725%2C656&ssl=1","contentUrl":"https:\/\/i0.wp.com\/zeromagazine.mx\/wp-content\/uploads\/2024\/08\/unnamed-23.jpg?fit=1725%2C656&ssl=1","width":1725,"height":656},{"@type":"BreadcrumbList","@id":"https:\/\/zeromagazine.mx\/index.php\/2024\/08\/13\/el-documental-de-la-esperanza\/#breadcrumb","itemListElement":[{"@type":"ListItem","position":1,"name":"Portada","item":"https:\/\/zeromagazine.mx\/"},{"@type":"ListItem","position":2,"name":"\u00a1El Documental de la Esperanza!"}]},{"@type":"WebSite","@id":"https:\/\/zeromagazine.mx\/#website","url":"https:\/\/zeromagazine.mx\/","name":"Zero Magazine","description":"","publisher":{"@id":"https:\/\/zeromagazine.mx\/#organization"},"potentialAction":[{"@type":"SearchAction","target":{"@type":"EntryPoint","urlTemplate":"https:\/\/zeromagazine.mx\/?s={search_term_string}"},"query-input":{"@type":"PropertyValueSpecification","valueRequired":true,"valueName":"search_term_string"}}],"inLanguage":"es"},{"@type":"Organization","@id":"https:\/\/zeromagazine.mx\/#organization","name":"Zero Magazine","url":"https:\/\/zeromagazine.mx\/","logo":{"@type":"ImageObject","inLanguage":"es","@id":"https:\/\/zeromagazine.mx\/#\/schema\/logo\/image\/","url":"https:\/\/i0.wp.com\/zeromagazine.mx\/wp-content\/uploads\/2025\/11\/1.jpeg?fit=1000%2C1000&ssl=1","contentUrl":"https:\/\/i0.wp.com\/zeromagazine.mx\/wp-content\/uploads\/2025\/11\/1.jpeg?fit=1000%2C1000&ssl=1","width":1000,"height":1000,"caption":"Zero Magazine"},"image":{"@id":"https:\/\/zeromagazine.mx\/#\/schema\/logo\/image\/"},"sameAs":["https:\/\/instagram.com\/zeromagazinemx"]},{"@type":"Person","@id":"https:\/\/zeromagazine.mx\/#\/schema\/person\/9aed9f33a7c39af3a348b86d723f7773","name":"zeromagazinemx","image":{"@type":"ImageObject","inLanguage":"es","@id":"https:\/\/zeromagazine.mx\/wp-content\/litespeed\/avatar\/f91dfe5410d5dcb1a576bf8c45983896.jpg?ver=1776966396","url":"https:\/\/zeromagazine.mx\/wp-content\/litespeed\/avatar\/f91dfe5410d5dcb1a576bf8c45983896.jpg?ver=1776966396","contentUrl":"https:\/\/zeromagazine.mx\/wp-content\/litespeed\/avatar\/f91dfe5410d5dcb1a576bf8c45983896.jpg?ver=1776966396","caption":"zeromagazinemx"},"url":"https:\/\/zeromagazine.mx\/index.php\/author\/zeromagazinemx\/"}]}},"jetpack_publicize_connections":[],"jetpack_featured_media_url":"https:\/\/i0.wp.com\/zeromagazine.mx\/wp-content\/uploads\/2024\/08\/unnamed-23.jpg?fit=1725%2C656&ssl=1","jetpack-related-posts":[{"id":86387,"url":"https:\/\/zeromagazine.mx\/index.php\/2024\/10\/12\/estado-de-silencio-periodismo-sin-miedo\/","url_meta":{"origin":81784,"position":0},"title":"\u00abEstado de Silencio: Periodismo Sin Miedo\u00bb","author":"zeromagazinemx","date":"12 de octubre de 2024","format":false,"excerpt":"Chill out, chicxs, porque hoy te vengo a contar sobre Estado de Silencio, un documental que te va a dejar pensando en lo duro que es ser periodista en M\u00e9xico, pero tambi\u00e9n te va a inspirar con las historias de personas que, a pesar de todo, siguen adelante para contar\u2026","rel":"","context":"En \u00abEntretenimiento\u00bb","block_context":{"text":"Entretenimiento","link":"https:\/\/zeromagazine.mx\/index.php\/category\/entretenimiento\/"},"img":{"alt_text":"","src":"https:\/\/i0.wp.com\/zeromagazine.mx\/wp-content\/uploads\/2024\/10\/EDS_still_03-scaled.jpg?fit=1200%2C675&ssl=1&resize=350%2C200","width":350,"height":200,"srcset":"https:\/\/i0.wp.com\/zeromagazine.mx\/wp-content\/uploads\/2024\/10\/EDS_still_03-scaled.jpg?fit=1200%2C675&ssl=1&resize=350%2C200 1x, https:\/\/i0.wp.com\/zeromagazine.mx\/wp-content\/uploads\/2024\/10\/EDS_still_03-scaled.jpg?fit=1200%2C675&ssl=1&resize=525%2C300 1.5x, https:\/\/i0.wp.com\/zeromagazine.mx\/wp-content\/uploads\/2024\/10\/EDS_still_03-scaled.jpg?fit=1200%2C675&ssl=1&resize=700%2C400 2x, https:\/\/i0.wp.com\/zeromagazine.mx\/wp-content\/uploads\/2024\/10\/EDS_still_03-scaled.jpg?fit=1200%2C675&ssl=1&resize=1050%2C600 3x"},"classes":[]},{"id":96898,"url":"https:\/\/zeromagazine.mx\/index.php\/2025\/02\/16\/una-carta-de-amor-a-la-cdmx\/","url_meta":{"origin":81784,"position":1},"title":"Una carta de amor a la CDMX","author":"David Morales","date":"16 de febrero de 2025","format":false,"excerpt":"Amix, \u00bfse imaginan ver a nuestra ca\u00f3tica, hermosa y siempre vibrante Ciudad de M\u00e9xico en un festival de cine en India? Pues eso justo pas\u00f3 en la 12\u00aa edici\u00f3n del\u00a0Noida International Film Festival-2025, un evento que se ha convertido en una gran vitrina para cineastas independientes de todo el mundo.\u2026","rel":"","context":"En \u00abCultura\u00bb","block_context":{"text":"Cultura","link":"https:\/\/zeromagazine.mx\/index.php\/category\/cultura\/"},"img":{"alt_text":"","src":"https:\/\/i0.wp.com\/zeromagazine.mx\/wp-content\/uploads\/2025\/02\/CARTEL-VERTICAL-1.png?fit=960%2C1200&ssl=1&resize=350%2C200","width":350,"height":200,"srcset":"https:\/\/i0.wp.com\/zeromagazine.mx\/wp-content\/uploads\/2025\/02\/CARTEL-VERTICAL-1.png?fit=960%2C1200&ssl=1&resize=350%2C200 1x, https:\/\/i0.wp.com\/zeromagazine.mx\/wp-content\/uploads\/2025\/02\/CARTEL-VERTICAL-1.png?fit=960%2C1200&ssl=1&resize=525%2C300 1.5x, https:\/\/i0.wp.com\/zeromagazine.mx\/wp-content\/uploads\/2025\/02\/CARTEL-VERTICAL-1.png?fit=960%2C1200&ssl=1&resize=700%2C400 2x"},"classes":[]},{"id":77472,"url":"https:\/\/zeromagazine.mx\/index.php\/2024\/06\/08\/explorando-la-naturaleza-a-traves-del-cine-socioambiental\/","url_meta":{"origin":81784,"position":2},"title":"Explorando la Naturaleza a Trav\u00e9s del Cine Socioambiental","author":"David Morales","date":"8 de junio de 2024","format":false,"excerpt":"Hoy les quiero platicar sobre algo que me tiene s\u00faper emocionade: el documental espa\u00f1ol \"Salvaxe, Salvaxe\" que estar\u00e1 en competencia por el Premio de Cine Socioambiental en el Festival Internacional de Cine de Guadalajara. Esta pel\u00edcula, dirigida por Emilio Fonseca, nos invita a reflexionar sobre nuestra relaci\u00f3n con la naturaleza\u2026","rel":"","context":"En \u00abCine\u00bb","block_context":{"text":"Cine","link":"https:\/\/zeromagazine.mx\/index.php\/category\/entretenimiento\/cine\/"},"img":{"alt_text":"","src":"https:\/\/i0.wp.com\/zeromagazine.mx\/wp-content\/uploads\/2024\/06\/Captura-de-pantalla-2024-06-07-192402.png?fit=765%2C474&ssl=1&resize=350%2C200","width":350,"height":200,"srcset":"https:\/\/i0.wp.com\/zeromagazine.mx\/wp-content\/uploads\/2024\/06\/Captura-de-pantalla-2024-06-07-192402.png?fit=765%2C474&ssl=1&resize=350%2C200 1x, https:\/\/i0.wp.com\/zeromagazine.mx\/wp-content\/uploads\/2024\/06\/Captura-de-pantalla-2024-06-07-192402.png?fit=765%2C474&ssl=1&resize=525%2C300 1.5x, https:\/\/i0.wp.com\/zeromagazine.mx\/wp-content\/uploads\/2024\/06\/Captura-de-pantalla-2024-06-07-192402.png?fit=765%2C474&ssl=1&resize=700%2C400 2x"},"classes":[]},{"id":91169,"url":"https:\/\/zeromagazine.mx\/index.php\/2024\/11\/19\/ambicion-desmedida-tangana-on-fire\/","url_meta":{"origin":81784,"position":3},"title":"\u00abAmbici\u00f3n Desmedida: Tangana On Fire\u00bb","author":"zeromagazinemx","date":"19 de noviembre de 2024","format":false,"excerpt":"Ok, fam, \u00bflistos para un planazo en diciembre que va a cerrar el a\u00f1o con todo el vibe? \u00a0El aclamado documental de\u00a0C. Tangana,\u00a0\"Esta Ambici\u00f3n Desmedida\", llega a las salas de cine en M\u00e9xico y promete ser m\u00e1s que un simple detr\u00e1s de c\u00e1maras. Es un viaje emocional, creativo y visual\u2026","rel":"","context":"En \u00abCultura\u00bb","block_context":{"text":"Cultura","link":"https:\/\/zeromagazine.mx\/index.php\/category\/cultura\/"},"img":{"alt_text":"","src":"https:\/\/i0.wp.com\/zeromagazine.mx\/wp-content\/uploads\/2024\/11\/4.jpeg?fit=1080%2C608&ssl=1&resize=350%2C200","width":350,"height":200,"srcset":"https:\/\/i0.wp.com\/zeromagazine.mx\/wp-content\/uploads\/2024\/11\/4.jpeg?fit=1080%2C608&ssl=1&resize=350%2C200 1x, https:\/\/i0.wp.com\/zeromagazine.mx\/wp-content\/uploads\/2024\/11\/4.jpeg?fit=1080%2C608&ssl=1&resize=525%2C300 1.5x, https:\/\/i0.wp.com\/zeromagazine.mx\/wp-content\/uploads\/2024\/11\/4.jpeg?fit=1080%2C608&ssl=1&resize=700%2C400 2x, https:\/\/i0.wp.com\/zeromagazine.mx\/wp-content\/uploads\/2024\/11\/4.jpeg?fit=1080%2C608&ssl=1&resize=1050%2C600 3x"},"classes":[]},{"id":119002,"url":"https:\/\/zeromagazine.mx\/index.php\/2026\/04\/18\/mailin-ficg-documental-guadalajara\/","url_meta":{"origin":81784,"position":4},"title":"MAILIN sacude el FICG","author":"zeromagazinemx","date":"18 de abril de 2026","format":false,"excerpt":"El cine documental latinoamericano acaba de subir de nivel, y s\u00ed, tienes que tener esto en tu radar. MAILIN llega al Festival Internacional de Cine en Guadalajara con una propuesta que no solo se ve, se siente. Dirigida por Mar\u00eda Silvia Esteve, esta pel\u00edcula h\u00edbrida mezcla archivo familiar, animaci\u00f3n y\u2026","rel":"","context":"En \u00abBlog\u00bb","block_context":{"text":"Blog","link":"https:\/\/zeromagazine.mx\/index.php\/category\/blog\/"},"img":{"alt_text":"","src":"https:\/\/i0.wp.com\/zeromagazine.mx\/wp-content\/uploads\/2026\/04\/unnamed-6.jpg?resize=350%2C200&ssl=1","width":350,"height":200,"srcset":"https:\/\/i0.wp.com\/zeromagazine.mx\/wp-content\/uploads\/2026\/04\/unnamed-6.jpg?resize=350%2C200&ssl=1 1x, https:\/\/i0.wp.com\/zeromagazine.mx\/wp-content\/uploads\/2026\/04\/unnamed-6.jpg?resize=525%2C300&ssl=1 1.5x, https:\/\/i0.wp.com\/zeromagazine.mx\/wp-content\/uploads\/2026\/04\/unnamed-6.jpg?resize=700%2C400&ssl=1 2x, https:\/\/i0.wp.com\/zeromagazine.mx\/wp-content\/uploads\/2026\/04\/unnamed-6.jpg?resize=1050%2C600&ssl=1 3x, https:\/\/i0.wp.com\/zeromagazine.mx\/wp-content\/uploads\/2026\/04\/unnamed-6.jpg?resize=1400%2C800&ssl=1 4x"},"classes":[]},{"id":115522,"url":"https:\/\/zeromagazine.mx\/index.php\/2026\/02\/17\/un-hijo-propio-documental-berlinale-netflix\/","url_meta":{"origin":81784,"position":5},"title":"Un hijo propio Berlinale Impacta","author":"zeromagazinemx","date":"17 de febrero de 2026","format":false,"excerpt":"El cine latinoamericano acaba de tener uno de esos momentos que se sienten hist\u00f3ricos. Un hijo propio, el nuevo documental de Maite Alberdi, se estren\u00f3 mundialmente en el Festival Internacional de Cine de Berl\u00edn y la reacci\u00f3n fue inmediata: sala llena, ovaci\u00f3n y conversaci\u00f3n intensa despu\u00e9s de la funci\u00f3n. Y\u2026","rel":"","context":"En \u00abBlog\u00bb","block_context":{"text":"Blog","link":"https:\/\/zeromagazine.mx\/index.php\/category\/blog\/"},"img":{"alt_text":"","src":"https:\/\/i0.wp.com\/zeromagazine.mx\/wp-content\/uploads\/2026\/02\/UHP_UHD_STILL_TIFF__01193208_R-scaled.jpg?fit=1200%2C589&ssl=1&resize=350%2C200","width":350,"height":200,"srcset":"https:\/\/i0.wp.com\/zeromagazine.mx\/wp-content\/uploads\/2026\/02\/UHP_UHD_STILL_TIFF__01193208_R-scaled.jpg?fit=1200%2C589&ssl=1&resize=350%2C200 1x, https:\/\/i0.wp.com\/zeromagazine.mx\/wp-content\/uploads\/2026\/02\/UHP_UHD_STILL_TIFF__01193208_R-scaled.jpg?fit=1200%2C589&ssl=1&resize=525%2C300 1.5x, https:\/\/i0.wp.com\/zeromagazine.mx\/wp-content\/uploads\/2026\/02\/UHP_UHD_STILL_TIFF__01193208_R-scaled.jpg?fit=1200%2C589&ssl=1&resize=700%2C400 2x, https:\/\/i0.wp.com\/zeromagazine.mx\/wp-content\/uploads\/2026\/02\/UHP_UHD_STILL_TIFF__01193208_R-scaled.jpg?fit=1200%2C589&ssl=1&resize=1050%2C600 3x"},"classes":[]}],"jetpack_sharing_enabled":true,"builder_content":"","_links":{"self":[{"href":"https:\/\/zeromagazine.mx\/index.php\/wp-json\/wp\/v2\/posts\/81784","targetHints":{"allow":["GET"]}}],"collection":[{"href":"https:\/\/zeromagazine.mx\/index.php\/wp-json\/wp\/v2\/posts"}],"about":[{"href":"https:\/\/zeromagazine.mx\/index.php\/wp-json\/wp\/v2\/types\/post"}],"author":[{"embeddable":true,"href":"https:\/\/zeromagazine.mx\/index.php\/wp-json\/wp\/v2\/users\/2"}],"replies":[{"embeddable":true,"href":"https:\/\/zeromagazine.mx\/index.php\/wp-json\/wp\/v2\/comments?post=81784"}],"version-history":[{"count":2,"href":"https:\/\/zeromagazine.mx\/index.php\/wp-json\/wp\/v2\/posts\/81784\/revisions"}],"predecessor-version":[{"id":81790,"href":"https:\/\/zeromagazine.mx\/index.php\/wp-json\/wp\/v2\/posts\/81784\/revisions\/81790"}],"wp:featuredmedia":[{"embeddable":true,"href":"https:\/\/zeromagazine.mx\/index.php\/wp-json\/wp\/v2\/media\/81785"}],"wp:attachment":[{"href":"https:\/\/zeromagazine.mx\/index.php\/wp-json\/wp\/v2\/media?parent=81784"}],"wp:term":[{"taxonomy":"category","embeddable":true,"href":"https:\/\/zeromagazine.mx\/index.php\/wp-json\/wp\/v2\/categories?post=81784"},{"taxonomy":"post_tag","embeddable":true,"href":"https:\/\/zeromagazine.mx\/index.php\/wp-json\/wp\/v2\/tags?post=81784"}],"curies":[{"name":"wp","href":"https:\/\/api.w.org\/{rel}","templated":true}]}}