{"id":82323,"date":"2024-08-22T22:54:21","date_gmt":"2024-08-22T20:54:21","guid":{"rendered":"https:\/\/zeromagazine.mx\/?p=82323"},"modified":"2024-08-22T22:57:12","modified_gmt":"2024-08-22T20:57:12","slug":"bose-renacido-leyenda-que-sigue-viva","status":"publish","type":"post","link":"https:\/\/zeromagazine.mx\/index.php\/2024\/08\/22\/bose-renacido-leyenda-que-sigue-viva\/","title":{"rendered":"\u00abBos\u00e9 Renacido: Leyenda Que Sigue Viva\u00bb"},"content":{"rendered":"<!--themify_builder_content-->\n<div id=\"themify_builder_content-82323\" data-postid=\"82323\" class=\"themify_builder_content themify_builder_content-82323 themify_builder tf_clear\">\n    <\/div>\n<!--\/themify_builder_content-->\n\n\n<p>\u00bfQui\u00e9n no ha escuchado alguna vez \u00abAmante Bandido\u00bb o \u00abMorena M\u00eda\u00bb? Miguel Bos\u00e9 es una leyenda viviente del pop en espa\u00f1ol, un \u00edcono que lleva d\u00e9cadas desafiando lo convencional y rompiendo barreras. Y esa esencia es lo que captura la serie&nbsp;<strong>\u201cBos\u00e9 Renacido\u201d<\/strong>&nbsp;de Movistar Plus+ y Shine Iberia, una producci\u00f3n que no solo ha conquistado a la audiencia, sino que ahora se lleva un merecid\u00edsimo reconocimiento en el FESTVAL de Vitoria-Gasteiz.<\/p>\n\n\n\n<p><strong>El Renacer de una Leyenda<\/strong><\/p>\n\n\n\n<p>\u00abBos\u00e9 Renacido\u00bb no es una serie cualquiera; es un deep dive en la vida de uno de los artistas m\u00e1s ic\u00f3nicos de la m\u00fasica en espa\u00f1ol. La serie, compuesta por cuatro cap\u00edtulos, nos lleva a trav\u00e9s de los momentos m\u00e1s cruciales de la vida de Miguel Bos\u00e9. Desde su infancia hasta su vida actual, cada cap\u00edtulo muestra lo m\u00e1s \u00edntimo de su vida personal y profesional. Y claro, no se queda solo en lo bonito; Bos\u00e9 ha tenido una vida llena desaf\u00edos y triunfos, y todo eso est\u00e1 retratado de una manera que te atrapa desde el primer episodio.<\/p>\n\n\n\n<figure class=\"wp-block-image size-full\"><img data-recalc-dims=\"1\" decoding=\"async\" width=\"1165\" height=\"1456\" src=\"https:\/\/i0.wp.com\/zeromagazine.mx\/wp-content\/uploads\/2024\/08\/37A66262-494E-4A80-8178-89B527D271B8-scaled.jpeg?resize=1165%2C1456&#038;ssl=1\" alt=\"\" class=\"wp-image-82324\" style=\"aspect-ratio:1;object-fit:cover\" srcset=\"https:\/\/i0.wp.com\/zeromagazine.mx\/wp-content\/uploads\/2024\/08\/37A66262-494E-4A80-8178-89B527D271B8-scaled.jpeg?w=2048&amp;ssl=1 2048w, https:\/\/i0.wp.com\/zeromagazine.mx\/wp-content\/uploads\/2024\/08\/37A66262-494E-4A80-8178-89B527D271B8-scaled.jpeg?resize=240%2C300&amp;ssl=1 240w, https:\/\/i0.wp.com\/zeromagazine.mx\/wp-content\/uploads\/2024\/08\/37A66262-494E-4A80-8178-89B527D271B8-scaled.jpeg?resize=819%2C1024&amp;ssl=1 819w, https:\/\/i0.wp.com\/zeromagazine.mx\/wp-content\/uploads\/2024\/08\/37A66262-494E-4A80-8178-89B527D271B8-scaled.jpeg?resize=768%2C960&amp;ssl=1 768w, https:\/\/i0.wp.com\/zeromagazine.mx\/wp-content\/uploads\/2024\/08\/37A66262-494E-4A80-8178-89B527D271B8-scaled.jpeg?resize=1229%2C1536&amp;ssl=1 1229w, https:\/\/i0.wp.com\/zeromagazine.mx\/wp-content\/uploads\/2024\/08\/37A66262-494E-4A80-8178-89B527D271B8-scaled.jpeg?resize=1638%2C2048&amp;ssl=1 1638w\" sizes=\"(max-width: 1165px) 100vw, 1165px\" \/><\/figure>\n\n\n\n<script async src=\"https:\/\/pagead2.googlesyndication.com\/pagead\/js\/adsbygoogle.js?client=ca-pub-5499304793904745\"\n     crossorigin=\"anonymous\"><\/script>\n<ins class=\"adsbygoogle\"\n     style=\"display:block; text-align:center;\"\n     data-ad-layout=\"in-article\"\n     data-ad-format=\"fluid\"\n     data-ad-client=\"ca-pub-5499304793904745\"\n     data-ad-slot=\"5994863093\"><\/ins>\n<script>\n     (adsbygoogle = window.adsbygoogle || []).push({});\n<\/script>\n\n\n\n\n<p><strong>\u00bfPor qu\u00e9 deber\u00edas ver \u00abBos\u00e9 Renacido\u00bb?<\/strong><\/p>\n\n\n\n<p>Si eres fan de&nbsp;&nbsp;su m\u00fasica&nbsp;&nbsp;o simplemente amas un buen storytime, esta serie es para ti. \u00abBos\u00e9 Renacido\u00bb no solo repasa los hits de su carrera; es un relato sincero y crudo de c\u00f3mo es ser un \u00edcono mientras navegas por la fama, la vida personal y el constante escrutinio p\u00fablico. Miguel Bos\u00e9 se desnuda emocionalmente para dejarnos ver su verdadero yo, algo que no muchos artistas se atreven a hacer.<\/p>\n\n\n\n<p>En sus propias palabras, es un proceso de soltar lastres y quedar en paz con su historia. \u00bfQui\u00e9n no ha sentido la necesidad de dejar ir ciertas cosas para poder seguir creciendo?, y\u00a0eso es lo que hace que esta serie sea memorable.<\/p>\n\n\n\n<p><strong>Un Viaje por D\u00e9cadas de M\u00fasica y Rebeld\u00eda<\/strong><\/p>\n\n\n\n<p>Bos\u00e9 ha sido un artista que siempre ha ido contra la corriente, y \u00abBos\u00e9 Renacido\u00bb nos muestra c\u00f3mo lo ha hecho. La serie captura su esp\u00edritu rebelde, su constante b\u00fasqueda por romper moldes y su compromiso por mantenerse fiel a s\u00ed mismo. Y no es para menos, el tipo ha pasado por todo, desde su lucha por la identidad sexual hasta su enfrentamiento con la industria musical.<\/p>\n\n\n\n<p>Cada episodio es como abrir un \u00e1lbum de fotos, pero con comentarios en vivo del propio Bos\u00e9. Desde sus primeros pasos en el escenario hasta sus momentos m\u00e1s controversiales,&nbsp;&nbsp;nos deja ver al artista en todas sus facetas: el hijo, el padre, el amante y, sobre todo, el \u00edcono que ha marcado generaciones.<\/p>\n\n\n\n<p><strong>Bos\u00e9: De \u00cdcono a Mito<\/strong><\/p>\n\n\n\n<p>Lo m\u00e1s heavy de \u00abBos\u00e9 Renacido\u00bb es c\u00f3mo convierte a Miguel Bos\u00e9 en algo m\u00e1s que un simple \u00edcono del pop. No es solo un artista; es una fuerza cultural, un nombre que ha sido sin\u00f3nimo de innovaci\u00f3n y valent\u00eda en el mundo del espect\u00e1culo.<\/p>\n\n\n\n<p>Lo que hace esta serie tan powerful es que te muestra c\u00f3mo Bos\u00e9 ha navegado por las olas del cambio cultural, desde los 70s hasta hoy. Su m\u00fasica, su estilo, su manera de ver la vida: todo est\u00e1 en constante evoluci\u00f3n, y eso es lo que lo hace tan relevante para cada nueva generaci\u00f3n. Es como si el tiempo no pasara por \u00e9l, sino que \u00e9l pasara por el tiempo, dejando su marca en cada d\u00e9cada.<\/p>\n\n\n\n<figure class=\"wp-block-image size-full\"><img data-recalc-dims=\"1\" decoding=\"async\" width=\"1165\" height=\"1456\" src=\"https:\/\/i0.wp.com\/zeromagazine.mx\/wp-content\/uploads\/2024\/08\/63481CC7-D9E0-473E-9930-C8F74E28B9D0-scaled.jpeg?resize=1165%2C1456&#038;ssl=1\" alt=\"\" class=\"wp-image-82325\" srcset=\"https:\/\/i0.wp.com\/zeromagazine.mx\/wp-content\/uploads\/2024\/08\/63481CC7-D9E0-473E-9930-C8F74E28B9D0-scaled.jpeg?w=2048&amp;ssl=1 2048w, https:\/\/i0.wp.com\/zeromagazine.mx\/wp-content\/uploads\/2024\/08\/63481CC7-D9E0-473E-9930-C8F74E28B9D0-scaled.jpeg?resize=240%2C300&amp;ssl=1 240w, https:\/\/i0.wp.com\/zeromagazine.mx\/wp-content\/uploads\/2024\/08\/63481CC7-D9E0-473E-9930-C8F74E28B9D0-scaled.jpeg?resize=819%2C1024&amp;ssl=1 819w, https:\/\/i0.wp.com\/zeromagazine.mx\/wp-content\/uploads\/2024\/08\/63481CC7-D9E0-473E-9930-C8F74E28B9D0-scaled.jpeg?resize=768%2C960&amp;ssl=1 768w, https:\/\/i0.wp.com\/zeromagazine.mx\/wp-content\/uploads\/2024\/08\/63481CC7-D9E0-473E-9930-C8F74E28B9D0-scaled.jpeg?resize=1229%2C1536&amp;ssl=1 1229w, https:\/\/i0.wp.com\/zeromagazine.mx\/wp-content\/uploads\/2024\/08\/63481CC7-D9E0-473E-9930-C8F74E28B9D0-scaled.jpeg?resize=1638%2C2048&amp;ssl=1 1638w\" sizes=\"(max-width: 1165px) 100vw, 1165px\" \/><\/figure>\n\n\n\n<script async src=\"https:\/\/pagead2.googlesyndication.com\/pagead\/js\/adsbygoogle.js?client=ca-pub-5499304793904745\"\n     crossorigin=\"anonymous\"><\/script>\n<ins class=\"adsbygoogle\"\n     style=\"display:block; text-align:center;\"\n     data-ad-layout=\"in-article\"\n     data-ad-format=\"fluid\"\n     data-ad-client=\"ca-pub-5499304793904745\"\n     data-ad-slot=\"5994863093\"><\/ins>\n<script>\n     (adsbygoogle = window.adsbygoogle || []).push({});\n<\/script>\n\n\n\n\n<p><strong>\u00bfQu\u00e9 Sigue para Bos\u00e9?<\/strong><\/p>\n\n\n\n<p>Ahora que \u00abBos\u00e9 Renacido\u00bb ha cerrado un cap\u00edtulo en su vida, la pregunta es: \u00bfqu\u00e9 sigue para Miguel Bos\u00e9? \u00c9l mismo lo dice en la serie: la vida que ha vivido hasta ahora ha sido excepcional, pero la que viene va a ser gloriosa. \u00bfSer\u00e1 que est\u00e1 preparando un nuevo \u00e1lbum? \u00bfTal vez una gira?&nbsp;<\/p>\n\n\n\n<p>Lo que est\u00e1 claro es que, con esta serie, Bos\u00e9 ha logrado hacer las paces con su pasado. Pero m\u00e1s importante a\u00fan, ha logrado conectar con una nueva audiencia que quiz\u00e1 no conoc\u00eda toda la magnitud de su legado. Porque si algo nos ense\u00f1a \u00abBos\u00e9 Renacido\u00bb, es que para seguir adelante, a veces hay que mirar atr\u00e1s y entender de d\u00f3nde vienes.<\/p>\n\n\n\n<p>Miguel Bos\u00e9 no solo ha renacido, sino que ha dejado claro que todav\u00eda tiene mucho que decir. Y nosotros, como espectadores, no podemos esperar a ver qu\u00e9 viene despu\u00e9s.<br><\/p>","protected":false},"excerpt":{"rendered":"<p>\u00bfQui\u00e9n no ha escuchado alguna vez \u00abAmante Bandido\u00bb o \u00abMorena M\u00eda\u00bb? Miguel Bos\u00e9 es una leyenda viviente del pop en espa\u00f1ol, un \u00edcono que lleva d\u00e9cadas desafiando lo convencional y rompiendo barreras. Y esa esencia es lo que captura la serie&nbsp;\u201cBos\u00e9 Renacido\u201d&nbsp;de Movistar Plus+ y Shine Iberia, una producci\u00f3n que no solo ha conquistado a [&hellip;]<\/p>\n","protected":false},"author":2,"featured_media":82324,"comment_status":"open","ping_status":"open","sticky":false,"template":"","format":"standard","meta":{"_jetpack_memberships_contains_paid_content":false,"footnotes":"","jetpack_publicize_message":"","jetpack_publicize_feature_enabled":true,"jetpack_social_post_already_shared":true,"jetpack_social_options":{"image_generator_settings":{"template":"highway","default_image_id":0,"font":"","enabled":false},"version":2}},"categories":[117],"tags":[9886,9887,9888],"class_list":["post-82323","post","type-post","status-publish","format-standard","has-post-thumbnail","hentry","category-entretenimiento","tag-boserenacido","tag-miguelbose","tag-movistarplus","has-post-title","has-post-date","has-post-category","has-post-tag","has-post-comment","has-post-author",""],"yoast_head":"<!-- This site is optimized with the Yoast SEO plugin v27.5 - https:\/\/yoast.com\/product\/yoast-seo-wordpress\/ -->\n<title>&quot;Bos\u00e9 Renacido: Leyenda Que Sigue Viva&quot; - Zero Magazine<\/title>\n<meta name=\"robots\" content=\"index, follow, max-snippet:-1, max-image-preview:large, max-video-preview:-1\" \/>\n<link rel=\"canonical\" href=\"https:\/\/zeromagazine.mx\/index.php\/2024\/08\/22\/bose-renacido-leyenda-que-sigue-viva\/\" \/>\n<meta property=\"og:locale\" content=\"es_ES\" \/>\n<meta property=\"og:type\" content=\"article\" \/>\n<meta property=\"og:title\" content=\"&quot;Bos\u00e9 Renacido: Leyenda Que Sigue Viva&quot; - Zero Magazine\" \/>\n<meta property=\"og:description\" content=\"\u00bfQui\u00e9n no ha escuchado alguna vez \u00abAmante Bandido\u00bb o \u00abMorena M\u00eda\u00bb? Miguel Bos\u00e9 es una leyenda viviente del pop en espa\u00f1ol, un \u00edcono que lleva d\u00e9cadas desafiando lo convencional y rompiendo barreras. Y esa esencia es lo que captura la serie&nbsp;\u201cBos\u00e9 Renacido\u201d&nbsp;de Movistar Plus+ y Shine Iberia, una producci\u00f3n que no solo ha conquistado a [&hellip;]\" \/>\n<meta property=\"og:url\" content=\"https:\/\/zeromagazine.mx\/index.php\/2024\/08\/22\/bose-renacido-leyenda-que-sigue-viva\/\" \/>\n<meta property=\"og:site_name\" content=\"Zero Magazine\" \/>\n<meta property=\"article:published_time\" content=\"2024-08-22T20:54:21+00:00\" \/>\n<meta property=\"article:modified_time\" content=\"2024-08-22T20:57:12+00:00\" \/>\n<meta property=\"og:image\" content=\"https:\/\/i0.wp.com\/zeromagazine.mx\/wp-content\/uploads\/2024\/08\/37A66262-494E-4A80-8178-89B527D271B8-scaled.jpeg?fit=2048%2C2560&ssl=1\" \/>\n\t<meta property=\"og:image:width\" content=\"2048\" \/>\n\t<meta property=\"og:image:height\" content=\"2560\" \/>\n\t<meta property=\"og:image:type\" content=\"image\/jpeg\" \/>\n<meta name=\"author\" content=\"zeromagazinemx\" \/>\n<meta name=\"twitter:card\" content=\"summary_large_image\" \/>\n<meta name=\"twitter:label1\" content=\"Escrito por\" \/>\n\t<meta name=\"twitter:data1\" content=\"zeromagazinemx\" \/>\n\t<meta name=\"twitter:label2\" content=\"Tiempo de lectura\" \/>\n\t<meta name=\"twitter:data2\" content=\"4 minutos\" \/>\n<script type=\"application\/ld+json\" class=\"yoast-schema-graph\">{\"@context\":\"https:\\\/\\\/schema.org\",\"@graph\":[{\"@type\":\"Article\",\"@id\":\"https:\\\/\\\/zeromagazine.mx\\\/index.php\\\/2024\\\/08\\\/22\\\/bose-renacido-leyenda-que-sigue-viva\\\/#article\",\"isPartOf\":{\"@id\":\"https:\\\/\\\/zeromagazine.mx\\\/index.php\\\/2024\\\/08\\\/22\\\/bose-renacido-leyenda-que-sigue-viva\\\/\"},\"author\":{\"name\":\"zeromagazinemx\",\"@id\":\"https:\\\/\\\/zeromagazine.mx\\\/#\\\/schema\\\/person\\\/9aed9f33a7c39af3a348b86d723f7773\"},\"headline\":\"\u00abBos\u00e9 Renacido: Leyenda Que Sigue Viva\u00bb\",\"datePublished\":\"2024-08-22T20:54:21+00:00\",\"dateModified\":\"2024-08-22T20:57:12+00:00\",\"mainEntityOfPage\":{\"@id\":\"https:\\\/\\\/zeromagazine.mx\\\/index.php\\\/2024\\\/08\\\/22\\\/bose-renacido-leyenda-que-sigue-viva\\\/\"},\"wordCount\":765,\"commentCount\":0,\"publisher\":{\"@id\":\"https:\\\/\\\/zeromagazine.mx\\\/#organization\"},\"image\":{\"@id\":\"https:\\\/\\\/zeromagazine.mx\\\/index.php\\\/2024\\\/08\\\/22\\\/bose-renacido-leyenda-que-sigue-viva\\\/#primaryimage\"},\"thumbnailUrl\":\"https:\\\/\\\/i0.wp.com\\\/zeromagazine.mx\\\/wp-content\\\/uploads\\\/2024\\\/08\\\/37A66262-494E-4A80-8178-89B527D271B8-scaled.jpeg?fit=2048%2C2560&ssl=1\",\"keywords\":[\"Bos\u00e9Renacido\",\"MiguelBos\u00e9\",\"MovistarPlus\"],\"articleSection\":[\"Entretenimiento\"],\"inLanguage\":\"es\",\"potentialAction\":[{\"@type\":\"CommentAction\",\"name\":\"Comment\",\"target\":[\"https:\\\/\\\/zeromagazine.mx\\\/index.php\\\/2024\\\/08\\\/22\\\/bose-renacido-leyenda-que-sigue-viva\\\/#respond\"]}]},{\"@type\":\"WebPage\",\"@id\":\"https:\\\/\\\/zeromagazine.mx\\\/index.php\\\/2024\\\/08\\\/22\\\/bose-renacido-leyenda-que-sigue-viva\\\/\",\"url\":\"https:\\\/\\\/zeromagazine.mx\\\/index.php\\\/2024\\\/08\\\/22\\\/bose-renacido-leyenda-que-sigue-viva\\\/\",\"name\":\"\\\"Bos\u00e9 Renacido: Leyenda Que Sigue Viva\\\" - Zero Magazine\",\"isPartOf\":{\"@id\":\"https:\\\/\\\/zeromagazine.mx\\\/#website\"},\"primaryImageOfPage\":{\"@id\":\"https:\\\/\\\/zeromagazine.mx\\\/index.php\\\/2024\\\/08\\\/22\\\/bose-renacido-leyenda-que-sigue-viva\\\/#primaryimage\"},\"image\":{\"@id\":\"https:\\\/\\\/zeromagazine.mx\\\/index.php\\\/2024\\\/08\\\/22\\\/bose-renacido-leyenda-que-sigue-viva\\\/#primaryimage\"},\"thumbnailUrl\":\"https:\\\/\\\/i0.wp.com\\\/zeromagazine.mx\\\/wp-content\\\/uploads\\\/2024\\\/08\\\/37A66262-494E-4A80-8178-89B527D271B8-scaled.jpeg?fit=2048%2C2560&ssl=1\",\"datePublished\":\"2024-08-22T20:54:21+00:00\",\"dateModified\":\"2024-08-22T20:57:12+00:00\",\"breadcrumb\":{\"@id\":\"https:\\\/\\\/zeromagazine.mx\\\/index.php\\\/2024\\\/08\\\/22\\\/bose-renacido-leyenda-que-sigue-viva\\\/#breadcrumb\"},\"inLanguage\":\"es\",\"potentialAction\":[{\"@type\":\"ReadAction\",\"target\":[\"https:\\\/\\\/zeromagazine.mx\\\/index.php\\\/2024\\\/08\\\/22\\\/bose-renacido-leyenda-que-sigue-viva\\\/\"]}]},{\"@type\":\"ImageObject\",\"inLanguage\":\"es\",\"@id\":\"https:\\\/\\\/zeromagazine.mx\\\/index.php\\\/2024\\\/08\\\/22\\\/bose-renacido-leyenda-que-sigue-viva\\\/#primaryimage\",\"url\":\"https:\\\/\\\/i0.wp.com\\\/zeromagazine.mx\\\/wp-content\\\/uploads\\\/2024\\\/08\\\/37A66262-494E-4A80-8178-89B527D271B8-scaled.jpeg?fit=2048%2C2560&ssl=1\",\"contentUrl\":\"https:\\\/\\\/i0.wp.com\\\/zeromagazine.mx\\\/wp-content\\\/uploads\\\/2024\\\/08\\\/37A66262-494E-4A80-8178-89B527D271B8-scaled.jpeg?fit=2048%2C2560&ssl=1\",\"width\":2048,\"height\":2560},{\"@type\":\"BreadcrumbList\",\"@id\":\"https:\\\/\\\/zeromagazine.mx\\\/index.php\\\/2024\\\/08\\\/22\\\/bose-renacido-leyenda-que-sigue-viva\\\/#breadcrumb\",\"itemListElement\":[{\"@type\":\"ListItem\",\"position\":1,\"name\":\"Portada\",\"item\":\"https:\\\/\\\/zeromagazine.mx\\\/\"},{\"@type\":\"ListItem\",\"position\":2,\"name\":\"\u00abBos\u00e9 Renacido: Leyenda Que Sigue Viva\u00bb\"}]},{\"@type\":\"WebSite\",\"@id\":\"https:\\\/\\\/zeromagazine.mx\\\/#website\",\"url\":\"https:\\\/\\\/zeromagazine.mx\\\/\",\"name\":\"Zero Magazine\",\"description\":\"\",\"publisher\":{\"@id\":\"https:\\\/\\\/zeromagazine.mx\\\/#organization\"},\"potentialAction\":[{\"@type\":\"SearchAction\",\"target\":{\"@type\":\"EntryPoint\",\"urlTemplate\":\"https:\\\/\\\/zeromagazine.mx\\\/?s={search_term_string}\"},\"query-input\":{\"@type\":\"PropertyValueSpecification\",\"valueRequired\":true,\"valueName\":\"search_term_string\"}}],\"inLanguage\":\"es\"},{\"@type\":\"Organization\",\"@id\":\"https:\\\/\\\/zeromagazine.mx\\\/#organization\",\"name\":\"Zero Magazine\",\"url\":\"https:\\\/\\\/zeromagazine.mx\\\/\",\"logo\":{\"@type\":\"ImageObject\",\"inLanguage\":\"es\",\"@id\":\"https:\\\/\\\/zeromagazine.mx\\\/#\\\/schema\\\/logo\\\/image\\\/\",\"url\":\"https:\\\/\\\/i0.wp.com\\\/zeromagazine.mx\\\/wp-content\\\/uploads\\\/2025\\\/11\\\/1.jpeg?fit=1000%2C1000&ssl=1\",\"contentUrl\":\"https:\\\/\\\/i0.wp.com\\\/zeromagazine.mx\\\/wp-content\\\/uploads\\\/2025\\\/11\\\/1.jpeg?fit=1000%2C1000&ssl=1\",\"width\":1000,\"height\":1000,\"caption\":\"Zero Magazine\"},\"image\":{\"@id\":\"https:\\\/\\\/zeromagazine.mx\\\/#\\\/schema\\\/logo\\\/image\\\/\"},\"sameAs\":[\"https:\\\/\\\/instagram.com\\\/zeromagazinemx\"]},{\"@type\":\"Person\",\"@id\":\"https:\\\/\\\/zeromagazine.mx\\\/#\\\/schema\\\/person\\\/9aed9f33a7c39af3a348b86d723f7773\",\"name\":\"zeromagazinemx\",\"image\":{\"@type\":\"ImageObject\",\"inLanguage\":\"es\",\"@id\":\"https:\\\/\\\/zeromagazine.mx\\\/wp-content\\\/litespeed\\\/avatar\\\/f91dfe5410d5dcb1a576bf8c45983896.jpg?ver=1777571230\",\"url\":\"https:\\\/\\\/zeromagazine.mx\\\/wp-content\\\/litespeed\\\/avatar\\\/f91dfe5410d5dcb1a576bf8c45983896.jpg?ver=1777571230\",\"contentUrl\":\"https:\\\/\\\/zeromagazine.mx\\\/wp-content\\\/litespeed\\\/avatar\\\/f91dfe5410d5dcb1a576bf8c45983896.jpg?ver=1777571230\",\"caption\":\"zeromagazinemx\"},\"url\":\"https:\\\/\\\/zeromagazine.mx\\\/index.php\\\/author\\\/zeromagazinemx\\\/\"}]}<\/script>\n<!-- \/ Yoast SEO plugin. -->","yoast_head_json":{"title":"\"Bos\u00e9 Renacido: Leyenda Que Sigue Viva\" - Zero Magazine","robots":{"index":"index","follow":"follow","max-snippet":"max-snippet:-1","max-image-preview":"max-image-preview:large","max-video-preview":"max-video-preview:-1"},"canonical":"https:\/\/zeromagazine.mx\/index.php\/2024\/08\/22\/bose-renacido-leyenda-que-sigue-viva\/","og_locale":"es_ES","og_type":"article","og_title":"\"Bos\u00e9 Renacido: Leyenda Que Sigue Viva\" - Zero Magazine","og_description":"\u00bfQui\u00e9n no ha escuchado alguna vez \u00abAmante Bandido\u00bb o \u00abMorena M\u00eda\u00bb? Miguel Bos\u00e9 es una leyenda viviente del pop en espa\u00f1ol, un \u00edcono que lleva d\u00e9cadas desafiando lo convencional y rompiendo barreras. Y esa esencia es lo que captura la serie&nbsp;\u201cBos\u00e9 Renacido\u201d&nbsp;de Movistar Plus+ y Shine Iberia, una producci\u00f3n que no solo ha conquistado a [&hellip;]","og_url":"https:\/\/zeromagazine.mx\/index.php\/2024\/08\/22\/bose-renacido-leyenda-que-sigue-viva\/","og_site_name":"Zero Magazine","article_published_time":"2024-08-22T20:54:21+00:00","article_modified_time":"2024-08-22T20:57:12+00:00","og_image":[{"width":2048,"height":2560,"url":"https:\/\/i0.wp.com\/zeromagazine.mx\/wp-content\/uploads\/2024\/08\/37A66262-494E-4A80-8178-89B527D271B8-scaled.jpeg?fit=2048%2C2560&ssl=1","type":"image\/jpeg"}],"author":"zeromagazinemx","twitter_card":"summary_large_image","twitter_misc":{"Escrito por":"zeromagazinemx","Tiempo de lectura":"4 minutos"},"schema":{"@context":"https:\/\/schema.org","@graph":[{"@type":"Article","@id":"https:\/\/zeromagazine.mx\/index.php\/2024\/08\/22\/bose-renacido-leyenda-que-sigue-viva\/#article","isPartOf":{"@id":"https:\/\/zeromagazine.mx\/index.php\/2024\/08\/22\/bose-renacido-leyenda-que-sigue-viva\/"},"author":{"name":"zeromagazinemx","@id":"https:\/\/zeromagazine.mx\/#\/schema\/person\/9aed9f33a7c39af3a348b86d723f7773"},"headline":"\u00abBos\u00e9 Renacido: Leyenda Que Sigue Viva\u00bb","datePublished":"2024-08-22T20:54:21+00:00","dateModified":"2024-08-22T20:57:12+00:00","mainEntityOfPage":{"@id":"https:\/\/zeromagazine.mx\/index.php\/2024\/08\/22\/bose-renacido-leyenda-que-sigue-viva\/"},"wordCount":765,"commentCount":0,"publisher":{"@id":"https:\/\/zeromagazine.mx\/#organization"},"image":{"@id":"https:\/\/zeromagazine.mx\/index.php\/2024\/08\/22\/bose-renacido-leyenda-que-sigue-viva\/#primaryimage"},"thumbnailUrl":"https:\/\/i0.wp.com\/zeromagazine.mx\/wp-content\/uploads\/2024\/08\/37A66262-494E-4A80-8178-89B527D271B8-scaled.jpeg?fit=2048%2C2560&ssl=1","keywords":["Bos\u00e9Renacido","MiguelBos\u00e9","MovistarPlus"],"articleSection":["Entretenimiento"],"inLanguage":"es","potentialAction":[{"@type":"CommentAction","name":"Comment","target":["https:\/\/zeromagazine.mx\/index.php\/2024\/08\/22\/bose-renacido-leyenda-que-sigue-viva\/#respond"]}]},{"@type":"WebPage","@id":"https:\/\/zeromagazine.mx\/index.php\/2024\/08\/22\/bose-renacido-leyenda-que-sigue-viva\/","url":"https:\/\/zeromagazine.mx\/index.php\/2024\/08\/22\/bose-renacido-leyenda-que-sigue-viva\/","name":"\"Bos\u00e9 Renacido: Leyenda Que Sigue Viva\" - Zero Magazine","isPartOf":{"@id":"https:\/\/zeromagazine.mx\/#website"},"primaryImageOfPage":{"@id":"https:\/\/zeromagazine.mx\/index.php\/2024\/08\/22\/bose-renacido-leyenda-que-sigue-viva\/#primaryimage"},"image":{"@id":"https:\/\/zeromagazine.mx\/index.php\/2024\/08\/22\/bose-renacido-leyenda-que-sigue-viva\/#primaryimage"},"thumbnailUrl":"https:\/\/i0.wp.com\/zeromagazine.mx\/wp-content\/uploads\/2024\/08\/37A66262-494E-4A80-8178-89B527D271B8-scaled.jpeg?fit=2048%2C2560&ssl=1","datePublished":"2024-08-22T20:54:21+00:00","dateModified":"2024-08-22T20:57:12+00:00","breadcrumb":{"@id":"https:\/\/zeromagazine.mx\/index.php\/2024\/08\/22\/bose-renacido-leyenda-que-sigue-viva\/#breadcrumb"},"inLanguage":"es","potentialAction":[{"@type":"ReadAction","target":["https:\/\/zeromagazine.mx\/index.php\/2024\/08\/22\/bose-renacido-leyenda-que-sigue-viva\/"]}]},{"@type":"ImageObject","inLanguage":"es","@id":"https:\/\/zeromagazine.mx\/index.php\/2024\/08\/22\/bose-renacido-leyenda-que-sigue-viva\/#primaryimage","url":"https:\/\/i0.wp.com\/zeromagazine.mx\/wp-content\/uploads\/2024\/08\/37A66262-494E-4A80-8178-89B527D271B8-scaled.jpeg?fit=2048%2C2560&ssl=1","contentUrl":"https:\/\/i0.wp.com\/zeromagazine.mx\/wp-content\/uploads\/2024\/08\/37A66262-494E-4A80-8178-89B527D271B8-scaled.jpeg?fit=2048%2C2560&ssl=1","width":2048,"height":2560},{"@type":"BreadcrumbList","@id":"https:\/\/zeromagazine.mx\/index.php\/2024\/08\/22\/bose-renacido-leyenda-que-sigue-viva\/#breadcrumb","itemListElement":[{"@type":"ListItem","position":1,"name":"Portada","item":"https:\/\/zeromagazine.mx\/"},{"@type":"ListItem","position":2,"name":"\u00abBos\u00e9 Renacido: Leyenda Que Sigue Viva\u00bb"}]},{"@type":"WebSite","@id":"https:\/\/zeromagazine.mx\/#website","url":"https:\/\/zeromagazine.mx\/","name":"Zero Magazine","description":"","publisher":{"@id":"https:\/\/zeromagazine.mx\/#organization"},"potentialAction":[{"@type":"SearchAction","target":{"@type":"EntryPoint","urlTemplate":"https:\/\/zeromagazine.mx\/?s={search_term_string}"},"query-input":{"@type":"PropertyValueSpecification","valueRequired":true,"valueName":"search_term_string"}}],"inLanguage":"es"},{"@type":"Organization","@id":"https:\/\/zeromagazine.mx\/#organization","name":"Zero Magazine","url":"https:\/\/zeromagazine.mx\/","logo":{"@type":"ImageObject","inLanguage":"es","@id":"https:\/\/zeromagazine.mx\/#\/schema\/logo\/image\/","url":"https:\/\/i0.wp.com\/zeromagazine.mx\/wp-content\/uploads\/2025\/11\/1.jpeg?fit=1000%2C1000&ssl=1","contentUrl":"https:\/\/i0.wp.com\/zeromagazine.mx\/wp-content\/uploads\/2025\/11\/1.jpeg?fit=1000%2C1000&ssl=1","width":1000,"height":1000,"caption":"Zero Magazine"},"image":{"@id":"https:\/\/zeromagazine.mx\/#\/schema\/logo\/image\/"},"sameAs":["https:\/\/instagram.com\/zeromagazinemx"]},{"@type":"Person","@id":"https:\/\/zeromagazine.mx\/#\/schema\/person\/9aed9f33a7c39af3a348b86d723f7773","name":"zeromagazinemx","image":{"@type":"ImageObject","inLanguage":"es","@id":"https:\/\/zeromagazine.mx\/wp-content\/litespeed\/avatar\/f91dfe5410d5dcb1a576bf8c45983896.jpg?ver=1777571230","url":"https:\/\/zeromagazine.mx\/wp-content\/litespeed\/avatar\/f91dfe5410d5dcb1a576bf8c45983896.jpg?ver=1777571230","contentUrl":"https:\/\/zeromagazine.mx\/wp-content\/litespeed\/avatar\/f91dfe5410d5dcb1a576bf8c45983896.jpg?ver=1777571230","caption":"zeromagazinemx"},"url":"https:\/\/zeromagazine.mx\/index.php\/author\/zeromagazinemx\/"}]}},"jetpack_publicize_connections":[],"jetpack_featured_media_url":"https:\/\/i0.wp.com\/zeromagazine.mx\/wp-content\/uploads\/2024\/08\/37A66262-494E-4A80-8178-89B527D271B8-scaled.jpeg?fit=2048%2C2560&ssl=1","jetpack-related-posts":[{"id":98621,"url":"https:\/\/zeromagazine.mx\/index.php\/2025\/03\/12\/nuevas-fechas-para-el-concierto-de-miguel-bose-en-auditorio-nacional\/","url_meta":{"origin":82323,"position":0},"title":"Miguel Bos\u00e9 Esta De Vuelta","author":"David Morales","date":"12 de marzo de 2025","format":false,"excerpt":"Amix, si crecieron escuchando los \u00e9xitos de Miguel Bos\u00e9, prep\u00e1rense porque est\u00e1 de vuelta con su tour \u201cImportante\u201d y el Auditorio Nacional ser\u00e1 testigo de su gran regreso. Sus primeras fechas (14 y 15 de marzo) ya est\u00e1n agotadas, pero a\u00fan quedan boletos para el 23 y 24 de abril.\u2026","rel":"","context":"En \u00abEntretenimiento\u00bb","block_context":{"text":"Entretenimiento","link":"https:\/\/zeromagazine.mx\/index.php\/category\/entretenimiento\/"},"img":{"alt_text":"","src":"https:\/\/i0.wp.com\/zeromagazine.mx\/wp-content\/uploads\/2025\/03\/banner-bose-1.jpg?resize=350%2C200&ssl=1","width":350,"height":200,"srcset":"https:\/\/i0.wp.com\/zeromagazine.mx\/wp-content\/uploads\/2025\/03\/banner-bose-1.jpg?resize=350%2C200&ssl=1 1x, https:\/\/i0.wp.com\/zeromagazine.mx\/wp-content\/uploads\/2025\/03\/banner-bose-1.jpg?resize=525%2C300&ssl=1 1.5x, https:\/\/i0.wp.com\/zeromagazine.mx\/wp-content\/uploads\/2025\/03\/banner-bose-1.jpg?resize=700%2C400&ssl=1 2x, https:\/\/i0.wp.com\/zeromagazine.mx\/wp-content\/uploads\/2025\/03\/banner-bose-1.jpg?resize=1050%2C600&ssl=1 3x, https:\/\/i0.wp.com\/zeromagazine.mx\/wp-content\/uploads\/2025\/03\/banner-bose-1.jpg?resize=1400%2C800&ssl=1 4x"},"classes":[]},{"id":92068,"url":"https:\/\/zeromagazine.mx\/index.php\/2024\/12\/02\/bose-regresa-con-todo-bro\/","url_meta":{"origin":82323,"position":1},"title":"\u00abBos\u00e9 Regresa con Todo, Bro!\u00bb","author":"zeromagazinemx","date":"2 de diciembre de 2024","format":false,"excerpt":"\u00a1Ya lleg\u00f3, ya est\u00e1 aqu\u00ed! Miguel Bos\u00e9 vuelve con todo el\u00a0drama, la elegancia y los vibes que lo han hecho un \u00edcono durante casi 50 a\u00f1os de carrera. Este 2025, el \"Importante Tour\" marca su gran regreso a los escenarios despu\u00e9s de siete a\u00f1os de pausa, y no podemos m\u00e1s\u2026","rel":"","context":"En \u00abEntretenimiento\u00bb","block_context":{"text":"Entretenimiento","link":"https:\/\/zeromagazine.mx\/index.php\/category\/entretenimiento\/"},"img":{"alt_text":"","src":"https:\/\/i0.wp.com\/zeromagazine.mx\/wp-content\/uploads\/2024\/12\/F07_MIguel-Bose_2816-scaled.jpg?fit=818%2C1200&ssl=1&resize=350%2C200","width":350,"height":200,"srcset":"https:\/\/i0.wp.com\/zeromagazine.mx\/wp-content\/uploads\/2024\/12\/F07_MIguel-Bose_2816-scaled.jpg?fit=818%2C1200&ssl=1&resize=350%2C200 1x, https:\/\/i0.wp.com\/zeromagazine.mx\/wp-content\/uploads\/2024\/12\/F07_MIguel-Bose_2816-scaled.jpg?fit=818%2C1200&ssl=1&resize=525%2C300 1.5x, https:\/\/i0.wp.com\/zeromagazine.mx\/wp-content\/uploads\/2024\/12\/F07_MIguel-Bose_2816-scaled.jpg?fit=818%2C1200&ssl=1&resize=700%2C400 2x"},"classes":[]},{"id":103702,"url":"https:\/\/zeromagazine.mx\/index.php\/2025\/05\/06\/nueva-fecha-de-miguel-bose-en-el-auditorio-nacional\/","url_meta":{"origin":82323,"position":2},"title":"Nueva Fecha De Miguel Bos\u00e9 En El Auditorio Nacional","author":"David Morales","date":"6 de mayo de 2025","format":false,"excerpt":"Ey amix, ya s\u00e9 que en tu playlist hay de todo: reggaet\u00f3n sucio, pop indie, y obvio alguna rola triste para llorar. Pero si neta te consideras fan de la m\u00fasica que dej\u00f3 huella, entonces este anuncio te va a poner en mood de nostalgia total. Porque s\u00ed, Miguel Bos\u00e9\u2026","rel":"","context":"En \u00abEntretenimiento\u00bb","block_context":{"text":"Entretenimiento","link":"https:\/\/zeromagazine.mx\/index.php\/category\/entretenimiento\/"},"img":{"alt_text":"","src":"https:\/\/i0.wp.com\/zeromagazine.mx\/wp-content\/uploads\/2025\/05\/Todo-sobre-%E2%80%98Importante-Tour-el-regreso-de-Miguel-Bose-a-los-escenarios.jpg?fit=736%2C478&ssl=1&resize=350%2C200","width":350,"height":200,"srcset":"https:\/\/i0.wp.com\/zeromagazine.mx\/wp-content\/uploads\/2025\/05\/Todo-sobre-%E2%80%98Importante-Tour-el-regreso-de-Miguel-Bose-a-los-escenarios.jpg?fit=736%2C478&ssl=1&resize=350%2C200 1x, https:\/\/i0.wp.com\/zeromagazine.mx\/wp-content\/uploads\/2025\/05\/Todo-sobre-%E2%80%98Importante-Tour-el-regreso-de-Miguel-Bose-a-los-escenarios.jpg?fit=736%2C478&ssl=1&resize=525%2C300 1.5x, https:\/\/i0.wp.com\/zeromagazine.mx\/wp-content\/uploads\/2025\/05\/Todo-sobre-%E2%80%98Importante-Tour-el-regreso-de-Miguel-Bose-a-los-escenarios.jpg?fit=736%2C478&ssl=1&resize=700%2C400 2x"},"classes":[]},{"id":69754,"url":"https:\/\/zeromagazine.mx\/index.php\/2023\/12\/20\/reyli-barba-presenta-contigo-quierosu-nuevo-album-el-primero-como-artista-independiente\/","url_meta":{"origin":82323,"position":3},"title":"REYLI BARBA\u00a0PRESENTA\u00a0\u201cCONTIGO QUIERO\u201dSU NUEVO \u00c1LBUM, EL PRIMERO COMO ARTISTA INDEPENDIENTE","author":"David Morales","date":"20 de diciembre de 2023","format":false,"excerpt":"Reyli Barba\u00a0celebra el lanzamiento de su nuevo \u00e1lbum titulado\u00a0\"Contigo Quiero\", presentando su primera producci\u00f3n como artista independiente bajo su sello\u00a0Reyli Barba Records.El \u00e1lbum\u00a0\"Contigo Quiero\"\u00a0es una recopilaci\u00f3n emocionante de los\u00a012 temas\u00a0que Reyli lanz\u00f3 mensualmente a lo largo del a\u00f1o 2022. El t\u00edtulo del \u00e1lbum est\u00e1 inspirado en la canci\u00f3n hom\u00f3nima, la\u2026","rel":"","context":"En \u00abBlog\u00bb","block_context":{"text":"Blog","link":"https:\/\/zeromagazine.mx\/index.php\/category\/blog\/"},"img":{"alt_text":"","src":"https:\/\/i0.wp.com\/zeromagazine.mx\/wp-content\/uploads\/2023\/12\/REILY_BARBA_2-scaled.jpg?fit=1200%2C800&ssl=1&resize=350%2C200","width":350,"height":200,"srcset":"https:\/\/i0.wp.com\/zeromagazine.mx\/wp-content\/uploads\/2023\/12\/REILY_BARBA_2-scaled.jpg?fit=1200%2C800&ssl=1&resize=350%2C200 1x, https:\/\/i0.wp.com\/zeromagazine.mx\/wp-content\/uploads\/2023\/12\/REILY_BARBA_2-scaled.jpg?fit=1200%2C800&ssl=1&resize=525%2C300 1.5x, https:\/\/i0.wp.com\/zeromagazine.mx\/wp-content\/uploads\/2023\/12\/REILY_BARBA_2-scaled.jpg?fit=1200%2C800&ssl=1&resize=700%2C400 2x, https:\/\/i0.wp.com\/zeromagazine.mx\/wp-content\/uploads\/2023\/12\/REILY_BARBA_2-scaled.jpg?fit=1200%2C800&ssl=1&resize=1050%2C600 3x"},"classes":[]},{"id":105408,"url":"https:\/\/zeromagazine.mx\/index.php\/2025\/06\/03\/robert-coronel-y-su-homenaje-a-idolos-de-la-balada\/","url_meta":{"origin":82323,"position":4},"title":"Robert Coronel &amp; su homenaje a los \u00eddolos de la balada","author":"David Morales","date":"3 de junio de 2025","format":false,"excerpt":"Amix, cuando el talento, la emoci\u00f3n y la historia se juntan, se nota. Y eso justo es lo que est\u00e1 pasando con Robert Coronel, quien est\u00e1 celebrando 20 a\u00f1os de carrera art\u00edstica con su nueva gira: \u201c\u00cdDOLOS 2025\u201d. Este show no solo es m\u00fasica, es pura pasi\u00f3n que inspira. Y\u2026","rel":"","context":"En \u00abEntretenimiento\u00bb","block_context":{"text":"Entretenimiento","link":"https:\/\/zeromagazine.mx\/index.php\/category\/entretenimiento\/"},"img":{"alt_text":"","src":"https:\/\/i0.wp.com\/zeromagazine.mx\/wp-content\/uploads\/2025\/06\/Screenshot-2025-06-03-121113.png?fit=695%2C812&ssl=1&resize=350%2C200","width":350,"height":200,"srcset":"https:\/\/i0.wp.com\/zeromagazine.mx\/wp-content\/uploads\/2025\/06\/Screenshot-2025-06-03-121113.png?fit=695%2C812&ssl=1&resize=350%2C200 1x, https:\/\/i0.wp.com\/zeromagazine.mx\/wp-content\/uploads\/2025\/06\/Screenshot-2025-06-03-121113.png?fit=695%2C812&ssl=1&resize=525%2C300 1.5x"},"classes":[]},{"id":78426,"url":"https:\/\/zeromagazine.mx\/index.php\/2024\/06\/17\/mario-bautista-renace-con-fenix\/","url_meta":{"origin":82323,"position":5},"title":"Mario Bautista: Renace con \u00abF\u00e9nix\u00bb","author":"zeromagazinemx","date":"17 de junio de 2024","format":false,"excerpt":", prep\u00e1rense para presenciar el renacimiento de una de las estrellas m\u00e1s queridas de M\u00e9xico: \u00a1Mario Bautista ha lanzado su cuarto \u00e1lbum de estudio, \"F\u00e9nix\"! Desde que lo escuch\u00e9 por primera vez, no he podido sac\u00e1rmelo de la cabeza. \"F\u00e9nix\" es una oda al amor propio, la sanaci\u00f3n y la\u2026","rel":"","context":"En \u00abEntretenimiento\u00bb","block_context":{"text":"Entretenimiento","link":"https:\/\/zeromagazine.mx\/index.php\/category\/entretenimiento\/"},"img":{"alt_text":"","src":"https:\/\/i0.wp.com\/zeromagazine.mx\/wp-content\/uploads\/2024\/06\/Captura-de-pantalla-674.png?fit=532%2C528&ssl=1&resize=350%2C200","width":350,"height":200,"srcset":"https:\/\/i0.wp.com\/zeromagazine.mx\/wp-content\/uploads\/2024\/06\/Captura-de-pantalla-674.png?fit=532%2C528&ssl=1&resize=350%2C200 1x, https:\/\/i0.wp.com\/zeromagazine.mx\/wp-content\/uploads\/2024\/06\/Captura-de-pantalla-674.png?fit=532%2C528&ssl=1&resize=525%2C300 1.5x"},"classes":[]}],"jetpack_sharing_enabled":true,"builder_content":"","_links":{"self":[{"href":"https:\/\/zeromagazine.mx\/index.php\/wp-json\/wp\/v2\/posts\/82323","targetHints":{"allow":["GET"]}}],"collection":[{"href":"https:\/\/zeromagazine.mx\/index.php\/wp-json\/wp\/v2\/posts"}],"about":[{"href":"https:\/\/zeromagazine.mx\/index.php\/wp-json\/wp\/v2\/types\/post"}],"author":[{"embeddable":true,"href":"https:\/\/zeromagazine.mx\/index.php\/wp-json\/wp\/v2\/users\/2"}],"replies":[{"embeddable":true,"href":"https:\/\/zeromagazine.mx\/index.php\/wp-json\/wp\/v2\/comments?post=82323"}],"version-history":[{"count":4,"href":"https:\/\/zeromagazine.mx\/index.php\/wp-json\/wp\/v2\/posts\/82323\/revisions"}],"predecessor-version":[{"id":82330,"href":"https:\/\/zeromagazine.mx\/index.php\/wp-json\/wp\/v2\/posts\/82323\/revisions\/82330"}],"wp:featuredmedia":[{"embeddable":true,"href":"https:\/\/zeromagazine.mx\/index.php\/wp-json\/wp\/v2\/media\/82324"}],"wp:attachment":[{"href":"https:\/\/zeromagazine.mx\/index.php\/wp-json\/wp\/v2\/media?parent=82323"}],"wp:term":[{"taxonomy":"category","embeddable":true,"href":"https:\/\/zeromagazine.mx\/index.php\/wp-json\/wp\/v2\/categories?post=82323"},{"taxonomy":"post_tag","embeddable":true,"href":"https:\/\/zeromagazine.mx\/index.php\/wp-json\/wp\/v2\/tags?post=82323"}],"curies":[{"name":"wp","href":"https:\/\/api.w.org\/{rel}","templated":true}]}}