{"id":82354,"date":"2024-08-23T02:36:58","date_gmt":"2024-08-23T00:36:58","guid":{"rendered":"https:\/\/zeromagazine.mx\/?p=82354"},"modified":"2024-08-23T02:50:50","modified_gmt":"2024-08-23T00:50:50","slug":"coco-en-concierto-musica-y-tradicion","status":"publish","type":"post","link":"https:\/\/zeromagazine.mx\/index.php\/2024\/08\/23\/coco-en-concierto-musica-y-tradicion\/","title":{"rendered":"COCO en Concierto: M\u00fasica y Tradici\u00f3n"},"content":{"rendered":"<p>Chicxs, \u00bfYa est\u00e1n sintiendo el November mood o soy el \u00fanico que ya se est\u00e1 emocionande? Pues prep\u00e1rense porque El D\u00eda de Muertos se viene con todo, y este a\u00f1o la Plaza de Toros \u00abLa M\u00e9xico\u00bb va a estar on fire con un eventazo que no se pueden perder. El 2 de noviembre, alisten sus feels porque llega \u00abCOCO en concierto: una fiesta para recordar\u00bb. Spoiler alert \u00abSi quieres vivir lo mejor de la cultura mexicana con ese toque m\u00e1gico de Disney y Pixar, tienes que caerle\u00bb.<\/p>\n\n\n\n<p><strong>What\u2019s the hype all about?<\/strong><\/p>\n\n\n\n<p>Sabemos que en mi M\u00e9xico lindo, el D\u00eda de Muertos es mucho m\u00e1s que una tradici\u00f3n; es una celebraci\u00f3n llena de vibes, cultura y, obvio, amor por los que ya no est\u00e1n con nosotros. Y si le sumas la magia de Disney y Pixar con su peli  Coco, tienes una combinaci\u00f3n que te llega directo al coraz\u00f3n. Ahora prep\u00e1rate para vivir esa experiencia en vivo, con m\u00fasica, baile y un chorro de sorpresas que te har\u00e1n sentir como si estuvieras en la Tierra de los Muertos.<\/p>\n\n\n\n<script async src=\"https:\/\/pagead2.googlesyndication.com\/pagead\/js\/adsbygoogle.js?client=ca-pub-5499304793904745\"\n     crossorigin=\"anonymous\"><\/script>\n<ins class=\"adsbygoogle\"\n     style=\"display:block; text-align:center;\"\n     data-ad-layout=\"in-article\"\n     data-ad-format=\"fluid\"\n     data-ad-client=\"ca-pub-5499304793904745\"\n     data-ad-slot=\"5994863093\"><\/ins>\n<script>\n     (adsbygoogle = window.adsbygoogle || []).push({});\n<\/script>\n\n\n\n<p><\/p>\n\n\n\n<p>El \u00e9xito de Coco en 2017 fue tan \u00e9pico que no pod\u00eda quedarse solo en el cine. Despu\u00e9s de romperla en 2023, \u201cCOCO en concierto\u201d regresa a la CDMX para darles a ti y a tu familia un show que va a estar incre\u00edble. Este eventazo no es solo un concierto; es una experiencia visual y sonora que va a resaltar lo m\u00e1s chido de la cultura mexicana y rendir homenaje a una de nuestras celebraciones m\u00e1s ic\u00f3nicas.<\/p>\n\n\n\n<p><strong>\u00a1Prepara tus tickets!<\/strong><\/p>\n\n\n\n<p>Si ya te est\u00e1s preguntando cu\u00e1ndo y d\u00f3nde puedes conseguir tus boletos, aqu\u00ed te va la info: la venta exclusiva para los tarjetahabientes de HSBC VISA arranca el 20 de agosto. No solo tendr\u00e1s acceso anticipado, sino que tambi\u00e9n podr\u00e1s aprovechar un 25% de descuento, \u00a1sin l\u00edmite de boletos! Adem\u00e1s, puedes pagar en 3 o 5 meses sin intereses, as\u00ed que no hay excusas para perderte este show.<\/p>\n\n\n\n<script async src=\"https:\/\/pagead2.googlesyndication.com\/pagead\/js\/adsbygoogle.js?client=ca-pub-5499304793904745\"\n     crossorigin=\"anonymous\"><\/script>\n<ins class=\"adsbygoogle\"\n     style=\"display:block; text-align:center;\"\n     data-ad-layout=\"in-article\"\n     data-ad-format=\"fluid\"\n     data-ad-client=\"ca-pub-5499304793904745\"\n     data-ad-slot=\"5994863093\"><\/ins>\n<script>\n     (adsbygoogle = window.adsbygoogle || []).push({});\n<\/script>\n\n\n\n<p><\/p>\n\n\n\n<p>Pero wait, que si no tienes una tarjeta HSBC, don&#8217;t worry. La venta general comienza el 24 de agosto, y los boletos estar\u00e1n disponibles en Ticketmaster, en puntos de venta y en la taquilla de la Plaza de Toros.<\/p>\n\n\n\n<p><strong>\u00bfQu\u00e9 hace que este concierto sea un must?<\/strong><\/p>\n\n\n\n<p>Lo primero que debes saber es que este evento no es solo ver la pel\u00edcula en una pantalla gigante, \u00a1no no no! Estamos hablando de una experiencia next level. Durante el concierto, la pel\u00edcula Coco se proyectar\u00e1 mientras que una orquesta sinf\u00f3nica en vivo, dirigida por Chacho Gayt\u00e1n, va a tocar todas esas canciones que ya nos sabemos de memoria. Y para hacer todo m\u00e1s especial, habr\u00e1 presentaciones de artistas como Natalia Lafourcade (s\u00ed, la misma que canta \u201cRecu\u00e9rdame\u201d), Mario Bautista, Camila Fern\u00e1ndez y Sof\u00eda Garza. Literalmente, vas a sentir que eres parte  de la pel\u00edcula.<\/p>\n\n\n<div class=\"wp-block-image\">\n<figure class=\"aligncenter size-full\"><img data-recalc-dims=\"1\" decoding=\"async\" width=\"1080\" height=\"1350\" src=\"https:\/\/i0.wp.com\/zeromagazine.mx\/wp-content\/uploads\/2024\/08\/COCO_ARTISTAS_TIPOG_4x5.jpg?resize=1080%2C1350&#038;ssl=1\" alt=\"\" class=\"wp-image-82355\" srcset=\"https:\/\/i0.wp.com\/zeromagazine.mx\/wp-content\/uploads\/2024\/08\/COCO_ARTISTAS_TIPOG_4x5.jpg?w=1080&amp;ssl=1 1080w, https:\/\/i0.wp.com\/zeromagazine.mx\/wp-content\/uploads\/2024\/08\/COCO_ARTISTAS_TIPOG_4x5.jpg?resize=240%2C300&amp;ssl=1 240w, https:\/\/i0.wp.com\/zeromagazine.mx\/wp-content\/uploads\/2024\/08\/COCO_ARTISTAS_TIPOG_4x5.jpg?resize=819%2C1024&amp;ssl=1 819w, https:\/\/i0.wp.com\/zeromagazine.mx\/wp-content\/uploads\/2024\/08\/COCO_ARTISTAS_TIPOG_4x5.jpg?resize=768%2C960&amp;ssl=1 768w\" sizes=\"(max-width: 1080px) 100vw, 1080px\" \/><\/figure>\n<\/div>\n\n\n<p><\/p>\n\n\n\n<p>Asimismo, Ang\u00e9lica Vale ser\u00e1 la host de la noche, d\u00e1ndole ese toque de carisma y good vibes que la caracteriza. Pero hold on, porque eso no es todo, el Ballet Folkl\u00f3rico de M\u00e9xico, dirigido por la maestra Silvia Lozano, tambi\u00e9n se suma al show, llevando el arte y la danza tradicional fuera de lo com\u00fan. Si eres fan de los detalles y las experiencias inmersivas, te va a encantar la ofrenda interactiva, las calaveras, y los personajes m\u00e1gicos que har\u00e1n que todo se sienta como una fiesta en el mundo de COCO.<\/p>\n\n\n\n<p><strong>Una direcci\u00f3n creativa de lujo<\/strong><\/p>\n\n\n\n<p>Detr\u00e1s de toda esta magia est\u00e1 Felipe Fern\u00e1ndez del Paso, un genio en la direcci\u00f3n de teatro y cine. Este bro no es cualquier director; \u00e9l fue el mastermind de \u201cCOCO: At the Hollywood Bowl\u201d en 2019, y hasta se llev\u00f3 una nominaci\u00f3n al Oscar\u00ae por su dise\u00f1o de producci\u00f3n en la pel\u00edcula \u00abFrida\u00bb. Ya te puedes imaginar que \u201cCOCO en concierto\u201d viene con un toque de arte y creatividad que lo hace ultra especial.<\/p>\n\n\n\n<p><strong>Un poquito de contexto<\/strong><\/p>\n\n\n\n<p>Si por alguna raz\u00f3n vives debajo de una roca y a\u00fan no has visto COCO, aqu\u00ed te damos un quick recap. Esta joya de Disney y Pixar, que se estren\u00f3 en 2017, nos cuenta la historia de Miguel, un ni\u00f1o que sue\u00f1a con ser m\u00fasico, pero que accidentalmente termina en la Tierra de los Muertos. La pel\u00edcula es una lecci\u00f3n sobre la familia, nuestras ra\u00edces y, sobre todo, mantener vivos los recuerdos de nuestros seres queridos.  Lo m\u00e1s cool, es que COCO gan\u00f3 dos premios Oscar\u00ae, incluyendo Mejor Pel\u00edcula Animada y Mejor Canci\u00f3n Original por \u201cRemember Me\u201d (Recu\u00e9rdame).<\/p>\n\n\n\n<script async src=\"https:\/\/pagead2.googlesyndication.com\/pagead\/js\/adsbygoogle.js?client=ca-pub-5499304793904745\"\n     crossorigin=\"anonymous\"><\/script>\n<ins class=\"adsbygoogle\"\n     style=\"display:block; text-align:center;\"\n     data-ad-layout=\"in-article\"\n     data-ad-format=\"fluid\"\n     data-ad-client=\"ca-pub-5499304793904745\"\n     data-ad-slot=\"5994863093\"><\/ins>\n<script>\n     (adsbygoogle = window.adsbygoogle || []).push({});\n<\/script>\n\n\n\n<p><\/p>\n\n\n\n<p>Coco no solo fue un hit en cines, sino que se ha convertido en un cl\u00e1sico instant\u00e1neo que se celebra cada a\u00f1o, especialmente en M\u00e9xico. Y ahora, con \u201cCOCO en concierto: una fiesta para recordar\u201d, tienes la oportunidad de revivir esa historia de una manera completamente nueva y emocionante.<\/p>\n\n\n\n<h3 class=\"wp-block-heading\">Why you should go<\/h3>\n\n\n\n<p>No importa si eres fan de la m\u00fasica, del cine, de las tradiciones mexicanas, o simplemente si buscas un plan diferente para este D\u00eda de Muertos. Este concierto lo tiene todo: m\u00fasica en vivo, actuaciones de primera, danza, arte, y una buena dosis de feels que te van a hacer re\u00edr, llorar y cantar a todo pulm\u00f3n. Es una oportunidad para compartir con la familia y amigxs.<\/p>\n\n\n\n<script async src=\"https:\/\/pagead2.googlesyndication.com\/pagead\/js\/adsbygoogle.js?client=ca-pub-5499304793904745\"\n     crossorigin=\"anonymous\"><\/script>\n<ins class=\"adsbygoogle\"\n     style=\"display:block; text-align:center;\"\n     data-ad-layout=\"in-article\"\n     data-ad-format=\"fluid\"\n     data-ad-client=\"ca-pub-5499304793904745\"\n     data-ad-slot=\"5994863093\"><\/ins>\n<script>\n     (adsbygoogle = window.adsbygoogle || []).push({});\n<\/script>\n\n\n\n<p><\/p>\n\n\n\n<p>As\u00ed que, si quieres ser parte de esta fiesta \u00fanica, no lo pienses m\u00e1s. Checa tus opciones de boletos y prep\u00e1rate para una noche m\u00e1gica que te har\u00e1 sentir orgulloso de ser mexicano y de formar parte de una cultura tan rica y hermosa como la nuestra.<\/p>\n\n<!--themify_builder_content-->\n<div id=\"themify_builder_content-82354\" data-postid=\"82354\" class=\"themify_builder_content themify_builder_content-82354 themify_builder tf_clear\">\n    <\/div>\n<!--\/themify_builder_content-->","protected":false},"excerpt":{"rendered":"<p>Chicxs, \u00bfYa est\u00e1n sintiendo el November mood o soy el \u00fanico que ya se est\u00e1 emocionande? Pues prep\u00e1rense porque El D\u00eda de Muertos se viene con todo, y este a\u00f1o la Plaza de Toros \u00abLa M\u00e9xico\u00bb va a estar on fire con un eventazo que no se pueden perder. El 2 de noviembre, alisten sus [&hellip;]<\/p>\n","protected":false},"author":2,"featured_media":82355,"comment_status":"open","ping_status":"open","sticky":false,"template":"","format":"standard","meta":{"_jetpack_memberships_contains_paid_content":false,"footnotes":"","jetpack_publicize_message":"","jetpack_publicize_feature_enabled":true,"jetpack_social_post_already_shared":true,"jetpack_social_options":{"image_generator_settings":{"template":"highway","default_image_id":0,"font":"","enabled":false},"version":2}},"categories":[117],"tags":[9899,6693,8784,849],"class_list":["post-82354","post","type-post","status-publish","format-standard","has-post-thumbnail","hentry","category-entretenimiento","tag-coco-en-concierto","tag-disney","tag-mario-bautista","tag-pixar","has-post-title","has-post-date","has-post-category","has-post-tag","has-post-comment","has-post-author",""],"yoast_head":"<!-- This site is optimized with the Yoast SEO plugin v27.5 - https:\/\/yoast.com\/product\/yoast-seo-wordpress\/ -->\n<title>COCO en Concierto: M\u00fasica y Tradici\u00f3n - Zero Magazine<\/title>\n<meta name=\"robots\" content=\"index, follow, max-snippet:-1, max-image-preview:large, max-video-preview:-1\" \/>\n<link rel=\"canonical\" href=\"https:\/\/zeromagazine.mx\/index.php\/2024\/08\/23\/coco-en-concierto-musica-y-tradicion\/\" \/>\n<meta property=\"og:locale\" content=\"es_ES\" \/>\n<meta property=\"og:type\" content=\"article\" \/>\n<meta property=\"og:title\" content=\"COCO en Concierto: M\u00fasica y Tradici\u00f3n - Zero Magazine\" \/>\n<meta property=\"og:description\" content=\"Chicxs, \u00bfYa est\u00e1n sintiendo el November mood o soy el \u00fanico que ya se est\u00e1 emocionande? Pues prep\u00e1rense porque El D\u00eda de Muertos se viene con todo, y este a\u00f1o la Plaza de Toros \u00abLa M\u00e9xico\u00bb va a estar on fire con un eventazo que no se pueden perder. El 2 de noviembre, alisten sus [&hellip;]\" \/>\n<meta property=\"og:url\" content=\"https:\/\/zeromagazine.mx\/index.php\/2024\/08\/23\/coco-en-concierto-musica-y-tradicion\/\" \/>\n<meta property=\"og:site_name\" content=\"Zero Magazine\" \/>\n<meta property=\"article:published_time\" content=\"2024-08-23T00:36:58+00:00\" \/>\n<meta property=\"article:modified_time\" content=\"2024-08-23T00:50:50+00:00\" \/>\n<meta property=\"og:image\" content=\"https:\/\/i0.wp.com\/zeromagazine.mx\/wp-content\/uploads\/2024\/08\/COCO_ARTISTAS_TIPOG_4x5.jpg?fit=1080%2C1350&ssl=1\" \/>\n\t<meta property=\"og:image:width\" content=\"1080\" \/>\n\t<meta property=\"og:image:height\" content=\"1350\" \/>\n\t<meta property=\"og:image:type\" content=\"image\/jpeg\" \/>\n<meta name=\"author\" content=\"zeromagazinemx\" \/>\n<meta name=\"twitter:card\" content=\"summary_large_image\" \/>\n<meta name=\"twitter:label1\" content=\"Escrito por\" \/>\n\t<meta name=\"twitter:data1\" content=\"zeromagazinemx\" \/>\n\t<meta name=\"twitter:label2\" content=\"Tiempo de lectura\" \/>\n\t<meta name=\"twitter:data2\" content=\"5 minutos\" \/>\n<script type=\"application\/ld+json\" class=\"yoast-schema-graph\">{\"@context\":\"https:\\\/\\\/schema.org\",\"@graph\":[{\"@type\":\"Article\",\"@id\":\"https:\\\/\\\/zeromagazine.mx\\\/index.php\\\/2024\\\/08\\\/23\\\/coco-en-concierto-musica-y-tradicion\\\/#article\",\"isPartOf\":{\"@id\":\"https:\\\/\\\/zeromagazine.mx\\\/index.php\\\/2024\\\/08\\\/23\\\/coco-en-concierto-musica-y-tradicion\\\/\"},\"author\":{\"name\":\"zeromagazinemx\",\"@id\":\"https:\\\/\\\/zeromagazine.mx\\\/#\\\/schema\\\/person\\\/9aed9f33a7c39af3a348b86d723f7773\"},\"headline\":\"COCO en Concierto: M\u00fasica y Tradici\u00f3n\",\"datePublished\":\"2024-08-23T00:36:58+00:00\",\"dateModified\":\"2024-08-23T00:50:50+00:00\",\"mainEntityOfPage\":{\"@id\":\"https:\\\/\\\/zeromagazine.mx\\\/index.php\\\/2024\\\/08\\\/23\\\/coco-en-concierto-musica-y-tradicion\\\/\"},\"wordCount\":992,\"commentCount\":0,\"publisher\":{\"@id\":\"https:\\\/\\\/zeromagazine.mx\\\/#organization\"},\"image\":{\"@id\":\"https:\\\/\\\/zeromagazine.mx\\\/index.php\\\/2024\\\/08\\\/23\\\/coco-en-concierto-musica-y-tradicion\\\/#primaryimage\"},\"thumbnailUrl\":\"https:\\\/\\\/i0.wp.com\\\/zeromagazine.mx\\\/wp-content\\\/uploads\\\/2024\\\/08\\\/COCO_ARTISTAS_TIPOG_4x5.jpg?fit=1080%2C1350&ssl=1\",\"keywords\":[\"COCO en concierto\",\"Disney\",\"Mario Bautista\",\"pixar\"],\"articleSection\":[\"Entretenimiento\"],\"inLanguage\":\"es\",\"potentialAction\":[{\"@type\":\"CommentAction\",\"name\":\"Comment\",\"target\":[\"https:\\\/\\\/zeromagazine.mx\\\/index.php\\\/2024\\\/08\\\/23\\\/coco-en-concierto-musica-y-tradicion\\\/#respond\"]}]},{\"@type\":\"WebPage\",\"@id\":\"https:\\\/\\\/zeromagazine.mx\\\/index.php\\\/2024\\\/08\\\/23\\\/coco-en-concierto-musica-y-tradicion\\\/\",\"url\":\"https:\\\/\\\/zeromagazine.mx\\\/index.php\\\/2024\\\/08\\\/23\\\/coco-en-concierto-musica-y-tradicion\\\/\",\"name\":\"COCO en Concierto: M\u00fasica y Tradici\u00f3n - Zero Magazine\",\"isPartOf\":{\"@id\":\"https:\\\/\\\/zeromagazine.mx\\\/#website\"},\"primaryImageOfPage\":{\"@id\":\"https:\\\/\\\/zeromagazine.mx\\\/index.php\\\/2024\\\/08\\\/23\\\/coco-en-concierto-musica-y-tradicion\\\/#primaryimage\"},\"image\":{\"@id\":\"https:\\\/\\\/zeromagazine.mx\\\/index.php\\\/2024\\\/08\\\/23\\\/coco-en-concierto-musica-y-tradicion\\\/#primaryimage\"},\"thumbnailUrl\":\"https:\\\/\\\/i0.wp.com\\\/zeromagazine.mx\\\/wp-content\\\/uploads\\\/2024\\\/08\\\/COCO_ARTISTAS_TIPOG_4x5.jpg?fit=1080%2C1350&ssl=1\",\"datePublished\":\"2024-08-23T00:36:58+00:00\",\"dateModified\":\"2024-08-23T00:50:50+00:00\",\"breadcrumb\":{\"@id\":\"https:\\\/\\\/zeromagazine.mx\\\/index.php\\\/2024\\\/08\\\/23\\\/coco-en-concierto-musica-y-tradicion\\\/#breadcrumb\"},\"inLanguage\":\"es\",\"potentialAction\":[{\"@type\":\"ReadAction\",\"target\":[\"https:\\\/\\\/zeromagazine.mx\\\/index.php\\\/2024\\\/08\\\/23\\\/coco-en-concierto-musica-y-tradicion\\\/\"]}]},{\"@type\":\"ImageObject\",\"inLanguage\":\"es\",\"@id\":\"https:\\\/\\\/zeromagazine.mx\\\/index.php\\\/2024\\\/08\\\/23\\\/coco-en-concierto-musica-y-tradicion\\\/#primaryimage\",\"url\":\"https:\\\/\\\/i0.wp.com\\\/zeromagazine.mx\\\/wp-content\\\/uploads\\\/2024\\\/08\\\/COCO_ARTISTAS_TIPOG_4x5.jpg?fit=1080%2C1350&ssl=1\",\"contentUrl\":\"https:\\\/\\\/i0.wp.com\\\/zeromagazine.mx\\\/wp-content\\\/uploads\\\/2024\\\/08\\\/COCO_ARTISTAS_TIPOG_4x5.jpg?fit=1080%2C1350&ssl=1\",\"width\":1080,\"height\":1350},{\"@type\":\"BreadcrumbList\",\"@id\":\"https:\\\/\\\/zeromagazine.mx\\\/index.php\\\/2024\\\/08\\\/23\\\/coco-en-concierto-musica-y-tradicion\\\/#breadcrumb\",\"itemListElement\":[{\"@type\":\"ListItem\",\"position\":1,\"name\":\"Portada\",\"item\":\"https:\\\/\\\/zeromagazine.mx\\\/\"},{\"@type\":\"ListItem\",\"position\":2,\"name\":\"COCO en Concierto: M\u00fasica y Tradici\u00f3n\"}]},{\"@type\":\"WebSite\",\"@id\":\"https:\\\/\\\/zeromagazine.mx\\\/#website\",\"url\":\"https:\\\/\\\/zeromagazine.mx\\\/\",\"name\":\"Zero Magazine\",\"description\":\"\",\"publisher\":{\"@id\":\"https:\\\/\\\/zeromagazine.mx\\\/#organization\"},\"potentialAction\":[{\"@type\":\"SearchAction\",\"target\":{\"@type\":\"EntryPoint\",\"urlTemplate\":\"https:\\\/\\\/zeromagazine.mx\\\/?s={search_term_string}\"},\"query-input\":{\"@type\":\"PropertyValueSpecification\",\"valueRequired\":true,\"valueName\":\"search_term_string\"}}],\"inLanguage\":\"es\"},{\"@type\":\"Organization\",\"@id\":\"https:\\\/\\\/zeromagazine.mx\\\/#organization\",\"name\":\"Zero Magazine\",\"url\":\"https:\\\/\\\/zeromagazine.mx\\\/\",\"logo\":{\"@type\":\"ImageObject\",\"inLanguage\":\"es\",\"@id\":\"https:\\\/\\\/zeromagazine.mx\\\/#\\\/schema\\\/logo\\\/image\\\/\",\"url\":\"https:\\\/\\\/i0.wp.com\\\/zeromagazine.mx\\\/wp-content\\\/uploads\\\/2025\\\/11\\\/1.jpeg?fit=1000%2C1000&ssl=1\",\"contentUrl\":\"https:\\\/\\\/i0.wp.com\\\/zeromagazine.mx\\\/wp-content\\\/uploads\\\/2025\\\/11\\\/1.jpeg?fit=1000%2C1000&ssl=1\",\"width\":1000,\"height\":1000,\"caption\":\"Zero Magazine\"},\"image\":{\"@id\":\"https:\\\/\\\/zeromagazine.mx\\\/#\\\/schema\\\/logo\\\/image\\\/\"},\"sameAs\":[\"https:\\\/\\\/instagram.com\\\/zeromagazinemx\"]},{\"@type\":\"Person\",\"@id\":\"https:\\\/\\\/zeromagazine.mx\\\/#\\\/schema\\\/person\\\/9aed9f33a7c39af3a348b86d723f7773\",\"name\":\"zeromagazinemx\",\"image\":{\"@type\":\"ImageObject\",\"inLanguage\":\"es\",\"@id\":\"https:\\\/\\\/zeromagazine.mx\\\/wp-content\\\/litespeed\\\/avatar\\\/f91dfe5410d5dcb1a576bf8c45983896.jpg?ver=1777571230\",\"url\":\"https:\\\/\\\/zeromagazine.mx\\\/wp-content\\\/litespeed\\\/avatar\\\/f91dfe5410d5dcb1a576bf8c45983896.jpg?ver=1777571230\",\"contentUrl\":\"https:\\\/\\\/zeromagazine.mx\\\/wp-content\\\/litespeed\\\/avatar\\\/f91dfe5410d5dcb1a576bf8c45983896.jpg?ver=1777571230\",\"caption\":\"zeromagazinemx\"},\"url\":\"https:\\\/\\\/zeromagazine.mx\\\/index.php\\\/author\\\/zeromagazinemx\\\/\"}]}<\/script>\n<!-- \/ Yoast SEO plugin. -->","yoast_head_json":{"title":"COCO en Concierto: M\u00fasica y Tradici\u00f3n - Zero Magazine","robots":{"index":"index","follow":"follow","max-snippet":"max-snippet:-1","max-image-preview":"max-image-preview:large","max-video-preview":"max-video-preview:-1"},"canonical":"https:\/\/zeromagazine.mx\/index.php\/2024\/08\/23\/coco-en-concierto-musica-y-tradicion\/","og_locale":"es_ES","og_type":"article","og_title":"COCO en Concierto: M\u00fasica y Tradici\u00f3n - Zero Magazine","og_description":"Chicxs, \u00bfYa est\u00e1n sintiendo el November mood o soy el \u00fanico que ya se est\u00e1 emocionande? Pues prep\u00e1rense porque El D\u00eda de Muertos se viene con todo, y este a\u00f1o la Plaza de Toros \u00abLa M\u00e9xico\u00bb va a estar on fire con un eventazo que no se pueden perder. El 2 de noviembre, alisten sus [&hellip;]","og_url":"https:\/\/zeromagazine.mx\/index.php\/2024\/08\/23\/coco-en-concierto-musica-y-tradicion\/","og_site_name":"Zero Magazine","article_published_time":"2024-08-23T00:36:58+00:00","article_modified_time":"2024-08-23T00:50:50+00:00","og_image":[{"width":1080,"height":1350,"url":"https:\/\/i0.wp.com\/zeromagazine.mx\/wp-content\/uploads\/2024\/08\/COCO_ARTISTAS_TIPOG_4x5.jpg?fit=1080%2C1350&ssl=1","type":"image\/jpeg"}],"author":"zeromagazinemx","twitter_card":"summary_large_image","twitter_misc":{"Escrito por":"zeromagazinemx","Tiempo de lectura":"5 minutos"},"schema":{"@context":"https:\/\/schema.org","@graph":[{"@type":"Article","@id":"https:\/\/zeromagazine.mx\/index.php\/2024\/08\/23\/coco-en-concierto-musica-y-tradicion\/#article","isPartOf":{"@id":"https:\/\/zeromagazine.mx\/index.php\/2024\/08\/23\/coco-en-concierto-musica-y-tradicion\/"},"author":{"name":"zeromagazinemx","@id":"https:\/\/zeromagazine.mx\/#\/schema\/person\/9aed9f33a7c39af3a348b86d723f7773"},"headline":"COCO en Concierto: M\u00fasica y Tradici\u00f3n","datePublished":"2024-08-23T00:36:58+00:00","dateModified":"2024-08-23T00:50:50+00:00","mainEntityOfPage":{"@id":"https:\/\/zeromagazine.mx\/index.php\/2024\/08\/23\/coco-en-concierto-musica-y-tradicion\/"},"wordCount":992,"commentCount":0,"publisher":{"@id":"https:\/\/zeromagazine.mx\/#organization"},"image":{"@id":"https:\/\/zeromagazine.mx\/index.php\/2024\/08\/23\/coco-en-concierto-musica-y-tradicion\/#primaryimage"},"thumbnailUrl":"https:\/\/i0.wp.com\/zeromagazine.mx\/wp-content\/uploads\/2024\/08\/COCO_ARTISTAS_TIPOG_4x5.jpg?fit=1080%2C1350&ssl=1","keywords":["COCO en concierto","Disney","Mario Bautista","pixar"],"articleSection":["Entretenimiento"],"inLanguage":"es","potentialAction":[{"@type":"CommentAction","name":"Comment","target":["https:\/\/zeromagazine.mx\/index.php\/2024\/08\/23\/coco-en-concierto-musica-y-tradicion\/#respond"]}]},{"@type":"WebPage","@id":"https:\/\/zeromagazine.mx\/index.php\/2024\/08\/23\/coco-en-concierto-musica-y-tradicion\/","url":"https:\/\/zeromagazine.mx\/index.php\/2024\/08\/23\/coco-en-concierto-musica-y-tradicion\/","name":"COCO en Concierto: M\u00fasica y Tradici\u00f3n - Zero Magazine","isPartOf":{"@id":"https:\/\/zeromagazine.mx\/#website"},"primaryImageOfPage":{"@id":"https:\/\/zeromagazine.mx\/index.php\/2024\/08\/23\/coco-en-concierto-musica-y-tradicion\/#primaryimage"},"image":{"@id":"https:\/\/zeromagazine.mx\/index.php\/2024\/08\/23\/coco-en-concierto-musica-y-tradicion\/#primaryimage"},"thumbnailUrl":"https:\/\/i0.wp.com\/zeromagazine.mx\/wp-content\/uploads\/2024\/08\/COCO_ARTISTAS_TIPOG_4x5.jpg?fit=1080%2C1350&ssl=1","datePublished":"2024-08-23T00:36:58+00:00","dateModified":"2024-08-23T00:50:50+00:00","breadcrumb":{"@id":"https:\/\/zeromagazine.mx\/index.php\/2024\/08\/23\/coco-en-concierto-musica-y-tradicion\/#breadcrumb"},"inLanguage":"es","potentialAction":[{"@type":"ReadAction","target":["https:\/\/zeromagazine.mx\/index.php\/2024\/08\/23\/coco-en-concierto-musica-y-tradicion\/"]}]},{"@type":"ImageObject","inLanguage":"es","@id":"https:\/\/zeromagazine.mx\/index.php\/2024\/08\/23\/coco-en-concierto-musica-y-tradicion\/#primaryimage","url":"https:\/\/i0.wp.com\/zeromagazine.mx\/wp-content\/uploads\/2024\/08\/COCO_ARTISTAS_TIPOG_4x5.jpg?fit=1080%2C1350&ssl=1","contentUrl":"https:\/\/i0.wp.com\/zeromagazine.mx\/wp-content\/uploads\/2024\/08\/COCO_ARTISTAS_TIPOG_4x5.jpg?fit=1080%2C1350&ssl=1","width":1080,"height":1350},{"@type":"BreadcrumbList","@id":"https:\/\/zeromagazine.mx\/index.php\/2024\/08\/23\/coco-en-concierto-musica-y-tradicion\/#breadcrumb","itemListElement":[{"@type":"ListItem","position":1,"name":"Portada","item":"https:\/\/zeromagazine.mx\/"},{"@type":"ListItem","position":2,"name":"COCO en Concierto: M\u00fasica y Tradici\u00f3n"}]},{"@type":"WebSite","@id":"https:\/\/zeromagazine.mx\/#website","url":"https:\/\/zeromagazine.mx\/","name":"Zero Magazine","description":"","publisher":{"@id":"https:\/\/zeromagazine.mx\/#organization"},"potentialAction":[{"@type":"SearchAction","target":{"@type":"EntryPoint","urlTemplate":"https:\/\/zeromagazine.mx\/?s={search_term_string}"},"query-input":{"@type":"PropertyValueSpecification","valueRequired":true,"valueName":"search_term_string"}}],"inLanguage":"es"},{"@type":"Organization","@id":"https:\/\/zeromagazine.mx\/#organization","name":"Zero Magazine","url":"https:\/\/zeromagazine.mx\/","logo":{"@type":"ImageObject","inLanguage":"es","@id":"https:\/\/zeromagazine.mx\/#\/schema\/logo\/image\/","url":"https:\/\/i0.wp.com\/zeromagazine.mx\/wp-content\/uploads\/2025\/11\/1.jpeg?fit=1000%2C1000&ssl=1","contentUrl":"https:\/\/i0.wp.com\/zeromagazine.mx\/wp-content\/uploads\/2025\/11\/1.jpeg?fit=1000%2C1000&ssl=1","width":1000,"height":1000,"caption":"Zero Magazine"},"image":{"@id":"https:\/\/zeromagazine.mx\/#\/schema\/logo\/image\/"},"sameAs":["https:\/\/instagram.com\/zeromagazinemx"]},{"@type":"Person","@id":"https:\/\/zeromagazine.mx\/#\/schema\/person\/9aed9f33a7c39af3a348b86d723f7773","name":"zeromagazinemx","image":{"@type":"ImageObject","inLanguage":"es","@id":"https:\/\/zeromagazine.mx\/wp-content\/litespeed\/avatar\/f91dfe5410d5dcb1a576bf8c45983896.jpg?ver=1777571230","url":"https:\/\/zeromagazine.mx\/wp-content\/litespeed\/avatar\/f91dfe5410d5dcb1a576bf8c45983896.jpg?ver=1777571230","contentUrl":"https:\/\/zeromagazine.mx\/wp-content\/litespeed\/avatar\/f91dfe5410d5dcb1a576bf8c45983896.jpg?ver=1777571230","caption":"zeromagazinemx"},"url":"https:\/\/zeromagazine.mx\/index.php\/author\/zeromagazinemx\/"}]}},"jetpack_publicize_connections":[],"jetpack_featured_media_url":"https:\/\/i0.wp.com\/zeromagazine.mx\/wp-content\/uploads\/2024\/08\/COCO_ARTISTAS_TIPOG_4x5.jpg?fit=1080%2C1350&ssl=1","jetpack-related-posts":[{"id":89393,"url":"https:\/\/zeromagazine.mx\/index.php\/2024\/11\/05\/coco-fiesta-de-recuerdos-epicos\/","url_meta":{"origin":82354,"position":0},"title":"\u00abCoco: Fiesta de Recuerdos \u00c9picos\u00bb","author":"zeromagazinemx","date":"5 de noviembre de 2024","format":false,"excerpt":"El D\u00eda de Muertos es una de esas festividades que vibra con una energ\u00eda \u00fanica en M\u00e9xico. Este a\u00f1o, el ambiente se volvi\u00f3 a\u00fan m\u00e1s especial gracias a\u00a0\"Coco en concierto\": \"Una Fiesta para Recordar\"\u00a0que se llev\u00f3 a cabo en la famosa Plaza de Toros \"La M\u00e9xico\". Si no estuviste ah\u00ed,\u00a0no\u2026","rel":"","context":"En \u00abEntretenimiento\u00bb","block_context":{"text":"Entretenimiento","link":"https:\/\/zeromagazine.mx\/index.php\/category\/entretenimiento\/"},"img":{"alt_text":"","src":"https:\/\/i0.wp.com\/zeromagazine.mx\/wp-content\/uploads\/2024\/11\/PHOTO-2024-11-02-20-29-59-scaled.jpg?fit=1200%2C900&ssl=1&resize=350%2C200","width":350,"height":200,"srcset":"https:\/\/i0.wp.com\/zeromagazine.mx\/wp-content\/uploads\/2024\/11\/PHOTO-2024-11-02-20-29-59-scaled.jpg?fit=1200%2C900&ssl=1&resize=350%2C200 1x, https:\/\/i0.wp.com\/zeromagazine.mx\/wp-content\/uploads\/2024\/11\/PHOTO-2024-11-02-20-29-59-scaled.jpg?fit=1200%2C900&ssl=1&resize=525%2C300 1.5x, https:\/\/i0.wp.com\/zeromagazine.mx\/wp-content\/uploads\/2024\/11\/PHOTO-2024-11-02-20-29-59-scaled.jpg?fit=1200%2C900&ssl=1&resize=700%2C400 2x, https:\/\/i0.wp.com\/zeromagazine.mx\/wp-content\/uploads\/2024\/11\/PHOTO-2024-11-02-20-29-59-scaled.jpg?fit=1200%2C900&ssl=1&resize=1050%2C600 3x"},"classes":[]},{"id":87036,"url":"https:\/\/zeromagazine.mx\/index.php\/2024\/10\/16\/hanal-pixan-la-fiesta-maya\/","url_meta":{"origin":82354,"position":1},"title":"Hanal Pix\u00e1n: La Fiesta Maya","author":"zeromagazinemx","date":"16 de octubre de 2024","format":false,"excerpt":"El Caribe Mexicano no solo es famoso por sus playas de ensue\u00f1o y su clima perfecto, sino que tambi\u00e9n es un epicentro cultural donde la vida y la muerte se entrelazan de maneras s\u00faper significativas. Este a\u00f1o, la celebraci\u00f3n del D\u00eda de Muertos y Hanal Pix\u00e1n promete ser un viaje\u2026","rel":"","context":"En \u00abEntretenimiento\u00bb","block_context":{"text":"Entretenimiento","link":"https:\/\/zeromagazine.mx\/index.php\/category\/entretenimiento\/"},"img":{"alt_text":"","src":"https:\/\/i0.wp.com\/zeromagazine.mx\/wp-content\/uploads\/2024\/10\/Hanal-Pixan.jpeg?fit=1200%2C989&ssl=1&resize=350%2C200","width":350,"height":200,"srcset":"https:\/\/i0.wp.com\/zeromagazine.mx\/wp-content\/uploads\/2024\/10\/Hanal-Pixan.jpeg?fit=1200%2C989&ssl=1&resize=350%2C200 1x, https:\/\/i0.wp.com\/zeromagazine.mx\/wp-content\/uploads\/2024\/10\/Hanal-Pixan.jpeg?fit=1200%2C989&ssl=1&resize=525%2C300 1.5x, https:\/\/i0.wp.com\/zeromagazine.mx\/wp-content\/uploads\/2024\/10\/Hanal-Pixan.jpeg?fit=1200%2C989&ssl=1&resize=700%2C400 2x, https:\/\/i0.wp.com\/zeromagazine.mx\/wp-content\/uploads\/2024\/10\/Hanal-Pixan.jpeg?fit=1200%2C989&ssl=1&resize=1050%2C600 3x"},"classes":[]},{"id":53654,"url":"https:\/\/zeromagazine.mx\/index.php\/2021\/09\/04\/preparate-este-mes-llega-pixar-fest\/","url_meta":{"origin":82354,"position":2},"title":"PREP\u00c1RATE!, este mes llega Pixar Fest","author":"zeromagazinemx","date":"4 de septiembre de 2021","format":false,"excerpt":"Este mes llega Pixar Fest con esperados estrenos y colecciones especiales en Disney+, y m\u00e1s sorpresas. Por Mayra Torres Comenzaron los estrenos de nuevos contenidos en Disney+, uno de ellos es \u201cLa vida de Dug\u201d la nueva serie animada que sigue a Dug, el perro parlante de UP: Una aventura\u2026","rel":"","context":"En \u00abEntretenimiento\u00bb","block_context":{"text":"Entretenimiento","link":"https:\/\/zeromagazine.mx\/index.php\/category\/entretenimiento\/"},"img":{"alt_text":"","src":"https:\/\/i0.wp.com\/zeromagazinemx.wpcomstaging.com\/wp-content\/uploads\/2022\/02\/b2021-contenido_waifu2x_art_noise3_scale_tta_1.png?resize=350%2C200&ssl=1","width":350,"height":200,"srcset":"https:\/\/i0.wp.com\/zeromagazinemx.wpcomstaging.com\/wp-content\/uploads\/2022\/02\/b2021-contenido_waifu2x_art_noise3_scale_tta_1.png?resize=350%2C200&ssl=1 1x, https:\/\/i0.wp.com\/zeromagazinemx.wpcomstaging.com\/wp-content\/uploads\/2022\/02\/b2021-contenido_waifu2x_art_noise3_scale_tta_1.png?resize=525%2C300&ssl=1 1.5x, https:\/\/i0.wp.com\/zeromagazinemx.wpcomstaging.com\/wp-content\/uploads\/2022\/02\/b2021-contenido_waifu2x_art_noise3_scale_tta_1.png?resize=700%2C400&ssl=1 2x"},"classes":[]},{"id":47573,"url":"https:\/\/zeromagazine.mx\/index.php\/2021\/06\/12\/nuevo-clip-y-poster-de-luca-de-disney-y-pixar\/","url_meta":{"origin":82354,"position":3},"title":"Nuevo clip y poster de Luca de Disney y Pixar","author":"zeromagazinemx","date":"12 de junio de 2021","format":false,"excerpt":"Luca, la nueva pel\u00edcula de Disney y Pixar que nos demostrar\u00e1 sobre esas amistades que nos ayudan a encontrarnos a nosotros mismos. por Moises Kushelevich En un nuevo contenido especial de Luca, comentan lo que significa para ellos la historia de la pel\u00edcula y la importancia de la amistad. Adem\u00e1s\u2026","rel":"","context":"En \u00abCine\u00bb","block_context":{"text":"Cine","link":"https:\/\/zeromagazine.mx\/index.php\/category\/entretenimiento\/cine\/"},"img":{"alt_text":"","src":"https:\/\/i0.wp.com\/zeromagazinemx.wpcomstaging.com\/wp-content\/uploads\/2022\/02\/8696b-original_1622660815_sidekick_ig_char_banner_dplus_alberto_las.jpg?resize=350%2C200&ssl=1","width":350,"height":200},"classes":[]},{"id":69894,"url":"https:\/\/zeromagazine.mx\/index.php\/2023\/12\/23\/magia-animada-2024-en-disney-pixar\/","url_meta":{"origin":82354,"position":4},"title":"\u00a1Magia Animada: 2024 en Disney-Pixar!","author":"David Morales","date":"23 de diciembre de 2023","format":false,"excerpt":"Prep\u00e1rense porque el 2024 viene con todo en cuanto a pel\u00edculas de Disney y Pixar. Tres de sus \u00faltimas joyitas llegan a la pantalla grande por primera vez, y cr\u00e9anme, \u00a1no se pueden perder esta experiencia cinematogr\u00e1fica \u00fanica! Ahora, les contar\u00e9 un poco sobre estas pel\u00edculas y lo que pueden\u2026","rel":"","context":"En \u00abCine\u00bb","block_context":{"text":"Cine","link":"https:\/\/zeromagazine.mx\/index.php\/category\/entretenimiento\/cine\/"},"img":{"alt_text":"","src":"https:\/\/i0.wp.com\/zeromagazine.mx\/wp-content\/uploads\/2023\/12\/Pixar-Poster.png?resize=350%2C200&ssl=1","width":350,"height":200},"classes":[]},{"id":80110,"url":"https:\/\/zeromagazine.mx\/index.php\/2024\/07\/10\/disfruta-las-funciones-relajadas-de-cinepolis\/","url_meta":{"origin":82354,"position":5},"title":"Disfruta las Funciones Relajadas de Cin\u00e9polis","author":"zeromagazinemx","date":"10 de julio de 2024","format":false,"excerpt":"Hoy quiero platicarles sobre algo s\u00faper cool que est\u00e1 sucediendo en los cines Cin\u00e9polis, especialmente si les interesa la inclusi\u00f3n y las pel\u00edculas de Disney. Se trata de las Funciones Incluyentes, que est\u00e1n dise\u00f1adas para que todxs podamos disfrutar de las pel\u00edculas de una manera m\u00e1s relajada y accesible. \u00bfQu\u00e9\u2026","rel":"","context":"En \u00abCine\u00bb","block_context":{"text":"Cine","link":"https:\/\/zeromagazine.mx\/index.php\/category\/entretenimiento\/cine\/"},"img":{"alt_text":"","src":"https:\/\/i0.wp.com\/zeromagazine.mx\/wp-content\/uploads\/2024\/07\/Funciones-relajadas-DA.jpg?fit=1200%2C1200&ssl=1&resize=350%2C200","width":350,"height":200,"srcset":"https:\/\/i0.wp.com\/zeromagazine.mx\/wp-content\/uploads\/2024\/07\/Funciones-relajadas-DA.jpg?fit=1200%2C1200&ssl=1&resize=350%2C200 1x, https:\/\/i0.wp.com\/zeromagazine.mx\/wp-content\/uploads\/2024\/07\/Funciones-relajadas-DA.jpg?fit=1200%2C1200&ssl=1&resize=525%2C300 1.5x, https:\/\/i0.wp.com\/zeromagazine.mx\/wp-content\/uploads\/2024\/07\/Funciones-relajadas-DA.jpg?fit=1200%2C1200&ssl=1&resize=700%2C400 2x, https:\/\/i0.wp.com\/zeromagazine.mx\/wp-content\/uploads\/2024\/07\/Funciones-relajadas-DA.jpg?fit=1200%2C1200&ssl=1&resize=1050%2C600 3x"},"classes":[]}],"jetpack_sharing_enabled":true,"builder_content":"","_links":{"self":[{"href":"https:\/\/zeromagazine.mx\/index.php\/wp-json\/wp\/v2\/posts\/82354","targetHints":{"allow":["GET"]}}],"collection":[{"href":"https:\/\/zeromagazine.mx\/index.php\/wp-json\/wp\/v2\/posts"}],"about":[{"href":"https:\/\/zeromagazine.mx\/index.php\/wp-json\/wp\/v2\/types\/post"}],"author":[{"embeddable":true,"href":"https:\/\/zeromagazine.mx\/index.php\/wp-json\/wp\/v2\/users\/2"}],"replies":[{"embeddable":true,"href":"https:\/\/zeromagazine.mx\/index.php\/wp-json\/wp\/v2\/comments?post=82354"}],"version-history":[{"count":10,"href":"https:\/\/zeromagazine.mx\/index.php\/wp-json\/wp\/v2\/posts\/82354\/revisions"}],"predecessor-version":[{"id":82366,"href":"https:\/\/zeromagazine.mx\/index.php\/wp-json\/wp\/v2\/posts\/82354\/revisions\/82366"}],"wp:featuredmedia":[{"embeddable":true,"href":"https:\/\/zeromagazine.mx\/index.php\/wp-json\/wp\/v2\/media\/82355"}],"wp:attachment":[{"href":"https:\/\/zeromagazine.mx\/index.php\/wp-json\/wp\/v2\/media?parent=82354"}],"wp:term":[{"taxonomy":"category","embeddable":true,"href":"https:\/\/zeromagazine.mx\/index.php\/wp-json\/wp\/v2\/categories?post=82354"},{"taxonomy":"post_tag","embeddable":true,"href":"https:\/\/zeromagazine.mx\/index.php\/wp-json\/wp\/v2\/tags?post=82354"}],"curies":[{"name":"wp","href":"https:\/\/api.w.org\/{rel}","templated":true}]}}