{"id":82367,"date":"2024-08-23T04:39:01","date_gmt":"2024-08-23T02:39:01","guid":{"rendered":"https:\/\/zeromagazine.mx\/?p=82367"},"modified":"2024-08-23T04:58:29","modified_gmt":"2024-08-23T02:58:29","slug":"la-paleta-de-temporada-que-necesitas","status":"publish","type":"post","link":"https:\/\/zeromagazine.mx\/index.php\/2024\/08\/23\/la-paleta-de-temporada-que-necesitas\/","title":{"rendered":"Paleta de Colores que Necesitas este Oto\u00f1o"},"content":{"rendered":"<p>\u00a1Hey, fashionistas! Prep\u00e1rense para la temporada m\u00e1s cool del a\u00f1o, porque el Fall\/Winter 2024 viene con una explosi\u00f3n de color y estilo que va a dejar a todos con la boca abierta. Los colores protagonistas baby azul, rojo intenso y gris no solo est\u00e1n dominando las pasarelas, sino que tambi\u00e9n est\u00e1n listos para transformar tu guardarropa y tu vibe. Urbanic ha llegado para llevarte a la cima de la moda con las mejores prendas de la temporada, y aqu\u00ed te contamos c\u00f3mo lucir incre\u00edble con ellos.<\/p>\n\n\n\n<p><strong>Baby Azul<\/strong><\/p>\n\n\n\n<p>\u00a1S\u00ed, escuchaste bien! El baby azul, ese tono que normalmente asociamos con la primavera, est\u00e1 de vuelta para darle un giro fresco a tu look invernal. Imagina lucir un traje sastre baby azul de Urbanic, perfecto para darle un aire relajado y sofisticado a tus d\u00edas fr\u00edos. Este color no solo es adorable, sino que tambi\u00e9n a\u00f1ade un toque inesperado de dulzura a las capas de lana y tejidos gruesos que todos amamos en invierno.<\/p>\n\n\n<div class=\"wp-block-image\">\n<figure class=\"aligncenter size-full\"><img data-recalc-dims=\"1\" decoding=\"async\" width=\"1165\" height=\"1553\" src=\"https:\/\/i0.wp.com\/zeromagazine.mx\/wp-content\/uploads\/2024\/08\/a3bbc3ecdc184684b04e122c0ef1d27aUR_w1440_q90-1-1.png?resize=1165%2C1553&#038;ssl=1\" alt=\"\" class=\"wp-image-82369\" srcset=\"https:\/\/i0.wp.com\/zeromagazine.mx\/wp-content\/uploads\/2024\/08\/a3bbc3ecdc184684b04e122c0ef1d27aUR_w1440_q90-1-1.png?w=1440&amp;ssl=1 1440w, https:\/\/i0.wp.com\/zeromagazine.mx\/wp-content\/uploads\/2024\/08\/a3bbc3ecdc184684b04e122c0ef1d27aUR_w1440_q90-1-1.png?resize=225%2C300&amp;ssl=1 225w, https:\/\/i0.wp.com\/zeromagazine.mx\/wp-content\/uploads\/2024\/08\/a3bbc3ecdc184684b04e122c0ef1d27aUR_w1440_q90-1-1.png?resize=768%2C1024&amp;ssl=1 768w, https:\/\/i0.wp.com\/zeromagazine.mx\/wp-content\/uploads\/2024\/08\/a3bbc3ecdc184684b04e122c0ef1d27aUR_w1440_q90-1-1.png?resize=1152%2C1536&amp;ssl=1 1152w\" sizes=\"(max-width: 1165px) 100vw, 1165px\" \/><\/figure>\n<\/div>\n\n\n<p><\/p>\n\n\n\n<p>\u00bfC\u00f3mo combinarlo? Puedes optar por sandalias blancas para un look m\u00e1s atrevido, o ir con algo m\u00e1s arriesgado y a\u00f1adir un top gris para un contraste cool. El resultado es un estilo moderno y relajado que te har\u00e1 destacar en cualquier lugar. Este tono es perfecto para esos d\u00edas en los que quieres sentirte c\u00f3moda y chic al mismo tiempo.<\/p>\n\n\n\n<p><strong>Rojo Intenso<\/strong><\/p>\n\n\n\n<p>Ahora, si lo que buscas es romper con la monoton\u00eda invernal, el rojo intenso es tu color. Este tono vibrante es todo sobre pasi\u00f3n y poder, y en Urbanic lo tienes en todas las formas que puedas imaginar. Desde tops ajustados hasta pantalones estructurados y maxi vestidos, el rojo promete robar miradas y corazones por igual.<\/p>\n\n\n<div class=\"wp-block-image\">\n<figure class=\"aligncenter size-full\"><img data-recalc-dims=\"1\" decoding=\"async\" width=\"750\" height=\"1000\" src=\"https:\/\/i0.wp.com\/zeromagazine.mx\/wp-content\/uploads\/2024\/08\/3e76714bed0f402b957be54ce7fa6311UR_w750_q90-1.png?resize=750%2C1000&#038;ssl=1\" alt=\"\" class=\"wp-image-82371\" srcset=\"https:\/\/i0.wp.com\/zeromagazine.mx\/wp-content\/uploads\/2024\/08\/3e76714bed0f402b957be54ce7fa6311UR_w750_q90-1.png?w=750&amp;ssl=1 750w, https:\/\/i0.wp.com\/zeromagazine.mx\/wp-content\/uploads\/2024\/08\/3e76714bed0f402b957be54ce7fa6311UR_w750_q90-1.png?resize=225%2C300&amp;ssl=1 225w\" sizes=\"(max-width: 750px) 100vw, 750px\" \/><\/figure>\n<\/div>\n\n\n<p><\/p>\n\n\n\n<p>Para un look que realmente haga una declaraci\u00f3n, mezcla tu rojo intenso con piezas en gris. El contraste visual es simplemente espectacular y exuda confianza y sofisticaci\u00f3n. Si est\u00e1s listx para brillar y destacar, no dudes en usar este color con la pasi\u00f3n que merece.<\/p>\n\n\n\n<p><strong>Gris<\/strong><\/p>\n\n\n\n<p>El gris nunca pasa de moda y esta temporada no es la excepci\u00f3n! Este color es el canvas perfecto para construir cualquier look invernal que desees. En Urbanic, el gris se presenta en todas sus formas: desde trajes de sastrer\u00eda impecables hasta prendas de punto oversized que te mantendr\u00e1n c\u00e1lida y estilosa.<\/p>\n\n\n<div class=\"wp-block-image\">\n<figure class=\"aligncenter size-full\"><img data-recalc-dims=\"1\" decoding=\"async\" width=\"750\" height=\"1000\" src=\"https:\/\/i0.wp.com\/zeromagazine.mx\/wp-content\/uploads\/2024\/08\/61a04ad19876423da53c283c4cc0b2c4UR_w750_q90-1-1.png?resize=750%2C1000\" alt=\"\" class=\"wp-image-82368\" srcset=\"https:\/\/i0.wp.com\/zeromagazine.mx\/wp-content\/uploads\/2024\/08\/61a04ad19876423da53c283c4cc0b2c4UR_w750_q90-1-1.png?w=750&amp;ssl=1 750w, https:\/\/i0.wp.com\/zeromagazine.mx\/wp-content\/uploads\/2024\/08\/61a04ad19876423da53c283c4cc0b2c4UR_w750_q90-1-1.png?resize=225%2C300&amp;ssl=1 225w\" sizes=\"(max-width: 750px) 100vw, 750px\" \/><\/figure>\n<\/div>\n\n\n<p><\/p>\n\n\n<div class=\"wp-block-image\">\n<figure class=\"aligncenter size-full\"><img data-recalc-dims=\"1\" decoding=\"async\" width=\"750\" height=\"1000\" src=\"https:\/\/i0.wp.com\/zeromagazine.mx\/wp-content\/uploads\/2024\/08\/c6bf4e6dfeea4f35901540eb47834b54UR_w750_q90-1.png?resize=750%2C1000&#038;ssl=1\" alt=\"\" class=\"wp-image-82370\" srcset=\"https:\/\/i0.wp.com\/zeromagazine.mx\/wp-content\/uploads\/2024\/08\/c6bf4e6dfeea4f35901540eb47834b54UR_w750_q90-1.png?w=750&amp;ssl=1 750w, https:\/\/i0.wp.com\/zeromagazine.mx\/wp-content\/uploads\/2024\/08\/c6bf4e6dfeea4f35901540eb47834b54UR_w750_q90-1.png?resize=225%2C300&amp;ssl=1 225w\" sizes=\"(max-width: 750px) 100vw, 750px\" \/><\/figure>\n<\/div>\n\n\n<p><\/p>\n\n\n\n<p>De seguro te estas preguntando c\u00f3mo llevar el gris \u00bfverdad? La clave est\u00e1 en mezclar diferentes tonalidades para crear un look monocrom\u00e1tico lleno de profundidad. Comb\u00ednalo con el baby azul para un toque inesperado y vibrante, o a\u00f1ade un toque de rojo para un contraste que realmente haga pop. Las posibilidades son infinitas, y Urbanic tiene todo lo que necesitas para experimentar y encontrar tu estilo \u00fanico.<\/p>\n\n\n\n<script async src=\"https:\/\/pagead2.googlesyndication.com\/pagead\/js\/adsbygoogle.js?client=ca-pub-5499304793904745\"\n     crossorigin=\"anonymous\"><\/script>\n<ins class=\"adsbygoogle\"\n     style=\"display:block; text-align:center;\"\n     data-ad-layout=\"in-article\"\n     data-ad-format=\"fluid\"\n     data-ad-client=\"ca-pub-5499304793904745\"\n     data-ad-slot=\"5994863093\"><\/ins>\n<script>\n     (adsbygoogle = window.adsbygoogle || []).push({});\n<\/script>\n\n\n\n<p><\/p>\n\n\n\n<p>En esta temporada, Urbanic no solo te ofrece prendas, sino herramientas para que escribas tu propia historia de estilo. Los colores protagonistas no son solo tendencias, son una extensi\u00f3n de tu identidad y car\u00e1cter. As\u00ed que, \u00bfpor qu\u00e9 no aprovechar al m\u00e1ximo cada pieza y crear looks que reflejen qui\u00e9n eres?<\/p>\n\n<!--themify_builder_content-->\n<div id=\"themify_builder_content-82367\" data-postid=\"82367\" class=\"themify_builder_content themify_builder_content-82367 themify_builder tf_clear\">\n    <\/div>\n<!--\/themify_builder_content-->","protected":false},"excerpt":{"rendered":"<p>\u00a1Hey, fashionistas! Prep\u00e1rense para la temporada m\u00e1s cool del a\u00f1o, porque el Fall\/Winter 2024 viene con una explosi\u00f3n de color y estilo que va a dejar a todos con la boca abierta. Los colores protagonistas baby azul, rojo intenso y gris no solo est\u00e1n dominando las pasarelas, sino que tambi\u00e9n est\u00e1n listos para transformar tu [&hellip;]<\/p>\n","protected":false},"author":2,"featured_media":82371,"comment_status":"open","ping_status":"open","sticky":false,"template":"","format":"standard","meta":{"_jetpack_memberships_contains_paid_content":false,"footnotes":"","jetpack_publicize_message":"","jetpack_publicize_feature_enabled":true,"jetpack_social_post_already_shared":true,"jetpack_social_options":{"image_generator_settings":{"template":"highway","default_image_id":0,"font":"","enabled":false},"version":2}},"categories":[67],"tags":[9901,9900,9902],"class_list":["post-82367","post","type-post","status-publish","format-standard","has-post-thumbnail","hentry","category-moda","tag-baby-azul","tag-fall-winter","tag-rojo-intenso","has-post-title","has-post-date","has-post-category","has-post-tag","has-post-comment","has-post-author",""],"yoast_head":"<!-- This site is optimized with the Yoast SEO plugin v27.5 - https:\/\/yoast.com\/product\/yoast-seo-wordpress\/ -->\n<title>Paleta de Colores que Necesitas este Oto\u00f1o - Zero Magazine<\/title>\n<meta name=\"robots\" content=\"index, follow, max-snippet:-1, max-image-preview:large, max-video-preview:-1\" \/>\n<link rel=\"canonical\" href=\"https:\/\/zeromagazine.mx\/index.php\/2024\/08\/23\/la-paleta-de-temporada-que-necesitas\/\" \/>\n<meta property=\"og:locale\" content=\"es_ES\" \/>\n<meta property=\"og:type\" content=\"article\" \/>\n<meta property=\"og:title\" content=\"Paleta de Colores que Necesitas este Oto\u00f1o - Zero Magazine\" \/>\n<meta property=\"og:description\" content=\"\u00a1Hey, fashionistas! Prep\u00e1rense para la temporada m\u00e1s cool del a\u00f1o, porque el Fall\/Winter 2024 viene con una explosi\u00f3n de color y estilo que va a dejar a todos con la boca abierta. Los colores protagonistas baby azul, rojo intenso y gris no solo est\u00e1n dominando las pasarelas, sino que tambi\u00e9n est\u00e1n listos para transformar tu [&hellip;]\" \/>\n<meta property=\"og:url\" content=\"https:\/\/zeromagazine.mx\/index.php\/2024\/08\/23\/la-paleta-de-temporada-que-necesitas\/\" \/>\n<meta property=\"og:site_name\" content=\"Zero Magazine\" \/>\n<meta property=\"article:published_time\" content=\"2024-08-23T02:39:01+00:00\" \/>\n<meta property=\"article:modified_time\" content=\"2024-08-23T02:58:29+00:00\" \/>\n<meta property=\"og:image\" content=\"https:\/\/i0.wp.com\/zeromagazine.mx\/wp-content\/uploads\/2024\/08\/3e76714bed0f402b957be54ce7fa6311UR_w750_q90-1.png?fit=750%2C1000&ssl=1\" \/>\n\t<meta property=\"og:image:width\" content=\"750\" \/>\n\t<meta property=\"og:image:height\" content=\"1000\" \/>\n\t<meta property=\"og:image:type\" content=\"image\/png\" \/>\n<meta name=\"author\" content=\"zeromagazinemx\" \/>\n<meta name=\"twitter:card\" content=\"summary_large_image\" \/>\n<meta name=\"twitter:label1\" content=\"Escrito por\" \/>\n\t<meta name=\"twitter:data1\" content=\"zeromagazinemx\" \/>\n\t<meta name=\"twitter:label2\" content=\"Tiempo de lectura\" \/>\n\t<meta name=\"twitter:data2\" content=\"3 minutos\" \/>\n<script type=\"application\/ld+json\" class=\"yoast-schema-graph\">{\"@context\":\"https:\\\/\\\/schema.org\",\"@graph\":[{\"@type\":\"Article\",\"@id\":\"https:\\\/\\\/zeromagazine.mx\\\/index.php\\\/2024\\\/08\\\/23\\\/la-paleta-de-temporada-que-necesitas\\\/#article\",\"isPartOf\":{\"@id\":\"https:\\\/\\\/zeromagazine.mx\\\/index.php\\\/2024\\\/08\\\/23\\\/la-paleta-de-temporada-que-necesitas\\\/\"},\"author\":{\"name\":\"zeromagazinemx\",\"@id\":\"https:\\\/\\\/zeromagazine.mx\\\/#\\\/schema\\\/person\\\/9aed9f33a7c39af3a348b86d723f7773\"},\"headline\":\"Paleta de Colores que Necesitas este Oto\u00f1o\",\"datePublished\":\"2024-08-23T02:39:01+00:00\",\"dateModified\":\"2024-08-23T02:58:29+00:00\",\"mainEntityOfPage\":{\"@id\":\"https:\\\/\\\/zeromagazine.mx\\\/index.php\\\/2024\\\/08\\\/23\\\/la-paleta-de-temporada-que-necesitas\\\/\"},\"wordCount\":542,\"commentCount\":0,\"publisher\":{\"@id\":\"https:\\\/\\\/zeromagazine.mx\\\/#organization\"},\"image\":{\"@id\":\"https:\\\/\\\/zeromagazine.mx\\\/index.php\\\/2024\\\/08\\\/23\\\/la-paleta-de-temporada-que-necesitas\\\/#primaryimage\"},\"thumbnailUrl\":\"https:\\\/\\\/i0.wp.com\\\/zeromagazine.mx\\\/wp-content\\\/uploads\\\/2024\\\/08\\\/3e76714bed0f402b957be54ce7fa6311UR_w750_q90-1.png?fit=750%2C1000&ssl=1\",\"keywords\":[\"Baby azul\",\"Fall\\\/Winter\",\"rojo intenso\"],\"articleSection\":[\"Moda\"],\"inLanguage\":\"es\",\"potentialAction\":[{\"@type\":\"CommentAction\",\"name\":\"Comment\",\"target\":[\"https:\\\/\\\/zeromagazine.mx\\\/index.php\\\/2024\\\/08\\\/23\\\/la-paleta-de-temporada-que-necesitas\\\/#respond\"]}]},{\"@type\":\"WebPage\",\"@id\":\"https:\\\/\\\/zeromagazine.mx\\\/index.php\\\/2024\\\/08\\\/23\\\/la-paleta-de-temporada-que-necesitas\\\/\",\"url\":\"https:\\\/\\\/zeromagazine.mx\\\/index.php\\\/2024\\\/08\\\/23\\\/la-paleta-de-temporada-que-necesitas\\\/\",\"name\":\"Paleta de Colores que Necesitas este Oto\u00f1o - Zero Magazine\",\"isPartOf\":{\"@id\":\"https:\\\/\\\/zeromagazine.mx\\\/#website\"},\"primaryImageOfPage\":{\"@id\":\"https:\\\/\\\/zeromagazine.mx\\\/index.php\\\/2024\\\/08\\\/23\\\/la-paleta-de-temporada-que-necesitas\\\/#primaryimage\"},\"image\":{\"@id\":\"https:\\\/\\\/zeromagazine.mx\\\/index.php\\\/2024\\\/08\\\/23\\\/la-paleta-de-temporada-que-necesitas\\\/#primaryimage\"},\"thumbnailUrl\":\"https:\\\/\\\/i0.wp.com\\\/zeromagazine.mx\\\/wp-content\\\/uploads\\\/2024\\\/08\\\/3e76714bed0f402b957be54ce7fa6311UR_w750_q90-1.png?fit=750%2C1000&ssl=1\",\"datePublished\":\"2024-08-23T02:39:01+00:00\",\"dateModified\":\"2024-08-23T02:58:29+00:00\",\"breadcrumb\":{\"@id\":\"https:\\\/\\\/zeromagazine.mx\\\/index.php\\\/2024\\\/08\\\/23\\\/la-paleta-de-temporada-que-necesitas\\\/#breadcrumb\"},\"inLanguage\":\"es\",\"potentialAction\":[{\"@type\":\"ReadAction\",\"target\":[\"https:\\\/\\\/zeromagazine.mx\\\/index.php\\\/2024\\\/08\\\/23\\\/la-paleta-de-temporada-que-necesitas\\\/\"]}]},{\"@type\":\"ImageObject\",\"inLanguage\":\"es\",\"@id\":\"https:\\\/\\\/zeromagazine.mx\\\/index.php\\\/2024\\\/08\\\/23\\\/la-paleta-de-temporada-que-necesitas\\\/#primaryimage\",\"url\":\"https:\\\/\\\/i0.wp.com\\\/zeromagazine.mx\\\/wp-content\\\/uploads\\\/2024\\\/08\\\/3e76714bed0f402b957be54ce7fa6311UR_w750_q90-1.png?fit=750%2C1000&ssl=1\",\"contentUrl\":\"https:\\\/\\\/i0.wp.com\\\/zeromagazine.mx\\\/wp-content\\\/uploads\\\/2024\\\/08\\\/3e76714bed0f402b957be54ce7fa6311UR_w750_q90-1.png?fit=750%2C1000&ssl=1\",\"width\":750,\"height\":1000},{\"@type\":\"BreadcrumbList\",\"@id\":\"https:\\\/\\\/zeromagazine.mx\\\/index.php\\\/2024\\\/08\\\/23\\\/la-paleta-de-temporada-que-necesitas\\\/#breadcrumb\",\"itemListElement\":[{\"@type\":\"ListItem\",\"position\":1,\"name\":\"Portada\",\"item\":\"https:\\\/\\\/zeromagazine.mx\\\/\"},{\"@type\":\"ListItem\",\"position\":2,\"name\":\"Paleta de Colores que Necesitas este Oto\u00f1o\"}]},{\"@type\":\"WebSite\",\"@id\":\"https:\\\/\\\/zeromagazine.mx\\\/#website\",\"url\":\"https:\\\/\\\/zeromagazine.mx\\\/\",\"name\":\"Zero Magazine\",\"description\":\"\",\"publisher\":{\"@id\":\"https:\\\/\\\/zeromagazine.mx\\\/#organization\"},\"potentialAction\":[{\"@type\":\"SearchAction\",\"target\":{\"@type\":\"EntryPoint\",\"urlTemplate\":\"https:\\\/\\\/zeromagazine.mx\\\/?s={search_term_string}\"},\"query-input\":{\"@type\":\"PropertyValueSpecification\",\"valueRequired\":true,\"valueName\":\"search_term_string\"}}],\"inLanguage\":\"es\"},{\"@type\":\"Organization\",\"@id\":\"https:\\\/\\\/zeromagazine.mx\\\/#organization\",\"name\":\"Zero Magazine\",\"url\":\"https:\\\/\\\/zeromagazine.mx\\\/\",\"logo\":{\"@type\":\"ImageObject\",\"inLanguage\":\"es\",\"@id\":\"https:\\\/\\\/zeromagazine.mx\\\/#\\\/schema\\\/logo\\\/image\\\/\",\"url\":\"https:\\\/\\\/i0.wp.com\\\/zeromagazine.mx\\\/wp-content\\\/uploads\\\/2025\\\/11\\\/1.jpeg?fit=1000%2C1000&ssl=1\",\"contentUrl\":\"https:\\\/\\\/i0.wp.com\\\/zeromagazine.mx\\\/wp-content\\\/uploads\\\/2025\\\/11\\\/1.jpeg?fit=1000%2C1000&ssl=1\",\"width\":1000,\"height\":1000,\"caption\":\"Zero Magazine\"},\"image\":{\"@id\":\"https:\\\/\\\/zeromagazine.mx\\\/#\\\/schema\\\/logo\\\/image\\\/\"},\"sameAs\":[\"https:\\\/\\\/instagram.com\\\/zeromagazinemx\"]},{\"@type\":\"Person\",\"@id\":\"https:\\\/\\\/zeromagazine.mx\\\/#\\\/schema\\\/person\\\/9aed9f33a7c39af3a348b86d723f7773\",\"name\":\"zeromagazinemx\",\"image\":{\"@type\":\"ImageObject\",\"inLanguage\":\"es\",\"@id\":\"https:\\\/\\\/zeromagazine.mx\\\/wp-content\\\/litespeed\\\/avatar\\\/f91dfe5410d5dcb1a576bf8c45983896.jpg?ver=1777571230\",\"url\":\"https:\\\/\\\/zeromagazine.mx\\\/wp-content\\\/litespeed\\\/avatar\\\/f91dfe5410d5dcb1a576bf8c45983896.jpg?ver=1777571230\",\"contentUrl\":\"https:\\\/\\\/zeromagazine.mx\\\/wp-content\\\/litespeed\\\/avatar\\\/f91dfe5410d5dcb1a576bf8c45983896.jpg?ver=1777571230\",\"caption\":\"zeromagazinemx\"},\"url\":\"https:\\\/\\\/zeromagazine.mx\\\/index.php\\\/author\\\/zeromagazinemx\\\/\"}]}<\/script>\n<!-- \/ Yoast SEO plugin. -->","yoast_head_json":{"title":"Paleta de Colores que Necesitas este Oto\u00f1o - Zero Magazine","robots":{"index":"index","follow":"follow","max-snippet":"max-snippet:-1","max-image-preview":"max-image-preview:large","max-video-preview":"max-video-preview:-1"},"canonical":"https:\/\/zeromagazine.mx\/index.php\/2024\/08\/23\/la-paleta-de-temporada-que-necesitas\/","og_locale":"es_ES","og_type":"article","og_title":"Paleta de Colores que Necesitas este Oto\u00f1o - Zero Magazine","og_description":"\u00a1Hey, fashionistas! Prep\u00e1rense para la temporada m\u00e1s cool del a\u00f1o, porque el Fall\/Winter 2024 viene con una explosi\u00f3n de color y estilo que va a dejar a todos con la boca abierta. Los colores protagonistas baby azul, rojo intenso y gris no solo est\u00e1n dominando las pasarelas, sino que tambi\u00e9n est\u00e1n listos para transformar tu [&hellip;]","og_url":"https:\/\/zeromagazine.mx\/index.php\/2024\/08\/23\/la-paleta-de-temporada-que-necesitas\/","og_site_name":"Zero Magazine","article_published_time":"2024-08-23T02:39:01+00:00","article_modified_time":"2024-08-23T02:58:29+00:00","og_image":[{"width":750,"height":1000,"url":"https:\/\/i0.wp.com\/zeromagazine.mx\/wp-content\/uploads\/2024\/08\/3e76714bed0f402b957be54ce7fa6311UR_w750_q90-1.png?fit=750%2C1000&ssl=1","type":"image\/png"}],"author":"zeromagazinemx","twitter_card":"summary_large_image","twitter_misc":{"Escrito por":"zeromagazinemx","Tiempo de lectura":"3 minutos"},"schema":{"@context":"https:\/\/schema.org","@graph":[{"@type":"Article","@id":"https:\/\/zeromagazine.mx\/index.php\/2024\/08\/23\/la-paleta-de-temporada-que-necesitas\/#article","isPartOf":{"@id":"https:\/\/zeromagazine.mx\/index.php\/2024\/08\/23\/la-paleta-de-temporada-que-necesitas\/"},"author":{"name":"zeromagazinemx","@id":"https:\/\/zeromagazine.mx\/#\/schema\/person\/9aed9f33a7c39af3a348b86d723f7773"},"headline":"Paleta de Colores que Necesitas este Oto\u00f1o","datePublished":"2024-08-23T02:39:01+00:00","dateModified":"2024-08-23T02:58:29+00:00","mainEntityOfPage":{"@id":"https:\/\/zeromagazine.mx\/index.php\/2024\/08\/23\/la-paleta-de-temporada-que-necesitas\/"},"wordCount":542,"commentCount":0,"publisher":{"@id":"https:\/\/zeromagazine.mx\/#organization"},"image":{"@id":"https:\/\/zeromagazine.mx\/index.php\/2024\/08\/23\/la-paleta-de-temporada-que-necesitas\/#primaryimage"},"thumbnailUrl":"https:\/\/i0.wp.com\/zeromagazine.mx\/wp-content\/uploads\/2024\/08\/3e76714bed0f402b957be54ce7fa6311UR_w750_q90-1.png?fit=750%2C1000&ssl=1","keywords":["Baby azul","Fall\/Winter","rojo intenso"],"articleSection":["Moda"],"inLanguage":"es","potentialAction":[{"@type":"CommentAction","name":"Comment","target":["https:\/\/zeromagazine.mx\/index.php\/2024\/08\/23\/la-paleta-de-temporada-que-necesitas\/#respond"]}]},{"@type":"WebPage","@id":"https:\/\/zeromagazine.mx\/index.php\/2024\/08\/23\/la-paleta-de-temporada-que-necesitas\/","url":"https:\/\/zeromagazine.mx\/index.php\/2024\/08\/23\/la-paleta-de-temporada-que-necesitas\/","name":"Paleta de Colores que Necesitas este Oto\u00f1o - Zero Magazine","isPartOf":{"@id":"https:\/\/zeromagazine.mx\/#website"},"primaryImageOfPage":{"@id":"https:\/\/zeromagazine.mx\/index.php\/2024\/08\/23\/la-paleta-de-temporada-que-necesitas\/#primaryimage"},"image":{"@id":"https:\/\/zeromagazine.mx\/index.php\/2024\/08\/23\/la-paleta-de-temporada-que-necesitas\/#primaryimage"},"thumbnailUrl":"https:\/\/i0.wp.com\/zeromagazine.mx\/wp-content\/uploads\/2024\/08\/3e76714bed0f402b957be54ce7fa6311UR_w750_q90-1.png?fit=750%2C1000&ssl=1","datePublished":"2024-08-23T02:39:01+00:00","dateModified":"2024-08-23T02:58:29+00:00","breadcrumb":{"@id":"https:\/\/zeromagazine.mx\/index.php\/2024\/08\/23\/la-paleta-de-temporada-que-necesitas\/#breadcrumb"},"inLanguage":"es","potentialAction":[{"@type":"ReadAction","target":["https:\/\/zeromagazine.mx\/index.php\/2024\/08\/23\/la-paleta-de-temporada-que-necesitas\/"]}]},{"@type":"ImageObject","inLanguage":"es","@id":"https:\/\/zeromagazine.mx\/index.php\/2024\/08\/23\/la-paleta-de-temporada-que-necesitas\/#primaryimage","url":"https:\/\/i0.wp.com\/zeromagazine.mx\/wp-content\/uploads\/2024\/08\/3e76714bed0f402b957be54ce7fa6311UR_w750_q90-1.png?fit=750%2C1000&ssl=1","contentUrl":"https:\/\/i0.wp.com\/zeromagazine.mx\/wp-content\/uploads\/2024\/08\/3e76714bed0f402b957be54ce7fa6311UR_w750_q90-1.png?fit=750%2C1000&ssl=1","width":750,"height":1000},{"@type":"BreadcrumbList","@id":"https:\/\/zeromagazine.mx\/index.php\/2024\/08\/23\/la-paleta-de-temporada-que-necesitas\/#breadcrumb","itemListElement":[{"@type":"ListItem","position":1,"name":"Portada","item":"https:\/\/zeromagazine.mx\/"},{"@type":"ListItem","position":2,"name":"Paleta de Colores que Necesitas este Oto\u00f1o"}]},{"@type":"WebSite","@id":"https:\/\/zeromagazine.mx\/#website","url":"https:\/\/zeromagazine.mx\/","name":"Zero Magazine","description":"","publisher":{"@id":"https:\/\/zeromagazine.mx\/#organization"},"potentialAction":[{"@type":"SearchAction","target":{"@type":"EntryPoint","urlTemplate":"https:\/\/zeromagazine.mx\/?s={search_term_string}"},"query-input":{"@type":"PropertyValueSpecification","valueRequired":true,"valueName":"search_term_string"}}],"inLanguage":"es"},{"@type":"Organization","@id":"https:\/\/zeromagazine.mx\/#organization","name":"Zero Magazine","url":"https:\/\/zeromagazine.mx\/","logo":{"@type":"ImageObject","inLanguage":"es","@id":"https:\/\/zeromagazine.mx\/#\/schema\/logo\/image\/","url":"https:\/\/i0.wp.com\/zeromagazine.mx\/wp-content\/uploads\/2025\/11\/1.jpeg?fit=1000%2C1000&ssl=1","contentUrl":"https:\/\/i0.wp.com\/zeromagazine.mx\/wp-content\/uploads\/2025\/11\/1.jpeg?fit=1000%2C1000&ssl=1","width":1000,"height":1000,"caption":"Zero Magazine"},"image":{"@id":"https:\/\/zeromagazine.mx\/#\/schema\/logo\/image\/"},"sameAs":["https:\/\/instagram.com\/zeromagazinemx"]},{"@type":"Person","@id":"https:\/\/zeromagazine.mx\/#\/schema\/person\/9aed9f33a7c39af3a348b86d723f7773","name":"zeromagazinemx","image":{"@type":"ImageObject","inLanguage":"es","@id":"https:\/\/zeromagazine.mx\/wp-content\/litespeed\/avatar\/f91dfe5410d5dcb1a576bf8c45983896.jpg?ver=1777571230","url":"https:\/\/zeromagazine.mx\/wp-content\/litespeed\/avatar\/f91dfe5410d5dcb1a576bf8c45983896.jpg?ver=1777571230","contentUrl":"https:\/\/zeromagazine.mx\/wp-content\/litespeed\/avatar\/f91dfe5410d5dcb1a576bf8c45983896.jpg?ver=1777571230","caption":"zeromagazinemx"},"url":"https:\/\/zeromagazine.mx\/index.php\/author\/zeromagazinemx\/"}]}},"jetpack_publicize_connections":[],"jetpack_featured_media_url":"https:\/\/i0.wp.com\/zeromagazine.mx\/wp-content\/uploads\/2024\/08\/3e76714bed0f402b957be54ce7fa6311UR_w750_q90-1.png?fit=750%2C1000&ssl=1","jetpack-related-posts":[{"id":82112,"url":"https:\/\/zeromagazine.mx\/index.php\/2024\/08\/20\/rockea-colores-otono-con-estilo\/","url_meta":{"origin":82367,"position":0},"title":"\u00abRockea Colores Oto\u00f1o con Estilo\u00bb","author":"zeromagazinemx","date":"20 de agosto de 2024","format":false,"excerpt":"El cambio de temporada ya lleg\u00f3 y, con \u00e9l, un whole new vibe en el mundo del fashion. Este oto\u00f1o-invierno 2024, prep\u00e1rate para ver c\u00f3mo los colores toman el control de tu closet. Y no, no estamos hablando de los t\u00edpicos tonos oscuros y aburridos. Este a\u00f1o, los colores que\u2026","rel":"","context":"En \u00abModa\u00bb","block_context":{"text":"Moda","link":"https:\/\/zeromagazine.mx\/index.php\/category\/moda\/"},"img":{"alt_text":"","src":"https:\/\/i0.wp.com\/zeromagazine.mx\/wp-content\/uploads\/2024\/08\/a3bbc3ecdc184684b04e122c0ef1d27aUR_w1440_q90-1.png?fit=900%2C1200&ssl=1&resize=350%2C200","width":350,"height":200,"srcset":"https:\/\/i0.wp.com\/zeromagazine.mx\/wp-content\/uploads\/2024\/08\/a3bbc3ecdc184684b04e122c0ef1d27aUR_w1440_q90-1.png?fit=900%2C1200&ssl=1&resize=350%2C200 1x, https:\/\/i0.wp.com\/zeromagazine.mx\/wp-content\/uploads\/2024\/08\/a3bbc3ecdc184684b04e122c0ef1d27aUR_w1440_q90-1.png?fit=900%2C1200&ssl=1&resize=525%2C300 1.5x, https:\/\/i0.wp.com\/zeromagazine.mx\/wp-content\/uploads\/2024\/08\/a3bbc3ecdc184684b04e122c0ef1d27aUR_w1440_q90-1.png?fit=900%2C1200&ssl=1&resize=700%2C400 2x"},"classes":[]},{"id":76258,"url":"https:\/\/zeromagazine.mx\/index.php\/2024\/05\/21\/estilo-deportivo-con-urbanic\/","url_meta":{"origin":82367,"position":1},"title":"Estilo Deportivo con Urbanic","author":"zeromagazinemx","date":"21 de mayo de 2024","format":false,"excerpt":"Si est\u00e1s buscando darle un giro a tu rutina de gimnasio, Urbanic tiene justo lo que necesitas para redefinir tu estilo mientras te mantienes activx. Para empezar, hablemos del cambio de juego que Urbanic est\u00e1 trayendo al mundo del sportwear. Con su colecci\u00f3n, est\u00e1n llevando los conjuntos deportivos a otro\u2026","rel":"","context":"En \u00abLifestyle\u00bb","block_context":{"text":"Lifestyle","link":"https:\/\/zeromagazine.mx\/index.php\/category\/lifestyle\/"},"img":{"alt_text":"","src":"https:\/\/i0.wp.com\/zeromagazine.mx\/wp-content\/uploads\/2024\/05\/Captura-de-pantalla-632.png?fit=385%2C514&ssl=1&resize=350%2C200","width":350,"height":200},"classes":[]},{"id":90513,"url":"https:\/\/zeromagazine.mx\/index.php\/2024\/11\/13\/tartanes-urbanic-otono-con-actitud\/","url_meta":{"origin":82367,"position":2},"title":"\u00abTartanes Urbanic: Oto\u00f1o con Actitud\u00bb","author":"zeromagazinemx","date":"13 de noviembre de 2024","format":false,"excerpt":"Si eres de los que aman marcar diferencia con un outfit, est\u00e1s en el lugar correcto. Esta temporada oto\u00f1o-invierno viene cargada de lana, tart\u00e1n y vibes brit\u00e1nicas que te van a hacer decir: \"este look es puro fuego\". Urbanic viene con todo, y su nueva colecci\u00f3n \"Portrait\" est\u00e1 hecha para\u2026","rel":"","context":"En \u00abModa\u00bb","block_context":{"text":"Moda","link":"https:\/\/zeromagazine.mx\/index.php\/category\/moda\/"},"img":{"alt_text":"","src":"https:\/\/i0.wp.com\/zeromagazine.mx\/wp-content\/uploads\/2024\/11\/4.png?fit=750%2C1200&ssl=1&resize=350%2C200","width":350,"height":200,"srcset":"https:\/\/i0.wp.com\/zeromagazine.mx\/wp-content\/uploads\/2024\/11\/4.png?fit=750%2C1200&ssl=1&resize=350%2C200 1x, https:\/\/i0.wp.com\/zeromagazine.mx\/wp-content\/uploads\/2024\/11\/4.png?fit=750%2C1200&ssl=1&resize=525%2C300 1.5x, https:\/\/i0.wp.com\/zeromagazine.mx\/wp-content\/uploads\/2024\/11\/4.png?fit=750%2C1200&ssl=1&resize=700%2C400 2x"},"classes":[]},{"id":82949,"url":"https:\/\/zeromagazine.mx\/index.php\/2024\/09\/03\/outfit-monocromatico-basico-y-trendy\/","url_meta":{"origin":82367,"position":3},"title":"Outfit Monocrom\u00e1tico: B\u00e1sico y Trendy","author":"zeromagazinemx","date":"3 de septiembre de 2024","format":false,"excerpt":"\u00a1Qu\u00e9 onda, gente fashionista! Este septiembre viene con todo, y Urbanic nos trae el estilo Demure en su versi\u00f3n m\u00e1s chic y moderna. \u00bfListxs para transformar su look y empezar la temporada con actitud? la marca ha lanzado tres looks que fusionan elegancia con un toque de modernidad, perfectos para\u2026","rel":"","context":"En \u00abModa\u00bb","block_context":{"text":"Moda","link":"https:\/\/zeromagazine.mx\/index.php\/category\/moda\/"},"img":{"alt_text":"","src":"https:\/\/i0.wp.com\/zeromagazine.mx\/wp-content\/uploads\/2024\/09\/unnamed-16.png?fit=1200%2C1085&ssl=1&resize=350%2C200","width":350,"height":200,"srcset":"https:\/\/i0.wp.com\/zeromagazine.mx\/wp-content\/uploads\/2024\/09\/unnamed-16.png?fit=1200%2C1085&ssl=1&resize=350%2C200 1x, https:\/\/i0.wp.com\/zeromagazine.mx\/wp-content\/uploads\/2024\/09\/unnamed-16.png?fit=1200%2C1085&ssl=1&resize=525%2C300 1.5x, https:\/\/i0.wp.com\/zeromagazine.mx\/wp-content\/uploads\/2024\/09\/unnamed-16.png?fit=1200%2C1085&ssl=1&resize=700%2C400 2x, https:\/\/i0.wp.com\/zeromagazine.mx\/wp-content\/uploads\/2024\/09\/unnamed-16.png?fit=1200%2C1085&ssl=1&resize=1050%2C600 3x"},"classes":[]},{"id":81131,"url":"https:\/\/zeromagazine.mx\/index.php\/2024\/07\/31\/sporty-3-0-estilo-todo-el-dia\/","url_meta":{"origin":82367,"position":4},"title":"\u00abVerano Chic: Urbanic Must-Haves\u00bb","author":"zeromagazinemx","date":"31 de julio de 2024","format":false,"excerpt":"Hey, chic@s! El verano ya est\u00e1 aqu\u00ed y obvio todos queremos esas escapaditas de fin de semana con sunsets en la playa y noches llenas de glamour. As\u00ed que, si est\u00e1s buscando armar tu maleta con las piezas m\u00e1s top para tus summer adventures, Urbanic tiene justo lo que necesitas.\u2026","rel":"","context":"En \u00abModa\u00bb","block_context":{"text":"Moda","link":"https:\/\/zeromagazine.mx\/index.php\/category\/moda\/"},"img":{"alt_text":"","src":"https:\/\/i0.wp.com\/zeromagazine.mx\/wp-content\/uploads\/2024\/07\/49d68b37b8be4556879726b91147d1d4UR_w1440_q90-1.webp?fit=900%2C1200&ssl=1&resize=350%2C200","width":350,"height":200,"srcset":"https:\/\/i0.wp.com\/zeromagazine.mx\/wp-content\/uploads\/2024\/07\/49d68b37b8be4556879726b91147d1d4UR_w1440_q90-1.webp?fit=900%2C1200&ssl=1&resize=350%2C200 1x, https:\/\/i0.wp.com\/zeromagazine.mx\/wp-content\/uploads\/2024\/07\/49d68b37b8be4556879726b91147d1d4UR_w1440_q90-1.webp?fit=900%2C1200&ssl=1&resize=525%2C300 1.5x, https:\/\/i0.wp.com\/zeromagazine.mx\/wp-content\/uploads\/2024\/07\/49d68b37b8be4556879726b91147d1d4UR_w1440_q90-1.webp?fit=900%2C1200&ssl=1&resize=700%2C400 2x"},"classes":[]},{"id":109175,"url":"https:\/\/zeromagazine.mx\/index.php\/2025\/10\/08\/arnette-fall-winter-2025\/","url_meta":{"origin":82367,"position":5},"title":"ARNETTE Fall Winter 2025: actitud, calle y autenticidad","author":"zeromagazinemx","date":"8 de octubre de 2025","format":false,"excerpt":"Cuando el estilo urbano se encuentra con la libertad de ser t\u00fa mismx, el resultado solo puede ser fuego. La nueva colecci\u00f3n ARNETTE Fall Winter 2025 llega con una energ\u00eda que vibra diferente: dise\u00f1os atrevidos, materiales sostenibles y una esencia que grita \u201chazlo a tu manera\u201d. Bajo el concepto You\u2026","rel":"","context":"En \u00abModa\u00bb","block_context":{"text":"Moda","link":"https:\/\/zeromagazine.mx\/index.php\/category\/moda\/"},"img":{"alt_text":"","src":"https:\/\/i0.wp.com\/zeromagazine.mx\/wp-content\/uploads\/2025\/10\/0AN4365__300981-scaled.jpg?fit=1200%2C600&ssl=1&resize=350%2C200","width":350,"height":200,"srcset":"https:\/\/i0.wp.com\/zeromagazine.mx\/wp-content\/uploads\/2025\/10\/0AN4365__300981-scaled.jpg?fit=1200%2C600&ssl=1&resize=350%2C200 1x, https:\/\/i0.wp.com\/zeromagazine.mx\/wp-content\/uploads\/2025\/10\/0AN4365__300981-scaled.jpg?fit=1200%2C600&ssl=1&resize=525%2C300 1.5x, https:\/\/i0.wp.com\/zeromagazine.mx\/wp-content\/uploads\/2025\/10\/0AN4365__300981-scaled.jpg?fit=1200%2C600&ssl=1&resize=700%2C400 2x, https:\/\/i0.wp.com\/zeromagazine.mx\/wp-content\/uploads\/2025\/10\/0AN4365__300981-scaled.jpg?fit=1200%2C600&ssl=1&resize=1050%2C600 3x"},"classes":[]}],"jetpack_sharing_enabled":true,"builder_content":"","_links":{"self":[{"href":"https:\/\/zeromagazine.mx\/index.php\/wp-json\/wp\/v2\/posts\/82367","targetHints":{"allow":["GET"]}}],"collection":[{"href":"https:\/\/zeromagazine.mx\/index.php\/wp-json\/wp\/v2\/posts"}],"about":[{"href":"https:\/\/zeromagazine.mx\/index.php\/wp-json\/wp\/v2\/types\/post"}],"author":[{"embeddable":true,"href":"https:\/\/zeromagazine.mx\/index.php\/wp-json\/wp\/v2\/users\/2"}],"replies":[{"embeddable":true,"href":"https:\/\/zeromagazine.mx\/index.php\/wp-json\/wp\/v2\/comments?post=82367"}],"version-history":[{"count":7,"href":"https:\/\/zeromagazine.mx\/index.php\/wp-json\/wp\/v2\/posts\/82367\/revisions"}],"predecessor-version":[{"id":82378,"href":"https:\/\/zeromagazine.mx\/index.php\/wp-json\/wp\/v2\/posts\/82367\/revisions\/82378"}],"wp:featuredmedia":[{"embeddable":true,"href":"https:\/\/zeromagazine.mx\/index.php\/wp-json\/wp\/v2\/media\/82371"}],"wp:attachment":[{"href":"https:\/\/zeromagazine.mx\/index.php\/wp-json\/wp\/v2\/media?parent=82367"}],"wp:term":[{"taxonomy":"category","embeddable":true,"href":"https:\/\/zeromagazine.mx\/index.php\/wp-json\/wp\/v2\/categories?post=82367"},{"taxonomy":"post_tag","embeddable":true,"href":"https:\/\/zeromagazine.mx\/index.php\/wp-json\/wp\/v2\/tags?post=82367"}],"curies":[{"name":"wp","href":"https:\/\/api.w.org\/{rel}","templated":true}]}}