{"id":82948,"date":"2024-09-03T00:44:52","date_gmt":"2024-09-02T22:44:52","guid":{"rendered":"https:\/\/zeromagazine.mx\/?p=82948"},"modified":"2024-09-03T00:44:52","modified_gmt":"2024-09-02T22:44:52","slug":"alejandra-de-coss-moda-fresh","status":"publish","type":"post","link":"https:\/\/zeromagazine.mx\/index.php\/2024\/09\/03\/alejandra-de-coss-moda-fresh\/","title":{"rendered":"\u00abAlejandra de Coss: Moda Fresh\u00bb"},"content":{"rendered":"<!--themify_builder_content-->\n<div id=\"themify_builder_content-82948\" data-postid=\"82948\" class=\"themify_builder_content themify_builder_content-82948 themify_builder tf_clear\">\n    <\/div>\n<!--\/themify_builder_content-->\n\n\n<p>\u00a1Hola a tod@s\u00a1 Esta semana traemos para ti un nuevo descubrimiento; se trata de la dise\u00f1adora mexicana Alejandra de Coss, que acaba de abrir su primera tienda en la CDMX, y let me tell you, es todo un vibe. Despu\u00e9s de siete a\u00f1os brillando en el mundo de la moda y con m\u00e1s de quince a\u00f1os de experiencia en la industria, Alejandra ha decidido dar el big step y abrir su propio espacio en la colonia Ju\u00e1rez. Vamos a hacer un deep dive en esta nueva tienda que ya est\u00e1 causando revuelo en el mundo de la moda.<\/p>\n\n\n\n<figure class=\"wp-block-image size-full\"><img data-recalc-dims=\"1\" decoding=\"async\" width=\"1165\" height=\"1165\" src=\"https:\/\/i0.wp.com\/zeromagazine.mx\/wp-content\/uploads\/2024\/09\/Alejandra-de-Coss_Boutique_202415.jpg?resize=1165%2C1165&#038;ssl=1\" alt=\"\" class=\"wp-image-82954\" srcset=\"https:\/\/i0.wp.com\/zeromagazine.mx\/wp-content\/uploads\/2024\/09\/Alejandra-de-Coss_Boutique_202415.jpg?w=1920&amp;ssl=1 1920w, https:\/\/i0.wp.com\/zeromagazine.mx\/wp-content\/uploads\/2024\/09\/Alejandra-de-Coss_Boutique_202415.jpg?resize=300%2C300&amp;ssl=1 300w, https:\/\/i0.wp.com\/zeromagazine.mx\/wp-content\/uploads\/2024\/09\/Alejandra-de-Coss_Boutique_202415.jpg?resize=1024%2C1024&amp;ssl=1 1024w, https:\/\/i0.wp.com\/zeromagazine.mx\/wp-content\/uploads\/2024\/09\/Alejandra-de-Coss_Boutique_202415.jpg?resize=150%2C150&amp;ssl=1 150w, https:\/\/i0.wp.com\/zeromagazine.mx\/wp-content\/uploads\/2024\/09\/Alejandra-de-Coss_Boutique_202415.jpg?resize=768%2C768&amp;ssl=1 768w, https:\/\/i0.wp.com\/zeromagazine.mx\/wp-content\/uploads\/2024\/09\/Alejandra-de-Coss_Boutique_202415.jpg?resize=1536%2C1536&amp;ssl=1 1536w\" sizes=\"(max-width: 1165px) 100vw, 1165px\" \/><\/figure>\n\n\n\n<script async src=\"https:\/\/pagead2.googlesyndication.com\/pagead\/js\/adsbygoogle.js?client=ca-pub-5499304793904745\"\n     crossorigin=\"anonymous\"><\/script>\n<ins class=\"adsbygoogle\"\n     style=\"display:block; text-align:center;\"\n     data-ad-layout=\"in-article\"\n     data-ad-format=\"fluid\"\n     data-ad-client=\"ca-pub-5499304793904745\"\n     data-ad-slot=\"5994863093\"><\/ins>\n<script>\n     (adsbygoogle = window.adsbygoogle || []).push({});\n<\/script>\n\n\n\n\n<p><strong>La Tienda: Un Lienzo en Blanco<\/strong><\/p>\n\n\n\n<p>La nueva tienda de Alejandra de Coss es m\u00e1s que un simple local; es un statement de lo que es la marca. Creada por el despacho mexicano ACZ, el concepto es s\u00faper minimalista y sofisticado. La idea es trabajar sobre un lienzo en blanco, sin hacer grandes modificaciones estructurales. \u00a1Love it! El espacio est\u00e1 decorado en tonos neutros, que le dan un look clean y modern, usando materiales como m\u00e1rmol, cantera y tezontle. Todos estos materiales son de origen local, porque como buena mexicana, Alejandra est\u00e1 s\u00faper comprometida con apoyar la industria local y usar recursos de M\u00e9xico.&nbsp;<\/p>\n\n\n\n<p>Una de las cosas m\u00e1s cool de la tienda es la mesa central que han colocado. Esta mesa no solo es el centro de atenci\u00f3n, sino que tambi\u00e9n crea una atm\u00f3sfera \u00edntima y personal. Imagina entrar y tener la oportunidad de conectar directamente con la marca, mientras descubres la historia detr\u00e1s de cada pieza. \u00a1Qu\u00e9 vibra m\u00e1s buena!<\/p>\n\n\n\n<figure class=\"wp-block-image size-full\"><img data-recalc-dims=\"1\" decoding=\"async\" width=\"1165\" height=\"1165\" src=\"https:\/\/i0.wp.com\/zeromagazine.mx\/wp-content\/uploads\/2024\/09\/Alejandra-de-Coss_Boutique_20241.jpg?resize=1165%2C1165&#038;ssl=1\" alt=\"\" class=\"wp-image-82950\" srcset=\"https:\/\/i0.wp.com\/zeromagazine.mx\/wp-content\/uploads\/2024\/09\/Alejandra-de-Coss_Boutique_20241.jpg?w=1920&amp;ssl=1 1920w, https:\/\/i0.wp.com\/zeromagazine.mx\/wp-content\/uploads\/2024\/09\/Alejandra-de-Coss_Boutique_20241.jpg?resize=300%2C300&amp;ssl=1 300w, https:\/\/i0.wp.com\/zeromagazine.mx\/wp-content\/uploads\/2024\/09\/Alejandra-de-Coss_Boutique_20241.jpg?resize=1024%2C1024&amp;ssl=1 1024w, https:\/\/i0.wp.com\/zeromagazine.mx\/wp-content\/uploads\/2024\/09\/Alejandra-de-Coss_Boutique_20241.jpg?resize=150%2C150&amp;ssl=1 150w, https:\/\/i0.wp.com\/zeromagazine.mx\/wp-content\/uploads\/2024\/09\/Alejandra-de-Coss_Boutique_20241.jpg?resize=768%2C768&amp;ssl=1 768w, https:\/\/i0.wp.com\/zeromagazine.mx\/wp-content\/uploads\/2024\/09\/Alejandra-de-Coss_Boutique_20241.jpg?resize=1536%2C1536&amp;ssl=1 1536w, https:\/\/i0.wp.com\/zeromagazine.mx\/wp-content\/uploads\/2024\/09\/Alejandra-de-Coss_Boutique_20241.jpg?resize=70%2C70&amp;ssl=1 70w, https:\/\/i0.wp.com\/zeromagazine.mx\/wp-content\/uploads\/2024\/09\/Alejandra-de-Coss_Boutique_20241.jpg?resize=47%2C48&amp;ssl=1 47w\" sizes=\"(max-width: 1165px) 100vw, 1165px\" \/><\/figure>\n\n\n\n<script async src=\"https:\/\/pagead2.googlesyndication.com\/pagead\/js\/adsbygoogle.js?client=ca-pub-5499304793904745\"\n     crossorigin=\"anonymous\"><\/script>\n<ins class=\"adsbygoogle\"\n     style=\"display:block; text-align:center;\"\n     data-ad-layout=\"in-article\"\n     data-ad-format=\"fluid\"\n     data-ad-client=\"ca-pub-5499304793904745\"\n     data-ad-slot=\"5994863093\"><\/ins>\n<script>\n     (adsbygoogle = window.adsbygoogle || []).push({});\n<\/script>\n\n\n\n\n<p><strong>Una experiencia personalizada<\/strong><\/p>\n\n\n\n<p>Alejandra no solo quer\u00eda un lugar donde vender sus productos; ella quer\u00eda un espacio que contara una historia. Despu\u00e9s de varios a\u00f1os vendiendo online y a trav\u00e9s de otras concept stores, su sue\u00f1o era tener un lugar propio que representara la narrativa de su marca de manera personal. \u00a1Y lo ha logrado!<\/p>\n\n\n\n<p>La tienda tiene una fachada que es como el marco de una obra de arte. Hablando de arte, el escaparate de la tienda muestra una obra original de la artista mexicana Catalina Gris. Esta colaboraci\u00f3n entre dos proyectos locales es s\u00faper especial. Gris, inspirada en el cuerpo humano y en la paleta crom\u00e1tica de la marca de moda, hizo una pieza de acr\u00edlico sobre vidrio. La t\u00e9cnica y los colores se alinean con la visi\u00f3n de Alejandra y el estilo de la tienda, creando un lenguaje abstracto que refleja tanto el arte como la funcionalidad de las piezas de De Coss.<\/p>\n\n\n\n<p><strong>La experiencia olfativa: \u00a1Un plus!<\/strong><\/p>\n\n\n\n<p>Como si esto no fuera suficiente, para el lanzamiento de la tienda se ofreci\u00f3 una experiencia olfativa s\u00faper cool. En colaboraci\u00f3n con Cypr\u00e9s, una marca mexicana de perfumes org\u00e1nicos, el evento tuvo un toque extra especial. Cypr\u00e8s es conocida por sus productos \u00e9ticos y naturales, y juntos crearon una experiencia que no solo fue visual, sino tambi\u00e9n sensorial. \u00a1Totally amazing!<\/p>\n\n\n\n<figure class=\"wp-block-image size-full\"><img data-recalc-dims=\"1\" decoding=\"async\" width=\"1165\" height=\"1456\" src=\"https:\/\/i0.wp.com\/zeromagazine.mx\/wp-content\/uploads\/2024\/09\/Alejandra-de-Coss_Boutique_202417.jpg?resize=1165%2C1456&#038;ssl=1\" alt=\"\" class=\"wp-image-82953\" srcset=\"https:\/\/i0.wp.com\/zeromagazine.mx\/wp-content\/uploads\/2024\/09\/Alejandra-de-Coss_Boutique_202417.jpg?w=1536&amp;ssl=1 1536w, https:\/\/i0.wp.com\/zeromagazine.mx\/wp-content\/uploads\/2024\/09\/Alejandra-de-Coss_Boutique_202417.jpg?resize=240%2C300&amp;ssl=1 240w, https:\/\/i0.wp.com\/zeromagazine.mx\/wp-content\/uploads\/2024\/09\/Alejandra-de-Coss_Boutique_202417.jpg?resize=819%2C1024&amp;ssl=1 819w, https:\/\/i0.wp.com\/zeromagazine.mx\/wp-content\/uploads\/2024\/09\/Alejandra-de-Coss_Boutique_202417.jpg?resize=768%2C960&amp;ssl=1 768w, https:\/\/i0.wp.com\/zeromagazine.mx\/wp-content\/uploads\/2024\/09\/Alejandra-de-Coss_Boutique_202417.jpg?resize=1229%2C1536&amp;ssl=1 1229w\" sizes=\"(max-width: 1165px) 100vw, 1165px\" \/><\/figure>\n\n\n\n<script async src=\"https:\/\/pagead2.googlesyndication.com\/pagead\/js\/adsbygoogle.js?client=ca-pub-5499304793904745\"\n     crossorigin=\"anonymous\"><\/script>\n<ins class=\"adsbygoogle\"\n     style=\"display:block; text-align:center;\"\n     data-ad-layout=\"in-article\"\n     data-ad-format=\"fluid\"\n     data-ad-client=\"ca-pub-5499304793904745\"\n     data-ad-slot=\"5994863093\"><\/ins>\n<script>\n     (adsbygoogle = window.adsbygoogle || []).push({});\n<\/script>\n\n\n\n\n<p><strong>Lo Que Puedes Encontrar<\/strong><\/p>\n\n\n\n<p>Ahora, si te est\u00e1s preguntando qu\u00e9 puedes encontrar en esta nueva tienda, prep\u00e1rate para emocionarte. La tienda ofrece piezas de edici\u00f3n limitada, made to measure, y las \u00faltimas colecciones de ropa y joyer\u00eda de Alejandra de Coss. Adem\u00e1s, tambi\u00e9n encontrar\u00e1s marcas y dise\u00f1adores invitados, pop-ups, y otros proyectos y artistas locales. \u00a1Es un lugar que celebra el talento y la creatividad mexicana en su m\u00e1xima expresi\u00f3n!<\/p>\n\n\n\n<p><strong>\u00bfD\u00f3nde se&nbsp;encuentra?<\/strong><\/p>\n\n\n\n<p>La tienda est\u00e1 localizada en N\u00e1poles No. 74, esquina Marsella, en la colonia Ju\u00e1rez. Si eres de la CDMX o est\u00e1s planeando una visita, aseg\u00farate de pasar por all\u00ed para checar todas las piezas y experiencias que tienen preparadas. \u00a1Te prometo que no te vas a arrepentir!<\/p>\n\n\n\n<p>As\u00ed que ya sabes, si quieres estar a la moda y apoyar a una dise\u00f1adora mexicana incre\u00edble, la nueva tienda de Alejandra de Coss es el lugar perfecto. \u00a1Nos vemos all\u00ed!&nbsp;<\/p>","protected":false},"excerpt":{"rendered":"<p>\u00a1Hola a tod@s\u00a1 Esta semana traemos para ti un nuevo descubrimiento; se trata de la dise\u00f1adora mexicana Alejandra de Coss, que acaba de abrir su primera tienda en la CDMX, y let me tell you, es todo un vibe. Despu\u00e9s de siete a\u00f1os brillando en el mundo de la moda y con m\u00e1s de quince [&hellip;]<\/p>\n","protected":false},"author":2,"featured_media":82950,"comment_status":"open","ping_status":"open","sticky":false,"template":"","format":"standard","meta":{"_jetpack_memberships_contains_paid_content":false,"footnotes":"","jetpack_publicize_message":"","jetpack_publicize_feature_enabled":true,"jetpack_social_post_already_shared":true,"jetpack_social_options":{"image_generator_settings":{"template":"highway","default_image_id":0,"font":"","enabled":false},"version":2}},"categories":[67],"tags":[10078,10077,10076],"class_list":["post-82948","post","type-post","status-publish","format-standard","has-post-thumbnail","hentry","category-moda","tag-disenadores-emergentes","tag-marcas-mexicanas","tag-moda-y-estilo","has-post-title","has-post-date","has-post-category","has-post-tag","has-post-comment","has-post-author",""],"yoast_head":"<!-- This site is optimized with the Yoast SEO plugin v27.4 - https:\/\/yoast.com\/product\/yoast-seo-wordpress\/ -->\n<title>&quot;Alejandra de Coss: Moda Fresh&quot; - Zero Magazine<\/title>\n<meta name=\"robots\" content=\"index, follow, max-snippet:-1, max-image-preview:large, max-video-preview:-1\" \/>\n<link rel=\"canonical\" href=\"https:\/\/zeromagazine.mx\/index.php\/2024\/09\/03\/alejandra-de-coss-moda-fresh\/\" \/>\n<meta property=\"og:locale\" content=\"es_ES\" \/>\n<meta property=\"og:type\" content=\"article\" \/>\n<meta property=\"og:title\" content=\"&quot;Alejandra de Coss: Moda Fresh&quot; - Zero Magazine\" \/>\n<meta property=\"og:description\" content=\"\u00a1Hola a tod@s\u00a1 Esta semana traemos para ti un nuevo descubrimiento; se trata de la dise\u00f1adora mexicana Alejandra de Coss, que acaba de abrir su primera tienda en la CDMX, y let me tell you, es todo un vibe. Despu\u00e9s de siete a\u00f1os brillando en el mundo de la moda y con m\u00e1s de quince [&hellip;]\" \/>\n<meta property=\"og:url\" content=\"https:\/\/zeromagazine.mx\/index.php\/2024\/09\/03\/alejandra-de-coss-moda-fresh\/\" \/>\n<meta property=\"og:site_name\" content=\"Zero Magazine\" \/>\n<meta property=\"article:published_time\" content=\"2024-09-02T22:44:52+00:00\" \/>\n<meta property=\"og:image\" content=\"https:\/\/i0.wp.com\/zeromagazine.mx\/wp-content\/uploads\/2024\/09\/Alejandra-de-Coss_Boutique_20241.jpg?fit=1920%2C1920&ssl=1\" \/>\n\t<meta property=\"og:image:width\" content=\"1920\" \/>\n\t<meta property=\"og:image:height\" content=\"1920\" \/>\n\t<meta property=\"og:image:type\" content=\"image\/jpeg\" \/>\n<meta name=\"author\" content=\"zeromagazinemx\" \/>\n<meta name=\"twitter:card\" content=\"summary_large_image\" \/>\n<meta name=\"twitter:label1\" content=\"Escrito por\" \/>\n\t<meta name=\"twitter:data1\" content=\"zeromagazinemx\" \/>\n\t<meta name=\"twitter:label2\" content=\"Tiempo de lectura\" \/>\n\t<meta name=\"twitter:data2\" content=\"3 minutos\" \/>\n<script type=\"application\/ld+json\" class=\"yoast-schema-graph\">{\"@context\":\"https:\\\/\\\/schema.org\",\"@graph\":[{\"@type\":\"Article\",\"@id\":\"https:\\\/\\\/zeromagazine.mx\\\/index.php\\\/2024\\\/09\\\/03\\\/alejandra-de-coss-moda-fresh\\\/#article\",\"isPartOf\":{\"@id\":\"https:\\\/\\\/zeromagazine.mx\\\/index.php\\\/2024\\\/09\\\/03\\\/alejandra-de-coss-moda-fresh\\\/\"},\"author\":{\"name\":\"zeromagazinemx\",\"@id\":\"https:\\\/\\\/zeromagazine.mx\\\/#\\\/schema\\\/person\\\/9aed9f33a7c39af3a348b86d723f7773\"},\"headline\":\"\u00abAlejandra de Coss: Moda Fresh\u00bb\",\"datePublished\":\"2024-09-02T22:44:52+00:00\",\"mainEntityOfPage\":{\"@id\":\"https:\\\/\\\/zeromagazine.mx\\\/index.php\\\/2024\\\/09\\\/03\\\/alejandra-de-coss-moda-fresh\\\/\"},\"wordCount\":692,\"commentCount\":0,\"publisher\":{\"@id\":\"https:\\\/\\\/zeromagazine.mx\\\/#organization\"},\"image\":{\"@id\":\"https:\\\/\\\/zeromagazine.mx\\\/index.php\\\/2024\\\/09\\\/03\\\/alejandra-de-coss-moda-fresh\\\/#primaryimage\"},\"thumbnailUrl\":\"https:\\\/\\\/i0.wp.com\\\/zeromagazine.mx\\\/wp-content\\\/uploads\\\/2024\\\/09\\\/Alejandra-de-Coss_Boutique_20241.jpg?fit=1920%2C1920&ssl=1\",\"keywords\":[\"Dise\u00f1adores Emergentes\",\"Marcas Mexicanas\",\"Moda y Estilo\"],\"articleSection\":[\"Moda\"],\"inLanguage\":\"es\",\"potentialAction\":[{\"@type\":\"CommentAction\",\"name\":\"Comment\",\"target\":[\"https:\\\/\\\/zeromagazine.mx\\\/index.php\\\/2024\\\/09\\\/03\\\/alejandra-de-coss-moda-fresh\\\/#respond\"]}]},{\"@type\":\"WebPage\",\"@id\":\"https:\\\/\\\/zeromagazine.mx\\\/index.php\\\/2024\\\/09\\\/03\\\/alejandra-de-coss-moda-fresh\\\/\",\"url\":\"https:\\\/\\\/zeromagazine.mx\\\/index.php\\\/2024\\\/09\\\/03\\\/alejandra-de-coss-moda-fresh\\\/\",\"name\":\"\\\"Alejandra de Coss: Moda Fresh\\\" - Zero Magazine\",\"isPartOf\":{\"@id\":\"https:\\\/\\\/zeromagazine.mx\\\/#website\"},\"primaryImageOfPage\":{\"@id\":\"https:\\\/\\\/zeromagazine.mx\\\/index.php\\\/2024\\\/09\\\/03\\\/alejandra-de-coss-moda-fresh\\\/#primaryimage\"},\"image\":{\"@id\":\"https:\\\/\\\/zeromagazine.mx\\\/index.php\\\/2024\\\/09\\\/03\\\/alejandra-de-coss-moda-fresh\\\/#primaryimage\"},\"thumbnailUrl\":\"https:\\\/\\\/i0.wp.com\\\/zeromagazine.mx\\\/wp-content\\\/uploads\\\/2024\\\/09\\\/Alejandra-de-Coss_Boutique_20241.jpg?fit=1920%2C1920&ssl=1\",\"datePublished\":\"2024-09-02T22:44:52+00:00\",\"breadcrumb\":{\"@id\":\"https:\\\/\\\/zeromagazine.mx\\\/index.php\\\/2024\\\/09\\\/03\\\/alejandra-de-coss-moda-fresh\\\/#breadcrumb\"},\"inLanguage\":\"es\",\"potentialAction\":[{\"@type\":\"ReadAction\",\"target\":[\"https:\\\/\\\/zeromagazine.mx\\\/index.php\\\/2024\\\/09\\\/03\\\/alejandra-de-coss-moda-fresh\\\/\"]}]},{\"@type\":\"ImageObject\",\"inLanguage\":\"es\",\"@id\":\"https:\\\/\\\/zeromagazine.mx\\\/index.php\\\/2024\\\/09\\\/03\\\/alejandra-de-coss-moda-fresh\\\/#primaryimage\",\"url\":\"https:\\\/\\\/i0.wp.com\\\/zeromagazine.mx\\\/wp-content\\\/uploads\\\/2024\\\/09\\\/Alejandra-de-Coss_Boutique_20241.jpg?fit=1920%2C1920&ssl=1\",\"contentUrl\":\"https:\\\/\\\/i0.wp.com\\\/zeromagazine.mx\\\/wp-content\\\/uploads\\\/2024\\\/09\\\/Alejandra-de-Coss_Boutique_20241.jpg?fit=1920%2C1920&ssl=1\",\"width\":1920,\"height\":1920},{\"@type\":\"BreadcrumbList\",\"@id\":\"https:\\\/\\\/zeromagazine.mx\\\/index.php\\\/2024\\\/09\\\/03\\\/alejandra-de-coss-moda-fresh\\\/#breadcrumb\",\"itemListElement\":[{\"@type\":\"ListItem\",\"position\":1,\"name\":\"Portada\",\"item\":\"https:\\\/\\\/zeromagazine.mx\\\/\"},{\"@type\":\"ListItem\",\"position\":2,\"name\":\"\u00abAlejandra de Coss: Moda Fresh\u00bb\"}]},{\"@type\":\"WebSite\",\"@id\":\"https:\\\/\\\/zeromagazine.mx\\\/#website\",\"url\":\"https:\\\/\\\/zeromagazine.mx\\\/\",\"name\":\"Zero Magazine\",\"description\":\"\",\"publisher\":{\"@id\":\"https:\\\/\\\/zeromagazine.mx\\\/#organization\"},\"potentialAction\":[{\"@type\":\"SearchAction\",\"target\":{\"@type\":\"EntryPoint\",\"urlTemplate\":\"https:\\\/\\\/zeromagazine.mx\\\/?s={search_term_string}\"},\"query-input\":{\"@type\":\"PropertyValueSpecification\",\"valueRequired\":true,\"valueName\":\"search_term_string\"}}],\"inLanguage\":\"es\"},{\"@type\":\"Organization\",\"@id\":\"https:\\\/\\\/zeromagazine.mx\\\/#organization\",\"name\":\"Zero Magazine\",\"url\":\"https:\\\/\\\/zeromagazine.mx\\\/\",\"logo\":{\"@type\":\"ImageObject\",\"inLanguage\":\"es\",\"@id\":\"https:\\\/\\\/zeromagazine.mx\\\/#\\\/schema\\\/logo\\\/image\\\/\",\"url\":\"https:\\\/\\\/i0.wp.com\\\/zeromagazine.mx\\\/wp-content\\\/uploads\\\/2025\\\/11\\\/1.jpeg?fit=1000%2C1000&ssl=1\",\"contentUrl\":\"https:\\\/\\\/i0.wp.com\\\/zeromagazine.mx\\\/wp-content\\\/uploads\\\/2025\\\/11\\\/1.jpeg?fit=1000%2C1000&ssl=1\",\"width\":1000,\"height\":1000,\"caption\":\"Zero Magazine\"},\"image\":{\"@id\":\"https:\\\/\\\/zeromagazine.mx\\\/#\\\/schema\\\/logo\\\/image\\\/\"},\"sameAs\":[\"https:\\\/\\\/instagram.com\\\/zeromagazinemx\"]},{\"@type\":\"Person\",\"@id\":\"https:\\\/\\\/zeromagazine.mx\\\/#\\\/schema\\\/person\\\/9aed9f33a7c39af3a348b86d723f7773\",\"name\":\"zeromagazinemx\",\"image\":{\"@type\":\"ImageObject\",\"inLanguage\":\"es\",\"@id\":\"https:\\\/\\\/zeromagazine.mx\\\/wp-content\\\/litespeed\\\/avatar\\\/f91dfe5410d5dcb1a576bf8c45983896.jpg?ver=1776966396\",\"url\":\"https:\\\/\\\/zeromagazine.mx\\\/wp-content\\\/litespeed\\\/avatar\\\/f91dfe5410d5dcb1a576bf8c45983896.jpg?ver=1776966396\",\"contentUrl\":\"https:\\\/\\\/zeromagazine.mx\\\/wp-content\\\/litespeed\\\/avatar\\\/f91dfe5410d5dcb1a576bf8c45983896.jpg?ver=1776966396\",\"caption\":\"zeromagazinemx\"},\"url\":\"https:\\\/\\\/zeromagazine.mx\\\/index.php\\\/author\\\/zeromagazinemx\\\/\"}]}<\/script>\n<!-- \/ Yoast SEO plugin. -->","yoast_head_json":{"title":"\"Alejandra de Coss: Moda Fresh\" - Zero Magazine","robots":{"index":"index","follow":"follow","max-snippet":"max-snippet:-1","max-image-preview":"max-image-preview:large","max-video-preview":"max-video-preview:-1"},"canonical":"https:\/\/zeromagazine.mx\/index.php\/2024\/09\/03\/alejandra-de-coss-moda-fresh\/","og_locale":"es_ES","og_type":"article","og_title":"\"Alejandra de Coss: Moda Fresh\" - Zero Magazine","og_description":"\u00a1Hola a tod@s\u00a1 Esta semana traemos para ti un nuevo descubrimiento; se trata de la dise\u00f1adora mexicana Alejandra de Coss, que acaba de abrir su primera tienda en la CDMX, y let me tell you, es todo un vibe. Despu\u00e9s de siete a\u00f1os brillando en el mundo de la moda y con m\u00e1s de quince [&hellip;]","og_url":"https:\/\/zeromagazine.mx\/index.php\/2024\/09\/03\/alejandra-de-coss-moda-fresh\/","og_site_name":"Zero Magazine","article_published_time":"2024-09-02T22:44:52+00:00","og_image":[{"width":1920,"height":1920,"url":"https:\/\/i0.wp.com\/zeromagazine.mx\/wp-content\/uploads\/2024\/09\/Alejandra-de-Coss_Boutique_20241.jpg?fit=1920%2C1920&ssl=1","type":"image\/jpeg"}],"author":"zeromagazinemx","twitter_card":"summary_large_image","twitter_misc":{"Escrito por":"zeromagazinemx","Tiempo de lectura":"3 minutos"},"schema":{"@context":"https:\/\/schema.org","@graph":[{"@type":"Article","@id":"https:\/\/zeromagazine.mx\/index.php\/2024\/09\/03\/alejandra-de-coss-moda-fresh\/#article","isPartOf":{"@id":"https:\/\/zeromagazine.mx\/index.php\/2024\/09\/03\/alejandra-de-coss-moda-fresh\/"},"author":{"name":"zeromagazinemx","@id":"https:\/\/zeromagazine.mx\/#\/schema\/person\/9aed9f33a7c39af3a348b86d723f7773"},"headline":"\u00abAlejandra de Coss: Moda Fresh\u00bb","datePublished":"2024-09-02T22:44:52+00:00","mainEntityOfPage":{"@id":"https:\/\/zeromagazine.mx\/index.php\/2024\/09\/03\/alejandra-de-coss-moda-fresh\/"},"wordCount":692,"commentCount":0,"publisher":{"@id":"https:\/\/zeromagazine.mx\/#organization"},"image":{"@id":"https:\/\/zeromagazine.mx\/index.php\/2024\/09\/03\/alejandra-de-coss-moda-fresh\/#primaryimage"},"thumbnailUrl":"https:\/\/i0.wp.com\/zeromagazine.mx\/wp-content\/uploads\/2024\/09\/Alejandra-de-Coss_Boutique_20241.jpg?fit=1920%2C1920&ssl=1","keywords":["Dise\u00f1adores Emergentes","Marcas Mexicanas","Moda y Estilo"],"articleSection":["Moda"],"inLanguage":"es","potentialAction":[{"@type":"CommentAction","name":"Comment","target":["https:\/\/zeromagazine.mx\/index.php\/2024\/09\/03\/alejandra-de-coss-moda-fresh\/#respond"]}]},{"@type":"WebPage","@id":"https:\/\/zeromagazine.mx\/index.php\/2024\/09\/03\/alejandra-de-coss-moda-fresh\/","url":"https:\/\/zeromagazine.mx\/index.php\/2024\/09\/03\/alejandra-de-coss-moda-fresh\/","name":"\"Alejandra de Coss: Moda Fresh\" - Zero Magazine","isPartOf":{"@id":"https:\/\/zeromagazine.mx\/#website"},"primaryImageOfPage":{"@id":"https:\/\/zeromagazine.mx\/index.php\/2024\/09\/03\/alejandra-de-coss-moda-fresh\/#primaryimage"},"image":{"@id":"https:\/\/zeromagazine.mx\/index.php\/2024\/09\/03\/alejandra-de-coss-moda-fresh\/#primaryimage"},"thumbnailUrl":"https:\/\/i0.wp.com\/zeromagazine.mx\/wp-content\/uploads\/2024\/09\/Alejandra-de-Coss_Boutique_20241.jpg?fit=1920%2C1920&ssl=1","datePublished":"2024-09-02T22:44:52+00:00","breadcrumb":{"@id":"https:\/\/zeromagazine.mx\/index.php\/2024\/09\/03\/alejandra-de-coss-moda-fresh\/#breadcrumb"},"inLanguage":"es","potentialAction":[{"@type":"ReadAction","target":["https:\/\/zeromagazine.mx\/index.php\/2024\/09\/03\/alejandra-de-coss-moda-fresh\/"]}]},{"@type":"ImageObject","inLanguage":"es","@id":"https:\/\/zeromagazine.mx\/index.php\/2024\/09\/03\/alejandra-de-coss-moda-fresh\/#primaryimage","url":"https:\/\/i0.wp.com\/zeromagazine.mx\/wp-content\/uploads\/2024\/09\/Alejandra-de-Coss_Boutique_20241.jpg?fit=1920%2C1920&ssl=1","contentUrl":"https:\/\/i0.wp.com\/zeromagazine.mx\/wp-content\/uploads\/2024\/09\/Alejandra-de-Coss_Boutique_20241.jpg?fit=1920%2C1920&ssl=1","width":1920,"height":1920},{"@type":"BreadcrumbList","@id":"https:\/\/zeromagazine.mx\/index.php\/2024\/09\/03\/alejandra-de-coss-moda-fresh\/#breadcrumb","itemListElement":[{"@type":"ListItem","position":1,"name":"Portada","item":"https:\/\/zeromagazine.mx\/"},{"@type":"ListItem","position":2,"name":"\u00abAlejandra de Coss: Moda Fresh\u00bb"}]},{"@type":"WebSite","@id":"https:\/\/zeromagazine.mx\/#website","url":"https:\/\/zeromagazine.mx\/","name":"Zero Magazine","description":"","publisher":{"@id":"https:\/\/zeromagazine.mx\/#organization"},"potentialAction":[{"@type":"SearchAction","target":{"@type":"EntryPoint","urlTemplate":"https:\/\/zeromagazine.mx\/?s={search_term_string}"},"query-input":{"@type":"PropertyValueSpecification","valueRequired":true,"valueName":"search_term_string"}}],"inLanguage":"es"},{"@type":"Organization","@id":"https:\/\/zeromagazine.mx\/#organization","name":"Zero Magazine","url":"https:\/\/zeromagazine.mx\/","logo":{"@type":"ImageObject","inLanguage":"es","@id":"https:\/\/zeromagazine.mx\/#\/schema\/logo\/image\/","url":"https:\/\/i0.wp.com\/zeromagazine.mx\/wp-content\/uploads\/2025\/11\/1.jpeg?fit=1000%2C1000&ssl=1","contentUrl":"https:\/\/i0.wp.com\/zeromagazine.mx\/wp-content\/uploads\/2025\/11\/1.jpeg?fit=1000%2C1000&ssl=1","width":1000,"height":1000,"caption":"Zero Magazine"},"image":{"@id":"https:\/\/zeromagazine.mx\/#\/schema\/logo\/image\/"},"sameAs":["https:\/\/instagram.com\/zeromagazinemx"]},{"@type":"Person","@id":"https:\/\/zeromagazine.mx\/#\/schema\/person\/9aed9f33a7c39af3a348b86d723f7773","name":"zeromagazinemx","image":{"@type":"ImageObject","inLanguage":"es","@id":"https:\/\/zeromagazine.mx\/wp-content\/litespeed\/avatar\/f91dfe5410d5dcb1a576bf8c45983896.jpg?ver=1776966396","url":"https:\/\/zeromagazine.mx\/wp-content\/litespeed\/avatar\/f91dfe5410d5dcb1a576bf8c45983896.jpg?ver=1776966396","contentUrl":"https:\/\/zeromagazine.mx\/wp-content\/litespeed\/avatar\/f91dfe5410d5dcb1a576bf8c45983896.jpg?ver=1776966396","caption":"zeromagazinemx"},"url":"https:\/\/zeromagazine.mx\/index.php\/author\/zeromagazinemx\/"}]}},"jetpack_publicize_connections":[],"jetpack_featured_media_url":"https:\/\/i0.wp.com\/zeromagazine.mx\/wp-content\/uploads\/2024\/09\/Alejandra-de-Coss_Boutique_20241.jpg?fit=1920%2C1920&ssl=1","jetpack-related-posts":[{"id":108348,"url":"https:\/\/zeromagazine.mx\/index.php\/2025\/09\/17\/denim-reimaginado-moda-upcycling\/","url_meta":{"origin":82948,"position":0},"title":"Denim Reimaginado: el upcycling hecho moda","author":"David Morales","date":"17 de septiembre de 2025","format":false,"excerpt":"Si hay algo que me emociona m\u00e1s que descubrir nuevas propuestas de moda mexicana es ver c\u00f3mo marcas globales como Levi\u2019s\u00ae apuestan por nuestra creatividad local. Con\u00a0Denim Reimaginado, la mezclilla se convierte en un lienzo vivo para 13 dise\u00f1adores mexicanos que reinterpretan el \u00edcono del denim a trav\u00e9s del upcycling.\u2026","rel":"","context":"En \u00abModa\u00bb","block_context":{"text":"Moda","link":"https:\/\/zeromagazine.mx\/index.php\/category\/moda\/"},"img":{"alt_text":"","src":"https:\/\/i0.wp.com\/zeromagazine.mx\/wp-content\/uploads\/2025\/09\/DSC03061-scaled.jpeg?fit=1200%2C801&ssl=1&resize=350%2C200","width":350,"height":200,"srcset":"https:\/\/i0.wp.com\/zeromagazine.mx\/wp-content\/uploads\/2025\/09\/DSC03061-scaled.jpeg?fit=1200%2C801&ssl=1&resize=350%2C200 1x, https:\/\/i0.wp.com\/zeromagazine.mx\/wp-content\/uploads\/2025\/09\/DSC03061-scaled.jpeg?fit=1200%2C801&ssl=1&resize=525%2C300 1.5x, https:\/\/i0.wp.com\/zeromagazine.mx\/wp-content\/uploads\/2025\/09\/DSC03061-scaled.jpeg?fit=1200%2C801&ssl=1&resize=700%2C400 2x, https:\/\/i0.wp.com\/zeromagazine.mx\/wp-content\/uploads\/2025\/09\/DSC03061-scaled.jpeg?fit=1200%2C801&ssl=1&resize=1050%2C600 3x"},"classes":[]},{"id":114188,"url":"https:\/\/zeromagazine.mx\/index.php\/2026\/01\/26\/anillo-venus-regalo-san-valentin\/","url_meta":{"origin":82948,"position":1},"title":"Anillo Venus: Amor Que Brilla","author":"zeromagazinemx","date":"26 de enero de 2026","format":false,"excerpt":"San Valent\u00edn ya no se trata solo de flores de \u00faltimo minuto o chocolates que desaparecen en un d\u00eda. Ahora buscamos detalles que se sientan personales, que cuenten una historia y que duren m\u00e1s que un reel en tendencia. Justo ah\u00ed es donde entra el Anillo Venus, una pieza que\u2026","rel":"","context":"En \u00abModa\u00bb","block_context":{"text":"Moda","link":"https:\/\/zeromagazine.mx\/index.php\/category\/moda\/"},"img":{"alt_text":"","src":"https:\/\/i0.wp.com\/zeromagazine.mx\/wp-content\/uploads\/2026\/01\/1000049127.png?fit=800%2C1200&ssl=1&resize=350%2C200","width":350,"height":200,"srcset":"https:\/\/i0.wp.com\/zeromagazine.mx\/wp-content\/uploads\/2026\/01\/1000049127.png?fit=800%2C1200&ssl=1&resize=350%2C200 1x, https:\/\/i0.wp.com\/zeromagazine.mx\/wp-content\/uploads\/2026\/01\/1000049127.png?fit=800%2C1200&ssl=1&resize=525%2C300 1.5x, https:\/\/i0.wp.com\/zeromagazine.mx\/wp-content\/uploads\/2026\/01\/1000049127.png?fit=800%2C1200&ssl=1&resize=700%2C400 2x"},"classes":[]},{"id":114580,"url":"https:\/\/zeromagazine.mx\/index.php\/2026\/01\/31\/moda-mexicana-online-pink-magnolia-tiendanube\/","url_meta":{"origin":82948,"position":2},"title":"Moda mexicana online que conquista","author":"zeromagazinemx","date":"31 de enero de 2026","format":false,"excerpt":"Hay marcas que no solo dise\u00f1an ropa, sino universos enteros. Siluetas que cuentan historias, colores que evocan ra\u00edces y detalles que se sienten personales. En ese mood est\u00e1 Pink Magnolia, una firma que ha logrado que la moda mexicana online se sienta cercana, emocional y totalmente lista para conquistar pantallas\u2026","rel":"","context":"En \u00abModa\u00bb","block_context":{"text":"Moda","link":"https:\/\/zeromagazine.mx\/index.php\/category\/moda\/"},"img":{"alt_text":"","src":"https:\/\/i0.wp.com\/zeromagazine.mx\/wp-content\/uploads\/2026\/01\/1000049746.jpg?fit=1200%2C662&ssl=1&resize=350%2C200","width":350,"height":200,"srcset":"https:\/\/i0.wp.com\/zeromagazine.mx\/wp-content\/uploads\/2026\/01\/1000049746.jpg?fit=1200%2C662&ssl=1&resize=350%2C200 1x, https:\/\/i0.wp.com\/zeromagazine.mx\/wp-content\/uploads\/2026\/01\/1000049746.jpg?fit=1200%2C662&ssl=1&resize=525%2C300 1.5x, https:\/\/i0.wp.com\/zeromagazine.mx\/wp-content\/uploads\/2026\/01\/1000049746.jpg?fit=1200%2C662&ssl=1&resize=700%2C400 2x, https:\/\/i0.wp.com\/zeromagazine.mx\/wp-content\/uploads\/2026\/01\/1000049746.jpg?fit=1200%2C662&ssl=1&resize=1050%2C600 3x"},"classes":[]},{"id":84590,"url":"https:\/\/zeromagazine.mx\/index.php\/2024\/09\/25\/fashion-forward-arte-y-moda\/","url_meta":{"origin":82948,"position":3},"title":"\u00abFashion Forward: Arte y Moda\u00bb","author":"zeromagazinemx","date":"25 de septiembre de 2024","format":false,"excerpt":"\u00a1Fashion Forward\u00ae est\u00e1 de vuelta y viene con todo! Imag\u00ednate un eventazo donde la moda, el arte, la m\u00fasica, el teatro y hasta la danza se mezclan para crear una experiencia que te va a volar la cabeza. Este a\u00f1o, la propuesta es un mood renovado que hace de la\u2026","rel":"","context":"En \u00abEntretenimiento\u00bb","block_context":{"text":"Entretenimiento","link":"https:\/\/zeromagazine.mx\/index.php\/category\/entretenimiento\/"},"img":{"alt_text":"","src":"https:\/\/i0.wp.com\/zeromagazine.mx\/wp-content\/uploads\/2024\/09\/Backstage-FF-43-scaled.jpg?fit=800%2C1200&ssl=1&resize=350%2C200","width":350,"height":200,"srcset":"https:\/\/i0.wp.com\/zeromagazine.mx\/wp-content\/uploads\/2024\/09\/Backstage-FF-43-scaled.jpg?fit=800%2C1200&ssl=1&resize=350%2C200 1x, https:\/\/i0.wp.com\/zeromagazine.mx\/wp-content\/uploads\/2024\/09\/Backstage-FF-43-scaled.jpg?fit=800%2C1200&ssl=1&resize=525%2C300 1.5x, https:\/\/i0.wp.com\/zeromagazine.mx\/wp-content\/uploads\/2024\/09\/Backstage-FF-43-scaled.jpg?fit=800%2C1200&ssl=1&resize=700%2C400 2x"},"classes":[]},{"id":57174,"url":"https:\/\/zeromagazine.mx\/index.php\/2021\/11\/02\/mexico-encabeza-las-nuevas-tendencias-de-shein\/","url_meta":{"origin":82948,"position":4},"title":"M\u00e9xico encabeza las nuevas tendencias de SHEIN","author":"zeromagazinemx","date":"2 de noviembre de 2021","format":false,"excerpt":"Actualmente Shein es una de las empresas de Fast Fashion en el mundo, especialmente en M\u00e9xico, donde cada d\u00eda nos muestran prendas y tendencias que son muy fuertes y generan un total boom. SHEIN X es un programa enfocado en presentar colecciones de dise\u00f1adores a los 114 millones de personas\u2026","rel":"","context":"En \u00abLifestyle\u00bb","block_context":{"text":"Lifestyle","link":"https:\/\/zeromagazine.mx\/index.php\/category\/lifestyle\/"},"img":{"alt_text":"","src":"https:\/\/lh5.googleusercontent.com\/1j_DFzMsSuW56-FWaBX-6pkpuFKxVTb5Tui6oywkdH9Em6xQcocoIIezIeTtuMpd7O65NVojCHYrcYpweDRROUNvlyAOqBptEA_T2HCOqjgJkcf33JjqeJm3oXWVUE4DHt8fMao","width":350,"height":200,"srcset":"https:\/\/lh5.googleusercontent.com\/1j_DFzMsSuW56-FWaBX-6pkpuFKxVTb5Tui6oywkdH9Em6xQcocoIIezIeTtuMpd7O65NVojCHYrcYpweDRROUNvlyAOqBptEA_T2HCOqjgJkcf33JjqeJm3oXWVUE4DHt8fMao 1x, https:\/\/lh5.googleusercontent.com\/1j_DFzMsSuW56-FWaBX-6pkpuFKxVTb5Tui6oywkdH9Em6xQcocoIIezIeTtuMpd7O65NVojCHYrcYpweDRROUNvlyAOqBptEA_T2HCOqjgJkcf33JjqeJm3oXWVUE4DHt8fMao 1.5x, https:\/\/lh5.googleusercontent.com\/1j_DFzMsSuW56-FWaBX-6pkpuFKxVTb5Tui6oywkdH9Em6xQcocoIIezIeTtuMpd7O65NVojCHYrcYpweDRROUNvlyAOqBptEA_T2HCOqjgJkcf33JjqeJm3oXWVUE4DHt8fMao 2x"},"classes":[]},{"id":116488,"url":"https:\/\/zeromagazine.mx\/index.php\/2026\/03\/10\/digitalizacion-textil-mexico-shein-marketplace\/","url_meta":{"origin":82948,"position":5},"title":"Digitalizaci\u00f3n textil cambia la moda","author":"Luis Trujano","date":"10 de marzo de 2026","format":false,"excerpt":"La moda siempre ha sido creatividad, identidad y cultura. Pero hoy tambi\u00e9n es tecnolog\u00eda. La digitalizaci\u00f3n textil est\u00e1 transformando la forma en que se dise\u00f1an, producen y venden las prendas en M\u00e9xico, y cada vez m\u00e1s emprendedores locales est\u00e1n encontrando en el comercio electr\u00f3nico una oportunidad real para crecer. Durante\u2026","rel":"","context":"En \u00abModa\u00bb","block_context":{"text":"Moda","link":"https:\/\/zeromagazine.mx\/index.php\/category\/moda\/"},"img":{"alt_text":"","src":"https:\/\/i0.wp.com\/zeromagazine.mx\/wp-content\/uploads\/2026\/03\/IMG_6540.jpeg?fit=1024%2C683&ssl=1&resize=350%2C200","width":350,"height":200,"srcset":"https:\/\/i0.wp.com\/zeromagazine.mx\/wp-content\/uploads\/2026\/03\/IMG_6540.jpeg?fit=1024%2C683&ssl=1&resize=350%2C200 1x, https:\/\/i0.wp.com\/zeromagazine.mx\/wp-content\/uploads\/2026\/03\/IMG_6540.jpeg?fit=1024%2C683&ssl=1&resize=525%2C300 1.5x, https:\/\/i0.wp.com\/zeromagazine.mx\/wp-content\/uploads\/2026\/03\/IMG_6540.jpeg?fit=1024%2C683&ssl=1&resize=700%2C400 2x"},"classes":[]}],"jetpack_sharing_enabled":true,"builder_content":"","_links":{"self":[{"href":"https:\/\/zeromagazine.mx\/index.php\/wp-json\/wp\/v2\/posts\/82948","targetHints":{"allow":["GET"]}}],"collection":[{"href":"https:\/\/zeromagazine.mx\/index.php\/wp-json\/wp\/v2\/posts"}],"about":[{"href":"https:\/\/zeromagazine.mx\/index.php\/wp-json\/wp\/v2\/types\/post"}],"author":[{"embeddable":true,"href":"https:\/\/zeromagazine.mx\/index.php\/wp-json\/wp\/v2\/users\/2"}],"replies":[{"embeddable":true,"href":"https:\/\/zeromagazine.mx\/index.php\/wp-json\/wp\/v2\/comments?post=82948"}],"version-history":[{"count":1,"href":"https:\/\/zeromagazine.mx\/index.php\/wp-json\/wp\/v2\/posts\/82948\/revisions"}],"predecessor-version":[{"id":82955,"href":"https:\/\/zeromagazine.mx\/index.php\/wp-json\/wp\/v2\/posts\/82948\/revisions\/82955"}],"wp:featuredmedia":[{"embeddable":true,"href":"https:\/\/zeromagazine.mx\/index.php\/wp-json\/wp\/v2\/media\/82950"}],"wp:attachment":[{"href":"https:\/\/zeromagazine.mx\/index.php\/wp-json\/wp\/v2\/media?parent=82948"}],"wp:term":[{"taxonomy":"category","embeddable":true,"href":"https:\/\/zeromagazine.mx\/index.php\/wp-json\/wp\/v2\/categories?post=82948"},{"taxonomy":"post_tag","embeddable":true,"href":"https:\/\/zeromagazine.mx\/index.php\/wp-json\/wp\/v2\/tags?post=82948"}],"curies":[{"name":"wp","href":"https:\/\/api.w.org\/{rel}","templated":true}]}}