{"id":83032,"date":"2024-09-03T21:37:23","date_gmt":"2024-09-03T19:37:23","guid":{"rendered":"https:\/\/zeromagazine.mx\/?p=83032"},"modified":"2024-09-03T21:37:25","modified_gmt":"2024-09-03T19:37:25","slug":"pedro-paramo-ghosts-drama-y-mas","status":"publish","type":"post","link":"https:\/\/zeromagazine.mx\/index.php\/2024\/09\/03\/pedro-paramo-ghosts-drama-y-mas\/","title":{"rendered":"\u00abPedro P\u00e1ramo: Ghosts, Drama, y M\u00e1s\u00bb"},"content":{"rendered":"<!--themify_builder_content-->\n<div id=\"themify_builder_content-83032\" data-postid=\"83032\" class=\"themify_builder_content themify_builder_content-83032 themify_builder tf_clear\">\n    <\/div>\n<!--\/themify_builder_content-->\n\n\n<p>Disfruta de un fin de semana inolvidable con el pr\u00f3ximo estreno del gigante del streaming \u201dPedro P\u00e1ramo, la pel\u00edcula que nos lleva directo al coraz\u00f3n de Comala, un pueblo donde el drama entre los vivos y los muertos est\u00e1 m\u00e1s intenso que un episodio de reality show. Esta adaptaci\u00f3n de la legendaria novela de Juan Rulfo est\u00e1 a punto de llegar y, honestamente, tienes que estar ready para el trip que se viene. Si no sabes de qu\u00e9 va, no te preocupes, porque aqu\u00ed te traigo toda la scoop sobre este \u00e9pico estreno que seguro va a dejar a todos hablando.<\/p>\n\n\n\n<figure class=\"wp-block-image size-full\"><img data-recalc-dims=\"1\" decoding=\"async\" width=\"1165\" height=\"655\" src=\"https:\/\/i0.wp.com\/zeromagazine.mx\/wp-content\/uploads\/2024\/09\/Pedro_Paramo_n_00_49_24_04_R-scaled.jpg?resize=1165%2C655&#038;ssl=1\" alt=\"\" class=\"wp-image-83038\" srcset=\"https:\/\/i0.wp.com\/zeromagazine.mx\/wp-content\/uploads\/2024\/09\/Pedro_Paramo_n_00_49_24_04_R-scaled.jpg?w=2560&amp;ssl=1 2560w, https:\/\/i0.wp.com\/zeromagazine.mx\/wp-content\/uploads\/2024\/09\/Pedro_Paramo_n_00_49_24_04_R-scaled.jpg?resize=300%2C169&amp;ssl=1 300w, https:\/\/i0.wp.com\/zeromagazine.mx\/wp-content\/uploads\/2024\/09\/Pedro_Paramo_n_00_49_24_04_R-scaled.jpg?resize=1024%2C576&amp;ssl=1 1024w, https:\/\/i0.wp.com\/zeromagazine.mx\/wp-content\/uploads\/2024\/09\/Pedro_Paramo_n_00_49_24_04_R-scaled.jpg?resize=768%2C432&amp;ssl=1 768w, https:\/\/i0.wp.com\/zeromagazine.mx\/wp-content\/uploads\/2024\/09\/Pedro_Paramo_n_00_49_24_04_R-scaled.jpg?resize=1536%2C864&amp;ssl=1 1536w, https:\/\/i0.wp.com\/zeromagazine.mx\/wp-content\/uploads\/2024\/09\/Pedro_Paramo_n_00_49_24_04_R-scaled.jpg?resize=2048%2C1152&amp;ssl=1 2048w, https:\/\/i0.wp.com\/zeromagazine.mx\/wp-content\/uploads\/2024\/09\/Pedro_Paramo_n_00_49_24_04_R-scaled.jpg?w=2330 2330w\" sizes=\"(max-width: 1165px) 100vw, 1165px\" \/><figcaption class=\"wp-element-caption\">Pedro P\u00e1ramo. (L to R) Ishbel Bautista as Doloritas, Dolores Eredia as Eduviges in Pedro P\u00e1ramo. Cr. Courtesy of Netflix \/ \u00a92024<\/figcaption><\/figure>\n\n\n\n<script async src=\"https:\/\/pagead2.googlesyndication.com\/pagead\/js\/adsbygoogle.js?client=ca-pub-5499304793904745\"\n     crossorigin=\"anonymous\"><\/script>\n<ins class=\"adsbygoogle\"\n     style=\"display:block; text-align:center;\"\n     data-ad-layout=\"in-article\"\n     data-ad-format=\"fluid\"\n     data-ad-client=\"ca-pub-5499304793904745\"\n     data-ad-slot=\"5994863093\"><\/ins>\n<script>\n     (adsbygoogle = window.adsbygoogle || []).push({});\n<\/script>\n\n\n\n\n<p><strong>Un Viaje Entre Vivos y Muertos<\/strong><\/p>\n\n\n\n<p>La trama gira en torno a Juan Preciado, que llega a Comala buscando a su pap\u00e1, solo para encontrarse con un pueblo lleno de secretos oscuros y almas atrapadas en un loop eterno. Pedro P\u00e1ramo es el OG villano, un cacique que hizo lo que quiso en su vida, sin importarle a qui\u00e9n pisara en el camino. Su amor obsesivo por Susana San Juan es lo que lo destruy\u00f3, pero tambi\u00e9n es lo que llev\u00f3 a Comala a su ruina.<\/p>\n\n\n\n<p>La peli sigue fielmente la narrativa del libro, explorando los temas de poder, corrupci\u00f3n, amor no correspondido, y c\u00f3mo el pasado siempre encuentra la manera de alcanzarte. Es una historia pesada, pero tambi\u00e9n es una que resuena con cualquier generaci\u00f3n.\u00a0<\/p>\n\n\n\n<figure class=\"wp-block-image size-full\"><img data-recalc-dims=\"1\" decoding=\"async\" width=\"1165\" height=\"1725\" src=\"https:\/\/i0.wp.com\/zeromagazine.mx\/wp-content\/uploads\/2024\/09\/Es_Mx_PedroParamo_Main_Vertical_27x40_SRGB_PRE-1-scaled.jpg?resize=1165%2C1725&#038;ssl=1\" alt=\"\" class=\"wp-image-83037\" srcset=\"https:\/\/i0.wp.com\/zeromagazine.mx\/wp-content\/uploads\/2024\/09\/Es_Mx_PedroParamo_Main_Vertical_27x40_SRGB_PRE-1-scaled.jpg?w=1729&amp;ssl=1 1729w, https:\/\/i0.wp.com\/zeromagazine.mx\/wp-content\/uploads\/2024\/09\/Es_Mx_PedroParamo_Main_Vertical_27x40_SRGB_PRE-1-scaled.jpg?resize=203%2C300&amp;ssl=1 203w, https:\/\/i0.wp.com\/zeromagazine.mx\/wp-content\/uploads\/2024\/09\/Es_Mx_PedroParamo_Main_Vertical_27x40_SRGB_PRE-1-scaled.jpg?resize=692%2C1024&amp;ssl=1 692w, https:\/\/i0.wp.com\/zeromagazine.mx\/wp-content\/uploads\/2024\/09\/Es_Mx_PedroParamo_Main_Vertical_27x40_SRGB_PRE-1-scaled.jpg?resize=768%2C1137&amp;ssl=1 768w, https:\/\/i0.wp.com\/zeromagazine.mx\/wp-content\/uploads\/2024\/09\/Es_Mx_PedroParamo_Main_Vertical_27x40_SRGB_PRE-1-scaled.jpg?resize=1038%2C1536&amp;ssl=1 1038w, https:\/\/i0.wp.com\/zeromagazine.mx\/wp-content\/uploads\/2024\/09\/Es_Mx_PedroParamo_Main_Vertical_27x40_SRGB_PRE-1-scaled.jpg?resize=1383%2C2048&amp;ssl=1 1383w\" sizes=\"(max-width: 1165px) 100vw, 1165px\" \/><\/figure>\n\n\n\n<script async src=\"https:\/\/pagead2.googlesyndication.com\/pagead\/js\/adsbygoogle.js?client=ca-pub-5499304793904745\"\n     crossorigin=\"anonymous\"><\/script>\n<ins class=\"adsbygoogle\"\n     style=\"display:block; text-align:center;\"\n     data-ad-layout=\"in-article\"\n     data-ad-format=\"fluid\"\n     data-ad-client=\"ca-pub-5499304793904745\"\n     data-ad-slot=\"5994863093\"><\/ins>\n<script>\n     (adsbygoogle = window.adsbygoogle || []).push({});\n<\/script>\n\n\n\n\n<p><strong>Un Comala Visualmente Impactante<\/strong><\/p>\n\n\n\n<p>Si algo podemos esperar de la peli es que visualmente va a ser una joya. Prieto es conocido por su habilidad para capturar la belleza en lo sombr\u00edo, y con \u201cPedro P\u00e1ramo\u201d, seguro va a sacarle todo el jugo a los paisajes desolados y a la atm\u00f3sfera densa de Comala. Imag\u00ednate los juegos de luz y sombra, los colores que te transportan a un M\u00e9xico que es tanto real como imaginario. Esta peli no solo va a contarte una historia, te va a hacer sentir que est\u00e1s caminando por las calles polvorientas de Comala, con el sol abrasador y los murmullos de los muertos en tus o\u00eddos.<\/p>\n\n\n\n<p>Gustavo Santaolalla, el genio detr\u00e1s de soundtracks legendarios, nos va a regalar una banda sonora que probablemente te va a dar chills. Santaolalla sabe c\u00f3mo capturar la esencia de una historia y transformarla en m\u00fasica que te llega directo al alma. Para \u201cPedro P\u00e1ramo\u201d, esperamos un score que combine lo et\u00e9reo con lo terrenal, algo que te haga sentir la soledad y la melancol\u00eda de Comala, pero tambi\u00e9n la esperanza que Juan Preciado lleva consigo.<\/p>\n\n\n\n<figure class=\"wp-block-image size-full\"><img data-recalc-dims=\"1\" decoding=\"async\" width=\"1165\" height=\"655\" src=\"https:\/\/i0.wp.com\/zeromagazine.mx\/wp-content\/uploads\/2024\/09\/Pedro_Paramo_n_00_48_20_17_R-scaled.jpg?resize=1165%2C655&#038;ssl=1\" alt=\"\" class=\"wp-image-83036\" srcset=\"https:\/\/i0.wp.com\/zeromagazine.mx\/wp-content\/uploads\/2024\/09\/Pedro_Paramo_n_00_48_20_17_R-scaled.jpg?w=2560&amp;ssl=1 2560w, https:\/\/i0.wp.com\/zeromagazine.mx\/wp-content\/uploads\/2024\/09\/Pedro_Paramo_n_00_48_20_17_R-scaled.jpg?resize=300%2C169&amp;ssl=1 300w, https:\/\/i0.wp.com\/zeromagazine.mx\/wp-content\/uploads\/2024\/09\/Pedro_Paramo_n_00_48_20_17_R-scaled.jpg?resize=1024%2C576&amp;ssl=1 1024w, https:\/\/i0.wp.com\/zeromagazine.mx\/wp-content\/uploads\/2024\/09\/Pedro_Paramo_n_00_48_20_17_R-scaled.jpg?resize=768%2C432&amp;ssl=1 768w, https:\/\/i0.wp.com\/zeromagazine.mx\/wp-content\/uploads\/2024\/09\/Pedro_Paramo_n_00_48_20_17_R-scaled.jpg?resize=1536%2C864&amp;ssl=1 1536w, https:\/\/i0.wp.com\/zeromagazine.mx\/wp-content\/uploads\/2024\/09\/Pedro_Paramo_n_00_48_20_17_R-scaled.jpg?resize=2048%2C1152&amp;ssl=1 2048w, https:\/\/i0.wp.com\/zeromagazine.mx\/wp-content\/uploads\/2024\/09\/Pedro_Paramo_n_00_48_20_17_R-scaled.jpg?w=2330 2330w\" sizes=\"(max-width: 1165px) 100vw, 1165px\" \/><figcaption class=\"wp-element-caption\">Pedro P\u00e1ramo. Mayra Batalla as Damiana in Pedro P\u00e1ramo. Cr. Courtesy of Netflix \/ \u00a92024<\/figcaption><\/figure>\n\n\n\n<script async src=\"https:\/\/pagead2.googlesyndication.com\/pagead\/js\/adsbygoogle.js?client=ca-pub-5499304793904745\"\n     crossorigin=\"anonymous\"><\/script>\n<ins class=\"adsbygoogle\"\n     style=\"display:block; text-align:center;\"\n     data-ad-layout=\"in-article\"\n     data-ad-format=\"fluid\"\n     data-ad-client=\"ca-pub-5499304793904745\"\n     data-ad-slot=\"5994863093\"><\/ins>\n<script>\n     (adsbygoogle = window.adsbygoogle || []).push({});\n<\/script>\n\n\n\n\n<p><strong>Lo que Tienes que Saber<\/strong><\/p>\n\n\n\n<p>Se va a estrenar mundialmente en el Festival Internacional de Cine de Toronto (TIFF) el 7 de septiembre. Pero si no puedes esperar tanto (y qui\u00e9n podr\u00eda culparte), la peli tendr\u00e1 un estreno exclusivo en Cine Tonal\u00e1, en la Ciudad de M\u00e9xico, del 12 al 19 de septiembre. Y para el resto del mundo, estar\u00e1 disponible en Netflix a partir del 6 de noviembre. As\u00ed que ya sabes, es el momento perfecto para releer el libro, agarrar tus palomitas, y prepararte para una experiencia cinematogr\u00e1fica que seguramente va a dejarte pensando.<\/p>\n\n\n\n<p>Pedro P\u00e1ramo\u201d no es solo una adaptaci\u00f3n m\u00e1s; es un recordatorio de lo poderosas que pueden ser las historias cuando se cuentan con el coraz\u00f3n. Esta peli es una oda a la obra maestra de Juan Rulfo, pero tambi\u00e9n es una exploraci\u00f3n de los miedos, deseos, y arrepentimientos que todos llevamos dentro. En un mundo donde a veces parece que estamos m\u00e1s conectados con nuestras pantallas que con las personas a nuestro alrededor, historias como estas nos hacen pausar, reflexionar, y recordar lo que realmente importa.<\/p>\n\n\n\n<p>As\u00ed que no te pierdas \u201cPedro P\u00e1ramo\u201d. Es m\u00e1s que una pel\u00edcula; es una experiencia que va a resonar contigo mucho despu\u00e9s de que terminen los cr\u00e9ditos.<\/p>","protected":false},"excerpt":{"rendered":"<p>Disfruta de un fin de semana inolvidable con el pr\u00f3ximo estreno del gigante del streaming \u201dPedro P\u00e1ramo, la pel\u00edcula que nos lleva directo al coraz\u00f3n de Comala, un pueblo donde el drama entre los vivos y los muertos est\u00e1 m\u00e1s intenso que un episodio de reality show. Esta adaptaci\u00f3n de la legendaria novela de Juan [&hellip;]<\/p>\n","protected":false},"author":2,"featured_media":83036,"comment_status":"open","ping_status":"open","sticky":false,"template":"","format":"standard","meta":{"_jetpack_memberships_contains_paid_content":false,"footnotes":"","jetpack_publicize_message":"","jetpack_publicize_feature_enabled":true,"jetpack_social_post_already_shared":true,"jetpack_social_options":{"image_generator_settings":{"template":"highway","default_image_id":0,"font":"","enabled":false},"version":2}},"categories":[117],"tags":[9769,10098,10097],"class_list":["post-83032","post","type-post","status-publish","format-standard","has-post-thumbnail","hentry","category-entretenimiento","tag-cinemexicano","tag-netflixestreno","tag-pedroparamo","has-post-title","has-post-date","has-post-category","has-post-tag","has-post-comment","has-post-author",""],"yoast_head":"<!-- This site is optimized with the Yoast SEO plugin v27.5 - https:\/\/yoast.com\/product\/yoast-seo-wordpress\/ -->\n<title>&quot;Pedro P\u00e1ramo: Ghosts, Drama, y M\u00e1s&quot; - Zero Magazine<\/title>\n<meta name=\"robots\" content=\"index, follow, max-snippet:-1, max-image-preview:large, max-video-preview:-1\" \/>\n<link rel=\"canonical\" href=\"https:\/\/zeromagazine.mx\/index.php\/2024\/09\/03\/pedro-paramo-ghosts-drama-y-mas\/\" \/>\n<meta property=\"og:locale\" content=\"es_ES\" \/>\n<meta property=\"og:type\" content=\"article\" \/>\n<meta property=\"og:title\" content=\"&quot;Pedro P\u00e1ramo: Ghosts, Drama, y M\u00e1s&quot; - Zero Magazine\" \/>\n<meta property=\"og:description\" content=\"Disfruta de un fin de semana inolvidable con el pr\u00f3ximo estreno del gigante del streaming \u201dPedro P\u00e1ramo, la pel\u00edcula que nos lleva directo al coraz\u00f3n de Comala, un pueblo donde el drama entre los vivos y los muertos est\u00e1 m\u00e1s intenso que un episodio de reality show. Esta adaptaci\u00f3n de la legendaria novela de Juan [&hellip;]\" \/>\n<meta property=\"og:url\" content=\"https:\/\/zeromagazine.mx\/index.php\/2024\/09\/03\/pedro-paramo-ghosts-drama-y-mas\/\" \/>\n<meta property=\"og:site_name\" content=\"Zero Magazine\" \/>\n<meta property=\"article:published_time\" content=\"2024-09-03T19:37:23+00:00\" \/>\n<meta property=\"article:modified_time\" content=\"2024-09-03T19:37:25+00:00\" \/>\n<meta property=\"og:image\" content=\"https:\/\/i0.wp.com\/zeromagazine.mx\/wp-content\/uploads\/2024\/09\/Pedro_Paramo_n_00_48_20_17_R-scaled.jpg?fit=2560%2C1440&ssl=1\" \/>\n\t<meta property=\"og:image:width\" content=\"2560\" \/>\n\t<meta property=\"og:image:height\" content=\"1440\" \/>\n\t<meta property=\"og:image:type\" content=\"image\/jpeg\" \/>\n<meta name=\"author\" content=\"zeromagazinemx\" \/>\n<meta name=\"twitter:card\" content=\"summary_large_image\" \/>\n<meta name=\"twitter:label1\" content=\"Escrito por\" \/>\n\t<meta name=\"twitter:data1\" content=\"zeromagazinemx\" \/>\n\t<meta name=\"twitter:label2\" content=\"Tiempo de lectura\" \/>\n\t<meta name=\"twitter:data2\" content=\"3 minutos\" \/>\n<script type=\"application\/ld+json\" class=\"yoast-schema-graph\">{\"@context\":\"https:\\\/\\\/schema.org\",\"@graph\":[{\"@type\":\"Article\",\"@id\":\"https:\\\/\\\/zeromagazine.mx\\\/index.php\\\/2024\\\/09\\\/03\\\/pedro-paramo-ghosts-drama-y-mas\\\/#article\",\"isPartOf\":{\"@id\":\"https:\\\/\\\/zeromagazine.mx\\\/index.php\\\/2024\\\/09\\\/03\\\/pedro-paramo-ghosts-drama-y-mas\\\/\"},\"author\":{\"name\":\"zeromagazinemx\",\"@id\":\"https:\\\/\\\/zeromagazine.mx\\\/#\\\/schema\\\/person\\\/9aed9f33a7c39af3a348b86d723f7773\"},\"headline\":\"\u00abPedro P\u00e1ramo: Ghosts, Drama, y M\u00e1s\u00bb\",\"datePublished\":\"2024-09-03T19:37:23+00:00\",\"dateModified\":\"2024-09-03T19:37:25+00:00\",\"mainEntityOfPage\":{\"@id\":\"https:\\\/\\\/zeromagazine.mx\\\/index.php\\\/2024\\\/09\\\/03\\\/pedro-paramo-ghosts-drama-y-mas\\\/\"},\"wordCount\":706,\"commentCount\":0,\"publisher\":{\"@id\":\"https:\\\/\\\/zeromagazine.mx\\\/#organization\"},\"image\":{\"@id\":\"https:\\\/\\\/zeromagazine.mx\\\/index.php\\\/2024\\\/09\\\/03\\\/pedro-paramo-ghosts-drama-y-mas\\\/#primaryimage\"},\"thumbnailUrl\":\"https:\\\/\\\/i0.wp.com\\\/zeromagazine.mx\\\/wp-content\\\/uploads\\\/2024\\\/09\\\/Pedro_Paramo_n_00_48_20_17_R-scaled.jpg?fit=2560%2C1440&ssl=1\",\"keywords\":[\"CineMexicano\",\"NetflixEstreno\",\"PedroP\u00e1ramo\"],\"articleSection\":[\"Entretenimiento\"],\"inLanguage\":\"es\",\"potentialAction\":[{\"@type\":\"CommentAction\",\"name\":\"Comment\",\"target\":[\"https:\\\/\\\/zeromagazine.mx\\\/index.php\\\/2024\\\/09\\\/03\\\/pedro-paramo-ghosts-drama-y-mas\\\/#respond\"]}]},{\"@type\":\"WebPage\",\"@id\":\"https:\\\/\\\/zeromagazine.mx\\\/index.php\\\/2024\\\/09\\\/03\\\/pedro-paramo-ghosts-drama-y-mas\\\/\",\"url\":\"https:\\\/\\\/zeromagazine.mx\\\/index.php\\\/2024\\\/09\\\/03\\\/pedro-paramo-ghosts-drama-y-mas\\\/\",\"name\":\"\\\"Pedro P\u00e1ramo: Ghosts, Drama, y M\u00e1s\\\" - Zero Magazine\",\"isPartOf\":{\"@id\":\"https:\\\/\\\/zeromagazine.mx\\\/#website\"},\"primaryImageOfPage\":{\"@id\":\"https:\\\/\\\/zeromagazine.mx\\\/index.php\\\/2024\\\/09\\\/03\\\/pedro-paramo-ghosts-drama-y-mas\\\/#primaryimage\"},\"image\":{\"@id\":\"https:\\\/\\\/zeromagazine.mx\\\/index.php\\\/2024\\\/09\\\/03\\\/pedro-paramo-ghosts-drama-y-mas\\\/#primaryimage\"},\"thumbnailUrl\":\"https:\\\/\\\/i0.wp.com\\\/zeromagazine.mx\\\/wp-content\\\/uploads\\\/2024\\\/09\\\/Pedro_Paramo_n_00_48_20_17_R-scaled.jpg?fit=2560%2C1440&ssl=1\",\"datePublished\":\"2024-09-03T19:37:23+00:00\",\"dateModified\":\"2024-09-03T19:37:25+00:00\",\"breadcrumb\":{\"@id\":\"https:\\\/\\\/zeromagazine.mx\\\/index.php\\\/2024\\\/09\\\/03\\\/pedro-paramo-ghosts-drama-y-mas\\\/#breadcrumb\"},\"inLanguage\":\"es\",\"potentialAction\":[{\"@type\":\"ReadAction\",\"target\":[\"https:\\\/\\\/zeromagazine.mx\\\/index.php\\\/2024\\\/09\\\/03\\\/pedro-paramo-ghosts-drama-y-mas\\\/\"]}]},{\"@type\":\"ImageObject\",\"inLanguage\":\"es\",\"@id\":\"https:\\\/\\\/zeromagazine.mx\\\/index.php\\\/2024\\\/09\\\/03\\\/pedro-paramo-ghosts-drama-y-mas\\\/#primaryimage\",\"url\":\"https:\\\/\\\/i0.wp.com\\\/zeromagazine.mx\\\/wp-content\\\/uploads\\\/2024\\\/09\\\/Pedro_Paramo_n_00_48_20_17_R-scaled.jpg?fit=2560%2C1440&ssl=1\",\"contentUrl\":\"https:\\\/\\\/i0.wp.com\\\/zeromagazine.mx\\\/wp-content\\\/uploads\\\/2024\\\/09\\\/Pedro_Paramo_n_00_48_20_17_R-scaled.jpg?fit=2560%2C1440&ssl=1\",\"width\":2560,\"height\":1440,\"caption\":\"Pedro P\u00e1ramo. Mayra Batalla as Damiana in Pedro P\u00e1ramo. Cr. Courtesy of Netflix \\\/ \u00a92024\"},{\"@type\":\"BreadcrumbList\",\"@id\":\"https:\\\/\\\/zeromagazine.mx\\\/index.php\\\/2024\\\/09\\\/03\\\/pedro-paramo-ghosts-drama-y-mas\\\/#breadcrumb\",\"itemListElement\":[{\"@type\":\"ListItem\",\"position\":1,\"name\":\"Portada\",\"item\":\"https:\\\/\\\/zeromagazine.mx\\\/\"},{\"@type\":\"ListItem\",\"position\":2,\"name\":\"\u00abPedro P\u00e1ramo: Ghosts, Drama, y M\u00e1s\u00bb\"}]},{\"@type\":\"WebSite\",\"@id\":\"https:\\\/\\\/zeromagazine.mx\\\/#website\",\"url\":\"https:\\\/\\\/zeromagazine.mx\\\/\",\"name\":\"Zero Magazine\",\"description\":\"\",\"publisher\":{\"@id\":\"https:\\\/\\\/zeromagazine.mx\\\/#organization\"},\"potentialAction\":[{\"@type\":\"SearchAction\",\"target\":{\"@type\":\"EntryPoint\",\"urlTemplate\":\"https:\\\/\\\/zeromagazine.mx\\\/?s={search_term_string}\"},\"query-input\":{\"@type\":\"PropertyValueSpecification\",\"valueRequired\":true,\"valueName\":\"search_term_string\"}}],\"inLanguage\":\"es\"},{\"@type\":\"Organization\",\"@id\":\"https:\\\/\\\/zeromagazine.mx\\\/#organization\",\"name\":\"Zero Magazine\",\"url\":\"https:\\\/\\\/zeromagazine.mx\\\/\",\"logo\":{\"@type\":\"ImageObject\",\"inLanguage\":\"es\",\"@id\":\"https:\\\/\\\/zeromagazine.mx\\\/#\\\/schema\\\/logo\\\/image\\\/\",\"url\":\"https:\\\/\\\/i0.wp.com\\\/zeromagazine.mx\\\/wp-content\\\/uploads\\\/2025\\\/11\\\/1.jpeg?fit=1000%2C1000&ssl=1\",\"contentUrl\":\"https:\\\/\\\/i0.wp.com\\\/zeromagazine.mx\\\/wp-content\\\/uploads\\\/2025\\\/11\\\/1.jpeg?fit=1000%2C1000&ssl=1\",\"width\":1000,\"height\":1000,\"caption\":\"Zero Magazine\"},\"image\":{\"@id\":\"https:\\\/\\\/zeromagazine.mx\\\/#\\\/schema\\\/logo\\\/image\\\/\"},\"sameAs\":[\"https:\\\/\\\/instagram.com\\\/zeromagazinemx\"]},{\"@type\":\"Person\",\"@id\":\"https:\\\/\\\/zeromagazine.mx\\\/#\\\/schema\\\/person\\\/9aed9f33a7c39af3a348b86d723f7773\",\"name\":\"zeromagazinemx\",\"image\":{\"@type\":\"ImageObject\",\"inLanguage\":\"es\",\"@id\":\"https:\\\/\\\/zeromagazine.mx\\\/wp-content\\\/litespeed\\\/avatar\\\/f91dfe5410d5dcb1a576bf8c45983896.jpg?ver=1776966396\",\"url\":\"https:\\\/\\\/zeromagazine.mx\\\/wp-content\\\/litespeed\\\/avatar\\\/f91dfe5410d5dcb1a576bf8c45983896.jpg?ver=1776966396\",\"contentUrl\":\"https:\\\/\\\/zeromagazine.mx\\\/wp-content\\\/litespeed\\\/avatar\\\/f91dfe5410d5dcb1a576bf8c45983896.jpg?ver=1776966396\",\"caption\":\"zeromagazinemx\"},\"url\":\"https:\\\/\\\/zeromagazine.mx\\\/index.php\\\/author\\\/zeromagazinemx\\\/\"}]}<\/script>\n<!-- \/ Yoast SEO plugin. -->","yoast_head_json":{"title":"\"Pedro P\u00e1ramo: Ghosts, Drama, y M\u00e1s\" - Zero Magazine","robots":{"index":"index","follow":"follow","max-snippet":"max-snippet:-1","max-image-preview":"max-image-preview:large","max-video-preview":"max-video-preview:-1"},"canonical":"https:\/\/zeromagazine.mx\/index.php\/2024\/09\/03\/pedro-paramo-ghosts-drama-y-mas\/","og_locale":"es_ES","og_type":"article","og_title":"\"Pedro P\u00e1ramo: Ghosts, Drama, y M\u00e1s\" - Zero Magazine","og_description":"Disfruta de un fin de semana inolvidable con el pr\u00f3ximo estreno del gigante del streaming \u201dPedro P\u00e1ramo, la pel\u00edcula que nos lleva directo al coraz\u00f3n de Comala, un pueblo donde el drama entre los vivos y los muertos est\u00e1 m\u00e1s intenso que un episodio de reality show. Esta adaptaci\u00f3n de la legendaria novela de Juan [&hellip;]","og_url":"https:\/\/zeromagazine.mx\/index.php\/2024\/09\/03\/pedro-paramo-ghosts-drama-y-mas\/","og_site_name":"Zero Magazine","article_published_time":"2024-09-03T19:37:23+00:00","article_modified_time":"2024-09-03T19:37:25+00:00","og_image":[{"width":2560,"height":1440,"url":"https:\/\/i0.wp.com\/zeromagazine.mx\/wp-content\/uploads\/2024\/09\/Pedro_Paramo_n_00_48_20_17_R-scaled.jpg?fit=2560%2C1440&ssl=1","type":"image\/jpeg"}],"author":"zeromagazinemx","twitter_card":"summary_large_image","twitter_misc":{"Escrito por":"zeromagazinemx","Tiempo de lectura":"3 minutos"},"schema":{"@context":"https:\/\/schema.org","@graph":[{"@type":"Article","@id":"https:\/\/zeromagazine.mx\/index.php\/2024\/09\/03\/pedro-paramo-ghosts-drama-y-mas\/#article","isPartOf":{"@id":"https:\/\/zeromagazine.mx\/index.php\/2024\/09\/03\/pedro-paramo-ghosts-drama-y-mas\/"},"author":{"name":"zeromagazinemx","@id":"https:\/\/zeromagazine.mx\/#\/schema\/person\/9aed9f33a7c39af3a348b86d723f7773"},"headline":"\u00abPedro P\u00e1ramo: Ghosts, Drama, y M\u00e1s\u00bb","datePublished":"2024-09-03T19:37:23+00:00","dateModified":"2024-09-03T19:37:25+00:00","mainEntityOfPage":{"@id":"https:\/\/zeromagazine.mx\/index.php\/2024\/09\/03\/pedro-paramo-ghosts-drama-y-mas\/"},"wordCount":706,"commentCount":0,"publisher":{"@id":"https:\/\/zeromagazine.mx\/#organization"},"image":{"@id":"https:\/\/zeromagazine.mx\/index.php\/2024\/09\/03\/pedro-paramo-ghosts-drama-y-mas\/#primaryimage"},"thumbnailUrl":"https:\/\/i0.wp.com\/zeromagazine.mx\/wp-content\/uploads\/2024\/09\/Pedro_Paramo_n_00_48_20_17_R-scaled.jpg?fit=2560%2C1440&ssl=1","keywords":["CineMexicano","NetflixEstreno","PedroP\u00e1ramo"],"articleSection":["Entretenimiento"],"inLanguage":"es","potentialAction":[{"@type":"CommentAction","name":"Comment","target":["https:\/\/zeromagazine.mx\/index.php\/2024\/09\/03\/pedro-paramo-ghosts-drama-y-mas\/#respond"]}]},{"@type":"WebPage","@id":"https:\/\/zeromagazine.mx\/index.php\/2024\/09\/03\/pedro-paramo-ghosts-drama-y-mas\/","url":"https:\/\/zeromagazine.mx\/index.php\/2024\/09\/03\/pedro-paramo-ghosts-drama-y-mas\/","name":"\"Pedro P\u00e1ramo: Ghosts, Drama, y M\u00e1s\" - Zero Magazine","isPartOf":{"@id":"https:\/\/zeromagazine.mx\/#website"},"primaryImageOfPage":{"@id":"https:\/\/zeromagazine.mx\/index.php\/2024\/09\/03\/pedro-paramo-ghosts-drama-y-mas\/#primaryimage"},"image":{"@id":"https:\/\/zeromagazine.mx\/index.php\/2024\/09\/03\/pedro-paramo-ghosts-drama-y-mas\/#primaryimage"},"thumbnailUrl":"https:\/\/i0.wp.com\/zeromagazine.mx\/wp-content\/uploads\/2024\/09\/Pedro_Paramo_n_00_48_20_17_R-scaled.jpg?fit=2560%2C1440&ssl=1","datePublished":"2024-09-03T19:37:23+00:00","dateModified":"2024-09-03T19:37:25+00:00","breadcrumb":{"@id":"https:\/\/zeromagazine.mx\/index.php\/2024\/09\/03\/pedro-paramo-ghosts-drama-y-mas\/#breadcrumb"},"inLanguage":"es","potentialAction":[{"@type":"ReadAction","target":["https:\/\/zeromagazine.mx\/index.php\/2024\/09\/03\/pedro-paramo-ghosts-drama-y-mas\/"]}]},{"@type":"ImageObject","inLanguage":"es","@id":"https:\/\/zeromagazine.mx\/index.php\/2024\/09\/03\/pedro-paramo-ghosts-drama-y-mas\/#primaryimage","url":"https:\/\/i0.wp.com\/zeromagazine.mx\/wp-content\/uploads\/2024\/09\/Pedro_Paramo_n_00_48_20_17_R-scaled.jpg?fit=2560%2C1440&ssl=1","contentUrl":"https:\/\/i0.wp.com\/zeromagazine.mx\/wp-content\/uploads\/2024\/09\/Pedro_Paramo_n_00_48_20_17_R-scaled.jpg?fit=2560%2C1440&ssl=1","width":2560,"height":1440,"caption":"Pedro P\u00e1ramo. Mayra Batalla as Damiana in Pedro P\u00e1ramo. Cr. Courtesy of Netflix \/ \u00a92024"},{"@type":"BreadcrumbList","@id":"https:\/\/zeromagazine.mx\/index.php\/2024\/09\/03\/pedro-paramo-ghosts-drama-y-mas\/#breadcrumb","itemListElement":[{"@type":"ListItem","position":1,"name":"Portada","item":"https:\/\/zeromagazine.mx\/"},{"@type":"ListItem","position":2,"name":"\u00abPedro P\u00e1ramo: Ghosts, Drama, y M\u00e1s\u00bb"}]},{"@type":"WebSite","@id":"https:\/\/zeromagazine.mx\/#website","url":"https:\/\/zeromagazine.mx\/","name":"Zero Magazine","description":"","publisher":{"@id":"https:\/\/zeromagazine.mx\/#organization"},"potentialAction":[{"@type":"SearchAction","target":{"@type":"EntryPoint","urlTemplate":"https:\/\/zeromagazine.mx\/?s={search_term_string}"},"query-input":{"@type":"PropertyValueSpecification","valueRequired":true,"valueName":"search_term_string"}}],"inLanguage":"es"},{"@type":"Organization","@id":"https:\/\/zeromagazine.mx\/#organization","name":"Zero Magazine","url":"https:\/\/zeromagazine.mx\/","logo":{"@type":"ImageObject","inLanguage":"es","@id":"https:\/\/zeromagazine.mx\/#\/schema\/logo\/image\/","url":"https:\/\/i0.wp.com\/zeromagazine.mx\/wp-content\/uploads\/2025\/11\/1.jpeg?fit=1000%2C1000&ssl=1","contentUrl":"https:\/\/i0.wp.com\/zeromagazine.mx\/wp-content\/uploads\/2025\/11\/1.jpeg?fit=1000%2C1000&ssl=1","width":1000,"height":1000,"caption":"Zero Magazine"},"image":{"@id":"https:\/\/zeromagazine.mx\/#\/schema\/logo\/image\/"},"sameAs":["https:\/\/instagram.com\/zeromagazinemx"]},{"@type":"Person","@id":"https:\/\/zeromagazine.mx\/#\/schema\/person\/9aed9f33a7c39af3a348b86d723f7773","name":"zeromagazinemx","image":{"@type":"ImageObject","inLanguage":"es","@id":"https:\/\/zeromagazine.mx\/wp-content\/litespeed\/avatar\/f91dfe5410d5dcb1a576bf8c45983896.jpg?ver=1776966396","url":"https:\/\/zeromagazine.mx\/wp-content\/litespeed\/avatar\/f91dfe5410d5dcb1a576bf8c45983896.jpg?ver=1776966396","contentUrl":"https:\/\/zeromagazine.mx\/wp-content\/litespeed\/avatar\/f91dfe5410d5dcb1a576bf8c45983896.jpg?ver=1776966396","caption":"zeromagazinemx"},"url":"https:\/\/zeromagazine.mx\/index.php\/author\/zeromagazinemx\/"}]}},"jetpack_publicize_connections":[],"jetpack_featured_media_url":"https:\/\/i0.wp.com\/zeromagazine.mx\/wp-content\/uploads\/2024\/09\/Pedro_Paramo_n_00_48_20_17_R-scaled.jpg?fit=2560%2C1440&ssl=1","jetpack-related-posts":[{"id":54731,"url":"https:\/\/zeromagazine.mx\/index.php\/2021\/09\/16\/comala-un-apasionante-documental-sobre-la-identidad-de-gian-cassini\/","url_meta":{"origin":83032,"position":0},"title":"Comala, un apasionante documental sobre la identidad de Gian Cassini","author":"zeromagazinemx","date":"16 de septiembre de 2021","format":false,"excerpt":"Comala es un documental sobre la identidad de su director Gian Cassini y tendr\u00e1 su premiere mundial en el Toronto International Film Festival. Por Moises Kushelevich Bajo la producci\u00f3n de IMAGYX Entertainment y La Levedad Producciones con el apoyo de FOPROCINE, Comala, documental filmado en Monterrey, Nuevo Le\u00f3n tendr\u00e1 su\u2026","rel":"","context":"En \u00abCine\u00bb","block_context":{"text":"Cine","link":"https:\/\/zeromagazine.mx\/index.php\/category\/entretenimiento\/cine\/"},"img":{"alt_text":"","src":"https:\/\/i0.wp.com\/img.youtube.com\/vi\/Y_ed5VYD_PA\/0.jpg?resize=350%2C200","width":350,"height":200},"classes":[]},{"id":97594,"url":"https:\/\/zeromagazine.mx\/index.php\/2025\/02\/26\/mexico-en-premios-platino2025\/","url_meta":{"origin":83032,"position":1},"title":"Producciones Mexicanas en PLATINO","author":"David Morales","date":"26 de febrero de 2025","format":false,"excerpt":"El cine y las series mexicanas est\u00e1n rompi\u00e9ndola en la XII Edici\u00f3n de los Premios PLATINO, liderando las candidaturas nacionales con \"Pedro P\u00e1ramo\" y \"Cada minuto cuenta\". Estos premios, que celebran lo mejor del audiovisual iberoamericano, han puesto en la mira varias producciones nacionales que podr\u00edan llevarse un reconocimiento importante\u2026","rel":"","context":"En \u00abCultura\u00bb","block_context":{"text":"Cultura","link":"https:\/\/zeromagazine.mx\/index.php\/category\/cultura\/"},"img":{"alt_text":"","src":"https:\/\/i0.wp.com\/zeromagazine.mx\/wp-content\/uploads\/2025\/02\/Cartel_Final_Premios_Platino_logos_2025_rgb.jpg?fit=907%2C1200&ssl=1&resize=350%2C200","width":350,"height":200,"srcset":"https:\/\/i0.wp.com\/zeromagazine.mx\/wp-content\/uploads\/2025\/02\/Cartel_Final_Premios_Platino_logos_2025_rgb.jpg?fit=907%2C1200&ssl=1&resize=350%2C200 1x, https:\/\/i0.wp.com\/zeromagazine.mx\/wp-content\/uploads\/2025\/02\/Cartel_Final_Premios_Platino_logos_2025_rgb.jpg?fit=907%2C1200&ssl=1&resize=525%2C300 1.5x, https:\/\/i0.wp.com\/zeromagazine.mx\/wp-content\/uploads\/2025\/02\/Cartel_Final_Premios_Platino_logos_2025_rgb.jpg?fit=907%2C1200&ssl=1&resize=700%2C400 2x"},"classes":[]},{"id":88694,"url":"https:\/\/zeromagazine.mx\/index.php\/2024\/10\/29\/noviembre-en-netflix-esta-que-arde\/","url_meta":{"origin":83032,"position":2},"title":"\u00a1Noviembre en Netflix Est\u00e1 Que Arde!","author":"zeromagazinemx","date":"29 de octubre de 2024","format":false,"excerpt":"Chicxs, noviembre ya est\u00e1 aqu\u00ed y Netflix se pone las pilas para traernos un mes de locura con series y pel\u00edculas que no te puedes perder. Si eres de los que aman hacer marat\u00f3n desde la cama con snacks al lado, este art\u00edculo es tu gu\u00eda perfecta. As\u00ed que agarra\u2026","rel":"","context":"En \u00abEntretenimiento\u00bb","block_context":{"text":"Entretenimiento","link":"https:\/\/zeromagazine.mx\/index.php\/category\/entretenimiento\/"},"img":{"alt_text":"","src":"https:\/\/i0.wp.com\/zeromagazine.mx\/wp-content\/uploads\/2024\/10\/unnamed-50-1.jpg?fit=480%2C301&ssl=1&resize=350%2C200","width":350,"height":200},"classes":[]},{"id":84770,"url":"https:\/\/zeromagazine.mx\/index.php\/2024\/09\/27\/octubre-en-netflix-estrenos-imperdibles\/","url_meta":{"origin":83032,"position":3},"title":"\u00abOctubre en Netflix: Estrenos Imperdibles \u00ab","author":"zeromagazinemx","date":"27 de septiembre de 2024","format":false,"excerpt":"El gigante del streming trae este mes un cat\u00e1logo de estrenos este 2024 para disfrutar los fines de semana. Desde dramas adolescentes que te hacen sentir todas las emociones, hasta animes \u00e9picos que te van a dejar impactado, hay algo para todos en este mes de Halloween vibes. As\u00ed que\u2026","rel":"","context":"En \u00abEntretenimiento\u00bb","block_context":{"text":"Entretenimiento","link":"https:\/\/zeromagazine.mx\/index.php\/category\/entretenimiento\/"},"img":{"alt_text":"","src":"https:\/\/i0.wp.com\/zeromagazine.mx\/wp-content\/uploads\/2024\/09\/Heartstopper_-Temporada-3.png?fit=1200%2C600&ssl=1&resize=350%2C200","width":350,"height":200,"srcset":"https:\/\/i0.wp.com\/zeromagazine.mx\/wp-content\/uploads\/2024\/09\/Heartstopper_-Temporada-3.png?fit=1200%2C600&ssl=1&resize=350%2C200 1x, https:\/\/i0.wp.com\/zeromagazine.mx\/wp-content\/uploads\/2024\/09\/Heartstopper_-Temporada-3.png?fit=1200%2C600&ssl=1&resize=525%2C300 1.5x, https:\/\/i0.wp.com\/zeromagazine.mx\/wp-content\/uploads\/2024\/09\/Heartstopper_-Temporada-3.png?fit=1200%2C600&ssl=1&resize=700%2C400 2x, https:\/\/i0.wp.com\/zeromagazine.mx\/wp-content\/uploads\/2024\/09\/Heartstopper_-Temporada-3.png?fit=1200%2C600&ssl=1&resize=1050%2C600 3x"},"classes":[]},{"id":82259,"url":"https:\/\/zeromagazine.mx\/index.php\/2024\/08\/21\/septiembre-en-netflix-binge-watching-on-fire\/","url_meta":{"origin":83032,"position":4},"title":"\u00abSeptiembre en Netflix: Binge-Watching On Fire\u00bb","author":"zeromagazinemx","date":"21 de agosto de 2024","format":false,"excerpt":"\u00a1Hola a tod@s! Nada mejor que llegar a tu casa despu\u00e9s de un d\u00eda productivo y ver un buen contenido cinematogr\u00e1fico, el mes de septiembre se viene con todo en Netflix. \u00bfPensabas que el verano fue espectacular? Netflix est\u00e1 aqu\u00ed para hacer que tu oto\u00f1o sea a\u00fan m\u00e1s espectacular\u00a0\u00a0con un\u2026","rel":"","context":"En \u00abEntretenimiento\u00bb","block_context":{"text":"Entretenimiento","link":"https:\/\/zeromagazine.mx\/index.php\/category\/entretenimiento\/"},"img":{"alt_text":"","src":"https:\/\/i0.wp.com\/zeromagazine.mx\/wp-content\/uploads\/2024\/08\/Emily-en-Paris_-Temporada-4-Parte-2-scaled.jpg?fit=1200%2C800&ssl=1&resize=350%2C200","width":350,"height":200,"srcset":"https:\/\/i0.wp.com\/zeromagazine.mx\/wp-content\/uploads\/2024\/08\/Emily-en-Paris_-Temporada-4-Parte-2-scaled.jpg?fit=1200%2C800&ssl=1&resize=350%2C200 1x, https:\/\/i0.wp.com\/zeromagazine.mx\/wp-content\/uploads\/2024\/08\/Emily-en-Paris_-Temporada-4-Parte-2-scaled.jpg?fit=1200%2C800&ssl=1&resize=525%2C300 1.5x, https:\/\/i0.wp.com\/zeromagazine.mx\/wp-content\/uploads\/2024\/08\/Emily-en-Paris_-Temporada-4-Parte-2-scaled.jpg?fit=1200%2C800&ssl=1&resize=700%2C400 2x, https:\/\/i0.wp.com\/zeromagazine.mx\/wp-content\/uploads\/2024\/08\/Emily-en-Paris_-Temporada-4-Parte-2-scaled.jpg?fit=1200%2C800&ssl=1&resize=1050%2C600 3x"},"classes":[]},{"id":77832,"url":"https:\/\/zeromagazine.mx\/index.php\/2024\/06\/13\/pedro-el-rapero-debuta-con-padre\/","url_meta":{"origin":83032,"position":5},"title":"Pedro \u00abEl rapero\u00bb debuta con \u00abPadre\u00bb","author":"zeromagazinemx","date":"13 de junio de 2024","format":false,"excerpt":"Pedro \"El rapero\", un chavito de solo 13 a\u00f1os, est\u00e1 causando revuelo con su nueva canci\u00f3n dedicada al D\u00eda del Padre. Con una propuesta fresca y diferente, promete conectar con muchas personas que, como \u00e9l, quieren expresar su amor por sus padres a trav\u00e9s de la m\u00fasica. Para empezar, Pedro\u2026","rel":"","context":"En \u00abEntretenimiento\u00bb","block_context":{"text":"Entretenimiento","link":"https:\/\/zeromagazine.mx\/index.php\/category\/entretenimiento\/"},"img":{"alt_text":"","src":"https:\/\/i0.wp.com\/zeromagazine.mx\/wp-content\/uploads\/2024\/06\/PedroElRapero_2-scaled.jpg?fit=960%2C1200&ssl=1&resize=350%2C200","width":350,"height":200,"srcset":"https:\/\/i0.wp.com\/zeromagazine.mx\/wp-content\/uploads\/2024\/06\/PedroElRapero_2-scaled.jpg?fit=960%2C1200&ssl=1&resize=350%2C200 1x, https:\/\/i0.wp.com\/zeromagazine.mx\/wp-content\/uploads\/2024\/06\/PedroElRapero_2-scaled.jpg?fit=960%2C1200&ssl=1&resize=525%2C300 1.5x, https:\/\/i0.wp.com\/zeromagazine.mx\/wp-content\/uploads\/2024\/06\/PedroElRapero_2-scaled.jpg?fit=960%2C1200&ssl=1&resize=700%2C400 2x"},"classes":[]}],"jetpack_sharing_enabled":true,"builder_content":"","_links":{"self":[{"href":"https:\/\/zeromagazine.mx\/index.php\/wp-json\/wp\/v2\/posts\/83032","targetHints":{"allow":["GET"]}}],"collection":[{"href":"https:\/\/zeromagazine.mx\/index.php\/wp-json\/wp\/v2\/posts"}],"about":[{"href":"https:\/\/zeromagazine.mx\/index.php\/wp-json\/wp\/v2\/types\/post"}],"author":[{"embeddable":true,"href":"https:\/\/zeromagazine.mx\/index.php\/wp-json\/wp\/v2\/users\/2"}],"replies":[{"embeddable":true,"href":"https:\/\/zeromagazine.mx\/index.php\/wp-json\/wp\/v2\/comments?post=83032"}],"version-history":[{"count":1,"href":"https:\/\/zeromagazine.mx\/index.php\/wp-json\/wp\/v2\/posts\/83032\/revisions"}],"predecessor-version":[{"id":83039,"href":"https:\/\/zeromagazine.mx\/index.php\/wp-json\/wp\/v2\/posts\/83032\/revisions\/83039"}],"wp:featuredmedia":[{"embeddable":true,"href":"https:\/\/zeromagazine.mx\/index.php\/wp-json\/wp\/v2\/media\/83036"}],"wp:attachment":[{"href":"https:\/\/zeromagazine.mx\/index.php\/wp-json\/wp\/v2\/media?parent=83032"}],"wp:term":[{"taxonomy":"category","embeddable":true,"href":"https:\/\/zeromagazine.mx\/index.php\/wp-json\/wp\/v2\/categories?post=83032"},{"taxonomy":"post_tag","embeddable":true,"href":"https:\/\/zeromagazine.mx\/index.php\/wp-json\/wp\/v2\/tags?post=83032"}],"curies":[{"name":"wp","href":"https:\/\/api.w.org\/{rel}","templated":true}]}}