{"id":83247,"date":"2024-09-05T21:18:33","date_gmt":"2024-09-05T19:18:33","guid":{"rendered":"https:\/\/zeromagazine.mx\/?p=83247"},"modified":"2024-09-05T21:18:34","modified_gmt":"2024-09-05T19:18:34","slug":"lujo-invernal-con-zegna-vibes","status":"publish","type":"post","link":"https:\/\/zeromagazine.mx\/index.php\/2024\/09\/05\/lujo-invernal-con-zegna-vibes\/","title":{"rendered":"\u00abLujo Invernal con ZEGNA Vibes\u00bb"},"content":{"rendered":"<!--themify_builder_content-->\n<div id=\"themify_builder_content-83247\" data-postid=\"83247\" class=\"themify_builder_content themify_builder_content-83247 themify_builder tf_clear\">\n    <\/div>\n<!--\/themify_builder_content-->\n\n\n<p class=\"wp-block-paragraph\">\u00a1Hola a tod@s! D\u00e9jame contarte un poco sobre la moda masculina m\u00e1s incre\u00edble del momento.&nbsp;<strong>ZEGNA FW24<\/strong>&nbsp;no es solo otra colecci\u00f3n; es un viaje hacia las ra\u00edces de la marca, donde&nbsp;<strong>Mads Mikkelsen<\/strong>&nbsp;y&nbsp;<strong>Wu Lei<\/strong>&nbsp;te llevan de paseo por&nbsp;<strong>Oasi Zegna<\/strong>, el coraz\u00f3n de todo lo que representa este ic\u00f3nico nombre en la moda masculina de lujo.<\/p>\n\n\n\n<p class=\"wp-block-paragraph\"><strong>Oasi Zegna<\/strong>\u00a0no es solo un lugar; es el s\u00edmbolo del legado que\u00a0<strong>Ermenegildo Zegna<\/strong>\u00a0dej\u00f3. Esta campa\u00f1a\u00a0<strong>Oto\u00f1o-Invierno 2024<\/strong>\u00a0nos conecta de nuevo con la naturaleza, pero con un toque ultra fashion, record\u00e1ndonos que el lujo tambi\u00e9n puede ser sin\u00f3nimo de confort. Cada pieza de esta colecci\u00f3n te envuelve con esa sensaci\u00f3n de estar en casa, mientras el dise\u00f1o y los materiales exclusivos hablan por s\u00ed mismos.<\/p>\n\n\n\n<figure class=\"wp-block-image size-full\"><img data-recalc-dims=\"1\" decoding=\"async\" width=\"1165\" height=\"814\" src=\"https:\/\/i0.wp.com\/zeromagazine.mx\/wp-content\/uploads\/2024\/09\/ZEGNA-HERO-6_ADV-CAMPAIGN_WU-LEI.jpg?resize=1165%2C814&#038;ssl=1\" alt=\"\" class=\"wp-image-83249\" srcset=\"https:\/\/i0.wp.com\/zeromagazine.mx\/wp-content\/uploads\/2024\/09\/ZEGNA-HERO-6_ADV-CAMPAIGN_WU-LEI.jpg?w=2362&amp;ssl=1 2362w, https:\/\/i0.wp.com\/zeromagazine.mx\/wp-content\/uploads\/2024\/09\/ZEGNA-HERO-6_ADV-CAMPAIGN_WU-LEI.jpg?resize=300%2C210&amp;ssl=1 300w, https:\/\/i0.wp.com\/zeromagazine.mx\/wp-content\/uploads\/2024\/09\/ZEGNA-HERO-6_ADV-CAMPAIGN_WU-LEI.jpg?resize=1024%2C715&amp;ssl=1 1024w, https:\/\/i0.wp.com\/zeromagazine.mx\/wp-content\/uploads\/2024\/09\/ZEGNA-HERO-6_ADV-CAMPAIGN_WU-LEI.jpg?resize=768%2C536&amp;ssl=1 768w, https:\/\/i0.wp.com\/zeromagazine.mx\/wp-content\/uploads\/2024\/09\/ZEGNA-HERO-6_ADV-CAMPAIGN_WU-LEI.jpg?resize=1536%2C1073&amp;ssl=1 1536w, https:\/\/i0.wp.com\/zeromagazine.mx\/wp-content\/uploads\/2024\/09\/ZEGNA-HERO-6_ADV-CAMPAIGN_WU-LEI.jpg?resize=2048%2C1431&amp;ssl=1 2048w\" sizes=\"(max-width: 1165px) 100vw, 1165px\" \/><\/figure>\n\n\n\n<script async src=\"https:\/\/pagead2.googlesyndication.com\/pagead\/js\/adsbygoogle.js?client=ca-pub-5499304793904745\"\n     crossorigin=\"anonymous\"><\/script>\n<ins class=\"adsbygoogle\"\n     style=\"display:block; text-align:center;\"\n     data-ad-layout=\"in-article\"\n     data-ad-format=\"fluid\"\n     data-ad-client=\"ca-pub-5499304793904745\"\n     data-ad-slot=\"5994863093\"><\/ins>\n<script>\n     (adsbygoogle = window.adsbygoogle || []).push({});\n<\/script>\n\n\n\n\n<p class=\"wp-block-paragraph\"><strong>Un Winter Wonderland con Flow<\/strong><\/p>\n\n\n\n<p class=\"wp-block-paragraph\">Lo heavy de esta campa\u00f1a es que todo sucede en los&nbsp;<strong>Alpes italianos<\/strong>, porque s\u00ed, ZEGNA no hace nada a medias. Es como estar en el lugar m\u00e1s zen del mundo, desconect\u00e1ndote del caos de la vida y sintiendo ese vibe winter, pero siempre en plan&nbsp;<strong>luxury lifestyle<\/strong>.<\/p>\n\n\n\n<p class=\"wp-block-paragraph\">\u00bfEl protagonista de esta temporada? El&nbsp;<strong>Oasi Cashmere<\/strong>, el tejido que no solo es la estrella de la colecci\u00f3n, sino que est\u00e1 pensado para darte todo el confort mientras te sumerges en la naturaleza.&nbsp;<\/p>\n\n\n\n<p class=\"wp-block-paragraph\"><strong>La Road 232: La Ruta de la Elegancia<\/strong><\/p>\n\n\n\n<p class=\"wp-block-paragraph\">Un detalle s\u00faper cool que no puede pasar desapercibido es la referencia a la&nbsp;<strong>Road 232<\/strong>, un camino ic\u00f3nico en&nbsp;<strong>Oasi Zegna<\/strong>. Para ZEGNA, este lugar es m\u00e1s que un simple camino: es el coraz\u00f3n de sus valores. Desde hace&nbsp;<strong>110 a\u00f1os<\/strong>, esta ruta es como la columna vertebral de la marca, y en la colecci\u00f3n FW24 le rinden homenaje con prendas que hablan de historia, calidad y lujo.<\/p>\n\n\n\n<p class=\"wp-block-paragraph\">Cada pieza de esta colecci\u00f3n es m\u00e1s que ropa; son\u00a0<strong>statements<\/strong>\u00a0de lo que ZEGNA ha construido a lo largo del tiempo: una relaci\u00f3n s\u00faper cercana entre el ser humano y la naturaleza.<\/p>\n\n\n\n<figure class=\"wp-block-image size-full\"><img data-recalc-dims=\"1\" decoding=\"async\" width=\"1165\" height=\"1082\" src=\"https:\/\/i0.wp.com\/zeromagazine.mx\/wp-content\/uploads\/2024\/09\/ZEGNA-HERO-3_ADV-CAMPAIGN_WU-LEI.jpg?resize=1165%2C1082&#038;ssl=1\" alt=\"\" class=\"wp-image-83250\" srcset=\"https:\/\/i0.wp.com\/zeromagazine.mx\/wp-content\/uploads\/2024\/09\/ZEGNA-HERO-3_ADV-CAMPAIGN_WU-LEI.jpg?w=2362&amp;ssl=1 2362w, https:\/\/i0.wp.com\/zeromagazine.mx\/wp-content\/uploads\/2024\/09\/ZEGNA-HERO-3_ADV-CAMPAIGN_WU-LEI.jpg?resize=300%2C279&amp;ssl=1 300w, https:\/\/i0.wp.com\/zeromagazine.mx\/wp-content\/uploads\/2024\/09\/ZEGNA-HERO-3_ADV-CAMPAIGN_WU-LEI.jpg?resize=1024%2C951&amp;ssl=1 1024w, https:\/\/i0.wp.com\/zeromagazine.mx\/wp-content\/uploads\/2024\/09\/ZEGNA-HERO-3_ADV-CAMPAIGN_WU-LEI.jpg?resize=768%2C713&amp;ssl=1 768w, https:\/\/i0.wp.com\/zeromagazine.mx\/wp-content\/uploads\/2024\/09\/ZEGNA-HERO-3_ADV-CAMPAIGN_WU-LEI.jpg?resize=1536%2C1427&amp;ssl=1 1536w, https:\/\/i0.wp.com\/zeromagazine.mx\/wp-content\/uploads\/2024\/09\/ZEGNA-HERO-3_ADV-CAMPAIGN_WU-LEI.jpg?resize=2048%2C1902&amp;ssl=1 2048w\" sizes=\"(max-width: 1165px) 100vw, 1165px\" \/><\/figure>\n\n\n\n<script async src=\"https:\/\/pagead2.googlesyndication.com\/pagead\/js\/adsbygoogle.js?client=ca-pub-5499304793904745\"\n     crossorigin=\"anonymous\"><\/script>\n<ins class=\"adsbygoogle\"\n     style=\"display:block; text-align:center;\"\n     data-ad-layout=\"in-article\"\n     data-ad-format=\"fluid\"\n     data-ad-client=\"ca-pub-5499304793904745\"\n     data-ad-slot=\"5994863093\"><\/ins>\n<script>\n     (adsbygoogle = window.adsbygoogle || []).push({});\n<\/script>\n\n\n\n\n<p class=\"wp-block-paragraph\"><strong>Alessandro Sartori: maestro de la elegancia<\/strong><\/p>\n\n\n\n<p class=\"wp-block-paragraph\">Detr\u00e1s de todo este universo fashion est\u00e1&nbsp;<strong>Alessandro Sartori;&nbsp;<\/strong>logra capturar esa esencia de&nbsp;<strong>ZEGNA<\/strong>&nbsp;y la pone al frente en cada temporada. Con su visi\u00f3n s\u00faper fresh, Sartori juega con el estilo tono sobre tono, haciendo que todo se sienta fluido, sin perder esa&nbsp;<strong>est\u00e9tica<\/strong>&nbsp;refinada que ZEGNA domina.<\/p>\n\n\n\n<p class=\"wp-block-paragraph\">Es una colecci\u00f3n que no discrimina. Est\u00e1 pensada para todos los que buscan calidad y elegancia, sin importar la edad o el estilo. Desde los outfits m\u00e1s casuales hasta los m\u00e1s elegantes, esta l\u00ednea es para el que quiere&nbsp;<strong>chill con estilo<\/strong>.<\/p>\n\n\n\n<p class=\"wp-block-paragraph\"><strong>Los nuevos iconos: \u00abIl Conte\u00bb y el \u00abTriple Stitch Monte\u00bb<\/strong><\/p>\n\n\n\n<p class=\"wp-block-paragraph\">Ahora, hablemos de los heavy hitters de la temporada: la&nbsp;<strong>chaqueta Il Conte<\/strong>&nbsp;y el&nbsp;<strong>Triple Stitch Monte<\/strong>. Estos no son solo prendas; son como piezas clave que redefinen el concepto de&nbsp;<strong>luxury leisurewear<\/strong>.<\/p>\n\n\n\n<p class=\"wp-block-paragraph\">La chaqueta&nbsp;<strong>\u00abIl Conte\u00bb<\/strong>&nbsp;es todo lo que esperas de una prenda de lujo, pero con un toque de historia. ZEGNA la dise\u00f1\u00f3 como homenaje a Ermenegildo Zegna, quien recibi\u00f3 el t\u00edtulo de&nbsp;<strong>Conde de Monte Rubello<\/strong>&nbsp;all\u00e1 por los a\u00f1os 30, porque este hombre no solo revolucion\u00f3 el mundo de la moda, sino que tambi\u00e9n fue un mega empresario y fil\u00e1ntropo.&nbsp;<\/p>\n\n\n\n<p class=\"wp-block-paragraph\">Y luego est\u00e1 el&nbsp;<strong>Triple Stitch Monte<\/strong>, un zapato que es la definici\u00f3n de elegancia&nbsp;<strong>low-key<\/strong>. Con este par puedes andar por la ciudad o por las monta\u00f1as con la misma facilidad. Es como si mezclaras elegancia con funcionalidad, y eso es lo que hace que esta pieza sea indispensable en el guardarropa de cualquier persona que valore el comfort y el estilo.<\/p>\n\n\n\n<p class=\"wp-block-paragraph\"><strong>Oasi Cashmere: Tu mejor aliado para el invierno<\/strong><\/p>\n\n\n\n<p class=\"wp-block-paragraph\">No solo te mantendr\u00e1 c\u00e1lido, sino que te dar\u00e1 un aire de sofisticaci\u00f3n que no se encuentra en cualquier prenda. Esta colecci\u00f3n est\u00e1 dise\u00f1ada para que puedas vivir el invierno en full confort, ya sea que est\u00e9s en las monta\u00f1as o en la ciudad .<\/p>\n\n\n\n<p class=\"wp-block-paragraph\">Cuando llevas una prenda de\u00a0<strong>Oasi Cashmere<\/strong>, no solo est\u00e1s usando algo s\u00faper soft, tambi\u00e9n est\u00e1s cargando con un pedazo de la historia y los valores de ZEGNA. Es la uni\u00f3n perfecta entre estilo y funci\u00f3n, una prenda que te dice: \u00abest\u00e1s cool, pero tambi\u00e9n c\u00f3modo\u00bb.<\/p>\n\n\n\n<figure class=\"wp-block-image size-full\"><img data-recalc-dims=\"1\" decoding=\"async\" width=\"1165\" height=\"777\" src=\"https:\/\/i0.wp.com\/zeromagazine.mx\/wp-content\/uploads\/2024\/09\/ZEGNA-HERO-2_ADV-CAMPAIGN_MADS-MIKKELSEN.jpg?resize=1165%2C777&#038;ssl=1\" alt=\"\" class=\"wp-image-83251\" srcset=\"https:\/\/i0.wp.com\/zeromagazine.mx\/wp-content\/uploads\/2024\/09\/ZEGNA-HERO-2_ADV-CAMPAIGN_MADS-MIKKELSEN.jpg?w=2362&amp;ssl=1 2362w, https:\/\/i0.wp.com\/zeromagazine.mx\/wp-content\/uploads\/2024\/09\/ZEGNA-HERO-2_ADV-CAMPAIGN_MADS-MIKKELSEN.jpg?resize=300%2C200&amp;ssl=1 300w, https:\/\/i0.wp.com\/zeromagazine.mx\/wp-content\/uploads\/2024\/09\/ZEGNA-HERO-2_ADV-CAMPAIGN_MADS-MIKKELSEN.jpg?resize=1024%2C683&amp;ssl=1 1024w, https:\/\/i0.wp.com\/zeromagazine.mx\/wp-content\/uploads\/2024\/09\/ZEGNA-HERO-2_ADV-CAMPAIGN_MADS-MIKKELSEN.jpg?resize=768%2C512&amp;ssl=1 768w, https:\/\/i0.wp.com\/zeromagazine.mx\/wp-content\/uploads\/2024\/09\/ZEGNA-HERO-2_ADV-CAMPAIGN_MADS-MIKKELSEN.jpg?resize=1536%2C1024&amp;ssl=1 1536w, https:\/\/i0.wp.com\/zeromagazine.mx\/wp-content\/uploads\/2024\/09\/ZEGNA-HERO-2_ADV-CAMPAIGN_MADS-MIKKELSEN.jpg?resize=2048%2C1366&amp;ssl=1 2048w\" sizes=\"(max-width: 1165px) 100vw, 1165px\" \/><\/figure>\n\n\n\n<script async src=\"https:\/\/pagead2.googlesyndication.com\/pagead\/js\/adsbygoogle.js?client=ca-pub-5499304793904745\"\n     crossorigin=\"anonymous\"><\/script>\n<ins class=\"adsbygoogle\"\n     style=\"display:block; text-align:center;\"\n     data-ad-layout=\"in-article\"\n     data-ad-format=\"fluid\"\n     data-ad-client=\"ca-pub-5499304793904745\"\n     data-ad-slot=\"5994863093\"><\/ins>\n<script>\n     (adsbygoogle = window.adsbygoogle || []).push({});\n<\/script>\n\n\n\n\n<p class=\"wp-block-paragraph\"><strong>ZEGNA FW24: Elevando tu d\u00eda a d\u00eda<\/strong><\/p>\n\n\n\n<p class=\"wp-block-paragraph\">La colecci\u00f3n FW24 no es solo ropa para una temporada fr\u00eda; es una celebraci\u00f3n de la conexi\u00f3n con la naturaleza, del legado de la marca, y de lo que significa encontrar lujo en la simplicidad y el confort.<\/p>\n\n\n\n<p class=\"wp-block-paragraph\">La&nbsp;<strong>chaqueta Il Conte<\/strong>&nbsp;y el&nbsp;<strong>Triple Stitch Monte<\/strong>&nbsp;son ejemplos de c\u00f3mo ZEGNA toma elementos tradicionales y les da un giro moderno, creando algo atemporal. Estas piezas no solo te har\u00e1n lucir bien. Tambi\u00e9n elevar\u00e1n tu estilo de vida diario a otro nivel.<\/p>\n\n\n\n<p class=\"wp-block-paragraph\">Con&nbsp;<strong>ZEGNA FW24<\/strong>, te adentras en un mundo donde el lujo y el confort son la norma, donde cada prenda est\u00e1 dise\u00f1ada para durar y para contar una historia. As\u00ed que, si quieres vivir el invierno en modo placentero pero sin sacrificar el estilo, esta es la colecci\u00f3n que necesitas en tu vida.<\/p>","protected":false},"excerpt":{"rendered":"<p>\u00a1Hola a tod@s! D\u00e9jame contarte un poco sobre la moda masculina m\u00e1s incre\u00edble del momento.&nbsp;ZEGNA FW24&nbsp;no es solo otra colecci\u00f3n; es un viaje hacia las ra\u00edces de la marca, donde&nbsp;Mads Mikkelsen&nbsp;y&nbsp;Wu Lei&nbsp;te llevan de paseo por&nbsp;Oasi Zegna, el coraz\u00f3n de todo lo que representa este ic\u00f3nico nombre en la moda masculina de lujo. Oasi Zegna\u00a0no [&hellip;]<\/p>\n","protected":false},"author":2,"featured_media":83249,"comment_status":"open","ping_status":"open","sticky":false,"template":"","format":"standard","meta":{"_jetpack_newsletter_access":"","_jetpack_dont_email_post_to_subs":false,"_jetpack_newsletter_tier_id":0,"_jetpack_memberships_contains_paywalled_content":false,"_jetpack_feature_clip_id":0,"_jetpack_memberships_contains_paid_content":false,"footnotes":"","jetpack_publicize_message":"","jetpack_publicize_feature_enabled":true,"jetpack_social_post_already_shared":true,"jetpack_social_options":{"image_generator_settings":{"template":"highway","default_image_id":0,"font":"","enabled":false},"version":2},"jetpack_post_was_ever_published":false},"categories":[67],"tags":[10140,10138,10139],"class_list":["post-83247","post","type-post","status-publish","format-standard","has-post-thumbnail","hentry","category-moda","tag-estilo-masculino","tag-fw24","tag-oasi-zegna","has-post-title","has-post-date","has-post-category","has-post-tag","has-post-comment","has-post-author",""],"yoast_head":"<!-- This site is optimized with the Yoast SEO plugin v28.4 - https:\/\/yoast.com\/product\/yoast-seo-wordpress\/ -->\n<title>&quot;Lujo Invernal con ZEGNA Vibes&quot; - Zero Magazine<\/title>\n<meta name=\"robots\" content=\"index, follow, max-snippet:-1, max-image-preview:large, max-video-preview:-1\" \/>\n<link rel=\"canonical\" href=\"https:\/\/zeromagazine.mx\/index.php\/2024\/09\/05\/lujo-invernal-con-zegna-vibes\/\" \/>\n<meta property=\"og:locale\" content=\"es_ES\" \/>\n<meta property=\"og:type\" content=\"article\" \/>\n<meta property=\"og:title\" content=\"&quot;Lujo Invernal con ZEGNA Vibes&quot; - Zero Magazine\" \/>\n<meta property=\"og:description\" content=\"\u00a1Hola a tod@s! D\u00e9jame contarte un poco sobre la moda masculina m\u00e1s incre\u00edble del momento.&nbsp;ZEGNA FW24&nbsp;no es solo otra colecci\u00f3n; es un viaje hacia las ra\u00edces de la marca, donde&nbsp;Mads Mikkelsen&nbsp;y&nbsp;Wu Lei&nbsp;te llevan de paseo por&nbsp;Oasi Zegna, el coraz\u00f3n de todo lo que representa este ic\u00f3nico nombre en la moda masculina de lujo. Oasi Zegna\u00a0no [&hellip;]\" \/>\n<meta property=\"og:url\" content=\"https:\/\/zeromagazine.mx\/index.php\/2024\/09\/05\/lujo-invernal-con-zegna-vibes\/\" \/>\n<meta property=\"og:site_name\" content=\"Zero Magazine\" \/>\n<meta property=\"article:published_time\" content=\"2024-09-05T19:18:33+00:00\" \/>\n<meta property=\"article:modified_time\" content=\"2024-09-05T19:18:34+00:00\" \/>\n<meta property=\"og:image\" content=\"https:\/\/zeromagazine.mx\/wp-content\/uploads\/2024\/09\/ZEGNA-HERO-6_ADV-CAMPAIGN_WU-LEI-1024x715.jpg\" \/>\n\t<meta property=\"og:image:width\" content=\"1024\" \/>\n\t<meta property=\"og:image:height\" content=\"715\" \/>\n\t<meta property=\"og:image:type\" content=\"image\/jpeg\" \/>\n<meta name=\"author\" content=\"zeromagazinemx\" \/>\n<meta name=\"twitter:card\" content=\"summary_large_image\" \/>\n<meta name=\"twitter:label1\" content=\"Escrito por\" \/>\n\t<meta name=\"twitter:data1\" content=\"zeromagazinemx\" \/>\n\t<meta name=\"twitter:label2\" content=\"Tiempo de lectura\" \/>\n\t<meta name=\"twitter:data2\" content=\"5 minutos\" \/>\n<script type=\"application\/ld+json\" class=\"yoast-schema-graph\">{\"@context\":\"https:\\\/\\\/schema.org\",\"@graph\":[{\"@type\":\"Article\",\"@id\":\"https:\\\/\\\/zeromagazine.mx\\\/index.php\\\/2024\\\/09\\\/05\\\/lujo-invernal-con-zegna-vibes\\\/#article\",\"isPartOf\":{\"@id\":\"https:\\\/\\\/zeromagazine.mx\\\/index.php\\\/2024\\\/09\\\/05\\\/lujo-invernal-con-zegna-vibes\\\/\"},\"author\":{\"name\":\"zeromagazinemx\",\"@id\":\"https:\\\/\\\/zeromagazine.mx\\\/#\\\/schema\\\/person\\\/9aed9f33a7c39af3a348b86d723f7773\"},\"headline\":\"\u00abLujo Invernal con ZEGNA Vibes\u00bb\",\"datePublished\":\"2024-09-05T19:18:33+00:00\",\"dateModified\":\"2024-09-05T19:18:34+00:00\",\"mainEntityOfPage\":{\"@id\":\"https:\\\/\\\/zeromagazine.mx\\\/index.php\\\/2024\\\/09\\\/05\\\/lujo-invernal-con-zegna-vibes\\\/\"},\"wordCount\":941,\"commentCount\":0,\"publisher\":{\"@id\":\"https:\\\/\\\/zeromagazine.mx\\\/#organization\"},\"image\":{\"@id\":\"https:\\\/\\\/zeromagazine.mx\\\/index.php\\\/2024\\\/09\\\/05\\\/lujo-invernal-con-zegna-vibes\\\/#primaryimage\"},\"thumbnailUrl\":\"https:\\\/\\\/i0.wp.com\\\/zeromagazine.mx\\\/wp-content\\\/uploads\\\/2024\\\/09\\\/ZEGNA-HERO-6_ADV-CAMPAIGN_WU-LEI.jpg?fit=2362%2C1650&ssl=1\",\"keywords\":[\"Estilo masculino\",\"FW24\",\"Oasi Zegna\"],\"articleSection\":[\"Moda\"],\"inLanguage\":\"es\",\"potentialAction\":[{\"@type\":\"CommentAction\",\"name\":\"Comment\",\"target\":[\"https:\\\/\\\/zeromagazine.mx\\\/index.php\\\/2024\\\/09\\\/05\\\/lujo-invernal-con-zegna-vibes\\\/#respond\"]}]},{\"@type\":\"WebPage\",\"@id\":\"https:\\\/\\\/zeromagazine.mx\\\/index.php\\\/2024\\\/09\\\/05\\\/lujo-invernal-con-zegna-vibes\\\/\",\"url\":\"https:\\\/\\\/zeromagazine.mx\\\/index.php\\\/2024\\\/09\\\/05\\\/lujo-invernal-con-zegna-vibes\\\/\",\"name\":\"\\\"Lujo Invernal con ZEGNA Vibes\\\" - Zero Magazine\",\"isPartOf\":{\"@id\":\"https:\\\/\\\/zeromagazine.mx\\\/#website\"},\"primaryImageOfPage\":{\"@id\":\"https:\\\/\\\/zeromagazine.mx\\\/index.php\\\/2024\\\/09\\\/05\\\/lujo-invernal-con-zegna-vibes\\\/#primaryimage\"},\"image\":{\"@id\":\"https:\\\/\\\/zeromagazine.mx\\\/index.php\\\/2024\\\/09\\\/05\\\/lujo-invernal-con-zegna-vibes\\\/#primaryimage\"},\"thumbnailUrl\":\"https:\\\/\\\/i0.wp.com\\\/zeromagazine.mx\\\/wp-content\\\/uploads\\\/2024\\\/09\\\/ZEGNA-HERO-6_ADV-CAMPAIGN_WU-LEI.jpg?fit=2362%2C1650&ssl=1\",\"datePublished\":\"2024-09-05T19:18:33+00:00\",\"dateModified\":\"2024-09-05T19:18:34+00:00\",\"breadcrumb\":{\"@id\":\"https:\\\/\\\/zeromagazine.mx\\\/index.php\\\/2024\\\/09\\\/05\\\/lujo-invernal-con-zegna-vibes\\\/#breadcrumb\"},\"inLanguage\":\"es\",\"potentialAction\":[{\"@type\":\"ReadAction\",\"target\":[\"https:\\\/\\\/zeromagazine.mx\\\/index.php\\\/2024\\\/09\\\/05\\\/lujo-invernal-con-zegna-vibes\\\/\"]}]},{\"@type\":\"ImageObject\",\"inLanguage\":\"es\",\"@id\":\"https:\\\/\\\/zeromagazine.mx\\\/index.php\\\/2024\\\/09\\\/05\\\/lujo-invernal-con-zegna-vibes\\\/#primaryimage\",\"url\":\"https:\\\/\\\/i0.wp.com\\\/zeromagazine.mx\\\/wp-content\\\/uploads\\\/2024\\\/09\\\/ZEGNA-HERO-6_ADV-CAMPAIGN_WU-LEI.jpg?fit=2362%2C1650&ssl=1\",\"contentUrl\":\"https:\\\/\\\/i0.wp.com\\\/zeromagazine.mx\\\/wp-content\\\/uploads\\\/2024\\\/09\\\/ZEGNA-HERO-6_ADV-CAMPAIGN_WU-LEI.jpg?fit=2362%2C1650&ssl=1\",\"width\":2362,\"height\":1650},{\"@type\":\"BreadcrumbList\",\"@id\":\"https:\\\/\\\/zeromagazine.mx\\\/index.php\\\/2024\\\/09\\\/05\\\/lujo-invernal-con-zegna-vibes\\\/#breadcrumb\",\"itemListElement\":[{\"@type\":\"ListItem\",\"position\":1,\"name\":\"Portada\",\"item\":\"https:\\\/\\\/zeromagazine.mx\\\/\"},{\"@type\":\"ListItem\",\"position\":2,\"name\":\"\u00abLujo Invernal con ZEGNA Vibes\u00bb\"}]},{\"@type\":\"WebSite\",\"@id\":\"https:\\\/\\\/zeromagazine.mx\\\/#website\",\"url\":\"https:\\\/\\\/zeromagazine.mx\\\/\",\"name\":\"Zero Magazine\",\"description\":\"\",\"publisher\":{\"@id\":\"https:\\\/\\\/zeromagazine.mx\\\/#organization\"},\"potentialAction\":[{\"@type\":\"SearchAction\",\"target\":{\"@type\":\"EntryPoint\",\"urlTemplate\":\"https:\\\/\\\/zeromagazine.mx\\\/?s={search_term_string}\"},\"query-input\":{\"@type\":\"PropertyValueSpecification\",\"valueRequired\":true,\"valueName\":\"search_term_string\"}}],\"inLanguage\":\"es\"},{\"@type\":\"Organization\",\"@id\":\"https:\\\/\\\/zeromagazine.mx\\\/#organization\",\"name\":\"Zero Magazine\",\"url\":\"https:\\\/\\\/zeromagazine.mx\\\/\",\"logo\":{\"@type\":\"ImageObject\",\"inLanguage\":\"es\",\"@id\":\"https:\\\/\\\/zeromagazine.mx\\\/#\\\/schema\\\/logo\\\/image\\\/\",\"url\":\"https:\\\/\\\/i0.wp.com\\\/zeromagazine.mx\\\/wp-content\\\/uploads\\\/2025\\\/11\\\/1.jpeg?fit=1000%2C1000&ssl=1\",\"contentUrl\":\"https:\\\/\\\/i0.wp.com\\\/zeromagazine.mx\\\/wp-content\\\/uploads\\\/2025\\\/11\\\/1.jpeg?fit=1000%2C1000&ssl=1\",\"width\":1000,\"height\":1000,\"caption\":\"Zero Magazine\"},\"image\":{\"@id\":\"https:\\\/\\\/zeromagazine.mx\\\/#\\\/schema\\\/logo\\\/image\\\/\"},\"sameAs\":[\"https:\\\/\\\/instagram.com\\\/zeromagazinemx\"]},{\"@type\":\"Person\",\"@id\":\"https:\\\/\\\/zeromagazine.mx\\\/#\\\/schema\\\/person\\\/9aed9f33a7c39af3a348b86d723f7773\",\"name\":\"zeromagazinemx\",\"image\":{\"@type\":\"ImageObject\",\"inLanguage\":\"es\",\"@id\":\"https:\\\/\\\/zeromagazine.mx\\\/wp-content\\\/litespeed\\\/avatar\\\/f91dfe5410d5dcb1a576bf8c45983896.jpg?ver=1788458678\",\"url\":\"https:\\\/\\\/zeromagazine.mx\\\/wp-content\\\/litespeed\\\/avatar\\\/f91dfe5410d5dcb1a576bf8c45983896.jpg?ver=1788458678\",\"contentUrl\":\"https:\\\/\\\/zeromagazine.mx\\\/wp-content\\\/litespeed\\\/avatar\\\/f91dfe5410d5dcb1a576bf8c45983896.jpg?ver=1788458678\",\"caption\":\"zeromagazinemx\"},\"url\":\"https:\\\/\\\/zeromagazine.mx\\\/index.php\\\/author\\\/zeromagazinemx\\\/\"}]}<\/script>\n<!-- \/ Yoast SEO plugin. -->","yoast_head_json":{"title":"\"Lujo Invernal con ZEGNA Vibes\" - Zero Magazine","robots":{"index":"index","follow":"follow","max-snippet":"max-snippet:-1","max-image-preview":"max-image-preview:large","max-video-preview":"max-video-preview:-1"},"canonical":"https:\/\/zeromagazine.mx\/index.php\/2024\/09\/05\/lujo-invernal-con-zegna-vibes\/","og_locale":"es_ES","og_type":"article","og_title":"\"Lujo Invernal con ZEGNA Vibes\" - Zero Magazine","og_description":"\u00a1Hola a tod@s! D\u00e9jame contarte un poco sobre la moda masculina m\u00e1s incre\u00edble del momento.&nbsp;ZEGNA FW24&nbsp;no es solo otra colecci\u00f3n; es un viaje hacia las ra\u00edces de la marca, donde&nbsp;Mads Mikkelsen&nbsp;y&nbsp;Wu Lei&nbsp;te llevan de paseo por&nbsp;Oasi Zegna, el coraz\u00f3n de todo lo que representa este ic\u00f3nico nombre en la moda masculina de lujo. Oasi Zegna\u00a0no [&hellip;]","og_url":"https:\/\/zeromagazine.mx\/index.php\/2024\/09\/05\/lujo-invernal-con-zegna-vibes\/","og_site_name":"Zero Magazine","article_published_time":"2024-09-05T19:18:33+00:00","article_modified_time":"2024-09-05T19:18:34+00:00","og_image":[{"width":1024,"height":715,"url":"https:\/\/zeromagazine.mx\/wp-content\/uploads\/2024\/09\/ZEGNA-HERO-6_ADV-CAMPAIGN_WU-LEI-1024x715.jpg","type":"image\/jpeg"}],"author":"zeromagazinemx","twitter_card":"summary_large_image","twitter_misc":{"Escrito por":"zeromagazinemx","Tiempo de lectura":"5 minutos"},"schema":{"@context":"https:\/\/schema.org","@graph":[{"@type":"Article","@id":"https:\/\/zeromagazine.mx\/index.php\/2024\/09\/05\/lujo-invernal-con-zegna-vibes\/#article","isPartOf":{"@id":"https:\/\/zeromagazine.mx\/index.php\/2024\/09\/05\/lujo-invernal-con-zegna-vibes\/"},"author":{"name":"zeromagazinemx","@id":"https:\/\/zeromagazine.mx\/#\/schema\/person\/9aed9f33a7c39af3a348b86d723f7773"},"headline":"\u00abLujo Invernal con ZEGNA Vibes\u00bb","datePublished":"2024-09-05T19:18:33+00:00","dateModified":"2024-09-05T19:18:34+00:00","mainEntityOfPage":{"@id":"https:\/\/zeromagazine.mx\/index.php\/2024\/09\/05\/lujo-invernal-con-zegna-vibes\/"},"wordCount":941,"commentCount":0,"publisher":{"@id":"https:\/\/zeromagazine.mx\/#organization"},"image":{"@id":"https:\/\/zeromagazine.mx\/index.php\/2024\/09\/05\/lujo-invernal-con-zegna-vibes\/#primaryimage"},"thumbnailUrl":"https:\/\/i0.wp.com\/zeromagazine.mx\/wp-content\/uploads\/2024\/09\/ZEGNA-HERO-6_ADV-CAMPAIGN_WU-LEI.jpg?fit=2362%2C1650&ssl=1","keywords":["Estilo masculino","FW24","Oasi Zegna"],"articleSection":["Moda"],"inLanguage":"es","potentialAction":[{"@type":"CommentAction","name":"Comment","target":["https:\/\/zeromagazine.mx\/index.php\/2024\/09\/05\/lujo-invernal-con-zegna-vibes\/#respond"]}]},{"@type":"WebPage","@id":"https:\/\/zeromagazine.mx\/index.php\/2024\/09\/05\/lujo-invernal-con-zegna-vibes\/","url":"https:\/\/zeromagazine.mx\/index.php\/2024\/09\/05\/lujo-invernal-con-zegna-vibes\/","name":"\"Lujo Invernal con ZEGNA Vibes\" - Zero Magazine","isPartOf":{"@id":"https:\/\/zeromagazine.mx\/#website"},"primaryImageOfPage":{"@id":"https:\/\/zeromagazine.mx\/index.php\/2024\/09\/05\/lujo-invernal-con-zegna-vibes\/#primaryimage"},"image":{"@id":"https:\/\/zeromagazine.mx\/index.php\/2024\/09\/05\/lujo-invernal-con-zegna-vibes\/#primaryimage"},"thumbnailUrl":"https:\/\/i0.wp.com\/zeromagazine.mx\/wp-content\/uploads\/2024\/09\/ZEGNA-HERO-6_ADV-CAMPAIGN_WU-LEI.jpg?fit=2362%2C1650&ssl=1","datePublished":"2024-09-05T19:18:33+00:00","dateModified":"2024-09-05T19:18:34+00:00","breadcrumb":{"@id":"https:\/\/zeromagazine.mx\/index.php\/2024\/09\/05\/lujo-invernal-con-zegna-vibes\/#breadcrumb"},"inLanguage":"es","potentialAction":[{"@type":"ReadAction","target":["https:\/\/zeromagazine.mx\/index.php\/2024\/09\/05\/lujo-invernal-con-zegna-vibes\/"]}]},{"@type":"ImageObject","inLanguage":"es","@id":"https:\/\/zeromagazine.mx\/index.php\/2024\/09\/05\/lujo-invernal-con-zegna-vibes\/#primaryimage","url":"https:\/\/i0.wp.com\/zeromagazine.mx\/wp-content\/uploads\/2024\/09\/ZEGNA-HERO-6_ADV-CAMPAIGN_WU-LEI.jpg?fit=2362%2C1650&ssl=1","contentUrl":"https:\/\/i0.wp.com\/zeromagazine.mx\/wp-content\/uploads\/2024\/09\/ZEGNA-HERO-6_ADV-CAMPAIGN_WU-LEI.jpg?fit=2362%2C1650&ssl=1","width":2362,"height":1650},{"@type":"BreadcrumbList","@id":"https:\/\/zeromagazine.mx\/index.php\/2024\/09\/05\/lujo-invernal-con-zegna-vibes\/#breadcrumb","itemListElement":[{"@type":"ListItem","position":1,"name":"Portada","item":"https:\/\/zeromagazine.mx\/"},{"@type":"ListItem","position":2,"name":"\u00abLujo Invernal con ZEGNA Vibes\u00bb"}]},{"@type":"WebSite","@id":"https:\/\/zeromagazine.mx\/#website","url":"https:\/\/zeromagazine.mx\/","name":"Zero Magazine","description":"","publisher":{"@id":"https:\/\/zeromagazine.mx\/#organization"},"potentialAction":[{"@type":"SearchAction","target":{"@type":"EntryPoint","urlTemplate":"https:\/\/zeromagazine.mx\/?s={search_term_string}"},"query-input":{"@type":"PropertyValueSpecification","valueRequired":true,"valueName":"search_term_string"}}],"inLanguage":"es"},{"@type":"Organization","@id":"https:\/\/zeromagazine.mx\/#organization","name":"Zero Magazine","url":"https:\/\/zeromagazine.mx\/","logo":{"@type":"ImageObject","inLanguage":"es","@id":"https:\/\/zeromagazine.mx\/#\/schema\/logo\/image\/","url":"https:\/\/i0.wp.com\/zeromagazine.mx\/wp-content\/uploads\/2025\/11\/1.jpeg?fit=1000%2C1000&ssl=1","contentUrl":"https:\/\/i0.wp.com\/zeromagazine.mx\/wp-content\/uploads\/2025\/11\/1.jpeg?fit=1000%2C1000&ssl=1","width":1000,"height":1000,"caption":"Zero Magazine"},"image":{"@id":"https:\/\/zeromagazine.mx\/#\/schema\/logo\/image\/"},"sameAs":["https:\/\/instagram.com\/zeromagazinemx"]},{"@type":"Person","@id":"https:\/\/zeromagazine.mx\/#\/schema\/person\/9aed9f33a7c39af3a348b86d723f7773","name":"zeromagazinemx","image":{"@type":"ImageObject","inLanguage":"es","@id":"https:\/\/zeromagazine.mx\/wp-content\/litespeed\/avatar\/f91dfe5410d5dcb1a576bf8c45983896.jpg?ver=1788458678","url":"https:\/\/zeromagazine.mx\/wp-content\/litespeed\/avatar\/f91dfe5410d5dcb1a576bf8c45983896.jpg?ver=1788458678","contentUrl":"https:\/\/zeromagazine.mx\/wp-content\/litespeed\/avatar\/f91dfe5410d5dcb1a576bf8c45983896.jpg?ver=1788458678","caption":"zeromagazinemx"},"url":"https:\/\/zeromagazine.mx\/index.php\/author\/zeromagazinemx\/"}]}},"jetpack_publicize_connections":[],"jetpack-related-posts":[{"id":129305,"url":"https:\/\/zeromagazine.mx\/index.php\/2026\/08\/24\/zegna-oasi-cashmere-3-piezas-otono-2026\/","url_meta":{"origin":83247,"position":0},"title":"ZEGNA tiene tres piezas de cashmere que gritan oto\u00f1o","author":"David Morales","date":"24 de agosto de 2026","format":false,"excerpt":"Cashmere, tonos inspirados en los Alpes y sastrer\u00eda relajada: estas son tres piezas de ZEGNA que vale la pena tener en el radar este oto\u00f1o.","rel":"","context":"En \u00abModa\u00bb","block_context":{"text":"Moda","link":"https:\/\/zeromagazine.mx\/index.php\/category\/moda\/"},"img":{"alt_text":"ZEGNA Oasi Cashmere colecci\u00f3n oto\u00f1o 2026 con prendas de cashmere para hombre","src":"https:\/\/i0.wp.com\/zeromagazine.mx\/wp-content\/uploads\/2026\/08\/Oasi-Cashmere-gris-y-Sabbia-Oasi.jpeg?fit=900%2C1200&ssl=1&resize=350%2C200","width":350,"height":200,"srcset":"https:\/\/i0.wp.com\/zeromagazine.mx\/wp-content\/uploads\/2026\/08\/Oasi-Cashmere-gris-y-Sabbia-Oasi.jpeg?fit=900%2C1200&ssl=1&resize=350%2C200 1x, https:\/\/i0.wp.com\/zeromagazine.mx\/wp-content\/uploads\/2026\/08\/Oasi-Cashmere-gris-y-Sabbia-Oasi.jpeg?fit=900%2C1200&ssl=1&resize=525%2C300 1.5x, https:\/\/i0.wp.com\/zeromagazine.mx\/wp-content\/uploads\/2026\/08\/Oasi-Cashmere-gris-y-Sabbia-Oasi.jpeg?fit=900%2C1200&ssl=1&resize=700%2C400 2x"},"classes":[]},{"id":109966,"url":"https:\/\/zeromagazine.mx\/index.php\/2025\/11\/03\/zegna-monterrey-reapertura-lujo\/","url_meta":{"origin":83247,"position":1},"title":"ZEGNA Monterrey: el nuevo lujo con alma italiana","author":"zeromagazinemx","date":"3 de noviembre de 2025","format":false,"excerpt":"Cuando el lujo se siente, se nota. Y eso es justo lo que logra ZEGNA Monterrey, la nueva versi\u00f3n del ic\u00f3nico Negozio que acaba de reabrir sus puertas en una de las ciudades m\u00e1s vibrantes de M\u00e9xico. Este espacio no solo es una tienda, es una experiencia que mezcla dise\u00f1o,\u2026","rel":"","context":"En \u00abModa\u00bb","block_context":{"text":"Moda","link":"https:\/\/zeromagazine.mx\/index.php\/category\/moda\/"},"img":{"alt_text":"","src":"https:\/\/i0.wp.com\/zeromagazine.mx\/wp-content\/uploads\/2025\/11\/1000038785-1-scaled.jpg?fit=800%2C1200&ssl=1&resize=350%2C200","width":350,"height":200,"srcset":"https:\/\/i0.wp.com\/zeromagazine.mx\/wp-content\/uploads\/2025\/11\/1000038785-1-scaled.jpg?fit=800%2C1200&ssl=1&resize=350%2C200 1x, https:\/\/i0.wp.com\/zeromagazine.mx\/wp-content\/uploads\/2025\/11\/1000038785-1-scaled.jpg?fit=800%2C1200&ssl=1&resize=525%2C300 1.5x, https:\/\/i0.wp.com\/zeromagazine.mx\/wp-content\/uploads\/2025\/11\/1000038785-1-scaled.jpg?fit=800%2C1200&ssl=1&resize=700%2C400 2x"},"classes":[]},{"id":126751,"url":"https:\/\/zeromagazine.mx\/index.php\/2026\/07\/21\/accesorios-zegna-verano-italiano-2\/","url_meta":{"origin":83247,"position":2},"title":"Accesorios ZEGNA para verano italiano","author":"David Morales","date":"21 de julio de 2026","format":false,"excerpt":"ZEGNA plantea una lectura del verano italiano a trav\u00e9s de cuatro accesorios: gafas Orizzonte I, bolso SECONDSKIN, cintur\u00f3n de nobuk y gorra en Oasi Lino.","rel":"","context":"En \u00abModa\u00bb","block_context":{"text":"Moda","link":"https:\/\/zeromagazine.mx\/index.php\/category\/moda\/"},"img":{"alt_text":"","src":"https:\/\/i0.wp.com\/zeromagazine.mx\/wp-content\/uploads\/2026\/07\/img_9057.jpg?fit=900%2C1200&ssl=1&resize=350%2C200","width":350,"height":200,"srcset":"https:\/\/i0.wp.com\/zeromagazine.mx\/wp-content\/uploads\/2026\/07\/img_9057.jpg?fit=900%2C1200&ssl=1&resize=350%2C200 1x, https:\/\/i0.wp.com\/zeromagazine.mx\/wp-content\/uploads\/2026\/07\/img_9057.jpg?fit=900%2C1200&ssl=1&resize=525%2C300 1.5x, https:\/\/i0.wp.com\/zeromagazine.mx\/wp-content\/uploads\/2026\/07\/img_9057.jpg?fit=900%2C1200&ssl=1&resize=700%2C400 2x"},"classes":[]},{"id":127493,"url":"https:\/\/zeromagazine.mx\/index.php\/2026\/07\/26\/guardarropa-verano-zegna\/","url_meta":{"origin":83247,"position":3},"title":"Guardarropa de verano ZEGNA","author":"David Morales","date":"26 de julio de 2026","format":false,"excerpt":"Guardarropa de verano ZEGNA Julio de 2026 marca una nueva lectura del estilo estival para ZEGNA. La Maison presenta una selecci\u00f3n de prendas y accesorios concebida para acompa\u00f1ar los d\u00edas c\u00e1lidos con una elegancia natural, donde la frescura del lino, la fluidez de la seda y el confort de sus\u2026","rel":"","context":"En \u00abModa\u00bb","block_context":{"text":"Moda","link":"https:\/\/zeromagazine.mx\/index.php\/category\/moda\/"},"img":{"alt_text":"","src":"https:\/\/i0.wp.com\/zeromagazine.mx\/wp-content\/uploads\/2026\/07\/fb6ea6f1-22f5-bf8d-58c4-99a7fc0ce6fe-scaled.png?fit=1200%2C675&ssl=1&resize=350%2C200","width":350,"height":200,"srcset":"https:\/\/i0.wp.com\/zeromagazine.mx\/wp-content\/uploads\/2026\/07\/fb6ea6f1-22f5-bf8d-58c4-99a7fc0ce6fe-scaled.png?fit=1200%2C675&ssl=1&resize=350%2C200 1x, https:\/\/i0.wp.com\/zeromagazine.mx\/wp-content\/uploads\/2026\/07\/fb6ea6f1-22f5-bf8d-58c4-99a7fc0ce6fe-scaled.png?fit=1200%2C675&ssl=1&resize=525%2C300 1.5x, https:\/\/i0.wp.com\/zeromagazine.mx\/wp-content\/uploads\/2026\/07\/fb6ea6f1-22f5-bf8d-58c4-99a7fc0ce6fe-scaled.png?fit=1200%2C675&ssl=1&resize=700%2C400 2x, https:\/\/i0.wp.com\/zeromagazine.mx\/wp-content\/uploads\/2026\/07\/fb6ea6f1-22f5-bf8d-58c4-99a7fc0ce6fe-scaled.png?fit=1200%2C675&ssl=1&resize=1050%2C600 3x"},"classes":[]},{"id":115223,"url":"https:\/\/zeromagazine.mx\/index.php\/2026\/02\/12\/zegna-primavera-2026-coleccion-lujo-natural\/","url_meta":{"origin":83247,"position":4},"title":"ZEGNA Primavera 2026 redefine lujo","author":"zeromagazinemx","date":"12 de febrero de 2026","format":false,"excerpt":"Cuando el lujo decide dejar atr\u00e1s los c\u00f3digos r\u00edgidos y empieza a respirar al ritmo de la naturaleza, suceden cosas interesantes. La nueva propuesta de ZEGNA no solo presenta prendas; propone una vibra completa donde vestirse se siente tan natural como caminar entre \u00e1rboles. La colecci\u00f3n demuestra que la moda\u2026","rel":"","context":"En \u00abModa\u00bb","block_context":{"text":"Moda","link":"https:\/\/zeromagazine.mx\/index.php\/category\/moda\/"},"img":{"alt_text":"","src":"https:\/\/i0.wp.com\/zeromagazine.mx\/wp-content\/uploads\/2026\/02\/IMG_6458.png?fit=1146%2C846&ssl=1&resize=350%2C200","width":350,"height":200,"srcset":"https:\/\/i0.wp.com\/zeromagazine.mx\/wp-content\/uploads\/2026\/02\/IMG_6458.png?fit=1146%2C846&ssl=1&resize=350%2C200 1x, https:\/\/i0.wp.com\/zeromagazine.mx\/wp-content\/uploads\/2026\/02\/IMG_6458.png?fit=1146%2C846&ssl=1&resize=525%2C300 1.5x, https:\/\/i0.wp.com\/zeromagazine.mx\/wp-content\/uploads\/2026\/02\/IMG_6458.png?fit=1146%2C846&ssl=1&resize=700%2C400 2x, https:\/\/i0.wp.com\/zeromagazine.mx\/wp-content\/uploads\/2026\/02\/IMG_6458.png?fit=1146%2C846&ssl=1&resize=1050%2C600 3x"},"classes":[]},{"id":125973,"url":"https:\/\/zeromagazine.mx\/index.php\/2026\/07\/19\/mocasin-italiano-verano-zegna\/","url_meta":{"origin":83247,"position":5},"title":"Mocas\u00edn italiano: verano seg\u00fan ZEGNA","author":"David Morales","date":"19 de julio de 2026","format":false,"excerpt":"ZEGNA revisa el mocas\u00edn italiano desde la artesan\u00eda, la flexibilidad y una idea de lujo masculino m\u00e1s relajada para la temporada de verano.","rel":"","context":"En \u00abModa\u00bb","block_context":{"text":"Moda","link":"https:\/\/zeromagazine.mx\/index.php\/category\/moda\/"},"img":{"alt_text":"","src":"https:\/\/i0.wp.com\/zeromagazine.mx\/wp-content\/uploads\/2026\/07\/Mocassin-Secondskin-1.jpg?fit=900%2C1200&ssl=1&resize=350%2C200","width":350,"height":200,"srcset":"https:\/\/i0.wp.com\/zeromagazine.mx\/wp-content\/uploads\/2026\/07\/Mocassin-Secondskin-1.jpg?fit=900%2C1200&ssl=1&resize=350%2C200 1x, https:\/\/i0.wp.com\/zeromagazine.mx\/wp-content\/uploads\/2026\/07\/Mocassin-Secondskin-1.jpg?fit=900%2C1200&ssl=1&resize=525%2C300 1.5x, https:\/\/i0.wp.com\/zeromagazine.mx\/wp-content\/uploads\/2026\/07\/Mocassin-Secondskin-1.jpg?fit=900%2C1200&ssl=1&resize=700%2C400 2x"},"classes":[]}],"jetpack_sharing_enabled":true,"builder_content":"","jetpack_featured_media_url":"https:\/\/i0.wp.com\/zeromagazine.mx\/wp-content\/uploads\/2024\/09\/ZEGNA-HERO-6_ADV-CAMPAIGN_WU-LEI.jpg?fit=2362%2C1650&ssl=1","_links":{"self":[{"href":"https:\/\/zeromagazine.mx\/index.php\/wp-json\/wp\/v2\/posts\/83247","targetHints":{"allow":["GET"]}}],"collection":[{"href":"https:\/\/zeromagazine.mx\/index.php\/wp-json\/wp\/v2\/posts"}],"about":[{"href":"https:\/\/zeromagazine.mx\/index.php\/wp-json\/wp\/v2\/types\/post"}],"author":[{"embeddable":true,"href":"https:\/\/zeromagazine.mx\/index.php\/wp-json\/wp\/v2\/users\/2"}],"replies":[{"embeddable":true,"href":"https:\/\/zeromagazine.mx\/index.php\/wp-json\/wp\/v2\/comments?post=83247"}],"version-history":[{"count":1,"href":"https:\/\/zeromagazine.mx\/index.php\/wp-json\/wp\/v2\/posts\/83247\/revisions"}],"predecessor-version":[{"id":83255,"href":"https:\/\/zeromagazine.mx\/index.php\/wp-json\/wp\/v2\/posts\/83247\/revisions\/83255"}],"wp:featuredmedia":[{"embeddable":true,"href":"https:\/\/zeromagazine.mx\/index.php\/wp-json\/wp\/v2\/media\/83249"}],"wp:attachment":[{"href":"https:\/\/zeromagazine.mx\/index.php\/wp-json\/wp\/v2\/media?parent=83247"}],"wp:term":[{"taxonomy":"category","embeddable":true,"href":"https:\/\/zeromagazine.mx\/index.php\/wp-json\/wp\/v2\/categories?post=83247"},{"taxonomy":"post_tag","embeddable":true,"href":"https:\/\/zeromagazine.mx\/index.php\/wp-json\/wp\/v2\/tags?post=83247"}],"curies":[{"name":"wp","href":"https:\/\/api.w.org\/{rel}","templated":true}]}}