{"id":83304,"date":"2024-09-06T18:47:24","date_gmt":"2024-09-06T16:47:24","guid":{"rendered":"https:\/\/zeromagazine.mx\/?p=83304"},"modified":"2024-09-06T18:47:26","modified_gmt":"2024-09-06T16:47:26","slug":"vino-musica-y-vibes-en-aire-tinto","status":"publish","type":"post","link":"https:\/\/zeromagazine.mx\/index.php\/2024\/09\/06\/vino-musica-y-vibes-en-aire-tinto\/","title":{"rendered":"\u00abVino, M\u00fasica y Vibes en Aire Tinto\u00bb"},"content":{"rendered":"<!--themify_builder_content-->\n<div id=\"themify_builder_content-83304\" data-postid=\"83304\" class=\"themify_builder_content themify_builder_content-83304 themify_builder tf_clear\">\n    <\/div>\n<!--\/themify_builder_content-->\n\n\n<p>Si hay un evento que est\u00e1 incre\u00edble este oto\u00f1o, es Aire Tinto 2024. Si eres fan del vino, la gastronom\u00eda gourmet y la m\u00fasica que te hace mover, este festival es un\u00a0<strong>must<\/strong>. Val&#8217;Quirico, conocido como el \u201cPrimer Reino de M\u00e9xico\u00bb (s\u00ed, literal, la Secretar\u00eda de Turismo le dio ese t\u00edtulo), se va a transformar en un epicentro donde el sabor, el vino y las experiencias se fusionan para crear un vibe completamente diferente.<\/p>\n\n\n\n<figure class=\"wp-block-image size-full is-resized\"><img data-recalc-dims=\"1\" decoding=\"async\" width=\"1165\" height=\"655\" src=\"https:\/\/i0.wp.com\/zeromagazine.mx\/wp-content\/uploads\/2024\/09\/231021-AIRE-TINTO_FQE_4756_hi-scaled.jpg?resize=1165%2C655&#038;ssl=1\" alt=\"\" class=\"wp-image-83316\" style=\"width:1424px;height:auto\" srcset=\"https:\/\/i0.wp.com\/zeromagazine.mx\/wp-content\/uploads\/2024\/09\/231021-AIRE-TINTO_FQE_4756_hi-scaled.jpg?w=2560&amp;ssl=1 2560w, https:\/\/i0.wp.com\/zeromagazine.mx\/wp-content\/uploads\/2024\/09\/231021-AIRE-TINTO_FQE_4756_hi-scaled.jpg?resize=300%2C169&amp;ssl=1 300w, https:\/\/i0.wp.com\/zeromagazine.mx\/wp-content\/uploads\/2024\/09\/231021-AIRE-TINTO_FQE_4756_hi-scaled.jpg?resize=1024%2C576&amp;ssl=1 1024w, https:\/\/i0.wp.com\/zeromagazine.mx\/wp-content\/uploads\/2024\/09\/231021-AIRE-TINTO_FQE_4756_hi-scaled.jpg?resize=768%2C432&amp;ssl=1 768w, https:\/\/i0.wp.com\/zeromagazine.mx\/wp-content\/uploads\/2024\/09\/231021-AIRE-TINTO_FQE_4756_hi-scaled.jpg?resize=1536%2C864&amp;ssl=1 1536w, https:\/\/i0.wp.com\/zeromagazine.mx\/wp-content\/uploads\/2024\/09\/231021-AIRE-TINTO_FQE_4756_hi-scaled.jpg?resize=2048%2C1152&amp;ssl=1 2048w, https:\/\/i0.wp.com\/zeromagazine.mx\/wp-content\/uploads\/2024\/09\/231021-AIRE-TINTO_FQE_4756_hi-scaled.jpg?w=2330 2330w\" sizes=\"(max-width: 1165px) 100vw, 1165px\" \/><\/figure>\n\n\n\n<script async src=\"https:\/\/pagead2.googlesyndication.com\/pagead\/js\/adsbygoogle.js?client=ca-pub-5499304793904745\"\n     crossorigin=\"anonymous\"><\/script>\n<ins class=\"adsbygoogle\"\n     style=\"display:block; text-align:center;\"\n     data-ad-layout=\"in-article\"\n     data-ad-format=\"fluid\"\n     data-ad-client=\"ca-pub-5499304793904745\"\n     data-ad-slot=\"5994863093\"><\/ins>\n<script>\n     (adsbygoogle = window.adsbygoogle || []).push({});\n<\/script>\n\n\n\n<p><strong>\u00bfPor qu\u00e9 Aire Tinto es el evento?<\/strong><\/p>\n\n\n\n<p>Primero, lo primero, Aire Tinto no es solo otro festival de vinos; es&nbsp;<em>el<\/em>&nbsp;evento&nbsp;<strong>enogourmet<\/strong>&nbsp;del oto\u00f1o. Este 19 y 20 de octubre, Val&#8217;Quirico te espera para que vivas un weekend lleno de sensaciones que solo puedes encontrar en este lugar m\u00e1gico. Imag\u00ednate un lugar que parece sacado de un pueblito en la Toscana, pero sin tener que cruzar el Atl\u00e1ntico. \u00a1Literal est\u00e1 a solo 1.5 horas de la CDMX! As\u00ed que, si andas buscando un plan classy para el finde,&nbsp;<strong>esta es la move<\/strong>.<\/p>\n\n\n\n<p>Durante dos d\u00edas, vas a poder disfrutar de m\u00e1s de 50 bodegas nacionales e internacionales que van a estar ofreciendo lo mejor de lo mejor. Estamos hablando de etiquetas como Casa Madero, Monte Xanic, Bodegas Santo Tom\u00e1s, y marcas internacionales tipo Apothic y Henri Lurton.&nbsp;<\/p>\n\n\n\n<p><strong>Una experiencia multisensorial&nbsp;<\/strong><\/p>\n\n\n\n<p>El festival est\u00e1 dise\u00f1ado para que vivas una experiencia multisensorial. Aire Tinto va m\u00e1s all\u00e1 de la t\u00edpica cata de vino; es un vibe total que combina la naturaleza, el arte, la m\u00fasica y la gastronom\u00eda. Vas a caminar por las calles s\u00faper cute de Val&#8217;Quirico con una copa de vino en la mano, probando las propuestas culinarias m\u00e1s top. \u00bfPuedes imaginar algo mejor que estar rodeado de arquitectura incre\u00edble, vino delicioso y buena m\u00fasica?&nbsp;<em>Exacto, yo tampoco.<\/em><\/p>\n\n\n\n<p>Adem\u00e1s, puedes tener la oportunidad de conocer e interactuar con\u00a0<strong>sommeliers<\/strong>\u00a0y en\u00f3logos que te van a ense\u00f1ar a apreciar el vino como todo un pro. Dependiendo del acceso que elijas, puedes hasta unirte a catas exclusivas o participar en talleres interactivos donde te explicar\u00e1n el proceso de elaboraci\u00f3n del vino, c\u00f3mo maridarlo y hasta c\u00f3mo almacenarlo como un boss.<\/p>\n\n\n\n<figure class=\"wp-block-image size-full\"><img data-recalc-dims=\"1\" decoding=\"async\" width=\"1165\" height=\"655\" src=\"https:\/\/i0.wp.com\/zeromagazine.mx\/wp-content\/uploads\/2024\/09\/231021-AIRE-TINTO_FQE_4852_hi-scaled.jpg?resize=1165%2C655&#038;ssl=1\" alt=\"\" class=\"wp-image-83317\" srcset=\"https:\/\/i0.wp.com\/zeromagazine.mx\/wp-content\/uploads\/2024\/09\/231021-AIRE-TINTO_FQE_4852_hi-scaled.jpg?w=2560&amp;ssl=1 2560w, https:\/\/i0.wp.com\/zeromagazine.mx\/wp-content\/uploads\/2024\/09\/231021-AIRE-TINTO_FQE_4852_hi-scaled.jpg?resize=300%2C169&amp;ssl=1 300w, https:\/\/i0.wp.com\/zeromagazine.mx\/wp-content\/uploads\/2024\/09\/231021-AIRE-TINTO_FQE_4852_hi-scaled.jpg?resize=1024%2C576&amp;ssl=1 1024w, https:\/\/i0.wp.com\/zeromagazine.mx\/wp-content\/uploads\/2024\/09\/231021-AIRE-TINTO_FQE_4852_hi-scaled.jpg?resize=768%2C432&amp;ssl=1 768w, https:\/\/i0.wp.com\/zeromagazine.mx\/wp-content\/uploads\/2024\/09\/231021-AIRE-TINTO_FQE_4852_hi-scaled.jpg?resize=1536%2C864&amp;ssl=1 1536w, https:\/\/i0.wp.com\/zeromagazine.mx\/wp-content\/uploads\/2024\/09\/231021-AIRE-TINTO_FQE_4852_hi-scaled.jpg?resize=2048%2C1152&amp;ssl=1 2048w, https:\/\/i0.wp.com\/zeromagazine.mx\/wp-content\/uploads\/2024\/09\/231021-AIRE-TINTO_FQE_4852_hi-scaled.jpg?w=2330 2330w\" sizes=\"(max-width: 1165px) 100vw, 1165px\" \/><\/figure>\n\n\n\n<script async src=\"https:\/\/pagead2.googlesyndication.com\/pagead\/js\/adsbygoogle.js?client=ca-pub-5499304793904745\"\n     crossorigin=\"anonymous\"><\/script>\n<ins class=\"adsbygoogle\"\n     style=\"display:block; text-align:center;\"\n     data-ad-layout=\"in-article\"\n     data-ad-format=\"fluid\"\n     data-ad-client=\"ca-pub-5499304793904745\"\n     data-ad-slot=\"5994863093\"><\/ins>\n<script>\n     (adsbygoogle = window.adsbygoogle || []).push({});\n<\/script>\n\n\n\n<p><strong>Casa Aire Tinto: el spot VIP<\/strong><\/p>\n\n\n\n<p>Para los que quieren&nbsp;<strong>vivir la vida VIP<\/strong>, Casa Aire Tinto es&nbsp;<em>the place to be<\/em>. Esta edici\u00f3n del festival trae algo s\u00faper especial: la Casa Aire Tinto va a abrir sus puertas para un evento de este tipo por primera vez ever. Este espacio VIP promete atenci\u00f3n personalizada, degustaciones exclusivas, zonas premium para descansar&nbsp;&nbsp;y un ambiente donde podr\u00e1s desconectar un rato y solo disfrutar.<\/p>\n\n\n\n<p>Es el spot perfecto si te late algo m\u00e1s privado, sin dejar de estar en el middle del evento.&nbsp;<strong>Literal, un lujo.<\/strong><\/p>\n\n\n\n<p><strong>Concurso Mundial de Bruselas: El big deal del vino&nbsp;<\/strong><\/p>\n\n\n\n<p>Aire Tinto tambi\u00e9n se pone s\u00faper pro al traer por segundo a\u00f1o consecutivo el&nbsp;<strong>Concurso Mundial de Bruselas<\/strong>, uno de los eventos internacionales m\u00e1s importantes en el mundo del vino. Aqu\u00ed, puedes conocer de primera mano c\u00f3mo los mejores sommeliers eval\u00faan los vinos del a\u00f1o, y aprender un mont\u00f3n sobre la metodolog\u00eda que usan para escoger los ganadores. Es como tomar una clase intensiva de vinos, pero en un setting mucho m\u00e1s cool y sin estr\u00e9s.<\/p>\n\n\n\n<p>Este concurso es una oportunidad perfecta para elevar tu game de apreciaci\u00f3n del vino y sentirte todo un catador. Adem\u00e1s, seguro terminas descubriendo vinos que ni te imaginabas que exist\u00edan.<\/p>\n\n\n\n<p><strong>M\u00fasica + vino + good vibes = the perfect combo<\/strong><\/p>\n\n\n\n<p>No es un festival si no hay m\u00fasica, \u00bfcierto? Pues Aire Tinto no decepciona. El evento cierra el s\u00e1bado 19 de octubre con un concierto de clausura que promete ser \u00e9pico. Los que tengan acceso al concierto podr\u00e1n bailar y cantar con el grupo invitado en un ambiente de pura celebraci\u00f3n. M\u00fasica en vivo, buen vino, y comida rica, \u00bfqu\u00e9 m\u00e1s se puede pedir para cerrar el d\u00eda con broche de oro?<\/p>\n\n\n\n<p>\u00a0Prep\u00e1rate para probar platos que van a explotar en tu boca mientras disfrutas del vibe chill y festivo de Val&#8217;Quirico.<\/p>\n\n\n\n<figure class=\"wp-block-image size-full\"><img data-recalc-dims=\"1\" decoding=\"async\" width=\"1165\" height=\"655\" src=\"https:\/\/i0.wp.com\/zeromagazine.mx\/wp-content\/uploads\/2024\/09\/231021-AIRE-TINTO_FQE_5001_hi-scaled.jpg?resize=1165%2C655&#038;ssl=1\" alt=\"\" class=\"wp-image-83318\" srcset=\"https:\/\/i0.wp.com\/zeromagazine.mx\/wp-content\/uploads\/2024\/09\/231021-AIRE-TINTO_FQE_5001_hi-scaled.jpg?w=2560&amp;ssl=1 2560w, https:\/\/i0.wp.com\/zeromagazine.mx\/wp-content\/uploads\/2024\/09\/231021-AIRE-TINTO_FQE_5001_hi-scaled.jpg?resize=300%2C169&amp;ssl=1 300w, https:\/\/i0.wp.com\/zeromagazine.mx\/wp-content\/uploads\/2024\/09\/231021-AIRE-TINTO_FQE_5001_hi-scaled.jpg?resize=1024%2C576&amp;ssl=1 1024w, https:\/\/i0.wp.com\/zeromagazine.mx\/wp-content\/uploads\/2024\/09\/231021-AIRE-TINTO_FQE_5001_hi-scaled.jpg?resize=768%2C432&amp;ssl=1 768w, https:\/\/i0.wp.com\/zeromagazine.mx\/wp-content\/uploads\/2024\/09\/231021-AIRE-TINTO_FQE_5001_hi-scaled.jpg?resize=1536%2C864&amp;ssl=1 1536w, https:\/\/i0.wp.com\/zeromagazine.mx\/wp-content\/uploads\/2024\/09\/231021-AIRE-TINTO_FQE_5001_hi-scaled.jpg?resize=2048%2C1152&amp;ssl=1 2048w, https:\/\/i0.wp.com\/zeromagazine.mx\/wp-content\/uploads\/2024\/09\/231021-AIRE-TINTO_FQE_5001_hi-scaled.jpg?w=2330 2330w\" sizes=\"(max-width: 1165px) 100vw, 1165px\" \/><\/figure>\n\n\n\n<script async src=\"https:\/\/pagead2.googlesyndication.com\/pagead\/js\/adsbygoogle.js?client=ca-pub-5499304793904745\"\n     crossorigin=\"anonymous\"><\/script>\n<ins class=\"adsbygoogle\"\n     style=\"display:block; text-align:center;\"\n     data-ad-layout=\"in-article\"\n     data-ad-format=\"fluid\"\n     data-ad-client=\"ca-pub-5499304793904745\"\n     data-ad-slot=\"5994863093\"><\/ins>\n<script>\n     (adsbygoogle = window.adsbygoogle || []).push({});\n<\/script>\n\n\n\n<p><strong>Friendly vibes: trae a tu BFF y a tu doggo&nbsp;<\/strong><\/p>\n\n\n\n<p>Otra cosa cool de Aire Tinto es que es un evento&nbsp;<strong>pet-friendly<\/strong>. As\u00ed que si eres de los que no sale sin su perrito, puedes llevarlo contigo.&nbsp;<em>Literal tu BFF de cuatro patas tambi\u00e9n est\u00e1 invitado.<\/em>&nbsp;As\u00ed que no solo es un plan para ti y tus amigos, sino tambi\u00e9n para tu peludo. Nada mejor que caminar por Val&#8217;Quirico con tu doggo al lado, copa en mano, y vibes de chill total.<\/p>\n\n\n\n<p>Finalmente, te recomiendo que compres las entradas, ya que se encuentran en la fase 2 de preventa, con precios que van desde $220 hasta $1,500. Depende de lo que quieras, puedes elegir entre boletos que te dan acceso a las catas exclusivas, el concierto de clausura, y hasta la chance de interactuar directamente con sommeliers y en\u00f3logos en un ambiente s\u00faper privado.<\/p>\n\n\n\n<p>Aire Tinto 2024 es la oportunidad perfecta para disfrutar de un fin de semana diferente, lleno de cultura, sabor y diversi\u00f3n, en uno de los lugares m\u00e1s bonitos y especiales de M\u00e9xico.<\/p>\n\n\n\n<p><strong>Val&#8217;Quirico<\/strong>&nbsp;te espera con las puertas abiertas para que te pierdas en sus calles m\u00e1gicas, mientras disfrutas del mejor vino y m\u00fasica del momento. As\u00ed que corre por tus boletos, y prep\u00e1rate para un weekend que no vas a olvidar.&nbsp;<strong>Cheers!<\/strong><\/p>\n\n\n\n<p><\/p>","protected":false},"excerpt":{"rendered":"<p>Si hay un evento que est\u00e1 incre\u00edble este oto\u00f1o, es Aire Tinto 2024. Si eres fan del vino, la gastronom\u00eda gourmet y la m\u00fasica que te hace mover, este festival es un\u00a0must. Val&#8217;Quirico, conocido como el \u201cPrimer Reino de M\u00e9xico\u00bb (s\u00ed, literal, la Secretar\u00eda de Turismo le dio ese t\u00edtulo), se va a transformar en [&hellip;]<\/p>\n","protected":false},"author":2,"featured_media":83318,"comment_status":"open","ping_status":"open","sticky":false,"template":"","format":"standard","meta":{"_jetpack_memberships_contains_paid_content":false,"footnotes":"","jetpack_publicize_message":"","jetpack_publicize_feature_enabled":true,"jetpack_social_post_already_shared":true,"jetpack_social_options":{"image_generator_settings":{"template":"highway","default_image_id":0,"font":"","enabled":false},"version":2}},"categories":[117],"tags":[10164,10162,10163],"class_list":["post-83304","post","type-post","status-publish","format-standard","has-post-thumbnail","hentry","category-entretenimiento","tag-catasdevino","tag-valquirico","tag-vipwineexperience","has-post-title","has-post-date","has-post-category","has-post-tag","has-post-comment","has-post-author",""],"yoast_head":"<!-- This site is optimized with the Yoast SEO plugin v27.5 - https:\/\/yoast.com\/product\/yoast-seo-wordpress\/ -->\n<title>&quot;Vino, M\u00fasica y Vibes en Aire Tinto&quot; - Zero Magazine<\/title>\n<meta name=\"robots\" content=\"index, follow, max-snippet:-1, max-image-preview:large, max-video-preview:-1\" \/>\n<link rel=\"canonical\" href=\"https:\/\/zeromagazine.mx\/index.php\/2024\/09\/06\/vino-musica-y-vibes-en-aire-tinto\/\" \/>\n<meta property=\"og:locale\" content=\"es_ES\" \/>\n<meta property=\"og:type\" content=\"article\" \/>\n<meta property=\"og:title\" content=\"&quot;Vino, M\u00fasica y Vibes en Aire Tinto&quot; - Zero Magazine\" \/>\n<meta property=\"og:description\" content=\"Si hay un evento que est\u00e1 incre\u00edble este oto\u00f1o, es Aire Tinto 2024. Si eres fan del vino, la gastronom\u00eda gourmet y la m\u00fasica que te hace mover, este festival es un\u00a0must. Val&#8217;Quirico, conocido como el \u201cPrimer Reino de M\u00e9xico\u00bb (s\u00ed, literal, la Secretar\u00eda de Turismo le dio ese t\u00edtulo), se va a transformar en [&hellip;]\" \/>\n<meta property=\"og:url\" content=\"https:\/\/zeromagazine.mx\/index.php\/2024\/09\/06\/vino-musica-y-vibes-en-aire-tinto\/\" \/>\n<meta property=\"og:site_name\" content=\"Zero Magazine\" \/>\n<meta property=\"article:published_time\" content=\"2024-09-06T16:47:24+00:00\" \/>\n<meta property=\"article:modified_time\" content=\"2024-09-06T16:47:26+00:00\" \/>\n<meta property=\"og:image\" content=\"https:\/\/i0.wp.com\/zeromagazine.mx\/wp-content\/uploads\/2024\/09\/231021-AIRE-TINTO_FQE_5001_hi-scaled.jpg?fit=2560%2C1440&ssl=1\" \/>\n\t<meta property=\"og:image:width\" content=\"2560\" \/>\n\t<meta property=\"og:image:height\" content=\"1440\" \/>\n\t<meta property=\"og:image:type\" content=\"image\/jpeg\" \/>\n<meta name=\"author\" content=\"zeromagazinemx\" \/>\n<meta name=\"twitter:card\" content=\"summary_large_image\" \/>\n<meta name=\"twitter:label1\" content=\"Escrito por\" \/>\n\t<meta name=\"twitter:data1\" content=\"zeromagazinemx\" \/>\n\t<meta name=\"twitter:label2\" content=\"Tiempo de lectura\" \/>\n\t<meta name=\"twitter:data2\" content=\"5 minutos\" \/>\n<script type=\"application\/ld+json\" class=\"yoast-schema-graph\">{\"@context\":\"https:\\\/\\\/schema.org\",\"@graph\":[{\"@type\":\"Article\",\"@id\":\"https:\\\/\\\/zeromagazine.mx\\\/index.php\\\/2024\\\/09\\\/06\\\/vino-musica-y-vibes-en-aire-tinto\\\/#article\",\"isPartOf\":{\"@id\":\"https:\\\/\\\/zeromagazine.mx\\\/index.php\\\/2024\\\/09\\\/06\\\/vino-musica-y-vibes-en-aire-tinto\\\/\"},\"author\":{\"name\":\"zeromagazinemx\",\"@id\":\"https:\\\/\\\/zeromagazine.mx\\\/#\\\/schema\\\/person\\\/9aed9f33a7c39af3a348b86d723f7773\"},\"headline\":\"\u00abVino, M\u00fasica y Vibes en Aire Tinto\u00bb\",\"datePublished\":\"2024-09-06T16:47:24+00:00\",\"dateModified\":\"2024-09-06T16:47:26+00:00\",\"mainEntityOfPage\":{\"@id\":\"https:\\\/\\\/zeromagazine.mx\\\/index.php\\\/2024\\\/09\\\/06\\\/vino-musica-y-vibes-en-aire-tinto\\\/\"},\"wordCount\":971,\"commentCount\":0,\"publisher\":{\"@id\":\"https:\\\/\\\/zeromagazine.mx\\\/#organization\"},\"image\":{\"@id\":\"https:\\\/\\\/zeromagazine.mx\\\/index.php\\\/2024\\\/09\\\/06\\\/vino-musica-y-vibes-en-aire-tinto\\\/#primaryimage\"},\"thumbnailUrl\":\"https:\\\/\\\/i0.wp.com\\\/zeromagazine.mx\\\/wp-content\\\/uploads\\\/2024\\\/09\\\/231021-AIRE-TINTO_FQE_5001_hi-scaled.jpg?fit=2560%2C1440&ssl=1\",\"keywords\":[\"CatasDeVino\",\"Val'Quirico\",\"VIPWineExperience\"],\"articleSection\":[\"Entretenimiento\"],\"inLanguage\":\"es\",\"potentialAction\":[{\"@type\":\"CommentAction\",\"name\":\"Comment\",\"target\":[\"https:\\\/\\\/zeromagazine.mx\\\/index.php\\\/2024\\\/09\\\/06\\\/vino-musica-y-vibes-en-aire-tinto\\\/#respond\"]}]},{\"@type\":\"WebPage\",\"@id\":\"https:\\\/\\\/zeromagazine.mx\\\/index.php\\\/2024\\\/09\\\/06\\\/vino-musica-y-vibes-en-aire-tinto\\\/\",\"url\":\"https:\\\/\\\/zeromagazine.mx\\\/index.php\\\/2024\\\/09\\\/06\\\/vino-musica-y-vibes-en-aire-tinto\\\/\",\"name\":\"\\\"Vino, M\u00fasica y Vibes en Aire Tinto\\\" - Zero Magazine\",\"isPartOf\":{\"@id\":\"https:\\\/\\\/zeromagazine.mx\\\/#website\"},\"primaryImageOfPage\":{\"@id\":\"https:\\\/\\\/zeromagazine.mx\\\/index.php\\\/2024\\\/09\\\/06\\\/vino-musica-y-vibes-en-aire-tinto\\\/#primaryimage\"},\"image\":{\"@id\":\"https:\\\/\\\/zeromagazine.mx\\\/index.php\\\/2024\\\/09\\\/06\\\/vino-musica-y-vibes-en-aire-tinto\\\/#primaryimage\"},\"thumbnailUrl\":\"https:\\\/\\\/i0.wp.com\\\/zeromagazine.mx\\\/wp-content\\\/uploads\\\/2024\\\/09\\\/231021-AIRE-TINTO_FQE_5001_hi-scaled.jpg?fit=2560%2C1440&ssl=1\",\"datePublished\":\"2024-09-06T16:47:24+00:00\",\"dateModified\":\"2024-09-06T16:47:26+00:00\",\"breadcrumb\":{\"@id\":\"https:\\\/\\\/zeromagazine.mx\\\/index.php\\\/2024\\\/09\\\/06\\\/vino-musica-y-vibes-en-aire-tinto\\\/#breadcrumb\"},\"inLanguage\":\"es\",\"potentialAction\":[{\"@type\":\"ReadAction\",\"target\":[\"https:\\\/\\\/zeromagazine.mx\\\/index.php\\\/2024\\\/09\\\/06\\\/vino-musica-y-vibes-en-aire-tinto\\\/\"]}]},{\"@type\":\"ImageObject\",\"inLanguage\":\"es\",\"@id\":\"https:\\\/\\\/zeromagazine.mx\\\/index.php\\\/2024\\\/09\\\/06\\\/vino-musica-y-vibes-en-aire-tinto\\\/#primaryimage\",\"url\":\"https:\\\/\\\/i0.wp.com\\\/zeromagazine.mx\\\/wp-content\\\/uploads\\\/2024\\\/09\\\/231021-AIRE-TINTO_FQE_5001_hi-scaled.jpg?fit=2560%2C1440&ssl=1\",\"contentUrl\":\"https:\\\/\\\/i0.wp.com\\\/zeromagazine.mx\\\/wp-content\\\/uploads\\\/2024\\\/09\\\/231021-AIRE-TINTO_FQE_5001_hi-scaled.jpg?fit=2560%2C1440&ssl=1\",\"width\":2560,\"height\":1440},{\"@type\":\"BreadcrumbList\",\"@id\":\"https:\\\/\\\/zeromagazine.mx\\\/index.php\\\/2024\\\/09\\\/06\\\/vino-musica-y-vibes-en-aire-tinto\\\/#breadcrumb\",\"itemListElement\":[{\"@type\":\"ListItem\",\"position\":1,\"name\":\"Portada\",\"item\":\"https:\\\/\\\/zeromagazine.mx\\\/\"},{\"@type\":\"ListItem\",\"position\":2,\"name\":\"\u00abVino, M\u00fasica y Vibes en Aire Tinto\u00bb\"}]},{\"@type\":\"WebSite\",\"@id\":\"https:\\\/\\\/zeromagazine.mx\\\/#website\",\"url\":\"https:\\\/\\\/zeromagazine.mx\\\/\",\"name\":\"Zero Magazine\",\"description\":\"\",\"publisher\":{\"@id\":\"https:\\\/\\\/zeromagazine.mx\\\/#organization\"},\"potentialAction\":[{\"@type\":\"SearchAction\",\"target\":{\"@type\":\"EntryPoint\",\"urlTemplate\":\"https:\\\/\\\/zeromagazine.mx\\\/?s={search_term_string}\"},\"query-input\":{\"@type\":\"PropertyValueSpecification\",\"valueRequired\":true,\"valueName\":\"search_term_string\"}}],\"inLanguage\":\"es\"},{\"@type\":\"Organization\",\"@id\":\"https:\\\/\\\/zeromagazine.mx\\\/#organization\",\"name\":\"Zero Magazine\",\"url\":\"https:\\\/\\\/zeromagazine.mx\\\/\",\"logo\":{\"@type\":\"ImageObject\",\"inLanguage\":\"es\",\"@id\":\"https:\\\/\\\/zeromagazine.mx\\\/#\\\/schema\\\/logo\\\/image\\\/\",\"url\":\"https:\\\/\\\/i0.wp.com\\\/zeromagazine.mx\\\/wp-content\\\/uploads\\\/2025\\\/11\\\/1.jpeg?fit=1000%2C1000&ssl=1\",\"contentUrl\":\"https:\\\/\\\/i0.wp.com\\\/zeromagazine.mx\\\/wp-content\\\/uploads\\\/2025\\\/11\\\/1.jpeg?fit=1000%2C1000&ssl=1\",\"width\":1000,\"height\":1000,\"caption\":\"Zero Magazine\"},\"image\":{\"@id\":\"https:\\\/\\\/zeromagazine.mx\\\/#\\\/schema\\\/logo\\\/image\\\/\"},\"sameAs\":[\"https:\\\/\\\/instagram.com\\\/zeromagazinemx\"]},{\"@type\":\"Person\",\"@id\":\"https:\\\/\\\/zeromagazine.mx\\\/#\\\/schema\\\/person\\\/9aed9f33a7c39af3a348b86d723f7773\",\"name\":\"zeromagazinemx\",\"image\":{\"@type\":\"ImageObject\",\"inLanguage\":\"es\",\"@id\":\"https:\\\/\\\/zeromagazine.mx\\\/wp-content\\\/litespeed\\\/avatar\\\/f91dfe5410d5dcb1a576bf8c45983896.jpg?ver=1776966396\",\"url\":\"https:\\\/\\\/zeromagazine.mx\\\/wp-content\\\/litespeed\\\/avatar\\\/f91dfe5410d5dcb1a576bf8c45983896.jpg?ver=1776966396\",\"contentUrl\":\"https:\\\/\\\/zeromagazine.mx\\\/wp-content\\\/litespeed\\\/avatar\\\/f91dfe5410d5dcb1a576bf8c45983896.jpg?ver=1776966396\",\"caption\":\"zeromagazinemx\"},\"url\":\"https:\\\/\\\/zeromagazine.mx\\\/index.php\\\/author\\\/zeromagazinemx\\\/\"}]}<\/script>\n<!-- \/ Yoast SEO plugin. -->","yoast_head_json":{"title":"\"Vino, M\u00fasica y Vibes en Aire Tinto\" - Zero Magazine","robots":{"index":"index","follow":"follow","max-snippet":"max-snippet:-1","max-image-preview":"max-image-preview:large","max-video-preview":"max-video-preview:-1"},"canonical":"https:\/\/zeromagazine.mx\/index.php\/2024\/09\/06\/vino-musica-y-vibes-en-aire-tinto\/","og_locale":"es_ES","og_type":"article","og_title":"\"Vino, M\u00fasica y Vibes en Aire Tinto\" - Zero Magazine","og_description":"Si hay un evento que est\u00e1 incre\u00edble este oto\u00f1o, es Aire Tinto 2024. Si eres fan del vino, la gastronom\u00eda gourmet y la m\u00fasica que te hace mover, este festival es un\u00a0must. Val&#8217;Quirico, conocido como el \u201cPrimer Reino de M\u00e9xico\u00bb (s\u00ed, literal, la Secretar\u00eda de Turismo le dio ese t\u00edtulo), se va a transformar en [&hellip;]","og_url":"https:\/\/zeromagazine.mx\/index.php\/2024\/09\/06\/vino-musica-y-vibes-en-aire-tinto\/","og_site_name":"Zero Magazine","article_published_time":"2024-09-06T16:47:24+00:00","article_modified_time":"2024-09-06T16:47:26+00:00","og_image":[{"width":2560,"height":1440,"url":"https:\/\/i0.wp.com\/zeromagazine.mx\/wp-content\/uploads\/2024\/09\/231021-AIRE-TINTO_FQE_5001_hi-scaled.jpg?fit=2560%2C1440&ssl=1","type":"image\/jpeg"}],"author":"zeromagazinemx","twitter_card":"summary_large_image","twitter_misc":{"Escrito por":"zeromagazinemx","Tiempo de lectura":"5 minutos"},"schema":{"@context":"https:\/\/schema.org","@graph":[{"@type":"Article","@id":"https:\/\/zeromagazine.mx\/index.php\/2024\/09\/06\/vino-musica-y-vibes-en-aire-tinto\/#article","isPartOf":{"@id":"https:\/\/zeromagazine.mx\/index.php\/2024\/09\/06\/vino-musica-y-vibes-en-aire-tinto\/"},"author":{"name":"zeromagazinemx","@id":"https:\/\/zeromagazine.mx\/#\/schema\/person\/9aed9f33a7c39af3a348b86d723f7773"},"headline":"\u00abVino, M\u00fasica y Vibes en Aire Tinto\u00bb","datePublished":"2024-09-06T16:47:24+00:00","dateModified":"2024-09-06T16:47:26+00:00","mainEntityOfPage":{"@id":"https:\/\/zeromagazine.mx\/index.php\/2024\/09\/06\/vino-musica-y-vibes-en-aire-tinto\/"},"wordCount":971,"commentCount":0,"publisher":{"@id":"https:\/\/zeromagazine.mx\/#organization"},"image":{"@id":"https:\/\/zeromagazine.mx\/index.php\/2024\/09\/06\/vino-musica-y-vibes-en-aire-tinto\/#primaryimage"},"thumbnailUrl":"https:\/\/i0.wp.com\/zeromagazine.mx\/wp-content\/uploads\/2024\/09\/231021-AIRE-TINTO_FQE_5001_hi-scaled.jpg?fit=2560%2C1440&ssl=1","keywords":["CatasDeVino","Val'Quirico","VIPWineExperience"],"articleSection":["Entretenimiento"],"inLanguage":"es","potentialAction":[{"@type":"CommentAction","name":"Comment","target":["https:\/\/zeromagazine.mx\/index.php\/2024\/09\/06\/vino-musica-y-vibes-en-aire-tinto\/#respond"]}]},{"@type":"WebPage","@id":"https:\/\/zeromagazine.mx\/index.php\/2024\/09\/06\/vino-musica-y-vibes-en-aire-tinto\/","url":"https:\/\/zeromagazine.mx\/index.php\/2024\/09\/06\/vino-musica-y-vibes-en-aire-tinto\/","name":"\"Vino, M\u00fasica y Vibes en Aire Tinto\" - Zero Magazine","isPartOf":{"@id":"https:\/\/zeromagazine.mx\/#website"},"primaryImageOfPage":{"@id":"https:\/\/zeromagazine.mx\/index.php\/2024\/09\/06\/vino-musica-y-vibes-en-aire-tinto\/#primaryimage"},"image":{"@id":"https:\/\/zeromagazine.mx\/index.php\/2024\/09\/06\/vino-musica-y-vibes-en-aire-tinto\/#primaryimage"},"thumbnailUrl":"https:\/\/i0.wp.com\/zeromagazine.mx\/wp-content\/uploads\/2024\/09\/231021-AIRE-TINTO_FQE_5001_hi-scaled.jpg?fit=2560%2C1440&ssl=1","datePublished":"2024-09-06T16:47:24+00:00","dateModified":"2024-09-06T16:47:26+00:00","breadcrumb":{"@id":"https:\/\/zeromagazine.mx\/index.php\/2024\/09\/06\/vino-musica-y-vibes-en-aire-tinto\/#breadcrumb"},"inLanguage":"es","potentialAction":[{"@type":"ReadAction","target":["https:\/\/zeromagazine.mx\/index.php\/2024\/09\/06\/vino-musica-y-vibes-en-aire-tinto\/"]}]},{"@type":"ImageObject","inLanguage":"es","@id":"https:\/\/zeromagazine.mx\/index.php\/2024\/09\/06\/vino-musica-y-vibes-en-aire-tinto\/#primaryimage","url":"https:\/\/i0.wp.com\/zeromagazine.mx\/wp-content\/uploads\/2024\/09\/231021-AIRE-TINTO_FQE_5001_hi-scaled.jpg?fit=2560%2C1440&ssl=1","contentUrl":"https:\/\/i0.wp.com\/zeromagazine.mx\/wp-content\/uploads\/2024\/09\/231021-AIRE-TINTO_FQE_5001_hi-scaled.jpg?fit=2560%2C1440&ssl=1","width":2560,"height":1440},{"@type":"BreadcrumbList","@id":"https:\/\/zeromagazine.mx\/index.php\/2024\/09\/06\/vino-musica-y-vibes-en-aire-tinto\/#breadcrumb","itemListElement":[{"@type":"ListItem","position":1,"name":"Portada","item":"https:\/\/zeromagazine.mx\/"},{"@type":"ListItem","position":2,"name":"\u00abVino, M\u00fasica y Vibes en Aire Tinto\u00bb"}]},{"@type":"WebSite","@id":"https:\/\/zeromagazine.mx\/#website","url":"https:\/\/zeromagazine.mx\/","name":"Zero Magazine","description":"","publisher":{"@id":"https:\/\/zeromagazine.mx\/#organization"},"potentialAction":[{"@type":"SearchAction","target":{"@type":"EntryPoint","urlTemplate":"https:\/\/zeromagazine.mx\/?s={search_term_string}"},"query-input":{"@type":"PropertyValueSpecification","valueRequired":true,"valueName":"search_term_string"}}],"inLanguage":"es"},{"@type":"Organization","@id":"https:\/\/zeromagazine.mx\/#organization","name":"Zero Magazine","url":"https:\/\/zeromagazine.mx\/","logo":{"@type":"ImageObject","inLanguage":"es","@id":"https:\/\/zeromagazine.mx\/#\/schema\/logo\/image\/","url":"https:\/\/i0.wp.com\/zeromagazine.mx\/wp-content\/uploads\/2025\/11\/1.jpeg?fit=1000%2C1000&ssl=1","contentUrl":"https:\/\/i0.wp.com\/zeromagazine.mx\/wp-content\/uploads\/2025\/11\/1.jpeg?fit=1000%2C1000&ssl=1","width":1000,"height":1000,"caption":"Zero Magazine"},"image":{"@id":"https:\/\/zeromagazine.mx\/#\/schema\/logo\/image\/"},"sameAs":["https:\/\/instagram.com\/zeromagazinemx"]},{"@type":"Person","@id":"https:\/\/zeromagazine.mx\/#\/schema\/person\/9aed9f33a7c39af3a348b86d723f7773","name":"zeromagazinemx","image":{"@type":"ImageObject","inLanguage":"es","@id":"https:\/\/zeromagazine.mx\/wp-content\/litespeed\/avatar\/f91dfe5410d5dcb1a576bf8c45983896.jpg?ver=1776966396","url":"https:\/\/zeromagazine.mx\/wp-content\/litespeed\/avatar\/f91dfe5410d5dcb1a576bf8c45983896.jpg?ver=1776966396","contentUrl":"https:\/\/zeromagazine.mx\/wp-content\/litespeed\/avatar\/f91dfe5410d5dcb1a576bf8c45983896.jpg?ver=1776966396","caption":"zeromagazinemx"},"url":"https:\/\/zeromagazine.mx\/index.php\/author\/zeromagazinemx\/"}]}},"jetpack_publicize_connections":[],"jetpack_featured_media_url":"https:\/\/i0.wp.com\/zeromagazine.mx\/wp-content\/uploads\/2024\/09\/231021-AIRE-TINTO_FQE_5001_hi-scaled.jpg?fit=2560%2C1440&ssl=1","jetpack-related-posts":[{"id":87951,"url":"https:\/\/zeromagazine.mx\/index.php\/2024\/10\/22\/vino-y-vibes-no-faltes\/","url_meta":{"origin":83304,"position":0},"title":"Vino y Vibes: \u00a1No Faltes!","author":"zeromagazinemx","date":"22 de octubre de 2024","format":false,"excerpt":"\u00bfListos para el fin de semana m\u00e1s sabroso del a\u00f1o?\u00a0Si eres amante del vino, la buena comida y la m\u00fasica, \u00a1Aire Tinto 2024 es el lugar para estar! Este 19 y 20 de octubre, Val'Quirico se convertir\u00e1 en el epicentro de las mejores experiencias enogastron\u00f3micas. Este festival de oto\u00f1o promete\u2026","rel":"","context":"En \u00abViajes\u00bb","block_context":{"text":"Viajes","link":"https:\/\/zeromagazine.mx\/index.php\/category\/lugares\/"},"img":{"alt_text":"","src":"https:\/\/i0.wp.com\/zeromagazine.mx\/wp-content\/uploads\/2024\/10\/231021-AIRE-TINTO_FQE_4764_hi-scaled.jpg?fit=1200%2C675&ssl=1&resize=350%2C200","width":350,"height":200,"srcset":"https:\/\/i0.wp.com\/zeromagazine.mx\/wp-content\/uploads\/2024\/10\/231021-AIRE-TINTO_FQE_4764_hi-scaled.jpg?fit=1200%2C675&ssl=1&resize=350%2C200 1x, https:\/\/i0.wp.com\/zeromagazine.mx\/wp-content\/uploads\/2024\/10\/231021-AIRE-TINTO_FQE_4764_hi-scaled.jpg?fit=1200%2C675&ssl=1&resize=525%2C300 1.5x, https:\/\/i0.wp.com\/zeromagazine.mx\/wp-content\/uploads\/2024\/10\/231021-AIRE-TINTO_FQE_4764_hi-scaled.jpg?fit=1200%2C675&ssl=1&resize=700%2C400 2x, https:\/\/i0.wp.com\/zeromagazine.mx\/wp-content\/uploads\/2024\/10\/231021-AIRE-TINTO_FQE_4764_hi-scaled.jpg?fit=1200%2C675&ssl=1&resize=1050%2C600 3x"},"classes":[]},{"id":82743,"url":"https:\/\/zeromagazine.mx\/index.php\/2024\/08\/28\/renueva-tu-vibe-con-mas\/","url_meta":{"origin":83304,"position":1},"title":"\u201cRenueva tu vibe con \u2018M\u00e1s\u2019\u201d","author":"zeromagazinemx","date":"28 de agosto de 2024","format":false,"excerpt":"Vino el viernes. Acaba de lanzar su nueva rola, \"M\u00e1s\", y si eres fan del rock en espa\u00f1ol, prep\u00e1rate porque esto est\u00e1 buen\u00edsimo. Esta banda est\u00e1 en su mejor momento, y su nuevo sencillo no es solo otra canci\u00f3n; es un viaje emocional completo. Si alguna vez te has sentido\u2026","rel":"","context":"En \u00abEntretenimiento\u00bb","block_context":{"text":"Entretenimiento","link":"https:\/\/zeromagazine.mx\/index.php\/category\/entretenimiento\/"},"img":{"alt_text":"","src":"https:\/\/i0.wp.com\/zeromagazine.mx\/wp-content\/uploads\/2024\/08\/Portada-Mas-scaled.jpg?fit=1200%2C1200&ssl=1&resize=350%2C200","width":350,"height":200,"srcset":"https:\/\/i0.wp.com\/zeromagazine.mx\/wp-content\/uploads\/2024\/08\/Portada-Mas-scaled.jpg?fit=1200%2C1200&ssl=1&resize=350%2C200 1x, https:\/\/i0.wp.com\/zeromagazine.mx\/wp-content\/uploads\/2024\/08\/Portada-Mas-scaled.jpg?fit=1200%2C1200&ssl=1&resize=525%2C300 1.5x, https:\/\/i0.wp.com\/zeromagazine.mx\/wp-content\/uploads\/2024\/08\/Portada-Mas-scaled.jpg?fit=1200%2C1200&ssl=1&resize=700%2C400 2x, https:\/\/i0.wp.com\/zeromagazine.mx\/wp-content\/uploads\/2024\/08\/Portada-Mas-scaled.jpg?fit=1200%2C1200&ssl=1&resize=1050%2C600 3x"},"classes":[]},{"id":81576,"url":"https:\/\/zeromagazine.mx\/index.php\/2024\/08\/08\/tu-vino-tu-app-vinofy\/","url_meta":{"origin":83304,"position":2},"title":"Tu Vino, Tu App: \u00a1Vinofy!","author":"zeromagazinemx","date":"8 de agosto de 2024","format":false,"excerpt":"Todxs hemos pasado por ese awkward moment en una reuni\u00f3n social donde alguien saca una botella de vino y t\u00fa solo puedes pensar \u201cuhm\u2026 rojo o blanco?\u201d. Pero, guess what? Vinofy lleg\u00f3 para salvarte de esas situaciones y para hacerte ver como el connaisseur que siempre quisiste ser. Esta nueva\u2026","rel":"","context":"En \u00abLifestyle\u00bb","block_context":{"text":"Lifestyle","link":"https:\/\/zeromagazine.mx\/index.php\/category\/lifestyle\/"},"img":{"alt_text":"","src":"https:\/\/i0.wp.com\/zeromagazine.mx\/wp-content\/uploads\/2024\/08\/IMG_6220-1.png?fit=800%2C1067&ssl=1&resize=350%2C200","width":350,"height":200,"srcset":"https:\/\/i0.wp.com\/zeromagazine.mx\/wp-content\/uploads\/2024\/08\/IMG_6220-1.png?fit=800%2C1067&ssl=1&resize=350%2C200 1x, https:\/\/i0.wp.com\/zeromagazine.mx\/wp-content\/uploads\/2024\/08\/IMG_6220-1.png?fit=800%2C1067&ssl=1&resize=525%2C300 1.5x, https:\/\/i0.wp.com\/zeromagazine.mx\/wp-content\/uploads\/2024\/08\/IMG_6220-1.png?fit=800%2C1067&ssl=1&resize=700%2C400 2x"},"classes":[]},{"id":92072,"url":"https:\/\/zeromagazine.mx\/index.php\/2024\/12\/02\/italia-vibes-pero-en-cdmx\/","url_meta":{"origin":83304,"position":3},"title":"\u00abItalia vibes, pero en CDMX\u00bb","author":"zeromagazinemx","date":"2 de diciembre de 2024","format":false,"excerpt":"Si eres de los que ama la \u00e9poca navide\u00f1a\u00a0y\u00a0no puede resistirse a una buena pasta, d\u00e9jame contarte que\u00a0Forno Di Casa\u00a0es\u00a0el spot\u00a0que necesitas este a\u00f1o para vivir una experiencia\u00a0full Italian vibes. Este restaurante, certificado por la C\u00e1mara de Comercio Italiana con el distintivo \"Ospitalit\u00e0 Italiana\" (s\u00ed, fancy y legit), trae un\u2026","rel":"","context":"En \u00abViajes\u00bb","block_context":{"text":"Viajes","link":"https:\/\/zeromagazine.mx\/index.php\/category\/lugares\/"},"img":{"alt_text":"","src":"https:\/\/i0.wp.com\/zeromagazine.mx\/wp-content\/uploads\/2024\/12\/6-scaled.jpg?fit=1200%2C800&ssl=1&resize=350%2C200","width":350,"height":200,"srcset":"https:\/\/i0.wp.com\/zeromagazine.mx\/wp-content\/uploads\/2024\/12\/6-scaled.jpg?fit=1200%2C800&ssl=1&resize=350%2C200 1x, https:\/\/i0.wp.com\/zeromagazine.mx\/wp-content\/uploads\/2024\/12\/6-scaled.jpg?fit=1200%2C800&ssl=1&resize=525%2C300 1.5x, https:\/\/i0.wp.com\/zeromagazine.mx\/wp-content\/uploads\/2024\/12\/6-scaled.jpg?fit=1200%2C800&ssl=1&resize=700%2C400 2x, https:\/\/i0.wp.com\/zeromagazine.mx\/wp-content\/uploads\/2024\/12\/6-scaled.jpg?fit=1200%2C800&ssl=1&resize=1050%2C600 3x"},"classes":[]},{"id":93086,"url":"https:\/\/zeromagazine.mx\/index.php\/2024\/12\/13\/vinos-de-excelencia-para-todos\/","url_meta":{"origin":83304,"position":4},"title":"Vinos de Excelencia para Todos","author":"zeromagazinemx","date":"13 de diciembre de 2024","format":false,"excerpt":"\u00a0 Vinos de Excelencia Vinos de excelencia ya llegaron. La temporada navide\u00f1a ya est\u00e1 aqu\u00ed, y con ella llegan las celebraciones, cenas y brindis con los seres queridos. Si quieres elevar tus fiestas sin romper la alcanc\u00eda, te tengo la soluci\u00f3n perfecta: los vinos de Bodegas Alianza. Con una relaci\u00f3n\u2026","rel":"","context":"En \u00abFoodie\u00bb","block_context":{"text":"Foodie","link":"https:\/\/zeromagazine.mx\/index.php\/category\/lifestyle\/foodie\/"},"img":{"alt_text":"","src":"https:\/\/i0.wp.com\/zeromagazine.mx\/wp-content\/uploads\/2024\/12\/V.B.-ESP.-ANDIAMO-PROSECCO-750ml-39755-scaled.jpg?fit=801%2C1200&ssl=1&resize=350%2C200","width":350,"height":200,"srcset":"https:\/\/i0.wp.com\/zeromagazine.mx\/wp-content\/uploads\/2024\/12\/V.B.-ESP.-ANDIAMO-PROSECCO-750ml-39755-scaled.jpg?fit=801%2C1200&ssl=1&resize=350%2C200 1x, https:\/\/i0.wp.com\/zeromagazine.mx\/wp-content\/uploads\/2024\/12\/V.B.-ESP.-ANDIAMO-PROSECCO-750ml-39755-scaled.jpg?fit=801%2C1200&ssl=1&resize=525%2C300 1.5x, https:\/\/i0.wp.com\/zeromagazine.mx\/wp-content\/uploads\/2024\/12\/V.B.-ESP.-ANDIAMO-PROSECCO-750ml-39755-scaled.jpg?fit=801%2C1200&ssl=1&resize=700%2C400 2x"},"classes":[]},{"id":112680,"url":"https:\/\/zeromagazine.mx\/index.php\/2026\/01\/06\/sabores-california-mesa-navidena\/","url_meta":{"origin":83304,"position":5},"title":"Sabores de California: el vino que transforma la mesa navide\u00f1a","author":"David Morales","date":"6 de enero de 2026","format":false,"excerpt":"La Navidad no solo se trata de decorar la casa o armar playlists eternas: tambi\u00e9n va de sentarse a la mesa, compartir platos con historia y descubrir sabores que se quedan en la memoria. En ese mood,\u00a0Sabores California mesa navide\u00f1a\u00a0se vuelve una idea que conecta tradici\u00f3n, creatividad y buen vino.\u2026","rel":"","context":"En \u00abBlog\u00bb","block_context":{"text":"Blog","link":"https:\/\/zeromagazine.mx\/index.php\/category\/blog\/"},"img":{"alt_text":"","src":"https:\/\/i0.wp.com\/zeromagazine.mx\/wp-content\/uploads\/2026\/01\/IMG_0810-1.jpeg?resize=350%2C200","width":350,"height":200,"srcset":"https:\/\/i0.wp.com\/zeromagazine.mx\/wp-content\/uploads\/2026\/01\/IMG_0810-1.jpeg?resize=350%2C200 1x, https:\/\/i0.wp.com\/zeromagazine.mx\/wp-content\/uploads\/2026\/01\/IMG_0810-1.jpeg?resize=525%2C300 1.5x, https:\/\/i0.wp.com\/zeromagazine.mx\/wp-content\/uploads\/2026\/01\/IMG_0810-1.jpeg?resize=700%2C400 2x"},"classes":[]}],"jetpack_sharing_enabled":true,"builder_content":"","_links":{"self":[{"href":"https:\/\/zeromagazine.mx\/index.php\/wp-json\/wp\/v2\/posts\/83304","targetHints":{"allow":["GET"]}}],"collection":[{"href":"https:\/\/zeromagazine.mx\/index.php\/wp-json\/wp\/v2\/posts"}],"about":[{"href":"https:\/\/zeromagazine.mx\/index.php\/wp-json\/wp\/v2\/types\/post"}],"author":[{"embeddable":true,"href":"https:\/\/zeromagazine.mx\/index.php\/wp-json\/wp\/v2\/users\/2"}],"replies":[{"embeddable":true,"href":"https:\/\/zeromagazine.mx\/index.php\/wp-json\/wp\/v2\/comments?post=83304"}],"version-history":[{"count":1,"href":"https:\/\/zeromagazine.mx\/index.php\/wp-json\/wp\/v2\/posts\/83304\/revisions"}],"predecessor-version":[{"id":83319,"href":"https:\/\/zeromagazine.mx\/index.php\/wp-json\/wp\/v2\/posts\/83304\/revisions\/83319"}],"wp:featuredmedia":[{"embeddable":true,"href":"https:\/\/zeromagazine.mx\/index.php\/wp-json\/wp\/v2\/media\/83318"}],"wp:attachment":[{"href":"https:\/\/zeromagazine.mx\/index.php\/wp-json\/wp\/v2\/media?parent=83304"}],"wp:term":[{"taxonomy":"category","embeddable":true,"href":"https:\/\/zeromagazine.mx\/index.php\/wp-json\/wp\/v2\/categories?post=83304"},{"taxonomy":"post_tag","embeddable":true,"href":"https:\/\/zeromagazine.mx\/index.php\/wp-json\/wp\/v2\/tags?post=83304"}],"curies":[{"name":"wp","href":"https:\/\/api.w.org\/{rel}","templated":true}]}}