{"id":83329,"date":"2024-09-06T19:26:10","date_gmt":"2024-09-06T17:26:10","guid":{"rendered":"https:\/\/zeromagazine.mx\/?p=83329"},"modified":"2024-09-06T19:26:11","modified_gmt":"2024-09-06T17:26:11","slug":"siete-veces-adios-regresa-ya","status":"publish","type":"post","link":"https:\/\/zeromagazine.mx\/index.php\/2024\/09\/06\/siete-veces-adios-regresa-ya\/","title":{"rendered":"\u00ab\u00a1Siete Veces Adi\u00f3s Regresa YA!\u00bb"},"content":{"rendered":"<!--themify_builder_content-->\n<div id=\"themify_builder_content-83329\" data-postid=\"83329\" class=\"themify_builder_content themify_builder_content-83329 themify_builder tf_clear\">\n    <\/div>\n<!--\/themify_builder_content-->\n\n\n<p>\u00a1Hola a tod@s! \u00bfEst\u00e1n listos para una noticia que les va a hacer saltar de emoci\u00f3n? \u00a1S\u00ed, lo adivinaron!&nbsp;<em>Siete veces Adi\u00f3s<\/em>, el musical mexicano que ha sido un mega hit, regresa en su nueva gira por M\u00e9xico. Y no es cualquier regreso, \u00a1sino con el creador del show, Alan Estrada, en el elenco!&nbsp;<\/p>\n\n\n\n<p><strong>\u00bfQu\u00e9 es&nbsp;<em>Siete veces Adi\u00f3s<\/em>?&nbsp;<\/strong><\/p>\n\n\n\n<p>Para los que a\u00fan no se han enterado,&nbsp;<em>Siete Veces Adi\u00f3s<\/em>&nbsp;es un musical que debut\u00f3 en marzo de 2022 y ha sido todo un fen\u00f3meno en la escena teatral. Imag\u00ednense esto: un show que ha tenido semanas de funciones sold out, ganando premios y el coraz\u00f3n de la gente.&nbsp;Es como una explosi\u00f3n de emociones en el escenario, y lo mejor es que ahora est\u00e1 de vuelta, \u00a1y mejor que nunca!<\/p>\n\n\n\n<p>La trama explora la esperanza en medio de lo desolador, buscando la bondad en la mentira y usando la nostalgia como motor para el cambio. Un musical que, al igual que el amor, nos recuerda que estamos vivos y que amar, aunque sea un salto al vac\u00edo, siempre vale la pena.\u00a0<\/p>\n\n\n\n<figure class=\"wp-block-image size-full is-resized\"><img data-recalc-dims=\"1\" decoding=\"async\" width=\"1165\" height=\"1456\" src=\"https:\/\/i0.wp.com\/zeromagazine.mx\/wp-content\/uploads\/2024\/09\/2-scaled.jpg?resize=1165%2C1456&#038;ssl=1\" alt=\"\" class=\"wp-image-83330\" style=\"width:1424px;height:auto\" srcset=\"https:\/\/i0.wp.com\/zeromagazine.mx\/wp-content\/uploads\/2024\/09\/2-scaled.jpg?w=2048&amp;ssl=1 2048w, https:\/\/i0.wp.com\/zeromagazine.mx\/wp-content\/uploads\/2024\/09\/2-scaled.jpg?resize=240%2C300&amp;ssl=1 240w, https:\/\/i0.wp.com\/zeromagazine.mx\/wp-content\/uploads\/2024\/09\/2-scaled.jpg?resize=819%2C1024&amp;ssl=1 819w, https:\/\/i0.wp.com\/zeromagazine.mx\/wp-content\/uploads\/2024\/09\/2-scaled.jpg?resize=768%2C960&amp;ssl=1 768w, https:\/\/i0.wp.com\/zeromagazine.mx\/wp-content\/uploads\/2024\/09\/2-scaled.jpg?resize=1229%2C1536&amp;ssl=1 1229w, https:\/\/i0.wp.com\/zeromagazine.mx\/wp-content\/uploads\/2024\/09\/2-scaled.jpg?resize=1638%2C2048&amp;ssl=1 1638w\" sizes=\"(max-width: 1165px) 100vw, 1165px\" \/><\/figure>\n\n\n\n<script async src=\"https:\/\/pagead2.googlesyndication.com\/pagead\/js\/adsbygoogle.js?client=ca-pub-5499304793904745\"\n     crossorigin=\"anonymous\"><\/script>\n<ins class=\"adsbygoogle\"\n     style=\"display:block; text-align:center;\"\n     data-ad-layout=\"in-article\"\n     data-ad-format=\"fluid\"\n     data-ad-client=\"ca-pub-5499304793904745\"\n     data-ad-slot=\"5994863093\"><\/ins>\n<script>\n     (adsbygoogle = window.adsbygoogle || []).push({});\n<\/script>\n\n\n\n<p><strong>\u00a1Gira 2024 en acci\u00f3n!&nbsp;<\/strong><\/p>\n\n\n\n<p>La nueva gira comienza en septiembre de 2024, y las fechas est\u00e1n \u00a1super cerca! Aqu\u00ed va el plan de acci\u00f3n:<\/p>\n\n\n\n<ul class=\"wp-block-list\">\n<li><strong>Monterrey:<\/strong>\u00a07, 8, 12 y 13 de septiembre<\/li>\n\n\n\n<li><strong>Puebla:<\/strong>\u00a019 y 20 de septiembre<\/li>\n\n\n\n<li><strong>Guadalajara:<\/strong>\u00a026 y 28 de septiembre<\/li>\n<\/ul>\n\n\n\n<p>\u00bfD\u00f3nde pueden conseguir boletos? Solo tienen que visitar&nbsp;<a href=\"http:\/\/www.sietevecesadios.com\/\">www.sietevecesadios.com<\/a>&nbsp;para checar horarios y asegurar su lugar en este mega evento.&nbsp;<\/p>\n\n\n\n<p><strong>El dream team del musical<\/strong><\/p>\n\n\n\n<p>Para esta gira, el elenco est\u00e1 compuesto por Alan Estrada (s\u00ed, el creador y director del show), Paulette Hern\u00e1ndez y C\u00e9sar Enr\u00edquez. Alan Estrada va a interpretar a \u00ab\u00c9L\u00bb, Paulette a \u00abELLA\u00bb y C\u00e9sar a \u00abLA MORE\u00bb. Es la primera vez que Alan sube al escenario junto con Paulette y C\u00e9sar, quienes tambi\u00e9n fueron parte del elenco original en el taller previo al estreno y en la temporada de Ciudad de M\u00e9xico. \u00a1Es como una reuni\u00f3n \u00e9pica de talentos!&nbsp;<\/p>\n\n\n\n<p><strong>El \u00e9xito de la obra<\/strong><\/p>\n\n\n\n<p>Desde su estreno,&nbsp;<em>Siete Veces Adi\u00f3s<\/em>&nbsp;ha sido un hit tras otro. Se han ganado premios como los Premios Metro por Experiencia Teatral y Mejor M\u00fasica Original. Pero lo m\u00e1s chido es el amor del p\u00fablico, que ha hecho que el show se mantenga en el coraz\u00f3n de todos.&nbsp;<\/p>\n\n\n\n<p>En el elenco han brillado grandes actores como Fernanda Castillo, Gustavo Egelhaaf, H\u00e9ctor Berzunza, y muchos m\u00e1s. Han pasado por el escenario figuras top del teatro mexicano, mostrando el calibre de esta producci\u00f3n.\u00a0<\/p>\n\n\n\n<figure class=\"wp-block-image size-full\"><img data-recalc-dims=\"1\" decoding=\"async\" width=\"1165\" height=\"1452\" src=\"https:\/\/i0.wp.com\/zeromagazine.mx\/wp-content\/uploads\/2024\/09\/7VA-MTY-Maca-y-Mike.jpg?resize=1165%2C1452&#038;ssl=1\" alt=\"\" class=\"wp-image-83331\" style=\"aspect-ratio:1;object-fit:cover\" srcset=\"https:\/\/i0.wp.com\/zeromagazine.mx\/wp-content\/uploads\/2024\/09\/7VA-MTY-Maca-y-Mike.jpg?w=1347&amp;ssl=1 1347w, https:\/\/i0.wp.com\/zeromagazine.mx\/wp-content\/uploads\/2024\/09\/7VA-MTY-Maca-y-Mike.jpg?resize=241%2C300&amp;ssl=1 241w, https:\/\/i0.wp.com\/zeromagazine.mx\/wp-content\/uploads\/2024\/09\/7VA-MTY-Maca-y-Mike.jpg?resize=822%2C1024&amp;ssl=1 822w, https:\/\/i0.wp.com\/zeromagazine.mx\/wp-content\/uploads\/2024\/09\/7VA-MTY-Maca-y-Mike.jpg?resize=768%2C957&amp;ssl=1 768w, https:\/\/i0.wp.com\/zeromagazine.mx\/wp-content\/uploads\/2024\/09\/7VA-MTY-Maca-y-Mike.jpg?resize=1232%2C1536&amp;ssl=1 1232w\" sizes=\"(max-width: 1165px) 100vw, 1165px\" \/><\/figure>\n\n\n\n<p><strong>\u00bfPor qu\u00e9 no te lo puedes perder?&nbsp;<\/strong><\/p>\n\n\n\n<p><em>7 veces adi\u00f3s<\/em>&nbsp;no es solo un musical; es una experiencia que toca el alma y hace que te sientas parte de algo m\u00e1s grande. Las emociones est\u00e1n a flor de piel y las actuaciones son de otro nivel. Es como estar en un viaje emocional donde cada canci\u00f3n, cada escena, te deja pensando en la vida, el amor y lo que significa realmente estar vivo.&nbsp;<\/p>\n\n\n\n<p>As\u00ed que, si buscas algo que te haga sentir, reflexionar y disfrutar al m\u00e1ximo, este es el musical que no te puedes perder. \u00a1Aprovecha y compra tus boletos antes de que se acaben, porque este show promete ser \u00e9pico!&nbsp;<\/p>\n\n\n\n<p><strong>\u00a1Nos vemos en el teatro!<\/strong><\/p>\n\n\n\n<p>No olviden seguir las actualizaciones en las redes sociales para m\u00e1s detalles y sorpresas. \u00a1Vamos a vivir juntos la magia de&nbsp;<em>Siete Veces Adi\u00f3s!<\/em><\/p>","protected":false},"excerpt":{"rendered":"<p>\u00a1Hola a tod@s! \u00bfEst\u00e1n listos para una noticia que les va a hacer saltar de emoci\u00f3n? \u00a1S\u00ed, lo adivinaron!&nbsp;Siete veces Adi\u00f3s, el musical mexicano que ha sido un mega hit, regresa en su nueva gira por M\u00e9xico. Y no es cualquier regreso, \u00a1sino con el creador del show, Alan Estrada, en el elenco!&nbsp; \u00bfQu\u00e9 es&nbsp;Siete [&hellip;]<\/p>\n","protected":false},"author":2,"featured_media":83331,"comment_status":"open","ping_status":"open","sticky":false,"template":"","format":"standard","meta":{"_jetpack_memberships_contains_paid_content":false,"footnotes":"","jetpack_publicize_message":"","jetpack_publicize_feature_enabled":true,"jetpack_social_post_already_shared":true,"jetpack_social_options":{"image_generator_settings":{"template":"highway","default_image_id":0,"font":"","enabled":false},"version":2}},"categories":[791],"tags":[10170,10169,10168],"class_list":["post-83329","post","type-post","status-publish","format-standard","has-post-thumbnail","hentry","category-cultura","tag-emocionenelescenario","tag-musicalmexicano","tag-sietevecesadios","has-post-title","has-post-date","has-post-category","has-post-tag","has-post-comment","has-post-author",""],"yoast_head":"<!-- This site is optimized with the Yoast SEO plugin v27.5 - https:\/\/yoast.com\/product\/yoast-seo-wordpress\/ -->\n<title>&quot;\u00a1Siete Veces Adi\u00f3s Regresa YA!&quot; - Zero Magazine<\/title>\n<meta name=\"robots\" content=\"index, follow, max-snippet:-1, max-image-preview:large, max-video-preview:-1\" \/>\n<link rel=\"canonical\" href=\"https:\/\/zeromagazine.mx\/index.php\/2024\/09\/06\/siete-veces-adios-regresa-ya\/\" \/>\n<meta property=\"og:locale\" content=\"es_ES\" \/>\n<meta property=\"og:type\" content=\"article\" \/>\n<meta property=\"og:title\" content=\"&quot;\u00a1Siete Veces Adi\u00f3s Regresa YA!&quot; - Zero Magazine\" \/>\n<meta property=\"og:description\" content=\"\u00a1Hola a tod@s! \u00bfEst\u00e1n listos para una noticia que les va a hacer saltar de emoci\u00f3n? \u00a1S\u00ed, lo adivinaron!&nbsp;Siete veces Adi\u00f3s, el musical mexicano que ha sido un mega hit, regresa en su nueva gira por M\u00e9xico. Y no es cualquier regreso, \u00a1sino con el creador del show, Alan Estrada, en el elenco!&nbsp; \u00bfQu\u00e9 es&nbsp;Siete [&hellip;]\" \/>\n<meta property=\"og:url\" content=\"https:\/\/zeromagazine.mx\/index.php\/2024\/09\/06\/siete-veces-adios-regresa-ya\/\" \/>\n<meta property=\"og:site_name\" content=\"Zero Magazine\" \/>\n<meta property=\"article:published_time\" content=\"2024-09-06T17:26:10+00:00\" \/>\n<meta property=\"article:modified_time\" content=\"2024-09-06T17:26:11+00:00\" \/>\n<meta property=\"og:image\" content=\"https:\/\/i0.wp.com\/zeromagazine.mx\/wp-content\/uploads\/2024\/09\/7VA-MTY-Maca-y-Mike.jpg?fit=1347%2C1679&ssl=1\" \/>\n\t<meta property=\"og:image:width\" content=\"1347\" \/>\n\t<meta property=\"og:image:height\" content=\"1679\" \/>\n\t<meta property=\"og:image:type\" content=\"image\/jpeg\" \/>\n<meta name=\"author\" content=\"zeromagazinemx\" \/>\n<meta name=\"twitter:card\" content=\"summary_large_image\" \/>\n<meta name=\"twitter:label1\" content=\"Escrito por\" \/>\n\t<meta name=\"twitter:data1\" content=\"zeromagazinemx\" \/>\n\t<meta name=\"twitter:label2\" content=\"Tiempo de lectura\" \/>\n\t<meta name=\"twitter:data2\" content=\"3 minutos\" \/>\n<script type=\"application\/ld+json\" class=\"yoast-schema-graph\">{\"@context\":\"https:\\\/\\\/schema.org\",\"@graph\":[{\"@type\":\"Article\",\"@id\":\"https:\\\/\\\/zeromagazine.mx\\\/index.php\\\/2024\\\/09\\\/06\\\/siete-veces-adios-regresa-ya\\\/#article\",\"isPartOf\":{\"@id\":\"https:\\\/\\\/zeromagazine.mx\\\/index.php\\\/2024\\\/09\\\/06\\\/siete-veces-adios-regresa-ya\\\/\"},\"author\":{\"name\":\"zeromagazinemx\",\"@id\":\"https:\\\/\\\/zeromagazine.mx\\\/#\\\/schema\\\/person\\\/9aed9f33a7c39af3a348b86d723f7773\"},\"headline\":\"\u00ab\u00a1Siete Veces Adi\u00f3s Regresa YA!\u00bb\",\"datePublished\":\"2024-09-06T17:26:10+00:00\",\"dateModified\":\"2024-09-06T17:26:11+00:00\",\"mainEntityOfPage\":{\"@id\":\"https:\\\/\\\/zeromagazine.mx\\\/index.php\\\/2024\\\/09\\\/06\\\/siete-veces-adios-regresa-ya\\\/\"},\"wordCount\":614,\"commentCount\":0,\"publisher\":{\"@id\":\"https:\\\/\\\/zeromagazine.mx\\\/#organization\"},\"image\":{\"@id\":\"https:\\\/\\\/zeromagazine.mx\\\/index.php\\\/2024\\\/09\\\/06\\\/siete-veces-adios-regresa-ya\\\/#primaryimage\"},\"thumbnailUrl\":\"https:\\\/\\\/i0.wp.com\\\/zeromagazine.mx\\\/wp-content\\\/uploads\\\/2024\\\/09\\\/7VA-MTY-Maca-y-Mike.jpg?fit=1347%2C1679&ssl=1\",\"keywords\":[\"Emoci\u00f3nEnElEscenario\",\"MusicalMexicano\",\"SieteVecesAdi\u00f3s\"],\"articleSection\":[\"Cultura\"],\"inLanguage\":\"es\",\"potentialAction\":[{\"@type\":\"CommentAction\",\"name\":\"Comment\",\"target\":[\"https:\\\/\\\/zeromagazine.mx\\\/index.php\\\/2024\\\/09\\\/06\\\/siete-veces-adios-regresa-ya\\\/#respond\"]}]},{\"@type\":\"WebPage\",\"@id\":\"https:\\\/\\\/zeromagazine.mx\\\/index.php\\\/2024\\\/09\\\/06\\\/siete-veces-adios-regresa-ya\\\/\",\"url\":\"https:\\\/\\\/zeromagazine.mx\\\/index.php\\\/2024\\\/09\\\/06\\\/siete-veces-adios-regresa-ya\\\/\",\"name\":\"\\\"\u00a1Siete Veces Adi\u00f3s Regresa YA!\\\" - Zero Magazine\",\"isPartOf\":{\"@id\":\"https:\\\/\\\/zeromagazine.mx\\\/#website\"},\"primaryImageOfPage\":{\"@id\":\"https:\\\/\\\/zeromagazine.mx\\\/index.php\\\/2024\\\/09\\\/06\\\/siete-veces-adios-regresa-ya\\\/#primaryimage\"},\"image\":{\"@id\":\"https:\\\/\\\/zeromagazine.mx\\\/index.php\\\/2024\\\/09\\\/06\\\/siete-veces-adios-regresa-ya\\\/#primaryimage\"},\"thumbnailUrl\":\"https:\\\/\\\/i0.wp.com\\\/zeromagazine.mx\\\/wp-content\\\/uploads\\\/2024\\\/09\\\/7VA-MTY-Maca-y-Mike.jpg?fit=1347%2C1679&ssl=1\",\"datePublished\":\"2024-09-06T17:26:10+00:00\",\"dateModified\":\"2024-09-06T17:26:11+00:00\",\"breadcrumb\":{\"@id\":\"https:\\\/\\\/zeromagazine.mx\\\/index.php\\\/2024\\\/09\\\/06\\\/siete-veces-adios-regresa-ya\\\/#breadcrumb\"},\"inLanguage\":\"es\",\"potentialAction\":[{\"@type\":\"ReadAction\",\"target\":[\"https:\\\/\\\/zeromagazine.mx\\\/index.php\\\/2024\\\/09\\\/06\\\/siete-veces-adios-regresa-ya\\\/\"]}]},{\"@type\":\"ImageObject\",\"inLanguage\":\"es\",\"@id\":\"https:\\\/\\\/zeromagazine.mx\\\/index.php\\\/2024\\\/09\\\/06\\\/siete-veces-adios-regresa-ya\\\/#primaryimage\",\"url\":\"https:\\\/\\\/i0.wp.com\\\/zeromagazine.mx\\\/wp-content\\\/uploads\\\/2024\\\/09\\\/7VA-MTY-Maca-y-Mike.jpg?fit=1347%2C1679&ssl=1\",\"contentUrl\":\"https:\\\/\\\/i0.wp.com\\\/zeromagazine.mx\\\/wp-content\\\/uploads\\\/2024\\\/09\\\/7VA-MTY-Maca-y-Mike.jpg?fit=1347%2C1679&ssl=1\",\"width\":1347,\"height\":1679},{\"@type\":\"BreadcrumbList\",\"@id\":\"https:\\\/\\\/zeromagazine.mx\\\/index.php\\\/2024\\\/09\\\/06\\\/siete-veces-adios-regresa-ya\\\/#breadcrumb\",\"itemListElement\":[{\"@type\":\"ListItem\",\"position\":1,\"name\":\"Portada\",\"item\":\"https:\\\/\\\/zeromagazine.mx\\\/\"},{\"@type\":\"ListItem\",\"position\":2,\"name\":\"\u00ab\u00a1Siete Veces Adi\u00f3s Regresa YA!\u00bb\"}]},{\"@type\":\"WebSite\",\"@id\":\"https:\\\/\\\/zeromagazine.mx\\\/#website\",\"url\":\"https:\\\/\\\/zeromagazine.mx\\\/\",\"name\":\"Zero Magazine\",\"description\":\"\",\"publisher\":{\"@id\":\"https:\\\/\\\/zeromagazine.mx\\\/#organization\"},\"potentialAction\":[{\"@type\":\"SearchAction\",\"target\":{\"@type\":\"EntryPoint\",\"urlTemplate\":\"https:\\\/\\\/zeromagazine.mx\\\/?s={search_term_string}\"},\"query-input\":{\"@type\":\"PropertyValueSpecification\",\"valueRequired\":true,\"valueName\":\"search_term_string\"}}],\"inLanguage\":\"es\"},{\"@type\":\"Organization\",\"@id\":\"https:\\\/\\\/zeromagazine.mx\\\/#organization\",\"name\":\"Zero Magazine\",\"url\":\"https:\\\/\\\/zeromagazine.mx\\\/\",\"logo\":{\"@type\":\"ImageObject\",\"inLanguage\":\"es\",\"@id\":\"https:\\\/\\\/zeromagazine.mx\\\/#\\\/schema\\\/logo\\\/image\\\/\",\"url\":\"https:\\\/\\\/i0.wp.com\\\/zeromagazine.mx\\\/wp-content\\\/uploads\\\/2025\\\/11\\\/1.jpeg?fit=1000%2C1000&ssl=1\",\"contentUrl\":\"https:\\\/\\\/i0.wp.com\\\/zeromagazine.mx\\\/wp-content\\\/uploads\\\/2025\\\/11\\\/1.jpeg?fit=1000%2C1000&ssl=1\",\"width\":1000,\"height\":1000,\"caption\":\"Zero Magazine\"},\"image\":{\"@id\":\"https:\\\/\\\/zeromagazine.mx\\\/#\\\/schema\\\/logo\\\/image\\\/\"},\"sameAs\":[\"https:\\\/\\\/instagram.com\\\/zeromagazinemx\"]},{\"@type\":\"Person\",\"@id\":\"https:\\\/\\\/zeromagazine.mx\\\/#\\\/schema\\\/person\\\/9aed9f33a7c39af3a348b86d723f7773\",\"name\":\"zeromagazinemx\",\"image\":{\"@type\":\"ImageObject\",\"inLanguage\":\"es\",\"@id\":\"https:\\\/\\\/zeromagazine.mx\\\/wp-content\\\/litespeed\\\/avatar\\\/f91dfe5410d5dcb1a576bf8c45983896.jpg?ver=1776966396\",\"url\":\"https:\\\/\\\/zeromagazine.mx\\\/wp-content\\\/litespeed\\\/avatar\\\/f91dfe5410d5dcb1a576bf8c45983896.jpg?ver=1776966396\",\"contentUrl\":\"https:\\\/\\\/zeromagazine.mx\\\/wp-content\\\/litespeed\\\/avatar\\\/f91dfe5410d5dcb1a576bf8c45983896.jpg?ver=1776966396\",\"caption\":\"zeromagazinemx\"},\"url\":\"https:\\\/\\\/zeromagazine.mx\\\/index.php\\\/author\\\/zeromagazinemx\\\/\"}]}<\/script>\n<!-- \/ Yoast SEO plugin. -->","yoast_head_json":{"title":"\"\u00a1Siete Veces Adi\u00f3s Regresa YA!\" - Zero Magazine","robots":{"index":"index","follow":"follow","max-snippet":"max-snippet:-1","max-image-preview":"max-image-preview:large","max-video-preview":"max-video-preview:-1"},"canonical":"https:\/\/zeromagazine.mx\/index.php\/2024\/09\/06\/siete-veces-adios-regresa-ya\/","og_locale":"es_ES","og_type":"article","og_title":"\"\u00a1Siete Veces Adi\u00f3s Regresa YA!\" - Zero Magazine","og_description":"\u00a1Hola a tod@s! \u00bfEst\u00e1n listos para una noticia que les va a hacer saltar de emoci\u00f3n? \u00a1S\u00ed, lo adivinaron!&nbsp;Siete veces Adi\u00f3s, el musical mexicano que ha sido un mega hit, regresa en su nueva gira por M\u00e9xico. Y no es cualquier regreso, \u00a1sino con el creador del show, Alan Estrada, en el elenco!&nbsp; \u00bfQu\u00e9 es&nbsp;Siete [&hellip;]","og_url":"https:\/\/zeromagazine.mx\/index.php\/2024\/09\/06\/siete-veces-adios-regresa-ya\/","og_site_name":"Zero Magazine","article_published_time":"2024-09-06T17:26:10+00:00","article_modified_time":"2024-09-06T17:26:11+00:00","og_image":[{"width":1347,"height":1679,"url":"https:\/\/i0.wp.com\/zeromagazine.mx\/wp-content\/uploads\/2024\/09\/7VA-MTY-Maca-y-Mike.jpg?fit=1347%2C1679&ssl=1","type":"image\/jpeg"}],"author":"zeromagazinemx","twitter_card":"summary_large_image","twitter_misc":{"Escrito por":"zeromagazinemx","Tiempo de lectura":"3 minutos"},"schema":{"@context":"https:\/\/schema.org","@graph":[{"@type":"Article","@id":"https:\/\/zeromagazine.mx\/index.php\/2024\/09\/06\/siete-veces-adios-regresa-ya\/#article","isPartOf":{"@id":"https:\/\/zeromagazine.mx\/index.php\/2024\/09\/06\/siete-veces-adios-regresa-ya\/"},"author":{"name":"zeromagazinemx","@id":"https:\/\/zeromagazine.mx\/#\/schema\/person\/9aed9f33a7c39af3a348b86d723f7773"},"headline":"\u00ab\u00a1Siete Veces Adi\u00f3s Regresa YA!\u00bb","datePublished":"2024-09-06T17:26:10+00:00","dateModified":"2024-09-06T17:26:11+00:00","mainEntityOfPage":{"@id":"https:\/\/zeromagazine.mx\/index.php\/2024\/09\/06\/siete-veces-adios-regresa-ya\/"},"wordCount":614,"commentCount":0,"publisher":{"@id":"https:\/\/zeromagazine.mx\/#organization"},"image":{"@id":"https:\/\/zeromagazine.mx\/index.php\/2024\/09\/06\/siete-veces-adios-regresa-ya\/#primaryimage"},"thumbnailUrl":"https:\/\/i0.wp.com\/zeromagazine.mx\/wp-content\/uploads\/2024\/09\/7VA-MTY-Maca-y-Mike.jpg?fit=1347%2C1679&ssl=1","keywords":["Emoci\u00f3nEnElEscenario","MusicalMexicano","SieteVecesAdi\u00f3s"],"articleSection":["Cultura"],"inLanguage":"es","potentialAction":[{"@type":"CommentAction","name":"Comment","target":["https:\/\/zeromagazine.mx\/index.php\/2024\/09\/06\/siete-veces-adios-regresa-ya\/#respond"]}]},{"@type":"WebPage","@id":"https:\/\/zeromagazine.mx\/index.php\/2024\/09\/06\/siete-veces-adios-regresa-ya\/","url":"https:\/\/zeromagazine.mx\/index.php\/2024\/09\/06\/siete-veces-adios-regresa-ya\/","name":"\"\u00a1Siete Veces Adi\u00f3s Regresa YA!\" - Zero Magazine","isPartOf":{"@id":"https:\/\/zeromagazine.mx\/#website"},"primaryImageOfPage":{"@id":"https:\/\/zeromagazine.mx\/index.php\/2024\/09\/06\/siete-veces-adios-regresa-ya\/#primaryimage"},"image":{"@id":"https:\/\/zeromagazine.mx\/index.php\/2024\/09\/06\/siete-veces-adios-regresa-ya\/#primaryimage"},"thumbnailUrl":"https:\/\/i0.wp.com\/zeromagazine.mx\/wp-content\/uploads\/2024\/09\/7VA-MTY-Maca-y-Mike.jpg?fit=1347%2C1679&ssl=1","datePublished":"2024-09-06T17:26:10+00:00","dateModified":"2024-09-06T17:26:11+00:00","breadcrumb":{"@id":"https:\/\/zeromagazine.mx\/index.php\/2024\/09\/06\/siete-veces-adios-regresa-ya\/#breadcrumb"},"inLanguage":"es","potentialAction":[{"@type":"ReadAction","target":["https:\/\/zeromagazine.mx\/index.php\/2024\/09\/06\/siete-veces-adios-regresa-ya\/"]}]},{"@type":"ImageObject","inLanguage":"es","@id":"https:\/\/zeromagazine.mx\/index.php\/2024\/09\/06\/siete-veces-adios-regresa-ya\/#primaryimage","url":"https:\/\/i0.wp.com\/zeromagazine.mx\/wp-content\/uploads\/2024\/09\/7VA-MTY-Maca-y-Mike.jpg?fit=1347%2C1679&ssl=1","contentUrl":"https:\/\/i0.wp.com\/zeromagazine.mx\/wp-content\/uploads\/2024\/09\/7VA-MTY-Maca-y-Mike.jpg?fit=1347%2C1679&ssl=1","width":1347,"height":1679},{"@type":"BreadcrumbList","@id":"https:\/\/zeromagazine.mx\/index.php\/2024\/09\/06\/siete-veces-adios-regresa-ya\/#breadcrumb","itemListElement":[{"@type":"ListItem","position":1,"name":"Portada","item":"https:\/\/zeromagazine.mx\/"},{"@type":"ListItem","position":2,"name":"\u00ab\u00a1Siete Veces Adi\u00f3s Regresa YA!\u00bb"}]},{"@type":"WebSite","@id":"https:\/\/zeromagazine.mx\/#website","url":"https:\/\/zeromagazine.mx\/","name":"Zero Magazine","description":"","publisher":{"@id":"https:\/\/zeromagazine.mx\/#organization"},"potentialAction":[{"@type":"SearchAction","target":{"@type":"EntryPoint","urlTemplate":"https:\/\/zeromagazine.mx\/?s={search_term_string}"},"query-input":{"@type":"PropertyValueSpecification","valueRequired":true,"valueName":"search_term_string"}}],"inLanguage":"es"},{"@type":"Organization","@id":"https:\/\/zeromagazine.mx\/#organization","name":"Zero Magazine","url":"https:\/\/zeromagazine.mx\/","logo":{"@type":"ImageObject","inLanguage":"es","@id":"https:\/\/zeromagazine.mx\/#\/schema\/logo\/image\/","url":"https:\/\/i0.wp.com\/zeromagazine.mx\/wp-content\/uploads\/2025\/11\/1.jpeg?fit=1000%2C1000&ssl=1","contentUrl":"https:\/\/i0.wp.com\/zeromagazine.mx\/wp-content\/uploads\/2025\/11\/1.jpeg?fit=1000%2C1000&ssl=1","width":1000,"height":1000,"caption":"Zero Magazine"},"image":{"@id":"https:\/\/zeromagazine.mx\/#\/schema\/logo\/image\/"},"sameAs":["https:\/\/instagram.com\/zeromagazinemx"]},{"@type":"Person","@id":"https:\/\/zeromagazine.mx\/#\/schema\/person\/9aed9f33a7c39af3a348b86d723f7773","name":"zeromagazinemx","image":{"@type":"ImageObject","inLanguage":"es","@id":"https:\/\/zeromagazine.mx\/wp-content\/litespeed\/avatar\/f91dfe5410d5dcb1a576bf8c45983896.jpg?ver=1776966396","url":"https:\/\/zeromagazine.mx\/wp-content\/litespeed\/avatar\/f91dfe5410d5dcb1a576bf8c45983896.jpg?ver=1776966396","contentUrl":"https:\/\/zeromagazine.mx\/wp-content\/litespeed\/avatar\/f91dfe5410d5dcb1a576bf8c45983896.jpg?ver=1776966396","caption":"zeromagazinemx"},"url":"https:\/\/zeromagazine.mx\/index.php\/author\/zeromagazinemx\/"}]}},"jetpack_publicize_connections":[],"jetpack_featured_media_url":"https:\/\/i0.wp.com\/zeromagazine.mx\/wp-content\/uploads\/2024\/09\/7VA-MTY-Maca-y-Mike.jpg?fit=1347%2C1679&ssl=1","jetpack-related-posts":[{"id":70181,"url":"https:\/\/zeromagazine.mx\/index.php\/2024\/01\/04\/melodias-del-alma-siete-veces-adios-regresa\/","url_meta":{"origin":83329,"position":0},"title":"Melod\u00edas del Alma: Siete Veces Adi\u00f3s- \u00a1REGRESA!","author":"David Morales","date":"4 de enero de 2024","format":false,"excerpt":"\u00bfListos para sumergirse en una experiencia musical que revoluciona el concepto del amor en el siglo XXI? Prep\u00e1rense porque Siete Veces Adi\u00f3s regresa a la Ciudad de M\u00e9xico con una propuesta que nos hace reflexionar sobre las complejidades del coraz\u00f3n y las relaciones en nuestra era digital. Esta vez, el\u2026","rel":"","context":"En \u00abEntretenimiento\u00bb","block_context":{"text":"Entretenimiento","link":"https:\/\/zeromagazine.mx\/index.php\/category\/entretenimiento\/"},"img":{"alt_text":"","src":"https:\/\/i0.wp.com\/zeromagazine.mx\/wp-content\/uploads\/2024\/01\/sietevecesadios7.webp?fit=525%2C700&ssl=1&resize=350%2C200","width":350,"height":200,"srcset":"https:\/\/i0.wp.com\/zeromagazine.mx\/wp-content\/uploads\/2024\/01\/sietevecesadios7.webp?fit=525%2C700&ssl=1&resize=350%2C200 1x, https:\/\/i0.wp.com\/zeromagazine.mx\/wp-content\/uploads\/2024\/01\/sietevecesadios7.webp?fit=525%2C700&ssl=1&resize=525%2C300 1.5x"},"classes":[]},{"id":86732,"url":"https:\/\/zeromagazine.mx\/index.php\/2024\/10\/15\/regina-pavon-en-siete-veces-adios\/","url_meta":{"origin":83329,"position":1},"title":"Regina Pav\u00f3n en Siete Veces Adi\u00f3s","author":"zeromagazinemx","date":"15 de octubre de 2024","format":false,"excerpt":"\u00a1Oigan, amigxs! Si son de los que aman el teatro, la m\u00fasica y esas historias que te hacen sentir todo el drama del amor y el desamor, entonces tienes que conocer Siete Veces Adi\u00f3s. Este musical, que lleva m\u00e1s de dos a\u00f1os en cartelera, ha sido un verdadero hit en\u2026","rel":"","context":"En \u00abCultura\u00bb","block_context":{"text":"Cultura","link":"https:\/\/zeromagazine.mx\/index.php\/category\/cultura\/"},"img":{"alt_text":"","src":"https:\/\/i0.wp.com\/zeromagazine.mx\/wp-content\/uploads\/2024\/10\/unnamed-36.jpg?fit=963%2C1200&ssl=1&resize=350%2C200","width":350,"height":200,"srcset":"https:\/\/i0.wp.com\/zeromagazine.mx\/wp-content\/uploads\/2024\/10\/unnamed-36.jpg?fit=963%2C1200&ssl=1&resize=350%2C200 1x, https:\/\/i0.wp.com\/zeromagazine.mx\/wp-content\/uploads\/2024\/10\/unnamed-36.jpg?fit=963%2C1200&ssl=1&resize=525%2C300 1.5x, https:\/\/i0.wp.com\/zeromagazine.mx\/wp-content\/uploads\/2024\/10\/unnamed-36.jpg?fit=963%2C1200&ssl=1&resize=700%2C400 2x"},"classes":[]},{"id":115528,"url":"https:\/\/zeromagazine.mx\/index.php\/2026\/02\/17\/siete-veces-adios-protagonistas\/","url_meta":{"origin":83329,"position":2},"title":"Esmeralda Pimentel y Osvaldo Benavides, los nuevos protagonistas de Siete Veces Adi\u00f3s.","author":"David Morales","date":"17 de febrero de 2026","format":false,"excerpt":"El fen\u00f3meno teatral que convirti\u00f3 las rupturas amorosas en catarsis colectiva est\u00e1 de regreso con nueva energ\u00eda sobre el escenario.\u00a0Siete Veces Adi\u00f3s protagonistas\u00a0se renueva con la llegada de dos figuras querid\u00edsimas del cine y la TV mexicana:\u00a0Esmeralda Pimentel\u00a0y\u00a0Osvaldo Benavides, quienes toman el mando de esta historia que ha hecho llorar\u2026","rel":"","context":"En \u00abTeatro\u00bb","block_context":{"text":"Teatro","link":"https:\/\/zeromagazine.mx\/index.php\/category\/cultura\/teatro\/"},"img":{"alt_text":"","src":"https:\/\/i0.wp.com\/zeromagazine.mx\/wp-content\/uploads\/2026\/02\/IMG_1500-2.jpeg?fit=1200%2C866&ssl=1&resize=350%2C200","width":350,"height":200,"srcset":"https:\/\/i0.wp.com\/zeromagazine.mx\/wp-content\/uploads\/2026\/02\/IMG_1500-2.jpeg?fit=1200%2C866&ssl=1&resize=350%2C200 1x, https:\/\/i0.wp.com\/zeromagazine.mx\/wp-content\/uploads\/2026\/02\/IMG_1500-2.jpeg?fit=1200%2C866&ssl=1&resize=525%2C300 1.5x, https:\/\/i0.wp.com\/zeromagazine.mx\/wp-content\/uploads\/2026\/02\/IMG_1500-2.jpeg?fit=1200%2C866&ssl=1&resize=700%2C400 2x, https:\/\/i0.wp.com\/zeromagazine.mx\/wp-content\/uploads\/2026\/02\/IMG_1500-2.jpeg?fit=1200%2C866&ssl=1&resize=1050%2C600 3x"},"classes":[]},{"id":80141,"url":"https:\/\/zeromagazine.mx\/index.php\/2024\/07\/10\/el-musical-que-no-te-puedes-perder\/","url_meta":{"origin":83329,"position":3},"title":"El Musical que No Te Puedes Perder","author":"zeromagazinemx","date":"10 de julio de 2024","format":false,"excerpt":"\u00bfAlgunxs de ustedes han escuchado de \u201cSiete Veces Adi\u00f3s\u201d? Pues, d\u00e9jenme decirles que este musical se ha vuelto un fen\u00f3meno en la escena teatral de M\u00e9xico. La obra, que lleva dos a\u00f1os en cartelera, est\u00e1 lista para una nueva gira por el pa\u00eds, y adivinen qu\u00e9, ahora con su creador,\u2026","rel":"","context":"En \u00abEntretenimiento\u00bb","block_context":{"text":"Entretenimiento","link":"https:\/\/zeromagazine.mx\/index.php\/category\/entretenimiento\/"},"img":{"alt_text":"","src":"https:\/\/i0.wp.com\/zeromagazine.mx\/wp-content\/uploads\/2024\/07\/unnamed-25.jpg?fit=960%2C1200&ssl=1&resize=350%2C200","width":350,"height":200,"srcset":"https:\/\/i0.wp.com\/zeromagazine.mx\/wp-content\/uploads\/2024\/07\/unnamed-25.jpg?fit=960%2C1200&ssl=1&resize=350%2C200 1x, https:\/\/i0.wp.com\/zeromagazine.mx\/wp-content\/uploads\/2024\/07\/unnamed-25.jpg?fit=960%2C1200&ssl=1&resize=525%2C300 1.5x, https:\/\/i0.wp.com\/zeromagazine.mx\/wp-content\/uploads\/2024\/07\/unnamed-25.jpg?fit=960%2C1200&ssl=1&resize=700%2C400 2x"},"classes":[]},{"id":70290,"url":"https:\/\/zeromagazine.mx\/index.php\/2024\/01\/09\/siete-veces-adios-un-huracan-de-emociones-en-escena\/","url_meta":{"origin":83329,"position":4},"title":"Siete Veces Adi\u00f3s: Un Hurac\u00e1n de Emociones en Escena","author":"David Morales","date":"9 de enero de 2024","format":false,"excerpt":"Si eres fan del teatro, la emoci\u00f3n y las historias de amor y desamor que nos hacen sentir un mont\u00f3n de cosas, te tengo una s\u00faper noticia. A partir del viernes 5 de enero, se estrena en el Nuevo Teatro Ramiro Jim\u00e9nez una obra que va a sacudirnos el coraz\u00f3n\u2026","rel":"","context":"En \u00abEntretenimiento\u00bb","block_context":{"text":"Entretenimiento","link":"https:\/\/zeromagazine.mx\/index.php\/category\/entretenimiento\/"},"img":{"alt_text":"","src":"https:\/\/i0.wp.com\/zeromagazine.mx\/wp-content\/uploads\/2024\/01\/unnamed-42.jpg?fit=960%2C1200&ssl=1&resize=350%2C200","width":350,"height":200,"srcset":"https:\/\/i0.wp.com\/zeromagazine.mx\/wp-content\/uploads\/2024\/01\/unnamed-42.jpg?fit=960%2C1200&ssl=1&resize=350%2C200 1x, https:\/\/i0.wp.com\/zeromagazine.mx\/wp-content\/uploads\/2024\/01\/unnamed-42.jpg?fit=960%2C1200&ssl=1&resize=525%2C300 1.5x, https:\/\/i0.wp.com\/zeromagazine.mx\/wp-content\/uploads\/2024\/01\/unnamed-42.jpg?fit=960%2C1200&ssl=1&resize=700%2C400 2x"},"classes":[]},{"id":76224,"url":"https:\/\/zeromagazine.mx\/index.php\/2024\/05\/20\/macarena-garcia-y-michael-ronda-en-siete-veces-adios\/","url_meta":{"origin":83329,"position":5},"title":"Macarena Garc\u00eda y Michael Ronda en Siete Veces Adi\u00f3s","author":"zeromagazinemx","date":"20 de mayo de 2024","format":false,"excerpt":"Quiero compartir con ustedes un evento realmente especial que tuvo lugar el pasado viernes en el Teatro Ramiro Jimenez. \u00bfEst\u00e1n listos para conocer m\u00e1s sobre el debut de Macarena Garc\u00eda y Michael Ronda en la obra \"Siete Veces Adi\u00f3s\"? Para empezar, es importante destacar la presencia de padrinos tan destacados\u2026","rel":"","context":"En \u00abEntretenimiento\u00bb","block_context":{"text":"Entretenimiento","link":"https:\/\/zeromagazine.mx\/index.php\/category\/entretenimiento\/"},"img":{"alt_text":"","src":"https:\/\/i0.wp.com\/zeromagazine.mx\/wp-content\/uploads\/2024\/05\/WhatsApp-Image-2024-05-20-at-11.31.23-1.jpeg?fit=1200%2C900&ssl=1&resize=350%2C200","width":350,"height":200,"srcset":"https:\/\/i0.wp.com\/zeromagazine.mx\/wp-content\/uploads\/2024\/05\/WhatsApp-Image-2024-05-20-at-11.31.23-1.jpeg?fit=1200%2C900&ssl=1&resize=350%2C200 1x, https:\/\/i0.wp.com\/zeromagazine.mx\/wp-content\/uploads\/2024\/05\/WhatsApp-Image-2024-05-20-at-11.31.23-1.jpeg?fit=1200%2C900&ssl=1&resize=525%2C300 1.5x, https:\/\/i0.wp.com\/zeromagazine.mx\/wp-content\/uploads\/2024\/05\/WhatsApp-Image-2024-05-20-at-11.31.23-1.jpeg?fit=1200%2C900&ssl=1&resize=700%2C400 2x, https:\/\/i0.wp.com\/zeromagazine.mx\/wp-content\/uploads\/2024\/05\/WhatsApp-Image-2024-05-20-at-11.31.23-1.jpeg?fit=1200%2C900&ssl=1&resize=1050%2C600 3x"},"classes":[]}],"jetpack_sharing_enabled":true,"builder_content":"","_links":{"self":[{"href":"https:\/\/zeromagazine.mx\/index.php\/wp-json\/wp\/v2\/posts\/83329","targetHints":{"allow":["GET"]}}],"collection":[{"href":"https:\/\/zeromagazine.mx\/index.php\/wp-json\/wp\/v2\/posts"}],"about":[{"href":"https:\/\/zeromagazine.mx\/index.php\/wp-json\/wp\/v2\/types\/post"}],"author":[{"embeddable":true,"href":"https:\/\/zeromagazine.mx\/index.php\/wp-json\/wp\/v2\/users\/2"}],"replies":[{"embeddable":true,"href":"https:\/\/zeromagazine.mx\/index.php\/wp-json\/wp\/v2\/comments?post=83329"}],"version-history":[{"count":1,"href":"https:\/\/zeromagazine.mx\/index.php\/wp-json\/wp\/v2\/posts\/83329\/revisions"}],"predecessor-version":[{"id":83332,"href":"https:\/\/zeromagazine.mx\/index.php\/wp-json\/wp\/v2\/posts\/83329\/revisions\/83332"}],"wp:featuredmedia":[{"embeddable":true,"href":"https:\/\/zeromagazine.mx\/index.php\/wp-json\/wp\/v2\/media\/83331"}],"wp:attachment":[{"href":"https:\/\/zeromagazine.mx\/index.php\/wp-json\/wp\/v2\/media?parent=83329"}],"wp:term":[{"taxonomy":"category","embeddable":true,"href":"https:\/\/zeromagazine.mx\/index.php\/wp-json\/wp\/v2\/categories?post=83329"},{"taxonomy":"post_tag","embeddable":true,"href":"https:\/\/zeromagazine.mx\/index.php\/wp-json\/wp\/v2\/tags?post=83329"}],"curies":[{"name":"wp","href":"https:\/\/api.w.org\/{rel}","templated":true}]}}