{"id":83358,"date":"2024-09-06T22:23:51","date_gmt":"2024-09-06T20:23:51","guid":{"rendered":"https:\/\/zeromagazine.mx\/?p=83358"},"modified":"2024-09-06T22:23:53","modified_gmt":"2024-09-06T20:23:53","slug":"fiestas-patrias-con-sabor-japones","status":"publish","type":"post","link":"https:\/\/zeromagazine.mx\/index.php\/2024\/09\/06\/fiestas-patrias-con-sabor-japones\/","title":{"rendered":"Fiestas Patrias con Sabor Jap\u00f3nes"},"content":{"rendered":"<!--themify_builder_content-->\n<div id=\"themify_builder_content-83358\" data-postid=\"83358\" class=\"themify_builder_content themify_builder_content-83358 themify_builder tf_clear\">\n    <\/div>\n<!--\/themify_builder_content-->\n\n\n<p>Hola, \u00a1a tod@s! \u00bfC\u00f3mo est\u00e1n? Hoy les traigo un plan que no se pueden perder si est\u00e1n en la Ciudad de M\u00e9xico este mes. Teppan Grill, en el Hyatt Regency Mexico City, est\u00e1 celebrando las Fiestas Patrias con un men\u00fa s\u00faper especial que mezcla lo mejor de la cocina mexicana con la maestr\u00eda del teppanyaki japon\u00e9s. \u00bfListos para un viaje culinario \u00e9pico?<\/p>\n\n\n\n<p><strong>\u00bfQu\u00e9 es Teppan Grill?&nbsp;<\/strong><\/p>\n\n\n\n<p>Si no lo conocen, Teppan Grill es ese lugar donde la magia culinaria sucede frente a tus ojos. Es un restaurante especializado en teppanyaki, una t\u00e9cnica japonesa que usa una plancha de hierro caliente para cocinar los ingredientes de manera espectacular. Y este septiembre, han preparado algo incre\u00edble para conmemorar las Fiestas Patrias: un men\u00fa que rinde homenaje a los sabores de M\u00e9xico a trav\u00e9s de la culinaria japonesa. \u00a1Un verdadero dream team de sabores!&nbsp;<\/p>\n\n\n\n<p><strong>El Men\u00fa: Cinco tiempos de pura magia&nbsp;<\/strong><\/p>\n\n\n\n<p>Este men\u00fa est\u00e1 dise\u00f1ado para llevarte a un viaje de sabores y texturas que combina lo mejor de ambos mundos. \u00a1Prep\u00e1rate para una experiencia sensorial que te har\u00e1 decir \u00abOMG\u00bb en cada bocado!&nbsp;<\/p>\n\n\n\n<p><strong>1. Taco Sushi: La mezcla perfecta<\/strong><\/p>\n\n\n\n<p>La primera parada de este men\u00fa es un Taco Sushi. S\u00ed, lo le\u00edste bien. \u00a1Es un taco pero con vibes japonesas! Imagina una crocante media luna de alga nori rellena con pescado, mayonesa spicy y una guarnici\u00f3n de aguacate, mango, hojas arom\u00e1ticas de oba, semillas de ajonjol\u00ed y salsa de soya dulce. Es como un taco que se fue a estudiar a Jap\u00f3n y regres\u00f3 con un t\u00edtulo en exquisitez. \u00a1Te va a volar la cabeza!\u00a0<\/p>\n\n\n\n<figure class=\"wp-block-image size-full is-resized\"><img data-recalc-dims=\"1\" decoding=\"async\" width=\"1165\" height=\"769\" src=\"https:\/\/i0.wp.com\/zeromagazine.mx\/wp-content\/uploads\/2024\/09\/Captura-de-pantalla-2024-09-06-a-las-14.06.24-1.png?resize=1165%2C769&#038;ssl=1\" alt=\"\" class=\"wp-image-83360\" style=\"width:1424px;height:auto\" srcset=\"https:\/\/i0.wp.com\/zeromagazine.mx\/wp-content\/uploads\/2024\/09\/Captura-de-pantalla-2024-09-06-a-las-14.06.24-1.png?w=1270&amp;ssl=1 1270w, https:\/\/i0.wp.com\/zeromagazine.mx\/wp-content\/uploads\/2024\/09\/Captura-de-pantalla-2024-09-06-a-las-14.06.24-1.png?resize=300%2C198&amp;ssl=1 300w, https:\/\/i0.wp.com\/zeromagazine.mx\/wp-content\/uploads\/2024\/09\/Captura-de-pantalla-2024-09-06-a-las-14.06.24-1.png?resize=1024%2C676&amp;ssl=1 1024w, https:\/\/i0.wp.com\/zeromagazine.mx\/wp-content\/uploads\/2024\/09\/Captura-de-pantalla-2024-09-06-a-las-14.06.24-1.png?resize=768%2C507&amp;ssl=1 768w\" sizes=\"(max-width: 1165px) 100vw, 1165px\" \/><\/figure>\n\n\n\n<script async src=\"https:\/\/pagead2.googlesyndication.com\/pagead\/js\/adsbygoogle.js?client=ca-pub-5499304793904745\"\n     crossorigin=\"anonymous\"><\/script>\n<ins class=\"adsbygoogle\"\n     style=\"display:block; text-align:center;\"\n     data-ad-layout=\"in-article\"\n     data-ad-format=\"fluid\"\n     data-ad-client=\"ca-pub-5499304793904745\"\n     data-ad-slot=\"5994863093\"><\/ins>\n<script>\n     (adsbygoogle = window.adsbygoogle || []).push({});\n<\/script>\n\n\n\n\n<p><strong>2. Sopa Tori: Comfort en un taz\u00f3n<\/strong><\/p>\n\n\n\n<p>Luego, prep\u00e1rate para la Sopa Tori. Este caldo de soya con fideo delgado y pollo, acompa\u00f1ado de ceboll\u00edn, poro frito y elote tatemado, es perfecto para esos d\u00edas de oto\u00f1o que est\u00e1n a la vuelta de la esquina. Es como un abrazo c\u00e1lido para tu est\u00f3mago, \u00a1ideal para los d\u00edas frescos que se vienen!&nbsp;<\/p>\n\n\n\n<p><strong>3. Tacos de lengua al estilo Teppan: Una revoluci\u00f3n en el taco<\/strong><\/p>\n\n\n\n<p>El tercer tiempo es un homenaje a los tacos de lengua, pero con un toque teppan. La carne se cocina de manera prolongada para que quede s\u00faper suave, pero con una textura firme que se deshace en tu boca. Se sirve con nopales, cebolla cambray, r\u00e1banos encurtidos y pur\u00e9 de papa con queso parmesano mexicano. \u00a1Una versi\u00f3n que te har\u00e1 reimaginar el taco cl\u00e1sico!&nbsp;<\/p>\n\n\n\n<p><strong>4. Yakimeshi con Longaniza: Arroz Frito con un Twist&nbsp;<\/strong><\/p>\n\n\n\n<p>Luego viene el Yakimeshi, un arroz frito con longaniza, setas, huevo, ceboll\u00edn y un toque \u00e1cido y picante de chiles serranos y cebollas encurtidas en jugo de lim\u00f3n. Este platillo es un fest\u00edn de sabores que te har\u00e1 bailar en la mesa. \u00a1La combinaci\u00f3n perfecta de dulzura, acidez y picante!&nbsp;<\/p>\n\n\n\n<p><strong>5. Explosi\u00f3n de mango: dulzura al m\u00e1ximo<\/strong><\/p>\n\n\n\n<p>Y para cerrar con broche de oro, el postre es una explosi\u00f3n de mango. Imagina una dacquoise de coco y almendras con compota de mango y jengibre, mousse de vainilla con chocolate blanco y salsa de mango. Es como una fiesta tropical en tu boca, \u00a1y un final perfecto para esta experiencia culinaria!\u00a0<\/p>\n\n\n\n<figure class=\"wp-block-image size-full\"><img data-recalc-dims=\"1\" decoding=\"async\" width=\"1165\" height=\"487\" src=\"https:\/\/i0.wp.com\/zeromagazine.mx\/wp-content\/uploads\/2024\/09\/Captura-de-pantalla-2024-09-06-a-las-14.07.08.png?resize=1165%2C487&#038;ssl=1\" alt=\"\" class=\"wp-image-83361\" srcset=\"https:\/\/i0.wp.com\/zeromagazine.mx\/wp-content\/uploads\/2024\/09\/Captura-de-pantalla-2024-09-06-a-las-14.07.08.png?w=1574&amp;ssl=1 1574w, https:\/\/i0.wp.com\/zeromagazine.mx\/wp-content\/uploads\/2024\/09\/Captura-de-pantalla-2024-09-06-a-las-14.07.08.png?resize=300%2C125&amp;ssl=1 300w, https:\/\/i0.wp.com\/zeromagazine.mx\/wp-content\/uploads\/2024\/09\/Captura-de-pantalla-2024-09-06-a-las-14.07.08.png?resize=1024%2C428&amp;ssl=1 1024w, https:\/\/i0.wp.com\/zeromagazine.mx\/wp-content\/uploads\/2024\/09\/Captura-de-pantalla-2024-09-06-a-las-14.07.08.png?resize=768%2C321&amp;ssl=1 768w, https:\/\/i0.wp.com\/zeromagazine.mx\/wp-content\/uploads\/2024\/09\/Captura-de-pantalla-2024-09-06-a-las-14.07.08.png?resize=1536%2C642&amp;ssl=1 1536w\" sizes=\"(max-width: 1165px) 100vw, 1165px\" \/><\/figure>\n\n\n\n<script async src=\"https:\/\/pagead2.googlesyndication.com\/pagead\/js\/adsbygoogle.js?client=ca-pub-5499304793904745\"\n     crossorigin=\"anonymous\"><\/script>\n<ins class=\"adsbygoogle\"\n     style=\"display:block; text-align:center;\"\n     data-ad-layout=\"in-article\"\n     data-ad-format=\"fluid\"\n     data-ad-client=\"ca-pub-5499304793904745\"\n     data-ad-slot=\"5994863093\"><\/ins>\n<script>\n     (adsbygoogle = window.adsbygoogle || []).push({});\n<\/script>\n\n\n\n\n<p><strong>\u00bfCu\u00e1ndo y d\u00f3nde?&nbsp;<\/strong><\/p>\n\n\n\n<p>Este men\u00fa especial estar\u00e1 disponible del 1\u00ba al 30 de septiembre por un precio de $950 por persona. \u00a1As\u00ed que no pierdas tiempo y reserva ya!&nbsp;Teppan Grill est\u00e1 ubicado en el Hyatt Regency Mexico City, as\u00ed que si quieres vivir esta experiencia, \u00a1este es el lugar!<\/p>\n\n\n\n<p><strong>\u00bfPor Qu\u00e9 Debes Ir?&nbsp;<\/strong><\/p>\n\n\n\n<p>Es una experiencia que mezcla lo mejor de dos culturas en un solo men\u00fa. Es el lugar perfecto para celebrar las Fiestas Patrias con algo nuevo y emocionante. As\u00ed que si quieres impresionar a tus amigos, date un capricho o simplemente disfrutar de una cena espectacular, Teppan Grill es tu destino.<\/p>","protected":false},"excerpt":{"rendered":"<p>Hola, \u00a1a tod@s! \u00bfC\u00f3mo est\u00e1n? Hoy les traigo un plan que no se pueden perder si est\u00e1n en la Ciudad de M\u00e9xico este mes. Teppan Grill, en el Hyatt Regency Mexico City, est\u00e1 celebrando las Fiestas Patrias con un men\u00fa s\u00faper especial que mezcla lo mejor de la cocina mexicana con la maestr\u00eda del teppanyaki [&hellip;]<\/p>\n","protected":false},"author":2,"featured_media":83359,"comment_status":"open","ping_status":"open","sticky":false,"template":"","format":"standard","meta":{"_jetpack_memberships_contains_paid_content":false,"footnotes":"","jetpack_publicize_message":"","jetpack_publicize_feature_enabled":true,"jetpack_social_post_already_shared":true,"jetpack_social_options":{"image_generator_settings":{"template":"highway","default_image_id":0,"font":"","enabled":false},"version":2}},"categories":[6870],"tags":[10114,8010,4282],"class_list":["post-83358","post","type-post","status-publish","format-standard","has-post-thumbnail","hentry","category-foodie","tag-fiestas-patrias","tag-gastronomia-3","tag-teppan-grill","has-post-title","has-post-date","has-post-category","has-post-tag","has-post-comment","has-post-author",""],"yoast_head":"<!-- This site is optimized with the Yoast SEO plugin v27.5 - https:\/\/yoast.com\/product\/yoast-seo-wordpress\/ -->\n<title>Fiestas Patrias con Sabor Jap\u00f3nes - Zero Magazine<\/title>\n<meta name=\"robots\" content=\"index, follow, max-snippet:-1, max-image-preview:large, max-video-preview:-1\" \/>\n<link rel=\"canonical\" href=\"https:\/\/zeromagazine.mx\/index.php\/2024\/09\/06\/fiestas-patrias-con-sabor-japones\/\" \/>\n<meta property=\"og:locale\" content=\"es_ES\" \/>\n<meta property=\"og:type\" content=\"article\" \/>\n<meta property=\"og:title\" content=\"Fiestas Patrias con Sabor Jap\u00f3nes - Zero Magazine\" \/>\n<meta property=\"og:description\" content=\"Hola, \u00a1a tod@s! \u00bfC\u00f3mo est\u00e1n? Hoy les traigo un plan que no se pueden perder si est\u00e1n en la Ciudad de M\u00e9xico este mes. Teppan Grill, en el Hyatt Regency Mexico City, est\u00e1 celebrando las Fiestas Patrias con un men\u00fa s\u00faper especial que mezcla lo mejor de la cocina mexicana con la maestr\u00eda del teppanyaki [&hellip;]\" \/>\n<meta property=\"og:url\" content=\"https:\/\/zeromagazine.mx\/index.php\/2024\/09\/06\/fiestas-patrias-con-sabor-japones\/\" \/>\n<meta property=\"og:site_name\" content=\"Zero Magazine\" \/>\n<meta property=\"article:published_time\" content=\"2024-09-06T20:23:51+00:00\" \/>\n<meta property=\"article:modified_time\" content=\"2024-09-06T20:23:53+00:00\" \/>\n<meta property=\"og:image\" content=\"https:\/\/i0.wp.com\/zeromagazine.mx\/wp-content\/uploads\/2024\/09\/Captura-de-pantalla-2024-09-06-a-las-14.06.24.png?fit=1270%2C838&ssl=1\" \/>\n\t<meta property=\"og:image:width\" content=\"1270\" \/>\n\t<meta property=\"og:image:height\" content=\"838\" \/>\n\t<meta property=\"og:image:type\" content=\"image\/png\" \/>\n<meta name=\"author\" content=\"zeromagazinemx\" \/>\n<meta name=\"twitter:card\" content=\"summary_large_image\" \/>\n<meta name=\"twitter:label1\" content=\"Escrito por\" \/>\n\t<meta name=\"twitter:data1\" content=\"zeromagazinemx\" \/>\n\t<meta name=\"twitter:label2\" content=\"Tiempo de lectura\" \/>\n\t<meta name=\"twitter:data2\" content=\"3 minutos\" \/>\n<script type=\"application\/ld+json\" class=\"yoast-schema-graph\">{\"@context\":\"https:\\\/\\\/schema.org\",\"@graph\":[{\"@type\":\"Article\",\"@id\":\"https:\\\/\\\/zeromagazine.mx\\\/index.php\\\/2024\\\/09\\\/06\\\/fiestas-patrias-con-sabor-japones\\\/#article\",\"isPartOf\":{\"@id\":\"https:\\\/\\\/zeromagazine.mx\\\/index.php\\\/2024\\\/09\\\/06\\\/fiestas-patrias-con-sabor-japones\\\/\"},\"author\":{\"name\":\"zeromagazinemx\",\"@id\":\"https:\\\/\\\/zeromagazine.mx\\\/#\\\/schema\\\/person\\\/9aed9f33a7c39af3a348b86d723f7773\"},\"headline\":\"Fiestas Patrias con Sabor Jap\u00f3nes\",\"datePublished\":\"2024-09-06T20:23:51+00:00\",\"dateModified\":\"2024-09-06T20:23:53+00:00\",\"mainEntityOfPage\":{\"@id\":\"https:\\\/\\\/zeromagazine.mx\\\/index.php\\\/2024\\\/09\\\/06\\\/fiestas-patrias-con-sabor-japones\\\/\"},\"wordCount\":676,\"commentCount\":0,\"publisher\":{\"@id\":\"https:\\\/\\\/zeromagazine.mx\\\/#organization\"},\"image\":{\"@id\":\"https:\\\/\\\/zeromagazine.mx\\\/index.php\\\/2024\\\/09\\\/06\\\/fiestas-patrias-con-sabor-japones\\\/#primaryimage\"},\"thumbnailUrl\":\"https:\\\/\\\/i0.wp.com\\\/zeromagazine.mx\\\/wp-content\\\/uploads\\\/2024\\\/09\\\/Captura-de-pantalla-2024-09-06-a-las-14.06.24.png?fit=1270%2C838&ssl=1\",\"keywords\":[\"fiestas patrias\",\"Gastronom\u00eda\",\"Teppan Grill\"],\"articleSection\":[\"Foodie\"],\"inLanguage\":\"es\",\"potentialAction\":[{\"@type\":\"CommentAction\",\"name\":\"Comment\",\"target\":[\"https:\\\/\\\/zeromagazine.mx\\\/index.php\\\/2024\\\/09\\\/06\\\/fiestas-patrias-con-sabor-japones\\\/#respond\"]}]},{\"@type\":\"WebPage\",\"@id\":\"https:\\\/\\\/zeromagazine.mx\\\/index.php\\\/2024\\\/09\\\/06\\\/fiestas-patrias-con-sabor-japones\\\/\",\"url\":\"https:\\\/\\\/zeromagazine.mx\\\/index.php\\\/2024\\\/09\\\/06\\\/fiestas-patrias-con-sabor-japones\\\/\",\"name\":\"Fiestas Patrias con Sabor Jap\u00f3nes - Zero Magazine\",\"isPartOf\":{\"@id\":\"https:\\\/\\\/zeromagazine.mx\\\/#website\"},\"primaryImageOfPage\":{\"@id\":\"https:\\\/\\\/zeromagazine.mx\\\/index.php\\\/2024\\\/09\\\/06\\\/fiestas-patrias-con-sabor-japones\\\/#primaryimage\"},\"image\":{\"@id\":\"https:\\\/\\\/zeromagazine.mx\\\/index.php\\\/2024\\\/09\\\/06\\\/fiestas-patrias-con-sabor-japones\\\/#primaryimage\"},\"thumbnailUrl\":\"https:\\\/\\\/i0.wp.com\\\/zeromagazine.mx\\\/wp-content\\\/uploads\\\/2024\\\/09\\\/Captura-de-pantalla-2024-09-06-a-las-14.06.24.png?fit=1270%2C838&ssl=1\",\"datePublished\":\"2024-09-06T20:23:51+00:00\",\"dateModified\":\"2024-09-06T20:23:53+00:00\",\"breadcrumb\":{\"@id\":\"https:\\\/\\\/zeromagazine.mx\\\/index.php\\\/2024\\\/09\\\/06\\\/fiestas-patrias-con-sabor-japones\\\/#breadcrumb\"},\"inLanguage\":\"es\",\"potentialAction\":[{\"@type\":\"ReadAction\",\"target\":[\"https:\\\/\\\/zeromagazine.mx\\\/index.php\\\/2024\\\/09\\\/06\\\/fiestas-patrias-con-sabor-japones\\\/\"]}]},{\"@type\":\"ImageObject\",\"inLanguage\":\"es\",\"@id\":\"https:\\\/\\\/zeromagazine.mx\\\/index.php\\\/2024\\\/09\\\/06\\\/fiestas-patrias-con-sabor-japones\\\/#primaryimage\",\"url\":\"https:\\\/\\\/i0.wp.com\\\/zeromagazine.mx\\\/wp-content\\\/uploads\\\/2024\\\/09\\\/Captura-de-pantalla-2024-09-06-a-las-14.06.24.png?fit=1270%2C838&ssl=1\",\"contentUrl\":\"https:\\\/\\\/i0.wp.com\\\/zeromagazine.mx\\\/wp-content\\\/uploads\\\/2024\\\/09\\\/Captura-de-pantalla-2024-09-06-a-las-14.06.24.png?fit=1270%2C838&ssl=1\",\"width\":1270,\"height\":838},{\"@type\":\"BreadcrumbList\",\"@id\":\"https:\\\/\\\/zeromagazine.mx\\\/index.php\\\/2024\\\/09\\\/06\\\/fiestas-patrias-con-sabor-japones\\\/#breadcrumb\",\"itemListElement\":[{\"@type\":\"ListItem\",\"position\":1,\"name\":\"Portada\",\"item\":\"https:\\\/\\\/zeromagazine.mx\\\/\"},{\"@type\":\"ListItem\",\"position\":2,\"name\":\"Fiestas Patrias con Sabor Jap\u00f3nes\"}]},{\"@type\":\"WebSite\",\"@id\":\"https:\\\/\\\/zeromagazine.mx\\\/#website\",\"url\":\"https:\\\/\\\/zeromagazine.mx\\\/\",\"name\":\"Zero Magazine\",\"description\":\"\",\"publisher\":{\"@id\":\"https:\\\/\\\/zeromagazine.mx\\\/#organization\"},\"potentialAction\":[{\"@type\":\"SearchAction\",\"target\":{\"@type\":\"EntryPoint\",\"urlTemplate\":\"https:\\\/\\\/zeromagazine.mx\\\/?s={search_term_string}\"},\"query-input\":{\"@type\":\"PropertyValueSpecification\",\"valueRequired\":true,\"valueName\":\"search_term_string\"}}],\"inLanguage\":\"es\"},{\"@type\":\"Organization\",\"@id\":\"https:\\\/\\\/zeromagazine.mx\\\/#organization\",\"name\":\"Zero Magazine\",\"url\":\"https:\\\/\\\/zeromagazine.mx\\\/\",\"logo\":{\"@type\":\"ImageObject\",\"inLanguage\":\"es\",\"@id\":\"https:\\\/\\\/zeromagazine.mx\\\/#\\\/schema\\\/logo\\\/image\\\/\",\"url\":\"https:\\\/\\\/i0.wp.com\\\/zeromagazine.mx\\\/wp-content\\\/uploads\\\/2025\\\/11\\\/1.jpeg?fit=1000%2C1000&ssl=1\",\"contentUrl\":\"https:\\\/\\\/i0.wp.com\\\/zeromagazine.mx\\\/wp-content\\\/uploads\\\/2025\\\/11\\\/1.jpeg?fit=1000%2C1000&ssl=1\",\"width\":1000,\"height\":1000,\"caption\":\"Zero Magazine\"},\"image\":{\"@id\":\"https:\\\/\\\/zeromagazine.mx\\\/#\\\/schema\\\/logo\\\/image\\\/\"},\"sameAs\":[\"https:\\\/\\\/instagram.com\\\/zeromagazinemx\"]},{\"@type\":\"Person\",\"@id\":\"https:\\\/\\\/zeromagazine.mx\\\/#\\\/schema\\\/person\\\/9aed9f33a7c39af3a348b86d723f7773\",\"name\":\"zeromagazinemx\",\"image\":{\"@type\":\"ImageObject\",\"inLanguage\":\"es\",\"@id\":\"https:\\\/\\\/zeromagazine.mx\\\/wp-content\\\/litespeed\\\/avatar\\\/f91dfe5410d5dcb1a576bf8c45983896.jpg?ver=1777571230\",\"url\":\"https:\\\/\\\/zeromagazine.mx\\\/wp-content\\\/litespeed\\\/avatar\\\/f91dfe5410d5dcb1a576bf8c45983896.jpg?ver=1777571230\",\"contentUrl\":\"https:\\\/\\\/zeromagazine.mx\\\/wp-content\\\/litespeed\\\/avatar\\\/f91dfe5410d5dcb1a576bf8c45983896.jpg?ver=1777571230\",\"caption\":\"zeromagazinemx\"},\"url\":\"https:\\\/\\\/zeromagazine.mx\\\/index.php\\\/author\\\/zeromagazinemx\\\/\"}]}<\/script>\n<!-- \/ Yoast SEO plugin. -->","yoast_head_json":{"title":"Fiestas Patrias con Sabor Jap\u00f3nes - Zero Magazine","robots":{"index":"index","follow":"follow","max-snippet":"max-snippet:-1","max-image-preview":"max-image-preview:large","max-video-preview":"max-video-preview:-1"},"canonical":"https:\/\/zeromagazine.mx\/index.php\/2024\/09\/06\/fiestas-patrias-con-sabor-japones\/","og_locale":"es_ES","og_type":"article","og_title":"Fiestas Patrias con Sabor Jap\u00f3nes - Zero Magazine","og_description":"Hola, \u00a1a tod@s! \u00bfC\u00f3mo est\u00e1n? Hoy les traigo un plan que no se pueden perder si est\u00e1n en la Ciudad de M\u00e9xico este mes. Teppan Grill, en el Hyatt Regency Mexico City, est\u00e1 celebrando las Fiestas Patrias con un men\u00fa s\u00faper especial que mezcla lo mejor de la cocina mexicana con la maestr\u00eda del teppanyaki [&hellip;]","og_url":"https:\/\/zeromagazine.mx\/index.php\/2024\/09\/06\/fiestas-patrias-con-sabor-japones\/","og_site_name":"Zero Magazine","article_published_time":"2024-09-06T20:23:51+00:00","article_modified_time":"2024-09-06T20:23:53+00:00","og_image":[{"width":1270,"height":838,"url":"https:\/\/i0.wp.com\/zeromagazine.mx\/wp-content\/uploads\/2024\/09\/Captura-de-pantalla-2024-09-06-a-las-14.06.24.png?fit=1270%2C838&ssl=1","type":"image\/png"}],"author":"zeromagazinemx","twitter_card":"summary_large_image","twitter_misc":{"Escrito por":"zeromagazinemx","Tiempo de lectura":"3 minutos"},"schema":{"@context":"https:\/\/schema.org","@graph":[{"@type":"Article","@id":"https:\/\/zeromagazine.mx\/index.php\/2024\/09\/06\/fiestas-patrias-con-sabor-japones\/#article","isPartOf":{"@id":"https:\/\/zeromagazine.mx\/index.php\/2024\/09\/06\/fiestas-patrias-con-sabor-japones\/"},"author":{"name":"zeromagazinemx","@id":"https:\/\/zeromagazine.mx\/#\/schema\/person\/9aed9f33a7c39af3a348b86d723f7773"},"headline":"Fiestas Patrias con Sabor Jap\u00f3nes","datePublished":"2024-09-06T20:23:51+00:00","dateModified":"2024-09-06T20:23:53+00:00","mainEntityOfPage":{"@id":"https:\/\/zeromagazine.mx\/index.php\/2024\/09\/06\/fiestas-patrias-con-sabor-japones\/"},"wordCount":676,"commentCount":0,"publisher":{"@id":"https:\/\/zeromagazine.mx\/#organization"},"image":{"@id":"https:\/\/zeromagazine.mx\/index.php\/2024\/09\/06\/fiestas-patrias-con-sabor-japones\/#primaryimage"},"thumbnailUrl":"https:\/\/i0.wp.com\/zeromagazine.mx\/wp-content\/uploads\/2024\/09\/Captura-de-pantalla-2024-09-06-a-las-14.06.24.png?fit=1270%2C838&ssl=1","keywords":["fiestas patrias","Gastronom\u00eda","Teppan Grill"],"articleSection":["Foodie"],"inLanguage":"es","potentialAction":[{"@type":"CommentAction","name":"Comment","target":["https:\/\/zeromagazine.mx\/index.php\/2024\/09\/06\/fiestas-patrias-con-sabor-japones\/#respond"]}]},{"@type":"WebPage","@id":"https:\/\/zeromagazine.mx\/index.php\/2024\/09\/06\/fiestas-patrias-con-sabor-japones\/","url":"https:\/\/zeromagazine.mx\/index.php\/2024\/09\/06\/fiestas-patrias-con-sabor-japones\/","name":"Fiestas Patrias con Sabor Jap\u00f3nes - Zero Magazine","isPartOf":{"@id":"https:\/\/zeromagazine.mx\/#website"},"primaryImageOfPage":{"@id":"https:\/\/zeromagazine.mx\/index.php\/2024\/09\/06\/fiestas-patrias-con-sabor-japones\/#primaryimage"},"image":{"@id":"https:\/\/zeromagazine.mx\/index.php\/2024\/09\/06\/fiestas-patrias-con-sabor-japones\/#primaryimage"},"thumbnailUrl":"https:\/\/i0.wp.com\/zeromagazine.mx\/wp-content\/uploads\/2024\/09\/Captura-de-pantalla-2024-09-06-a-las-14.06.24.png?fit=1270%2C838&ssl=1","datePublished":"2024-09-06T20:23:51+00:00","dateModified":"2024-09-06T20:23:53+00:00","breadcrumb":{"@id":"https:\/\/zeromagazine.mx\/index.php\/2024\/09\/06\/fiestas-patrias-con-sabor-japones\/#breadcrumb"},"inLanguage":"es","potentialAction":[{"@type":"ReadAction","target":["https:\/\/zeromagazine.mx\/index.php\/2024\/09\/06\/fiestas-patrias-con-sabor-japones\/"]}]},{"@type":"ImageObject","inLanguage":"es","@id":"https:\/\/zeromagazine.mx\/index.php\/2024\/09\/06\/fiestas-patrias-con-sabor-japones\/#primaryimage","url":"https:\/\/i0.wp.com\/zeromagazine.mx\/wp-content\/uploads\/2024\/09\/Captura-de-pantalla-2024-09-06-a-las-14.06.24.png?fit=1270%2C838&ssl=1","contentUrl":"https:\/\/i0.wp.com\/zeromagazine.mx\/wp-content\/uploads\/2024\/09\/Captura-de-pantalla-2024-09-06-a-las-14.06.24.png?fit=1270%2C838&ssl=1","width":1270,"height":838},{"@type":"BreadcrumbList","@id":"https:\/\/zeromagazine.mx\/index.php\/2024\/09\/06\/fiestas-patrias-con-sabor-japones\/#breadcrumb","itemListElement":[{"@type":"ListItem","position":1,"name":"Portada","item":"https:\/\/zeromagazine.mx\/"},{"@type":"ListItem","position":2,"name":"Fiestas Patrias con Sabor Jap\u00f3nes"}]},{"@type":"WebSite","@id":"https:\/\/zeromagazine.mx\/#website","url":"https:\/\/zeromagazine.mx\/","name":"Zero Magazine","description":"","publisher":{"@id":"https:\/\/zeromagazine.mx\/#organization"},"potentialAction":[{"@type":"SearchAction","target":{"@type":"EntryPoint","urlTemplate":"https:\/\/zeromagazine.mx\/?s={search_term_string}"},"query-input":{"@type":"PropertyValueSpecification","valueRequired":true,"valueName":"search_term_string"}}],"inLanguage":"es"},{"@type":"Organization","@id":"https:\/\/zeromagazine.mx\/#organization","name":"Zero Magazine","url":"https:\/\/zeromagazine.mx\/","logo":{"@type":"ImageObject","inLanguage":"es","@id":"https:\/\/zeromagazine.mx\/#\/schema\/logo\/image\/","url":"https:\/\/i0.wp.com\/zeromagazine.mx\/wp-content\/uploads\/2025\/11\/1.jpeg?fit=1000%2C1000&ssl=1","contentUrl":"https:\/\/i0.wp.com\/zeromagazine.mx\/wp-content\/uploads\/2025\/11\/1.jpeg?fit=1000%2C1000&ssl=1","width":1000,"height":1000,"caption":"Zero Magazine"},"image":{"@id":"https:\/\/zeromagazine.mx\/#\/schema\/logo\/image\/"},"sameAs":["https:\/\/instagram.com\/zeromagazinemx"]},{"@type":"Person","@id":"https:\/\/zeromagazine.mx\/#\/schema\/person\/9aed9f33a7c39af3a348b86d723f7773","name":"zeromagazinemx","image":{"@type":"ImageObject","inLanguage":"es","@id":"https:\/\/zeromagazine.mx\/wp-content\/litespeed\/avatar\/f91dfe5410d5dcb1a576bf8c45983896.jpg?ver=1777571230","url":"https:\/\/zeromagazine.mx\/wp-content\/litespeed\/avatar\/f91dfe5410d5dcb1a576bf8c45983896.jpg?ver=1777571230","contentUrl":"https:\/\/zeromagazine.mx\/wp-content\/litespeed\/avatar\/f91dfe5410d5dcb1a576bf8c45983896.jpg?ver=1777571230","caption":"zeromagazinemx"},"url":"https:\/\/zeromagazine.mx\/index.php\/author\/zeromagazinemx\/"}]}},"jetpack_publicize_connections":[],"jetpack_featured_media_url":"https:\/\/i0.wp.com\/zeromagazine.mx\/wp-content\/uploads\/2024\/09\/Captura-de-pantalla-2024-09-06-a-las-14.06.24.png?fit=1270%2C838&ssl=1","jetpack-related-posts":[{"id":107697,"url":"https:\/\/zeromagazine.mx\/index.php\/2025\/09\/02\/menu-patrio-teppan-grill-2025\/","url_meta":{"origin":83358,"position":0},"title":"Teppan Grill celebra septiembre con un Men\u00fa Patrio","author":"David Morales","date":"2 de septiembre de 2025","format":false,"excerpt":"Septiembre siempre sabe a fiesta, pero este a\u00f1o tuve la oportunidad de probar un men\u00fa que va mucho m\u00e1s all\u00e1 de los sabores tradicionales. Me lanc\u00e9 a Teppan Grill, el restaurante de Polanco que se ha vuelto un imperdible por su manera \u00fanica de mezclar la t\u00e9cnica japonesa del teppanyaki\u2026","rel":"","context":"En \u00abBlog\u00bb","block_context":{"text":"Blog","link":"https:\/\/zeromagazine.mx\/index.php\/category\/blog\/"},"img":{"alt_text":"","src":"https:\/\/i0.wp.com\/zeromagazine.mx\/wp-content\/uploads\/2025\/09\/img_6379.jpg?fit=900%2C1200&ssl=1&resize=350%2C200","width":350,"height":200,"srcset":"https:\/\/i0.wp.com\/zeromagazine.mx\/wp-content\/uploads\/2025\/09\/img_6379.jpg?fit=900%2C1200&ssl=1&resize=350%2C200 1x, https:\/\/i0.wp.com\/zeromagazine.mx\/wp-content\/uploads\/2025\/09\/img_6379.jpg?fit=900%2C1200&ssl=1&resize=525%2C300 1.5x, https:\/\/i0.wp.com\/zeromagazine.mx\/wp-content\/uploads\/2025\/09\/img_6379.jpg?fit=900%2C1200&ssl=1&resize=700%2C400 2x"},"classes":[]},{"id":52999,"url":"https:\/\/zeromagazine.mx\/index.php\/2021\/08\/27\/los-sabores-mexicanos-combinados-en-platillos-japoneses\/","url_meta":{"origin":83358,"position":1},"title":"Los sabores mexicanos combinados en platillos japoneses.","author":"zeromagazinemx","date":"27 de agosto de 2021","format":false,"excerpt":"Celebra las fiestas patrias en Teppan Grill con platillos que conjugan los sabores de M\u00e9xico con recetas tradicionales japonesas. Por Mayra Torres Disfruta de los ingredientes m\u00e1s representativos de la cocina mexicana en la nueva experiencia culinaria de Teppan Grill, el restaurante especializado en teppanyaki japon\u00e9s de Hyatt Regency M\u00e9xico\u2026","rel":"","context":"En \u00abViajes\u00bb","block_context":{"text":"Viajes","link":"https:\/\/zeromagazine.mx\/index.php\/category\/lugares\/"},"img":{"alt_text":"","src":"","width":0,"height":0},"classes":[]},{"id":118032,"url":"https:\/\/zeromagazine.mx\/index.php\/2026\/04\/09\/festival-wagyu-teppan-grill-polanco\/","url_meta":{"origin":83358,"position":2},"title":"Teppan Grill presenta una nueva edici\u00f3n de su Festival de Wagyu","author":"David Morales","date":"9 de abril de 2026","format":false,"excerpt":"Una experiencia donde el detalle, la t\u00e9cnica y el sabor se encuentran en cada bocado. Hay ingredientes que se vuelven tendencia\u2026 y otros que simplemente son eternos. El wagyu pertenece a esa segunda categor\u00eda. Y esta temporada, Teppan Grill lo convierte en el protagonista absoluto con una experiencia que va\u2026","rel":"","context":"En \u00abFoodie\u00bb","block_context":{"text":"Foodie","link":"https:\/\/zeromagazine.mx\/index.php\/category\/lifestyle\/foodie\/"},"img":{"alt_text":"Teppan Grill Festival de Wagyu experiencia gastron\u00f3mica japonesa en Polanco","src":"https:\/\/i0.wp.com\/zeromagazine.mx\/wp-content\/uploads\/2026\/04\/IMG_2017.jpeg?fit=868%2C578&ssl=1&resize=350%2C200","width":350,"height":200,"srcset":"https:\/\/i0.wp.com\/zeromagazine.mx\/wp-content\/uploads\/2026\/04\/IMG_2017.jpeg?fit=868%2C578&ssl=1&resize=350%2C200 1x, https:\/\/i0.wp.com\/zeromagazine.mx\/wp-content\/uploads\/2026\/04\/IMG_2017.jpeg?fit=868%2C578&ssl=1&resize=525%2C300 1.5x, https:\/\/i0.wp.com\/zeromagazine.mx\/wp-content\/uploads\/2026\/04\/IMG_2017.jpeg?fit=868%2C578&ssl=1&resize=700%2C400 2x"},"classes":[]},{"id":118816,"url":"https:\/\/zeromagazine.mx\/index.php\/2026\/04\/17\/festival-de-wagyu-cdmx-teppan-grill\/","url_meta":{"origin":83358,"position":3},"title":"Festival de Wagyu: Teppan Grill presenta una nueva edici\u00f3n de su tradicional especial","author":"David Morales","date":"17 de abril de 2026","format":false,"excerpt":"Una temporada que no solo se come, se contempla: t\u00e9cnica japonesa, producto impecable y una narrativa culinaria que baja el ritmo en pleno Polanco. Hay experiencias gastron\u00f3micas\u2026 y luego est\u00e1n las que te obligan a hacer pausa.As\u00ed se vive el Festival de Wagyu en Teppan Grill, un spot que entiende\u2026","rel":"","context":"En \u00abEntretenimiento\u00bb","block_context":{"text":"Entretenimiento","link":"https:\/\/zeromagazine.mx\/index.php\/category\/entretenimiento\/"},"img":{"alt_text":"","src":"https:\/\/i0.wp.com\/zeromagazine.mx\/wp-content\/uploads\/2026\/04\/JPARK26_HYATT_WAGYU-53-scaled.jpeg?fit=1200%2C801&ssl=1&resize=350%2C200","width":350,"height":200,"srcset":"https:\/\/i0.wp.com\/zeromagazine.mx\/wp-content\/uploads\/2026\/04\/JPARK26_HYATT_WAGYU-53-scaled.jpeg?fit=1200%2C801&ssl=1&resize=350%2C200 1x, https:\/\/i0.wp.com\/zeromagazine.mx\/wp-content\/uploads\/2026\/04\/JPARK26_HYATT_WAGYU-53-scaled.jpeg?fit=1200%2C801&ssl=1&resize=525%2C300 1.5x, https:\/\/i0.wp.com\/zeromagazine.mx\/wp-content\/uploads\/2026\/04\/JPARK26_HYATT_WAGYU-53-scaled.jpeg?fit=1200%2C801&ssl=1&resize=700%2C400 2x, https:\/\/i0.wp.com\/zeromagazine.mx\/wp-content\/uploads\/2026\/04\/JPARK26_HYATT_WAGYU-53-scaled.jpeg?fit=1200%2C801&ssl=1&resize=1050%2C600 3x"},"classes":[]},{"id":76381,"url":"https:\/\/zeromagazine.mx\/index.php\/2024\/05\/22\/wagyu-fest-en-teppan-grill\/","url_meta":{"origin":83358,"position":4},"title":"Wagyu Fest en Teppan Grill","author":"zeromagazinemx","date":"22 de mayo de 2024","format":false,"excerpt":"El Festival de Wagyu de Teppan Grill est\u00e1 de regreso en la Ciudad de M\u00e9xico, y esta vez promete superar todas nuestras expectativas. As\u00ed que prep\u00e1rense para un viaje culinario que los llevar\u00e1 directo al coraz\u00f3n de Jap\u00f3n, \u00a1sin salir de la ciudad! Para empezar, \u00bfqui\u00e9n puede resistirse al aroma\u2026","rel":"","context":"En \u00abFoodie\u00bb","block_context":{"text":"Foodie","link":"https:\/\/zeromagazine.mx\/index.php\/category\/lifestyle\/foodie\/"},"img":{"alt_text":"","src":"https:\/\/i0.wp.com\/zeromagazine.mx\/wp-content\/uploads\/2024\/05\/Captura-de-pantalla-642.png?fit=725%2C337&ssl=1&resize=350%2C200","width":350,"height":200,"srcset":"https:\/\/i0.wp.com\/zeromagazine.mx\/wp-content\/uploads\/2024\/05\/Captura-de-pantalla-642.png?fit=725%2C337&ssl=1&resize=350%2C200 1x, https:\/\/i0.wp.com\/zeromagazine.mx\/wp-content\/uploads\/2024\/05\/Captura-de-pantalla-642.png?fit=725%2C337&ssl=1&resize=525%2C300 1.5x, https:\/\/i0.wp.com\/zeromagazine.mx\/wp-content\/uploads\/2024\/05\/Captura-de-pantalla-642.png?fit=725%2C337&ssl=1&resize=700%2C400 2x"},"classes":[]},{"id":99520,"url":"https:\/\/zeromagazine.mx\/index.php\/2025\/03\/28\/festival-wagyu-lujo-y-sabor\/","url_meta":{"origin":83358,"position":5},"title":"Festival Wagyu: Lujo y Sabor","author":"David Morales","date":"28 de marzo de 2025","format":false,"excerpt":"Amix, si eres fan de la comida japonesa y te encanta consentirte con platillos \u00fanicos, no puedes perderte el Festival Wagyu en Teppan Grill, ubicado en el coraz\u00f3n de la CDMX. Este evento es la tercera edici\u00f3n del festival y promete llevar tu paladar al siguiente nivel con la carne\u2026","rel":"","context":"En \u00abFoodie\u00bb","block_context":{"text":"Foodie","link":"https:\/\/zeromagazine.mx\/index.php\/category\/lifestyle\/foodie\/"},"img":{"alt_text":"","src":"https:\/\/i0.wp.com\/zeromagazine.mx\/wp-content\/uploads\/2025\/03\/JPARK25_HYATT_FEBRERO_TEPPAN-38-scaled.jpg?fit=1200%2C801&ssl=1&resize=350%2C200","width":350,"height":200,"srcset":"https:\/\/i0.wp.com\/zeromagazine.mx\/wp-content\/uploads\/2025\/03\/JPARK25_HYATT_FEBRERO_TEPPAN-38-scaled.jpg?fit=1200%2C801&ssl=1&resize=350%2C200 1x, https:\/\/i0.wp.com\/zeromagazine.mx\/wp-content\/uploads\/2025\/03\/JPARK25_HYATT_FEBRERO_TEPPAN-38-scaled.jpg?fit=1200%2C801&ssl=1&resize=525%2C300 1.5x, https:\/\/i0.wp.com\/zeromagazine.mx\/wp-content\/uploads\/2025\/03\/JPARK25_HYATT_FEBRERO_TEPPAN-38-scaled.jpg?fit=1200%2C801&ssl=1&resize=700%2C400 2x, https:\/\/i0.wp.com\/zeromagazine.mx\/wp-content\/uploads\/2025\/03\/JPARK25_HYATT_FEBRERO_TEPPAN-38-scaled.jpg?fit=1200%2C801&ssl=1&resize=1050%2C600 3x"},"classes":[]}],"jetpack_sharing_enabled":true,"builder_content":"","_links":{"self":[{"href":"https:\/\/zeromagazine.mx\/index.php\/wp-json\/wp\/v2\/posts\/83358","targetHints":{"allow":["GET"]}}],"collection":[{"href":"https:\/\/zeromagazine.mx\/index.php\/wp-json\/wp\/v2\/posts"}],"about":[{"href":"https:\/\/zeromagazine.mx\/index.php\/wp-json\/wp\/v2\/types\/post"}],"author":[{"embeddable":true,"href":"https:\/\/zeromagazine.mx\/index.php\/wp-json\/wp\/v2\/users\/2"}],"replies":[{"embeddable":true,"href":"https:\/\/zeromagazine.mx\/index.php\/wp-json\/wp\/v2\/comments?post=83358"}],"version-history":[{"count":1,"href":"https:\/\/zeromagazine.mx\/index.php\/wp-json\/wp\/v2\/posts\/83358\/revisions"}],"predecessor-version":[{"id":83362,"href":"https:\/\/zeromagazine.mx\/index.php\/wp-json\/wp\/v2\/posts\/83358\/revisions\/83362"}],"wp:featuredmedia":[{"embeddable":true,"href":"https:\/\/zeromagazine.mx\/index.php\/wp-json\/wp\/v2\/media\/83359"}],"wp:attachment":[{"href":"https:\/\/zeromagazine.mx\/index.php\/wp-json\/wp\/v2\/media?parent=83358"}],"wp:term":[{"taxonomy":"category","embeddable":true,"href":"https:\/\/zeromagazine.mx\/index.php\/wp-json\/wp\/v2\/categories?post=83358"},{"taxonomy":"post_tag","embeddable":true,"href":"https:\/\/zeromagazine.mx\/index.php\/wp-json\/wp\/v2\/tags?post=83358"}],"curies":[{"name":"wp","href":"https:\/\/api.w.org\/{rel}","templated":true}]}}