{"id":83492,"date":"2024-09-09T23:15:05","date_gmt":"2024-09-09T21:15:05","guid":{"rendered":"https:\/\/zeromagazine.mx\/?p=83492"},"modified":"2024-09-09T23:15:06","modified_gmt":"2024-09-09T21:15:06","slug":"linkin-park-el-regreso-epico","status":"publish","type":"post","link":"https:\/\/zeromagazine.mx\/index.php\/2024\/09\/09\/linkin-park-el-regreso-epico\/","title":{"rendered":"Linkin Park: \u00a1El Regreso \u00c9pico!"},"content":{"rendered":"<p>\u00a1Linkin Park is back, Chicxs! Despu\u00e9s de siete a\u00f1os sin lanzar nueva m\u00fasica, la banda ic\u00f3nica regresa y viene con todo. Si eres fan de LP \u00bfy qui\u00e9n no lo es?, prep\u00e1rate porque hay muchas sorpresas, y la nueva era de Linkin Park acaba de comenzar. Mike Shinoda, Brad Delson, Phoenix y Joe Hahn nos est\u00e1n regalando lo que tanto extra\u00f1\u00e1bamos, pero no solo eso, tambi\u00e9n hay nuevos miembros en la banda Emily Armstrong, de Dead Sara, se une como co vocalista y Colin Brittain como baterista.<\/p>\n\n\n\n<h2 class=\"wp-block-heading\">Nuevo sencillo, nuevo vibe<\/h2>\n\n\n\n<p>Primero que nada, hablemos de la nueva rola que acaba de salir \u00abThe Emptiness Machine\u00bb. Es como un combo de todo lo que amamos de LP, pero con un twist fresco que simplemente te atrapa. Las melod\u00edas hipn\u00f3ticas de Shinoda, el coro brutal de Armstrong, y esos riffs que nos ponen a headbangear sin parar. Es un himno moderno, pero que tiene ese ADN de Linkin Park que reconoces desde la primera nota. Ya sabes, esa mezcla perfecta de energ\u00eda, melod\u00eda, y poder emocional que solo ellos pueden lograr.<\/p>\n\n\n\n<h2 class=\"wp-block-heading\">Seven years later\u2026<\/h2>\n\n\n\n<p>Despu\u00e9s de tanto tiempo, es f\u00e1cil pensar que regresar\u00edan con algo s\u00faper diferente, pero From Zero, que es el nombre de su pr\u00f3ximo \u00e1lbum, es como un regreso a sus ra\u00edces con un toque nuevo. Seg\u00fan Shinoda, el t\u00edtulo del \u00e1lbum hace referencia a c\u00f3mo se llamaban antes de ser Linkin Park: Xero. As\u00ed que el \u00e1lbum es una especie de tributo a esos inicios humildes, pero tambi\u00e9n es sobre el viaje que est\u00e1n comenzando ahora. Para ellos, esto no es un simple \u00abcomeback\u00bb; es m\u00e1s bien un nuevo comienzo.<\/p>\n\n\n<div class=\"wp-block-image\">\n<figure class=\"aligncenter size-full\"><img data-recalc-dims=\"1\" decoding=\"async\" width=\"1165\" height=\"873\" src=\"https:\/\/i0.wp.com\/zeromagazine.mx\/wp-content\/uploads\/2024\/09\/unnamed-17-scaled.jpg?resize=1165%2C873\" alt=\"\" class=\"wp-image-83493\" srcset=\"https:\/\/i0.wp.com\/zeromagazine.mx\/wp-content\/uploads\/2024\/09\/unnamed-17-scaled.jpg?w=2560&amp;ssl=1 2560w, https:\/\/i0.wp.com\/zeromagazine.mx\/wp-content\/uploads\/2024\/09\/unnamed-17-scaled.jpg?resize=300%2C225&amp;ssl=1 300w, https:\/\/i0.wp.com\/zeromagazine.mx\/wp-content\/uploads\/2024\/09\/unnamed-17-scaled.jpg?resize=1024%2C768&amp;ssl=1 1024w, https:\/\/i0.wp.com\/zeromagazine.mx\/wp-content\/uploads\/2024\/09\/unnamed-17-scaled.jpg?resize=768%2C576&amp;ssl=1 768w, https:\/\/i0.wp.com\/zeromagazine.mx\/wp-content\/uploads\/2024\/09\/unnamed-17-scaled.jpg?resize=1536%2C1152&amp;ssl=1 1536w, https:\/\/i0.wp.com\/zeromagazine.mx\/wp-content\/uploads\/2024\/09\/unnamed-17-scaled.jpg?resize=2048%2C1535&amp;ssl=1 2048w, https:\/\/i0.wp.com\/zeromagazine.mx\/wp-content\/uploads\/2024\/09\/unnamed-17-scaled.jpg?w=2330 2330w\" sizes=\"(max-width: 1165px) 100vw, 1165px\" \/><\/figure>\n<\/div>\n\n\n<p><\/p>\n\n\n\n<p>Y claro, \u00bfC\u00f3mo olvidarnos de la qu\u00edmica de la banda? No es solo un grupo de compas que hacen m\u00fasica juntos, es una familia creativa. En estos \u00faltimos a\u00f1os, Shinoda, Delson, Phoenix y Hahn se han estado reuniendo sin ninguna presi\u00f3n, simplemente disfrutando de estar juntos y volver a conectar con lo que los hizo grandes. No fue como \u00abhey, vamos a hacer un nuevo \u00e1lbum\u00bb, fue m\u00e1s un \u00ablet&#8217;s hang out and see what happens\u00bb, y de ah\u00ed sali\u00f3 From Zero. En el proceso, se dieron cuenta de que ten\u00edan una conexi\u00f3n especial con Emily Armstrong y Colin Brittain, y ah\u00ed fue cuando todo empez\u00f3 a tomar forma.<\/p>\n\n\n\n<h2 class=\"wp-block-heading\">The world is calling<\/h2>\n\n\n\n<p><br>Si pensabas que eso era todo, te equivocas. Adem\u00e1s del nuevo sencillo y el \u00e1lbum que viene en camino, Linkin Park tambi\u00e9n anunci\u00f3 una gira mundial llamada From Zero World Tour que nos tiene a todos on fire. Arranca el 11 de septiembre en Los \u00c1ngeles y luego pasa por Nueva York, Hamburgo, Londres, Se\u00fal y Bogot\u00e1. Si tienes la suerte de estar en alguna de estas ciudades, ya sabes qu\u00e9 hacer. Las preventas para los miembros del club de fans LP Underground ya comenzaron, as\u00ed que si eres parte, \u00a1corre a conseguir tus boletos! Y si no, no te preocupes, las ventas generales ya est\u00e1n abiertas.<\/p>\n\n\n<div class=\"wp-block-image\">\n<figure class=\"aligncenter size-full\"><img data-recalc-dims=\"1\" decoding=\"async\" width=\"1165\" height=\"1165\" src=\"https:\/\/i0.wp.com\/zeromagazine.mx\/wp-content\/uploads\/2024\/09\/unnamed-18.jpg?resize=1165%2C1165&#038;ssl=1\" alt=\"\" class=\"wp-image-83494\" srcset=\"https:\/\/i0.wp.com\/zeromagazine.mx\/wp-content\/uploads\/2024\/09\/unnamed-18.jpg?w=1500&amp;ssl=1 1500w, https:\/\/i0.wp.com\/zeromagazine.mx\/wp-content\/uploads\/2024\/09\/unnamed-18.jpg?resize=300%2C300&amp;ssl=1 300w, https:\/\/i0.wp.com\/zeromagazine.mx\/wp-content\/uploads\/2024\/09\/unnamed-18.jpg?resize=1024%2C1024&amp;ssl=1 1024w, https:\/\/i0.wp.com\/zeromagazine.mx\/wp-content\/uploads\/2024\/09\/unnamed-18.jpg?resize=150%2C150&amp;ssl=1 150w, https:\/\/i0.wp.com\/zeromagazine.mx\/wp-content\/uploads\/2024\/09\/unnamed-18.jpg?resize=768%2C768&amp;ssl=1 768w\" sizes=\"(max-width: 1165px) 100vw, 1165px\" \/><\/figure>\n<\/div>\n\n\n<p><\/p>\n\n\n\n<p>Imag\u00ednate estar en uno de esos conciertos. Los nuevos miembros, las canciones cl\u00e1sicas que nos definieron como generaci\u00f3n, y todo lo nuevo que traen. \u00bfQu\u00e9 m\u00e1s podemos pedir? Es una oportunidad \u00fanica de ver a la banda en una nueva etapa, con la energ\u00eda de siempre, pero renovada.<\/p>\n\n\n\n<h2 class=\"wp-block-heading\">A new sound, a new era<\/h2>\n\n\n\n<p><br>Lo que es m\u00e1s loco es c\u00f3mo Shinoda describe esta nueva etapa como un balance entre el pasado, el presente y el futuro. Y es que From Zero es eso: una combinaci\u00f3n de lo que han sido y lo que quieren ser. Hay un respeto enorme por sus ra\u00edces, pero tambi\u00e9n un deseo de seguir explorando y reinvent\u00e1ndose. Ya lo dijo Shinoda: est\u00e1n abrazando su sonido caracter\u00edstico, pero con nueva vida. Es como si estuvieran cerrando un ciclo y abriendo otro, todo al mismo tiempo.<\/p>\n\n\n\n<script async src=\"https:\/\/pagead2.googlesyndication.com\/pagead\/js\/adsbygoogle.js?client=ca-pub-5499304793904745\"\n     crossorigin=\"anonymous\"><\/script>\n<ins class=\"adsbygoogle\"\n     style=\"display:block; text-align:center;\"\n     data-ad-layout=\"in-article\"\n     data-ad-format=\"fluid\"\n     data-ad-client=\"ca-pub-5499304793904745\"\n     data-ad-slot=\"5994863093\"><\/ins>\n<script>\n     (adsbygoogle = window.adsbygoogle || []).push({});\n<\/script>\n\n\n\n<p><\/p>\n\n\n\n<p>La banda ha crecido, ha cambiado, pero su esencia sigue intacta. Y eso es lo que hace a Linkin Park tan especial. No importa cu\u00e1nto tiempo pase, su m\u00fasica sigue conectando a generaciones, y con From Zero, est\u00e1n llevando esa conexi\u00f3n al siguiente nivel. Seg\u00fan Shinoda, trabajar con Armstrong y Brittain les ha dado una energ\u00eda completamente nueva. Es como si estuvieran tocando esos puntos que los hicieron famosos, pero explorando otros lados que no hab\u00edamos visto antes.<\/p>\n\n\n\n<h2 class=\"wp-block-heading\">M\u00e1s all\u00e1 de la m\u00fasica<\/h2>\n\n\n\n<p><br>Pero la cosa no se queda solo en la m\u00fasica. Linkin Park tambi\u00e9n va a estar en una entrevista con Zane Lowe, el legendario presentador de Apple Music. Ma\u00f1ana, 6 de septiembre, van a tener una conversaci\u00f3n en profundidad sobre el legado de la banda y el viaje de estos \u00faltimos siete a\u00f1os. \u00bfTe imaginas? Una banda con tanta historia, hablando sobre todo lo que han pasado y hacia d\u00f3nde van. Si eres fan de coraz\u00f3n, es algo que no te puedes perder.<\/p>\n\n\n\n<script async src=\"https:\/\/pagead2.googlesyndication.com\/pagead\/js\/adsbygoogle.js?client=ca-pub-5499304793904745\"\n     crossorigin=\"anonymous\"><\/script>\n<ins class=\"adsbygoogle\"\n     style=\"display:block; text-align:center;\"\n     data-ad-layout=\"in-article\"\n     data-ad-format=\"fluid\"\n     data-ad-client=\"ca-pub-5499304793904745\"\n     data-ad-slot=\"5994863093\"><\/ins>\n<script>\n     (adsbygoogle = window.adsbygoogle || []).push({});\n<\/script>\n\n\n\n<p>La entrevista promete ser s\u00faper emocional, llena de recuerdos y una mirada \u00edntima a lo que ha sido este proceso de volver a la m\u00fasica. Porque aunque suene clich\u00e9, ser fan de Linkin Park no es solo sobre escuchar sus canciones, es sobre crecer con ellos, sentir sus historias y encontrar refugio en sus letras. Todos hemos tenido esos momentos donde una canci\u00f3n de LP nos ha salvado o nos ha dado justo lo que necesit\u00e1bamos.<\/p>\n\n\n\n<h2 class=\"wp-block-heading\">The future looks bright<\/h2>\n\n\n\n<p><br>As\u00ed que aqu\u00ed estamos, a punto de embarcarnos en una nueva era de Linkin Park. El lanzamiento del \u00e1lbum est\u00e1 previsto para el 15 de noviembre, y la expectativa no podr\u00eda ser m\u00e1s alta. Los fans de todo el mundo est\u00e1n listos para ver qu\u00e9 nos trae esta nueva etapa, y con lo que hemos escuchado hasta ahora, podemos decir que va a ser \u00e9pico.<\/p>\n\n\n\n<script async src=\"https:\/\/pagead2.googlesyndication.com\/pagead\/js\/adsbygoogle.js?client=ca-pub-5499304793904745\"\n     crossorigin=\"anonymous\"><\/script>\n<ins class=\"adsbygoogle\"\n     style=\"display:block; text-align:center;\"\n     data-ad-layout=\"in-article\"\n     data-ad-format=\"fluid\"\n     data-ad-client=\"ca-pub-5499304793904745\"\n     data-ad-slot=\"5994863093\"><\/ins>\n<script>\n     (adsbygoogle = window.adsbygoogle || []).push({});\n<\/script>\n\n\n\n<p>No s\u00e9 t\u00fa, pero yo estoy m\u00e1s que listo para ver lo que viene. Ya sea que hayas sido fan desde los primeros d\u00edas de Hybrid Theory o te hayas subido al tren con One More Light, este es el momento de celebrar que Linkin Park est\u00e1 de regreso, m\u00e1s fuerte que nunca.<\/p>\n\n\n\n<script async src=\"https:\/\/pagead2.googlesyndication.com\/pagead\/js\/adsbygoogle.js?client=ca-pub-5499304793904745\"\n     crossorigin=\"anonymous\"><\/script>\n<ins class=\"adsbygoogle\"\n     style=\"display:block; text-align:center;\"\n     data-ad-layout=\"in-article\"\n     data-ad-format=\"fluid\"\n     data-ad-client=\"ca-pub-5499304793904745\"\n     data-ad-slot=\"5994863093\"><\/ins>\n<script>\n     (adsbygoogle = window.adsbygoogle || []).push({});\n<\/script>\n\n\n\n<p><\/p>\n\n\n\n<p>Si quieres m\u00e1s info sobre la gira, boletos o todo lo nuevo de la banda, no olvides checar su sitio oficial, LinkinPark.com. Prepara tus aud\u00edfonos, porque The Emptiness Machine ya est\u00e1 en todos lados, y el \u00e1lbum From Zero est\u00e1 a la vuelta de la esquina. Let\u2019s goooo!<\/p>\n\n<!--themify_builder_content-->\n<div id=\"themify_builder_content-83492\" data-postid=\"83492\" class=\"themify_builder_content themify_builder_content-83492 themify_builder tf_clear\">\n    <\/div>\n<!--\/themify_builder_content-->","protected":false},"excerpt":{"rendered":"<p>\u00a1Linkin Park is back, Chicxs! Despu\u00e9s de siete a\u00f1os sin lanzar nueva m\u00fasica, la banda ic\u00f3nica regresa y viene con todo. Si eres fan de LP \u00bfy qui\u00e9n no lo es?, prep\u00e1rate porque hay muchas sorpresas, y la nueva era de Linkin Park acaba de comenzar. Mike Shinoda, Brad Delson, Phoenix y Joe Hahn nos [&hellip;]<\/p>\n","protected":false},"author":2,"featured_media":83493,"comment_status":"open","ping_status":"open","sticky":false,"template":"","format":"standard","meta":{"_jetpack_memberships_contains_paid_content":false,"footnotes":"","jetpack_publicize_message":"","jetpack_publicize_feature_enabled":true,"jetpack_social_post_already_shared":true,"jetpack_social_options":{"image_generator_settings":{"template":"highway","default_image_id":0,"font":"","enabled":false},"version":2}},"categories":[117],"tags":[353,10212,10211,7120,10213],"class_list":["post-83492","post","type-post","status-publish","format-standard","has-post-thumbnail","hentry","category-entretenimiento","tag-album","tag-from-zero","tag-linkin-park","tag-nuevo-sencillo","tag-world-tour","has-post-title","has-post-date","has-post-category","has-post-tag","has-post-comment","has-post-author",""],"yoast_head":"<!-- This site is optimized with the Yoast SEO plugin v27.5 - https:\/\/yoast.com\/product\/yoast-seo-wordpress\/ -->\n<title>Linkin Park: \u00a1El Regreso \u00c9pico! - Zero Magazine<\/title>\n<meta name=\"robots\" content=\"index, follow, max-snippet:-1, max-image-preview:large, max-video-preview:-1\" \/>\n<link rel=\"canonical\" href=\"https:\/\/zeromagazine.mx\/index.php\/2024\/09\/09\/linkin-park-el-regreso-epico\/\" \/>\n<meta property=\"og:locale\" content=\"es_ES\" \/>\n<meta property=\"og:type\" content=\"article\" \/>\n<meta property=\"og:title\" content=\"Linkin Park: \u00a1El Regreso \u00c9pico! - Zero Magazine\" \/>\n<meta property=\"og:description\" content=\"\u00a1Linkin Park is back, Chicxs! Despu\u00e9s de siete a\u00f1os sin lanzar nueva m\u00fasica, la banda ic\u00f3nica regresa y viene con todo. Si eres fan de LP \u00bfy qui\u00e9n no lo es?, prep\u00e1rate porque hay muchas sorpresas, y la nueva era de Linkin Park acaba de comenzar. Mike Shinoda, Brad Delson, Phoenix y Joe Hahn nos [&hellip;]\" \/>\n<meta property=\"og:url\" content=\"https:\/\/zeromagazine.mx\/index.php\/2024\/09\/09\/linkin-park-el-regreso-epico\/\" \/>\n<meta property=\"og:site_name\" content=\"Zero Magazine\" \/>\n<meta property=\"article:published_time\" content=\"2024-09-09T21:15:05+00:00\" \/>\n<meta property=\"article:modified_time\" content=\"2024-09-09T21:15:06+00:00\" \/>\n<meta property=\"og:image\" content=\"https:\/\/i0.wp.com\/zeromagazine.mx\/wp-content\/uploads\/2024\/09\/unnamed-17-scaled.jpg?fit=2560%2C1919&ssl=1\" \/>\n\t<meta property=\"og:image:width\" content=\"2560\" \/>\n\t<meta property=\"og:image:height\" content=\"1919\" \/>\n\t<meta property=\"og:image:type\" content=\"image\/jpeg\" \/>\n<meta name=\"author\" content=\"zeromagazinemx\" \/>\n<meta name=\"twitter:card\" content=\"summary_large_image\" \/>\n<meta name=\"twitter:label1\" content=\"Escrito por\" \/>\n\t<meta name=\"twitter:data1\" content=\"zeromagazinemx\" \/>\n\t<meta name=\"twitter:label2\" content=\"Tiempo de lectura\" \/>\n\t<meta name=\"twitter:data2\" content=\"6 minutos\" \/>\n<script type=\"application\/ld+json\" class=\"yoast-schema-graph\">{\"@context\":\"https:\\\/\\\/schema.org\",\"@graph\":[{\"@type\":\"Article\",\"@id\":\"https:\\\/\\\/zeromagazine.mx\\\/index.php\\\/2024\\\/09\\\/09\\\/linkin-park-el-regreso-epico\\\/#article\",\"isPartOf\":{\"@id\":\"https:\\\/\\\/zeromagazine.mx\\\/index.php\\\/2024\\\/09\\\/09\\\/linkin-park-el-regreso-epico\\\/\"},\"author\":{\"name\":\"zeromagazinemx\",\"@id\":\"https:\\\/\\\/zeromagazine.mx\\\/#\\\/schema\\\/person\\\/9aed9f33a7c39af3a348b86d723f7773\"},\"headline\":\"Linkin Park: \u00a1El Regreso \u00c9pico!\",\"datePublished\":\"2024-09-09T21:15:05+00:00\",\"dateModified\":\"2024-09-09T21:15:06+00:00\",\"mainEntityOfPage\":{\"@id\":\"https:\\\/\\\/zeromagazine.mx\\\/index.php\\\/2024\\\/09\\\/09\\\/linkin-park-el-regreso-epico\\\/\"},\"wordCount\":1127,\"commentCount\":0,\"publisher\":{\"@id\":\"https:\\\/\\\/zeromagazine.mx\\\/#organization\"},\"image\":{\"@id\":\"https:\\\/\\\/zeromagazine.mx\\\/index.php\\\/2024\\\/09\\\/09\\\/linkin-park-el-regreso-epico\\\/#primaryimage\"},\"thumbnailUrl\":\"https:\\\/\\\/i0.wp.com\\\/zeromagazine.mx\\\/wp-content\\\/uploads\\\/2024\\\/09\\\/unnamed-17-scaled.jpg?fit=2560%2C1919&ssl=1\",\"keywords\":[\"\u00c1lbum\",\"From Zero\",\"Linkin Park\",\"Nuevo Sencillo\",\"World Tour\"],\"articleSection\":[\"Entretenimiento\"],\"inLanguage\":\"es\",\"potentialAction\":[{\"@type\":\"CommentAction\",\"name\":\"Comment\",\"target\":[\"https:\\\/\\\/zeromagazine.mx\\\/index.php\\\/2024\\\/09\\\/09\\\/linkin-park-el-regreso-epico\\\/#respond\"]}]},{\"@type\":\"WebPage\",\"@id\":\"https:\\\/\\\/zeromagazine.mx\\\/index.php\\\/2024\\\/09\\\/09\\\/linkin-park-el-regreso-epico\\\/\",\"url\":\"https:\\\/\\\/zeromagazine.mx\\\/index.php\\\/2024\\\/09\\\/09\\\/linkin-park-el-regreso-epico\\\/\",\"name\":\"Linkin Park: \u00a1El Regreso \u00c9pico! - Zero Magazine\",\"isPartOf\":{\"@id\":\"https:\\\/\\\/zeromagazine.mx\\\/#website\"},\"primaryImageOfPage\":{\"@id\":\"https:\\\/\\\/zeromagazine.mx\\\/index.php\\\/2024\\\/09\\\/09\\\/linkin-park-el-regreso-epico\\\/#primaryimage\"},\"image\":{\"@id\":\"https:\\\/\\\/zeromagazine.mx\\\/index.php\\\/2024\\\/09\\\/09\\\/linkin-park-el-regreso-epico\\\/#primaryimage\"},\"thumbnailUrl\":\"https:\\\/\\\/i0.wp.com\\\/zeromagazine.mx\\\/wp-content\\\/uploads\\\/2024\\\/09\\\/unnamed-17-scaled.jpg?fit=2560%2C1919&ssl=1\",\"datePublished\":\"2024-09-09T21:15:05+00:00\",\"dateModified\":\"2024-09-09T21:15:06+00:00\",\"breadcrumb\":{\"@id\":\"https:\\\/\\\/zeromagazine.mx\\\/index.php\\\/2024\\\/09\\\/09\\\/linkin-park-el-regreso-epico\\\/#breadcrumb\"},\"inLanguage\":\"es\",\"potentialAction\":[{\"@type\":\"ReadAction\",\"target\":[\"https:\\\/\\\/zeromagazine.mx\\\/index.php\\\/2024\\\/09\\\/09\\\/linkin-park-el-regreso-epico\\\/\"]}]},{\"@type\":\"ImageObject\",\"inLanguage\":\"es\",\"@id\":\"https:\\\/\\\/zeromagazine.mx\\\/index.php\\\/2024\\\/09\\\/09\\\/linkin-park-el-regreso-epico\\\/#primaryimage\",\"url\":\"https:\\\/\\\/i0.wp.com\\\/zeromagazine.mx\\\/wp-content\\\/uploads\\\/2024\\\/09\\\/unnamed-17-scaled.jpg?fit=2560%2C1919&ssl=1\",\"contentUrl\":\"https:\\\/\\\/i0.wp.com\\\/zeromagazine.mx\\\/wp-content\\\/uploads\\\/2024\\\/09\\\/unnamed-17-scaled.jpg?fit=2560%2C1919&ssl=1\",\"width\":2560,\"height\":1919},{\"@type\":\"BreadcrumbList\",\"@id\":\"https:\\\/\\\/zeromagazine.mx\\\/index.php\\\/2024\\\/09\\\/09\\\/linkin-park-el-regreso-epico\\\/#breadcrumb\",\"itemListElement\":[{\"@type\":\"ListItem\",\"position\":1,\"name\":\"Portada\",\"item\":\"https:\\\/\\\/zeromagazine.mx\\\/\"},{\"@type\":\"ListItem\",\"position\":2,\"name\":\"Linkin Park: \u00a1El Regreso \u00c9pico!\"}]},{\"@type\":\"WebSite\",\"@id\":\"https:\\\/\\\/zeromagazine.mx\\\/#website\",\"url\":\"https:\\\/\\\/zeromagazine.mx\\\/\",\"name\":\"Zero Magazine\",\"description\":\"\",\"publisher\":{\"@id\":\"https:\\\/\\\/zeromagazine.mx\\\/#organization\"},\"potentialAction\":[{\"@type\":\"SearchAction\",\"target\":{\"@type\":\"EntryPoint\",\"urlTemplate\":\"https:\\\/\\\/zeromagazine.mx\\\/?s={search_term_string}\"},\"query-input\":{\"@type\":\"PropertyValueSpecification\",\"valueRequired\":true,\"valueName\":\"search_term_string\"}}],\"inLanguage\":\"es\"},{\"@type\":\"Organization\",\"@id\":\"https:\\\/\\\/zeromagazine.mx\\\/#organization\",\"name\":\"Zero Magazine\",\"url\":\"https:\\\/\\\/zeromagazine.mx\\\/\",\"logo\":{\"@type\":\"ImageObject\",\"inLanguage\":\"es\",\"@id\":\"https:\\\/\\\/zeromagazine.mx\\\/#\\\/schema\\\/logo\\\/image\\\/\",\"url\":\"https:\\\/\\\/i0.wp.com\\\/zeromagazine.mx\\\/wp-content\\\/uploads\\\/2025\\\/11\\\/1.jpeg?fit=1000%2C1000&ssl=1\",\"contentUrl\":\"https:\\\/\\\/i0.wp.com\\\/zeromagazine.mx\\\/wp-content\\\/uploads\\\/2025\\\/11\\\/1.jpeg?fit=1000%2C1000&ssl=1\",\"width\":1000,\"height\":1000,\"caption\":\"Zero Magazine\"},\"image\":{\"@id\":\"https:\\\/\\\/zeromagazine.mx\\\/#\\\/schema\\\/logo\\\/image\\\/\"},\"sameAs\":[\"https:\\\/\\\/instagram.com\\\/zeromagazinemx\"]},{\"@type\":\"Person\",\"@id\":\"https:\\\/\\\/zeromagazine.mx\\\/#\\\/schema\\\/person\\\/9aed9f33a7c39af3a348b86d723f7773\",\"name\":\"zeromagazinemx\",\"image\":{\"@type\":\"ImageObject\",\"inLanguage\":\"es\",\"@id\":\"https:\\\/\\\/zeromagazine.mx\\\/wp-content\\\/litespeed\\\/avatar\\\/f91dfe5410d5dcb1a576bf8c45983896.jpg?ver=1777571230\",\"url\":\"https:\\\/\\\/zeromagazine.mx\\\/wp-content\\\/litespeed\\\/avatar\\\/f91dfe5410d5dcb1a576bf8c45983896.jpg?ver=1777571230\",\"contentUrl\":\"https:\\\/\\\/zeromagazine.mx\\\/wp-content\\\/litespeed\\\/avatar\\\/f91dfe5410d5dcb1a576bf8c45983896.jpg?ver=1777571230\",\"caption\":\"zeromagazinemx\"},\"url\":\"https:\\\/\\\/zeromagazine.mx\\\/index.php\\\/author\\\/zeromagazinemx\\\/\"}]}<\/script>\n<!-- \/ Yoast SEO plugin. -->","yoast_head_json":{"title":"Linkin Park: \u00a1El Regreso \u00c9pico! - Zero Magazine","robots":{"index":"index","follow":"follow","max-snippet":"max-snippet:-1","max-image-preview":"max-image-preview:large","max-video-preview":"max-video-preview:-1"},"canonical":"https:\/\/zeromagazine.mx\/index.php\/2024\/09\/09\/linkin-park-el-regreso-epico\/","og_locale":"es_ES","og_type":"article","og_title":"Linkin Park: \u00a1El Regreso \u00c9pico! - Zero Magazine","og_description":"\u00a1Linkin Park is back, Chicxs! Despu\u00e9s de siete a\u00f1os sin lanzar nueva m\u00fasica, la banda ic\u00f3nica regresa y viene con todo. Si eres fan de LP \u00bfy qui\u00e9n no lo es?, prep\u00e1rate porque hay muchas sorpresas, y la nueva era de Linkin Park acaba de comenzar. Mike Shinoda, Brad Delson, Phoenix y Joe Hahn nos [&hellip;]","og_url":"https:\/\/zeromagazine.mx\/index.php\/2024\/09\/09\/linkin-park-el-regreso-epico\/","og_site_name":"Zero Magazine","article_published_time":"2024-09-09T21:15:05+00:00","article_modified_time":"2024-09-09T21:15:06+00:00","og_image":[{"width":2560,"height":1919,"url":"https:\/\/i0.wp.com\/zeromagazine.mx\/wp-content\/uploads\/2024\/09\/unnamed-17-scaled.jpg?fit=2560%2C1919&ssl=1","type":"image\/jpeg"}],"author":"zeromagazinemx","twitter_card":"summary_large_image","twitter_misc":{"Escrito por":"zeromagazinemx","Tiempo de lectura":"6 minutos"},"schema":{"@context":"https:\/\/schema.org","@graph":[{"@type":"Article","@id":"https:\/\/zeromagazine.mx\/index.php\/2024\/09\/09\/linkin-park-el-regreso-epico\/#article","isPartOf":{"@id":"https:\/\/zeromagazine.mx\/index.php\/2024\/09\/09\/linkin-park-el-regreso-epico\/"},"author":{"name":"zeromagazinemx","@id":"https:\/\/zeromagazine.mx\/#\/schema\/person\/9aed9f33a7c39af3a348b86d723f7773"},"headline":"Linkin Park: \u00a1El Regreso \u00c9pico!","datePublished":"2024-09-09T21:15:05+00:00","dateModified":"2024-09-09T21:15:06+00:00","mainEntityOfPage":{"@id":"https:\/\/zeromagazine.mx\/index.php\/2024\/09\/09\/linkin-park-el-regreso-epico\/"},"wordCount":1127,"commentCount":0,"publisher":{"@id":"https:\/\/zeromagazine.mx\/#organization"},"image":{"@id":"https:\/\/zeromagazine.mx\/index.php\/2024\/09\/09\/linkin-park-el-regreso-epico\/#primaryimage"},"thumbnailUrl":"https:\/\/i0.wp.com\/zeromagazine.mx\/wp-content\/uploads\/2024\/09\/unnamed-17-scaled.jpg?fit=2560%2C1919&ssl=1","keywords":["\u00c1lbum","From Zero","Linkin Park","Nuevo Sencillo","World Tour"],"articleSection":["Entretenimiento"],"inLanguage":"es","potentialAction":[{"@type":"CommentAction","name":"Comment","target":["https:\/\/zeromagazine.mx\/index.php\/2024\/09\/09\/linkin-park-el-regreso-epico\/#respond"]}]},{"@type":"WebPage","@id":"https:\/\/zeromagazine.mx\/index.php\/2024\/09\/09\/linkin-park-el-regreso-epico\/","url":"https:\/\/zeromagazine.mx\/index.php\/2024\/09\/09\/linkin-park-el-regreso-epico\/","name":"Linkin Park: \u00a1El Regreso \u00c9pico! - Zero Magazine","isPartOf":{"@id":"https:\/\/zeromagazine.mx\/#website"},"primaryImageOfPage":{"@id":"https:\/\/zeromagazine.mx\/index.php\/2024\/09\/09\/linkin-park-el-regreso-epico\/#primaryimage"},"image":{"@id":"https:\/\/zeromagazine.mx\/index.php\/2024\/09\/09\/linkin-park-el-regreso-epico\/#primaryimage"},"thumbnailUrl":"https:\/\/i0.wp.com\/zeromagazine.mx\/wp-content\/uploads\/2024\/09\/unnamed-17-scaled.jpg?fit=2560%2C1919&ssl=1","datePublished":"2024-09-09T21:15:05+00:00","dateModified":"2024-09-09T21:15:06+00:00","breadcrumb":{"@id":"https:\/\/zeromagazine.mx\/index.php\/2024\/09\/09\/linkin-park-el-regreso-epico\/#breadcrumb"},"inLanguage":"es","potentialAction":[{"@type":"ReadAction","target":["https:\/\/zeromagazine.mx\/index.php\/2024\/09\/09\/linkin-park-el-regreso-epico\/"]}]},{"@type":"ImageObject","inLanguage":"es","@id":"https:\/\/zeromagazine.mx\/index.php\/2024\/09\/09\/linkin-park-el-regreso-epico\/#primaryimage","url":"https:\/\/i0.wp.com\/zeromagazine.mx\/wp-content\/uploads\/2024\/09\/unnamed-17-scaled.jpg?fit=2560%2C1919&ssl=1","contentUrl":"https:\/\/i0.wp.com\/zeromagazine.mx\/wp-content\/uploads\/2024\/09\/unnamed-17-scaled.jpg?fit=2560%2C1919&ssl=1","width":2560,"height":1919},{"@type":"BreadcrumbList","@id":"https:\/\/zeromagazine.mx\/index.php\/2024\/09\/09\/linkin-park-el-regreso-epico\/#breadcrumb","itemListElement":[{"@type":"ListItem","position":1,"name":"Portada","item":"https:\/\/zeromagazine.mx\/"},{"@type":"ListItem","position":2,"name":"Linkin Park: \u00a1El Regreso \u00c9pico!"}]},{"@type":"WebSite","@id":"https:\/\/zeromagazine.mx\/#website","url":"https:\/\/zeromagazine.mx\/","name":"Zero Magazine","description":"","publisher":{"@id":"https:\/\/zeromagazine.mx\/#organization"},"potentialAction":[{"@type":"SearchAction","target":{"@type":"EntryPoint","urlTemplate":"https:\/\/zeromagazine.mx\/?s={search_term_string}"},"query-input":{"@type":"PropertyValueSpecification","valueRequired":true,"valueName":"search_term_string"}}],"inLanguage":"es"},{"@type":"Organization","@id":"https:\/\/zeromagazine.mx\/#organization","name":"Zero Magazine","url":"https:\/\/zeromagazine.mx\/","logo":{"@type":"ImageObject","inLanguage":"es","@id":"https:\/\/zeromagazine.mx\/#\/schema\/logo\/image\/","url":"https:\/\/i0.wp.com\/zeromagazine.mx\/wp-content\/uploads\/2025\/11\/1.jpeg?fit=1000%2C1000&ssl=1","contentUrl":"https:\/\/i0.wp.com\/zeromagazine.mx\/wp-content\/uploads\/2025\/11\/1.jpeg?fit=1000%2C1000&ssl=1","width":1000,"height":1000,"caption":"Zero Magazine"},"image":{"@id":"https:\/\/zeromagazine.mx\/#\/schema\/logo\/image\/"},"sameAs":["https:\/\/instagram.com\/zeromagazinemx"]},{"@type":"Person","@id":"https:\/\/zeromagazine.mx\/#\/schema\/person\/9aed9f33a7c39af3a348b86d723f7773","name":"zeromagazinemx","image":{"@type":"ImageObject","inLanguage":"es","@id":"https:\/\/zeromagazine.mx\/wp-content\/litespeed\/avatar\/f91dfe5410d5dcb1a576bf8c45983896.jpg?ver=1777571230","url":"https:\/\/zeromagazine.mx\/wp-content\/litespeed\/avatar\/f91dfe5410d5dcb1a576bf8c45983896.jpg?ver=1777571230","contentUrl":"https:\/\/zeromagazine.mx\/wp-content\/litespeed\/avatar\/f91dfe5410d5dcb1a576bf8c45983896.jpg?ver=1777571230","caption":"zeromagazinemx"},"url":"https:\/\/zeromagazine.mx\/index.php\/author\/zeromagazinemx\/"}]}},"jetpack_publicize_connections":[],"jetpack_featured_media_url":"https:\/\/i0.wp.com\/zeromagazine.mx\/wp-content\/uploads\/2024\/09\/unnamed-17-scaled.jpg?fit=2560%2C1919&ssl=1","jetpack-related-posts":[{"id":91205,"url":"https:\/\/zeromagazine.mx\/index.php\/2024\/11\/19\/linkin-park-from-zero-vibes\/","url_meta":{"origin":83492,"position":0},"title":"\u00abLinkin Park: From Zero Vibes\u00bb","author":"zeromagazinemx","date":"19 de noviembre de 2024","format":false,"excerpt":"\u00a1Linkin Park est\u00e1 de vuelta! Y no estamos hablando de una vuelta cualquiera, sino de una que nos tiene a todos hypeados y con expectativas alt\u00edsimas. Despu\u00e9s de casi siete a\u00f1os de espera, la banda de rock m\u00e1s influyente de los 2000s, compuesta por Mike Shinoda, Brad Delson, Dave \"Phoenix\"\u2026","rel":"","context":"En \u00abEntretenimiento\u00bb","block_context":{"text":"Entretenimiento","link":"https:\/\/zeromagazine.mx\/index.php\/category\/entretenimiento\/"},"img":{"alt_text":"","src":"https:\/\/i0.wp.com\/zeromagazine.mx\/wp-content\/uploads\/2024\/11\/LP_FZ_ALBUM-COVER.jpg?fit=1200%2C1200&ssl=1&resize=350%2C200","width":350,"height":200,"srcset":"https:\/\/i0.wp.com\/zeromagazine.mx\/wp-content\/uploads\/2024\/11\/LP_FZ_ALBUM-COVER.jpg?fit=1200%2C1200&ssl=1&resize=350%2C200 1x, https:\/\/i0.wp.com\/zeromagazine.mx\/wp-content\/uploads\/2024\/11\/LP_FZ_ALBUM-COVER.jpg?fit=1200%2C1200&ssl=1&resize=525%2C300 1.5x, https:\/\/i0.wp.com\/zeromagazine.mx\/wp-content\/uploads\/2024\/11\/LP_FZ_ALBUM-COVER.jpg?fit=1200%2C1200&ssl=1&resize=700%2C400 2x, https:\/\/i0.wp.com\/zeromagazine.mx\/wp-content\/uploads\/2024\/11\/LP_FZ_ALBUM-COVER.jpg?fit=1200%2C1200&ssl=1&resize=1050%2C600 3x"},"classes":[]},{"id":84818,"url":"https:\/\/zeromagazine.mx\/index.php\/2024\/09\/27\/linkin-park-x-lol-epico-regreso\/","url_meta":{"origin":83492,"position":1},"title":"\u00abLinkin Park x LoL: \u00c9pico Regreso\u00bb","author":"zeromagazinemx","date":"27 de septiembre de 2024","format":false,"excerpt":"Linkin Park est\u00e1 de vuelta y, honestamente, est\u00e1n arrasando m\u00e1s que nunca. Si pensabas que la banda se hab\u00eda quedado en el pasado, est\u00e1s s\u00faper equivocado, porque acaban de anunciar\u00a0\"Heavy Is The Crown\",\u00a0su nuevo single, que ser\u00e1 el himno oficial del Campeonato Mundial 2024 de\u00a0League of Legends. Yeah, baby, los\u2026","rel":"","context":"En \u00abEntretenimiento\u00bb","block_context":{"text":"Entretenimiento","link":"https:\/\/zeromagazine.mx\/index.php\/category\/entretenimiento\/"},"img":{"alt_text":"","src":"https:\/\/i0.wp.com\/zeromagazine.mx\/wp-content\/uploads\/2024\/09\/James-Minchin_240528_JM_SHOT_04_0058-RETOUCH-1-scaled.jpg?fit=1200%2C900&ssl=1&resize=350%2C200","width":350,"height":200,"srcset":"https:\/\/i0.wp.com\/zeromagazine.mx\/wp-content\/uploads\/2024\/09\/James-Minchin_240528_JM_SHOT_04_0058-RETOUCH-1-scaled.jpg?fit=1200%2C900&ssl=1&resize=350%2C200 1x, https:\/\/i0.wp.com\/zeromagazine.mx\/wp-content\/uploads\/2024\/09\/James-Minchin_240528_JM_SHOT_04_0058-RETOUCH-1-scaled.jpg?fit=1200%2C900&ssl=1&resize=525%2C300 1.5x, https:\/\/i0.wp.com\/zeromagazine.mx\/wp-content\/uploads\/2024\/09\/James-Minchin_240528_JM_SHOT_04_0058-RETOUCH-1-scaled.jpg?fit=1200%2C900&ssl=1&resize=700%2C400 2x, https:\/\/i0.wp.com\/zeromagazine.mx\/wp-content\/uploads\/2024\/09\/James-Minchin_240528_JM_SHOT_04_0058-RETOUCH-1-scaled.jpg?fit=1200%2C900&ssl=1&resize=1050%2C600 3x"},"classes":[]},{"id":107884,"url":"https:\/\/zeromagazine.mx\/index.php\/2025\/09\/12\/corona-capital-2025-nuevos-lanzamientos\/","url_meta":{"origin":83492,"position":2},"title":"Corona Capital 2025: Lo nuevo que escuchar\u00e1s en vivo","author":"David Morales","date":"12 de septiembre de 2025","format":false,"excerpt":"El Corona Capital 2025 no solo trae un cartel de leyendas y artistas virales, tambi\u00e9n ser\u00e1 el spot donde estrenan sus rolas m\u00e1s esperadas. Prep\u00e1rate porque este noviembre, en la Curva 4 del Aut\u00f3dromo Hermanos Rodr\u00edguez, la m\u00fasica se sentir\u00e1 m\u00e1s fresca que nunca. El Corona Capital 2025 y Regresos\u2026","rel":"","context":"En \u00abEntretenimiento\u00bb","block_context":{"text":"Entretenimiento","link":"https:\/\/zeromagazine.mx\/index.php\/category\/entretenimiento\/"},"img":{"alt_text":"","src":"https:\/\/i0.wp.com\/zeromagazine.mx\/wp-content\/uploads\/2025\/09\/img_8218.jpg?fit=1080%2C1080&ssl=1&resize=350%2C200","width":350,"height":200,"srcset":"https:\/\/i0.wp.com\/zeromagazine.mx\/wp-content\/uploads\/2025\/09\/img_8218.jpg?fit=1080%2C1080&ssl=1&resize=350%2C200 1x, https:\/\/i0.wp.com\/zeromagazine.mx\/wp-content\/uploads\/2025\/09\/img_8218.jpg?fit=1080%2C1080&ssl=1&resize=525%2C300 1.5x, https:\/\/i0.wp.com\/zeromagazine.mx\/wp-content\/uploads\/2025\/09\/img_8218.jpg?fit=1080%2C1080&ssl=1&resize=700%2C400 2x, https:\/\/i0.wp.com\/zeromagazine.mx\/wp-content\/uploads\/2025\/09\/img_8218.jpg?fit=1080%2C1080&ssl=1&resize=1050%2C600 3x"},"classes":[]},{"id":51664,"url":"https:\/\/zeromagazine.mx\/index.php\/2021\/08\/06\/a-ver-si-asi-te-olvido-la-nueva-cancion-de-dani-bander-para-corazones-dolientes\/","url_meta":{"origin":83492,"position":3},"title":"\u201cA ver si as\u00ed te olvido\u201d, la nueva canci\u00f3n de Dani Bander para corazones dolientes","author":"zeromagazinemx","date":"6 de agosto de 2021","format":false,"excerpt":"Dani Bander es un m\u00fasico mexicano que en 2005 fund\u00f3 la banda de rock indie La Banderville, con quienes edit\u00f3 El Seminuevo de Manzana (2010), Mutante Adolescente (2012) y La Conservaci\u00f3n de la Materia (2014) y se present\u00f3 en innumerables escenarios como el del Festival Marvin, la Semana de las\u2026","rel":"","context":"En \u00abEntretenimiento\u00bb","block_context":{"text":"Entretenimiento","link":"https:\/\/zeromagazine.mx\/index.php\/category\/entretenimiento\/"},"img":{"alt_text":"","src":"https:\/\/i0.wp.com\/img.youtube.com\/vi\/r9R2UuHp_cM\/0.jpg?resize=350%2C200","width":350,"height":200},"classes":[]},{"id":79511,"url":"https:\/\/zeromagazine.mx\/index.php\/2024\/06\/27\/awolnation-regresa-con-the-phantom-five\/","url_meta":{"origin":83492,"position":4},"title":"AWOLNATION Regresa con \u00abThe Phantom Five\u00bb","author":"zeromagazinemx","date":"27 de junio de 2024","format":false,"excerpt":"AWOLNATION est\u00e1 de regreso y no podr\u00edamos estar m\u00e1s emocionadxs. Han anunciado su pr\u00f3ximo \u00e1lbum titulado \"The Phantom Five\", que se lanzar\u00e1 el 30 de agosto. Pero eso no es todo, hoy nos sorprendieron con el estreno del sencillo \"Jump Sit Stand March\", donde colabora Emily Armstrong de Dead Sara.\u2026","rel":"","context":"En \u00abEntretenimiento\u00bb","block_context":{"text":"Entretenimiento","link":"https:\/\/zeromagazine.mx\/index.php\/category\/entretenimiento\/"},"img":{"alt_text":"","src":"https:\/\/i0.wp.com\/zeromagazine.mx\/wp-content\/uploads\/2024\/06\/Credit_Xan-Doane_5E4A0741-scaled.jpg?fit=1200%2C822&ssl=1&resize=350%2C200","width":350,"height":200,"srcset":"https:\/\/i0.wp.com\/zeromagazine.mx\/wp-content\/uploads\/2024\/06\/Credit_Xan-Doane_5E4A0741-scaled.jpg?fit=1200%2C822&ssl=1&resize=350%2C200 1x, https:\/\/i0.wp.com\/zeromagazine.mx\/wp-content\/uploads\/2024\/06\/Credit_Xan-Doane_5E4A0741-scaled.jpg?fit=1200%2C822&ssl=1&resize=525%2C300 1.5x, https:\/\/i0.wp.com\/zeromagazine.mx\/wp-content\/uploads\/2024\/06\/Credit_Xan-Doane_5E4A0741-scaled.jpg?fit=1200%2C822&ssl=1&resize=700%2C400 2x, https:\/\/i0.wp.com\/zeromagazine.mx\/wp-content\/uploads\/2024\/06\/Credit_Xan-Doane_5E4A0741-scaled.jpg?fit=1200%2C822&ssl=1&resize=1050%2C600 3x"},"classes":[]},{"id":111147,"url":"https:\/\/zeromagazine.mx\/index.php\/2025\/11\/21\/corona-capital-100-anos\/","url_meta":{"origin":83492,"position":5},"title":"Corona celebr\u00f3 100 a\u00f1os de historia con la 15va edici\u00f3n de Corona Capital en CDMX","author":"David Morales","date":"21 de noviembre de 2025","format":false,"excerpt":"Corona Capital Celebr\u00f3 100 A\u00f1os Si algo dej\u00f3 claro este a\u00f1o es que cuando\u00a0Corona Capital\u00a0decide festejar, lo hace a lo grande. Y no solo por ser la edici\u00f3n n\u00famero 15, sino porque coincidi\u00f3 con un momento gigante: los 100 a\u00f1os de Corona, una de las marcas m\u00e1s ic\u00f3nicas del pa\u00eds.\u2026","rel":"","context":"En \u00abEntretenimiento\u00bb","block_context":{"text":"Entretenimiento","link":"https:\/\/zeromagazine.mx\/index.php\/category\/entretenimiento\/"},"img":{"alt_text":"","src":"https:\/\/i0.wp.com\/zeromagazine.mx\/wp-content\/uploads\/2025\/11\/IMG_0620-scaled.jpeg?fit=1200%2C800&ssl=1&resize=350%2C200","width":350,"height":200,"srcset":"https:\/\/i0.wp.com\/zeromagazine.mx\/wp-content\/uploads\/2025\/11\/IMG_0620-scaled.jpeg?fit=1200%2C800&ssl=1&resize=350%2C200 1x, https:\/\/i0.wp.com\/zeromagazine.mx\/wp-content\/uploads\/2025\/11\/IMG_0620-scaled.jpeg?fit=1200%2C800&ssl=1&resize=525%2C300 1.5x, https:\/\/i0.wp.com\/zeromagazine.mx\/wp-content\/uploads\/2025\/11\/IMG_0620-scaled.jpeg?fit=1200%2C800&ssl=1&resize=700%2C400 2x, https:\/\/i0.wp.com\/zeromagazine.mx\/wp-content\/uploads\/2025\/11\/IMG_0620-scaled.jpeg?fit=1200%2C800&ssl=1&resize=1050%2C600 3x"},"classes":[]}],"jetpack_sharing_enabled":true,"builder_content":"","_links":{"self":[{"href":"https:\/\/zeromagazine.mx\/index.php\/wp-json\/wp\/v2\/posts\/83492","targetHints":{"allow":["GET"]}}],"collection":[{"href":"https:\/\/zeromagazine.mx\/index.php\/wp-json\/wp\/v2\/posts"}],"about":[{"href":"https:\/\/zeromagazine.mx\/index.php\/wp-json\/wp\/v2\/types\/post"}],"author":[{"embeddable":true,"href":"https:\/\/zeromagazine.mx\/index.php\/wp-json\/wp\/v2\/users\/2"}],"replies":[{"embeddable":true,"href":"https:\/\/zeromagazine.mx\/index.php\/wp-json\/wp\/v2\/comments?post=83492"}],"version-history":[{"count":2,"href":"https:\/\/zeromagazine.mx\/index.php\/wp-json\/wp\/v2\/posts\/83492\/revisions"}],"predecessor-version":[{"id":83496,"href":"https:\/\/zeromagazine.mx\/index.php\/wp-json\/wp\/v2\/posts\/83492\/revisions\/83496"}],"wp:featuredmedia":[{"embeddable":true,"href":"https:\/\/zeromagazine.mx\/index.php\/wp-json\/wp\/v2\/media\/83493"}],"wp:attachment":[{"href":"https:\/\/zeromagazine.mx\/index.php\/wp-json\/wp\/v2\/media?parent=83492"}],"wp:term":[{"taxonomy":"category","embeddable":true,"href":"https:\/\/zeromagazine.mx\/index.php\/wp-json\/wp\/v2\/categories?post=83492"},{"taxonomy":"post_tag","embeddable":true,"href":"https:\/\/zeromagazine.mx\/index.php\/wp-json\/wp\/v2\/tags?post=83492"}],"curies":[{"name":"wp","href":"https:\/\/api.w.org\/{rel}","templated":true}]}}