{"id":83497,"date":"2024-09-09T23:49:03","date_gmt":"2024-09-09T21:49:03","guid":{"rendered":"https:\/\/zeromagazine.mx\/?p=83497"},"modified":"2024-09-09T23:51:44","modified_gmt":"2024-09-09T21:51:44","slug":"nikon-z6iii-la-sensacion-en-mexico","status":"publish","type":"post","link":"https:\/\/zeromagazine.mx\/index.php\/2024\/09\/09\/nikon-z6iii-la-sensacion-en-mexico\/","title":{"rendered":"Nikon Z6III: \u00a1La Sensaci\u00f3n en M\u00e9xico!"},"content":{"rendered":"<p>\u00bfSab\u00edas que la nueva c\u00e1mara sin espejo de Nikon est\u00e1 revolucionando M\u00e9xico? Ayer, en un evento con toda la vibra de la cultura mexicana, la Nikon Z6III hizo su debut en nuestro pa\u00eds, y la emoci\u00f3n fue palpable. En el Centro Cultural Estaci\u00f3n Indianilla, entre fot\u00f3grafos, creadores de contenido y hasta luchadores, la nueva c\u00e1mara se present\u00f3 como la gran novedad en el mundo de la fotograf\u00eda y el video. \u00bfQuieres saber por qu\u00e9 todo el mundo est\u00e1 hablando de esta c\u00e1mara? Sigue leyendo y te cuento todos los detalles.<\/p>\n\n\n\n<h2 class=\"wp-block-heading\">Un Game Changer en la Fotograf\u00eda<\/h2>\n\n\n\n<p>La Nikon Z6III es la primera c\u00e1mara en el mundo con un sensor parcialmente apilado, lo que le permite ofrecer un rendimiento de otro nivel. \u00a1S\u00ed, lo le\u00edste bien! Este sensor permite una lectura ultrarr\u00e1pida que se traduce en velocidades de cuadros alt\u00edsimas, tanto para fotos como para videos. Si eres de los que siempre anda buscando la mejor calidad en sus tomas, esta c\u00e1mara es tu nueva mejor amiga.<\/p>\n\n\n<div class=\"wp-block-image\">\n<figure class=\"aligncenter size-full\"><img data-recalc-dims=\"1\" decoding=\"async\" width=\"1165\" height=\"776\" src=\"https:\/\/i0.wp.com\/zeromagazine.mx\/wp-content\/uploads\/2024\/09\/Prueba-Nikon-Z-6III.jpg?resize=1165%2C776&#038;ssl=1\" alt=\"\" class=\"wp-image-83502\" srcset=\"https:\/\/i0.wp.com\/zeromagazine.mx\/wp-content\/uploads\/2024\/09\/Prueba-Nikon-Z-6III.jpg?w=1250&amp;ssl=1 1250w, https:\/\/i0.wp.com\/zeromagazine.mx\/wp-content\/uploads\/2024\/09\/Prueba-Nikon-Z-6III.jpg?resize=300%2C200&amp;ssl=1 300w, https:\/\/i0.wp.com\/zeromagazine.mx\/wp-content\/uploads\/2024\/09\/Prueba-Nikon-Z-6III.jpg?resize=1024%2C682&amp;ssl=1 1024w, https:\/\/i0.wp.com\/zeromagazine.mx\/wp-content\/uploads\/2024\/09\/Prueba-Nikon-Z-6III.jpg?resize=768%2C512&amp;ssl=1 768w\" sizes=\"(max-width: 1165px) 100vw, 1165px\" \/><\/figure>\n<\/div>\n\n\n<p><\/p>\n\n\n\n<p>Fumiko Kawabata, la Vicepresidenta de Nikon Inc., estuvo en el evento y nos dio un sneak peek de lo que nos espera. Ella coment\u00f3 que \u201cdesde que concebimos este equipo, lo hicimos buscando superar expectativas y establecer una nueva referencia\u201d. Es decir, Nikon quiere atraer a todos esos j\u00f3venes creativos que buscan un equipo vers\u00e1til y potente. La Z 6III est\u00e1 dise\u00f1ada para todxs: desde los fot\u00f3grafos experimentados hasta los creadores de contenido que est\u00e1n comenzando su camino.<\/p>\n\n\n\n<h2 class=\"wp-block-heading\">M\u00e9xico es Importante para Nikon<\/h2>\n\n\n\n<p>La importancia del mercado mexicano no puede ser subestimada. Kawabata enfatiz\u00f3 que M\u00e9xico es uno de los pilares m\u00e1s importantes en la estrategia global de Nikon. No es sorpresa entonces que est\u00e9n apostando fuerte por ofrecer lo mejor en tecnolog\u00eda y \u00f3ptica. Jos\u00e9 Luis Santana, Director General de Nikon M\u00e9xico, tambi\u00e9n se mostr\u00f3 muy entusiasta, diciendo que con este lanzamiento, Nikon est\u00e1 dando un paso gigante en su oferta de c\u00e1maras mirrorless y lentes. <\/p>\n\n\n<div class=\"wp-block-image\">\n<figure class=\"aligncenter size-full\"><img data-recalc-dims=\"1\" decoding=\"async\" width=\"1165\" height=\"776\" src=\"https:\/\/i0.wp.com\/zeromagazine.mx\/wp-content\/uploads\/2024\/09\/Jose-Jimenez-Embajador-Nikon-1.jpg?resize=1165%2C776&#038;ssl=1\" alt=\"\" class=\"wp-image-83500\" srcset=\"https:\/\/i0.wp.com\/zeromagazine.mx\/wp-content\/uploads\/2024\/09\/Jose-Jimenez-Embajador-Nikon-1.jpg?w=1250&amp;ssl=1 1250w, https:\/\/i0.wp.com\/zeromagazine.mx\/wp-content\/uploads\/2024\/09\/Jose-Jimenez-Embajador-Nikon-1.jpg?resize=300%2C200&amp;ssl=1 300w, https:\/\/i0.wp.com\/zeromagazine.mx\/wp-content\/uploads\/2024\/09\/Jose-Jimenez-Embajador-Nikon-1.jpg?resize=1024%2C682&amp;ssl=1 1024w, https:\/\/i0.wp.com\/zeromagazine.mx\/wp-content\/uploads\/2024\/09\/Jose-Jimenez-Embajador-Nikon-1.jpg?resize=768%2C512&amp;ssl=1 768w\" sizes=\"(max-width: 1165px) 100vw, 1165px\" \/><\/figure>\n<\/div>\n\n\n<p><\/p>\n\n\n\n<p><strong>\u00bfQu\u00e9 hace a la Nikon Z 6III tan especial?<\/strong> Bueno, te platico: la c\u00e1mara tiene un sensor de 24.5 MP, un cuerpo duradero pero ligero, y un desempe\u00f1o top para imagen fija y en movimiento. Es la primera con un obturador parcialmente aplicado, lo que le da una respuesta mucho m\u00e1s r\u00e1pida. Adem\u00e1s, puedes capturar hasta 120 cuadros por segundo.<\/p>\n\n\n\n<script async src=\"https:\/\/pagead2.googlesyndication.com\/pagead\/js\/adsbygoogle.js?client=ca-pub-5499304793904745\"\n     crossorigin=\"anonymous\"><\/script>\n<ins class=\"adsbygoogle\"\n     style=\"display:block; text-align:center;\"\n     data-ad-layout=\"in-article\"\n     data-ad-format=\"fluid\"\n     data-ad-client=\"ca-pub-5499304793904745\"\n     data-ad-slot=\"5994863093\"><\/ins>\n<script>\n     (adsbygoogle = window.adsbygoogle || []).push({});\n<\/script>\n\n\n\n<p><\/p>\n\n\n\n<p>Tambi\u00e9n tiene una detecci\u00f3n avanzada de sujetos, lo que facilita la captura de im\u00e1genes perfectas, incluso en condiciones de baja luz. Y si te encanta grabar videos, vas a flipar con su capacidad de grabar en formato interno 6K RAW. \u00a1Es un sue\u00f1o para cualquier creador de contenido!<\/p>\n\n\n\n<h2 class=\"wp-block-heading\">Una Fiesta Mexicana con Mucho Estilo<\/h2>\n\n\n\n<p>El evento de presentaci\u00f3n no fue solo sobre la c\u00e1mara, sino tambi\u00e9n sobre celebrar la cultura mexicana. El Centro Cultural Estaci\u00f3n Indianilla se transform\u00f3 en un escenario vibrante con sets como lucha libre, boxeo, baile regional, y hasta un organillero. Fot\u00f3grafos profesionales como Gabriel Roux y Gaby Guajardo dirigieron estas experiencias, mostrando el potencial de la Z 6III en un ambiente 100% mexicano.<\/p>\n\n\n<div class=\"wp-block-image\">\n<figure class=\"aligncenter size-full\"><img data-recalc-dims=\"1\" decoding=\"async\" width=\"1165\" height=\"776\" src=\"https:\/\/i0.wp.com\/zeromagazine.mx\/wp-content\/uploads\/2024\/09\/Experiencia-fotografia-de-accion.jpg?resize=1165%2C776&#038;ssl=1\" alt=\"\" class=\"wp-image-83499\" srcset=\"https:\/\/i0.wp.com\/zeromagazine.mx\/wp-content\/uploads\/2024\/09\/Experiencia-fotografia-de-accion.jpg?w=1250&amp;ssl=1 1250w, https:\/\/i0.wp.com\/zeromagazine.mx\/wp-content\/uploads\/2024\/09\/Experiencia-fotografia-de-accion.jpg?resize=300%2C200&amp;ssl=1 300w, https:\/\/i0.wp.com\/zeromagazine.mx\/wp-content\/uploads\/2024\/09\/Experiencia-fotografia-de-accion.jpg?resize=1024%2C682&amp;ssl=1 1024w, https:\/\/i0.wp.com\/zeromagazine.mx\/wp-content\/uploads\/2024\/09\/Experiencia-fotografia-de-accion.jpg?resize=768%2C512&amp;ssl=1 768w\" sizes=\"(max-width: 1165px) 100vw, 1165px\" \/><\/figure>\n<\/div>\n\n\n<p><\/p>\n\n\n\n<p>Los asistentes pudieron probar la c\u00e1mara en diferentes contextos y comprobar por s\u00ed mismos su incre\u00edble capacidad. Desde capturar la energ\u00eda de una pelea de lucha libre hasta el ritmo de un baile regional, la Z 6III demostr\u00f3 que puede con todo.<\/p>\n\n\n\n<h2 class=\"wp-block-heading\">\u00bfQu\u00e9 Sigue Para Nikon?<\/h2>\n\n\n\n<p>Con este lanzamiento, Nikon no solo est\u00e1 lanzando una nueva c\u00e1mara; est\u00e1 estableciendo un nuevo est\u00e1ndar en el mundo de la fotograf\u00eda y el video. La Z 6III no solo promete superar expectativas, sino tambi\u00e9n abrir nuevas posibilidades para todos los creadores de contenido. Es una invitaci\u00f3n a experimentar, crear y, sobre todo, elevar el nivel del trabajo fotogr\u00e1fico en M\u00e9xico y m\u00e1s all\u00e1.<\/p>\n\n\n\n<script async src=\"https:\/\/pagead2.googlesyndication.com\/pagead\/js\/adsbygoogle.js?client=ca-pub-5499304793904745\"\n     crossorigin=\"anonymous\"><\/script>\n<ins class=\"adsbygoogle\"\n     style=\"display:block; text-align:center;\"\n     data-ad-layout=\"in-article\"\n     data-ad-format=\"fluid\"\n     data-ad-client=\"ca-pub-5499304793904745\"\n     data-ad-slot=\"5994863093\"><\/ins>\n<script>\n     (adsbygoogle = window.adsbygoogle || []).push({});\n<\/script>\n\n\n\n<p><\/p>\n\n\n\n<p>As\u00ed que, si est\u00e1s buscando una c\u00e1mara que combine tecnolog\u00eda de punta con un toque de la vibrante cultura mexicana, la Nikon Z 6III podr\u00eda ser justo lo que necesitas. Prep\u00e1rate para elevar tus creaciones a otro nivel y \u00fanete a la revoluci\u00f3n de la fotograf\u00eda con Nikon.<\/p>\n\n<!--themify_builder_content-->\n<div id=\"themify_builder_content-83497\" data-postid=\"83497\" class=\"themify_builder_content themify_builder_content-83497 themify_builder tf_clear\">\n    <\/div>\n<!--\/themify_builder_content-->","protected":false},"excerpt":{"rendered":"<p>\u00bfSab\u00edas que la nueva c\u00e1mara sin espejo de Nikon est\u00e1 revolucionando M\u00e9xico? Ayer, en un evento con toda la vibra de la cultura mexicana, la Nikon Z6III hizo su debut en nuestro pa\u00eds, y la emoci\u00f3n fue palpable. En el Centro Cultural Estaci\u00f3n Indianilla, entre fot\u00f3grafos, creadores de contenido y hasta luchadores, la nueva c\u00e1mara [&hellip;]<\/p>\n","protected":false},"author":2,"featured_media":83502,"comment_status":"open","ping_status":"open","sticky":false,"template":"","format":"standard","meta":{"_jetpack_memberships_contains_paid_content":false,"footnotes":"","jetpack_publicize_message":"","jetpack_publicize_feature_enabled":true,"jetpack_social_post_already_shared":true,"jetpack_social_options":{"image_generator_settings":{"template":"highway","default_image_id":0,"font":"","enabled":false},"version":2}},"categories":[117],"tags":[10215,6700,10217,10214],"class_list":["post-83497","post","type-post","status-publish","format-standard","has-post-thumbnail","hentry","category-entretenimiento","tag-centro-cultural-estacion-indianilla","tag-evento","tag-fumiko-kawabata","tag-nikon-z-6iii","has-post-title","has-post-date","has-post-category","has-post-tag","has-post-comment","has-post-author",""],"yoast_head":"<!-- This site is optimized with the Yoast SEO plugin v27.5 - https:\/\/yoast.com\/product\/yoast-seo-wordpress\/ -->\n<title>Nikon Z6III: \u00a1La Sensaci\u00f3n en M\u00e9xico! - Zero Magazine<\/title>\n<meta name=\"robots\" content=\"index, follow, max-snippet:-1, max-image-preview:large, max-video-preview:-1\" \/>\n<link rel=\"canonical\" href=\"https:\/\/zeromagazine.mx\/index.php\/2024\/09\/09\/nikon-z6iii-la-sensacion-en-mexico\/\" \/>\n<meta property=\"og:locale\" content=\"es_ES\" \/>\n<meta property=\"og:type\" content=\"article\" \/>\n<meta property=\"og:title\" content=\"Nikon Z6III: \u00a1La Sensaci\u00f3n en M\u00e9xico! - Zero Magazine\" \/>\n<meta property=\"og:description\" content=\"\u00bfSab\u00edas que la nueva c\u00e1mara sin espejo de Nikon est\u00e1 revolucionando M\u00e9xico? Ayer, en un evento con toda la vibra de la cultura mexicana, la Nikon Z6III hizo su debut en nuestro pa\u00eds, y la emoci\u00f3n fue palpable. En el Centro Cultural Estaci\u00f3n Indianilla, entre fot\u00f3grafos, creadores de contenido y hasta luchadores, la nueva c\u00e1mara [&hellip;]\" \/>\n<meta property=\"og:url\" content=\"https:\/\/zeromagazine.mx\/index.php\/2024\/09\/09\/nikon-z6iii-la-sensacion-en-mexico\/\" \/>\n<meta property=\"og:site_name\" content=\"Zero Magazine\" \/>\n<meta property=\"article:published_time\" content=\"2024-09-09T21:49:03+00:00\" \/>\n<meta property=\"article:modified_time\" content=\"2024-09-09T21:51:44+00:00\" \/>\n<meta property=\"og:image\" content=\"https:\/\/i0.wp.com\/zeromagazine.mx\/wp-content\/uploads\/2024\/09\/Prueba-Nikon-Z-6III.jpg?fit=1250%2C833&ssl=1\" \/>\n\t<meta property=\"og:image:width\" content=\"1250\" \/>\n\t<meta property=\"og:image:height\" content=\"833\" \/>\n\t<meta property=\"og:image:type\" content=\"image\/jpeg\" \/>\n<meta name=\"author\" content=\"zeromagazinemx\" \/>\n<meta name=\"twitter:card\" content=\"summary_large_image\" \/>\n<meta name=\"twitter:label1\" content=\"Escrito por\" \/>\n\t<meta name=\"twitter:data1\" content=\"zeromagazinemx\" \/>\n\t<meta name=\"twitter:label2\" content=\"Tiempo de lectura\" \/>\n\t<meta name=\"twitter:data2\" content=\"4 minutos\" \/>\n<script type=\"application\/ld+json\" class=\"yoast-schema-graph\">{\"@context\":\"https:\\\/\\\/schema.org\",\"@graph\":[{\"@type\":\"Article\",\"@id\":\"https:\\\/\\\/zeromagazine.mx\\\/index.php\\\/2024\\\/09\\\/09\\\/nikon-z6iii-la-sensacion-en-mexico\\\/#article\",\"isPartOf\":{\"@id\":\"https:\\\/\\\/zeromagazine.mx\\\/index.php\\\/2024\\\/09\\\/09\\\/nikon-z6iii-la-sensacion-en-mexico\\\/\"},\"author\":{\"name\":\"zeromagazinemx\",\"@id\":\"https:\\\/\\\/zeromagazine.mx\\\/#\\\/schema\\\/person\\\/9aed9f33a7c39af3a348b86d723f7773\"},\"headline\":\"Nikon Z6III: \u00a1La Sensaci\u00f3n en M\u00e9xico!\",\"datePublished\":\"2024-09-09T21:49:03+00:00\",\"dateModified\":\"2024-09-09T21:51:44+00:00\",\"mainEntityOfPage\":{\"@id\":\"https:\\\/\\\/zeromagazine.mx\\\/index.php\\\/2024\\\/09\\\/09\\\/nikon-z6iii-la-sensacion-en-mexico\\\/\"},\"wordCount\":727,\"commentCount\":0,\"publisher\":{\"@id\":\"https:\\\/\\\/zeromagazine.mx\\\/#organization\"},\"image\":{\"@id\":\"https:\\\/\\\/zeromagazine.mx\\\/index.php\\\/2024\\\/09\\\/09\\\/nikon-z6iii-la-sensacion-en-mexico\\\/#primaryimage\"},\"thumbnailUrl\":\"https:\\\/\\\/i0.wp.com\\\/zeromagazine.mx\\\/wp-content\\\/uploads\\\/2024\\\/09\\\/Prueba-Nikon-Z-6III.jpg?fit=1250%2C833&ssl=1\",\"keywords\":[\"Centro Cultural Estaci\u00f3n Indianilla\",\"Evento\",\"Fumiko Kawabata\",\"Nikon Z 6III\"],\"articleSection\":[\"Entretenimiento\"],\"inLanguage\":\"es\",\"potentialAction\":[{\"@type\":\"CommentAction\",\"name\":\"Comment\",\"target\":[\"https:\\\/\\\/zeromagazine.mx\\\/index.php\\\/2024\\\/09\\\/09\\\/nikon-z6iii-la-sensacion-en-mexico\\\/#respond\"]}]},{\"@type\":\"WebPage\",\"@id\":\"https:\\\/\\\/zeromagazine.mx\\\/index.php\\\/2024\\\/09\\\/09\\\/nikon-z6iii-la-sensacion-en-mexico\\\/\",\"url\":\"https:\\\/\\\/zeromagazine.mx\\\/index.php\\\/2024\\\/09\\\/09\\\/nikon-z6iii-la-sensacion-en-mexico\\\/\",\"name\":\"Nikon Z6III: \u00a1La Sensaci\u00f3n en M\u00e9xico! - Zero Magazine\",\"isPartOf\":{\"@id\":\"https:\\\/\\\/zeromagazine.mx\\\/#website\"},\"primaryImageOfPage\":{\"@id\":\"https:\\\/\\\/zeromagazine.mx\\\/index.php\\\/2024\\\/09\\\/09\\\/nikon-z6iii-la-sensacion-en-mexico\\\/#primaryimage\"},\"image\":{\"@id\":\"https:\\\/\\\/zeromagazine.mx\\\/index.php\\\/2024\\\/09\\\/09\\\/nikon-z6iii-la-sensacion-en-mexico\\\/#primaryimage\"},\"thumbnailUrl\":\"https:\\\/\\\/i0.wp.com\\\/zeromagazine.mx\\\/wp-content\\\/uploads\\\/2024\\\/09\\\/Prueba-Nikon-Z-6III.jpg?fit=1250%2C833&ssl=1\",\"datePublished\":\"2024-09-09T21:49:03+00:00\",\"dateModified\":\"2024-09-09T21:51:44+00:00\",\"breadcrumb\":{\"@id\":\"https:\\\/\\\/zeromagazine.mx\\\/index.php\\\/2024\\\/09\\\/09\\\/nikon-z6iii-la-sensacion-en-mexico\\\/#breadcrumb\"},\"inLanguage\":\"es\",\"potentialAction\":[{\"@type\":\"ReadAction\",\"target\":[\"https:\\\/\\\/zeromagazine.mx\\\/index.php\\\/2024\\\/09\\\/09\\\/nikon-z6iii-la-sensacion-en-mexico\\\/\"]}]},{\"@type\":\"ImageObject\",\"inLanguage\":\"es\",\"@id\":\"https:\\\/\\\/zeromagazine.mx\\\/index.php\\\/2024\\\/09\\\/09\\\/nikon-z6iii-la-sensacion-en-mexico\\\/#primaryimage\",\"url\":\"https:\\\/\\\/i0.wp.com\\\/zeromagazine.mx\\\/wp-content\\\/uploads\\\/2024\\\/09\\\/Prueba-Nikon-Z-6III.jpg?fit=1250%2C833&ssl=1\",\"contentUrl\":\"https:\\\/\\\/i0.wp.com\\\/zeromagazine.mx\\\/wp-content\\\/uploads\\\/2024\\\/09\\\/Prueba-Nikon-Z-6III.jpg?fit=1250%2C833&ssl=1\",\"width\":1250,\"height\":833},{\"@type\":\"BreadcrumbList\",\"@id\":\"https:\\\/\\\/zeromagazine.mx\\\/index.php\\\/2024\\\/09\\\/09\\\/nikon-z6iii-la-sensacion-en-mexico\\\/#breadcrumb\",\"itemListElement\":[{\"@type\":\"ListItem\",\"position\":1,\"name\":\"Portada\",\"item\":\"https:\\\/\\\/zeromagazine.mx\\\/\"},{\"@type\":\"ListItem\",\"position\":2,\"name\":\"Nikon Z6III: \u00a1La Sensaci\u00f3n en M\u00e9xico!\"}]},{\"@type\":\"WebSite\",\"@id\":\"https:\\\/\\\/zeromagazine.mx\\\/#website\",\"url\":\"https:\\\/\\\/zeromagazine.mx\\\/\",\"name\":\"Zero Magazine\",\"description\":\"\",\"publisher\":{\"@id\":\"https:\\\/\\\/zeromagazine.mx\\\/#organization\"},\"potentialAction\":[{\"@type\":\"SearchAction\",\"target\":{\"@type\":\"EntryPoint\",\"urlTemplate\":\"https:\\\/\\\/zeromagazine.mx\\\/?s={search_term_string}\"},\"query-input\":{\"@type\":\"PropertyValueSpecification\",\"valueRequired\":true,\"valueName\":\"search_term_string\"}}],\"inLanguage\":\"es\"},{\"@type\":\"Organization\",\"@id\":\"https:\\\/\\\/zeromagazine.mx\\\/#organization\",\"name\":\"Zero Magazine\",\"url\":\"https:\\\/\\\/zeromagazine.mx\\\/\",\"logo\":{\"@type\":\"ImageObject\",\"inLanguage\":\"es\",\"@id\":\"https:\\\/\\\/zeromagazine.mx\\\/#\\\/schema\\\/logo\\\/image\\\/\",\"url\":\"https:\\\/\\\/i0.wp.com\\\/zeromagazine.mx\\\/wp-content\\\/uploads\\\/2025\\\/11\\\/1.jpeg?fit=1000%2C1000&ssl=1\",\"contentUrl\":\"https:\\\/\\\/i0.wp.com\\\/zeromagazine.mx\\\/wp-content\\\/uploads\\\/2025\\\/11\\\/1.jpeg?fit=1000%2C1000&ssl=1\",\"width\":1000,\"height\":1000,\"caption\":\"Zero Magazine\"},\"image\":{\"@id\":\"https:\\\/\\\/zeromagazine.mx\\\/#\\\/schema\\\/logo\\\/image\\\/\"},\"sameAs\":[\"https:\\\/\\\/instagram.com\\\/zeromagazinemx\"]},{\"@type\":\"Person\",\"@id\":\"https:\\\/\\\/zeromagazine.mx\\\/#\\\/schema\\\/person\\\/9aed9f33a7c39af3a348b86d723f7773\",\"name\":\"zeromagazinemx\",\"image\":{\"@type\":\"ImageObject\",\"inLanguage\":\"es\",\"@id\":\"https:\\\/\\\/zeromagazine.mx\\\/wp-content\\\/litespeed\\\/avatar\\\/f91dfe5410d5dcb1a576bf8c45983896.jpg?ver=1777571230\",\"url\":\"https:\\\/\\\/zeromagazine.mx\\\/wp-content\\\/litespeed\\\/avatar\\\/f91dfe5410d5dcb1a576bf8c45983896.jpg?ver=1777571230\",\"contentUrl\":\"https:\\\/\\\/zeromagazine.mx\\\/wp-content\\\/litespeed\\\/avatar\\\/f91dfe5410d5dcb1a576bf8c45983896.jpg?ver=1777571230\",\"caption\":\"zeromagazinemx\"},\"url\":\"https:\\\/\\\/zeromagazine.mx\\\/index.php\\\/author\\\/zeromagazinemx\\\/\"}]}<\/script>\n<!-- \/ Yoast SEO plugin. -->","yoast_head_json":{"title":"Nikon Z6III: \u00a1La Sensaci\u00f3n en M\u00e9xico! - Zero Magazine","robots":{"index":"index","follow":"follow","max-snippet":"max-snippet:-1","max-image-preview":"max-image-preview:large","max-video-preview":"max-video-preview:-1"},"canonical":"https:\/\/zeromagazine.mx\/index.php\/2024\/09\/09\/nikon-z6iii-la-sensacion-en-mexico\/","og_locale":"es_ES","og_type":"article","og_title":"Nikon Z6III: \u00a1La Sensaci\u00f3n en M\u00e9xico! - Zero Magazine","og_description":"\u00bfSab\u00edas que la nueva c\u00e1mara sin espejo de Nikon est\u00e1 revolucionando M\u00e9xico? Ayer, en un evento con toda la vibra de la cultura mexicana, la Nikon Z6III hizo su debut en nuestro pa\u00eds, y la emoci\u00f3n fue palpable. En el Centro Cultural Estaci\u00f3n Indianilla, entre fot\u00f3grafos, creadores de contenido y hasta luchadores, la nueva c\u00e1mara [&hellip;]","og_url":"https:\/\/zeromagazine.mx\/index.php\/2024\/09\/09\/nikon-z6iii-la-sensacion-en-mexico\/","og_site_name":"Zero Magazine","article_published_time":"2024-09-09T21:49:03+00:00","article_modified_time":"2024-09-09T21:51:44+00:00","og_image":[{"width":1250,"height":833,"url":"https:\/\/i0.wp.com\/zeromagazine.mx\/wp-content\/uploads\/2024\/09\/Prueba-Nikon-Z-6III.jpg?fit=1250%2C833&ssl=1","type":"image\/jpeg"}],"author":"zeromagazinemx","twitter_card":"summary_large_image","twitter_misc":{"Escrito por":"zeromagazinemx","Tiempo de lectura":"4 minutos"},"schema":{"@context":"https:\/\/schema.org","@graph":[{"@type":"Article","@id":"https:\/\/zeromagazine.mx\/index.php\/2024\/09\/09\/nikon-z6iii-la-sensacion-en-mexico\/#article","isPartOf":{"@id":"https:\/\/zeromagazine.mx\/index.php\/2024\/09\/09\/nikon-z6iii-la-sensacion-en-mexico\/"},"author":{"name":"zeromagazinemx","@id":"https:\/\/zeromagazine.mx\/#\/schema\/person\/9aed9f33a7c39af3a348b86d723f7773"},"headline":"Nikon Z6III: \u00a1La Sensaci\u00f3n en M\u00e9xico!","datePublished":"2024-09-09T21:49:03+00:00","dateModified":"2024-09-09T21:51:44+00:00","mainEntityOfPage":{"@id":"https:\/\/zeromagazine.mx\/index.php\/2024\/09\/09\/nikon-z6iii-la-sensacion-en-mexico\/"},"wordCount":727,"commentCount":0,"publisher":{"@id":"https:\/\/zeromagazine.mx\/#organization"},"image":{"@id":"https:\/\/zeromagazine.mx\/index.php\/2024\/09\/09\/nikon-z6iii-la-sensacion-en-mexico\/#primaryimage"},"thumbnailUrl":"https:\/\/i0.wp.com\/zeromagazine.mx\/wp-content\/uploads\/2024\/09\/Prueba-Nikon-Z-6III.jpg?fit=1250%2C833&ssl=1","keywords":["Centro Cultural Estaci\u00f3n Indianilla","Evento","Fumiko Kawabata","Nikon Z 6III"],"articleSection":["Entretenimiento"],"inLanguage":"es","potentialAction":[{"@type":"CommentAction","name":"Comment","target":["https:\/\/zeromagazine.mx\/index.php\/2024\/09\/09\/nikon-z6iii-la-sensacion-en-mexico\/#respond"]}]},{"@type":"WebPage","@id":"https:\/\/zeromagazine.mx\/index.php\/2024\/09\/09\/nikon-z6iii-la-sensacion-en-mexico\/","url":"https:\/\/zeromagazine.mx\/index.php\/2024\/09\/09\/nikon-z6iii-la-sensacion-en-mexico\/","name":"Nikon Z6III: \u00a1La Sensaci\u00f3n en M\u00e9xico! - Zero Magazine","isPartOf":{"@id":"https:\/\/zeromagazine.mx\/#website"},"primaryImageOfPage":{"@id":"https:\/\/zeromagazine.mx\/index.php\/2024\/09\/09\/nikon-z6iii-la-sensacion-en-mexico\/#primaryimage"},"image":{"@id":"https:\/\/zeromagazine.mx\/index.php\/2024\/09\/09\/nikon-z6iii-la-sensacion-en-mexico\/#primaryimage"},"thumbnailUrl":"https:\/\/i0.wp.com\/zeromagazine.mx\/wp-content\/uploads\/2024\/09\/Prueba-Nikon-Z-6III.jpg?fit=1250%2C833&ssl=1","datePublished":"2024-09-09T21:49:03+00:00","dateModified":"2024-09-09T21:51:44+00:00","breadcrumb":{"@id":"https:\/\/zeromagazine.mx\/index.php\/2024\/09\/09\/nikon-z6iii-la-sensacion-en-mexico\/#breadcrumb"},"inLanguage":"es","potentialAction":[{"@type":"ReadAction","target":["https:\/\/zeromagazine.mx\/index.php\/2024\/09\/09\/nikon-z6iii-la-sensacion-en-mexico\/"]}]},{"@type":"ImageObject","inLanguage":"es","@id":"https:\/\/zeromagazine.mx\/index.php\/2024\/09\/09\/nikon-z6iii-la-sensacion-en-mexico\/#primaryimage","url":"https:\/\/i0.wp.com\/zeromagazine.mx\/wp-content\/uploads\/2024\/09\/Prueba-Nikon-Z-6III.jpg?fit=1250%2C833&ssl=1","contentUrl":"https:\/\/i0.wp.com\/zeromagazine.mx\/wp-content\/uploads\/2024\/09\/Prueba-Nikon-Z-6III.jpg?fit=1250%2C833&ssl=1","width":1250,"height":833},{"@type":"BreadcrumbList","@id":"https:\/\/zeromagazine.mx\/index.php\/2024\/09\/09\/nikon-z6iii-la-sensacion-en-mexico\/#breadcrumb","itemListElement":[{"@type":"ListItem","position":1,"name":"Portada","item":"https:\/\/zeromagazine.mx\/"},{"@type":"ListItem","position":2,"name":"Nikon Z6III: \u00a1La Sensaci\u00f3n en M\u00e9xico!"}]},{"@type":"WebSite","@id":"https:\/\/zeromagazine.mx\/#website","url":"https:\/\/zeromagazine.mx\/","name":"Zero Magazine","description":"","publisher":{"@id":"https:\/\/zeromagazine.mx\/#organization"},"potentialAction":[{"@type":"SearchAction","target":{"@type":"EntryPoint","urlTemplate":"https:\/\/zeromagazine.mx\/?s={search_term_string}"},"query-input":{"@type":"PropertyValueSpecification","valueRequired":true,"valueName":"search_term_string"}}],"inLanguage":"es"},{"@type":"Organization","@id":"https:\/\/zeromagazine.mx\/#organization","name":"Zero Magazine","url":"https:\/\/zeromagazine.mx\/","logo":{"@type":"ImageObject","inLanguage":"es","@id":"https:\/\/zeromagazine.mx\/#\/schema\/logo\/image\/","url":"https:\/\/i0.wp.com\/zeromagazine.mx\/wp-content\/uploads\/2025\/11\/1.jpeg?fit=1000%2C1000&ssl=1","contentUrl":"https:\/\/i0.wp.com\/zeromagazine.mx\/wp-content\/uploads\/2025\/11\/1.jpeg?fit=1000%2C1000&ssl=1","width":1000,"height":1000,"caption":"Zero Magazine"},"image":{"@id":"https:\/\/zeromagazine.mx\/#\/schema\/logo\/image\/"},"sameAs":["https:\/\/instagram.com\/zeromagazinemx"]},{"@type":"Person","@id":"https:\/\/zeromagazine.mx\/#\/schema\/person\/9aed9f33a7c39af3a348b86d723f7773","name":"zeromagazinemx","image":{"@type":"ImageObject","inLanguage":"es","@id":"https:\/\/zeromagazine.mx\/wp-content\/litespeed\/avatar\/f91dfe5410d5dcb1a576bf8c45983896.jpg?ver=1777571230","url":"https:\/\/zeromagazine.mx\/wp-content\/litespeed\/avatar\/f91dfe5410d5dcb1a576bf8c45983896.jpg?ver=1777571230","contentUrl":"https:\/\/zeromagazine.mx\/wp-content\/litespeed\/avatar\/f91dfe5410d5dcb1a576bf8c45983896.jpg?ver=1777571230","caption":"zeromagazinemx"},"url":"https:\/\/zeromagazine.mx\/index.php\/author\/zeromagazinemx\/"}]}},"jetpack_publicize_connections":[],"jetpack_featured_media_url":"https:\/\/i0.wp.com\/zeromagazine.mx\/wp-content\/uploads\/2024\/09\/Prueba-Nikon-Z-6III.jpg?fit=1250%2C833&ssl=1","jetpack-related-posts":[{"id":107966,"url":"https:\/\/zeromagazine.mx\/index.php\/2025\/09\/09\/nikon-zf-plateada\/","url_meta":{"origin":83497,"position":0},"title":"Nikon Z f plateada: retro que inspira","author":"David Morales","date":"9 de septiembre de 2025","format":false,"excerpt":"Hay c\u00e1maras que se vuelven objetos de deseo, no solo por lo que logran t\u00e9cnicamente, sino por c\u00f3mo hacen sentir al fot\u00f3grafo. La nueva\u00a0Nikon Z f plateada\u00a0es justo eso: una joya que une dise\u00f1o cl\u00e1sico con rendimiento actual. Como fan de Nikon, me emociona ver c\u00f3mo la marca sigue rindiendo\u2026","rel":"","context":"En \u00abTech\u00bb","block_context":{"text":"Tech","link":"https:\/\/zeromagazine.mx\/index.php\/category\/tech\/"},"img":{"alt_text":"","src":"https:\/\/i0.wp.com\/zeromagazine.mx\/wp-content\/uploads\/2025\/09\/Zf_SL_01_USDD_JJJ_03-scaled.jpeg?fit=1200%2C800&ssl=1&resize=350%2C200","width":350,"height":200,"srcset":"https:\/\/i0.wp.com\/zeromagazine.mx\/wp-content\/uploads\/2025\/09\/Zf_SL_01_USDD_JJJ_03-scaled.jpeg?fit=1200%2C800&ssl=1&resize=350%2C200 1x, https:\/\/i0.wp.com\/zeromagazine.mx\/wp-content\/uploads\/2025\/09\/Zf_SL_01_USDD_JJJ_03-scaled.jpeg?fit=1200%2C800&ssl=1&resize=525%2C300 1.5x, https:\/\/i0.wp.com\/zeromagazine.mx\/wp-content\/uploads\/2025\/09\/Zf_SL_01_USDD_JJJ_03-scaled.jpeg?fit=1200%2C800&ssl=1&resize=700%2C400 2x, https:\/\/i0.wp.com\/zeromagazine.mx\/wp-content\/uploads\/2025\/09\/Zf_SL_01_USDD_JJJ_03-scaled.jpeg?fit=1200%2C800&ssl=1&resize=1050%2C600 3x"},"classes":[]},{"id":104352,"url":"https:\/\/zeromagazine.mx\/index.php\/2025\/04\/09\/la-nikon-z-f-se-actualiza\/","url_meta":{"origin":83497,"position":1},"title":"La Nikon Z f Se Actualiza","author":"David Morales","date":"9 de abril de 2025","format":false,"excerpt":"Amix, si eres de les que creen que una buena toma viene con talento y una c\u00e1mara chida, te traigo buenas noticias: la Nikon Z f acaba de recibir su primera gran actualizaci\u00f3n de firmware y no es cualquier parche t\u00e9cnico. Es fotograf\u00eda que evoluciona sola, porque esta actualizaci\u00f3n 2.00\u2026","rel":"","context":"En \u00abTech\u00bb","block_context":{"text":"Tech","link":"https:\/\/zeromagazine.mx\/index.php\/category\/tech\/"},"img":{"alt_text":"","src":"https:\/\/i0.wp.com\/zeromagazine.mx\/wp-content\/uploads\/2025\/05\/Firmware-Nikon-Z-f.png?fit=256%2C320&ssl=1&resize=350%2C200","width":350,"height":200},"classes":[]},{"id":112576,"url":"https:\/\/zeromagazine.mx\/index.php\/2026\/01\/02\/firmware-nikon-z9-5-3\/","url_meta":{"origin":83497,"position":2},"title":"BP_ Nikon lanza la nueva actualizaci\u00f3n de Firmware 5.3 para la c\u00e1mara insignia Z 9","author":"David Morales","date":"2 de enero de 2026","format":false,"excerpt":"Si usas la Nikon Z 9 para crear contenido, cubrir deportes o capturar momentos donde no hay segundas oportunidades, esta noticia te va a gustar. Nikon acaba de lanzar la\u00a0actualizaci\u00f3n Firmware Nikon Z 9 5.3, y no es un simple ajuste t\u00e9cnico: es una mejora real que hace que esta\u2026","rel":"","context":"En \u00abBlog\u00bb","block_context":{"text":"Blog","link":"https:\/\/zeromagazine.mx\/index.php\/category\/blog\/"},"img":{"alt_text":"","src":"https:\/\/i0.wp.com\/zeromagazine.mx\/wp-content\/uploads\/2026\/01\/IMG_0786.jpeg?fit=864%2C1080&ssl=1&resize=350%2C200","width":350,"height":200,"srcset":"https:\/\/i0.wp.com\/zeromagazine.mx\/wp-content\/uploads\/2026\/01\/IMG_0786.jpeg?fit=864%2C1080&ssl=1&resize=350%2C200 1x, https:\/\/i0.wp.com\/zeromagazine.mx\/wp-content\/uploads\/2026\/01\/IMG_0786.jpeg?fit=864%2C1080&ssl=1&resize=525%2C300 1.5x, https:\/\/i0.wp.com\/zeromagazine.mx\/wp-content\/uploads\/2026\/01\/IMG_0786.jpeg?fit=864%2C1080&ssl=1&resize=700%2C400 2x"},"classes":[]},{"id":90554,"url":"https:\/\/zeromagazine.mx\/index.php\/2024\/11\/13\/haz-que-tu-contenido-brille\/","url_meta":{"origin":83497,"position":3},"title":"\u00a1Haz que tu contenido brille!","author":"zeromagazinemx","date":"13 de noviembre de 2024","format":false,"excerpt":"\u00a1El Buen Fin est\u00e1 aqu\u00ed, y es el momento perfecto para darle ese upgrade a tu equipo de fotos y video! Si eres un creador, amante de la fotograf\u00eda, o simplemente alguien que ama capturar los mejores momentos, este es el fin de semana que no te puedes perder. Nikon\u2026","rel":"","context":"En \u00abTech\u00bb","block_context":{"text":"Tech","link":"https:\/\/zeromagazine.mx\/index.php\/category\/tech\/"},"img":{"alt_text":"","src":"https:\/\/i0.wp.com\/zeromagazine.mx\/wp-content\/uploads\/2024\/11\/Nikon-Z8.jpg?resize=350%2C200&ssl=1","width":350,"height":200},"classes":[]},{"id":98775,"url":"https:\/\/zeromagazine.mx\/index.php\/2025\/03\/13\/nikon-empodera-la-fotografia-femenina\/","url_meta":{"origin":83497,"position":4},"title":"Fotograf\u00eda Femenina Con Poder","author":"David Morales","date":"13 de marzo de 2025","format":false,"excerpt":"La fotograf\u00eda no es solo t\u00e9cnica y equipo, tambi\u00e9n es perspectiva, historia y expresi\u00f3n. Por eso, Nikon celebr\u00f3 el D\u00eda Internacional de la Mujer con un encuentro especial donde reconoci\u00f3 el trabajo de mujeres en la fotograf\u00eda. Con la participaci\u00f3n de la ic\u00f3nica Lourdes Almeida, se abri\u00f3 un espacio de\u2026","rel":"","context":"En \u00abTech\u00bb","block_context":{"text":"Tech","link":"https:\/\/zeromagazine.mx\/index.php\/category\/tech\/"},"img":{"alt_text":"","src":"https:\/\/i0.wp.com\/zeromagazine.mx\/wp-content\/uploads\/2025\/03\/Nikon-Asistentes.jpg?fit=1200%2C800&ssl=1&resize=350%2C200","width":350,"height":200,"srcset":"https:\/\/i0.wp.com\/zeromagazine.mx\/wp-content\/uploads\/2025\/03\/Nikon-Asistentes.jpg?fit=1200%2C800&ssl=1&resize=350%2C200 1x, https:\/\/i0.wp.com\/zeromagazine.mx\/wp-content\/uploads\/2025\/03\/Nikon-Asistentes.jpg?fit=1200%2C800&ssl=1&resize=525%2C300 1.5x, https:\/\/i0.wp.com\/zeromagazine.mx\/wp-content\/uploads\/2025\/03\/Nikon-Asistentes.jpg?fit=1200%2C800&ssl=1&resize=700%2C400 2x, https:\/\/i0.wp.com\/zeromagazine.mx\/wp-content\/uploads\/2025\/03\/Nikon-Asistentes.jpg?fit=1200%2C800&ssl=1&resize=1050%2C600 3x"},"classes":[]},{"id":115877,"url":"https:\/\/zeromagazine.mx\/index.php\/2026\/02\/24\/nikon-z-r-firmware-1-10-actualizacion\/","url_meta":{"origin":83497,"position":5},"title":"Nikon Z R firmware 1.10 ya disponible","author":"zeromagazinemx","date":"24 de febrero de 2026","format":false,"excerpt":"Si tienes una Nikon Z R en tu arsenal de producci\u00f3n, esto te interesa much\u00edsimo. Nikon acaba de lanzar el firmware 1.10 para su c\u00e1mara de cine full frame y, honestamente, no es una actualizaci\u00f3n cualquiera: es de esas que cambian el flujo de trabajo real en set. La nueva\u2026","rel":"","context":"En \u00abBlog\u00bb","block_context":{"text":"Blog","link":"https:\/\/zeromagazine.mx\/index.php\/category\/blog\/"},"img":{"alt_text":"","src":"https:\/\/i0.wp.com\/zeromagazine.mx\/wp-content\/uploads\/2026\/02\/ZR-1.10-Firmware.jpg?fit=756%2C945&ssl=1&resize=350%2C200","width":350,"height":200,"srcset":"https:\/\/i0.wp.com\/zeromagazine.mx\/wp-content\/uploads\/2026\/02\/ZR-1.10-Firmware.jpg?fit=756%2C945&ssl=1&resize=350%2C200 1x, https:\/\/i0.wp.com\/zeromagazine.mx\/wp-content\/uploads\/2026\/02\/ZR-1.10-Firmware.jpg?fit=756%2C945&ssl=1&resize=525%2C300 1.5x, https:\/\/i0.wp.com\/zeromagazine.mx\/wp-content\/uploads\/2026\/02\/ZR-1.10-Firmware.jpg?fit=756%2C945&ssl=1&resize=700%2C400 2x"},"classes":[]}],"jetpack_sharing_enabled":true,"builder_content":"","_links":{"self":[{"href":"https:\/\/zeromagazine.mx\/index.php\/wp-json\/wp\/v2\/posts\/83497","targetHints":{"allow":["GET"]}}],"collection":[{"href":"https:\/\/zeromagazine.mx\/index.php\/wp-json\/wp\/v2\/posts"}],"about":[{"href":"https:\/\/zeromagazine.mx\/index.php\/wp-json\/wp\/v2\/types\/post"}],"author":[{"embeddable":true,"href":"https:\/\/zeromagazine.mx\/index.php\/wp-json\/wp\/v2\/users\/2"}],"replies":[{"embeddable":true,"href":"https:\/\/zeromagazine.mx\/index.php\/wp-json\/wp\/v2\/comments?post=83497"}],"version-history":[{"count":6,"href":"https:\/\/zeromagazine.mx\/index.php\/wp-json\/wp\/v2\/posts\/83497\/revisions"}],"predecessor-version":[{"id":83512,"href":"https:\/\/zeromagazine.mx\/index.php\/wp-json\/wp\/v2\/posts\/83497\/revisions\/83512"}],"wp:featuredmedia":[{"embeddable":true,"href":"https:\/\/zeromagazine.mx\/index.php\/wp-json\/wp\/v2\/media\/83502"}],"wp:attachment":[{"href":"https:\/\/zeromagazine.mx\/index.php\/wp-json\/wp\/v2\/media?parent=83497"}],"wp:term":[{"taxonomy":"category","embeddable":true,"href":"https:\/\/zeromagazine.mx\/index.php\/wp-json\/wp\/v2\/categories?post=83497"},{"taxonomy":"post_tag","embeddable":true,"href":"https:\/\/zeromagazine.mx\/index.php\/wp-json\/wp\/v2\/tags?post=83497"}],"curies":[{"name":"wp","href":"https:\/\/api.w.org\/{rel}","templated":true}]}}