{"id":83517,"date":"2024-09-10T00:33:33","date_gmt":"2024-09-09T22:33:33","guid":{"rendered":"https:\/\/zeromagazine.mx\/?p=83517"},"modified":"2024-09-10T00:36:49","modified_gmt":"2024-09-09T22:36:49","slug":"abraham-mateo-x-danna-el-doble","status":"publish","type":"post","link":"https:\/\/zeromagazine.mx\/index.php\/2024\/09\/10\/abraham-mateo-x-danna-el-doble\/","title":{"rendered":"Abraham Mateo x Danna: \u00abEl Doble\u00bb"},"content":{"rendered":"<p>\u00bfYa escucharon el hit que est\u00e1 arrasando? <strong>\u201cEl Doble\u201d<\/strong> es el temazo que no sale de nuestras playlists y que est\u00e1 prendiendo todas las fiestas. Esta canci\u00f3n es la collab \u00e9pica entre Abraham Mateo, Danna y Alex Hoyer, y es la mezcla perfecta de ritmos y culturas que nos hace querer mover el cuerpo y celebrar sin parar. Desde su lanzamiento, \u201cEl Doble\u201d ha capturado nuestra atenci\u00f3n con su energ\u00eda contagiosa y ritmo pegajoso. Si a\u00fan no la has escuchado, prep\u00e1rate para un viaje musical que ser\u00e1 el soundtrack de tus mejores noches.<\/p>\n\n\n\n<h2 class=\"wp-block-heading\">Una Colaboraci\u00f3n Internacional<\/h2>\n\n\n\n<p>Desde que supimos que Abraham Mateo, Danna y Alex Hoyer se unieron para hacer \u201cEl Doble\u201d, sab\u00edamos que esto iba a ser grande. Imag\u00ednate: tres grandes del mundo musical junt\u00e1ndose para fusionar sus estilos y darnos una canci\u00f3n que no solo se pega, sino que tambi\u00e9n nos hace mover el cuerpo con una energ\u00eda brutal.<\/p>\n\n\n<div class=\"wp-block-image\">\n<figure class=\"aligncenter size-large\"><img data-recalc-dims=\"1\" decoding=\"async\" width=\"1024\" height=\"1024\" src=\"https:\/\/i0.wp.com\/zeromagazine.mx\/wp-content\/uploads\/2024\/09\/WhatsApp-Image-2024-09-09-at-3.28.47-PM.jpeg?resize=1024%2C1024\" alt=\"\" class=\"wp-image-83518\" srcset=\"https:\/\/i0.wp.com\/zeromagazine.mx\/wp-content\/uploads\/2024\/09\/WhatsApp-Image-2024-09-09-at-3.28.47-PM.jpeg?resize=1024%2C1024&amp;ssl=1 1024w, https:\/\/i0.wp.com\/zeromagazine.mx\/wp-content\/uploads\/2024\/09\/WhatsApp-Image-2024-09-09-at-3.28.47-PM.jpeg?resize=300%2C300&amp;ssl=1 300w, https:\/\/i0.wp.com\/zeromagazine.mx\/wp-content\/uploads\/2024\/09\/WhatsApp-Image-2024-09-09-at-3.28.47-PM.jpeg?resize=150%2C150&amp;ssl=1 150w, https:\/\/i0.wp.com\/zeromagazine.mx\/wp-content\/uploads\/2024\/09\/WhatsApp-Image-2024-09-09-at-3.28.47-PM.jpeg?resize=768%2C768&amp;ssl=1 768w, https:\/\/i0.wp.com\/zeromagazine.mx\/wp-content\/uploads\/2024\/09\/WhatsApp-Image-2024-09-09-at-3.28.47-PM.jpeg?resize=70%2C70&amp;ssl=1 70w, https:\/\/i0.wp.com\/zeromagazine.mx\/wp-content\/uploads\/2024\/09\/WhatsApp-Image-2024-09-09-at-3.28.47-PM.jpeg?resize=47%2C48&amp;ssl=1 47w, https:\/\/i0.wp.com\/zeromagazine.mx\/wp-content\/uploads\/2024\/09\/WhatsApp-Image-2024-09-09-at-3.28.47-PM.jpeg?w=1280&amp;ssl=1 1280w\" sizes=\"(max-width: 1024px) 100vw, 1024px\" \/><\/figure>\n<\/div>\n\n\n<p><\/p>\n\n\n\n<p>La composici\u00f3n de la canci\u00f3n, hecha por estos artistas top, muestra que saben lo que hacen. La rola tiene una vibra \u00fanica que nos hace querer bailar y cantar a todo pulm\u00f3n. La mezcla de influencias musicales de ambos lados del Atl\u00e1ntico se siente en cada nota, creando una experiencia auditiva que nos transporta directo a la mejor fiesta de nuestras vidas.<\/p>\n\n\n\n<h2 class=\"wp-block-heading\">Una Canci\u00f3n Contagiosa<\/h2>\n\n\n\n<p>Hablemos un poco m\u00e1s de la canci\u00f3n en s\u00ed. \u201cEl Doble\u201d es una de esas rolas que, en cuanto la escuchas, no puedes dejar de mover los pies. Su vibra es totalmente contagiosa, y su ritmo pegajoso nos hace querer que sea fin de semana todos los d\u00edas para disfrutarla al m\u00e1ximo.<\/p>\n\n\n\n<p>Y el video, es como una pel\u00edcula de fiesta en la que todos queremos estar. Muestra c\u00f3mo una salida al bar se convierte en una explosi\u00f3n de diversi\u00f3n y euforia, y es imposible no contagiarse de la energ\u00eda que transmite. Cada escena est\u00e1 llena de color y de ese ambiente carnavalesco que hace que la noche sea inolvidable.<\/p>\n\n\n\n<h2 class=\"wp-block-heading\">Abraham Mateo y su Experiencia<\/h2>\n\n\n\n<p>Para Abraham Mateo, colaborar con Danna y Alex Hoyer es un sue\u00f1o hecho realidad. Mateo nos cuenta que desde que compuso y produjo la canci\u00f3n en su estudio de Miami, supo que Danna era la voz perfecta para darle vida a este proyecto. \u201cSiempre es un placer colaborar con grandes artistas, y cuando tambi\u00e9n son amigos, la experiencia se vuelve a\u00fan m\u00e1s especial\u201d, nos dice Abraham.<\/p>\n\n\n\n<p>Esta colaboraci\u00f3n es m\u00e1s que una simple mezcla de estilos; es una celebraci\u00f3n de la m\u00fasica y de la amistad. La manera en que Abraham, Danna y Alex lograron fusionar sus talentos y culturas en \u201cEl Doble\u201d es simplemente espectacular. Es un testimonio de c\u00f3mo la m\u00fasica puede unirnos a pesar de las distancias y diferencias culturales.<\/p>\n\n\n\n<h2 class=\"wp-block-heading\">Un \u00c9xito Mundial<\/h2>\n\n\n\n<p>El single, no solo marca un hito en las carreras de estos cantantes, sino que tambi\u00e9n est\u00e1 creando una ola de entusiasmo global. La canci\u00f3n est\u00e1 en todas partes, desde las playlists de Spotify hasta las listas de \u00e9xitos en la radio. Y es que, \u00bfQui\u00e9n puede resistirse a una canci\u00f3n que no solo es pegajosa, sino que tambi\u00e9n nos hace sentir como si estuvi\u00e9ramos en la mejor fiesta de nuestras vidas?<\/p>\n\n\n\n<p>Hablando de conciertos, \u00a1atenci\u00f3n! Abraham Mateo se estar\u00e1 presentando el 30 de octubre en el Teatro Metropolitan de la Ciudad de M\u00e9xico como parte de su Insomnio Tour. Si a\u00fan no tienes tus boletos, corre a comprarlos en Ticketmaster antes de que se agoten. Este show promete ser una noche \u00e9pica llena de la energ\u00eda y el talento que caracteriza a Abraham, y por supuesto, no podemos esperar para escuchar \u201cEl Doble\u201d en vivo.<\/p>\n\n\n\n<p>La gira de Abraham Mateo es m\u00e1s que una oportunidad para escuchar su m\u00fasica en vivo; es una experiencia que va m\u00e1s all\u00e1 de un simple concierto. Es una celebraci\u00f3n de la m\u00fasica y de la conexi\u00f3n que sentimos con nuestros artistas favoritos.<\/p>\n\n\n\n<p>As\u00ed que ya saben, chicxs, prep\u00e1rense para bailar, cantar y disfrutar cada momento con \u201cEl Doble\u201d. No olviden que la m\u00fasica es una forma maravillosa de conectar con los dem\u00e1s y de celebrar la vida. Nos vemos en el pr\u00f3ximo party y en el concierto de Abraham Mateo en el Teatro Metropolitan.<\/p>\n\n<!--themify_builder_content-->\n<div id=\"themify_builder_content-83517\" data-postid=\"83517\" class=\"themify_builder_content themify_builder_content-83517 themify_builder tf_clear\">\n    <\/div>\n<!--\/themify_builder_content-->","protected":false},"excerpt":{"rendered":"<p>\u00bfYa escucharon el hit que est\u00e1 arrasando? \u201cEl Doble\u201d es el temazo que no sale de nuestras playlists y que est\u00e1 prendiendo todas las fiestas. Esta canci\u00f3n es la collab \u00e9pica entre Abraham Mateo, Danna y Alex Hoyer, y es la mezcla perfecta de ritmos y culturas que nos hace querer mover el cuerpo y [&hellip;]<\/p>\n","protected":false},"author":2,"featured_media":83518,"comment_status":"open","ping_status":"open","sticky":false,"template":"","format":"standard","meta":{"_jetpack_memberships_contains_paid_content":false,"footnotes":"","jetpack_publicize_message":"","jetpack_publicize_feature_enabled":true,"jetpack_social_post_already_shared":true,"jetpack_social_options":{"image_generator_settings":{"template":"highway","default_image_id":0,"font":"","enabled":false},"version":2}},"categories":[117],"tags":[10225,8845,10226,10224,7280],"class_list":["post-83517","post","type-post","status-publish","format-standard","has-post-thumbnail","hentry","category-entretenimiento","tag-abraham-mateo","tag-alex-hoyer","tag-danna","tag-el-doble","tag-nuevo-single","has-post-title","has-post-date","has-post-category","has-post-tag","has-post-comment","has-post-author",""],"yoast_head":"<!-- This site is optimized with the Yoast SEO plugin v27.5 - https:\/\/yoast.com\/product\/yoast-seo-wordpress\/ -->\n<title>Abraham Mateo x Danna: &quot;El Doble&quot; - Zero Magazine<\/title>\n<meta name=\"robots\" content=\"index, follow, max-snippet:-1, max-image-preview:large, max-video-preview:-1\" \/>\n<link rel=\"canonical\" href=\"https:\/\/zeromagazine.mx\/index.php\/2024\/09\/10\/abraham-mateo-x-danna-el-doble\/\" \/>\n<meta property=\"og:locale\" content=\"es_ES\" \/>\n<meta property=\"og:type\" content=\"article\" \/>\n<meta property=\"og:title\" content=\"Abraham Mateo x Danna: &quot;El Doble&quot; - Zero Magazine\" \/>\n<meta property=\"og:description\" content=\"\u00bfYa escucharon el hit que est\u00e1 arrasando? \u201cEl Doble\u201d es el temazo que no sale de nuestras playlists y que est\u00e1 prendiendo todas las fiestas. Esta canci\u00f3n es la collab \u00e9pica entre Abraham Mateo, Danna y Alex Hoyer, y es la mezcla perfecta de ritmos y culturas que nos hace querer mover el cuerpo y [&hellip;]\" \/>\n<meta property=\"og:url\" content=\"https:\/\/zeromagazine.mx\/index.php\/2024\/09\/10\/abraham-mateo-x-danna-el-doble\/\" \/>\n<meta property=\"og:site_name\" content=\"Zero Magazine\" \/>\n<meta property=\"article:published_time\" content=\"2024-09-09T22:33:33+00:00\" \/>\n<meta property=\"article:modified_time\" content=\"2024-09-09T22:36:49+00:00\" \/>\n<meta property=\"og:image\" content=\"https:\/\/i0.wp.com\/zeromagazine.mx\/wp-content\/uploads\/2024\/09\/WhatsApp-Image-2024-09-09-at-3.28.47-PM.jpeg?fit=1280%2C1280&ssl=1\" \/>\n\t<meta property=\"og:image:width\" content=\"1280\" \/>\n\t<meta property=\"og:image:height\" content=\"1280\" \/>\n\t<meta property=\"og:image:type\" content=\"image\/jpeg\" \/>\n<meta name=\"author\" content=\"zeromagazinemx\" \/>\n<meta name=\"twitter:card\" content=\"summary_large_image\" \/>\n<meta name=\"twitter:label1\" content=\"Escrito por\" \/>\n\t<meta name=\"twitter:data1\" content=\"zeromagazinemx\" \/>\n\t<meta name=\"twitter:label2\" content=\"Tiempo de lectura\" \/>\n\t<meta name=\"twitter:data2\" content=\"4 minutos\" \/>\n<script type=\"application\/ld+json\" class=\"yoast-schema-graph\">{\"@context\":\"https:\\\/\\\/schema.org\",\"@graph\":[{\"@type\":\"Article\",\"@id\":\"https:\\\/\\\/zeromagazine.mx\\\/index.php\\\/2024\\\/09\\\/10\\\/abraham-mateo-x-danna-el-doble\\\/#article\",\"isPartOf\":{\"@id\":\"https:\\\/\\\/zeromagazine.mx\\\/index.php\\\/2024\\\/09\\\/10\\\/abraham-mateo-x-danna-el-doble\\\/\"},\"author\":{\"name\":\"zeromagazinemx\",\"@id\":\"https:\\\/\\\/zeromagazine.mx\\\/#\\\/schema\\\/person\\\/9aed9f33a7c39af3a348b86d723f7773\"},\"headline\":\"Abraham Mateo x Danna: \u00abEl Doble\u00bb\",\"datePublished\":\"2024-09-09T22:33:33+00:00\",\"dateModified\":\"2024-09-09T22:36:49+00:00\",\"mainEntityOfPage\":{\"@id\":\"https:\\\/\\\/zeromagazine.mx\\\/index.php\\\/2024\\\/09\\\/10\\\/abraham-mateo-x-danna-el-doble\\\/\"},\"wordCount\":760,\"commentCount\":0,\"publisher\":{\"@id\":\"https:\\\/\\\/zeromagazine.mx\\\/#organization\"},\"image\":{\"@id\":\"https:\\\/\\\/zeromagazine.mx\\\/index.php\\\/2024\\\/09\\\/10\\\/abraham-mateo-x-danna-el-doble\\\/#primaryimage\"},\"thumbnailUrl\":\"https:\\\/\\\/i0.wp.com\\\/zeromagazine.mx\\\/wp-content\\\/uploads\\\/2024\\\/09\\\/WhatsApp-Image-2024-09-09-at-3.28.47-PM.jpeg?fit=1280%2C1280&ssl=1\",\"keywords\":[\"Abraham Mateo\",\"Alex Hoyer\",\"Danna\",\"El Doble\",\"Nuevo Single\"],\"articleSection\":[\"Entretenimiento\"],\"inLanguage\":\"es\",\"potentialAction\":[{\"@type\":\"CommentAction\",\"name\":\"Comment\",\"target\":[\"https:\\\/\\\/zeromagazine.mx\\\/index.php\\\/2024\\\/09\\\/10\\\/abraham-mateo-x-danna-el-doble\\\/#respond\"]}]},{\"@type\":\"WebPage\",\"@id\":\"https:\\\/\\\/zeromagazine.mx\\\/index.php\\\/2024\\\/09\\\/10\\\/abraham-mateo-x-danna-el-doble\\\/\",\"url\":\"https:\\\/\\\/zeromagazine.mx\\\/index.php\\\/2024\\\/09\\\/10\\\/abraham-mateo-x-danna-el-doble\\\/\",\"name\":\"Abraham Mateo x Danna: \\\"El Doble\\\" - Zero Magazine\",\"isPartOf\":{\"@id\":\"https:\\\/\\\/zeromagazine.mx\\\/#website\"},\"primaryImageOfPage\":{\"@id\":\"https:\\\/\\\/zeromagazine.mx\\\/index.php\\\/2024\\\/09\\\/10\\\/abraham-mateo-x-danna-el-doble\\\/#primaryimage\"},\"image\":{\"@id\":\"https:\\\/\\\/zeromagazine.mx\\\/index.php\\\/2024\\\/09\\\/10\\\/abraham-mateo-x-danna-el-doble\\\/#primaryimage\"},\"thumbnailUrl\":\"https:\\\/\\\/i0.wp.com\\\/zeromagazine.mx\\\/wp-content\\\/uploads\\\/2024\\\/09\\\/WhatsApp-Image-2024-09-09-at-3.28.47-PM.jpeg?fit=1280%2C1280&ssl=1\",\"datePublished\":\"2024-09-09T22:33:33+00:00\",\"dateModified\":\"2024-09-09T22:36:49+00:00\",\"breadcrumb\":{\"@id\":\"https:\\\/\\\/zeromagazine.mx\\\/index.php\\\/2024\\\/09\\\/10\\\/abraham-mateo-x-danna-el-doble\\\/#breadcrumb\"},\"inLanguage\":\"es\",\"potentialAction\":[{\"@type\":\"ReadAction\",\"target\":[\"https:\\\/\\\/zeromagazine.mx\\\/index.php\\\/2024\\\/09\\\/10\\\/abraham-mateo-x-danna-el-doble\\\/\"]}]},{\"@type\":\"ImageObject\",\"inLanguage\":\"es\",\"@id\":\"https:\\\/\\\/zeromagazine.mx\\\/index.php\\\/2024\\\/09\\\/10\\\/abraham-mateo-x-danna-el-doble\\\/#primaryimage\",\"url\":\"https:\\\/\\\/i0.wp.com\\\/zeromagazine.mx\\\/wp-content\\\/uploads\\\/2024\\\/09\\\/WhatsApp-Image-2024-09-09-at-3.28.47-PM.jpeg?fit=1280%2C1280&ssl=1\",\"contentUrl\":\"https:\\\/\\\/i0.wp.com\\\/zeromagazine.mx\\\/wp-content\\\/uploads\\\/2024\\\/09\\\/WhatsApp-Image-2024-09-09-at-3.28.47-PM.jpeg?fit=1280%2C1280&ssl=1\",\"width\":1280,\"height\":1280},{\"@type\":\"BreadcrumbList\",\"@id\":\"https:\\\/\\\/zeromagazine.mx\\\/index.php\\\/2024\\\/09\\\/10\\\/abraham-mateo-x-danna-el-doble\\\/#breadcrumb\",\"itemListElement\":[{\"@type\":\"ListItem\",\"position\":1,\"name\":\"Portada\",\"item\":\"https:\\\/\\\/zeromagazine.mx\\\/\"},{\"@type\":\"ListItem\",\"position\":2,\"name\":\"Abraham Mateo x Danna: \u00abEl Doble\u00bb\"}]},{\"@type\":\"WebSite\",\"@id\":\"https:\\\/\\\/zeromagazine.mx\\\/#website\",\"url\":\"https:\\\/\\\/zeromagazine.mx\\\/\",\"name\":\"Zero Magazine\",\"description\":\"\",\"publisher\":{\"@id\":\"https:\\\/\\\/zeromagazine.mx\\\/#organization\"},\"potentialAction\":[{\"@type\":\"SearchAction\",\"target\":{\"@type\":\"EntryPoint\",\"urlTemplate\":\"https:\\\/\\\/zeromagazine.mx\\\/?s={search_term_string}\"},\"query-input\":{\"@type\":\"PropertyValueSpecification\",\"valueRequired\":true,\"valueName\":\"search_term_string\"}}],\"inLanguage\":\"es\"},{\"@type\":\"Organization\",\"@id\":\"https:\\\/\\\/zeromagazine.mx\\\/#organization\",\"name\":\"Zero Magazine\",\"url\":\"https:\\\/\\\/zeromagazine.mx\\\/\",\"logo\":{\"@type\":\"ImageObject\",\"inLanguage\":\"es\",\"@id\":\"https:\\\/\\\/zeromagazine.mx\\\/#\\\/schema\\\/logo\\\/image\\\/\",\"url\":\"https:\\\/\\\/i0.wp.com\\\/zeromagazine.mx\\\/wp-content\\\/uploads\\\/2025\\\/11\\\/1.jpeg?fit=1000%2C1000&ssl=1\",\"contentUrl\":\"https:\\\/\\\/i0.wp.com\\\/zeromagazine.mx\\\/wp-content\\\/uploads\\\/2025\\\/11\\\/1.jpeg?fit=1000%2C1000&ssl=1\",\"width\":1000,\"height\":1000,\"caption\":\"Zero Magazine\"},\"image\":{\"@id\":\"https:\\\/\\\/zeromagazine.mx\\\/#\\\/schema\\\/logo\\\/image\\\/\"},\"sameAs\":[\"https:\\\/\\\/instagram.com\\\/zeromagazinemx\"]},{\"@type\":\"Person\",\"@id\":\"https:\\\/\\\/zeromagazine.mx\\\/#\\\/schema\\\/person\\\/9aed9f33a7c39af3a348b86d723f7773\",\"name\":\"zeromagazinemx\",\"image\":{\"@type\":\"ImageObject\",\"inLanguage\":\"es\",\"@id\":\"https:\\\/\\\/zeromagazine.mx\\\/wp-content\\\/litespeed\\\/avatar\\\/f91dfe5410d5dcb1a576bf8c45983896.jpg?ver=1776966396\",\"url\":\"https:\\\/\\\/zeromagazine.mx\\\/wp-content\\\/litespeed\\\/avatar\\\/f91dfe5410d5dcb1a576bf8c45983896.jpg?ver=1776966396\",\"contentUrl\":\"https:\\\/\\\/zeromagazine.mx\\\/wp-content\\\/litespeed\\\/avatar\\\/f91dfe5410d5dcb1a576bf8c45983896.jpg?ver=1776966396\",\"caption\":\"zeromagazinemx\"},\"url\":\"https:\\\/\\\/zeromagazine.mx\\\/index.php\\\/author\\\/zeromagazinemx\\\/\"}]}<\/script>\n<!-- \/ Yoast SEO plugin. -->","yoast_head_json":{"title":"Abraham Mateo x Danna: \"El Doble\" - Zero Magazine","robots":{"index":"index","follow":"follow","max-snippet":"max-snippet:-1","max-image-preview":"max-image-preview:large","max-video-preview":"max-video-preview:-1"},"canonical":"https:\/\/zeromagazine.mx\/index.php\/2024\/09\/10\/abraham-mateo-x-danna-el-doble\/","og_locale":"es_ES","og_type":"article","og_title":"Abraham Mateo x Danna: \"El Doble\" - Zero Magazine","og_description":"\u00bfYa escucharon el hit que est\u00e1 arrasando? \u201cEl Doble\u201d es el temazo que no sale de nuestras playlists y que est\u00e1 prendiendo todas las fiestas. Esta canci\u00f3n es la collab \u00e9pica entre Abraham Mateo, Danna y Alex Hoyer, y es la mezcla perfecta de ritmos y culturas que nos hace querer mover el cuerpo y [&hellip;]","og_url":"https:\/\/zeromagazine.mx\/index.php\/2024\/09\/10\/abraham-mateo-x-danna-el-doble\/","og_site_name":"Zero Magazine","article_published_time":"2024-09-09T22:33:33+00:00","article_modified_time":"2024-09-09T22:36:49+00:00","og_image":[{"width":1280,"height":1280,"url":"https:\/\/i0.wp.com\/zeromagazine.mx\/wp-content\/uploads\/2024\/09\/WhatsApp-Image-2024-09-09-at-3.28.47-PM.jpeg?fit=1280%2C1280&ssl=1","type":"image\/jpeg"}],"author":"zeromagazinemx","twitter_card":"summary_large_image","twitter_misc":{"Escrito por":"zeromagazinemx","Tiempo de lectura":"4 minutos"},"schema":{"@context":"https:\/\/schema.org","@graph":[{"@type":"Article","@id":"https:\/\/zeromagazine.mx\/index.php\/2024\/09\/10\/abraham-mateo-x-danna-el-doble\/#article","isPartOf":{"@id":"https:\/\/zeromagazine.mx\/index.php\/2024\/09\/10\/abraham-mateo-x-danna-el-doble\/"},"author":{"name":"zeromagazinemx","@id":"https:\/\/zeromagazine.mx\/#\/schema\/person\/9aed9f33a7c39af3a348b86d723f7773"},"headline":"Abraham Mateo x Danna: \u00abEl Doble\u00bb","datePublished":"2024-09-09T22:33:33+00:00","dateModified":"2024-09-09T22:36:49+00:00","mainEntityOfPage":{"@id":"https:\/\/zeromagazine.mx\/index.php\/2024\/09\/10\/abraham-mateo-x-danna-el-doble\/"},"wordCount":760,"commentCount":0,"publisher":{"@id":"https:\/\/zeromagazine.mx\/#organization"},"image":{"@id":"https:\/\/zeromagazine.mx\/index.php\/2024\/09\/10\/abraham-mateo-x-danna-el-doble\/#primaryimage"},"thumbnailUrl":"https:\/\/i0.wp.com\/zeromagazine.mx\/wp-content\/uploads\/2024\/09\/WhatsApp-Image-2024-09-09-at-3.28.47-PM.jpeg?fit=1280%2C1280&ssl=1","keywords":["Abraham Mateo","Alex Hoyer","Danna","El Doble","Nuevo Single"],"articleSection":["Entretenimiento"],"inLanguage":"es","potentialAction":[{"@type":"CommentAction","name":"Comment","target":["https:\/\/zeromagazine.mx\/index.php\/2024\/09\/10\/abraham-mateo-x-danna-el-doble\/#respond"]}]},{"@type":"WebPage","@id":"https:\/\/zeromagazine.mx\/index.php\/2024\/09\/10\/abraham-mateo-x-danna-el-doble\/","url":"https:\/\/zeromagazine.mx\/index.php\/2024\/09\/10\/abraham-mateo-x-danna-el-doble\/","name":"Abraham Mateo x Danna: \"El Doble\" - Zero Magazine","isPartOf":{"@id":"https:\/\/zeromagazine.mx\/#website"},"primaryImageOfPage":{"@id":"https:\/\/zeromagazine.mx\/index.php\/2024\/09\/10\/abraham-mateo-x-danna-el-doble\/#primaryimage"},"image":{"@id":"https:\/\/zeromagazine.mx\/index.php\/2024\/09\/10\/abraham-mateo-x-danna-el-doble\/#primaryimage"},"thumbnailUrl":"https:\/\/i0.wp.com\/zeromagazine.mx\/wp-content\/uploads\/2024\/09\/WhatsApp-Image-2024-09-09-at-3.28.47-PM.jpeg?fit=1280%2C1280&ssl=1","datePublished":"2024-09-09T22:33:33+00:00","dateModified":"2024-09-09T22:36:49+00:00","breadcrumb":{"@id":"https:\/\/zeromagazine.mx\/index.php\/2024\/09\/10\/abraham-mateo-x-danna-el-doble\/#breadcrumb"},"inLanguage":"es","potentialAction":[{"@type":"ReadAction","target":["https:\/\/zeromagazine.mx\/index.php\/2024\/09\/10\/abraham-mateo-x-danna-el-doble\/"]}]},{"@type":"ImageObject","inLanguage":"es","@id":"https:\/\/zeromagazine.mx\/index.php\/2024\/09\/10\/abraham-mateo-x-danna-el-doble\/#primaryimage","url":"https:\/\/i0.wp.com\/zeromagazine.mx\/wp-content\/uploads\/2024\/09\/WhatsApp-Image-2024-09-09-at-3.28.47-PM.jpeg?fit=1280%2C1280&ssl=1","contentUrl":"https:\/\/i0.wp.com\/zeromagazine.mx\/wp-content\/uploads\/2024\/09\/WhatsApp-Image-2024-09-09-at-3.28.47-PM.jpeg?fit=1280%2C1280&ssl=1","width":1280,"height":1280},{"@type":"BreadcrumbList","@id":"https:\/\/zeromagazine.mx\/index.php\/2024\/09\/10\/abraham-mateo-x-danna-el-doble\/#breadcrumb","itemListElement":[{"@type":"ListItem","position":1,"name":"Portada","item":"https:\/\/zeromagazine.mx\/"},{"@type":"ListItem","position":2,"name":"Abraham Mateo x Danna: \u00abEl Doble\u00bb"}]},{"@type":"WebSite","@id":"https:\/\/zeromagazine.mx\/#website","url":"https:\/\/zeromagazine.mx\/","name":"Zero Magazine","description":"","publisher":{"@id":"https:\/\/zeromagazine.mx\/#organization"},"potentialAction":[{"@type":"SearchAction","target":{"@type":"EntryPoint","urlTemplate":"https:\/\/zeromagazine.mx\/?s={search_term_string}"},"query-input":{"@type":"PropertyValueSpecification","valueRequired":true,"valueName":"search_term_string"}}],"inLanguage":"es"},{"@type":"Organization","@id":"https:\/\/zeromagazine.mx\/#organization","name":"Zero Magazine","url":"https:\/\/zeromagazine.mx\/","logo":{"@type":"ImageObject","inLanguage":"es","@id":"https:\/\/zeromagazine.mx\/#\/schema\/logo\/image\/","url":"https:\/\/i0.wp.com\/zeromagazine.mx\/wp-content\/uploads\/2025\/11\/1.jpeg?fit=1000%2C1000&ssl=1","contentUrl":"https:\/\/i0.wp.com\/zeromagazine.mx\/wp-content\/uploads\/2025\/11\/1.jpeg?fit=1000%2C1000&ssl=1","width":1000,"height":1000,"caption":"Zero Magazine"},"image":{"@id":"https:\/\/zeromagazine.mx\/#\/schema\/logo\/image\/"},"sameAs":["https:\/\/instagram.com\/zeromagazinemx"]},{"@type":"Person","@id":"https:\/\/zeromagazine.mx\/#\/schema\/person\/9aed9f33a7c39af3a348b86d723f7773","name":"zeromagazinemx","image":{"@type":"ImageObject","inLanguage":"es","@id":"https:\/\/zeromagazine.mx\/wp-content\/litespeed\/avatar\/f91dfe5410d5dcb1a576bf8c45983896.jpg?ver=1776966396","url":"https:\/\/zeromagazine.mx\/wp-content\/litespeed\/avatar\/f91dfe5410d5dcb1a576bf8c45983896.jpg?ver=1776966396","contentUrl":"https:\/\/zeromagazine.mx\/wp-content\/litespeed\/avatar\/f91dfe5410d5dcb1a576bf8c45983896.jpg?ver=1776966396","caption":"zeromagazinemx"},"url":"https:\/\/zeromagazine.mx\/index.php\/author\/zeromagazinemx\/"}]}},"jetpack_publicize_connections":[],"jetpack_featured_media_url":"https:\/\/i0.wp.com\/zeromagazine.mx\/wp-content\/uploads\/2024\/09\/WhatsApp-Image-2024-09-09-at-3.28.47-PM.jpeg?fit=1280%2C1280&ssl=1","jetpack-related-posts":[{"id":94951,"url":"https:\/\/zeromagazine.mx\/index.php\/2025\/01\/17\/nueva-version-de-miranda\/","url_meta":{"origin":83517,"position":0},"title":"Nueva versi\u00f3n de Miranda","author":"zeromagazinemx","date":"17 de enero de 2025","format":false,"excerpt":"Nueva versi\u00f3n Nueva versi\u00f3n. Amigxs, \u00bfya escucharon el remix de \u201cPor Ese Hombre\u201d? Esta vez, la cl\u00e1sica canci\u00f3n de Pimpinela, lanzada en 1985, viene con un giro super fresh gracias al toque de\u00a0MIRANDA!\u00a0y Abraham Mateo. Si no lo han escuchado, ya es hora de que lo pongan en repeat. Es\u2026","rel":"","context":"En \u00abEntretenimiento\u00bb","block_context":{"text":"Entretenimiento","link":"https:\/\/zeromagazine.mx\/index.php\/category\/entretenimiento\/"},"img":{"alt_text":"","src":"https:\/\/i0.wp.com\/zeromagazine.mx\/wp-content\/uploads\/2025\/01\/Captura-de-pantalla-2025-01-17-a-las-14.01.23.png?fit=620%2C618&ssl=1&resize=350%2C200","width":350,"height":200,"srcset":"https:\/\/i0.wp.com\/zeromagazine.mx\/wp-content\/uploads\/2025\/01\/Captura-de-pantalla-2025-01-17-a-las-14.01.23.png?fit=620%2C618&ssl=1&resize=350%2C200 1x, https:\/\/i0.wp.com\/zeromagazine.mx\/wp-content\/uploads\/2025\/01\/Captura-de-pantalla-2025-01-17-a-las-14.01.23.png?fit=620%2C618&ssl=1&resize=525%2C300 1.5x"},"classes":[]},{"id":78696,"url":"https:\/\/zeromagazine.mx\/index.php\/2024\/06\/18\/buenos-aires-el-regreso-de-alex-hoyer\/","url_meta":{"origin":83517,"position":1},"title":"Buenos Aires: El Regreso de Alex Hoyer","author":"zeromagazinemx","date":"18 de junio de 2024","format":false,"excerpt":"Les cuento que Alex Hoyer est\u00e1 de vuelta en la escena musical con su nuevo sencillo \"Buenos Aires\". Este talentoso cantante, productor y compositor mexicano est\u00e1 marcando una nueva etapa en su carrera como artista independiente, buscando dejar una huella profunda en la industria musical a trav\u00e9s de esta canci\u00f3n\u2026","rel":"","context":"En \u00abEntretenimiento\u00bb","block_context":{"text":"Entretenimiento","link":"https:\/\/zeromagazine.mx\/index.php\/category\/entretenimiento\/"},"img":{"alt_text":"","src":"https:\/\/i0.wp.com\/zeromagazine.mx\/wp-content\/uploads\/2024\/06\/Captura-de-pantalla-676.png?fit=496%2C494&ssl=1&resize=350%2C200","width":350,"height":200},"classes":[]},{"id":79804,"url":"https:\/\/zeromagazine.mx\/index.php\/2024\/07\/02\/valentino-la-discotheque-movil-que-hara-historia-en-la-arena-lopez-mateos\/","url_meta":{"origin":83517,"position":2},"title":"Valentino: La Discotheque M\u00f3vil que Har\u00e1 Historia en la Arena L\u00f3pez Mateos","author":"zeromagazinemx","date":"2 de julio de 2024","format":false,"excerpt":"Les tengo un chisme de aquellos que no se pueden perder. Se trata de Valentino, la discotheque m\u00f3vil que marc\u00f3 toda una era en M\u00e9xico y que est\u00e1 lista para regresar con todo este 17 de agosto en la Arena L\u00f3pez Mateos. Si alguna vez han escuchado a sus t\u00edos\u2026","rel":"","context":"En \u00abBlog\u00bb","block_context":{"text":"Blog","link":"https:\/\/zeromagazine.mx\/index.php\/category\/blog\/"},"img":{"alt_text":"","src":"https:\/\/i0.wp.com\/zeromagazine.mx\/wp-content\/uploads\/2024\/07\/VALENTINO-ARENA-LOPEZ-MATEOS-AGO-cartel-scaled.jpeg?fit=772%2C1200&ssl=1&resize=350%2C200","width":350,"height":200,"srcset":"https:\/\/i0.wp.com\/zeromagazine.mx\/wp-content\/uploads\/2024\/07\/VALENTINO-ARENA-LOPEZ-MATEOS-AGO-cartel-scaled.jpeg?fit=772%2C1200&ssl=1&resize=350%2C200 1x, https:\/\/i0.wp.com\/zeromagazine.mx\/wp-content\/uploads\/2024\/07\/VALENTINO-ARENA-LOPEZ-MATEOS-AGO-cartel-scaled.jpeg?fit=772%2C1200&ssl=1&resize=525%2C300 1.5x, https:\/\/i0.wp.com\/zeromagazine.mx\/wp-content\/uploads\/2024\/07\/VALENTINO-ARENA-LOPEZ-MATEOS-AGO-cartel-scaled.jpeg?fit=772%2C1200&ssl=1&resize=700%2C400 2x"},"classes":[]},{"id":81730,"url":"https:\/\/zeromagazine.mx\/index.php\/2024\/08\/12\/alex-ponce-un-viaje-musical-sin-limites\/","url_meta":{"origin":83517,"position":3},"title":"Alex Ponce: Un Viaje Musical Sin L\u00edmites","author":"David Morales","date":"12 de agosto de 2024","format":false,"excerpt":"En esta entrevista, tenemos el placer de conversar con Alex Ponce, un talentoso productor musical y DJ que ha conquistado a la audiencia con su innovador sonido y enfoque en la m\u00fasica pop. Desde su debut en 2020 con el sencillo \u201cDistancia,\u201d hasta su aclamado \u00e1lbum debut \u201cSer humano,\u201d Alex\u2026","rel":"","context":"En \u00abEntrevistas\u00bb","block_context":{"text":"Entrevistas","link":"https:\/\/zeromagazine.mx\/index.php\/category\/entretenimiento\/entrevistas\/"},"img":{"alt_text":"","src":"https:\/\/i0.wp.com\/zeromagazine.mx\/wp-content\/uploads\/2024\/08\/APZE9-scaled.jpg?fit=800%2C1200&ssl=1&resize=350%2C200","width":350,"height":200,"srcset":"https:\/\/i0.wp.com\/zeromagazine.mx\/wp-content\/uploads\/2024\/08\/APZE9-scaled.jpg?fit=800%2C1200&ssl=1&resize=350%2C200 1x, https:\/\/i0.wp.com\/zeromagazine.mx\/wp-content\/uploads\/2024\/08\/APZE9-scaled.jpg?fit=800%2C1200&ssl=1&resize=525%2C300 1.5x, https:\/\/i0.wp.com\/zeromagazine.mx\/wp-content\/uploads\/2024\/08\/APZE9-scaled.jpg?fit=800%2C1200&ssl=1&resize=700%2C400 2x"},"classes":[]},{"id":57947,"url":"https:\/\/zeromagazine.mx\/index.php\/2021\/11\/12\/entrevista-a-millen\/","url_meta":{"origin":83517,"position":4},"title":"Entrevista a Millen","author":"zeromagazinemx","date":"12 de noviembre de 2021","format":false,"excerpt":"Millen estrena su m\u00e1s reciente sencillo \u201cVamos juntos a volar\u201d. Platicamos con esta banda de Guadalajara integrada por John, Alex y Gerardo y nos contaron sobre c\u00f3mo naci\u00f3 esta canci\u00f3n y el mensaje que quer\u00edan hacernos llegar a trav\u00e9s de ella. Te invitamos a leer toda la entrevista. Por Mateo\u2026","rel":"","context":"En \u00abEntretenimiento\u00bb","block_context":{"text":"Entretenimiento","link":"https:\/\/zeromagazine.mx\/index.php\/category\/entretenimiento\/"},"img":{"alt_text":"","src":"","width":0,"height":0},"classes":[]},{"id":79655,"url":"https:\/\/zeromagazine.mx\/index.php\/2024\/06\/28\/alex-ponce-estrena-ve-y-diles-v2-remix-con-lasso-y-sebastian-llosa\/","url_meta":{"origin":83517,"position":5},"title":"Alex Ponce Estrena \u00abVe y Diles V2 (Remix)\u00bb con Lasso y Sebasti\u00e1n Llosa","author":"zeromagazinemx","date":"28 de junio de 2024","format":false,"excerpt":"Hoy les quiero platicar que el talentoso cantautor ecuatoriano Alex Ponce acaba de lanzar un bombazo musical que no podemos dejar pasar: \"Ve y Diles V2 (Remix)\". Esta rolita electropop es una colaboraci\u00f3n \u00e9pica con Lasso y Sebasti\u00e1n Llosa, dos nombres que no necesitan presentaci\u00f3n. Juntos, han creado una melod\u00eda\u2026","rel":"","context":"En \u00abEntretenimiento\u00bb","block_context":{"text":"Entretenimiento","link":"https:\/\/zeromagazine.mx\/index.php\/category\/entretenimiento\/"},"img":{"alt_text":"","src":"https:\/\/i0.wp.com\/zeromagazine.mx\/wp-content\/uploads\/2024\/06\/ALEX-PONCE-LASSO-SEBASTIAN-LLOSA-P9-scaled.jpg?fit=1200%2C801&ssl=1&resize=350%2C200","width":350,"height":200,"srcset":"https:\/\/i0.wp.com\/zeromagazine.mx\/wp-content\/uploads\/2024\/06\/ALEX-PONCE-LASSO-SEBASTIAN-LLOSA-P9-scaled.jpg?fit=1200%2C801&ssl=1&resize=350%2C200 1x, https:\/\/i0.wp.com\/zeromagazine.mx\/wp-content\/uploads\/2024\/06\/ALEX-PONCE-LASSO-SEBASTIAN-LLOSA-P9-scaled.jpg?fit=1200%2C801&ssl=1&resize=525%2C300 1.5x, https:\/\/i0.wp.com\/zeromagazine.mx\/wp-content\/uploads\/2024\/06\/ALEX-PONCE-LASSO-SEBASTIAN-LLOSA-P9-scaled.jpg?fit=1200%2C801&ssl=1&resize=700%2C400 2x, https:\/\/i0.wp.com\/zeromagazine.mx\/wp-content\/uploads\/2024\/06\/ALEX-PONCE-LASSO-SEBASTIAN-LLOSA-P9-scaled.jpg?fit=1200%2C801&ssl=1&resize=1050%2C600 3x"},"classes":[]}],"jetpack_sharing_enabled":true,"builder_content":"","_links":{"self":[{"href":"https:\/\/zeromagazine.mx\/index.php\/wp-json\/wp\/v2\/posts\/83517","targetHints":{"allow":["GET"]}}],"collection":[{"href":"https:\/\/zeromagazine.mx\/index.php\/wp-json\/wp\/v2\/posts"}],"about":[{"href":"https:\/\/zeromagazine.mx\/index.php\/wp-json\/wp\/v2\/types\/post"}],"author":[{"embeddable":true,"href":"https:\/\/zeromagazine.mx\/index.php\/wp-json\/wp\/v2\/users\/2"}],"replies":[{"embeddable":true,"href":"https:\/\/zeromagazine.mx\/index.php\/wp-json\/wp\/v2\/comments?post=83517"}],"version-history":[{"count":4,"href":"https:\/\/zeromagazine.mx\/index.php\/wp-json\/wp\/v2\/posts\/83517\/revisions"}],"predecessor-version":[{"id":83535,"href":"https:\/\/zeromagazine.mx\/index.php\/wp-json\/wp\/v2\/posts\/83517\/revisions\/83535"}],"wp:featuredmedia":[{"embeddable":true,"href":"https:\/\/zeromagazine.mx\/index.php\/wp-json\/wp\/v2\/media\/83518"}],"wp:attachment":[{"href":"https:\/\/zeromagazine.mx\/index.php\/wp-json\/wp\/v2\/media?parent=83517"}],"wp:term":[{"taxonomy":"category","embeddable":true,"href":"https:\/\/zeromagazine.mx\/index.php\/wp-json\/wp\/v2\/categories?post=83517"},{"taxonomy":"post_tag","embeddable":true,"href":"https:\/\/zeromagazine.mx\/index.php\/wp-json\/wp\/v2\/tags?post=83517"}],"curies":[{"name":"wp","href":"https:\/\/api.w.org\/{rel}","templated":true}]}}