{"id":83543,"date":"2024-09-10T01:01:13","date_gmt":"2024-09-09T23:01:13","guid":{"rendered":"https:\/\/zeromagazine.mx\/?p=83543"},"modified":"2024-09-10T01:01:15","modified_gmt":"2024-09-09T23:01:15","slug":"memo-martinez-creatividad-en-movimiento","status":"publish","type":"post","link":"https:\/\/zeromagazine.mx\/index.php\/2024\/09\/10\/memo-martinez-creatividad-en-movimiento\/","title":{"rendered":"Memo Mart\u00ednez: Creatividad en Movimiento"},"content":{"rendered":"<!--themify_builder_content-->\n<div id=\"themify_builder_content-83543\" data-postid=\"83543\" class=\"themify_builder_content themify_builder_content-83543 themify_builder tf_clear\">\n    <\/div>\n<!--\/themify_builder_content-->\n\n\n<figure class=\"wp-block-image size-full\"><img data-recalc-dims=\"1\" decoding=\"async\" width=\"1165\" height=\"1508\" src=\"https:\/\/i0.wp.com\/zeromagazine.mx\/wp-content\/uploads\/2024\/09\/IMG_1547-scaled.jpeg?resize=1165%2C1508&#038;ssl=1\" alt=\"\" class=\"wp-image-83544\" srcset=\"https:\/\/i0.wp.com\/zeromagazine.mx\/wp-content\/uploads\/2024\/09\/IMG_1547-scaled.jpeg?w=1978&amp;ssl=1 1978w, https:\/\/i0.wp.com\/zeromagazine.mx\/wp-content\/uploads\/2024\/09\/IMG_1547-scaled.jpeg?resize=232%2C300&amp;ssl=1 232w, https:\/\/i0.wp.com\/zeromagazine.mx\/wp-content\/uploads\/2024\/09\/IMG_1547-scaled.jpeg?resize=791%2C1024&amp;ssl=1 791w, https:\/\/i0.wp.com\/zeromagazine.mx\/wp-content\/uploads\/2024\/09\/IMG_1547-scaled.jpeg?resize=768%2C994&amp;ssl=1 768w, https:\/\/i0.wp.com\/zeromagazine.mx\/wp-content\/uploads\/2024\/09\/IMG_1547-scaled.jpeg?resize=1187%2C1536&amp;ssl=1 1187w, https:\/\/i0.wp.com\/zeromagazine.mx\/wp-content\/uploads\/2024\/09\/IMG_1547-scaled.jpeg?resize=1583%2C2048&amp;ssl=1 1583w\" sizes=\"(max-width: 1165px) 100vw, 1165px\" \/><\/figure>\n\n\n\n<ul class=\"wp-block-list\">\n<li>Por: El Poderoso Dave<\/li>\n\n\n\n<li>Talento: Memo Martinez @memo.mtz<\/li>\n\n\n\n<li>Producci\u00f3n: Melissa Garc\u00eda @smelissgarcia \/ @nan_santander\u00a0<\/li>\n\n\n\n<li>Talent Manager: Nancy Santander @nan_santander<\/li>\n\n\n\n<li>Foto Fija y Video: Diego Bohemio @bohemiodanza<\/li>\n\n\n\n<li>Styling: Nathalia Burruel @nathaliaburruel<\/li>\n\n\n\n<li>Agencia: Qrew by Queta Rojas @<a href=\"http:\/\/qrew.mx\/\">qrew.mx<\/a> @quetarojas\u00a0<\/li>\n<\/ul>\n\n\n\n<p>Memo Mart\u00ednez, bailar\u00edn y core\u00f3grafo de renombre internacional, ha forjado su camino en la industria del entretenimiento con disciplina y pasi\u00f3n. Su trayectoria lo ha llevado a trabajar con los nombres m\u00e1s grandes del espect\u00e1culo, pero lo que lo distingue es su profunda conexi\u00f3n con la espiritualidad y su capacidad para superar los retos m\u00e1s dif\u00edciles de su carrera. En esta entrevista, Memo comparte con nosotros los momentos clave que han definido su carrera y su vida, y c\u00f3mo ha encontrado equilibrio en un mundo tan competitivo.<\/p>\n\n\n\n<p><strong>\u00bfQu\u00e9 te dec\u00eda tu familia cuando empezaste?<\/strong><\/p>\n\n\n\n<p>Me han apoyado much\u00edsimo. Lo \u00fanico que me ped\u00edan era que no descuidara la escuela, o sea, que mantuviera los promedios m\u00e1s altos. Era bien matado, y era como mi \u00fanica salida, pues pod\u00eda hacer lo que quer\u00eda con el baile, pero tambi\u00e9n deb\u00eda mantener mis compromisos con mis estudios. Siempre me apoyaron. Me siento muy afortunado.<\/p>\n\n\n\n<script async src=\"https:\/\/pagead2.googlesyndication.com\/pagead\/js\/adsbygoogle.js?client=ca-pub-5499304793904745\"\n     crossorigin=\"anonymous\"><\/script>\n<ins class=\"adsbygoogle\"\n     style=\"display:block; text-align:center;\"\n     data-ad-layout=\"in-article\"\n     data-ad-format=\"fluid\"\n     data-ad-client=\"ca-pub-5499304793904745\"\n     data-ad-slot=\"5994863093\"><\/ins>\n<script>\n     (adsbygoogle = window.adsbygoogle || []).push({});\n<\/script>\n\n\n\n<p><strong>Ahora que te ven con estas personalidades, \u00bfqu\u00e9 te dicen?<\/strong><\/p>\n\n\n\n<p>Pues, creo que siempre han sido un gran apoyo para m\u00ed, y siempre han cre\u00eddo en mi talento y en mi trabajo. Pero creo que hasta que empec\u00e9 a trabajar con grandes personalidades y en grandes producciones fue cuando se relajaron y entendieron que realmente hay futuro en esto, no solo moral sino tambi\u00e9n personal. Ahora entienden que la industria es gigante, y que lo que aprendo en cada proyecto abre nuevas oportunidades. Est\u00e1n muy emocionados y orgullosos de lo que hago, aunque a veces ni les cuento todo lo que estoy haciendo. Pero siempre est\u00e1n al pendiente, tranquilos porque saben que estoy haciendo lo que amo.<\/p>\n\n\n\n<p><strong>Plat\u00edcame, \u00bfqu\u00e9 papel ha jugado la espiritualidad en tu vida como core\u00f3grafo y bailar\u00edn, y c\u00f3mo te ha influenciado en los momentos m\u00e1s desafiantes de tu carrera?<\/strong><\/p>\n\n\n\n<p>Creo que una de las cosas m\u00e1s dif\u00edciles que aprend\u00ed fue a entender que cuando no hay trabajo, cuando las cosas van lentas, es porque se est\u00e1 preparando una subida. Entonces, en esos momentos me reconecto conmigo mismo, con mi espiritualidad, y me doy cuenta de que lo que estoy haciendo tiene un prop\u00f3sito mayor. No importa si estoy en un momento incre\u00edble o en un baj\u00f3n, he aprendido a no dejarme llevar por las circunstancias, a confiar en que las cosas mejorar\u00e1n y a mantener la calma. Esa conexi\u00f3n conmigo mismo y con el universo me ha dado mucha paz y confianza para seguir adelante.<\/p>\n\n\n\n<figure class=\"wp-block-image size-full\"><img data-recalc-dims=\"1\" decoding=\"async\" width=\"1165\" height=\"1747\" src=\"https:\/\/i0.wp.com\/zeromagazine.mx\/wp-content\/uploads\/2024\/09\/IMG_1548-scaled.jpeg?resize=1165%2C1747&#038;ssl=1\" alt=\"\" class=\"wp-image-83545\" srcset=\"https:\/\/i0.wp.com\/zeromagazine.mx\/wp-content\/uploads\/2024\/09\/IMG_1548-scaled.jpeg?w=1707&amp;ssl=1 1707w, https:\/\/i0.wp.com\/zeromagazine.mx\/wp-content\/uploads\/2024\/09\/IMG_1548-scaled.jpeg?resize=200%2C300&amp;ssl=1 200w, https:\/\/i0.wp.com\/zeromagazine.mx\/wp-content\/uploads\/2024\/09\/IMG_1548-scaled.jpeg?resize=683%2C1024&amp;ssl=1 683w, https:\/\/i0.wp.com\/zeromagazine.mx\/wp-content\/uploads\/2024\/09\/IMG_1548-scaled.jpeg?resize=768%2C1152&amp;ssl=1 768w, https:\/\/i0.wp.com\/zeromagazine.mx\/wp-content\/uploads\/2024\/09\/IMG_1548-scaled.jpeg?resize=1024%2C1536&amp;ssl=1 1024w, https:\/\/i0.wp.com\/zeromagazine.mx\/wp-content\/uploads\/2024\/09\/IMG_1548-scaled.jpeg?resize=1365%2C2048&amp;ssl=1 1365w\" sizes=\"(max-width: 1165px) 100vw, 1165px\" \/><\/figure>\n\n\n\n<p><strong>\u00bfC\u00f3mo llegaste a Los \u00c1ngeles?<\/strong><\/p>\n\n\n\n<p>Llegu\u00e9 por medio de un programa de MTV llamado \u00abAmerica&#8217;s Best Dance Crew,\u00bb que es un reality de competencia de danza. Particip\u00e9 con mi grupo y fuimos el primer grupo mexicano en estar en ese programa. Fue un proceso de selecci\u00f3n muy fuerte, pero ser parte de eso me abri\u00f3 los ojos a c\u00f3mo funciona la industria, y me di cuenta de que s\u00ed pod\u00eda vivir de esto. En ese momento estaba estudiando ingenier\u00eda en el Tec de Monterrey, pero decid\u00ed dejarlo todo y lanzarme por completo a la danza. Fue un riesgo enorme, pero vali\u00f3 la pena.<\/p>\n\n\n\n<p><strong>Mirando un poco hacia atr\u00e1s, \u00bfcu\u00e1l ha sido el momento m\u00e1s significativo de tu carrera hasta ahora?<\/strong><\/p>\n\n\n\n<p>Uno de los momentos m\u00e1s importantes fue cuando audicion\u00e9 para el show de Las Vegas de Jennifer L\u00f3pez. Hab\u00eda como 500 personas, y al final solo quedaron 10. Ser el \u00fanico mexicano y saber lo que eso representaba para mi comunidad fue muy fuerte. Adem\u00e1s, cuando mi familia vino a verme en Las Vegas fue algo muy especial. Hab\u00edan visto mis videos, pero nunca me hab\u00edan visto en vivo en un escenario de esa magnitud. Tener a 16 de mis familiares ah\u00ed fue incre\u00edble, y fue un momento que nunca olvidar\u00e9.<\/p>\n\n\n\n<figure class=\"wp-block-image size-large\"><img data-recalc-dims=\"1\" decoding=\"async\" width=\"1024\" height=\"683\" src=\"https:\/\/i0.wp.com\/zeromagazine.mx\/wp-content\/uploads\/2024\/09\/IMG_1551-1024x683.jpeg?resize=1024%2C683&#038;ssl=1\" alt=\"\" class=\"wp-image-83548\" srcset=\"https:\/\/i0.wp.com\/zeromagazine.mx\/wp-content\/uploads\/2024\/09\/IMG_1551-scaled.jpeg?resize=1024%2C683&amp;ssl=1 1024w, https:\/\/i0.wp.com\/zeromagazine.mx\/wp-content\/uploads\/2024\/09\/IMG_1551-scaled.jpeg?resize=300%2C200&amp;ssl=1 300w, https:\/\/i0.wp.com\/zeromagazine.mx\/wp-content\/uploads\/2024\/09\/IMG_1551-scaled.jpeg?resize=768%2C512&amp;ssl=1 768w, https:\/\/i0.wp.com\/zeromagazine.mx\/wp-content\/uploads\/2024\/09\/IMG_1551-scaled.jpeg?resize=1536%2C1024&amp;ssl=1 1536w, https:\/\/i0.wp.com\/zeromagazine.mx\/wp-content\/uploads\/2024\/09\/IMG_1551-scaled.jpeg?resize=2048%2C1365&amp;ssl=1 2048w, https:\/\/i0.wp.com\/zeromagazine.mx\/wp-content\/uploads\/2024\/09\/IMG_1551-scaled.jpeg?w=2330 2330w\" sizes=\"(max-width: 1024px) 100vw, 1024px\" \/><\/figure>\n\n\n\n<p><strong>\u00bfAlguna vez te imaginaste que ibas a estar trabajando con este tipo de artistas?<\/strong><\/p>\n\n\n\n<p>No, la verdad no. Al principio no ve\u00eda ese futuro para m\u00ed, porque no conoc\u00eda la industria. Cuando empec\u00e9 a entrenar en Monterrey, mi meta era competir y ganar becas, no ve\u00eda m\u00e1s all\u00e1 de eso. Pero una vez que llegu\u00e9 a Los \u00c1ngeles y empec\u00e9 a trabajar de forma profesional, me di cuenta de lo grande que era esta industria y de que s\u00ed era posible. Aunque me cost\u00f3 trabajo creerlo al principio, con el tiempo todo se fue acomodando.<\/p>\n\n\n\n<p><strong>\u00bfHay alguna colaboraci\u00f3n o experiencia que, aunque haya sido exitosa, te haya dejado un sentimiento de nostalgia o melancol\u00eda?<\/strong><\/p>\n\n\n\n<p>No tanto melancol\u00eda, pero s\u00ed me ha tocado experiencias donde siento que falta una apreciaci\u00f3n al artista, especialmente cuando regres\u00e9 a trabajar en M\u00e9xico. En Los \u00c1ngeles hay una uni\u00f3n que protege al bailar\u00edn: los pagos son buenos, el trato es de primera, y todo est\u00e1 muy bien organizado. Pero en M\u00e9xico me encontr\u00e9 con que esa protecci\u00f3n al bailar\u00edn a\u00fan no est\u00e1 tan desarrollada. Fue un choque al principio, pero con el tiempo aprend\u00ed a exigir ese respeto y a valorar mi trabajo.<\/p>\n\n\n\n<figure class=\"wp-block-image size-large\"><img data-recalc-dims=\"1\" decoding=\"async\" width=\"1024\" height=\"683\" src=\"https:\/\/i0.wp.com\/zeromagazine.mx\/wp-content\/uploads\/2024\/09\/IMG_1552-1024x683.jpeg?resize=1024%2C683&#038;ssl=1\" alt=\"\" class=\"wp-image-83546\" srcset=\"https:\/\/i0.wp.com\/zeromagazine.mx\/wp-content\/uploads\/2024\/09\/IMG_1552-scaled.jpeg?resize=1024%2C683&amp;ssl=1 1024w, https:\/\/i0.wp.com\/zeromagazine.mx\/wp-content\/uploads\/2024\/09\/IMG_1552-scaled.jpeg?resize=300%2C200&amp;ssl=1 300w, https:\/\/i0.wp.com\/zeromagazine.mx\/wp-content\/uploads\/2024\/09\/IMG_1552-scaled.jpeg?resize=768%2C512&amp;ssl=1 768w, https:\/\/i0.wp.com\/zeromagazine.mx\/wp-content\/uploads\/2024\/09\/IMG_1552-scaled.jpeg?resize=1536%2C1024&amp;ssl=1 1536w, https:\/\/i0.wp.com\/zeromagazine.mx\/wp-content\/uploads\/2024\/09\/IMG_1552-scaled.jpeg?resize=2048%2C1365&amp;ssl=1 2048w, https:\/\/i0.wp.com\/zeromagazine.mx\/wp-content\/uploads\/2024\/09\/IMG_1552-scaled.jpeg?w=2330 2330w\" sizes=\"(max-width: 1024px) 100vw, 1024px\" \/><\/figure>\n\n\n\n<p><strong>\u00bfAlg\u00fan proyecto te ha hecho sentir que ya est\u00e1s cumpliendo tu prop\u00f3sito en la vida?<\/strong><\/p>\n\n\n\n<p>S\u00ed, uno de los momentos m\u00e1s fuertes fue cuando trabaj\u00e9 con los mejores core\u00f3grafos de la industria. Ellos ya eran leyendas, y estar ah\u00ed, ser elegido entre tantos, me hizo sentir que estaba cumpliendo con mi prop\u00f3sito. Tambi\u00e9n cuando trabaj\u00e9 con Chayanne en un video, fue un momento muy especial para m\u00ed, porque crec\u00ed escuchando su m\u00fasica, y tener la oportunidad de trabajar con \u00e9l fue como un sue\u00f1o hecho realidad.<\/p>\n\n\n\n<script async src=\"https:\/\/pagead2.googlesyndication.com\/pagead\/js\/adsbygoogle.js?client=ca-pub-5499304793904745\"\n     crossorigin=\"anonymous\"><\/script>\n<ins class=\"adsbygoogle\"\n     style=\"display:block; text-align:center;\"\n     data-ad-layout=\"in-article\"\n     data-ad-format=\"fluid\"\n     data-ad-client=\"ca-pub-5499304793904745\"\n     data-ad-slot=\"5994863093\"><\/ins>\n<script>\n     (adsbygoogle = window.adsbygoogle || []).push({});\n<\/script>\n\n\n\n<p><strong>Con la presi\u00f3n de cumplir las expectativas en proyectos de alto nivel como este en Las Vegas, trabajando con artistas como Bad Bunny y Chayanne, \u00bfc\u00f3mo balanceas esa presi\u00f3n creativa con el resto de tus proyectos?<\/strong><\/p>\n\n\n\n<p>S\u00ed, creo que eso es algo que empec\u00e9 a aprender sobre la marcha. Al principio, la demanda es mucha, te piden ajustes constantes, solucionar cosas al instante. Pero siento que mi creatividad siempre ha estado \u00abon\u00bb debido al entrenamiento que tuve en Los \u00c1ngeles, donde tomaba muchas clases y aprend\u00ed de diferentes personas. Inconscientemente, tom\u00e9 muchas notas de cada mundo y cada persona.&nbsp;<\/p>\n\n\n\n<figure class=\"wp-block-image size-full\"><img data-recalc-dims=\"1\" decoding=\"async\" width=\"1165\" height=\"1747\" src=\"https:\/\/i0.wp.com\/zeromagazine.mx\/wp-content\/uploads\/2024\/09\/IMG_1550-scaled.jpeg?resize=1165%2C1747&#038;ssl=1\" alt=\"\" class=\"wp-image-83549\" srcset=\"https:\/\/i0.wp.com\/zeromagazine.mx\/wp-content\/uploads\/2024\/09\/IMG_1550-scaled.jpeg?w=1707&amp;ssl=1 1707w, https:\/\/i0.wp.com\/zeromagazine.mx\/wp-content\/uploads\/2024\/09\/IMG_1550-scaled.jpeg?resize=200%2C300&amp;ssl=1 200w, https:\/\/i0.wp.com\/zeromagazine.mx\/wp-content\/uploads\/2024\/09\/IMG_1550-scaled.jpeg?resize=683%2C1024&amp;ssl=1 683w, https:\/\/i0.wp.com\/zeromagazine.mx\/wp-content\/uploads\/2024\/09\/IMG_1550-scaled.jpeg?resize=768%2C1152&amp;ssl=1 768w, https:\/\/i0.wp.com\/zeromagazine.mx\/wp-content\/uploads\/2024\/09\/IMG_1550-scaled.jpeg?resize=1024%2C1536&amp;ssl=1 1024w, https:\/\/i0.wp.com\/zeromagazine.mx\/wp-content\/uploads\/2024\/09\/IMG_1550-scaled.jpeg?resize=1365%2C2048&amp;ssl=1 1365w\" sizes=\"(max-width: 1165px) 100vw, 1165px\" \/><\/figure>\n\n\n\n<p>Aunque no sab\u00eda que estaba listo para enfrentar esos retos, fue hasta que estuve en medio de ellos cuando me di cuenta de que s\u00ed lo estaba. Te cuentan c\u00f3mo es, pero hasta que lo vives, entiendes que los golpes te preparan para seguir adelante. Esto tambi\u00e9n lo comparto con mis alumnos: no toda mi vida es la danza. Como creativos, somos multifac\u00e9ticos, podemos nutrirnos de muchas \u00e1reas del arte, y trato de que no todo en mis d\u00edas gire solo en torno a la danza.<\/p>\n\n\n\n<p><strong>Adem\u00e1s de la danza, \u00bfqu\u00e9 tipo de artes pl\u00e1sticas o actividades art\u00edsticas te gusta practicar?<\/strong><\/p>\n\n\n\n<p>Me gusta mucho la guitarra, aunque la practico de forma intermitente. Cuando era chico, en secundaria, estaba en coro y tambi\u00e9n tocaba guitarra. Aunque no me gusta cantar, estoy entonado. La guitarra me encanta, me ha dado una mayor comprensi\u00f3n de la m\u00fasica, de la producci\u00f3n musical, y me ha nutrido mucho como creativo y bailar\u00edn. Creo que tocar un instrumento me ha dado herramientas que aplico en otros aspectos de mi vida creativa.<\/p>\n\n\n\n<script async src=\"https:\/\/pagead2.googlesyndication.com\/pagead\/js\/adsbygoogle.js?client=ca-pub-5499304793904745\"\n     crossorigin=\"anonymous\"><\/script>\n<ins class=\"adsbygoogle\"\n     style=\"display:block; text-align:center;\"\n     data-ad-layout=\"in-article\"\n     data-ad-format=\"fluid\"\n     data-ad-client=\"ca-pub-5499304793904745\"\n     data-ad-slot=\"5994863093\"><\/ins>\n<script>\n     (adsbygoogle = window.adsbygoogle || []).push({});\n<\/script>\n\n\n\n<p><strong>\u00bfC\u00f3mo decides o en qu\u00e9 momento te das cuenta de que puedes ser un maestro y no solo un alumno?<\/strong><\/p>\n\n\n\n<p>Creo que todos los maestros empezamos siendo alumnos, nadie llega de la nada a ser un buen maestro. Es algo que se pule con la pr\u00e1ctica y la experiencia. El saz\u00f3n de cada maestro es diferente y viene de acuerdo a su recorrido. La primera clase siempre ser\u00e1 un reto; nadie sabe c\u00f3mo dar una buena clase desde el inicio.&nbsp;<\/p>\n\n\n\n<p>La humildad en esas primeras clases es clave, ser honesto con los alumnos y decirles: \u201cEstoy aprendiendo tambi\u00e9n, pero quiero compartir esto con ustedes\u201d. Es importante comenzar desde un lugar relajado y humilde, porque el ser maestro no se trata de hacer un show o de recibir atenci\u00f3n, sino de aprender de los errores y ser mejor con cada experiencia.<\/p>\n\n\n\n<figure class=\"wp-block-image size-large\"><img data-recalc-dims=\"1\" decoding=\"async\" width=\"683\" height=\"1024\" src=\"https:\/\/i0.wp.com\/zeromagazine.mx\/wp-content\/uploads\/2024\/09\/IMG_1559-683x1024.jpeg?resize=683%2C1024&#038;ssl=1\" alt=\"\" class=\"wp-image-83547\" srcset=\"https:\/\/i0.wp.com\/zeromagazine.mx\/wp-content\/uploads\/2024\/09\/IMG_1559-scaled.jpeg?resize=683%2C1024&amp;ssl=1 683w, https:\/\/i0.wp.com\/zeromagazine.mx\/wp-content\/uploads\/2024\/09\/IMG_1559-scaled.jpeg?resize=200%2C300&amp;ssl=1 200w, https:\/\/i0.wp.com\/zeromagazine.mx\/wp-content\/uploads\/2024\/09\/IMG_1559-scaled.jpeg?resize=768%2C1152&amp;ssl=1 768w, https:\/\/i0.wp.com\/zeromagazine.mx\/wp-content\/uploads\/2024\/09\/IMG_1559-scaled.jpeg?resize=1024%2C1536&amp;ssl=1 1024w, https:\/\/i0.wp.com\/zeromagazine.mx\/wp-content\/uploads\/2024\/09\/IMG_1559-scaled.jpeg?resize=1365%2C2048&amp;ssl=1 1365w, https:\/\/i0.wp.com\/zeromagazine.mx\/wp-content\/uploads\/2024\/09\/IMG_1559-scaled.jpeg?w=1707&amp;ssl=1 1707w\" sizes=\"(max-width: 683px) 100vw, 683px\" \/><\/figure>\n\n\n\n<p>Memo Mart\u00ednez es un testimonio de que la pasi\u00f3n, la perseverancia y la conexi\u00f3n con uno mismo pueden abrir las puertas a oportunidades inimaginables. A trav\u00e9s de su carrera, ha demostrado que los sue\u00f1os se alcanzan cuando se trabaja incansablemente por ellos, pero tambi\u00e9n cuando se mantiene un equilibrio entre lo profesional y lo personal. Su historia inspira a seguir adelante, a pesar de las dificultades, y a creer que todo lo que vale la pena requiere paciencia y dedicaci\u00f3n.<\/p>","protected":false},"excerpt":{"rendered":"<p>Memo Mart\u00ednez, bailar\u00edn y core\u00f3grafo de renombre internacional, ha forjado su camino en la industria del entretenimiento con disciplina y pasi\u00f3n. Su trayectoria lo ha llevado a trabajar con los nombres m\u00e1s grandes del espect\u00e1culo, pero lo que lo distingue es su profunda conexi\u00f3n con la espiritualidad y su capacidad para superar los retos m\u00e1s [&hellip;]<\/p>\n","protected":false},"author":4,"featured_media":83544,"comment_status":"open","ping_status":"open","sticky":false,"template":"","format":"standard","meta":{"_jetpack_memberships_contains_paid_content":false,"footnotes":"","jetpack_publicize_message":"","jetpack_publicize_feature_enabled":true,"jetpack_social_post_already_shared":true,"jetpack_social_options":{"image_generator_settings":{"template":"highway","default_image_id":0,"font":"","enabled":false},"version":2}},"categories":[98],"tags":[10228,10227],"class_list":["post-83543","post","type-post","status-publish","format-standard","has-post-thumbnail","hentry","category-portada","tag-memo-martinez","tag-mexican-dancers","has-post-title","has-post-date","has-post-category","has-post-tag","has-post-comment","has-post-author",""],"yoast_head":"<!-- This site is optimized with the Yoast SEO plugin v27.5 - https:\/\/yoast.com\/product\/yoast-seo-wordpress\/ -->\n<title>Memo Mart\u00ednez: Creatividad en Movimiento - Zero Magazine<\/title>\n<meta name=\"robots\" content=\"index, follow, max-snippet:-1, max-image-preview:large, max-video-preview:-1\" \/>\n<link rel=\"canonical\" href=\"https:\/\/zeromagazine.mx\/index.php\/2024\/09\/10\/memo-martinez-creatividad-en-movimiento\/\" \/>\n<meta property=\"og:locale\" content=\"es_ES\" \/>\n<meta property=\"og:type\" content=\"article\" \/>\n<meta property=\"og:title\" content=\"Memo Mart\u00ednez: Creatividad en Movimiento - Zero Magazine\" \/>\n<meta property=\"og:description\" content=\"Memo Mart\u00ednez, bailar\u00edn y core\u00f3grafo de renombre internacional, ha forjado su camino en la industria del entretenimiento con disciplina y pasi\u00f3n. Su trayectoria lo ha llevado a trabajar con los nombres m\u00e1s grandes del espect\u00e1culo, pero lo que lo distingue es su profunda conexi\u00f3n con la espiritualidad y su capacidad para superar los retos m\u00e1s [&hellip;]\" \/>\n<meta property=\"og:url\" content=\"https:\/\/zeromagazine.mx\/index.php\/2024\/09\/10\/memo-martinez-creatividad-en-movimiento\/\" \/>\n<meta property=\"og:site_name\" content=\"Zero Magazine\" \/>\n<meta property=\"article:published_time\" content=\"2024-09-09T23:01:13+00:00\" \/>\n<meta property=\"article:modified_time\" content=\"2024-09-09T23:01:15+00:00\" \/>\n<meta property=\"og:image\" content=\"https:\/\/i0.wp.com\/zeromagazine.mx\/wp-content\/uploads\/2024\/09\/IMG_1547-scaled.jpeg?fit=1978%2C2560&ssl=1\" \/>\n\t<meta property=\"og:image:width\" content=\"1978\" \/>\n\t<meta property=\"og:image:height\" content=\"2560\" \/>\n\t<meta property=\"og:image:type\" content=\"image\/jpeg\" \/>\n<meta name=\"author\" content=\"David Morales\" \/>\n<meta name=\"twitter:card\" content=\"summary_large_image\" \/>\n<meta name=\"twitter:label1\" content=\"Escrito por\" \/>\n\t<meta name=\"twitter:data1\" content=\"David Morales\" \/>\n\t<meta name=\"twitter:label2\" content=\"Tiempo de lectura\" \/>\n\t<meta name=\"twitter:data2\" content=\"8 minutos\" \/>\n<script type=\"application\/ld+json\" class=\"yoast-schema-graph\">{\"@context\":\"https:\\\/\\\/schema.org\",\"@graph\":[{\"@type\":\"Article\",\"@id\":\"https:\\\/\\\/zeromagazine.mx\\\/index.php\\\/2024\\\/09\\\/10\\\/memo-martinez-creatividad-en-movimiento\\\/#article\",\"isPartOf\":{\"@id\":\"https:\\\/\\\/zeromagazine.mx\\\/index.php\\\/2024\\\/09\\\/10\\\/memo-martinez-creatividad-en-movimiento\\\/\"},\"author\":{\"name\":\"David Morales\",\"@id\":\"https:\\\/\\\/zeromagazine.mx\\\/#\\\/schema\\\/person\\\/9f7f1a17c60ba8e9980e3e6677aabe5a\"},\"headline\":\"Memo Mart\u00ednez: Creatividad en Movimiento\",\"datePublished\":\"2024-09-09T23:01:13+00:00\",\"dateModified\":\"2024-09-09T23:01:15+00:00\",\"mainEntityOfPage\":{\"@id\":\"https:\\\/\\\/zeromagazine.mx\\\/index.php\\\/2024\\\/09\\\/10\\\/memo-martinez-creatividad-en-movimiento\\\/\"},\"wordCount\":1540,\"commentCount\":0,\"publisher\":{\"@id\":\"https:\\\/\\\/zeromagazine.mx\\\/#organization\"},\"image\":{\"@id\":\"https:\\\/\\\/zeromagazine.mx\\\/index.php\\\/2024\\\/09\\\/10\\\/memo-martinez-creatividad-en-movimiento\\\/#primaryimage\"},\"thumbnailUrl\":\"https:\\\/\\\/i0.wp.com\\\/zeromagazine.mx\\\/wp-content\\\/uploads\\\/2024\\\/09\\\/IMG_1547-scaled.jpeg?fit=1978%2C2560&ssl=1\",\"keywords\":[\"memo mart\u00ednez\",\"Mexican dancers\"],\"articleSection\":[\"Portada\"],\"inLanguage\":\"es\",\"potentialAction\":[{\"@type\":\"CommentAction\",\"name\":\"Comment\",\"target\":[\"https:\\\/\\\/zeromagazine.mx\\\/index.php\\\/2024\\\/09\\\/10\\\/memo-martinez-creatividad-en-movimiento\\\/#respond\"]}]},{\"@type\":\"WebPage\",\"@id\":\"https:\\\/\\\/zeromagazine.mx\\\/index.php\\\/2024\\\/09\\\/10\\\/memo-martinez-creatividad-en-movimiento\\\/\",\"url\":\"https:\\\/\\\/zeromagazine.mx\\\/index.php\\\/2024\\\/09\\\/10\\\/memo-martinez-creatividad-en-movimiento\\\/\",\"name\":\"Memo Mart\u00ednez: Creatividad en Movimiento - Zero Magazine\",\"isPartOf\":{\"@id\":\"https:\\\/\\\/zeromagazine.mx\\\/#website\"},\"primaryImageOfPage\":{\"@id\":\"https:\\\/\\\/zeromagazine.mx\\\/index.php\\\/2024\\\/09\\\/10\\\/memo-martinez-creatividad-en-movimiento\\\/#primaryimage\"},\"image\":{\"@id\":\"https:\\\/\\\/zeromagazine.mx\\\/index.php\\\/2024\\\/09\\\/10\\\/memo-martinez-creatividad-en-movimiento\\\/#primaryimage\"},\"thumbnailUrl\":\"https:\\\/\\\/i0.wp.com\\\/zeromagazine.mx\\\/wp-content\\\/uploads\\\/2024\\\/09\\\/IMG_1547-scaled.jpeg?fit=1978%2C2560&ssl=1\",\"datePublished\":\"2024-09-09T23:01:13+00:00\",\"dateModified\":\"2024-09-09T23:01:15+00:00\",\"breadcrumb\":{\"@id\":\"https:\\\/\\\/zeromagazine.mx\\\/index.php\\\/2024\\\/09\\\/10\\\/memo-martinez-creatividad-en-movimiento\\\/#breadcrumb\"},\"inLanguage\":\"es\",\"potentialAction\":[{\"@type\":\"ReadAction\",\"target\":[\"https:\\\/\\\/zeromagazine.mx\\\/index.php\\\/2024\\\/09\\\/10\\\/memo-martinez-creatividad-en-movimiento\\\/\"]}]},{\"@type\":\"ImageObject\",\"inLanguage\":\"es\",\"@id\":\"https:\\\/\\\/zeromagazine.mx\\\/index.php\\\/2024\\\/09\\\/10\\\/memo-martinez-creatividad-en-movimiento\\\/#primaryimage\",\"url\":\"https:\\\/\\\/i0.wp.com\\\/zeromagazine.mx\\\/wp-content\\\/uploads\\\/2024\\\/09\\\/IMG_1547-scaled.jpeg?fit=1978%2C2560&ssl=1\",\"contentUrl\":\"https:\\\/\\\/i0.wp.com\\\/zeromagazine.mx\\\/wp-content\\\/uploads\\\/2024\\\/09\\\/IMG_1547-scaled.jpeg?fit=1978%2C2560&ssl=1\",\"width\":1978,\"height\":2560},{\"@type\":\"BreadcrumbList\",\"@id\":\"https:\\\/\\\/zeromagazine.mx\\\/index.php\\\/2024\\\/09\\\/10\\\/memo-martinez-creatividad-en-movimiento\\\/#breadcrumb\",\"itemListElement\":[{\"@type\":\"ListItem\",\"position\":1,\"name\":\"Portada\",\"item\":\"https:\\\/\\\/zeromagazine.mx\\\/\"},{\"@type\":\"ListItem\",\"position\":2,\"name\":\"Memo Mart\u00ednez: Creatividad en Movimiento\"}]},{\"@type\":\"WebSite\",\"@id\":\"https:\\\/\\\/zeromagazine.mx\\\/#website\",\"url\":\"https:\\\/\\\/zeromagazine.mx\\\/\",\"name\":\"Zero Magazine\",\"description\":\"\",\"publisher\":{\"@id\":\"https:\\\/\\\/zeromagazine.mx\\\/#organization\"},\"potentialAction\":[{\"@type\":\"SearchAction\",\"target\":{\"@type\":\"EntryPoint\",\"urlTemplate\":\"https:\\\/\\\/zeromagazine.mx\\\/?s={search_term_string}\"},\"query-input\":{\"@type\":\"PropertyValueSpecification\",\"valueRequired\":true,\"valueName\":\"search_term_string\"}}],\"inLanguage\":\"es\"},{\"@type\":\"Organization\",\"@id\":\"https:\\\/\\\/zeromagazine.mx\\\/#organization\",\"name\":\"Zero Magazine\",\"url\":\"https:\\\/\\\/zeromagazine.mx\\\/\",\"logo\":{\"@type\":\"ImageObject\",\"inLanguage\":\"es\",\"@id\":\"https:\\\/\\\/zeromagazine.mx\\\/#\\\/schema\\\/logo\\\/image\\\/\",\"url\":\"https:\\\/\\\/i0.wp.com\\\/zeromagazine.mx\\\/wp-content\\\/uploads\\\/2025\\\/11\\\/1.jpeg?fit=1000%2C1000&ssl=1\",\"contentUrl\":\"https:\\\/\\\/i0.wp.com\\\/zeromagazine.mx\\\/wp-content\\\/uploads\\\/2025\\\/11\\\/1.jpeg?fit=1000%2C1000&ssl=1\",\"width\":1000,\"height\":1000,\"caption\":\"Zero Magazine\"},\"image\":{\"@id\":\"https:\\\/\\\/zeromagazine.mx\\\/#\\\/schema\\\/logo\\\/image\\\/\"},\"sameAs\":[\"https:\\\/\\\/instagram.com\\\/zeromagazinemx\"]},{\"@type\":\"Person\",\"@id\":\"https:\\\/\\\/zeromagazine.mx\\\/#\\\/schema\\\/person\\\/9f7f1a17c60ba8e9980e3e6677aabe5a\",\"name\":\"David Morales\",\"image\":{\"@type\":\"ImageObject\",\"inLanguage\":\"es\",\"@id\":\"https:\\\/\\\/zeromagazine.mx\\\/wp-content\\\/litespeed\\\/avatar\\\/76069d2136bfc1c37dc34815bb67ca42.jpg?ver=1776966186\",\"url\":\"https:\\\/\\\/zeromagazine.mx\\\/wp-content\\\/litespeed\\\/avatar\\\/76069d2136bfc1c37dc34815bb67ca42.jpg?ver=1776966186\",\"contentUrl\":\"https:\\\/\\\/zeromagazine.mx\\\/wp-content\\\/litespeed\\\/avatar\\\/76069d2136bfc1c37dc34815bb67ca42.jpg?ver=1776966186\",\"caption\":\"David Morales\"},\"url\":\"https:\\\/\\\/zeromagazine.mx\\\/index.php\\\/author\\\/david\\\/\"}]}<\/script>\n<!-- \/ Yoast SEO plugin. -->","yoast_head_json":{"title":"Memo Mart\u00ednez: Creatividad en Movimiento - Zero Magazine","robots":{"index":"index","follow":"follow","max-snippet":"max-snippet:-1","max-image-preview":"max-image-preview:large","max-video-preview":"max-video-preview:-1"},"canonical":"https:\/\/zeromagazine.mx\/index.php\/2024\/09\/10\/memo-martinez-creatividad-en-movimiento\/","og_locale":"es_ES","og_type":"article","og_title":"Memo Mart\u00ednez: Creatividad en Movimiento - Zero Magazine","og_description":"Memo Mart\u00ednez, bailar\u00edn y core\u00f3grafo de renombre internacional, ha forjado su camino en la industria del entretenimiento con disciplina y pasi\u00f3n. Su trayectoria lo ha llevado a trabajar con los nombres m\u00e1s grandes del espect\u00e1culo, pero lo que lo distingue es su profunda conexi\u00f3n con la espiritualidad y su capacidad para superar los retos m\u00e1s [&hellip;]","og_url":"https:\/\/zeromagazine.mx\/index.php\/2024\/09\/10\/memo-martinez-creatividad-en-movimiento\/","og_site_name":"Zero Magazine","article_published_time":"2024-09-09T23:01:13+00:00","article_modified_time":"2024-09-09T23:01:15+00:00","og_image":[{"width":1978,"height":2560,"url":"https:\/\/i0.wp.com\/zeromagazine.mx\/wp-content\/uploads\/2024\/09\/IMG_1547-scaled.jpeg?fit=1978%2C2560&ssl=1","type":"image\/jpeg"}],"author":"David Morales","twitter_card":"summary_large_image","twitter_misc":{"Escrito por":"David Morales","Tiempo de lectura":"8 minutos"},"schema":{"@context":"https:\/\/schema.org","@graph":[{"@type":"Article","@id":"https:\/\/zeromagazine.mx\/index.php\/2024\/09\/10\/memo-martinez-creatividad-en-movimiento\/#article","isPartOf":{"@id":"https:\/\/zeromagazine.mx\/index.php\/2024\/09\/10\/memo-martinez-creatividad-en-movimiento\/"},"author":{"name":"David Morales","@id":"https:\/\/zeromagazine.mx\/#\/schema\/person\/9f7f1a17c60ba8e9980e3e6677aabe5a"},"headline":"Memo Mart\u00ednez: Creatividad en Movimiento","datePublished":"2024-09-09T23:01:13+00:00","dateModified":"2024-09-09T23:01:15+00:00","mainEntityOfPage":{"@id":"https:\/\/zeromagazine.mx\/index.php\/2024\/09\/10\/memo-martinez-creatividad-en-movimiento\/"},"wordCount":1540,"commentCount":0,"publisher":{"@id":"https:\/\/zeromagazine.mx\/#organization"},"image":{"@id":"https:\/\/zeromagazine.mx\/index.php\/2024\/09\/10\/memo-martinez-creatividad-en-movimiento\/#primaryimage"},"thumbnailUrl":"https:\/\/i0.wp.com\/zeromagazine.mx\/wp-content\/uploads\/2024\/09\/IMG_1547-scaled.jpeg?fit=1978%2C2560&ssl=1","keywords":["memo mart\u00ednez","Mexican dancers"],"articleSection":["Portada"],"inLanguage":"es","potentialAction":[{"@type":"CommentAction","name":"Comment","target":["https:\/\/zeromagazine.mx\/index.php\/2024\/09\/10\/memo-martinez-creatividad-en-movimiento\/#respond"]}]},{"@type":"WebPage","@id":"https:\/\/zeromagazine.mx\/index.php\/2024\/09\/10\/memo-martinez-creatividad-en-movimiento\/","url":"https:\/\/zeromagazine.mx\/index.php\/2024\/09\/10\/memo-martinez-creatividad-en-movimiento\/","name":"Memo Mart\u00ednez: Creatividad en Movimiento - Zero Magazine","isPartOf":{"@id":"https:\/\/zeromagazine.mx\/#website"},"primaryImageOfPage":{"@id":"https:\/\/zeromagazine.mx\/index.php\/2024\/09\/10\/memo-martinez-creatividad-en-movimiento\/#primaryimage"},"image":{"@id":"https:\/\/zeromagazine.mx\/index.php\/2024\/09\/10\/memo-martinez-creatividad-en-movimiento\/#primaryimage"},"thumbnailUrl":"https:\/\/i0.wp.com\/zeromagazine.mx\/wp-content\/uploads\/2024\/09\/IMG_1547-scaled.jpeg?fit=1978%2C2560&ssl=1","datePublished":"2024-09-09T23:01:13+00:00","dateModified":"2024-09-09T23:01:15+00:00","breadcrumb":{"@id":"https:\/\/zeromagazine.mx\/index.php\/2024\/09\/10\/memo-martinez-creatividad-en-movimiento\/#breadcrumb"},"inLanguage":"es","potentialAction":[{"@type":"ReadAction","target":["https:\/\/zeromagazine.mx\/index.php\/2024\/09\/10\/memo-martinez-creatividad-en-movimiento\/"]}]},{"@type":"ImageObject","inLanguage":"es","@id":"https:\/\/zeromagazine.mx\/index.php\/2024\/09\/10\/memo-martinez-creatividad-en-movimiento\/#primaryimage","url":"https:\/\/i0.wp.com\/zeromagazine.mx\/wp-content\/uploads\/2024\/09\/IMG_1547-scaled.jpeg?fit=1978%2C2560&ssl=1","contentUrl":"https:\/\/i0.wp.com\/zeromagazine.mx\/wp-content\/uploads\/2024\/09\/IMG_1547-scaled.jpeg?fit=1978%2C2560&ssl=1","width":1978,"height":2560},{"@type":"BreadcrumbList","@id":"https:\/\/zeromagazine.mx\/index.php\/2024\/09\/10\/memo-martinez-creatividad-en-movimiento\/#breadcrumb","itemListElement":[{"@type":"ListItem","position":1,"name":"Portada","item":"https:\/\/zeromagazine.mx\/"},{"@type":"ListItem","position":2,"name":"Memo Mart\u00ednez: Creatividad en Movimiento"}]},{"@type":"WebSite","@id":"https:\/\/zeromagazine.mx\/#website","url":"https:\/\/zeromagazine.mx\/","name":"Zero Magazine","description":"","publisher":{"@id":"https:\/\/zeromagazine.mx\/#organization"},"potentialAction":[{"@type":"SearchAction","target":{"@type":"EntryPoint","urlTemplate":"https:\/\/zeromagazine.mx\/?s={search_term_string}"},"query-input":{"@type":"PropertyValueSpecification","valueRequired":true,"valueName":"search_term_string"}}],"inLanguage":"es"},{"@type":"Organization","@id":"https:\/\/zeromagazine.mx\/#organization","name":"Zero Magazine","url":"https:\/\/zeromagazine.mx\/","logo":{"@type":"ImageObject","inLanguage":"es","@id":"https:\/\/zeromagazine.mx\/#\/schema\/logo\/image\/","url":"https:\/\/i0.wp.com\/zeromagazine.mx\/wp-content\/uploads\/2025\/11\/1.jpeg?fit=1000%2C1000&ssl=1","contentUrl":"https:\/\/i0.wp.com\/zeromagazine.mx\/wp-content\/uploads\/2025\/11\/1.jpeg?fit=1000%2C1000&ssl=1","width":1000,"height":1000,"caption":"Zero Magazine"},"image":{"@id":"https:\/\/zeromagazine.mx\/#\/schema\/logo\/image\/"},"sameAs":["https:\/\/instagram.com\/zeromagazinemx"]},{"@type":"Person","@id":"https:\/\/zeromagazine.mx\/#\/schema\/person\/9f7f1a17c60ba8e9980e3e6677aabe5a","name":"David Morales","image":{"@type":"ImageObject","inLanguage":"es","@id":"https:\/\/zeromagazine.mx\/wp-content\/litespeed\/avatar\/76069d2136bfc1c37dc34815bb67ca42.jpg?ver=1776966186","url":"https:\/\/zeromagazine.mx\/wp-content\/litespeed\/avatar\/76069d2136bfc1c37dc34815bb67ca42.jpg?ver=1776966186","contentUrl":"https:\/\/zeromagazine.mx\/wp-content\/litespeed\/avatar\/76069d2136bfc1c37dc34815bb67ca42.jpg?ver=1776966186","caption":"David Morales"},"url":"https:\/\/zeromagazine.mx\/index.php\/author\/david\/"}]}},"jetpack_publicize_connections":[],"jetpack_featured_media_url":"https:\/\/i0.wp.com\/zeromagazine.mx\/wp-content\/uploads\/2024\/09\/IMG_1547-scaled.jpeg?fit=1978%2C2560&ssl=1","jetpack-related-posts":[{"id":83719,"url":"https:\/\/zeromagazine.mx\/index.php\/2024\/09\/11\/tomi-martinez-el-nuevo-icono\/","url_meta":{"origin":83543,"position":0},"title":"\u201cTomi Mart\u00ednez: El Nuevo \u00cdcono\u201d","author":"zeromagazinemx","date":"11 de septiembre de 2024","format":false,"excerpt":"Si est\u00e1s buscando entretenimiento de calidad, no busques m\u00e1s all\u00e1 de Tomi Mart\u00ednez. Este actor, bailar\u00edn y cantante argentino est\u00e1 en su prime y su carrera est\u00e1 en un nivel que todos deber\u00edamos estar observando. Desde su participaci\u00f3n en \"Cabaret\" en el Teatro de los Insurgentes hasta su debut en\u2026","rel":"","context":"En \u00abCultura\u00bb","block_context":{"text":"Cultura","link":"https:\/\/zeromagazine.mx\/index.php\/category\/cultura\/"},"img":{"alt_text":"","src":"https:\/\/i0.wp.com\/zeromagazine.mx\/wp-content\/uploads\/2024\/09\/Cabaret1.png?fit=1173%2C1200&ssl=1&resize=350%2C200","width":350,"height":200,"srcset":"https:\/\/i0.wp.com\/zeromagazine.mx\/wp-content\/uploads\/2024\/09\/Cabaret1.png?fit=1173%2C1200&ssl=1&resize=350%2C200 1x, https:\/\/i0.wp.com\/zeromagazine.mx\/wp-content\/uploads\/2024\/09\/Cabaret1.png?fit=1173%2C1200&ssl=1&resize=525%2C300 1.5x, https:\/\/i0.wp.com\/zeromagazine.mx\/wp-content\/uploads\/2024\/09\/Cabaret1.png?fit=1173%2C1200&ssl=1&resize=700%2C400 2x, https:\/\/i0.wp.com\/zeromagazine.mx\/wp-content\/uploads\/2024\/09\/Cabaret1.png?fit=1173%2C1200&ssl=1&resize=1050%2C600 3x"},"classes":[]},{"id":112044,"url":"https:\/\/zeromagazine.mx\/index.php\/2025\/12\/24\/la-hora-de-los-valientes-arrasa-netflix\/","url_meta":{"origin":83543,"position":1},"title":"La hora de los valientes arrasa Netflix","author":"zeromagazinemx","date":"24 de diciembre de 2025","format":false,"excerpt":"Si \u00faltimamente sientes que Netflix no te suelta y cada que entras hay\u00a0una\u00a0pel\u00edcula que te gui\u00f1a el ojo, no es casualidad.\u00a0La hora de los valientes\u00a0lleg\u00f3 sin hacer tanto ruido previo y, aun as\u00ed, en menos de una semana ya se col\u00f3 directo al top 3 global de pel\u00edculas de habla\u2026","rel":"","context":"En \u00abBlog\u00bb","block_context":{"text":"Blog","link":"https:\/\/zeromagazine.mx\/index.php\/category\/blog\/"},"img":{"alt_text":"","src":"https:\/\/i0.wp.com\/zeromagazine.mx\/wp-content\/uploads\/2025\/12\/IMG_3062.jpeg?fit=1200%2C1200&ssl=1&resize=350%2C200","width":350,"height":200,"srcset":"https:\/\/i0.wp.com\/zeromagazine.mx\/wp-content\/uploads\/2025\/12\/IMG_3062.jpeg?fit=1200%2C1200&ssl=1&resize=350%2C200 1x, https:\/\/i0.wp.com\/zeromagazine.mx\/wp-content\/uploads\/2025\/12\/IMG_3062.jpeg?fit=1200%2C1200&ssl=1&resize=525%2C300 1.5x, https:\/\/i0.wp.com\/zeromagazine.mx\/wp-content\/uploads\/2025\/12\/IMG_3062.jpeg?fit=1200%2C1200&ssl=1&resize=700%2C400 2x, https:\/\/i0.wp.com\/zeromagazine.mx\/wp-content\/uploads\/2025\/12\/IMG_3062.jpeg?fit=1200%2C1200&ssl=1&resize=1050%2C600 3x"},"classes":[]},{"id":57403,"url":"https:\/\/zeromagazine.mx\/index.php\/2021\/11\/05\/gallery-weekend-2021\/","url_meta":{"origin":83543,"position":2},"title":"Gallery Weekend 2021","author":"zeromagazinemx","date":"5 de noviembre de 2021","format":false,"excerpt":"Gallery Weekend, en Galer\u00eda L se unen para abrir nuevamente sus puertas en esta edici\u00f3n 2021 donde podremos encontrar un programa totalmente lleno de arte desde el proyecto rotante que sirve para difundir nuevos talentos emergentes desde Artsy.\u00a0\u00a0 https:\/\/www.instagram.com\/p\/CVvvQn8vz5a\/?utm_medium=copy_link Por Luis Lechuga Para todos los amantes del arte, se presenta\u2026","rel":"","context":"En \u00abEntretenimiento\u00bb","block_context":{"text":"Entretenimiento","link":"https:\/\/zeromagazine.mx\/index.php\/category\/entretenimiento\/"},"img":{"alt_text":"","src":"https:\/\/i0.wp.com\/zeromagazinemx.wpcomstaging.com\/wp-content\/uploads\/2022\/02\/e9d69-gallery-weekend-2021-1.jpg?resize=350%2C200&ssl=1","width":350,"height":200,"srcset":"https:\/\/i0.wp.com\/zeromagazinemx.wpcomstaging.com\/wp-content\/uploads\/2022\/02\/e9d69-gallery-weekend-2021-1.jpg?resize=350%2C200&ssl=1 1x, https:\/\/i0.wp.com\/zeromagazinemx.wpcomstaging.com\/wp-content\/uploads\/2022\/02\/e9d69-gallery-weekend-2021-1.jpg?resize=525%2C300&ssl=1 1.5x, https:\/\/i0.wp.com\/zeromagazinemx.wpcomstaging.com\/wp-content\/uploads\/2022\/02\/e9d69-gallery-weekend-2021-1.jpg?resize=700%2C400&ssl=1 2x"},"classes":[]},{"id":83824,"url":"https:\/\/zeromagazine.mx\/index.php\/2024\/09\/12\/vmas-2024-drama-memes-y-fails\/","url_meta":{"origin":83543,"position":3},"title":"VMAs 2024: Drama, Memes y Fails","author":"zeromagazinemx","date":"12 de septiembre de 2024","format":false,"excerpt":"\u00a1Holii, chicxs! La noche del 11 de septiembre fue una locura total, llena de sorpresas, drama y un mont\u00f3n de memes que nos hicieron re\u00edr hasta el amanecer. Si te perdiste los VMAs o solo quieres revivir el caos de esa noche, aqu\u00ed te contamos todo lo que pas\u00f3. La\u2026","rel":"","context":"En \u00abEntretenimiento\u00bb","block_context":{"text":"Entretenimiento","link":"https:\/\/zeromagazine.mx\/index.php\/category\/entretenimiento\/"},"img":{"alt_text":"","src":"https:\/\/i0.wp.com\/zeromagazine.mx\/wp-content\/uploads\/2024\/09\/TRPEEQVSV5GXXBJNOGDUXOSLT4.jpg?fit=1100%2C666&ssl=1&resize=350%2C200","width":350,"height":200,"srcset":"https:\/\/i0.wp.com\/zeromagazine.mx\/wp-content\/uploads\/2024\/09\/TRPEEQVSV5GXXBJNOGDUXOSLT4.jpg?fit=1100%2C666&ssl=1&resize=350%2C200 1x, https:\/\/i0.wp.com\/zeromagazine.mx\/wp-content\/uploads\/2024\/09\/TRPEEQVSV5GXXBJNOGDUXOSLT4.jpg?fit=1100%2C666&ssl=1&resize=525%2C300 1.5x, https:\/\/i0.wp.com\/zeromagazine.mx\/wp-content\/uploads\/2024\/09\/TRPEEQVSV5GXXBJNOGDUXOSLT4.jpg?fit=1100%2C666&ssl=1&resize=700%2C400 2x, https:\/\/i0.wp.com\/zeromagazine.mx\/wp-content\/uploads\/2024\/09\/TRPEEQVSV5GXXBJNOGDUXOSLT4.jpg?fit=1100%2C666&ssl=1&resize=1050%2C600 3x"},"classes":[]},{"id":49356,"url":"https:\/\/zeromagazine.mx\/index.php\/2021\/07\/04\/competencia-oficial-se-estrenara-en-cines-de-latinoamerica-distribuida-por-star-distribution\/","url_meta":{"origin":83543,"position":4},"title":"\u201cCompetencia oficial\u201d se estrenar\u00e1 en cines de Latinoam\u00e9rica distribuida por Star Distribution","author":"zeromagazinemx","date":"4 de julio de 2021","format":false,"excerpt":"Una pel\u00edcula producida por The Mediapro Studio y dirigida por Mariano Cohn y Gast\u00f3n Duprat llegar\u00e1 pronto a los cines de Latinoam\u00e9rica. Por Moises Kushelevich \u201cCompetencia Oficial\u201d cuenta con la participaci\u00f3n de RTVE, TV3 y Orange Espa\u00f1a, est\u00e1 protagonizada por Pen\u00e9lope Cruz, Ganadora del Premio Oscar, Antonio Banderas, Ganador del\u2026","rel":"","context":"En \u00abCine\u00bb","block_context":{"text":"Cine","link":"https:\/\/zeromagazine.mx\/index.php\/category\/entretenimiento\/cine\/"},"img":{"alt_text":"","src":"https:\/\/i0.wp.com\/zeromagazine.mx\/wp-content\/uploads\/2022\/02\/eace7-209039144_597598511629416_3382399804377000960_n.jpg?fit=1079%2C722&ssl=1&resize=350%2C200","width":350,"height":200,"srcset":"https:\/\/i0.wp.com\/zeromagazine.mx\/wp-content\/uploads\/2022\/02\/eace7-209039144_597598511629416_3382399804377000960_n.jpg?fit=1079%2C722&ssl=1&resize=350%2C200 1x, https:\/\/i0.wp.com\/zeromagazine.mx\/wp-content\/uploads\/2022\/02\/eace7-209039144_597598511629416_3382399804377000960_n.jpg?fit=1079%2C722&ssl=1&resize=525%2C300 1.5x, https:\/\/i0.wp.com\/zeromagazine.mx\/wp-content\/uploads\/2022\/02\/eace7-209039144_597598511629416_3382399804377000960_n.jpg?fit=1079%2C722&ssl=1&resize=700%2C400 2x, https:\/\/i0.wp.com\/zeromagazine.mx\/wp-content\/uploads\/2022\/02\/eace7-209039144_597598511629416_3382399804377000960_n.jpg?fit=1079%2C722&ssl=1&resize=1050%2C600 3x"},"classes":[]},{"id":114383,"url":"https:\/\/zeromagazine.mx\/index.php\/2026\/01\/29\/premios-platino-xcaret-preselecciones-2025\/","url_meta":{"origin":83543,"position":5},"title":"Premios PLATINO XCARET: M\u00e9xico Lidera","author":"zeromagazinemx","date":"29 de enero de 2026","format":false,"excerpt":"Si te gusta seguir el cine iberoamericano, las premiaciones con drama, talento y conversaci\u00f3n cultural real, prep\u00e1rate: los Premios PLATINO XCARET acaban de revelar las preselecciones de su XIII edici\u00f3n, y M\u00e9xico viene fuerte \u2014muy fuerte. Entre las producciones mexicanas m\u00e1s destacadas est\u00e1n \u201cNo nos mover\u00e1n\u201d de Pierre Saint-Martin Castellanos\u2026","rel":"","context":"En \u00abCine\u00bb","block_context":{"text":"Cine","link":"https:\/\/zeromagazine.mx\/index.php\/category\/entretenimiento\/cine\/"},"img":{"alt_text":"","src":"https:\/\/i0.wp.com\/zeromagazine.mx\/wp-content\/uploads\/2026\/01\/unnamed-3-1-scaled.jpg?fit=1200%2C800&ssl=1&resize=350%2C200","width":350,"height":200,"srcset":"https:\/\/i0.wp.com\/zeromagazine.mx\/wp-content\/uploads\/2026\/01\/unnamed-3-1-scaled.jpg?fit=1200%2C800&ssl=1&resize=350%2C200 1x, https:\/\/i0.wp.com\/zeromagazine.mx\/wp-content\/uploads\/2026\/01\/unnamed-3-1-scaled.jpg?fit=1200%2C800&ssl=1&resize=525%2C300 1.5x, https:\/\/i0.wp.com\/zeromagazine.mx\/wp-content\/uploads\/2026\/01\/unnamed-3-1-scaled.jpg?fit=1200%2C800&ssl=1&resize=700%2C400 2x, https:\/\/i0.wp.com\/zeromagazine.mx\/wp-content\/uploads\/2026\/01\/unnamed-3-1-scaled.jpg?fit=1200%2C800&ssl=1&resize=1050%2C600 3x"},"classes":[]}],"jetpack_sharing_enabled":true,"builder_content":"","_links":{"self":[{"href":"https:\/\/zeromagazine.mx\/index.php\/wp-json\/wp\/v2\/posts\/83543","targetHints":{"allow":["GET"]}}],"collection":[{"href":"https:\/\/zeromagazine.mx\/index.php\/wp-json\/wp\/v2\/posts"}],"about":[{"href":"https:\/\/zeromagazine.mx\/index.php\/wp-json\/wp\/v2\/types\/post"}],"author":[{"embeddable":true,"href":"https:\/\/zeromagazine.mx\/index.php\/wp-json\/wp\/v2\/users\/4"}],"replies":[{"embeddable":true,"href":"https:\/\/zeromagazine.mx\/index.php\/wp-json\/wp\/v2\/comments?post=83543"}],"version-history":[{"count":1,"href":"https:\/\/zeromagazine.mx\/index.php\/wp-json\/wp\/v2\/posts\/83543\/revisions"}],"predecessor-version":[{"id":83550,"href":"https:\/\/zeromagazine.mx\/index.php\/wp-json\/wp\/v2\/posts\/83543\/revisions\/83550"}],"wp:featuredmedia":[{"embeddable":true,"href":"https:\/\/zeromagazine.mx\/index.php\/wp-json\/wp\/v2\/media\/83544"}],"wp:attachment":[{"href":"https:\/\/zeromagazine.mx\/index.php\/wp-json\/wp\/v2\/media?parent=83543"}],"wp:term":[{"taxonomy":"category","embeddable":true,"href":"https:\/\/zeromagazine.mx\/index.php\/wp-json\/wp\/v2\/categories?post=83543"},{"taxonomy":"post_tag","embeddable":true,"href":"https:\/\/zeromagazine.mx\/index.php\/wp-json\/wp\/v2\/tags?post=83543"}],"curies":[{"name":"wp","href":"https:\/\/api.w.org\/{rel}","templated":true}]}}