{"id":83651,"date":"2024-09-11T19:44:12","date_gmt":"2024-09-11T17:44:12","guid":{"rendered":"https:\/\/zeromagazine.mx\/?p=83651"},"modified":"2024-09-11T19:44:14","modified_gmt":"2024-09-11T17:44:14","slug":"vive-el-mes-patrio-full-vibes","status":"publish","type":"post","link":"https:\/\/zeromagazine.mx\/index.php\/2024\/09\/11\/vive-el-mes-patrio-full-vibes\/","title":{"rendered":"\u00abVive el Mes Patrio Full Vibes\u00bb"},"content":{"rendered":"<!--themify_builder_content-->\n<div id=\"themify_builder_content-83651\" data-postid=\"83651\" class=\"themify_builder_content themify_builder_content-83651 themify_builder tf_clear\">\n    <\/div>\n<!--\/themify_builder_content-->\n\n\n<p>Si eres de los que aman las fiestas patrias, las tradiciones mexicanas, y todo lo que grita \u00abviva M\u00e9xico\u00bb, entonces prep\u00e1rate porque Plaza Sat\u00e9lite se la rif\u00f3 y est\u00e1 celebrando en grande este mes patrio con su evento&nbsp;<strong>\u00abSabores y Colores de M\u00e9xico\u00bb<\/strong>. Del 1 al 16 de septiembre, todo el mall se transforma en un epicentro de cultura mexicana con eventos, talleres, comida y vibes patri\u00f3ticos que seguro vas a querer vivir. Ahora te cuento todo el chisme para que no te lo pierdas y vayas con tus amigos o familia a disfrutar.<\/p>\n\n\n\n<p><strong>\u00a1Un chorro de cultura!<\/strong><\/p>\n\n\n\n<p>Desde que entras a Plaza Sat\u00e9lite en septiembre, todo te va a gritar \u00abM\u00e9xico\u00bb. Empezando con una exposici\u00f3n incre\u00edble de\u00a0<strong>\u00abOjos de Dios\u00bb<\/strong>, que son 252 piezas creadas por seis artesanos que la neta tienen talento para hacer cosas con un simbolismo s\u00faper fuerte. Estos ojos no son solo artesan\u00edas cualquieras, sino que representan protecci\u00f3n y buena vibra, una tradici\u00f3n que viene desde los huicholes. Hay de diferentes tama\u00f1os y, honestamente, te vas a quedar con la boca abierta de lo detallado que est\u00e1n hechos.<\/p>\n\n\n\n<figure class=\"wp-block-image size-full\"><img data-recalc-dims=\"1\" decoding=\"async\" width=\"1165\" height=\"777\" src=\"https:\/\/i0.wp.com\/zeromagazine.mx\/wp-content\/uploads\/2024\/09\/IMG_0066-scaled.jpg?resize=1165%2C777&#038;ssl=1\" alt=\"\" class=\"wp-image-83653\" srcset=\"https:\/\/i0.wp.com\/zeromagazine.mx\/wp-content\/uploads\/2024\/09\/IMG_0066-scaled.jpg?w=2560&amp;ssl=1 2560w, https:\/\/i0.wp.com\/zeromagazine.mx\/wp-content\/uploads\/2024\/09\/IMG_0066-scaled.jpg?resize=300%2C200&amp;ssl=1 300w, https:\/\/i0.wp.com\/zeromagazine.mx\/wp-content\/uploads\/2024\/09\/IMG_0066-scaled.jpg?resize=1024%2C683&amp;ssl=1 1024w, https:\/\/i0.wp.com\/zeromagazine.mx\/wp-content\/uploads\/2024\/09\/IMG_0066-scaled.jpg?resize=768%2C512&amp;ssl=1 768w, https:\/\/i0.wp.com\/zeromagazine.mx\/wp-content\/uploads\/2024\/09\/IMG_0066-scaled.jpg?resize=1536%2C1024&amp;ssl=1 1536w, https:\/\/i0.wp.com\/zeromagazine.mx\/wp-content\/uploads\/2024\/09\/IMG_0066-scaled.jpg?resize=2048%2C1365&amp;ssl=1 2048w, https:\/\/i0.wp.com\/zeromagazine.mx\/wp-content\/uploads\/2024\/09\/IMG_0066-scaled.jpg?w=2330 2330w\" sizes=\"(max-width: 1165px) 100vw, 1165px\" \/><\/figure>\n\n\n\n<script async src=\"https:\/\/pagead2.googlesyndication.com\/pagead\/js\/adsbygoogle.js?client=ca-pub-5499304793904745\"\n     crossorigin=\"anonymous\"><\/script>\n<ins class=\"adsbygoogle\"\n     style=\"display:block; text-align:center;\"\n     data-ad-layout=\"in-article\"\n     data-ad-format=\"fluid\"\n     data-ad-client=\"ca-pub-5499304793904745\"\n     data-ad-slot=\"5994863093\"><\/ins>\n<script>\n     (adsbygoogle = window.adsbygoogle || []).push({});\n<\/script>\n\n\n\n\n<p><strong>Taller de Flores: \u00a1Todo Floral y Cool!<\/strong><\/p>\n\n\n\n<p>Ahora, si eres de los que ama las vibes est\u00e9ticas o simplemente te gusta la naturaleza, el&nbsp;<strong>7 de septiembre<\/strong>&nbsp;es tu d\u00eda. De&nbsp;<strong>4:00 a 6:00 pm<\/strong>, habr\u00e1 un&nbsp;<strong>taller de arreglos florales<\/strong>&nbsp;inspirado en las flores m\u00e1s vibrantes y t\u00edpicas de M\u00e9xico. Imag\u00ednate aprender a hacer un arreglo cool con cempas\u00fachil o bugambilias, flores que son mega representativas y, adem\u00e1s, s\u00faper coloridas. No solo vas a aprender algo nuevo, sino que tambi\u00e9n te vas a sentir como en Pinterest creando tu propio arreglo.&nbsp;<\/p>\n\n\n\n<p><strong>Comida, Comida y M\u00e1s Comida&nbsp;<\/strong><\/p>\n\n\n\n<p>El&nbsp;<strong>14 de septiembre<\/strong>, olv\u00eddate de la dieta porque desde las&nbsp;<strong>5:00 pm<\/strong>&nbsp;vas a poder disfrutar de una&nbsp;<strong>degustaci\u00f3n<\/strong>&nbsp;con toda la comida mexicana que tanto amamos. Vamos a ver desde los cl\u00e1sicos&nbsp;<strong>esquites<\/strong>, esos que te salvan cuando tienes hambre callejera, hasta&nbsp;<strong>churros<\/strong>, que siempre son una joya para cerrar con dulce. Adem\u00e1s, habr\u00e1&nbsp;<strong>dulces mexicanos<\/strong>,&nbsp;<strong>atole<\/strong>&nbsp;para la energ\u00eda,&nbsp;<strong>chicharrones<\/strong>&nbsp;para los crujientes vibes, y&nbsp;<strong>chocolates<\/strong>.<\/p>\n\n\n\n<p>Y si pensabas que eso era todo, \u00a1pues no! Durante esta degustaci\u00f3n, tambi\u00e9n va a haber algo s\u00faper \u00fanico: el recorrido de los\u00a0<strong>Cuijes<\/strong>. Estos personajes m\u00e1gicos van a estar dando vueltas por ah\u00ed, llenando el lugar de magia y asombro. As\u00ed que, adem\u00e1s de llenarte el est\u00f3mago, tambi\u00e9n vas a tener un momento m\u00e1gico que seguro no te esperas. Honestamente, suena como el plan perfecto para una tarde chill con tus amigos o familia.<\/p>\n\n\n\n<figure class=\"wp-block-image size-full\"><img data-recalc-dims=\"1\" decoding=\"async\" width=\"1165\" height=\"655\" src=\"https:\/\/i0.wp.com\/zeromagazine.mx\/wp-content\/uploads\/2024\/09\/PLASA_DesdeSiempre_Familia.jpg?resize=1165%2C655&#038;ssl=1\" alt=\"\" class=\"wp-image-83656\" style=\"aspect-ratio:1;object-fit:cover\" srcset=\"https:\/\/i0.wp.com\/zeromagazine.mx\/wp-content\/uploads\/2024\/09\/PLASA_DesdeSiempre_Familia.jpg?w=1920&amp;ssl=1 1920w, https:\/\/i0.wp.com\/zeromagazine.mx\/wp-content\/uploads\/2024\/09\/PLASA_DesdeSiempre_Familia.jpg?resize=300%2C169&amp;ssl=1 300w, https:\/\/i0.wp.com\/zeromagazine.mx\/wp-content\/uploads\/2024\/09\/PLASA_DesdeSiempre_Familia.jpg?resize=1024%2C576&amp;ssl=1 1024w, https:\/\/i0.wp.com\/zeromagazine.mx\/wp-content\/uploads\/2024\/09\/PLASA_DesdeSiempre_Familia.jpg?resize=768%2C432&amp;ssl=1 768w, https:\/\/i0.wp.com\/zeromagazine.mx\/wp-content\/uploads\/2024\/09\/PLASA_DesdeSiempre_Familia.jpg?resize=1536%2C864&amp;ssl=1 1536w\" sizes=\"(max-width: 1165px) 100vw, 1165px\" \/><\/figure>\n\n\n\n<script async src=\"https:\/\/pagead2.googlesyndication.com\/pagead\/js\/adsbygoogle.js?client=ca-pub-5499304793904745\"\n     crossorigin=\"anonymous\"><\/script>\n<ins class=\"adsbygoogle\"\n     style=\"display:block; text-align:center;\"\n     data-ad-layout=\"in-article\"\n     data-ad-format=\"fluid\"\n     data-ad-client=\"ca-pub-5499304793904745\"\n     data-ad-slot=\"5994863093\"><\/ins>\n<script>\n     (adsbygoogle = window.adsbygoogle || []).push({});\n<\/script>\n\n\n\n\n<p><strong>\u00a1Pura m\u00fasica mexicana!&nbsp;<\/strong><\/p>\n\n\n\n<p>Durante todo el mes, no importa si est\u00e1s dentro del mall o en el parque de Plaza Sat\u00e9lite, siempre vas a tener de fondo las mejores&nbsp;<strong>rolas mexicanas<\/strong>. Desde&nbsp;<strong>mariachi<\/strong>&nbsp;hasta m\u00fasica folcl\u00f3rica, las vibes mexicanas te van a rodear por completo. Vas a querer cantar \u00abCielito Lindo\u00bb mientras caminas o m\u00ednimo hacer el lip sync de tus canciones favoritas. La m\u00fasica se convierte en parte del ambiente y hace que toda la experiencia sea todav\u00eda m\u00e1s memorable.<\/p>\n\n\n\n<p><strong>\u00abEstampa mexicana\u00bb: m\u00fasica, danza y cultura<\/strong><\/p>\n\n\n\n<p>Si eres m\u00e1s de los que les encanta ver shows y espect\u00e1culos, no te preocupes porque Plaza Sat\u00e9lite tambi\u00e9n tiene algo preparado para ti. El&nbsp;<strong>15 de septiembre<\/strong>&nbsp;a las&nbsp;<strong>4:00 pm<\/strong>&nbsp;va a haber un espect\u00e1culo llamado&nbsp;<strong>\u00abEstampa Mexicana\u00bb<\/strong>&nbsp;que va a combinar m\u00fasica, danza y teatro, todo inspirado en las tradiciones mexicanas. \u00a1Una joya total! Adem\u00e1s, lo cool es que no es solo ver a gente bailando o cantando, sino que realmente se siente el orgullo mexicano en cada movimiento, cada canci\u00f3n y cada detalle.<\/p>\n\n\n\n<p>Y como si eso no fuera suficiente, tambi\u00e9n ese mismo d\u00eda hay un&nbsp;<strong>taller de cester\u00eda<\/strong>, donde vas a poder aprender de los verdaderos masters en la artesan\u00eda mexicana. La cester\u00eda es una de las tradiciones m\u00e1s antiguas y ver c\u00f3mo los artesanos te ense\u00f1an es toda una experiencia. Y claro, puedes llevarte a casa tu propia creaci\u00f3n, para que no solo sea un recuerdo, sino algo que t\u00fa mismo hiciste.<\/p>\n\n\n\n<p><strong>Juegos mexicanos: para jugar y re\u00edrse<\/strong><\/p>\n\n\n\n<p>Para cerrar con todo y en un mood mucho m\u00e1s casual y divertido, el&nbsp;<strong>16 de septiembre<\/strong>&nbsp;a partir de la&nbsp;<strong>1:00 pm<\/strong>, habr\u00e1 una serie de&nbsp;<strong>juegos tradicionales mexicanos<\/strong>. Aqu\u00ed es donde se pone chido, porque vamos a poder jugar&nbsp;<strong>loter\u00eda<\/strong>,&nbsp;<strong>serpientes y escaleras<\/strong>, y otros juegos que nos recuerdan cuando \u00e9ramos kids. Es el plan perfecto para pasarla bien, re\u00edrte con tus amigos, y revivir esas tradiciones que, aunque simples, siempre nos sacan una sonrisa.<\/p>\n\n\n\n<p><strong>\u00bfPor qu\u00e9 no te lo puedes perder?<\/strong><\/p>\n\n\n\n<p>La neta, Plaza Sat\u00e9lite la est\u00e1 rompiendo con este evento. Desde cultura, comida, m\u00fasica, talleres y juegos, hay de todo para todos. No importa si eres de los que ama el arte, la comida, o solo quieres pasarla bien con tus compas, este mes patrio en Plaza Sat\u00e9lite tiene algo especial para ti. Adem\u00e1s, es un s\u00faper plan para septiembre, un mes donde celebramos ser mexicanos y nos llenamos de orgullo por nuestras ra\u00edces.<\/p>\n\n\n\n<p>As\u00ed que ya sabes, ve apartando los d\u00edas en tu calendario y l\u00e1nzate con tus amigos, familia o hasta solo, porque \u00abSabores y colores de M\u00e9xico\u00bb es una experiencia que te har\u00e1 sentir todo el amor por M\u00e9xico en cada rinc\u00f3n de Plaza Sat\u00e9lite. \u00a1Viva M\u00e9xico!&nbsp;<\/p>","protected":false},"excerpt":{"rendered":"<p>Si eres de los que aman las fiestas patrias, las tradiciones mexicanas, y todo lo que grita \u00abviva M\u00e9xico\u00bb, entonces prep\u00e1rate porque Plaza Sat\u00e9lite se la rif\u00f3 y est\u00e1 celebrando en grande este mes patrio con su evento&nbsp;\u00abSabores y Colores de M\u00e9xico\u00bb. Del 1 al 16 de septiembre, todo el mall se transforma en un [&hellip;]<\/p>\n","protected":false},"author":2,"featured_media":83656,"comment_status":"open","ping_status":"open","sticky":false,"template":"","format":"standard","meta":{"_jetpack_memberships_contains_paid_content":false,"footnotes":"","jetpack_publicize_message":"","jetpack_publicize_feature_enabled":true,"jetpack_social_post_already_shared":true,"jetpack_social_options":{"image_generator_settings":{"template":"highway","default_image_id":0,"font":"","enabled":false},"version":2}},"categories":[117],"tags":[10257,10258,10114],"class_list":["post-83651","post","type-post","status-publish","format-standard","has-post-thumbnail","hentry","category-entretenimiento","tag-celebracion-mexicana","tag-eventos-plaza-satelite","tag-fiestas-patrias","has-post-title","has-post-date","has-post-category","has-post-tag","has-post-comment","has-post-author",""],"yoast_head":"<!-- This site is optimized with the Yoast SEO plugin v27.5 - https:\/\/yoast.com\/product\/yoast-seo-wordpress\/ -->\n<title>&quot;Vive el Mes Patrio Full Vibes&quot; - Zero Magazine<\/title>\n<meta name=\"robots\" content=\"index, follow, max-snippet:-1, max-image-preview:large, max-video-preview:-1\" \/>\n<link rel=\"canonical\" href=\"https:\/\/zeromagazine.mx\/index.php\/2024\/09\/11\/vive-el-mes-patrio-full-vibes\/\" \/>\n<meta property=\"og:locale\" content=\"es_ES\" \/>\n<meta property=\"og:type\" content=\"article\" \/>\n<meta property=\"og:title\" content=\"&quot;Vive el Mes Patrio Full Vibes&quot; - Zero Magazine\" \/>\n<meta property=\"og:description\" content=\"Si eres de los que aman las fiestas patrias, las tradiciones mexicanas, y todo lo que grita \u00abviva M\u00e9xico\u00bb, entonces prep\u00e1rate porque Plaza Sat\u00e9lite se la rif\u00f3 y est\u00e1 celebrando en grande este mes patrio con su evento&nbsp;\u00abSabores y Colores de M\u00e9xico\u00bb. Del 1 al 16 de septiembre, todo el mall se transforma en un [&hellip;]\" \/>\n<meta property=\"og:url\" content=\"https:\/\/zeromagazine.mx\/index.php\/2024\/09\/11\/vive-el-mes-patrio-full-vibes\/\" \/>\n<meta property=\"og:site_name\" content=\"Zero Magazine\" \/>\n<meta property=\"article:published_time\" content=\"2024-09-11T17:44:12+00:00\" \/>\n<meta property=\"article:modified_time\" content=\"2024-09-11T17:44:14+00:00\" \/>\n<meta property=\"og:image\" content=\"https:\/\/i0.wp.com\/zeromagazine.mx\/wp-content\/uploads\/2024\/09\/PLASA_DesdeSiempre_Familia.jpg?fit=1920%2C1080&ssl=1\" \/>\n\t<meta property=\"og:image:width\" content=\"1920\" \/>\n\t<meta property=\"og:image:height\" content=\"1080\" \/>\n\t<meta property=\"og:image:type\" content=\"image\/jpeg\" \/>\n<meta name=\"author\" content=\"zeromagazinemx\" \/>\n<meta name=\"twitter:card\" content=\"summary_large_image\" \/>\n<meta name=\"twitter:label1\" content=\"Escrito por\" \/>\n\t<meta name=\"twitter:data1\" content=\"zeromagazinemx\" \/>\n\t<meta name=\"twitter:label2\" content=\"Tiempo de lectura\" \/>\n\t<meta name=\"twitter:data2\" content=\"5 minutos\" \/>\n<script type=\"application\/ld+json\" class=\"yoast-schema-graph\">{\"@context\":\"https:\\\/\\\/schema.org\",\"@graph\":[{\"@type\":\"Article\",\"@id\":\"https:\\\/\\\/zeromagazine.mx\\\/index.php\\\/2024\\\/09\\\/11\\\/vive-el-mes-patrio-full-vibes\\\/#article\",\"isPartOf\":{\"@id\":\"https:\\\/\\\/zeromagazine.mx\\\/index.php\\\/2024\\\/09\\\/11\\\/vive-el-mes-patrio-full-vibes\\\/\"},\"author\":{\"name\":\"zeromagazinemx\",\"@id\":\"https:\\\/\\\/zeromagazine.mx\\\/#\\\/schema\\\/person\\\/9aed9f33a7c39af3a348b86d723f7773\"},\"headline\":\"\u00abVive el Mes Patrio Full Vibes\u00bb\",\"datePublished\":\"2024-09-11T17:44:12+00:00\",\"dateModified\":\"2024-09-11T17:44:14+00:00\",\"mainEntityOfPage\":{\"@id\":\"https:\\\/\\\/zeromagazine.mx\\\/index.php\\\/2024\\\/09\\\/11\\\/vive-el-mes-patrio-full-vibes\\\/\"},\"wordCount\":995,\"commentCount\":0,\"publisher\":{\"@id\":\"https:\\\/\\\/zeromagazine.mx\\\/#organization\"},\"image\":{\"@id\":\"https:\\\/\\\/zeromagazine.mx\\\/index.php\\\/2024\\\/09\\\/11\\\/vive-el-mes-patrio-full-vibes\\\/#primaryimage\"},\"thumbnailUrl\":\"https:\\\/\\\/i0.wp.com\\\/zeromagazine.mx\\\/wp-content\\\/uploads\\\/2024\\\/09\\\/PLASA_DesdeSiempre_Familia.jpg?fit=1920%2C1080&ssl=1\",\"keywords\":[\"Celebraci\u00f3n mexicana\",\"Eventos Plaza Sat\u00e9lite\",\"fiestas patrias\"],\"articleSection\":[\"Entretenimiento\"],\"inLanguage\":\"es\",\"potentialAction\":[{\"@type\":\"CommentAction\",\"name\":\"Comment\",\"target\":[\"https:\\\/\\\/zeromagazine.mx\\\/index.php\\\/2024\\\/09\\\/11\\\/vive-el-mes-patrio-full-vibes\\\/#respond\"]}]},{\"@type\":\"WebPage\",\"@id\":\"https:\\\/\\\/zeromagazine.mx\\\/index.php\\\/2024\\\/09\\\/11\\\/vive-el-mes-patrio-full-vibes\\\/\",\"url\":\"https:\\\/\\\/zeromagazine.mx\\\/index.php\\\/2024\\\/09\\\/11\\\/vive-el-mes-patrio-full-vibes\\\/\",\"name\":\"\\\"Vive el Mes Patrio Full Vibes\\\" - Zero Magazine\",\"isPartOf\":{\"@id\":\"https:\\\/\\\/zeromagazine.mx\\\/#website\"},\"primaryImageOfPage\":{\"@id\":\"https:\\\/\\\/zeromagazine.mx\\\/index.php\\\/2024\\\/09\\\/11\\\/vive-el-mes-patrio-full-vibes\\\/#primaryimage\"},\"image\":{\"@id\":\"https:\\\/\\\/zeromagazine.mx\\\/index.php\\\/2024\\\/09\\\/11\\\/vive-el-mes-patrio-full-vibes\\\/#primaryimage\"},\"thumbnailUrl\":\"https:\\\/\\\/i0.wp.com\\\/zeromagazine.mx\\\/wp-content\\\/uploads\\\/2024\\\/09\\\/PLASA_DesdeSiempre_Familia.jpg?fit=1920%2C1080&ssl=1\",\"datePublished\":\"2024-09-11T17:44:12+00:00\",\"dateModified\":\"2024-09-11T17:44:14+00:00\",\"breadcrumb\":{\"@id\":\"https:\\\/\\\/zeromagazine.mx\\\/index.php\\\/2024\\\/09\\\/11\\\/vive-el-mes-patrio-full-vibes\\\/#breadcrumb\"},\"inLanguage\":\"es\",\"potentialAction\":[{\"@type\":\"ReadAction\",\"target\":[\"https:\\\/\\\/zeromagazine.mx\\\/index.php\\\/2024\\\/09\\\/11\\\/vive-el-mes-patrio-full-vibes\\\/\"]}]},{\"@type\":\"ImageObject\",\"inLanguage\":\"es\",\"@id\":\"https:\\\/\\\/zeromagazine.mx\\\/index.php\\\/2024\\\/09\\\/11\\\/vive-el-mes-patrio-full-vibes\\\/#primaryimage\",\"url\":\"https:\\\/\\\/i0.wp.com\\\/zeromagazine.mx\\\/wp-content\\\/uploads\\\/2024\\\/09\\\/PLASA_DesdeSiempre_Familia.jpg?fit=1920%2C1080&ssl=1\",\"contentUrl\":\"https:\\\/\\\/i0.wp.com\\\/zeromagazine.mx\\\/wp-content\\\/uploads\\\/2024\\\/09\\\/PLASA_DesdeSiempre_Familia.jpg?fit=1920%2C1080&ssl=1\",\"width\":1920,\"height\":1080},{\"@type\":\"BreadcrumbList\",\"@id\":\"https:\\\/\\\/zeromagazine.mx\\\/index.php\\\/2024\\\/09\\\/11\\\/vive-el-mes-patrio-full-vibes\\\/#breadcrumb\",\"itemListElement\":[{\"@type\":\"ListItem\",\"position\":1,\"name\":\"Portada\",\"item\":\"https:\\\/\\\/zeromagazine.mx\\\/\"},{\"@type\":\"ListItem\",\"position\":2,\"name\":\"\u00abVive el Mes Patrio Full Vibes\u00bb\"}]},{\"@type\":\"WebSite\",\"@id\":\"https:\\\/\\\/zeromagazine.mx\\\/#website\",\"url\":\"https:\\\/\\\/zeromagazine.mx\\\/\",\"name\":\"Zero Magazine\",\"description\":\"\",\"publisher\":{\"@id\":\"https:\\\/\\\/zeromagazine.mx\\\/#organization\"},\"potentialAction\":[{\"@type\":\"SearchAction\",\"target\":{\"@type\":\"EntryPoint\",\"urlTemplate\":\"https:\\\/\\\/zeromagazine.mx\\\/?s={search_term_string}\"},\"query-input\":{\"@type\":\"PropertyValueSpecification\",\"valueRequired\":true,\"valueName\":\"search_term_string\"}}],\"inLanguage\":\"es\"},{\"@type\":\"Organization\",\"@id\":\"https:\\\/\\\/zeromagazine.mx\\\/#organization\",\"name\":\"Zero Magazine\",\"url\":\"https:\\\/\\\/zeromagazine.mx\\\/\",\"logo\":{\"@type\":\"ImageObject\",\"inLanguage\":\"es\",\"@id\":\"https:\\\/\\\/zeromagazine.mx\\\/#\\\/schema\\\/logo\\\/image\\\/\",\"url\":\"https:\\\/\\\/i0.wp.com\\\/zeromagazine.mx\\\/wp-content\\\/uploads\\\/2025\\\/11\\\/1.jpeg?fit=1000%2C1000&ssl=1\",\"contentUrl\":\"https:\\\/\\\/i0.wp.com\\\/zeromagazine.mx\\\/wp-content\\\/uploads\\\/2025\\\/11\\\/1.jpeg?fit=1000%2C1000&ssl=1\",\"width\":1000,\"height\":1000,\"caption\":\"Zero Magazine\"},\"image\":{\"@id\":\"https:\\\/\\\/zeromagazine.mx\\\/#\\\/schema\\\/logo\\\/image\\\/\"},\"sameAs\":[\"https:\\\/\\\/instagram.com\\\/zeromagazinemx\"]},{\"@type\":\"Person\",\"@id\":\"https:\\\/\\\/zeromagazine.mx\\\/#\\\/schema\\\/person\\\/9aed9f33a7c39af3a348b86d723f7773\",\"name\":\"zeromagazinemx\",\"image\":{\"@type\":\"ImageObject\",\"inLanguage\":\"es\",\"@id\":\"https:\\\/\\\/zeromagazine.mx\\\/wp-content\\\/litespeed\\\/avatar\\\/f91dfe5410d5dcb1a576bf8c45983896.jpg?ver=1777571230\",\"url\":\"https:\\\/\\\/zeromagazine.mx\\\/wp-content\\\/litespeed\\\/avatar\\\/f91dfe5410d5dcb1a576bf8c45983896.jpg?ver=1777571230\",\"contentUrl\":\"https:\\\/\\\/zeromagazine.mx\\\/wp-content\\\/litespeed\\\/avatar\\\/f91dfe5410d5dcb1a576bf8c45983896.jpg?ver=1777571230\",\"caption\":\"zeromagazinemx\"},\"url\":\"https:\\\/\\\/zeromagazine.mx\\\/index.php\\\/author\\\/zeromagazinemx\\\/\"}]}<\/script>\n<!-- \/ Yoast SEO plugin. -->","yoast_head_json":{"title":"\"Vive el Mes Patrio Full Vibes\" - Zero Magazine","robots":{"index":"index","follow":"follow","max-snippet":"max-snippet:-1","max-image-preview":"max-image-preview:large","max-video-preview":"max-video-preview:-1"},"canonical":"https:\/\/zeromagazine.mx\/index.php\/2024\/09\/11\/vive-el-mes-patrio-full-vibes\/","og_locale":"es_ES","og_type":"article","og_title":"\"Vive el Mes Patrio Full Vibes\" - Zero Magazine","og_description":"Si eres de los que aman las fiestas patrias, las tradiciones mexicanas, y todo lo que grita \u00abviva M\u00e9xico\u00bb, entonces prep\u00e1rate porque Plaza Sat\u00e9lite se la rif\u00f3 y est\u00e1 celebrando en grande este mes patrio con su evento&nbsp;\u00abSabores y Colores de M\u00e9xico\u00bb. Del 1 al 16 de septiembre, todo el mall se transforma en un [&hellip;]","og_url":"https:\/\/zeromagazine.mx\/index.php\/2024\/09\/11\/vive-el-mes-patrio-full-vibes\/","og_site_name":"Zero Magazine","article_published_time":"2024-09-11T17:44:12+00:00","article_modified_time":"2024-09-11T17:44:14+00:00","og_image":[{"width":1920,"height":1080,"url":"https:\/\/i0.wp.com\/zeromagazine.mx\/wp-content\/uploads\/2024\/09\/PLASA_DesdeSiempre_Familia.jpg?fit=1920%2C1080&ssl=1","type":"image\/jpeg"}],"author":"zeromagazinemx","twitter_card":"summary_large_image","twitter_misc":{"Escrito por":"zeromagazinemx","Tiempo de lectura":"5 minutos"},"schema":{"@context":"https:\/\/schema.org","@graph":[{"@type":"Article","@id":"https:\/\/zeromagazine.mx\/index.php\/2024\/09\/11\/vive-el-mes-patrio-full-vibes\/#article","isPartOf":{"@id":"https:\/\/zeromagazine.mx\/index.php\/2024\/09\/11\/vive-el-mes-patrio-full-vibes\/"},"author":{"name":"zeromagazinemx","@id":"https:\/\/zeromagazine.mx\/#\/schema\/person\/9aed9f33a7c39af3a348b86d723f7773"},"headline":"\u00abVive el Mes Patrio Full Vibes\u00bb","datePublished":"2024-09-11T17:44:12+00:00","dateModified":"2024-09-11T17:44:14+00:00","mainEntityOfPage":{"@id":"https:\/\/zeromagazine.mx\/index.php\/2024\/09\/11\/vive-el-mes-patrio-full-vibes\/"},"wordCount":995,"commentCount":0,"publisher":{"@id":"https:\/\/zeromagazine.mx\/#organization"},"image":{"@id":"https:\/\/zeromagazine.mx\/index.php\/2024\/09\/11\/vive-el-mes-patrio-full-vibes\/#primaryimage"},"thumbnailUrl":"https:\/\/i0.wp.com\/zeromagazine.mx\/wp-content\/uploads\/2024\/09\/PLASA_DesdeSiempre_Familia.jpg?fit=1920%2C1080&ssl=1","keywords":["Celebraci\u00f3n mexicana","Eventos Plaza Sat\u00e9lite","fiestas patrias"],"articleSection":["Entretenimiento"],"inLanguage":"es","potentialAction":[{"@type":"CommentAction","name":"Comment","target":["https:\/\/zeromagazine.mx\/index.php\/2024\/09\/11\/vive-el-mes-patrio-full-vibes\/#respond"]}]},{"@type":"WebPage","@id":"https:\/\/zeromagazine.mx\/index.php\/2024\/09\/11\/vive-el-mes-patrio-full-vibes\/","url":"https:\/\/zeromagazine.mx\/index.php\/2024\/09\/11\/vive-el-mes-patrio-full-vibes\/","name":"\"Vive el Mes Patrio Full Vibes\" - Zero Magazine","isPartOf":{"@id":"https:\/\/zeromagazine.mx\/#website"},"primaryImageOfPage":{"@id":"https:\/\/zeromagazine.mx\/index.php\/2024\/09\/11\/vive-el-mes-patrio-full-vibes\/#primaryimage"},"image":{"@id":"https:\/\/zeromagazine.mx\/index.php\/2024\/09\/11\/vive-el-mes-patrio-full-vibes\/#primaryimage"},"thumbnailUrl":"https:\/\/i0.wp.com\/zeromagazine.mx\/wp-content\/uploads\/2024\/09\/PLASA_DesdeSiempre_Familia.jpg?fit=1920%2C1080&ssl=1","datePublished":"2024-09-11T17:44:12+00:00","dateModified":"2024-09-11T17:44:14+00:00","breadcrumb":{"@id":"https:\/\/zeromagazine.mx\/index.php\/2024\/09\/11\/vive-el-mes-patrio-full-vibes\/#breadcrumb"},"inLanguage":"es","potentialAction":[{"@type":"ReadAction","target":["https:\/\/zeromagazine.mx\/index.php\/2024\/09\/11\/vive-el-mes-patrio-full-vibes\/"]}]},{"@type":"ImageObject","inLanguage":"es","@id":"https:\/\/zeromagazine.mx\/index.php\/2024\/09\/11\/vive-el-mes-patrio-full-vibes\/#primaryimage","url":"https:\/\/i0.wp.com\/zeromagazine.mx\/wp-content\/uploads\/2024\/09\/PLASA_DesdeSiempre_Familia.jpg?fit=1920%2C1080&ssl=1","contentUrl":"https:\/\/i0.wp.com\/zeromagazine.mx\/wp-content\/uploads\/2024\/09\/PLASA_DesdeSiempre_Familia.jpg?fit=1920%2C1080&ssl=1","width":1920,"height":1080},{"@type":"BreadcrumbList","@id":"https:\/\/zeromagazine.mx\/index.php\/2024\/09\/11\/vive-el-mes-patrio-full-vibes\/#breadcrumb","itemListElement":[{"@type":"ListItem","position":1,"name":"Portada","item":"https:\/\/zeromagazine.mx\/"},{"@type":"ListItem","position":2,"name":"\u00abVive el Mes Patrio Full Vibes\u00bb"}]},{"@type":"WebSite","@id":"https:\/\/zeromagazine.mx\/#website","url":"https:\/\/zeromagazine.mx\/","name":"Zero Magazine","description":"","publisher":{"@id":"https:\/\/zeromagazine.mx\/#organization"},"potentialAction":[{"@type":"SearchAction","target":{"@type":"EntryPoint","urlTemplate":"https:\/\/zeromagazine.mx\/?s={search_term_string}"},"query-input":{"@type":"PropertyValueSpecification","valueRequired":true,"valueName":"search_term_string"}}],"inLanguage":"es"},{"@type":"Organization","@id":"https:\/\/zeromagazine.mx\/#organization","name":"Zero Magazine","url":"https:\/\/zeromagazine.mx\/","logo":{"@type":"ImageObject","inLanguage":"es","@id":"https:\/\/zeromagazine.mx\/#\/schema\/logo\/image\/","url":"https:\/\/i0.wp.com\/zeromagazine.mx\/wp-content\/uploads\/2025\/11\/1.jpeg?fit=1000%2C1000&ssl=1","contentUrl":"https:\/\/i0.wp.com\/zeromagazine.mx\/wp-content\/uploads\/2025\/11\/1.jpeg?fit=1000%2C1000&ssl=1","width":1000,"height":1000,"caption":"Zero Magazine"},"image":{"@id":"https:\/\/zeromagazine.mx\/#\/schema\/logo\/image\/"},"sameAs":["https:\/\/instagram.com\/zeromagazinemx"]},{"@type":"Person","@id":"https:\/\/zeromagazine.mx\/#\/schema\/person\/9aed9f33a7c39af3a348b86d723f7773","name":"zeromagazinemx","image":{"@type":"ImageObject","inLanguage":"es","@id":"https:\/\/zeromagazine.mx\/wp-content\/litespeed\/avatar\/f91dfe5410d5dcb1a576bf8c45983896.jpg?ver=1777571230","url":"https:\/\/zeromagazine.mx\/wp-content\/litespeed\/avatar\/f91dfe5410d5dcb1a576bf8c45983896.jpg?ver=1777571230","contentUrl":"https:\/\/zeromagazine.mx\/wp-content\/litespeed\/avatar\/f91dfe5410d5dcb1a576bf8c45983896.jpg?ver=1777571230","caption":"zeromagazinemx"},"url":"https:\/\/zeromagazine.mx\/index.php\/author\/zeromagazinemx\/"}]}},"jetpack_publicize_connections":[],"jetpack_featured_media_url":"https:\/\/i0.wp.com\/zeromagazine.mx\/wp-content\/uploads\/2024\/09\/PLASA_DesdeSiempre_Familia.jpg?fit=1920%2C1080&ssl=1","jetpack-related-posts":[{"id":83918,"url":"https:\/\/zeromagazine.mx\/index.php\/2024\/09\/13\/fiesta-mexicana-en-plaza-satelite\/","url_meta":{"origin":83651,"position":0},"title":"\u00abFiesta Mexicana en Plaza Sat\u00e9lite\u00bb","author":"zeromagazinemx","date":"13 de septiembre de 2024","format":false,"excerpt":"\u00a1Holii, chiques! Este mes de septiembre, Plaza Sat\u00e9lite se transforma en el epicentro de la cultura mexicana, y no puedes faltar. Del 1 al 16 de septiembre, prep\u00e1rate para sumergirte en una fiesta llena de tradici\u00f3n y modernidad que har\u00e1 que te sientas super orgulloso de nuestras ra\u00edces. La Magia\u2026","rel":"","context":"En \u00abViajes\u00bb","block_context":{"text":"Viajes","link":"https:\/\/zeromagazine.mx\/index.php\/category\/lugares\/"},"img":{"alt_text":"","src":"https:\/\/i0.wp.com\/zeromagazine.mx\/wp-content\/uploads\/2024\/09\/Ojos-de-dios-1.jpg?fit=1200%2C675&ssl=1&resize=350%2C200","width":350,"height":200,"srcset":"https:\/\/i0.wp.com\/zeromagazine.mx\/wp-content\/uploads\/2024\/09\/Ojos-de-dios-1.jpg?fit=1200%2C675&ssl=1&resize=350%2C200 1x, https:\/\/i0.wp.com\/zeromagazine.mx\/wp-content\/uploads\/2024\/09\/Ojos-de-dios-1.jpg?fit=1200%2C675&ssl=1&resize=525%2C300 1.5x, https:\/\/i0.wp.com\/zeromagazine.mx\/wp-content\/uploads\/2024\/09\/Ojos-de-dios-1.jpg?fit=1200%2C675&ssl=1&resize=700%2C400 2x, https:\/\/i0.wp.com\/zeromagazine.mx\/wp-content\/uploads\/2024\/09\/Ojos-de-dios-1.jpg?fit=1200%2C675&ssl=1&resize=1050%2C600 3x"},"classes":[]},{"id":83646,"url":"https:\/\/zeromagazine.mx\/index.php\/2024\/09\/11\/vive-el-grito-en-oaxaca\/","url_meta":{"origin":83651,"position":1},"title":"Vive el Grito en Oaxaca","author":"zeromagazinemx","date":"11 de septiembre de 2024","format":false,"excerpt":"\u00a1Holaa, chiques! Si est\u00e1s buscando el destino perfecto para celebrar las fiestas patrias de M\u00e9xico, d\u00e9jame decirte que Oaxaca es la opci\u00f3n top. Este estado no solo es uno de los m\u00e1s vibrantes y culturalmente ricos de M\u00e9xico, sino que durante el mes de septiembre, su energ\u00eda festiva es simplemente\u2026","rel":"","context":"En \u00abViajes\u00bb","block_context":{"text":"Viajes","link":"https:\/\/zeromagazine.mx\/index.php\/category\/lugares\/"},"img":{"alt_text":"","src":"https:\/\/i0.wp.com\/zeromagazine.mx\/wp-content\/uploads\/2024\/09\/HN2-1.png?fit=1048%2C1042&ssl=1&resize=350%2C200","width":350,"height":200,"srcset":"https:\/\/i0.wp.com\/zeromagazine.mx\/wp-content\/uploads\/2024\/09\/HN2-1.png?fit=1048%2C1042&ssl=1&resize=350%2C200 1x, https:\/\/i0.wp.com\/zeromagazine.mx\/wp-content\/uploads\/2024\/09\/HN2-1.png?fit=1048%2C1042&ssl=1&resize=525%2C300 1.5x, https:\/\/i0.wp.com\/zeromagazine.mx\/wp-content\/uploads\/2024\/09\/HN2-1.png?fit=1048%2C1042&ssl=1&resize=700%2C400 2x"},"classes":[]},{"id":83599,"url":"https:\/\/zeromagazine.mx\/index.php\/2024\/09\/10\/5-destinos-trendy-para-fiestas-patrias\/","url_meta":{"origin":83651,"position":2},"title":"\u00ab5 Destinos Trendy para Fiestas Patrias\u00bb","author":"zeromagazinemx","date":"10 de septiembre de 2024","format":false,"excerpt":"\u00a1Se viene el puente de Fiestas Patrias, y ya sabemos que septiembre es puro Mexican pride! El Grito de Independencia es esa excusa perfecta para armar una escapada y disfrutar de un vibe 100% mexicano. Entre la gastronom\u00eda, los desfiles y esos cielos iluminados por fuegos artificiales, no hay mejor\u2026","rel":"","context":"En \u00abFoodie\u00bb","block_context":{"text":"Foodie","link":"https:\/\/zeromagazine.mx\/index.php\/category\/lifestyle\/foodie\/"},"img":{"alt_text":"","src":"https:\/\/i0.wp.com\/zeromagazine.mx\/wp-content\/uploads\/2024\/09\/Captura-de-pantalla-2024-09-10-a-las-13.02.38.png?fit=1200%2C788&ssl=1&resize=350%2C200","width":350,"height":200,"srcset":"https:\/\/i0.wp.com\/zeromagazine.mx\/wp-content\/uploads\/2024\/09\/Captura-de-pantalla-2024-09-10-a-las-13.02.38.png?fit=1200%2C788&ssl=1&resize=350%2C200 1x, https:\/\/i0.wp.com\/zeromagazine.mx\/wp-content\/uploads\/2024\/09\/Captura-de-pantalla-2024-09-10-a-las-13.02.38.png?fit=1200%2C788&ssl=1&resize=525%2C300 1.5x, https:\/\/i0.wp.com\/zeromagazine.mx\/wp-content\/uploads\/2024\/09\/Captura-de-pantalla-2024-09-10-a-las-13.02.38.png?fit=1200%2C788&ssl=1&resize=700%2C400 2x, https:\/\/i0.wp.com\/zeromagazine.mx\/wp-content\/uploads\/2024\/09\/Captura-de-pantalla-2024-09-10-a-las-13.02.38.png?fit=1200%2C788&ssl=1&resize=1050%2C600 3x"},"classes":[]},{"id":83149,"url":"https:\/\/zeromagazine.mx\/index.php\/2024\/09\/04\/vibes-patrias-en-san-miguel\/","url_meta":{"origin":83651,"position":3},"title":"\u00a1Vibes Patrias en San Miguel!","author":"zeromagazinemx","date":"4 de septiembre de 2024","format":false,"excerpt":"Chique, si todav\u00eda no has ido a San Miguel de Allende, septiembre es the moment para hacerlo. Esta ciudad, que es Patrimonio de la Humanidad por la UNESCO, se prende heavy durante todo el mes con vibes culturales, hist\u00f3ricas y tradicionales. Y si andas buscando d\u00f3nde quedarte, el NUMU Boutique\u2026","rel":"","context":"En \u00abViajes\u00bb","block_context":{"text":"Viajes","link":"https:\/\/zeromagazine.mx\/index.php\/category\/lugares\/"},"img":{"alt_text":"","src":"https:\/\/i0.wp.com\/zeromagazine.mx\/wp-content\/uploads\/2024\/09\/unnamed-22.png?fit=748%2C1076&ssl=1&resize=350%2C200","width":350,"height":200,"srcset":"https:\/\/i0.wp.com\/zeromagazine.mx\/wp-content\/uploads\/2024\/09\/unnamed-22.png?fit=748%2C1076&ssl=1&resize=350%2C200 1x, https:\/\/i0.wp.com\/zeromagazine.mx\/wp-content\/uploads\/2024\/09\/unnamed-22.png?fit=748%2C1076&ssl=1&resize=525%2C300 1.5x, https:\/\/i0.wp.com\/zeromagazine.mx\/wp-content\/uploads\/2024\/09\/unnamed-22.png?fit=748%2C1076&ssl=1&resize=700%2C400 2x"},"classes":[]},{"id":83439,"url":"https:\/\/zeromagazine.mx\/index.php\/2024\/09\/09\/rulfo-sabores-patrios-con-estilo\/","url_meta":{"origin":83651,"position":4},"title":"\u00abRulfo: Sabores Patrios con Estilo\u00bb","author":"zeromagazinemx","date":"9 de septiembre de 2024","format":false,"excerpt":"Estamos en septiembre, mes patrio, y si algo sabe hacer M\u00e9xico bien, es comer. No solo hablo de los tacos que te clavas en la esquina, sino de esas joyitas gastron\u00f3micas que solo te encuentras una vez al a\u00f1o. El chile en nogada y una noche mexicana s\u00faper fancy en\u2026","rel":"","context":"En \u00abFoodie\u00bb","block_context":{"text":"Foodie","link":"https:\/\/zeromagazine.mx\/index.php\/category\/lifestyle\/foodie\/"},"img":{"alt_text":"","src":"https:\/\/i0.wp.com\/zeromagazine.mx\/wp-content\/uploads\/2024\/09\/Captura-de-pantalla-2024-09-09-a-las-12.51.57.png?fit=1200%2C750&ssl=1&resize=350%2C200","width":350,"height":200,"srcset":"https:\/\/i0.wp.com\/zeromagazine.mx\/wp-content\/uploads\/2024\/09\/Captura-de-pantalla-2024-09-09-a-las-12.51.57.png?fit=1200%2C750&ssl=1&resize=350%2C200 1x, https:\/\/i0.wp.com\/zeromagazine.mx\/wp-content\/uploads\/2024\/09\/Captura-de-pantalla-2024-09-09-a-las-12.51.57.png?fit=1200%2C750&ssl=1&resize=525%2C300 1.5x, https:\/\/i0.wp.com\/zeromagazine.mx\/wp-content\/uploads\/2024\/09\/Captura-de-pantalla-2024-09-09-a-las-12.51.57.png?fit=1200%2C750&ssl=1&resize=700%2C400 2x, https:\/\/i0.wp.com\/zeromagazine.mx\/wp-content\/uploads\/2024\/09\/Captura-de-pantalla-2024-09-09-a-las-12.51.57.png?fit=1200%2C750&ssl=1&resize=1050%2C600 3x"},"classes":[]},{"id":83358,"url":"https:\/\/zeromagazine.mx\/index.php\/2024\/09\/06\/fiestas-patrias-con-sabor-japones\/","url_meta":{"origin":83651,"position":5},"title":"Fiestas Patrias con Sabor Jap\u00f3nes","author":"zeromagazinemx","date":"6 de septiembre de 2024","format":false,"excerpt":"Hola, \u00a1a tod@s! \u00bfC\u00f3mo est\u00e1n? Hoy les traigo un plan que no se pueden perder si est\u00e1n en la Ciudad de M\u00e9xico este mes. Teppan Grill, en el Hyatt Regency Mexico City, est\u00e1 celebrando las Fiestas Patrias con un men\u00fa s\u00faper especial que mezcla lo mejor de la cocina mexicana\u2026","rel":"","context":"En \u00abFoodie\u00bb","block_context":{"text":"Foodie","link":"https:\/\/zeromagazine.mx\/index.php\/category\/lifestyle\/foodie\/"},"img":{"alt_text":"","src":"https:\/\/i0.wp.com\/zeromagazine.mx\/wp-content\/uploads\/2024\/09\/Captura-de-pantalla-2024-09-06-a-las-14.06.24.png?fit=1200%2C792&ssl=1&resize=350%2C200","width":350,"height":200,"srcset":"https:\/\/i0.wp.com\/zeromagazine.mx\/wp-content\/uploads\/2024\/09\/Captura-de-pantalla-2024-09-06-a-las-14.06.24.png?fit=1200%2C792&ssl=1&resize=350%2C200 1x, https:\/\/i0.wp.com\/zeromagazine.mx\/wp-content\/uploads\/2024\/09\/Captura-de-pantalla-2024-09-06-a-las-14.06.24.png?fit=1200%2C792&ssl=1&resize=525%2C300 1.5x, https:\/\/i0.wp.com\/zeromagazine.mx\/wp-content\/uploads\/2024\/09\/Captura-de-pantalla-2024-09-06-a-las-14.06.24.png?fit=1200%2C792&ssl=1&resize=700%2C400 2x, https:\/\/i0.wp.com\/zeromagazine.mx\/wp-content\/uploads\/2024\/09\/Captura-de-pantalla-2024-09-06-a-las-14.06.24.png?fit=1200%2C792&ssl=1&resize=1050%2C600 3x"},"classes":[]}],"jetpack_sharing_enabled":true,"builder_content":"","_links":{"self":[{"href":"https:\/\/zeromagazine.mx\/index.php\/wp-json\/wp\/v2\/posts\/83651","targetHints":{"allow":["GET"]}}],"collection":[{"href":"https:\/\/zeromagazine.mx\/index.php\/wp-json\/wp\/v2\/posts"}],"about":[{"href":"https:\/\/zeromagazine.mx\/index.php\/wp-json\/wp\/v2\/types\/post"}],"author":[{"embeddable":true,"href":"https:\/\/zeromagazine.mx\/index.php\/wp-json\/wp\/v2\/users\/2"}],"replies":[{"embeddable":true,"href":"https:\/\/zeromagazine.mx\/index.php\/wp-json\/wp\/v2\/comments?post=83651"}],"version-history":[{"count":1,"href":"https:\/\/zeromagazine.mx\/index.php\/wp-json\/wp\/v2\/posts\/83651\/revisions"}],"predecessor-version":[{"id":83659,"href":"https:\/\/zeromagazine.mx\/index.php\/wp-json\/wp\/v2\/posts\/83651\/revisions\/83659"}],"wp:featuredmedia":[{"embeddable":true,"href":"https:\/\/zeromagazine.mx\/index.php\/wp-json\/wp\/v2\/media\/83656"}],"wp:attachment":[{"href":"https:\/\/zeromagazine.mx\/index.php\/wp-json\/wp\/v2\/media?parent=83651"}],"wp:term":[{"taxonomy":"category","embeddable":true,"href":"https:\/\/zeromagazine.mx\/index.php\/wp-json\/wp\/v2\/categories?post=83651"},{"taxonomy":"post_tag","embeddable":true,"href":"https:\/\/zeromagazine.mx\/index.php\/wp-json\/wp\/v2\/tags?post=83651"}],"curies":[{"name":"wp","href":"https:\/\/api.w.org\/{rel}","templated":true}]}}