{"id":83740,"date":"2024-09-12T19:11:32","date_gmt":"2024-09-12T17:11:32","guid":{"rendered":"https:\/\/zeromagazine.mx\/?p=83740"},"modified":"2024-09-12T19:34:59","modified_gmt":"2024-09-12T17:34:59","slug":"cha-eun-woo-x-ck-otono-chic","status":"publish","type":"post","link":"https:\/\/zeromagazine.mx\/index.php\/2024\/09\/12\/cha-eun-woo-x-ck-otono-chic\/","title":{"rendered":"Cha Eun-Woo x CK: Oto\u00f1o Chic"},"content":{"rendered":"<p>\u00a1Holiii, Arohas! Hoy les traigo el scoop m\u00e1s \u00e9pico del mundo de la moda y el K-pop que no se van a querer perder. Adivinen qui\u00e9n est\u00e1 dominando el spotlight ahora: nuestro querido <strong>\u00abCHA EUN-WOO\u00bb<\/strong> El cantante y actor surcoreano que est\u00e1 rompiendo corazones en todo el planeta es la nueva cara de la campa\u00f1a masculina de Calvin Klein para el oto\u00f1o 2024.<\/p>\n\n\n\n<h2 class=\"wp-block-heading\">La Colab que No Sab\u00edamos que Necesit\u00e1bamos<\/h2>\n\n\n\n<p>Oigan, real que tenemos que hablar de lo mucho que Calvin Klein se luci\u00f3 con esta campa\u00f1a. Dirigida por AJ Duan y capturada por Park Jong-Ha, esta es la definici\u00f3n de elevar el game. Las fotos de CHA EUN-WOO tienen un vibe tan elegante y fresh que literal dan ganas de usar esos outfits y comerte el mundo.<\/p>\n\n\n\n<script async src=\"https:\/\/pagead2.googlesyndication.com\/pagead\/js\/adsbygoogle.js?client=ca-pub-5499304793904745\"\n     crossorigin=\"anonymous\"><\/script>\n<ins class=\"adsbygoogle\"\n     style=\"display:block; text-align:center;\"\n     data-ad-layout=\"in-article\"\n     data-ad-format=\"fluid\"\n     data-ad-client=\"ca-pub-5499304793904745\"\n     data-ad-slot=\"5994863093\"><\/ins>\n<script>\n     (adsbygoogle = window.adsbygoogle || []).push({});\n<\/script>\n\n\n\n<p>O sea, el mix de la luz c\u00e1lida y los tonos azulitos con la cl\u00e1sica sastrer\u00eda de Calvin Klein le da un giro moderno, \u00bfme entienden? No es la t\u00edpica marca cl\u00e1sica de siempre, es Calvin diciendo \u00absomos OGs, pero tambi\u00e9n sabemos lo que est\u00e1 en tendencia\u00bb. Y claro, nuestro oppa CHA le pone ese toque que nos hace suspirar.<\/p>\n\n\n<div class=\"wp-block-image\">\n<figure class=\"aligncenter size-full\"><img data-recalc-dims=\"1\" decoding=\"async\" width=\"1080\" height=\"1350\" src=\"https:\/\/i0.wp.com\/zeromagazine.mx\/wp-content\/uploads\/2024\/09\/F24_CHA_PR_logo_1.jpg?resize=1080%2C1350&#038;ssl=1\" alt=\"Descubre la nueva colab entre CHA EUN-WOO y Calvin Klein para el oto\u00f1o 2024. Moda elegante y moderna con un toque \u00fanico. \u00a1No te lo pierdas!\" class=\"wp-image-83741\" srcset=\"https:\/\/i0.wp.com\/zeromagazine.mx\/wp-content\/uploads\/2024\/09\/F24_CHA_PR_logo_1.jpg?w=1080&amp;ssl=1 1080w, https:\/\/i0.wp.com\/zeromagazine.mx\/wp-content\/uploads\/2024\/09\/F24_CHA_PR_logo_1.jpg?resize=240%2C300&amp;ssl=1 240w, https:\/\/i0.wp.com\/zeromagazine.mx\/wp-content\/uploads\/2024\/09\/F24_CHA_PR_logo_1.jpg?resize=819%2C1024&amp;ssl=1 819w, https:\/\/i0.wp.com\/zeromagazine.mx\/wp-content\/uploads\/2024\/09\/F24_CHA_PR_logo_1.jpg?resize=768%2C960&amp;ssl=1 768w\" sizes=\"(max-width: 1080px) 100vw, 1080px\" \/><\/figure>\n<\/div>\n\n\n<p><\/p>\n\n\n\n<h2 class=\"wp-block-heading\">CHA EUN-WOO Nos Cuenta Todo<\/h2>\n\n\n\n<p>\u00bfY qu\u00e9 opin\u00f3 nuestro king de ser parte de esta bomba de colab? Pues resulta que CHA EUN-WOO es fan de Calvin Klein desde hace tiempo, y ahora es la cara de una de las marcas m\u00e1s ic\u00f3nicas del planeta. \u00c9l nos dijo que ama el estilo timeless, elegante y refinado de la marca, y que cada look de la campa\u00f1a es un sue\u00f1o hecho realidad. \u201cNo puedo esperar a que mis fans lo vean\u201d, confes\u00f3. Y obvio, nosotrxs tampoco podemos esperar, arohas.<\/p>\n\n\n\n<p><\/p>\n\n\n\n<p><strong> \u00bfQu\u00e9 trae la Colecci\u00f3n de Oto\u00f1o?<\/strong><\/p>\n\n\n\n<p>Ahora s\u00ed, vamos al chisme bueno: la ropa. Calvin Klein para este oto\u00f1o 2024 viene con todo. Prendas de abrigo que te mantienen chic sin pasar fr\u00edo, y la cl\u00e1sica sastrer\u00eda minimalista que nos encanta. Pero wait, que la cosa no se queda ah\u00ed. Calvin Klein Studio llega con una l\u00ednea de b\u00e1sicos que est\u00e1n rompiendo. <strong>EUN-WOO<\/strong> luce prendas casuales como las cl\u00e1sicas camisetas con logo y los jeans rectos noventeros. <\/p>\n\n\n<div class=\"wp-block-image\">\n<figure class=\"aligncenter size-full\"><img data-recalc-dims=\"1\" decoding=\"async\" width=\"1080\" height=\"1350\" src=\"https:\/\/i0.wp.com\/zeromagazine.mx\/wp-content\/uploads\/2024\/09\/F24_CHA_PR_logo_3.jpg?resize=1080%2C1350&#038;ssl=1\" alt=\"CHA EUN-WOO se une a Calvin Klein para una campa\u00f1a masculina que redefine el estilo oto\u00f1al. Prep\u00e1rate para outfits elegantes y frescos que no querr\u00e1s dejar de usar.\" class=\"wp-image-83743\" srcset=\"https:\/\/i0.wp.com\/zeromagazine.mx\/wp-content\/uploads\/2024\/09\/F24_CHA_PR_logo_3.jpg?w=1080&amp;ssl=1 1080w, https:\/\/i0.wp.com\/zeromagazine.mx\/wp-content\/uploads\/2024\/09\/F24_CHA_PR_logo_3.jpg?resize=240%2C300&amp;ssl=1 240w, https:\/\/i0.wp.com\/zeromagazine.mx\/wp-content\/uploads\/2024\/09\/F24_CHA_PR_logo_3.jpg?resize=819%2C1024&amp;ssl=1 819w, https:\/\/i0.wp.com\/zeromagazine.mx\/wp-content\/uploads\/2024\/09\/F24_CHA_PR_logo_3.jpg?resize=768%2C960&amp;ssl=1 768w\" sizes=\"(max-width: 1080px) 100vw, 1080px\" \/><\/figure>\n<\/div>\n\n\n<p><\/p>\n\n\n\n<p>\u00bfLo que m\u00e1s me tiene obsessed? Las prendas de abrigo nuevas: desde una bomber jacket con acabado mate que est\u00e1 brutal hasta los abrigos de sarga de algod\u00f3n y cuero que son de otro nivel. Si lo tuyo es verte fresh pero con elegancia, esta colecci\u00f3n te tiene cubiertx.<\/p>\n\n\n\n<h2 class=\"wp-block-heading\">Lo Cl\u00e1sico se Renueva<\/h2>\n\n\n\n<p>\u00bfPensaban que el hype ya hab\u00eda terminado? Pi\u00e9nsenlo de nuevo. La sastrer\u00eda de Calvin Klein llega con siluetas modernas y elegantes. Imaginen a CHA EUN-WOO con un blazer stretch o un traje cruzado de gabardina de lana. Sin duda, con estos atuendos, todas las miradas estar\u00e1n sobre ti.<\/p>\n\n\n\n<p>Otra joyita son las prendas separadas, como camisas 100% algod\u00f3n y pantalones de lana sin cierres que tienen una vibe super cool y con materiales premium. Si vas a invertir en ropa, que sea algo que te dure y te haga sentir como un fashion icon, \u00bfno creen?<\/p>\n\n\n<div class=\"wp-block-image\">\n<figure class=\"aligncenter size-full\"><img data-recalc-dims=\"1\" decoding=\"async\" width=\"1080\" height=\"1350\" src=\"https:\/\/i0.wp.com\/zeromagazine.mx\/wp-content\/uploads\/2024\/09\/F24_CHA_PR_logo_4.jpg?resize=1080%2C1350&#038;ssl=1\" alt=\"El oto\u00f1o 2024 llega con CHA EUN-WOO y Calvin Klein. Explora una colecci\u00f3n que combina sastrer\u00eda cl\u00e1sica con un estilo moderno y sofisticado.\" class=\"wp-image-83745\" srcset=\"https:\/\/i0.wp.com\/zeromagazine.mx\/wp-content\/uploads\/2024\/09\/F24_CHA_PR_logo_4.jpg?w=1080&amp;ssl=1 1080w, https:\/\/i0.wp.com\/zeromagazine.mx\/wp-content\/uploads\/2024\/09\/F24_CHA_PR_logo_4.jpg?resize=240%2C300&amp;ssl=1 240w, https:\/\/i0.wp.com\/zeromagazine.mx\/wp-content\/uploads\/2024\/09\/F24_CHA_PR_logo_4.jpg?resize=819%2C1024&amp;ssl=1 819w, https:\/\/i0.wp.com\/zeromagazine.mx\/wp-content\/uploads\/2024\/09\/F24_CHA_PR_logo_4.jpg?resize=768%2C960&amp;ssl=1 768w\" sizes=\"(max-width: 1080px) 100vw, 1080px\" \/><\/figure>\n<\/div>\n\n\n<p><\/p>\n\n\n<div class=\"wp-block-image\">\n<figure class=\"aligncenter size-full\"><img data-recalc-dims=\"1\" decoding=\"async\" width=\"1080\" height=\"1350\" src=\"https:\/\/i0.wp.com\/zeromagazine.mx\/wp-content\/uploads\/2024\/09\/F24_CHA_PR_logo_5.jpg?resize=1080%2C1350&#038;ssl=1\" alt=\"CHA EUN-WOO se convierte en el rostro de Calvin Klein para este oto\u00f1o. Conoce las piezas clave de una campa\u00f1a que mezcla moda atemporal con tendencias actuales.\" class=\"wp-image-83742\" srcset=\"https:\/\/i0.wp.com\/zeromagazine.mx\/wp-content\/uploads\/2024\/09\/F24_CHA_PR_logo_5.jpg?w=1080&amp;ssl=1 1080w, https:\/\/i0.wp.com\/zeromagazine.mx\/wp-content\/uploads\/2024\/09\/F24_CHA_PR_logo_5.jpg?resize=240%2C300&amp;ssl=1 240w, https:\/\/i0.wp.com\/zeromagazine.mx\/wp-content\/uploads\/2024\/09\/F24_CHA_PR_logo_5.jpg?resize=819%2C1024&amp;ssl=1 819w, https:\/\/i0.wp.com\/zeromagazine.mx\/wp-content\/uploads\/2024\/09\/F24_CHA_PR_logo_5.jpg?resize=768%2C960&amp;ssl=1 768w\" sizes=\"(max-width: 1080px) 100vw, 1080px\" \/><\/figure>\n<\/div>\n\n\n<p><\/p>\n\n\n\n<p><strong>\u00bfCu\u00e1ndo Podemos Comprar la Colecci\u00f3n? <\/strong><\/p>\n\n\n\n<p>Ya s\u00e9 que est\u00e1n desesperadxs por comprar todo. La colecci\u00f3n se lanza oficialmente el 9 de septiembre de 2024, pero si est\u00e1s en Asia ya puedes comprarla en l\u00ednea. Para el resto del mundo, pueden empezar a llenar su carrito en calvinklein.com. As\u00ed que ya no hay excusa para no entrar al oto\u00f1o con el pie derecho.<\/p>\n\n\n\n<script async src=\"https:\/\/pagead2.googlesyndication.com\/pagead\/js\/adsbygoogle.js?client=ca-pub-5499304793904745\"\n     crossorigin=\"anonymous\"><\/script>\n<ins class=\"adsbygoogle\"\n     style=\"display:block; text-align:center;\"\n     data-ad-layout=\"in-article\"\n     data-ad-format=\"fluid\"\n     data-ad-client=\"ca-pub-5499304793904745\"\n     data-ad-slot=\"5994863093\"><\/ins>\n<script>\n     (adsbygoogle = window.adsbygoogle || []).push({});\n<\/script>\n\n\n\n<p><\/p>\n\n\n\n<p>Y aqu\u00ed es la parte donde me pongo deep, arohas.<strong> <\/strong>\u00bfCu\u00e1ntas veces no hemos sentido que tenemos que elegir entre estar a la moda y ser fieles a nosotrxs mismxs? Calvin Klein siempre ha tenido ese balance entre lo cl\u00e1sico y lo moderno, y eso es lo que lo hace tan iconic. CHA EUN-WOO es el embajador perfecto porque representa eso: alguien aut\u00e9ntico que sabe c\u00f3mo adaptarse a lo nuevo.<\/p>\n\n\n<div class=\"wp-block-image\">\n<figure class=\"aligncenter size-full is-resized\"><img data-recalc-dims=\"1\" decoding=\"async\" width=\"1080\" height=\"1350\" src=\"https:\/\/i0.wp.com\/zeromagazine.mx\/wp-content\/uploads\/2024\/09\/F24_CHA_PR_logo_2.jpg?resize=1080%2C1350&#038;ssl=1\" alt=\"La colaboraci\u00f3n entre CHA EUN-WOO y Calvin Klein trae moda innovadora para el oto\u00f1o. Prendas elegantes y casuales que elevan cualquier look. \u00a1Desc\u00fabrelo ya!\" class=\"wp-image-83767\" style=\"aspect-ratio:1;width:884px;height:auto\" srcset=\"https:\/\/i0.wp.com\/zeromagazine.mx\/wp-content\/uploads\/2024\/09\/F24_CHA_PR_logo_2.jpg?w=1080&amp;ssl=1 1080w, https:\/\/i0.wp.com\/zeromagazine.mx\/wp-content\/uploads\/2024\/09\/F24_CHA_PR_logo_2.jpg?resize=240%2C300&amp;ssl=1 240w, https:\/\/i0.wp.com\/zeromagazine.mx\/wp-content\/uploads\/2024\/09\/F24_CHA_PR_logo_2.jpg?resize=819%2C1024&amp;ssl=1 819w, https:\/\/i0.wp.com\/zeromagazine.mx\/wp-content\/uploads\/2024\/09\/F24_CHA_PR_logo_2.jpg?resize=768%2C960&amp;ssl=1 768w\" sizes=\"(max-width: 1080px) 100vw, 1080px\" \/><\/figure>\n<\/div>\n\n\n<p><\/p>\n\n\n\n<p>Para no hac\u00e9rselas larga, esta campa\u00f1a de Calvin Klein con nuestro <strong>Nunu <\/strong>es lo que necesit\u00e1bamos para empezar el oto\u00f1o bien coquette. Entre la sastrer\u00eda moderna, los abrigos que parecen sacados de una editorial y las piezas b\u00e1sicas que no pueden faltar en tu closet, esta colecci\u00f3n es un must.<\/p>\n\n\n\n<script async src=\"https:\/\/pagead2.googlesyndication.com\/pagead\/js\/adsbygoogle.js?client=ca-pub-5499304793904745\"\n     crossorigin=\"anonymous\"><\/script>\n<ins class=\"adsbygoogle\"\n     style=\"display:block; text-align:center;\"\n     data-ad-layout=\"in-article\"\n     data-ad-format=\"fluid\"\n     data-ad-client=\"ca-pub-5499304793904745\"\n     data-ad-slot=\"5994863093\"><\/ins>\n<script>\n     (adsbygoogle = window.adsbygoogle || []).push({});\n<\/script>\n\n\n\n<p><\/p>\n\n\n\n<p>Si quieren estar al d\u00eda con las \u00faltimas tendencias y elevar su estilo, no pierdan de vista esta campa\u00f1a. Porque si algo nos ha ense\u00f1ado nuestro oppa fav, es que ser cool, elegantx y aut\u00e9nticx es el ultimate goal.<\/p>\n\n<!--themify_builder_content-->\n<div id=\"themify_builder_content-83740\" data-postid=\"83740\" class=\"themify_builder_content themify_builder_content-83740 themify_builder tf_clear\">\n    <\/div>\n<!--\/themify_builder_content-->","protected":false},"excerpt":{"rendered":"<p>\u00a1Holiii, Arohas! Hoy les traigo el scoop m\u00e1s \u00e9pico del mundo de la moda y el K-pop que no se van a querer perder. Adivinen qui\u00e9n est\u00e1 dominando el spotlight ahora: nuestro querido \u00abCHA EUN-WOO\u00bb El cantante y actor surcoreano que est\u00e1 rompiendo corazones en todo el planeta es la nueva cara de la campa\u00f1a [&hellip;]<\/p>\n","protected":false},"author":2,"featured_media":83741,"comment_status":"open","ping_status":"open","sticky":false,"template":"","format":"standard","meta":{"_jetpack_memberships_contains_paid_content":false,"footnotes":"","jetpack_publicize_message":"","jetpack_publicize_feature_enabled":true,"jetpack_social_post_already_shared":true,"jetpack_social_options":{"image_generator_settings":{"template":"highway","default_image_id":0,"font":"","enabled":false},"version":2}},"categories":[67],"tags":[546,10284,10283,10282,6968],"class_list":["post-83740","post","type-post","status-publish","format-standard","has-post-thumbnail","hentry","category-moda","tag-calvin-klein","tag-camapana","tag-cha-eun-woo","tag-coleccion-otono-2024","tag-ropa","has-post-title","has-post-date","has-post-category","has-post-tag","has-post-comment","has-post-author",""],"yoast_head":"<!-- This site is optimized with the Yoast SEO plugin v27.5 - https:\/\/yoast.com\/product\/yoast-seo-wordpress\/ -->\n<title>Cha Eun-Woo x CK: Oto\u00f1o Chic - Zero Magazine<\/title>\n<meta name=\"robots\" content=\"index, follow, max-snippet:-1, max-image-preview:large, max-video-preview:-1\" \/>\n<link rel=\"canonical\" href=\"https:\/\/zeromagazine.mx\/index.php\/2024\/09\/12\/cha-eun-woo-x-ck-otono-chic\/\" \/>\n<meta property=\"og:locale\" content=\"es_ES\" \/>\n<meta property=\"og:type\" content=\"article\" \/>\n<meta property=\"og:title\" content=\"Cha Eun-Woo x CK: Oto\u00f1o Chic - Zero Magazine\" \/>\n<meta property=\"og:description\" content=\"\u00a1Holiii, Arohas! Hoy les traigo el scoop m\u00e1s \u00e9pico del mundo de la moda y el K-pop que no se van a querer perder. Adivinen qui\u00e9n est\u00e1 dominando el spotlight ahora: nuestro querido \u00abCHA EUN-WOO\u00bb El cantante y actor surcoreano que est\u00e1 rompiendo corazones en todo el planeta es la nueva cara de la campa\u00f1a [&hellip;]\" \/>\n<meta property=\"og:url\" content=\"https:\/\/zeromagazine.mx\/index.php\/2024\/09\/12\/cha-eun-woo-x-ck-otono-chic\/\" \/>\n<meta property=\"og:site_name\" content=\"Zero Magazine\" \/>\n<meta property=\"article:published_time\" content=\"2024-09-12T17:11:32+00:00\" \/>\n<meta property=\"article:modified_time\" content=\"2024-09-12T17:34:59+00:00\" \/>\n<meta property=\"og:image\" content=\"https:\/\/i0.wp.com\/zeromagazine.mx\/wp-content\/uploads\/2024\/09\/F24_CHA_PR_logo_1.jpg?fit=1080%2C1350&ssl=1\" \/>\n\t<meta property=\"og:image:width\" content=\"1080\" \/>\n\t<meta property=\"og:image:height\" content=\"1350\" \/>\n\t<meta property=\"og:image:type\" content=\"image\/jpeg\" \/>\n<meta name=\"author\" content=\"zeromagazinemx\" \/>\n<meta name=\"twitter:card\" content=\"summary_large_image\" \/>\n<meta name=\"twitter:label1\" content=\"Escrito por\" \/>\n\t<meta name=\"twitter:data1\" content=\"zeromagazinemx\" \/>\n\t<meta name=\"twitter:label2\" content=\"Tiempo de lectura\" \/>\n\t<meta name=\"twitter:data2\" content=\"4 minutos\" \/>\n<script type=\"application\/ld+json\" class=\"yoast-schema-graph\">{\"@context\":\"https:\\\/\\\/schema.org\",\"@graph\":[{\"@type\":\"Article\",\"@id\":\"https:\\\/\\\/zeromagazine.mx\\\/index.php\\\/2024\\\/09\\\/12\\\/cha-eun-woo-x-ck-otono-chic\\\/#article\",\"isPartOf\":{\"@id\":\"https:\\\/\\\/zeromagazine.mx\\\/index.php\\\/2024\\\/09\\\/12\\\/cha-eun-woo-x-ck-otono-chic\\\/\"},\"author\":{\"name\":\"zeromagazinemx\",\"@id\":\"https:\\\/\\\/zeromagazine.mx\\\/#\\\/schema\\\/person\\\/9aed9f33a7c39af3a348b86d723f7773\"},\"headline\":\"Cha Eun-Woo x CK: Oto\u00f1o Chic\",\"datePublished\":\"2024-09-12T17:11:32+00:00\",\"dateModified\":\"2024-09-12T17:34:59+00:00\",\"mainEntityOfPage\":{\"@id\":\"https:\\\/\\\/zeromagazine.mx\\\/index.php\\\/2024\\\/09\\\/12\\\/cha-eun-woo-x-ck-otono-chic\\\/\"},\"wordCount\":785,\"commentCount\":0,\"publisher\":{\"@id\":\"https:\\\/\\\/zeromagazine.mx\\\/#organization\"},\"image\":{\"@id\":\"https:\\\/\\\/zeromagazine.mx\\\/index.php\\\/2024\\\/09\\\/12\\\/cha-eun-woo-x-ck-otono-chic\\\/#primaryimage\"},\"thumbnailUrl\":\"https:\\\/\\\/i0.wp.com\\\/zeromagazine.mx\\\/wp-content\\\/uploads\\\/2024\\\/09\\\/F24_CHA_PR_logo_1.jpg?fit=1080%2C1350&ssl=1\",\"keywords\":[\"Calvin klein\",\"Camapa\u00f1a\",\"CHA EUN-WOO\",\"Colecci\u00f3n oto\u00f1o 2024\",\"Ropa\"],\"articleSection\":[\"Moda\"],\"inLanguage\":\"es\",\"potentialAction\":[{\"@type\":\"CommentAction\",\"name\":\"Comment\",\"target\":[\"https:\\\/\\\/zeromagazine.mx\\\/index.php\\\/2024\\\/09\\\/12\\\/cha-eun-woo-x-ck-otono-chic\\\/#respond\"]}]},{\"@type\":\"WebPage\",\"@id\":\"https:\\\/\\\/zeromagazine.mx\\\/index.php\\\/2024\\\/09\\\/12\\\/cha-eun-woo-x-ck-otono-chic\\\/\",\"url\":\"https:\\\/\\\/zeromagazine.mx\\\/index.php\\\/2024\\\/09\\\/12\\\/cha-eun-woo-x-ck-otono-chic\\\/\",\"name\":\"Cha Eun-Woo x CK: Oto\u00f1o Chic - Zero Magazine\",\"isPartOf\":{\"@id\":\"https:\\\/\\\/zeromagazine.mx\\\/#website\"},\"primaryImageOfPage\":{\"@id\":\"https:\\\/\\\/zeromagazine.mx\\\/index.php\\\/2024\\\/09\\\/12\\\/cha-eun-woo-x-ck-otono-chic\\\/#primaryimage\"},\"image\":{\"@id\":\"https:\\\/\\\/zeromagazine.mx\\\/index.php\\\/2024\\\/09\\\/12\\\/cha-eun-woo-x-ck-otono-chic\\\/#primaryimage\"},\"thumbnailUrl\":\"https:\\\/\\\/i0.wp.com\\\/zeromagazine.mx\\\/wp-content\\\/uploads\\\/2024\\\/09\\\/F24_CHA_PR_logo_1.jpg?fit=1080%2C1350&ssl=1\",\"datePublished\":\"2024-09-12T17:11:32+00:00\",\"dateModified\":\"2024-09-12T17:34:59+00:00\",\"breadcrumb\":{\"@id\":\"https:\\\/\\\/zeromagazine.mx\\\/index.php\\\/2024\\\/09\\\/12\\\/cha-eun-woo-x-ck-otono-chic\\\/#breadcrumb\"},\"inLanguage\":\"es\",\"potentialAction\":[{\"@type\":\"ReadAction\",\"target\":[\"https:\\\/\\\/zeromagazine.mx\\\/index.php\\\/2024\\\/09\\\/12\\\/cha-eun-woo-x-ck-otono-chic\\\/\"]}]},{\"@type\":\"ImageObject\",\"inLanguage\":\"es\",\"@id\":\"https:\\\/\\\/zeromagazine.mx\\\/index.php\\\/2024\\\/09\\\/12\\\/cha-eun-woo-x-ck-otono-chic\\\/#primaryimage\",\"url\":\"https:\\\/\\\/i0.wp.com\\\/zeromagazine.mx\\\/wp-content\\\/uploads\\\/2024\\\/09\\\/F24_CHA_PR_logo_1.jpg?fit=1080%2C1350&ssl=1\",\"contentUrl\":\"https:\\\/\\\/i0.wp.com\\\/zeromagazine.mx\\\/wp-content\\\/uploads\\\/2024\\\/09\\\/F24_CHA_PR_logo_1.jpg?fit=1080%2C1350&ssl=1\",\"width\":1080,\"height\":1350},{\"@type\":\"BreadcrumbList\",\"@id\":\"https:\\\/\\\/zeromagazine.mx\\\/index.php\\\/2024\\\/09\\\/12\\\/cha-eun-woo-x-ck-otono-chic\\\/#breadcrumb\",\"itemListElement\":[{\"@type\":\"ListItem\",\"position\":1,\"name\":\"Portada\",\"item\":\"https:\\\/\\\/zeromagazine.mx\\\/\"},{\"@type\":\"ListItem\",\"position\":2,\"name\":\"Cha Eun-Woo x CK: Oto\u00f1o Chic\"}]},{\"@type\":\"WebSite\",\"@id\":\"https:\\\/\\\/zeromagazine.mx\\\/#website\",\"url\":\"https:\\\/\\\/zeromagazine.mx\\\/\",\"name\":\"Zero Magazine\",\"description\":\"\",\"publisher\":{\"@id\":\"https:\\\/\\\/zeromagazine.mx\\\/#organization\"},\"potentialAction\":[{\"@type\":\"SearchAction\",\"target\":{\"@type\":\"EntryPoint\",\"urlTemplate\":\"https:\\\/\\\/zeromagazine.mx\\\/?s={search_term_string}\"},\"query-input\":{\"@type\":\"PropertyValueSpecification\",\"valueRequired\":true,\"valueName\":\"search_term_string\"}}],\"inLanguage\":\"es\"},{\"@type\":\"Organization\",\"@id\":\"https:\\\/\\\/zeromagazine.mx\\\/#organization\",\"name\":\"Zero Magazine\",\"url\":\"https:\\\/\\\/zeromagazine.mx\\\/\",\"logo\":{\"@type\":\"ImageObject\",\"inLanguage\":\"es\",\"@id\":\"https:\\\/\\\/zeromagazine.mx\\\/#\\\/schema\\\/logo\\\/image\\\/\",\"url\":\"https:\\\/\\\/i0.wp.com\\\/zeromagazine.mx\\\/wp-content\\\/uploads\\\/2025\\\/11\\\/1.jpeg?fit=1000%2C1000&ssl=1\",\"contentUrl\":\"https:\\\/\\\/i0.wp.com\\\/zeromagazine.mx\\\/wp-content\\\/uploads\\\/2025\\\/11\\\/1.jpeg?fit=1000%2C1000&ssl=1\",\"width\":1000,\"height\":1000,\"caption\":\"Zero Magazine\"},\"image\":{\"@id\":\"https:\\\/\\\/zeromagazine.mx\\\/#\\\/schema\\\/logo\\\/image\\\/\"},\"sameAs\":[\"https:\\\/\\\/instagram.com\\\/zeromagazinemx\"]},{\"@type\":\"Person\",\"@id\":\"https:\\\/\\\/zeromagazine.mx\\\/#\\\/schema\\\/person\\\/9aed9f33a7c39af3a348b86d723f7773\",\"name\":\"zeromagazinemx\",\"image\":{\"@type\":\"ImageObject\",\"inLanguage\":\"es\",\"@id\":\"https:\\\/\\\/zeromagazine.mx\\\/wp-content\\\/litespeed\\\/avatar\\\/f91dfe5410d5dcb1a576bf8c45983896.jpg?ver=1777571230\",\"url\":\"https:\\\/\\\/zeromagazine.mx\\\/wp-content\\\/litespeed\\\/avatar\\\/f91dfe5410d5dcb1a576bf8c45983896.jpg?ver=1777571230\",\"contentUrl\":\"https:\\\/\\\/zeromagazine.mx\\\/wp-content\\\/litespeed\\\/avatar\\\/f91dfe5410d5dcb1a576bf8c45983896.jpg?ver=1777571230\",\"caption\":\"zeromagazinemx\"},\"url\":\"https:\\\/\\\/zeromagazine.mx\\\/index.php\\\/author\\\/zeromagazinemx\\\/\"}]}<\/script>\n<!-- \/ Yoast SEO plugin. -->","yoast_head_json":{"title":"Cha Eun-Woo x CK: Oto\u00f1o Chic - Zero Magazine","robots":{"index":"index","follow":"follow","max-snippet":"max-snippet:-1","max-image-preview":"max-image-preview:large","max-video-preview":"max-video-preview:-1"},"canonical":"https:\/\/zeromagazine.mx\/index.php\/2024\/09\/12\/cha-eun-woo-x-ck-otono-chic\/","og_locale":"es_ES","og_type":"article","og_title":"Cha Eun-Woo x CK: Oto\u00f1o Chic - Zero Magazine","og_description":"\u00a1Holiii, Arohas! Hoy les traigo el scoop m\u00e1s \u00e9pico del mundo de la moda y el K-pop que no se van a querer perder. Adivinen qui\u00e9n est\u00e1 dominando el spotlight ahora: nuestro querido \u00abCHA EUN-WOO\u00bb El cantante y actor surcoreano que est\u00e1 rompiendo corazones en todo el planeta es la nueva cara de la campa\u00f1a [&hellip;]","og_url":"https:\/\/zeromagazine.mx\/index.php\/2024\/09\/12\/cha-eun-woo-x-ck-otono-chic\/","og_site_name":"Zero Magazine","article_published_time":"2024-09-12T17:11:32+00:00","article_modified_time":"2024-09-12T17:34:59+00:00","og_image":[{"width":1080,"height":1350,"url":"https:\/\/i0.wp.com\/zeromagazine.mx\/wp-content\/uploads\/2024\/09\/F24_CHA_PR_logo_1.jpg?fit=1080%2C1350&ssl=1","type":"image\/jpeg"}],"author":"zeromagazinemx","twitter_card":"summary_large_image","twitter_misc":{"Escrito por":"zeromagazinemx","Tiempo de lectura":"4 minutos"},"schema":{"@context":"https:\/\/schema.org","@graph":[{"@type":"Article","@id":"https:\/\/zeromagazine.mx\/index.php\/2024\/09\/12\/cha-eun-woo-x-ck-otono-chic\/#article","isPartOf":{"@id":"https:\/\/zeromagazine.mx\/index.php\/2024\/09\/12\/cha-eun-woo-x-ck-otono-chic\/"},"author":{"name":"zeromagazinemx","@id":"https:\/\/zeromagazine.mx\/#\/schema\/person\/9aed9f33a7c39af3a348b86d723f7773"},"headline":"Cha Eun-Woo x CK: Oto\u00f1o Chic","datePublished":"2024-09-12T17:11:32+00:00","dateModified":"2024-09-12T17:34:59+00:00","mainEntityOfPage":{"@id":"https:\/\/zeromagazine.mx\/index.php\/2024\/09\/12\/cha-eun-woo-x-ck-otono-chic\/"},"wordCount":785,"commentCount":0,"publisher":{"@id":"https:\/\/zeromagazine.mx\/#organization"},"image":{"@id":"https:\/\/zeromagazine.mx\/index.php\/2024\/09\/12\/cha-eun-woo-x-ck-otono-chic\/#primaryimage"},"thumbnailUrl":"https:\/\/i0.wp.com\/zeromagazine.mx\/wp-content\/uploads\/2024\/09\/F24_CHA_PR_logo_1.jpg?fit=1080%2C1350&ssl=1","keywords":["Calvin klein","Camapa\u00f1a","CHA EUN-WOO","Colecci\u00f3n oto\u00f1o 2024","Ropa"],"articleSection":["Moda"],"inLanguage":"es","potentialAction":[{"@type":"CommentAction","name":"Comment","target":["https:\/\/zeromagazine.mx\/index.php\/2024\/09\/12\/cha-eun-woo-x-ck-otono-chic\/#respond"]}]},{"@type":"WebPage","@id":"https:\/\/zeromagazine.mx\/index.php\/2024\/09\/12\/cha-eun-woo-x-ck-otono-chic\/","url":"https:\/\/zeromagazine.mx\/index.php\/2024\/09\/12\/cha-eun-woo-x-ck-otono-chic\/","name":"Cha Eun-Woo x CK: Oto\u00f1o Chic - Zero Magazine","isPartOf":{"@id":"https:\/\/zeromagazine.mx\/#website"},"primaryImageOfPage":{"@id":"https:\/\/zeromagazine.mx\/index.php\/2024\/09\/12\/cha-eun-woo-x-ck-otono-chic\/#primaryimage"},"image":{"@id":"https:\/\/zeromagazine.mx\/index.php\/2024\/09\/12\/cha-eun-woo-x-ck-otono-chic\/#primaryimage"},"thumbnailUrl":"https:\/\/i0.wp.com\/zeromagazine.mx\/wp-content\/uploads\/2024\/09\/F24_CHA_PR_logo_1.jpg?fit=1080%2C1350&ssl=1","datePublished":"2024-09-12T17:11:32+00:00","dateModified":"2024-09-12T17:34:59+00:00","breadcrumb":{"@id":"https:\/\/zeromagazine.mx\/index.php\/2024\/09\/12\/cha-eun-woo-x-ck-otono-chic\/#breadcrumb"},"inLanguage":"es","potentialAction":[{"@type":"ReadAction","target":["https:\/\/zeromagazine.mx\/index.php\/2024\/09\/12\/cha-eun-woo-x-ck-otono-chic\/"]}]},{"@type":"ImageObject","inLanguage":"es","@id":"https:\/\/zeromagazine.mx\/index.php\/2024\/09\/12\/cha-eun-woo-x-ck-otono-chic\/#primaryimage","url":"https:\/\/i0.wp.com\/zeromagazine.mx\/wp-content\/uploads\/2024\/09\/F24_CHA_PR_logo_1.jpg?fit=1080%2C1350&ssl=1","contentUrl":"https:\/\/i0.wp.com\/zeromagazine.mx\/wp-content\/uploads\/2024\/09\/F24_CHA_PR_logo_1.jpg?fit=1080%2C1350&ssl=1","width":1080,"height":1350},{"@type":"BreadcrumbList","@id":"https:\/\/zeromagazine.mx\/index.php\/2024\/09\/12\/cha-eun-woo-x-ck-otono-chic\/#breadcrumb","itemListElement":[{"@type":"ListItem","position":1,"name":"Portada","item":"https:\/\/zeromagazine.mx\/"},{"@type":"ListItem","position":2,"name":"Cha Eun-Woo x CK: Oto\u00f1o Chic"}]},{"@type":"WebSite","@id":"https:\/\/zeromagazine.mx\/#website","url":"https:\/\/zeromagazine.mx\/","name":"Zero Magazine","description":"","publisher":{"@id":"https:\/\/zeromagazine.mx\/#organization"},"potentialAction":[{"@type":"SearchAction","target":{"@type":"EntryPoint","urlTemplate":"https:\/\/zeromagazine.mx\/?s={search_term_string}"},"query-input":{"@type":"PropertyValueSpecification","valueRequired":true,"valueName":"search_term_string"}}],"inLanguage":"es"},{"@type":"Organization","@id":"https:\/\/zeromagazine.mx\/#organization","name":"Zero Magazine","url":"https:\/\/zeromagazine.mx\/","logo":{"@type":"ImageObject","inLanguage":"es","@id":"https:\/\/zeromagazine.mx\/#\/schema\/logo\/image\/","url":"https:\/\/i0.wp.com\/zeromagazine.mx\/wp-content\/uploads\/2025\/11\/1.jpeg?fit=1000%2C1000&ssl=1","contentUrl":"https:\/\/i0.wp.com\/zeromagazine.mx\/wp-content\/uploads\/2025\/11\/1.jpeg?fit=1000%2C1000&ssl=1","width":1000,"height":1000,"caption":"Zero Magazine"},"image":{"@id":"https:\/\/zeromagazine.mx\/#\/schema\/logo\/image\/"},"sameAs":["https:\/\/instagram.com\/zeromagazinemx"]},{"@type":"Person","@id":"https:\/\/zeromagazine.mx\/#\/schema\/person\/9aed9f33a7c39af3a348b86d723f7773","name":"zeromagazinemx","image":{"@type":"ImageObject","inLanguage":"es","@id":"https:\/\/zeromagazine.mx\/wp-content\/litespeed\/avatar\/f91dfe5410d5dcb1a576bf8c45983896.jpg?ver=1777571230","url":"https:\/\/zeromagazine.mx\/wp-content\/litespeed\/avatar\/f91dfe5410d5dcb1a576bf8c45983896.jpg?ver=1777571230","contentUrl":"https:\/\/zeromagazine.mx\/wp-content\/litespeed\/avatar\/f91dfe5410d5dcb1a576bf8c45983896.jpg?ver=1777571230","caption":"zeromagazinemx"},"url":"https:\/\/zeromagazine.mx\/index.php\/author\/zeromagazinemx\/"}]}},"jetpack_publicize_connections":[],"jetpack_featured_media_url":"https:\/\/i0.wp.com\/zeromagazine.mx\/wp-content\/uploads\/2024\/09\/F24_CHA_PR_logo_1.jpg?fit=1080%2C1350&ssl=1","jetpack-related-posts":[{"id":82661,"url":"https:\/\/zeromagazine.mx\/index.php\/2024\/08\/27\/jeremy-allen-white-vibes-otonales\/","url_meta":{"origin":83740,"position":0},"title":"Jeremy Allen White: Vibes Oto\u00f1ales","author":"zeromagazinemx","date":"27 de agosto de 2024","format":false,"excerpt":"La espera ha terminado y Calvin Klein acaba de lanzar la segunda entrega de su mega campa\u00f1a de Oto\u00f1o 2024, protagonizada por el rey de las vibes relajadas, Jeremy Allen White. Este 27 de agosto de 2024 marca el debut de esta campa\u00f1a que promete elevar tu estilo a otro\u2026","rel":"","context":"En \u00abModa\u00bb","block_context":{"text":"Moda","link":"https:\/\/zeromagazine.mx\/index.php\/category\/moda\/"},"img":{"alt_text":"","src":"https:\/\/i0.wp.com\/zeromagazine.mx\/wp-content\/uploads\/2024\/08\/F24_JAW_PR_nologo_4.jpg?fit=1200%2C960&ssl=1&resize=350%2C200","width":350,"height":200,"srcset":"https:\/\/i0.wp.com\/zeromagazine.mx\/wp-content\/uploads\/2024\/08\/F24_JAW_PR_nologo_4.jpg?fit=1200%2C960&ssl=1&resize=350%2C200 1x, https:\/\/i0.wp.com\/zeromagazine.mx\/wp-content\/uploads\/2024\/08\/F24_JAW_PR_nologo_4.jpg?fit=1200%2C960&ssl=1&resize=525%2C300 1.5x, https:\/\/i0.wp.com\/zeromagazine.mx\/wp-content\/uploads\/2024\/08\/F24_JAW_PR_nologo_4.jpg?fit=1200%2C960&ssl=1&resize=700%2C400 2x, https:\/\/i0.wp.com\/zeromagazine.mx\/wp-content\/uploads\/2024\/08\/F24_JAW_PR_nologo_4.jpg?fit=1200%2C960&ssl=1&resize=1050%2C600 3x"},"classes":[]},{"id":84503,"url":"https:\/\/zeromagazine.mx\/index.php\/2024\/09\/24\/newjeans-x-ck-denim-glow\/","url_meta":{"origin":83740,"position":1},"title":"NewJeans x CK: Denim Glow","author":"zeromagazinemx","date":"24 de septiembre de 2024","format":false,"excerpt":"\u00a1Holaaa Bunnies! \u00bfSe han enterado de lo \u00faltimo que ha lanzado Calvin Klein? Acaban de dar a conocer el cap\u00edtulo final de su campa\u00f1a Oto\u00f1o 2024, y adivinen qui\u00e9nes son las protagonistas: \u00a1las reinas de NewJeans! S\u00ed, esas cinco chicas que est\u00e1n arrasando en el mundo de la m\u00fasica y\u2026","rel":"","context":"En \u00abModa\u00bb","block_context":{"text":"Moda","link":"https:\/\/zeromagazine.mx\/index.php\/category\/moda\/"},"img":{"alt_text":"","src":"https:\/\/i0.wp.com\/zeromagazine.mx\/wp-content\/uploads\/2024\/09\/F24_NEWJEANS_PR_logo_8.jpg?fit=1200%2C960&ssl=1&resize=350%2C200","width":350,"height":200,"srcset":"https:\/\/i0.wp.com\/zeromagazine.mx\/wp-content\/uploads\/2024\/09\/F24_NEWJEANS_PR_logo_8.jpg?fit=1200%2C960&ssl=1&resize=350%2C200 1x, https:\/\/i0.wp.com\/zeromagazine.mx\/wp-content\/uploads\/2024\/09\/F24_NEWJEANS_PR_logo_8.jpg?fit=1200%2C960&ssl=1&resize=525%2C300 1.5x, https:\/\/i0.wp.com\/zeromagazine.mx\/wp-content\/uploads\/2024\/09\/F24_NEWJEANS_PR_logo_8.jpg?fit=1200%2C960&ssl=1&resize=700%2C400 2x, https:\/\/i0.wp.com\/zeromagazine.mx\/wp-content\/uploads\/2024\/09\/F24_NEWJEANS_PR_logo_8.jpg?fit=1200%2C960&ssl=1&resize=1050%2C600 3x"},"classes":[]},{"id":76632,"url":"https:\/\/zeromagazine.mx\/index.php\/2024\/05\/30\/veronica-leoni-la-nueva-directora-de-ck\/","url_meta":{"origin":83740,"position":2},"title":"Ver\u00f3nica Leoni: La Nueva Directora de CK","author":"zeromagazinemx","date":"30 de mayo de 2024","format":false,"excerpt":"Calvin Klein acaba de nombrar a Ver\u00f3nica Leoni como su nueva Directora Creativa de Collection, y esto promete ser un cambio \u00e9pico en el mundo de la moda. Para empezar, Ver\u00f3nica Leoni no es cualquier persona en la industria. Fue finalista del LVMH Prize en 2023 y fundadora de QUIRA,\u2026","rel":"","context":"En \u00abModa\u00bb","block_context":{"text":"Moda","link":"https:\/\/zeromagazine.mx\/index.php\/category\/moda\/"},"img":{"alt_text":"","src":"https:\/\/i0.wp.com\/zeromagazine.mx\/wp-content\/uploads\/2024\/05\/unnamed-63-1.jpg?fit=949%2C1200&ssl=1&resize=350%2C200","width":350,"height":200,"srcset":"https:\/\/i0.wp.com\/zeromagazine.mx\/wp-content\/uploads\/2024\/05\/unnamed-63-1.jpg?fit=949%2C1200&ssl=1&resize=350%2C200 1x, https:\/\/i0.wp.com\/zeromagazine.mx\/wp-content\/uploads\/2024\/05\/unnamed-63-1.jpg?fit=949%2C1200&ssl=1&resize=525%2C300 1.5x, https:\/\/i0.wp.com\/zeromagazine.mx\/wp-content\/uploads\/2024\/05\/unnamed-63-1.jpg?fit=949%2C1200&ssl=1&resize=700%2C400 2x"},"classes":[]},{"id":70706,"url":"https:\/\/zeromagazine.mx\/index.php\/2024\/02\/16\/jung-kook-irradia-estilo-en-la-nueva-campana-de-calvin-klein-jeans-para-la-primavera-2024\/","url_meta":{"origin":83740,"position":3},"title":"\u00a1Jung Kook irradia estilo en la nueva campa\u00f1a de Calvin Klein Jeans para la Primavera 2024!","author":"zeromagazinemx","date":"16 de febrero de 2024","format":false,"excerpt":"Calvin Klein ha lanzado su campa\u00f1a Primavera 2024 y nos ha dejado con las bocas abiertas al presentar a Jung Kook como el embajador global de la marca, \u00a1qu\u00e9 locura! La nueva campa\u00f1a est\u00e1 capturada por Mert Alas, y muestra al artista de K-pop en todo su esplendor, dominando la\u2026","rel":"","context":"En \u00abBlog\u00bb","block_context":{"text":"Blog","link":"https:\/\/zeromagazine.mx\/index.php\/category\/blog\/"},"img":{"alt_text":"","src":"https:\/\/i0.wp.com\/zeromagazine.mx\/wp-content\/uploads\/2024\/02\/S24_JK_PR_nologo_1080x1350_3.jpg?fit=960%2C1200&ssl=1&resize=350%2C200","width":350,"height":200,"srcset":"https:\/\/i0.wp.com\/zeromagazine.mx\/wp-content\/uploads\/2024\/02\/S24_JK_PR_nologo_1080x1350_3.jpg?fit=960%2C1200&ssl=1&resize=350%2C200 1x, https:\/\/i0.wp.com\/zeromagazine.mx\/wp-content\/uploads\/2024\/02\/S24_JK_PR_nologo_1080x1350_3.jpg?fit=960%2C1200&ssl=1&resize=525%2C300 1.5x, https:\/\/i0.wp.com\/zeromagazine.mx\/wp-content\/uploads\/2024\/02\/S24_JK_PR_nologo_1080x1350_3.jpg?fit=960%2C1200&ssl=1&resize=700%2C400 2x"},"classes":[]},{"id":97206,"url":"https:\/\/zeromagazine.mx\/index.php\/2025\/02\/21\/calvin-klein-kpopprimavera-2025\/","url_meta":{"origin":83740,"position":4},"title":"Reinvenci\u00f3n Calvin Klein","author":"David Morales","date":"21 de febrero de 2025","format":false,"excerpt":"La nueva campa\u00f1a de Calvin Klein para la Primavera 2025 nos deja clar\u00edsimo que el estilo y la actitud van de la mano. Esta vez, las protagonistas son MINJI, HANNI, DANIELLE, HAERIN y HYEIN, los \u00edconos del K-pop que se apoderan de la escena con looks que combinan lo cl\u00e1sico\u2026","rel":"","context":"En \u00abModa\u00bb","block_context":{"text":"Moda","link":"https:\/\/zeromagazine.mx\/index.php\/category\/moda\/"},"img":{"alt_text":"","src":"https:\/\/i0.wp.com\/zeromagazine.mx\/wp-content\/uploads\/2025\/02\/image006.jpg?fit=1024%2C768&ssl=1&resize=350%2C200","width":350,"height":200,"srcset":"https:\/\/i0.wp.com\/zeromagazine.mx\/wp-content\/uploads\/2025\/02\/image006.jpg?fit=1024%2C768&ssl=1&resize=350%2C200 1x, https:\/\/i0.wp.com\/zeromagazine.mx\/wp-content\/uploads\/2025\/02\/image006.jpg?fit=1024%2C768&ssl=1&resize=525%2C300 1.5x, https:\/\/i0.wp.com\/zeromagazine.mx\/wp-content\/uploads\/2025\/02\/image006.jpg?fit=1024%2C768&ssl=1&resize=700%2C400 2x"},"classes":[]},{"id":76069,"url":"https:\/\/zeromagazine.mx\/index.php\/2024\/05\/16\/monochromatic-summer-de-calvin-klein\/","url_meta":{"origin":83740,"position":5},"title":"Monochromatic Summer de Calvin Klein","author":"zeromagazinemx","date":"16 de mayo de 2024","format":false,"excerpt":"\u00a1Calvin Klein acaba de lanzar su nueva colecci\u00f3n Monochromatic Summer! Es todo sobre ese minimalismo chic que tanto amamos. \u00a1Y la campa\u00f1a es un fuego! \u00bfQui\u00e9nes son los protagonistas? Nada m\u00e1s y nada menos que Micheal Ward y Vittoria Ceretti. \u00bfListes para conocer m\u00e1s detalles? Entonces, imag\u00ednate, est\u00e1s caminando por\u2026","rel":"","context":"En \u00abDise\u00f1o\u00bb","block_context":{"text":"Dise\u00f1o","link":"https:\/\/zeromagazine.mx\/index.php\/category\/diseno\/"},"img":{"alt_text":"","src":"https:\/\/i0.wp.com\/zeromagazine.mx\/wp-content\/uploads\/2024\/05\/S24_PR_logo_1080x1350_1.jpg?fit=1200%2C960&ssl=1&resize=350%2C200","width":350,"height":200,"srcset":"https:\/\/i0.wp.com\/zeromagazine.mx\/wp-content\/uploads\/2024\/05\/S24_PR_logo_1080x1350_1.jpg?fit=1200%2C960&ssl=1&resize=350%2C200 1x, https:\/\/i0.wp.com\/zeromagazine.mx\/wp-content\/uploads\/2024\/05\/S24_PR_logo_1080x1350_1.jpg?fit=1200%2C960&ssl=1&resize=525%2C300 1.5x, https:\/\/i0.wp.com\/zeromagazine.mx\/wp-content\/uploads\/2024\/05\/S24_PR_logo_1080x1350_1.jpg?fit=1200%2C960&ssl=1&resize=700%2C400 2x, https:\/\/i0.wp.com\/zeromagazine.mx\/wp-content\/uploads\/2024\/05\/S24_PR_logo_1080x1350_1.jpg?fit=1200%2C960&ssl=1&resize=1050%2C600 3x"},"classes":[]}],"jetpack_sharing_enabled":true,"builder_content":"","_links":{"self":[{"href":"https:\/\/zeromagazine.mx\/index.php\/wp-json\/wp\/v2\/posts\/83740","targetHints":{"allow":["GET"]}}],"collection":[{"href":"https:\/\/zeromagazine.mx\/index.php\/wp-json\/wp\/v2\/posts"}],"about":[{"href":"https:\/\/zeromagazine.mx\/index.php\/wp-json\/wp\/v2\/types\/post"}],"author":[{"embeddable":true,"href":"https:\/\/zeromagazine.mx\/index.php\/wp-json\/wp\/v2\/users\/2"}],"replies":[{"embeddable":true,"href":"https:\/\/zeromagazine.mx\/index.php\/wp-json\/wp\/v2\/comments?post=83740"}],"version-history":[{"count":32,"href":"https:\/\/zeromagazine.mx\/index.php\/wp-json\/wp\/v2\/posts\/83740\/revisions"}],"predecessor-version":[{"id":83783,"href":"https:\/\/zeromagazine.mx\/index.php\/wp-json\/wp\/v2\/posts\/83740\/revisions\/83783"}],"wp:featuredmedia":[{"embeddable":true,"href":"https:\/\/zeromagazine.mx\/index.php\/wp-json\/wp\/v2\/media\/83741"}],"wp:attachment":[{"href":"https:\/\/zeromagazine.mx\/index.php\/wp-json\/wp\/v2\/media?parent=83740"}],"wp:term":[{"taxonomy":"category","embeddable":true,"href":"https:\/\/zeromagazine.mx\/index.php\/wp-json\/wp\/v2\/categories?post=83740"},{"taxonomy":"post_tag","embeddable":true,"href":"https:\/\/zeromagazine.mx\/index.php\/wp-json\/wp\/v2\/tags?post=83740"}],"curies":[{"name":"wp","href":"https:\/\/api.w.org\/{rel}","templated":true}]}}