{"id":83802,"date":"2024-09-12T21:37:25","date_gmt":"2024-09-12T19:37:25","guid":{"rendered":"https:\/\/zeromagazine.mx\/?p=83802"},"modified":"2024-09-12T21:42:19","modified_gmt":"2024-09-12T19:42:19","slug":"protector-solar-por-que-lo-necesitas","status":"publish","type":"post","link":"https:\/\/zeromagazine.mx\/index.php\/2024\/09\/12\/protector-solar-por-que-lo-necesitas\/","title":{"rendered":"Protector Solar: \u00bfPor Qu\u00e9 lo Necesitas?"},"content":{"rendered":"<p>Hoy vamos a platicar sobre algo super importante que a veces no le damos la seriedad que merece: \u00a1nuestro skin! S\u00e9 que suena medio adulto, pero cr\u00e9eme, es esencial, especialmente si queremos que nuestra piel se vea incre\u00edble mientras andamos todo el d\u00eda en la calle o en el gym.<\/p>\n\n\n\n<p>La piel de los mexicanos es un tema que en serio hay que considerar. La mayor\u00eda de la poblaci\u00f3n tiene piel grasa o mixta, y esto no es solo por azar; es algo super gen\u00e9tico. As\u00ed que s\u00ed, lo que ves en el espejo es b\u00e1sicamente lo que te toc\u00f3 de herencia. La piel seca es como la menos com\u00fan en nuestra sociedad, y la verdad es que eso tiene sus pros y sus contras.<\/p>\n\n\n\n<script async src=\"https:\/\/pagead2.googlesyndication.com\/pagead\/js\/adsbygoogle.js?client=ca-pub-5499304793904745\"\n     crossorigin=\"anonymous\"><\/script>\n<ins class=\"adsbygoogle\"\n     style=\"display:block; text-align:center;\"\n     data-ad-layout=\"in-article\"\n     data-ad-format=\"fluid\"\n     data-ad-client=\"ca-pub-5499304793904745\"\n     data-ad-slot=\"5994863093\"><\/ins>\n<script>\n     (adsbygoogle = window.adsbygoogle || []).push({});\n<\/script>\n\n\n\n<p><\/p>\n\n\n\n<p><strong>\u00bfSab\u00edas que el 36% de los mexicanos tiene un tono de piel moreno claro?<\/strong> Y, por otro lado, el 67% de nosotrxs que est\u00e1 entre los 25 y 46 a\u00f1os, se describe con un tono intermedio. <\/p>\n\n\n\n<script async src=\"https:\/\/pagead2.googlesyndication.com\/pagead\/js\/adsbygoogle.js?client=ca-pub-5499304793904745\"\r\n     crossorigin=\"anonymous\"><\/script>\r\n<ins class=\"adsbygoogle\"\r\n     style=\"display:block; text-align:center;\"\r\n     data-ad-layout=\"in-article\"\r\n     data-ad-format=\"fluid\"\r\n     data-ad-client=\"ca-pub-5499304793904745\"\r\n     data-ad-slot=\"5994863093\"><\/ins>\r\n<script>\r\n     (adsbygoogle = window.adsbygoogle || []).push({});\r\n<\/script>\n\n\n\n<p><\/p>\n\n\n\n<p>No importa si tu piel es grasa, mixta o seca, todas las pieles tienen algo en com\u00fan: necesitan cuidados. La gen\u00e9tica juega un papel enorme en c\u00f3mo es nuestra piel, pero eso no significa que no pueda cambiar con el tiempo debido al clima, la salud o el envejecimiento. <\/p>\n\n\n\n<h2 class=\"wp-block-heading\">Piel Grasa vs. Piel Mixta: \u00bfCu\u00e1l es la Diferencia?<\/h2>\n\n\n\n<p>Primero, vamos a entender el tipo de pieles que existen. La piel grasa es b\u00e1sicamente cuando tu rostro siempre est\u00e1 brillando como un diamante, gracias al exceso de sebo. La piel mixta, en cambio, es como una mezcla de ambas: puede ser grasa en la zona T (frente, nariz y ment\u00f3n) pero seca o normal en otras \u00e1reas.<\/p>\n\n\n\n<script async src=\"https:\/\/pagead2.googlesyndication.com\/pagead\/js\/adsbygoogle.js?client=ca-pub-5499304793904745\"\r\n     crossorigin=\"anonymous\"><\/script>\r\n<ins class=\"adsbygoogle\"\r\n     style=\"display:block; text-align:center;\"\r\n     data-ad-layout=\"in-article\"\r\n     data-ad-format=\"fluid\"\r\n     data-ad-client=\"ca-pub-5499304793904745\"\r\n     data-ad-slot=\"5994863093\"><\/ins>\r\n<script>\r\n     (adsbygoogle = window.adsbygoogle || []).push({});\r\n<\/script>\n\n\n\n<p><\/p>\n\n\n\n<p>Independientemente del tipo de piel que tengas, lo m\u00e1s esencial es mantenerla hidratada. Y aqu\u00ed es donde entran los protectores solares. \u00bfPor qu\u00e9? Bueno, la piel mexicana tiende a ser un poco m\u00e1s gruesa, lo que en teor\u00eda la hace m\u00e1s resistente a las afecciones. Sin embargo, eso no implica que no necesitemos protegerla de los rayos UV.<\/p>\n\n\n\n<h2 class=\"wp-block-heading\">\u00bfPor Qu\u00e9 Usar Protector Solar? \u00a1Te lo Explico!<\/h2>\n\n\n\n<p>Chicxs, el sol puede ser tu mejor amigo o tu peor enemigo. S\u00ed, el sol es genial para iluminar tus d\u00edas y darte un poco de vitamina D, pero tambi\u00e9n puede ser super da\u00f1ino para la piel. Los rayos UV pueden causar envejecimiento prematuro, manchas y hasta c\u00e1ncer de piel.  Por eso, siempre, siempre, siempre debes usar protector solar.<\/p>\n\n\n\n<p>El protector solar no es solo para los d\u00edas de playa; es para todos los d\u00edas. Si quieres mantener tu piel fresca, saludable y libre de da\u00f1os, es necesario que uses un buen protector facial y corporal. Y cr\u00e9eme, no hay excusas!<\/p>\n\n\n<div class=\"wp-block-image\">\n<figure class=\"aligncenter size-full\"><img data-recalc-dims=\"1\" decoding=\"async\" width=\"1165\" height=\"1165\" src=\"https:\/\/i0.wp.com\/zeromagazine.mx\/wp-content\/uploads\/2024\/09\/Fotosun-facial.png?resize=1165%2C1165&#038;ssl=1\" alt=\"Descubre por qu\u00e9 aplicar protector solar es esencial para mantener tu piel saludable y radiante. Aprende los beneficios y encuentra el mejor para ti.\" class=\"wp-image-83804\" srcset=\"https:\/\/i0.wp.com\/zeromagazine.mx\/wp-content\/uploads\/2024\/09\/Fotosun-facial.png?w=3840&amp;ssl=1 3840w, https:\/\/i0.wp.com\/zeromagazine.mx\/wp-content\/uploads\/2024\/09\/Fotosun-facial.png?resize=300%2C300&amp;ssl=1 300w, https:\/\/i0.wp.com\/zeromagazine.mx\/wp-content\/uploads\/2024\/09\/Fotosun-facial.png?resize=1024%2C1024&amp;ssl=1 1024w, https:\/\/i0.wp.com\/zeromagazine.mx\/wp-content\/uploads\/2024\/09\/Fotosun-facial.png?resize=150%2C150&amp;ssl=1 150w, https:\/\/i0.wp.com\/zeromagazine.mx\/wp-content\/uploads\/2024\/09\/Fotosun-facial.png?resize=768%2C768&amp;ssl=1 768w, https:\/\/i0.wp.com\/zeromagazine.mx\/wp-content\/uploads\/2024\/09\/Fotosun-facial.png?resize=1536%2C1536&amp;ssl=1 1536w, https:\/\/i0.wp.com\/zeromagazine.mx\/wp-content\/uploads\/2024\/09\/Fotosun-facial.png?resize=2048%2C2048&amp;ssl=1 2048w, https:\/\/i0.wp.com\/zeromagazine.mx\/wp-content\/uploads\/2024\/09\/Fotosun-facial.png?resize=70%2C70&amp;ssl=1 70w, https:\/\/i0.wp.com\/zeromagazine.mx\/wp-content\/uploads\/2024\/09\/Fotosun-facial.png?resize=47%2C48&amp;ssl=1 47w, https:\/\/i0.wp.com\/zeromagazine.mx\/wp-content\/uploads\/2024\/09\/Fotosun-facial.png?w=2330 2330w, https:\/\/i0.wp.com\/zeromagazine.mx\/wp-content\/uploads\/2024\/09\/Fotosun-facial.png?w=3495 3495w\" sizes=\"(max-width: 1165px) 100vw, 1165px\" \/><\/figure>\n<\/div>\n\n\n<p><\/p>\n\n\n<div class=\"wp-block-image\">\n<figure class=\"aligncenter size-full\"><img data-recalc-dims=\"1\" decoding=\"async\" width=\"1165\" height=\"1165\" src=\"https:\/\/i0.wp.com\/zeromagazine.mx\/wp-content\/uploads\/2024\/09\/Fotosun-corporal-4.png?resize=1165%2C1165&#038;ssl=1\" alt=\"\u00bfTodav\u00eda no usas protector solar? Conoce la importancia de este paso clave en tu rutina de cuidado facial y por qu\u00e9 es indispensable para tu piel.\" class=\"wp-image-83803\" srcset=\"https:\/\/i0.wp.com\/zeromagazine.mx\/wp-content\/uploads\/2024\/09\/Fotosun-corporal-4.png?w=3840&amp;ssl=1 3840w, https:\/\/i0.wp.com\/zeromagazine.mx\/wp-content\/uploads\/2024\/09\/Fotosun-corporal-4.png?resize=300%2C300&amp;ssl=1 300w, https:\/\/i0.wp.com\/zeromagazine.mx\/wp-content\/uploads\/2024\/09\/Fotosun-corporal-4.png?resize=1024%2C1024&amp;ssl=1 1024w, https:\/\/i0.wp.com\/zeromagazine.mx\/wp-content\/uploads\/2024\/09\/Fotosun-corporal-4.png?resize=150%2C150&amp;ssl=1 150w, https:\/\/i0.wp.com\/zeromagazine.mx\/wp-content\/uploads\/2024\/09\/Fotosun-corporal-4.png?resize=768%2C768&amp;ssl=1 768w, https:\/\/i0.wp.com\/zeromagazine.mx\/wp-content\/uploads\/2024\/09\/Fotosun-corporal-4.png?resize=1536%2C1536&amp;ssl=1 1536w, https:\/\/i0.wp.com\/zeromagazine.mx\/wp-content\/uploads\/2024\/09\/Fotosun-corporal-4.png?resize=2048%2C2048&amp;ssl=1 2048w, https:\/\/i0.wp.com\/zeromagazine.mx\/wp-content\/uploads\/2024\/09\/Fotosun-corporal-4.png?w=2330 2330w, https:\/\/i0.wp.com\/zeromagazine.mx\/wp-content\/uploads\/2024\/09\/Fotosun-corporal-4.png?w=3495 3495w\" sizes=\"(max-width: 1165px) 100vw, 1165px\" \/><\/figure>\n<\/div>\n\n\n<p><\/p>\n\n\n\n<h3 class=\"wp-block-heading\">Fotosun UV100: El Protector Solar que Tu Piel Merece<\/h3>\n\n\n\n<p>Ahora que sabemos por qu\u00e9 necesitamos un buen protector solar, d\u00e9jame presentarte a la maravilla de la que quiero hablarte: <em>Fotosun UV100<\/em>. Este producto es todo lo que tu piel necesita para estar protegida y cuidada:<\/p>\n\n\n\n<ul class=\"wp-block-list\">\n<li><em>Protector Facial 50+ FPS y Protector Facial y Corporal 50+ FPS<\/em>: La clave aqu\u00ed es el factor de protecci\u00f3n solar (FPS). Con un 50+ FPS, est\u00e1s cubierto contra esos rayos UV da\u00f1inos.<\/li>\n\n\n\n<li><em>Para piel sensible y mixta<\/em>: Si tienes piel sensible o mixta, este protector es perfecto para ti. No vas a sentir ese efecto graso que otros protectores solares pueden dejarte.<\/li>\n\n\n\n<li><em>Resistente al agua<\/em>: Si te gusta nadar o sudar mucho (hello, workout sessions!), este protector no se va a ir con el agua. \u00a1Perfecto para todas tus actividades!<\/li>\n\n\n\n<li><em>Hipoalerg\u00e9nico<\/em>: Este es un punto super importante. Si tienes la piel propensa a las alergias, no tienes que preocuparte porque este protector ha sido formulado para minimizar el riesgo de reacciones al\u00e9rgicas.<\/li>\n\n\n\n<li><em>Sin perfume<\/em>: A muchas personas no les gusta el olor de los protectores solares, y Fotosun UV100 lo sabe. As\u00ed que, si eres de los que prefieren productos sin fragancia, este es para ti.<\/li>\n\n\n\n<li><em>No comedog\u00e9nico<\/em>: Para que no te salgan esos molestos granitos. Este protector no obstruye los poros, lo que significa que no tendr\u00e1s que preocuparte por brotes inesperados.<\/li>\n\n\n\n<li><em>Humectante<\/em>: Adem\u00e1s de proteger, este protector tambi\u00e9n hidrata tu piel, lo cual es perfecto para mantener ese glow natural.<\/li>\n\n\n\n<li><em>Sin parabenos<\/em>: \u00a1Nada de ingredientes da\u00f1inos! Este producto es libre de parabenos, as\u00ed que es suave y seguro para tu piel.<\/li>\n<\/ul>\n\n\n\n<h3 class=\"wp-block-heading\">\u00bfD\u00f3nde Puedes Conseguirlo?<\/h3>\n\n\n\n<p>\u00a1Te tengo la mejor noticia! Puedes encontrar Fotosun UV100 en tiendas como Walmart, Farmacias San Pablo, Sanborns, y claro, en l\u00ednea en <a href=\"http:\/\/www.fotosunuv.com\">www.fotosunuv.com<\/a>..<\/p>\n\n\n\n<h3 class=\"wp-block-heading\">Consejos Adicionales para el Cuidado de Tu Piel<\/h3>\n\n\n\n<p>Antes de cerrar, aqu\u00ed te dejo algunos tips adicionales para mantener tu piel en su mejor forma:<\/p>\n\n\n\n<ol class=\"wp-block-list\">\n<li>Bebe mucha agua: La hidrataci\u00f3n empieza desde adentro. As\u00ed que aseg\u00farate de estar tomando suficiente agua todos los d\u00edas.<\/li>\n\n\n\n<li>Limpieza diaria: Lava tu cara dos veces al d\u00eda para mantener tus poros limpios y evitar acumulaci\u00f3n de sebo.<\/li>\n\n\n\n<li>Exfolia regularmente: Esto ayuda a remover c\u00e9lulas muertas y a mantener tu piel suave.<\/li>\n\n\n\n<li>Come saludable: Una dieta balanceada tambi\u00e9n influye en c\u00f3mo luce tu piel. Trata de incorporar frutas, verduras y alimentos ricos en antioxidantes.<\/li>\n\n\n\n<li>Descanso adecuado: El sue\u00f1o es crucial para la regeneraci\u00f3n celular, as\u00ed que aseg\u00farate de dormir bien cada noche.<\/li>\n<\/ol>\n\n\n\n<script async src=\"https:\/\/pagead2.googlesyndication.com\/pagead\/js\/adsbygoogle.js?client=ca-pub-5499304793904745\"\n     crossorigin=\"anonymous\"><\/script>\n<ins class=\"adsbygoogle\"\n     style=\"display:block; text-align:center;\"\n     data-ad-layout=\"in-article\"\n     data-ad-format=\"fluid\"\n     data-ad-client=\"ca-pub-5499304793904745\"\n     data-ad-slot=\"5994863093\"><\/ins>\n<script>\n     (adsbygoogle = window.adsbygoogle || []).push({});\n<\/script>\n\n\n\n<p><\/p>\n\n\n\n<p>Chicxs, cuidar de nuestra piel no tiene que ser complicado. Con los productos correctos y unos cuantos h\u00e1bitos saludables, podemos mantener nuestra piel mexicana en su mejor estado. Espero que esta gu\u00eda te haya sido \u00fatil y te motive a darle a tu piel el cuidado que merece.<\/p>\n\n<!--themify_builder_content-->\n<div id=\"themify_builder_content-83802\" data-postid=\"83802\" class=\"themify_builder_content themify_builder_content-83802 themify_builder tf_clear\">\n    <\/div>\n<!--\/themify_builder_content-->","protected":false},"excerpt":{"rendered":"<p>Hoy vamos a platicar sobre algo super importante que a veces no le damos la seriedad que merece: \u00a1nuestro skin! S\u00e9 que suena medio adulto, pero cr\u00e9eme, es esencial, especialmente si queremos que nuestra piel se vea incre\u00edble mientras andamos todo el d\u00eda en la calle o en el gym. La piel de los mexicanos [&hellip;]<\/p>\n","protected":false},"author":2,"featured_media":83804,"comment_status":"open","ping_status":"open","sticky":false,"template":"","format":"standard","meta":{"_jetpack_memberships_contains_paid_content":false,"footnotes":"","jetpack_publicize_message":"","jetpack_publicize_feature_enabled":true,"jetpack_social_post_already_shared":true,"jetpack_social_options":{"image_generator_settings":{"template":"highway","default_image_id":0,"font":"","enabled":false},"version":2}},"categories":[9858],"tags":[10287,10290,10289,7392,10288,6509],"class_list":["post-83802","post","type-post","status-publish","format-standard","has-post-thumbnail","hentry","category-beauty","tag-piel-mixta","tag-protector-corporal","tag-protector-facial","tag-protector-solar","tag-rayos-uv","tag-vitamina-d","has-post-title","has-post-date","has-post-category","has-post-tag","has-post-comment","has-post-author",""],"yoast_head":"<!-- This site is optimized with the Yoast SEO plugin v27.5 - https:\/\/yoast.com\/product\/yoast-seo-wordpress\/ -->\n<title>Protector Solar: \u00bfPor Qu\u00e9 lo Necesitas? - Zero Magazine<\/title>\n<meta name=\"robots\" content=\"index, follow, max-snippet:-1, max-image-preview:large, max-video-preview:-1\" \/>\n<link rel=\"canonical\" href=\"https:\/\/zeromagazine.mx\/index.php\/2024\/09\/12\/protector-solar-por-que-lo-necesitas\/\" \/>\n<meta property=\"og:locale\" content=\"es_ES\" \/>\n<meta property=\"og:type\" content=\"article\" \/>\n<meta property=\"og:title\" content=\"Protector Solar: \u00bfPor Qu\u00e9 lo Necesitas? - Zero Magazine\" \/>\n<meta property=\"og:description\" content=\"Hoy vamos a platicar sobre algo super importante que a veces no le damos la seriedad que merece: \u00a1nuestro skin! S\u00e9 que suena medio adulto, pero cr\u00e9eme, es esencial, especialmente si queremos que nuestra piel se vea incre\u00edble mientras andamos todo el d\u00eda en la calle o en el gym. La piel de los mexicanos [&hellip;]\" \/>\n<meta property=\"og:url\" content=\"https:\/\/zeromagazine.mx\/index.php\/2024\/09\/12\/protector-solar-por-que-lo-necesitas\/\" \/>\n<meta property=\"og:site_name\" content=\"Zero Magazine\" \/>\n<meta property=\"article:published_time\" content=\"2024-09-12T19:37:25+00:00\" \/>\n<meta property=\"article:modified_time\" content=\"2024-09-12T19:42:19+00:00\" \/>\n<meta property=\"og:image\" content=\"https:\/\/i0.wp.com\/zeromagazine.mx\/wp-content\/uploads\/2024\/09\/Fotosun-facial.png?fit=3840%2C3840&ssl=1\" \/>\n\t<meta property=\"og:image:width\" content=\"3840\" \/>\n\t<meta property=\"og:image:height\" content=\"3840\" \/>\n\t<meta property=\"og:image:type\" content=\"image\/png\" \/>\n<meta name=\"author\" content=\"zeromagazinemx\" \/>\n<meta name=\"twitter:card\" content=\"summary_large_image\" \/>\n<meta name=\"twitter:label1\" content=\"Escrito por\" \/>\n\t<meta name=\"twitter:data1\" content=\"zeromagazinemx\" \/>\n\t<meta name=\"twitter:label2\" content=\"Tiempo de lectura\" \/>\n\t<meta name=\"twitter:data2\" content=\"5 minutos\" \/>\n<script type=\"application\/ld+json\" class=\"yoast-schema-graph\">{\"@context\":\"https:\\\/\\\/schema.org\",\"@graph\":[{\"@type\":\"Article\",\"@id\":\"https:\\\/\\\/zeromagazine.mx\\\/index.php\\\/2024\\\/09\\\/12\\\/protector-solar-por-que-lo-necesitas\\\/#article\",\"isPartOf\":{\"@id\":\"https:\\\/\\\/zeromagazine.mx\\\/index.php\\\/2024\\\/09\\\/12\\\/protector-solar-por-que-lo-necesitas\\\/\"},\"author\":{\"name\":\"zeromagazinemx\",\"@id\":\"https:\\\/\\\/zeromagazine.mx\\\/#\\\/schema\\\/person\\\/9aed9f33a7c39af3a348b86d723f7773\"},\"headline\":\"Protector Solar: \u00bfPor Qu\u00e9 lo Necesitas?\",\"datePublished\":\"2024-09-12T19:37:25+00:00\",\"dateModified\":\"2024-09-12T19:42:19+00:00\",\"mainEntityOfPage\":{\"@id\":\"https:\\\/\\\/zeromagazine.mx\\\/index.php\\\/2024\\\/09\\\/12\\\/protector-solar-por-que-lo-necesitas\\\/\"},\"wordCount\":958,\"commentCount\":0,\"publisher\":{\"@id\":\"https:\\\/\\\/zeromagazine.mx\\\/#organization\"},\"image\":{\"@id\":\"https:\\\/\\\/zeromagazine.mx\\\/index.php\\\/2024\\\/09\\\/12\\\/protector-solar-por-que-lo-necesitas\\\/#primaryimage\"},\"thumbnailUrl\":\"https:\\\/\\\/i0.wp.com\\\/zeromagazine.mx\\\/wp-content\\\/uploads\\\/2024\\\/09\\\/Fotosun-facial.png?fit=3840%2C3840&ssl=1\",\"keywords\":[\"piel mixta\",\"protector corporal\",\"protector facial\",\"Protector solar\",\"rayos UV\",\"vitamina D\"],\"articleSection\":[\"Beauty\"],\"inLanguage\":\"es\",\"potentialAction\":[{\"@type\":\"CommentAction\",\"name\":\"Comment\",\"target\":[\"https:\\\/\\\/zeromagazine.mx\\\/index.php\\\/2024\\\/09\\\/12\\\/protector-solar-por-que-lo-necesitas\\\/#respond\"]}]},{\"@type\":\"WebPage\",\"@id\":\"https:\\\/\\\/zeromagazine.mx\\\/index.php\\\/2024\\\/09\\\/12\\\/protector-solar-por-que-lo-necesitas\\\/\",\"url\":\"https:\\\/\\\/zeromagazine.mx\\\/index.php\\\/2024\\\/09\\\/12\\\/protector-solar-por-que-lo-necesitas\\\/\",\"name\":\"Protector Solar: \u00bfPor Qu\u00e9 lo Necesitas? - Zero Magazine\",\"isPartOf\":{\"@id\":\"https:\\\/\\\/zeromagazine.mx\\\/#website\"},\"primaryImageOfPage\":{\"@id\":\"https:\\\/\\\/zeromagazine.mx\\\/index.php\\\/2024\\\/09\\\/12\\\/protector-solar-por-que-lo-necesitas\\\/#primaryimage\"},\"image\":{\"@id\":\"https:\\\/\\\/zeromagazine.mx\\\/index.php\\\/2024\\\/09\\\/12\\\/protector-solar-por-que-lo-necesitas\\\/#primaryimage\"},\"thumbnailUrl\":\"https:\\\/\\\/i0.wp.com\\\/zeromagazine.mx\\\/wp-content\\\/uploads\\\/2024\\\/09\\\/Fotosun-facial.png?fit=3840%2C3840&ssl=1\",\"datePublished\":\"2024-09-12T19:37:25+00:00\",\"dateModified\":\"2024-09-12T19:42:19+00:00\",\"breadcrumb\":{\"@id\":\"https:\\\/\\\/zeromagazine.mx\\\/index.php\\\/2024\\\/09\\\/12\\\/protector-solar-por-que-lo-necesitas\\\/#breadcrumb\"},\"inLanguage\":\"es\",\"potentialAction\":[{\"@type\":\"ReadAction\",\"target\":[\"https:\\\/\\\/zeromagazine.mx\\\/index.php\\\/2024\\\/09\\\/12\\\/protector-solar-por-que-lo-necesitas\\\/\"]}]},{\"@type\":\"ImageObject\",\"inLanguage\":\"es\",\"@id\":\"https:\\\/\\\/zeromagazine.mx\\\/index.php\\\/2024\\\/09\\\/12\\\/protector-solar-por-que-lo-necesitas\\\/#primaryimage\",\"url\":\"https:\\\/\\\/i0.wp.com\\\/zeromagazine.mx\\\/wp-content\\\/uploads\\\/2024\\\/09\\\/Fotosun-facial.png?fit=3840%2C3840&ssl=1\",\"contentUrl\":\"https:\\\/\\\/i0.wp.com\\\/zeromagazine.mx\\\/wp-content\\\/uploads\\\/2024\\\/09\\\/Fotosun-facial.png?fit=3840%2C3840&ssl=1\",\"width\":3840,\"height\":3840},{\"@type\":\"BreadcrumbList\",\"@id\":\"https:\\\/\\\/zeromagazine.mx\\\/index.php\\\/2024\\\/09\\\/12\\\/protector-solar-por-que-lo-necesitas\\\/#breadcrumb\",\"itemListElement\":[{\"@type\":\"ListItem\",\"position\":1,\"name\":\"Portada\",\"item\":\"https:\\\/\\\/zeromagazine.mx\\\/\"},{\"@type\":\"ListItem\",\"position\":2,\"name\":\"Protector Solar: \u00bfPor Qu\u00e9 lo Necesitas?\"}]},{\"@type\":\"WebSite\",\"@id\":\"https:\\\/\\\/zeromagazine.mx\\\/#website\",\"url\":\"https:\\\/\\\/zeromagazine.mx\\\/\",\"name\":\"Zero Magazine\",\"description\":\"\",\"publisher\":{\"@id\":\"https:\\\/\\\/zeromagazine.mx\\\/#organization\"},\"potentialAction\":[{\"@type\":\"SearchAction\",\"target\":{\"@type\":\"EntryPoint\",\"urlTemplate\":\"https:\\\/\\\/zeromagazine.mx\\\/?s={search_term_string}\"},\"query-input\":{\"@type\":\"PropertyValueSpecification\",\"valueRequired\":true,\"valueName\":\"search_term_string\"}}],\"inLanguage\":\"es\"},{\"@type\":\"Organization\",\"@id\":\"https:\\\/\\\/zeromagazine.mx\\\/#organization\",\"name\":\"Zero Magazine\",\"url\":\"https:\\\/\\\/zeromagazine.mx\\\/\",\"logo\":{\"@type\":\"ImageObject\",\"inLanguage\":\"es\",\"@id\":\"https:\\\/\\\/zeromagazine.mx\\\/#\\\/schema\\\/logo\\\/image\\\/\",\"url\":\"https:\\\/\\\/i0.wp.com\\\/zeromagazine.mx\\\/wp-content\\\/uploads\\\/2025\\\/11\\\/1.jpeg?fit=1000%2C1000&ssl=1\",\"contentUrl\":\"https:\\\/\\\/i0.wp.com\\\/zeromagazine.mx\\\/wp-content\\\/uploads\\\/2025\\\/11\\\/1.jpeg?fit=1000%2C1000&ssl=1\",\"width\":1000,\"height\":1000,\"caption\":\"Zero Magazine\"},\"image\":{\"@id\":\"https:\\\/\\\/zeromagazine.mx\\\/#\\\/schema\\\/logo\\\/image\\\/\"},\"sameAs\":[\"https:\\\/\\\/instagram.com\\\/zeromagazinemx\"]},{\"@type\":\"Person\",\"@id\":\"https:\\\/\\\/zeromagazine.mx\\\/#\\\/schema\\\/person\\\/9aed9f33a7c39af3a348b86d723f7773\",\"name\":\"zeromagazinemx\",\"image\":{\"@type\":\"ImageObject\",\"inLanguage\":\"es\",\"@id\":\"https:\\\/\\\/zeromagazine.mx\\\/wp-content\\\/litespeed\\\/avatar\\\/f91dfe5410d5dcb1a576bf8c45983896.jpg?ver=1777571230\",\"url\":\"https:\\\/\\\/zeromagazine.mx\\\/wp-content\\\/litespeed\\\/avatar\\\/f91dfe5410d5dcb1a576bf8c45983896.jpg?ver=1777571230\",\"contentUrl\":\"https:\\\/\\\/zeromagazine.mx\\\/wp-content\\\/litespeed\\\/avatar\\\/f91dfe5410d5dcb1a576bf8c45983896.jpg?ver=1777571230\",\"caption\":\"zeromagazinemx\"},\"url\":\"https:\\\/\\\/zeromagazine.mx\\\/index.php\\\/author\\\/zeromagazinemx\\\/\"}]}<\/script>\n<!-- \/ Yoast SEO plugin. -->","yoast_head_json":{"title":"Protector Solar: \u00bfPor Qu\u00e9 lo Necesitas? - Zero Magazine","robots":{"index":"index","follow":"follow","max-snippet":"max-snippet:-1","max-image-preview":"max-image-preview:large","max-video-preview":"max-video-preview:-1"},"canonical":"https:\/\/zeromagazine.mx\/index.php\/2024\/09\/12\/protector-solar-por-que-lo-necesitas\/","og_locale":"es_ES","og_type":"article","og_title":"Protector Solar: \u00bfPor Qu\u00e9 lo Necesitas? - Zero Magazine","og_description":"Hoy vamos a platicar sobre algo super importante que a veces no le damos la seriedad que merece: \u00a1nuestro skin! S\u00e9 que suena medio adulto, pero cr\u00e9eme, es esencial, especialmente si queremos que nuestra piel se vea incre\u00edble mientras andamos todo el d\u00eda en la calle o en el gym. La piel de los mexicanos [&hellip;]","og_url":"https:\/\/zeromagazine.mx\/index.php\/2024\/09\/12\/protector-solar-por-que-lo-necesitas\/","og_site_name":"Zero Magazine","article_published_time":"2024-09-12T19:37:25+00:00","article_modified_time":"2024-09-12T19:42:19+00:00","og_image":[{"width":3840,"height":3840,"url":"https:\/\/i0.wp.com\/zeromagazine.mx\/wp-content\/uploads\/2024\/09\/Fotosun-facial.png?fit=3840%2C3840&ssl=1","type":"image\/png"}],"author":"zeromagazinemx","twitter_card":"summary_large_image","twitter_misc":{"Escrito por":"zeromagazinemx","Tiempo de lectura":"5 minutos"},"schema":{"@context":"https:\/\/schema.org","@graph":[{"@type":"Article","@id":"https:\/\/zeromagazine.mx\/index.php\/2024\/09\/12\/protector-solar-por-que-lo-necesitas\/#article","isPartOf":{"@id":"https:\/\/zeromagazine.mx\/index.php\/2024\/09\/12\/protector-solar-por-que-lo-necesitas\/"},"author":{"name":"zeromagazinemx","@id":"https:\/\/zeromagazine.mx\/#\/schema\/person\/9aed9f33a7c39af3a348b86d723f7773"},"headline":"Protector Solar: \u00bfPor Qu\u00e9 lo Necesitas?","datePublished":"2024-09-12T19:37:25+00:00","dateModified":"2024-09-12T19:42:19+00:00","mainEntityOfPage":{"@id":"https:\/\/zeromagazine.mx\/index.php\/2024\/09\/12\/protector-solar-por-que-lo-necesitas\/"},"wordCount":958,"commentCount":0,"publisher":{"@id":"https:\/\/zeromagazine.mx\/#organization"},"image":{"@id":"https:\/\/zeromagazine.mx\/index.php\/2024\/09\/12\/protector-solar-por-que-lo-necesitas\/#primaryimage"},"thumbnailUrl":"https:\/\/i0.wp.com\/zeromagazine.mx\/wp-content\/uploads\/2024\/09\/Fotosun-facial.png?fit=3840%2C3840&ssl=1","keywords":["piel mixta","protector corporal","protector facial","Protector solar","rayos UV","vitamina D"],"articleSection":["Beauty"],"inLanguage":"es","potentialAction":[{"@type":"CommentAction","name":"Comment","target":["https:\/\/zeromagazine.mx\/index.php\/2024\/09\/12\/protector-solar-por-que-lo-necesitas\/#respond"]}]},{"@type":"WebPage","@id":"https:\/\/zeromagazine.mx\/index.php\/2024\/09\/12\/protector-solar-por-que-lo-necesitas\/","url":"https:\/\/zeromagazine.mx\/index.php\/2024\/09\/12\/protector-solar-por-que-lo-necesitas\/","name":"Protector Solar: \u00bfPor Qu\u00e9 lo Necesitas? - Zero Magazine","isPartOf":{"@id":"https:\/\/zeromagazine.mx\/#website"},"primaryImageOfPage":{"@id":"https:\/\/zeromagazine.mx\/index.php\/2024\/09\/12\/protector-solar-por-que-lo-necesitas\/#primaryimage"},"image":{"@id":"https:\/\/zeromagazine.mx\/index.php\/2024\/09\/12\/protector-solar-por-que-lo-necesitas\/#primaryimage"},"thumbnailUrl":"https:\/\/i0.wp.com\/zeromagazine.mx\/wp-content\/uploads\/2024\/09\/Fotosun-facial.png?fit=3840%2C3840&ssl=1","datePublished":"2024-09-12T19:37:25+00:00","dateModified":"2024-09-12T19:42:19+00:00","breadcrumb":{"@id":"https:\/\/zeromagazine.mx\/index.php\/2024\/09\/12\/protector-solar-por-que-lo-necesitas\/#breadcrumb"},"inLanguage":"es","potentialAction":[{"@type":"ReadAction","target":["https:\/\/zeromagazine.mx\/index.php\/2024\/09\/12\/protector-solar-por-que-lo-necesitas\/"]}]},{"@type":"ImageObject","inLanguage":"es","@id":"https:\/\/zeromagazine.mx\/index.php\/2024\/09\/12\/protector-solar-por-que-lo-necesitas\/#primaryimage","url":"https:\/\/i0.wp.com\/zeromagazine.mx\/wp-content\/uploads\/2024\/09\/Fotosun-facial.png?fit=3840%2C3840&ssl=1","contentUrl":"https:\/\/i0.wp.com\/zeromagazine.mx\/wp-content\/uploads\/2024\/09\/Fotosun-facial.png?fit=3840%2C3840&ssl=1","width":3840,"height":3840},{"@type":"BreadcrumbList","@id":"https:\/\/zeromagazine.mx\/index.php\/2024\/09\/12\/protector-solar-por-que-lo-necesitas\/#breadcrumb","itemListElement":[{"@type":"ListItem","position":1,"name":"Portada","item":"https:\/\/zeromagazine.mx\/"},{"@type":"ListItem","position":2,"name":"Protector Solar: \u00bfPor Qu\u00e9 lo Necesitas?"}]},{"@type":"WebSite","@id":"https:\/\/zeromagazine.mx\/#website","url":"https:\/\/zeromagazine.mx\/","name":"Zero Magazine","description":"","publisher":{"@id":"https:\/\/zeromagazine.mx\/#organization"},"potentialAction":[{"@type":"SearchAction","target":{"@type":"EntryPoint","urlTemplate":"https:\/\/zeromagazine.mx\/?s={search_term_string}"},"query-input":{"@type":"PropertyValueSpecification","valueRequired":true,"valueName":"search_term_string"}}],"inLanguage":"es"},{"@type":"Organization","@id":"https:\/\/zeromagazine.mx\/#organization","name":"Zero Magazine","url":"https:\/\/zeromagazine.mx\/","logo":{"@type":"ImageObject","inLanguage":"es","@id":"https:\/\/zeromagazine.mx\/#\/schema\/logo\/image\/","url":"https:\/\/i0.wp.com\/zeromagazine.mx\/wp-content\/uploads\/2025\/11\/1.jpeg?fit=1000%2C1000&ssl=1","contentUrl":"https:\/\/i0.wp.com\/zeromagazine.mx\/wp-content\/uploads\/2025\/11\/1.jpeg?fit=1000%2C1000&ssl=1","width":1000,"height":1000,"caption":"Zero Magazine"},"image":{"@id":"https:\/\/zeromagazine.mx\/#\/schema\/logo\/image\/"},"sameAs":["https:\/\/instagram.com\/zeromagazinemx"]},{"@type":"Person","@id":"https:\/\/zeromagazine.mx\/#\/schema\/person\/9aed9f33a7c39af3a348b86d723f7773","name":"zeromagazinemx","image":{"@type":"ImageObject","inLanguage":"es","@id":"https:\/\/zeromagazine.mx\/wp-content\/litespeed\/avatar\/f91dfe5410d5dcb1a576bf8c45983896.jpg?ver=1777571230","url":"https:\/\/zeromagazine.mx\/wp-content\/litespeed\/avatar\/f91dfe5410d5dcb1a576bf8c45983896.jpg?ver=1777571230","contentUrl":"https:\/\/zeromagazine.mx\/wp-content\/litespeed\/avatar\/f91dfe5410d5dcb1a576bf8c45983896.jpg?ver=1777571230","caption":"zeromagazinemx"},"url":"https:\/\/zeromagazine.mx\/index.php\/author\/zeromagazinemx\/"}]}},"jetpack_publicize_connections":[],"jetpack_featured_media_url":"https:\/\/i0.wp.com\/zeromagazine.mx\/wp-content\/uploads\/2024\/09\/Fotosun-facial.png?fit=3840%2C3840&ssl=1","jetpack-related-posts":[{"id":109780,"url":"https:\/\/zeromagazine.mx\/index.php\/2025\/10\/30\/protector-solar-diario-halloween-otono\/","url_meta":{"origin":83802,"position":0},"title":"Protector solar diario: el truco que tu piel necesita","author":"Luis Trujano","date":"30 de octubre de 2025","format":false,"excerpt":"Ok, seamos honestos: cuando llega el oto\u00f1o y los d\u00edas se vuelven nublados, la mayor\u00eda guarda el protector solar como si fuera el traje de ba\u00f1o. Pero sorpresa: los rayos UVA no toman vacaciones, y tu piel tampoco deber\u00eda hacerlo. El protector solar diario es ese paso que separa una\u2026","rel":"","context":"En \u00abBeauty\u00bb","block_context":{"text":"Beauty","link":"https:\/\/zeromagazine.mx\/index.php\/category\/beauty\/"},"img":{"alt_text":"","src":"https:\/\/i0.wp.com\/zeromagazine.mx\/wp-content\/uploads\/2025\/10\/IMG_5749.png?fit=1200%2C931&ssl=1&resize=350%2C200","width":350,"height":200,"srcset":"https:\/\/i0.wp.com\/zeromagazine.mx\/wp-content\/uploads\/2025\/10\/IMG_5749.png?fit=1200%2C931&ssl=1&resize=350%2C200 1x, https:\/\/i0.wp.com\/zeromagazine.mx\/wp-content\/uploads\/2025\/10\/IMG_5749.png?fit=1200%2C931&ssl=1&resize=525%2C300 1.5x, https:\/\/i0.wp.com\/zeromagazine.mx\/wp-content\/uploads\/2025\/10\/IMG_5749.png?fit=1200%2C931&ssl=1&resize=700%2C400 2x, https:\/\/i0.wp.com\/zeromagazine.mx\/wp-content\/uploads\/2025\/10\/IMG_5749.png?fit=1200%2C931&ssl=1&resize=1050%2C600 3x"},"classes":[]},{"id":116406,"url":"https:\/\/zeromagazine.mx\/index.php\/2026\/03\/05\/protector-solar-antiaging-spf50-rostro\/","url_meta":{"origin":83802,"position":1},"title":"Protector solar antiaging que amar\u00e1s","author":"zeromagazinemx","date":"5 de marzo de 2026","format":false,"excerpt":"Cuando el calor empieza a subir y los d\u00edas soleados se vuelven parte del mood diario, hay algo que no puede faltar en tu rutina de skincare: un buen protector solar antiaging. S\u00ed, ese producto que muchas veces vemos como \u201csolo para la playa\u201d, pero que en realidad es uno\u2026","rel":"","context":"En \u00abBeauty\u00bb","block_context":{"text":"Beauty","link":"https:\/\/zeromagazine.mx\/index.php\/category\/beauty\/"},"img":{"alt_text":"","src":"https:\/\/i0.wp.com\/zeromagazine.mx\/wp-content\/uploads\/2026\/03\/1000054850-scaled.jpg?fit=443%2C1200&ssl=1&resize=350%2C200","width":350,"height":200},"classes":[]},{"id":110450,"url":"https:\/\/zeromagazine.mx\/index.php\/2025\/11\/11\/photoderm-xdefense-protector-diario\/","url_meta":{"origin":83802,"position":2},"title":"Photoderm XDefense Glow Diario","author":"Luis Trujano","date":"11 de noviembre de 2025","format":false,"excerpt":"Cuidarnos la piel ya no es negociable. Vivimos pegadxs a pantallas, nos movemos entre smog, sol directo, clima seco o h\u00famedo, y todav\u00eda queremos que nuestra piel se vea fresca, luminosa y sin manchas. Spoiler: s\u00ed se puede. Solo que la clave est\u00e1 en algo muy simple: constancia. Y aqu\u00ed\u2026","rel":"","context":"En \u00abBeauty\u00bb","block_context":{"text":"Beauty","link":"https:\/\/zeromagazine.mx\/index.php\/category\/beauty\/"},"img":{"alt_text":"","src":"https:\/\/i0.wp.com\/zeromagazine.mx\/wp-content\/uploads\/2025\/11\/IMG_5818.png?fit=1200%2C553&ssl=1&resize=350%2C200","width":350,"height":200,"srcset":"https:\/\/i0.wp.com\/zeromagazine.mx\/wp-content\/uploads\/2025\/11\/IMG_5818.png?fit=1200%2C553&ssl=1&resize=350%2C200 1x, https:\/\/i0.wp.com\/zeromagazine.mx\/wp-content\/uploads\/2025\/11\/IMG_5818.png?fit=1200%2C553&ssl=1&resize=525%2C300 1.5x, https:\/\/i0.wp.com\/zeromagazine.mx\/wp-content\/uploads\/2025\/11\/IMG_5818.png?fit=1200%2C553&ssl=1&resize=700%2C400 2x, https:\/\/i0.wp.com\/zeromagazine.mx\/wp-content\/uploads\/2025\/11\/IMG_5818.png?fit=1200%2C553&ssl=1&resize=1050%2C600 3x"},"classes":[]},{"id":110342,"url":"https:\/\/zeromagazine.mx\/index.php\/2025\/11\/07\/protector-solar-diario-glow-real\/","url_meta":{"origin":83802,"position":3},"title":"Protector solar diario Glow Real","author":"Luis Trujano","date":"7 de noviembre de 2025","format":false,"excerpt":"Hablar de skincare ya no va solo de coleccionar productos bonitos. Va de elegir lo que realmente se siente bien en la piel, lo que se usa todos los d\u00edas sin pensarlo dos veces. Y aqu\u00ed entra el protector solar diario, el paso que a veces ignoramos, pero que es\u2026","rel":"","context":"En \u00abBeauty\u00bb","block_context":{"text":"Beauty","link":"https:\/\/zeromagazine.mx\/index.php\/category\/beauty\/"},"img":{"alt_text":"","src":"https:\/\/i0.wp.com\/zeromagazine.mx\/wp-content\/uploads\/2025\/11\/Textures-packshots-scaled.jpg?fit=1200%2C756&ssl=1&resize=350%2C200","width":350,"height":200,"srcset":"https:\/\/i0.wp.com\/zeromagazine.mx\/wp-content\/uploads\/2025\/11\/Textures-packshots-scaled.jpg?fit=1200%2C756&ssl=1&resize=350%2C200 1x, https:\/\/i0.wp.com\/zeromagazine.mx\/wp-content\/uploads\/2025\/11\/Textures-packshots-scaled.jpg?fit=1200%2C756&ssl=1&resize=525%2C300 1.5x, https:\/\/i0.wp.com\/zeromagazine.mx\/wp-content\/uploads\/2025\/11\/Textures-packshots-scaled.jpg?fit=1200%2C756&ssl=1&resize=700%2C400 2x, https:\/\/i0.wp.com\/zeromagazine.mx\/wp-content\/uploads\/2025\/11\/Textures-packshots-scaled.jpg?fit=1200%2C756&ssl=1&resize=1050%2C600 3x"},"classes":[]},{"id":104964,"url":"https:\/\/zeromagazine.mx\/index.php\/2025\/05\/22\/proteccion-self-love-con-teia-cosmeticos\/","url_meta":{"origin":83802,"position":4},"title":"Protecci\u00f3n Self Love Con TEIA Cosm\u00e9ticos","author":"David Morales","date":"22 de mayo de 2025","format":false,"excerpt":"Amix, no s\u00e9 ustedes, pero yo antes cre\u00eda que el bloqueador era solo para ir a la playa o para se\u00f1oras que se cuidan del sol en el s\u00faper. Pero no, resulta que proteger la piel es self-love 101 y ahora hay formas de hacerlo sin quedar grasosx ni parecer\u2026","rel":"","context":"En \u00abBeauty\u00bb","block_context":{"text":"Beauty","link":"https:\/\/zeromagazine.mx\/index.php\/category\/beauty\/"},"img":{"alt_text":"","src":"https:\/\/i0.wp.com\/zeromagazine.mx\/wp-content\/uploads\/2025\/05\/GDF09837-scaled.jpg?fit=1200%2C800&ssl=1&resize=350%2C200","width":350,"height":200,"srcset":"https:\/\/i0.wp.com\/zeromagazine.mx\/wp-content\/uploads\/2025\/05\/GDF09837-scaled.jpg?fit=1200%2C800&ssl=1&resize=350%2C200 1x, https:\/\/i0.wp.com\/zeromagazine.mx\/wp-content\/uploads\/2025\/05\/GDF09837-scaled.jpg?fit=1200%2C800&ssl=1&resize=525%2C300 1.5x, https:\/\/i0.wp.com\/zeromagazine.mx\/wp-content\/uploads\/2025\/05\/GDF09837-scaled.jpg?fit=1200%2C800&ssl=1&resize=700%2C400 2x, https:\/\/i0.wp.com\/zeromagazine.mx\/wp-content\/uploads\/2025\/05\/GDF09837-scaled.jpg?fit=1200%2C800&ssl=1&resize=1050%2C600 3x"},"classes":[]},{"id":117999,"url":"https:\/\/zeromagazine.mx\/index.php\/2026\/04\/08\/protector-solar-con-color-teia-glow\/","url_meta":{"origin":83802,"position":5},"title":"Protector solar con color glow","author":"Luis Trujano","date":"8 de abril de 2026","format":false,"excerpt":"Si algo hemos aprendido \u00faltimamente es que el skincare ya no es opcional\u2026 y el SPF es literalmente el main character. Pero seamos honestos: reaplicar protector solar cuando ya llevas maquillaje siempre ha sido un caos. Hasta ahora. El protector solar con color lleg\u00f3 para resolver ese drama y, de\u2026","rel":"","context":"En \u00abBeauty\u00bb","block_context":{"text":"Beauty","link":"https:\/\/zeromagazine.mx\/index.php\/category\/beauty\/"},"img":{"alt_text":"","src":"https:\/\/i0.wp.com\/zeromagazine.mx\/wp-content\/uploads\/2026\/04\/IMG_6663.jpeg?fit=800%2C1200&ssl=1&resize=350%2C200","width":350,"height":200,"srcset":"https:\/\/i0.wp.com\/zeromagazine.mx\/wp-content\/uploads\/2026\/04\/IMG_6663.jpeg?fit=800%2C1200&ssl=1&resize=350%2C200 1x, https:\/\/i0.wp.com\/zeromagazine.mx\/wp-content\/uploads\/2026\/04\/IMG_6663.jpeg?fit=800%2C1200&ssl=1&resize=525%2C300 1.5x, https:\/\/i0.wp.com\/zeromagazine.mx\/wp-content\/uploads\/2026\/04\/IMG_6663.jpeg?fit=800%2C1200&ssl=1&resize=700%2C400 2x"},"classes":[]}],"jetpack_sharing_enabled":true,"builder_content":"","_links":{"self":[{"href":"https:\/\/zeromagazine.mx\/index.php\/wp-json\/wp\/v2\/posts\/83802","targetHints":{"allow":["GET"]}}],"collection":[{"href":"https:\/\/zeromagazine.mx\/index.php\/wp-json\/wp\/v2\/posts"}],"about":[{"href":"https:\/\/zeromagazine.mx\/index.php\/wp-json\/wp\/v2\/types\/post"}],"author":[{"embeddable":true,"href":"https:\/\/zeromagazine.mx\/index.php\/wp-json\/wp\/v2\/users\/2"}],"replies":[{"embeddable":true,"href":"https:\/\/zeromagazine.mx\/index.php\/wp-json\/wp\/v2\/comments?post=83802"}],"version-history":[{"count":7,"href":"https:\/\/zeromagazine.mx\/index.php\/wp-json\/wp\/v2\/posts\/83802\/revisions"}],"predecessor-version":[{"id":83812,"href":"https:\/\/zeromagazine.mx\/index.php\/wp-json\/wp\/v2\/posts\/83802\/revisions\/83812"}],"wp:featuredmedia":[{"embeddable":true,"href":"https:\/\/zeromagazine.mx\/index.php\/wp-json\/wp\/v2\/media\/83804"}],"wp:attachment":[{"href":"https:\/\/zeromagazine.mx\/index.php\/wp-json\/wp\/v2\/media?parent=83802"}],"wp:term":[{"taxonomy":"category","embeddable":true,"href":"https:\/\/zeromagazine.mx\/index.php\/wp-json\/wp\/v2\/categories?post=83802"},{"taxonomy":"post_tag","embeddable":true,"href":"https:\/\/zeromagazine.mx\/index.php\/wp-json\/wp\/v2\/tags?post=83802"}],"curies":[{"name":"wp","href":"https:\/\/api.w.org\/{rel}","templated":true}]}}