{"id":83841,"date":"2024-09-13T00:58:21","date_gmt":"2024-09-12T22:58:21","guid":{"rendered":"https:\/\/zeromagazine.mx\/?p=83841"},"modified":"2024-09-13T00:58:23","modified_gmt":"2024-09-12T22:58:23","slug":"animexico-talento-mexicano-al-top","status":"publish","type":"post","link":"https:\/\/zeromagazine.mx\/index.php\/2024\/09\/13\/animexico-talento-mexicano-al-top\/","title":{"rendered":"\u00abANIM\u00c9XICO: Talento Mexicano al Top\u00bb"},"content":{"rendered":"<!--themify_builder_content-->\n<div id=\"themify_builder_content-83841\" data-postid=\"83841\" class=\"themify_builder_content themify_builder_content-83841 themify_builder tf_clear\">\n    <\/div>\n<!--\/themify_builder_content-->\n\n\n<p>\u00bfTe imaginas estudiar en una de las mejores escuelas de animaci\u00f3n del mundo, todo gracias a una beca que cubre todo? Sounds like a dream, \u00bfright? Pues para algunos talentos mexicanos, ese sue\u00f1o es una realidad gracias a la beca ANIM\u00c9XICO, un proyectazo que Cin\u00e9polis y Guillermo del Toro han estado apoyando desde 2018. As\u00ed que si te late el cine, el arte y la animaci\u00f3n, qu\u00e9date porque esto est\u00e1.<\/p>\n\n\n\n<p><strong>\u00bfQu\u00e9 es ANIM\u00c9XICO y por qu\u00e9 es tan cool?&nbsp;<\/strong><\/p>\n\n\n\n<p>Let\u2019s break it down. La beca ANIM\u00c9XICO es como un golden ticket para j\u00f3venes talentos que est\u00e1n obsesionados con la animaci\u00f3n. Lo chido de esta beca es que te da la oportunidad de estudiar en GOBELINS, Par\u00eds, una de las escuelas top de animaci\u00f3n 2D en el mundo. Y no solo es que te ense\u00f1en a dibujar bonito: aqu\u00ed es donde los mejores del planeta aprenden a llevar sus ideas locas a la pantalla grande.<\/p>\n\n\n\n<p>La beca cubre de todo: desde la matr\u00edcula, hasta gastos de vida, materiales y hasta el cafecito que te tomes en los breaks. Literal, no tienes que preocuparte por nada m\u00e1s que por ser lo m\u00e1s creativo posible.<\/p>\n\n\n\n<figure class=\"wp-block-image size-full is-resized\"><img data-recalc-dims=\"1\" decoding=\"async\" width=\"1165\" height=\"874\" src=\"https:\/\/i0.wp.com\/zeromagazine.mx\/wp-content\/uploads\/2024\/09\/ARM_ANIMEXICO.jpeg?resize=1165%2C874&#038;ssl=1\" alt=\"\" class=\"wp-image-83842\" style=\"width:1451px;height:auto\" srcset=\"https:\/\/i0.wp.com\/zeromagazine.mx\/wp-content\/uploads\/2024\/09\/ARM_ANIMEXICO.jpeg?w=1280&amp;ssl=1 1280w, https:\/\/i0.wp.com\/zeromagazine.mx\/wp-content\/uploads\/2024\/09\/ARM_ANIMEXICO.jpeg?resize=300%2C225&amp;ssl=1 300w, https:\/\/i0.wp.com\/zeromagazine.mx\/wp-content\/uploads\/2024\/09\/ARM_ANIMEXICO.jpeg?resize=1024%2C768&amp;ssl=1 1024w, https:\/\/i0.wp.com\/zeromagazine.mx\/wp-content\/uploads\/2024\/09\/ARM_ANIMEXICO.jpeg?resize=768%2C576&amp;ssl=1 768w\" sizes=\"(max-width: 1165px) 100vw, 1165px\" \/><\/figure>\n\n\n\n<script async src=\"https:\/\/pagead2.googlesyndication.com\/pagead\/js\/adsbygoogle.js?client=ca-pub-5499304793904745\"\n     crossorigin=\"anonymous\"><\/script>\n<ins class=\"adsbygoogle\"\n     style=\"display:block; text-align:center;\"\n     data-ad-layout=\"in-article\"\n     data-ad-format=\"fluid\"\n     data-ad-client=\"ca-pub-5499304793904745\"\n     data-ad-slot=\"5994863093\"><\/ins>\n<script>\n     (adsbygoogle = window.adsbygoogle || []).push({});\n<\/script>\n\n\n\n\n<p><strong>La Misi\u00f3n: Poner a M\u00e9xico en el Mapa&nbsp;<\/strong><\/p>\n\n\n\n<p>El objetivo de ANIM\u00c9XICO es claro: apoyar a las mentes m\u00e1s brillantes de nuestro pa\u00eds para que puedan representar el arte y la cultura mexicana a nivel internacional. En palabras de Guillermo del Toro (s\u00ed, el director de \u00abEl Laberinto del Fauno\u00bb y \u00abLa Forma del Agua\u00bb), se trata de \u00abenriquecer nuestro pa\u00eds y nuestro arte\u00bb. Porque, \u00bfqui\u00e9n dice que solo en Hollywood se hacen cosas \u00e9picas? Spoiler: \u00a1En M\u00e9xico tambi\u00e9n tenemos mega talento!<\/p>\n\n\n\n<p>Alejandro Ram\u00edrez, CEO de Cin\u00e9polis, est\u00e1 s\u00faper orgulloso del impacto de esta beca y dice que ver a los artistas mexicanos brillar en el escenario global es uno de los mejores feelings ever. Y honestly, \u00bfqui\u00e9n no se emocionar\u00eda viendo a m\u00e1s mexicanos hacerla en grande?<\/p>\n\n\n\n<p><strong>\u00bfQui\u00e9n es el Crack de este a\u00f1o?&nbsp;<\/strong><\/p>\n\n\n\n<p>Este 2024, la beca ANIM\u00c9XICO tiene a un nuevo ganador:&nbsp;<strong>Enrique Gasca Rosete<\/strong>. S\u00ed, este chavo s\u00faper talentoso se llev\u00f3 el premio mayor y ahora tiene la oportunidad de estudiar durante dos a\u00f1os en GOBELINS, rodeado de otros 80 estudiantes de 22 nacionalidades. Imagine that: convivir con gente de todas partes del mundo, todos con el mismo amor por contar historias a trav\u00e9s de la animaci\u00f3n.&nbsp;<\/p>\n\n\n\n<p>Enrique es un tipo super dedicado que empez\u00f3 su carrera trabajando de manera remota para estudios en Guadalajara, y adem\u00e1s, \u00a1ya da clases a nivel universitario! Este compa ya est\u00e1 a otro nivel, pero estudiar en GOBELINS le dar\u00e1 ese extra boost para llevar su arte a otro planeta.<\/p>\n\n\n\n<p>En sus propias palabras, Enrique dice: \u201cNo puedo esperar para dar este nuevo paso y que as\u00ed, alg\u00fan d\u00eda, pueda contribuir con mi granito de arena para que M\u00e9xico siga siendo un referente en la industria del entretenimiento a nivel internacional\u00bb. \u00bfC\u00f3mo no sentirte proud de alguien as\u00ed?&nbsp;<\/p>\n\n\n\n<p><strong>Pero Am\u00e9rica no es solo Enrique<\/strong><\/p>\n\n\n\n<p>A lo largo de los a\u00f1os, esta beca ha lanzado a varios talentos al estrellato, y las historias de \u00e9xito est\u00e1n everywhere. Tomemos el ejemplo de&nbsp;<strong>Ezequiel Garibay<\/strong>, que gan\u00f3 la beca en 2021. Este genio cre\u00f3 el cortometraje \u00abEl Ombligo de la Luna\u00bb que fue seleccionado para los&nbsp;<strong>Student Academy Awards<\/strong>. Yup, Oscars de estudiantes, baby.<\/p>\n\n\n\n<p>Otro caso \u00e9pico es el de\u00a0<strong>Christian Arredondo<\/strong>, que gan\u00f3 la beca en 2018 y su cortometraje \u00abNube\u00bb fue nominado para los\u00a0<strong>Premios Ariel 2024<\/strong>. As\u00ed que si te preguntas si esta beca realmente hace una diferencia, la respuesta es:\u00a0<strong>hell yeah<\/strong>.<\/p>\n\n\n\n<figure class=\"wp-block-image size-full\"><img data-recalc-dims=\"1\" decoding=\"async\" width=\"1165\" height=\"1553\" src=\"https:\/\/i0.wp.com\/zeromagazine.mx\/wp-content\/uploads\/2024\/09\/Guillermo-Del-Toro_ANIMEXICO.jpeg?resize=1165%2C1553&#038;ssl=1\" alt=\"\" class=\"wp-image-83843\" srcset=\"https:\/\/i0.wp.com\/zeromagazine.mx\/wp-content\/uploads\/2024\/09\/Guillermo-Del-Toro_ANIMEXICO.jpeg?w=1200&amp;ssl=1 1200w, https:\/\/i0.wp.com\/zeromagazine.mx\/wp-content\/uploads\/2024\/09\/Guillermo-Del-Toro_ANIMEXICO.jpeg?resize=225%2C300&amp;ssl=1 225w, https:\/\/i0.wp.com\/zeromagazine.mx\/wp-content\/uploads\/2024\/09\/Guillermo-Del-Toro_ANIMEXICO.jpeg?resize=768%2C1024&amp;ssl=1 768w, https:\/\/i0.wp.com\/zeromagazine.mx\/wp-content\/uploads\/2024\/09\/Guillermo-Del-Toro_ANIMEXICO.jpeg?resize=1152%2C1536&amp;ssl=1 1152w\" sizes=\"(max-width: 1165px) 100vw, 1165px\" \/><\/figure>\n\n\n\n<script async src=\"https:\/\/pagead2.googlesyndication.com\/pagead\/js\/adsbygoogle.js?client=ca-pub-5499304793904745\"\n     crossorigin=\"anonymous\"><\/script>\n<ins class=\"adsbygoogle\"\n     style=\"display:block; text-align:center;\"\n     data-ad-layout=\"in-article\"\n     data-ad-format=\"fluid\"\n     data-ad-client=\"ca-pub-5499304793904745\"\n     data-ad-slot=\"5994863093\"><\/ins>\n<script>\n     (adsbygoogle = window.adsbygoogle || []).push({});\n<\/script>\n\n\n\n\n<p><strong>GOBELINS: El Hogwarts de la animaci\u00f3n<\/strong><\/p>\n\n\n\n<p>Es la top de las top en cuanto a animaci\u00f3n. Imagina entrar en un espacio donde lo \u00fanico que te piden es que dejes volar tu imaginaci\u00f3n.<\/p>\n\n\n\n<p>Y no es solo dibujar monitos. Aqu\u00ed se forman verdaderos profesionales. El programa incluye workshops con pros de la industria, seminarios y proyectos colaborativos que te preparan para enfrentar los desaf\u00edos del mundo real. Todo esto con una base art\u00edstica s\u00f3lida que te permitir\u00e1 competir al m\u00e1s alto nivel.<\/p>\n\n\n\n<p>Adem\u00e1s, en GOBELINS le dan un mega enfoque a la diversidad cultural. Seg\u00fan&nbsp;<strong>Erik Anspach<\/strong>, el director ejecutivo de la escuela, la mezcla de culturas es lo que enriquece el proceso creativo. Por eso, cada a\u00f1o reciben con los brazos abiertos a estudiantes de todo el mundo, y gracias a ANIM\u00c9XICO, los talentos mexicanos tienen la chance de formar parte de este melting pot art\u00edstico.<\/p>\n\n\n\n<p><strong>Y lo mejor de todo: el futuro es brillante&nbsp;<\/strong><\/p>\n\n\n\n<p>Con el apoyo de Cin\u00e9polis, Guillermo del Toro y GOBELINS, parece que ANIM\u00c9XICO tiene cuerda para rato. Del Toro ya dijo que su meta es asegurar la beca por al menos otra d\u00e9cada m\u00e1s. Eso significa que m\u00e1s j\u00f3venes mexicanos tendr\u00e1n la chance de mostrar su talento y poner en alto el nombre de M\u00e9xico en la industria del cine y la animaci\u00f3n.<\/p>\n\n\n\n<p>As\u00ed que si eres un wannabe animador, o si te apasiona el arte y las historias visuales, ANIM\u00c9XICO puede ser tu boleto dorado. Claro, necesitas un mont\u00f3n de esfuerzo y dedicaci\u00f3n, pero si Enrique y los otros ganadores lo lograron, \u00bfwhy not you?<\/p>\n\n\n\n<p><strong>Lo Que Viene Para Enrique y la Animaci\u00f3n Mexicana&nbsp;<\/strong><\/p>\n\n\n\n<p>Con Enrique Gasca Rosete como el nuevo representante de M\u00e9xico en GOBELINS, estamos seguros de que el future de la animaci\u00f3n mexicana est\u00e1 en buenas manos. Este cuate est\u00e1 listo para aprovechar al m\u00e1ximo cada segundo en Par\u00eds, aprendiendo de los mejores y creando historias que alg\u00fan d\u00eda podr\u00edan estar en la pantalla grande.<\/p>\n\n\n\n<p>Y lo m\u00e1s emocionante es que este es solo el comienzo. M\u00e9xico tiene una tradici\u00f3n cinematogr\u00e1fica s\u00faper rica, y gracias a programas como ANIM\u00c9XICO, esa tradici\u00f3n sigue creciendo. La verdad es que el cine de animaci\u00f3n en M\u00e9xico tiene un potencial gigantesco, y cada a\u00f1o vemos m\u00e1s y m\u00e1s artistas que est\u00e1n cambiando el game.<\/p>\n\n\n\n<p>As\u00ed que, si alg\u00fan d\u00eda ves un cortometraje o una peli animada y notas que el creador es mexicano, probablemente tuvo algo que ver con esta incre\u00edble beca.<\/p>","protected":false},"excerpt":{"rendered":"<p>\u00bfTe imaginas estudiar en una de las mejores escuelas de animaci\u00f3n del mundo, todo gracias a una beca que cubre todo? Sounds like a dream, \u00bfright? Pues para algunos talentos mexicanos, ese sue\u00f1o es una realidad gracias a la beca ANIM\u00c9XICO, un proyectazo que Cin\u00e9polis y Guillermo del Toro han estado apoyando desde 2018. As\u00ed [&hellip;]<\/p>\n","protected":false},"author":2,"featured_media":83842,"comment_status":"open","ping_status":"open","sticky":false,"template":"","format":"standard","meta":{"_jetpack_memberships_contains_paid_content":false,"footnotes":"","jetpack_publicize_message":"","jetpack_publicize_feature_enabled":true,"jetpack_social_post_already_shared":true,"jetpack_social_options":{"image_generator_settings":{"template":"highway","default_image_id":0,"font":"","enabled":false},"version":2}},"categories":[791],"tags":[10303,10302,644],"class_list":["post-83841","post","type-post","status-publish","format-standard","has-post-thumbnail","hentry","category-cultura","tag-animexico","tag-gobelins","tag-talento-mexicano","has-post-title","has-post-date","has-post-category","has-post-tag","has-post-comment","has-post-author",""],"yoast_head":"<!-- This site is optimized with the Yoast SEO plugin v27.4 - https:\/\/yoast.com\/product\/yoast-seo-wordpress\/ -->\n<title>&quot;ANIM\u00c9XICO: Talento Mexicano al Top&quot; - Zero Magazine<\/title>\n<meta name=\"robots\" content=\"index, follow, max-snippet:-1, max-image-preview:large, max-video-preview:-1\" \/>\n<link rel=\"canonical\" href=\"https:\/\/zeromagazine.mx\/index.php\/2024\/09\/13\/animexico-talento-mexicano-al-top\/\" \/>\n<meta property=\"og:locale\" content=\"es_ES\" \/>\n<meta property=\"og:type\" content=\"article\" \/>\n<meta property=\"og:title\" content=\"&quot;ANIM\u00c9XICO: Talento Mexicano al Top&quot; - Zero Magazine\" \/>\n<meta property=\"og:description\" content=\"\u00bfTe imaginas estudiar en una de las mejores escuelas de animaci\u00f3n del mundo, todo gracias a una beca que cubre todo? Sounds like a dream, \u00bfright? Pues para algunos talentos mexicanos, ese sue\u00f1o es una realidad gracias a la beca ANIM\u00c9XICO, un proyectazo que Cin\u00e9polis y Guillermo del Toro han estado apoyando desde 2018. As\u00ed [&hellip;]\" \/>\n<meta property=\"og:url\" content=\"https:\/\/zeromagazine.mx\/index.php\/2024\/09\/13\/animexico-talento-mexicano-al-top\/\" \/>\n<meta property=\"og:site_name\" content=\"Zero Magazine\" \/>\n<meta property=\"article:published_time\" content=\"2024-09-12T22:58:21+00:00\" \/>\n<meta property=\"article:modified_time\" content=\"2024-09-12T22:58:23+00:00\" \/>\n<meta property=\"og:image\" content=\"https:\/\/i0.wp.com\/zeromagazine.mx\/wp-content\/uploads\/2024\/09\/ARM_ANIMEXICO.jpeg?fit=1280%2C960&ssl=1\" \/>\n\t<meta property=\"og:image:width\" content=\"1280\" \/>\n\t<meta property=\"og:image:height\" content=\"960\" \/>\n\t<meta property=\"og:image:type\" content=\"image\/jpeg\" \/>\n<meta name=\"author\" content=\"zeromagazinemx\" \/>\n<meta name=\"twitter:card\" content=\"summary_large_image\" \/>\n<meta name=\"twitter:label1\" content=\"Escrito por\" \/>\n\t<meta name=\"twitter:data1\" content=\"zeromagazinemx\" \/>\n\t<meta name=\"twitter:label2\" content=\"Tiempo de lectura\" \/>\n\t<meta name=\"twitter:data2\" content=\"6 minutos\" \/>\n<script type=\"application\/ld+json\" class=\"yoast-schema-graph\">{\"@context\":\"https:\\\/\\\/schema.org\",\"@graph\":[{\"@type\":\"Article\",\"@id\":\"https:\\\/\\\/zeromagazine.mx\\\/index.php\\\/2024\\\/09\\\/13\\\/animexico-talento-mexicano-al-top\\\/#article\",\"isPartOf\":{\"@id\":\"https:\\\/\\\/zeromagazine.mx\\\/index.php\\\/2024\\\/09\\\/13\\\/animexico-talento-mexicano-al-top\\\/\"},\"author\":{\"name\":\"zeromagazinemx\",\"@id\":\"https:\\\/\\\/zeromagazine.mx\\\/#\\\/schema\\\/person\\\/9aed9f33a7c39af3a348b86d723f7773\"},\"headline\":\"\u00abANIM\u00c9XICO: Talento Mexicano al Top\u00bb\",\"datePublished\":\"2024-09-12T22:58:21+00:00\",\"dateModified\":\"2024-09-12T22:58:23+00:00\",\"mainEntityOfPage\":{\"@id\":\"https:\\\/\\\/zeromagazine.mx\\\/index.php\\\/2024\\\/09\\\/13\\\/animexico-talento-mexicano-al-top\\\/\"},\"wordCount\":1109,\"commentCount\":0,\"publisher\":{\"@id\":\"https:\\\/\\\/zeromagazine.mx\\\/#organization\"},\"image\":{\"@id\":\"https:\\\/\\\/zeromagazine.mx\\\/index.php\\\/2024\\\/09\\\/13\\\/animexico-talento-mexicano-al-top\\\/#primaryimage\"},\"thumbnailUrl\":\"https:\\\/\\\/i0.wp.com\\\/zeromagazine.mx\\\/wp-content\\\/uploads\\\/2024\\\/09\\\/ARM_ANIMEXICO.jpeg?fit=1280%2C960&ssl=1\",\"keywords\":[\"ANIM\u00c9XICO\",\"GOBELINS\",\"Talento mexicano\"],\"articleSection\":[\"Cultura\"],\"inLanguage\":\"es\",\"potentialAction\":[{\"@type\":\"CommentAction\",\"name\":\"Comment\",\"target\":[\"https:\\\/\\\/zeromagazine.mx\\\/index.php\\\/2024\\\/09\\\/13\\\/animexico-talento-mexicano-al-top\\\/#respond\"]}]},{\"@type\":\"WebPage\",\"@id\":\"https:\\\/\\\/zeromagazine.mx\\\/index.php\\\/2024\\\/09\\\/13\\\/animexico-talento-mexicano-al-top\\\/\",\"url\":\"https:\\\/\\\/zeromagazine.mx\\\/index.php\\\/2024\\\/09\\\/13\\\/animexico-talento-mexicano-al-top\\\/\",\"name\":\"\\\"ANIM\u00c9XICO: Talento Mexicano al Top\\\" - Zero Magazine\",\"isPartOf\":{\"@id\":\"https:\\\/\\\/zeromagazine.mx\\\/#website\"},\"primaryImageOfPage\":{\"@id\":\"https:\\\/\\\/zeromagazine.mx\\\/index.php\\\/2024\\\/09\\\/13\\\/animexico-talento-mexicano-al-top\\\/#primaryimage\"},\"image\":{\"@id\":\"https:\\\/\\\/zeromagazine.mx\\\/index.php\\\/2024\\\/09\\\/13\\\/animexico-talento-mexicano-al-top\\\/#primaryimage\"},\"thumbnailUrl\":\"https:\\\/\\\/i0.wp.com\\\/zeromagazine.mx\\\/wp-content\\\/uploads\\\/2024\\\/09\\\/ARM_ANIMEXICO.jpeg?fit=1280%2C960&ssl=1\",\"datePublished\":\"2024-09-12T22:58:21+00:00\",\"dateModified\":\"2024-09-12T22:58:23+00:00\",\"breadcrumb\":{\"@id\":\"https:\\\/\\\/zeromagazine.mx\\\/index.php\\\/2024\\\/09\\\/13\\\/animexico-talento-mexicano-al-top\\\/#breadcrumb\"},\"inLanguage\":\"es\",\"potentialAction\":[{\"@type\":\"ReadAction\",\"target\":[\"https:\\\/\\\/zeromagazine.mx\\\/index.php\\\/2024\\\/09\\\/13\\\/animexico-talento-mexicano-al-top\\\/\"]}]},{\"@type\":\"ImageObject\",\"inLanguage\":\"es\",\"@id\":\"https:\\\/\\\/zeromagazine.mx\\\/index.php\\\/2024\\\/09\\\/13\\\/animexico-talento-mexicano-al-top\\\/#primaryimage\",\"url\":\"https:\\\/\\\/i0.wp.com\\\/zeromagazine.mx\\\/wp-content\\\/uploads\\\/2024\\\/09\\\/ARM_ANIMEXICO.jpeg?fit=1280%2C960&ssl=1\",\"contentUrl\":\"https:\\\/\\\/i0.wp.com\\\/zeromagazine.mx\\\/wp-content\\\/uploads\\\/2024\\\/09\\\/ARM_ANIMEXICO.jpeg?fit=1280%2C960&ssl=1\",\"width\":1280,\"height\":960},{\"@type\":\"BreadcrumbList\",\"@id\":\"https:\\\/\\\/zeromagazine.mx\\\/index.php\\\/2024\\\/09\\\/13\\\/animexico-talento-mexicano-al-top\\\/#breadcrumb\",\"itemListElement\":[{\"@type\":\"ListItem\",\"position\":1,\"name\":\"Portada\",\"item\":\"https:\\\/\\\/zeromagazine.mx\\\/\"},{\"@type\":\"ListItem\",\"position\":2,\"name\":\"\u00abANIM\u00c9XICO: Talento Mexicano al Top\u00bb\"}]},{\"@type\":\"WebSite\",\"@id\":\"https:\\\/\\\/zeromagazine.mx\\\/#website\",\"url\":\"https:\\\/\\\/zeromagazine.mx\\\/\",\"name\":\"Zero Magazine\",\"description\":\"\",\"publisher\":{\"@id\":\"https:\\\/\\\/zeromagazine.mx\\\/#organization\"},\"potentialAction\":[{\"@type\":\"SearchAction\",\"target\":{\"@type\":\"EntryPoint\",\"urlTemplate\":\"https:\\\/\\\/zeromagazine.mx\\\/?s={search_term_string}\"},\"query-input\":{\"@type\":\"PropertyValueSpecification\",\"valueRequired\":true,\"valueName\":\"search_term_string\"}}],\"inLanguage\":\"es\"},{\"@type\":\"Organization\",\"@id\":\"https:\\\/\\\/zeromagazine.mx\\\/#organization\",\"name\":\"Zero Magazine\",\"url\":\"https:\\\/\\\/zeromagazine.mx\\\/\",\"logo\":{\"@type\":\"ImageObject\",\"inLanguage\":\"es\",\"@id\":\"https:\\\/\\\/zeromagazine.mx\\\/#\\\/schema\\\/logo\\\/image\\\/\",\"url\":\"https:\\\/\\\/i0.wp.com\\\/zeromagazine.mx\\\/wp-content\\\/uploads\\\/2025\\\/11\\\/1.jpeg?fit=1000%2C1000&ssl=1\",\"contentUrl\":\"https:\\\/\\\/i0.wp.com\\\/zeromagazine.mx\\\/wp-content\\\/uploads\\\/2025\\\/11\\\/1.jpeg?fit=1000%2C1000&ssl=1\",\"width\":1000,\"height\":1000,\"caption\":\"Zero Magazine\"},\"image\":{\"@id\":\"https:\\\/\\\/zeromagazine.mx\\\/#\\\/schema\\\/logo\\\/image\\\/\"},\"sameAs\":[\"https:\\\/\\\/instagram.com\\\/zeromagazinemx\"]},{\"@type\":\"Person\",\"@id\":\"https:\\\/\\\/zeromagazine.mx\\\/#\\\/schema\\\/person\\\/9aed9f33a7c39af3a348b86d723f7773\",\"name\":\"zeromagazinemx\",\"image\":{\"@type\":\"ImageObject\",\"inLanguage\":\"es\",\"@id\":\"https:\\\/\\\/zeromagazine.mx\\\/wp-content\\\/litespeed\\\/avatar\\\/f91dfe5410d5dcb1a576bf8c45983896.jpg?ver=1776966396\",\"url\":\"https:\\\/\\\/zeromagazine.mx\\\/wp-content\\\/litespeed\\\/avatar\\\/f91dfe5410d5dcb1a576bf8c45983896.jpg?ver=1776966396\",\"contentUrl\":\"https:\\\/\\\/zeromagazine.mx\\\/wp-content\\\/litespeed\\\/avatar\\\/f91dfe5410d5dcb1a576bf8c45983896.jpg?ver=1776966396\",\"caption\":\"zeromagazinemx\"},\"url\":\"https:\\\/\\\/zeromagazine.mx\\\/index.php\\\/author\\\/zeromagazinemx\\\/\"}]}<\/script>\n<!-- \/ Yoast SEO plugin. -->","yoast_head_json":{"title":"\"ANIM\u00c9XICO: Talento Mexicano al Top\" - Zero Magazine","robots":{"index":"index","follow":"follow","max-snippet":"max-snippet:-1","max-image-preview":"max-image-preview:large","max-video-preview":"max-video-preview:-1"},"canonical":"https:\/\/zeromagazine.mx\/index.php\/2024\/09\/13\/animexico-talento-mexicano-al-top\/","og_locale":"es_ES","og_type":"article","og_title":"\"ANIM\u00c9XICO: Talento Mexicano al Top\" - Zero Magazine","og_description":"\u00bfTe imaginas estudiar en una de las mejores escuelas de animaci\u00f3n del mundo, todo gracias a una beca que cubre todo? Sounds like a dream, \u00bfright? Pues para algunos talentos mexicanos, ese sue\u00f1o es una realidad gracias a la beca ANIM\u00c9XICO, un proyectazo que Cin\u00e9polis y Guillermo del Toro han estado apoyando desde 2018. As\u00ed [&hellip;]","og_url":"https:\/\/zeromagazine.mx\/index.php\/2024\/09\/13\/animexico-talento-mexicano-al-top\/","og_site_name":"Zero Magazine","article_published_time":"2024-09-12T22:58:21+00:00","article_modified_time":"2024-09-12T22:58:23+00:00","og_image":[{"width":1280,"height":960,"url":"https:\/\/i0.wp.com\/zeromagazine.mx\/wp-content\/uploads\/2024\/09\/ARM_ANIMEXICO.jpeg?fit=1280%2C960&ssl=1","type":"image\/jpeg"}],"author":"zeromagazinemx","twitter_card":"summary_large_image","twitter_misc":{"Escrito por":"zeromagazinemx","Tiempo de lectura":"6 minutos"},"schema":{"@context":"https:\/\/schema.org","@graph":[{"@type":"Article","@id":"https:\/\/zeromagazine.mx\/index.php\/2024\/09\/13\/animexico-talento-mexicano-al-top\/#article","isPartOf":{"@id":"https:\/\/zeromagazine.mx\/index.php\/2024\/09\/13\/animexico-talento-mexicano-al-top\/"},"author":{"name":"zeromagazinemx","@id":"https:\/\/zeromagazine.mx\/#\/schema\/person\/9aed9f33a7c39af3a348b86d723f7773"},"headline":"\u00abANIM\u00c9XICO: Talento Mexicano al Top\u00bb","datePublished":"2024-09-12T22:58:21+00:00","dateModified":"2024-09-12T22:58:23+00:00","mainEntityOfPage":{"@id":"https:\/\/zeromagazine.mx\/index.php\/2024\/09\/13\/animexico-talento-mexicano-al-top\/"},"wordCount":1109,"commentCount":0,"publisher":{"@id":"https:\/\/zeromagazine.mx\/#organization"},"image":{"@id":"https:\/\/zeromagazine.mx\/index.php\/2024\/09\/13\/animexico-talento-mexicano-al-top\/#primaryimage"},"thumbnailUrl":"https:\/\/i0.wp.com\/zeromagazine.mx\/wp-content\/uploads\/2024\/09\/ARM_ANIMEXICO.jpeg?fit=1280%2C960&ssl=1","keywords":["ANIM\u00c9XICO","GOBELINS","Talento mexicano"],"articleSection":["Cultura"],"inLanguage":"es","potentialAction":[{"@type":"CommentAction","name":"Comment","target":["https:\/\/zeromagazine.mx\/index.php\/2024\/09\/13\/animexico-talento-mexicano-al-top\/#respond"]}]},{"@type":"WebPage","@id":"https:\/\/zeromagazine.mx\/index.php\/2024\/09\/13\/animexico-talento-mexicano-al-top\/","url":"https:\/\/zeromagazine.mx\/index.php\/2024\/09\/13\/animexico-talento-mexicano-al-top\/","name":"\"ANIM\u00c9XICO: Talento Mexicano al Top\" - Zero Magazine","isPartOf":{"@id":"https:\/\/zeromagazine.mx\/#website"},"primaryImageOfPage":{"@id":"https:\/\/zeromagazine.mx\/index.php\/2024\/09\/13\/animexico-talento-mexicano-al-top\/#primaryimage"},"image":{"@id":"https:\/\/zeromagazine.mx\/index.php\/2024\/09\/13\/animexico-talento-mexicano-al-top\/#primaryimage"},"thumbnailUrl":"https:\/\/i0.wp.com\/zeromagazine.mx\/wp-content\/uploads\/2024\/09\/ARM_ANIMEXICO.jpeg?fit=1280%2C960&ssl=1","datePublished":"2024-09-12T22:58:21+00:00","dateModified":"2024-09-12T22:58:23+00:00","breadcrumb":{"@id":"https:\/\/zeromagazine.mx\/index.php\/2024\/09\/13\/animexico-talento-mexicano-al-top\/#breadcrumb"},"inLanguage":"es","potentialAction":[{"@type":"ReadAction","target":["https:\/\/zeromagazine.mx\/index.php\/2024\/09\/13\/animexico-talento-mexicano-al-top\/"]}]},{"@type":"ImageObject","inLanguage":"es","@id":"https:\/\/zeromagazine.mx\/index.php\/2024\/09\/13\/animexico-talento-mexicano-al-top\/#primaryimage","url":"https:\/\/i0.wp.com\/zeromagazine.mx\/wp-content\/uploads\/2024\/09\/ARM_ANIMEXICO.jpeg?fit=1280%2C960&ssl=1","contentUrl":"https:\/\/i0.wp.com\/zeromagazine.mx\/wp-content\/uploads\/2024\/09\/ARM_ANIMEXICO.jpeg?fit=1280%2C960&ssl=1","width":1280,"height":960},{"@type":"BreadcrumbList","@id":"https:\/\/zeromagazine.mx\/index.php\/2024\/09\/13\/animexico-talento-mexicano-al-top\/#breadcrumb","itemListElement":[{"@type":"ListItem","position":1,"name":"Portada","item":"https:\/\/zeromagazine.mx\/"},{"@type":"ListItem","position":2,"name":"\u00abANIM\u00c9XICO: Talento Mexicano al Top\u00bb"}]},{"@type":"WebSite","@id":"https:\/\/zeromagazine.mx\/#website","url":"https:\/\/zeromagazine.mx\/","name":"Zero Magazine","description":"","publisher":{"@id":"https:\/\/zeromagazine.mx\/#organization"},"potentialAction":[{"@type":"SearchAction","target":{"@type":"EntryPoint","urlTemplate":"https:\/\/zeromagazine.mx\/?s={search_term_string}"},"query-input":{"@type":"PropertyValueSpecification","valueRequired":true,"valueName":"search_term_string"}}],"inLanguage":"es"},{"@type":"Organization","@id":"https:\/\/zeromagazine.mx\/#organization","name":"Zero Magazine","url":"https:\/\/zeromagazine.mx\/","logo":{"@type":"ImageObject","inLanguage":"es","@id":"https:\/\/zeromagazine.mx\/#\/schema\/logo\/image\/","url":"https:\/\/i0.wp.com\/zeromagazine.mx\/wp-content\/uploads\/2025\/11\/1.jpeg?fit=1000%2C1000&ssl=1","contentUrl":"https:\/\/i0.wp.com\/zeromagazine.mx\/wp-content\/uploads\/2025\/11\/1.jpeg?fit=1000%2C1000&ssl=1","width":1000,"height":1000,"caption":"Zero Magazine"},"image":{"@id":"https:\/\/zeromagazine.mx\/#\/schema\/logo\/image\/"},"sameAs":["https:\/\/instagram.com\/zeromagazinemx"]},{"@type":"Person","@id":"https:\/\/zeromagazine.mx\/#\/schema\/person\/9aed9f33a7c39af3a348b86d723f7773","name":"zeromagazinemx","image":{"@type":"ImageObject","inLanguage":"es","@id":"https:\/\/zeromagazine.mx\/wp-content\/litespeed\/avatar\/f91dfe5410d5dcb1a576bf8c45983896.jpg?ver=1776966396","url":"https:\/\/zeromagazine.mx\/wp-content\/litespeed\/avatar\/f91dfe5410d5dcb1a576bf8c45983896.jpg?ver=1776966396","contentUrl":"https:\/\/zeromagazine.mx\/wp-content\/litespeed\/avatar\/f91dfe5410d5dcb1a576bf8c45983896.jpg?ver=1776966396","caption":"zeromagazinemx"},"url":"https:\/\/zeromagazine.mx\/index.php\/author\/zeromagazinemx\/"}]}},"jetpack_publicize_connections":[],"jetpack_featured_media_url":"https:\/\/i0.wp.com\/zeromagazine.mx\/wp-content\/uploads\/2024\/09\/ARM_ANIMEXICO.jpeg?fit=1280%2C960&ssl=1","jetpack-related-posts":[{"id":113382,"url":"https:\/\/zeromagazine.mx\/index.php\/2026\/01\/15\/giff-2026-convocatoria-becados-fechas\/","url_meta":{"origin":83841,"position":0},"title":"GIFF 2026: todo vibra","author":"zeromagazinemx","date":"15 de enero de 2026","format":false,"excerpt":"El festival mexicano que tienes que vivir s\u00ed o s\u00ed Si hay un festival que nunca deja de ponerse creativo, sorprender y abrir puertas enormes para nuevas historias en pantalla, es el GIFF 2026. El Festival Internacional de Cine Guanajuato ya despej\u00f3 dudas, encendi\u00f3 motores y solt\u00f3 tres bombas que\u2026","rel":"","context":"En \u00abCine\u00bb","block_context":{"text":"Cine","link":"https:\/\/zeromagazine.mx\/index.php\/category\/entretenimiento\/cine\/"},"img":{"alt_text":"","src":"https:\/\/i0.wp.com\/zeromagazine.mx\/wp-content\/uploads\/2026\/01\/Copy-of-CONVOCATORIA-2026_.jpg?fit=960%2C1200&ssl=1&resize=350%2C200","width":350,"height":200,"srcset":"https:\/\/i0.wp.com\/zeromagazine.mx\/wp-content\/uploads\/2026\/01\/Copy-of-CONVOCATORIA-2026_.jpg?fit=960%2C1200&ssl=1&resize=350%2C200 1x, https:\/\/i0.wp.com\/zeromagazine.mx\/wp-content\/uploads\/2026\/01\/Copy-of-CONVOCATORIA-2026_.jpg?fit=960%2C1200&ssl=1&resize=525%2C300 1.5x, https:\/\/i0.wp.com\/zeromagazine.mx\/wp-content\/uploads\/2026\/01\/Copy-of-CONVOCATORIA-2026_.jpg?fit=960%2C1200&ssl=1&resize=700%2C400 2x"},"classes":[]},{"id":69664,"url":"https:\/\/zeromagazine.mx\/index.php\/2023\/12\/15\/la-fundacion-cultural-latin-grammy-anuncia-la-beca-sebastian-yatra-de-2024\/","url_meta":{"origin":83841,"position":1},"title":"LA FUNDACI\u00d3N CULTURAL LATIN GRAMMY ANUNCIA LA BECA SEBASTI\u00c1N YATRA DE 2024","author":"David Morales","date":"15 de diciembre de 2023","format":false,"excerpt":"SEBASTI\u00c1N YATRA DE 2024\u00a0 La Fundaci\u00f3n CulturalLatin GRAMMY\u00ae anunci\u00f3 que el galardonado cantautor Sebasti\u00e1n Yatra, ganador del Latin GRAMMY\u00ae, patrocinar\u00e1 su prestigiosa Beca Prodigio para una licenciatura en Berklee College of Music el semestre de oto\u00f1o de 2024. La beca de la Fundaci\u00f3n otorga hasta $200,000 d\u00f3lares de ayuda econ\u00f3mica\u2026","rel":"","context":"En \u00abBlog\u00bb","block_context":{"text":"Blog","link":"https:\/\/zeromagazine.mx\/index.php\/category\/blog\/"},"img":{"alt_text":"","src":"https:\/\/i0.wp.com\/zeromagazine.mx\/wp-content\/uploads\/2023\/12\/IMG_7137-1-e1702619632457.png?fit=1080%2C639&ssl=1&resize=350%2C200","width":350,"height":200,"srcset":"https:\/\/i0.wp.com\/zeromagazine.mx\/wp-content\/uploads\/2023\/12\/IMG_7137-1-e1702619632457.png?fit=1080%2C639&ssl=1&resize=350%2C200 1x, https:\/\/i0.wp.com\/zeromagazine.mx\/wp-content\/uploads\/2023\/12\/IMG_7137-1-e1702619632457.png?fit=1080%2C639&ssl=1&resize=525%2C300 1.5x, https:\/\/i0.wp.com\/zeromagazine.mx\/wp-content\/uploads\/2023\/12\/IMG_7137-1-e1702619632457.png?fit=1080%2C639&ssl=1&resize=700%2C400 2x, https:\/\/i0.wp.com\/zeromagazine.mx\/wp-content\/uploads\/2023\/12\/IMG_7137-1-e1702619632457.png?fit=1080%2C639&ssl=1&resize=1050%2C600 3x"},"classes":[]},{"id":89784,"url":"https:\/\/zeromagazine.mx\/index.php\/2024\/11\/07\/lci-barcelona-donde-crece-tu-creatividad\/","url_meta":{"origin":83841,"position":2},"title":"\u00abLCI Barcelona: Donde Crece Tu Creatividad\u00bb","author":"zeromagazinemx","date":"7 de noviembre de 2024","format":false,"excerpt":"\u00bfAlguien dijo \u201chub de creatividad\u201d? Porque LCI Barcelona acaba de poner la vara alta. Con su nuevo campus, esta escuela se convierte en\u00a0the place to be\u00a0para todos los apasionados del dise\u00f1o, moda, arte y hasta animaci\u00f3n. Es m\u00e1s que un lugar para aprender; es un espacio pensado para conectar talento\u2026","rel":"","context":"En \u00abBienestar\u00bb","block_context":{"text":"Bienestar","link":"https:\/\/zeromagazine.mx\/index.php\/category\/lifestyle\/bienestar\/"},"img":{"alt_text":"","src":"https:\/\/i0.wp.com\/zeromagazine.mx\/wp-content\/uploads\/2024\/11\/OPENING-LCI-BARCELONA_MORNING15-scaled.jpg?fit=1200%2C800&ssl=1&resize=350%2C200","width":350,"height":200,"srcset":"https:\/\/i0.wp.com\/zeromagazine.mx\/wp-content\/uploads\/2024\/11\/OPENING-LCI-BARCELONA_MORNING15-scaled.jpg?fit=1200%2C800&ssl=1&resize=350%2C200 1x, https:\/\/i0.wp.com\/zeromagazine.mx\/wp-content\/uploads\/2024\/11\/OPENING-LCI-BARCELONA_MORNING15-scaled.jpg?fit=1200%2C800&ssl=1&resize=525%2C300 1.5x, https:\/\/i0.wp.com\/zeromagazine.mx\/wp-content\/uploads\/2024\/11\/OPENING-LCI-BARCELONA_MORNING15-scaled.jpg?fit=1200%2C800&ssl=1&resize=700%2C400 2x, https:\/\/i0.wp.com\/zeromagazine.mx\/wp-content\/uploads\/2024\/11\/OPENING-LCI-BARCELONA_MORNING15-scaled.jpg?fit=1200%2C800&ssl=1&resize=1050%2C600 3x"},"classes":[]},{"id":114383,"url":"https:\/\/zeromagazine.mx\/index.php\/2026\/01\/29\/premios-platino-xcaret-preselecciones-2025\/","url_meta":{"origin":83841,"position":3},"title":"Premios PLATINO XCARET: M\u00e9xico Lidera","author":"zeromagazinemx","date":"29 de enero de 2026","format":false,"excerpt":"Si te gusta seguir el cine iberoamericano, las premiaciones con drama, talento y conversaci\u00f3n cultural real, prep\u00e1rate: los Premios PLATINO XCARET acaban de revelar las preselecciones de su XIII edici\u00f3n, y M\u00e9xico viene fuerte \u2014muy fuerte. Entre las producciones mexicanas m\u00e1s destacadas est\u00e1n \u201cNo nos mover\u00e1n\u201d de Pierre Saint-Martin Castellanos\u2026","rel":"","context":"En \u00abCine\u00bb","block_context":{"text":"Cine","link":"https:\/\/zeromagazine.mx\/index.php\/category\/entretenimiento\/cine\/"},"img":{"alt_text":"","src":"https:\/\/i0.wp.com\/zeromagazine.mx\/wp-content\/uploads\/2026\/01\/unnamed-3-1-scaled.jpg?fit=1200%2C800&ssl=1&resize=350%2C200","width":350,"height":200,"srcset":"https:\/\/i0.wp.com\/zeromagazine.mx\/wp-content\/uploads\/2026\/01\/unnamed-3-1-scaled.jpg?fit=1200%2C800&ssl=1&resize=350%2C200 1x, https:\/\/i0.wp.com\/zeromagazine.mx\/wp-content\/uploads\/2026\/01\/unnamed-3-1-scaled.jpg?fit=1200%2C800&ssl=1&resize=525%2C300 1.5x, https:\/\/i0.wp.com\/zeromagazine.mx\/wp-content\/uploads\/2026\/01\/unnamed-3-1-scaled.jpg?fit=1200%2C800&ssl=1&resize=700%2C400 2x, https:\/\/i0.wp.com\/zeromagazine.mx\/wp-content\/uploads\/2026\/01\/unnamed-3-1-scaled.jpg?fit=1200%2C800&ssl=1&resize=1050%2C600 3x"},"classes":[]},{"id":112471,"url":"https:\/\/zeromagazine.mx\/index.php\/2025\/12\/30\/arco-pelicula-animada-mubi-cines\/","url_meta":{"origin":83841,"position":4},"title":"ARCO llega a cines","author":"zeromagazinemx","date":"30 de diciembre de 2025","format":false,"excerpt":"Hay pel\u00edculas que no solo se ven: se sienten. ARCO es una de ellas. La nueva joya animada que MUBI traer\u00e1 a los cines de M\u00e9xico y Latinoam\u00e9rica este 5 de febrero de 2026 no solo acaba de ganar el Premio Cristal en Annecy y una nominaci\u00f3n a los Globos\u2026","rel":"","context":"En \u00abCine\u00bb","block_context":{"text":"Cine","link":"https:\/\/zeromagazine.mx\/index.php\/category\/entretenimiento\/cine\/"},"img":{"alt_text":"","src":"https:\/\/i0.wp.com\/zeromagazine.mx\/wp-content\/uploads\/2025\/12\/ARCO_DigitalOneSheet_ES-scaled.jpg?fit=810%2C1200&ssl=1&resize=350%2C200","width":350,"height":200,"srcset":"https:\/\/i0.wp.com\/zeromagazine.mx\/wp-content\/uploads\/2025\/12\/ARCO_DigitalOneSheet_ES-scaled.jpg?fit=810%2C1200&ssl=1&resize=350%2C200 1x, https:\/\/i0.wp.com\/zeromagazine.mx\/wp-content\/uploads\/2025\/12\/ARCO_DigitalOneSheet_ES-scaled.jpg?fit=810%2C1200&ssl=1&resize=525%2C300 1.5x, https:\/\/i0.wp.com\/zeromagazine.mx\/wp-content\/uploads\/2025\/12\/ARCO_DigitalOneSheet_ES-scaled.jpg?fit=810%2C1200&ssl=1&resize=700%2C400 2x"},"classes":[]},{"id":95781,"url":"https:\/\/zeromagazine.mx\/index.php\/2025\/02\/06\/revive-una-joya-de-studio-ghibli-en-cinepolis\/","url_meta":{"origin":83841,"position":5},"title":"Revive una Joya de Studio Ghibli en Cin\u00e9polis","author":"David Morales","date":"6 de febrero de 2025","format":false,"excerpt":"Revive La Emoci\u00f3n en Cin\u00e9polis La nostalgia y el arte de la animaci\u00f3n japonesa regresan a las salas de mexicanas con una historia que deja huella. Amix, si alguna vez sintieron que el cine puede tocar el alma, es momento de revivir la emoci\u00f3n en el cine. El reestreno de\u2026","rel":"","context":"En \u00abCine\u00bb","block_context":{"text":"Cine","link":"https:\/\/zeromagazine.mx\/index.php\/category\/entretenimiento\/cine\/"},"img":{"alt_text":"","src":"https:\/\/i0.wp.com\/zeromagazine.mx\/wp-content\/uploads\/2025\/02\/image002.jpg?fit=571%2C815&ssl=1&resize=350%2C200","width":350,"height":200,"srcset":"https:\/\/i0.wp.com\/zeromagazine.mx\/wp-content\/uploads\/2025\/02\/image002.jpg?fit=571%2C815&ssl=1&resize=350%2C200 1x, https:\/\/i0.wp.com\/zeromagazine.mx\/wp-content\/uploads\/2025\/02\/image002.jpg?fit=571%2C815&ssl=1&resize=525%2C300 1.5x"},"classes":[]}],"jetpack_sharing_enabled":true,"builder_content":"","_links":{"self":[{"href":"https:\/\/zeromagazine.mx\/index.php\/wp-json\/wp\/v2\/posts\/83841","targetHints":{"allow":["GET"]}}],"collection":[{"href":"https:\/\/zeromagazine.mx\/index.php\/wp-json\/wp\/v2\/posts"}],"about":[{"href":"https:\/\/zeromagazine.mx\/index.php\/wp-json\/wp\/v2\/types\/post"}],"author":[{"embeddable":true,"href":"https:\/\/zeromagazine.mx\/index.php\/wp-json\/wp\/v2\/users\/2"}],"replies":[{"embeddable":true,"href":"https:\/\/zeromagazine.mx\/index.php\/wp-json\/wp\/v2\/comments?post=83841"}],"version-history":[{"count":1,"href":"https:\/\/zeromagazine.mx\/index.php\/wp-json\/wp\/v2\/posts\/83841\/revisions"}],"predecessor-version":[{"id":83844,"href":"https:\/\/zeromagazine.mx\/index.php\/wp-json\/wp\/v2\/posts\/83841\/revisions\/83844"}],"wp:featuredmedia":[{"embeddable":true,"href":"https:\/\/zeromagazine.mx\/index.php\/wp-json\/wp\/v2\/media\/83842"}],"wp:attachment":[{"href":"https:\/\/zeromagazine.mx\/index.php\/wp-json\/wp\/v2\/media?parent=83841"}],"wp:term":[{"taxonomy":"category","embeddable":true,"href":"https:\/\/zeromagazine.mx\/index.php\/wp-json\/wp\/v2\/categories?post=83841"},{"taxonomy":"post_tag","embeddable":true,"href":"https:\/\/zeromagazine.mx\/index.php\/wp-json\/wp\/v2\/tags?post=83841"}],"curies":[{"name":"wp","href":"https:\/\/api.w.org\/{rel}","templated":true}]}}