{"id":83944,"date":"2024-09-17T18:29:55","date_gmt":"2024-09-17T16:29:55","guid":{"rendered":"https:\/\/zeromagazine.mx\/?p=83944"},"modified":"2024-09-17T18:37:55","modified_gmt":"2024-09-17T16:37:55","slug":"septiembre-en-mitikah-pura-fiesta","status":"publish","type":"post","link":"https:\/\/zeromagazine.mx\/index.php\/2024\/09\/17\/septiembre-en-mitikah-pura-fiesta\/","title":{"rendered":"\u00abSeptiembre en M\u00edtikah: \u00a1Pura Fiesta!\u00bb"},"content":{"rendered":"<p>\u00a1Holaaa, mi gente chida! Este septiembre, <strong>M\u00edtikah Centro Comercial <\/strong>est\u00e1 m\u00e1s hot que nunca y tiene todo listo para que vivas la fiesta m\u00e1s \u00e9pica del a\u00f1o. Desde eventos que te har\u00e1n vibrar hasta actividades que te conectan con lo mejor de nuestras tradiciones, este mes es el combo perfecto para disfrutar una experiencia alucinante. As\u00ed que, pon atenci\u00f3n porque aqu\u00ed te cuento todo lo que no te puedes perder.<\/p>\n\n\n\n<h2 class=\"wp-block-heading\">Dos A\u00f1os de M\u00edtikah<\/h2>\n\n\n\n<p>Primero lo primero, <strong>\u00a1Feliz cumple, M\u00edtikah<\/strong>! Ya son dos a\u00f1os de pura buena vibra y diversi\u00f3n, y este mes la celebraci\u00f3n va a estar \u00e9pica. El 21 y 22 de septiembre, anota esas fechas porque son clave para festejar con todo. Si te late la m\u00fasica, el arte o simplemente pasarla bien, este es el lugar donde debes estar.<\/p>\n\n\n<div class=\"wp-block-image\">\n<figure class=\"aligncenter size-full\"><img data-recalc-dims=\"1\" decoding=\"async\" width=\"720\" height=\"1280\" src=\"https:\/\/i0.wp.com\/zeromagazine.mx\/wp-content\/uploads\/2024\/09\/Mariachi-Mitikah.jpeg?resize=720%2C1280&#038;ssl=1\" alt=\"Aniversario M\u00edtikah: Planes \u00c9picos, te trae un fin de semana lleno de m\u00fasica, arte y eventos \u00fanicos. Desde conciertos hasta exposiciones visuales incre\u00edbles, este aniversario promete ser una experiencia inolvidable.\" class=\"wp-image-83945\" srcset=\"https:\/\/i0.wp.com\/zeromagazine.mx\/wp-content\/uploads\/2024\/09\/Mariachi-Mitikah.jpeg?w=720&amp;ssl=1 720w, https:\/\/i0.wp.com\/zeromagazine.mx\/wp-content\/uploads\/2024\/09\/Mariachi-Mitikah.jpeg?resize=169%2C300&amp;ssl=1 169w, https:\/\/i0.wp.com\/zeromagazine.mx\/wp-content\/uploads\/2024\/09\/Mariachi-Mitikah.jpeg?resize=576%2C1024&amp;ssl=1 576w\" sizes=\"(max-width: 720px) 100vw, 720px\" \/><\/figure>\n<\/div>\n\n\n<p><\/p>\n\n\n\n<h2 class=\"wp-block-heading\">Cuidado de Piel<\/h2>\n\n\n\n<p>El 21 y 22 de septiembre, de 11 am a 6 pm, el <strong>Tasting Room<\/strong> se convertir\u00e1 en un beauty spa al estilo <strong>Hawaiian Tropic<\/strong>.  Si te interesa saber c\u00f3mo cuidar tu piel con productos top, esta es tu chance. Las expertas estar\u00e1n ah\u00ed para ayudarte a elegir el bloqueador perfecto para tu tipo de piel. <\/p>\n\n\n\n<h2 class=\"wp-block-heading\">Arte Que Te Lleva a Otro Mundo<\/h2>\n\n\n\n<p>Si eres fan del arte y los colores te emocionan, la exposici\u00f3n de <strong>Hilda M\u00e1rquez<\/strong> es un MUST. Del 9 al 20 de septiembre y del 23 de septiembre al 4 de octubre, podr\u00e1s perderte en su mundo art\u00edstico.  Desde una reinterpretaci\u00f3n del ic\u00f3nico \u00ab<strong>El Beso<\/strong>\u00bb de <strong>Klimt <\/strong>hasta una versi\u00f3n s\u00faper vibrante de <strong>Albert Einstein<\/strong> sacando la lengua, esta expo te volar\u00e1 la cabeza.<\/p>\n\n\n\n<h2 class=\"wp-block-heading\">Eventos Que Te Pondr\u00e1n de Buenas<\/h2>\n\n\n\n<p>\u00bfPreparadx para m\u00e1s? Aqu\u00ed van los happenings que har\u00e1n que tu septiembre sea inolvidable:<\/p>\n\n\n\n<p><strong>Ballet Folkl\u00f3rico y M\u00fasica Mexicana<\/strong><\/p>\n\n\n\n<p>El 14 de septiembre tienes que estar al tiro. A las 2 pm, 4 pm y 6 pm, no te pierdas el recorrido por el track que termina en la dona frente al Palacio de Hierro.  Con el ballet folkl\u00f3rico y su vibra energ\u00e9tica, te vas a llenar del mood patrio.<\/p>\n\n\n\n<script async src=\"https:\/\/pagead2.googlesyndication.com\/pagead\/js\/adsbygoogle.js?client=ca-pub-5499304793904745\"\n     crossorigin=\"anonymous\"><\/script>\n<ins class=\"adsbygoogle\"\n     style=\"display:block; text-align:center;\"\n     data-ad-layout=\"in-article\"\n     data-ad-format=\"fluid\"\n     data-ad-client=\"ca-pub-5499304793904745\"\n     data-ad-slot=\"5994863093\"><\/ins>\n<script>\n     (adsbygoogle = window.adsbygoogle || []).push({});\n<\/script>\n\n\n\n<p><\/p>\n\n\n\n<p>El 15 de septiembre, no te puedes perder el concierto en homenaje a los compositores mexicanos que nos han regalado canciones memorables. La dona ser\u00e1 el centro de esta fiesta musical que te llevar\u00e1 directo al coraz\u00f3n de M\u00e9xico.<\/p>\n\n\n\n<h2 class=\"wp-block-heading\">El Conciertazo de Aniversario<\/h2>\n\n\n\n<p>\u00a1Aqu\u00ed viene lo bueno! El 21 de septiembre a las 4 pm, l\u00e1nzate al gran concierto con el mariachi m\u00e1s grande de M\u00e9xico. Va a ser una tarde llena de m\u00fasica, sonrisas y una fiesta nivel Dios. \u00bfQu\u00e9 mejor manera de celebrar el aniversario de <strong>M\u00edtikah <\/strong>que con un mariachi que har\u00e1 retumbar el centro comercial?<\/p>\n\n\n\n<h2 class=\"wp-block-heading\">Domingo de Degustaciones y<\/h2>\n\n\n\n<p>El 22 de septiembre, de 2 pm a 6 pm, p\u00e1sate por las degustaciones que los locatarios tendr\u00e1n para ti. Es el momento perfecto para saborear lo mejor de la gastronom\u00eda mientras te relajas con el ambiente festivo.<\/p>\n\n\n\n<script async src=\"https:\/\/pagead2.googlesyndication.com\/pagead\/js\/adsbygoogle.js?client=ca-pub-5499304793904745\"\r\n     crossorigin=\"anonymous\"><\/script>\r\n<ins class=\"adsbygoogle\"\r\n     style=\"display:block; text-align:center;\"\r\n     data-ad-layout=\"in-article\"\r\n     data-ad-format=\"fluid\"\r\n     data-ad-client=\"ca-pub-5499304793904745\"\r\n     data-ad-slot=\"5994863093\"><\/ins>\r\n<script>\r\n     (adsbygoogle = window.adsbygoogle || []).push({});\r\n<\/script>\n\n\n\n<p><\/p>\n\n\n\n<p>Para m\u00e1s info sobre todos los eventos, date una vuelta por el sitio web de M\u00edtikah y mantente atentx a todas las sorpresas que vienen. Nos vemos en el centro comercial para seguir la fiesta y celebrar juntos estos dos a\u00f1os de pura magia.<\/p>\n\n\n\n<p><\/p>\n\n<!--themify_builder_content-->\n<div id=\"themify_builder_content-83944\" data-postid=\"83944\" class=\"themify_builder_content themify_builder_content-83944 themify_builder tf_clear\">\n    <\/div>\n<!--\/themify_builder_content-->","protected":false},"excerpt":{"rendered":"<p>\u00a1Holaaa, mi gente chida! Este septiembre, M\u00edtikah Centro Comercial est\u00e1 m\u00e1s hot que nunca y tiene todo listo para que vivas la fiesta m\u00e1s \u00e9pica del a\u00f1o. Desde eventos que te har\u00e1n vibrar hasta actividades que te conectan con lo mejor de nuestras tradiciones, este mes es el combo perfecto para disfrutar una experiencia alucinante. [&hellip;]<\/p>\n","protected":false},"author":2,"featured_media":83945,"comment_status":"open","ping_status":"open","sticky":false,"template":"","format":"standard","meta":{"_jetpack_memberships_contains_paid_content":false,"footnotes":"","jetpack_publicize_message":"","jetpack_publicize_feature_enabled":true,"jetpack_social_post_already_shared":true,"jetpack_social_options":{"image_generator_settings":{"template":"highway","default_image_id":0,"font":"","enabled":false},"version":2}},"categories":[322],"tags":[6803,7657,10332,9861,10331],"class_list":["post-83944","post","type-post","status-publish","format-standard","has-post-thumbnail","hentry","category-lugares","tag-aniversario","tag-centro-comercial","tag-hilda-marquez","tag-mitikah","tag-tasting-room","has-post-title","has-post-date","has-post-category","has-post-tag","has-post-comment","has-post-author",""],"yoast_head":"<!-- This site is optimized with the Yoast SEO plugin v27.4 - https:\/\/yoast.com\/product\/yoast-seo-wordpress\/ -->\n<title>&quot;Septiembre en M\u00edtikah: \u00a1Pura Fiesta!&quot; - Zero Magazine<\/title>\n<meta name=\"robots\" content=\"index, follow, max-snippet:-1, max-image-preview:large, max-video-preview:-1\" \/>\n<link rel=\"canonical\" href=\"https:\/\/zeromagazine.mx\/index.php\/2024\/09\/17\/septiembre-en-mitikah-pura-fiesta\/\" \/>\n<meta property=\"og:locale\" content=\"es_ES\" \/>\n<meta property=\"og:type\" content=\"article\" \/>\n<meta property=\"og:title\" content=\"&quot;Septiembre en M\u00edtikah: \u00a1Pura Fiesta!&quot; - Zero Magazine\" \/>\n<meta property=\"og:description\" content=\"\u00a1Holaaa, mi gente chida! Este septiembre, M\u00edtikah Centro Comercial est\u00e1 m\u00e1s hot que nunca y tiene todo listo para que vivas la fiesta m\u00e1s \u00e9pica del a\u00f1o. Desde eventos que te har\u00e1n vibrar hasta actividades que te conectan con lo mejor de nuestras tradiciones, este mes es el combo perfecto para disfrutar una experiencia alucinante. [&hellip;]\" \/>\n<meta property=\"og:url\" content=\"https:\/\/zeromagazine.mx\/index.php\/2024\/09\/17\/septiembre-en-mitikah-pura-fiesta\/\" \/>\n<meta property=\"og:site_name\" content=\"Zero Magazine\" \/>\n<meta property=\"article:published_time\" content=\"2024-09-17T16:29:55+00:00\" \/>\n<meta property=\"article:modified_time\" content=\"2024-09-17T16:37:55+00:00\" \/>\n<meta property=\"og:image\" content=\"https:\/\/i0.wp.com\/zeromagazine.mx\/wp-content\/uploads\/2024\/09\/Mariachi-Mitikah.jpeg?fit=720%2C1280&ssl=1\" \/>\n\t<meta property=\"og:image:width\" content=\"720\" \/>\n\t<meta property=\"og:image:height\" content=\"1280\" \/>\n\t<meta property=\"og:image:type\" content=\"image\/jpeg\" \/>\n<meta name=\"author\" content=\"zeromagazinemx\" \/>\n<meta name=\"twitter:card\" content=\"summary_large_image\" \/>\n<meta name=\"twitter:label1\" content=\"Escrito por\" \/>\n\t<meta name=\"twitter:data1\" content=\"zeromagazinemx\" \/>\n\t<meta name=\"twitter:label2\" content=\"Tiempo de lectura\" \/>\n\t<meta name=\"twitter:data2\" content=\"3 minutos\" \/>\n<script type=\"application\/ld+json\" class=\"yoast-schema-graph\">{\"@context\":\"https:\\\/\\\/schema.org\",\"@graph\":[{\"@type\":\"Article\",\"@id\":\"https:\\\/\\\/zeromagazine.mx\\\/index.php\\\/2024\\\/09\\\/17\\\/septiembre-en-mitikah-pura-fiesta\\\/#article\",\"isPartOf\":{\"@id\":\"https:\\\/\\\/zeromagazine.mx\\\/index.php\\\/2024\\\/09\\\/17\\\/septiembre-en-mitikah-pura-fiesta\\\/\"},\"author\":{\"name\":\"zeromagazinemx\",\"@id\":\"https:\\\/\\\/zeromagazine.mx\\\/#\\\/schema\\\/person\\\/9aed9f33a7c39af3a348b86d723f7773\"},\"headline\":\"\u00abSeptiembre en M\u00edtikah: \u00a1Pura Fiesta!\u00bb\",\"datePublished\":\"2024-09-17T16:29:55+00:00\",\"dateModified\":\"2024-09-17T16:37:55+00:00\",\"mainEntityOfPage\":{\"@id\":\"https:\\\/\\\/zeromagazine.mx\\\/index.php\\\/2024\\\/09\\\/17\\\/septiembre-en-mitikah-pura-fiesta\\\/\"},\"wordCount\":554,\"commentCount\":0,\"publisher\":{\"@id\":\"https:\\\/\\\/zeromagazine.mx\\\/#organization\"},\"image\":{\"@id\":\"https:\\\/\\\/zeromagazine.mx\\\/index.php\\\/2024\\\/09\\\/17\\\/septiembre-en-mitikah-pura-fiesta\\\/#primaryimage\"},\"thumbnailUrl\":\"https:\\\/\\\/i0.wp.com\\\/zeromagazine.mx\\\/wp-content\\\/uploads\\\/2024\\\/09\\\/Mariachi-Mitikah.jpeg?fit=720%2C1280&ssl=1\",\"keywords\":[\"Aniversario\",\"Centro comercial\",\"Hilda M\u00e1rquez\",\"M\u00edtikah\",\"Tasting Room\"],\"articleSection\":[\"Viajes\"],\"inLanguage\":\"es\",\"potentialAction\":[{\"@type\":\"CommentAction\",\"name\":\"Comment\",\"target\":[\"https:\\\/\\\/zeromagazine.mx\\\/index.php\\\/2024\\\/09\\\/17\\\/septiembre-en-mitikah-pura-fiesta\\\/#respond\"]}]},{\"@type\":\"WebPage\",\"@id\":\"https:\\\/\\\/zeromagazine.mx\\\/index.php\\\/2024\\\/09\\\/17\\\/septiembre-en-mitikah-pura-fiesta\\\/\",\"url\":\"https:\\\/\\\/zeromagazine.mx\\\/index.php\\\/2024\\\/09\\\/17\\\/septiembre-en-mitikah-pura-fiesta\\\/\",\"name\":\"\\\"Septiembre en M\u00edtikah: \u00a1Pura Fiesta!\\\" - Zero Magazine\",\"isPartOf\":{\"@id\":\"https:\\\/\\\/zeromagazine.mx\\\/#website\"},\"primaryImageOfPage\":{\"@id\":\"https:\\\/\\\/zeromagazine.mx\\\/index.php\\\/2024\\\/09\\\/17\\\/septiembre-en-mitikah-pura-fiesta\\\/#primaryimage\"},\"image\":{\"@id\":\"https:\\\/\\\/zeromagazine.mx\\\/index.php\\\/2024\\\/09\\\/17\\\/septiembre-en-mitikah-pura-fiesta\\\/#primaryimage\"},\"thumbnailUrl\":\"https:\\\/\\\/i0.wp.com\\\/zeromagazine.mx\\\/wp-content\\\/uploads\\\/2024\\\/09\\\/Mariachi-Mitikah.jpeg?fit=720%2C1280&ssl=1\",\"datePublished\":\"2024-09-17T16:29:55+00:00\",\"dateModified\":\"2024-09-17T16:37:55+00:00\",\"breadcrumb\":{\"@id\":\"https:\\\/\\\/zeromagazine.mx\\\/index.php\\\/2024\\\/09\\\/17\\\/septiembre-en-mitikah-pura-fiesta\\\/#breadcrumb\"},\"inLanguage\":\"es\",\"potentialAction\":[{\"@type\":\"ReadAction\",\"target\":[\"https:\\\/\\\/zeromagazine.mx\\\/index.php\\\/2024\\\/09\\\/17\\\/septiembre-en-mitikah-pura-fiesta\\\/\"]}]},{\"@type\":\"ImageObject\",\"inLanguage\":\"es\",\"@id\":\"https:\\\/\\\/zeromagazine.mx\\\/index.php\\\/2024\\\/09\\\/17\\\/septiembre-en-mitikah-pura-fiesta\\\/#primaryimage\",\"url\":\"https:\\\/\\\/i0.wp.com\\\/zeromagazine.mx\\\/wp-content\\\/uploads\\\/2024\\\/09\\\/Mariachi-Mitikah.jpeg?fit=720%2C1280&ssl=1\",\"contentUrl\":\"https:\\\/\\\/i0.wp.com\\\/zeromagazine.mx\\\/wp-content\\\/uploads\\\/2024\\\/09\\\/Mariachi-Mitikah.jpeg?fit=720%2C1280&ssl=1\",\"width\":720,\"height\":1280},{\"@type\":\"BreadcrumbList\",\"@id\":\"https:\\\/\\\/zeromagazine.mx\\\/index.php\\\/2024\\\/09\\\/17\\\/septiembre-en-mitikah-pura-fiesta\\\/#breadcrumb\",\"itemListElement\":[{\"@type\":\"ListItem\",\"position\":1,\"name\":\"Portada\",\"item\":\"https:\\\/\\\/zeromagazine.mx\\\/\"},{\"@type\":\"ListItem\",\"position\":2,\"name\":\"\u00abSeptiembre en M\u00edtikah: \u00a1Pura Fiesta!\u00bb\"}]},{\"@type\":\"WebSite\",\"@id\":\"https:\\\/\\\/zeromagazine.mx\\\/#website\",\"url\":\"https:\\\/\\\/zeromagazine.mx\\\/\",\"name\":\"Zero Magazine\",\"description\":\"\",\"publisher\":{\"@id\":\"https:\\\/\\\/zeromagazine.mx\\\/#organization\"},\"potentialAction\":[{\"@type\":\"SearchAction\",\"target\":{\"@type\":\"EntryPoint\",\"urlTemplate\":\"https:\\\/\\\/zeromagazine.mx\\\/?s={search_term_string}\"},\"query-input\":{\"@type\":\"PropertyValueSpecification\",\"valueRequired\":true,\"valueName\":\"search_term_string\"}}],\"inLanguage\":\"es\"},{\"@type\":\"Organization\",\"@id\":\"https:\\\/\\\/zeromagazine.mx\\\/#organization\",\"name\":\"Zero Magazine\",\"url\":\"https:\\\/\\\/zeromagazine.mx\\\/\",\"logo\":{\"@type\":\"ImageObject\",\"inLanguage\":\"es\",\"@id\":\"https:\\\/\\\/zeromagazine.mx\\\/#\\\/schema\\\/logo\\\/image\\\/\",\"url\":\"https:\\\/\\\/i0.wp.com\\\/zeromagazine.mx\\\/wp-content\\\/uploads\\\/2025\\\/11\\\/1.jpeg?fit=1000%2C1000&ssl=1\",\"contentUrl\":\"https:\\\/\\\/i0.wp.com\\\/zeromagazine.mx\\\/wp-content\\\/uploads\\\/2025\\\/11\\\/1.jpeg?fit=1000%2C1000&ssl=1\",\"width\":1000,\"height\":1000,\"caption\":\"Zero Magazine\"},\"image\":{\"@id\":\"https:\\\/\\\/zeromagazine.mx\\\/#\\\/schema\\\/logo\\\/image\\\/\"},\"sameAs\":[\"https:\\\/\\\/instagram.com\\\/zeromagazinemx\"]},{\"@type\":\"Person\",\"@id\":\"https:\\\/\\\/zeromagazine.mx\\\/#\\\/schema\\\/person\\\/9aed9f33a7c39af3a348b86d723f7773\",\"name\":\"zeromagazinemx\",\"image\":{\"@type\":\"ImageObject\",\"inLanguage\":\"es\",\"@id\":\"https:\\\/\\\/zeromagazine.mx\\\/wp-content\\\/litespeed\\\/avatar\\\/f91dfe5410d5dcb1a576bf8c45983896.jpg?ver=1776966396\",\"url\":\"https:\\\/\\\/zeromagazine.mx\\\/wp-content\\\/litespeed\\\/avatar\\\/f91dfe5410d5dcb1a576bf8c45983896.jpg?ver=1776966396\",\"contentUrl\":\"https:\\\/\\\/zeromagazine.mx\\\/wp-content\\\/litespeed\\\/avatar\\\/f91dfe5410d5dcb1a576bf8c45983896.jpg?ver=1776966396\",\"caption\":\"zeromagazinemx\"},\"url\":\"https:\\\/\\\/zeromagazine.mx\\\/index.php\\\/author\\\/zeromagazinemx\\\/\"}]}<\/script>\n<!-- \/ Yoast SEO plugin. -->","yoast_head_json":{"title":"\"Septiembre en M\u00edtikah: \u00a1Pura Fiesta!\" - Zero Magazine","robots":{"index":"index","follow":"follow","max-snippet":"max-snippet:-1","max-image-preview":"max-image-preview:large","max-video-preview":"max-video-preview:-1"},"canonical":"https:\/\/zeromagazine.mx\/index.php\/2024\/09\/17\/septiembre-en-mitikah-pura-fiesta\/","og_locale":"es_ES","og_type":"article","og_title":"\"Septiembre en M\u00edtikah: \u00a1Pura Fiesta!\" - Zero Magazine","og_description":"\u00a1Holaaa, mi gente chida! Este septiembre, M\u00edtikah Centro Comercial est\u00e1 m\u00e1s hot que nunca y tiene todo listo para que vivas la fiesta m\u00e1s \u00e9pica del a\u00f1o. Desde eventos que te har\u00e1n vibrar hasta actividades que te conectan con lo mejor de nuestras tradiciones, este mes es el combo perfecto para disfrutar una experiencia alucinante. [&hellip;]","og_url":"https:\/\/zeromagazine.mx\/index.php\/2024\/09\/17\/septiembre-en-mitikah-pura-fiesta\/","og_site_name":"Zero Magazine","article_published_time":"2024-09-17T16:29:55+00:00","article_modified_time":"2024-09-17T16:37:55+00:00","og_image":[{"width":720,"height":1280,"url":"https:\/\/i0.wp.com\/zeromagazine.mx\/wp-content\/uploads\/2024\/09\/Mariachi-Mitikah.jpeg?fit=720%2C1280&ssl=1","type":"image\/jpeg"}],"author":"zeromagazinemx","twitter_card":"summary_large_image","twitter_misc":{"Escrito por":"zeromagazinemx","Tiempo de lectura":"3 minutos"},"schema":{"@context":"https:\/\/schema.org","@graph":[{"@type":"Article","@id":"https:\/\/zeromagazine.mx\/index.php\/2024\/09\/17\/septiembre-en-mitikah-pura-fiesta\/#article","isPartOf":{"@id":"https:\/\/zeromagazine.mx\/index.php\/2024\/09\/17\/septiembre-en-mitikah-pura-fiesta\/"},"author":{"name":"zeromagazinemx","@id":"https:\/\/zeromagazine.mx\/#\/schema\/person\/9aed9f33a7c39af3a348b86d723f7773"},"headline":"\u00abSeptiembre en M\u00edtikah: \u00a1Pura Fiesta!\u00bb","datePublished":"2024-09-17T16:29:55+00:00","dateModified":"2024-09-17T16:37:55+00:00","mainEntityOfPage":{"@id":"https:\/\/zeromagazine.mx\/index.php\/2024\/09\/17\/septiembre-en-mitikah-pura-fiesta\/"},"wordCount":554,"commentCount":0,"publisher":{"@id":"https:\/\/zeromagazine.mx\/#organization"},"image":{"@id":"https:\/\/zeromagazine.mx\/index.php\/2024\/09\/17\/septiembre-en-mitikah-pura-fiesta\/#primaryimage"},"thumbnailUrl":"https:\/\/i0.wp.com\/zeromagazine.mx\/wp-content\/uploads\/2024\/09\/Mariachi-Mitikah.jpeg?fit=720%2C1280&ssl=1","keywords":["Aniversario","Centro comercial","Hilda M\u00e1rquez","M\u00edtikah","Tasting Room"],"articleSection":["Viajes"],"inLanguage":"es","potentialAction":[{"@type":"CommentAction","name":"Comment","target":["https:\/\/zeromagazine.mx\/index.php\/2024\/09\/17\/septiembre-en-mitikah-pura-fiesta\/#respond"]}]},{"@type":"WebPage","@id":"https:\/\/zeromagazine.mx\/index.php\/2024\/09\/17\/septiembre-en-mitikah-pura-fiesta\/","url":"https:\/\/zeromagazine.mx\/index.php\/2024\/09\/17\/septiembre-en-mitikah-pura-fiesta\/","name":"\"Septiembre en M\u00edtikah: \u00a1Pura Fiesta!\" - Zero Magazine","isPartOf":{"@id":"https:\/\/zeromagazine.mx\/#website"},"primaryImageOfPage":{"@id":"https:\/\/zeromagazine.mx\/index.php\/2024\/09\/17\/septiembre-en-mitikah-pura-fiesta\/#primaryimage"},"image":{"@id":"https:\/\/zeromagazine.mx\/index.php\/2024\/09\/17\/septiembre-en-mitikah-pura-fiesta\/#primaryimage"},"thumbnailUrl":"https:\/\/i0.wp.com\/zeromagazine.mx\/wp-content\/uploads\/2024\/09\/Mariachi-Mitikah.jpeg?fit=720%2C1280&ssl=1","datePublished":"2024-09-17T16:29:55+00:00","dateModified":"2024-09-17T16:37:55+00:00","breadcrumb":{"@id":"https:\/\/zeromagazine.mx\/index.php\/2024\/09\/17\/septiembre-en-mitikah-pura-fiesta\/#breadcrumb"},"inLanguage":"es","potentialAction":[{"@type":"ReadAction","target":["https:\/\/zeromagazine.mx\/index.php\/2024\/09\/17\/septiembre-en-mitikah-pura-fiesta\/"]}]},{"@type":"ImageObject","inLanguage":"es","@id":"https:\/\/zeromagazine.mx\/index.php\/2024\/09\/17\/septiembre-en-mitikah-pura-fiesta\/#primaryimage","url":"https:\/\/i0.wp.com\/zeromagazine.mx\/wp-content\/uploads\/2024\/09\/Mariachi-Mitikah.jpeg?fit=720%2C1280&ssl=1","contentUrl":"https:\/\/i0.wp.com\/zeromagazine.mx\/wp-content\/uploads\/2024\/09\/Mariachi-Mitikah.jpeg?fit=720%2C1280&ssl=1","width":720,"height":1280},{"@type":"BreadcrumbList","@id":"https:\/\/zeromagazine.mx\/index.php\/2024\/09\/17\/septiembre-en-mitikah-pura-fiesta\/#breadcrumb","itemListElement":[{"@type":"ListItem","position":1,"name":"Portada","item":"https:\/\/zeromagazine.mx\/"},{"@type":"ListItem","position":2,"name":"\u00abSeptiembre en M\u00edtikah: \u00a1Pura Fiesta!\u00bb"}]},{"@type":"WebSite","@id":"https:\/\/zeromagazine.mx\/#website","url":"https:\/\/zeromagazine.mx\/","name":"Zero Magazine","description":"","publisher":{"@id":"https:\/\/zeromagazine.mx\/#organization"},"potentialAction":[{"@type":"SearchAction","target":{"@type":"EntryPoint","urlTemplate":"https:\/\/zeromagazine.mx\/?s={search_term_string}"},"query-input":{"@type":"PropertyValueSpecification","valueRequired":true,"valueName":"search_term_string"}}],"inLanguage":"es"},{"@type":"Organization","@id":"https:\/\/zeromagazine.mx\/#organization","name":"Zero Magazine","url":"https:\/\/zeromagazine.mx\/","logo":{"@type":"ImageObject","inLanguage":"es","@id":"https:\/\/zeromagazine.mx\/#\/schema\/logo\/image\/","url":"https:\/\/i0.wp.com\/zeromagazine.mx\/wp-content\/uploads\/2025\/11\/1.jpeg?fit=1000%2C1000&ssl=1","contentUrl":"https:\/\/i0.wp.com\/zeromagazine.mx\/wp-content\/uploads\/2025\/11\/1.jpeg?fit=1000%2C1000&ssl=1","width":1000,"height":1000,"caption":"Zero Magazine"},"image":{"@id":"https:\/\/zeromagazine.mx\/#\/schema\/logo\/image\/"},"sameAs":["https:\/\/instagram.com\/zeromagazinemx"]},{"@type":"Person","@id":"https:\/\/zeromagazine.mx\/#\/schema\/person\/9aed9f33a7c39af3a348b86d723f7773","name":"zeromagazinemx","image":{"@type":"ImageObject","inLanguage":"es","@id":"https:\/\/zeromagazine.mx\/wp-content\/litespeed\/avatar\/f91dfe5410d5dcb1a576bf8c45983896.jpg?ver=1776966396","url":"https:\/\/zeromagazine.mx\/wp-content\/litespeed\/avatar\/f91dfe5410d5dcb1a576bf8c45983896.jpg?ver=1776966396","contentUrl":"https:\/\/zeromagazine.mx\/wp-content\/litespeed\/avatar\/f91dfe5410d5dcb1a576bf8c45983896.jpg?ver=1776966396","caption":"zeromagazinemx"},"url":"https:\/\/zeromagazine.mx\/index.php\/author\/zeromagazinemx\/"}]}},"jetpack_publicize_connections":[],"jetpack_featured_media_url":"https:\/\/i0.wp.com\/zeromagazine.mx\/wp-content\/uploads\/2024\/09\/Mariachi-Mitikah.jpeg?fit=720%2C1280&ssl=1","jetpack-related-posts":[{"id":100050,"url":"https:\/\/zeromagazine.mx\/index.php\/2025\/03\/28\/arte-y-futbol-hecho-en-mexico\/","url_meta":{"origin":83944,"position":0},"title":"Arte Y F\u00fatbol Hecho En M\u00e9xico","author":"David Morales","date":"28 de marzo de 2025","format":false,"excerpt":"Amix, si eres de lxs que vibra con el arte y tambi\u00e9n con el f\u00fatbol, prep\u00e1rate porque hay una exposici\u00f3n que te va a volar la cabeza. Se trata de Hecho en M\u00e9xico: Mis pasiones, una muestra \u00e9pica del artista C\u00e9sar Menchaca, que fusiona lo mejor de nuestras ra\u00edces con\u2026","rel":"","context":"En \u00abCultura\u00bb","block_context":{"text":"Cultura","link":"https:\/\/zeromagazine.mx\/index.php\/category\/cultura\/"},"img":{"alt_text":"","src":"https:\/\/i0.wp.com\/zeromagazine.mx\/wp-content\/uploads\/2025\/03\/IMG_1755-scaled.jpeg?fit=900%2C1200&ssl=1&resize=350%2C200","width":350,"height":200,"srcset":"https:\/\/i0.wp.com\/zeromagazine.mx\/wp-content\/uploads\/2025\/03\/IMG_1755-scaled.jpeg?fit=900%2C1200&ssl=1&resize=350%2C200 1x, https:\/\/i0.wp.com\/zeromagazine.mx\/wp-content\/uploads\/2025\/03\/IMG_1755-scaled.jpeg?fit=900%2C1200&ssl=1&resize=525%2C300 1.5x, https:\/\/i0.wp.com\/zeromagazine.mx\/wp-content\/uploads\/2025\/03\/IMG_1755-scaled.jpeg?fit=900%2C1200&ssl=1&resize=700%2C400 2x"},"classes":[]},{"id":82257,"url":"https:\/\/zeromagazine.mx\/index.php\/2024\/08\/21\/malls-pet-friendly-que-debes-visitar\/","url_meta":{"origin":83944,"position":1},"title":"Malls Pet Friendly que Debes Visitar","author":"zeromagazinemx","date":"21 de agosto de 2024","format":false,"excerpt":"Si eres de lxs que nunca sale sin su perrhijo, este art\u00edculo es para ti. Porque, seamos realistas, \u00bfQu\u00e9 diversi\u00f3n tiene ir de shopping si tu furry bestie no puede venir? Hoy te traigo tres centros comerciales pet-friendly donde t\u00fa y tu compa de cuatro patas pueden pasarla bomba. No\u2026","rel":"","context":"En \u00abViajes\u00bb","block_context":{"text":"Viajes","link":"https:\/\/zeromagazine.mx\/index.php\/category\/lugares\/"},"img":{"alt_text":"","src":"https:\/\/i0.wp.com\/zeromagazine.mx\/wp-content\/uploads\/2024\/08\/gen6.jpeg?fit=1079%2C1079&ssl=1&resize=350%2C200","width":350,"height":200,"srcset":"https:\/\/i0.wp.com\/zeromagazine.mx\/wp-content\/uploads\/2024\/08\/gen6.jpeg?fit=1079%2C1079&ssl=1&resize=350%2C200 1x, https:\/\/i0.wp.com\/zeromagazine.mx\/wp-content\/uploads\/2024\/08\/gen6.jpeg?fit=1079%2C1079&ssl=1&resize=525%2C300 1.5x, https:\/\/i0.wp.com\/zeromagazine.mx\/wp-content\/uploads\/2024\/08\/gen6.jpeg?fit=1079%2C1079&ssl=1&resize=700%2C400 2x, https:\/\/i0.wp.com\/zeromagazine.mx\/wp-content\/uploads\/2024\/08\/gen6.jpeg?fit=1079%2C1079&ssl=1&resize=1050%2C600 3x"},"classes":[]},{"id":103894,"url":"https:\/\/zeromagazine.mx\/index.php\/2025\/05\/08\/estreno-de-karate-kid-leyendas\/","url_meta":{"origin":83944,"position":2},"title":"Estreno de Karate Kid: Leyendas","author":"David Morales","date":"8 de mayo de 2025","format":false,"excerpt":"Amix, si creciste viendo c\u00f3mo el Sr. Miyagi dec\u00eda \"dar cera, pulir cera\", prep\u00e1rate porque la nueva pel\u00edcula Karate Kid: Leyendas ya est\u00e1 en cartelera y viene con una mezcla brutal de emociones, artes marciales y esa nostalgia que pega directo en el kokoro. Porque s\u00ed, ahora pelea con dos\u2026","rel":"","context":"En \u00abEntretenimiento\u00bb","block_context":{"text":"Entretenimiento","link":"https:\/\/zeromagazine.mx\/index.php\/category\/entretenimiento\/"},"img":{"alt_text":"","src":"https:\/\/i0.wp.com\/zeromagazine.mx\/wp-content\/uploads\/2025\/05\/KP1A4945-scaled.jpg?fit=1200%2C800&ssl=1&resize=350%2C200","width":350,"height":200,"srcset":"https:\/\/i0.wp.com\/zeromagazine.mx\/wp-content\/uploads\/2025\/05\/KP1A4945-scaled.jpg?fit=1200%2C800&ssl=1&resize=350%2C200 1x, https:\/\/i0.wp.com\/zeromagazine.mx\/wp-content\/uploads\/2025\/05\/KP1A4945-scaled.jpg?fit=1200%2C800&ssl=1&resize=525%2C300 1.5x, https:\/\/i0.wp.com\/zeromagazine.mx\/wp-content\/uploads\/2025\/05\/KP1A4945-scaled.jpg?fit=1200%2C800&ssl=1&resize=700%2C400 2x, https:\/\/i0.wp.com\/zeromagazine.mx\/wp-content\/uploads\/2025\/05\/KP1A4945-scaled.jpg?fit=1200%2C800&ssl=1&resize=1050%2C600 3x"},"classes":[]},{"id":92696,"url":"https:\/\/zeromagazine.mx\/index.php\/2024\/12\/10\/barlow-experiencia-unica-con-stella\/","url_meta":{"origin":83944,"position":3},"title":"Barlow Experiencia \u00danica con Stella","author":"zeromagazinemx","date":"10 de diciembre de 2024","format":false,"excerpt":"Barlow: Momentos \u00danicos con Stella \u00bfAmix, andan en busca de un lugar para vibear cool y disfrutar de una experiencia de lujo en la CDMX? Les presento Barlow, el nuevo hotspot en el tercer piso del centro comercial Mitikah, que combina vibes navide\u00f1as, dise\u00f1o impecable y una carta pensada para\u2026","rel":"","context":"En \u00abViajes\u00bb","block_context":{"text":"Viajes","link":"https:\/\/zeromagazine.mx\/index.php\/category\/lugares\/"},"img":{"alt_text":"","src":"https:\/\/i0.wp.com\/zeromagazine.mx\/wp-content\/uploads\/2024\/12\/BARLOW-00129.jpg?fit=1200%2C800&ssl=1&resize=350%2C200","width":350,"height":200,"srcset":"https:\/\/i0.wp.com\/zeromagazine.mx\/wp-content\/uploads\/2024\/12\/BARLOW-00129.jpg?fit=1200%2C800&ssl=1&resize=350%2C200 1x, https:\/\/i0.wp.com\/zeromagazine.mx\/wp-content\/uploads\/2024\/12\/BARLOW-00129.jpg?fit=1200%2C800&ssl=1&resize=525%2C300 1.5x, https:\/\/i0.wp.com\/zeromagazine.mx\/wp-content\/uploads\/2024\/12\/BARLOW-00129.jpg?fit=1200%2C800&ssl=1&resize=700%2C400 2x, https:\/\/i0.wp.com\/zeromagazine.mx\/wp-content\/uploads\/2024\/12\/BARLOW-00129.jpg?fit=1200%2C800&ssl=1&resize=1050%2C600 3x"},"classes":[]},{"id":88278,"url":"https:\/\/zeromagazine.mx\/index.php\/2024\/10\/24\/tasting-room-con-fernando-alonso\/","url_meta":{"origin":83944,"position":4},"title":"\u00abTasting Room con Fernando Alonso\u00bb","author":"zeromagazinemx","date":"24 de octubre de 2024","format":false,"excerpt":"Amigxs, prep\u00e1rense porque les tengo que contar sobre mi \u00faltima aventura: me lanc\u00e9 al Tasting Room de Fernando Alonso en el centro comercial M\u00edtikah y, neta, todav\u00eda no supero lo incre\u00edble que estuvo. Imag\u00ednense entrar a un lugar que te recibe con una vibra s\u00faper nice, donde todo est\u00e1 decorado\u2026","rel":"","context":"En \u00abFoodie\u00bb","block_context":{"text":"Foodie","link":"https:\/\/zeromagazine.mx\/index.php\/category\/lifestyle\/foodie\/"},"img":{"alt_text":"","src":"https:\/\/i0.wp.com\/zeromagazine.mx\/wp-content\/uploads\/2024\/10\/WhatsApp-Image-2024-10-23-at-8.24.40-PM.jpeg?fit=410%2C555&ssl=1&resize=350%2C200","width":350,"height":200},"classes":[]},{"id":103004,"url":"https:\/\/zeromagazine.mx\/index.php\/2025\/05\/06\/guia-de-regalos-para-el-dia-de-las-madres-de-samara-satelite\/","url_meta":{"origin":83944,"position":5},"title":"Gu\u00eda de Regalos Para El D\u00eda De Las Madres De Samara Sat\u00e9lite","author":"David Morales","date":"6 de mayo de 2025","format":false,"excerpt":"Amix, se viene el D\u00eda de las Madres y ya sabemos que no se trata solo de flores y frases clich\u00e9. Si quieres que tu regalo diga \u201cte amo\u201d sin tener que gritarlo, aqu\u00ed te va una gu\u00eda de regalos para El D\u00eda de la Madres, de Samara Sat\u00e9lite. No\u2026","rel":"","context":"En \u00abViajes\u00bb","block_context":{"text":"Viajes","link":"https:\/\/zeromagazine.mx\/index.php\/category\/lugares\/"},"img":{"alt_text":"","src":"https:\/\/i0.wp.com\/zeromagazine.mx\/wp-content\/uploads\/2025\/05\/esainbeauty_1744326569_3607995230013262271_21713785065.jpg?fit=1200%2C1103&ssl=1&resize=350%2C200","width":350,"height":200,"srcset":"https:\/\/i0.wp.com\/zeromagazine.mx\/wp-content\/uploads\/2025\/05\/esainbeauty_1744326569_3607995230013262271_21713785065.jpg?fit=1200%2C1103&ssl=1&resize=350%2C200 1x, https:\/\/i0.wp.com\/zeromagazine.mx\/wp-content\/uploads\/2025\/05\/esainbeauty_1744326569_3607995230013262271_21713785065.jpg?fit=1200%2C1103&ssl=1&resize=525%2C300 1.5x, https:\/\/i0.wp.com\/zeromagazine.mx\/wp-content\/uploads\/2025\/05\/esainbeauty_1744326569_3607995230013262271_21713785065.jpg?fit=1200%2C1103&ssl=1&resize=700%2C400 2x, https:\/\/i0.wp.com\/zeromagazine.mx\/wp-content\/uploads\/2025\/05\/esainbeauty_1744326569_3607995230013262271_21713785065.jpg?fit=1200%2C1103&ssl=1&resize=1050%2C600 3x"},"classes":[]}],"jetpack_sharing_enabled":true,"builder_content":"","_links":{"self":[{"href":"https:\/\/zeromagazine.mx\/index.php\/wp-json\/wp\/v2\/posts\/83944","targetHints":{"allow":["GET"]}}],"collection":[{"href":"https:\/\/zeromagazine.mx\/index.php\/wp-json\/wp\/v2\/posts"}],"about":[{"href":"https:\/\/zeromagazine.mx\/index.php\/wp-json\/wp\/v2\/types\/post"}],"author":[{"embeddable":true,"href":"https:\/\/zeromagazine.mx\/index.php\/wp-json\/wp\/v2\/users\/2"}],"replies":[{"embeddable":true,"href":"https:\/\/zeromagazine.mx\/index.php\/wp-json\/wp\/v2\/comments?post=83944"}],"version-history":[{"count":12,"href":"https:\/\/zeromagazine.mx\/index.php\/wp-json\/wp\/v2\/posts\/83944\/revisions"}],"predecessor-version":[{"id":83958,"href":"https:\/\/zeromagazine.mx\/index.php\/wp-json\/wp\/v2\/posts\/83944\/revisions\/83958"}],"wp:featuredmedia":[{"embeddable":true,"href":"https:\/\/zeromagazine.mx\/index.php\/wp-json\/wp\/v2\/media\/83945"}],"wp:attachment":[{"href":"https:\/\/zeromagazine.mx\/index.php\/wp-json\/wp\/v2\/media?parent=83944"}],"wp:term":[{"taxonomy":"category","embeddable":true,"href":"https:\/\/zeromagazine.mx\/index.php\/wp-json\/wp\/v2\/categories?post=83944"},{"taxonomy":"post_tag","embeddable":true,"href":"https:\/\/zeromagazine.mx\/index.php\/wp-json\/wp\/v2\/tags?post=83944"}],"curies":[{"name":"wp","href":"https:\/\/api.w.org\/{rel}","templated":true}]}}