{"id":84104,"date":"2024-09-18T22:19:04","date_gmt":"2024-09-18T20:19:04","guid":{"rendered":"https:\/\/zeromagazine.mx\/?p=84104"},"modified":"2024-09-18T22:19:06","modified_gmt":"2024-09-18T20:19:06","slug":"gafas-marvel-activa-tus-super-poderes","status":"publish","type":"post","link":"https:\/\/zeromagazine.mx\/index.php\/2024\/09\/18\/gafas-marvel-activa-tus-super-poderes\/","title":{"rendered":"\u201cGafas Marvel: \u00a1Activa tus S\u00faper Poderes!\u201d"},"content":{"rendered":"<!--themify_builder_content-->\n<div id=\"themify_builder_content-84104\" data-postid=\"84104\" class=\"themify_builder_content themify_builder_content-84104 themify_builder tf_clear\">\n    <\/div>\n<!--\/themify_builder_content-->\n\n\n<p>Prep\u00e1rense para una noticia que va a hacer que los peque\u00f1os superh\u00e9roes de tu vida se vuelvan locos de emoci\u00f3n. Ray-Ban Kids y Marvel han unido fuerzas para crear una colecci\u00f3n de gafas que es tan \u00e9pica como las aventuras de Spider-Man en el Spider-Verso.&nbsp;S\u00ed, leyeron bien: \u00a1lleg\u00f3 la nueva l\u00ednea de Ray-Ban Kids x Marvel y es la mezcla perfecta entre estilo y superpoderes!<\/p>\n\n\n\n<p><strong>\u00a1Los S\u00faper H\u00e9roes Tambi\u00e9n Necesitan Gafas!&nbsp;<\/strong><\/p>\n\n\n\n<p>&nbsp;Esta colaboraci\u00f3n rinde homenaje a los h\u00e9roes de Marvel, y est\u00e1 dise\u00f1ada para que los m\u00e1s peque\u00f1os puedan lucir y sentir como los superh\u00e9roes que son.&nbsp;<\/p>\n\n\n\n<p>La colecci\u00f3n est\u00e1 inspirada en Miles Morales, el Spider-Man m\u00e1s simp\u00e1tico de Brooklyn, y en Gwen Stacy, la s\u00faper din\u00e1mica Spider-Woman. Ray-Ban ha tomado modelos ic\u00f3nicos y los ha transformado con colores vibrantes y detalles que reflejan el estilo y la esencia de estos personajes legendarios.&nbsp;<\/p>\n\n\n\n<p><strong>Gafas solares: \u00a1La versi\u00f3n mini de las Iconic Justin!&nbsp;<\/strong><\/p>\n\n\n\n<p>Las mini-Justin son la versi\u00f3n en miniatura de las cl\u00e1sicas gafas Justin de Ray-Ban, y vienen con un giro muy especial. Estos specs presentan un exterior negro s\u00f3lido con la insignia ar\u00e1cnida, que representa a los Spider-Heroes de Miles Morales y Gwen Stacy. Cada par viene en los colores vibrantes de sus trajes de superh\u00e9roes, d\u00e1ndole ese touch de superpoder a tu look.&nbsp;<\/p>\n\n\n\n<p>Pero eso no es todo: en el interior, las gafas tienen dibujos de telara\u00f1as en contraste que reflejan los superpoderes de los personajes. O sea, cada vez que tus kids se pongan estas gafas, \u00a1van a sentirse como si estuvieran lanzando telara\u00f1as por toda la ciudad!<\/p>\n\n\n\n<figure class=\"wp-block-image size-full is-resized\"><img data-recalc-dims=\"1\" decoding=\"async\" width=\"1032\" height=\"577\" src=\"https:\/\/i0.wp.com\/zeromagazine.mx\/wp-content\/uploads\/2024\/09\/1032x577px-1.jpg?resize=1032%2C577&#038;ssl=1\" alt=\"\" class=\"wp-image-84105\" style=\"width:1451px;height:auto\" srcset=\"https:\/\/i0.wp.com\/zeromagazine.mx\/wp-content\/uploads\/2024\/09\/1032x577px-1.jpg?w=1032&amp;ssl=1 1032w, https:\/\/i0.wp.com\/zeromagazine.mx\/wp-content\/uploads\/2024\/09\/1032x577px-1.jpg?resize=300%2C168&amp;ssl=1 300w, https:\/\/i0.wp.com\/zeromagazine.mx\/wp-content\/uploads\/2024\/09\/1032x577px-1.jpg?resize=1024%2C573&amp;ssl=1 1024w, https:\/\/i0.wp.com\/zeromagazine.mx\/wp-content\/uploads\/2024\/09\/1032x577px-1.jpg?resize=768%2C429&amp;ssl=1 768w\" sizes=\"(max-width: 1032px) 100vw, 1032px\" \/><\/figure>\n\n\n\n<script async src=\"https:\/\/pagead2.googlesyndication.com\/pagead\/js\/adsbygoogle.js?client=ca-pub-5499304793904745\"\n     crossorigin=\"anonymous\"><\/script>\n<ins class=\"adsbygoogle\"\n     style=\"display:block; text-align:center;\"\n     data-ad-layout=\"in-article\"\n     data-ad-format=\"fluid\"\n     data-ad-client=\"ca-pub-5499304793904745\"\n     data-ad-slot=\"5994863093\"><\/ins>\n<script>\n     (adsbygoogle = window.adsbygoogle || []).push({});\n<\/script>\n\n\n\n\n<p><strong>Gafas Oft\u00e1lmicas: \u00a1Estilo y Funcionalidad!&nbsp;<\/strong><\/p>\n\n\n\n<p>Para los peques que necesitan gafas oft\u00e1lmicas, Ray-Ban no se qued\u00f3 atr\u00e1s. La colecci\u00f3n incluye un modelo de acetato premium con un exterior transparente y un dibujo interior personalizado que coincide con el color del traje de cada superh\u00e9roe. Adem\u00e1s, el interior tambi\u00e9n lleva la insignia de la ara\u00f1a, d\u00e1ndole un toque \u00fanico y exclusivo.&nbsp;<\/p>\n\n\n\n<p>Estas gafas no solo est\u00e1n dise\u00f1adas para verse bien, sino tambi\u00e9n para ofrecer un ajuste seguro y c\u00f3modo, para que los kids puedan moverse con total confianza y estilo. Perfectas para el cole o para cualquier aventura urbana que se les ocurra.<\/p>\n\n\n\n<p><strong>Estuches y tarjetas: Un homenaje a Gwen y Miles&nbsp;<\/strong><\/p>\n\n\n\n<p>Cada par de gafas viene con un estuche que es un verdadero homenaje a los h\u00e9roes de la colecci\u00f3n. Los estuches est\u00e1n decorados con im\u00e1genes y s\u00edmbolos ar\u00e1cnidos que representan a Gwen y Miles, haciendo que cada detalle sea especial. Adem\u00e1s, cada par incluye una tarjeta con la marca, convirtiendo a esta colecci\u00f3n en un must-have para todos los fans de Marvel. \u00a1Es como tener una peque\u00f1a pieza del Spider-Verso en la vida real!<\/p>\n\n\n\n<p><strong>\u00bfPor Qu\u00e9 Deber\u00edas Comprar Esta Colecci\u00f3n?&nbsp;<\/strong><\/p>\n\n\n\n<p>Si te est\u00e1s preguntando por qu\u00e9 deber\u00edas considerar estas gafas para tus peques, aqu\u00ed tienes algunos motivos que te van a convencer:<\/p>\n\n\n\n<ol class=\"wp-block-list\">\n<li><strong>Estilo \u00fanico:<\/strong>\u00a0Las gafas de la colecci\u00f3n Ray-Ban Kids x Marvel no son solo funcionales, sino tambi\u00e9n super cool. Los dise\u00f1os est\u00e1n llenos de detalles que rinden homenaje a los personajes m\u00e1s ic\u00f3nicos del Spider-Verso.<\/li>\n\n\n\n<li><strong>Comodidad y seguridad:<\/strong>\u00a0La colecci\u00f3n est\u00e1 dise\u00f1ada para ofrecer un ajuste perfecto y c\u00f3modo. As\u00ed que, adem\u00e1s de lucir genial, tus kids se sentir\u00e1n s\u00faper c\u00f3modos con sus nuevas gafas.<\/li>\n\n\n\n<li><strong>Un Toque de Magia Marvel:<\/strong>\u00a0Tener una parte del Spider-Verso en su vida diaria es algo que todos los fans de Marvel van a adorar. Es una manera genial de incorporar un pedazo de su universo favorito en su rutina diaria.<\/li>\n\n\n\n<li><strong>Regalo perfecto:<\/strong>\u00a0Si est\u00e1s buscando el regalo perfecto para un fan de Marvel, estas gafas son una opci\u00f3n incre\u00edble. No solo son pr\u00e1cticas, sino que tambi\u00e9n son un sue\u00f1o hecho realidad para cualquier peque\u00f1o superh\u00e9roe.<\/li>\n<\/ol>\n\n\n\n<p><strong>\u00bfC\u00f3mo conseguirlas?\u00a0<\/strong><\/p>\n\n\n\n<figure class=\"wp-block-image size-full is-resized\"><img decoding=\"async\" width=\"1024\" height=\"601\" src=\"https:\/\/zeromagazine.mx\/wp-content\/uploads\/2024\/09\/oft-2.avif\" alt=\"\" class=\"wp-image-84106\" style=\"width:1451px;height:auto\" srcset=\"https:\/\/zeromagazine.mx\/wp-content\/uploads\/2024\/09\/oft-2.avif 1024w, https:\/\/zeromagazine.mx\/wp-content\/uploads\/2024\/09\/oft-2-300x176.avif 300w, https:\/\/zeromagazine.mx\/wp-content\/uploads\/2024\/09\/oft-2-768x451.avif 768w\" sizes=\"(max-width: 1024px) 100vw, 1024px\" \/><\/figure>\n\n\n\n<script async src=\"https:\/\/pagead2.googlesyndication.com\/pagead\/js\/adsbygoogle.js?client=ca-pub-5499304793904745\"\n     crossorigin=\"anonymous\"><\/script>\n<ins class=\"adsbygoogle\"\n     style=\"display:block; text-align:center;\"\n     data-ad-layout=\"in-article\"\n     data-ad-format=\"fluid\"\n     data-ad-client=\"ca-pub-5499304793904745\"\n     data-ad-slot=\"5994863093\"><\/ins>\n<script>\n     (adsbygoogle = window.adsbygoogle || []).push({});\n<\/script>\n\n\n\n\n<p>La colecci\u00f3n ya est\u00e1 disponible en tiendas y en l\u00ednea, as\u00ed que no tienes que esperar mucho para hacerte con unas de estas maravillas. Solo tienes que ir a la tienda Ray-Ban Kids m\u00e1s cercana o visitar su sitio web para ver la colecci\u00f3n completa. Trust me, no querr\u00e1s perderte la oportunidad de darle a tus peques un toque de superh\u00e9roe en su d\u00eda a d\u00eda.<\/p>\n\n\n\n<p><strong>\u00daltimas Palabras: \u00a1Prep\u00e1rate para Volar Alto!&nbsp;<\/strong><\/p>\n\n\n\n<p>As\u00ed que ah\u00ed lo tienes, gente. La nueva colecci\u00f3n de Ray-Ban Kids x Marvel est\u00e1 aqu\u00ed para elevar el estilo de tus peques y hacer que se sientan como los h\u00e9roes que siempre quisieron ser. Con gafas que rinden homenaje a los personajes m\u00e1s ic\u00f3nicos del Spider-Verso, esta colaboraci\u00f3n no solo es cool, sino que tambi\u00e9n es un verdadero game-changer para los fans de Marvel.<\/p>\n\n\n\n<p>\u00bfQu\u00e9 est\u00e1s esperando? \u00a1Es hora de equipar a los futuros h\u00e9roes con las mejores gafas del Spider-Verso y dejarlos brillar con todo su poder!&nbsp;<\/p>","protected":false},"excerpt":{"rendered":"<p>Prep\u00e1rense para una noticia que va a hacer que los peque\u00f1os superh\u00e9roes de tu vida se vuelvan locos de emoci\u00f3n. Ray-Ban Kids y Marvel han unido fuerzas para crear una colecci\u00f3n de gafas que es tan \u00e9pica como las aventuras de Spider-Man en el Spider-Verso.&nbsp;S\u00ed, leyeron bien: \u00a1lleg\u00f3 la nueva l\u00ednea de Ray-Ban Kids x [&hellip;]<\/p>\n","protected":false},"author":2,"featured_media":84105,"comment_status":"open","ping_status":"open","sticky":false,"template":"","format":"standard","meta":{"_jetpack_memberships_contains_paid_content":false,"footnotes":"","jetpack_publicize_message":"","jetpack_publicize_feature_enabled":true,"jetpack_social_post_already_shared":true,"jetpack_social_options":{"image_generator_settings":{"template":"highway","default_image_id":0,"font":"","enabled":false},"version":2}},"categories":[67],"tags":[10372,10371,10370],"class_list":["post-84104","post","type-post","status-publish","format-standard","has-post-thumbnail","hentry","category-moda","tag-accesorios-inspirados-en-superheroes","tag-gafas-de-sol-para-ninos","tag-ray-ban-kids-x-marvel","has-post-title","has-post-date","has-post-category","has-post-tag","has-post-comment","has-post-author",""],"yoast_head":"<!-- This site is optimized with the Yoast SEO plugin v27.4 - https:\/\/yoast.com\/product\/yoast-seo-wordpress\/ -->\n<title>\u201cGafas Marvel: \u00a1Activa tus S\u00faper Poderes!\u201d - Zero Magazine<\/title>\n<meta name=\"robots\" content=\"index, follow, max-snippet:-1, max-image-preview:large, max-video-preview:-1\" \/>\n<link rel=\"canonical\" href=\"https:\/\/zeromagazine.mx\/index.php\/2024\/09\/18\/gafas-marvel-activa-tus-super-poderes\/\" \/>\n<meta property=\"og:locale\" content=\"es_ES\" \/>\n<meta property=\"og:type\" content=\"article\" \/>\n<meta property=\"og:title\" content=\"\u201cGafas Marvel: \u00a1Activa tus S\u00faper Poderes!\u201d - Zero Magazine\" \/>\n<meta property=\"og:description\" content=\"Prep\u00e1rense para una noticia que va a hacer que los peque\u00f1os superh\u00e9roes de tu vida se vuelvan locos de emoci\u00f3n. Ray-Ban Kids y Marvel han unido fuerzas para crear una colecci\u00f3n de gafas que es tan \u00e9pica como las aventuras de Spider-Man en el Spider-Verso.&nbsp;S\u00ed, leyeron bien: \u00a1lleg\u00f3 la nueva l\u00ednea de Ray-Ban Kids x [&hellip;]\" \/>\n<meta property=\"og:url\" content=\"https:\/\/zeromagazine.mx\/index.php\/2024\/09\/18\/gafas-marvel-activa-tus-super-poderes\/\" \/>\n<meta property=\"og:site_name\" content=\"Zero Magazine\" \/>\n<meta property=\"article:published_time\" content=\"2024-09-18T20:19:04+00:00\" \/>\n<meta property=\"article:modified_time\" content=\"2024-09-18T20:19:06+00:00\" \/>\n<meta property=\"og:image\" content=\"https:\/\/i0.wp.com\/zeromagazine.mx\/wp-content\/uploads\/2024\/09\/1032x577px-1.jpg?fit=1032%2C577&ssl=1\" \/>\n\t<meta property=\"og:image:width\" content=\"1032\" \/>\n\t<meta property=\"og:image:height\" content=\"577\" \/>\n\t<meta property=\"og:image:type\" content=\"image\/jpeg\" \/>\n<meta name=\"author\" content=\"zeromagazinemx\" \/>\n<meta name=\"twitter:card\" content=\"summary_large_image\" \/>\n<meta name=\"twitter:label1\" content=\"Escrito por\" \/>\n\t<meta name=\"twitter:data1\" content=\"zeromagazinemx\" \/>\n\t<meta name=\"twitter:label2\" content=\"Tiempo de lectura\" \/>\n\t<meta name=\"twitter:data2\" content=\"4 minutos\" \/>\n<script type=\"application\/ld+json\" class=\"yoast-schema-graph\">{\"@context\":\"https:\\\/\\\/schema.org\",\"@graph\":[{\"@type\":\"Article\",\"@id\":\"https:\\\/\\\/zeromagazine.mx\\\/index.php\\\/2024\\\/09\\\/18\\\/gafas-marvel-activa-tus-super-poderes\\\/#article\",\"isPartOf\":{\"@id\":\"https:\\\/\\\/zeromagazine.mx\\\/index.php\\\/2024\\\/09\\\/18\\\/gafas-marvel-activa-tus-super-poderes\\\/\"},\"author\":{\"name\":\"zeromagazinemx\",\"@id\":\"https:\\\/\\\/zeromagazine.mx\\\/#\\\/schema\\\/person\\\/9aed9f33a7c39af3a348b86d723f7773\"},\"headline\":\"\u201cGafas Marvel: \u00a1Activa tus S\u00faper Poderes!\u201d\",\"datePublished\":\"2024-09-18T20:19:04+00:00\",\"dateModified\":\"2024-09-18T20:19:06+00:00\",\"mainEntityOfPage\":{\"@id\":\"https:\\\/\\\/zeromagazine.mx\\\/index.php\\\/2024\\\/09\\\/18\\\/gafas-marvel-activa-tus-super-poderes\\\/\"},\"wordCount\":894,\"commentCount\":0,\"publisher\":{\"@id\":\"https:\\\/\\\/zeromagazine.mx\\\/#organization\"},\"image\":{\"@id\":\"https:\\\/\\\/zeromagazine.mx\\\/index.php\\\/2024\\\/09\\\/18\\\/gafas-marvel-activa-tus-super-poderes\\\/#primaryimage\"},\"thumbnailUrl\":\"https:\\\/\\\/i0.wp.com\\\/zeromagazine.mx\\\/wp-content\\\/uploads\\\/2024\\\/09\\\/1032x577px-1.jpg?fit=1032%2C577&ssl=1\",\"keywords\":[\"Accesorios inspirados en superh\u00e9roes\",\"Gafas de sol para ni\u00f1os\",\"Ray-Ban Kids x Marvel\"],\"articleSection\":[\"Moda\"],\"inLanguage\":\"es\",\"potentialAction\":[{\"@type\":\"CommentAction\",\"name\":\"Comment\",\"target\":[\"https:\\\/\\\/zeromagazine.mx\\\/index.php\\\/2024\\\/09\\\/18\\\/gafas-marvel-activa-tus-super-poderes\\\/#respond\"]}]},{\"@type\":\"WebPage\",\"@id\":\"https:\\\/\\\/zeromagazine.mx\\\/index.php\\\/2024\\\/09\\\/18\\\/gafas-marvel-activa-tus-super-poderes\\\/\",\"url\":\"https:\\\/\\\/zeromagazine.mx\\\/index.php\\\/2024\\\/09\\\/18\\\/gafas-marvel-activa-tus-super-poderes\\\/\",\"name\":\"\u201cGafas Marvel: \u00a1Activa tus S\u00faper Poderes!\u201d - Zero Magazine\",\"isPartOf\":{\"@id\":\"https:\\\/\\\/zeromagazine.mx\\\/#website\"},\"primaryImageOfPage\":{\"@id\":\"https:\\\/\\\/zeromagazine.mx\\\/index.php\\\/2024\\\/09\\\/18\\\/gafas-marvel-activa-tus-super-poderes\\\/#primaryimage\"},\"image\":{\"@id\":\"https:\\\/\\\/zeromagazine.mx\\\/index.php\\\/2024\\\/09\\\/18\\\/gafas-marvel-activa-tus-super-poderes\\\/#primaryimage\"},\"thumbnailUrl\":\"https:\\\/\\\/i0.wp.com\\\/zeromagazine.mx\\\/wp-content\\\/uploads\\\/2024\\\/09\\\/1032x577px-1.jpg?fit=1032%2C577&ssl=1\",\"datePublished\":\"2024-09-18T20:19:04+00:00\",\"dateModified\":\"2024-09-18T20:19:06+00:00\",\"breadcrumb\":{\"@id\":\"https:\\\/\\\/zeromagazine.mx\\\/index.php\\\/2024\\\/09\\\/18\\\/gafas-marvel-activa-tus-super-poderes\\\/#breadcrumb\"},\"inLanguage\":\"es\",\"potentialAction\":[{\"@type\":\"ReadAction\",\"target\":[\"https:\\\/\\\/zeromagazine.mx\\\/index.php\\\/2024\\\/09\\\/18\\\/gafas-marvel-activa-tus-super-poderes\\\/\"]}]},{\"@type\":\"ImageObject\",\"inLanguage\":\"es\",\"@id\":\"https:\\\/\\\/zeromagazine.mx\\\/index.php\\\/2024\\\/09\\\/18\\\/gafas-marvel-activa-tus-super-poderes\\\/#primaryimage\",\"url\":\"https:\\\/\\\/i0.wp.com\\\/zeromagazine.mx\\\/wp-content\\\/uploads\\\/2024\\\/09\\\/1032x577px-1.jpg?fit=1032%2C577&ssl=1\",\"contentUrl\":\"https:\\\/\\\/i0.wp.com\\\/zeromagazine.mx\\\/wp-content\\\/uploads\\\/2024\\\/09\\\/1032x577px-1.jpg?fit=1032%2C577&ssl=1\",\"width\":1032,\"height\":577},{\"@type\":\"BreadcrumbList\",\"@id\":\"https:\\\/\\\/zeromagazine.mx\\\/index.php\\\/2024\\\/09\\\/18\\\/gafas-marvel-activa-tus-super-poderes\\\/#breadcrumb\",\"itemListElement\":[{\"@type\":\"ListItem\",\"position\":1,\"name\":\"Portada\",\"item\":\"https:\\\/\\\/zeromagazine.mx\\\/\"},{\"@type\":\"ListItem\",\"position\":2,\"name\":\"\u201cGafas Marvel: \u00a1Activa tus S\u00faper Poderes!\u201d\"}]},{\"@type\":\"WebSite\",\"@id\":\"https:\\\/\\\/zeromagazine.mx\\\/#website\",\"url\":\"https:\\\/\\\/zeromagazine.mx\\\/\",\"name\":\"Zero Magazine\",\"description\":\"\",\"publisher\":{\"@id\":\"https:\\\/\\\/zeromagazine.mx\\\/#organization\"},\"potentialAction\":[{\"@type\":\"SearchAction\",\"target\":{\"@type\":\"EntryPoint\",\"urlTemplate\":\"https:\\\/\\\/zeromagazine.mx\\\/?s={search_term_string}\"},\"query-input\":{\"@type\":\"PropertyValueSpecification\",\"valueRequired\":true,\"valueName\":\"search_term_string\"}}],\"inLanguage\":\"es\"},{\"@type\":\"Organization\",\"@id\":\"https:\\\/\\\/zeromagazine.mx\\\/#organization\",\"name\":\"Zero Magazine\",\"url\":\"https:\\\/\\\/zeromagazine.mx\\\/\",\"logo\":{\"@type\":\"ImageObject\",\"inLanguage\":\"es\",\"@id\":\"https:\\\/\\\/zeromagazine.mx\\\/#\\\/schema\\\/logo\\\/image\\\/\",\"url\":\"https:\\\/\\\/i0.wp.com\\\/zeromagazine.mx\\\/wp-content\\\/uploads\\\/2025\\\/11\\\/1.jpeg?fit=1000%2C1000&ssl=1\",\"contentUrl\":\"https:\\\/\\\/i0.wp.com\\\/zeromagazine.mx\\\/wp-content\\\/uploads\\\/2025\\\/11\\\/1.jpeg?fit=1000%2C1000&ssl=1\",\"width\":1000,\"height\":1000,\"caption\":\"Zero Magazine\"},\"image\":{\"@id\":\"https:\\\/\\\/zeromagazine.mx\\\/#\\\/schema\\\/logo\\\/image\\\/\"},\"sameAs\":[\"https:\\\/\\\/instagram.com\\\/zeromagazinemx\"]},{\"@type\":\"Person\",\"@id\":\"https:\\\/\\\/zeromagazine.mx\\\/#\\\/schema\\\/person\\\/9aed9f33a7c39af3a348b86d723f7773\",\"name\":\"zeromagazinemx\",\"image\":{\"@type\":\"ImageObject\",\"inLanguage\":\"es\",\"@id\":\"https:\\\/\\\/zeromagazine.mx\\\/wp-content\\\/litespeed\\\/avatar\\\/f91dfe5410d5dcb1a576bf8c45983896.jpg?ver=1776966396\",\"url\":\"https:\\\/\\\/zeromagazine.mx\\\/wp-content\\\/litespeed\\\/avatar\\\/f91dfe5410d5dcb1a576bf8c45983896.jpg?ver=1776966396\",\"contentUrl\":\"https:\\\/\\\/zeromagazine.mx\\\/wp-content\\\/litespeed\\\/avatar\\\/f91dfe5410d5dcb1a576bf8c45983896.jpg?ver=1776966396\",\"caption\":\"zeromagazinemx\"},\"url\":\"https:\\\/\\\/zeromagazine.mx\\\/index.php\\\/author\\\/zeromagazinemx\\\/\"}]}<\/script>\n<!-- \/ Yoast SEO plugin. -->","yoast_head_json":{"title":"\u201cGafas Marvel: \u00a1Activa tus S\u00faper Poderes!\u201d - Zero Magazine","robots":{"index":"index","follow":"follow","max-snippet":"max-snippet:-1","max-image-preview":"max-image-preview:large","max-video-preview":"max-video-preview:-1"},"canonical":"https:\/\/zeromagazine.mx\/index.php\/2024\/09\/18\/gafas-marvel-activa-tus-super-poderes\/","og_locale":"es_ES","og_type":"article","og_title":"\u201cGafas Marvel: \u00a1Activa tus S\u00faper Poderes!\u201d - Zero Magazine","og_description":"Prep\u00e1rense para una noticia que va a hacer que los peque\u00f1os superh\u00e9roes de tu vida se vuelvan locos de emoci\u00f3n. Ray-Ban Kids y Marvel han unido fuerzas para crear una colecci\u00f3n de gafas que es tan \u00e9pica como las aventuras de Spider-Man en el Spider-Verso.&nbsp;S\u00ed, leyeron bien: \u00a1lleg\u00f3 la nueva l\u00ednea de Ray-Ban Kids x [&hellip;]","og_url":"https:\/\/zeromagazine.mx\/index.php\/2024\/09\/18\/gafas-marvel-activa-tus-super-poderes\/","og_site_name":"Zero Magazine","article_published_time":"2024-09-18T20:19:04+00:00","article_modified_time":"2024-09-18T20:19:06+00:00","og_image":[{"width":1032,"height":577,"url":"https:\/\/i0.wp.com\/zeromagazine.mx\/wp-content\/uploads\/2024\/09\/1032x577px-1.jpg?fit=1032%2C577&ssl=1","type":"image\/jpeg"}],"author":"zeromagazinemx","twitter_card":"summary_large_image","twitter_misc":{"Escrito por":"zeromagazinemx","Tiempo de lectura":"4 minutos"},"schema":{"@context":"https:\/\/schema.org","@graph":[{"@type":"Article","@id":"https:\/\/zeromagazine.mx\/index.php\/2024\/09\/18\/gafas-marvel-activa-tus-super-poderes\/#article","isPartOf":{"@id":"https:\/\/zeromagazine.mx\/index.php\/2024\/09\/18\/gafas-marvel-activa-tus-super-poderes\/"},"author":{"name":"zeromagazinemx","@id":"https:\/\/zeromagazine.mx\/#\/schema\/person\/9aed9f33a7c39af3a348b86d723f7773"},"headline":"\u201cGafas Marvel: \u00a1Activa tus S\u00faper Poderes!\u201d","datePublished":"2024-09-18T20:19:04+00:00","dateModified":"2024-09-18T20:19:06+00:00","mainEntityOfPage":{"@id":"https:\/\/zeromagazine.mx\/index.php\/2024\/09\/18\/gafas-marvel-activa-tus-super-poderes\/"},"wordCount":894,"commentCount":0,"publisher":{"@id":"https:\/\/zeromagazine.mx\/#organization"},"image":{"@id":"https:\/\/zeromagazine.mx\/index.php\/2024\/09\/18\/gafas-marvel-activa-tus-super-poderes\/#primaryimage"},"thumbnailUrl":"https:\/\/i0.wp.com\/zeromagazine.mx\/wp-content\/uploads\/2024\/09\/1032x577px-1.jpg?fit=1032%2C577&ssl=1","keywords":["Accesorios inspirados en superh\u00e9roes","Gafas de sol para ni\u00f1os","Ray-Ban Kids x Marvel"],"articleSection":["Moda"],"inLanguage":"es","potentialAction":[{"@type":"CommentAction","name":"Comment","target":["https:\/\/zeromagazine.mx\/index.php\/2024\/09\/18\/gafas-marvel-activa-tus-super-poderes\/#respond"]}]},{"@type":"WebPage","@id":"https:\/\/zeromagazine.mx\/index.php\/2024\/09\/18\/gafas-marvel-activa-tus-super-poderes\/","url":"https:\/\/zeromagazine.mx\/index.php\/2024\/09\/18\/gafas-marvel-activa-tus-super-poderes\/","name":"\u201cGafas Marvel: \u00a1Activa tus S\u00faper Poderes!\u201d - Zero Magazine","isPartOf":{"@id":"https:\/\/zeromagazine.mx\/#website"},"primaryImageOfPage":{"@id":"https:\/\/zeromagazine.mx\/index.php\/2024\/09\/18\/gafas-marvel-activa-tus-super-poderes\/#primaryimage"},"image":{"@id":"https:\/\/zeromagazine.mx\/index.php\/2024\/09\/18\/gafas-marvel-activa-tus-super-poderes\/#primaryimage"},"thumbnailUrl":"https:\/\/i0.wp.com\/zeromagazine.mx\/wp-content\/uploads\/2024\/09\/1032x577px-1.jpg?fit=1032%2C577&ssl=1","datePublished":"2024-09-18T20:19:04+00:00","dateModified":"2024-09-18T20:19:06+00:00","breadcrumb":{"@id":"https:\/\/zeromagazine.mx\/index.php\/2024\/09\/18\/gafas-marvel-activa-tus-super-poderes\/#breadcrumb"},"inLanguage":"es","potentialAction":[{"@type":"ReadAction","target":["https:\/\/zeromagazine.mx\/index.php\/2024\/09\/18\/gafas-marvel-activa-tus-super-poderes\/"]}]},{"@type":"ImageObject","inLanguage":"es","@id":"https:\/\/zeromagazine.mx\/index.php\/2024\/09\/18\/gafas-marvel-activa-tus-super-poderes\/#primaryimage","url":"https:\/\/i0.wp.com\/zeromagazine.mx\/wp-content\/uploads\/2024\/09\/1032x577px-1.jpg?fit=1032%2C577&ssl=1","contentUrl":"https:\/\/i0.wp.com\/zeromagazine.mx\/wp-content\/uploads\/2024\/09\/1032x577px-1.jpg?fit=1032%2C577&ssl=1","width":1032,"height":577},{"@type":"BreadcrumbList","@id":"https:\/\/zeromagazine.mx\/index.php\/2024\/09\/18\/gafas-marvel-activa-tus-super-poderes\/#breadcrumb","itemListElement":[{"@type":"ListItem","position":1,"name":"Portada","item":"https:\/\/zeromagazine.mx\/"},{"@type":"ListItem","position":2,"name":"\u201cGafas Marvel: \u00a1Activa tus S\u00faper Poderes!\u201d"}]},{"@type":"WebSite","@id":"https:\/\/zeromagazine.mx\/#website","url":"https:\/\/zeromagazine.mx\/","name":"Zero Magazine","description":"","publisher":{"@id":"https:\/\/zeromagazine.mx\/#organization"},"potentialAction":[{"@type":"SearchAction","target":{"@type":"EntryPoint","urlTemplate":"https:\/\/zeromagazine.mx\/?s={search_term_string}"},"query-input":{"@type":"PropertyValueSpecification","valueRequired":true,"valueName":"search_term_string"}}],"inLanguage":"es"},{"@type":"Organization","@id":"https:\/\/zeromagazine.mx\/#organization","name":"Zero Magazine","url":"https:\/\/zeromagazine.mx\/","logo":{"@type":"ImageObject","inLanguage":"es","@id":"https:\/\/zeromagazine.mx\/#\/schema\/logo\/image\/","url":"https:\/\/i0.wp.com\/zeromagazine.mx\/wp-content\/uploads\/2025\/11\/1.jpeg?fit=1000%2C1000&ssl=1","contentUrl":"https:\/\/i0.wp.com\/zeromagazine.mx\/wp-content\/uploads\/2025\/11\/1.jpeg?fit=1000%2C1000&ssl=1","width":1000,"height":1000,"caption":"Zero Magazine"},"image":{"@id":"https:\/\/zeromagazine.mx\/#\/schema\/logo\/image\/"},"sameAs":["https:\/\/instagram.com\/zeromagazinemx"]},{"@type":"Person","@id":"https:\/\/zeromagazine.mx\/#\/schema\/person\/9aed9f33a7c39af3a348b86d723f7773","name":"zeromagazinemx","image":{"@type":"ImageObject","inLanguage":"es","@id":"https:\/\/zeromagazine.mx\/wp-content\/litespeed\/avatar\/f91dfe5410d5dcb1a576bf8c45983896.jpg?ver=1776966396","url":"https:\/\/zeromagazine.mx\/wp-content\/litespeed\/avatar\/f91dfe5410d5dcb1a576bf8c45983896.jpg?ver=1776966396","contentUrl":"https:\/\/zeromagazine.mx\/wp-content\/litespeed\/avatar\/f91dfe5410d5dcb1a576bf8c45983896.jpg?ver=1776966396","caption":"zeromagazinemx"},"url":"https:\/\/zeromagazine.mx\/index.php\/author\/zeromagazinemx\/"}]}},"jetpack_publicize_connections":[],"jetpack_featured_media_url":"https:\/\/i0.wp.com\/zeromagazine.mx\/wp-content\/uploads\/2024\/09\/1032x577px-1.jpg?fit=1032%2C577&ssl=1","jetpack-related-posts":[{"id":55729,"url":"https:\/\/zeromagazine.mx\/index.php\/2021\/10\/10\/lego-marvel-super-heroes-disponible-en-nintendo-switch\/","url_meta":{"origin":84104,"position":0},"title":"Lego Marvel Super Heroes disponible en Nintendo Switch","author":"zeromagazinemx","date":"10 de octubre de 2021","format":false,"excerpt":"Warnes Bros. Games, TT Games, The Lego Group & Marvel Entertainment anunciaron el tan esperado juego de LEGO\u00ae Marvel Super Heroes para la consola Nintendo Switch\u2122. Por Ricardo Navarro Comienza con una historia original basada en el Universo Marvel, comparte muchas emociones dentro de la aventura y humor que conllevan\u2026","rel":"","context":"En \u00abEntretenimiento\u00bb","block_context":{"text":"Entretenimiento","link":"https:\/\/zeromagazine.mx\/index.php\/category\/entretenimiento\/"},"img":{"alt_text":"","src":"","width":0,"height":0},"classes":[]},{"id":109345,"url":"https:\/\/zeromagazine.mx\/index.php\/2025\/10\/10\/marvel-x-pandora-joyas-con-superpoder\/","url_meta":{"origin":84104,"position":1},"title":"Marvel x Pandora: joyas con superpoder","author":"zeromagazinemx","date":"10 de octubre de 2025","format":false,"excerpt":"La nueva colecci\u00f3n Marvel x Pandora acaba de aterrizar y ya est\u00e1 rompiendo Internet. Inspirada en los h\u00e9roes m\u00e1s ic\u00f3nicos del multiverso, esta l\u00ednea convierte la fuerza, la valent\u00eda y la autenticidad en piezas que puedes llevar contigo todos los d\u00edas. S\u00ed, el poder ya no se mide en capas\u2026","rel":"","context":"En \u00abModa\u00bb","block_context":{"text":"Moda","link":"https:\/\/zeromagazine.mx\/index.php\/category\/moda\/"},"img":{"alt_text":"","src":"https:\/\/i0.wp.com\/zeromagazine.mx\/wp-content\/uploads\/2025\/10\/HIGH_RGB_194223C01_RGB-2-scaled.jpg?fit=1200%2C1200&ssl=1&resize=350%2C200","width":350,"height":200,"srcset":"https:\/\/i0.wp.com\/zeromagazine.mx\/wp-content\/uploads\/2025\/10\/HIGH_RGB_194223C01_RGB-2-scaled.jpg?fit=1200%2C1200&ssl=1&resize=350%2C200 1x, https:\/\/i0.wp.com\/zeromagazine.mx\/wp-content\/uploads\/2025\/10\/HIGH_RGB_194223C01_RGB-2-scaled.jpg?fit=1200%2C1200&ssl=1&resize=525%2C300 1.5x, https:\/\/i0.wp.com\/zeromagazine.mx\/wp-content\/uploads\/2025\/10\/HIGH_RGB_194223C01_RGB-2-scaled.jpg?fit=1200%2C1200&ssl=1&resize=700%2C400 2x, https:\/\/i0.wp.com\/zeromagazine.mx\/wp-content\/uploads\/2025\/10\/HIGH_RGB_194223C01_RGB-2-scaled.jpg?fit=1200%2C1200&ssl=1&resize=1050%2C600 3x"},"classes":[]},{"id":91861,"url":"https:\/\/zeromagazine.mx\/index.php\/2024\/11\/27\/kraven-el-villano-mas-salvaje\/","url_meta":{"origin":84104,"position":2},"title":"\u00abKraven: El Villano M\u00e1s Salvaje\u00bb","author":"zeromagazinemx","date":"27 de noviembre de 2024","format":false,"excerpt":"Ok, Marvel stans, listen up! El universo de Spider-Man se pone m\u00e1s dark, gritty, y brutal con la llegada de\u00a0Kraven: El Cazador, una movie que promete cambiar las reglas del juego.\u00a0Sony Pictures\u00a0ya nos tiene en hype mode con el anuncio de que\u00a0Aaron Taylor-Johnson\u00a0y el director\u00a0J.C. Chandor\u00a0estar\u00e1n en la\u00a0CDMX\u00a0el pr\u00f3ximo 5\u2026","rel":"","context":"En \u00abCultura\u00bb","block_context":{"text":"Cultura","link":"https:\/\/zeromagazine.mx\/index.php\/category\/cultura\/"},"img":{"alt_text":"","src":"https:\/\/i0.wp.com\/zeromagazine.mx\/wp-content\/uploads\/2024\/11\/Captura-de-pantalla-2024-11-26-a-las-22.55.54.png?fit=959%2C1200&ssl=1&resize=350%2C200","width":350,"height":200,"srcset":"https:\/\/i0.wp.com\/zeromagazine.mx\/wp-content\/uploads\/2024\/11\/Captura-de-pantalla-2024-11-26-a-las-22.55.54.png?fit=959%2C1200&ssl=1&resize=350%2C200 1x, https:\/\/i0.wp.com\/zeromagazine.mx\/wp-content\/uploads\/2024\/11\/Captura-de-pantalla-2024-11-26-a-las-22.55.54.png?fit=959%2C1200&ssl=1&resize=525%2C300 1.5x, https:\/\/i0.wp.com\/zeromagazine.mx\/wp-content\/uploads\/2024\/11\/Captura-de-pantalla-2024-11-26-a-las-22.55.54.png?fit=959%2C1200&ssl=1&resize=700%2C400 2x"},"classes":[]},{"id":117058,"url":"https:\/\/zeromagazine.mx\/index.php\/2026\/03\/20\/spider-man-un-nuevo-dia-trailer\/","url_meta":{"origin":84104,"position":3},"title":"Spider-Man Un Nuevo D\u00eda tr\u00e1iler","author":"zeromagazinemx","date":"20 de marzo de 2026","format":false,"excerpt":"El multiverso puede esperar\u2026 porque Spider-Man acaba de regresar con algo mucho m\u00e1s personal. El primer tr\u00e1iler de Spider-Man: Un Nuevo D\u00eda ya est\u00e1 aqu\u00ed y, honestamente, no se siente como otra pel\u00edcula m\u00e1s del superh\u00e9roe: se siente como un reinicio emocional. Despu\u00e9s de todo lo que pas\u00f3 en Lejos\u2026","rel":"","context":"En \u00abBlog\u00bb","block_context":{"text":"Blog","link":"https:\/\/zeromagazine.mx\/index.php\/category\/blog\/"},"img":{"alt_text":"","src":"https:\/\/i0.wp.com\/zeromagazine.mx\/wp-content\/uploads\/2026\/03\/unnamed-1-1.png?fit=640%2C360&ssl=1&resize=350%2C200","width":350,"height":200,"srcset":"https:\/\/i0.wp.com\/zeromagazine.mx\/wp-content\/uploads\/2026\/03\/unnamed-1-1.png?fit=640%2C360&ssl=1&resize=350%2C200 1x, https:\/\/i0.wp.com\/zeromagazine.mx\/wp-content\/uploads\/2026\/03\/unnamed-1-1.png?fit=640%2C360&ssl=1&resize=525%2C300 1.5x"},"classes":[]},{"id":52653,"url":"https:\/\/zeromagazine.mx\/index.php\/2021\/08\/21\/conoce-al-nuevo-equipo-de-superheroes-de-marvel\/","url_meta":{"origin":84104,"position":4},"title":"Conoce al nuevo equipo de superh\u00e9roes de Marvel","author":"zeromagazinemx","date":"21 de agosto de 2021","format":false,"excerpt":"ETERNALS de Marvel Studios nos presenta a su nuevo equipo de superh\u00e9roes del universo de Marvel en el \u00faltimo trailer. Por Mayra Torres El \u00faltimo trailer de ETERNALS nos presenta a los nuevos superh\u00e9roes del Universo Cinematogr\u00e1fico de Marvel. El film incluye un reparto de artistas como Richard Madden, Gemma\u2026","rel":"","context":"En \u00abCine\u00bb","block_context":{"text":"Cine","link":"https:\/\/zeromagazine.mx\/index.php\/category\/entretenimiento\/cine\/"},"img":{"alt_text":"","src":"https:\/\/i0.wp.com\/img.youtube.com\/vi\/MKWXuj3ZYf0\/0.jpg?resize=350%2C200","width":350,"height":200},"classes":[]},{"id":87404,"url":"https:\/\/zeromagazine.mx\/index.php\/2024\/10\/18\/venom-asi-se-vivio-el-fan-event\/","url_meta":{"origin":84104,"position":5},"title":"Venom: As\u00ed Se Vivi\u00f3 el Fan Event","author":"zeromagazinemx","date":"18 de octubre de 2024","format":false,"excerpt":"\u00a1Chicxs, lleg\u00f3 el d\u00eda! Ayer, 15 de octubre, se hizo historia con la llegada de Tom Hardy, Kelly Marcel y Cristo Fern\u00e1ndez a la alfombra negra de Venom: El \u00daltimo Baile, y d\u00e9jenme decirles, el hype estaba por las nubes. Fue una tarde llena de emoci\u00f3n, con la prensa y\u2026","rel":"","context":"En \u00abEntretenimiento\u00bb","block_context":{"text":"Entretenimiento","link":"https:\/\/zeromagazine.mx\/index.php\/category\/entretenimiento\/"},"img":{"alt_text":"","src":"https:\/\/i0.wp.com\/zeromagazine.mx\/wp-content\/uploads\/2024\/10\/unnamed-31.png?fit=687%2C361&ssl=1&resize=350%2C200","width":350,"height":200,"srcset":"https:\/\/i0.wp.com\/zeromagazine.mx\/wp-content\/uploads\/2024\/10\/unnamed-31.png?fit=687%2C361&ssl=1&resize=350%2C200 1x, https:\/\/i0.wp.com\/zeromagazine.mx\/wp-content\/uploads\/2024\/10\/unnamed-31.png?fit=687%2C361&ssl=1&resize=525%2C300 1.5x"},"classes":[]}],"jetpack_sharing_enabled":true,"builder_content":"","_links":{"self":[{"href":"https:\/\/zeromagazine.mx\/index.php\/wp-json\/wp\/v2\/posts\/84104","targetHints":{"allow":["GET"]}}],"collection":[{"href":"https:\/\/zeromagazine.mx\/index.php\/wp-json\/wp\/v2\/posts"}],"about":[{"href":"https:\/\/zeromagazine.mx\/index.php\/wp-json\/wp\/v2\/types\/post"}],"author":[{"embeddable":true,"href":"https:\/\/zeromagazine.mx\/index.php\/wp-json\/wp\/v2\/users\/2"}],"replies":[{"embeddable":true,"href":"https:\/\/zeromagazine.mx\/index.php\/wp-json\/wp\/v2\/comments?post=84104"}],"version-history":[{"count":1,"href":"https:\/\/zeromagazine.mx\/index.php\/wp-json\/wp\/v2\/posts\/84104\/revisions"}],"predecessor-version":[{"id":84107,"href":"https:\/\/zeromagazine.mx\/index.php\/wp-json\/wp\/v2\/posts\/84104\/revisions\/84107"}],"wp:featuredmedia":[{"embeddable":true,"href":"https:\/\/zeromagazine.mx\/index.php\/wp-json\/wp\/v2\/media\/84105"}],"wp:attachment":[{"href":"https:\/\/zeromagazine.mx\/index.php\/wp-json\/wp\/v2\/media?parent=84104"}],"wp:term":[{"taxonomy":"category","embeddable":true,"href":"https:\/\/zeromagazine.mx\/index.php\/wp-json\/wp\/v2\/categories?post=84104"},{"taxonomy":"post_tag","embeddable":true,"href":"https:\/\/zeromagazine.mx\/index.php\/wp-json\/wp\/v2\/tags?post=84104"}],"curies":[{"name":"wp","href":"https:\/\/api.w.org\/{rel}","templated":true}]}}