{"id":84122,"date":"2024-09-19T17:53:43","date_gmt":"2024-09-19T15:53:43","guid":{"rendered":"https:\/\/zeromagazine.mx\/?p=84122"},"modified":"2024-09-19T18:05:53","modified_gmt":"2024-09-19T16:05:53","slug":"latin-mafia-del-escenario-al-grammy","status":"publish","type":"post","link":"https:\/\/zeromagazine.mx\/index.php\/2024\/09\/19\/latin-mafia-del-escenario-al-grammy\/","title":{"rendered":"\u00abLatin Mafia: Del Escenario al Grammy\u00bb"},"content":{"rendered":"<p>Chique, si no has o\u00eddo hablar de<strong> Latin Mafia<\/strong>, te est\u00e1s perdiendo de algo incre\u00edble. Este tr\u00edo de hermanos mexicanos, <strong>Emilio<\/strong>, <strong>Milton <\/strong>y <strong>Mike de la Rosa<\/strong>, est\u00e1 causando un impacto brutal en la industria musical. Imag\u00ednate, acaban de ser nominados en la categor\u00eda de \u00ab<strong>Mejor Nuevo Artista<\/strong>\u00bb en los Latin Grammy 2024. S\u00ed, \u00a1en los <strong>Latin Grammy<\/strong>! Este reconocimiento confirma lo lejos que han llegado, despu\u00e9s de un a\u00f1o lleno de presentaciones internacionales que los posicion\u00f3 como una de las revelaciones m\u00e1s emocionantes del momento.<\/p>\n\n\n\n<h2 class=\"wp-block-heading\">Conquistando Festivales Top a Nivel Mundial<\/h2>\n\n\n\n<p>Este <strong>2024 <\/strong>ha sido un hito para <strong>Latin Mafia<\/strong>. Han logrado subir a los escenarios m\u00e1s importantes del mundo, como Coachella y el <strong>festival <\/strong>Sue\u00f1os en Estados Unidos. Y obvio, no es cualquier cosa estar en <strong>Coachella<\/strong>, un lugar donde no solo van artistas enormes, sino que tambi\u00e9n te ve medio mundo. Con su estilo \u00fanico que mezcla sonidos urbanos, trap y un toque muy mexicano, lograron atrapar la atenci\u00f3n de medios internacionales y ganarse a much\u00edsimos nuevos oyentes. Los gringos quedaron en shock con la propuesta de estos chicos.<\/p>\n\n\n\n<script async src=\"https:\/\/pagead2.googlesyndication.com\/pagead\/js\/adsbygoogle.js?client=ca-pub-5499304793904745\"\n     crossorigin=\"anonymous\"><\/script>\n<ins class=\"adsbygoogle\"\n     style=\"display:block; text-align:center;\"\n     data-ad-layout=\"in-article\"\n     data-ad-format=\"fluid\"\n     data-ad-client=\"ca-pub-5499304793904745\"\n     data-ad-slot=\"5994863093\"><\/ins>\n<script>\n     (adsbygoogle = window.adsbygoogle || []).push({});\n<\/script>\n\n\n\n<p><\/p>\n\n\n\n<p>Seguramente te preguntas qu\u00e9 hace especial a Latin Mafia. Te cuento que no siguen la ruta t\u00edpica del reggaet\u00f3n o el trap comercial. Ellos crean una mezcla incre\u00edble entre trap, sonidos urbanos y elementos tradicionales mexicanos. Tienen un sonido fresco que conecta con diversos p\u00fablicos, desde los que disfrutan lo global hasta los que quieren preservar sus ra\u00edces. En el festival Sue\u00f1os, que celebra la cultura latina en Chicago, lo demostraron de nuevo. El p\u00fablico vibr\u00f3 con su energ\u00eda y, la verdad, no es sorpresa: no solo tienen buena m\u00fasica, sino una vibra que te hace sentir parte de la fiesta.<\/p>\n\n\n\n<h2 class=\"wp-block-heading\">Un Reconocimiento que Marca un Antes y un Despu\u00e9s<\/h2>\n\n\n\n<p>Este a\u00f1o ha sido la explosi\u00f3n de su carrera, y la nominaci\u00f3n al<strong> Latin Grammy<\/strong> es la cereza del pastel. Ser considerados para el galard\u00f3n de <strong>Mejor Nuevo Artista <\/strong>es una prueba clara de que Latin Mafia est\u00e1 redefiniendo la m\u00fasica latina contempor\u00e1nea. Han estado lanzando rolas non stop, cada una con un mensaje poderoso que hace match perfecto con su audiencia. Lo chido es que no solo conectan a nivel musical, sino tambi\u00e9n emocionalmente. <\/p>\n\n\n<div class=\"wp-block-image\">\n<figure class=\"aligncenter size-full\"><img data-recalc-dims=\"1\" decoding=\"async\" width=\"1080\" height=\"1080\" src=\"https:\/\/i0.wp.com\/zeromagazine.mx\/wp-content\/uploads\/2024\/09\/unnamed-27.jpg?resize=1080%2C1080&#038;ssl=1\" alt=\" El fen\u00f3meno musical Latin Mafia, nominados a &quot;Mejor Nuevo Artista&quot; en los Latin Grammy 2024. Con su fusi\u00f3n \u00fanica de sonidos urbanos y ra\u00edces mexicanas, est\u00e1n conquistando escenarios internacionales y conectando profundamente con su p\u00fablico. \" class=\"wp-image-84123\" srcset=\"https:\/\/i0.wp.com\/zeromagazine.mx\/wp-content\/uploads\/2024\/09\/unnamed-27.jpg?w=1080&amp;ssl=1 1080w, https:\/\/i0.wp.com\/zeromagazine.mx\/wp-content\/uploads\/2024\/09\/unnamed-27.jpg?resize=300%2C300&amp;ssl=1 300w, https:\/\/i0.wp.com\/zeromagazine.mx\/wp-content\/uploads\/2024\/09\/unnamed-27.jpg?resize=1024%2C1024&amp;ssl=1 1024w, https:\/\/i0.wp.com\/zeromagazine.mx\/wp-content\/uploads\/2024\/09\/unnamed-27.jpg?resize=150%2C150&amp;ssl=1 150w, https:\/\/i0.wp.com\/zeromagazine.mx\/wp-content\/uploads\/2024\/09\/unnamed-27.jpg?resize=768%2C768&amp;ssl=1 768w, https:\/\/i0.wp.com\/zeromagazine.mx\/wp-content\/uploads\/2024\/09\/unnamed-27.jpg?resize=70%2C70&amp;ssl=1 70w, https:\/\/i0.wp.com\/zeromagazine.mx\/wp-content\/uploads\/2024\/09\/unnamed-27.jpg?resize=47%2C48&amp;ssl=1 47w\" sizes=\"(max-width: 1080px) 100vw, 1080px\" \/><\/figure>\n<\/div>\n\n\n<p><\/p>\n\n\n\n<p>No es casualidad que los est\u00e9n reconociendo en un evento tan importante. Han trabajado un mont\u00f3n para llegar aqu\u00ed y, la neta, esta <strong>nominaci\u00f3n <\/strong>es un paso m\u00e1s hacia la consolidaci\u00f3n de su carrera. La categor\u00eda de Mejor Nuevo Artista es s\u00faper competitiva, pero Latin Mafia tiene todo para llevarse ese <strong>Grammy <\/strong>a casa.<\/p>\n\n\n\n<h2 class=\"wp-block-heading\">Una Celebraci\u00f3n Imperdible<\/h2>\n\n\n\n<p>Prep\u00e1rense porque el <strong>14 de noviembre <\/strong>de 2024 ser\u00e1 una noche hist\u00f3rica. La<strong> 25\u00aa edici\u00f3n <\/strong>de los <strong>Latin Grammy<\/strong> se va a llevar a cabo en el <strong>Kaseya Center<\/strong> en <strong>Miami<\/strong>, y desde ya se siente que ser\u00e1 un evento espectacular. Si no pueden ir, tranquilos, porque la ceremonia ser\u00e1 transmitida en vivo por <strong>Univisi\u00f3n <\/strong>a las 8 p.m. O sea, es la oportunidad perfecta para ver a las estrellas m\u00e1s grandes de la m\u00fasica latina, incluyendo, a Latin Mafia.<\/p>\n\n\n\n<script async src=\"https:\/\/pagead2.googlesyndication.com\/pagead\/js\/adsbygoogle.js?client=ca-pub-5499304793904745\"\r\n     crossorigin=\"anonymous\"><\/script>\r\n<ins class=\"adsbygoogle\"\r\n     style=\"display:block; text-align:center;\"\r\n     data-ad-layout=\"in-article\"\r\n     data-ad-format=\"fluid\"\r\n     data-ad-client=\"ca-pub-5499304793904745\"\r\n     data-ad-slot=\"5994863093\"><\/ins>\r\n<script>\r\n     (adsbygoogle = window.adsbygoogle || []).push({});\r\n<\/script>\n\n\n\n<p><\/p>\n\n\n\n<p>Ya me imagino a los hermanos de la <strong>Rosa <\/strong>brillando en la alfombra roja y despu\u00e9s en el escenario, recogiendo ese premio que tanto se han ganado. Esta gala va a ser pura vibra positiva y, qui\u00e9n sabe, tal vez hasta nos sorprenden con una <strong>presentaci\u00f3n sorpresa<\/strong>.<\/p>\n\n\n\n<h2 class=\"wp-block-heading\"> Lo que Viene para Latin Mafia<\/h2>\n\n\n\n<p>Y esto apenas es el comienzo, chique. El futuro pinta incre\u00edble para el <strong>grupo mexicano<\/strong>. Con cada paso que dan, su fanbase sigue creciendo de manera s\u00faper org\u00e1nica. Lo que m\u00e1s me emociona es que tienen un mont\u00f3n de proyectos en puerta que seguro van a romperla. Cada <strong>lanzamiento <\/strong>ha sido mejor que el anterior, y no me queda duda de que van a seguir subiendo escalones en la <strong>industria musical<\/strong>.<\/p>\n\n\n\n<script async src=\"https:\/\/pagead2.googlesyndication.com\/pagead\/js\/adsbygoogle.js?client=ca-pub-5499304793904745\"\r\n     crossorigin=\"anonymous\"><\/script>\r\n<ins class=\"adsbygoogle\"\r\n     style=\"display:block; text-align:center;\"\r\n     data-ad-layout=\"in-article\"\r\n     data-ad-format=\"fluid\"\r\n     data-ad-client=\"ca-pub-5499304793904745\"\r\n     data-ad-slot=\"5994863093\"><\/ins>\r\n<script>\r\n     (adsbygoogle = window.adsbygoogle || []).push({});\r\n<\/script>\n\n\n\n<p><\/p>\n\n\n\n<p>Lo m\u00e1s impresionante es c\u00f3mo han logrado conquistar tanto en el <strong>extranjero <\/strong>como en M\u00e9xico. Aqu\u00ed en su tierra natal, sus seguidores se sienten s\u00faper identificados con su <strong>m\u00fasica<\/strong>, que refleja tanto las influencias globales como el orgullo por sus ra\u00edces. Ya sea que cantes sus canciones a todo pulm\u00f3n en una fiesta o que las escuches cuando est\u00e1s en mood chill, siempre encuentran la forma de conectar contigo.<\/p>\n\n\n\n<h2 class=\"wp-block-heading\">El Impacto de su M\u00fasica en la Cultura Pop<\/h2>\n\n\n\n<p>Lo que Latin Mafia est\u00e1 haciendo no es solo m\u00fasica. Est\u00e1n creando una nueva corriente dentro de la <strong>cultura pop<\/strong>, donde lo tradicional y lo moderno se fusionan sin perder su esencia. Est\u00e1n abriendo caminos para nuevos artistas que vienen detr\u00e1s, demostrando que se puede hacer m\u00fasica fresca sin tener que dejar atr\u00e1s lo que nos hace \u00fanicos.<\/p>\n\n\n\n<script async src=\"https:\/\/pagead2.googlesyndication.com\/pagead\/js\/adsbygoogle.js?client=ca-pub-5499304793904745\"\r\n     crossorigin=\"anonymous\"><\/script>\r\n<ins class=\"adsbygoogle\"\r\n     style=\"display:block; text-align:center;\"\r\n     data-ad-layout=\"in-article\"\r\n     data-ad-format=\"fluid\"\r\n     data-ad-client=\"ca-pub-5499304793904745\"\r\n     data-ad-slot=\"5994863093\"><\/ins>\r\n<script>\r\n     (adsbygoogle = window.adsbygoogle || []).push({});\r\n<\/script>\n\n\n\n<p><\/p>\n\n\n\n<p>Cada una de sus presentaciones en vivo es un evento lleno de emoci\u00f3n, y no exagero cuando digo que est\u00e1n cambiando el juego. El p\u00fablico no solo va a sus conciertos a escuchar m\u00fasica; va a vivir una experiencia completa. Ver a<strong> Latin Mafia<\/strong> en acci\u00f3n es sentir la fuerza de su talento y la pasi\u00f3n que le ponen a cada <strong>show<\/strong>.<\/p>\n\n\n\n<p>Si todav\u00eda no te has sumado al <strong>fandom <\/strong>de Latin Mafia, este es el momento perfecto. Estos morros est\u00e1n liderando una nueva era dentro de la m\u00fasica <strong>urbana latina<\/strong> y lo est\u00e1n haciendo a lo grande.<\/p>\n\n\n\n<script async src=\"https:\/\/pagead2.googlesyndication.com\/pagead\/js\/adsbygoogle.js?client=ca-pub-5499304793904745\"\r\n     crossorigin=\"anonymous\"><\/script>\r\n<ins class=\"adsbygoogle\"\r\n     style=\"display:block; text-align:center;\"\r\n     data-ad-layout=\"in-article\"\r\n     data-ad-format=\"fluid\"\r\n     data-ad-client=\"ca-pub-5499304793904745\"\r\n     data-ad-slot=\"5994863093\"><\/ins>\r\n<script>\r\n     (adsbygoogle = window.adsbygoogle || []).push({});\r\n<\/script>\n\n\n\n<p><\/p>\n\n\n\n<p>As\u00ed que ponte al tiro, sigue sus <strong>redes<\/strong>, escucha su m\u00fasica y mantente atento a lo que viene. Est\u00e1 claro que el futuro de la m\u00fasica urbana latina tiene nombre, y ese nombre es <strong>Latin Mafia<\/strong>.<\/p>\n\n<!--themify_builder_content-->\n<div id=\"themify_builder_content-84122\" data-postid=\"84122\" class=\"themify_builder_content themify_builder_content-84122 themify_builder tf_clear\">\n    <\/div>\n<!--\/themify_builder_content-->","protected":false},"excerpt":{"rendered":"<p>Chique, si no has o\u00eddo hablar de Latin Mafia, te est\u00e1s perdiendo de algo incre\u00edble. Este tr\u00edo de hermanos mexicanos, Emilio, Milton y Mike de la Rosa, est\u00e1 causando un impacto brutal en la industria musical. Imag\u00ednate, acaban de ser nominados en la categor\u00eda de \u00abMejor Nuevo Artista\u00bb en los Latin Grammy 2024. S\u00ed, \u00a1en [&hellip;]<\/p>\n","protected":false},"author":2,"featured_media":84123,"comment_status":"open","ping_status":"open","sticky":false,"template":"","format":"standard","meta":{"_jetpack_memberships_contains_paid_content":false,"footnotes":"","jetpack_publicize_message":"","jetpack_publicize_feature_enabled":true,"jetpack_social_post_already_shared":true,"jetpack_social_options":{"image_generator_settings":{"template":"highway","default_image_id":0,"font":"","enabled":false},"version":2}},"categories":[117],"tags":[9259,6687,7873,10377,9260,9258],"class_list":["post-84122","post","type-post","status-publish","format-standard","has-post-thumbnail","hentry","category-entretenimiento","tag-emilio","tag-latin-grammy-2","tag-latin-mafia","tag-mejor-nuevo-artista","tag-mike-de-la-rosa","tag-milton","has-post-title","has-post-date","has-post-category","has-post-tag","has-post-comment","has-post-author",""],"yoast_head":"<!-- This site is optimized with the Yoast SEO plugin v27.5 - https:\/\/yoast.com\/product\/yoast-seo-wordpress\/ -->\n<title>&quot;Latin Mafia: Del Escenario al Grammy&quot; - Zero Magazine<\/title>\n<meta name=\"robots\" content=\"index, follow, max-snippet:-1, max-image-preview:large, max-video-preview:-1\" \/>\n<link rel=\"canonical\" href=\"https:\/\/zeromagazine.mx\/index.php\/2024\/09\/19\/latin-mafia-del-escenario-al-grammy\/\" \/>\n<meta property=\"og:locale\" content=\"es_ES\" \/>\n<meta property=\"og:type\" content=\"article\" \/>\n<meta property=\"og:title\" content=\"&quot;Latin Mafia: Del Escenario al Grammy&quot; - Zero Magazine\" \/>\n<meta property=\"og:description\" content=\"Chique, si no has o\u00eddo hablar de Latin Mafia, te est\u00e1s perdiendo de algo incre\u00edble. Este tr\u00edo de hermanos mexicanos, Emilio, Milton y Mike de la Rosa, est\u00e1 causando un impacto brutal en la industria musical. Imag\u00ednate, acaban de ser nominados en la categor\u00eda de \u00abMejor Nuevo Artista\u00bb en los Latin Grammy 2024. S\u00ed, \u00a1en [&hellip;]\" \/>\n<meta property=\"og:url\" content=\"https:\/\/zeromagazine.mx\/index.php\/2024\/09\/19\/latin-mafia-del-escenario-al-grammy\/\" \/>\n<meta property=\"og:site_name\" content=\"Zero Magazine\" \/>\n<meta property=\"article:published_time\" content=\"2024-09-19T15:53:43+00:00\" \/>\n<meta property=\"article:modified_time\" content=\"2024-09-19T16:05:53+00:00\" \/>\n<meta property=\"og:image\" content=\"https:\/\/i0.wp.com\/zeromagazine.mx\/wp-content\/uploads\/2024\/09\/unnamed-27.jpg?fit=1080%2C1080&ssl=1\" \/>\n\t<meta property=\"og:image:width\" content=\"1080\" \/>\n\t<meta property=\"og:image:height\" content=\"1080\" \/>\n\t<meta property=\"og:image:type\" content=\"image\/jpeg\" \/>\n<meta name=\"author\" content=\"zeromagazinemx\" \/>\n<meta name=\"twitter:card\" content=\"summary_large_image\" \/>\n<meta name=\"twitter:label1\" content=\"Escrito por\" \/>\n\t<meta name=\"twitter:data1\" content=\"zeromagazinemx\" \/>\n\t<meta name=\"twitter:label2\" content=\"Tiempo de lectura\" \/>\n\t<meta name=\"twitter:data2\" content=\"5 minutos\" \/>\n<script type=\"application\/ld+json\" class=\"yoast-schema-graph\">{\"@context\":\"https:\\\/\\\/schema.org\",\"@graph\":[{\"@type\":\"Article\",\"@id\":\"https:\\\/\\\/zeromagazine.mx\\\/index.php\\\/2024\\\/09\\\/19\\\/latin-mafia-del-escenario-al-grammy\\\/#article\",\"isPartOf\":{\"@id\":\"https:\\\/\\\/zeromagazine.mx\\\/index.php\\\/2024\\\/09\\\/19\\\/latin-mafia-del-escenario-al-grammy\\\/\"},\"author\":{\"name\":\"zeromagazinemx\",\"@id\":\"https:\\\/\\\/zeromagazine.mx\\\/#\\\/schema\\\/person\\\/9aed9f33a7c39af3a348b86d723f7773\"},\"headline\":\"\u00abLatin Mafia: Del Escenario al Grammy\u00bb\",\"datePublished\":\"2024-09-19T15:53:43+00:00\",\"dateModified\":\"2024-09-19T16:05:53+00:00\",\"mainEntityOfPage\":{\"@id\":\"https:\\\/\\\/zeromagazine.mx\\\/index.php\\\/2024\\\/09\\\/19\\\/latin-mafia-del-escenario-al-grammy\\\/\"},\"wordCount\":979,\"commentCount\":0,\"publisher\":{\"@id\":\"https:\\\/\\\/zeromagazine.mx\\\/#organization\"},\"image\":{\"@id\":\"https:\\\/\\\/zeromagazine.mx\\\/index.php\\\/2024\\\/09\\\/19\\\/latin-mafia-del-escenario-al-grammy\\\/#primaryimage\"},\"thumbnailUrl\":\"https:\\\/\\\/i0.wp.com\\\/zeromagazine.mx\\\/wp-content\\\/uploads\\\/2024\\\/09\\\/unnamed-27.jpg?fit=1080%2C1080&ssl=1\",\"keywords\":[\"Emilio\",\"Latin Grammy\",\"Latin Mafia\",\"Mejor Nuevo Artista\",\"Mike de la Rosa\",\"Milton\"],\"articleSection\":[\"Entretenimiento\"],\"inLanguage\":\"es\",\"potentialAction\":[{\"@type\":\"CommentAction\",\"name\":\"Comment\",\"target\":[\"https:\\\/\\\/zeromagazine.mx\\\/index.php\\\/2024\\\/09\\\/19\\\/latin-mafia-del-escenario-al-grammy\\\/#respond\"]}]},{\"@type\":\"WebPage\",\"@id\":\"https:\\\/\\\/zeromagazine.mx\\\/index.php\\\/2024\\\/09\\\/19\\\/latin-mafia-del-escenario-al-grammy\\\/\",\"url\":\"https:\\\/\\\/zeromagazine.mx\\\/index.php\\\/2024\\\/09\\\/19\\\/latin-mafia-del-escenario-al-grammy\\\/\",\"name\":\"\\\"Latin Mafia: Del Escenario al Grammy\\\" - Zero Magazine\",\"isPartOf\":{\"@id\":\"https:\\\/\\\/zeromagazine.mx\\\/#website\"},\"primaryImageOfPage\":{\"@id\":\"https:\\\/\\\/zeromagazine.mx\\\/index.php\\\/2024\\\/09\\\/19\\\/latin-mafia-del-escenario-al-grammy\\\/#primaryimage\"},\"image\":{\"@id\":\"https:\\\/\\\/zeromagazine.mx\\\/index.php\\\/2024\\\/09\\\/19\\\/latin-mafia-del-escenario-al-grammy\\\/#primaryimage\"},\"thumbnailUrl\":\"https:\\\/\\\/i0.wp.com\\\/zeromagazine.mx\\\/wp-content\\\/uploads\\\/2024\\\/09\\\/unnamed-27.jpg?fit=1080%2C1080&ssl=1\",\"datePublished\":\"2024-09-19T15:53:43+00:00\",\"dateModified\":\"2024-09-19T16:05:53+00:00\",\"breadcrumb\":{\"@id\":\"https:\\\/\\\/zeromagazine.mx\\\/index.php\\\/2024\\\/09\\\/19\\\/latin-mafia-del-escenario-al-grammy\\\/#breadcrumb\"},\"inLanguage\":\"es\",\"potentialAction\":[{\"@type\":\"ReadAction\",\"target\":[\"https:\\\/\\\/zeromagazine.mx\\\/index.php\\\/2024\\\/09\\\/19\\\/latin-mafia-del-escenario-al-grammy\\\/\"]}]},{\"@type\":\"ImageObject\",\"inLanguage\":\"es\",\"@id\":\"https:\\\/\\\/zeromagazine.mx\\\/index.php\\\/2024\\\/09\\\/19\\\/latin-mafia-del-escenario-al-grammy\\\/#primaryimage\",\"url\":\"https:\\\/\\\/i0.wp.com\\\/zeromagazine.mx\\\/wp-content\\\/uploads\\\/2024\\\/09\\\/unnamed-27.jpg?fit=1080%2C1080&ssl=1\",\"contentUrl\":\"https:\\\/\\\/i0.wp.com\\\/zeromagazine.mx\\\/wp-content\\\/uploads\\\/2024\\\/09\\\/unnamed-27.jpg?fit=1080%2C1080&ssl=1\",\"width\":1080,\"height\":1080},{\"@type\":\"BreadcrumbList\",\"@id\":\"https:\\\/\\\/zeromagazine.mx\\\/index.php\\\/2024\\\/09\\\/19\\\/latin-mafia-del-escenario-al-grammy\\\/#breadcrumb\",\"itemListElement\":[{\"@type\":\"ListItem\",\"position\":1,\"name\":\"Portada\",\"item\":\"https:\\\/\\\/zeromagazine.mx\\\/\"},{\"@type\":\"ListItem\",\"position\":2,\"name\":\"\u00abLatin Mafia: Del Escenario al Grammy\u00bb\"}]},{\"@type\":\"WebSite\",\"@id\":\"https:\\\/\\\/zeromagazine.mx\\\/#website\",\"url\":\"https:\\\/\\\/zeromagazine.mx\\\/\",\"name\":\"Zero Magazine\",\"description\":\"\",\"publisher\":{\"@id\":\"https:\\\/\\\/zeromagazine.mx\\\/#organization\"},\"potentialAction\":[{\"@type\":\"SearchAction\",\"target\":{\"@type\":\"EntryPoint\",\"urlTemplate\":\"https:\\\/\\\/zeromagazine.mx\\\/?s={search_term_string}\"},\"query-input\":{\"@type\":\"PropertyValueSpecification\",\"valueRequired\":true,\"valueName\":\"search_term_string\"}}],\"inLanguage\":\"es\"},{\"@type\":\"Organization\",\"@id\":\"https:\\\/\\\/zeromagazine.mx\\\/#organization\",\"name\":\"Zero Magazine\",\"url\":\"https:\\\/\\\/zeromagazine.mx\\\/\",\"logo\":{\"@type\":\"ImageObject\",\"inLanguage\":\"es\",\"@id\":\"https:\\\/\\\/zeromagazine.mx\\\/#\\\/schema\\\/logo\\\/image\\\/\",\"url\":\"https:\\\/\\\/i0.wp.com\\\/zeromagazine.mx\\\/wp-content\\\/uploads\\\/2025\\\/11\\\/1.jpeg?fit=1000%2C1000&ssl=1\",\"contentUrl\":\"https:\\\/\\\/i0.wp.com\\\/zeromagazine.mx\\\/wp-content\\\/uploads\\\/2025\\\/11\\\/1.jpeg?fit=1000%2C1000&ssl=1\",\"width\":1000,\"height\":1000,\"caption\":\"Zero Magazine\"},\"image\":{\"@id\":\"https:\\\/\\\/zeromagazine.mx\\\/#\\\/schema\\\/logo\\\/image\\\/\"},\"sameAs\":[\"https:\\\/\\\/instagram.com\\\/zeromagazinemx\"]},{\"@type\":\"Person\",\"@id\":\"https:\\\/\\\/zeromagazine.mx\\\/#\\\/schema\\\/person\\\/9aed9f33a7c39af3a348b86d723f7773\",\"name\":\"zeromagazinemx\",\"image\":{\"@type\":\"ImageObject\",\"inLanguage\":\"es\",\"@id\":\"https:\\\/\\\/zeromagazine.mx\\\/wp-content\\\/litespeed\\\/avatar\\\/f91dfe5410d5dcb1a576bf8c45983896.jpg?ver=1777571230\",\"url\":\"https:\\\/\\\/zeromagazine.mx\\\/wp-content\\\/litespeed\\\/avatar\\\/f91dfe5410d5dcb1a576bf8c45983896.jpg?ver=1777571230\",\"contentUrl\":\"https:\\\/\\\/zeromagazine.mx\\\/wp-content\\\/litespeed\\\/avatar\\\/f91dfe5410d5dcb1a576bf8c45983896.jpg?ver=1777571230\",\"caption\":\"zeromagazinemx\"},\"url\":\"https:\\\/\\\/zeromagazine.mx\\\/index.php\\\/author\\\/zeromagazinemx\\\/\"}]}<\/script>\n<!-- \/ Yoast SEO plugin. -->","yoast_head_json":{"title":"\"Latin Mafia: Del Escenario al Grammy\" - Zero Magazine","robots":{"index":"index","follow":"follow","max-snippet":"max-snippet:-1","max-image-preview":"max-image-preview:large","max-video-preview":"max-video-preview:-1"},"canonical":"https:\/\/zeromagazine.mx\/index.php\/2024\/09\/19\/latin-mafia-del-escenario-al-grammy\/","og_locale":"es_ES","og_type":"article","og_title":"\"Latin Mafia: Del Escenario al Grammy\" - Zero Magazine","og_description":"Chique, si no has o\u00eddo hablar de Latin Mafia, te est\u00e1s perdiendo de algo incre\u00edble. Este tr\u00edo de hermanos mexicanos, Emilio, Milton y Mike de la Rosa, est\u00e1 causando un impacto brutal en la industria musical. Imag\u00ednate, acaban de ser nominados en la categor\u00eda de \u00abMejor Nuevo Artista\u00bb en los Latin Grammy 2024. S\u00ed, \u00a1en [&hellip;]","og_url":"https:\/\/zeromagazine.mx\/index.php\/2024\/09\/19\/latin-mafia-del-escenario-al-grammy\/","og_site_name":"Zero Magazine","article_published_time":"2024-09-19T15:53:43+00:00","article_modified_time":"2024-09-19T16:05:53+00:00","og_image":[{"width":1080,"height":1080,"url":"https:\/\/i0.wp.com\/zeromagazine.mx\/wp-content\/uploads\/2024\/09\/unnamed-27.jpg?fit=1080%2C1080&ssl=1","type":"image\/jpeg"}],"author":"zeromagazinemx","twitter_card":"summary_large_image","twitter_misc":{"Escrito por":"zeromagazinemx","Tiempo de lectura":"5 minutos"},"schema":{"@context":"https:\/\/schema.org","@graph":[{"@type":"Article","@id":"https:\/\/zeromagazine.mx\/index.php\/2024\/09\/19\/latin-mafia-del-escenario-al-grammy\/#article","isPartOf":{"@id":"https:\/\/zeromagazine.mx\/index.php\/2024\/09\/19\/latin-mafia-del-escenario-al-grammy\/"},"author":{"name":"zeromagazinemx","@id":"https:\/\/zeromagazine.mx\/#\/schema\/person\/9aed9f33a7c39af3a348b86d723f7773"},"headline":"\u00abLatin Mafia: Del Escenario al Grammy\u00bb","datePublished":"2024-09-19T15:53:43+00:00","dateModified":"2024-09-19T16:05:53+00:00","mainEntityOfPage":{"@id":"https:\/\/zeromagazine.mx\/index.php\/2024\/09\/19\/latin-mafia-del-escenario-al-grammy\/"},"wordCount":979,"commentCount":0,"publisher":{"@id":"https:\/\/zeromagazine.mx\/#organization"},"image":{"@id":"https:\/\/zeromagazine.mx\/index.php\/2024\/09\/19\/latin-mafia-del-escenario-al-grammy\/#primaryimage"},"thumbnailUrl":"https:\/\/i0.wp.com\/zeromagazine.mx\/wp-content\/uploads\/2024\/09\/unnamed-27.jpg?fit=1080%2C1080&ssl=1","keywords":["Emilio","Latin Grammy","Latin Mafia","Mejor Nuevo Artista","Mike de la Rosa","Milton"],"articleSection":["Entretenimiento"],"inLanguage":"es","potentialAction":[{"@type":"CommentAction","name":"Comment","target":["https:\/\/zeromagazine.mx\/index.php\/2024\/09\/19\/latin-mafia-del-escenario-al-grammy\/#respond"]}]},{"@type":"WebPage","@id":"https:\/\/zeromagazine.mx\/index.php\/2024\/09\/19\/latin-mafia-del-escenario-al-grammy\/","url":"https:\/\/zeromagazine.mx\/index.php\/2024\/09\/19\/latin-mafia-del-escenario-al-grammy\/","name":"\"Latin Mafia: Del Escenario al Grammy\" - Zero Magazine","isPartOf":{"@id":"https:\/\/zeromagazine.mx\/#website"},"primaryImageOfPage":{"@id":"https:\/\/zeromagazine.mx\/index.php\/2024\/09\/19\/latin-mafia-del-escenario-al-grammy\/#primaryimage"},"image":{"@id":"https:\/\/zeromagazine.mx\/index.php\/2024\/09\/19\/latin-mafia-del-escenario-al-grammy\/#primaryimage"},"thumbnailUrl":"https:\/\/i0.wp.com\/zeromagazine.mx\/wp-content\/uploads\/2024\/09\/unnamed-27.jpg?fit=1080%2C1080&ssl=1","datePublished":"2024-09-19T15:53:43+00:00","dateModified":"2024-09-19T16:05:53+00:00","breadcrumb":{"@id":"https:\/\/zeromagazine.mx\/index.php\/2024\/09\/19\/latin-mafia-del-escenario-al-grammy\/#breadcrumb"},"inLanguage":"es","potentialAction":[{"@type":"ReadAction","target":["https:\/\/zeromagazine.mx\/index.php\/2024\/09\/19\/latin-mafia-del-escenario-al-grammy\/"]}]},{"@type":"ImageObject","inLanguage":"es","@id":"https:\/\/zeromagazine.mx\/index.php\/2024\/09\/19\/latin-mafia-del-escenario-al-grammy\/#primaryimage","url":"https:\/\/i0.wp.com\/zeromagazine.mx\/wp-content\/uploads\/2024\/09\/unnamed-27.jpg?fit=1080%2C1080&ssl=1","contentUrl":"https:\/\/i0.wp.com\/zeromagazine.mx\/wp-content\/uploads\/2024\/09\/unnamed-27.jpg?fit=1080%2C1080&ssl=1","width":1080,"height":1080},{"@type":"BreadcrumbList","@id":"https:\/\/zeromagazine.mx\/index.php\/2024\/09\/19\/latin-mafia-del-escenario-al-grammy\/#breadcrumb","itemListElement":[{"@type":"ListItem","position":1,"name":"Portada","item":"https:\/\/zeromagazine.mx\/"},{"@type":"ListItem","position":2,"name":"\u00abLatin Mafia: Del Escenario al Grammy\u00bb"}]},{"@type":"WebSite","@id":"https:\/\/zeromagazine.mx\/#website","url":"https:\/\/zeromagazine.mx\/","name":"Zero Magazine","description":"","publisher":{"@id":"https:\/\/zeromagazine.mx\/#organization"},"potentialAction":[{"@type":"SearchAction","target":{"@type":"EntryPoint","urlTemplate":"https:\/\/zeromagazine.mx\/?s={search_term_string}"},"query-input":{"@type":"PropertyValueSpecification","valueRequired":true,"valueName":"search_term_string"}}],"inLanguage":"es"},{"@type":"Organization","@id":"https:\/\/zeromagazine.mx\/#organization","name":"Zero Magazine","url":"https:\/\/zeromagazine.mx\/","logo":{"@type":"ImageObject","inLanguage":"es","@id":"https:\/\/zeromagazine.mx\/#\/schema\/logo\/image\/","url":"https:\/\/i0.wp.com\/zeromagazine.mx\/wp-content\/uploads\/2025\/11\/1.jpeg?fit=1000%2C1000&ssl=1","contentUrl":"https:\/\/i0.wp.com\/zeromagazine.mx\/wp-content\/uploads\/2025\/11\/1.jpeg?fit=1000%2C1000&ssl=1","width":1000,"height":1000,"caption":"Zero Magazine"},"image":{"@id":"https:\/\/zeromagazine.mx\/#\/schema\/logo\/image\/"},"sameAs":["https:\/\/instagram.com\/zeromagazinemx"]},{"@type":"Person","@id":"https:\/\/zeromagazine.mx\/#\/schema\/person\/9aed9f33a7c39af3a348b86d723f7773","name":"zeromagazinemx","image":{"@type":"ImageObject","inLanguage":"es","@id":"https:\/\/zeromagazine.mx\/wp-content\/litespeed\/avatar\/f91dfe5410d5dcb1a576bf8c45983896.jpg?ver=1777571230","url":"https:\/\/zeromagazine.mx\/wp-content\/litespeed\/avatar\/f91dfe5410d5dcb1a576bf8c45983896.jpg?ver=1777571230","contentUrl":"https:\/\/zeromagazine.mx\/wp-content\/litespeed\/avatar\/f91dfe5410d5dcb1a576bf8c45983896.jpg?ver=1777571230","caption":"zeromagazinemx"},"url":"https:\/\/zeromagazine.mx\/index.php\/author\/zeromagazinemx\/"}]}},"jetpack_publicize_connections":[],"jetpack_featured_media_url":"https:\/\/i0.wp.com\/zeromagazine.mx\/wp-content\/uploads\/2024\/09\/unnamed-27.jpg?fit=1080%2C1080&ssl=1","jetpack-related-posts":[{"id":80342,"url":"https:\/\/zeromagazine.mx\/index.php\/2024\/07\/15\/latin-mafia-rumbo-al-exito-global\/","url_meta":{"origin":84122,"position":0},"title":"Latin Mafia Rumbo al \u00c9xito Global","author":"zeromagazinemx","date":"15 de julio de 2024","format":false,"excerpt":"Hoy les traigo el chisme m\u00e1s fresh del mundo de la m\u00fasica. \u00bfSe acuerdan de Latin Mafia? S\u00ed, esos morros que la est\u00e1n rompiendo por todos lados. Pues ahora resulta que se est\u00e1n globalizando ca\u00f1\u00f3n gracias a su nueva collab con Rimas Entertainment. Para empezar, hablemos de los chicos de\u2026","rel":"","context":"En \u00abEntretenimiento\u00bb","block_context":{"text":"Entretenimiento","link":"https:\/\/zeromagazine.mx\/index.php\/category\/entretenimiento\/"},"img":{"alt_text":"","src":"https:\/\/i0.wp.com\/zeromagazine.mx\/wp-content\/uploads\/2024\/07\/unnamed-19.jpg?fit=1200%2C799&ssl=1&resize=350%2C200","width":350,"height":200,"srcset":"https:\/\/i0.wp.com\/zeromagazine.mx\/wp-content\/uploads\/2024\/07\/unnamed-19.jpg?fit=1200%2C799&ssl=1&resize=350%2C200 1x, https:\/\/i0.wp.com\/zeromagazine.mx\/wp-content\/uploads\/2024\/07\/unnamed-19.jpg?fit=1200%2C799&ssl=1&resize=525%2C300 1.5x, https:\/\/i0.wp.com\/zeromagazine.mx\/wp-content\/uploads\/2024\/07\/unnamed-19.jpg?fit=1200%2C799&ssl=1&resize=700%2C400 2x, https:\/\/i0.wp.com\/zeromagazine.mx\/wp-content\/uploads\/2024\/07\/unnamed-19.jpg?fit=1200%2C799&ssl=1&resize=1050%2C600 3x"},"classes":[]},{"id":88013,"url":"https:\/\/zeromagazine.mx\/index.php\/2024\/10\/22\/latin-mafia-listening-party-inolvidable\/","url_meta":{"origin":84122,"position":1},"title":"Latin Mafia Listening Party: \u00a1Inolvidable!","author":"zeromagazinemx","date":"22 de octubre de 2024","format":false,"excerpt":"Si hay algo que hemos aprendido de la m\u00fasica latina en los \u00faltimos a\u00f1os, es que la autenticidad y el talento son la f\u00f3rmula perfecta para el \u00e9xito. Y si no, preg\u00fantale a Latin Mafia, ese tr\u00edo de hermanos que acaba de dar una c\u00e1tedra de c\u00f3mo se hace un\u2026","rel":"","context":"En \u00abEntretenimiento\u00bb","block_context":{"text":"Entretenimiento","link":"https:\/\/zeromagazine.mx\/index.php\/category\/entretenimiento\/"},"img":{"alt_text":"","src":"https:\/\/i0.wp.com\/zeromagazine.mx\/wp-content\/uploads\/2024\/10\/A7V5747-1-scaled.jpg?fit=1200%2C800&ssl=1&resize=350%2C200","width":350,"height":200,"srcset":"https:\/\/i0.wp.com\/zeromagazine.mx\/wp-content\/uploads\/2024\/10\/A7V5747-1-scaled.jpg?fit=1200%2C800&ssl=1&resize=350%2C200 1x, https:\/\/i0.wp.com\/zeromagazine.mx\/wp-content\/uploads\/2024\/10\/A7V5747-1-scaled.jpg?fit=1200%2C800&ssl=1&resize=525%2C300 1.5x, https:\/\/i0.wp.com\/zeromagazine.mx\/wp-content\/uploads\/2024\/10\/A7V5747-1-scaled.jpg?fit=1200%2C800&ssl=1&resize=700%2C400 2x, https:\/\/i0.wp.com\/zeromagazine.mx\/wp-content\/uploads\/2024\/10\/A7V5747-1-scaled.jpg?fit=1200%2C800&ssl=1&resize=1050%2C600 3x"},"classes":[]},{"id":91748,"url":"https:\/\/zeromagazine.mx\/index.php\/2024\/11\/26\/rauw-y-latin-mafia-rompen-el-flow-fest\/","url_meta":{"origin":84122,"position":2},"title":"Rauw y Latin Mafia Rompen el Flow Fest","author":"zeromagazinemx","date":"26 de noviembre de 2024","format":false,"excerpt":"Este s\u00e1bado, el Coca-Cola FLOW FEST 2024 se volvi\u00f3 una locura. Los hermanos de Latin Mafia, con su energ\u00eda desbordante y su estilo \u00fanico, nos sorprendieron al unirse a Rauw Alejandro para una colaboraci\u00f3n que fue una bomba. Y te juro que no estamos exagerando, el combo de estos dos\u2026","rel":"","context":"En \u00abEntretenimiento\u00bb","block_context":{"text":"Entretenimiento","link":"https:\/\/zeromagazine.mx\/index.php\/category\/entretenimiento\/"},"img":{"alt_text":"","src":"https:\/\/i0.wp.com\/zeromagazine.mx\/wp-content\/uploads\/2024\/11\/unnamed-24.jpg?fit=1200%2C799&ssl=1&resize=350%2C200","width":350,"height":200,"srcset":"https:\/\/i0.wp.com\/zeromagazine.mx\/wp-content\/uploads\/2024\/11\/unnamed-24.jpg?fit=1200%2C799&ssl=1&resize=350%2C200 1x, https:\/\/i0.wp.com\/zeromagazine.mx\/wp-content\/uploads\/2024\/11\/unnamed-24.jpg?fit=1200%2C799&ssl=1&resize=525%2C300 1.5x, https:\/\/i0.wp.com\/zeromagazine.mx\/wp-content\/uploads\/2024\/11\/unnamed-24.jpg?fit=1200%2C799&ssl=1&resize=700%2C400 2x, https:\/\/i0.wp.com\/zeromagazine.mx\/wp-content\/uploads\/2024\/11\/unnamed-24.jpg?fit=1200%2C799&ssl=1&resize=1050%2C600 3x"},"classes":[]},{"id":87846,"url":"https:\/\/zeromagazine.mx\/index.php\/2024\/10\/21\/latin-mafia-en-camp-flog-gnaw\/","url_meta":{"origin":84122,"position":3},"title":"Camp Flog Gnaw: Latin Mafia Representando a M\u00e9xico","author":"David Morales","date":"21 de octubre de 2024","format":false,"excerpt":"Amix, \u00bfse imaginan lo ic\u00f3nico que es que Latin Mafia sea parte del d\u00e9cimo aniversario del Camp Flog Gnaw Carnival 2024? Este festival legendario, organizado por el mism\u00edsimo Tyler, the Creator, va a estar \ud83d\udd25 los d\u00edas 16 y 17 de noviembre en el Dodger Stadium de Los \u00c1ngeles. Y\u2026","rel":"","context":"En \u00abEntretenimiento\u00bb","block_context":{"text":"Entretenimiento","link":"https:\/\/zeromagazine.mx\/index.php\/category\/entretenimiento\/"},"img":{"alt_text":"","src":"https:\/\/i0.wp.com\/zeromagazine.mx\/wp-content\/uploads\/2024\/10\/IMG_2051.jpeg?fit=675%2C1200&ssl=1&resize=350%2C200","width":350,"height":200,"srcset":"https:\/\/i0.wp.com\/zeromagazine.mx\/wp-content\/uploads\/2024\/10\/IMG_2051.jpeg?fit=675%2C1200&ssl=1&resize=350%2C200 1x, https:\/\/i0.wp.com\/zeromagazine.mx\/wp-content\/uploads\/2024\/10\/IMG_2051.jpeg?fit=675%2C1200&ssl=1&resize=525%2C300 1.5x"},"classes":[]},{"id":114257,"url":"https:\/\/zeromagazine.mx\/index.php\/2026\/01\/27\/latin-mafia-moda-paris\/","url_meta":{"origin":84122,"position":4},"title":"LATIN MAFIA DEBUTA EN EL MUNDO DE LA MODA EN PAR\u00cdS CON APARICI\u00d3N EN AMIRI Y PRESENTACI\u00d3N EN VIVO PARA WILLY CHAVARR\u00cdA","author":"David Morales","date":"27 de enero de 2026","format":false,"excerpt":"Par\u00eds siempre ha sido sin\u00f3nimo de lujo, riesgo creativo y tendencias que dictan el ritmo global. Esta vez, la ciudad fue testigo de algo distinto:\u00a0Latin Mafia\u00a0cruzando fronteras y demostrando que la m\u00fasica en espa\u00f1ol tambi\u00e9n puede ocupar un lugar central en la moda de alto impacto. Su debut en la\u2026","rel":"","context":"En \u00abBlog\u00bb","block_context":{"text":"Blog","link":"https:\/\/zeromagazine.mx\/index.php\/category\/blog\/"},"img":{"alt_text":"","src":"https:\/\/i0.wp.com\/zeromagazine.mx\/wp-content\/uploads\/2026\/01\/IMG_1171.jpeg?fit=1200%2C799&ssl=1&resize=350%2C200","width":350,"height":200,"srcset":"https:\/\/i0.wp.com\/zeromagazine.mx\/wp-content\/uploads\/2026\/01\/IMG_1171.jpeg?fit=1200%2C799&ssl=1&resize=350%2C200 1x, https:\/\/i0.wp.com\/zeromagazine.mx\/wp-content\/uploads\/2026\/01\/IMG_1171.jpeg?fit=1200%2C799&ssl=1&resize=525%2C300 1.5x, https:\/\/i0.wp.com\/zeromagazine.mx\/wp-content\/uploads\/2026\/01\/IMG_1171.jpeg?fit=1200%2C799&ssl=1&resize=700%2C400 2x, https:\/\/i0.wp.com\/zeromagazine.mx\/wp-content\/uploads\/2026\/01\/IMG_1171.jpeg?fit=1200%2C799&ssl=1&resize=1050%2C600 3x"},"classes":[]},{"id":102253,"url":"https:\/\/zeromagazine.mx\/index.php\/2025\/04\/22\/latin-grammy-2025\/","url_meta":{"origin":84122,"position":5},"title":"Latin GRAMMY 2025","author":"David Morales","date":"22 de abril de 2025","format":false,"excerpt":"Amix, prep\u00e1rense porque La Noche M\u00e1s Importante de la M\u00fasica Latina est\u00e1 a punto de encender Las Vegas otra vez. La 26.a edici\u00f3n de los Latin GRAMMY ya tiene fecha y lugar: ser\u00e1 el 13 de noviembre de 2025 en el m\u00edtico MGM Grand Garden Arena. O sea, vibes de\u2026","rel":"","context":"En \u00abEntretenimiento\u00bb","block_context":{"text":"Entretenimiento","link":"https:\/\/zeromagazine.mx\/index.php\/category\/entretenimiento\/"},"img":{"alt_text":"","src":"https:\/\/i0.wp.com\/zeromagazine.mx\/wp-content\/uploads\/2025\/04\/Latin-Grammy.jpeg?resize=350%2C200&ssl=1","width":350,"height":200,"srcset":"https:\/\/i0.wp.com\/zeromagazine.mx\/wp-content\/uploads\/2025\/04\/Latin-Grammy.jpeg?resize=350%2C200&ssl=1 1x, https:\/\/i0.wp.com\/zeromagazine.mx\/wp-content\/uploads\/2025\/04\/Latin-Grammy.jpeg?resize=525%2C300&ssl=1 1.5x, https:\/\/i0.wp.com\/zeromagazine.mx\/wp-content\/uploads\/2025\/04\/Latin-Grammy.jpeg?resize=700%2C400&ssl=1 2x"},"classes":[]}],"jetpack_sharing_enabled":true,"builder_content":"","_links":{"self":[{"href":"https:\/\/zeromagazine.mx\/index.php\/wp-json\/wp\/v2\/posts\/84122","targetHints":{"allow":["GET"]}}],"collection":[{"href":"https:\/\/zeromagazine.mx\/index.php\/wp-json\/wp\/v2\/posts"}],"about":[{"href":"https:\/\/zeromagazine.mx\/index.php\/wp-json\/wp\/v2\/types\/post"}],"author":[{"embeddable":true,"href":"https:\/\/zeromagazine.mx\/index.php\/wp-json\/wp\/v2\/users\/2"}],"replies":[{"embeddable":true,"href":"https:\/\/zeromagazine.mx\/index.php\/wp-json\/wp\/v2\/comments?post=84122"}],"version-history":[{"count":10,"href":"https:\/\/zeromagazine.mx\/index.php\/wp-json\/wp\/v2\/posts\/84122\/revisions"}],"predecessor-version":[{"id":84136,"href":"https:\/\/zeromagazine.mx\/index.php\/wp-json\/wp\/v2\/posts\/84122\/revisions\/84136"}],"wp:featuredmedia":[{"embeddable":true,"href":"https:\/\/zeromagazine.mx\/index.php\/wp-json\/wp\/v2\/media\/84123"}],"wp:attachment":[{"href":"https:\/\/zeromagazine.mx\/index.php\/wp-json\/wp\/v2\/media?parent=84122"}],"wp:term":[{"taxonomy":"category","embeddable":true,"href":"https:\/\/zeromagazine.mx\/index.php\/wp-json\/wp\/v2\/categories?post=84122"},{"taxonomy":"post_tag","embeddable":true,"href":"https:\/\/zeromagazine.mx\/index.php\/wp-json\/wp\/v2\/tags?post=84122"}],"curies":[{"name":"wp","href":"https:\/\/api.w.org\/{rel}","templated":true}]}}