{"id":84159,"date":"2024-09-19T19:56:30","date_gmt":"2024-09-19T17:56:30","guid":{"rendered":"https:\/\/zeromagazine.mx\/?p=84159"},"modified":"2024-09-19T20:07:33","modified_gmt":"2024-09-19T18:07:33","slug":"harold-crayon-magia-y-caos","status":"publish","type":"post","link":"https:\/\/zeromagazine.mx\/index.php\/2024\/09\/19\/harold-crayon-magia-y-caos\/","title":{"rendered":"\u00abHarold: Cray\u00f3n, Magia y Caos\u00bb"},"content":{"rendered":"<p>\u00bfRecuerdas esos d\u00edas en los que tu creatividad no conoc\u00eda l\u00edmites y tus dibujos eran m\u00e1s que simples garabatos en una hoja? Pues, prep\u00e1rate para un viaje alucinante porque \u201cHarold y su cray\u00f3n m\u00e1gico\u201d llega a las plataformas digitales el 19 de septiembre, y te aseguro que no querr\u00e1s perd\u00e9rtelo. Esta adaptaci\u00f3n cinematogr\u00e1fica del querido libro infantil promete llevarte de vuelta a esos momentos m\u00e1gicos de la infancia con una mezcla de humor, aventuras \u00e9picas y un toque de fantas\u00eda.<\/p>\n\n\n\n<p><strong>\u00bfQu\u00e9 nos trae \u201cHarold y su cray\u00f3n m\u00e1gico\u201d?<\/strong><\/p>\n\n\n\n<p>La trama se centra en Harold, un morro con una imaginaci\u00f3n desbordante y un cray\u00f3n m\u00e1gico que hace realidad todo lo que dibuja. S\u00ed, le\u00edste bien, \u00a1todo lo que dibuja! Interpretado por el carism\u00e1tico Zachary Levi (conocido por su rol en Shazam), Harold descubre que su cray\u00f3n puede traer a la vida sus creaciones m\u00e1s locas. Pero cuando Harold decide dibujarse a s\u00ed mismo fuera del libro y en el mundo real, se enfrenta a un mont\u00f3n de desaf\u00edos que no hab\u00eda previsto.<\/p>\n\n\n\n<script async src=\"https:\/\/pagead2.googlesyndication.com\/pagead\/js\/adsbygoogle.js?client=ca-pub-5499304793904745\"\n     crossorigin=\"anonymous\"><\/script>\n<ins class=\"adsbygoogle\"\n     style=\"display:block; text-align:center;\"\n     data-ad-layout=\"in-article\"\n     data-ad-format=\"fluid\"\n     data-ad-client=\"ca-pub-5499304793904745\"\n     data-ad-slot=\"5994863093\"><\/ins>\n<script>\n     (adsbygoogle = window.adsbygoogle || []).push({});\n<\/script>\n\n\n\n<p><\/p>\n\n\n\n<p>De repente, el mundo que pensaba conocer se convierte en un campo de batalla de travesuras y situaciones absurdas. El poder de su cray\u00f3n no solo desata un caos inesperado, sino que tambi\u00e9n lo lleva a aprender valiosas lecciones sobre la vida fuera de su mundo de papel. Harold y sus amigos tendr\u00e1n que usar toda su imaginaci\u00f3n y su ingenio para salvar ambos mundos de un desastroso enredo que amenaza con cambiarlo todo.<\/p>\n\n\n<div class=\"wp-block-image\">\n<figure class=\"aligncenter size-full\"><img data-recalc-dims=\"1\" decoding=\"async\" width=\"1165\" height=\"777\" src=\"https:\/\/i0.wp.com\/zeromagazine.mx\/wp-content\/uploads\/2024\/09\/SW1200_COMP_V10013_3.25.3-scaled.jpg?resize=1165%2C777&#038;ssl=1\" alt=\"Descubre la magia de 'Harold y su cray\u00f3n m\u00e1gico', donde los dibujos cobran vida y la imaginaci\u00f3n no tiene l\u00edmites. Disponible el 19 de septiembre en plataformas digitales para una aventura \u00e9pica llena de risas y travesuras.\n\" class=\"wp-image-84160\" srcset=\"https:\/\/i0.wp.com\/zeromagazine.mx\/wp-content\/uploads\/2024\/09\/SW1200_COMP_V10013_3.25.3-scaled.jpg?w=2560&amp;ssl=1 2560w, https:\/\/i0.wp.com\/zeromagazine.mx\/wp-content\/uploads\/2024\/09\/SW1200_COMP_V10013_3.25.3-scaled.jpg?resize=300%2C200&amp;ssl=1 300w, https:\/\/i0.wp.com\/zeromagazine.mx\/wp-content\/uploads\/2024\/09\/SW1200_COMP_V10013_3.25.3-scaled.jpg?resize=1024%2C683&amp;ssl=1 1024w, https:\/\/i0.wp.com\/zeromagazine.mx\/wp-content\/uploads\/2024\/09\/SW1200_COMP_V10013_3.25.3-scaled.jpg?resize=768%2C512&amp;ssl=1 768w, https:\/\/i0.wp.com\/zeromagazine.mx\/wp-content\/uploads\/2024\/09\/SW1200_COMP_V10013_3.25.3-scaled.jpg?resize=1536%2C1024&amp;ssl=1 1536w, https:\/\/i0.wp.com\/zeromagazine.mx\/wp-content\/uploads\/2024\/09\/SW1200_COMP_V10013_3.25.3-scaled.jpg?resize=2048%2C1365&amp;ssl=1 2048w, https:\/\/i0.wp.com\/zeromagazine.mx\/wp-content\/uploads\/2024\/09\/SW1200_COMP_V10013_3.25.3-scaled.jpg?w=2330 2330w\" sizes=\"(max-width: 1165px) 100vw, 1165px\" \/><\/figure>\n<\/div>\n\n\n<p><\/p>\n\n\n\n<h2 class=\"wp-block-heading\">Un elenco que brilla por s\u00ed mismo<\/h2>\n\n\n\n<p>Esta pel\u00edcula cuenta con un elenco impresionante que seguramente har\u00e1 que te r\u00edas a carcajadas. Zachary Levi, quien da vida a Harold, est\u00e1 acompa\u00f1ado por Lil Rel Howery, conocido por su participaci\u00f3n en Paw Patrol: la pel\u00edcula, y Jemaine Clement, quien nos hizo re\u00edr con Moana. Tambi\u00e9n se une Tanya Reynolds de Sex Education, con Alfred Molina y Zooey Deschanel aportando su experiencia y talento a la mezcla. Cada uno de ellos trae algo especial a la mesa, creando una combinaci\u00f3n explosiva de humor y coraz\u00f3n que har\u00e1 que te encari\u00f1es a\u00fan m\u00e1s con los personajes.<\/p>\n\n\n\n<script async src=\"https:\/\/pagead2.googlesyndication.com\/pagead\/js\/adsbygoogle.js?client=ca-pub-5499304793904745\"\r\n     crossorigin=\"anonymous\"><\/script>\r\n<ins class=\"adsbygoogle\"\r\n     style=\"display:block; text-align:center;\"\r\n     data-ad-layout=\"in-article\"\r\n     data-ad-format=\"fluid\"\r\n     data-ad-client=\"ca-pub-5499304793904745\"\r\n     data-ad-slot=\"5994863093\"><\/ins>\r\n<script>\r\n     (adsbygoogle = window.adsbygoogle || []).push({});\r\n<\/script>\n\n\n\n<p><\/p>\n\n\n\n<p>El gui\u00f3n de la pel\u00edcula, escrito por David Guion y Michael Handelman, mantiene el esp\u00edritu del libro original de Crockett Johnson, pero lo actualiza con una narrativa que se siente fresca y moderna. La direcci\u00f3n de Carlos Saldanha, conocido por sus \u00e9xitos como R\u00edo y La era de hielo, asegura que la pel\u00edcula est\u00e9 llena de vida, color y ritmo, capturando la esencia de la magia y la aventura que todos amamos.<\/p>\n\n\n\n<p><strong>\u00bfD\u00f3nde puedes ver la peli?<\/strong><\/p>\n\n\n\n<p>La mejor parte es que puedes disfrutar de esta divertida aventura desde la comodidad de tu hogar. \u201cHarold y su cray\u00f3n m\u00e1gico\u201d est\u00e1 disponible en varias plataformas digitales como Prime Video, Apple TV app, Clarovideo, TotalPlay e Izzi. No tienes que moverte del sof\u00e1 para sumergirte en este mundo lleno de imaginaci\u00f3n y magia. Solo elige tu plataforma favorita, agarra tus snacks y prep\u00e1rate para una experiencia de visualizaci\u00f3n que te har\u00e1 re\u00edr y asombrarte.<\/p>\n\n\n\n<p><strong>\u00bfPor qu\u00e9 deber\u00edas verlo?<\/strong><\/p>\n\n\n\n<p>\u201cHarold y su cray\u00f3n m\u00e1gico\u201d no es solo para los m\u00e1s peque\u00f1os. La pel\u00edcula es un recordatorio de la importancia de la imaginaci\u00f3n y la creatividad en nuestras vidas. Nos invita a todos a reconectar con esa parte de nosotros que siempre est\u00e1 lista para so\u00f1ar y explorar. A trav\u00e9s de las locuras y desaf\u00edos que enfrenta Harold, la pel\u00edcula nos muestra que con un poco de creatividad y un buen grupo de amigos, podemos enfrentar cualquier cosa que nos propongamos.<\/p>\n\n\n\n<script async src=\"https:\/\/pagead2.googlesyndication.com\/pagead\/js\/adsbygoogle.js?client=ca-pub-5499304793904745\"\r\n     crossorigin=\"anonymous\"><\/script>\r\n<ins class=\"adsbygoogle\"\r\n     style=\"display:block; text-align:center;\"\r\n     data-ad-layout=\"in-article\"\r\n     data-ad-format=\"fluid\"\r\n     data-ad-client=\"ca-pub-5499304793904745\"\r\n     data-ad-slot=\"5994863093\"><\/ins>\r\n<script>\r\n     (adsbygoogle = window.adsbygoogle || []).push({});\r\n<\/script>\n\n\n\n<p><\/p>\n\n\n\n<p>Adem\u00e1s, la diversi\u00f3n y el estilo visual de la pel\u00edcula la hacen perfecta para toda la familia. Es una oportunidad para disfrutar de una comedia ligera pero significativa que te har\u00e1 re\u00edr y reflexionar al mismo tiempo. La combinaci\u00f3n de efectos visuales vibrantes y una trama entretenida garantiza que cada minuto sea una sorpresa.<\/p>\n\n\n\n<p>Para m\u00e1s detalles sobre esta y otras pel\u00edculas de Sony Home, visita su sitio web en <a href=\"https:\/\/www.sonypictures.com.mx\/entretenimiento-en-casa\">Sony Pictures<\/a> y s\u00edguelos en sus redes sociales. Mantente al tanto de las \u00faltimas novedades y lanzamientos para que no te pierdas de nada.<\/p>\n\n\n\n<script async src=\"https:\/\/pagead2.googlesyndication.com\/pagead\/js\/adsbygoogle.js?client=ca-pub-5499304793904745\"\r\n     crossorigin=\"anonymous\"><\/script>\r\n<ins class=\"adsbygoogle\"\r\n     style=\"display:block; text-align:center;\"\r\n     data-ad-layout=\"in-article\"\r\n     data-ad-format=\"fluid\"\r\n     data-ad-client=\"ca-pub-5499304793904745\"\r\n     data-ad-slot=\"5994863093\"><\/ins>\r\n<script>\r\n     (adsbygoogle = window.adsbygoogle || []).push({});\r\n<\/script>\n\n\n\n<p><\/p>\n\n\n\n<p>As\u00ed que ya sabes, marca el 19 de septiembre en tu calendario, elige tu plataforma digital favorita y prep\u00e1rate para un viaje m\u00e1gico con \u201cHarold y su cray\u00f3n m\u00e1gico\u201d.<\/p>\n\n<!--themify_builder_content-->\n<div id=\"themify_builder_content-84159\" data-postid=\"84159\" class=\"themify_builder_content themify_builder_content-84159 themify_builder tf_clear\">\n    <\/div>\n<!--\/themify_builder_content-->","protected":false},"excerpt":{"rendered":"<p>\u00bfRecuerdas esos d\u00edas en los que tu creatividad no conoc\u00eda l\u00edmites y tus dibujos eran m\u00e1s que simples garabatos en una hoja? Pues, prep\u00e1rate para un viaje alucinante porque \u201cHarold y su cray\u00f3n m\u00e1gico\u201d llega a las plataformas digitales el 19 de septiembre, y te aseguro que no querr\u00e1s perd\u00e9rtelo. Esta adaptaci\u00f3n cinematogr\u00e1fica del querido [&hellip;]<\/p>\n","protected":false},"author":2,"featured_media":84160,"comment_status":"open","ping_status":"open","sticky":false,"template":"","format":"standard","meta":{"_jetpack_memberships_contains_paid_content":false,"footnotes":"","jetpack_publicize_message":"","jetpack_publicize_feature_enabled":true,"jetpack_social_post_already_shared":true,"jetpack_social_options":{"image_generator_settings":{"template":"highway","default_image_id":0,"font":"","enabled":false},"version":2}},"categories":[791],"tags":[10380,4073,121,10381],"class_list":["post-84159","post","type-post","status-publish","format-standard","has-post-thumbnail","hentry","category-cultura","tag-harold-y-su-crayon-magico","tag-lil-rel-howery","tag-pelicula","tag-zachary-levi","has-post-title","has-post-date","has-post-category","has-post-tag","has-post-comment","has-post-author",""],"yoast_head":"<!-- This site is optimized with the Yoast SEO plugin v27.5 - https:\/\/yoast.com\/product\/yoast-seo-wordpress\/ -->\n<title>&quot;Harold: Cray\u00f3n, Magia y Caos&quot; - Zero Magazine<\/title>\n<meta name=\"robots\" content=\"index, follow, max-snippet:-1, max-image-preview:large, max-video-preview:-1\" \/>\n<link rel=\"canonical\" href=\"https:\/\/zeromagazine.mx\/index.php\/2024\/09\/19\/harold-crayon-magia-y-caos\/\" \/>\n<meta property=\"og:locale\" content=\"es_ES\" \/>\n<meta property=\"og:type\" content=\"article\" \/>\n<meta property=\"og:title\" content=\"&quot;Harold: Cray\u00f3n, Magia y Caos&quot; - Zero Magazine\" \/>\n<meta property=\"og:description\" content=\"\u00bfRecuerdas esos d\u00edas en los que tu creatividad no conoc\u00eda l\u00edmites y tus dibujos eran m\u00e1s que simples garabatos en una hoja? Pues, prep\u00e1rate para un viaje alucinante porque \u201cHarold y su cray\u00f3n m\u00e1gico\u201d llega a las plataformas digitales el 19 de septiembre, y te aseguro que no querr\u00e1s perd\u00e9rtelo. Esta adaptaci\u00f3n cinematogr\u00e1fica del querido [&hellip;]\" \/>\n<meta property=\"og:url\" content=\"https:\/\/zeromagazine.mx\/index.php\/2024\/09\/19\/harold-crayon-magia-y-caos\/\" \/>\n<meta property=\"og:site_name\" content=\"Zero Magazine\" \/>\n<meta property=\"article:published_time\" content=\"2024-09-19T17:56:30+00:00\" \/>\n<meta property=\"article:modified_time\" content=\"2024-09-19T18:07:33+00:00\" \/>\n<meta property=\"og:image\" content=\"https:\/\/i0.wp.com\/zeromagazine.mx\/wp-content\/uploads\/2024\/09\/SW1200_COMP_V10013_3.25.3-scaled.jpg?fit=2560%2C1707&ssl=1\" \/>\n\t<meta property=\"og:image:width\" content=\"2560\" \/>\n\t<meta property=\"og:image:height\" content=\"1707\" \/>\n\t<meta property=\"og:image:type\" content=\"image\/jpeg\" \/>\n<meta name=\"author\" content=\"zeromagazinemx\" \/>\n<meta name=\"twitter:card\" content=\"summary_large_image\" \/>\n<meta name=\"twitter:label1\" content=\"Escrito por\" \/>\n\t<meta name=\"twitter:data1\" content=\"zeromagazinemx\" \/>\n\t<meta name=\"twitter:label2\" content=\"Tiempo de lectura\" \/>\n\t<meta name=\"twitter:data2\" content=\"4 minutos\" \/>\n<script type=\"application\/ld+json\" class=\"yoast-schema-graph\">{\"@context\":\"https:\\\/\\\/schema.org\",\"@graph\":[{\"@type\":\"Article\",\"@id\":\"https:\\\/\\\/zeromagazine.mx\\\/index.php\\\/2024\\\/09\\\/19\\\/harold-crayon-magia-y-caos\\\/#article\",\"isPartOf\":{\"@id\":\"https:\\\/\\\/zeromagazine.mx\\\/index.php\\\/2024\\\/09\\\/19\\\/harold-crayon-magia-y-caos\\\/\"},\"author\":{\"name\":\"zeromagazinemx\",\"@id\":\"https:\\\/\\\/zeromagazine.mx\\\/#\\\/schema\\\/person\\\/9aed9f33a7c39af3a348b86d723f7773\"},\"headline\":\"\u00abHarold: Cray\u00f3n, Magia y Caos\u00bb\",\"datePublished\":\"2024-09-19T17:56:30+00:00\",\"dateModified\":\"2024-09-19T18:07:33+00:00\",\"mainEntityOfPage\":{\"@id\":\"https:\\\/\\\/zeromagazine.mx\\\/index.php\\\/2024\\\/09\\\/19\\\/harold-crayon-magia-y-caos\\\/\"},\"wordCount\":789,\"commentCount\":0,\"publisher\":{\"@id\":\"https:\\\/\\\/zeromagazine.mx\\\/#organization\"},\"image\":{\"@id\":\"https:\\\/\\\/zeromagazine.mx\\\/index.php\\\/2024\\\/09\\\/19\\\/harold-crayon-magia-y-caos\\\/#primaryimage\"},\"thumbnailUrl\":\"https:\\\/\\\/i0.wp.com\\\/zeromagazine.mx\\\/wp-content\\\/uploads\\\/2024\\\/09\\\/SW1200_COMP_V10013_3.25.3-scaled.jpg?fit=2560%2C1707&ssl=1\",\"keywords\":[\"Harold y su cray\u00f3n m\u00e1gico\",\"Lil Rel Howery\",\"Pel\u00edcula\",\"Zachary Levi\"],\"articleSection\":[\"Cultura\"],\"inLanguage\":\"es\",\"potentialAction\":[{\"@type\":\"CommentAction\",\"name\":\"Comment\",\"target\":[\"https:\\\/\\\/zeromagazine.mx\\\/index.php\\\/2024\\\/09\\\/19\\\/harold-crayon-magia-y-caos\\\/#respond\"]}]},{\"@type\":\"WebPage\",\"@id\":\"https:\\\/\\\/zeromagazine.mx\\\/index.php\\\/2024\\\/09\\\/19\\\/harold-crayon-magia-y-caos\\\/\",\"url\":\"https:\\\/\\\/zeromagazine.mx\\\/index.php\\\/2024\\\/09\\\/19\\\/harold-crayon-magia-y-caos\\\/\",\"name\":\"\\\"Harold: Cray\u00f3n, Magia y Caos\\\" - Zero Magazine\",\"isPartOf\":{\"@id\":\"https:\\\/\\\/zeromagazine.mx\\\/#website\"},\"primaryImageOfPage\":{\"@id\":\"https:\\\/\\\/zeromagazine.mx\\\/index.php\\\/2024\\\/09\\\/19\\\/harold-crayon-magia-y-caos\\\/#primaryimage\"},\"image\":{\"@id\":\"https:\\\/\\\/zeromagazine.mx\\\/index.php\\\/2024\\\/09\\\/19\\\/harold-crayon-magia-y-caos\\\/#primaryimage\"},\"thumbnailUrl\":\"https:\\\/\\\/i0.wp.com\\\/zeromagazine.mx\\\/wp-content\\\/uploads\\\/2024\\\/09\\\/SW1200_COMP_V10013_3.25.3-scaled.jpg?fit=2560%2C1707&ssl=1\",\"datePublished\":\"2024-09-19T17:56:30+00:00\",\"dateModified\":\"2024-09-19T18:07:33+00:00\",\"breadcrumb\":{\"@id\":\"https:\\\/\\\/zeromagazine.mx\\\/index.php\\\/2024\\\/09\\\/19\\\/harold-crayon-magia-y-caos\\\/#breadcrumb\"},\"inLanguage\":\"es\",\"potentialAction\":[{\"@type\":\"ReadAction\",\"target\":[\"https:\\\/\\\/zeromagazine.mx\\\/index.php\\\/2024\\\/09\\\/19\\\/harold-crayon-magia-y-caos\\\/\"]}]},{\"@type\":\"ImageObject\",\"inLanguage\":\"es\",\"@id\":\"https:\\\/\\\/zeromagazine.mx\\\/index.php\\\/2024\\\/09\\\/19\\\/harold-crayon-magia-y-caos\\\/#primaryimage\",\"url\":\"https:\\\/\\\/i0.wp.com\\\/zeromagazine.mx\\\/wp-content\\\/uploads\\\/2024\\\/09\\\/SW1200_COMP_V10013_3.25.3-scaled.jpg?fit=2560%2C1707&ssl=1\",\"contentUrl\":\"https:\\\/\\\/i0.wp.com\\\/zeromagazine.mx\\\/wp-content\\\/uploads\\\/2024\\\/09\\\/SW1200_COMP_V10013_3.25.3-scaled.jpg?fit=2560%2C1707&ssl=1\",\"width\":2560,\"height\":1707},{\"@type\":\"BreadcrumbList\",\"@id\":\"https:\\\/\\\/zeromagazine.mx\\\/index.php\\\/2024\\\/09\\\/19\\\/harold-crayon-magia-y-caos\\\/#breadcrumb\",\"itemListElement\":[{\"@type\":\"ListItem\",\"position\":1,\"name\":\"Portada\",\"item\":\"https:\\\/\\\/zeromagazine.mx\\\/\"},{\"@type\":\"ListItem\",\"position\":2,\"name\":\"\u00abHarold: Cray\u00f3n, Magia y Caos\u00bb\"}]},{\"@type\":\"WebSite\",\"@id\":\"https:\\\/\\\/zeromagazine.mx\\\/#website\",\"url\":\"https:\\\/\\\/zeromagazine.mx\\\/\",\"name\":\"Zero Magazine\",\"description\":\"\",\"publisher\":{\"@id\":\"https:\\\/\\\/zeromagazine.mx\\\/#organization\"},\"potentialAction\":[{\"@type\":\"SearchAction\",\"target\":{\"@type\":\"EntryPoint\",\"urlTemplate\":\"https:\\\/\\\/zeromagazine.mx\\\/?s={search_term_string}\"},\"query-input\":{\"@type\":\"PropertyValueSpecification\",\"valueRequired\":true,\"valueName\":\"search_term_string\"}}],\"inLanguage\":\"es\"},{\"@type\":\"Organization\",\"@id\":\"https:\\\/\\\/zeromagazine.mx\\\/#organization\",\"name\":\"Zero Magazine\",\"url\":\"https:\\\/\\\/zeromagazine.mx\\\/\",\"logo\":{\"@type\":\"ImageObject\",\"inLanguage\":\"es\",\"@id\":\"https:\\\/\\\/zeromagazine.mx\\\/#\\\/schema\\\/logo\\\/image\\\/\",\"url\":\"https:\\\/\\\/i0.wp.com\\\/zeromagazine.mx\\\/wp-content\\\/uploads\\\/2025\\\/11\\\/1.jpeg?fit=1000%2C1000&ssl=1\",\"contentUrl\":\"https:\\\/\\\/i0.wp.com\\\/zeromagazine.mx\\\/wp-content\\\/uploads\\\/2025\\\/11\\\/1.jpeg?fit=1000%2C1000&ssl=1\",\"width\":1000,\"height\":1000,\"caption\":\"Zero Magazine\"},\"image\":{\"@id\":\"https:\\\/\\\/zeromagazine.mx\\\/#\\\/schema\\\/logo\\\/image\\\/\"},\"sameAs\":[\"https:\\\/\\\/instagram.com\\\/zeromagazinemx\"]},{\"@type\":\"Person\",\"@id\":\"https:\\\/\\\/zeromagazine.mx\\\/#\\\/schema\\\/person\\\/9aed9f33a7c39af3a348b86d723f7773\",\"name\":\"zeromagazinemx\",\"image\":{\"@type\":\"ImageObject\",\"inLanguage\":\"es\",\"@id\":\"https:\\\/\\\/zeromagazine.mx\\\/wp-content\\\/litespeed\\\/avatar\\\/f91dfe5410d5dcb1a576bf8c45983896.jpg?ver=1777571230\",\"url\":\"https:\\\/\\\/zeromagazine.mx\\\/wp-content\\\/litespeed\\\/avatar\\\/f91dfe5410d5dcb1a576bf8c45983896.jpg?ver=1777571230\",\"contentUrl\":\"https:\\\/\\\/zeromagazine.mx\\\/wp-content\\\/litespeed\\\/avatar\\\/f91dfe5410d5dcb1a576bf8c45983896.jpg?ver=1777571230\",\"caption\":\"zeromagazinemx\"},\"url\":\"https:\\\/\\\/zeromagazine.mx\\\/index.php\\\/author\\\/zeromagazinemx\\\/\"}]}<\/script>\n<!-- \/ Yoast SEO plugin. -->","yoast_head_json":{"title":"\"Harold: Cray\u00f3n, Magia y Caos\" - Zero Magazine","robots":{"index":"index","follow":"follow","max-snippet":"max-snippet:-1","max-image-preview":"max-image-preview:large","max-video-preview":"max-video-preview:-1"},"canonical":"https:\/\/zeromagazine.mx\/index.php\/2024\/09\/19\/harold-crayon-magia-y-caos\/","og_locale":"es_ES","og_type":"article","og_title":"\"Harold: Cray\u00f3n, Magia y Caos\" - Zero Magazine","og_description":"\u00bfRecuerdas esos d\u00edas en los que tu creatividad no conoc\u00eda l\u00edmites y tus dibujos eran m\u00e1s que simples garabatos en una hoja? Pues, prep\u00e1rate para un viaje alucinante porque \u201cHarold y su cray\u00f3n m\u00e1gico\u201d llega a las plataformas digitales el 19 de septiembre, y te aseguro que no querr\u00e1s perd\u00e9rtelo. Esta adaptaci\u00f3n cinematogr\u00e1fica del querido [&hellip;]","og_url":"https:\/\/zeromagazine.mx\/index.php\/2024\/09\/19\/harold-crayon-magia-y-caos\/","og_site_name":"Zero Magazine","article_published_time":"2024-09-19T17:56:30+00:00","article_modified_time":"2024-09-19T18:07:33+00:00","og_image":[{"width":2560,"height":1707,"url":"https:\/\/i0.wp.com\/zeromagazine.mx\/wp-content\/uploads\/2024\/09\/SW1200_COMP_V10013_3.25.3-scaled.jpg?fit=2560%2C1707&ssl=1","type":"image\/jpeg"}],"author":"zeromagazinemx","twitter_card":"summary_large_image","twitter_misc":{"Escrito por":"zeromagazinemx","Tiempo de lectura":"4 minutos"},"schema":{"@context":"https:\/\/schema.org","@graph":[{"@type":"Article","@id":"https:\/\/zeromagazine.mx\/index.php\/2024\/09\/19\/harold-crayon-magia-y-caos\/#article","isPartOf":{"@id":"https:\/\/zeromagazine.mx\/index.php\/2024\/09\/19\/harold-crayon-magia-y-caos\/"},"author":{"name":"zeromagazinemx","@id":"https:\/\/zeromagazine.mx\/#\/schema\/person\/9aed9f33a7c39af3a348b86d723f7773"},"headline":"\u00abHarold: Cray\u00f3n, Magia y Caos\u00bb","datePublished":"2024-09-19T17:56:30+00:00","dateModified":"2024-09-19T18:07:33+00:00","mainEntityOfPage":{"@id":"https:\/\/zeromagazine.mx\/index.php\/2024\/09\/19\/harold-crayon-magia-y-caos\/"},"wordCount":789,"commentCount":0,"publisher":{"@id":"https:\/\/zeromagazine.mx\/#organization"},"image":{"@id":"https:\/\/zeromagazine.mx\/index.php\/2024\/09\/19\/harold-crayon-magia-y-caos\/#primaryimage"},"thumbnailUrl":"https:\/\/i0.wp.com\/zeromagazine.mx\/wp-content\/uploads\/2024\/09\/SW1200_COMP_V10013_3.25.3-scaled.jpg?fit=2560%2C1707&ssl=1","keywords":["Harold y su cray\u00f3n m\u00e1gico","Lil Rel Howery","Pel\u00edcula","Zachary Levi"],"articleSection":["Cultura"],"inLanguage":"es","potentialAction":[{"@type":"CommentAction","name":"Comment","target":["https:\/\/zeromagazine.mx\/index.php\/2024\/09\/19\/harold-crayon-magia-y-caos\/#respond"]}]},{"@type":"WebPage","@id":"https:\/\/zeromagazine.mx\/index.php\/2024\/09\/19\/harold-crayon-magia-y-caos\/","url":"https:\/\/zeromagazine.mx\/index.php\/2024\/09\/19\/harold-crayon-magia-y-caos\/","name":"\"Harold: Cray\u00f3n, Magia y Caos\" - Zero Magazine","isPartOf":{"@id":"https:\/\/zeromagazine.mx\/#website"},"primaryImageOfPage":{"@id":"https:\/\/zeromagazine.mx\/index.php\/2024\/09\/19\/harold-crayon-magia-y-caos\/#primaryimage"},"image":{"@id":"https:\/\/zeromagazine.mx\/index.php\/2024\/09\/19\/harold-crayon-magia-y-caos\/#primaryimage"},"thumbnailUrl":"https:\/\/i0.wp.com\/zeromagazine.mx\/wp-content\/uploads\/2024\/09\/SW1200_COMP_V10013_3.25.3-scaled.jpg?fit=2560%2C1707&ssl=1","datePublished":"2024-09-19T17:56:30+00:00","dateModified":"2024-09-19T18:07:33+00:00","breadcrumb":{"@id":"https:\/\/zeromagazine.mx\/index.php\/2024\/09\/19\/harold-crayon-magia-y-caos\/#breadcrumb"},"inLanguage":"es","potentialAction":[{"@type":"ReadAction","target":["https:\/\/zeromagazine.mx\/index.php\/2024\/09\/19\/harold-crayon-magia-y-caos\/"]}]},{"@type":"ImageObject","inLanguage":"es","@id":"https:\/\/zeromagazine.mx\/index.php\/2024\/09\/19\/harold-crayon-magia-y-caos\/#primaryimage","url":"https:\/\/i0.wp.com\/zeromagazine.mx\/wp-content\/uploads\/2024\/09\/SW1200_COMP_V10013_3.25.3-scaled.jpg?fit=2560%2C1707&ssl=1","contentUrl":"https:\/\/i0.wp.com\/zeromagazine.mx\/wp-content\/uploads\/2024\/09\/SW1200_COMP_V10013_3.25.3-scaled.jpg?fit=2560%2C1707&ssl=1","width":2560,"height":1707},{"@type":"BreadcrumbList","@id":"https:\/\/zeromagazine.mx\/index.php\/2024\/09\/19\/harold-crayon-magia-y-caos\/#breadcrumb","itemListElement":[{"@type":"ListItem","position":1,"name":"Portada","item":"https:\/\/zeromagazine.mx\/"},{"@type":"ListItem","position":2,"name":"\u00abHarold: Cray\u00f3n, Magia y Caos\u00bb"}]},{"@type":"WebSite","@id":"https:\/\/zeromagazine.mx\/#website","url":"https:\/\/zeromagazine.mx\/","name":"Zero Magazine","description":"","publisher":{"@id":"https:\/\/zeromagazine.mx\/#organization"},"potentialAction":[{"@type":"SearchAction","target":{"@type":"EntryPoint","urlTemplate":"https:\/\/zeromagazine.mx\/?s={search_term_string}"},"query-input":{"@type":"PropertyValueSpecification","valueRequired":true,"valueName":"search_term_string"}}],"inLanguage":"es"},{"@type":"Organization","@id":"https:\/\/zeromagazine.mx\/#organization","name":"Zero Magazine","url":"https:\/\/zeromagazine.mx\/","logo":{"@type":"ImageObject","inLanguage":"es","@id":"https:\/\/zeromagazine.mx\/#\/schema\/logo\/image\/","url":"https:\/\/i0.wp.com\/zeromagazine.mx\/wp-content\/uploads\/2025\/11\/1.jpeg?fit=1000%2C1000&ssl=1","contentUrl":"https:\/\/i0.wp.com\/zeromagazine.mx\/wp-content\/uploads\/2025\/11\/1.jpeg?fit=1000%2C1000&ssl=1","width":1000,"height":1000,"caption":"Zero Magazine"},"image":{"@id":"https:\/\/zeromagazine.mx\/#\/schema\/logo\/image\/"},"sameAs":["https:\/\/instagram.com\/zeromagazinemx"]},{"@type":"Person","@id":"https:\/\/zeromagazine.mx\/#\/schema\/person\/9aed9f33a7c39af3a348b86d723f7773","name":"zeromagazinemx","image":{"@type":"ImageObject","inLanguage":"es","@id":"https:\/\/zeromagazine.mx\/wp-content\/litespeed\/avatar\/f91dfe5410d5dcb1a576bf8c45983896.jpg?ver=1777571230","url":"https:\/\/zeromagazine.mx\/wp-content\/litespeed\/avatar\/f91dfe5410d5dcb1a576bf8c45983896.jpg?ver=1777571230","contentUrl":"https:\/\/zeromagazine.mx\/wp-content\/litespeed\/avatar\/f91dfe5410d5dcb1a576bf8c45983896.jpg?ver=1777571230","caption":"zeromagazinemx"},"url":"https:\/\/zeromagazine.mx\/index.php\/author\/zeromagazinemx\/"}]}},"jetpack_publicize_connections":[],"jetpack_featured_media_url":"https:\/\/i0.wp.com\/zeromagazine.mx\/wp-content\/uploads\/2024\/09\/SW1200_COMP_V10013_3.25.3-scaled.jpg?fit=2560%2C1707&ssl=1","jetpack-related-posts":[{"id":81559,"url":"https:\/\/zeromagazine.mx\/index.php\/2024\/08\/08\/taller-de-crayones-eco-friendly\/","url_meta":{"origin":84159,"position":0},"title":"\u00a1Taller de Crayones Eco Friendly!","author":"zeromagazinemx","date":"8 de agosto de 2024","format":false,"excerpt":"Si est\u00e1s buscando unas vacaciones que mezclen lujo, diversi\u00f3n y conciencia ambiental, Grand Velas Riviera Nayarit est\u00e1 on fire con su nuevo taller de crayones de cera de abeja. Este resort all-inclusive, con 5 diamonds por la AAA, est\u00e1 llevando la diversi\u00f3n a otro level con esta actividad \u00fanica que\u2026","rel":"","context":"En \u00abEntretenimiento\u00bb","block_context":{"text":"Entretenimiento","link":"https:\/\/zeromagazine.mx\/index.php\/category\/entretenimiento\/"},"img":{"alt_text":"","src":"https:\/\/i0.wp.com\/zeromagazine.mx\/wp-content\/uploads\/2024\/08\/KIDS-CLUB-Grand-Velas-Riviera-Nayarit-Velas-Resorts-1.jpg?fit=1200%2C800&ssl=1&resize=350%2C200","width":350,"height":200,"srcset":"https:\/\/i0.wp.com\/zeromagazine.mx\/wp-content\/uploads\/2024\/08\/KIDS-CLUB-Grand-Velas-Riviera-Nayarit-Velas-Resorts-1.jpg?fit=1200%2C800&ssl=1&resize=350%2C200 1x, https:\/\/i0.wp.com\/zeromagazine.mx\/wp-content\/uploads\/2024\/08\/KIDS-CLUB-Grand-Velas-Riviera-Nayarit-Velas-Resorts-1.jpg?fit=1200%2C800&ssl=1&resize=525%2C300 1.5x, https:\/\/i0.wp.com\/zeromagazine.mx\/wp-content\/uploads\/2024\/08\/KIDS-CLUB-Grand-Velas-Riviera-Nayarit-Velas-Resorts-1.jpg?fit=1200%2C800&ssl=1&resize=700%2C400 2x, https:\/\/i0.wp.com\/zeromagazine.mx\/wp-content\/uploads\/2024\/08\/KIDS-CLUB-Grand-Velas-Riviera-Nayarit-Velas-Resorts-1.jpg?fit=1200%2C800&ssl=1&resize=1050%2C600 3x"},"classes":[]},{"id":54794,"url":"https:\/\/zeromagazine.mx\/index.php\/2021\/09\/17\/meyanne-estrena-el-ep-mulata\/","url_meta":{"origin":84159,"position":1},"title":"Meyanne estrena el EP \u201cMulata\u201d","author":"zeromagazinemx","date":"17 de septiembre de 2021","format":false,"excerpt":"La agrupaci\u00f3n multicultural Meyanne estrena el EP \u201cMulata\u201d en plataformas y fue producido por la incubadora art\u00edstica Aedo\u00ecn Records. https:\/\/www.instagram.com\/p\/CTw0tLpAK3k\/?utm_medium=copy_link Por Moises Kushelevich Mayenne se encuentra promocionando su nuevo sencillo \u201cLa Mora\u201d el cual est\u00e1 disponible en todas las plataformas digitales. El grupo es un\u00a0 proyecto de \u201cge\u00ecnero fusio\u00ecn\u201d latino\u2026","rel":"","context":"En \u00abBlog\u00bb","block_context":{"text":"Blog","link":"https:\/\/zeromagazine.mx\/index.php\/category\/blog\/"},"img":{"alt_text":"","src":"","width":0,"height":0},"classes":[]},{"id":92535,"url":"https:\/\/zeromagazine.mx\/index.php\/2024\/12\/09\/sets-de-juguetes-para-los-peques\/","url_meta":{"origin":84159,"position":2},"title":"Sets de Juguetes para los Peques","author":"zeromagazinemx","date":"9 de diciembre de 2024","format":false,"excerpt":"Amix, \u00bfse acuerdan de cuando \u00e9ramos peques y viajar en avi\u00f3n era lo m\u00e1s emocionante del mundo? Pues ahora imagina eso elevado al siguiente nivel. Turkish Airlines, la aerol\u00ednea turca que siempre se rifa con sus servicios, acaba de lanzar su nueva colecci\u00f3n de sets de juguetes llamada \"My Travel\u2026","rel":"","context":"En \u00abDise\u00f1o\u00bb","block_context":{"text":"Dise\u00f1o","link":"https:\/\/zeromagazine.mx\/index.php\/category\/diseno\/"},"img":{"alt_text":"","src":"https:\/\/i0.wp.com\/zeromagazine.mx\/wp-content\/uploads\/2024\/12\/oyuncak-scaled.jpg?fit=1200%2C800&ssl=1&resize=350%2C200","width":350,"height":200,"srcset":"https:\/\/i0.wp.com\/zeromagazine.mx\/wp-content\/uploads\/2024\/12\/oyuncak-scaled.jpg?fit=1200%2C800&ssl=1&resize=350%2C200 1x, https:\/\/i0.wp.com\/zeromagazine.mx\/wp-content\/uploads\/2024\/12\/oyuncak-scaled.jpg?fit=1200%2C800&ssl=1&resize=525%2C300 1.5x, https:\/\/i0.wp.com\/zeromagazine.mx\/wp-content\/uploads\/2024\/12\/oyuncak-scaled.jpg?fit=1200%2C800&ssl=1&resize=700%2C400 2x, https:\/\/i0.wp.com\/zeromagazine.mx\/wp-content\/uploads\/2024\/12\/oyuncak-scaled.jpg?fit=1200%2C800&ssl=1&resize=1050%2C600 3x"},"classes":[]},{"id":94808,"url":"https:\/\/zeromagazine.mx\/index.php\/2025\/01\/15\/brilla-esta-navidad-con-apple-cosmetics\/","url_meta":{"origin":84159,"position":3},"title":"Brilla Esta Navidad con Apple Cosmetics","author":"zeromagazinemx","date":"15 de enero de 2025","format":false,"excerpt":"Apple Cosmetics Apple Cosmetics. La temporada navide\u00f1a est\u00e1 aqu\u00ed, y con ella llega la oportunidad perfecta para experimentar con el maquillaje. Ya sea para una cena con amigues o una fiesta \u00e9pica, la clave es brillar y destacar tu estilo. Con productos de By Apple Cosmetics, puedes lograr looks vibrantes\u2026","rel":"","context":"En \u00abBeauty\u00bb","block_context":{"text":"Beauty","link":"https:\/\/zeromagazine.mx\/index.php\/category\/beauty\/"},"img":{"alt_text":"","src":"https:\/\/i0.wp.com\/zeromagazine.mx\/wp-content\/uploads\/2025\/01\/465783208_865571699067203_8897547595483799906_n.jpg?fit=1200%2C1200&ssl=1&resize=350%2C200","width":350,"height":200,"srcset":"https:\/\/i0.wp.com\/zeromagazine.mx\/wp-content\/uploads\/2025\/01\/465783208_865571699067203_8897547595483799906_n.jpg?fit=1200%2C1200&ssl=1&resize=350%2C200 1x, https:\/\/i0.wp.com\/zeromagazine.mx\/wp-content\/uploads\/2025\/01\/465783208_865571699067203_8897547595483799906_n.jpg?fit=1200%2C1200&ssl=1&resize=525%2C300 1.5x, https:\/\/i0.wp.com\/zeromagazine.mx\/wp-content\/uploads\/2025\/01\/465783208_865571699067203_8897547595483799906_n.jpg?fit=1200%2C1200&ssl=1&resize=700%2C400 2x, https:\/\/i0.wp.com\/zeromagazine.mx\/wp-content\/uploads\/2025\/01\/465783208_865571699067203_8897547595483799906_n.jpg?fit=1200%2C1200&ssl=1&resize=1050%2C600 3x"},"classes":[]},{"id":85153,"url":"https:\/\/zeromagazine.mx\/index.php\/2024\/10\/03\/magia-y-postres-el-mashup-perfecto\/","url_meta":{"origin":84159,"position":4},"title":"\u00abMagia y Postres: El Mashup Perfecto\u00bb","author":"zeromagazinemx","date":"3 de octubre de 2024","format":false,"excerpt":"O sea, let\u2019s be real, todos somos Potterheads, \u00bfverdad? Pero, \u00bfqu\u00e9 tal si te dijera que ahora\u00a0Harry Potter\u00a0y la pasteler\u00eda se fusionan en un mega mashup m\u00e1gico? As\u00ed es. Si pensabas que el Wizarding World solo eran hechizos y aventuras en Hogwarts, ahora te vas a emocionar al saber que\u2026","rel":"","context":"En \u00abEntretenimiento\u00bb","block_context":{"text":"Entretenimiento","link":"https:\/\/zeromagazine.mx\/index.php\/category\/entretenimiento\/"},"img":{"alt_text":"","src":"https:\/\/i0.wp.com\/zeromagazine.mx\/wp-content\/uploads\/2024\/10\/host-james-and-oliver-phelps-check-in-with-competitors-on-their-harry-potter-inspired-creation-1.jpeg?fit=1200%2C801&ssl=1&resize=350%2C200","width":350,"height":200,"srcset":"https:\/\/i0.wp.com\/zeromagazine.mx\/wp-content\/uploads\/2024\/10\/host-james-and-oliver-phelps-check-in-with-competitors-on-their-harry-potter-inspired-creation-1.jpeg?fit=1200%2C801&ssl=1&resize=350%2C200 1x, https:\/\/i0.wp.com\/zeromagazine.mx\/wp-content\/uploads\/2024\/10\/host-james-and-oliver-phelps-check-in-with-competitors-on-their-harry-potter-inspired-creation-1.jpeg?fit=1200%2C801&ssl=1&resize=525%2C300 1.5x, https:\/\/i0.wp.com\/zeromagazine.mx\/wp-content\/uploads\/2024\/10\/host-james-and-oliver-phelps-check-in-with-competitors-on-their-harry-potter-inspired-creation-1.jpeg?fit=1200%2C801&ssl=1&resize=700%2C400 2x, https:\/\/i0.wp.com\/zeromagazine.mx\/wp-content\/uploads\/2024\/10\/host-james-and-oliver-phelps-check-in-with-competitors-on-their-harry-potter-inspired-creation-1.jpeg?fit=1200%2C801&ssl=1&resize=1050%2C600 3x"},"classes":[]},{"id":117718,"url":"https:\/\/zeromagazine.mx\/index.php\/2026\/04\/01\/ingrid-zavala-actriz\/","url_meta":{"origin":84159,"position":5},"title":"Ingrid Zavala: la nueva cara que est\u00e1 redefiniendo el ritmo de la televisi\u00f3n mexicana","author":"David Morales","date":"1 de abril de 2026","format":false,"excerpt":"Entre disciplina, formaci\u00f3n actoral y una vibra aut\u00e9ntica,\u00a0Ingrid Zavala\u00a0empieza a escribir su propia narrativa en la industria.Hay talentos que llegan haciendo ruido\u2026 y otros que se construyen con intenci\u00f3n.\u00a0Ingrid Zavala\u00a0pertenece a esa segunda categor\u00eda: la que avanza firme, sin prisa, pero sin pausa. Ingrid Zavala actriz: el arte de construir\u2026","rel":"","context":"En \u00abBlog\u00bb","block_context":{"text":"Blog","link":"https:\/\/zeromagazine.mx\/index.php\/category\/blog\/"},"img":{"alt_text":"El talento se construye, y ella ya empez\u00f3","src":"https:\/\/i0.wp.com\/zeromagazine.mx\/wp-content\/uploads\/2026\/04\/7464e992-c872-4d36-a494-2a0bee6d7fb5-2.jpeg?fit=720%2C740&ssl=1&resize=350%2C200","width":350,"height":200,"srcset":"https:\/\/i0.wp.com\/zeromagazine.mx\/wp-content\/uploads\/2026\/04\/7464e992-c872-4d36-a494-2a0bee6d7fb5-2.jpeg?fit=720%2C740&ssl=1&resize=350%2C200 1x, https:\/\/i0.wp.com\/zeromagazine.mx\/wp-content\/uploads\/2026\/04\/7464e992-c872-4d36-a494-2a0bee6d7fb5-2.jpeg?fit=720%2C740&ssl=1&resize=525%2C300 1.5x, https:\/\/i0.wp.com\/zeromagazine.mx\/wp-content\/uploads\/2026\/04\/7464e992-c872-4d36-a494-2a0bee6d7fb5-2.jpeg?fit=720%2C740&ssl=1&resize=700%2C400 2x"},"classes":[]}],"jetpack_sharing_enabled":true,"builder_content":"","_links":{"self":[{"href":"https:\/\/zeromagazine.mx\/index.php\/wp-json\/wp\/v2\/posts\/84159","targetHints":{"allow":["GET"]}}],"collection":[{"href":"https:\/\/zeromagazine.mx\/index.php\/wp-json\/wp\/v2\/posts"}],"about":[{"href":"https:\/\/zeromagazine.mx\/index.php\/wp-json\/wp\/v2\/types\/post"}],"author":[{"embeddable":true,"href":"https:\/\/zeromagazine.mx\/index.php\/wp-json\/wp\/v2\/users\/2"}],"replies":[{"embeddable":true,"href":"https:\/\/zeromagazine.mx\/index.php\/wp-json\/wp\/v2\/comments?post=84159"}],"version-history":[{"count":8,"href":"https:\/\/zeromagazine.mx\/index.php\/wp-json\/wp\/v2\/posts\/84159\/revisions"}],"predecessor-version":[{"id":84172,"href":"https:\/\/zeromagazine.mx\/index.php\/wp-json\/wp\/v2\/posts\/84159\/revisions\/84172"}],"wp:featuredmedia":[{"embeddable":true,"href":"https:\/\/zeromagazine.mx\/index.php\/wp-json\/wp\/v2\/media\/84160"}],"wp:attachment":[{"href":"https:\/\/zeromagazine.mx\/index.php\/wp-json\/wp\/v2\/media?parent=84159"}],"wp:term":[{"taxonomy":"category","embeddable":true,"href":"https:\/\/zeromagazine.mx\/index.php\/wp-json\/wp\/v2\/categories?post=84159"},{"taxonomy":"post_tag","embeddable":true,"href":"https:\/\/zeromagazine.mx\/index.php\/wp-json\/wp\/v2\/tags?post=84159"}],"curies":[{"name":"wp","href":"https:\/\/api.w.org\/{rel}","templated":true}]}}