{"id":84250,"date":"2024-09-20T20:44:12","date_gmt":"2024-09-20T18:44:12","guid":{"rendered":"https:\/\/zeromagazine.mx\/?p=84250"},"modified":"2024-09-20T20:44:13","modified_gmt":"2024-09-20T18:44:13","slug":"quinto-traste-del-pop-sierreno-a-los-escenarios-internacionales","status":"publish","type":"post","link":"https:\/\/zeromagazine.mx\/index.php\/2024\/09\/20\/quinto-traste-del-pop-sierreno-a-los-escenarios-internacionales\/","title":{"rendered":"Quinto Traste: Del Pop Sierre\u00f1o a los Escenarios Internacionales"},"content":{"rendered":"<!--themify_builder_content-->\n<div id=\"themify_builder_content-84250\" data-postid=\"84250\" class=\"themify_builder_content themify_builder_content-84250 themify_builder tf_clear\">\n    <\/div>\n<!--\/themify_builder_content-->\n\n\n<p>Desde la vibrante ciudad fronteriza de Tijuana, emerge Quinto Traste, una banda que ha logrado fusionar g\u00e9neros y conquistar a audiencias con su estilo \u00fanico. En esta entrevista, nos comparten c\u00f3mo ha sido su viaje desde sus primeros acordes hasta abrir conciertos para grandes nombres de la m\u00fasica. Con un futuro prometedor, aqu\u00ed nos cuentan sobre sus influencias, experiencias y lo que viene para la banda.<\/p>\n\n\n\n<p>Por: El Poderoso Dave<\/p>\n\n\n\n<figure class=\"wp-block-image size-full\"><img data-recalc-dims=\"1\" decoding=\"async\" width=\"1165\" height=\"1508\" src=\"https:\/\/i0.wp.com\/zeromagazine.mx\/wp-content\/uploads\/2024\/09\/IMG_1620-scaled.jpeg?resize=1165%2C1508&#038;ssl=1\" alt=\"\" class=\"wp-image-84252\" srcset=\"https:\/\/i0.wp.com\/zeromagazine.mx\/wp-content\/uploads\/2024\/09\/IMG_1620-scaled.jpeg?w=1978&amp;ssl=1 1978w, https:\/\/i0.wp.com\/zeromagazine.mx\/wp-content\/uploads\/2024\/09\/IMG_1620-scaled.jpeg?resize=232%2C300&amp;ssl=1 232w, https:\/\/i0.wp.com\/zeromagazine.mx\/wp-content\/uploads\/2024\/09\/IMG_1620-scaled.jpeg?resize=791%2C1024&amp;ssl=1 791w, https:\/\/i0.wp.com\/zeromagazine.mx\/wp-content\/uploads\/2024\/09\/IMG_1620-scaled.jpeg?resize=768%2C994&amp;ssl=1 768w, https:\/\/i0.wp.com\/zeromagazine.mx\/wp-content\/uploads\/2024\/09\/IMG_1620-scaled.jpeg?resize=1187%2C1536&amp;ssl=1 1187w, https:\/\/i0.wp.com\/zeromagazine.mx\/wp-content\/uploads\/2024\/09\/IMG_1620-scaled.jpeg?resize=1583%2C2048&amp;ssl=1 1583w\" sizes=\"(max-width: 1165px) 100vw, 1165px\" \/><\/figure>\n\n\n\n<p><strong>\u00bfC\u00f3mo influy\u00f3 el entorno de Tijuana en su m\u00fasica y en la formaci\u00f3n de la banda?<\/strong><\/p>\n\n\n\n<p>El hecho de estar en la frontera influye mucho en los gustos musicales de todos los integrantes. La idea de la banda se fue desarrollando a lo largo de nuestra carrera, y seguimos buscando nuevos g\u00e9neros para conquistar a p\u00fablicos diferentes.<\/p>\n\n\n\n<p><strong>\u00bfCu\u00e1l fue el momento en el que se dieron cuenta de que ten\u00edan algo \u00fanico que ofrecer?<\/strong><\/p>\n\n\n\n<p>Fue en nuestra primera presentaci\u00f3n en Rosarito en 2022. Aunque hab\u00eda familiares y amigos, tambi\u00e9n se reuni\u00f3 gente del Carnaval. El escenario se llen\u00f3 tanto que la gente incluso bloque\u00f3 la calle. Ah\u00ed nos dimos cuenta de que hab\u00eda algo especial.<\/p>\n\n\n\n<p><strong>\u00bfCu\u00e1l es la historia detr\u00e1s del nombre de la banda?<\/strong><\/p>\n\n\n\n<p>El nombre surgi\u00f3 mientras afin\u00e1bamos una guitarra en el quinto traste. Mi t\u00edo lo exclam\u00f3, y de inmediato mi pap\u00e1 y yo supimos que era el nombre correcto. Lo propusimos a los dem\u00e1s y les pareci\u00f3 bien, adem\u00e1s de ser original.<\/p>\n\n\n\n<script async src=\"https:\/\/pagead2.googlesyndication.com\/pagead\/js\/adsbygoogle.js?client=ca-pub-5499304793904745\"\n     crossorigin=\"anonymous\"><\/script>\n<ins class=\"adsbygoogle\"\n     style=\"display:block; text-align:center;\"\n     data-ad-layout=\"in-article\"\n     data-ad-format=\"fluid\"\n     data-ad-client=\"ca-pub-5499304793904745\"\n     data-ad-slot=\"5994863093\"><\/ins>\n<script>\n     (adsbygoogle = window.adsbygoogle || []).push({});\n<\/script>\n\n\n\n<p><strong>\u00bfC\u00f3mo se conocen y c\u00f3mo influyen sus personalidades en la banda?<\/strong><\/p>\n\n\n\n<p>Conoc\u00ed a H\u00e9ctor en una fiesta familiar, y Eric, nuestro bajista, es mi vecino. Desde el inicio, hemos compartido una buena qu\u00edmica y eso se refleja en nuestra m\u00fasica.<\/p>\n\n\n\n<p><strong>Han compartido escenario con grandes nombres como Los Tigres del Norte y Matisse. \u00bfCu\u00e1l ha sido la experiencia m\u00e1s surreal o significativa?<\/strong><\/p>\n\n\n\n<p>Abrir para Sin Bandera en Chihuahua fue algo incre\u00edble. Adem\u00e1s de ser fan de ellos, la energ\u00eda del p\u00fablico fue indescriptible. Fue un momento surreal y muy especial para nosotros.<\/p>\n\n\n\n<p><strong>\u00bfAlg\u00fan consejo que hayan recibido de estos grandes artistas?<\/strong><\/p>\n\n\n\n<p>Lo que siempre nos han dicho es ser perseverantes, saber con qui\u00e9n juntarse y apuntar siempre a lo bueno. Esos son los consejos que m\u00e1s han resonado con nosotros.<\/p>\n\n\n\n<figure class=\"wp-block-image size-full\"><img data-recalc-dims=\"1\" decoding=\"async\" width=\"1165\" height=\"1747\" src=\"https:\/\/i0.wp.com\/zeromagazine.mx\/wp-content\/uploads\/2024\/09\/IMG_1586-scaled.jpeg?resize=1165%2C1747&#038;ssl=1\" alt=\"\" class=\"wp-image-84255\" srcset=\"https:\/\/i0.wp.com\/zeromagazine.mx\/wp-content\/uploads\/2024\/09\/IMG_1586-scaled.jpeg?w=1707&amp;ssl=1 1707w, https:\/\/i0.wp.com\/zeromagazine.mx\/wp-content\/uploads\/2024\/09\/IMG_1586-scaled.jpeg?resize=200%2C300&amp;ssl=1 200w, https:\/\/i0.wp.com\/zeromagazine.mx\/wp-content\/uploads\/2024\/09\/IMG_1586-scaled.jpeg?resize=683%2C1024&amp;ssl=1 683w, https:\/\/i0.wp.com\/zeromagazine.mx\/wp-content\/uploads\/2024\/09\/IMG_1586-scaled.jpeg?resize=768%2C1152&amp;ssl=1 768w, https:\/\/i0.wp.com\/zeromagazine.mx\/wp-content\/uploads\/2024\/09\/IMG_1586-scaled.jpeg?resize=1024%2C1536&amp;ssl=1 1024w, https:\/\/i0.wp.com\/zeromagazine.mx\/wp-content\/uploads\/2024\/09\/IMG_1586-scaled.jpeg?resize=1365%2C2048&amp;ssl=1 1365w\" sizes=\"(max-width: 1165px) 100vw, 1165px\" \/><\/figure>\n\n\n\n<p><strong>Su primer sencillo, *Todo Entregu\u00e9*, conquist\u00f3 a muchos oyentes. \u00bfC\u00f3mo se sienten con ese \u00e9xito y c\u00f3mo se mantienen conectados con esa emoci\u00f3n?<\/strong><\/p>\n\n\n\n<p>Es incre\u00edble ver c\u00f3mo la gente conecta con la canci\u00f3n. Recibimos mensajes de personas que nos cuentan c\u00f3mo nuestras letras reflejan sus experiencias personales, y eso nos llena de alegr\u00eda. Nos emociona que nuestro p\u00fablico, incluso aquellos que no nos conoc\u00edan, se identifique con nuestra m\u00fasica.<\/p>\n\n\n\n<p><strong>\u00bfC\u00f3mo ven la relaci\u00f3n con su p\u00fablico y qu\u00e9 papel juega su retroalimentaci\u00f3n en su proceso creativo?<\/strong><\/p>\n\n\n\n<p>Tenemos una excelente relaci\u00f3n con nuestros fans, no solo en Tijuana, sino en varias ciudades del pa\u00eds. Siempre estamos atentos a los mensajes que nos env\u00edan. Sin los medios y sin nuestros seguidores, no ser\u00edamos lo que somos hoy. La conexi\u00f3n con el p\u00fablico es esencial en cada show.<\/p>\n\n\n\n<p><strong>\u00bfQu\u00e9 artistas o g\u00e9neros fuera del pop y sierre\u00f1o los inspiran en su composici\u00f3n y estilo?<\/strong><\/p>\n\n\n\n<p>Cada uno de nosotros tiene gustos diferentes. Yo me inspiro en artistas tanto en espa\u00f1ol como en ingl\u00e9s, como Los Beatles, Luis Miguel, Juan Gabriel, Cristian Castro, y Elvis Presley. Creo que esa diversidad de influencias enriquece nuestra m\u00fasica.<\/p>\n\n\n\n<script async src=\"https:\/\/pagead2.googlesyndication.com\/pagead\/js\/adsbygoogle.js?client=ca-pub-5499304793904745\"\n     crossorigin=\"anonymous\"><\/script>\n<ins class=\"adsbygoogle\"\n     style=\"display:block; text-align:center;\"\n     data-ad-layout=\"in-article\"\n     data-ad-format=\"fluid\"\n     data-ad-client=\"ca-pub-5499304793904745\"\n     data-ad-slot=\"5994863093\"><\/ins>\n<script>\n     (adsbygoogle = window.adsbygoogle || []).push({});\n<\/script>\n\n\n\n<p><strong>Si pudieran colaborar con cualquier artista, vivo o muerto, \u00bfqui\u00e9n ser\u00eda y por qu\u00e9?<\/strong><\/p>\n\n\n\n<p>Nos encantar\u00eda colaborar con Sin Bandera, Marco Antonio Sol\u00eds, Matisse o Reik. Hacemos covers de sus canciones y sentimos que una colaboraci\u00f3n con ellos ser\u00eda algo muy especial.<\/p>\n\n\n\n<p><strong>\u00bfC\u00f3mo decidieron crear Quinto Traste?<\/strong><\/p>\n\n\n\n<p>Todo comenz\u00f3 en 2021 cuando sub\u00eda videos a TikTok sin ninguna pretensi\u00f3n. Mi familia se dio cuenta de mi pasi\u00f3n por la m\u00fasica y me ayud\u00f3 a contactar a mis compa\u00f1eros. Poco a poco, fuimos formando la banda, y sin darnos cuenta, nos encontramos abriendo conciertos para grandes artistas.<\/p>\n\n\n\n<p><strong>\u00bfQu\u00e9 pueden esperar los fans de sus shows en vivo?<\/strong><\/p>\n\n\n\n<p>Siempre cambiamos el repertorio seg\u00fan el tipo de p\u00fablico y el artista con el que compartimos escenario. Nos gusta mantener las canciones que sabemos que les gustan, pero tambi\u00e9n sorprenderlos con algo nuevo en cada presentaci\u00f3n.<\/p>\n\n\n\n<figure class=\"wp-block-image size-full\"><img data-recalc-dims=\"1\" decoding=\"async\" width=\"1165\" height=\"777\" src=\"https:\/\/i0.wp.com\/zeromagazine.mx\/wp-content\/uploads\/2024\/09\/IMG_1585-scaled.jpeg?resize=1165%2C777&#038;ssl=1\" alt=\"\" class=\"wp-image-84256\" srcset=\"https:\/\/i0.wp.com\/zeromagazine.mx\/wp-content\/uploads\/2024\/09\/IMG_1585-scaled.jpeg?w=2560&amp;ssl=1 2560w, https:\/\/i0.wp.com\/zeromagazine.mx\/wp-content\/uploads\/2024\/09\/IMG_1585-scaled.jpeg?resize=300%2C200&amp;ssl=1 300w, https:\/\/i0.wp.com\/zeromagazine.mx\/wp-content\/uploads\/2024\/09\/IMG_1585-scaled.jpeg?resize=1024%2C683&amp;ssl=1 1024w, https:\/\/i0.wp.com\/zeromagazine.mx\/wp-content\/uploads\/2024\/09\/IMG_1585-scaled.jpeg?resize=768%2C512&amp;ssl=1 768w, https:\/\/i0.wp.com\/zeromagazine.mx\/wp-content\/uploads\/2024\/09\/IMG_1585-scaled.jpeg?resize=1536%2C1024&amp;ssl=1 1536w, https:\/\/i0.wp.com\/zeromagazine.mx\/wp-content\/uploads\/2024\/09\/IMG_1585-scaled.jpeg?resize=2048%2C1365&amp;ssl=1 2048w, https:\/\/i0.wp.com\/zeromagazine.mx\/wp-content\/uploads\/2024\/09\/IMG_1585-scaled.jpeg?w=2330 2330w\" sizes=\"(max-width: 1165px) 100vw, 1165px\" \/><\/figure>\n\n\n\n<p><strong>\u00bfEn d\u00f3nde los podremos ver pr\u00f3ximamente?<\/strong><\/p>\n\n\n\n<p>Tendremos un evento el 20 de septiembre en la Feria de Tijuana junto con Alta Consigna, y el d\u00eda siguiente, posiblemente en el Palenque de Tijuana con Ed\u00e9n Mu\u00f1oz. El 28 de septiembre estaremos en Quer\u00e9taro junto con Paquita la del Barrio en el Auditorio Josefa Ortiz de Dom\u00ednguez.<\/p>\n\n\n\n<p><strong>A largo plazo, \u00bfc\u00f3mo imaginan el futuro de la banda?<\/strong><\/p>\n\n\n\n<p>Nos gustar\u00eda estar presentes en m\u00e1s partes de M\u00e9xico y salir a otros pa\u00edses, ya sea a Estados Unidos, Sudam\u00e9rica o incluso Europa. Nuestro sue\u00f1o es que alg\u00fan d\u00eda la gente cante nuestras canciones en nuestros propios conciertos. Eso ser\u00eda un verdadero logro para nosotros.<\/p>\n\n\n\n<script async src=\"https:\/\/pagead2.googlesyndication.com\/pagead\/js\/adsbygoogle.js?client=ca-pub-5499304793904745\"\n     crossorigin=\"anonymous\"><\/script>\n<ins class=\"adsbygoogle\"\n     style=\"display:block; text-align:center;\"\n     data-ad-layout=\"in-article\"\n     data-ad-format=\"fluid\"\n     data-ad-client=\"ca-pub-5499304793904745\"\n     data-ad-slot=\"5994863093\"><\/ins>\n<script>\n     (adsbygoogle = window.adsbygoogle || []).push({});\n<\/script>\n\n\n\n<p><strong>\u00bfCu\u00e1l ha sido el artista al que jam\u00e1s pensaron que le abrir\u00edan?<\/strong><\/p>\n\n\n\n<p>Dir\u00eda que Napole\u00f3n, ya que su g\u00e9nero es muy distinto al nuestro. Tambi\u00e9n nos sorprendi\u00f3 abrirle a Los Tigres del Norte, ya que su estilo norte\u00f1o y de corridos es diferente al nuestro, pero ambos p\u00fablicos respondieron de una manera incre\u00edble.<\/p>\n\n\n\n<p>Con una mezcla de g\u00e9neros que van desde el pop hasta el sierre\u00f1o, y un enfoque constante en conectar con su p\u00fablico, Quinto Traste est\u00e1 listo para seguir creciendo y conquistar nuevos escenarios. Desde Tijuana para el mundo, esta banda emergente tiene grandes planes que sin duda dejar\u00e1n huella en la m\u00fasica mexicana.<\/p>","protected":false},"excerpt":{"rendered":"<p>Desde la vibrante ciudad fronteriza de Tijuana, emerge Quinto Traste, una banda que ha logrado fusionar g\u00e9neros y conquistar a audiencias con su estilo \u00fanico. En esta entrevista, nos comparten c\u00f3mo ha sido su viaje desde sus primeros acordes hasta abrir conciertos para grandes nombres de la m\u00fasica. Con un futuro prometedor, aqu\u00ed nos cuentan [&hellip;]<\/p>\n","protected":false},"author":4,"featured_media":84252,"comment_status":"open","ping_status":"open","sticky":false,"template":"","format":"standard","meta":{"_jetpack_memberships_contains_paid_content":false,"footnotes":"","jetpack_publicize_message":"","jetpack_publicize_feature_enabled":true,"jetpack_social_post_already_shared":true,"jetpack_social_options":{"image_generator_settings":{"template":"highway","default_image_id":0,"font":"","enabled":false},"version":2}},"categories":[98],"tags":[],"class_list":["post-84250","post","type-post","status-publish","format-standard","has-post-thumbnail","hentry","category-portada","has-post-title","has-post-date","has-post-category","has-post-tag","has-post-comment","has-post-author",""],"yoast_head":"<!-- This site is optimized with the Yoast SEO plugin v27.5 - https:\/\/yoast.com\/product\/yoast-seo-wordpress\/ -->\n<title>Quinto Traste: Del Pop Sierre\u00f1o a los Escenarios Internacionales - Zero Magazine<\/title>\n<meta name=\"robots\" content=\"index, follow, max-snippet:-1, max-image-preview:large, max-video-preview:-1\" \/>\n<link rel=\"canonical\" href=\"https:\/\/zeromagazine.mx\/index.php\/2024\/09\/20\/quinto-traste-del-pop-sierreno-a-los-escenarios-internacionales\/\" \/>\n<meta property=\"og:locale\" content=\"es_ES\" \/>\n<meta property=\"og:type\" content=\"article\" \/>\n<meta property=\"og:title\" content=\"Quinto Traste: Del Pop Sierre\u00f1o a los Escenarios Internacionales - Zero Magazine\" \/>\n<meta property=\"og:description\" content=\"Desde la vibrante ciudad fronteriza de Tijuana, emerge Quinto Traste, una banda que ha logrado fusionar g\u00e9neros y conquistar a audiencias con su estilo \u00fanico. En esta entrevista, nos comparten c\u00f3mo ha sido su viaje desde sus primeros acordes hasta abrir conciertos para grandes nombres de la m\u00fasica. Con un futuro prometedor, aqu\u00ed nos cuentan [&hellip;]\" \/>\n<meta property=\"og:url\" content=\"https:\/\/zeromagazine.mx\/index.php\/2024\/09\/20\/quinto-traste-del-pop-sierreno-a-los-escenarios-internacionales\/\" \/>\n<meta property=\"og:site_name\" content=\"Zero Magazine\" \/>\n<meta property=\"article:published_time\" content=\"2024-09-20T18:44:12+00:00\" \/>\n<meta property=\"article:modified_time\" content=\"2024-09-20T18:44:13+00:00\" \/>\n<meta property=\"og:image\" content=\"https:\/\/i0.wp.com\/zeromagazine.mx\/wp-content\/uploads\/2024\/09\/IMG_1620-scaled.jpeg?fit=1978%2C2560&ssl=1\" \/>\n\t<meta property=\"og:image:width\" content=\"1978\" \/>\n\t<meta property=\"og:image:height\" content=\"2560\" \/>\n\t<meta property=\"og:image:type\" content=\"image\/jpeg\" \/>\n<meta name=\"author\" content=\"David Morales\" \/>\n<meta name=\"twitter:card\" content=\"summary_large_image\" \/>\n<meta name=\"twitter:label1\" content=\"Escrito por\" \/>\n\t<meta name=\"twitter:data1\" content=\"David Morales\" \/>\n\t<meta name=\"twitter:label2\" content=\"Tiempo de lectura\" \/>\n\t<meta name=\"twitter:data2\" content=\"5 minutos\" \/>\n<script type=\"application\/ld+json\" class=\"yoast-schema-graph\">{\"@context\":\"https:\\\/\\\/schema.org\",\"@graph\":[{\"@type\":\"Article\",\"@id\":\"https:\\\/\\\/zeromagazine.mx\\\/index.php\\\/2024\\\/09\\\/20\\\/quinto-traste-del-pop-sierreno-a-los-escenarios-internacionales\\\/#article\",\"isPartOf\":{\"@id\":\"https:\\\/\\\/zeromagazine.mx\\\/index.php\\\/2024\\\/09\\\/20\\\/quinto-traste-del-pop-sierreno-a-los-escenarios-internacionales\\\/\"},\"author\":{\"name\":\"David Morales\",\"@id\":\"https:\\\/\\\/zeromagazine.mx\\\/#\\\/schema\\\/person\\\/9f7f1a17c60ba8e9980e3e6677aabe5a\"},\"headline\":\"Quinto Traste: Del Pop Sierre\u00f1o a los Escenarios Internacionales\",\"datePublished\":\"2024-09-20T18:44:12+00:00\",\"dateModified\":\"2024-09-20T18:44:13+00:00\",\"mainEntityOfPage\":{\"@id\":\"https:\\\/\\\/zeromagazine.mx\\\/index.php\\\/2024\\\/09\\\/20\\\/quinto-traste-del-pop-sierreno-a-los-escenarios-internacionales\\\/\"},\"wordCount\":1029,\"commentCount\":0,\"publisher\":{\"@id\":\"https:\\\/\\\/zeromagazine.mx\\\/#organization\"},\"image\":{\"@id\":\"https:\\\/\\\/zeromagazine.mx\\\/index.php\\\/2024\\\/09\\\/20\\\/quinto-traste-del-pop-sierreno-a-los-escenarios-internacionales\\\/#primaryimage\"},\"thumbnailUrl\":\"https:\\\/\\\/i0.wp.com\\\/zeromagazine.mx\\\/wp-content\\\/uploads\\\/2024\\\/09\\\/IMG_1620-scaled.jpeg?fit=1978%2C2560&ssl=1\",\"articleSection\":[\"Portada\"],\"inLanguage\":\"es\",\"potentialAction\":[{\"@type\":\"CommentAction\",\"name\":\"Comment\",\"target\":[\"https:\\\/\\\/zeromagazine.mx\\\/index.php\\\/2024\\\/09\\\/20\\\/quinto-traste-del-pop-sierreno-a-los-escenarios-internacionales\\\/#respond\"]}]},{\"@type\":\"WebPage\",\"@id\":\"https:\\\/\\\/zeromagazine.mx\\\/index.php\\\/2024\\\/09\\\/20\\\/quinto-traste-del-pop-sierreno-a-los-escenarios-internacionales\\\/\",\"url\":\"https:\\\/\\\/zeromagazine.mx\\\/index.php\\\/2024\\\/09\\\/20\\\/quinto-traste-del-pop-sierreno-a-los-escenarios-internacionales\\\/\",\"name\":\"Quinto Traste: Del Pop Sierre\u00f1o a los Escenarios Internacionales - Zero Magazine\",\"isPartOf\":{\"@id\":\"https:\\\/\\\/zeromagazine.mx\\\/#website\"},\"primaryImageOfPage\":{\"@id\":\"https:\\\/\\\/zeromagazine.mx\\\/index.php\\\/2024\\\/09\\\/20\\\/quinto-traste-del-pop-sierreno-a-los-escenarios-internacionales\\\/#primaryimage\"},\"image\":{\"@id\":\"https:\\\/\\\/zeromagazine.mx\\\/index.php\\\/2024\\\/09\\\/20\\\/quinto-traste-del-pop-sierreno-a-los-escenarios-internacionales\\\/#primaryimage\"},\"thumbnailUrl\":\"https:\\\/\\\/i0.wp.com\\\/zeromagazine.mx\\\/wp-content\\\/uploads\\\/2024\\\/09\\\/IMG_1620-scaled.jpeg?fit=1978%2C2560&ssl=1\",\"datePublished\":\"2024-09-20T18:44:12+00:00\",\"dateModified\":\"2024-09-20T18:44:13+00:00\",\"breadcrumb\":{\"@id\":\"https:\\\/\\\/zeromagazine.mx\\\/index.php\\\/2024\\\/09\\\/20\\\/quinto-traste-del-pop-sierreno-a-los-escenarios-internacionales\\\/#breadcrumb\"},\"inLanguage\":\"es\",\"potentialAction\":[{\"@type\":\"ReadAction\",\"target\":[\"https:\\\/\\\/zeromagazine.mx\\\/index.php\\\/2024\\\/09\\\/20\\\/quinto-traste-del-pop-sierreno-a-los-escenarios-internacionales\\\/\"]}]},{\"@type\":\"ImageObject\",\"inLanguage\":\"es\",\"@id\":\"https:\\\/\\\/zeromagazine.mx\\\/index.php\\\/2024\\\/09\\\/20\\\/quinto-traste-del-pop-sierreno-a-los-escenarios-internacionales\\\/#primaryimage\",\"url\":\"https:\\\/\\\/i0.wp.com\\\/zeromagazine.mx\\\/wp-content\\\/uploads\\\/2024\\\/09\\\/IMG_1620-scaled.jpeg?fit=1978%2C2560&ssl=1\",\"contentUrl\":\"https:\\\/\\\/i0.wp.com\\\/zeromagazine.mx\\\/wp-content\\\/uploads\\\/2024\\\/09\\\/IMG_1620-scaled.jpeg?fit=1978%2C2560&ssl=1\",\"width\":1978,\"height\":2560},{\"@type\":\"BreadcrumbList\",\"@id\":\"https:\\\/\\\/zeromagazine.mx\\\/index.php\\\/2024\\\/09\\\/20\\\/quinto-traste-del-pop-sierreno-a-los-escenarios-internacionales\\\/#breadcrumb\",\"itemListElement\":[{\"@type\":\"ListItem\",\"position\":1,\"name\":\"Portada\",\"item\":\"https:\\\/\\\/zeromagazine.mx\\\/\"},{\"@type\":\"ListItem\",\"position\":2,\"name\":\"Quinto Traste: Del Pop Sierre\u00f1o a los Escenarios Internacionales\"}]},{\"@type\":\"WebSite\",\"@id\":\"https:\\\/\\\/zeromagazine.mx\\\/#website\",\"url\":\"https:\\\/\\\/zeromagazine.mx\\\/\",\"name\":\"Zero Magazine\",\"description\":\"\",\"publisher\":{\"@id\":\"https:\\\/\\\/zeromagazine.mx\\\/#organization\"},\"potentialAction\":[{\"@type\":\"SearchAction\",\"target\":{\"@type\":\"EntryPoint\",\"urlTemplate\":\"https:\\\/\\\/zeromagazine.mx\\\/?s={search_term_string}\"},\"query-input\":{\"@type\":\"PropertyValueSpecification\",\"valueRequired\":true,\"valueName\":\"search_term_string\"}}],\"inLanguage\":\"es\"},{\"@type\":\"Organization\",\"@id\":\"https:\\\/\\\/zeromagazine.mx\\\/#organization\",\"name\":\"Zero Magazine\",\"url\":\"https:\\\/\\\/zeromagazine.mx\\\/\",\"logo\":{\"@type\":\"ImageObject\",\"inLanguage\":\"es\",\"@id\":\"https:\\\/\\\/zeromagazine.mx\\\/#\\\/schema\\\/logo\\\/image\\\/\",\"url\":\"https:\\\/\\\/i0.wp.com\\\/zeromagazine.mx\\\/wp-content\\\/uploads\\\/2025\\\/11\\\/1.jpeg?fit=1000%2C1000&ssl=1\",\"contentUrl\":\"https:\\\/\\\/i0.wp.com\\\/zeromagazine.mx\\\/wp-content\\\/uploads\\\/2025\\\/11\\\/1.jpeg?fit=1000%2C1000&ssl=1\",\"width\":1000,\"height\":1000,\"caption\":\"Zero Magazine\"},\"image\":{\"@id\":\"https:\\\/\\\/zeromagazine.mx\\\/#\\\/schema\\\/logo\\\/image\\\/\"},\"sameAs\":[\"https:\\\/\\\/instagram.com\\\/zeromagazinemx\"]},{\"@type\":\"Person\",\"@id\":\"https:\\\/\\\/zeromagazine.mx\\\/#\\\/schema\\\/person\\\/9f7f1a17c60ba8e9980e3e6677aabe5a\",\"name\":\"David Morales\",\"image\":{\"@type\":\"ImageObject\",\"inLanguage\":\"es\",\"@id\":\"https:\\\/\\\/zeromagazine.mx\\\/wp-content\\\/litespeed\\\/avatar\\\/76069d2136bfc1c37dc34815bb67ca42.jpg?ver=1776966186\",\"url\":\"https:\\\/\\\/zeromagazine.mx\\\/wp-content\\\/litespeed\\\/avatar\\\/76069d2136bfc1c37dc34815bb67ca42.jpg?ver=1776966186\",\"contentUrl\":\"https:\\\/\\\/zeromagazine.mx\\\/wp-content\\\/litespeed\\\/avatar\\\/76069d2136bfc1c37dc34815bb67ca42.jpg?ver=1776966186\",\"caption\":\"David Morales\"},\"url\":\"https:\\\/\\\/zeromagazine.mx\\\/index.php\\\/author\\\/david\\\/\"}]}<\/script>\n<!-- \/ Yoast SEO plugin. -->","yoast_head_json":{"title":"Quinto Traste: Del Pop Sierre\u00f1o a los Escenarios Internacionales - Zero Magazine","robots":{"index":"index","follow":"follow","max-snippet":"max-snippet:-1","max-image-preview":"max-image-preview:large","max-video-preview":"max-video-preview:-1"},"canonical":"https:\/\/zeromagazine.mx\/index.php\/2024\/09\/20\/quinto-traste-del-pop-sierreno-a-los-escenarios-internacionales\/","og_locale":"es_ES","og_type":"article","og_title":"Quinto Traste: Del Pop Sierre\u00f1o a los Escenarios Internacionales - Zero Magazine","og_description":"Desde la vibrante ciudad fronteriza de Tijuana, emerge Quinto Traste, una banda que ha logrado fusionar g\u00e9neros y conquistar a audiencias con su estilo \u00fanico. En esta entrevista, nos comparten c\u00f3mo ha sido su viaje desde sus primeros acordes hasta abrir conciertos para grandes nombres de la m\u00fasica. Con un futuro prometedor, aqu\u00ed nos cuentan [&hellip;]","og_url":"https:\/\/zeromagazine.mx\/index.php\/2024\/09\/20\/quinto-traste-del-pop-sierreno-a-los-escenarios-internacionales\/","og_site_name":"Zero Magazine","article_published_time":"2024-09-20T18:44:12+00:00","article_modified_time":"2024-09-20T18:44:13+00:00","og_image":[{"width":1978,"height":2560,"url":"https:\/\/i0.wp.com\/zeromagazine.mx\/wp-content\/uploads\/2024\/09\/IMG_1620-scaled.jpeg?fit=1978%2C2560&ssl=1","type":"image\/jpeg"}],"author":"David Morales","twitter_card":"summary_large_image","twitter_misc":{"Escrito por":"David Morales","Tiempo de lectura":"5 minutos"},"schema":{"@context":"https:\/\/schema.org","@graph":[{"@type":"Article","@id":"https:\/\/zeromagazine.mx\/index.php\/2024\/09\/20\/quinto-traste-del-pop-sierreno-a-los-escenarios-internacionales\/#article","isPartOf":{"@id":"https:\/\/zeromagazine.mx\/index.php\/2024\/09\/20\/quinto-traste-del-pop-sierreno-a-los-escenarios-internacionales\/"},"author":{"name":"David Morales","@id":"https:\/\/zeromagazine.mx\/#\/schema\/person\/9f7f1a17c60ba8e9980e3e6677aabe5a"},"headline":"Quinto Traste: Del Pop Sierre\u00f1o a los Escenarios Internacionales","datePublished":"2024-09-20T18:44:12+00:00","dateModified":"2024-09-20T18:44:13+00:00","mainEntityOfPage":{"@id":"https:\/\/zeromagazine.mx\/index.php\/2024\/09\/20\/quinto-traste-del-pop-sierreno-a-los-escenarios-internacionales\/"},"wordCount":1029,"commentCount":0,"publisher":{"@id":"https:\/\/zeromagazine.mx\/#organization"},"image":{"@id":"https:\/\/zeromagazine.mx\/index.php\/2024\/09\/20\/quinto-traste-del-pop-sierreno-a-los-escenarios-internacionales\/#primaryimage"},"thumbnailUrl":"https:\/\/i0.wp.com\/zeromagazine.mx\/wp-content\/uploads\/2024\/09\/IMG_1620-scaled.jpeg?fit=1978%2C2560&ssl=1","articleSection":["Portada"],"inLanguage":"es","potentialAction":[{"@type":"CommentAction","name":"Comment","target":["https:\/\/zeromagazine.mx\/index.php\/2024\/09\/20\/quinto-traste-del-pop-sierreno-a-los-escenarios-internacionales\/#respond"]}]},{"@type":"WebPage","@id":"https:\/\/zeromagazine.mx\/index.php\/2024\/09\/20\/quinto-traste-del-pop-sierreno-a-los-escenarios-internacionales\/","url":"https:\/\/zeromagazine.mx\/index.php\/2024\/09\/20\/quinto-traste-del-pop-sierreno-a-los-escenarios-internacionales\/","name":"Quinto Traste: Del Pop Sierre\u00f1o a los Escenarios Internacionales - Zero Magazine","isPartOf":{"@id":"https:\/\/zeromagazine.mx\/#website"},"primaryImageOfPage":{"@id":"https:\/\/zeromagazine.mx\/index.php\/2024\/09\/20\/quinto-traste-del-pop-sierreno-a-los-escenarios-internacionales\/#primaryimage"},"image":{"@id":"https:\/\/zeromagazine.mx\/index.php\/2024\/09\/20\/quinto-traste-del-pop-sierreno-a-los-escenarios-internacionales\/#primaryimage"},"thumbnailUrl":"https:\/\/i0.wp.com\/zeromagazine.mx\/wp-content\/uploads\/2024\/09\/IMG_1620-scaled.jpeg?fit=1978%2C2560&ssl=1","datePublished":"2024-09-20T18:44:12+00:00","dateModified":"2024-09-20T18:44:13+00:00","breadcrumb":{"@id":"https:\/\/zeromagazine.mx\/index.php\/2024\/09\/20\/quinto-traste-del-pop-sierreno-a-los-escenarios-internacionales\/#breadcrumb"},"inLanguage":"es","potentialAction":[{"@type":"ReadAction","target":["https:\/\/zeromagazine.mx\/index.php\/2024\/09\/20\/quinto-traste-del-pop-sierreno-a-los-escenarios-internacionales\/"]}]},{"@type":"ImageObject","inLanguage":"es","@id":"https:\/\/zeromagazine.mx\/index.php\/2024\/09\/20\/quinto-traste-del-pop-sierreno-a-los-escenarios-internacionales\/#primaryimage","url":"https:\/\/i0.wp.com\/zeromagazine.mx\/wp-content\/uploads\/2024\/09\/IMG_1620-scaled.jpeg?fit=1978%2C2560&ssl=1","contentUrl":"https:\/\/i0.wp.com\/zeromagazine.mx\/wp-content\/uploads\/2024\/09\/IMG_1620-scaled.jpeg?fit=1978%2C2560&ssl=1","width":1978,"height":2560},{"@type":"BreadcrumbList","@id":"https:\/\/zeromagazine.mx\/index.php\/2024\/09\/20\/quinto-traste-del-pop-sierreno-a-los-escenarios-internacionales\/#breadcrumb","itemListElement":[{"@type":"ListItem","position":1,"name":"Portada","item":"https:\/\/zeromagazine.mx\/"},{"@type":"ListItem","position":2,"name":"Quinto Traste: Del Pop Sierre\u00f1o a los Escenarios Internacionales"}]},{"@type":"WebSite","@id":"https:\/\/zeromagazine.mx\/#website","url":"https:\/\/zeromagazine.mx\/","name":"Zero Magazine","description":"","publisher":{"@id":"https:\/\/zeromagazine.mx\/#organization"},"potentialAction":[{"@type":"SearchAction","target":{"@type":"EntryPoint","urlTemplate":"https:\/\/zeromagazine.mx\/?s={search_term_string}"},"query-input":{"@type":"PropertyValueSpecification","valueRequired":true,"valueName":"search_term_string"}}],"inLanguage":"es"},{"@type":"Organization","@id":"https:\/\/zeromagazine.mx\/#organization","name":"Zero Magazine","url":"https:\/\/zeromagazine.mx\/","logo":{"@type":"ImageObject","inLanguage":"es","@id":"https:\/\/zeromagazine.mx\/#\/schema\/logo\/image\/","url":"https:\/\/i0.wp.com\/zeromagazine.mx\/wp-content\/uploads\/2025\/11\/1.jpeg?fit=1000%2C1000&ssl=1","contentUrl":"https:\/\/i0.wp.com\/zeromagazine.mx\/wp-content\/uploads\/2025\/11\/1.jpeg?fit=1000%2C1000&ssl=1","width":1000,"height":1000,"caption":"Zero Magazine"},"image":{"@id":"https:\/\/zeromagazine.mx\/#\/schema\/logo\/image\/"},"sameAs":["https:\/\/instagram.com\/zeromagazinemx"]},{"@type":"Person","@id":"https:\/\/zeromagazine.mx\/#\/schema\/person\/9f7f1a17c60ba8e9980e3e6677aabe5a","name":"David Morales","image":{"@type":"ImageObject","inLanguage":"es","@id":"https:\/\/zeromagazine.mx\/wp-content\/litespeed\/avatar\/76069d2136bfc1c37dc34815bb67ca42.jpg?ver=1776966186","url":"https:\/\/zeromagazine.mx\/wp-content\/litespeed\/avatar\/76069d2136bfc1c37dc34815bb67ca42.jpg?ver=1776966186","contentUrl":"https:\/\/zeromagazine.mx\/wp-content\/litespeed\/avatar\/76069d2136bfc1c37dc34815bb67ca42.jpg?ver=1776966186","caption":"David Morales"},"url":"https:\/\/zeromagazine.mx\/index.php\/author\/david\/"}]}},"jetpack_publicize_connections":[],"jetpack_featured_media_url":"https:\/\/i0.wp.com\/zeromagazine.mx\/wp-content\/uploads\/2024\/09\/IMG_1620-scaled.jpeg?fit=1978%2C2560&ssl=1","jetpack-related-posts":[{"id":95699,"url":"https:\/\/zeromagazine.mx\/index.php\/2025\/02\/03\/quinto-traste-la-evolucion-del-pop-serreno\/","url_meta":{"origin":84250,"position":0},"title":"Quinto Traste: La evoluci\u00f3n del pop-serre\u00f1o","author":"David Morales","date":"3 de febrero de 2025","format":false,"excerpt":"Desde Tijuana, Baja California, surge Quinto Traste, una banda que fusiona el pop con influencias del regional mexicano, creando lo que ellos llaman pop-serre\u00f1o. Conformada por F\u00e9lix Gonz\u00e1lez, H\u00e9ctor Escobedo, y Diego Cisneros, la agrupaci\u00f3n ha sabido innovar y adaptarse, destacando tanto por sus temas in\u00e9ditos como por su capacidad\u2026","rel":"","context":"En \u00abPortada\u00bb","block_context":{"text":"Portada","link":"https:\/\/zeromagazine.mx\/index.php\/category\/portada\/"},"img":{"alt_text":"","src":"https:\/\/i0.wp.com\/zeromagazine.mx\/wp-content\/uploads\/2025\/02\/IMG_3331-1-scaled.jpeg?fit=927%2C1200&ssl=1&resize=350%2C200","width":350,"height":200,"srcset":"https:\/\/i0.wp.com\/zeromagazine.mx\/wp-content\/uploads\/2025\/02\/IMG_3331-1-scaled.jpeg?fit=927%2C1200&ssl=1&resize=350%2C200 1x, https:\/\/i0.wp.com\/zeromagazine.mx\/wp-content\/uploads\/2025\/02\/IMG_3331-1-scaled.jpeg?fit=927%2C1200&ssl=1&resize=525%2C300 1.5x, https:\/\/i0.wp.com\/zeromagazine.mx\/wp-content\/uploads\/2025\/02\/IMG_3331-1-scaled.jpeg?fit=927%2C1200&ssl=1&resize=700%2C400 2x"},"classes":[]},{"id":89535,"url":"https:\/\/zeromagazine.mx\/index.php\/2024\/11\/06\/jose-germain-rockeando-la-nostalgia\/","url_meta":{"origin":84250,"position":1},"title":"\u00abJos\u00e9 Germain: Rockeando la nostalgia\u00bb","author":"zeromagazinemx","date":"6 de noviembre de 2024","format":false,"excerpt":"\u00bfConoc\u00edas a Jos\u00e9 Germain? Si no, prep\u00e1rate porque esta bandita de rock indie originaria de San Luis R\u00edo Colorado, Sonora, est\u00e1 dando de qu\u00e9 hablar. Son cuatro morros con talento puro: V\u00edctor Reynoso (el master detr\u00e1s de las composiciones y guitarrista), Luis S\u00e1nchez (guitarra l\u00edder que mete las vibes), Sergio\u2026","rel":"","context":"En \u00abEntretenimiento\u00bb","block_context":{"text":"Entretenimiento","link":"https:\/\/zeromagazine.mx\/index.php\/category\/entretenimiento\/"},"img":{"alt_text":"","src":"https:\/\/i0.wp.com\/zeromagazine.mx\/wp-content\/uploads\/2024\/11\/Z_flores_jose_germain_foto-scaled.jpg?fit=1200%2C1200&ssl=1&resize=350%2C200","width":350,"height":200,"srcset":"https:\/\/i0.wp.com\/zeromagazine.mx\/wp-content\/uploads\/2024\/11\/Z_flores_jose_germain_foto-scaled.jpg?fit=1200%2C1200&ssl=1&resize=350%2C200 1x, https:\/\/i0.wp.com\/zeromagazine.mx\/wp-content\/uploads\/2024\/11\/Z_flores_jose_germain_foto-scaled.jpg?fit=1200%2C1200&ssl=1&resize=525%2C300 1.5x, https:\/\/i0.wp.com\/zeromagazine.mx\/wp-content\/uploads\/2024\/11\/Z_flores_jose_germain_foto-scaled.jpg?fit=1200%2C1200&ssl=1&resize=700%2C400 2x, https:\/\/i0.wp.com\/zeromagazine.mx\/wp-content\/uploads\/2024\/11\/Z_flores_jose_germain_foto-scaled.jpg?fit=1200%2C1200&ssl=1&resize=1050%2C600 3x"},"classes":[]},{"id":80519,"url":"https:\/\/zeromagazine.mx\/index.php\/2024\/07\/19\/80519\/","url_meta":{"origin":84250,"position":2},"title":"NETO ROXS Y EL IMPARABLE SERBIA","author":"David Morales","date":"19 de julio de 2024","format":false,"excerpt":"Serbia, la banda emergente de Monterrey, ha capturado la atenci\u00f3n del p\u00fablico con su sonido \u00fanico y sus letras conmovedoras. Hoy, tenemos el privilegio de conversar con Neto Roxs.","rel":"","context":"En \u00abPortada\u00bb","block_context":{"text":"Portada","link":"https:\/\/zeromagazine.mx\/index.php\/category\/portada\/"},"img":{"alt_text":"","src":"https:\/\/i0.wp.com\/zeromagazine.mx\/wp-content\/uploads\/2024\/07\/IMG_1286.png?fit=927%2C1200&ssl=1&resize=350%2C200","width":350,"height":200,"srcset":"https:\/\/i0.wp.com\/zeromagazine.mx\/wp-content\/uploads\/2024\/07\/IMG_1286.png?fit=927%2C1200&ssl=1&resize=350%2C200 1x, https:\/\/i0.wp.com\/zeromagazine.mx\/wp-content\/uploads\/2024\/07\/IMG_1286.png?fit=927%2C1200&ssl=1&resize=525%2C300 1.5x, https:\/\/i0.wp.com\/zeromagazine.mx\/wp-content\/uploads\/2024\/07\/IMG_1286.png?fit=927%2C1200&ssl=1&resize=700%2C400 2x"},"classes":[]},{"id":88000,"url":"https:\/\/zeromagazine.mx\/index.php\/2024\/10\/22\/tecate-peninsula-el-festival-legendario\/","url_meta":{"origin":84250,"position":3},"title":"\u00abTecate Pen\u00ednsula: El Festival Legendario\u00bb","author":"zeromagazinemx","date":"22 de octubre de 2024","format":false,"excerpt":"\u00a1Ayyy, amigxs! Si no te enteraste de lo que pas\u00f3 en Tecate Pen\u00ednsula 2024, es momento de que te pongas al d\u00eda. Este festival fue de locos, y te juro que lo que viv\u00ed el s\u00e1bado 19 de octubre en la Plaza Monumental de Tijuana fue algo que nunca voy\u2026","rel":"","context":"En \u00abEntretenimiento\u00bb","block_context":{"text":"Entretenimiento","link":"https:\/\/zeromagazine.mx\/index.php\/category\/entretenimiento\/"},"img":{"alt_text":"","src":"https:\/\/i0.wp.com\/zeromagazine.mx\/wp-content\/uploads\/2024\/10\/unnamed-45-scaled.jpg?fit=1200%2C800&ssl=1&resize=350%2C200","width":350,"height":200,"srcset":"https:\/\/i0.wp.com\/zeromagazine.mx\/wp-content\/uploads\/2024\/10\/unnamed-45-scaled.jpg?fit=1200%2C800&ssl=1&resize=350%2C200 1x, https:\/\/i0.wp.com\/zeromagazine.mx\/wp-content\/uploads\/2024\/10\/unnamed-45-scaled.jpg?fit=1200%2C800&ssl=1&resize=525%2C300 1.5x, https:\/\/i0.wp.com\/zeromagazine.mx\/wp-content\/uploads\/2024\/10\/unnamed-45-scaled.jpg?fit=1200%2C800&ssl=1&resize=700%2C400 2x, https:\/\/i0.wp.com\/zeromagazine.mx\/wp-content\/uploads\/2024\/10\/unnamed-45-scaled.jpg?fit=1200%2C800&ssl=1&resize=1050%2C600 3x"},"classes":[]},{"id":89406,"url":"https:\/\/zeromagazine.mx\/index.php\/2024\/11\/06\/wiplash-el-caos-armonico\/","url_meta":{"origin":84250,"position":4},"title":"Wiplash: El Caos Arm\u00f3nico","author":"David Morales","date":"6 de noviembre de 2024","format":false,"excerpt":"Desde sus inicios hasta su reciente tercer \u00e1lbum, Wiplash ha mantenido una conexi\u00f3n genuina con su audiencia, explorando nuevos sonidos y enfrentando los desaf\u00edos de la industria musical. Esta banda no solo est\u00e1 dejando huella en el rock, sino que est\u00e1 redefiniendo lo que significa ser una banda de rock\u2026","rel":"","context":"En \u00abPortada\u00bb","block_context":{"text":"Portada","link":"https:\/\/zeromagazine.mx\/index.php\/category\/portada\/"},"img":{"alt_text":"","src":"https:\/\/i0.wp.com\/zeromagazine.mx\/wp-content\/uploads\/2024\/11\/IMG_2179.png?fit=927%2C1200&ssl=1&resize=350%2C200","width":350,"height":200,"srcset":"https:\/\/i0.wp.com\/zeromagazine.mx\/wp-content\/uploads\/2024\/11\/IMG_2179.png?fit=927%2C1200&ssl=1&resize=350%2C200 1x, https:\/\/i0.wp.com\/zeromagazine.mx\/wp-content\/uploads\/2024\/11\/IMG_2179.png?fit=927%2C1200&ssl=1&resize=525%2C300 1.5x, https:\/\/i0.wp.com\/zeromagazine.mx\/wp-content\/uploads\/2024\/11\/IMG_2179.png?fit=927%2C1200&ssl=1&resize=700%2C400 2x"},"classes":[]},{"id":91264,"url":"https:\/\/zeromagazine.mx\/index.php\/2024\/11\/21\/the-karate-kid-lo-nuevo-de-coldplay\/","url_meta":{"origin":84250,"position":5},"title":"The Karate Kid: Lo Nuevo de Coldplay","author":"zeromagazinemx","date":"21 de noviembre de 2024","format":false,"excerpt":"Zero Squad si son fan de Coldplay, de las pel\u00edculas cl\u00e1sicas de los 80\u2019s, o simplemente te encanta cuando la magia de la m\u00fasica y el cine se fusionan, te va a volar la cabeza lo que acaban de sacar. S\u00ed, hablamos del nuevo video musical de The Karate Kid,\u2026","rel":"","context":"En \u00abEntretenimiento\u00bb","block_context":{"text":"Entretenimiento","link":"https:\/\/zeromagazine.mx\/index.php\/category\/entretenimiento\/"},"img":{"alt_text":"","src":"https:\/\/i0.wp.com\/zeromagazine.mx\/wp-content\/uploads\/2024\/11\/unnamed-4-1.jpg?fit=1200%2C771&ssl=1&resize=350%2C200","width":350,"height":200,"srcset":"https:\/\/i0.wp.com\/zeromagazine.mx\/wp-content\/uploads\/2024\/11\/unnamed-4-1.jpg?fit=1200%2C771&ssl=1&resize=350%2C200 1x, https:\/\/i0.wp.com\/zeromagazine.mx\/wp-content\/uploads\/2024\/11\/unnamed-4-1.jpg?fit=1200%2C771&ssl=1&resize=525%2C300 1.5x, https:\/\/i0.wp.com\/zeromagazine.mx\/wp-content\/uploads\/2024\/11\/unnamed-4-1.jpg?fit=1200%2C771&ssl=1&resize=700%2C400 2x, https:\/\/i0.wp.com\/zeromagazine.mx\/wp-content\/uploads\/2024\/11\/unnamed-4-1.jpg?fit=1200%2C771&ssl=1&resize=1050%2C600 3x"},"classes":[]}],"jetpack_sharing_enabled":true,"builder_content":"","_links":{"self":[{"href":"https:\/\/zeromagazine.mx\/index.php\/wp-json\/wp\/v2\/posts\/84250","targetHints":{"allow":["GET"]}}],"collection":[{"href":"https:\/\/zeromagazine.mx\/index.php\/wp-json\/wp\/v2\/posts"}],"about":[{"href":"https:\/\/zeromagazine.mx\/index.php\/wp-json\/wp\/v2\/types\/post"}],"author":[{"embeddable":true,"href":"https:\/\/zeromagazine.mx\/index.php\/wp-json\/wp\/v2\/users\/4"}],"replies":[{"embeddable":true,"href":"https:\/\/zeromagazine.mx\/index.php\/wp-json\/wp\/v2\/comments?post=84250"}],"version-history":[{"count":3,"href":"https:\/\/zeromagazine.mx\/index.php\/wp-json\/wp\/v2\/posts\/84250\/revisions"}],"predecessor-version":[{"id":84258,"href":"https:\/\/zeromagazine.mx\/index.php\/wp-json\/wp\/v2\/posts\/84250\/revisions\/84258"}],"wp:featuredmedia":[{"embeddable":true,"href":"https:\/\/zeromagazine.mx\/index.php\/wp-json\/wp\/v2\/media\/84252"}],"wp:attachment":[{"href":"https:\/\/zeromagazine.mx\/index.php\/wp-json\/wp\/v2\/media?parent=84250"}],"wp:term":[{"taxonomy":"category","embeddable":true,"href":"https:\/\/zeromagazine.mx\/index.php\/wp-json\/wp\/v2\/categories?post=84250"},{"taxonomy":"post_tag","embeddable":true,"href":"https:\/\/zeromagazine.mx\/index.php\/wp-json\/wp\/v2\/tags?post=84250"}],"curies":[{"name":"wp","href":"https:\/\/api.w.org\/{rel}","templated":true}]}}