{"id":84548,"date":"2024-09-25T19:48:29","date_gmt":"2024-09-25T17:48:29","guid":{"rendered":"https:\/\/zeromagazine.mx\/?p=84548"},"modified":"2024-09-25T19:54:43","modified_gmt":"2024-09-25T17:54:43","slug":"rockea-con-franz-en-cdmx","status":"publish","type":"post","link":"https:\/\/zeromagazine.mx\/index.php\/2024\/09\/25\/rockea-con-franz-en-cdmx\/","title":{"rendered":"\u00abRockea con Franz en CDMX\u00bb"},"content":{"rendered":"<p>La cuenta regresiva ha comenzado y la emoci\u00f3n est\u00e1 en el aire porque Franz Ferdinand, la ic\u00f3nica banda escocesa, est\u00e1 a punto de rockear Quer\u00e9taro en el <strong>Festival Pulso GNP<\/strong>. Pero antes de eso, tienen una sorpresa especial para todos los fans en la <strong>Ciudad de M\u00e9xico <\/strong>que no querr\u00e1n perderse.<\/p>\n\n\n\n<p><strong>Una Noche \u00danica en el Front\u00f3n M\u00e9xico<\/strong><\/p>\n\n\n\n<p>La noche del 10 de octubre promete ser m\u00e1gica. Antes de que se suban al escenario del Festival Pulso GNP, Franz Ferdinand va a ofrecer un show m\u00e1s cercano y personal en el <strong>Front\u00f3n M\u00e9xico<\/strong>. Para los que han estado siguiendo a la banda desde sus inicios, saben que su m\u00fasica siempre ha sido un viaje musical lleno de sorpresas y grooves irresistibles. Este concierto no solo ser\u00e1 una oportunidad de ver a<strong> Alex Kapranos<\/strong> y su crew en un espacio m\u00e1s \u00edntimo, sino que tambi\u00e9n tendr\u00e1n la chance de escuchar sus grandes \u00e9xitos y algunas sorpresas que seguro dejar\u00e1n a todos en shock.<\/p>\n\n\n\n<script async src=\"https:\/\/pagead2.googlesyndication.com\/pagead\/js\/adsbygoogle.js?client=ca-pub-5499304793904745\"\n     crossorigin=\"anonymous\"><\/script>\n<ins class=\"adsbygoogle\"\n     style=\"display:block; text-align:center;\"\n     data-ad-layout=\"in-article\"\n     data-ad-format=\"fluid\"\n     data-ad-client=\"ca-pub-5499304793904745\"\n     data-ad-slot=\"5994863093\"><\/ins>\n<script>\n     (adsbygoogle = window.adsbygoogle || []).push({});\n<\/script>\n\n\n\n<p><\/p>\n\n\n\n<p>Imag\u00ednate, estar en el Front\u00f3n, con esa vibra tan \u00fanica, disfrutando de cl\u00e1sicos como \u201c<strong>Take Me Out<\/strong>\u201d y \u201c<strong>No You Girls<\/strong>\u201d mientras la energ\u00eda de la banda te envuelve. La conexi\u00f3n que se crea en un show \u00edntimo es algo que no se puede comparar con un festival gigante. Este es el momento perfecto para que los fans vivan una experiencia que ser\u00e1 inolvidable, rodeados de otros true fans que sienten la misma pasi\u00f3n por la m\u00fasica.<\/p>\n\n\n\n<p><strong>La Nueva M\u00fasica de Franz Ferdinand<\/strong><\/p>\n\n\n\n<p>Pero eso no es todo, porque mientras te preparas para este concierto \u00e9pico, no olvides que la banda tambi\u00e9n est\u00e1 trabajando en su pr\u00f3ximo \u00e1lbum titulado<strong> \u00ab<em>The Human Fear<\/em><\/strong>\u00ab, que se lanzar\u00e1 el 10 de enero de 2025. \u00a1S\u00ed, ya sabemos! Es una espera larga, pero tenemos un adelanto jugoso para calentar motores: el primer sencillo, \u201c<strong>Audacious<\/strong>\u201d. Este nuevo material promete ser un reflejo de la evoluci\u00f3n musical de la banda y, por lo que hemos escuchado ser\u00e1 una mezcla de sonidos que van a romperla.<\/p>\n\n\n\n<p>Franz Ferdinand ha estado en la escena musical desde principios de los 2000, y su estilo ha influenciado a tantas bandas y g\u00e9neros. Con cinco \u00e1lbumes de estudio a sus espaldas, la banda no solo ha definido el sonido del rock contempor\u00e1neo, sino que tambi\u00e9n ha sabido reinventarse. Con <em><strong>The Human Fear<\/strong><\/em>, nos est\u00e1n mostrando que a\u00fan tienen mucho m\u00e1s que ofrecer.<\/p>\n\n\n\n<p><strong>Un Recorrido por la Carrera de la Banda<\/strong><\/p>\n\n\n\n<p>En esta gira, <strong>Alex <\/strong>y su banda miran hacia atr\u00e1s, reflexionando sobre su evoluci\u00f3n musical. Desde los primeros <strong>hits <\/strong>que nos hicieron bailar hasta la m\u00fasica m\u00e1s reciente que nos mueve el coraz\u00f3n, este recorrido va a ser una celebraci\u00f3n de su <strong>legado<\/strong>. La noche en el Front\u00f3n no solo ser\u00e1 una muestra de su talento, sino tambi\u00e9n un recordatorio de lo que han logrado en estos a\u00f1os.<\/p>\n\n\n\n<script async src=\"https:\/\/pagead2.googlesyndication.com\/pagead\/js\/adsbygoogle.js?client=ca-pub-5499304793904745\"\r\n     crossorigin=\"anonymous\"><\/script>\r\n<ins class=\"adsbygoogle\"\r\n     style=\"display:block; text-align:center;\"\r\n     data-ad-layout=\"in-article\"\r\n     data-ad-format=\"fluid\"\r\n     data-ad-client=\"ca-pub-5499304793904745\"\r\n     data-ad-slot=\"5994863093\"><\/ins>\r\n<script>\r\n     (adsbygoogle = window.adsbygoogle || []).push({});\r\n<\/script>\n\n\n\n<p><\/p>\n\n\n\n<p><strong>Franz Ferdinand<\/strong> ha explorado nuevos territorios <strong>musicales<\/strong>, y eso es lo que los hace \u00fanicos. Han sabido mantenerse fieles a su estilo, mientras incorporan elementos frescos y modernos. La manera en que mezclan rock, pop y un toque de indie ha sido clave para su \u00e9xito. As\u00ed que, imag\u00ednate lo que tienen preparado para este show: ser\u00e1 un viaje musical que no querr\u00e1s perderte.<\/p>\n\n\n\n<p><strong> \u00a1No Te Quedes Fuera!<\/strong><\/p>\n\n\n\n<p>Si est\u00e1s tan emocionado como nosotrxs, es hora de que corras a conseguir tus boletos. La<strong> preventa Citibanamex <\/strong>comienza el 23 de septiembre, y a partir del <strong>24<\/strong>, podr\u00e1s comprarlos en la taquilla del Front\u00f3n M\u00e9xico o en <a href=\"https:\/\/www.ticketmaster.com.mx\">Ticketmaster<\/a>.<\/p>\n\n\n<div class=\"wp-block-image\">\n<figure class=\"aligncenter size-full\"><img data-recalc-dims=\"1\" decoding=\"async\" width=\"1165\" height=\"610\" src=\"https:\/\/i0.wp.com\/zeromagazine.mx\/wp-content\/uploads\/2024\/09\/Franz-Ferdinand-2024-5-1.jpg?resize=1165%2C610&#038;ssl=1\" alt=\"\u00danete a Franz Ferdinand en un exclusivo show \u00edntimo en el Front\u00f3n M\u00e9xico el 10 de octubre. Prep\u00e1rate para una noche llena de energ\u00eda, grandes \u00e9xitos y el lanzamiento de su nuevo sencillo &quot;Audacious&quot;. \u00a1No te lo pierdas!\" class=\"wp-image-84550\" srcset=\"https:\/\/i0.wp.com\/zeromagazine.mx\/wp-content\/uploads\/2024\/09\/Franz-Ferdinand-2024-5-1.jpg?w=1200&amp;ssl=1 1200w, https:\/\/i0.wp.com\/zeromagazine.mx\/wp-content\/uploads\/2024\/09\/Franz-Ferdinand-2024-5-1.jpg?resize=300%2C157&amp;ssl=1 300w, https:\/\/i0.wp.com\/zeromagazine.mx\/wp-content\/uploads\/2024\/09\/Franz-Ferdinand-2024-5-1.jpg?resize=1024%2C536&amp;ssl=1 1024w, https:\/\/i0.wp.com\/zeromagazine.mx\/wp-content\/uploads\/2024\/09\/Franz-Ferdinand-2024-5-1.jpg?resize=768%2C402&amp;ssl=1 768w\" sizes=\"(max-width: 1165px) 100vw, 1165px\" \/><\/figure>\n<\/div>\n\n\n<p><\/p>\n\n\n\n<h4 class=\"wp-block-heading\">La Importancia de Eventos \u00cdntimos<\/h4>\n\n\n\n<p>Hoy en d\u00eda, la <strong>m\u00fasica en vivo<\/strong> es una experiencia que todos amamos. Sin embargo, los grandes festivales y conciertos a veces pueden hacer que te sientas un poco perdido entre la multitud. Este <strong>side show<\/strong> en el Front\u00f3n M\u00e9xico es una forma incre\u00edble de conectar con la m\u00fasica y los artistas en un ambiente m\u00e1s personal. Aqu\u00ed puedes cantar a todo pulm\u00f3n, sentir la vibraci\u00f3n de cada nota y realmente disfrutar de lo que hace que la m\u00fasica en vivo sea tan especial.<\/p>\n\n\n\n<script async src=\"https:\/\/pagead2.googlesyndication.com\/pagead\/js\/adsbygoogle.js?client=ca-pub-5499304793904745\"\r\n     crossorigin=\"anonymous\"><\/script>\r\n<ins class=\"adsbygoogle\"\r\n     style=\"display:block; text-align:center;\"\r\n     data-ad-layout=\"in-article\"\r\n     data-ad-format=\"fluid\"\r\n     data-ad-client=\"ca-pub-5499304793904745\"\r\n     data-ad-slot=\"5994863093\"><\/ins>\r\n<script>\r\n     (adsbygoogle = window.adsbygoogle || []).push({});\r\n<\/script>\n\n\n\n<p><\/p>\n\n\n\n<p>Eventos como este son esenciales, porque crean un espacio donde los fans pueden unirse, compartir su amor por la m\u00fasica y vivir momentos que se quedar\u00e1n grabados en la memoria. Adem\u00e1s, los artistas tambi\u00e9n disfrutan de estos shows \u00edntimos, donde pueden interactuar m\u00e1s de cerca con sus seguidores. La energ\u00eda es completamente diferente y, sinceramente, no hay nada como eso.<\/p>\n\n\n\n<p><strong>Un \u00cdcono del Rock<\/strong><\/p>\n\n\n\n<p>La banda ha sido una pieza clave en la definici\u00f3n del sonido del rock de los 2000 y 2010, pero m\u00e1s all\u00e1 de su m\u00fasica, Franz Ferdinand ha dejado una huella en la cultura pop. Con su estilo distintivo y letras pegajosas, se han convertido en una de las bandas m\u00e1s ic\u00f3nicas del rock contempor\u00e1neo. Han influenciado a una nueva generaci\u00f3n de m\u00fasicos y han demostrado que la buena m\u00fasica nunca pasa de moda.<\/p>\n\n\n\n<script async src=\"https:\/\/pagead2.googlesyndication.com\/pagead\/js\/adsbygoogle.js?client=ca-pub-5499304793904745\"\r\n     crossorigin=\"anonymous\"><\/script>\r\n<ins class=\"adsbygoogle\"\r\n     style=\"display:block; text-align:center;\"\r\n     data-ad-layout=\"in-article\"\r\n     data-ad-format=\"fluid\"\r\n     data-ad-client=\"ca-pub-5499304793904745\"\r\n     data-ad-slot=\"5994863093\"><\/ins>\r\n<script>\r\n     (adsbygoogle = window.adsbygoogle || []).push({});\r\n<\/script>\n\n\n\n<p><\/p>\n\n\n\n<p>La conexi\u00f3n que tienen con su p\u00fablico es palpable. Cada vez que suben al escenario, la emoci\u00f3n y la energ\u00eda son contagiosas. Los fans no solo est\u00e1n ah\u00ed para escuchar m\u00fasica, est\u00e1n ah\u00ed para vivir una experiencia que trasciende el tiempo y el espacio. Esa es la magia de Franz Ferdinand.<\/p>\n\n\n\n<p>As\u00ed que, para todos los fans de la m\u00fasica y, especialmente, de<strong> Franz Ferdinand<\/strong>, esta es una oportunidad que no pueden dejar pasar. El 10 de octubre va a ser una noche legendaria en el Front\u00f3n M\u00e9xico. Prep\u00e1rense para una mezcla de nostalgia, energ\u00eda y buena m\u00fasica que les recordar\u00e1 por qu\u00e9 aman el rock.<\/p>\n\n\n\n<script async src=\"https:\/\/pagead2.googlesyndication.com\/pagead\/js\/adsbygoogle.js?client=ca-pub-5499304793904745\"\r\n     crossorigin=\"anonymous\"><\/script>\r\n<ins class=\"adsbygoogle\"\r\n     style=\"display:block; text-align:center;\"\r\n     data-ad-layout=\"in-article\"\r\n     data-ad-format=\"fluid\"\r\n     data-ad-client=\"ca-pub-5499304793904745\"\r\n     data-ad-slot=\"5994863093\"><\/ins>\r\n<script>\r\n     (adsbygoogle = window.adsbygoogle || []).push({});\r\n<\/script>\n\n\n\n<p><\/p>\n\n\n\n<p>Y recuerda, el rock no se trata solo de escuchar m\u00fasica, se trata de vivirla. As\u00ed que, cuando llegue el d\u00eda, canta, baila y disfruta de cada momento. \u00a1Nos vemos en el Front\u00f3n M\u00e9xico!<\/p>\n\n<!--themify_builder_content-->\n<div id=\"themify_builder_content-84548\" data-postid=\"84548\" class=\"themify_builder_content themify_builder_content-84548 themify_builder tf_clear\">\n    <\/div>\n<!--\/themify_builder_content-->","protected":false},"excerpt":{"rendered":"<p>La cuenta regresiva ha comenzado y la emoci\u00f3n est\u00e1 en el aire porque Franz Ferdinand, la ic\u00f3nica banda escocesa, est\u00e1 a punto de rockear Quer\u00e9taro en el Festival Pulso GNP. Pero antes de eso, tienen una sorpresa especial para todos los fans en la Ciudad de M\u00e9xico que no querr\u00e1n perderse. Una Noche \u00danica en [&hellip;]<\/p>\n","protected":false},"author":2,"featured_media":84550,"comment_status":"open","ping_status":"open","sticky":false,"template":"","format":"standard","meta":{"_jetpack_memberships_contains_paid_content":false,"footnotes":"","jetpack_publicize_message":"","jetpack_publicize_feature_enabled":true,"jetpack_social_post_already_shared":true,"jetpack_social_options":{"image_generator_settings":{"template":"highway","default_image_id":0,"font":"","enabled":false},"version":2}},"categories":[117],"tags":[10469,10465,3707,10468],"class_list":["post-84548","post","type-post","status-publish","format-standard","has-post-thumbnail","hentry","category-entretenimiento","tag-10-de-octubre","tag-franz-ferdinand","tag-fronton-mexico","tag-side-show","has-post-title","has-post-date","has-post-category","has-post-tag","has-post-comment","has-post-author",""],"yoast_head":"<!-- This site is optimized with the Yoast SEO plugin v27.5 - https:\/\/yoast.com\/product\/yoast-seo-wordpress\/ -->\n<title>&quot;Rockea con Franz en CDMX&quot; - Zero Magazine<\/title>\n<meta name=\"robots\" content=\"index, follow, max-snippet:-1, max-image-preview:large, max-video-preview:-1\" \/>\n<link rel=\"canonical\" href=\"https:\/\/zeromagazine.mx\/index.php\/2024\/09\/25\/rockea-con-franz-en-cdmx\/\" \/>\n<meta property=\"og:locale\" content=\"es_ES\" \/>\n<meta property=\"og:type\" content=\"article\" \/>\n<meta property=\"og:title\" content=\"&quot;Rockea con Franz en CDMX&quot; - Zero Magazine\" \/>\n<meta property=\"og:description\" content=\"La cuenta regresiva ha comenzado y la emoci\u00f3n est\u00e1 en el aire porque Franz Ferdinand, la ic\u00f3nica banda escocesa, est\u00e1 a punto de rockear Quer\u00e9taro en el Festival Pulso GNP. Pero antes de eso, tienen una sorpresa especial para todos los fans en la Ciudad de M\u00e9xico que no querr\u00e1n perderse. Una Noche \u00danica en [&hellip;]\" \/>\n<meta property=\"og:url\" content=\"https:\/\/zeromagazine.mx\/index.php\/2024\/09\/25\/rockea-con-franz-en-cdmx\/\" \/>\n<meta property=\"og:site_name\" content=\"Zero Magazine\" \/>\n<meta property=\"article:published_time\" content=\"2024-09-25T17:48:29+00:00\" \/>\n<meta property=\"article:modified_time\" content=\"2024-09-25T17:54:43+00:00\" \/>\n<meta property=\"og:image\" content=\"https:\/\/i0.wp.com\/zeromagazine.mx\/wp-content\/uploads\/2024\/09\/Franz-Ferdinand-2024-5-1.jpg?fit=1200%2C628&ssl=1\" \/>\n\t<meta property=\"og:image:width\" content=\"1200\" \/>\n\t<meta property=\"og:image:height\" content=\"628\" \/>\n\t<meta property=\"og:image:type\" content=\"image\/jpeg\" \/>\n<meta name=\"author\" content=\"zeromagazinemx\" \/>\n<meta name=\"twitter:card\" content=\"summary_large_image\" \/>\n<meta name=\"twitter:label1\" content=\"Escrito por\" \/>\n\t<meta name=\"twitter:data1\" content=\"zeromagazinemx\" \/>\n\t<meta name=\"twitter:label2\" content=\"Tiempo de lectura\" \/>\n\t<meta name=\"twitter:data2\" content=\"5 minutos\" \/>\n<script type=\"application\/ld+json\" class=\"yoast-schema-graph\">{\"@context\":\"https:\\\/\\\/schema.org\",\"@graph\":[{\"@type\":\"Article\",\"@id\":\"https:\\\/\\\/zeromagazine.mx\\\/index.php\\\/2024\\\/09\\\/25\\\/rockea-con-franz-en-cdmx\\\/#article\",\"isPartOf\":{\"@id\":\"https:\\\/\\\/zeromagazine.mx\\\/index.php\\\/2024\\\/09\\\/25\\\/rockea-con-franz-en-cdmx\\\/\"},\"author\":{\"name\":\"zeromagazinemx\",\"@id\":\"https:\\\/\\\/zeromagazine.mx\\\/#\\\/schema\\\/person\\\/9aed9f33a7c39af3a348b86d723f7773\"},\"headline\":\"\u00abRockea con Franz en CDMX\u00bb\",\"datePublished\":\"2024-09-25T17:48:29+00:00\",\"dateModified\":\"2024-09-25T17:54:43+00:00\",\"mainEntityOfPage\":{\"@id\":\"https:\\\/\\\/zeromagazine.mx\\\/index.php\\\/2024\\\/09\\\/25\\\/rockea-con-franz-en-cdmx\\\/\"},\"wordCount\":1029,\"commentCount\":0,\"publisher\":{\"@id\":\"https:\\\/\\\/zeromagazine.mx\\\/#organization\"},\"image\":{\"@id\":\"https:\\\/\\\/zeromagazine.mx\\\/index.php\\\/2024\\\/09\\\/25\\\/rockea-con-franz-en-cdmx\\\/#primaryimage\"},\"thumbnailUrl\":\"https:\\\/\\\/i0.wp.com\\\/zeromagazine.mx\\\/wp-content\\\/uploads\\\/2024\\\/09\\\/Franz-Ferdinand-2024-5-1.jpg?fit=1200%2C628&ssl=1\",\"keywords\":[\"10 de octubre\",\"Franz Ferdinand\",\"Front\u00f3n M\u00e9xico\",\"side show\"],\"articleSection\":[\"Entretenimiento\"],\"inLanguage\":\"es\",\"potentialAction\":[{\"@type\":\"CommentAction\",\"name\":\"Comment\",\"target\":[\"https:\\\/\\\/zeromagazine.mx\\\/index.php\\\/2024\\\/09\\\/25\\\/rockea-con-franz-en-cdmx\\\/#respond\"]}]},{\"@type\":\"WebPage\",\"@id\":\"https:\\\/\\\/zeromagazine.mx\\\/index.php\\\/2024\\\/09\\\/25\\\/rockea-con-franz-en-cdmx\\\/\",\"url\":\"https:\\\/\\\/zeromagazine.mx\\\/index.php\\\/2024\\\/09\\\/25\\\/rockea-con-franz-en-cdmx\\\/\",\"name\":\"\\\"Rockea con Franz en CDMX\\\" - Zero Magazine\",\"isPartOf\":{\"@id\":\"https:\\\/\\\/zeromagazine.mx\\\/#website\"},\"primaryImageOfPage\":{\"@id\":\"https:\\\/\\\/zeromagazine.mx\\\/index.php\\\/2024\\\/09\\\/25\\\/rockea-con-franz-en-cdmx\\\/#primaryimage\"},\"image\":{\"@id\":\"https:\\\/\\\/zeromagazine.mx\\\/index.php\\\/2024\\\/09\\\/25\\\/rockea-con-franz-en-cdmx\\\/#primaryimage\"},\"thumbnailUrl\":\"https:\\\/\\\/i0.wp.com\\\/zeromagazine.mx\\\/wp-content\\\/uploads\\\/2024\\\/09\\\/Franz-Ferdinand-2024-5-1.jpg?fit=1200%2C628&ssl=1\",\"datePublished\":\"2024-09-25T17:48:29+00:00\",\"dateModified\":\"2024-09-25T17:54:43+00:00\",\"breadcrumb\":{\"@id\":\"https:\\\/\\\/zeromagazine.mx\\\/index.php\\\/2024\\\/09\\\/25\\\/rockea-con-franz-en-cdmx\\\/#breadcrumb\"},\"inLanguage\":\"es\",\"potentialAction\":[{\"@type\":\"ReadAction\",\"target\":[\"https:\\\/\\\/zeromagazine.mx\\\/index.php\\\/2024\\\/09\\\/25\\\/rockea-con-franz-en-cdmx\\\/\"]}]},{\"@type\":\"ImageObject\",\"inLanguage\":\"es\",\"@id\":\"https:\\\/\\\/zeromagazine.mx\\\/index.php\\\/2024\\\/09\\\/25\\\/rockea-con-franz-en-cdmx\\\/#primaryimage\",\"url\":\"https:\\\/\\\/i0.wp.com\\\/zeromagazine.mx\\\/wp-content\\\/uploads\\\/2024\\\/09\\\/Franz-Ferdinand-2024-5-1.jpg?fit=1200%2C628&ssl=1\",\"contentUrl\":\"https:\\\/\\\/i0.wp.com\\\/zeromagazine.mx\\\/wp-content\\\/uploads\\\/2024\\\/09\\\/Franz-Ferdinand-2024-5-1.jpg?fit=1200%2C628&ssl=1\",\"width\":1200,\"height\":628},{\"@type\":\"BreadcrumbList\",\"@id\":\"https:\\\/\\\/zeromagazine.mx\\\/index.php\\\/2024\\\/09\\\/25\\\/rockea-con-franz-en-cdmx\\\/#breadcrumb\",\"itemListElement\":[{\"@type\":\"ListItem\",\"position\":1,\"name\":\"Portada\",\"item\":\"https:\\\/\\\/zeromagazine.mx\\\/\"},{\"@type\":\"ListItem\",\"position\":2,\"name\":\"\u00abRockea con Franz en CDMX\u00bb\"}]},{\"@type\":\"WebSite\",\"@id\":\"https:\\\/\\\/zeromagazine.mx\\\/#website\",\"url\":\"https:\\\/\\\/zeromagazine.mx\\\/\",\"name\":\"Zero Magazine\",\"description\":\"\",\"publisher\":{\"@id\":\"https:\\\/\\\/zeromagazine.mx\\\/#organization\"},\"potentialAction\":[{\"@type\":\"SearchAction\",\"target\":{\"@type\":\"EntryPoint\",\"urlTemplate\":\"https:\\\/\\\/zeromagazine.mx\\\/?s={search_term_string}\"},\"query-input\":{\"@type\":\"PropertyValueSpecification\",\"valueRequired\":true,\"valueName\":\"search_term_string\"}}],\"inLanguage\":\"es\"},{\"@type\":\"Organization\",\"@id\":\"https:\\\/\\\/zeromagazine.mx\\\/#organization\",\"name\":\"Zero Magazine\",\"url\":\"https:\\\/\\\/zeromagazine.mx\\\/\",\"logo\":{\"@type\":\"ImageObject\",\"inLanguage\":\"es\",\"@id\":\"https:\\\/\\\/zeromagazine.mx\\\/#\\\/schema\\\/logo\\\/image\\\/\",\"url\":\"https:\\\/\\\/i0.wp.com\\\/zeromagazine.mx\\\/wp-content\\\/uploads\\\/2025\\\/11\\\/1.jpeg?fit=1000%2C1000&ssl=1\",\"contentUrl\":\"https:\\\/\\\/i0.wp.com\\\/zeromagazine.mx\\\/wp-content\\\/uploads\\\/2025\\\/11\\\/1.jpeg?fit=1000%2C1000&ssl=1\",\"width\":1000,\"height\":1000,\"caption\":\"Zero Magazine\"},\"image\":{\"@id\":\"https:\\\/\\\/zeromagazine.mx\\\/#\\\/schema\\\/logo\\\/image\\\/\"},\"sameAs\":[\"https:\\\/\\\/instagram.com\\\/zeromagazinemx\"]},{\"@type\":\"Person\",\"@id\":\"https:\\\/\\\/zeromagazine.mx\\\/#\\\/schema\\\/person\\\/9aed9f33a7c39af3a348b86d723f7773\",\"name\":\"zeromagazinemx\",\"image\":{\"@type\":\"ImageObject\",\"inLanguage\":\"es\",\"@id\":\"https:\\\/\\\/zeromagazine.mx\\\/wp-content\\\/litespeed\\\/avatar\\\/f91dfe5410d5dcb1a576bf8c45983896.jpg?ver=1776966396\",\"url\":\"https:\\\/\\\/zeromagazine.mx\\\/wp-content\\\/litespeed\\\/avatar\\\/f91dfe5410d5dcb1a576bf8c45983896.jpg?ver=1776966396\",\"contentUrl\":\"https:\\\/\\\/zeromagazine.mx\\\/wp-content\\\/litespeed\\\/avatar\\\/f91dfe5410d5dcb1a576bf8c45983896.jpg?ver=1776966396\",\"caption\":\"zeromagazinemx\"},\"url\":\"https:\\\/\\\/zeromagazine.mx\\\/index.php\\\/author\\\/zeromagazinemx\\\/\"}]}<\/script>\n<!-- \/ Yoast SEO plugin. -->","yoast_head_json":{"title":"\"Rockea con Franz en CDMX\" - Zero Magazine","robots":{"index":"index","follow":"follow","max-snippet":"max-snippet:-1","max-image-preview":"max-image-preview:large","max-video-preview":"max-video-preview:-1"},"canonical":"https:\/\/zeromagazine.mx\/index.php\/2024\/09\/25\/rockea-con-franz-en-cdmx\/","og_locale":"es_ES","og_type":"article","og_title":"\"Rockea con Franz en CDMX\" - Zero Magazine","og_description":"La cuenta regresiva ha comenzado y la emoci\u00f3n est\u00e1 en el aire porque Franz Ferdinand, la ic\u00f3nica banda escocesa, est\u00e1 a punto de rockear Quer\u00e9taro en el Festival Pulso GNP. Pero antes de eso, tienen una sorpresa especial para todos los fans en la Ciudad de M\u00e9xico que no querr\u00e1n perderse. Una Noche \u00danica en [&hellip;]","og_url":"https:\/\/zeromagazine.mx\/index.php\/2024\/09\/25\/rockea-con-franz-en-cdmx\/","og_site_name":"Zero Magazine","article_published_time":"2024-09-25T17:48:29+00:00","article_modified_time":"2024-09-25T17:54:43+00:00","og_image":[{"width":1200,"height":628,"url":"https:\/\/i0.wp.com\/zeromagazine.mx\/wp-content\/uploads\/2024\/09\/Franz-Ferdinand-2024-5-1.jpg?fit=1200%2C628&ssl=1","type":"image\/jpeg"}],"author":"zeromagazinemx","twitter_card":"summary_large_image","twitter_misc":{"Escrito por":"zeromagazinemx","Tiempo de lectura":"5 minutos"},"schema":{"@context":"https:\/\/schema.org","@graph":[{"@type":"Article","@id":"https:\/\/zeromagazine.mx\/index.php\/2024\/09\/25\/rockea-con-franz-en-cdmx\/#article","isPartOf":{"@id":"https:\/\/zeromagazine.mx\/index.php\/2024\/09\/25\/rockea-con-franz-en-cdmx\/"},"author":{"name":"zeromagazinemx","@id":"https:\/\/zeromagazine.mx\/#\/schema\/person\/9aed9f33a7c39af3a348b86d723f7773"},"headline":"\u00abRockea con Franz en CDMX\u00bb","datePublished":"2024-09-25T17:48:29+00:00","dateModified":"2024-09-25T17:54:43+00:00","mainEntityOfPage":{"@id":"https:\/\/zeromagazine.mx\/index.php\/2024\/09\/25\/rockea-con-franz-en-cdmx\/"},"wordCount":1029,"commentCount":0,"publisher":{"@id":"https:\/\/zeromagazine.mx\/#organization"},"image":{"@id":"https:\/\/zeromagazine.mx\/index.php\/2024\/09\/25\/rockea-con-franz-en-cdmx\/#primaryimage"},"thumbnailUrl":"https:\/\/i0.wp.com\/zeromagazine.mx\/wp-content\/uploads\/2024\/09\/Franz-Ferdinand-2024-5-1.jpg?fit=1200%2C628&ssl=1","keywords":["10 de octubre","Franz Ferdinand","Front\u00f3n M\u00e9xico","side show"],"articleSection":["Entretenimiento"],"inLanguage":"es","potentialAction":[{"@type":"CommentAction","name":"Comment","target":["https:\/\/zeromagazine.mx\/index.php\/2024\/09\/25\/rockea-con-franz-en-cdmx\/#respond"]}]},{"@type":"WebPage","@id":"https:\/\/zeromagazine.mx\/index.php\/2024\/09\/25\/rockea-con-franz-en-cdmx\/","url":"https:\/\/zeromagazine.mx\/index.php\/2024\/09\/25\/rockea-con-franz-en-cdmx\/","name":"\"Rockea con Franz en CDMX\" - Zero Magazine","isPartOf":{"@id":"https:\/\/zeromagazine.mx\/#website"},"primaryImageOfPage":{"@id":"https:\/\/zeromagazine.mx\/index.php\/2024\/09\/25\/rockea-con-franz-en-cdmx\/#primaryimage"},"image":{"@id":"https:\/\/zeromagazine.mx\/index.php\/2024\/09\/25\/rockea-con-franz-en-cdmx\/#primaryimage"},"thumbnailUrl":"https:\/\/i0.wp.com\/zeromagazine.mx\/wp-content\/uploads\/2024\/09\/Franz-Ferdinand-2024-5-1.jpg?fit=1200%2C628&ssl=1","datePublished":"2024-09-25T17:48:29+00:00","dateModified":"2024-09-25T17:54:43+00:00","breadcrumb":{"@id":"https:\/\/zeromagazine.mx\/index.php\/2024\/09\/25\/rockea-con-franz-en-cdmx\/#breadcrumb"},"inLanguage":"es","potentialAction":[{"@type":"ReadAction","target":["https:\/\/zeromagazine.mx\/index.php\/2024\/09\/25\/rockea-con-franz-en-cdmx\/"]}]},{"@type":"ImageObject","inLanguage":"es","@id":"https:\/\/zeromagazine.mx\/index.php\/2024\/09\/25\/rockea-con-franz-en-cdmx\/#primaryimage","url":"https:\/\/i0.wp.com\/zeromagazine.mx\/wp-content\/uploads\/2024\/09\/Franz-Ferdinand-2024-5-1.jpg?fit=1200%2C628&ssl=1","contentUrl":"https:\/\/i0.wp.com\/zeromagazine.mx\/wp-content\/uploads\/2024\/09\/Franz-Ferdinand-2024-5-1.jpg?fit=1200%2C628&ssl=1","width":1200,"height":628},{"@type":"BreadcrumbList","@id":"https:\/\/zeromagazine.mx\/index.php\/2024\/09\/25\/rockea-con-franz-en-cdmx\/#breadcrumb","itemListElement":[{"@type":"ListItem","position":1,"name":"Portada","item":"https:\/\/zeromagazine.mx\/"},{"@type":"ListItem","position":2,"name":"\u00abRockea con Franz en CDMX\u00bb"}]},{"@type":"WebSite","@id":"https:\/\/zeromagazine.mx\/#website","url":"https:\/\/zeromagazine.mx\/","name":"Zero Magazine","description":"","publisher":{"@id":"https:\/\/zeromagazine.mx\/#organization"},"potentialAction":[{"@type":"SearchAction","target":{"@type":"EntryPoint","urlTemplate":"https:\/\/zeromagazine.mx\/?s={search_term_string}"},"query-input":{"@type":"PropertyValueSpecification","valueRequired":true,"valueName":"search_term_string"}}],"inLanguage":"es"},{"@type":"Organization","@id":"https:\/\/zeromagazine.mx\/#organization","name":"Zero Magazine","url":"https:\/\/zeromagazine.mx\/","logo":{"@type":"ImageObject","inLanguage":"es","@id":"https:\/\/zeromagazine.mx\/#\/schema\/logo\/image\/","url":"https:\/\/i0.wp.com\/zeromagazine.mx\/wp-content\/uploads\/2025\/11\/1.jpeg?fit=1000%2C1000&ssl=1","contentUrl":"https:\/\/i0.wp.com\/zeromagazine.mx\/wp-content\/uploads\/2025\/11\/1.jpeg?fit=1000%2C1000&ssl=1","width":1000,"height":1000,"caption":"Zero Magazine"},"image":{"@id":"https:\/\/zeromagazine.mx\/#\/schema\/logo\/image\/"},"sameAs":["https:\/\/instagram.com\/zeromagazinemx"]},{"@type":"Person","@id":"https:\/\/zeromagazine.mx\/#\/schema\/person\/9aed9f33a7c39af3a348b86d723f7773","name":"zeromagazinemx","image":{"@type":"ImageObject","inLanguage":"es","@id":"https:\/\/zeromagazine.mx\/wp-content\/litespeed\/avatar\/f91dfe5410d5dcb1a576bf8c45983896.jpg?ver=1776966396","url":"https:\/\/zeromagazine.mx\/wp-content\/litespeed\/avatar\/f91dfe5410d5dcb1a576bf8c45983896.jpg?ver=1776966396","contentUrl":"https:\/\/zeromagazine.mx\/wp-content\/litespeed\/avatar\/f91dfe5410d5dcb1a576bf8c45983896.jpg?ver=1776966396","caption":"zeromagazinemx"},"url":"https:\/\/zeromagazine.mx\/index.php\/author\/zeromagazinemx\/"}]}},"jetpack_publicize_connections":[],"jetpack_featured_media_url":"https:\/\/i0.wp.com\/zeromagazine.mx\/wp-content\/uploads\/2024\/09\/Franz-Ferdinand-2024-5-1.jpg?fit=1200%2C628&ssl=1","jetpack-related-posts":[{"id":75773,"url":"https:\/\/zeromagazine.mx\/index.php\/2024\/05\/09\/preparate-para-el-pulso-gnp-2024\/","url_meta":{"origin":84548,"position":0},"title":"\u00a1Prep\u00e1rate para el Pulso GNP 2024!","author":"zeromagazinemx","date":"9 de mayo de 2024","format":false,"excerpt":"El Pulso GNP est\u00e1 de regreso, y esta vez promete ser una experiencia inolvidable que nos dejar\u00e1 boquiabiertos. Prep\u00e1rense, amix, porque el 12 de octubre el Aut\u00f3dromo de Quer\u00e9taro ser\u00e1 el epicentro de la emoci\u00f3n y la buena m\u00fasica. Primero que nada, \u00a1imag\u00ednense! Un d\u00eda entero dedicado a la m\u00fasica,\u2026","rel":"","context":"En \u00abEntretenimiento\u00bb","block_context":{"text":"Entretenimiento","link":"https:\/\/zeromagazine.mx\/index.php\/category\/entretenimiento\/"},"img":{"alt_text":"","src":"https:\/\/i0.wp.com\/zeromagazine.mx\/wp-content\/uploads\/2024\/05\/Pulso-GNP-2024-3.jpg?fit=1200%2C628&ssl=1&resize=350%2C200","width":350,"height":200,"srcset":"https:\/\/i0.wp.com\/zeromagazine.mx\/wp-content\/uploads\/2024\/05\/Pulso-GNP-2024-3.jpg?fit=1200%2C628&ssl=1&resize=350%2C200 1x, https:\/\/i0.wp.com\/zeromagazine.mx\/wp-content\/uploads\/2024\/05\/Pulso-GNP-2024-3.jpg?fit=1200%2C628&ssl=1&resize=525%2C300 1.5x, https:\/\/i0.wp.com\/zeromagazine.mx\/wp-content\/uploads\/2024\/05\/Pulso-GNP-2024-3.jpg?fit=1200%2C628&ssl=1&resize=700%2C400 2x, https:\/\/i0.wp.com\/zeromagazine.mx\/wp-content\/uploads\/2024\/05\/Pulso-GNP-2024-3.jpg?fit=1200%2C628&ssl=1&resize=1050%2C600 3x"},"classes":[]},{"id":94929,"url":"https:\/\/zeromagazine.mx\/index.php\/2025\/01\/16\/sentidos-opuestos-el-regreso-esperado\/","url_meta":{"origin":84548,"position":1},"title":"Sentidos Opuestos: El Regreso Esperado","author":"zeromagazinemx","date":"16 de enero de 2025","format":false,"excerpt":"\u00a1Sentidos Opuestos y Mercurio: La Nostalgia Vive! \u00bfTe imaginas una noche donde la m\u00fasica de los 90s se apodere de la ciudad? Pues, ya est\u00e1 confirmada: el pr\u00f3ximo 7 de febrero de 2025, los ic\u00f3nicos\u00a0Sentidos Opuestos\u00a0se presentar\u00e1n en el Front\u00f3n Bucareli de la Ciudad de M\u00e9xico, acompa\u00f1ados de nada menos\u2026","rel":"","context":"En \u00abEntretenimiento\u00bb","block_context":{"text":"Entretenimiento","link":"https:\/\/zeromagazine.mx\/index.php\/category\/entretenimiento\/"},"img":{"alt_text":"","src":"https:\/\/i0.wp.com\/zeromagazine.mx\/wp-content\/uploads\/2025\/01\/SENTIDOS-OPUESTOS-FOTO2.jpg?fit=1200%2C675&ssl=1&resize=350%2C200","width":350,"height":200,"srcset":"https:\/\/i0.wp.com\/zeromagazine.mx\/wp-content\/uploads\/2025\/01\/SENTIDOS-OPUESTOS-FOTO2.jpg?fit=1200%2C675&ssl=1&resize=350%2C200 1x, https:\/\/i0.wp.com\/zeromagazine.mx\/wp-content\/uploads\/2025\/01\/SENTIDOS-OPUESTOS-FOTO2.jpg?fit=1200%2C675&ssl=1&resize=525%2C300 1.5x, https:\/\/i0.wp.com\/zeromagazine.mx\/wp-content\/uploads\/2025\/01\/SENTIDOS-OPUESTOS-FOTO2.jpg?fit=1200%2C675&ssl=1&resize=700%2C400 2x, https:\/\/i0.wp.com\/zeromagazine.mx\/wp-content\/uploads\/2025\/01\/SENTIDOS-OPUESTOS-FOTO2.jpg?fit=1200%2C675&ssl=1&resize=1050%2C600 3x"},"classes":[]},{"id":55315,"url":"https:\/\/zeromagazine.mx\/index.php\/2021\/10\/01\/san-miguel-de-allende-brinda-el-mayor-evento-hipico-de-mexico\/","url_meta":{"origin":84548,"position":2},"title":"SAN MIGUEL DE ALLENDE BRINDA EL MAYOR EVENTO H\u00cdPICO DE M\u00c9XICO","author":"zeromagazinemx","date":"1 de octubre de 2021","format":false,"excerpt":"Si tienes amor por los eventos h\u00edpicos y por la hermosa ciudad, San Miguel de Allende, GNP Major League Jumping Show te brindara una de las mejores experiencias en los eventos de salto en el Club H\u00edpico Otom\u00ed del 28 al 31 de octubre y del 4 al 7 de\u2026","rel":"","context":"En \u00abEntretenimiento\u00bb","block_context":{"text":"Entretenimiento","link":"https:\/\/zeromagazine.mx\/index.php\/category\/entretenimiento\/"},"img":{"alt_text":"","src":"https:\/\/i0.wp.com\/zeromagazinemx.wpcomstaging.com\/wp-content\/uploads\/2022\/02\/32c65-unnamed-4-5.jpg?resize=350%2C200&ssl=1","width":350,"height":200,"srcset":"https:\/\/i0.wp.com\/zeromagazinemx.wpcomstaging.com\/wp-content\/uploads\/2022\/02\/32c65-unnamed-4-5.jpg?resize=350%2C200&ssl=1 1x, https:\/\/i0.wp.com\/zeromagazinemx.wpcomstaging.com\/wp-content\/uploads\/2022\/02\/32c65-unnamed-4-5.jpg?resize=525%2C300&ssl=1 1.5x, https:\/\/i0.wp.com\/zeromagazinemx.wpcomstaging.com\/wp-content\/uploads\/2022\/02\/32c65-unnamed-4-5.jpg?resize=700%2C400&ssl=1 2x"},"classes":[]},{"id":89513,"url":"https:\/\/zeromagazine.mx\/index.php\/2024\/11\/06\/morat-anuncia-tercera-fecha-en-cdmx\/","url_meta":{"origin":84548,"position":3},"title":"Morat Anuncia Tercera Fecha en CDMX","author":"zeromagazinemx","date":"6 de noviembre de 2024","format":false,"excerpt":"\u00a1Chicxs, Morat lo vuelve a hacer, y ahora con un bombazo que tiene a todos sus fans a mil por hora! La banda colombiana sigue arrasando, y para hacerla a\u00fan m\u00e1s \u00e9pica, acaba de anunciar una tercera fecha en el Estadio GNP Seguros de la Ciudad de M\u00e9xico. Y no,\u2026","rel":"","context":"En \u00abEntretenimiento\u00bb","block_context":{"text":"Entretenimiento","link":"https:\/\/zeromagazine.mx\/index.php\/category\/entretenimiento\/"},"img":{"alt_text":"","src":"https:\/\/i0.wp.com\/zeromagazine.mx\/wp-content\/uploads\/2024\/11\/MORAT-060523_213532_-Santiago-Covarrubias-scaled.jpg?fit=1200%2C800&ssl=1&resize=350%2C200","width":350,"height":200,"srcset":"https:\/\/i0.wp.com\/zeromagazine.mx\/wp-content\/uploads\/2024\/11\/MORAT-060523_213532_-Santiago-Covarrubias-scaled.jpg?fit=1200%2C800&ssl=1&resize=350%2C200 1x, https:\/\/i0.wp.com\/zeromagazine.mx\/wp-content\/uploads\/2024\/11\/MORAT-060523_213532_-Santiago-Covarrubias-scaled.jpg?fit=1200%2C800&ssl=1&resize=525%2C300 1.5x, https:\/\/i0.wp.com\/zeromagazine.mx\/wp-content\/uploads\/2024\/11\/MORAT-060523_213532_-Santiago-Covarrubias-scaled.jpg?fit=1200%2C800&ssl=1&resize=700%2C400 2x, https:\/\/i0.wp.com\/zeromagazine.mx\/wp-content\/uploads\/2024\/11\/MORAT-060523_213532_-Santiago-Covarrubias-scaled.jpg?fit=1200%2C800&ssl=1&resize=1050%2C600 3x"},"classes":[]},{"id":86388,"url":"https:\/\/zeromagazine.mx\/index.php\/2024\/10\/12\/revive-tu-nostalgia-en-guadalajara\/","url_meta":{"origin":84548,"position":4},"title":"\u00abRevive Tu Nostalgia en Guadalajara\u00bb","author":"zeromagazinemx","date":"12 de octubre de 2024","format":false,"excerpt":"\u00a1Ey, amigos! Prep\u00e1rense porque el evento m\u00e1s esperado del a\u00f1o est\u00e1 a la vuelta de la esquina. El 7 de diciembre, Guadalajara se va a llenar de vibra retro con el\u00a0Remind GNP Guadalajara 2024. \u00a1As\u00ed que saca tu walkman, tu mejor outfit noventero y prep\u00e1rate para un d\u00eda de pura\u2026","rel":"","context":"En \u00abEntretenimiento\u00bb","block_context":{"text":"Entretenimiento","link":"https:\/\/zeromagazine.mx\/index.php\/category\/entretenimiento\/"},"img":{"alt_text":"","src":"https:\/\/i0.wp.com\/zeromagazine.mx\/wp-content\/uploads\/2024\/10\/0214-REMIND-GNP-2024-CDMX-1-scaled.jpg?fit=1200%2C800&ssl=1&resize=350%2C200","width":350,"height":200,"srcset":"https:\/\/i0.wp.com\/zeromagazine.mx\/wp-content\/uploads\/2024\/10\/0214-REMIND-GNP-2024-CDMX-1-scaled.jpg?fit=1200%2C800&ssl=1&resize=350%2C200 1x, https:\/\/i0.wp.com\/zeromagazine.mx\/wp-content\/uploads\/2024\/10\/0214-REMIND-GNP-2024-CDMX-1-scaled.jpg?fit=1200%2C800&ssl=1&resize=525%2C300 1.5x, https:\/\/i0.wp.com\/zeromagazine.mx\/wp-content\/uploads\/2024\/10\/0214-REMIND-GNP-2024-CDMX-1-scaled.jpg?fit=1200%2C800&ssl=1&resize=700%2C400 2x, https:\/\/i0.wp.com\/zeromagazine.mx\/wp-content\/uploads\/2024\/10\/0214-REMIND-GNP-2024-CDMX-1-scaled.jpg?fit=1200%2C800&ssl=1&resize=1050%2C600 3x"},"classes":[]},{"id":92068,"url":"https:\/\/zeromagazine.mx\/index.php\/2024\/12\/02\/bose-regresa-con-todo-bro\/","url_meta":{"origin":84548,"position":5},"title":"\u00abBos\u00e9 Regresa con Todo, Bro!\u00bb","author":"zeromagazinemx","date":"2 de diciembre de 2024","format":false,"excerpt":"\u00a1Ya lleg\u00f3, ya est\u00e1 aqu\u00ed! Miguel Bos\u00e9 vuelve con todo el\u00a0drama, la elegancia y los vibes que lo han hecho un \u00edcono durante casi 50 a\u00f1os de carrera. Este 2025, el \"Importante Tour\" marca su gran regreso a los escenarios despu\u00e9s de siete a\u00f1os de pausa, y no podemos m\u00e1s\u2026","rel":"","context":"En \u00abEntretenimiento\u00bb","block_context":{"text":"Entretenimiento","link":"https:\/\/zeromagazine.mx\/index.php\/category\/entretenimiento\/"},"img":{"alt_text":"","src":"https:\/\/i0.wp.com\/zeromagazine.mx\/wp-content\/uploads\/2024\/12\/F07_MIguel-Bose_2816-scaled.jpg?fit=818%2C1200&ssl=1&resize=350%2C200","width":350,"height":200,"srcset":"https:\/\/i0.wp.com\/zeromagazine.mx\/wp-content\/uploads\/2024\/12\/F07_MIguel-Bose_2816-scaled.jpg?fit=818%2C1200&ssl=1&resize=350%2C200 1x, https:\/\/i0.wp.com\/zeromagazine.mx\/wp-content\/uploads\/2024\/12\/F07_MIguel-Bose_2816-scaled.jpg?fit=818%2C1200&ssl=1&resize=525%2C300 1.5x, https:\/\/i0.wp.com\/zeromagazine.mx\/wp-content\/uploads\/2024\/12\/F07_MIguel-Bose_2816-scaled.jpg?fit=818%2C1200&ssl=1&resize=700%2C400 2x"},"classes":[]}],"jetpack_sharing_enabled":true,"builder_content":"","_links":{"self":[{"href":"https:\/\/zeromagazine.mx\/index.php\/wp-json\/wp\/v2\/posts\/84548","targetHints":{"allow":["GET"]}}],"collection":[{"href":"https:\/\/zeromagazine.mx\/index.php\/wp-json\/wp\/v2\/posts"}],"about":[{"href":"https:\/\/zeromagazine.mx\/index.php\/wp-json\/wp\/v2\/types\/post"}],"author":[{"embeddable":true,"href":"https:\/\/zeromagazine.mx\/index.php\/wp-json\/wp\/v2\/users\/2"}],"replies":[{"embeddable":true,"href":"https:\/\/zeromagazine.mx\/index.php\/wp-json\/wp\/v2\/comments?post=84548"}],"version-history":[{"count":5,"href":"https:\/\/zeromagazine.mx\/index.php\/wp-json\/wp\/v2\/posts\/84548\/revisions"}],"predecessor-version":[{"id":84560,"href":"https:\/\/zeromagazine.mx\/index.php\/wp-json\/wp\/v2\/posts\/84548\/revisions\/84560"}],"wp:featuredmedia":[{"embeddable":true,"href":"https:\/\/zeromagazine.mx\/index.php\/wp-json\/wp\/v2\/media\/84550"}],"wp:attachment":[{"href":"https:\/\/zeromagazine.mx\/index.php\/wp-json\/wp\/v2\/media?parent=84548"}],"wp:term":[{"taxonomy":"category","embeddable":true,"href":"https:\/\/zeromagazine.mx\/index.php\/wp-json\/wp\/v2\/categories?post=84548"},{"taxonomy":"post_tag","embeddable":true,"href":"https:\/\/zeromagazine.mx\/index.php\/wp-json\/wp\/v2\/tags?post=84548"}],"curies":[{"name":"wp","href":"https:\/\/api.w.org\/{rel}","templated":true}]}}