{"id":84561,"date":"2024-09-25T20:18:23","date_gmt":"2024-09-25T18:18:23","guid":{"rendered":"https:\/\/zeromagazine.mx\/?p=84561"},"modified":"2024-09-25T20:25:54","modified_gmt":"2024-09-25T18:25:54","slug":"culture-business-pride-vibes-inclusivos","status":"publish","type":"post","link":"https:\/\/zeromagazine.mx\/index.php\/2024\/09\/25\/culture-business-pride-vibes-inclusivos\/","title":{"rendered":"\u00abCulture &amp; Business Pride: Vibes Inclusivos\u00bb"},"content":{"rendered":"<p>\u00a1Holaa a todes! \u00bfListxs para vivir una experiencia \u00fanica que celebra la diversidad, la inclusi\u00f3n y el arte? El <strong>Culture &amp; Business Pride <\/strong>est\u00e1 de regreso, y esta vez viene m\u00e1s fuerte que nunca. Imagina un festival que no solo se centra en los derechos del colectivo <strong>LGTBIQ+<\/strong>, sino que tambi\u00e9n lo hace desde dos islas hermosas y llenas de vida: Gran Canaria y Tenerife. Del <strong>3 <\/strong>al <strong>7 de diciembre<\/strong> de 2024, estas dos capitales canarias se convertir\u00e1n en el epicentro de la cultura y la defensa de los derechos humanos, creando un espacio donde todos podemos sentirnos bienvenidos y celebrados.<\/p>\n\n\n\n<p><strong>Dos Islas, Un Solo Orgullo<\/strong><\/p>\n\n\n\n<p>Por primera vez en la historia del festival, <strong>Gran Canaria<\/strong> se une a <strong>Tenerife <\/strong>para ofrecer una experiencia a lo grande. La idea es que ambas islas funcionen en sinergia, trayendo un men\u00fa cultural riqu\u00edsimo. Desde conferencias que abordan temas super relevantes hasta fiestas que van a hacer que todes queramos bailar hasta el amanecer. Todo esto bajo el lema <em><strong>\u00abAnother way of Loving, another way of Pride,\u00bb<\/strong><\/em> que resume perfectamente la esencia del festival: ser inclusivos y celebrar cada identidad.<\/p>\n\n\n\n<script async src=\"https:\/\/pagead2.googlesyndication.com\/pagead\/js\/adsbygoogle.js?client=ca-pub-5499304793904745\"\n     crossorigin=\"anonymous\"><\/script>\n<ins class=\"adsbygoogle\"\n     style=\"display:block; text-align:center;\"\n     data-ad-layout=\"in-article\"\n     data-ad-format=\"fluid\"\n     data-ad-client=\"ca-pub-5499304793904745\"\n     data-ad-slot=\"5994863093\"><\/ins>\n<script>\n     (adsbygoogle = window.adsbygoogle || []).push({});\n<\/script>\n\n\n\n<p><\/p>\n\n\n\n<p>Este evento no es solo para el colectivo <strong>LGTBIQ+<\/strong>, sino que es 100% accesible y <strong>heterofriendly<\/strong>, lo que significa que todes, sin importar su identidad o preferencias, est\u00e1n invitados a participar. Y si has asistido a ediciones anteriores, sabes que el ambiente es puro amor y respeto. En <strong>2024<\/strong>, se espera que el festival atraiga a m\u00e1s de <em><strong>100,000 asistentes<\/strong><\/em>, algo que ya lo ha consolidado como un referente internacional en temas de inclusi\u00f3n y visibilidad.<\/p>\n\n\n\n<p><strong>Keane y Mika en el Escenario<\/strong><\/p>\n\n\n\n<p>Uno de los puntos m\u00e1s esperados del festival es el <strong>Concierto por los Derechos Humanos<\/strong>. Y adivina qu\u00e9: ya est\u00e1n confirmados dos artistas que van a hacer que este evento sea inolvidable. <strong><em>Keane<\/em> y <em>Mika<\/em><\/strong> son los nombres que van a encabezar el cartel, y su m\u00fasica va a sonar en ambas islas.<\/p>\n\n\n\n<script async src=\"https:\/\/pagead2.googlesyndication.com\/pagead\/js\/adsbygoogle.js?client=ca-pub-5499304793904745\"\n     crossorigin=\"anonymous\"><\/script>\n<ins class=\"adsbygoogle\"\n     style=\"display:block; text-align:center;\"\n     data-ad-layout=\"in-article\"\n     data-ad-format=\"fluid\"\n     data-ad-client=\"ca-pub-5499304793904745\"\n     data-ad-slot=\"5994863093\"><\/ins>\n<script>\n     (adsbygoogle = window.adsbygoogle || []).push({});\n<\/script>\n\n\n\n<p><\/p>\n\n\n\n<p><strong>Keane<\/strong>, una banda brit\u00e1nica ic\u00f3nica, llega a <strong>Canarias <\/strong>para ofrecer su \u00fanico concierto en <strong>Espa\u00f1a<\/strong>, lo que lo convierte en un evento mega exclusivo. Su disco <em>\u00ab<strong>Hopes and Fears\u00bb<\/strong><\/em>, que cumple <strong>20 a\u00f1os<\/strong>, va a ser el centro de atenci\u00f3n. Hits como \u00ab<strong>Somewhere Only We Know\u00bb<\/strong> y <strong>\u00abEverybody&#8217;s Changing\u00bb<\/strong> van a estar en el repertorio, aseg\u00farate de tener tu voz lista para cantar a todo pulm\u00f3n.<\/p>\n\n\n\n<script async src=\"https:\/\/pagead2.googlesyndication.com\/pagead\/js\/adsbygoogle.js?client=ca-pub-5499304793904745\"\r\n     crossorigin=\"anonymous\"><\/script>\r\n<ins class=\"adsbygoogle\"\r\n     style=\"display:block; text-align:center;\"\r\n     data-ad-layout=\"in-article\"\r\n     data-ad-format=\"fluid\"\r\n     data-ad-client=\"ca-pub-5499304793904745\"\r\n     data-ad-slot=\"5994863093\"><\/ins>\r\n<script>\r\n     (adsbygoogle = window.adsbygoogle || []).push({});\r\n<\/script>\n\n\n\n<p><\/p>\n\n\n\n<p>Por otro lado, <strong>Mika<\/strong>, conocido por su carisma y su energ\u00eda en el escenario, presentar\u00e1 su nuevo <strong>\u00e1lbum <\/strong><em><strong>\u00abQue ta t\u00eate fleurisse toujours\u00bb<\/strong><\/em>. Su estilo \u00fanico mezcla pop con influencias de diversos g\u00e9neros, y sin duda va a hacer vibrar a la audiencia. Con su hit \u00ab<strong>Grace Kelly<\/strong>\u00bb y una trayectoria llena de \u00e9xitos, Mika es un must para cualquier amante de la m\u00fasica. La combinaci\u00f3n de estos dos artistas promete ser un highlight que no querr\u00e1s perderte.<\/p>\n\n\n\n<p><strong>Un Festival que Se Expande<\/strong><\/p>\n\n\n\n<p>La inclusi\u00f3n de Gran Canaria como sede principal este a\u00f1o es un gran paso para el festival. Las dos islas, cada una con su propia cultura y tradiciones, se unir\u00e1n para ofrecer un programa repleto de actividades. Habr\u00e1 conferencias y mesas redondas con figuras clave en el activismo y los derechos humanos, adem\u00e1s de la <em>Gala Alan Turing LGTBIQ+ Awards<\/em>, donde se reconocer\u00e1 a aquellas personalidades y entidades que han hecho un trabajo incre\u00edble por la igualdad.<\/p>\n\n\n<div class=\"wp-block-image\">\n<figure class=\"aligncenter size-full\"><img data-recalc-dims=\"1\" decoding=\"async\" width=\"700\" height=\"875\" src=\"https:\/\/i0.wp.com\/zeromagazine.mx\/wp-content\/uploads\/2024\/09\/cpride024sep-3-3-1.jpg?resize=700%2C875\" alt=\"Culture &amp; Business Pride 2024: un festival en Gran Canaria y Tenerife que celebra la diversidad LGTBIQ+ con m\u00fasica, arte, y derechos humanos en un ambiente inclusivo.&quot;\" class=\"wp-image-84562\" srcset=\"https:\/\/i0.wp.com\/zeromagazine.mx\/wp-content\/uploads\/2024\/09\/cpride024sep-3-3-1.jpg?w=700&amp;ssl=1 700w, https:\/\/i0.wp.com\/zeromagazine.mx\/wp-content\/uploads\/2024\/09\/cpride024sep-3-3-1.jpg?resize=240%2C300&amp;ssl=1 240w\" sizes=\"(max-width: 700px) 100vw, 700px\" \/><\/figure>\n<\/div>\n\n\n<p>Una de las novedades de este a\u00f1o es la fiesta <em>La MaryXmas<\/em>, que traer\u00e1 un vibe navide\u00f1o al festival. As\u00ed que no solo habr\u00e1 m\u00fasica, sino que tambi\u00e9n podr\u00e1s disfrutar de una experiencia que mezcla la cultura navide\u00f1a con la celebraci\u00f3n de la diversidad. \u00a1Imag\u00ednate bailar con tus amigos mientras celebras todo lo que representa el Pride!<\/p>\n\n\n\n<p><strong>Espacio para el Di\u00e1logo y la Creatividad<\/strong><\/p>\n\n\n\n<p>Una de las cosas que hace que el <em><strong>Culture &amp; Business Pride<\/strong><\/em> sea tan especial es su compromiso con el di\u00e1logo y la visibilidad en m\u00faltiples disciplinas. Desde el cine y la tecnolog\u00eda hasta el arte y los negocios, el festival tiene algo para todos. Adem\u00e1s, al ser un evento internacional, se abrir\u00e1n oportunidades de networking que podr\u00edan llevar a colaboraciones incre\u00edbles entre artistas, empresarios y activistas.<\/p>\n\n\n\n<p>El festival tambi\u00e9n est\u00e1 dise\u00f1ado para ser un espacio donde la creatividad florezca. Con actividades que van desde exposiciones de arte hasta presentaciones cinematogr\u00e1ficas, hay un enfoque claro en mostrar la diversidad y la riqueza cultural del colectivo LGTBIQ+. Cada rinc\u00f3n del festival ser\u00e1 un recordatorio de que el amor y la aceptaci\u00f3n son lo que realmente importa.<\/p>\n\n\n\n<p><strong>Un Momento para Reflexionar<\/strong><\/p>\n\n\n\n<p>El <em><strong>Culture &amp; Business Pride<\/strong><\/em> no solo es una fiesta, sino tambi\u00e9n un momento para reflexionar sobre los desaf\u00edos que a\u00fan enfrentan las comunidades LGTBIQ+. A medida que celebramos, tambi\u00e9n debemos recordar que hay mucho trabajo por hacer en cuanto a derechos humanos y visibilidad. Este festival sirve como plataforma para abordar esos temas y alentar a todos a participar en la lucha por un mundo m\u00e1s justo.<\/p>\n\n\n\n<script async src=\"https:\/\/pagead2.googlesyndication.com\/pagead\/js\/adsbygoogle.js?client=ca-pub-5499304793904745\"\r\n     crossorigin=\"anonymous\"><\/script>\r\n<ins class=\"adsbygoogle\"\r\n     style=\"display:block; text-align:center;\"\r\n     data-ad-layout=\"in-article\"\r\n     data-ad-format=\"fluid\"\r\n     data-ad-client=\"ca-pub-5499304793904745\"\r\n     data-ad-slot=\"5994863093\"><\/ins>\r\n<script>\r\n     (adsbygoogle = window.adsbygoogle || []).push({});\r\n<\/script>\n\n\n\n<p><\/p>\n\n\n\n<p>Las islas canarias han sido hist\u00f3ricamente lugares de encuentro para diversas culturas, y este festival es la oportunidad perfecta para seguir construyendo puentes entre comunidades. La diversidad es lo que hace que la vida sea vibrante y emocionante, y el festival busca resaltarla en cada aspecto de su programaci\u00f3n.<\/p>\n\n\n\n<p><strong>Consejos para Asistir<\/strong><\/p>\n\n\n\n<p>Si planeas asistir al <strong>Culture &amp; Business Pride<\/strong>, te comparto algunos consejos para que aproveches al m\u00e1ximo la experiencia. Primero, aseg\u00farate de comprar tus entradas con anticipaci\u00f3n, porque eventos como este tienden a agotarse r\u00e1pido. Puedes encontrar las entradas en plataformas como <strong><em>Tomatickets<\/em> y <em>\u00daltima Entrada<\/em><\/strong>.<\/p>\n\n\n\n<p>Tambi\u00e9n te recomiendo planificar tu itinerario. Con tantas actividades, es f\u00e1cil perderse. Prioriza las conferencias que te interesen y no olvides dedicar tiempo a disfrutar de la m\u00fasica en vivo. Adem\u00e1s, \u00a1no te olvides de capturar esos momentos! El festival ser\u00e1 un lugar perfecto para tomar fotos incre\u00edbles que querr\u00e1s compartir con tus amigos en redes sociales.<\/p>\n\n\n\n<script async src=\"https:\/\/pagead2.googlesyndication.com\/pagead\/js\/adsbygoogle.js?client=ca-pub-5499304793904745\"\r\n     crossorigin=\"anonymous\"><\/script>\r\n<ins class=\"adsbygoogle\"\r\n     style=\"display:block; text-align:center;\"\r\n     data-ad-layout=\"in-article\"\r\n     data-ad-format=\"fluid\"\r\n     data-ad-client=\"ca-pub-5499304793904745\"\r\n     data-ad-slot=\"5994863093\"><\/ins>\r\n<script>\r\n     (adsbygoogle = window.adsbygoogle || []).push({});\r\n<\/script>\n\n\n\n<p><\/p>\n\n\n\n<p>Por \u00faltimo, mant\u00e9n una<strong> mente abierta<\/strong> y dispuesta a conocer gente nueva. Este <strong>festival <\/strong>es un espacio para conectar, aprender y crecer juntxs. As\u00ed que no dudes en acercarte a personas, compartir historias y celebrar la diversidad que nos une a todes.<\/p>\n\n<!--themify_builder_content-->\n<div id=\"themify_builder_content-84561\" data-postid=\"84561\" class=\"themify_builder_content themify_builder_content-84561 themify_builder tf_clear\">\n    <\/div>\n<!--\/themify_builder_content-->","protected":false},"excerpt":{"rendered":"<p>\u00a1Holaa a todes! \u00bfListxs para vivir una experiencia \u00fanica que celebra la diversidad, la inclusi\u00f3n y el arte? El Culture &amp; Business Pride est\u00e1 de regreso, y esta vez viene m\u00e1s fuerte que nunca. Imagina un festival que no solo se centra en los derechos del colectivo LGTBIQ+, sino que tambi\u00e9n lo hace desde dos [&hellip;]<\/p>\n","protected":false},"author":2,"featured_media":84562,"comment_status":"open","ping_status":"open","sticky":false,"template":"","format":"standard","meta":{"_jetpack_memberships_contains_paid_content":false,"footnotes":"","jetpack_publicize_message":"","jetpack_publicize_feature_enabled":true,"jetpack_social_post_already_shared":true,"jetpack_social_options":{"image_generator_settings":{"template":"highway","default_image_id":0,"font":"","enabled":false},"version":2}},"categories":[117],"tags":[10472,7014,10473,10474],"class_list":["post-84561","post","type-post","status-publish","format-standard","has-post-thumbnail","hentry","category-entretenimiento","tag-culture-business-pride","tag-festival","tag-keane-y-mika","tag-lgtbiq","has-post-title","has-post-date","has-post-category","has-post-tag","has-post-comment","has-post-author",""],"yoast_head":"<!-- This site is optimized with the Yoast SEO plugin v27.5 - https:\/\/yoast.com\/product\/yoast-seo-wordpress\/ -->\n<title>&quot;Culture &amp; Business Pride: Vibes Inclusivos&quot; - Zero Magazine<\/title>\n<meta name=\"robots\" content=\"index, follow, max-snippet:-1, max-image-preview:large, max-video-preview:-1\" \/>\n<link rel=\"canonical\" href=\"https:\/\/zeromagazine.mx\/index.php\/2024\/09\/25\/culture-business-pride-vibes-inclusivos\/\" \/>\n<meta property=\"og:locale\" content=\"es_ES\" \/>\n<meta property=\"og:type\" content=\"article\" \/>\n<meta property=\"og:title\" content=\"&quot;Culture &amp; Business Pride: Vibes Inclusivos&quot; - Zero Magazine\" \/>\n<meta property=\"og:description\" content=\"\u00a1Holaa a todes! \u00bfListxs para vivir una experiencia \u00fanica que celebra la diversidad, la inclusi\u00f3n y el arte? El Culture &amp; Business Pride est\u00e1 de regreso, y esta vez viene m\u00e1s fuerte que nunca. Imagina un festival que no solo se centra en los derechos del colectivo LGTBIQ+, sino que tambi\u00e9n lo hace desde dos [&hellip;]\" \/>\n<meta property=\"og:url\" content=\"https:\/\/zeromagazine.mx\/index.php\/2024\/09\/25\/culture-business-pride-vibes-inclusivos\/\" \/>\n<meta property=\"og:site_name\" content=\"Zero Magazine\" \/>\n<meta property=\"article:published_time\" content=\"2024-09-25T18:18:23+00:00\" \/>\n<meta property=\"article:modified_time\" content=\"2024-09-25T18:25:54+00:00\" \/>\n<meta property=\"og:image\" content=\"https:\/\/i0.wp.com\/zeromagazine.mx\/wp-content\/uploads\/2024\/09\/cpride024sep-3-3-1.jpg?fit=700%2C875&ssl=1\" \/>\n\t<meta property=\"og:image:width\" content=\"700\" \/>\n\t<meta property=\"og:image:height\" content=\"875\" \/>\n\t<meta property=\"og:image:type\" content=\"image\/jpeg\" \/>\n<meta name=\"author\" content=\"zeromagazinemx\" \/>\n<meta name=\"twitter:card\" content=\"summary_large_image\" \/>\n<meta name=\"twitter:label1\" content=\"Escrito por\" \/>\n\t<meta name=\"twitter:data1\" content=\"zeromagazinemx\" \/>\n\t<meta name=\"twitter:label2\" content=\"Tiempo de lectura\" \/>\n\t<meta name=\"twitter:data2\" content=\"5 minutos\" \/>\n<script type=\"application\/ld+json\" class=\"yoast-schema-graph\">{\"@context\":\"https:\\\/\\\/schema.org\",\"@graph\":[{\"@type\":\"Article\",\"@id\":\"https:\\\/\\\/zeromagazine.mx\\\/index.php\\\/2024\\\/09\\\/25\\\/culture-business-pride-vibes-inclusivos\\\/#article\",\"isPartOf\":{\"@id\":\"https:\\\/\\\/zeromagazine.mx\\\/index.php\\\/2024\\\/09\\\/25\\\/culture-business-pride-vibes-inclusivos\\\/\"},\"author\":{\"name\":\"zeromagazinemx\",\"@id\":\"https:\\\/\\\/zeromagazine.mx\\\/#\\\/schema\\\/person\\\/9aed9f33a7c39af3a348b86d723f7773\"},\"headline\":\"\u00abCulture &amp; Business Pride: Vibes Inclusivos\u00bb\",\"datePublished\":\"2024-09-25T18:18:23+00:00\",\"dateModified\":\"2024-09-25T18:25:54+00:00\",\"mainEntityOfPage\":{\"@id\":\"https:\\\/\\\/zeromagazine.mx\\\/index.php\\\/2024\\\/09\\\/25\\\/culture-business-pride-vibes-inclusivos\\\/\"},\"wordCount\":1075,\"commentCount\":0,\"publisher\":{\"@id\":\"https:\\\/\\\/zeromagazine.mx\\\/#organization\"},\"image\":{\"@id\":\"https:\\\/\\\/zeromagazine.mx\\\/index.php\\\/2024\\\/09\\\/25\\\/culture-business-pride-vibes-inclusivos\\\/#primaryimage\"},\"thumbnailUrl\":\"https:\\\/\\\/i0.wp.com\\\/zeromagazine.mx\\\/wp-content\\\/uploads\\\/2024\\\/09\\\/cpride024sep-3-3-1.jpg?fit=700%2C875&ssl=1\",\"keywords\":[\"Culture &amp; Business Pride\",\"Festival\",\"Keane y Mika\",\"LGTBIQ+\"],\"articleSection\":[\"Entretenimiento\"],\"inLanguage\":\"es\",\"potentialAction\":[{\"@type\":\"CommentAction\",\"name\":\"Comment\",\"target\":[\"https:\\\/\\\/zeromagazine.mx\\\/index.php\\\/2024\\\/09\\\/25\\\/culture-business-pride-vibes-inclusivos\\\/#respond\"]}]},{\"@type\":\"WebPage\",\"@id\":\"https:\\\/\\\/zeromagazine.mx\\\/index.php\\\/2024\\\/09\\\/25\\\/culture-business-pride-vibes-inclusivos\\\/\",\"url\":\"https:\\\/\\\/zeromagazine.mx\\\/index.php\\\/2024\\\/09\\\/25\\\/culture-business-pride-vibes-inclusivos\\\/\",\"name\":\"\\\"Culture &amp; Business Pride: Vibes Inclusivos\\\" - Zero Magazine\",\"isPartOf\":{\"@id\":\"https:\\\/\\\/zeromagazine.mx\\\/#website\"},\"primaryImageOfPage\":{\"@id\":\"https:\\\/\\\/zeromagazine.mx\\\/index.php\\\/2024\\\/09\\\/25\\\/culture-business-pride-vibes-inclusivos\\\/#primaryimage\"},\"image\":{\"@id\":\"https:\\\/\\\/zeromagazine.mx\\\/index.php\\\/2024\\\/09\\\/25\\\/culture-business-pride-vibes-inclusivos\\\/#primaryimage\"},\"thumbnailUrl\":\"https:\\\/\\\/i0.wp.com\\\/zeromagazine.mx\\\/wp-content\\\/uploads\\\/2024\\\/09\\\/cpride024sep-3-3-1.jpg?fit=700%2C875&ssl=1\",\"datePublished\":\"2024-09-25T18:18:23+00:00\",\"dateModified\":\"2024-09-25T18:25:54+00:00\",\"breadcrumb\":{\"@id\":\"https:\\\/\\\/zeromagazine.mx\\\/index.php\\\/2024\\\/09\\\/25\\\/culture-business-pride-vibes-inclusivos\\\/#breadcrumb\"},\"inLanguage\":\"es\",\"potentialAction\":[{\"@type\":\"ReadAction\",\"target\":[\"https:\\\/\\\/zeromagazine.mx\\\/index.php\\\/2024\\\/09\\\/25\\\/culture-business-pride-vibes-inclusivos\\\/\"]}]},{\"@type\":\"ImageObject\",\"inLanguage\":\"es\",\"@id\":\"https:\\\/\\\/zeromagazine.mx\\\/index.php\\\/2024\\\/09\\\/25\\\/culture-business-pride-vibes-inclusivos\\\/#primaryimage\",\"url\":\"https:\\\/\\\/i0.wp.com\\\/zeromagazine.mx\\\/wp-content\\\/uploads\\\/2024\\\/09\\\/cpride024sep-3-3-1.jpg?fit=700%2C875&ssl=1\",\"contentUrl\":\"https:\\\/\\\/i0.wp.com\\\/zeromagazine.mx\\\/wp-content\\\/uploads\\\/2024\\\/09\\\/cpride024sep-3-3-1.jpg?fit=700%2C875&ssl=1\",\"width\":700,\"height\":875},{\"@type\":\"BreadcrumbList\",\"@id\":\"https:\\\/\\\/zeromagazine.mx\\\/index.php\\\/2024\\\/09\\\/25\\\/culture-business-pride-vibes-inclusivos\\\/#breadcrumb\",\"itemListElement\":[{\"@type\":\"ListItem\",\"position\":1,\"name\":\"Portada\",\"item\":\"https:\\\/\\\/zeromagazine.mx\\\/\"},{\"@type\":\"ListItem\",\"position\":2,\"name\":\"\u00abCulture &amp; Business Pride: Vibes Inclusivos\u00bb\"}]},{\"@type\":\"WebSite\",\"@id\":\"https:\\\/\\\/zeromagazine.mx\\\/#website\",\"url\":\"https:\\\/\\\/zeromagazine.mx\\\/\",\"name\":\"Zero Magazine\",\"description\":\"\",\"publisher\":{\"@id\":\"https:\\\/\\\/zeromagazine.mx\\\/#organization\"},\"potentialAction\":[{\"@type\":\"SearchAction\",\"target\":{\"@type\":\"EntryPoint\",\"urlTemplate\":\"https:\\\/\\\/zeromagazine.mx\\\/?s={search_term_string}\"},\"query-input\":{\"@type\":\"PropertyValueSpecification\",\"valueRequired\":true,\"valueName\":\"search_term_string\"}}],\"inLanguage\":\"es\"},{\"@type\":\"Organization\",\"@id\":\"https:\\\/\\\/zeromagazine.mx\\\/#organization\",\"name\":\"Zero Magazine\",\"url\":\"https:\\\/\\\/zeromagazine.mx\\\/\",\"logo\":{\"@type\":\"ImageObject\",\"inLanguage\":\"es\",\"@id\":\"https:\\\/\\\/zeromagazine.mx\\\/#\\\/schema\\\/logo\\\/image\\\/\",\"url\":\"https:\\\/\\\/i0.wp.com\\\/zeromagazine.mx\\\/wp-content\\\/uploads\\\/2025\\\/11\\\/1.jpeg?fit=1000%2C1000&ssl=1\",\"contentUrl\":\"https:\\\/\\\/i0.wp.com\\\/zeromagazine.mx\\\/wp-content\\\/uploads\\\/2025\\\/11\\\/1.jpeg?fit=1000%2C1000&ssl=1\",\"width\":1000,\"height\":1000,\"caption\":\"Zero Magazine\"},\"image\":{\"@id\":\"https:\\\/\\\/zeromagazine.mx\\\/#\\\/schema\\\/logo\\\/image\\\/\"},\"sameAs\":[\"https:\\\/\\\/instagram.com\\\/zeromagazinemx\"]},{\"@type\":\"Person\",\"@id\":\"https:\\\/\\\/zeromagazine.mx\\\/#\\\/schema\\\/person\\\/9aed9f33a7c39af3a348b86d723f7773\",\"name\":\"zeromagazinemx\",\"image\":{\"@type\":\"ImageObject\",\"inLanguage\":\"es\",\"@id\":\"https:\\\/\\\/zeromagazine.mx\\\/wp-content\\\/litespeed\\\/avatar\\\/f91dfe5410d5dcb1a576bf8c45983896.jpg?ver=1776966396\",\"url\":\"https:\\\/\\\/zeromagazine.mx\\\/wp-content\\\/litespeed\\\/avatar\\\/f91dfe5410d5dcb1a576bf8c45983896.jpg?ver=1776966396\",\"contentUrl\":\"https:\\\/\\\/zeromagazine.mx\\\/wp-content\\\/litespeed\\\/avatar\\\/f91dfe5410d5dcb1a576bf8c45983896.jpg?ver=1776966396\",\"caption\":\"zeromagazinemx\"},\"url\":\"https:\\\/\\\/zeromagazine.mx\\\/index.php\\\/author\\\/zeromagazinemx\\\/\"}]}<\/script>\n<!-- \/ Yoast SEO plugin. -->","yoast_head_json":{"title":"\"Culture &amp; Business Pride: Vibes Inclusivos\" - Zero Magazine","robots":{"index":"index","follow":"follow","max-snippet":"max-snippet:-1","max-image-preview":"max-image-preview:large","max-video-preview":"max-video-preview:-1"},"canonical":"https:\/\/zeromagazine.mx\/index.php\/2024\/09\/25\/culture-business-pride-vibes-inclusivos\/","og_locale":"es_ES","og_type":"article","og_title":"\"Culture &amp; Business Pride: Vibes Inclusivos\" - Zero Magazine","og_description":"\u00a1Holaa a todes! \u00bfListxs para vivir una experiencia \u00fanica que celebra la diversidad, la inclusi\u00f3n y el arte? El Culture &amp; Business Pride est\u00e1 de regreso, y esta vez viene m\u00e1s fuerte que nunca. Imagina un festival que no solo se centra en los derechos del colectivo LGTBIQ+, sino que tambi\u00e9n lo hace desde dos [&hellip;]","og_url":"https:\/\/zeromagazine.mx\/index.php\/2024\/09\/25\/culture-business-pride-vibes-inclusivos\/","og_site_name":"Zero Magazine","article_published_time":"2024-09-25T18:18:23+00:00","article_modified_time":"2024-09-25T18:25:54+00:00","og_image":[{"width":700,"height":875,"url":"https:\/\/i0.wp.com\/zeromagazine.mx\/wp-content\/uploads\/2024\/09\/cpride024sep-3-3-1.jpg?fit=700%2C875&ssl=1","type":"image\/jpeg"}],"author":"zeromagazinemx","twitter_card":"summary_large_image","twitter_misc":{"Escrito por":"zeromagazinemx","Tiempo de lectura":"5 minutos"},"schema":{"@context":"https:\/\/schema.org","@graph":[{"@type":"Article","@id":"https:\/\/zeromagazine.mx\/index.php\/2024\/09\/25\/culture-business-pride-vibes-inclusivos\/#article","isPartOf":{"@id":"https:\/\/zeromagazine.mx\/index.php\/2024\/09\/25\/culture-business-pride-vibes-inclusivos\/"},"author":{"name":"zeromagazinemx","@id":"https:\/\/zeromagazine.mx\/#\/schema\/person\/9aed9f33a7c39af3a348b86d723f7773"},"headline":"\u00abCulture &amp; Business Pride: Vibes Inclusivos\u00bb","datePublished":"2024-09-25T18:18:23+00:00","dateModified":"2024-09-25T18:25:54+00:00","mainEntityOfPage":{"@id":"https:\/\/zeromagazine.mx\/index.php\/2024\/09\/25\/culture-business-pride-vibes-inclusivos\/"},"wordCount":1075,"commentCount":0,"publisher":{"@id":"https:\/\/zeromagazine.mx\/#organization"},"image":{"@id":"https:\/\/zeromagazine.mx\/index.php\/2024\/09\/25\/culture-business-pride-vibes-inclusivos\/#primaryimage"},"thumbnailUrl":"https:\/\/i0.wp.com\/zeromagazine.mx\/wp-content\/uploads\/2024\/09\/cpride024sep-3-3-1.jpg?fit=700%2C875&ssl=1","keywords":["Culture &amp; Business Pride","Festival","Keane y Mika","LGTBIQ+"],"articleSection":["Entretenimiento"],"inLanguage":"es","potentialAction":[{"@type":"CommentAction","name":"Comment","target":["https:\/\/zeromagazine.mx\/index.php\/2024\/09\/25\/culture-business-pride-vibes-inclusivos\/#respond"]}]},{"@type":"WebPage","@id":"https:\/\/zeromagazine.mx\/index.php\/2024\/09\/25\/culture-business-pride-vibes-inclusivos\/","url":"https:\/\/zeromagazine.mx\/index.php\/2024\/09\/25\/culture-business-pride-vibes-inclusivos\/","name":"\"Culture &amp; Business Pride: Vibes Inclusivos\" - Zero Magazine","isPartOf":{"@id":"https:\/\/zeromagazine.mx\/#website"},"primaryImageOfPage":{"@id":"https:\/\/zeromagazine.mx\/index.php\/2024\/09\/25\/culture-business-pride-vibes-inclusivos\/#primaryimage"},"image":{"@id":"https:\/\/zeromagazine.mx\/index.php\/2024\/09\/25\/culture-business-pride-vibes-inclusivos\/#primaryimage"},"thumbnailUrl":"https:\/\/i0.wp.com\/zeromagazine.mx\/wp-content\/uploads\/2024\/09\/cpride024sep-3-3-1.jpg?fit=700%2C875&ssl=1","datePublished":"2024-09-25T18:18:23+00:00","dateModified":"2024-09-25T18:25:54+00:00","breadcrumb":{"@id":"https:\/\/zeromagazine.mx\/index.php\/2024\/09\/25\/culture-business-pride-vibes-inclusivos\/#breadcrumb"},"inLanguage":"es","potentialAction":[{"@type":"ReadAction","target":["https:\/\/zeromagazine.mx\/index.php\/2024\/09\/25\/culture-business-pride-vibes-inclusivos\/"]}]},{"@type":"ImageObject","inLanguage":"es","@id":"https:\/\/zeromagazine.mx\/index.php\/2024\/09\/25\/culture-business-pride-vibes-inclusivos\/#primaryimage","url":"https:\/\/i0.wp.com\/zeromagazine.mx\/wp-content\/uploads\/2024\/09\/cpride024sep-3-3-1.jpg?fit=700%2C875&ssl=1","contentUrl":"https:\/\/i0.wp.com\/zeromagazine.mx\/wp-content\/uploads\/2024\/09\/cpride024sep-3-3-1.jpg?fit=700%2C875&ssl=1","width":700,"height":875},{"@type":"BreadcrumbList","@id":"https:\/\/zeromagazine.mx\/index.php\/2024\/09\/25\/culture-business-pride-vibes-inclusivos\/#breadcrumb","itemListElement":[{"@type":"ListItem","position":1,"name":"Portada","item":"https:\/\/zeromagazine.mx\/"},{"@type":"ListItem","position":2,"name":"\u00abCulture &amp; Business Pride: Vibes Inclusivos\u00bb"}]},{"@type":"WebSite","@id":"https:\/\/zeromagazine.mx\/#website","url":"https:\/\/zeromagazine.mx\/","name":"Zero Magazine","description":"","publisher":{"@id":"https:\/\/zeromagazine.mx\/#organization"},"potentialAction":[{"@type":"SearchAction","target":{"@type":"EntryPoint","urlTemplate":"https:\/\/zeromagazine.mx\/?s={search_term_string}"},"query-input":{"@type":"PropertyValueSpecification","valueRequired":true,"valueName":"search_term_string"}}],"inLanguage":"es"},{"@type":"Organization","@id":"https:\/\/zeromagazine.mx\/#organization","name":"Zero Magazine","url":"https:\/\/zeromagazine.mx\/","logo":{"@type":"ImageObject","inLanguage":"es","@id":"https:\/\/zeromagazine.mx\/#\/schema\/logo\/image\/","url":"https:\/\/i0.wp.com\/zeromagazine.mx\/wp-content\/uploads\/2025\/11\/1.jpeg?fit=1000%2C1000&ssl=1","contentUrl":"https:\/\/i0.wp.com\/zeromagazine.mx\/wp-content\/uploads\/2025\/11\/1.jpeg?fit=1000%2C1000&ssl=1","width":1000,"height":1000,"caption":"Zero Magazine"},"image":{"@id":"https:\/\/zeromagazine.mx\/#\/schema\/logo\/image\/"},"sameAs":["https:\/\/instagram.com\/zeromagazinemx"]},{"@type":"Person","@id":"https:\/\/zeromagazine.mx\/#\/schema\/person\/9aed9f33a7c39af3a348b86d723f7773","name":"zeromagazinemx","image":{"@type":"ImageObject","inLanguage":"es","@id":"https:\/\/zeromagazine.mx\/wp-content\/litespeed\/avatar\/f91dfe5410d5dcb1a576bf8c45983896.jpg?ver=1776966396","url":"https:\/\/zeromagazine.mx\/wp-content\/litespeed\/avatar\/f91dfe5410d5dcb1a576bf8c45983896.jpg?ver=1776966396","contentUrl":"https:\/\/zeromagazine.mx\/wp-content\/litespeed\/avatar\/f91dfe5410d5dcb1a576bf8c45983896.jpg?ver=1776966396","caption":"zeromagazinemx"},"url":"https:\/\/zeromagazine.mx\/index.php\/author\/zeromagazinemx\/"}]}},"jetpack_publicize_connections":[],"jetpack_featured_media_url":"https:\/\/i0.wp.com\/zeromagazine.mx\/wp-content\/uploads\/2024\/09\/cpride024sep-3-3-1.jpg?fit=700%2C875&ssl=1","jetpack-related-posts":[{"id":90418,"url":"https:\/\/zeromagazine.mx\/index.php\/2024\/11\/13\/lala-music-donde-nace-el-talento\/","url_meta":{"origin":84561,"position":0},"title":"LALA MUSIC: Donde Nace el Talento","author":"zeromagazinemx","date":"13 de noviembre de 2024","format":false,"excerpt":"Chicxs, si les late descubrir nueva m\u00fasica y apoyar el talento local, entonces tienen que marcar la fecha: del 7 al 9 de noviembre, porque LALA MUSIC regresa a La Laguna para su tercera edici\u00f3n, y promete ser una de esas experiencias que te van a cambiar la vida musical.\u2026","rel":"","context":"En \u00abEntretenimiento\u00bb","block_context":{"text":"Entretenimiento","link":"https:\/\/zeromagazine.mx\/index.php\/category\/entretenimiento\/"},"img":{"alt_text":"","src":"https:\/\/i0.wp.com\/zeromagazine.mx\/wp-content\/uploads\/2024\/11\/Z8A2920-1-scaled.jpg?fit=1200%2C800&ssl=1&resize=350%2C200","width":350,"height":200,"srcset":"https:\/\/i0.wp.com\/zeromagazine.mx\/wp-content\/uploads\/2024\/11\/Z8A2920-1-scaled.jpg?fit=1200%2C800&ssl=1&resize=350%2C200 1x, https:\/\/i0.wp.com\/zeromagazine.mx\/wp-content\/uploads\/2024\/11\/Z8A2920-1-scaled.jpg?fit=1200%2C800&ssl=1&resize=525%2C300 1.5x, https:\/\/i0.wp.com\/zeromagazine.mx\/wp-content\/uploads\/2024\/11\/Z8A2920-1-scaled.jpg?fit=1200%2C800&ssl=1&resize=700%2C400 2x, https:\/\/i0.wp.com\/zeromagazine.mx\/wp-content\/uploads\/2024\/11\/Z8A2920-1-scaled.jpg?fit=1200%2C800&ssl=1&resize=1050%2C600 3x"},"classes":[]},{"id":88504,"url":"https:\/\/zeromagazine.mx\/index.php\/2024\/10\/28\/festival-de-catrinas-vibe-y-sabor\/","url_meta":{"origin":84561,"position":1},"title":"\u00abFestival de Catrinas: Vibe y Sabor\u00bb","author":"zeromagazinemx","date":"28 de octubre de 2024","format":false,"excerpt":"Amigxs, si hay algo que nos encanta celebrar, es la cultura y las tradiciones que nos hacen \u00fanicos. Y qu\u00e9 mejor manera de hacerlo que en el Festival de las Catrinas 2024, un evento \u00e9pico que est\u00e1 tomando lugar en el Hotel Marquis Reforma. Este festival no solo celebra el\u2026","rel":"","context":"En \u00abViajes\u00bb","block_context":{"text":"Viajes","link":"https:\/\/zeromagazine.mx\/index.php\/category\/lugares\/"},"img":{"alt_text":"","src":"https:\/\/i0.wp.com\/zeromagazine.mx\/wp-content\/uploads\/2024\/10\/HotelMarquisReforma_DECORACIONDIADEMUERTOS_MalixFilms_WEB-6227-copia.png?fit=1200%2C872&ssl=1&resize=350%2C200","width":350,"height":200,"srcset":"https:\/\/i0.wp.com\/zeromagazine.mx\/wp-content\/uploads\/2024\/10\/HotelMarquisReforma_DECORACIONDIADEMUERTOS_MalixFilms_WEB-6227-copia.png?fit=1200%2C872&ssl=1&resize=350%2C200 1x, https:\/\/i0.wp.com\/zeromagazine.mx\/wp-content\/uploads\/2024\/10\/HotelMarquisReforma_DECORACIONDIADEMUERTOS_MalixFilms_WEB-6227-copia.png?fit=1200%2C872&ssl=1&resize=525%2C300 1.5x, https:\/\/i0.wp.com\/zeromagazine.mx\/wp-content\/uploads\/2024\/10\/HotelMarquisReforma_DECORACIONDIADEMUERTOS_MalixFilms_WEB-6227-copia.png?fit=1200%2C872&ssl=1&resize=700%2C400 2x, https:\/\/i0.wp.com\/zeromagazine.mx\/wp-content\/uploads\/2024\/10\/HotelMarquisReforma_DECORACIONDIADEMUERTOS_MalixFilms_WEB-6227-copia.png?fit=1200%2C872&ssl=1&resize=1050%2C600 3x"},"classes":[]},{"id":105831,"url":"https:\/\/zeromagazine.mx\/index.php\/2025\/06\/10\/soho-house-pride-se-celebra-con-arte-historia-y-musica\/","url_meta":{"origin":84561,"position":2},"title":"Soho House Pride se celebra con arte, historia y m\u00fasica","author":"David Morales","date":"10 de junio de 2025","format":false,"excerpt":"Amix, ya lleg\u00f3 junio y con \u00e9l, una de las \u00e9pocas m\u00e1s ic\u00f3nicas para nuestra comunidad: el Pride. Pero si crees que todo se reduce a glitter y arco\u00edris, tienes que darte una vuelta por lo que est\u00e1 haciendo Soho House Ciudad de M\u00e9xico. Literal, Soho House celebra el Pride\u2026","rel":"","context":"En \u00abViajes\u00bb","block_context":{"text":"Viajes","link":"https:\/\/zeromagazine.mx\/index.php\/category\/lugares\/"},"img":{"alt_text":"","src":"https:\/\/i0.wp.com\/zeromagazine.mx\/wp-content\/uploads\/2025\/06\/medium_mexican_jihad.jpeg?fit=360%2C360&ssl=1&resize=350%2C200","width":350,"height":200},"classes":[]},{"id":105892,"url":"https:\/\/zeromagazine.mx\/index.php\/2025\/06\/11\/pride-togheter-en-hotel-reforma-una-fiesta-de-libertad\/","url_meta":{"origin":84561,"position":3},"title":"PRIDE TOGETHER en Hotel Reforma: Una fiesta de libertad","author":"David Morales","date":"11 de junio de 2025","format":false,"excerpt":"Amix, estamos en junio y no solo el calor se viene intensos, pues tambi\u00e9n el Pride 2025 viene con todo y no es cualquier plan improvisado: es la cita m\u00e1s electrizante del mes \ud83c\udf08. Y por eso este a\u00f1o, despu\u00e9s de la Marcha del Orgullo en CDMX, el Antiguo Hotel\u2026","rel":"","context":"En \u00abCultura\u00bb","block_context":{"text":"Cultura","link":"https:\/\/zeromagazine.mx\/index.php\/category\/cultura\/"},"img":{"alt_text":"","src":"https:\/\/i0.wp.com\/zeromagazine.mx\/wp-content\/uploads\/2025\/06\/image.png?fit=1070%2C874&ssl=1&resize=350%2C200","width":350,"height":200,"srcset":"https:\/\/i0.wp.com\/zeromagazine.mx\/wp-content\/uploads\/2025\/06\/image.png?fit=1070%2C874&ssl=1&resize=350%2C200 1x, https:\/\/i0.wp.com\/zeromagazine.mx\/wp-content\/uploads\/2025\/06\/image.png?fit=1070%2C874&ssl=1&resize=525%2C300 1.5x, https:\/\/i0.wp.com\/zeromagazine.mx\/wp-content\/uploads\/2025\/06\/image.png?fit=1070%2C874&ssl=1&resize=700%2C400 2x, https:\/\/i0.wp.com\/zeromagazine.mx\/wp-content\/uploads\/2025\/06\/image.png?fit=1070%2C874&ssl=1&resize=1050%2C600 3x"},"classes":[]},{"id":88394,"url":"https:\/\/zeromagazine.mx\/index.php\/2024\/10\/24\/catrinas-arte-comida-y-fiesta\/","url_meta":{"origin":84561,"position":4},"title":"Catrinas: Arte, Comida y Fiesta","author":"zeromagazinemx","date":"24 de octubre de 2024","format":false,"excerpt":"\u00a1Ya lleg\u00f3 la \u00e9poca m\u00e1s cool del a\u00f1o! O sea, no solo porque se viene Halloween, sino porque el Festival de las Catrinas 2024 en el Hotel Marquis Reforma est\u00e1 aqu\u00ed para ponerle un toque de magia y tradici\u00f3n a tu vida. Si eres de los que ama disfrutar de\u2026","rel":"","context":"En \u00abViajes\u00bb","block_context":{"text":"Viajes","link":"https:\/\/zeromagazine.mx\/index.php\/category\/lugares\/"},"img":{"alt_text":"","src":"https:\/\/i0.wp.com\/zeromagazine.mx\/wp-content\/uploads\/2024\/10\/HotelMarquisReforma_DECORACIONDIADEMUERTOS_MalixFilms_WEB-6030.png?fit=884%2C1200&ssl=1&resize=350%2C200","width":350,"height":200,"srcset":"https:\/\/i0.wp.com\/zeromagazine.mx\/wp-content\/uploads\/2024\/10\/HotelMarquisReforma_DECORACIONDIADEMUERTOS_MalixFilms_WEB-6030.png?fit=884%2C1200&ssl=1&resize=350%2C200 1x, https:\/\/i0.wp.com\/zeromagazine.mx\/wp-content\/uploads\/2024\/10\/HotelMarquisReforma_DECORACIONDIADEMUERTOS_MalixFilms_WEB-6030.png?fit=884%2C1200&ssl=1&resize=525%2C300 1.5x, https:\/\/i0.wp.com\/zeromagazine.mx\/wp-content\/uploads\/2024\/10\/HotelMarquisReforma_DECORACIONDIADEMUERTOS_MalixFilms_WEB-6030.png?fit=884%2C1200&ssl=1&resize=700%2C400 2x"},"classes":[]},{"id":106318,"url":"https:\/\/zeromagazine.mx\/index.php\/2025\/06\/26\/adios-amor-pride\/","url_meta":{"origin":84561,"position":5},"title":"Adi\u00f3s Amor Pride: una drag night para soltar el drama con glitter","author":"David Morales","date":"26 de junio de 2025","format":false,"excerpt":"Amix, prep\u00e1rate para una noche de esas que sanan con glitter y m\u00fasica intensa. Si alguna vez lloraste por amor mientras sonaba Dulce, Amanda Miguel o Jos\u00e9 Jos\u00e9, esta es tu se\u00f1al para transformar esas l\u00e1grimas en brillo. \u201cAdi\u00f3s mi Amor\u201d se pone en modo Pride y trae una experiencia\u2026","rel":"","context":"En \u00abCultura\u00bb","block_context":{"text":"Cultura","link":"https:\/\/zeromagazine.mx\/index.php\/category\/cultura\/"},"img":{"alt_text":"","src":"https:\/\/i0.wp.com\/zeromagazine.mx\/wp-content\/uploads\/2025\/06\/Poster-Vertical.jpg?fit=960%2C1200&ssl=1&resize=350%2C200","width":350,"height":200,"srcset":"https:\/\/i0.wp.com\/zeromagazine.mx\/wp-content\/uploads\/2025\/06\/Poster-Vertical.jpg?fit=960%2C1200&ssl=1&resize=350%2C200 1x, https:\/\/i0.wp.com\/zeromagazine.mx\/wp-content\/uploads\/2025\/06\/Poster-Vertical.jpg?fit=960%2C1200&ssl=1&resize=525%2C300 1.5x, https:\/\/i0.wp.com\/zeromagazine.mx\/wp-content\/uploads\/2025\/06\/Poster-Vertical.jpg?fit=960%2C1200&ssl=1&resize=700%2C400 2x"},"classes":[]}],"jetpack_sharing_enabled":true,"builder_content":"","_links":{"self":[{"href":"https:\/\/zeromagazine.mx\/index.php\/wp-json\/wp\/v2\/posts\/84561","targetHints":{"allow":["GET"]}}],"collection":[{"href":"https:\/\/zeromagazine.mx\/index.php\/wp-json\/wp\/v2\/posts"}],"about":[{"href":"https:\/\/zeromagazine.mx\/index.php\/wp-json\/wp\/v2\/types\/post"}],"author":[{"embeddable":true,"href":"https:\/\/zeromagazine.mx\/index.php\/wp-json\/wp\/v2\/users\/2"}],"replies":[{"embeddable":true,"href":"https:\/\/zeromagazine.mx\/index.php\/wp-json\/wp\/v2\/comments?post=84561"}],"version-history":[{"count":6,"href":"https:\/\/zeromagazine.mx\/index.php\/wp-json\/wp\/v2\/posts\/84561\/revisions"}],"predecessor-version":[{"id":84575,"href":"https:\/\/zeromagazine.mx\/index.php\/wp-json\/wp\/v2\/posts\/84561\/revisions\/84575"}],"wp:featuredmedia":[{"embeddable":true,"href":"https:\/\/zeromagazine.mx\/index.php\/wp-json\/wp\/v2\/media\/84562"}],"wp:attachment":[{"href":"https:\/\/zeromagazine.mx\/index.php\/wp-json\/wp\/v2\/media?parent=84561"}],"wp:term":[{"taxonomy":"category","embeddable":true,"href":"https:\/\/zeromagazine.mx\/index.php\/wp-json\/wp\/v2\/categories?post=84561"},{"taxonomy":"post_tag","embeddable":true,"href":"https:\/\/zeromagazine.mx\/index.php\/wp-json\/wp\/v2\/tags?post=84561"}],"curies":[{"name":"wp","href":"https:\/\/api.w.org\/{rel}","templated":true}]}}