{"id":84641,"date":"2024-09-26T20:49:27","date_gmt":"2024-09-26T18:49:27","guid":{"rendered":"https:\/\/zeromagazine.mx\/?p=84641"},"modified":"2024-09-26T20:57:37","modified_gmt":"2024-09-26T18:57:37","slug":"lcdlf-llega-al-cine","status":"publish","type":"post","link":"https:\/\/zeromagazine.mx\/index.php\/2024\/09\/26\/lcdlf-llega-al-cine\/","title":{"rendered":"\u00abLCDLF Llega al Cine\u00bb"},"content":{"rendered":"<p>\u00bfQu\u00e9 tal, mis amantes del drama y la emoci\u00f3n? Se viene la noche que todos est\u00e1bamos esperando: la gran final de La Casa de los Famosos. Este domingo 29 de septiembre, no solo ser\u00e1 un desenlace; ser\u00e1 una experiencia que dejar\u00e1 huella. Prep\u00e1rense para vivirlo en las pantallas gigantes de <strong><em>Cin\u00e9polis<\/em> <\/strong>con su incre\u00edble evento<strong> <em>+QUE CINE<\/em><\/strong>. <\/p>\n\n\n\n<p>La preventa se abre hoy a las<strong> 11:00 AM<\/strong>, as\u00ed que aseg\u00farense de estar listos para conseguir sus boletos. No querr\u00e1n perderse esta oportunidad de disfrutar del cl\u00edmax de la competencia m\u00e1s intensa de la televisi\u00f3n, junto a otros apasionados del <em><strong>Team Mar<\/strong><\/em>. \u00bfQui\u00e9n no quiere vivir el drama en compa\u00f1\u00eda de otros fans que han estado siguiendo cada giro, cada estrategia y cada confrontaci\u00f3n?<\/p>\n\n\n\n<h3 class=\"wp-block-heading\">\u00bfD\u00f3nde y Cu\u00e1ndo?<\/h3>\n\n\n\n<p>La proyecci\u00f3n estar\u00e1 disponible en varios complejos de <em>Cin\u00e9polis<\/em> en ciudades como <strong>Aguascalientes<\/strong>, <strong>Canc\u00fan<\/strong>, <strong>Guadalajara<\/strong>, <em><strong>Tijuana<\/strong><\/em>, y muchas m\u00e1s. Con m\u00e1s de 60 locaciones, hay una buena probabilidad de que encuentres una cerca de ti. Para checar disponibilidad, dir\u00edgete al sitio oficial de Cin\u00e9polis y consulta la cartelera de tu sucursal favorita.<\/p>\n\n\n\n<h3 class=\"wp-block-heading\">Conociendo a los Finalistas<\/h3>\n\n\n\n<p>En esta temporada, los finalistas no son cualquier grupo; son los integrantes del cuarto favorito: el Team Mar. Comencemos con <strong>Karime<\/strong>, la famosa \u201cMatrioshka\u201d, que ha demostrado ser una experta en realitys y una empresaria exitosa. Desde su paso por <em>Acapulco Shore<\/em> hasta su podcast, Karime ha sabido conquistarnos con su lealtad inquebrantable hacia su equipo. Ella ha dejado claro que no jugar\u00eda de forma individual, y esa lealtad la ha llevado hasta aqu\u00ed.<\/p>\n\n\n<div class=\"wp-block-image\">\n<figure class=\"aligncenter size-full\"><img data-recalc-dims=\"1\" decoding=\"async\" width=\"493\" height=\"703\" src=\"https:\/\/i0.wp.com\/zeromagazine.mx\/wp-content\/uploads\/2024\/09\/No-te-pierdas-la-preventa-para-la-gala-final-de-La-Casa-de-los-Famosos-con-Cinepolis-QUE-CINE.jpg?resize=493%2C703\" alt=\"La gran final de La Casa de los Famosos llega a Cin\u00e9polis, este 29 de septiembre, vive la emoci\u00f3n y el drama en pantalla grande con otros fans del Team Mar. Asegura tu lugar y s\u00e9 parte de esta experiencia inolvidable.\" class=\"wp-image-84642\" srcset=\"https:\/\/i0.wp.com\/zeromagazine.mx\/wp-content\/uploads\/2024\/09\/No-te-pierdas-la-preventa-para-la-gala-final-de-La-Casa-de-los-Famosos-con-Cinepolis-QUE-CINE.jpg?w=493&amp;ssl=1 493w, https:\/\/i0.wp.com\/zeromagazine.mx\/wp-content\/uploads\/2024\/09\/No-te-pierdas-la-preventa-para-la-gala-final-de-La-Casa-de-los-Famosos-con-Cinepolis-QUE-CINE.jpg?resize=210%2C300&amp;ssl=1 210w\" sizes=\"(max-width: 493px) 100vw, 493px\" \/><\/figure>\n<\/div>\n\n\n<p><\/p>\n\n\n\n<p>Luego est\u00e1 <strong>Gala Montes<\/strong>, la actriz que ha capturado corazones con su autenticidad. Gala ha defendido a su equipo con una fuerza y determinaci\u00f3n que nos han dejado a todos impresionados. Adem\u00e1s, \u00bfqui\u00e9n podr\u00eda olvidar esos incre\u00edbles tips de salud mental que ha compartido a lo largo de la temporada? Sin duda,<strong> #Garime <\/strong>es el d\u00fao favorito y un competidor fuerte para llevarse el t\u00edtulo.<\/p>\n\n\n\n<p><em><strong>Arath de la Torre<\/strong><\/em>, el comandante del cuarto Mar, tambi\u00e9n se encuentra entre los finalistas. Este talentoso actor y comediante ha sabido mantener el humor en medio del drama. Sus pl\u00e1ticas matutinas con Mario se convirtieron en un ritual que le dio un toque especial a la casa. Con su personalidad desenfadada, Arath es el equilibrio perfecto en medio del caos.<\/p>\n\n\n\n<p><em><strong>Mario Bezares<\/strong><\/em>, el querido presentador, ha hecho su regreso triunfal, record\u00e1ndonos su carisma y su famoso baile del \u00abgallinazo\u00bb. Cada fiesta en la casa era una oportunidad para ver a Mario en su elemento, haciendo que sea imposible no re\u00edrse.<\/p>\n\n\n\n<p>Por \u00faltimo, pero no menos importante, est\u00e1<strong> <em>Briggitte Bozzo<\/em><\/strong>, la joven actriz y modelo que ha demostrado ser una competidora formidable. Desde su infancia frente a las c\u00e1maras hasta convertirse en influencer, Briggitte ha sabido mantenerse en la carrera. Sus \u00abconsejos de belleza\u00bb han sido memorables, aunque siempre con un toque de caos. <\/p>\n\n\n\n<h3 class=\"wp-block-heading\">La Experiencia de La Casa de los Famosos<\/h3>\n\n\n\n<p>La Casa de los Famosos es conocida por ofrecer una experiencia sin filtros, donde hemos sido testigos de los momentos m\u00e1s \u00edntimos de nuestros famosos favoritos. Con m\u00e1s de 60 <strong>c\u00e1maras <\/strong>y <strong>micr\u00f3fonos <\/strong>capturando cada detalle <strong>24\/7<\/strong>, hemos estado en primera fila para cada conversaci\u00f3n, estrategia y conflicto a lo largo de la temporada. El final promete ser el cl\u00edmax perfecto para esta monta\u00f1a rusa emocional.<\/p>\n\n\n\n<script async src=\"https:\/\/pagead2.googlesyndication.com\/pagead\/js\/adsbygoogle.js?client=ca-pub-5499304793904745\"\n     crossorigin=\"anonymous\"><\/script>\n<ins class=\"adsbygoogle\"\n     style=\"display:block; text-align:center;\"\n     data-ad-layout=\"in-article\"\n     data-ad-format=\"fluid\"\n     data-ad-client=\"ca-pub-5499304793904745\"\n     data-ad-slot=\"5994863093\"><\/ins>\n<script>\n     (adsbygoogle = window.adsbygoogle || []).push({});\n<\/script>\n\n\n\n<p><\/p>\n\n\n\n<p>Imagina esto: est\u00e1s rodeado de otros fans, todos compartiendo la misma pasi\u00f3n, riendo y gritando en los momentos de tensi\u00f3n. La proyecci\u00f3n en Cin\u00e9polis no es solo ver televisi\u00f3n; es vivir el reality en una experiencia comunitaria. La calidad de imagen y sonido es de otro nivel, as\u00ed que la emoci\u00f3n ser\u00e1 \u00fanica.<\/p>\n\n\n\n<h3 class=\"wp-block-heading\">\u00a1Asegura Tu Lugar!<\/h3>\n\n\n\n<p>Si ya est\u00e1s tan emocionado como yo, no olvides asegurar tu lugar. La preventa comienza hoy, y la mejor forma de comprar es a trav\u00e9s de la app o el sitio oficial de <em><strong>Cin\u00e9polis<\/strong><\/em>. Es tu oportunidad de ser parte de este evento que quedar\u00e1 en la memoria de todos los fans de La Casa de los Famosos.<\/p>\n\n\n\n<h3 class=\"wp-block-heading\">La Importancia del Reality y Su Impacto Cultural<\/h3>\n\n\n\n<p>La popularidad de <em><strong>La Casa de los Famosos<\/strong><\/em> no es solo un fen\u00f3meno de entretenimiento; tambi\u00e9n refleja un cambio en c\u00f3mo consumimos contenido. En un mundo donde las redes sociales dominan, los reality shows han encontrado su lugar como una forma de conectar con las audiencias de una manera m\u00e1s aut\u00e9ntica.<\/p>\n\n\n\n<p>La capacidad de los espectadores para interactuar y conectar con los participantes crea una comunidad \u00fanica. El hecho de que las celebridades est\u00e9n expuestas en su d\u00eda a d\u00eda, compartiendo sus emociones y luchas, permite a los fans verse reflejados en ellas. Este tipo de conexi\u00f3n es lo que ha llevado a que muchos se identifiquen con los finalistas, convirtiendo cada episodio en una experiencia que trasciende la pantalla.<\/p>\n\n\n\n<h3 class=\"wp-block-heading\">Reflexionando Sobre el Futuro de La Televisi\u00f3n<\/h3>\n\n\n\n<p>A medida que el mundo de la televisi\u00f3n sigue evolucionando, es crucial mantener viva la curiosidad. Los reality shows como <em>La Casa de los Famosos<\/em> no solo entretienen, sino que tambi\u00e9n abren un espacio para discutir temas importantes: salud mental, relaciones interpersonales y la realidad de la fama. Como j\u00f3venes, es nuestra responsabilidad seguir cuestionando lo que vemos y c\u00f3mo nos afecta.<\/p>\n\n\n\n<script async src=\"https:\/\/pagead2.googlesyndication.com\/pagead\/js\/adsbygoogle.js?client=ca-pub-5499304793904745\"\r\n     crossorigin=\"anonymous\"><\/script>\r\n<ins class=\"adsbygoogle\"\r\n     style=\"display:block; text-align:center;\"\r\n     data-ad-layout=\"in-article\"\r\n     data-ad-format=\"fluid\"\r\n     data-ad-client=\"ca-pub-5499304793904745\"\r\n     data-ad-slot=\"5994863093\"><\/ins>\r\n<script>\r\n     (adsbygoogle = window.adsbygoogle || []).push({});\r\n<\/script>\n\n\n\n<p>Esta gran final es m\u00e1s que solo un cierre de temporada; es un momento para reflexionar sobre lo que hemos aprendido. Cada conflicto, cada reconciliaci\u00f3n y cada risa compartida son lecciones sobre la vida misma. La forma en que estos personajes navegan por sus relaciones puede inspirarnos a manejar nuestras propias conexiones de manera m\u00e1s saludable y aut\u00e9ntica.<\/p>\n\n\n\n<h3 class=\"wp-block-heading\">Un Evento Imperdible<\/h3>\n\n\n\n<p>La gran final de <em>La Casa de los Famosos<\/em> promete ser una noche llena de sorpresas y momentos inolvidables. Desde las interacciones entre los finalistas hasta el desenlace de las tramas que nos han mantenido al borde de nuestros asientos, cada segundo cuenta. Si todav\u00eda no has marcado la fecha en tu calendario, hazlo ya. Este es el tipo de evento que se contar\u00e1 por a\u00f1os, y no querr\u00e1s quedarte afuera.<\/p>\n\n\n\n<script async src=\"https:\/\/pagead2.googlesyndication.com\/pagead\/js\/adsbygoogle.js?client=ca-pub-5499304793904745\"\r\n     crossorigin=\"anonymous\"><\/script>\r\n<ins class=\"adsbygoogle\"\r\n     style=\"display:block; text-align:center;\"\r\n     data-ad-layout=\"in-article\"\r\n     data-ad-format=\"fluid\"\r\n     data-ad-client=\"ca-pub-5499304793904745\"\r\n     data-ad-slot=\"5994863093\"><\/ins>\r\n<script>\r\n     (adsbygoogle = window.adsbygoogle || []).push({});\r\n<\/script>\n\n\n\n<p><\/p>\n\n\n\n<p>Al final del d\u00eda, <em>La Casa de los Famosos<\/em> es m\u00e1s que un reality show. Es una experiencia que re\u00fane a personas de diferentes or\u00edgenes, unidas por la curiosidad, la emoci\u00f3n y el deseo de ver c\u00f3mo se desarrolla la vida en el interior de la casa. La gran final no solo ser\u00e1 un cl\u00edmax; ser\u00e1 una celebraci\u00f3n de todo lo que hemos compartido juntos como espectadores.<\/p>\n\n<!--themify_builder_content-->\n<div id=\"themify_builder_content-84641\" data-postid=\"84641\" class=\"themify_builder_content themify_builder_content-84641 themify_builder tf_clear\">\n    <\/div>\n<!--\/themify_builder_content-->","protected":false},"excerpt":{"rendered":"<p>\u00bfQu\u00e9 tal, mis amantes del drama y la emoci\u00f3n? Se viene la noche que todos est\u00e1bamos esperando: la gran final de La Casa de los Famosos. Este domingo 29 de septiembre, no solo ser\u00e1 un desenlace; ser\u00e1 una experiencia que dejar\u00e1 huella. Prep\u00e1rense para vivirlo en las pantallas gigantes de Cin\u00e9polis con su incre\u00edble evento [&hellip;]<\/p>\n","protected":false},"author":2,"featured_media":84642,"comment_status":"open","ping_status":"open","sticky":false,"template":"","format":"standard","meta":{"_jetpack_memberships_contains_paid_content":false,"footnotes":"","jetpack_publicize_message":"","jetpack_publicize_feature_enabled":true,"jetpack_social_post_already_shared":true,"jetpack_social_options":{"image_generator_settings":{"template":"highway","default_image_id":0,"font":"","enabled":false},"version":2}},"categories":[791],"tags":[8731,8730,10488,10489],"class_list":["post-84641","post","type-post","status-publish","format-standard","has-post-thumbnail","hentry","category-cultura","tag-que-cine","tag-cinepolis-2","tag-la-casa-de-los-famosos","tag-team-mar","has-post-title","has-post-date","has-post-category","has-post-tag","has-post-comment","has-post-author",""],"yoast_head":"<!-- This site is optimized with the Yoast SEO plugin v27.5 - https:\/\/yoast.com\/product\/yoast-seo-wordpress\/ -->\n<title>&quot;LCDLF Llega al Cine&quot; - Zero Magazine<\/title>\n<meta name=\"robots\" content=\"index, follow, max-snippet:-1, max-image-preview:large, max-video-preview:-1\" \/>\n<link rel=\"canonical\" href=\"https:\/\/zeromagazine.mx\/index.php\/2024\/09\/26\/lcdlf-llega-al-cine\/\" \/>\n<meta property=\"og:locale\" content=\"es_ES\" \/>\n<meta property=\"og:type\" content=\"article\" \/>\n<meta property=\"og:title\" content=\"&quot;LCDLF Llega al Cine&quot; - Zero Magazine\" \/>\n<meta property=\"og:description\" content=\"\u00bfQu\u00e9 tal, mis amantes del drama y la emoci\u00f3n? Se viene la noche que todos est\u00e1bamos esperando: la gran final de La Casa de los Famosos. Este domingo 29 de septiembre, no solo ser\u00e1 un desenlace; ser\u00e1 una experiencia que dejar\u00e1 huella. Prep\u00e1rense para vivirlo en las pantallas gigantes de Cin\u00e9polis con su incre\u00edble evento [&hellip;]\" \/>\n<meta property=\"og:url\" content=\"https:\/\/zeromagazine.mx\/index.php\/2024\/09\/26\/lcdlf-llega-al-cine\/\" \/>\n<meta property=\"og:site_name\" content=\"Zero Magazine\" \/>\n<meta property=\"article:published_time\" content=\"2024-09-26T18:49:27+00:00\" \/>\n<meta property=\"article:modified_time\" content=\"2024-09-26T18:57:37+00:00\" \/>\n<meta property=\"og:image\" content=\"https:\/\/i0.wp.com\/zeromagazine.mx\/wp-content\/uploads\/2024\/09\/No-te-pierdas-la-preventa-para-la-gala-final-de-La-Casa-de-los-Famosos-con-Cinepolis-QUE-CINE.jpg?fit=493%2C703&ssl=1\" \/>\n\t<meta property=\"og:image:width\" content=\"493\" \/>\n\t<meta property=\"og:image:height\" content=\"703\" \/>\n\t<meta property=\"og:image:type\" content=\"image\/jpeg\" \/>\n<meta name=\"author\" content=\"zeromagazinemx\" \/>\n<meta name=\"twitter:card\" content=\"summary_large_image\" \/>\n<meta name=\"twitter:label1\" content=\"Escrito por\" \/>\n\t<meta name=\"twitter:data1\" content=\"zeromagazinemx\" \/>\n\t<meta name=\"twitter:label2\" content=\"Tiempo de lectura\" \/>\n\t<meta name=\"twitter:data2\" content=\"6 minutos\" \/>\n<script type=\"application\/ld+json\" class=\"yoast-schema-graph\">{\"@context\":\"https:\\\/\\\/schema.org\",\"@graph\":[{\"@type\":\"Article\",\"@id\":\"https:\\\/\\\/zeromagazine.mx\\\/index.php\\\/2024\\\/09\\\/26\\\/lcdlf-llega-al-cine\\\/#article\",\"isPartOf\":{\"@id\":\"https:\\\/\\\/zeromagazine.mx\\\/index.php\\\/2024\\\/09\\\/26\\\/lcdlf-llega-al-cine\\\/\"},\"author\":{\"name\":\"zeromagazinemx\",\"@id\":\"https:\\\/\\\/zeromagazine.mx\\\/#\\\/schema\\\/person\\\/9aed9f33a7c39af3a348b86d723f7773\"},\"headline\":\"\u00abLCDLF Llega al Cine\u00bb\",\"datePublished\":\"2024-09-26T18:49:27+00:00\",\"dateModified\":\"2024-09-26T18:57:37+00:00\",\"mainEntityOfPage\":{\"@id\":\"https:\\\/\\\/zeromagazine.mx\\\/index.php\\\/2024\\\/09\\\/26\\\/lcdlf-llega-al-cine\\\/\"},\"wordCount\":1138,\"commentCount\":0,\"publisher\":{\"@id\":\"https:\\\/\\\/zeromagazine.mx\\\/#organization\"},\"image\":{\"@id\":\"https:\\\/\\\/zeromagazine.mx\\\/index.php\\\/2024\\\/09\\\/26\\\/lcdlf-llega-al-cine\\\/#primaryimage\"},\"thumbnailUrl\":\"https:\\\/\\\/i0.wp.com\\\/zeromagazine.mx\\\/wp-content\\\/uploads\\\/2024\\\/09\\\/No-te-pierdas-la-preventa-para-la-gala-final-de-La-Casa-de-los-Famosos-con-Cinepolis-QUE-CINE.jpg?fit=493%2C703&ssl=1\",\"keywords\":[\"+QUE CINE\",\"Cin\u00e9polis\",\"La Casa de los Famosos\",\"Team Mar\"],\"articleSection\":[\"Cultura\"],\"inLanguage\":\"es\",\"potentialAction\":[{\"@type\":\"CommentAction\",\"name\":\"Comment\",\"target\":[\"https:\\\/\\\/zeromagazine.mx\\\/index.php\\\/2024\\\/09\\\/26\\\/lcdlf-llega-al-cine\\\/#respond\"]}]},{\"@type\":\"WebPage\",\"@id\":\"https:\\\/\\\/zeromagazine.mx\\\/index.php\\\/2024\\\/09\\\/26\\\/lcdlf-llega-al-cine\\\/\",\"url\":\"https:\\\/\\\/zeromagazine.mx\\\/index.php\\\/2024\\\/09\\\/26\\\/lcdlf-llega-al-cine\\\/\",\"name\":\"\\\"LCDLF Llega al Cine\\\" - Zero Magazine\",\"isPartOf\":{\"@id\":\"https:\\\/\\\/zeromagazine.mx\\\/#website\"},\"primaryImageOfPage\":{\"@id\":\"https:\\\/\\\/zeromagazine.mx\\\/index.php\\\/2024\\\/09\\\/26\\\/lcdlf-llega-al-cine\\\/#primaryimage\"},\"image\":{\"@id\":\"https:\\\/\\\/zeromagazine.mx\\\/index.php\\\/2024\\\/09\\\/26\\\/lcdlf-llega-al-cine\\\/#primaryimage\"},\"thumbnailUrl\":\"https:\\\/\\\/i0.wp.com\\\/zeromagazine.mx\\\/wp-content\\\/uploads\\\/2024\\\/09\\\/No-te-pierdas-la-preventa-para-la-gala-final-de-La-Casa-de-los-Famosos-con-Cinepolis-QUE-CINE.jpg?fit=493%2C703&ssl=1\",\"datePublished\":\"2024-09-26T18:49:27+00:00\",\"dateModified\":\"2024-09-26T18:57:37+00:00\",\"breadcrumb\":{\"@id\":\"https:\\\/\\\/zeromagazine.mx\\\/index.php\\\/2024\\\/09\\\/26\\\/lcdlf-llega-al-cine\\\/#breadcrumb\"},\"inLanguage\":\"es\",\"potentialAction\":[{\"@type\":\"ReadAction\",\"target\":[\"https:\\\/\\\/zeromagazine.mx\\\/index.php\\\/2024\\\/09\\\/26\\\/lcdlf-llega-al-cine\\\/\"]}]},{\"@type\":\"ImageObject\",\"inLanguage\":\"es\",\"@id\":\"https:\\\/\\\/zeromagazine.mx\\\/index.php\\\/2024\\\/09\\\/26\\\/lcdlf-llega-al-cine\\\/#primaryimage\",\"url\":\"https:\\\/\\\/i0.wp.com\\\/zeromagazine.mx\\\/wp-content\\\/uploads\\\/2024\\\/09\\\/No-te-pierdas-la-preventa-para-la-gala-final-de-La-Casa-de-los-Famosos-con-Cinepolis-QUE-CINE.jpg?fit=493%2C703&ssl=1\",\"contentUrl\":\"https:\\\/\\\/i0.wp.com\\\/zeromagazine.mx\\\/wp-content\\\/uploads\\\/2024\\\/09\\\/No-te-pierdas-la-preventa-para-la-gala-final-de-La-Casa-de-los-Famosos-con-Cinepolis-QUE-CINE.jpg?fit=493%2C703&ssl=1\",\"width\":493,\"height\":703},{\"@type\":\"BreadcrumbList\",\"@id\":\"https:\\\/\\\/zeromagazine.mx\\\/index.php\\\/2024\\\/09\\\/26\\\/lcdlf-llega-al-cine\\\/#breadcrumb\",\"itemListElement\":[{\"@type\":\"ListItem\",\"position\":1,\"name\":\"Portada\",\"item\":\"https:\\\/\\\/zeromagazine.mx\\\/\"},{\"@type\":\"ListItem\",\"position\":2,\"name\":\"\u00abLCDLF Llega al Cine\u00bb\"}]},{\"@type\":\"WebSite\",\"@id\":\"https:\\\/\\\/zeromagazine.mx\\\/#website\",\"url\":\"https:\\\/\\\/zeromagazine.mx\\\/\",\"name\":\"Zero Magazine\",\"description\":\"\",\"publisher\":{\"@id\":\"https:\\\/\\\/zeromagazine.mx\\\/#organization\"},\"potentialAction\":[{\"@type\":\"SearchAction\",\"target\":{\"@type\":\"EntryPoint\",\"urlTemplate\":\"https:\\\/\\\/zeromagazine.mx\\\/?s={search_term_string}\"},\"query-input\":{\"@type\":\"PropertyValueSpecification\",\"valueRequired\":true,\"valueName\":\"search_term_string\"}}],\"inLanguage\":\"es\"},{\"@type\":\"Organization\",\"@id\":\"https:\\\/\\\/zeromagazine.mx\\\/#organization\",\"name\":\"Zero Magazine\",\"url\":\"https:\\\/\\\/zeromagazine.mx\\\/\",\"logo\":{\"@type\":\"ImageObject\",\"inLanguage\":\"es\",\"@id\":\"https:\\\/\\\/zeromagazine.mx\\\/#\\\/schema\\\/logo\\\/image\\\/\",\"url\":\"https:\\\/\\\/i0.wp.com\\\/zeromagazine.mx\\\/wp-content\\\/uploads\\\/2025\\\/11\\\/1.jpeg?fit=1000%2C1000&ssl=1\",\"contentUrl\":\"https:\\\/\\\/i0.wp.com\\\/zeromagazine.mx\\\/wp-content\\\/uploads\\\/2025\\\/11\\\/1.jpeg?fit=1000%2C1000&ssl=1\",\"width\":1000,\"height\":1000,\"caption\":\"Zero Magazine\"},\"image\":{\"@id\":\"https:\\\/\\\/zeromagazine.mx\\\/#\\\/schema\\\/logo\\\/image\\\/\"},\"sameAs\":[\"https:\\\/\\\/instagram.com\\\/zeromagazinemx\"]},{\"@type\":\"Person\",\"@id\":\"https:\\\/\\\/zeromagazine.mx\\\/#\\\/schema\\\/person\\\/9aed9f33a7c39af3a348b86d723f7773\",\"name\":\"zeromagazinemx\",\"image\":{\"@type\":\"ImageObject\",\"inLanguage\":\"es\",\"@id\":\"https:\\\/\\\/zeromagazine.mx\\\/wp-content\\\/litespeed\\\/avatar\\\/f91dfe5410d5dcb1a576bf8c45983896.jpg?ver=1777571230\",\"url\":\"https:\\\/\\\/zeromagazine.mx\\\/wp-content\\\/litespeed\\\/avatar\\\/f91dfe5410d5dcb1a576bf8c45983896.jpg?ver=1777571230\",\"contentUrl\":\"https:\\\/\\\/zeromagazine.mx\\\/wp-content\\\/litespeed\\\/avatar\\\/f91dfe5410d5dcb1a576bf8c45983896.jpg?ver=1777571230\",\"caption\":\"zeromagazinemx\"},\"url\":\"https:\\\/\\\/zeromagazine.mx\\\/index.php\\\/author\\\/zeromagazinemx\\\/\"}]}<\/script>\n<!-- \/ Yoast SEO plugin. -->","yoast_head_json":{"title":"\"LCDLF Llega al Cine\" - Zero Magazine","robots":{"index":"index","follow":"follow","max-snippet":"max-snippet:-1","max-image-preview":"max-image-preview:large","max-video-preview":"max-video-preview:-1"},"canonical":"https:\/\/zeromagazine.mx\/index.php\/2024\/09\/26\/lcdlf-llega-al-cine\/","og_locale":"es_ES","og_type":"article","og_title":"\"LCDLF Llega al Cine\" - Zero Magazine","og_description":"\u00bfQu\u00e9 tal, mis amantes del drama y la emoci\u00f3n? Se viene la noche que todos est\u00e1bamos esperando: la gran final de La Casa de los Famosos. Este domingo 29 de septiembre, no solo ser\u00e1 un desenlace; ser\u00e1 una experiencia que dejar\u00e1 huella. Prep\u00e1rense para vivirlo en las pantallas gigantes de Cin\u00e9polis con su incre\u00edble evento [&hellip;]","og_url":"https:\/\/zeromagazine.mx\/index.php\/2024\/09\/26\/lcdlf-llega-al-cine\/","og_site_name":"Zero Magazine","article_published_time":"2024-09-26T18:49:27+00:00","article_modified_time":"2024-09-26T18:57:37+00:00","og_image":[{"width":493,"height":703,"url":"https:\/\/i0.wp.com\/zeromagazine.mx\/wp-content\/uploads\/2024\/09\/No-te-pierdas-la-preventa-para-la-gala-final-de-La-Casa-de-los-Famosos-con-Cinepolis-QUE-CINE.jpg?fit=493%2C703&ssl=1","type":"image\/jpeg"}],"author":"zeromagazinemx","twitter_card":"summary_large_image","twitter_misc":{"Escrito por":"zeromagazinemx","Tiempo de lectura":"6 minutos"},"schema":{"@context":"https:\/\/schema.org","@graph":[{"@type":"Article","@id":"https:\/\/zeromagazine.mx\/index.php\/2024\/09\/26\/lcdlf-llega-al-cine\/#article","isPartOf":{"@id":"https:\/\/zeromagazine.mx\/index.php\/2024\/09\/26\/lcdlf-llega-al-cine\/"},"author":{"name":"zeromagazinemx","@id":"https:\/\/zeromagazine.mx\/#\/schema\/person\/9aed9f33a7c39af3a348b86d723f7773"},"headline":"\u00abLCDLF Llega al Cine\u00bb","datePublished":"2024-09-26T18:49:27+00:00","dateModified":"2024-09-26T18:57:37+00:00","mainEntityOfPage":{"@id":"https:\/\/zeromagazine.mx\/index.php\/2024\/09\/26\/lcdlf-llega-al-cine\/"},"wordCount":1138,"commentCount":0,"publisher":{"@id":"https:\/\/zeromagazine.mx\/#organization"},"image":{"@id":"https:\/\/zeromagazine.mx\/index.php\/2024\/09\/26\/lcdlf-llega-al-cine\/#primaryimage"},"thumbnailUrl":"https:\/\/i0.wp.com\/zeromagazine.mx\/wp-content\/uploads\/2024\/09\/No-te-pierdas-la-preventa-para-la-gala-final-de-La-Casa-de-los-Famosos-con-Cinepolis-QUE-CINE.jpg?fit=493%2C703&ssl=1","keywords":["+QUE CINE","Cin\u00e9polis","La Casa de los Famosos","Team Mar"],"articleSection":["Cultura"],"inLanguage":"es","potentialAction":[{"@type":"CommentAction","name":"Comment","target":["https:\/\/zeromagazine.mx\/index.php\/2024\/09\/26\/lcdlf-llega-al-cine\/#respond"]}]},{"@type":"WebPage","@id":"https:\/\/zeromagazine.mx\/index.php\/2024\/09\/26\/lcdlf-llega-al-cine\/","url":"https:\/\/zeromagazine.mx\/index.php\/2024\/09\/26\/lcdlf-llega-al-cine\/","name":"\"LCDLF Llega al Cine\" - Zero Magazine","isPartOf":{"@id":"https:\/\/zeromagazine.mx\/#website"},"primaryImageOfPage":{"@id":"https:\/\/zeromagazine.mx\/index.php\/2024\/09\/26\/lcdlf-llega-al-cine\/#primaryimage"},"image":{"@id":"https:\/\/zeromagazine.mx\/index.php\/2024\/09\/26\/lcdlf-llega-al-cine\/#primaryimage"},"thumbnailUrl":"https:\/\/i0.wp.com\/zeromagazine.mx\/wp-content\/uploads\/2024\/09\/No-te-pierdas-la-preventa-para-la-gala-final-de-La-Casa-de-los-Famosos-con-Cinepolis-QUE-CINE.jpg?fit=493%2C703&ssl=1","datePublished":"2024-09-26T18:49:27+00:00","dateModified":"2024-09-26T18:57:37+00:00","breadcrumb":{"@id":"https:\/\/zeromagazine.mx\/index.php\/2024\/09\/26\/lcdlf-llega-al-cine\/#breadcrumb"},"inLanguage":"es","potentialAction":[{"@type":"ReadAction","target":["https:\/\/zeromagazine.mx\/index.php\/2024\/09\/26\/lcdlf-llega-al-cine\/"]}]},{"@type":"ImageObject","inLanguage":"es","@id":"https:\/\/zeromagazine.mx\/index.php\/2024\/09\/26\/lcdlf-llega-al-cine\/#primaryimage","url":"https:\/\/i0.wp.com\/zeromagazine.mx\/wp-content\/uploads\/2024\/09\/No-te-pierdas-la-preventa-para-la-gala-final-de-La-Casa-de-los-Famosos-con-Cinepolis-QUE-CINE.jpg?fit=493%2C703&ssl=1","contentUrl":"https:\/\/i0.wp.com\/zeromagazine.mx\/wp-content\/uploads\/2024\/09\/No-te-pierdas-la-preventa-para-la-gala-final-de-La-Casa-de-los-Famosos-con-Cinepolis-QUE-CINE.jpg?fit=493%2C703&ssl=1","width":493,"height":703},{"@type":"BreadcrumbList","@id":"https:\/\/zeromagazine.mx\/index.php\/2024\/09\/26\/lcdlf-llega-al-cine\/#breadcrumb","itemListElement":[{"@type":"ListItem","position":1,"name":"Portada","item":"https:\/\/zeromagazine.mx\/"},{"@type":"ListItem","position":2,"name":"\u00abLCDLF Llega al Cine\u00bb"}]},{"@type":"WebSite","@id":"https:\/\/zeromagazine.mx\/#website","url":"https:\/\/zeromagazine.mx\/","name":"Zero Magazine","description":"","publisher":{"@id":"https:\/\/zeromagazine.mx\/#organization"},"potentialAction":[{"@type":"SearchAction","target":{"@type":"EntryPoint","urlTemplate":"https:\/\/zeromagazine.mx\/?s={search_term_string}"},"query-input":{"@type":"PropertyValueSpecification","valueRequired":true,"valueName":"search_term_string"}}],"inLanguage":"es"},{"@type":"Organization","@id":"https:\/\/zeromagazine.mx\/#organization","name":"Zero Magazine","url":"https:\/\/zeromagazine.mx\/","logo":{"@type":"ImageObject","inLanguage":"es","@id":"https:\/\/zeromagazine.mx\/#\/schema\/logo\/image\/","url":"https:\/\/i0.wp.com\/zeromagazine.mx\/wp-content\/uploads\/2025\/11\/1.jpeg?fit=1000%2C1000&ssl=1","contentUrl":"https:\/\/i0.wp.com\/zeromagazine.mx\/wp-content\/uploads\/2025\/11\/1.jpeg?fit=1000%2C1000&ssl=1","width":1000,"height":1000,"caption":"Zero Magazine"},"image":{"@id":"https:\/\/zeromagazine.mx\/#\/schema\/logo\/image\/"},"sameAs":["https:\/\/instagram.com\/zeromagazinemx"]},{"@type":"Person","@id":"https:\/\/zeromagazine.mx\/#\/schema\/person\/9aed9f33a7c39af3a348b86d723f7773","name":"zeromagazinemx","image":{"@type":"ImageObject","inLanguage":"es","@id":"https:\/\/zeromagazine.mx\/wp-content\/litespeed\/avatar\/f91dfe5410d5dcb1a576bf8c45983896.jpg?ver=1777571230","url":"https:\/\/zeromagazine.mx\/wp-content\/litespeed\/avatar\/f91dfe5410d5dcb1a576bf8c45983896.jpg?ver=1777571230","contentUrl":"https:\/\/zeromagazine.mx\/wp-content\/litespeed\/avatar\/f91dfe5410d5dcb1a576bf8c45983896.jpg?ver=1777571230","caption":"zeromagazinemx"},"url":"https:\/\/zeromagazine.mx\/index.php\/author\/zeromagazinemx\/"}]}},"jetpack_publicize_connections":[],"jetpack_featured_media_url":"https:\/\/i0.wp.com\/zeromagazine.mx\/wp-content\/uploads\/2024\/09\/No-te-pierdas-la-preventa-para-la-gala-final-de-La-Casa-de-los-Famosos-con-Cinepolis-QUE-CINE.jpg?fit=493%2C703&ssl=1","jetpack-related-posts":[{"id":82897,"url":"https:\/\/zeromagazine.mx\/index.php\/2024\/08\/31\/cine-imperdible-drama-y-nostalgia\/","url_meta":{"origin":84641,"position":0},"title":"\u00abCine Imperdible: Drama y Nostalgia\u00bb","author":"zeromagazinemx","date":"31 de agosto de 2024","format":false,"excerpt":"Este septiembre, la Sala de Arte Cin\u00e9polis\u00ae nos tiene dos estrenos que est\u00e1n incre\u00edbles que no querr\u00e1s perder. Prep\u00e1rate para un rollercoaster emocional con\u00a0Cielo Rojo\u00a0y un paseo\u00a0con Madeleine. Estas pelis est\u00e1n llenas de drama, conexiones profundas y momentos que van a dejarte pensando por d\u00edas. As\u00ed que, si est\u00e1s buscando\u2026","rel":"","context":"En \u00abCultura\u00bb","block_context":{"text":"Cultura","link":"https:\/\/zeromagazine.mx\/index.php\/category\/cultura\/"},"img":{"alt_text":"","src":"https:\/\/i0.wp.com\/zeromagazine.mx\/wp-content\/uploads\/2024\/08\/image002.png?resize=350%2C200&ssl=1","width":350,"height":200},"classes":[]},{"id":72669,"url":"https:\/\/zeromagazine.mx\/index.php\/2024\/03\/27\/explorando-el-futuro-del-cine-todo-sobre-el-upfront-contenido-cinepolis-2024\/","url_meta":{"origin":84641,"position":1},"title":"Explorando el futuro del cine: Todo sobre el Upfront Contenido Cin\u00e9polis 2024","author":"zeromagazinemx","date":"27 de marzo de 2024","format":false,"excerpt":"Si eres de los que aman perderse en el mundo del cine, \u00a1presta atenci\u00f3n! Porque Cin\u00e9polis nos tiene preparado un lineup que simplemente no podemos ignorar. \u00bfListos para conocer qu\u00e9 nos espera en las pantallas este 2024? \u00a1Aqu\u00ed te lo cuento! Primero que nada, tenemos que hablar de los estrenos\u2026","rel":"","context":"En \u00abCine\u00bb","block_context":{"text":"Cine","link":"https:\/\/zeromagazine.mx\/index.php\/category\/entretenimiento\/cine\/"},"img":{"alt_text":"","src":"https:\/\/i0.wp.com\/zeromagazine.mx\/wp-content\/uploads\/2024\/03\/image003.jpg?fit=1200%2C800&ssl=1&resize=350%2C200","width":350,"height":200,"srcset":"https:\/\/i0.wp.com\/zeromagazine.mx\/wp-content\/uploads\/2024\/03\/image003.jpg?fit=1200%2C800&ssl=1&resize=350%2C200 1x, https:\/\/i0.wp.com\/zeromagazine.mx\/wp-content\/uploads\/2024\/03\/image003.jpg?fit=1200%2C800&ssl=1&resize=525%2C300 1.5x, https:\/\/i0.wp.com\/zeromagazine.mx\/wp-content\/uploads\/2024\/03\/image003.jpg?fit=1200%2C800&ssl=1&resize=700%2C400 2x, https:\/\/i0.wp.com\/zeromagazine.mx\/wp-content\/uploads\/2024\/03\/image003.jpg?fit=1200%2C800&ssl=1&resize=1050%2C600 3x"},"classes":[]},{"id":82478,"url":"https:\/\/zeromagazine.mx\/index.php\/2024\/08\/26\/cronica-sangrienta-terror-coreano-en-cinepolis\/","url_meta":{"origin":84641,"position":2},"title":"\u00abCr\u00f3nica Sangrienta: Terror Coreano en Cin\u00e9polis\u00bb","author":"zeromagazinemx","date":"26 de agosto de 2024","format":false,"excerpt":"\u00a1Hola a tod@s! Si eres de los que aman las pel\u00edculas de terror que te ponen a sudar fr\u00edo, get ready porque\u00a0Cr\u00f3nica, Sangrienta\u00a0acaba de llegar a las salas de Cin\u00e9polis gracias a +QUE CINE, y te juro que no est\u00e1s ready para lo que viene. Esta movie no es la\u2026","rel":"","context":"En \u00abCultura\u00bb","block_context":{"text":"Cultura","link":"https:\/\/zeromagazine.mx\/index.php\/category\/cultura\/"},"img":{"alt_text":"man looking up","src":"https:\/\/i0.wp.com\/zeromagazine.mx\/wp-content\/uploads\/2024\/08\/pexels-photo-312491.jpeg?fit=1200%2C675&ssl=1&resize=350%2C200","width":350,"height":200,"srcset":"https:\/\/i0.wp.com\/zeromagazine.mx\/wp-content\/uploads\/2024\/08\/pexels-photo-312491.jpeg?fit=1200%2C675&ssl=1&resize=350%2C200 1x, https:\/\/i0.wp.com\/zeromagazine.mx\/wp-content\/uploads\/2024\/08\/pexels-photo-312491.jpeg?fit=1200%2C675&ssl=1&resize=525%2C300 1.5x, https:\/\/i0.wp.com\/zeromagazine.mx\/wp-content\/uploads\/2024\/08\/pexels-photo-312491.jpeg?fit=1200%2C675&ssl=1&resize=700%2C400 2x, https:\/\/i0.wp.com\/zeromagazine.mx\/wp-content\/uploads\/2024\/08\/pexels-photo-312491.jpeg?fit=1200%2C675&ssl=1&resize=1050%2C600 3x"},"classes":[]},{"id":93756,"url":"https:\/\/zeromagazine.mx\/index.php\/2024\/12\/20\/mufasa-llega-al-cine-con-increibles-coleccionables\/","url_meta":{"origin":84641,"position":3},"title":"Mufasa llega al Cine con Incre\u00edbles Coleccionables","author":"zeromagazinemx","date":"20 de diciembre de 2024","format":false,"excerpt":"Holi, amix. Hoy vengo a contarles de algo que literal va a hacer que corran al cine con palomitas en mano y coraz\u00f3n emocionado. Y s\u00ed, estoy hablando de Mufasa: El Rey Le\u00f3n. Esta joya animada llega a nuestras vidas el pr\u00f3ximo 19 de diciembre, y obvio, Cin\u00e9polis no se\u2026","rel":"","context":"En \u00abDise\u00f1o\u00bb","block_context":{"text":"Dise\u00f1o","link":"https:\/\/zeromagazine.mx\/index.php\/category\/diseno\/"},"img":{"alt_text":"","src":"https:\/\/i0.wp.com\/zeromagazine.mx\/wp-content\/uploads\/2024\/12\/VENTA-CC-MUFASA-CINEPOLIS.jpg?fit=927%2C1200&ssl=1&resize=350%2C200","width":350,"height":200,"srcset":"https:\/\/i0.wp.com\/zeromagazine.mx\/wp-content\/uploads\/2024\/12\/VENTA-CC-MUFASA-CINEPOLIS.jpg?fit=927%2C1200&ssl=1&resize=350%2C200 1x, https:\/\/i0.wp.com\/zeromagazine.mx\/wp-content\/uploads\/2024\/12\/VENTA-CC-MUFASA-CINEPOLIS.jpg?fit=927%2C1200&ssl=1&resize=525%2C300 1.5x, https:\/\/i0.wp.com\/zeromagazine.mx\/wp-content\/uploads\/2024\/12\/VENTA-CC-MUFASA-CINEPOLIS.jpg?fit=927%2C1200&ssl=1&resize=700%2C400 2x"},"classes":[]},{"id":106258,"url":"https:\/\/zeromagazine.mx\/index.php\/2025\/06\/24\/f1-y-brad-pitt-en-cinepolis-adrenalina-con-garantia\/","url_meta":{"origin":84641,"position":4},"title":"F1 y Brad Pitt en Cin\u00e9polis: adrenalina con Garant\u00eda","author":"David Morales","date":"24 de junio de 2025","format":false,"excerpt":"\u00bfAmix, eres fan de las pelis intensas, los motores a mil y Brad Pitt con toda su facha de leyenda? Entonces este plan te va a encantar: F1, la nueva peli de Warner Bros., llega a Cin\u00e9polis este 26 de junio con Garant\u00eda Cin\u00e9polis\u00ae, y s\u00ed, tiene todo para convertirse\u2026","rel":"","context":"En \u00abEntretenimiento\u00bb","block_context":{"text":"Entretenimiento","link":"https:\/\/zeromagazine.mx\/index.php\/category\/entretenimiento\/"},"img":{"alt_text":"","src":"https:\/\/i0.wp.com\/zeromagazine.mx\/wp-content\/uploads\/2025\/06\/image.jpg?resize=350%2C200&ssl=1","width":350,"height":200},"classes":[]},{"id":90325,"url":"https:\/\/zeromagazine.mx\/index.php\/2024\/11\/12\/cine-a-precios-epicos-ya\/","url_meta":{"origin":84641,"position":5},"title":"\u00ab\u00a1Cine a Precios \u00c9picos Ya!\u00bb","author":"zeromagazinemx","date":"12 de noviembre de 2024","format":false,"excerpt":"Si eres un verdadero fan del cine, \u00a1este art\u00edculo es para ti! Si no te has enterado a\u00fan, prep\u00e1rate para una experiencia \u00e9pica, porque la\u00a0Fiesta Cin\u00e9polis\u00a0comienza hoy, y \u00a1no te puedes perder la oportunidad de disfrutar de todo el cine que amas a un precio super cool! Del\u00a011 al 13\u2026","rel":"","context":"En \u00abCultura\u00bb","block_context":{"text":"Cultura","link":"https:\/\/zeromagazine.mx\/index.php\/category\/cultura\/"},"img":{"alt_text":"","src":"https:\/\/i0.wp.com\/zeromagazine.mx\/wp-content\/uploads\/2024\/11\/image.png?resize=350%2C200&ssl=1","width":350,"height":200},"classes":[]}],"jetpack_sharing_enabled":true,"builder_content":"","_links":{"self":[{"href":"https:\/\/zeromagazine.mx\/index.php\/wp-json\/wp\/v2\/posts\/84641","targetHints":{"allow":["GET"]}}],"collection":[{"href":"https:\/\/zeromagazine.mx\/index.php\/wp-json\/wp\/v2\/posts"}],"about":[{"href":"https:\/\/zeromagazine.mx\/index.php\/wp-json\/wp\/v2\/types\/post"}],"author":[{"embeddable":true,"href":"https:\/\/zeromagazine.mx\/index.php\/wp-json\/wp\/v2\/users\/2"}],"replies":[{"embeddable":true,"href":"https:\/\/zeromagazine.mx\/index.php\/wp-json\/wp\/v2\/comments?post=84641"}],"version-history":[{"count":7,"href":"https:\/\/zeromagazine.mx\/index.php\/wp-json\/wp\/v2\/posts\/84641\/revisions"}],"predecessor-version":[{"id":84651,"href":"https:\/\/zeromagazine.mx\/index.php\/wp-json\/wp\/v2\/posts\/84641\/revisions\/84651"}],"wp:featuredmedia":[{"embeddable":true,"href":"https:\/\/zeromagazine.mx\/index.php\/wp-json\/wp\/v2\/media\/84642"}],"wp:attachment":[{"href":"https:\/\/zeromagazine.mx\/index.php\/wp-json\/wp\/v2\/media?parent=84641"}],"wp:term":[{"taxonomy":"category","embeddable":true,"href":"https:\/\/zeromagazine.mx\/index.php\/wp-json\/wp\/v2\/categories?post=84641"},{"taxonomy":"post_tag","embeddable":true,"href":"https:\/\/zeromagazine.mx\/index.php\/wp-json\/wp\/v2\/tags?post=84641"}],"curies":[{"name":"wp","href":"https:\/\/api.w.org\/{rel}","templated":true}]}}