{"id":85124,"date":"2024-10-03T03:33:25","date_gmt":"2024-10-03T01:33:25","guid":{"rendered":"https:\/\/zeromagazine.mx\/?p=85124"},"modified":"2024-10-03T03:33:27","modified_gmt":"2024-10-03T01:33:27","slug":"j-cross-del-piano-al-beat-mundial","status":"publish","type":"post","link":"https:\/\/zeromagazine.mx\/index.php\/2024\/10\/03\/j-cross-del-piano-al-beat-mundial\/","title":{"rendered":"J Cross: Del Piano al Beat Mundial"},"content":{"rendered":"<!--themify_builder_content-->\n<div id=\"themify_builder_content-85124\" data-postid=\"85124\" class=\"themify_builder_content themify_builder_content-85124 themify_builder tf_clear\">\n    <\/div>\n<!--\/themify_builder_content-->\n\n\n<p>En esta edici\u00f3n de Zero Magazine Mx, tenemos el honor de charlar con J Cross, un talentoso productor y cantante que ha llevado su pasi\u00f3n por la m\u00fasica a niveles impresionantes. Desde su infancia inmersa en el piano hasta llegar a colaborar con artistas de renombre como Farruko, J Cross nos comparte su experiencia \u00fanica combinando g\u00e9neros y explorando emociones profundas a trav\u00e9s de su m\u00fasica.<br><br>Por: El Poderoso Dave<br>Foto: Marielle Valencia<br>Grooming: Dafne Flores<br>Styling: El Poderoso Dave<\/p>\n\n\n\n<figure class=\"wp-block-image size-full is-resized\"><img data-recalc-dims=\"1\" decoding=\"async\" width=\"1165\" height=\"1747\" src=\"https:\/\/i0.wp.com\/zeromagazine.mx\/wp-content\/uploads\/2024\/10\/IMG_1714-scaled.jpeg?resize=1165%2C1747&#038;ssl=1\" alt=\"\" class=\"wp-image-85125\" style=\"width:1085px;height:auto\" srcset=\"https:\/\/i0.wp.com\/zeromagazine.mx\/wp-content\/uploads\/2024\/10\/IMG_1714-scaled.jpeg?w=1707&amp;ssl=1 1707w, https:\/\/i0.wp.com\/zeromagazine.mx\/wp-content\/uploads\/2024\/10\/IMG_1714-scaled.jpeg?resize=200%2C300&amp;ssl=1 200w, https:\/\/i0.wp.com\/zeromagazine.mx\/wp-content\/uploads\/2024\/10\/IMG_1714-scaled.jpeg?resize=683%2C1024&amp;ssl=1 683w, https:\/\/i0.wp.com\/zeromagazine.mx\/wp-content\/uploads\/2024\/10\/IMG_1714-scaled.jpeg?resize=768%2C1152&amp;ssl=1 768w, https:\/\/i0.wp.com\/zeromagazine.mx\/wp-content\/uploads\/2024\/10\/IMG_1714-scaled.jpeg?resize=1024%2C1536&amp;ssl=1 1024w, https:\/\/i0.wp.com\/zeromagazine.mx\/wp-content\/uploads\/2024\/10\/IMG_1714-scaled.jpeg?resize=1365%2C2048&amp;ssl=1 1365w\" sizes=\"(max-width: 1165px) 100vw, 1165px\" \/><figcaption class=\"wp-element-caption\">Chamarra: Malva Vintage<\/figcaption><\/figure>\n\n\n\n<script async src=\"https:\/\/pagead2.googlesyndication.com\/pagead\/js\/adsbygoogle.js?client=ca-pub-5499304793904745\"\n     crossorigin=\"anonymous\"><\/script>\n<ins class=\"adsbygoogle\"\n     style=\"display:block; text-align:center;\"\n     data-ad-layout=\"in-article\"\n     data-ad-format=\"fluid\"\n     data-ad-client=\"ca-pub-5499304793904745\"\n     data-ad-slot=\"5994863093\"><\/ins>\n<script>\n     (adsbygoogle = window.adsbygoogle || []).push({});\n<\/script>\n\n\n\n<p><strong>\u00bfC\u00f3mo crees que tus experiencias culturales han influido en tu m\u00fasica?<\/strong><br>Yo creo que, como m\u00fasico, tal vez todav\u00eda no s\u00e9 tanto, pero en lo personal, me abri\u00f3 much\u00edsimo la mente. Desde peque\u00f1o, con cuatro a\u00f1os, me mud\u00e9 a Dinamarca, lo que me permiti\u00f3 conocer otra cultura y otro idioma completamente diferentes. Esa experiencia me ayud\u00f3 a atreverme a explorar g\u00e9neros y hacer mezclas raras en la m\u00fasica, aunque tal vez todav\u00eda no soy completamente consciente de c\u00f3mo influir\u00e1 en el futuro.<\/p>\n\n\n\n<p><strong>\u00bfQu\u00e9 emociones sentiste en esos primeros momentos con el piano?<\/strong><br>Fue mi abuela y mi t\u00eda quienes me introdujeron al piano, ya que abrieron una academia de m\u00fasica. Empec\u00e9 a tocar a los cinco a\u00f1os, pero realmente no tengo un recuerdo claro de c\u00f3mo me sent\u00eda. Simplemente crec\u00ed con eso, y ya ten\u00eda el \u201cpreset\u201d de que esto es lo que iba a hacer. No fue un momento revelador, sino algo con lo que nac\u00ed y siempre he tenido presente.<\/p>\n\n\n\n<p><strong>\u00bfCu\u00e1les son tus principales influencias musicales?<\/strong><br>Dir\u00eda que mi influencia n\u00famero uno es Skrillex, quien me llev\u00f3 a la m\u00fasica electr\u00f3nica. Luego, Led Zeppelin, mi banda de rock favorita de todos los tiempos. Por \u00faltimo, Farruko, quien tambi\u00e9n ha influenciado mucho mis gustos musicales y mi aproximaci\u00f3n a la producci\u00f3n.<\/p>\n\n\n\n<figure class=\"wp-block-image size-full\"><img data-recalc-dims=\"1\" decoding=\"async\" width=\"1165\" height=\"1747\" src=\"https:\/\/i0.wp.com\/zeromagazine.mx\/wp-content\/uploads\/2024\/10\/IMG_1713-scaled.jpeg?resize=1165%2C1747&#038;ssl=1\" alt=\"\" class=\"wp-image-85126\" srcset=\"https:\/\/i0.wp.com\/zeromagazine.mx\/wp-content\/uploads\/2024\/10\/IMG_1713-scaled.jpeg?w=1707&amp;ssl=1 1707w, https:\/\/i0.wp.com\/zeromagazine.mx\/wp-content\/uploads\/2024\/10\/IMG_1713-scaled.jpeg?resize=200%2C300&amp;ssl=1 200w, https:\/\/i0.wp.com\/zeromagazine.mx\/wp-content\/uploads\/2024\/10\/IMG_1713-scaled.jpeg?resize=683%2C1024&amp;ssl=1 683w, https:\/\/i0.wp.com\/zeromagazine.mx\/wp-content\/uploads\/2024\/10\/IMG_1713-scaled.jpeg?resize=768%2C1152&amp;ssl=1 768w, https:\/\/i0.wp.com\/zeromagazine.mx\/wp-content\/uploads\/2024\/10\/IMG_1713-scaled.jpeg?resize=1024%2C1536&amp;ssl=1 1024w, https:\/\/i0.wp.com\/zeromagazine.mx\/wp-content\/uploads\/2024\/10\/IMG_1713-scaled.jpeg?resize=1365%2C2048&amp;ssl=1 1365w\" sizes=\"(max-width: 1165px) 100vw, 1165px\" \/><figcaption class=\"wp-element-caption\">Camisa C&amp;A<\/figcaption><\/figure>\n\n\n\n<script async src=\"https:\/\/pagead2.googlesyndication.com\/pagead\/js\/adsbygoogle.js?client=ca-pub-5499304793904745\"\n     crossorigin=\"anonymous\"><\/script>\n<ins class=\"adsbygoogle\"\n     style=\"display:block; text-align:center;\"\n     data-ad-layout=\"in-article\"\n     data-ad-format=\"fluid\"\n     data-ad-client=\"ca-pub-5499304793904745\"\n     data-ad-slot=\"5994863093\"><\/ins>\n<script>\n     (adsbygoogle = window.adsbygoogle || []).push({});\n<\/script>\n\n\n\n<p><strong>\u00bfC\u00f3mo te sentiste al ver la respuesta del p\u00fablico a tu primera canci\u00f3n?<\/strong><br>La verdad, fue la gota que derram\u00f3 el vaso y lo que me impuls\u00f3 a seguir mi sue\u00f1o. Mi primer canci\u00f3n la hice como un test, y cuando super\u00f3 el mill\u00f3n de reproducciones en Spotify el primer a\u00f1o, me di cuenta de que realmente hab\u00eda algo ah\u00ed. No fue planeado, todo fue org\u00e1nico, sin publicidad, y eso me dio la motivaci\u00f3n para seguir adelante.<\/p>\n\n\n\n<p><strong>\u00bfQu\u00e9 has aprendido sobre ti mismo a trav\u00e9s de estas experiencias?<\/strong><br>He aprendido que realmente se puede lograr lo que uno quiere. Cuando entr\u00e9 con Farruko, yo no hac\u00eda reggaet\u00f3n ni trap, pero aprend\u00ed mucho de ellos, y mi primer disco de trap se convirti\u00f3 en oro en Puerto Rico. Estas experiencias me han ense\u00f1ado que uno debe ser flexible y abierto a aprender.<\/p>\n\n\n\n<p><strong>\u00bfC\u00f3mo surgi\u00f3 tu conexi\u00f3n con Farruko?<\/strong><br>Estaba en Miami buscando trabajo en un estudio despu\u00e9s de la pandemia. Comenc\u00e9 como pasante, y una noche me llamaron para una sesi\u00f3n sin decirme con qui\u00e9n. Result\u00f3 ser Farruko, y tras esa primera experiencia, me llamaron dos semanas despu\u00e9s con una oferta de contrato.<\/p>\n\n\n\n<figure class=\"wp-block-image size-full\"><img data-recalc-dims=\"1\" decoding=\"async\" width=\"1165\" height=\"1747\" src=\"https:\/\/i0.wp.com\/zeromagazine.mx\/wp-content\/uploads\/2024\/10\/IMG_1699-scaled.jpeg?resize=1165%2C1747&#038;ssl=1\" alt=\"\" class=\"wp-image-85127\" srcset=\"https:\/\/i0.wp.com\/zeromagazine.mx\/wp-content\/uploads\/2024\/10\/IMG_1699-scaled.jpeg?w=1707&amp;ssl=1 1707w, https:\/\/i0.wp.com\/zeromagazine.mx\/wp-content\/uploads\/2024\/10\/IMG_1699-scaled.jpeg?resize=200%2C300&amp;ssl=1 200w, https:\/\/i0.wp.com\/zeromagazine.mx\/wp-content\/uploads\/2024\/10\/IMG_1699-scaled.jpeg?resize=683%2C1024&amp;ssl=1 683w, https:\/\/i0.wp.com\/zeromagazine.mx\/wp-content\/uploads\/2024\/10\/IMG_1699-scaled.jpeg?resize=768%2C1152&amp;ssl=1 768w, https:\/\/i0.wp.com\/zeromagazine.mx\/wp-content\/uploads\/2024\/10\/IMG_1699-scaled.jpeg?resize=1024%2C1536&amp;ssl=1 1024w, https:\/\/i0.wp.com\/zeromagazine.mx\/wp-content\/uploads\/2024\/10\/IMG_1699-scaled.jpeg?resize=1365%2C2048&amp;ssl=1 1365w\" sizes=\"(max-width: 1165px) 100vw, 1165px\" \/><figcaption class=\"wp-element-caption\">Tank Top: American Eagle \/ Pantal\u00f3n: Cider<\/figcaption><\/figure>\n\n\n\n<script async src=\"https:\/\/pagead2.googlesyndication.com\/pagead\/js\/adsbygoogle.js?client=ca-pub-5499304793904745\"\n     crossorigin=\"anonymous\"><\/script>\n<ins class=\"adsbygoogle\"\n     style=\"display:block; text-align:center;\"\n     data-ad-layout=\"in-article\"\n     data-ad-format=\"fluid\"\n     data-ad-client=\"ca-pub-5499304793904745\"\n     data-ad-slot=\"5994863093\"><\/ins>\n<script>\n     (adsbygoogle = window.adsbygoogle || []).push({});\n<\/script>\n\n\n\n<p><strong>\u00bfC\u00f3mo manejaste la presi\u00f3n durante la pandemia y los retos que vinieron con ella?<\/strong><br>Realmente actu\u00e9 por inercia, siguiendo mi pasi\u00f3n. Ten\u00eda la presi\u00f3n de la visa y el miedo de no encontrar trabajo, pero decid\u00ed no dejar que el miedo me detuviera. Trabaj\u00e9 80-90 horas a la semana sin paga durante seis meses, pero ese esfuerzo me forj\u00f3 como profesional.<\/p>\n\n\n\n<p><strong>Prefieres estar detr\u00e1s de la producci\u00f3n. \u00bfQu\u00e9 significa para ti ser el cerebro detr\u00e1s de cada canci\u00f3n?<\/strong><br>Me encanta estar detr\u00e1s de c\u00e1maras. He aprendido que un productor no solo hace la instrumental, sino que se encarga de todo el proceso, desde hablar con el artista hasta darle forma a la canci\u00f3n. Sin embargo, este a\u00f1o decid\u00ed tambi\u00e9n sacar mi propia m\u00fasica como productor y DJ, combinando m\u00fasica electr\u00f3nica con sonidos urbanos.<\/p>\n\n\n\n<p><strong>\u00bfQu\u00e9 emociones buscas transmitir con tus mezclas musicales?<\/strong><br>Quiero transmitir una sensaci\u00f3n de paz y euforia, como la que sent\u00ed en mi primer festival de m\u00fasica electr\u00f3nica. Esa experiencia me marc\u00f3 profundamente, y quiero llevar esa energ\u00eda a la gente a trav\u00e9s de mi m\u00fasica.<\/p>\n\n\n\n<figure class=\"wp-block-image size-full\"><img data-recalc-dims=\"1\" decoding=\"async\" width=\"1165\" height=\"1747\" src=\"https:\/\/i0.wp.com\/zeromagazine.mx\/wp-content\/uploads\/2024\/10\/IMG_1710-scaled.jpeg?resize=1165%2C1747&#038;ssl=1\" alt=\"\" class=\"wp-image-85128\" srcset=\"https:\/\/i0.wp.com\/zeromagazine.mx\/wp-content\/uploads\/2024\/10\/IMG_1710-scaled.jpeg?w=1707&amp;ssl=1 1707w, https:\/\/i0.wp.com\/zeromagazine.mx\/wp-content\/uploads\/2024\/10\/IMG_1710-scaled.jpeg?resize=200%2C300&amp;ssl=1 200w, https:\/\/i0.wp.com\/zeromagazine.mx\/wp-content\/uploads\/2024\/10\/IMG_1710-scaled.jpeg?resize=683%2C1024&amp;ssl=1 683w, https:\/\/i0.wp.com\/zeromagazine.mx\/wp-content\/uploads\/2024\/10\/IMG_1710-scaled.jpeg?resize=768%2C1152&amp;ssl=1 768w, https:\/\/i0.wp.com\/zeromagazine.mx\/wp-content\/uploads\/2024\/10\/IMG_1710-scaled.jpeg?resize=1024%2C1536&amp;ssl=1 1024w, https:\/\/i0.wp.com\/zeromagazine.mx\/wp-content\/uploads\/2024\/10\/IMG_1710-scaled.jpeg?resize=1365%2C2048&amp;ssl=1 1365w\" sizes=\"(max-width: 1165px) 100vw, 1165px\" \/><figcaption class=\"wp-element-caption\">Pantal\u00f3n: Amnes!a<\/figcaption><\/figure>\n\n\n\n<script async src=\"https:\/\/pagead2.googlesyndication.com\/pagead\/js\/adsbygoogle.js?client=ca-pub-5499304793904745\"\n     crossorigin=\"anonymous\"><\/script>\n<ins class=\"adsbygoogle\"\n     style=\"display:block; text-align:center;\"\n     data-ad-layout=\"in-article\"\n     data-ad-format=\"fluid\"\n     data-ad-client=\"ca-pub-5499304793904745\"\n     data-ad-slot=\"5994863093\"><\/ins>\n<script>\n     (adsbygoogle = window.adsbygoogle || []).push({});\n<\/script>\n\n\n\n<p><strong>\u00bfC\u00f3mo te ves en los pr\u00f3ximos 10 a\u00f1os?<\/strong><br>Me veo con mi propia disquera, ayudando a productores a desarrollar sonidos nuevos sin miedo a la cr\u00edtica. Tambi\u00e9n me veo tocando en festivales como Tomorrowland y llevando mi m\u00fasica a todo el mundo.<\/p>\n\n\n\n<p><strong>\u00bfQu\u00e9 es lo que te hace sentir m\u00e1s orgulloso hasta ahora?<\/strong><br>Lo que m\u00e1s me enorgullece es que nunca me he rendido. He tenido muchas oportunidades para tirar la toalla, pero siempre he seguido adelante.<\/p>\n\n\n\n<p><strong>Por \u00faltimo, \u00bfqu\u00e9 planes tienes a futuro?<\/strong><br>Acabo de sacar dos canciones, \u201cAcapulco\u201d y \u201cCDMX\u201d, y este 12 de septiembre lanzo un EP de seis canciones, donde colaboro con Farruko. Mi proyecto se llama \u201cUrban House\u201d, y combina m\u00fasica electr\u00f3nica con el ambiente urbano, un sonido que ya est\u00e1 conectando con la gente.<\/p>\n\n\n\n<figure class=\"wp-block-image size-full\"><img data-recalc-dims=\"1\" decoding=\"async\" width=\"1165\" height=\"1747\" src=\"https:\/\/i0.wp.com\/zeromagazine.mx\/wp-content\/uploads\/2024\/10\/IMG_1706-scaled.jpeg?resize=1165%2C1747&#038;ssl=1\" alt=\"\" class=\"wp-image-85129\" srcset=\"https:\/\/i0.wp.com\/zeromagazine.mx\/wp-content\/uploads\/2024\/10\/IMG_1706-scaled.jpeg?w=1707&amp;ssl=1 1707w, https:\/\/i0.wp.com\/zeromagazine.mx\/wp-content\/uploads\/2024\/10\/IMG_1706-scaled.jpeg?resize=200%2C300&amp;ssl=1 200w, https:\/\/i0.wp.com\/zeromagazine.mx\/wp-content\/uploads\/2024\/10\/IMG_1706-scaled.jpeg?resize=683%2C1024&amp;ssl=1 683w, https:\/\/i0.wp.com\/zeromagazine.mx\/wp-content\/uploads\/2024\/10\/IMG_1706-scaled.jpeg?resize=768%2C1152&amp;ssl=1 768w, https:\/\/i0.wp.com\/zeromagazine.mx\/wp-content\/uploads\/2024\/10\/IMG_1706-scaled.jpeg?resize=1024%2C1536&amp;ssl=1 1024w, https:\/\/i0.wp.com\/zeromagazine.mx\/wp-content\/uploads\/2024\/10\/IMG_1706-scaled.jpeg?resize=1365%2C2048&amp;ssl=1 1365w\" sizes=\"(max-width: 1165px) 100vw, 1165px\" \/><\/figure>\n\n\n\n<script async src=\"https:\/\/pagead2.googlesyndication.com\/pagead\/js\/adsbygoogle.js?client=ca-pub-5499304793904745\"\n     crossorigin=\"anonymous\"><\/script>\n<ins class=\"adsbygoogle\"\n     style=\"display:block; text-align:center;\"\n     data-ad-layout=\"in-article\"\n     data-ad-format=\"fluid\"\n     data-ad-client=\"ca-pub-5499304793904745\"\n     data-ad-slot=\"5994863093\"><\/ins>\n<script>\n     (adsbygoogle = window.adsbygoogle || []).push({});\n<\/script>\n\n\n\n<p>Con una mezcla \u00fanica de g\u00e9neros, y una visi\u00f3n clara de su futuro en la industria, J Cross est\u00e1 en camino de dejar una huella importante en la m\u00fasica. No solo es un productor talentoso, sino tambi\u00e9n un artista con una pasi\u00f3n profunda por lo que hace. Sin duda, su viaje musical apenas comienza, y estamos ansiosos por ver hasta d\u00f3nde lo llevar\u00e1.<\/p>","protected":false},"excerpt":{"rendered":"<p>En esta edici\u00f3n de Zero Magazine Mx, tenemos el honor de charlar con J Cross, un talentoso productor y cantante que ha llevado su pasi\u00f3n por la m\u00fasica a niveles impresionantes. Desde su infancia inmersa en el piano hasta llegar a colaborar con artistas de renombre como Farruko, J Cross nos comparte su experiencia \u00fanica [&hellip;]<\/p>\n","protected":false},"author":4,"featured_media":85125,"comment_status":"open","ping_status":"open","sticky":false,"template":"","format":"standard","meta":{"_jetpack_memberships_contains_paid_content":false,"footnotes":"","jetpack_publicize_message":"","jetpack_publicize_feature_enabled":true,"jetpack_social_post_already_shared":true,"jetpack_social_options":{"image_generator_settings":{"template":"highway","default_image_id":0,"font":"","enabled":false},"version":2}},"categories":[91],"tags":[10580,6845],"class_list":["post-85124","post","type-post","status-publish","format-standard","has-post-thumbnail","hentry","category-entrevistas","tag-jcross","tag-musica-2","has-post-title","has-post-date","has-post-category","has-post-tag","has-post-comment","has-post-author",""],"yoast_head":"<!-- This site is optimized with the Yoast SEO plugin v27.4 - https:\/\/yoast.com\/product\/yoast-seo-wordpress\/ -->\n<title>J Cross: Del Piano al Beat Mundial - Zero Magazine<\/title>\n<meta name=\"robots\" content=\"index, follow, max-snippet:-1, max-image-preview:large, max-video-preview:-1\" \/>\n<link rel=\"canonical\" href=\"https:\/\/zeromagazine.mx\/index.php\/2024\/10\/03\/j-cross-del-piano-al-beat-mundial\/\" \/>\n<meta property=\"og:locale\" content=\"es_ES\" \/>\n<meta property=\"og:type\" content=\"article\" \/>\n<meta property=\"og:title\" content=\"J Cross: Del Piano al Beat Mundial - Zero Magazine\" \/>\n<meta property=\"og:description\" content=\"En esta edici\u00f3n de Zero Magazine Mx, tenemos el honor de charlar con J Cross, un talentoso productor y cantante que ha llevado su pasi\u00f3n por la m\u00fasica a niveles impresionantes. Desde su infancia inmersa en el piano hasta llegar a colaborar con artistas de renombre como Farruko, J Cross nos comparte su experiencia \u00fanica [&hellip;]\" \/>\n<meta property=\"og:url\" content=\"https:\/\/zeromagazine.mx\/index.php\/2024\/10\/03\/j-cross-del-piano-al-beat-mundial\/\" \/>\n<meta property=\"og:site_name\" content=\"Zero Magazine\" \/>\n<meta property=\"article:published_time\" content=\"2024-10-03T01:33:25+00:00\" \/>\n<meta property=\"article:modified_time\" content=\"2024-10-03T01:33:27+00:00\" \/>\n<meta property=\"og:image\" content=\"https:\/\/i0.wp.com\/zeromagazine.mx\/wp-content\/uploads\/2024\/10\/IMG_1714-scaled.jpeg?fit=1707%2C2560&ssl=1\" \/>\n\t<meta property=\"og:image:width\" content=\"1707\" \/>\n\t<meta property=\"og:image:height\" content=\"2560\" \/>\n\t<meta property=\"og:image:type\" content=\"image\/jpeg\" \/>\n<meta name=\"author\" content=\"David Morales\" \/>\n<meta name=\"twitter:card\" content=\"summary_large_image\" \/>\n<meta name=\"twitter:label1\" content=\"Escrito por\" \/>\n\t<meta name=\"twitter:data1\" content=\"David Morales\" \/>\n\t<meta name=\"twitter:label2\" content=\"Tiempo de lectura\" \/>\n\t<meta name=\"twitter:data2\" content=\"5 minutos\" \/>\n<script type=\"application\/ld+json\" class=\"yoast-schema-graph\">{\"@context\":\"https:\\\/\\\/schema.org\",\"@graph\":[{\"@type\":\"Article\",\"@id\":\"https:\\\/\\\/zeromagazine.mx\\\/index.php\\\/2024\\\/10\\\/03\\\/j-cross-del-piano-al-beat-mundial\\\/#article\",\"isPartOf\":{\"@id\":\"https:\\\/\\\/zeromagazine.mx\\\/index.php\\\/2024\\\/10\\\/03\\\/j-cross-del-piano-al-beat-mundial\\\/\"},\"author\":{\"name\":\"David Morales\",\"@id\":\"https:\\\/\\\/zeromagazine.mx\\\/#\\\/schema\\\/person\\\/9f7f1a17c60ba8e9980e3e6677aabe5a\"},\"headline\":\"J Cross: Del Piano al Beat Mundial\",\"datePublished\":\"2024-10-03T01:33:25+00:00\",\"dateModified\":\"2024-10-03T01:33:27+00:00\",\"mainEntityOfPage\":{\"@id\":\"https:\\\/\\\/zeromagazine.mx\\\/index.php\\\/2024\\\/10\\\/03\\\/j-cross-del-piano-al-beat-mundial\\\/\"},\"wordCount\":965,\"commentCount\":0,\"publisher\":{\"@id\":\"https:\\\/\\\/zeromagazine.mx\\\/#organization\"},\"image\":{\"@id\":\"https:\\\/\\\/zeromagazine.mx\\\/index.php\\\/2024\\\/10\\\/03\\\/j-cross-del-piano-al-beat-mundial\\\/#primaryimage\"},\"thumbnailUrl\":\"https:\\\/\\\/i0.wp.com\\\/zeromagazine.mx\\\/wp-content\\\/uploads\\\/2024\\\/10\\\/IMG_1714-scaled.jpeg?fit=1707%2C2560&ssl=1\",\"keywords\":[\"jcross\",\"Musica\"],\"articleSection\":[\"Entrevistas\"],\"inLanguage\":\"es\",\"potentialAction\":[{\"@type\":\"CommentAction\",\"name\":\"Comment\",\"target\":[\"https:\\\/\\\/zeromagazine.mx\\\/index.php\\\/2024\\\/10\\\/03\\\/j-cross-del-piano-al-beat-mundial\\\/#respond\"]}]},{\"@type\":\"WebPage\",\"@id\":\"https:\\\/\\\/zeromagazine.mx\\\/index.php\\\/2024\\\/10\\\/03\\\/j-cross-del-piano-al-beat-mundial\\\/\",\"url\":\"https:\\\/\\\/zeromagazine.mx\\\/index.php\\\/2024\\\/10\\\/03\\\/j-cross-del-piano-al-beat-mundial\\\/\",\"name\":\"J Cross: Del Piano al Beat Mundial - Zero Magazine\",\"isPartOf\":{\"@id\":\"https:\\\/\\\/zeromagazine.mx\\\/#website\"},\"primaryImageOfPage\":{\"@id\":\"https:\\\/\\\/zeromagazine.mx\\\/index.php\\\/2024\\\/10\\\/03\\\/j-cross-del-piano-al-beat-mundial\\\/#primaryimage\"},\"image\":{\"@id\":\"https:\\\/\\\/zeromagazine.mx\\\/index.php\\\/2024\\\/10\\\/03\\\/j-cross-del-piano-al-beat-mundial\\\/#primaryimage\"},\"thumbnailUrl\":\"https:\\\/\\\/i0.wp.com\\\/zeromagazine.mx\\\/wp-content\\\/uploads\\\/2024\\\/10\\\/IMG_1714-scaled.jpeg?fit=1707%2C2560&ssl=1\",\"datePublished\":\"2024-10-03T01:33:25+00:00\",\"dateModified\":\"2024-10-03T01:33:27+00:00\",\"breadcrumb\":{\"@id\":\"https:\\\/\\\/zeromagazine.mx\\\/index.php\\\/2024\\\/10\\\/03\\\/j-cross-del-piano-al-beat-mundial\\\/#breadcrumb\"},\"inLanguage\":\"es\",\"potentialAction\":[{\"@type\":\"ReadAction\",\"target\":[\"https:\\\/\\\/zeromagazine.mx\\\/index.php\\\/2024\\\/10\\\/03\\\/j-cross-del-piano-al-beat-mundial\\\/\"]}]},{\"@type\":\"ImageObject\",\"inLanguage\":\"es\",\"@id\":\"https:\\\/\\\/zeromagazine.mx\\\/index.php\\\/2024\\\/10\\\/03\\\/j-cross-del-piano-al-beat-mundial\\\/#primaryimage\",\"url\":\"https:\\\/\\\/i0.wp.com\\\/zeromagazine.mx\\\/wp-content\\\/uploads\\\/2024\\\/10\\\/IMG_1714-scaled.jpeg?fit=1707%2C2560&ssl=1\",\"contentUrl\":\"https:\\\/\\\/i0.wp.com\\\/zeromagazine.mx\\\/wp-content\\\/uploads\\\/2024\\\/10\\\/IMG_1714-scaled.jpeg?fit=1707%2C2560&ssl=1\",\"width\":1707,\"height\":2560},{\"@type\":\"BreadcrumbList\",\"@id\":\"https:\\\/\\\/zeromagazine.mx\\\/index.php\\\/2024\\\/10\\\/03\\\/j-cross-del-piano-al-beat-mundial\\\/#breadcrumb\",\"itemListElement\":[{\"@type\":\"ListItem\",\"position\":1,\"name\":\"Portada\",\"item\":\"https:\\\/\\\/zeromagazine.mx\\\/\"},{\"@type\":\"ListItem\",\"position\":2,\"name\":\"J Cross: Del Piano al Beat Mundial\"}]},{\"@type\":\"WebSite\",\"@id\":\"https:\\\/\\\/zeromagazine.mx\\\/#website\",\"url\":\"https:\\\/\\\/zeromagazine.mx\\\/\",\"name\":\"Zero Magazine\",\"description\":\"\",\"publisher\":{\"@id\":\"https:\\\/\\\/zeromagazine.mx\\\/#organization\"},\"potentialAction\":[{\"@type\":\"SearchAction\",\"target\":{\"@type\":\"EntryPoint\",\"urlTemplate\":\"https:\\\/\\\/zeromagazine.mx\\\/?s={search_term_string}\"},\"query-input\":{\"@type\":\"PropertyValueSpecification\",\"valueRequired\":true,\"valueName\":\"search_term_string\"}}],\"inLanguage\":\"es\"},{\"@type\":\"Organization\",\"@id\":\"https:\\\/\\\/zeromagazine.mx\\\/#organization\",\"name\":\"Zero Magazine\",\"url\":\"https:\\\/\\\/zeromagazine.mx\\\/\",\"logo\":{\"@type\":\"ImageObject\",\"inLanguage\":\"es\",\"@id\":\"https:\\\/\\\/zeromagazine.mx\\\/#\\\/schema\\\/logo\\\/image\\\/\",\"url\":\"https:\\\/\\\/i0.wp.com\\\/zeromagazine.mx\\\/wp-content\\\/uploads\\\/2025\\\/11\\\/1.jpeg?fit=1000%2C1000&ssl=1\",\"contentUrl\":\"https:\\\/\\\/i0.wp.com\\\/zeromagazine.mx\\\/wp-content\\\/uploads\\\/2025\\\/11\\\/1.jpeg?fit=1000%2C1000&ssl=1\",\"width\":1000,\"height\":1000,\"caption\":\"Zero Magazine\"},\"image\":{\"@id\":\"https:\\\/\\\/zeromagazine.mx\\\/#\\\/schema\\\/logo\\\/image\\\/\"},\"sameAs\":[\"https:\\\/\\\/instagram.com\\\/zeromagazinemx\"]},{\"@type\":\"Person\",\"@id\":\"https:\\\/\\\/zeromagazine.mx\\\/#\\\/schema\\\/person\\\/9f7f1a17c60ba8e9980e3e6677aabe5a\",\"name\":\"David Morales\",\"image\":{\"@type\":\"ImageObject\",\"inLanguage\":\"es\",\"@id\":\"https:\\\/\\\/zeromagazine.mx\\\/wp-content\\\/litespeed\\\/avatar\\\/76069d2136bfc1c37dc34815bb67ca42.jpg?ver=1776966186\",\"url\":\"https:\\\/\\\/zeromagazine.mx\\\/wp-content\\\/litespeed\\\/avatar\\\/76069d2136bfc1c37dc34815bb67ca42.jpg?ver=1776966186\",\"contentUrl\":\"https:\\\/\\\/zeromagazine.mx\\\/wp-content\\\/litespeed\\\/avatar\\\/76069d2136bfc1c37dc34815bb67ca42.jpg?ver=1776966186\",\"caption\":\"David Morales\"},\"url\":\"https:\\\/\\\/zeromagazine.mx\\\/index.php\\\/author\\\/david\\\/\"}]}<\/script>\n<!-- \/ Yoast SEO plugin. -->","yoast_head_json":{"title":"J Cross: Del Piano al Beat Mundial - Zero Magazine","robots":{"index":"index","follow":"follow","max-snippet":"max-snippet:-1","max-image-preview":"max-image-preview:large","max-video-preview":"max-video-preview:-1"},"canonical":"https:\/\/zeromagazine.mx\/index.php\/2024\/10\/03\/j-cross-del-piano-al-beat-mundial\/","og_locale":"es_ES","og_type":"article","og_title":"J Cross: Del Piano al Beat Mundial - Zero Magazine","og_description":"En esta edici\u00f3n de Zero Magazine Mx, tenemos el honor de charlar con J Cross, un talentoso productor y cantante que ha llevado su pasi\u00f3n por la m\u00fasica a niveles impresionantes. Desde su infancia inmersa en el piano hasta llegar a colaborar con artistas de renombre como Farruko, J Cross nos comparte su experiencia \u00fanica [&hellip;]","og_url":"https:\/\/zeromagazine.mx\/index.php\/2024\/10\/03\/j-cross-del-piano-al-beat-mundial\/","og_site_name":"Zero Magazine","article_published_time":"2024-10-03T01:33:25+00:00","article_modified_time":"2024-10-03T01:33:27+00:00","og_image":[{"width":1707,"height":2560,"url":"https:\/\/i0.wp.com\/zeromagazine.mx\/wp-content\/uploads\/2024\/10\/IMG_1714-scaled.jpeg?fit=1707%2C2560&ssl=1","type":"image\/jpeg"}],"author":"David Morales","twitter_card":"summary_large_image","twitter_misc":{"Escrito por":"David Morales","Tiempo de lectura":"5 minutos"},"schema":{"@context":"https:\/\/schema.org","@graph":[{"@type":"Article","@id":"https:\/\/zeromagazine.mx\/index.php\/2024\/10\/03\/j-cross-del-piano-al-beat-mundial\/#article","isPartOf":{"@id":"https:\/\/zeromagazine.mx\/index.php\/2024\/10\/03\/j-cross-del-piano-al-beat-mundial\/"},"author":{"name":"David Morales","@id":"https:\/\/zeromagazine.mx\/#\/schema\/person\/9f7f1a17c60ba8e9980e3e6677aabe5a"},"headline":"J Cross: Del Piano al Beat Mundial","datePublished":"2024-10-03T01:33:25+00:00","dateModified":"2024-10-03T01:33:27+00:00","mainEntityOfPage":{"@id":"https:\/\/zeromagazine.mx\/index.php\/2024\/10\/03\/j-cross-del-piano-al-beat-mundial\/"},"wordCount":965,"commentCount":0,"publisher":{"@id":"https:\/\/zeromagazine.mx\/#organization"},"image":{"@id":"https:\/\/zeromagazine.mx\/index.php\/2024\/10\/03\/j-cross-del-piano-al-beat-mundial\/#primaryimage"},"thumbnailUrl":"https:\/\/i0.wp.com\/zeromagazine.mx\/wp-content\/uploads\/2024\/10\/IMG_1714-scaled.jpeg?fit=1707%2C2560&ssl=1","keywords":["jcross","Musica"],"articleSection":["Entrevistas"],"inLanguage":"es","potentialAction":[{"@type":"CommentAction","name":"Comment","target":["https:\/\/zeromagazine.mx\/index.php\/2024\/10\/03\/j-cross-del-piano-al-beat-mundial\/#respond"]}]},{"@type":"WebPage","@id":"https:\/\/zeromagazine.mx\/index.php\/2024\/10\/03\/j-cross-del-piano-al-beat-mundial\/","url":"https:\/\/zeromagazine.mx\/index.php\/2024\/10\/03\/j-cross-del-piano-al-beat-mundial\/","name":"J Cross: Del Piano al Beat Mundial - Zero Magazine","isPartOf":{"@id":"https:\/\/zeromagazine.mx\/#website"},"primaryImageOfPage":{"@id":"https:\/\/zeromagazine.mx\/index.php\/2024\/10\/03\/j-cross-del-piano-al-beat-mundial\/#primaryimage"},"image":{"@id":"https:\/\/zeromagazine.mx\/index.php\/2024\/10\/03\/j-cross-del-piano-al-beat-mundial\/#primaryimage"},"thumbnailUrl":"https:\/\/i0.wp.com\/zeromagazine.mx\/wp-content\/uploads\/2024\/10\/IMG_1714-scaled.jpeg?fit=1707%2C2560&ssl=1","datePublished":"2024-10-03T01:33:25+00:00","dateModified":"2024-10-03T01:33:27+00:00","breadcrumb":{"@id":"https:\/\/zeromagazine.mx\/index.php\/2024\/10\/03\/j-cross-del-piano-al-beat-mundial\/#breadcrumb"},"inLanguage":"es","potentialAction":[{"@type":"ReadAction","target":["https:\/\/zeromagazine.mx\/index.php\/2024\/10\/03\/j-cross-del-piano-al-beat-mundial\/"]}]},{"@type":"ImageObject","inLanguage":"es","@id":"https:\/\/zeromagazine.mx\/index.php\/2024\/10\/03\/j-cross-del-piano-al-beat-mundial\/#primaryimage","url":"https:\/\/i0.wp.com\/zeromagazine.mx\/wp-content\/uploads\/2024\/10\/IMG_1714-scaled.jpeg?fit=1707%2C2560&ssl=1","contentUrl":"https:\/\/i0.wp.com\/zeromagazine.mx\/wp-content\/uploads\/2024\/10\/IMG_1714-scaled.jpeg?fit=1707%2C2560&ssl=1","width":1707,"height":2560},{"@type":"BreadcrumbList","@id":"https:\/\/zeromagazine.mx\/index.php\/2024\/10\/03\/j-cross-del-piano-al-beat-mundial\/#breadcrumb","itemListElement":[{"@type":"ListItem","position":1,"name":"Portada","item":"https:\/\/zeromagazine.mx\/"},{"@type":"ListItem","position":2,"name":"J Cross: Del Piano al Beat Mundial"}]},{"@type":"WebSite","@id":"https:\/\/zeromagazine.mx\/#website","url":"https:\/\/zeromagazine.mx\/","name":"Zero Magazine","description":"","publisher":{"@id":"https:\/\/zeromagazine.mx\/#organization"},"potentialAction":[{"@type":"SearchAction","target":{"@type":"EntryPoint","urlTemplate":"https:\/\/zeromagazine.mx\/?s={search_term_string}"},"query-input":{"@type":"PropertyValueSpecification","valueRequired":true,"valueName":"search_term_string"}}],"inLanguage":"es"},{"@type":"Organization","@id":"https:\/\/zeromagazine.mx\/#organization","name":"Zero Magazine","url":"https:\/\/zeromagazine.mx\/","logo":{"@type":"ImageObject","inLanguage":"es","@id":"https:\/\/zeromagazine.mx\/#\/schema\/logo\/image\/","url":"https:\/\/i0.wp.com\/zeromagazine.mx\/wp-content\/uploads\/2025\/11\/1.jpeg?fit=1000%2C1000&ssl=1","contentUrl":"https:\/\/i0.wp.com\/zeromagazine.mx\/wp-content\/uploads\/2025\/11\/1.jpeg?fit=1000%2C1000&ssl=1","width":1000,"height":1000,"caption":"Zero Magazine"},"image":{"@id":"https:\/\/zeromagazine.mx\/#\/schema\/logo\/image\/"},"sameAs":["https:\/\/instagram.com\/zeromagazinemx"]},{"@type":"Person","@id":"https:\/\/zeromagazine.mx\/#\/schema\/person\/9f7f1a17c60ba8e9980e3e6677aabe5a","name":"David Morales","image":{"@type":"ImageObject","inLanguage":"es","@id":"https:\/\/zeromagazine.mx\/wp-content\/litespeed\/avatar\/76069d2136bfc1c37dc34815bb67ca42.jpg?ver=1776966186","url":"https:\/\/zeromagazine.mx\/wp-content\/litespeed\/avatar\/76069d2136bfc1c37dc34815bb67ca42.jpg?ver=1776966186","contentUrl":"https:\/\/zeromagazine.mx\/wp-content\/litespeed\/avatar\/76069d2136bfc1c37dc34815bb67ca42.jpg?ver=1776966186","caption":"David Morales"},"url":"https:\/\/zeromagazine.mx\/index.php\/author\/david\/"}]}},"jetpack_publicize_connections":[],"jetpack_featured_media_url":"https:\/\/i0.wp.com\/zeromagazine.mx\/wp-content\/uploads\/2024\/10\/IMG_1714-scaled.jpeg?fit=1707%2C2560&ssl=1","jetpack-related-posts":[{"id":71368,"url":"https:\/\/zeromagazine.mx\/index.php\/2024\/03\/01\/j-balvin-jowell-y-randy-y-de-la-ghetto-revolucionan-el-genero-urbano-con-nuevo-sencillo-triple-s\/","url_meta":{"origin":85124,"position":0},"title":"J Balvin, Jowell y Randy, y De La Ghetto revolucionan el g\u00e9nero urbano con nuevo sencillo \u00abTriple S\u00bb","author":"zeromagazinemx","date":"1 de marzo de 2024","format":false,"excerpt":"Hoy quiero compartirles la emoci\u00f3n que siento por el pr\u00f3ximo lanzamiento del nuevo sencillo de J Balvin, titulado \"Triple S\". Este tema es m\u00e1s que una canci\u00f3n, es un retorno a sus ra\u00edces y adem\u00e1s es un himno de empoderamiento para todas las mujeres que escuchan. Primero que nada, quiero\u2026","rel":"","context":"En \u00abBlog\u00bb","block_context":{"text":"Blog","link":"https:\/\/zeromagazine.mx\/index.php\/category\/blog\/"},"img":{"alt_text":"","src":"https:\/\/i0.wp.com\/zeromagazine.mx\/wp-content\/uploads\/2024\/03\/8A3A0043-scaled.jpg?fit=1200%2C729&ssl=1&resize=350%2C200","width":350,"height":200,"srcset":"https:\/\/i0.wp.com\/zeromagazine.mx\/wp-content\/uploads\/2024\/03\/8A3A0043-scaled.jpg?fit=1200%2C729&ssl=1&resize=350%2C200 1x, https:\/\/i0.wp.com\/zeromagazine.mx\/wp-content\/uploads\/2024\/03\/8A3A0043-scaled.jpg?fit=1200%2C729&ssl=1&resize=525%2C300 1.5x, https:\/\/i0.wp.com\/zeromagazine.mx\/wp-content\/uploads\/2024\/03\/8A3A0043-scaled.jpg?fit=1200%2C729&ssl=1&resize=700%2C400 2x, https:\/\/i0.wp.com\/zeromagazine.mx\/wp-content\/uploads\/2024\/03\/8A3A0043-scaled.jpg?fit=1200%2C729&ssl=1&resize=1050%2C600 3x"},"classes":[]},{"id":74115,"url":"https:\/\/zeromagazine.mx\/index.php\/2024\/04\/16\/j-balvin-deslumbra-en-coachella-2024\/","url_meta":{"origin":85124,"position":1},"title":"J Balvin deslumbra en Coachella 2024","author":"zeromagazinemx","date":"16 de abril de 2024","format":false,"excerpt":"La reciente presentaci\u00f3n de J Balvin en el festival Coachella 2024 ha sido todo un acontecimiento. El colombiano no solo cautiv\u00f3 al p\u00fablico con su espect\u00e1culo \"Fuera de Este Mundo\", sino que tambi\u00e9n demostr\u00f3 su dominio en el escenario y su capacidad para innovar en cada actuaci\u00f3n. Desde su llegada\u2026","rel":"","context":"En \u00abBlog\u00bb","block_context":{"text":"Blog","link":"https:\/\/zeromagazine.mx\/index.php\/category\/blog\/"},"img":{"alt_text":"","src":"https:\/\/i0.wp.com\/zeromagazine.mx\/wp-content\/uploads\/2024\/04\/JBalvin_Coachella_%40davemalave_01-scaled.jpg?fit=1200%2C800&ssl=1&resize=350%2C200","width":350,"height":200,"srcset":"https:\/\/i0.wp.com\/zeromagazine.mx\/wp-content\/uploads\/2024\/04\/JBalvin_Coachella_%40davemalave_01-scaled.jpg?fit=1200%2C800&ssl=1&resize=350%2C200 1x, https:\/\/i0.wp.com\/zeromagazine.mx\/wp-content\/uploads\/2024\/04\/JBalvin_Coachella_%40davemalave_01-scaled.jpg?fit=1200%2C800&ssl=1&resize=525%2C300 1.5x, https:\/\/i0.wp.com\/zeromagazine.mx\/wp-content\/uploads\/2024\/04\/JBalvin_Coachella_%40davemalave_01-scaled.jpg?fit=1200%2C800&ssl=1&resize=700%2C400 2x, https:\/\/i0.wp.com\/zeromagazine.mx\/wp-content\/uploads\/2024\/04\/JBalvin_Coachella_%40davemalave_01-scaled.jpg?fit=1200%2C800&ssl=1&resize=1050%2C600 3x"},"classes":[]},{"id":110586,"url":"https:\/\/zeromagazine.mx\/index.php\/2025\/11\/15\/ricardo-garduno-vortex-cosentino-entrevista\/","url_meta":{"origin":85124,"position":2},"title":"Ricardo Gardu\u00f1o: Vortex, Arte Que Respira Futuro","author":"David Morales","date":"15 de noviembre de 2025","format":false,"excerpt":"Entrar en el mundo de Ricardo Gardu\u00f1o es entrar en un v\u00f3rtice \u2014literal y metaf\u00f3ricamente\u2014 donde los pianos dejan de ser instrumentos y se convierten en criaturas, portales y esculturas vivas. Arquitecto, artista visual y m\u00fasico de formaci\u00f3n, Gardu\u00f1o ha construido una trayectoria donde la t\u00e9cnica convive con lo on\u00edrico\u2026","rel":"","context":"En \u00abDise\u00f1o\u00bb","block_context":{"text":"Dise\u00f1o","link":"https:\/\/zeromagazine.mx\/index.php\/category\/diseno\/"},"img":{"alt_text":"","src":"https:\/\/i0.wp.com\/zeromagazine.mx\/wp-content\/uploads\/2025\/11\/Ricardo-16-1-scaled.jpeg?fit=1200%2C754&ssl=1&resize=350%2C200","width":350,"height":200,"srcset":"https:\/\/i0.wp.com\/zeromagazine.mx\/wp-content\/uploads\/2025\/11\/Ricardo-16-1-scaled.jpeg?fit=1200%2C754&ssl=1&resize=350%2C200 1x, https:\/\/i0.wp.com\/zeromagazine.mx\/wp-content\/uploads\/2025\/11\/Ricardo-16-1-scaled.jpeg?fit=1200%2C754&ssl=1&resize=525%2C300 1.5x, https:\/\/i0.wp.com\/zeromagazine.mx\/wp-content\/uploads\/2025\/11\/Ricardo-16-1-scaled.jpeg?fit=1200%2C754&ssl=1&resize=700%2C400 2x, https:\/\/i0.wp.com\/zeromagazine.mx\/wp-content\/uploads\/2025\/11\/Ricardo-16-1-scaled.jpeg?fit=1200%2C754&ssl=1&resize=1050%2C600 3x"},"classes":[]},{"id":49281,"url":"https:\/\/zeromagazine.mx\/index.php\/2021\/07\/02\/j-balvin-y-skrillex-se-unen-en-una-nueva-cancion-in-da-getto\/","url_meta":{"origin":85124,"position":3},"title":"J Balvin y Skrillex se unen en una nueva canci\u00f3n \u201cIn Da Getto\u201d","author":"zeromagazinemx","date":"2 de julio de 2021","format":false,"excerpt":"J Balvin y Skrillex colaboran en una nueva canci\u00f3n, ideal para este verano. Por Mayra Torres \u201cIn Da Getto\u201d es un sencillo que incluye elementos del \u00e9xito de los a\u00f1os 90 \u201cIn De Guetto\u201d de David Morales y The Bad Yard Club. El video captura la energ\u00eda pegajosa del tema\u2026","rel":"","context":"En \u00abEntretenimiento\u00bb","block_context":{"text":"Entretenimiento","link":"https:\/\/zeromagazine.mx\/index.php\/category\/entretenimiento\/"},"img":{"alt_text":"","src":"https:\/\/i0.wp.com\/zeromagazine.mx\/wp-content\/uploads\/2022\/02\/de87a-j-balvin-and-skrillex-by-viviana-garcia-scaled.jpg?fit=1200%2C800&ssl=1&resize=350%2C200","width":350,"height":200,"srcset":"https:\/\/i0.wp.com\/zeromagazine.mx\/wp-content\/uploads\/2022\/02\/de87a-j-balvin-and-skrillex-by-viviana-garcia-scaled.jpg?fit=1200%2C800&ssl=1&resize=350%2C200 1x, https:\/\/i0.wp.com\/zeromagazine.mx\/wp-content\/uploads\/2022\/02\/de87a-j-balvin-and-skrillex-by-viviana-garcia-scaled.jpg?fit=1200%2C800&ssl=1&resize=525%2C300 1.5x, https:\/\/i0.wp.com\/zeromagazine.mx\/wp-content\/uploads\/2022\/02\/de87a-j-balvin-and-skrillex-by-viviana-garcia-scaled.jpg?fit=1200%2C800&ssl=1&resize=700%2C400 2x, https:\/\/i0.wp.com\/zeromagazine.mx\/wp-content\/uploads\/2022\/02\/de87a-j-balvin-and-skrillex-by-viviana-garcia-scaled.jpg?fit=1200%2C800&ssl=1&resize=1050%2C600 3x"},"classes":[]},{"id":54287,"url":"https:\/\/zeromagazine.mx\/index.php\/2021\/09\/10\/j-balvin-lanza-su-nuevo-album-jose\/","url_meta":{"origin":85124,"position":4},"title":"J Balv\u00edn lanza su nuevo \u00e1lbum \u201cJose\u201d","author":"zeromagazinemx","date":"10 de septiembre de 2021","format":false,"excerpt":"J Balvin logra el 31\u00b0 n\u00famero uno en la historia de Latin Ariplay, empatando el record de m\u00e1s n\u00famero 1 de todos los tiempos. @TEOGRAPH Por Moises Kushelevich J Balvin lanza su esperado quinto \u00e1lbum de estudio \u201cJose\u201d que se encuentra ya disponible en todo el mundo. El nombre del\u2026","rel":"","context":"En \u00abBlog\u00bb","block_context":{"text":"Blog","link":"https:\/\/zeromagazine.mx\/index.php\/category\/blog\/"},"img":{"alt_text":"","src":"","width":0,"height":0},"classes":[]},{"id":50024,"url":"https:\/\/zeromagazine.mx\/index.php\/2021\/07\/12\/alvaro-soler-regresa-con-mucha-magia-este-2021-para-todo-su-publico\/","url_meta":{"origin":85124,"position":5},"title":"\u00c1lvaro Soler regresa con mucha MAGIA este 2021 para todo su p\u00fablico","author":"zeromagazinemx","date":"12 de julio de 2021","format":false,"excerpt":"\u00c1lvaro Soler regresa, este m\u00fasico hispano-alem\u00e1n despu\u00e9s de tomar un descanso durante el 2020 regresa con su nuevo \u00e1lbum MAGIA\u00a0y nueva m\u00fasica que estamos seguros encantar\u00e1,\u00a0 \u00c1lvaro adem\u00e1s de hablar seis idiomas ha tenido incre\u00edbles \u00e9xitos a lo largo de su carrera, m\u00e1s de 80 premios de oro y platino\u2026","rel":"","context":"En \u00abEntrevistas\u00bb","block_context":{"text":"Entrevistas","link":"https:\/\/zeromagazine.mx\/index.php\/category\/entretenimiento\/entrevistas\/"},"img":{"alt_text":"","src":"","width":0,"height":0},"classes":[]}],"jetpack_sharing_enabled":true,"builder_content":"","_links":{"self":[{"href":"https:\/\/zeromagazine.mx\/index.php\/wp-json\/wp\/v2\/posts\/85124","targetHints":{"allow":["GET"]}}],"collection":[{"href":"https:\/\/zeromagazine.mx\/index.php\/wp-json\/wp\/v2\/posts"}],"about":[{"href":"https:\/\/zeromagazine.mx\/index.php\/wp-json\/wp\/v2\/types\/post"}],"author":[{"embeddable":true,"href":"https:\/\/zeromagazine.mx\/index.php\/wp-json\/wp\/v2\/users\/4"}],"replies":[{"embeddable":true,"href":"https:\/\/zeromagazine.mx\/index.php\/wp-json\/wp\/v2\/comments?post=85124"}],"version-history":[{"count":1,"href":"https:\/\/zeromagazine.mx\/index.php\/wp-json\/wp\/v2\/posts\/85124\/revisions"}],"predecessor-version":[{"id":85130,"href":"https:\/\/zeromagazine.mx\/index.php\/wp-json\/wp\/v2\/posts\/85124\/revisions\/85130"}],"wp:featuredmedia":[{"embeddable":true,"href":"https:\/\/zeromagazine.mx\/index.php\/wp-json\/wp\/v2\/media\/85125"}],"wp:attachment":[{"href":"https:\/\/zeromagazine.mx\/index.php\/wp-json\/wp\/v2\/media?parent=85124"}],"wp:term":[{"taxonomy":"category","embeddable":true,"href":"https:\/\/zeromagazine.mx\/index.php\/wp-json\/wp\/v2\/categories?post=85124"},{"taxonomy":"post_tag","embeddable":true,"href":"https:\/\/zeromagazine.mx\/index.php\/wp-json\/wp\/v2\/tags?post=85124"}],"curies":[{"name":"wp","href":"https:\/\/api.w.org\/{rel}","templated":true}]}}