{"id":85136,"date":"2024-10-03T17:23:29","date_gmt":"2024-10-03T15:23:29","guid":{"rendered":"https:\/\/zeromagazine.mx\/?p=85136"},"modified":"2024-10-03T17:32:48","modified_gmt":"2024-10-03T15:32:48","slug":"casa-ronald-cortometraje-de-esperanza","status":"publish","type":"post","link":"https:\/\/zeromagazine.mx\/index.php\/2024\/10\/03\/casa-ronald-cortometraje-de-esperanza\/","title":{"rendered":"\u00abCasa Ronald: Cortometraje de Esperanza\u00bb"},"content":{"rendered":"<p>\u00a1Ey, chic@s! Esta semana les traigo una historia s\u00faper especial que nos toca el coraz\u00f3n de una forma muy real. Se trata del lanzamiento de \u00abFamilia de Familias\u00bb, un cortometraje de La Casa Ronald McDonald, esa organizaci\u00f3n que siempre est\u00e1 ah\u00ed para apoyar a ni\u00f1os y familias que atraviesan momentos mega dif\u00edciles por enfermedades. Si no has o\u00eddo hablar de ellos, deja que te cuente por qu\u00e9 este proyecto es tan importante y c\u00f3mo nos est\u00e1 mostrando una parte de la vida que a veces no queremos ver, pero que es m\u00e1s real de lo que imaginamos.<\/p>\n\n\n\n<h2 class=\"wp-block-heading\">Un Refugio en los Momentos Dif\u00edciles<\/h2>\n\n\n\n<p>Para quienes no sepan, La Casa Ronald McDonald no es solo una casa, es un hogar para miles de familias que enfrentan uno de los retos m\u00e1s duros: la enfermedad de un hijo. Imaginen tener que dejar su ciudad, su vida diaria y todo lo conocido para ir a otro lugar en busca de tratamiento m\u00e9dico. Es ah\u00ed donde entra La Casa Ronald, un espacio que brinda no solo un lugar donde quedarse, sino tambi\u00e9n apoyo emocional y contenci\u00f3n. Porque cuando tu hijo est\u00e1 enfermo, necesitas m\u00e1s que una cama, necesitas una comunidad que entienda lo que est\u00e1s pasando.<\/p>\n\n\n\n<p>Ahora, junto a Grey Argentina, La Casa Ronald lanz\u00f3 un cortometraje llamado \u00abFamilia de Familias\u00bb, que se proyectar\u00e1 en varias salas de cine, con el apoyo de FilmSuez. Y es m\u00e1s que solo una pel\u00edcula, es una ventana a lo que viven miles de familias a\u00f1o tras a\u00f1o. \u00bfTe imaginas lo que significa dejar todo atr\u00e1s para cuidar de alguien que amas? Este corto trata precisamente de eso, y lo hace de una manera que nos mueve el coraz\u00f3n.<\/p>\n\n\n\n<h2 class=\"wp-block-heading\">De la Enfermedad al Apoyo<\/h2>\n\n\n\n<p>La pieza creativa que ha sido producida junto a Madre, una productora audiovisual, nos lleva por un viaje emocional. Comienza con el diagn\u00f3stico, esa noticia que le cambia la vida a cualquier familia. A partir de ah\u00ed, nos muestran el viaje hacia el lugar de tratamiento, mientras las familias se alejan de su ciudad de origen y de su vida cotidiana. Y justo cuando piensas que es solo una familia la que est\u00e1 pasando por esto, te das cuenta de que en realidad son cuatro. Cuatro familias reales que han vivido exactamente lo mismo. \u00a1Wow! Es una historia que refleja a las m\u00e1s de 363,000 familias que, a lo largo de los a\u00f1os, han pasado por uno de los 11 programas que La Casa Ronald impulsa en Argentina.<\/p>\n\n\n\n<script async src=\"https:\/\/pagead2.googlesyndication.com\/pagead\/js\/adsbygoogle.js?client=ca-pub-5499304793904745\"\n     crossorigin=\"anonymous\"><\/script>\n<ins class=\"adsbygoogle\"\n     style=\"display:block; text-align:center;\"\n     data-ad-layout=\"in-article\"\n     data-ad-format=\"fluid\"\n     data-ad-client=\"ca-pub-5499304793904745\"\n     data-ad-slot=\"5994863093\"><\/ins>\n<script>\n     (adsbygoogle = window.adsbygoogle || []).push({});\n<\/script>\n\n\n\n<p><\/p>\n\n\n\n<p>Esas familias no solo est\u00e1n luchando contra la enfermedad, tambi\u00e9n est\u00e1n viviendo una experiencia com\u00fan, se convierten en una \u00abfamilia de familias\u00bb. El concepto es s\u00faper poderoso, porque nos muestra que, aunque cada familia tiene su propio dolor y sus propios retos, hay una conexi\u00f3n entre ellas. Y esa conexi\u00f3n les da la fuerza para seguir adelante.<\/p>\n\n\n<div class=\"wp-block-image\">\n<figure class=\"aligncenter size-full is-resized\"><img data-recalc-dims=\"1\" decoding=\"async\" width=\"320\" height=\"178\" src=\"https:\/\/i0.wp.com\/zeromagazine.mx\/wp-content\/uploads\/2024\/10\/image-4.png?resize=320%2C178\" alt=\" 'Familia de Familias', un conmovedor cortometraje de Casa Ronald McDonald que retrata las luchas y esperanzas de las familias en momentos dif\u00edciles. Esta pieza \u00fanica, creada por Grey Argentina, muestra c\u00f3mo la organizaci\u00f3n brinda apoyo emocional y un sentido de comunidad a m\u00e1s de 363,000 ni\u00f1os y sus seres queridos en todo el pa\u00eds.\" class=\"wp-image-85135\" style=\"width:610px;height:auto\" srcset=\"https:\/\/i0.wp.com\/zeromagazine.mx\/wp-content\/uploads\/2024\/10\/image-4.png?w=320&amp;ssl=1 320w, https:\/\/i0.wp.com\/zeromagazine.mx\/wp-content\/uploads\/2024\/10\/image-4.png?resize=300%2C167&amp;ssl=1 300w\" sizes=\"(max-width: 320px) 100vw, 320px\" \/><\/figure>\n<\/div>\n\n\n<p><\/p>\n\n\n\n<p>Jerem\u00edas Barthe y Francisco Rosenfeldt, los Directores Creativos de GREY, hablaron sobre c\u00f3mo ha sido trabajar en este proyecto. Para ellos, colaborar con La Casa Ronald es un honor, ya que la fundaci\u00f3n no solo apoya a las familias en Argentina, sino en todo el mundo. Lo que hace que La Casa Ronald sea especial es que re\u00fane a personas que est\u00e1n pasando por lo mismo. Imagina estar rodeado de personas que no solo te apoyan, sino que entienden exactamente lo que est\u00e1s viviendo. Esa conexi\u00f3n es lo que hace que esta organizaci\u00f3n sea tan \u00fanica.<\/p>\n\n\n\n<p>Y aqu\u00ed es donde entra \u00abFamilia de Familias\u00bb. Es una pieza que no solo cuenta una historia, sino que celebra esa comunidad que se forma en La Casa Ronald. Cada familia que llega ah\u00ed trae consigo su propio dolor, pero tambi\u00e9n encuentra consuelo al saber que no est\u00e1n solos. <\/p>\n\n\n\n<h2 class=\"wp-block-heading\">Un Proyecto Lleno de Amor y Humanidad<\/h2>\n\n\n\n<p>Lo que m\u00e1s me encanta de este proyecto es que no usaron actores. La directora, Faride Schroeder, decidi\u00f3 que las verdaderas estrellas del cortometraje ser\u00edan las propias familias de Casa Ronald. \u00a1Qu\u00e9 bonito eso, no creen! En lugar de dramatizar lo que pasa en la vida de estas familias, se decidi\u00f3 mostrarlo tal cual es. Y fue una experiencia que no solo impact\u00f3 a las familias, sino tambi\u00e9n a todo el equipo de producci\u00f3n.<\/p>\n\n\n\n<script async src=\"https:\/\/pagead2.googlesyndication.com\/pagead\/js\/adsbygoogle.js?client=ca-pub-5499304793904745\"\n     crossorigin=\"anonymous\"><\/script>\n<ins class=\"adsbygoogle\"\n     style=\"display:block; text-align:center;\"\n     data-ad-layout=\"in-article\"\n     data-ad-format=\"fluid\"\n     data-ad-client=\"ca-pub-5499304793904745\"\n     data-ad-slot=\"5994863093\"><\/ins>\n<script>\n     (adsbygoogle = window.adsbygoogle || []).push({});\n<\/script>\n\n\n\n<p><\/p>\n\n\n\n<p>Faride dijo algo s\u00faper lindo sobre la experiencia de filmar con estas familias. Para ella y su equipo de Madre, fue un proyecto que les cambi\u00f3 la vida. Trabajar con los ni\u00f1os y sus familias, ver c\u00f3mo pod\u00edan olvidarse por un momento de su diagn\u00f3stico y simplemente disfrutar del proceso de hacer cine, fue algo incre\u00edble. Esos momentos de alegr\u00eda y juego son los que les permitieron crear algo que no solo es emocionalmente profundo, sino tambi\u00e9n genuino. Este tipo de proyectos nos recuerdan lo importante que es ver la humanidad en todo lo que hacemos.<\/p>\n\n\n\n<script async src=\"https:\/\/pagead2.googlesyndication.com\/pagead\/js\/adsbygoogle.js?client=ca-pub-5499304793904745\"\r\n     crossorigin=\"anonymous\"><\/script>\r\n<ins class=\"adsbygoogle\"\r\n     style=\"display:block; text-align:center;\"\r\n     data-ad-layout=\"in-article\"\r\n     data-ad-format=\"fluid\"\r\n     data-ad-client=\"ca-pub-5499304793904745\"\r\n     data-ad-slot=\"5994863093\"><\/ins>\r\n<script>\r\n     (adsbygoogle = window.adsbygoogle || []).push({});\r\n<\/script>\n\n\n\n<p><\/p>\n\n\n\n<p>\u00abFamilia de Familias\u00bb ser\u00e1 presentado en Celebremos 2024, la cena anual de recaudaci\u00f3n de fondos de La Casa Ronald, y despu\u00e9s se proyectar\u00e1 en cines, gracias al apoyo de FilmSuez. \u00a1Pero eso no es todo! Tambi\u00e9n se va a difundir en redes sociales, medios de comunicaci\u00f3n, y en los propios canales de la organizaci\u00f3n. Si a\u00fan no has visto este corto, seguro lo ver\u00e1s en alg\u00fan lado pronto.<\/p>\n\n\n\n<script async src=\"https:\/\/pagead2.googlesyndication.com\/pagead\/js\/adsbygoogle.js?client=ca-pub-5499304793904745\"\r\n     crossorigin=\"anonymous\"><\/script>\r\n<ins class=\"adsbygoogle\"\r\n     style=\"display:block; text-align:center;\"\r\n     data-ad-layout=\"in-article\"\r\n     data-ad-format=\"fluid\"\r\n     data-ad-client=\"ca-pub-5499304793904745\"\r\n     data-ad-slot=\"5994863093\"><\/ins>\r\n<script>\r\n     (adsbygoogle = window.adsbygoogle || []).push({});\r\n<\/script>\n\n\n\n<p><\/p>\n\n\n\n<p>Este tipo de proyectos son s\u00faper importantes porque no solo generan conciencia sobre lo que hacen organizaciones como La Casa Ronald, sino que tambi\u00e9n nos muestran que el apoyo comunitario es clave en momentos dif\u00edciles. Como consumidores de contenido, es nuestra responsabilidad apoyar iniciativas que ayuden a visibilizar estas historias. Porque, al final del d\u00eda, todos somos parte de una comunidad y todos tenemos la capacidad de hacer una diferencia.<\/p>\n\n\n\n<h2 class=\"wp-block-heading\">El Mensaje de Esperanza <\/h2>\n\n\n\n<p>En palabras de Julieta Cortijo, la Directora Ejecutiva de La Casa Ronald, este proyecto ha sido incre\u00edblemente movilizante para ellos. No es solo un cortometraje m\u00e1s, es una historia que refleja lo que La Casa Ronald ha hecho por m\u00e1s de 363,000 ni\u00f1os y sus familias. Y no puedo evitar pensar en lo poderoso que es eso. Imaginen cu\u00e1ntas vidas han cambiado, cu\u00e1ntos momentos dif\u00edciles han sido un poco m\u00e1s llevaderos gracias a este tipo de apoyo.<\/p>\n\n\n<div class=\"wp-block-image\">\n<figure class=\"aligncenter size-full is-resized\"><img data-recalc-dims=\"1\" decoding=\"async\" width=\"320\" height=\"177\" src=\"https:\/\/i0.wp.com\/zeromagazine.mx\/wp-content\/uploads\/2024\/10\/CSR.png?resize=320%2C177&#038;ssl=1\" alt=\"Casa Ronald McDonald presenta 'Familia de Familias', un impactante cortometraje que narra las historias de varias familias enfrentando la enfermedad de un hijo. Con el apoyo de Grey Argentina, esta producci\u00f3n busca resaltar la importancia de la solidaridad y el amor en tiempos de adversidad, mientras muestra c\u00f3mo la organizaci\u00f3n ha cambiado vidas a trav\u00e9s de sus programas en Argentina.\" class=\"wp-image-85137\" style=\"width:558px;height:auto\" srcset=\"https:\/\/i0.wp.com\/zeromagazine.mx\/wp-content\/uploads\/2024\/10\/CSR.png?w=320&amp;ssl=1 320w, https:\/\/i0.wp.com\/zeromagazine.mx\/wp-content\/uploads\/2024\/10\/CSR.png?resize=300%2C166&amp;ssl=1 300w\" sizes=\"(max-width: 320px) 100vw, 320px\" \/><\/figure>\n<\/div>\n\n\n<p><\/p>\n\n\n\n<p>Julieta tambi\u00e9n agradeci\u00f3 el trabajo desinteresado de GREY en el desarrollo de este proyecto, y es que cuando las empresas se unen a causas tan importantes como esta, es cuando vemos el verdadero impacto que pueden tener en la sociedad. No es solo una campa\u00f1a de marketing, es un mensaje de amor, empat\u00eda y solidaridad.<\/p>\n\n\n\n<h2 class=\"wp-block-heading\">\u00bfQu\u00e9 Nos Deja Familia de Familias?<\/h2>\n\n\n\n<p>Si hay algo que me llevo de este proyecto es que las familias no deber\u00edan enfrentar momentos dif\u00edciles solas. \u00abFamilia de Familias\u00bb nos recuerda que, aunque la vida a veces puede ser muy dura, siempre hay personas y organizaciones dispuestas a ayudar. En La Casa Ronald, las familias encuentran mucho m\u00e1s que un lugar donde quedarse; encuentran una red de apoyo que entiende lo que est\u00e1n viviendo. Y eso es invaluable.<\/p>\n\n\n\n<script async src=\"https:\/\/pagead2.googlesyndication.com\/pagead\/js\/adsbygoogle.js?client=ca-pub-5499304793904745\"\n     crossorigin=\"anonymous\"><\/script>\n<ins class=\"adsbygoogle\"\n     style=\"display:block; text-align:center;\"\n     data-ad-layout=\"in-article\"\n     data-ad-format=\"fluid\"\n     data-ad-client=\"ca-pub-5499304793904745\"\n     data-ad-slot=\"5994863093\"><\/ins>\n<script>\n     (adsbygoogle = window.adsbygoogle || []).push({});\n<\/script>\n\n\n\n<p><\/p>\n\n\n\n<p>As\u00ed que, cuando vean este cortometraje, recuerden que detr\u00e1s de cada imagen, de cada historia, hay miles de personas reales que han vivido esas mismas experiencias. Y aunque no podemos cambiar el diagn\u00f3stico de esos ni\u00f1os, s\u00ed podemos hacer algo para que su camino sea un poco m\u00e1s f\u00e1cil.<\/p>\n\n<!--themify_builder_content-->\n<div id=\"themify_builder_content-85136\" data-postid=\"85136\" class=\"themify_builder_content themify_builder_content-85136 themify_builder tf_clear\">\n    <\/div>\n<!--\/themify_builder_content-->","protected":false},"excerpt":{"rendered":"<p>\u00a1Ey, chic@s! Esta semana les traigo una historia s\u00faper especial que nos toca el coraz\u00f3n de una forma muy real. Se trata del lanzamiento de \u00abFamilia de Familias\u00bb, un cortometraje de La Casa Ronald McDonald, esa organizaci\u00f3n que siempre est\u00e1 ah\u00ed para apoyar a ni\u00f1os y familias que atraviesan momentos mega dif\u00edciles por enfermedades. Si [&hellip;]<\/p>\n","protected":false},"author":2,"featured_media":85135,"comment_status":"open","ping_status":"open","sticky":false,"template":"","format":"standard","meta":{"_jetpack_memberships_contains_paid_content":false,"footnotes":"","jetpack_publicize_message":"","jetpack_publicize_feature_enabled":true,"jetpack_social_post_already_shared":true,"jetpack_social_options":{"image_generator_settings":{"template":"highway","default_image_id":0,"font":"","enabled":false},"version":2}},"categories":[791],"tags":[1200,10611,10610],"class_list":["post-85136","post","type-post","status-publish","format-standard","has-post-thumbnail","hentry","category-cultura","tag-cortometraje","tag-familia-de-familias","tag-la-casa-ronald-mcdonald","has-post-title","has-post-date","has-post-category","has-post-tag","has-post-comment","has-post-author",""],"yoast_head":"<!-- This site is optimized with the Yoast SEO plugin v27.4 - https:\/\/yoast.com\/product\/yoast-seo-wordpress\/ -->\n<title>&quot;Casa Ronald: Cortometraje de Esperanza&quot; - Zero Magazine<\/title>\n<meta name=\"robots\" content=\"index, follow, max-snippet:-1, max-image-preview:large, max-video-preview:-1\" \/>\n<link rel=\"canonical\" href=\"https:\/\/zeromagazine.mx\/index.php\/2024\/10\/03\/casa-ronald-cortometraje-de-esperanza\/\" \/>\n<meta property=\"og:locale\" content=\"es_ES\" \/>\n<meta property=\"og:type\" content=\"article\" \/>\n<meta property=\"og:title\" content=\"&quot;Casa Ronald: Cortometraje de Esperanza&quot; - Zero Magazine\" \/>\n<meta property=\"og:description\" content=\"\u00a1Ey, chic@s! Esta semana les traigo una historia s\u00faper especial que nos toca el coraz\u00f3n de una forma muy real. Se trata del lanzamiento de \u00abFamilia de Familias\u00bb, un cortometraje de La Casa Ronald McDonald, esa organizaci\u00f3n que siempre est\u00e1 ah\u00ed para apoyar a ni\u00f1os y familias que atraviesan momentos mega dif\u00edciles por enfermedades. Si [&hellip;]\" \/>\n<meta property=\"og:url\" content=\"https:\/\/zeromagazine.mx\/index.php\/2024\/10\/03\/casa-ronald-cortometraje-de-esperanza\/\" \/>\n<meta property=\"og:site_name\" content=\"Zero Magazine\" \/>\n<meta property=\"article:published_time\" content=\"2024-10-03T15:23:29+00:00\" \/>\n<meta property=\"article:modified_time\" content=\"2024-10-03T15:32:48+00:00\" \/>\n<meta property=\"og:image\" content=\"https:\/\/i0.wp.com\/zeromagazine.mx\/wp-content\/uploads\/2024\/10\/image-4.png?fit=320%2C178&ssl=1\" \/>\n\t<meta property=\"og:image:width\" content=\"320\" \/>\n\t<meta property=\"og:image:height\" content=\"178\" \/>\n\t<meta property=\"og:image:type\" content=\"image\/png\" \/>\n<meta name=\"author\" content=\"zeromagazinemx\" \/>\n<meta name=\"twitter:card\" content=\"summary_large_image\" \/>\n<meta name=\"twitter:label1\" content=\"Escrito por\" \/>\n\t<meta name=\"twitter:data1\" content=\"zeromagazinemx\" \/>\n\t<meta name=\"twitter:label2\" content=\"Tiempo de lectura\" \/>\n\t<meta name=\"twitter:data2\" content=\"6 minutos\" \/>\n<script type=\"application\/ld+json\" class=\"yoast-schema-graph\">{\"@context\":\"https:\\\/\\\/schema.org\",\"@graph\":[{\"@type\":\"Article\",\"@id\":\"https:\\\/\\\/zeromagazine.mx\\\/index.php\\\/2024\\\/10\\\/03\\\/casa-ronald-cortometraje-de-esperanza\\\/#article\",\"isPartOf\":{\"@id\":\"https:\\\/\\\/zeromagazine.mx\\\/index.php\\\/2024\\\/10\\\/03\\\/casa-ronald-cortometraje-de-esperanza\\\/\"},\"author\":{\"name\":\"zeromagazinemx\",\"@id\":\"https:\\\/\\\/zeromagazine.mx\\\/#\\\/schema\\\/person\\\/9aed9f33a7c39af3a348b86d723f7773\"},\"headline\":\"\u00abCasa Ronald: Cortometraje de Esperanza\u00bb\",\"datePublished\":\"2024-10-03T15:23:29+00:00\",\"dateModified\":\"2024-10-03T15:32:48+00:00\",\"mainEntityOfPage\":{\"@id\":\"https:\\\/\\\/zeromagazine.mx\\\/index.php\\\/2024\\\/10\\\/03\\\/casa-ronald-cortometraje-de-esperanza\\\/\"},\"wordCount\":1280,\"commentCount\":0,\"publisher\":{\"@id\":\"https:\\\/\\\/zeromagazine.mx\\\/#organization\"},\"image\":{\"@id\":\"https:\\\/\\\/zeromagazine.mx\\\/index.php\\\/2024\\\/10\\\/03\\\/casa-ronald-cortometraje-de-esperanza\\\/#primaryimage\"},\"thumbnailUrl\":\"https:\\\/\\\/i0.wp.com\\\/zeromagazine.mx\\\/wp-content\\\/uploads\\\/2024\\\/10\\\/image-4.png?fit=320%2C178&ssl=1\",\"keywords\":[\"Cortometraje\",\"Familia de Familias\",\"La Casa Ronald McDonald\"],\"articleSection\":[\"Cultura\"],\"inLanguage\":\"es\",\"potentialAction\":[{\"@type\":\"CommentAction\",\"name\":\"Comment\",\"target\":[\"https:\\\/\\\/zeromagazine.mx\\\/index.php\\\/2024\\\/10\\\/03\\\/casa-ronald-cortometraje-de-esperanza\\\/#respond\"]}]},{\"@type\":\"WebPage\",\"@id\":\"https:\\\/\\\/zeromagazine.mx\\\/index.php\\\/2024\\\/10\\\/03\\\/casa-ronald-cortometraje-de-esperanza\\\/\",\"url\":\"https:\\\/\\\/zeromagazine.mx\\\/index.php\\\/2024\\\/10\\\/03\\\/casa-ronald-cortometraje-de-esperanza\\\/\",\"name\":\"\\\"Casa Ronald: Cortometraje de Esperanza\\\" - Zero Magazine\",\"isPartOf\":{\"@id\":\"https:\\\/\\\/zeromagazine.mx\\\/#website\"},\"primaryImageOfPage\":{\"@id\":\"https:\\\/\\\/zeromagazine.mx\\\/index.php\\\/2024\\\/10\\\/03\\\/casa-ronald-cortometraje-de-esperanza\\\/#primaryimage\"},\"image\":{\"@id\":\"https:\\\/\\\/zeromagazine.mx\\\/index.php\\\/2024\\\/10\\\/03\\\/casa-ronald-cortometraje-de-esperanza\\\/#primaryimage\"},\"thumbnailUrl\":\"https:\\\/\\\/i0.wp.com\\\/zeromagazine.mx\\\/wp-content\\\/uploads\\\/2024\\\/10\\\/image-4.png?fit=320%2C178&ssl=1\",\"datePublished\":\"2024-10-03T15:23:29+00:00\",\"dateModified\":\"2024-10-03T15:32:48+00:00\",\"breadcrumb\":{\"@id\":\"https:\\\/\\\/zeromagazine.mx\\\/index.php\\\/2024\\\/10\\\/03\\\/casa-ronald-cortometraje-de-esperanza\\\/#breadcrumb\"},\"inLanguage\":\"es\",\"potentialAction\":[{\"@type\":\"ReadAction\",\"target\":[\"https:\\\/\\\/zeromagazine.mx\\\/index.php\\\/2024\\\/10\\\/03\\\/casa-ronald-cortometraje-de-esperanza\\\/\"]}]},{\"@type\":\"ImageObject\",\"inLanguage\":\"es\",\"@id\":\"https:\\\/\\\/zeromagazine.mx\\\/index.php\\\/2024\\\/10\\\/03\\\/casa-ronald-cortometraje-de-esperanza\\\/#primaryimage\",\"url\":\"https:\\\/\\\/i0.wp.com\\\/zeromagazine.mx\\\/wp-content\\\/uploads\\\/2024\\\/10\\\/image-4.png?fit=320%2C178&ssl=1\",\"contentUrl\":\"https:\\\/\\\/i0.wp.com\\\/zeromagazine.mx\\\/wp-content\\\/uploads\\\/2024\\\/10\\\/image-4.png?fit=320%2C178&ssl=1\",\"width\":320,\"height\":178},{\"@type\":\"BreadcrumbList\",\"@id\":\"https:\\\/\\\/zeromagazine.mx\\\/index.php\\\/2024\\\/10\\\/03\\\/casa-ronald-cortometraje-de-esperanza\\\/#breadcrumb\",\"itemListElement\":[{\"@type\":\"ListItem\",\"position\":1,\"name\":\"Portada\",\"item\":\"https:\\\/\\\/zeromagazine.mx\\\/\"},{\"@type\":\"ListItem\",\"position\":2,\"name\":\"\u00abCasa Ronald: Cortometraje de Esperanza\u00bb\"}]},{\"@type\":\"WebSite\",\"@id\":\"https:\\\/\\\/zeromagazine.mx\\\/#website\",\"url\":\"https:\\\/\\\/zeromagazine.mx\\\/\",\"name\":\"Zero Magazine\",\"description\":\"\",\"publisher\":{\"@id\":\"https:\\\/\\\/zeromagazine.mx\\\/#organization\"},\"potentialAction\":[{\"@type\":\"SearchAction\",\"target\":{\"@type\":\"EntryPoint\",\"urlTemplate\":\"https:\\\/\\\/zeromagazine.mx\\\/?s={search_term_string}\"},\"query-input\":{\"@type\":\"PropertyValueSpecification\",\"valueRequired\":true,\"valueName\":\"search_term_string\"}}],\"inLanguage\":\"es\"},{\"@type\":\"Organization\",\"@id\":\"https:\\\/\\\/zeromagazine.mx\\\/#organization\",\"name\":\"Zero Magazine\",\"url\":\"https:\\\/\\\/zeromagazine.mx\\\/\",\"logo\":{\"@type\":\"ImageObject\",\"inLanguage\":\"es\",\"@id\":\"https:\\\/\\\/zeromagazine.mx\\\/#\\\/schema\\\/logo\\\/image\\\/\",\"url\":\"https:\\\/\\\/i0.wp.com\\\/zeromagazine.mx\\\/wp-content\\\/uploads\\\/2025\\\/11\\\/1.jpeg?fit=1000%2C1000&ssl=1\",\"contentUrl\":\"https:\\\/\\\/i0.wp.com\\\/zeromagazine.mx\\\/wp-content\\\/uploads\\\/2025\\\/11\\\/1.jpeg?fit=1000%2C1000&ssl=1\",\"width\":1000,\"height\":1000,\"caption\":\"Zero Magazine\"},\"image\":{\"@id\":\"https:\\\/\\\/zeromagazine.mx\\\/#\\\/schema\\\/logo\\\/image\\\/\"},\"sameAs\":[\"https:\\\/\\\/instagram.com\\\/zeromagazinemx\"]},{\"@type\":\"Person\",\"@id\":\"https:\\\/\\\/zeromagazine.mx\\\/#\\\/schema\\\/person\\\/9aed9f33a7c39af3a348b86d723f7773\",\"name\":\"zeromagazinemx\",\"image\":{\"@type\":\"ImageObject\",\"inLanguage\":\"es\",\"@id\":\"https:\\\/\\\/zeromagazine.mx\\\/wp-content\\\/litespeed\\\/avatar\\\/f91dfe5410d5dcb1a576bf8c45983896.jpg?ver=1776966396\",\"url\":\"https:\\\/\\\/zeromagazine.mx\\\/wp-content\\\/litespeed\\\/avatar\\\/f91dfe5410d5dcb1a576bf8c45983896.jpg?ver=1776966396\",\"contentUrl\":\"https:\\\/\\\/zeromagazine.mx\\\/wp-content\\\/litespeed\\\/avatar\\\/f91dfe5410d5dcb1a576bf8c45983896.jpg?ver=1776966396\",\"caption\":\"zeromagazinemx\"},\"url\":\"https:\\\/\\\/zeromagazine.mx\\\/index.php\\\/author\\\/zeromagazinemx\\\/\"}]}<\/script>\n<!-- \/ Yoast SEO plugin. -->","yoast_head_json":{"title":"\"Casa Ronald: Cortometraje de Esperanza\" - Zero Magazine","robots":{"index":"index","follow":"follow","max-snippet":"max-snippet:-1","max-image-preview":"max-image-preview:large","max-video-preview":"max-video-preview:-1"},"canonical":"https:\/\/zeromagazine.mx\/index.php\/2024\/10\/03\/casa-ronald-cortometraje-de-esperanza\/","og_locale":"es_ES","og_type":"article","og_title":"\"Casa Ronald: Cortometraje de Esperanza\" - Zero Magazine","og_description":"\u00a1Ey, chic@s! Esta semana les traigo una historia s\u00faper especial que nos toca el coraz\u00f3n de una forma muy real. Se trata del lanzamiento de \u00abFamilia de Familias\u00bb, un cortometraje de La Casa Ronald McDonald, esa organizaci\u00f3n que siempre est\u00e1 ah\u00ed para apoyar a ni\u00f1os y familias que atraviesan momentos mega dif\u00edciles por enfermedades. Si [&hellip;]","og_url":"https:\/\/zeromagazine.mx\/index.php\/2024\/10\/03\/casa-ronald-cortometraje-de-esperanza\/","og_site_name":"Zero Magazine","article_published_time":"2024-10-03T15:23:29+00:00","article_modified_time":"2024-10-03T15:32:48+00:00","og_image":[{"width":320,"height":178,"url":"https:\/\/i0.wp.com\/zeromagazine.mx\/wp-content\/uploads\/2024\/10\/image-4.png?fit=320%2C178&ssl=1","type":"image\/png"}],"author":"zeromagazinemx","twitter_card":"summary_large_image","twitter_misc":{"Escrito por":"zeromagazinemx","Tiempo de lectura":"6 minutos"},"schema":{"@context":"https:\/\/schema.org","@graph":[{"@type":"Article","@id":"https:\/\/zeromagazine.mx\/index.php\/2024\/10\/03\/casa-ronald-cortometraje-de-esperanza\/#article","isPartOf":{"@id":"https:\/\/zeromagazine.mx\/index.php\/2024\/10\/03\/casa-ronald-cortometraje-de-esperanza\/"},"author":{"name":"zeromagazinemx","@id":"https:\/\/zeromagazine.mx\/#\/schema\/person\/9aed9f33a7c39af3a348b86d723f7773"},"headline":"\u00abCasa Ronald: Cortometraje de Esperanza\u00bb","datePublished":"2024-10-03T15:23:29+00:00","dateModified":"2024-10-03T15:32:48+00:00","mainEntityOfPage":{"@id":"https:\/\/zeromagazine.mx\/index.php\/2024\/10\/03\/casa-ronald-cortometraje-de-esperanza\/"},"wordCount":1280,"commentCount":0,"publisher":{"@id":"https:\/\/zeromagazine.mx\/#organization"},"image":{"@id":"https:\/\/zeromagazine.mx\/index.php\/2024\/10\/03\/casa-ronald-cortometraje-de-esperanza\/#primaryimage"},"thumbnailUrl":"https:\/\/i0.wp.com\/zeromagazine.mx\/wp-content\/uploads\/2024\/10\/image-4.png?fit=320%2C178&ssl=1","keywords":["Cortometraje","Familia de Familias","La Casa Ronald McDonald"],"articleSection":["Cultura"],"inLanguage":"es","potentialAction":[{"@type":"CommentAction","name":"Comment","target":["https:\/\/zeromagazine.mx\/index.php\/2024\/10\/03\/casa-ronald-cortometraje-de-esperanza\/#respond"]}]},{"@type":"WebPage","@id":"https:\/\/zeromagazine.mx\/index.php\/2024\/10\/03\/casa-ronald-cortometraje-de-esperanza\/","url":"https:\/\/zeromagazine.mx\/index.php\/2024\/10\/03\/casa-ronald-cortometraje-de-esperanza\/","name":"\"Casa Ronald: Cortometraje de Esperanza\" - Zero Magazine","isPartOf":{"@id":"https:\/\/zeromagazine.mx\/#website"},"primaryImageOfPage":{"@id":"https:\/\/zeromagazine.mx\/index.php\/2024\/10\/03\/casa-ronald-cortometraje-de-esperanza\/#primaryimage"},"image":{"@id":"https:\/\/zeromagazine.mx\/index.php\/2024\/10\/03\/casa-ronald-cortometraje-de-esperanza\/#primaryimage"},"thumbnailUrl":"https:\/\/i0.wp.com\/zeromagazine.mx\/wp-content\/uploads\/2024\/10\/image-4.png?fit=320%2C178&ssl=1","datePublished":"2024-10-03T15:23:29+00:00","dateModified":"2024-10-03T15:32:48+00:00","breadcrumb":{"@id":"https:\/\/zeromagazine.mx\/index.php\/2024\/10\/03\/casa-ronald-cortometraje-de-esperanza\/#breadcrumb"},"inLanguage":"es","potentialAction":[{"@type":"ReadAction","target":["https:\/\/zeromagazine.mx\/index.php\/2024\/10\/03\/casa-ronald-cortometraje-de-esperanza\/"]}]},{"@type":"ImageObject","inLanguage":"es","@id":"https:\/\/zeromagazine.mx\/index.php\/2024\/10\/03\/casa-ronald-cortometraje-de-esperanza\/#primaryimage","url":"https:\/\/i0.wp.com\/zeromagazine.mx\/wp-content\/uploads\/2024\/10\/image-4.png?fit=320%2C178&ssl=1","contentUrl":"https:\/\/i0.wp.com\/zeromagazine.mx\/wp-content\/uploads\/2024\/10\/image-4.png?fit=320%2C178&ssl=1","width":320,"height":178},{"@type":"BreadcrumbList","@id":"https:\/\/zeromagazine.mx\/index.php\/2024\/10\/03\/casa-ronald-cortometraje-de-esperanza\/#breadcrumb","itemListElement":[{"@type":"ListItem","position":1,"name":"Portada","item":"https:\/\/zeromagazine.mx\/"},{"@type":"ListItem","position":2,"name":"\u00abCasa Ronald: Cortometraje de Esperanza\u00bb"}]},{"@type":"WebSite","@id":"https:\/\/zeromagazine.mx\/#website","url":"https:\/\/zeromagazine.mx\/","name":"Zero Magazine","description":"","publisher":{"@id":"https:\/\/zeromagazine.mx\/#organization"},"potentialAction":[{"@type":"SearchAction","target":{"@type":"EntryPoint","urlTemplate":"https:\/\/zeromagazine.mx\/?s={search_term_string}"},"query-input":{"@type":"PropertyValueSpecification","valueRequired":true,"valueName":"search_term_string"}}],"inLanguage":"es"},{"@type":"Organization","@id":"https:\/\/zeromagazine.mx\/#organization","name":"Zero Magazine","url":"https:\/\/zeromagazine.mx\/","logo":{"@type":"ImageObject","inLanguage":"es","@id":"https:\/\/zeromagazine.mx\/#\/schema\/logo\/image\/","url":"https:\/\/i0.wp.com\/zeromagazine.mx\/wp-content\/uploads\/2025\/11\/1.jpeg?fit=1000%2C1000&ssl=1","contentUrl":"https:\/\/i0.wp.com\/zeromagazine.mx\/wp-content\/uploads\/2025\/11\/1.jpeg?fit=1000%2C1000&ssl=1","width":1000,"height":1000,"caption":"Zero Magazine"},"image":{"@id":"https:\/\/zeromagazine.mx\/#\/schema\/logo\/image\/"},"sameAs":["https:\/\/instagram.com\/zeromagazinemx"]},{"@type":"Person","@id":"https:\/\/zeromagazine.mx\/#\/schema\/person\/9aed9f33a7c39af3a348b86d723f7773","name":"zeromagazinemx","image":{"@type":"ImageObject","inLanguage":"es","@id":"https:\/\/zeromagazine.mx\/wp-content\/litespeed\/avatar\/f91dfe5410d5dcb1a576bf8c45983896.jpg?ver=1776966396","url":"https:\/\/zeromagazine.mx\/wp-content\/litespeed\/avatar\/f91dfe5410d5dcb1a576bf8c45983896.jpg?ver=1776966396","contentUrl":"https:\/\/zeromagazine.mx\/wp-content\/litespeed\/avatar\/f91dfe5410d5dcb1a576bf8c45983896.jpg?ver=1776966396","caption":"zeromagazinemx"},"url":"https:\/\/zeromagazine.mx\/index.php\/author\/zeromagazinemx\/"}]}},"jetpack_publicize_connections":[],"jetpack_featured_media_url":"https:\/\/i0.wp.com\/zeromagazine.mx\/wp-content\/uploads\/2024\/10\/image-4.png?fit=320%2C178&ssl=1","jetpack-related-posts":[{"id":53204,"url":"https:\/\/zeromagazine.mx\/index.php\/2021\/08\/31\/fernando-noriega-de-que-le-pasa-a-mi-familia-suma-un-proyecto-mas-a-su-carrera-artistica\/","url_meta":{"origin":85136,"position":0},"title":"Fernando Noriega suma un proyecto mas a su carrera art\u00edstica","author":"zeromagazinemx","date":"31 de agosto de 2021","format":false,"excerpt":"Fernando Noriega es un reconocido actor Mexicano de cine, teatro y televisi\u00f3n, lo recordamos por los incre\u00edbles proyectos en los que ha participado como \"Morir en Martes\", \"Bajo el mismo Cielo\", \"El se\u00f1or de los Cielos\", \"El Chema\" y recientemente le vimos darle vida a Mariano Rueda en \"\u00bfQu\u00e9 le\u2026","rel":"","context":"En \u00abEntrevistas\u00bb","block_context":{"text":"Entrevistas","link":"https:\/\/zeromagazine.mx\/index.php\/category\/entretenimiento\/entrevistas\/"},"img":{"alt_text":"","src":"https:\/\/i0.wp.com\/zeromagazinemx.wpcomstaging.com\/wp-content\/uploads\/2022\/02\/b5528-img_4625.png?resize=350%2C200&ssl=1","width":350,"height":200,"srcset":"https:\/\/i0.wp.com\/zeromagazinemx.wpcomstaging.com\/wp-content\/uploads\/2022\/02\/b5528-img_4625.png?resize=350%2C200&ssl=1 1x, https:\/\/i0.wp.com\/zeromagazinemx.wpcomstaging.com\/wp-content\/uploads\/2022\/02\/b5528-img_4625.png?resize=525%2C300&ssl=1 1.5x, https:\/\/i0.wp.com\/zeromagazinemx.wpcomstaging.com\/wp-content\/uploads\/2022\/02\/b5528-img_4625.png?resize=700%2C400&ssl=1 2x"},"classes":[]},{"id":82553,"url":"https:\/\/zeromagazine.mx\/index.php\/2024\/08\/27\/mauricio-abad-una-encrucijada-de-nuevos-horizontes\/","url_meta":{"origin":85136,"position":1},"title":"Mauricio Abad: Una Encrucijada de Nuevos Horizontes","author":"David Morales","date":"27 de agosto de 2024","format":false,"excerpt":"Mauricio Abad es un actor que ha llevado su talento a varios rincones del mundo, trabajando en proyectos internacionales y adapt\u00e1ndose a nuevas culturas y formas de trabajo. En esta entrevista, Mauricio nos comparte sus experiencias y desaf\u00edos al adaptarse a distintos entornos, su papel en la serie La Encrucijada,\u2026","rel":"","context":"En \u00abPortada\u00bb","block_context":{"text":"Portada","link":"https:\/\/zeromagazine.mx\/index.php\/category\/portada\/"},"img":{"alt_text":"","src":"https:\/\/i0.wp.com\/zeromagazine.mx\/wp-content\/uploads\/2024\/08\/IMG_1487-scaled.jpeg?fit=927%2C1200&ssl=1&resize=350%2C200","width":350,"height":200,"srcset":"https:\/\/i0.wp.com\/zeromagazine.mx\/wp-content\/uploads\/2024\/08\/IMG_1487-scaled.jpeg?fit=927%2C1200&ssl=1&resize=350%2C200 1x, https:\/\/i0.wp.com\/zeromagazine.mx\/wp-content\/uploads\/2024\/08\/IMG_1487-scaled.jpeg?fit=927%2C1200&ssl=1&resize=525%2C300 1.5x, https:\/\/i0.wp.com\/zeromagazine.mx\/wp-content\/uploads\/2024\/08\/IMG_1487-scaled.jpeg?fit=927%2C1200&ssl=1&resize=700%2C400 2x"},"classes":[]},{"id":48086,"url":"https:\/\/zeromagazine.mx\/index.php\/2021\/06\/17\/entrevista-a-eduardo-trevino\/","url_meta":{"origin":85136,"position":2},"title":"Entrevista a Eduardo Trevi\u00f1o","author":"zeromagazinemx","date":"17 de junio de 2021","format":false,"excerpt":"Eduardo Trevi\u00f1o, actor y director de \u201cLa muestra de Cine Coahuila\u201d; nos viene a platicar un poco sobre su carrera de actuaci\u00f3n, donde sus \u00faltimas participaciones fueron en \u201cTe acuerdas de mi\u201d (Televisa) y Falsa Identidad 2 (Telemundo) y tambi\u00e9n nos cuenta sobre su \u201cWorkshop de Cine\u201d que se realizar\u00e1\u2026","rel":"","context":"En \u00abCine\u00bb","block_context":{"text":"Cine","link":"https:\/\/zeromagazine.mx\/index.php\/category\/entretenimiento\/cine\/"},"img":{"alt_text":"","src":"","width":0,"height":0},"classes":[]},{"id":47227,"url":"https:\/\/zeromagazine.mx\/index.php\/2021\/06\/09\/los-lobos-el-largometraje-de-samuel-kishi-leopo\/","url_meta":{"origin":85136,"position":3},"title":"Los lobos, El largometraje de Samuel Kishi Leopo","author":"zeromagazinemx","date":"9 de junio de 2021","format":false,"excerpt":"Un largometraje que nos muestra la vida de muchos inmigrantes que deciden partir al pa\u00eds vecino por una mejor calidad de vida, la familia y la realidad del mundo. Por Mariana Ortega Es la historia de Lucia, una madre que junto a sus hijos Max y Leo, acaban de cruzar\u2026","rel":"","context":"En \u00abCine\u00bb","block_context":{"text":"Cine","link":"https:\/\/zeromagazine.mx\/index.php\/category\/entretenimiento\/cine\/"},"img":{"alt_text":"","src":"https:\/\/i0.wp.com\/img.youtube.com\/vi\/IP-DAAeRMMk\/0.jpg?resize=350%2C200","width":350,"height":200},"classes":[]},{"id":48638,"url":"https:\/\/zeromagazine.mx\/index.php\/2021\/06\/24\/sin-senas-particulares-de-fernanda-valadez-estreno-el-5-de-agosto\/","url_meta":{"origin":85136,"position":4},"title":"Sin se\u00f1as particulares de Fernanda Valadez, estreno el 5 de agosto","author":"zeromagazinemx","date":"24 de junio de 2021","format":false,"excerpt":"Una pel\u00edcula en donde seguiremos de cerca una situaci\u00f3n que viven cientos de personas a diario, la b\u00fasqueda de un familiar desaparecido. Por Moises Kushelevich Sin Se\u00f1as Particulares, una historia en donde veremos c\u00f3mo Magdalena emprende una traves\u00eda en busca de su hijo, desaparecido en su camino a la frontera\u2026","rel":"","context":"En \u00abCine\u00bb","block_context":{"text":"Cine","link":"https:\/\/zeromagazine.mx\/index.php\/category\/entretenimiento\/cine\/"},"img":{"alt_text":"","src":"","width":0,"height":0},"classes":[]},{"id":50661,"url":"https:\/\/zeromagazine.mx\/index.php\/2021\/07\/22\/los-perros-del-cine-y-la-television\/","url_meta":{"origin":85136,"position":5},"title":"LOS PERROS DEL CINE Y LA TELEVISI\u00d3N","author":"zeromagazinemx","date":"22 de julio de 2021","format":false,"excerpt":"El 21 de junio se estableci\u00f3 de manera oficial el D\u00eda Internacional del Perro, aunque se desconocen las razones de poner esta fecha en particular, desde el 2004 se celebra a estos animalitos que tanta alegr\u00eda nos dan y que proporcionan ayuda en tareas muy complicadas para los seres humanos.\u2026","rel":"","context":"En \u00abCine\u00bb","block_context":{"text":"Cine","link":"https:\/\/zeromagazine.mx\/index.php\/category\/entretenimiento\/cine\/"},"img":{"alt_text":"","src":"https:\/\/i0.wp.com\/zeromagazinemx.wpcomstaging.com\/wp-content\/uploads\/2022\/02\/82f26-beethoven1992.jpg?resize=350%2C200&ssl=1","width":350,"height":200},"classes":[]}],"jetpack_sharing_enabled":true,"builder_content":"","_links":{"self":[{"href":"https:\/\/zeromagazine.mx\/index.php\/wp-json\/wp\/v2\/posts\/85136","targetHints":{"allow":["GET"]}}],"collection":[{"href":"https:\/\/zeromagazine.mx\/index.php\/wp-json\/wp\/v2\/posts"}],"about":[{"href":"https:\/\/zeromagazine.mx\/index.php\/wp-json\/wp\/v2\/types\/post"}],"author":[{"embeddable":true,"href":"https:\/\/zeromagazine.mx\/index.php\/wp-json\/wp\/v2\/users\/2"}],"replies":[{"embeddable":true,"href":"https:\/\/zeromagazine.mx\/index.php\/wp-json\/wp\/v2\/comments?post=85136"}],"version-history":[{"count":12,"href":"https:\/\/zeromagazine.mx\/index.php\/wp-json\/wp\/v2\/posts\/85136\/revisions"}],"predecessor-version":[{"id":85150,"href":"https:\/\/zeromagazine.mx\/index.php\/wp-json\/wp\/v2\/posts\/85136\/revisions\/85150"}],"wp:featuredmedia":[{"embeddable":true,"href":"https:\/\/zeromagazine.mx\/index.php\/wp-json\/wp\/v2\/media\/85135"}],"wp:attachment":[{"href":"https:\/\/zeromagazine.mx\/index.php\/wp-json\/wp\/v2\/media?parent=85136"}],"wp:term":[{"taxonomy":"category","embeddable":true,"href":"https:\/\/zeromagazine.mx\/index.php\/wp-json\/wp\/v2\/categories?post=85136"},{"taxonomy":"post_tag","embeddable":true,"href":"https:\/\/zeromagazine.mx\/index.php\/wp-json\/wp\/v2\/tags?post=85136"}],"curies":[{"name":"wp","href":"https:\/\/api.w.org\/{rel}","templated":true}]}}