{"id":85438,"date":"2024-10-05T00:06:08","date_gmt":"2024-10-04T22:06:08","guid":{"rendered":"https:\/\/zeromagazine.mx\/?p=85438"},"modified":"2024-10-05T00:06:10","modified_gmt":"2024-10-04T22:06:10","slug":"fran-diego-el-pop-que-vibra","status":"publish","type":"post","link":"https:\/\/zeromagazine.mx\/index.php\/2024\/10\/05\/fran-diego-el-pop-que-vibra\/","title":{"rendered":"\u00abFran Diego: El Pop que Vibra\u00bb"},"content":{"rendered":"<!--themify_builder_content-->\n<div id=\"themify_builder_content-85438\" data-postid=\"85438\" class=\"themify_builder_content themify_builder_content-85438 themify_builder tf_clear\">\n    <\/div>\n<!--\/themify_builder_content-->\n\n\n<p>Esta semana te doy un poco de contexto sobre el fabuloso artista&nbsp;<em>Fran Diego<\/em>, un talentoso cantante de Torre\u00f3n, Coahuila, que est\u00e1 revolucionando el pop contempor\u00e1neo. Con un estilo que te atrapa desde la primera nota, Fran tiene ese algo especial que hace que su m\u00fasica te llegue directo al coraz\u00f3n.<\/p>\n\n\n\n<h3 class=\"wp-block-heading\"><strong>No Puedo Esperar: Un Track que Te Envuelve<\/strong><\/h3>\n\n\n\n<p><em>No Puedo Esperar<\/em>&nbsp;no es solo una canci\u00f3n que se escucha; es una experiencia que vives. Desde que empieza, los beats, los instrumentos, y esa producci\u00f3n tan smooth te atrapan en una atm\u00f3sfera full de energ\u00eda. Es de esos tracks que te hacen sentir todo, like, literally&nbsp;<em>everything<\/em>. En la letra, Fran nos cuenta sobre ese deseo, esa atracci\u00f3n incontrolable que te pone en un constante estado de espera pero con vibes de vulnerabilidad, porque, let\u2019s be real, todos hemos sentido eso de querer algo tanto que no puedes m\u00e1s.<\/p>\n\n\n\n<p>Este track es un mood, as\u00ed que prep\u00e1rate para sentir cada palabra, cada acorde, porque es la definici\u00f3n de intenso.&nbsp;<em>No Puedo Esperar<\/em>&nbsp;se encuentra disponible desde el 26 de septiembre. Marca un antes y un despu\u00e9s en su carrera.<\/p>\n\n\n\n<p>Te sumerge en un torbellino de emociones que se entrelazan en una historia de conexiones inevitables. It\u2019s like cuando conoces a alguien y hay qu\u00edmica instant\u00e1nea, pero hay cosas que te detienen. Sin embargo, la m\u00fasica te empuja a enfrentar todo y vivir la emoci\u00f3n al 100.<\/p>\n\n\n\n<figure class=\"wp-block-image size-full is-resized\"><img data-recalc-dims=\"1\" decoding=\"async\" width=\"320\" height=\"213\" src=\"https:\/\/i0.wp.com\/zeromagazine.mx\/wp-content\/uploads\/2024\/10\/Frankdiego-01.jpg?resize=320%2C213&#038;ssl=1\" alt=\"\" class=\"wp-image-85439\" style=\"width:1451px;height:auto\" srcset=\"https:\/\/i0.wp.com\/zeromagazine.mx\/wp-content\/uploads\/2024\/10\/Frankdiego-01.jpg?w=320&amp;ssl=1 320w, https:\/\/i0.wp.com\/zeromagazine.mx\/wp-content\/uploads\/2024\/10\/Frankdiego-01.jpg?resize=300%2C200&amp;ssl=1 300w\" sizes=\"(max-width: 320px) 100vw, 320px\" \/><\/figure>\n\n\n\n<script async src=\"https:\/\/pagead2.googlesyndication.com\/pagead\/js\/adsbygoogle.js?client=ca-pub-5499304793904745\"\n     crossorigin=\"anonymous\"><\/script>\n<ins class=\"adsbygoogle\"\n     style=\"display:block; text-align:center;\"\n     data-ad-layout=\"in-article\"\n     data-ad-format=\"fluid\"\n     data-ad-client=\"ca-pub-5499304793904745\"\n     data-ad-slot=\"5994863093\"><\/ins>\n<script>\n     (adsbygoogle = window.adsbygoogle || []).push({});\n<\/script>\n\n\n\n<h3 class=\"wp-block-heading\"><strong>Fran Diego: El Arte de Conectar<\/strong><\/h3>\n\n\n\n<p>Lo cool de Fran Diego es que no es solo un cantante, es un storyteller. Su carrera arranc\u00f3 escribiendo canciones que, desde el minuto uno, resonaron con la gente. Tiene una habilidad loca para hacer que sus letras se sientan reales, cercanas, que conectan f\u00e1cil con el p\u00fablico.<\/p>\n\n\n\n<p>\u00bfHas escuchado eso de que la m\u00fasica es el lenguaje del alma? Pues Fran hace exactamente eso. Sus rolas son un reflejo de sus propias b\u00fasquedas internas, sus momentos de introspecci\u00f3n y de darse cuenta de lo que realmente importa en la vida. Cada canci\u00f3n es como un peque\u00f1o viaje emocional, donde te sumerges en un mar de sensaciones que van desde lo m\u00e1s chill hasta lo m\u00e1s profundo.<\/p>\n\n\n\n<p>Adem\u00e1s, hay algo super refreshing en su m\u00fasica: la autenticidad. Nada de pretender, nada de filtros. Fran no tiene miedo de mostrarse tal como es, con sus dudas, sus deseos y todas esas emociones intensas que forman parte del ser humano. Y eso, my friend, es justo lo que lo convierte en una de las voces m\u00e1s aut\u00e9nticas de la escena.<\/p>\n\n\n\n<h3 class=\"wp-block-heading\"><strong>La Conexi\u00f3n con Su Gente<\/strong><\/h3>\n\n\n\n<p>Pero, m\u00e1s all\u00e1 de las palabras bonitas y los beats chidos, lo que m\u00e1s resalta de Fran Diego es c\u00f3mo conecta con su audiencia. Es uno de esos artistas que, en lugar de estar a kil\u00f3metros de distancia, se siente cercano. O sea, sus canciones no son solo himnos para cantar en el carro o mientras te ba\u00f1as, sino que te hacen pensar, reflexionar sobre tu vida y tus propias emociones.&nbsp;<em>No Puedo Esperar<\/em>&nbsp;es justo eso, una invitaci\u00f3n a sumergirse en esas sensaciones de deseo, de atracci\u00f3n, de vulnerabilidad. Porque, let\u2019s be real, a veces en la vida solo tienes que&nbsp;<em>sentir<\/em>&nbsp;sin miedo.<\/p>\n\n\n\n<p>Su estilo es pop, pero no del t\u00edpico pop que puedes encontrar en cualquier lado. Hay algo muy personal en la forma en la que Fran se expresa. Te da una mezcla entre sonidos modernos y esas letras deep que te hacen cuestionarte qu\u00e9 es lo que realmente est\u00e1s buscando. \u00bfY lo mejor? Lo hace sin perder esa frescura, ese\u00a0<em>flow<\/em>\u00a0que lo caracteriza.<\/p>\n\n\n\n<figure class=\"wp-block-image size-full is-resized\"><img data-recalc-dims=\"1\" decoding=\"async\" width=\"612\" height=\"612\" src=\"https:\/\/i0.wp.com\/zeromagazine.mx\/wp-content\/uploads\/2024\/10\/No-podia-esperar-a-que-fuera-el-fin-de-la-espera.-Ya-pueden-escuchar_-NO-PUEDO-ESPERARJPG.jpg?resize=612%2C612&#038;ssl=1\" alt=\"\" class=\"wp-image-85440\" style=\"width:1451px;height:auto\" srcset=\"https:\/\/i0.wp.com\/zeromagazine.mx\/wp-content\/uploads\/2024\/10\/No-podia-esperar-a-que-fuera-el-fin-de-la-espera.-Ya-pueden-escuchar_-NO-PUEDO-ESPERARJPG.jpg?w=612&amp;ssl=1 612w, https:\/\/i0.wp.com\/zeromagazine.mx\/wp-content\/uploads\/2024\/10\/No-podia-esperar-a-que-fuera-el-fin-de-la-espera.-Ya-pueden-escuchar_-NO-PUEDO-ESPERARJPG.jpg?resize=300%2C300&amp;ssl=1 300w, https:\/\/i0.wp.com\/zeromagazine.mx\/wp-content\/uploads\/2024\/10\/No-podia-esperar-a-que-fuera-el-fin-de-la-espera.-Ya-pueden-escuchar_-NO-PUEDO-ESPERARJPG.jpg?resize=150%2C150&amp;ssl=1 150w, https:\/\/i0.wp.com\/zeromagazine.mx\/wp-content\/uploads\/2024\/10\/No-podia-esperar-a-que-fuera-el-fin-de-la-espera.-Ya-pueden-escuchar_-NO-PUEDO-ESPERARJPG.jpg?resize=70%2C70&amp;ssl=1 70w, https:\/\/i0.wp.com\/zeromagazine.mx\/wp-content\/uploads\/2024\/10\/No-podia-esperar-a-que-fuera-el-fin-de-la-espera.-Ya-pueden-escuchar_-NO-PUEDO-ESPERARJPG.jpg?resize=47%2C48&amp;ssl=1 47w\" sizes=\"(max-width: 612px) 100vw, 612px\" \/><\/figure>\n\n\n\n<script async src=\"https:\/\/pagead2.googlesyndication.com\/pagead\/js\/adsbygoogle.js?client=ca-pub-5499304793904745\"\n     crossorigin=\"anonymous\"><\/script>\n<ins class=\"adsbygoogle\"\n     style=\"display:block; text-align:center;\"\n     data-ad-layout=\"in-article\"\n     data-ad-format=\"fluid\"\n     data-ad-client=\"ca-pub-5499304793904745\"\n     data-ad-slot=\"5994863093\"><\/ins>\n<script>\n     (adsbygoogle = window.adsbygoogle || []).push({});\n<\/script>\n\n\n\n<h3 class=\"wp-block-heading\"><strong>Lo Que Viene con Fran<\/strong><\/h3>\n\n\n\n<p><em>No Puedo Esperar<\/em>&nbsp;es solo una probadita de lo que Fran Diego tiene preparado para nosotros. Su carrera est\u00e1 en constante crecimiento, y todo apunta a que seguir\u00e1 d\u00e1ndonos m\u00e1s m\u00fasica que se siente como un abrazo en esos d\u00edas dif\u00edciles y como un shot de adrenalina cuando necesitas motivaci\u00f3n.<\/p>\n\n\n\n<p>Obvio, su impacto no se queda solo en M\u00e9xico. Fran Diego est\u00e1 conquistando m\u00e1s all\u00e1 de las fronteras, llevando su m\u00fasica y su mensaje a todos aquellos que se atreven a sentir de verdad. Porque si algo nos ense\u00f1a Fran es que hay que vivir la vida intensamente, sin miedo a las emociones, y sin esperar a que sea \u00abel momento perfecto\u00bb. La vida es ahora, y Fran lo sabe bien.<\/p>\n\n\n\n<h3 class=\"wp-block-heading\"><strong>Un Soundtrack para Tu Vida<\/strong><\/h3>\n\n\n\n<p>Si a\u00fan no lo sigues en redes sociales, what are you waiting for? Fran Diego no es solo un artista que debes escuchar, es uno que debes seguir de cerca. Sus posts en Insta (@ELECODEFRANDIEGO) y en Facebook (EL ECO DE FRAN DIEGO) siempre est\u00e1n llenos de updates, behind-the-scenes de su proceso creativo, y esos moments que te hacen sentir parte de su journey. Adem\u00e1s, su canal de YouTube y su perfil en Spotify est\u00e1n repletos de joyitas musicales que te acompa\u00f1ar\u00e1n en cada etapa de tu vida.<\/p>\n\n\n\n<p>As\u00ed que, ya lo sabes: prep\u00e1rate para darle play a&nbsp;<em>No Puedo Esperar<\/em>&nbsp;en cuanto salga. Y mientras esperas, sigue explorando el mundo musical de Fran Diego, porque definitivamente no vas a querer perderte nada de lo que este talentoso cantante tiene para ofrecer.<\/p>","protected":false},"excerpt":{"rendered":"<p>Esta semana te doy un poco de contexto sobre el fabuloso artista&nbsp;Fran Diego, un talentoso cantante de Torre\u00f3n, Coahuila, que est\u00e1 revolucionando el pop contempor\u00e1neo. Con un estilo que te atrapa desde la primera nota, Fran tiene ese algo especial que hace que su m\u00fasica te llegue directo al coraz\u00f3n. No Puedo Esperar: Un Track [&hellip;]<\/p>\n","protected":false},"author":2,"featured_media":85440,"comment_status":"open","ping_status":"open","sticky":false,"template":"","format":"standard","meta":{"_jetpack_memberships_contains_paid_content":false,"footnotes":"","jetpack_publicize_message":"","jetpack_publicize_feature_enabled":true,"jetpack_social_post_already_shared":true,"jetpack_social_options":{"image_generator_settings":{"template":"highway","default_image_id":0,"font":"","enabled":false},"version":2}},"categories":[117],"tags":[9175,10656,7902],"class_list":["post-85438","post","type-post","status-publish","format-standard","has-post-thumbnail","hentry","category-entretenimiento","tag-fran-diego","tag-lo-ultimo-en-spotify","tag-musica-nueva-2","has-post-title","has-post-date","has-post-category","has-post-tag","has-post-comment","has-post-author",""],"yoast_head":"<!-- This site is optimized with the Yoast SEO plugin v27.5 - https:\/\/yoast.com\/product\/yoast-seo-wordpress\/ -->\n<title>&quot;Fran Diego: El Pop que Vibra&quot; - Zero Magazine<\/title>\n<meta name=\"robots\" content=\"index, follow, max-snippet:-1, max-image-preview:large, max-video-preview:-1\" \/>\n<link rel=\"canonical\" href=\"https:\/\/zeromagazine.mx\/index.php\/2024\/10\/05\/fran-diego-el-pop-que-vibra\/\" \/>\n<meta property=\"og:locale\" content=\"es_ES\" \/>\n<meta property=\"og:type\" content=\"article\" \/>\n<meta property=\"og:title\" content=\"&quot;Fran Diego: El Pop que Vibra&quot; - Zero Magazine\" \/>\n<meta property=\"og:description\" content=\"Esta semana te doy un poco de contexto sobre el fabuloso artista&nbsp;Fran Diego, un talentoso cantante de Torre\u00f3n, Coahuila, que est\u00e1 revolucionando el pop contempor\u00e1neo. Con un estilo que te atrapa desde la primera nota, Fran tiene ese algo especial que hace que su m\u00fasica te llegue directo al coraz\u00f3n. No Puedo Esperar: Un Track [&hellip;]\" \/>\n<meta property=\"og:url\" content=\"https:\/\/zeromagazine.mx\/index.php\/2024\/10\/05\/fran-diego-el-pop-que-vibra\/\" \/>\n<meta property=\"og:site_name\" content=\"Zero Magazine\" \/>\n<meta property=\"article:published_time\" content=\"2024-10-04T22:06:08+00:00\" \/>\n<meta property=\"article:modified_time\" content=\"2024-10-04T22:06:10+00:00\" \/>\n<meta property=\"og:image\" content=\"https:\/\/i0.wp.com\/zeromagazine.mx\/wp-content\/uploads\/2024\/10\/No-podia-esperar-a-que-fuera-el-fin-de-la-espera.-Ya-pueden-escuchar_-NO-PUEDO-ESPERARJPG.jpg?fit=612%2C612&ssl=1\" \/>\n\t<meta property=\"og:image:width\" content=\"612\" \/>\n\t<meta property=\"og:image:height\" content=\"612\" \/>\n\t<meta property=\"og:image:type\" content=\"image\/jpeg\" \/>\n<meta name=\"author\" content=\"zeromagazinemx\" \/>\n<meta name=\"twitter:card\" content=\"summary_large_image\" \/>\n<meta name=\"twitter:label1\" content=\"Escrito por\" \/>\n\t<meta name=\"twitter:data1\" content=\"zeromagazinemx\" \/>\n\t<meta name=\"twitter:label2\" content=\"Tiempo de lectura\" \/>\n\t<meta name=\"twitter:data2\" content=\"5 minutos\" \/>\n<script type=\"application\/ld+json\" class=\"yoast-schema-graph\">{\"@context\":\"https:\\\/\\\/schema.org\",\"@graph\":[{\"@type\":\"Article\",\"@id\":\"https:\\\/\\\/zeromagazine.mx\\\/index.php\\\/2024\\\/10\\\/05\\\/fran-diego-el-pop-que-vibra\\\/#article\",\"isPartOf\":{\"@id\":\"https:\\\/\\\/zeromagazine.mx\\\/index.php\\\/2024\\\/10\\\/05\\\/fran-diego-el-pop-que-vibra\\\/\"},\"author\":{\"name\":\"zeromagazinemx\",\"@id\":\"https:\\\/\\\/zeromagazine.mx\\\/#\\\/schema\\\/person\\\/9aed9f33a7c39af3a348b86d723f7773\"},\"headline\":\"\u00abFran Diego: El Pop que Vibra\u00bb\",\"datePublished\":\"2024-10-04T22:06:08+00:00\",\"dateModified\":\"2024-10-04T22:06:10+00:00\",\"mainEntityOfPage\":{\"@id\":\"https:\\\/\\\/zeromagazine.mx\\\/index.php\\\/2024\\\/10\\\/05\\\/fran-diego-el-pop-que-vibra\\\/\"},\"wordCount\":933,\"commentCount\":0,\"publisher\":{\"@id\":\"https:\\\/\\\/zeromagazine.mx\\\/#organization\"},\"image\":{\"@id\":\"https:\\\/\\\/zeromagazine.mx\\\/index.php\\\/2024\\\/10\\\/05\\\/fran-diego-el-pop-que-vibra\\\/#primaryimage\"},\"thumbnailUrl\":\"https:\\\/\\\/i0.wp.com\\\/zeromagazine.mx\\\/wp-content\\\/uploads\\\/2024\\\/10\\\/No-podia-esperar-a-que-fuera-el-fin-de-la-espera.-Ya-pueden-escuchar_-NO-PUEDO-ESPERARJPG.jpg?fit=612%2C612&ssl=1\",\"keywords\":[\"Fran Diego\",\"Lo \u00daltimo en Spotify\",\"M\u00fasica Nueva\"],\"articleSection\":[\"Entretenimiento\"],\"inLanguage\":\"es\",\"potentialAction\":[{\"@type\":\"CommentAction\",\"name\":\"Comment\",\"target\":[\"https:\\\/\\\/zeromagazine.mx\\\/index.php\\\/2024\\\/10\\\/05\\\/fran-diego-el-pop-que-vibra\\\/#respond\"]}]},{\"@type\":\"WebPage\",\"@id\":\"https:\\\/\\\/zeromagazine.mx\\\/index.php\\\/2024\\\/10\\\/05\\\/fran-diego-el-pop-que-vibra\\\/\",\"url\":\"https:\\\/\\\/zeromagazine.mx\\\/index.php\\\/2024\\\/10\\\/05\\\/fran-diego-el-pop-que-vibra\\\/\",\"name\":\"\\\"Fran Diego: El Pop que Vibra\\\" - Zero Magazine\",\"isPartOf\":{\"@id\":\"https:\\\/\\\/zeromagazine.mx\\\/#website\"},\"primaryImageOfPage\":{\"@id\":\"https:\\\/\\\/zeromagazine.mx\\\/index.php\\\/2024\\\/10\\\/05\\\/fran-diego-el-pop-que-vibra\\\/#primaryimage\"},\"image\":{\"@id\":\"https:\\\/\\\/zeromagazine.mx\\\/index.php\\\/2024\\\/10\\\/05\\\/fran-diego-el-pop-que-vibra\\\/#primaryimage\"},\"thumbnailUrl\":\"https:\\\/\\\/i0.wp.com\\\/zeromagazine.mx\\\/wp-content\\\/uploads\\\/2024\\\/10\\\/No-podia-esperar-a-que-fuera-el-fin-de-la-espera.-Ya-pueden-escuchar_-NO-PUEDO-ESPERARJPG.jpg?fit=612%2C612&ssl=1\",\"datePublished\":\"2024-10-04T22:06:08+00:00\",\"dateModified\":\"2024-10-04T22:06:10+00:00\",\"breadcrumb\":{\"@id\":\"https:\\\/\\\/zeromagazine.mx\\\/index.php\\\/2024\\\/10\\\/05\\\/fran-diego-el-pop-que-vibra\\\/#breadcrumb\"},\"inLanguage\":\"es\",\"potentialAction\":[{\"@type\":\"ReadAction\",\"target\":[\"https:\\\/\\\/zeromagazine.mx\\\/index.php\\\/2024\\\/10\\\/05\\\/fran-diego-el-pop-que-vibra\\\/\"]}]},{\"@type\":\"ImageObject\",\"inLanguage\":\"es\",\"@id\":\"https:\\\/\\\/zeromagazine.mx\\\/index.php\\\/2024\\\/10\\\/05\\\/fran-diego-el-pop-que-vibra\\\/#primaryimage\",\"url\":\"https:\\\/\\\/i0.wp.com\\\/zeromagazine.mx\\\/wp-content\\\/uploads\\\/2024\\\/10\\\/No-podia-esperar-a-que-fuera-el-fin-de-la-espera.-Ya-pueden-escuchar_-NO-PUEDO-ESPERARJPG.jpg?fit=612%2C612&ssl=1\",\"contentUrl\":\"https:\\\/\\\/i0.wp.com\\\/zeromagazine.mx\\\/wp-content\\\/uploads\\\/2024\\\/10\\\/No-podia-esperar-a-que-fuera-el-fin-de-la-espera.-Ya-pueden-escuchar_-NO-PUEDO-ESPERARJPG.jpg?fit=612%2C612&ssl=1\",\"width\":612,\"height\":612},{\"@type\":\"BreadcrumbList\",\"@id\":\"https:\\\/\\\/zeromagazine.mx\\\/index.php\\\/2024\\\/10\\\/05\\\/fran-diego-el-pop-que-vibra\\\/#breadcrumb\",\"itemListElement\":[{\"@type\":\"ListItem\",\"position\":1,\"name\":\"Portada\",\"item\":\"https:\\\/\\\/zeromagazine.mx\\\/\"},{\"@type\":\"ListItem\",\"position\":2,\"name\":\"\u00abFran Diego: El Pop que Vibra\u00bb\"}]},{\"@type\":\"WebSite\",\"@id\":\"https:\\\/\\\/zeromagazine.mx\\\/#website\",\"url\":\"https:\\\/\\\/zeromagazine.mx\\\/\",\"name\":\"Zero Magazine\",\"description\":\"\",\"publisher\":{\"@id\":\"https:\\\/\\\/zeromagazine.mx\\\/#organization\"},\"potentialAction\":[{\"@type\":\"SearchAction\",\"target\":{\"@type\":\"EntryPoint\",\"urlTemplate\":\"https:\\\/\\\/zeromagazine.mx\\\/?s={search_term_string}\"},\"query-input\":{\"@type\":\"PropertyValueSpecification\",\"valueRequired\":true,\"valueName\":\"search_term_string\"}}],\"inLanguage\":\"es\"},{\"@type\":\"Organization\",\"@id\":\"https:\\\/\\\/zeromagazine.mx\\\/#organization\",\"name\":\"Zero Magazine\",\"url\":\"https:\\\/\\\/zeromagazine.mx\\\/\",\"logo\":{\"@type\":\"ImageObject\",\"inLanguage\":\"es\",\"@id\":\"https:\\\/\\\/zeromagazine.mx\\\/#\\\/schema\\\/logo\\\/image\\\/\",\"url\":\"https:\\\/\\\/i0.wp.com\\\/zeromagazine.mx\\\/wp-content\\\/uploads\\\/2025\\\/11\\\/1.jpeg?fit=1000%2C1000&ssl=1\",\"contentUrl\":\"https:\\\/\\\/i0.wp.com\\\/zeromagazine.mx\\\/wp-content\\\/uploads\\\/2025\\\/11\\\/1.jpeg?fit=1000%2C1000&ssl=1\",\"width\":1000,\"height\":1000,\"caption\":\"Zero Magazine\"},\"image\":{\"@id\":\"https:\\\/\\\/zeromagazine.mx\\\/#\\\/schema\\\/logo\\\/image\\\/\"},\"sameAs\":[\"https:\\\/\\\/instagram.com\\\/zeromagazinemx\"]},{\"@type\":\"Person\",\"@id\":\"https:\\\/\\\/zeromagazine.mx\\\/#\\\/schema\\\/person\\\/9aed9f33a7c39af3a348b86d723f7773\",\"name\":\"zeromagazinemx\",\"image\":{\"@type\":\"ImageObject\",\"inLanguage\":\"es\",\"@id\":\"https:\\\/\\\/zeromagazine.mx\\\/wp-content\\\/litespeed\\\/avatar\\\/f91dfe5410d5dcb1a576bf8c45983896.jpg?ver=1776966396\",\"url\":\"https:\\\/\\\/zeromagazine.mx\\\/wp-content\\\/litespeed\\\/avatar\\\/f91dfe5410d5dcb1a576bf8c45983896.jpg?ver=1776966396\",\"contentUrl\":\"https:\\\/\\\/zeromagazine.mx\\\/wp-content\\\/litespeed\\\/avatar\\\/f91dfe5410d5dcb1a576bf8c45983896.jpg?ver=1776966396\",\"caption\":\"zeromagazinemx\"},\"url\":\"https:\\\/\\\/zeromagazine.mx\\\/index.php\\\/author\\\/zeromagazinemx\\\/\"}]}<\/script>\n<!-- \/ Yoast SEO plugin. -->","yoast_head_json":{"title":"\"Fran Diego: El Pop que Vibra\" - Zero Magazine","robots":{"index":"index","follow":"follow","max-snippet":"max-snippet:-1","max-image-preview":"max-image-preview:large","max-video-preview":"max-video-preview:-1"},"canonical":"https:\/\/zeromagazine.mx\/index.php\/2024\/10\/05\/fran-diego-el-pop-que-vibra\/","og_locale":"es_ES","og_type":"article","og_title":"\"Fran Diego: El Pop que Vibra\" - Zero Magazine","og_description":"Esta semana te doy un poco de contexto sobre el fabuloso artista&nbsp;Fran Diego, un talentoso cantante de Torre\u00f3n, Coahuila, que est\u00e1 revolucionando el pop contempor\u00e1neo. Con un estilo que te atrapa desde la primera nota, Fran tiene ese algo especial que hace que su m\u00fasica te llegue directo al coraz\u00f3n. No Puedo Esperar: Un Track [&hellip;]","og_url":"https:\/\/zeromagazine.mx\/index.php\/2024\/10\/05\/fran-diego-el-pop-que-vibra\/","og_site_name":"Zero Magazine","article_published_time":"2024-10-04T22:06:08+00:00","article_modified_time":"2024-10-04T22:06:10+00:00","og_image":[{"width":612,"height":612,"url":"https:\/\/i0.wp.com\/zeromagazine.mx\/wp-content\/uploads\/2024\/10\/No-podia-esperar-a-que-fuera-el-fin-de-la-espera.-Ya-pueden-escuchar_-NO-PUEDO-ESPERARJPG.jpg?fit=612%2C612&ssl=1","type":"image\/jpeg"}],"author":"zeromagazinemx","twitter_card":"summary_large_image","twitter_misc":{"Escrito por":"zeromagazinemx","Tiempo de lectura":"5 minutos"},"schema":{"@context":"https:\/\/schema.org","@graph":[{"@type":"Article","@id":"https:\/\/zeromagazine.mx\/index.php\/2024\/10\/05\/fran-diego-el-pop-que-vibra\/#article","isPartOf":{"@id":"https:\/\/zeromagazine.mx\/index.php\/2024\/10\/05\/fran-diego-el-pop-que-vibra\/"},"author":{"name":"zeromagazinemx","@id":"https:\/\/zeromagazine.mx\/#\/schema\/person\/9aed9f33a7c39af3a348b86d723f7773"},"headline":"\u00abFran Diego: El Pop que Vibra\u00bb","datePublished":"2024-10-04T22:06:08+00:00","dateModified":"2024-10-04T22:06:10+00:00","mainEntityOfPage":{"@id":"https:\/\/zeromagazine.mx\/index.php\/2024\/10\/05\/fran-diego-el-pop-que-vibra\/"},"wordCount":933,"commentCount":0,"publisher":{"@id":"https:\/\/zeromagazine.mx\/#organization"},"image":{"@id":"https:\/\/zeromagazine.mx\/index.php\/2024\/10\/05\/fran-diego-el-pop-que-vibra\/#primaryimage"},"thumbnailUrl":"https:\/\/i0.wp.com\/zeromagazine.mx\/wp-content\/uploads\/2024\/10\/No-podia-esperar-a-que-fuera-el-fin-de-la-espera.-Ya-pueden-escuchar_-NO-PUEDO-ESPERARJPG.jpg?fit=612%2C612&ssl=1","keywords":["Fran Diego","Lo \u00daltimo en Spotify","M\u00fasica Nueva"],"articleSection":["Entretenimiento"],"inLanguage":"es","potentialAction":[{"@type":"CommentAction","name":"Comment","target":["https:\/\/zeromagazine.mx\/index.php\/2024\/10\/05\/fran-diego-el-pop-que-vibra\/#respond"]}]},{"@type":"WebPage","@id":"https:\/\/zeromagazine.mx\/index.php\/2024\/10\/05\/fran-diego-el-pop-que-vibra\/","url":"https:\/\/zeromagazine.mx\/index.php\/2024\/10\/05\/fran-diego-el-pop-que-vibra\/","name":"\"Fran Diego: El Pop que Vibra\" - Zero Magazine","isPartOf":{"@id":"https:\/\/zeromagazine.mx\/#website"},"primaryImageOfPage":{"@id":"https:\/\/zeromagazine.mx\/index.php\/2024\/10\/05\/fran-diego-el-pop-que-vibra\/#primaryimage"},"image":{"@id":"https:\/\/zeromagazine.mx\/index.php\/2024\/10\/05\/fran-diego-el-pop-que-vibra\/#primaryimage"},"thumbnailUrl":"https:\/\/i0.wp.com\/zeromagazine.mx\/wp-content\/uploads\/2024\/10\/No-podia-esperar-a-que-fuera-el-fin-de-la-espera.-Ya-pueden-escuchar_-NO-PUEDO-ESPERARJPG.jpg?fit=612%2C612&ssl=1","datePublished":"2024-10-04T22:06:08+00:00","dateModified":"2024-10-04T22:06:10+00:00","breadcrumb":{"@id":"https:\/\/zeromagazine.mx\/index.php\/2024\/10\/05\/fran-diego-el-pop-que-vibra\/#breadcrumb"},"inLanguage":"es","potentialAction":[{"@type":"ReadAction","target":["https:\/\/zeromagazine.mx\/index.php\/2024\/10\/05\/fran-diego-el-pop-que-vibra\/"]}]},{"@type":"ImageObject","inLanguage":"es","@id":"https:\/\/zeromagazine.mx\/index.php\/2024\/10\/05\/fran-diego-el-pop-que-vibra\/#primaryimage","url":"https:\/\/i0.wp.com\/zeromagazine.mx\/wp-content\/uploads\/2024\/10\/No-podia-esperar-a-que-fuera-el-fin-de-la-espera.-Ya-pueden-escuchar_-NO-PUEDO-ESPERARJPG.jpg?fit=612%2C612&ssl=1","contentUrl":"https:\/\/i0.wp.com\/zeromagazine.mx\/wp-content\/uploads\/2024\/10\/No-podia-esperar-a-que-fuera-el-fin-de-la-espera.-Ya-pueden-escuchar_-NO-PUEDO-ESPERARJPG.jpg?fit=612%2C612&ssl=1","width":612,"height":612},{"@type":"BreadcrumbList","@id":"https:\/\/zeromagazine.mx\/index.php\/2024\/10\/05\/fran-diego-el-pop-que-vibra\/#breadcrumb","itemListElement":[{"@type":"ListItem","position":1,"name":"Portada","item":"https:\/\/zeromagazine.mx\/"},{"@type":"ListItem","position":2,"name":"\u00abFran Diego: El Pop que Vibra\u00bb"}]},{"@type":"WebSite","@id":"https:\/\/zeromagazine.mx\/#website","url":"https:\/\/zeromagazine.mx\/","name":"Zero Magazine","description":"","publisher":{"@id":"https:\/\/zeromagazine.mx\/#organization"},"potentialAction":[{"@type":"SearchAction","target":{"@type":"EntryPoint","urlTemplate":"https:\/\/zeromagazine.mx\/?s={search_term_string}"},"query-input":{"@type":"PropertyValueSpecification","valueRequired":true,"valueName":"search_term_string"}}],"inLanguage":"es"},{"@type":"Organization","@id":"https:\/\/zeromagazine.mx\/#organization","name":"Zero Magazine","url":"https:\/\/zeromagazine.mx\/","logo":{"@type":"ImageObject","inLanguage":"es","@id":"https:\/\/zeromagazine.mx\/#\/schema\/logo\/image\/","url":"https:\/\/i0.wp.com\/zeromagazine.mx\/wp-content\/uploads\/2025\/11\/1.jpeg?fit=1000%2C1000&ssl=1","contentUrl":"https:\/\/i0.wp.com\/zeromagazine.mx\/wp-content\/uploads\/2025\/11\/1.jpeg?fit=1000%2C1000&ssl=1","width":1000,"height":1000,"caption":"Zero Magazine"},"image":{"@id":"https:\/\/zeromagazine.mx\/#\/schema\/logo\/image\/"},"sameAs":["https:\/\/instagram.com\/zeromagazinemx"]},{"@type":"Person","@id":"https:\/\/zeromagazine.mx\/#\/schema\/person\/9aed9f33a7c39af3a348b86d723f7773","name":"zeromagazinemx","image":{"@type":"ImageObject","inLanguage":"es","@id":"https:\/\/zeromagazine.mx\/wp-content\/litespeed\/avatar\/f91dfe5410d5dcb1a576bf8c45983896.jpg?ver=1776966396","url":"https:\/\/zeromagazine.mx\/wp-content\/litespeed\/avatar\/f91dfe5410d5dcb1a576bf8c45983896.jpg?ver=1776966396","contentUrl":"https:\/\/zeromagazine.mx\/wp-content\/litespeed\/avatar\/f91dfe5410d5dcb1a576bf8c45983896.jpg?ver=1776966396","caption":"zeromagazinemx"},"url":"https:\/\/zeromagazine.mx\/index.php\/author\/zeromagazinemx\/"}]}},"jetpack_publicize_connections":[],"jetpack_featured_media_url":"https:\/\/i0.wp.com\/zeromagazine.mx\/wp-content\/uploads\/2024\/10\/No-podia-esperar-a-que-fuera-el-fin-de-la-espera.-Ya-pueden-escuchar_-NO-PUEDO-ESPERARJPG.jpg?fit=612%2C612&ssl=1","jetpack-related-posts":[{"id":80094,"url":"https:\/\/zeromagazine.mx\/index.php\/2024\/07\/10\/ya-escucharon-el-nuevo-single-de-fran-diego\/","url_meta":{"origin":85438,"position":0},"title":"\u00bfYa Escucharon el Nuevo Single de Fran Diego?","author":"zeromagazinemx","date":"10 de julio de 2024","format":false,"excerpt":"Les traigo una exclusiva sobre nuestro talentoso Fran Diego, el brillante cantante y autor mexicano que est\u00e1 por lanzar el esperado v\u00eddeo de su nueva canci\u00f3n \"Vida\". Prep\u00e1rense para sumergirse en una experiencia musical que seguro nos har\u00e1 sentir mil emociones. Para empezar, \"Vida\" no es solo una rola m\u00e1s,\u2026","rel":"","context":"En \u00abEntretenimiento\u00bb","block_context":{"text":"Entretenimiento","link":"https:\/\/zeromagazine.mx\/index.php\/category\/entretenimiento\/"},"img":{"alt_text":"","src":"https:\/\/i0.wp.com\/zeromagazine.mx\/wp-content\/uploads\/2024\/07\/unnamed-21.jpg?fit=1200%2C800&ssl=1&resize=350%2C200","width":350,"height":200,"srcset":"https:\/\/i0.wp.com\/zeromagazine.mx\/wp-content\/uploads\/2024\/07\/unnamed-21.jpg?fit=1200%2C800&ssl=1&resize=350%2C200 1x, https:\/\/i0.wp.com\/zeromagazine.mx\/wp-content\/uploads\/2024\/07\/unnamed-21.jpg?fit=1200%2C800&ssl=1&resize=525%2C300 1.5x, https:\/\/i0.wp.com\/zeromagazine.mx\/wp-content\/uploads\/2024\/07\/unnamed-21.jpg?fit=1200%2C800&ssl=1&resize=700%2C400 2x, https:\/\/i0.wp.com\/zeromagazine.mx\/wp-content\/uploads\/2024\/07\/unnamed-21.jpg?fit=1200%2C800&ssl=1&resize=1050%2C600 3x"},"classes":[]},{"id":105482,"url":"https:\/\/zeromagazine.mx\/index.php\/2025\/06\/03\/fran-diego-y-su-nuevo-sencillo-piedra-de-sol\/","url_meta":{"origin":85438,"position":1},"title":"Fran Diego y su nuevo sencillo Piedra de Sol","author":"David Morales","date":"3 de junio de 2025","format":false,"excerpt":"Amix, \u00bfhas sentido que una canci\u00f3n te habla directo al cora y te da esperanza para seguir adelante? Bueno, as\u00ed suena Piedra de Sol, el nuevo \u00e1lbum de Fran Diego, cantautor originario de Torre\u00f3n que regresa con una propuesta que es puro sentimiento envuelto en pop rock. Esta vez, nos\u2026","rel":"","context":"En \u00abEntretenimiento\u00bb","block_context":{"text":"Entretenimiento","link":"https:\/\/zeromagazine.mx\/index.php\/category\/entretenimiento\/"},"img":{"alt_text":"","src":"https:\/\/i0.wp.com\/zeromagazine.mx\/wp-content\/uploads\/2025\/06\/Screenshot-2025-06-03-144203.png?fit=710%2C515&ssl=1&resize=350%2C200","width":350,"height":200,"srcset":"https:\/\/i0.wp.com\/zeromagazine.mx\/wp-content\/uploads\/2025\/06\/Screenshot-2025-06-03-144203.png?fit=710%2C515&ssl=1&resize=350%2C200 1x, https:\/\/i0.wp.com\/zeromagazine.mx\/wp-content\/uploads\/2025\/06\/Screenshot-2025-06-03-144203.png?fit=710%2C515&ssl=1&resize=525%2C300 1.5x, https:\/\/i0.wp.com\/zeromagazine.mx\/wp-content\/uploads\/2025\/06\/Screenshot-2025-06-03-144203.png?fit=710%2C515&ssl=1&resize=700%2C400 2x"},"classes":[]},{"id":54359,"url":"https:\/\/zeromagazine.mx\/index.php\/2021\/09\/11\/alejandro-cisneros-inaugura-las-oficinas-de-rizoma\/","url_meta":{"origin":85438,"position":2},"title":"Alejandro Cisneros Inaugura las oficinas de Rizoma","author":"zeromagazinemx","date":"11 de septiembre de 2021","format":false,"excerpt":"Rizoma Talent Agency, agencia especializada en influencer marketing, inaugura sus oficinas en Paseo de la Reforma. Por Moises Kushelevich https:\/\/www.instagram.com\/p\/B5HH4jhDCZj\/?utm_medium=copy_link Alejandro Cisneros fundador de Rizoma, inaugura sus oficinas en Paseo de la Reforma, en pleno coraz\u00f3n de la Ciudad de M\u00e9xico a la que acudieron muchos de sus influencers y\u2026","rel":"","context":"En \u00abCine\u00bb","block_context":{"text":"Cine","link":"https:\/\/zeromagazine.mx\/index.php\/category\/entretenimiento\/cine\/"},"img":{"alt_text":"","src":"","width":0,"height":0},"classes":[]},{"id":114123,"url":"https:\/\/zeromagazine.mx\/index.php\/2026\/01\/23\/eventos-en-san-diego-todo-el-ano\/","url_meta":{"origin":85438,"position":3},"title":"\u00a1Incre\u00edble\u00a0Todo el A\u00f1o:\u00a0Grandes Eventos en San Diego!","author":"David Morales","date":"23 de enero de 2026","format":false,"excerpt":"Hablar de\u00a0eventos en San Diego todo el a\u00f1o\u00a0es hablar de una ciudad que nunca baja el volumen. Aqu\u00ed no importa si es invierno, verano o cualquier mes intermedio: siempre hay algo pasando bajo el sol, cerca del mar y con esa vibra relajada que solo San Diego sabe manejar. Desde\u2026","rel":"","context":"En \u00abBlog\u00bb","block_context":{"text":"Blog","link":"https:\/\/zeromagazine.mx\/index.php\/category\/blog\/"},"img":{"alt_text":"","src":"https:\/\/i0.wp.com\/zeromagazine.mx\/wp-content\/uploads\/2026\/01\/IMG_1109.jpeg?fit=1200%2C842&ssl=1&resize=350%2C200","width":350,"height":200,"srcset":"https:\/\/i0.wp.com\/zeromagazine.mx\/wp-content\/uploads\/2026\/01\/IMG_1109.jpeg?fit=1200%2C842&ssl=1&resize=350%2C200 1x, https:\/\/i0.wp.com\/zeromagazine.mx\/wp-content\/uploads\/2026\/01\/IMG_1109.jpeg?fit=1200%2C842&ssl=1&resize=525%2C300 1.5x, https:\/\/i0.wp.com\/zeromagazine.mx\/wp-content\/uploads\/2026\/01\/IMG_1109.jpeg?fit=1200%2C842&ssl=1&resize=700%2C400 2x, https:\/\/i0.wp.com\/zeromagazine.mx\/wp-content\/uploads\/2026\/01\/IMG_1109.jpeg?fit=1200%2C842&ssl=1&resize=1050%2C600 3x"},"classes":[]},{"id":76551,"url":"https:\/\/zeromagazine.mx\/index.php\/2024\/05\/28\/calequi-y-las-panteras-culminan-su-viaje-por-latinoamerica-con-madrid-madrid\/","url_meta":{"origin":85438,"position":4},"title":"Calequi y Las Panteras culminan su viaje por Latinoam\u00e9rica con \u00abMadrid, Madrid\u00bb","author":"David Morales","date":"28 de mayo de 2024","format":false,"excerpt":"\u00bfYa escucharon lo nuevo de Calequi y Las Panteras? Si no, d\u00e9jenme contarles todo el chisme sobre \"Madrid, Madrid\", su m\u00e1s reciente single. Este rol\u00f3n es la cereza del pastel de su \u00e1lbum \"Mezcla Rica\", que nos llev\u00f3 de viaje por toda Am\u00e9rica Latina y ahora nos regresa a Madrid,\u2026","rel":"","context":"En \u00abBlog\u00bb","block_context":{"text":"Blog","link":"https:\/\/zeromagazine.mx\/index.php\/category\/blog\/"},"img":{"alt_text":"","src":"https:\/\/i0.wp.com\/zeromagazine.mx\/wp-content\/uploads\/2024\/05\/Foto-2-con-Alana-Sinkey-Carol-Flain-1-scaled.jpeg?fit=1200%2C800&ssl=1&resize=350%2C200","width":350,"height":200,"srcset":"https:\/\/i0.wp.com\/zeromagazine.mx\/wp-content\/uploads\/2024\/05\/Foto-2-con-Alana-Sinkey-Carol-Flain-1-scaled.jpeg?fit=1200%2C800&ssl=1&resize=350%2C200 1x, https:\/\/i0.wp.com\/zeromagazine.mx\/wp-content\/uploads\/2024\/05\/Foto-2-con-Alana-Sinkey-Carol-Flain-1-scaled.jpeg?fit=1200%2C800&ssl=1&resize=525%2C300 1.5x, https:\/\/i0.wp.com\/zeromagazine.mx\/wp-content\/uploads\/2024\/05\/Foto-2-con-Alana-Sinkey-Carol-Flain-1-scaled.jpeg?fit=1200%2C800&ssl=1&resize=700%2C400 2x, https:\/\/i0.wp.com\/zeromagazine.mx\/wp-content\/uploads\/2024\/05\/Foto-2-con-Alana-Sinkey-Carol-Flain-1-scaled.jpeg?fit=1200%2C800&ssl=1&resize=1050%2C600 3x"},"classes":[]},{"id":71714,"url":"https:\/\/zeromagazine.mx\/index.php\/2024\/03\/11\/el-proceso-un-viaje-de-pasion-y-redencion-en-el-mundo-del-teatro\/","url_meta":{"origin":85438,"position":5},"title":"\u00abEl Proceso\u00bb: Un viaje de pasi\u00f3n y redenci\u00f3n en el mundo del teatro","author":"zeromagazinemx","date":"11 de marzo de 2024","format":false,"excerpt":"\u00a1Atenci\u00f3n a todos los amantes del teatro y las emociones profundas! Se acerca el tan esperado estreno de \"El proceso\", la \u00faltima creaci\u00f3n de la talentosa autora Paula Guida. Esta obra nos sumerge en el vertiginoso mundo del teatro, explorando las luchas y desaf\u00edos de Leo, un joven director de\u2026","rel":"","context":"En \u00abEntretenimiento\u00bb","block_context":{"text":"Entretenimiento","link":"https:\/\/zeromagazine.mx\/index.php\/category\/entretenimiento\/"},"img":{"alt_text":"","src":"https:\/\/i0.wp.com\/zeromagazine.mx\/wp-content\/uploads\/2024\/03\/%40thedarklabclub-10-scaled.jpg?fit=1200%2C800&ssl=1&resize=350%2C200","width":350,"height":200,"srcset":"https:\/\/i0.wp.com\/zeromagazine.mx\/wp-content\/uploads\/2024\/03\/%40thedarklabclub-10-scaled.jpg?fit=1200%2C800&ssl=1&resize=350%2C200 1x, https:\/\/i0.wp.com\/zeromagazine.mx\/wp-content\/uploads\/2024\/03\/%40thedarklabclub-10-scaled.jpg?fit=1200%2C800&ssl=1&resize=525%2C300 1.5x, https:\/\/i0.wp.com\/zeromagazine.mx\/wp-content\/uploads\/2024\/03\/%40thedarklabclub-10-scaled.jpg?fit=1200%2C800&ssl=1&resize=700%2C400 2x, https:\/\/i0.wp.com\/zeromagazine.mx\/wp-content\/uploads\/2024\/03\/%40thedarklabclub-10-scaled.jpg?fit=1200%2C800&ssl=1&resize=1050%2C600 3x"},"classes":[]}],"jetpack_sharing_enabled":true,"builder_content":"","_links":{"self":[{"href":"https:\/\/zeromagazine.mx\/index.php\/wp-json\/wp\/v2\/posts\/85438","targetHints":{"allow":["GET"]}}],"collection":[{"href":"https:\/\/zeromagazine.mx\/index.php\/wp-json\/wp\/v2\/posts"}],"about":[{"href":"https:\/\/zeromagazine.mx\/index.php\/wp-json\/wp\/v2\/types\/post"}],"author":[{"embeddable":true,"href":"https:\/\/zeromagazine.mx\/index.php\/wp-json\/wp\/v2\/users\/2"}],"replies":[{"embeddable":true,"href":"https:\/\/zeromagazine.mx\/index.php\/wp-json\/wp\/v2\/comments?post=85438"}],"version-history":[{"count":1,"href":"https:\/\/zeromagazine.mx\/index.php\/wp-json\/wp\/v2\/posts\/85438\/revisions"}],"predecessor-version":[{"id":85441,"href":"https:\/\/zeromagazine.mx\/index.php\/wp-json\/wp\/v2\/posts\/85438\/revisions\/85441"}],"wp:featuredmedia":[{"embeddable":true,"href":"https:\/\/zeromagazine.mx\/index.php\/wp-json\/wp\/v2\/media\/85440"}],"wp:attachment":[{"href":"https:\/\/zeromagazine.mx\/index.php\/wp-json\/wp\/v2\/media?parent=85438"}],"wp:term":[{"taxonomy":"category","embeddable":true,"href":"https:\/\/zeromagazine.mx\/index.php\/wp-json\/wp\/v2\/categories?post=85438"},{"taxonomy":"post_tag","embeddable":true,"href":"https:\/\/zeromagazine.mx\/index.php\/wp-json\/wp\/v2\/tags?post=85438"}],"curies":[{"name":"wp","href":"https:\/\/api.w.org\/{rel}","templated":true}]}}