{"id":85511,"date":"2024-10-07T19:31:01","date_gmt":"2024-10-07T17:31:01","guid":{"rendered":"https:\/\/zeromagazine.mx\/?p=85511"},"modified":"2024-10-07T19:46:05","modified_gmt":"2024-10-07T17:46:05","slug":"macarena-achaga-icono-del-fashion","status":"publish","type":"post","link":"https:\/\/zeromagazine.mx\/index.php\/2024\/10\/07\/macarena-achaga-icono-del-fashion\/","title":{"rendered":"\u00abMacarena Achaga: \u00cdcono del Fashion\u00bb"},"content":{"rendered":"<p>\u00a1Holaa chicxs! Esta semana les traigo todo el chisme de lo que pas\u00f3 en la Paris Fashion Week con el <em>Etam Live Show<\/em>. Ya s\u00e9 que el fashion y el glam son todo, y este evento lo fue todo tambi\u00e9n. Prep\u00e1rate para enterarte de los detalles m\u00e1s juicy y por qu\u00e9 Macarena Achaga nos dej\u00f3 con el hype por las nubes.<\/p>\n\n\n\n<h3 class=\"wp-block-heading\">La Monnaie de Par\u00eds<\/h3>\n\n\n\n<p>Primero lo primero, tenemos que hablar del lugar que lo hizo \u00e9pico: La Monnaie de Paris. Este spot est\u00e1 a la orilla del Sena, o sea, super fancy desde el inicio. La verdad, no cualquier show puede tener la vibra perfecta, pero aqu\u00ed, todo se alinea con las vibes de la moda, la historia y el arte. \u00a1Imag\u00ednate un lugar que ha estado ah\u00ed desde 1775! O sea, mientras aqu\u00ed apenas descubr\u00edamos la rueda, ellos ya andaban haciendo historia. Es el mix perfecto entre elegancia y ese je ne sais quoi que solo los franceses logran.<\/p>\n\n\n\n<script async src=\"https:\/\/pagead2.googlesyndication.com\/pagead\/js\/adsbygoogle.js?client=ca-pub-5499304793904745\"\n     crossorigin=\"anonymous\"><\/script>\n<ins class=\"adsbygoogle\"\n     style=\"display:block; text-align:center;\"\n     data-ad-layout=\"in-article\"\n     data-ad-format=\"fluid\"\n     data-ad-client=\"ca-pub-5499304793904745\"\n     data-ad-slot=\"5994863093\"><\/ins>\n<script>\n     (adsbygoogle = window.adsbygoogle || []).push({});\n<\/script>\n\n\n\n<p><\/p>\n\n\n\n<p>Pero espera, antes de que te pierdas en la historia, v\u00e1monos al evento en s\u00ed. Este a\u00f1o fue la 17\u00aa edici\u00f3n del Etam Live Show, y no s\u00e9 t\u00fa, pero siento que cada a\u00f1o lo hacen m\u00e1s cool. Y obvi, <em>Macarena Achaga<\/em> fue la estrella total. La Monnaie de Par\u00eds fue el escenario, pero Macarena fue quien prendi\u00f3 fuego, literal.<\/p>\n\n\n\n<h3 class=\"wp-block-heading\">Macarena Achaga: De Latina a Reina del Glam<\/h3>\n\n\n\n<p>La neta, ver a Macarena Achaga desfilar es como ver a una de nosotrxs, pero con ese glow inalcanzable. Si no la ubicas bien, d\u00e9jame contarte que es una actriz y modelo argentina que la est\u00e1 rompiendo fuerte en todo lo que toca. Y desde su debut en 2023 con Etam, es como que cada vez que la ves, solo dices: \u201cWow, esta morra est\u00e1 en otro nivel\u201d.<\/p>\n\n\n\n<script async src=\"https:\/\/pagead2.googlesyndication.com\/pagead\/js\/adsbygoogle.js?client=ca-pub-5499304793904745\"\r\n     crossorigin=\"anonymous\"><\/script>\r\n<ins class=\"adsbygoogle\"\r\n     style=\"display:block; text-align:center;\"\r\n     data-ad-layout=\"in-article\"\r\n     data-ad-format=\"fluid\"\r\n     data-ad-client=\"ca-pub-5499304793904745\"\r\n     data-ad-slot=\"5994863093\"><\/ins>\r\n<script>\r\n     (adsbygoogle = window.adsbygoogle || []).push({});\r\n<\/script>\n\n\n\n<p><\/p>\n\n\n\n<p>Achaga no solo model\u00f3, sino que b\u00e1sicamente encarn\u00f3 la esencia del \u201cFrench Savoir-Faire\u201d. Pero, \u00bfqu\u00e9 es eso? B\u00e1sicamente es esa forma refinada que tienen los franceses de hacer TODO con clase, sin esfuerzo aparente. O sea, imagina verte mega chic mientras te tomas tu caf\u00e9, pero que parezca que solo te despertaste as\u00ed. Totalmente goals, \u00bfverdad? Pues Maca lo hizo ver super easy mientras caminaba con esas piezas de lencer\u00eda que son puro power.<\/p>\n\n\n<div class=\"wp-block-image\">\n<figure class=\"aligncenter size-full\"><img data-recalc-dims=\"1\" decoding=\"async\" width=\"1165\" height=\"655\" src=\"https:\/\/i0.wp.com\/zeromagazine.mx\/wp-content\/uploads\/2024\/10\/Macarena-Achaga-ETAM-Paris-Fashion-Week.jpg?resize=1165%2C655&#038;ssl=1\" alt=\"Revive la 17\u00aa edici\u00f3n del Etam Live Show en Par\u00eds, donde la actriz y modelo Macarena Achaga brill\u00f3 en la pasarela, mostrando la nueva colecci\u00f3n de lencer\u00eda de Etam. Descubre c\u00f3mo este evento redefine la sensualidad y celebra el empoderamiento femenino a trav\u00e9s de la moda.\n\" class=\"wp-image-85512\" srcset=\"https:\/\/i0.wp.com\/zeromagazine.mx\/wp-content\/uploads\/2024\/10\/Macarena-Achaga-ETAM-Paris-Fashion-Week.jpg?w=1600&amp;ssl=1 1600w, https:\/\/i0.wp.com\/zeromagazine.mx\/wp-content\/uploads\/2024\/10\/Macarena-Achaga-ETAM-Paris-Fashion-Week.jpg?resize=300%2C169&amp;ssl=1 300w, https:\/\/i0.wp.com\/zeromagazine.mx\/wp-content\/uploads\/2024\/10\/Macarena-Achaga-ETAM-Paris-Fashion-Week.jpg?resize=1024%2C576&amp;ssl=1 1024w, https:\/\/i0.wp.com\/zeromagazine.mx\/wp-content\/uploads\/2024\/10\/Macarena-Achaga-ETAM-Paris-Fashion-Week.jpg?resize=768%2C432&amp;ssl=1 768w, https:\/\/i0.wp.com\/zeromagazine.mx\/wp-content\/uploads\/2024\/10\/Macarena-Achaga-ETAM-Paris-Fashion-Week.jpg?resize=1536%2C864&amp;ssl=1 1536w\" sizes=\"(max-width: 1165px) 100vw, 1165px\" \/><\/figure>\n<\/div>\n\n\n<p><\/p>\n\n\n\n<h3 class=\"wp-block-heading\"> Empoderamiento al M\u00e1ximo<\/h3>\n\n\n\n<p>Lo m\u00e1s cool del desfile, m\u00e1s all\u00e1 del fashion, fue el mensaje que Achaga dej\u00f3 claro: la confianza viene desde adentro. Y esto no es solo una frase clich\u00e9, porque todas hemos sentido que cuando te pones algo con lo que te sientes hot, lo proyectas, pero cuando te sientes inc\u00f3moda, nada fluye. Achaga dijo algo que se me qued\u00f3 grabado: \u201cEl poder de la lencer\u00eda no est\u00e1 solo en c\u00f3mo te ves, sino en c\u00f3mo te sientes. La confianza comienza desde adentro, y cada una de nosotras merece sentirse fuerte, hermosa y capaz de conquistar el mundo\u201d.<\/p>\n\n\n\n<p>\u00a1Boom! Ese tipo de palabras son las que necesitas escuchar cuando te despiertas con cara de lunes, porque a veces se nos olvida que, aunque las prendas son clave, lo importante es c\u00f3mo nos hacen sentir. Esa vibra de seguridad es la que hace que te sientas que puedes conquistar el mundo, aunque sea desde el outfit que elijas para ir a clases o una date.<\/p>\n\n\n\n<script async src=\"https:\/\/pagead2.googlesyndication.com\/pagead\/js\/adsbygoogle.js?client=ca-pub-5499304793904745\"\r\n     crossorigin=\"anonymous\"><\/script>\r\n<ins class=\"adsbygoogle\"\r\n     style=\"display:block; text-align:center;\"\r\n     data-ad-layout=\"in-article\"\r\n     data-ad-format=\"fluid\"\r\n     data-ad-client=\"ca-pub-5499304793904745\"\r\n     data-ad-slot=\"5994863093\"><\/ins>\r\n<script>\r\n     (adsbygoogle = window.adsbygoogle || []).push({});\r\n<\/script>\n\n\n\n<p><\/p>\n\n\n\n<p>Obvio, desde que Macarena entr\u00f3 como embajadora de Etam, la marca le ha dado una voz que inspira a todas. Ella ha demostrado que no importa si est\u00e1s en la pantalla grande o en las pasarelas m\u00e1s top, lo importante es ser t\u00fa mismx. Su rollo de empoderamiento y autenticidad ha traspasado fronteras, inspirando a much\u00edsimas mujeres (y personas en general) a abrazar su fuerza interna y mostrarla al mundo sin miedo. Es ese mix entre ser fuerte y vulnerable al mismo tiempo, \u00bfsabes? Como que a veces sientes que puedes comerte al mundo y otras que necesitas una mantita y Netflix, pero ambas vibes son v\u00e1lidas y poderosas.<\/p>\n\n\n\n<script async src=\"https:\/\/pagead2.googlesyndication.com\/pagead\/js\/adsbygoogle.js?client=ca-pub-5499304793904745\"\r\n     crossorigin=\"anonymous\"><\/script>\r\n<ins class=\"adsbygoogle\"\r\n     style=\"display:block; text-align:center;\"\r\n     data-ad-layout=\"in-article\"\r\n     data-ad-format=\"fluid\"\r\n     data-ad-client=\"ca-pub-5499304793904745\"\r\n     data-ad-slot=\"5994863093\"><\/ins>\r\n<script>\r\n     (adsbygoogle = window.adsbygoogle || []).push({});\r\n<\/script>\n\n\n\n<p><\/p>\n\n\n\n<p>Durante todo el 2024, Macarena ha sido una figura importante tanto en el entretenimiento como en la moda, y la verdad es que se nota. No es solo una cara bonita (aunque, tbh, es hermosa), sino que lleva un mensaje fuerte de autenticidad. Y es que, seamos honestxs, cuando ves a alguien siendo real, es inevitable que te inspire a serlo tambi\u00e9n.<\/p>\n\n\n\n<h3 class=\"wp-block-heading\">Un Fashion Show que no Solo es Moda, es Arte<\/h3>\n\n\n\n<p>Y bueno, volviendo al Etam Live Show en s\u00ed, hay que decir que este desfile fue toda una experiencia. No era solo ver a modelos caminar y lucir prendas, fue como si el arte y la moda se fusionaran en un mismo espacio. Cada dise\u00f1o, cada movimiento, todo estaba perfectamente coreografiado. Desde lencer\u00eda delicada y femenina, hasta piezas m\u00e1s atrevidas, todo estaba en su punto. Es como si Etam quisiera decirnos: \u201cAqu\u00ed hay algo para todas\u201d. Porque al final, la moda es eso, encontrar algo que te represente y te haga sentir lo mejor posible.<\/p>\n\n\n\n<p>Adem\u00e1s, fue super inclusivo. Ya sabemos que en los \u00faltimos a\u00f1os las marcas est\u00e1n poni\u00e9ndose las pilas para mostrar diversidad real, y Etam no se queda atr\u00e1s. Las modelos eran de diferentes tallas, estilos y or\u00edgenes, lo que hizo que el show se sintiera aut\u00e9ntico y representativo. As\u00ed que si pensabas que la lencer\u00eda era solo para un tipo de cuerpo o para un tipo de persona, Etam vino a cambiarte el chip.<\/p>\n\n\n\n<h3 class=\"wp-block-heading\">C\u00f3mo lo vivimos desde el sof\u00e1 (o donde sea que est\u00e9s)<\/h3>\n\n\n\n<p>Lo m\u00e1s cool de esta edici\u00f3n fue que pudimos ver todo en vivo desde cualquier parte del mundo. Literalmente, aunque est\u00e9s en pijama en tu cuarto, pod\u00edas estar en primera fila virtual gracias a la transmisi\u00f3n en www.etam.mx. O sea, \u00a1gracias, tecnolog\u00eda! As\u00ed que no hubo excusas para perderse este espect\u00e1culo, porque pod\u00edas disfrutarlo todo sin tener que estar f\u00edsicamente en Par\u00eds (aunque claro, eso ser\u00eda el sue\u00f1o, \u00bfno?).<\/p>\n\n\n\n<p>Reviviendo cada segundo del desfile, es f\u00e1cil entender por qu\u00e9 este show es uno de los m\u00e1s esperados en la Paris Fashion Week. Es como si Etam dijera: \u00abVamos a hacerlo m\u00e1s grande, m\u00e1s impactante y m\u00e1s inclusivo cada a\u00f1o\u00bb. Y lo lograron, porque esta 17\u00aa edici\u00f3n ser\u00e1 dif\u00edcil de superar.<\/p>\n\n\n\n<script async src=\"https:\/\/pagead2.googlesyndication.com\/pagead\/js\/adsbygoogle.js?client=ca-pub-5499304793904745\"\r\n     crossorigin=\"anonymous\"><\/script>\r\n<ins class=\"adsbygoogle\"\r\n     style=\"display:block; text-align:center;\"\r\n     data-ad-layout=\"in-article\"\r\n     data-ad-format=\"fluid\"\r\n     data-ad-client=\"ca-pub-5499304793904745\"\r\n     data-ad-slot=\"5994863093\"><\/ins>\r\n<script>\r\n     (adsbygoogle = window.adsbygoogle || []).push({});\r\n<\/script>\n\n\n\n<p><\/p>\n\n\n\n<p>Al final del d\u00eda, lo que se present\u00f3 en el <em>Etam Live Show<\/em> no es solo ropa. Es una declaraci\u00f3n de c\u00f3mo est\u00e1 cambiando la moda y c\u00f3mo queremos vernos representadxs. Es m\u00e1s que telas y costuras, es un movimiento hacia una moda m\u00e1s inclusiva y diversa, donde cada persona, sin importar su talla, color de piel o estilo de vida, pueda sentirse parte de algo m\u00e1s grande.<\/p>\n\n\n\n<script async src=\"https:\/\/pagead2.googlesyndication.com\/pagead\/js\/adsbygoogle.js?client=ca-pub-5499304793904745\"\r\n     crossorigin=\"anonymous\"><\/script>\r\n<ins class=\"adsbygoogle\"\r\n     style=\"display:block; text-align:center;\"\r\n     data-ad-layout=\"in-article\"\r\n     data-ad-format=\"fluid\"\r\n     data-ad-client=\"ca-pub-5499304793904745\"\r\n     data-ad-slot=\"5994863093\"><\/ins>\r\n<script>\r\n     (adsbygoogle = window.adsbygoogle || []).push({});\r\n<\/script>\n\n\n\n<p><\/p>\n\n\n\n<p>Ver a alguien como <em>Macarena Achaga<\/em> liderando este cambio es refrescante. Porque al final, todxs queremos sentirnos vistas y valoradas, no solo en el mundo de la moda, sino en la vida. La lencer\u00eda, por m\u00e1s que parezca algo superficial, es una herramienta para reconectar con esa confianza interna que a veces se nos olvida que tenemos. Como Maca dijo, \u00abLa confianza comienza desde adentro\u00bb, y la moda es solo una parte del proceso de sentirnos fuertes, capaces y listas para comernos el mundo.<\/p>\n\n\n\n<script async src=\"https:\/\/pagead2.googlesyndication.com\/pagead\/js\/adsbygoogle.js?client=ca-pub-5499304793904745\"\r\n     crossorigin=\"anonymous\"><\/script>\r\n<ins class=\"adsbygoogle\"\r\n     style=\"display:block; text-align:center;\"\r\n     data-ad-layout=\"in-article\"\r\n     data-ad-format=\"fluid\"\r\n     data-ad-client=\"ca-pub-5499304793904745\"\r\n     data-ad-slot=\"5994863093\"><\/ins>\r\n<script>\r\n     (adsbygoogle = window.adsbygoogle || []).push({});\r\n<\/script>\n\n\n\n<p><\/p>\n\n\n\n<p>As\u00ed que, la pr\u00f3xima vez que te pongas algo que te haga sentir bien, recuerda lo que Maca nos ense\u00f1\u00f3: el poder de una prenda no est\u00e1 solo en c\u00f3mo te hace ver, sino en c\u00f3mo te hace sentir. Porque todxs nos merecemos esa sensaci\u00f3n de seguridad y belleza, no importa qu\u00e9 llevemos puesto. <\/p>\n\n\n\n<p>Y si alguna vez sientes que necesitas un boost, tal vez lo que necesitas es esa prenda que te haga recordar lo incre\u00edble que eres, inside and out.<\/p>\n\n<!--themify_builder_content-->\n<div id=\"themify_builder_content-85511\" data-postid=\"85511\" class=\"themify_builder_content themify_builder_content-85511 themify_builder tf_clear\">\n    <\/div>\n<!--\/themify_builder_content-->","protected":false},"excerpt":{"rendered":"<p>\u00a1Holaa chicxs! Esta semana les traigo todo el chisme de lo que pas\u00f3 en la Paris Fashion Week con el Etam Live Show. Ya s\u00e9 que el fashion y el glam son todo, y este evento lo fue todo tambi\u00e9n. Prep\u00e1rate para enterarte de los detalles m\u00e1s juicy y por qu\u00e9 Macarena Achaga nos dej\u00f3 [&hellip;]<\/p>\n","protected":false},"author":2,"featured_media":85512,"comment_status":"open","ping_status":"open","sticky":false,"template":"","format":"standard","meta":{"_jetpack_memberships_contains_paid_content":false,"footnotes":"","jetpack_publicize_message":"","jetpack_publicize_feature_enabled":true,"jetpack_social_post_already_shared":true,"jetpack_social_options":{"image_generator_settings":{"template":"highway","default_image_id":0,"font":"","enabled":false},"version":2}},"categories":[67],"tags":[10663,4996,10662],"class_list":["post-85511","post","type-post","status-publish","format-standard","has-post-thumbnail","hentry","category-moda","tag-etam-live-show","tag-macarena-achaga","tag-paris-fashion-week","has-post-title","has-post-date","has-post-category","has-post-tag","has-post-comment","has-post-author",""],"yoast_head":"<!-- This site is optimized with the Yoast SEO plugin v27.4 - https:\/\/yoast.com\/product\/yoast-seo-wordpress\/ -->\n<title>&quot;Macarena Achaga: \u00cdcono del Fashion&quot; - Zero Magazine<\/title>\n<meta name=\"robots\" content=\"index, follow, max-snippet:-1, max-image-preview:large, max-video-preview:-1\" \/>\n<link rel=\"canonical\" href=\"https:\/\/zeromagazine.mx\/index.php\/2024\/10\/07\/macarena-achaga-icono-del-fashion\/\" \/>\n<meta property=\"og:locale\" content=\"es_ES\" \/>\n<meta property=\"og:type\" content=\"article\" \/>\n<meta property=\"og:title\" content=\"&quot;Macarena Achaga: \u00cdcono del Fashion&quot; - Zero Magazine\" \/>\n<meta property=\"og:description\" content=\"\u00a1Holaa chicxs! Esta semana les traigo todo el chisme de lo que pas\u00f3 en la Paris Fashion Week con el Etam Live Show. Ya s\u00e9 que el fashion y el glam son todo, y este evento lo fue todo tambi\u00e9n. Prep\u00e1rate para enterarte de los detalles m\u00e1s juicy y por qu\u00e9 Macarena Achaga nos dej\u00f3 [&hellip;]\" \/>\n<meta property=\"og:url\" content=\"https:\/\/zeromagazine.mx\/index.php\/2024\/10\/07\/macarena-achaga-icono-del-fashion\/\" \/>\n<meta property=\"og:site_name\" content=\"Zero Magazine\" \/>\n<meta property=\"article:published_time\" content=\"2024-10-07T17:31:01+00:00\" \/>\n<meta property=\"article:modified_time\" content=\"2024-10-07T17:46:05+00:00\" \/>\n<meta property=\"og:image\" content=\"https:\/\/i0.wp.com\/zeromagazine.mx\/wp-content\/uploads\/2024\/10\/Macarena-Achaga-ETAM-Paris-Fashion-Week.jpg?fit=1600%2C900&ssl=1\" \/>\n\t<meta property=\"og:image:width\" content=\"1600\" \/>\n\t<meta property=\"og:image:height\" content=\"900\" \/>\n\t<meta property=\"og:image:type\" content=\"image\/jpeg\" \/>\n<meta name=\"author\" content=\"zeromagazinemx\" \/>\n<meta name=\"twitter:card\" content=\"summary_large_image\" \/>\n<meta name=\"twitter:label1\" content=\"Escrito por\" \/>\n\t<meta name=\"twitter:data1\" content=\"zeromagazinemx\" \/>\n\t<meta name=\"twitter:label2\" content=\"Tiempo de lectura\" \/>\n\t<meta name=\"twitter:data2\" content=\"7 minutos\" \/>\n<script type=\"application\/ld+json\" class=\"yoast-schema-graph\">{\"@context\":\"https:\\\/\\\/schema.org\",\"@graph\":[{\"@type\":\"Article\",\"@id\":\"https:\\\/\\\/zeromagazine.mx\\\/index.php\\\/2024\\\/10\\\/07\\\/macarena-achaga-icono-del-fashion\\\/#article\",\"isPartOf\":{\"@id\":\"https:\\\/\\\/zeromagazine.mx\\\/index.php\\\/2024\\\/10\\\/07\\\/macarena-achaga-icono-del-fashion\\\/\"},\"author\":{\"name\":\"zeromagazinemx\",\"@id\":\"https:\\\/\\\/zeromagazine.mx\\\/#\\\/schema\\\/person\\\/9aed9f33a7c39af3a348b86d723f7773\"},\"headline\":\"\u00abMacarena Achaga: \u00cdcono del Fashion\u00bb\",\"datePublished\":\"2024-10-07T17:31:01+00:00\",\"dateModified\":\"2024-10-07T17:46:05+00:00\",\"mainEntityOfPage\":{\"@id\":\"https:\\\/\\\/zeromagazine.mx\\\/index.php\\\/2024\\\/10\\\/07\\\/macarena-achaga-icono-del-fashion\\\/\"},\"wordCount\":1330,\"commentCount\":0,\"publisher\":{\"@id\":\"https:\\\/\\\/zeromagazine.mx\\\/#organization\"},\"image\":{\"@id\":\"https:\\\/\\\/zeromagazine.mx\\\/index.php\\\/2024\\\/10\\\/07\\\/macarena-achaga-icono-del-fashion\\\/#primaryimage\"},\"thumbnailUrl\":\"https:\\\/\\\/i0.wp.com\\\/zeromagazine.mx\\\/wp-content\\\/uploads\\\/2024\\\/10\\\/Macarena-Achaga-ETAM-Paris-Fashion-Week.jpg?fit=1600%2C900&ssl=1\",\"keywords\":[\"Etam Live Show\",\"Macarena Achaga\",\"Paris Fashion Week\"],\"articleSection\":[\"Moda\"],\"inLanguage\":\"es\",\"potentialAction\":[{\"@type\":\"CommentAction\",\"name\":\"Comment\",\"target\":[\"https:\\\/\\\/zeromagazine.mx\\\/index.php\\\/2024\\\/10\\\/07\\\/macarena-achaga-icono-del-fashion\\\/#respond\"]}]},{\"@type\":\"WebPage\",\"@id\":\"https:\\\/\\\/zeromagazine.mx\\\/index.php\\\/2024\\\/10\\\/07\\\/macarena-achaga-icono-del-fashion\\\/\",\"url\":\"https:\\\/\\\/zeromagazine.mx\\\/index.php\\\/2024\\\/10\\\/07\\\/macarena-achaga-icono-del-fashion\\\/\",\"name\":\"\\\"Macarena Achaga: \u00cdcono del Fashion\\\" - Zero Magazine\",\"isPartOf\":{\"@id\":\"https:\\\/\\\/zeromagazine.mx\\\/#website\"},\"primaryImageOfPage\":{\"@id\":\"https:\\\/\\\/zeromagazine.mx\\\/index.php\\\/2024\\\/10\\\/07\\\/macarena-achaga-icono-del-fashion\\\/#primaryimage\"},\"image\":{\"@id\":\"https:\\\/\\\/zeromagazine.mx\\\/index.php\\\/2024\\\/10\\\/07\\\/macarena-achaga-icono-del-fashion\\\/#primaryimage\"},\"thumbnailUrl\":\"https:\\\/\\\/i0.wp.com\\\/zeromagazine.mx\\\/wp-content\\\/uploads\\\/2024\\\/10\\\/Macarena-Achaga-ETAM-Paris-Fashion-Week.jpg?fit=1600%2C900&ssl=1\",\"datePublished\":\"2024-10-07T17:31:01+00:00\",\"dateModified\":\"2024-10-07T17:46:05+00:00\",\"breadcrumb\":{\"@id\":\"https:\\\/\\\/zeromagazine.mx\\\/index.php\\\/2024\\\/10\\\/07\\\/macarena-achaga-icono-del-fashion\\\/#breadcrumb\"},\"inLanguage\":\"es\",\"potentialAction\":[{\"@type\":\"ReadAction\",\"target\":[\"https:\\\/\\\/zeromagazine.mx\\\/index.php\\\/2024\\\/10\\\/07\\\/macarena-achaga-icono-del-fashion\\\/\"]}]},{\"@type\":\"ImageObject\",\"inLanguage\":\"es\",\"@id\":\"https:\\\/\\\/zeromagazine.mx\\\/index.php\\\/2024\\\/10\\\/07\\\/macarena-achaga-icono-del-fashion\\\/#primaryimage\",\"url\":\"https:\\\/\\\/i0.wp.com\\\/zeromagazine.mx\\\/wp-content\\\/uploads\\\/2024\\\/10\\\/Macarena-Achaga-ETAM-Paris-Fashion-Week.jpg?fit=1600%2C900&ssl=1\",\"contentUrl\":\"https:\\\/\\\/i0.wp.com\\\/zeromagazine.mx\\\/wp-content\\\/uploads\\\/2024\\\/10\\\/Macarena-Achaga-ETAM-Paris-Fashion-Week.jpg?fit=1600%2C900&ssl=1\",\"width\":1600,\"height\":900},{\"@type\":\"BreadcrumbList\",\"@id\":\"https:\\\/\\\/zeromagazine.mx\\\/index.php\\\/2024\\\/10\\\/07\\\/macarena-achaga-icono-del-fashion\\\/#breadcrumb\",\"itemListElement\":[{\"@type\":\"ListItem\",\"position\":1,\"name\":\"Portada\",\"item\":\"https:\\\/\\\/zeromagazine.mx\\\/\"},{\"@type\":\"ListItem\",\"position\":2,\"name\":\"\u00abMacarena Achaga: \u00cdcono del Fashion\u00bb\"}]},{\"@type\":\"WebSite\",\"@id\":\"https:\\\/\\\/zeromagazine.mx\\\/#website\",\"url\":\"https:\\\/\\\/zeromagazine.mx\\\/\",\"name\":\"Zero Magazine\",\"description\":\"\",\"publisher\":{\"@id\":\"https:\\\/\\\/zeromagazine.mx\\\/#organization\"},\"potentialAction\":[{\"@type\":\"SearchAction\",\"target\":{\"@type\":\"EntryPoint\",\"urlTemplate\":\"https:\\\/\\\/zeromagazine.mx\\\/?s={search_term_string}\"},\"query-input\":{\"@type\":\"PropertyValueSpecification\",\"valueRequired\":true,\"valueName\":\"search_term_string\"}}],\"inLanguage\":\"es\"},{\"@type\":\"Organization\",\"@id\":\"https:\\\/\\\/zeromagazine.mx\\\/#organization\",\"name\":\"Zero Magazine\",\"url\":\"https:\\\/\\\/zeromagazine.mx\\\/\",\"logo\":{\"@type\":\"ImageObject\",\"inLanguage\":\"es\",\"@id\":\"https:\\\/\\\/zeromagazine.mx\\\/#\\\/schema\\\/logo\\\/image\\\/\",\"url\":\"https:\\\/\\\/i0.wp.com\\\/zeromagazine.mx\\\/wp-content\\\/uploads\\\/2025\\\/11\\\/1.jpeg?fit=1000%2C1000&ssl=1\",\"contentUrl\":\"https:\\\/\\\/i0.wp.com\\\/zeromagazine.mx\\\/wp-content\\\/uploads\\\/2025\\\/11\\\/1.jpeg?fit=1000%2C1000&ssl=1\",\"width\":1000,\"height\":1000,\"caption\":\"Zero Magazine\"},\"image\":{\"@id\":\"https:\\\/\\\/zeromagazine.mx\\\/#\\\/schema\\\/logo\\\/image\\\/\"},\"sameAs\":[\"https:\\\/\\\/instagram.com\\\/zeromagazinemx\"]},{\"@type\":\"Person\",\"@id\":\"https:\\\/\\\/zeromagazine.mx\\\/#\\\/schema\\\/person\\\/9aed9f33a7c39af3a348b86d723f7773\",\"name\":\"zeromagazinemx\",\"image\":{\"@type\":\"ImageObject\",\"inLanguage\":\"es\",\"@id\":\"https:\\\/\\\/zeromagazine.mx\\\/wp-content\\\/litespeed\\\/avatar\\\/f91dfe5410d5dcb1a576bf8c45983896.jpg?ver=1776966396\",\"url\":\"https:\\\/\\\/zeromagazine.mx\\\/wp-content\\\/litespeed\\\/avatar\\\/f91dfe5410d5dcb1a576bf8c45983896.jpg?ver=1776966396\",\"contentUrl\":\"https:\\\/\\\/zeromagazine.mx\\\/wp-content\\\/litespeed\\\/avatar\\\/f91dfe5410d5dcb1a576bf8c45983896.jpg?ver=1776966396\",\"caption\":\"zeromagazinemx\"},\"url\":\"https:\\\/\\\/zeromagazine.mx\\\/index.php\\\/author\\\/zeromagazinemx\\\/\"}]}<\/script>\n<!-- \/ Yoast SEO plugin. -->","yoast_head_json":{"title":"\"Macarena Achaga: \u00cdcono del Fashion\" - Zero Magazine","robots":{"index":"index","follow":"follow","max-snippet":"max-snippet:-1","max-image-preview":"max-image-preview:large","max-video-preview":"max-video-preview:-1"},"canonical":"https:\/\/zeromagazine.mx\/index.php\/2024\/10\/07\/macarena-achaga-icono-del-fashion\/","og_locale":"es_ES","og_type":"article","og_title":"\"Macarena Achaga: \u00cdcono del Fashion\" - Zero Magazine","og_description":"\u00a1Holaa chicxs! Esta semana les traigo todo el chisme de lo que pas\u00f3 en la Paris Fashion Week con el Etam Live Show. Ya s\u00e9 que el fashion y el glam son todo, y este evento lo fue todo tambi\u00e9n. Prep\u00e1rate para enterarte de los detalles m\u00e1s juicy y por qu\u00e9 Macarena Achaga nos dej\u00f3 [&hellip;]","og_url":"https:\/\/zeromagazine.mx\/index.php\/2024\/10\/07\/macarena-achaga-icono-del-fashion\/","og_site_name":"Zero Magazine","article_published_time":"2024-10-07T17:31:01+00:00","article_modified_time":"2024-10-07T17:46:05+00:00","og_image":[{"width":1600,"height":900,"url":"https:\/\/i0.wp.com\/zeromagazine.mx\/wp-content\/uploads\/2024\/10\/Macarena-Achaga-ETAM-Paris-Fashion-Week.jpg?fit=1600%2C900&ssl=1","type":"image\/jpeg"}],"author":"zeromagazinemx","twitter_card":"summary_large_image","twitter_misc":{"Escrito por":"zeromagazinemx","Tiempo de lectura":"7 minutos"},"schema":{"@context":"https:\/\/schema.org","@graph":[{"@type":"Article","@id":"https:\/\/zeromagazine.mx\/index.php\/2024\/10\/07\/macarena-achaga-icono-del-fashion\/#article","isPartOf":{"@id":"https:\/\/zeromagazine.mx\/index.php\/2024\/10\/07\/macarena-achaga-icono-del-fashion\/"},"author":{"name":"zeromagazinemx","@id":"https:\/\/zeromagazine.mx\/#\/schema\/person\/9aed9f33a7c39af3a348b86d723f7773"},"headline":"\u00abMacarena Achaga: \u00cdcono del Fashion\u00bb","datePublished":"2024-10-07T17:31:01+00:00","dateModified":"2024-10-07T17:46:05+00:00","mainEntityOfPage":{"@id":"https:\/\/zeromagazine.mx\/index.php\/2024\/10\/07\/macarena-achaga-icono-del-fashion\/"},"wordCount":1330,"commentCount":0,"publisher":{"@id":"https:\/\/zeromagazine.mx\/#organization"},"image":{"@id":"https:\/\/zeromagazine.mx\/index.php\/2024\/10\/07\/macarena-achaga-icono-del-fashion\/#primaryimage"},"thumbnailUrl":"https:\/\/i0.wp.com\/zeromagazine.mx\/wp-content\/uploads\/2024\/10\/Macarena-Achaga-ETAM-Paris-Fashion-Week.jpg?fit=1600%2C900&ssl=1","keywords":["Etam Live Show","Macarena Achaga","Paris Fashion Week"],"articleSection":["Moda"],"inLanguage":"es","potentialAction":[{"@type":"CommentAction","name":"Comment","target":["https:\/\/zeromagazine.mx\/index.php\/2024\/10\/07\/macarena-achaga-icono-del-fashion\/#respond"]}]},{"@type":"WebPage","@id":"https:\/\/zeromagazine.mx\/index.php\/2024\/10\/07\/macarena-achaga-icono-del-fashion\/","url":"https:\/\/zeromagazine.mx\/index.php\/2024\/10\/07\/macarena-achaga-icono-del-fashion\/","name":"\"Macarena Achaga: \u00cdcono del Fashion\" - Zero Magazine","isPartOf":{"@id":"https:\/\/zeromagazine.mx\/#website"},"primaryImageOfPage":{"@id":"https:\/\/zeromagazine.mx\/index.php\/2024\/10\/07\/macarena-achaga-icono-del-fashion\/#primaryimage"},"image":{"@id":"https:\/\/zeromagazine.mx\/index.php\/2024\/10\/07\/macarena-achaga-icono-del-fashion\/#primaryimage"},"thumbnailUrl":"https:\/\/i0.wp.com\/zeromagazine.mx\/wp-content\/uploads\/2024\/10\/Macarena-Achaga-ETAM-Paris-Fashion-Week.jpg?fit=1600%2C900&ssl=1","datePublished":"2024-10-07T17:31:01+00:00","dateModified":"2024-10-07T17:46:05+00:00","breadcrumb":{"@id":"https:\/\/zeromagazine.mx\/index.php\/2024\/10\/07\/macarena-achaga-icono-del-fashion\/#breadcrumb"},"inLanguage":"es","potentialAction":[{"@type":"ReadAction","target":["https:\/\/zeromagazine.mx\/index.php\/2024\/10\/07\/macarena-achaga-icono-del-fashion\/"]}]},{"@type":"ImageObject","inLanguage":"es","@id":"https:\/\/zeromagazine.mx\/index.php\/2024\/10\/07\/macarena-achaga-icono-del-fashion\/#primaryimage","url":"https:\/\/i0.wp.com\/zeromagazine.mx\/wp-content\/uploads\/2024\/10\/Macarena-Achaga-ETAM-Paris-Fashion-Week.jpg?fit=1600%2C900&ssl=1","contentUrl":"https:\/\/i0.wp.com\/zeromagazine.mx\/wp-content\/uploads\/2024\/10\/Macarena-Achaga-ETAM-Paris-Fashion-Week.jpg?fit=1600%2C900&ssl=1","width":1600,"height":900},{"@type":"BreadcrumbList","@id":"https:\/\/zeromagazine.mx\/index.php\/2024\/10\/07\/macarena-achaga-icono-del-fashion\/#breadcrumb","itemListElement":[{"@type":"ListItem","position":1,"name":"Portada","item":"https:\/\/zeromagazine.mx\/"},{"@type":"ListItem","position":2,"name":"\u00abMacarena Achaga: \u00cdcono del Fashion\u00bb"}]},{"@type":"WebSite","@id":"https:\/\/zeromagazine.mx\/#website","url":"https:\/\/zeromagazine.mx\/","name":"Zero Magazine","description":"","publisher":{"@id":"https:\/\/zeromagazine.mx\/#organization"},"potentialAction":[{"@type":"SearchAction","target":{"@type":"EntryPoint","urlTemplate":"https:\/\/zeromagazine.mx\/?s={search_term_string}"},"query-input":{"@type":"PropertyValueSpecification","valueRequired":true,"valueName":"search_term_string"}}],"inLanguage":"es"},{"@type":"Organization","@id":"https:\/\/zeromagazine.mx\/#organization","name":"Zero Magazine","url":"https:\/\/zeromagazine.mx\/","logo":{"@type":"ImageObject","inLanguage":"es","@id":"https:\/\/zeromagazine.mx\/#\/schema\/logo\/image\/","url":"https:\/\/i0.wp.com\/zeromagazine.mx\/wp-content\/uploads\/2025\/11\/1.jpeg?fit=1000%2C1000&ssl=1","contentUrl":"https:\/\/i0.wp.com\/zeromagazine.mx\/wp-content\/uploads\/2025\/11\/1.jpeg?fit=1000%2C1000&ssl=1","width":1000,"height":1000,"caption":"Zero Magazine"},"image":{"@id":"https:\/\/zeromagazine.mx\/#\/schema\/logo\/image\/"},"sameAs":["https:\/\/instagram.com\/zeromagazinemx"]},{"@type":"Person","@id":"https:\/\/zeromagazine.mx\/#\/schema\/person\/9aed9f33a7c39af3a348b86d723f7773","name":"zeromagazinemx","image":{"@type":"ImageObject","inLanguage":"es","@id":"https:\/\/zeromagazine.mx\/wp-content\/litespeed\/avatar\/f91dfe5410d5dcb1a576bf8c45983896.jpg?ver=1776966396","url":"https:\/\/zeromagazine.mx\/wp-content\/litespeed\/avatar\/f91dfe5410d5dcb1a576bf8c45983896.jpg?ver=1776966396","contentUrl":"https:\/\/zeromagazine.mx\/wp-content\/litespeed\/avatar\/f91dfe5410d5dcb1a576bf8c45983896.jpg?ver=1776966396","caption":"zeromagazinemx"},"url":"https:\/\/zeromagazine.mx\/index.php\/author\/zeromagazinemx\/"}]}},"jetpack_publicize_connections":[],"jetpack_featured_media_url":"https:\/\/i0.wp.com\/zeromagazine.mx\/wp-content\/uploads\/2024\/10\/Macarena-Achaga-ETAM-Paris-Fashion-Week.jpg?fit=1600%2C900&ssl=1","jetpack-related-posts":[{"id":117145,"url":"https:\/\/zeromagazine.mx\/index.php\/2026\/03\/23\/moscow-fashion-week-tendencias-2026\/","url_meta":{"origin":85511,"position":0},"title":"Moscow Fashion Week lo cambia todo","author":"Luis Trujano","date":"23 de marzo de 2026","format":false,"excerpt":"Si cre\u00edas que ya lo hab\u00edas visto todo en la temporada de moda, Moscow Fashion Week llega para recordarte que lo m\u00e1s interesante no siempre pasa en las \u201ccuatro grandes\u201d. Este evento est\u00e1 creciendo r\u00e1pido \u2014y con raz\u00f3n\u2014: m\u00e1s de 200 marcas de todo el mundo est\u00e1n redefiniendo lo que\u2026","rel":"","context":"En \u00abModa\u00bb","block_context":{"text":"Moda","link":"https:\/\/zeromagazine.mx\/index.php\/category\/moda\/"},"img":{"alt_text":"","src":"https:\/\/i0.wp.com\/zeromagazine.mx\/wp-content\/uploads\/2026\/03\/IMG_6576.jpeg?resize=350%2C200&ssl=1","width":350,"height":200},"classes":[]},{"id":119232,"url":"https:\/\/zeromagazine.mx\/index.php\/2026\/04\/22\/volvo-fashion-week-mexico-guadalajara-2026-5\/","url_meta":{"origin":85511,"position":1},"title":"EL \u00daLTIMO D\u00cdA DE VOLVO FASHION WEEK M\u00c9XICO GUADALAJARA","author":"zeromagazinemx","date":"22 de abril de 2026","format":false,"excerpt":"Cuando la moda deja de ser show y se convierte en discurso El cierre de Volvo Fashion Week M\u00e9xico en Guadalajara no se sinti\u00f3 como un final, sino como una confirmaci\u00f3n: la moda mexicana est\u00e1 en otro momento. Menos enfocada en la aspiraci\u00f3n tradicional y m\u00e1s interesada en construir identidad,\u2026","rel":"","context":"En \u00abDise\u00f1o\u00bb","block_context":{"text":"Dise\u00f1o","link":"https:\/\/zeromagazine.mx\/index.php\/category\/diseno\/"},"img":{"alt_text":"","src":"https:\/\/i0.wp.com\/zeromagazine.mx\/wp-content\/uploads\/2026\/04\/F2H09888-29-scaled.jpg?fit=1200%2C800&ssl=1&resize=350%2C200","width":350,"height":200,"srcset":"https:\/\/i0.wp.com\/zeromagazine.mx\/wp-content\/uploads\/2026\/04\/F2H09888-29-scaled.jpg?fit=1200%2C800&ssl=1&resize=350%2C200 1x, https:\/\/i0.wp.com\/zeromagazine.mx\/wp-content\/uploads\/2026\/04\/F2H09888-29-scaled.jpg?fit=1200%2C800&ssl=1&resize=525%2C300 1.5x, https:\/\/i0.wp.com\/zeromagazine.mx\/wp-content\/uploads\/2026\/04\/F2H09888-29-scaled.jpg?fit=1200%2C800&ssl=1&resize=700%2C400 2x, https:\/\/i0.wp.com\/zeromagazine.mx\/wp-content\/uploads\/2026\/04\/F2H09888-29-scaled.jpg?fit=1200%2C800&ssl=1&resize=1050%2C600 3x"},"classes":[]},{"id":109762,"url":"https:\/\/zeromagazine.mx\/index.php\/2025\/10\/27\/moda-strona-coppel-volvo-fashion-week\/","url_meta":{"origin":85511,"position":2},"title":"STRONA Coppel: moda con actitud","author":"Luis Trujano","date":"27 de octubre de 2025","format":false,"excerpt":"Si hay algo que qued\u00f3 clar\u00edsimo tras el cierre del Volvo Fashion Week M\u00e9xico, es que STRONA Coppel no vino a jugar. La nueva marca de Coppel debut\u00f3 con una vibra fresca, rebelde y 100% aut\u00e9ntica. Es la evoluci\u00f3n de lo que antes conoc\u00edamos como Thinner, pero con una propuesta\u2026","rel":"","context":"En \u00abModa\u00bb","block_context":{"text":"Moda","link":"https:\/\/zeromagazine.mx\/index.php\/category\/moda\/"},"img":{"alt_text":"","src":"","width":0,"height":0},"classes":[]},{"id":104259,"url":"https:\/\/zeromagazine.mx\/index.php\/2025\/05\/16\/el-fashion-week-mexico-se-revive-con-grupo-modelo\/","url_meta":{"origin":85511,"position":3},"title":"El Fashion Week M\u00e9xico Se Revive con Grupo Modelo","author":"David Morales","date":"16 de mayo de 2025","format":false,"excerpt":"Amix, \u00bfse imaginan ver moda mexicana contempor\u00e1nea en el mismo lugar donde naci\u00f3 la Corona? Pues eso justo pas\u00f3 en el Fashion Week M\u00e9xico 2025, cuando la dise\u00f1adora Carla Fern\u00e1ndez present\u00f3 su nueva colecci\u00f3n dentro de la Cervecer\u00eda Modelo, en pleno Lago Alberto. Una pasarela que uni\u00f3 dise\u00f1o, tradici\u00f3n y\u2026","rel":"","context":"En \u00abModa\u00bb","block_context":{"text":"Moda","link":"https:\/\/zeromagazine.mx\/index.php\/category\/moda\/"},"img":{"alt_text":"","src":"https:\/\/i0.wp.com\/zeromagazine.mx\/wp-content\/uploads\/2025\/05\/CARLA-FERNANDEZ-DSC03439-scaled.jpg?fit=800%2C1200&ssl=1&resize=350%2C200","width":350,"height":200,"srcset":"https:\/\/i0.wp.com\/zeromagazine.mx\/wp-content\/uploads\/2025\/05\/CARLA-FERNANDEZ-DSC03439-scaled.jpg?fit=800%2C1200&ssl=1&resize=350%2C200 1x, https:\/\/i0.wp.com\/zeromagazine.mx\/wp-content\/uploads\/2025\/05\/CARLA-FERNANDEZ-DSC03439-scaled.jpg?fit=800%2C1200&ssl=1&resize=525%2C300 1.5x, https:\/\/i0.wp.com\/zeromagazine.mx\/wp-content\/uploads\/2025\/05\/CARLA-FERNANDEZ-DSC03439-scaled.jpg?fit=800%2C1200&ssl=1&resize=700%2C400 2x"},"classes":[]},{"id":117223,"url":"https:\/\/zeromagazine.mx\/index.php\/2026\/03\/24\/moscow-fashion-week-desfiles-tendencias-2026\/","url_meta":{"origin":85511,"position":4},"title":"Moscow Fashion Week arrasa global","author":"zeromagazinemx","date":"24 de marzo de 2026","format":false,"excerpt":"Hay semanas de la moda\u2026 y luego est\u00e1 Moscow Fashion Week. Este a\u00f1o no solo cerr\u00f3 el circuito internacional, lo hizo con una energ\u00eda que se sinti\u00f3 como el after m\u00e1s exclusivo del mundo fashion. M\u00e1s de 80 desfiles, miles de asistentes y una mezcla cultural que confirma algo: la\u2026","rel":"","context":"En \u00abModa\u00bb","block_context":{"text":"Moda","link":"https:\/\/zeromagazine.mx\/index.php\/category\/moda\/"},"img":{"alt_text":"","src":"https:\/\/i0.wp.com\/zeromagazine.mx\/wp-content\/uploads\/2026\/03\/Ruban-at-Moscow-Fashion-Week_1-scaled.jpg?fit=1200%2C800&ssl=1&resize=350%2C200","width":350,"height":200,"srcset":"https:\/\/i0.wp.com\/zeromagazine.mx\/wp-content\/uploads\/2026\/03\/Ruban-at-Moscow-Fashion-Week_1-scaled.jpg?fit=1200%2C800&ssl=1&resize=350%2C200 1x, https:\/\/i0.wp.com\/zeromagazine.mx\/wp-content\/uploads\/2026\/03\/Ruban-at-Moscow-Fashion-Week_1-scaled.jpg?fit=1200%2C800&ssl=1&resize=525%2C300 1.5x, https:\/\/i0.wp.com\/zeromagazine.mx\/wp-content\/uploads\/2026\/03\/Ruban-at-Moscow-Fashion-Week_1-scaled.jpg?fit=1200%2C800&ssl=1&resize=700%2C400 2x, https:\/\/i0.wp.com\/zeromagazine.mx\/wp-content\/uploads\/2026\/03\/Ruban-at-Moscow-Fashion-Week_1-scaled.jpg?fit=1200%2C800&ssl=1&resize=1050%2C600 3x"},"classes":[]},{"id":118945,"url":"https:\/\/zeromagazine.mx\/index.php\/2026\/04\/18\/fashion-week-mexico-guadalajara-2026\/","url_meta":{"origin":85511,"position":5},"title":"Fashion Week M\u00e9xico vibra Guadalajara","author":"Luis Trujano","date":"18 de abril de 2026","format":false,"excerpt":"La moda mexicana est\u00e1 teniendo un momento, y lo que pas\u00f3 en Volvo Fashion Week M\u00e9xico en Guadalajara lo confirma sin discusi\u00f3n. El segundo d\u00eda no solo fue una pasarela, fue una narrativa completa sobre identidad, ra\u00edces y c\u00f3mo el dise\u00f1o nacional est\u00e1 jugando en otro nivel. Si algo qued\u00f3\u2026","rel":"","context":"En \u00abModa\u00bb","block_context":{"text":"Moda","link":"https:\/\/zeromagazine.mx\/index.php\/category\/moda\/"},"img":{"alt_text":"","src":"https:\/\/i0.wp.com\/zeromagazine.mx\/wp-content\/uploads\/2026\/04\/IMG_6717.jpeg?fit=480%2C720&ssl=1&resize=350%2C200","width":350,"height":200},"classes":[]}],"jetpack_sharing_enabled":true,"builder_content":"","_links":{"self":[{"href":"https:\/\/zeromagazine.mx\/index.php\/wp-json\/wp\/v2\/posts\/85511","targetHints":{"allow":["GET"]}}],"collection":[{"href":"https:\/\/zeromagazine.mx\/index.php\/wp-json\/wp\/v2\/posts"}],"about":[{"href":"https:\/\/zeromagazine.mx\/index.php\/wp-json\/wp\/v2\/types\/post"}],"author":[{"embeddable":true,"href":"https:\/\/zeromagazine.mx\/index.php\/wp-json\/wp\/v2\/users\/2"}],"replies":[{"embeddable":true,"href":"https:\/\/zeromagazine.mx\/index.php\/wp-json\/wp\/v2\/comments?post=85511"}],"version-history":[{"count":10,"href":"https:\/\/zeromagazine.mx\/index.php\/wp-json\/wp\/v2\/posts\/85511\/revisions"}],"predecessor-version":[{"id":85524,"href":"https:\/\/zeromagazine.mx\/index.php\/wp-json\/wp\/v2\/posts\/85511\/revisions\/85524"}],"wp:featuredmedia":[{"embeddable":true,"href":"https:\/\/zeromagazine.mx\/index.php\/wp-json\/wp\/v2\/media\/85512"}],"wp:attachment":[{"href":"https:\/\/zeromagazine.mx\/index.php\/wp-json\/wp\/v2\/media?parent=85511"}],"wp:term":[{"taxonomy":"category","embeddable":true,"href":"https:\/\/zeromagazine.mx\/index.php\/wp-json\/wp\/v2\/categories?post=85511"},{"taxonomy":"post_tag","embeddable":true,"href":"https:\/\/zeromagazine.mx\/index.php\/wp-json\/wp\/v2\/tags?post=85511"}],"curies":[{"name":"wp","href":"https:\/\/api.w.org\/{rel}","templated":true}]}}