{"id":85608,"date":"2024-10-07T21:59:43","date_gmt":"2024-10-07T19:59:43","guid":{"rendered":"https:\/\/zeromagazine.mx\/?p=85608"},"modified":"2024-10-07T22:10:03","modified_gmt":"2024-10-07T20:10:03","slug":"caravana-rosa-juntxs-en-la-lucha","status":"publish","type":"post","link":"https:\/\/zeromagazine.mx\/index.php\/2024\/10\/07\/caravana-rosa-juntxs-en-la-lucha\/","title":{"rendered":"\u00abCaravana Rosa: Juntxs en la Lucha\u00bb"},"content":{"rendered":"<p>Cuando hablamos de causas sociales en M\u00e9xico, hay un chorro de iniciativas que marcan la diferencia. Pero, si hay una que resalta y que de verdad se ha ganado un lugar en el coraz\u00f3n de muchas personas, es la <em>Caravana Rosa<\/em> de <em><strong>MOBILITY ADO<\/strong><\/em>. Imag\u00ednate, 85 a\u00f1os de experiencia en movilidad y ahora, adem\u00e1s de transportar a millones de pasajeros, est\u00e1n en una misi\u00f3n poderosa para combatir el c\u00e1ncer de mama. <\/p>\n\n\n\n<h3 class=\"wp-block-heading\">La Realidad del C\u00e1ncer de Mama en M\u00e9xico<\/h3>\n\n\n\n<p>Para entender por qu\u00e9 la Caravana Rosa es tan necesaria, primero necesitamos poner en contexto la situaci\u00f3n del c\u00e1ncer de mama en M\u00e9xico. Seg\u00fan la <em>Encuesta Nacional de Salud y Nutrici\u00f3n Continua 2022 (ENSANUT)<\/em>, de las 20.6 millones de mujeres entre 40 y 69 a\u00f1os, solo el 20% se realiz\u00f3 una mastograf\u00eda en el \u00faltimo a\u00f1o. \u00a1Eso es una locura! Significa que muchas mujeres no tienen acceso a la detecci\u00f3n temprana que podr\u00eda salvar sus vidas. Esto no solo es un tema de salud, sino de justicia social. La falta de informaci\u00f3n y recursos es algo que debemos combatir.<\/p>\n\n\n\n<h3 class=\"wp-block-heading\">\u00bfQu\u00e9 es Caravana Rosa?<\/h3>\n\n\n\n<p>Desde hace 13 a\u00f1os, la <em>Caravana Rosa<\/em> se ha presentado como una respuesta directa a esta problem\u00e1tica. Este a\u00f1o, la empresa ha incrementado en un <em>32%<\/em> la cantidad de mastograf\u00edas que ofrecer\u00e1, cubriendo 13 estados en el centro y sur de M\u00e9xico. Cada a\u00f1o, a trav\u00e9s de esta iniciativa, se realizan mastograf\u00edas gratuitas en diversas terminales de autobuses, logrando que miles de mujeres puedan acceder a estos ex\u00e1menes que podr\u00edan salvarles la vida.<\/p>\n\n\n<div class=\"wp-block-image\">\n<figure class=\"aligncenter size-full\"><img data-recalc-dims=\"1\" decoding=\"async\" width=\"1165\" height=\"953\" src=\"https:\/\/i0.wp.com\/zeromagazine.mx\/wp-content\/uploads\/2024\/10\/23A2955-copy-scaled.jpg?resize=1165%2C953&#038;ssl=1\" alt=\"Descubre c\u00f3mo la Caravana Rosa de MOBILITY ADO est\u00e1 transformando la lucha contra el c\u00e1ncer de mama en M\u00e9xico. Con mastograf\u00edas gratuitas y un fuerte compromiso social, esta iniciativa est\u00e1 empoderando a las mujeres y promoviendo la salud en las comunidades. \u00a1Inf\u00f3rmate y s\u00e9 parte del cambio!\" class=\"wp-image-85613\" srcset=\"https:\/\/i0.wp.com\/zeromagazine.mx\/wp-content\/uploads\/2024\/10\/23A2955-copy-scaled.jpg?w=2560&amp;ssl=1 2560w, https:\/\/i0.wp.com\/zeromagazine.mx\/wp-content\/uploads\/2024\/10\/23A2955-copy-scaled.jpg?resize=300%2C246&amp;ssl=1 300w, https:\/\/i0.wp.com\/zeromagazine.mx\/wp-content\/uploads\/2024\/10\/23A2955-copy-scaled.jpg?resize=1024%2C838&amp;ssl=1 1024w, https:\/\/i0.wp.com\/zeromagazine.mx\/wp-content\/uploads\/2024\/10\/23A2955-copy-scaled.jpg?resize=768%2C629&amp;ssl=1 768w, https:\/\/i0.wp.com\/zeromagazine.mx\/wp-content\/uploads\/2024\/10\/23A2955-copy-scaled.jpg?resize=1536%2C1257&amp;ssl=1 1536w, https:\/\/i0.wp.com\/zeromagazine.mx\/wp-content\/uploads\/2024\/10\/23A2955-copy-scaled.jpg?resize=2048%2C1676&amp;ssl=1 2048w, https:\/\/i0.wp.com\/zeromagazine.mx\/wp-content\/uploads\/2024\/10\/23A2955-copy-scaled.jpg?w=2330 2330w\" sizes=\"(max-width: 1165px) 100vw, 1165px\" \/><\/figure>\n<\/div>\n\n\n<p><\/p>\n\n\n\n<p>Aldo Alarc\u00f3n Vargas, el Director General de Transporte M\u00e9xico en <em>MOBILITY ADO<\/em>, coment\u00f3: \u00abA trav\u00e9s de Caravana Rosa, expresamos nuestro agradecimiento a las comunidades del centro y sur de M\u00e9xico, que nos han acompa\u00f1ado desde hace 85 a\u00f1os. Gracias a esta iniciativa, hemos logrado detectar oportunamente 21 casos de c\u00e1ncer de mama\u00bb. Imag\u00ednate la emoci\u00f3n de esas mujeres al recibir la noticia de que pudieron acceder a tratamiento a tiempo. Es algo que simplemente no tiene precio.<\/p>\n\n\n\n<h3 class=\"wp-block-heading\">Detecci\u00f3n Temprana<\/h3>\n\n\n\n<p>Aqu\u00ed es donde la Caravana Rosa hace su magia. Al facilitar el acceso a mastograf\u00edas, est\u00e1n asegurando que m\u00e1s mujeres tengan la oportunidad de detectar el c\u00e1ncer de mama en etapas tempranas. Y, lo m\u00e1s impactante, es que en 12 a\u00f1os, han facilitado m\u00e1s de <em>12,000 mastograf\u00edas gratuitas<\/em> y <em>3,000 traslados terrestres<\/em> para consultas y tratamientos. <\/p>\n\n\n\n<p>Adem\u00e1s, este a\u00f1o, la Caravana Rosa ampl\u00eda su alcance al <em>Estado de M\u00e9xico<\/em> y Guerrero, lo que significa que m\u00e1s comunidades podr\u00e1n beneficiarse de esta iniciativa. Las terminales participantes incluyen lugares clave como la <em>Central de Autobuses del Norte<\/em> en Ciudad de M\u00e9xico, as\u00ed como terminales en Oaxaca, Acapulco, <em>Puebla<\/em> y m\u00e1s. Esto garantiza una mayor accesibilidad y conectividad para todas las mujeres que necesiten este servicio.<\/p>\n\n\n<div class=\"wp-block-image\">\n<figure class=\"aligncenter size-full\"><img data-recalc-dims=\"1\" decoding=\"async\" width=\"1165\" height=\"777\" src=\"https:\/\/i0.wp.com\/zeromagazine.mx\/wp-content\/uploads\/2024\/10\/23A2541-copy-scaled.jpg?resize=1165%2C777&#038;ssl=1\" alt=\"Conoce la historia de la Caravana Rosa, que ofrece mastograf\u00edas gratuitas a mujeres en 13 estados de M\u00e9xico. A trav\u00e9s de esta noble causa, MOBILITY ADO promueve la detecci\u00f3n temprana del c\u00e1ncer de mama y fomenta la solidaridad en la comunidad. Inf\u00f3rmate y participa en este movimiento vital.\" class=\"wp-image-85623\" srcset=\"https:\/\/i0.wp.com\/zeromagazine.mx\/wp-content\/uploads\/2024\/10\/23A2541-copy-scaled.jpg?w=2560&amp;ssl=1 2560w, https:\/\/i0.wp.com\/zeromagazine.mx\/wp-content\/uploads\/2024\/10\/23A2541-copy-scaled.jpg?resize=300%2C200&amp;ssl=1 300w, https:\/\/i0.wp.com\/zeromagazine.mx\/wp-content\/uploads\/2024\/10\/23A2541-copy-scaled.jpg?resize=1024%2C683&amp;ssl=1 1024w, https:\/\/i0.wp.com\/zeromagazine.mx\/wp-content\/uploads\/2024\/10\/23A2541-copy-scaled.jpg?resize=768%2C512&amp;ssl=1 768w, https:\/\/i0.wp.com\/zeromagazine.mx\/wp-content\/uploads\/2024\/10\/23A2541-copy-scaled.jpg?resize=1536%2C1024&amp;ssl=1 1536w, https:\/\/i0.wp.com\/zeromagazine.mx\/wp-content\/uploads\/2024\/10\/23A2541-copy-scaled.jpg?resize=2048%2C1365&amp;ssl=1 2048w, https:\/\/i0.wp.com\/zeromagazine.mx\/wp-content\/uploads\/2024\/10\/23A2541-copy-scaled.jpg?w=2330 2330w\" sizes=\"(max-width: 1165px) 100vw, 1165px\" \/><\/figure>\n<\/div>\n\n\n<p><\/p>\n\n\n\n<h3 class=\"wp-block-heading\">La Labor Social de FUNDACI\u00d3N ADO<\/h3>\n\n\n\n<p>Pero, la cosa no se queda solo en las mastograf\u00edas. A trav\u00e9s de la <strong>FUNDACI\u00d3N ADO<\/strong>, el brazo social de la compa\u00f1\u00eda, se est\u00e1n llevando a cabo otras iniciativas que complementan esta lucha. Una de ellas es la campa\u00f1a Sue\u00f1os Trenzados, que se enfoca en la recolecci\u00f3n de cabello para la elaboraci\u00f3n de pelucas oncol\u00f3gicas. En 2023, se recolectaron <em>373 donaciones<\/em> de cabello gracias a la participaci\u00f3n de 60 terminales en 19 estados de M\u00e9xico y Costa Rica. Este tipo de acciones no solo ayudan a las mujeres que est\u00e1n en tratamiento, sino que tambi\u00e9n generan una cultura de empat\u00eda y apoyo.<\/p>\n\n\n\n<p>Adem\u00e1s, la fundaci\u00f3n organiza talleres de sensibilizaci\u00f3n para sus colaboradores. Esto es super importante porque la concientizaci\u00f3n es clave. Hablar abiertamente sobre el c\u00e1ncer de mama y la importancia de la detecci\u00f3n temprana ayuda a desmitificar el tema y a empoderar a las mujeres a que busquen ayuda.<\/p>\n\n\n\n<p><\/p>\n\n\n\n<p>Lo m\u00e1s cool de la Caravana Rosa es que no solo se trata de un evento o una campa\u00f1a. Es un movimiento que ha mejorado la vida de miles de mujeres al facilitar la detecci\u00f3n oportuna de c\u00e1ncer de mama. Con estas acciones, <em>MOBILITY ADO<\/em> reafirma su compromiso de mejorar la calidad de vida de las personas y de impulsar la salud en las comunidades donde opera. No es solo sobre transportar a la gente de un lugar a otro, sino de hacerlo con prop\u00f3sito y significado.<\/p>\n\n\n\n<p><\/p>\n\n\n\n<p>Y, en un mundo donde a veces parece que todo est\u00e1 enfocado solo en el lucro, iniciativas como esta nos recuerdan que hay empresas que se preocupan por el bienestar de sus comunidades. Es un win-win, porque mientras ayudan a las mujeres a detectar el c\u00e1ncer a tiempo, tambi\u00e9n generan lealtad y admiraci\u00f3n entre sus clientes.<\/p>\n\n\n\n<h3 class=\"wp-block-heading\">La Participaci\u00f3n Comunitaria<\/h3>\n\n\n\n<p>Otro aspecto clave de la Caravana Rosa es la participaci\u00f3n de la comunidad. La gente se siente parte de este movimiento, ya sea donando cabello, participando en las mastograf\u00edas o simplemente compartiendo la informaci\u00f3n con sus amig@s y familiares.<\/p>\n\n\n\n<p>Los testimonios de mujeres que han participado en la Caravana Rosa son inspiradores. Muchas han compartido sus historias de c\u00f3mo la detecci\u00f3n temprana cambi\u00f3 sus vidas. Al final del d\u00eda, se trata de empoderar a las mujeres para que tomen control de su salud y se sientan respaldadas en el proceso.<\/p>\n\n\n\n<p>Fomentar una cultura de prevenci\u00f3n es fundamental, y la Caravana Rosa est\u00e1 en el centro de este cambio. Las conversaciones sobre salud deben ser parte de nuestro d\u00eda a d\u00eda. Desde que somos j\u00f3venes, debemos aprender sobre la importancia de cuidar nuestro cuerpo y estar alertas a cualquier cambio. La educaci\u00f3n es el primer paso para combatir el c\u00e1ncer de mama y otras enfermedades.<\/p>\n\n\n\n<p>Es incre\u00edble ver c\u00f3mo una empresa con tanta historia se est\u00e1 adaptando a las necesidades actuales de la sociedad. No solo est\u00e1n viendo por su negocio, sino que est\u00e1n tomando un papel activo en la salud p\u00fablica. <\/p>\n\n\n\n<h3 class=\"wp-block-heading\">M\u00e1s All\u00e1 del Transporte<\/h3>\n\n\n\n<p>La Caravana Rosa es un claro ejemplo de c\u00f3mo las empresas pueden usar su influencia y recursos para hacer el bien. Esto nos muestra que el transporte no solo se trata de mover personas, sino de mover corazones y generar un cambio real. Es una forma de decir: \u201cOye, aqu\u00ed estamos para ayudarte. Tu salud es nuestra prioridad\u201d.<\/p>\n\n\n<div class=\"wp-block-image\">\n<figure class=\"aligncenter size-large\"><img data-recalc-dims=\"1\" decoding=\"async\" width=\"1024\" height=\"683\" src=\"https:\/\/i0.wp.com\/zeromagazine.mx\/wp-content\/uploads\/2024\/10\/23A2896-copy.jpg?resize=1024%2C683\" alt=\"La Caravana Rosa, una iniciativa de MOBILITY ADO, est\u00e1 aqu\u00ed para ayudar a detectar el c\u00e1ncer de mama a tiempo. Con 85 a\u00f1os de experiencia y mastograf\u00edas gratuitas, este programa est\u00e1 mejorando vidas en todo el pa\u00eds. \u00danete a esta lucha por la salud y la concientizaci\u00f3n.\" class=\"wp-image-85621\" srcset=\"https:\/\/i0.wp.com\/zeromagazine.mx\/wp-content\/uploads\/2024\/10\/23A2896-copy-scaled.jpg?resize=1024%2C683&amp;ssl=1 1024w, https:\/\/i0.wp.com\/zeromagazine.mx\/wp-content\/uploads\/2024\/10\/23A2896-copy-scaled.jpg?resize=300%2C200&amp;ssl=1 300w, https:\/\/i0.wp.com\/zeromagazine.mx\/wp-content\/uploads\/2024\/10\/23A2896-copy-scaled.jpg?resize=768%2C512&amp;ssl=1 768w, https:\/\/i0.wp.com\/zeromagazine.mx\/wp-content\/uploads\/2024\/10\/23A2896-copy-scaled.jpg?resize=1536%2C1024&amp;ssl=1 1536w, https:\/\/i0.wp.com\/zeromagazine.mx\/wp-content\/uploads\/2024\/10\/23A2896-copy-scaled.jpg?resize=2048%2C1365&amp;ssl=1 2048w, https:\/\/i0.wp.com\/zeromagazine.mx\/wp-content\/uploads\/2024\/10\/23A2896-copy-scaled.jpg?w=2330 2330w\" sizes=\"(max-width: 1024px) 100vw, 1024px\" \/><\/figure>\n<\/div>\n\n\n<p><\/p>\n\n\n\n<p>As\u00ed que, si eres parte de una comunidad que va a estar en alguna de las terminales participantes, no dudes en informarte sobre c\u00f3mo puedes aprovechar estos servicios. Cada mastograf\u00eda puede ser una oportunidad para salvar una vida, y t\u00fa podr\u00edas ser parte de ese cambio.<\/p>\n\n<!--themify_builder_content-->\n<div id=\"themify_builder_content-85608\" data-postid=\"85608\" class=\"themify_builder_content themify_builder_content-85608 themify_builder tf_clear\">\n    <\/div>\n<!--\/themify_builder_content-->","protected":false},"excerpt":{"rendered":"<p>Cuando hablamos de causas sociales en M\u00e9xico, hay un chorro de iniciativas que marcan la diferencia. Pero, si hay una que resalta y que de verdad se ha ganado un lugar en el coraz\u00f3n de muchas personas, es la Caravana Rosa de MOBILITY ADO. Imag\u00ednate, 85 a\u00f1os de experiencia en movilidad y ahora, adem\u00e1s de [&hellip;]<\/p>\n","protected":false},"author":2,"featured_media":85613,"comment_status":"open","ping_status":"open","sticky":false,"template":"","format":"standard","meta":{"_jetpack_memberships_contains_paid_content":false,"footnotes":"","jetpack_publicize_message":"","jetpack_publicize_feature_enabled":true,"jetpack_social_post_already_shared":true,"jetpack_social_options":{"image_generator_settings":{"template":"highway","default_image_id":0,"font":"","enabled":false},"version":2}},"categories":[45],"tags":[10676,10675,10679,10677],"class_list":["post-85608","post","type-post","status-publish","format-standard","has-post-thumbnail","hentry","category-bienestar","tag-cancer-de-mama","tag-caravana-rosa","tag-mastografias-gratuitas","tag-mobility-ado","has-post-title","has-post-date","has-post-category","has-post-tag","has-post-comment","has-post-author",""],"yoast_head":"<!-- This site is optimized with the Yoast SEO plugin v27.5 - https:\/\/yoast.com\/product\/yoast-seo-wordpress\/ -->\n<title>&quot;Caravana Rosa: Juntxs en la Lucha&quot; - Zero Magazine<\/title>\n<meta name=\"robots\" content=\"index, follow, max-snippet:-1, max-image-preview:large, max-video-preview:-1\" \/>\n<link rel=\"canonical\" href=\"https:\/\/zeromagazine.mx\/index.php\/2024\/10\/07\/caravana-rosa-juntxs-en-la-lucha\/\" \/>\n<meta property=\"og:locale\" content=\"es_ES\" \/>\n<meta property=\"og:type\" content=\"article\" \/>\n<meta property=\"og:title\" content=\"&quot;Caravana Rosa: Juntxs en la Lucha&quot; - Zero Magazine\" \/>\n<meta property=\"og:description\" content=\"Cuando hablamos de causas sociales en M\u00e9xico, hay un chorro de iniciativas que marcan la diferencia. Pero, si hay una que resalta y que de verdad se ha ganado un lugar en el coraz\u00f3n de muchas personas, es la Caravana Rosa de MOBILITY ADO. Imag\u00ednate, 85 a\u00f1os de experiencia en movilidad y ahora, adem\u00e1s de [&hellip;]\" \/>\n<meta property=\"og:url\" content=\"https:\/\/zeromagazine.mx\/index.php\/2024\/10\/07\/caravana-rosa-juntxs-en-la-lucha\/\" \/>\n<meta property=\"og:site_name\" content=\"Zero Magazine\" \/>\n<meta property=\"article:published_time\" content=\"2024-10-07T19:59:43+00:00\" \/>\n<meta property=\"article:modified_time\" content=\"2024-10-07T20:10:03+00:00\" \/>\n<meta property=\"og:image\" content=\"https:\/\/i0.wp.com\/zeromagazine.mx\/wp-content\/uploads\/2024\/10\/23A2955-copy-scaled.jpg?fit=2560%2C2095&ssl=1\" \/>\n\t<meta property=\"og:image:width\" content=\"2560\" \/>\n\t<meta property=\"og:image:height\" content=\"2095\" \/>\n\t<meta property=\"og:image:type\" content=\"image\/jpeg\" \/>\n<meta name=\"author\" content=\"zeromagazinemx\" \/>\n<meta name=\"twitter:card\" content=\"summary_large_image\" \/>\n<meta name=\"twitter:label1\" content=\"Escrito por\" \/>\n\t<meta name=\"twitter:data1\" content=\"zeromagazinemx\" \/>\n\t<meta name=\"twitter:label2\" content=\"Tiempo de lectura\" \/>\n\t<meta name=\"twitter:data2\" content=\"6 minutos\" \/>\n<script type=\"application\/ld+json\" class=\"yoast-schema-graph\">{\"@context\":\"https:\\\/\\\/schema.org\",\"@graph\":[{\"@type\":\"Article\",\"@id\":\"https:\\\/\\\/zeromagazine.mx\\\/index.php\\\/2024\\\/10\\\/07\\\/caravana-rosa-juntxs-en-la-lucha\\\/#article\",\"isPartOf\":{\"@id\":\"https:\\\/\\\/zeromagazine.mx\\\/index.php\\\/2024\\\/10\\\/07\\\/caravana-rosa-juntxs-en-la-lucha\\\/\"},\"author\":{\"name\":\"zeromagazinemx\",\"@id\":\"https:\\\/\\\/zeromagazine.mx\\\/#\\\/schema\\\/person\\\/9aed9f33a7c39af3a348b86d723f7773\"},\"headline\":\"\u00abCaravana Rosa: Juntxs en la Lucha\u00bb\",\"datePublished\":\"2024-10-07T19:59:43+00:00\",\"dateModified\":\"2024-10-07T20:10:03+00:00\",\"mainEntityOfPage\":{\"@id\":\"https:\\\/\\\/zeromagazine.mx\\\/index.php\\\/2024\\\/10\\\/07\\\/caravana-rosa-juntxs-en-la-lucha\\\/\"},\"wordCount\":1157,\"commentCount\":0,\"publisher\":{\"@id\":\"https:\\\/\\\/zeromagazine.mx\\\/#organization\"},\"image\":{\"@id\":\"https:\\\/\\\/zeromagazine.mx\\\/index.php\\\/2024\\\/10\\\/07\\\/caravana-rosa-juntxs-en-la-lucha\\\/#primaryimage\"},\"thumbnailUrl\":\"https:\\\/\\\/i0.wp.com\\\/zeromagazine.mx\\\/wp-content\\\/uploads\\\/2024\\\/10\\\/23A2955-copy-scaled.jpg?fit=2560%2C2095&ssl=1\",\"keywords\":[\"C\u00e1ncer de Mama\",\"Caravana Rosa\",\"Mastograf\u00edas gratuitas\",\"MOBILITY ADO\"],\"articleSection\":[\"Bienestar\"],\"inLanguage\":\"es\",\"potentialAction\":[{\"@type\":\"CommentAction\",\"name\":\"Comment\",\"target\":[\"https:\\\/\\\/zeromagazine.mx\\\/index.php\\\/2024\\\/10\\\/07\\\/caravana-rosa-juntxs-en-la-lucha\\\/#respond\"]}]},{\"@type\":\"WebPage\",\"@id\":\"https:\\\/\\\/zeromagazine.mx\\\/index.php\\\/2024\\\/10\\\/07\\\/caravana-rosa-juntxs-en-la-lucha\\\/\",\"url\":\"https:\\\/\\\/zeromagazine.mx\\\/index.php\\\/2024\\\/10\\\/07\\\/caravana-rosa-juntxs-en-la-lucha\\\/\",\"name\":\"\\\"Caravana Rosa: Juntxs en la Lucha\\\" - Zero Magazine\",\"isPartOf\":{\"@id\":\"https:\\\/\\\/zeromagazine.mx\\\/#website\"},\"primaryImageOfPage\":{\"@id\":\"https:\\\/\\\/zeromagazine.mx\\\/index.php\\\/2024\\\/10\\\/07\\\/caravana-rosa-juntxs-en-la-lucha\\\/#primaryimage\"},\"image\":{\"@id\":\"https:\\\/\\\/zeromagazine.mx\\\/index.php\\\/2024\\\/10\\\/07\\\/caravana-rosa-juntxs-en-la-lucha\\\/#primaryimage\"},\"thumbnailUrl\":\"https:\\\/\\\/i0.wp.com\\\/zeromagazine.mx\\\/wp-content\\\/uploads\\\/2024\\\/10\\\/23A2955-copy-scaled.jpg?fit=2560%2C2095&ssl=1\",\"datePublished\":\"2024-10-07T19:59:43+00:00\",\"dateModified\":\"2024-10-07T20:10:03+00:00\",\"breadcrumb\":{\"@id\":\"https:\\\/\\\/zeromagazine.mx\\\/index.php\\\/2024\\\/10\\\/07\\\/caravana-rosa-juntxs-en-la-lucha\\\/#breadcrumb\"},\"inLanguage\":\"es\",\"potentialAction\":[{\"@type\":\"ReadAction\",\"target\":[\"https:\\\/\\\/zeromagazine.mx\\\/index.php\\\/2024\\\/10\\\/07\\\/caravana-rosa-juntxs-en-la-lucha\\\/\"]}]},{\"@type\":\"ImageObject\",\"inLanguage\":\"es\",\"@id\":\"https:\\\/\\\/zeromagazine.mx\\\/index.php\\\/2024\\\/10\\\/07\\\/caravana-rosa-juntxs-en-la-lucha\\\/#primaryimage\",\"url\":\"https:\\\/\\\/i0.wp.com\\\/zeromagazine.mx\\\/wp-content\\\/uploads\\\/2024\\\/10\\\/23A2955-copy-scaled.jpg?fit=2560%2C2095&ssl=1\",\"contentUrl\":\"https:\\\/\\\/i0.wp.com\\\/zeromagazine.mx\\\/wp-content\\\/uploads\\\/2024\\\/10\\\/23A2955-copy-scaled.jpg?fit=2560%2C2095&ssl=1\",\"width\":2560,\"height\":2095},{\"@type\":\"BreadcrumbList\",\"@id\":\"https:\\\/\\\/zeromagazine.mx\\\/index.php\\\/2024\\\/10\\\/07\\\/caravana-rosa-juntxs-en-la-lucha\\\/#breadcrumb\",\"itemListElement\":[{\"@type\":\"ListItem\",\"position\":1,\"name\":\"Portada\",\"item\":\"https:\\\/\\\/zeromagazine.mx\\\/\"},{\"@type\":\"ListItem\",\"position\":2,\"name\":\"\u00abCaravana Rosa: Juntxs en la Lucha\u00bb\"}]},{\"@type\":\"WebSite\",\"@id\":\"https:\\\/\\\/zeromagazine.mx\\\/#website\",\"url\":\"https:\\\/\\\/zeromagazine.mx\\\/\",\"name\":\"Zero Magazine\",\"description\":\"\",\"publisher\":{\"@id\":\"https:\\\/\\\/zeromagazine.mx\\\/#organization\"},\"potentialAction\":[{\"@type\":\"SearchAction\",\"target\":{\"@type\":\"EntryPoint\",\"urlTemplate\":\"https:\\\/\\\/zeromagazine.mx\\\/?s={search_term_string}\"},\"query-input\":{\"@type\":\"PropertyValueSpecification\",\"valueRequired\":true,\"valueName\":\"search_term_string\"}}],\"inLanguage\":\"es\"},{\"@type\":\"Organization\",\"@id\":\"https:\\\/\\\/zeromagazine.mx\\\/#organization\",\"name\":\"Zero Magazine\",\"url\":\"https:\\\/\\\/zeromagazine.mx\\\/\",\"logo\":{\"@type\":\"ImageObject\",\"inLanguage\":\"es\",\"@id\":\"https:\\\/\\\/zeromagazine.mx\\\/#\\\/schema\\\/logo\\\/image\\\/\",\"url\":\"https:\\\/\\\/i0.wp.com\\\/zeromagazine.mx\\\/wp-content\\\/uploads\\\/2025\\\/11\\\/1.jpeg?fit=1000%2C1000&ssl=1\",\"contentUrl\":\"https:\\\/\\\/i0.wp.com\\\/zeromagazine.mx\\\/wp-content\\\/uploads\\\/2025\\\/11\\\/1.jpeg?fit=1000%2C1000&ssl=1\",\"width\":1000,\"height\":1000,\"caption\":\"Zero Magazine\"},\"image\":{\"@id\":\"https:\\\/\\\/zeromagazine.mx\\\/#\\\/schema\\\/logo\\\/image\\\/\"},\"sameAs\":[\"https:\\\/\\\/instagram.com\\\/zeromagazinemx\"]},{\"@type\":\"Person\",\"@id\":\"https:\\\/\\\/zeromagazine.mx\\\/#\\\/schema\\\/person\\\/9aed9f33a7c39af3a348b86d723f7773\",\"name\":\"zeromagazinemx\",\"image\":{\"@type\":\"ImageObject\",\"inLanguage\":\"es\",\"@id\":\"https:\\\/\\\/zeromagazine.mx\\\/wp-content\\\/litespeed\\\/avatar\\\/f91dfe5410d5dcb1a576bf8c45983896.jpg?ver=1776966396\",\"url\":\"https:\\\/\\\/zeromagazine.mx\\\/wp-content\\\/litespeed\\\/avatar\\\/f91dfe5410d5dcb1a576bf8c45983896.jpg?ver=1776966396\",\"contentUrl\":\"https:\\\/\\\/zeromagazine.mx\\\/wp-content\\\/litespeed\\\/avatar\\\/f91dfe5410d5dcb1a576bf8c45983896.jpg?ver=1776966396\",\"caption\":\"zeromagazinemx\"},\"url\":\"https:\\\/\\\/zeromagazine.mx\\\/index.php\\\/author\\\/zeromagazinemx\\\/\"}]}<\/script>\n<!-- \/ Yoast SEO plugin. -->","yoast_head_json":{"title":"\"Caravana Rosa: Juntxs en la Lucha\" - Zero Magazine","robots":{"index":"index","follow":"follow","max-snippet":"max-snippet:-1","max-image-preview":"max-image-preview:large","max-video-preview":"max-video-preview:-1"},"canonical":"https:\/\/zeromagazine.mx\/index.php\/2024\/10\/07\/caravana-rosa-juntxs-en-la-lucha\/","og_locale":"es_ES","og_type":"article","og_title":"\"Caravana Rosa: Juntxs en la Lucha\" - Zero Magazine","og_description":"Cuando hablamos de causas sociales en M\u00e9xico, hay un chorro de iniciativas que marcan la diferencia. Pero, si hay una que resalta y que de verdad se ha ganado un lugar en el coraz\u00f3n de muchas personas, es la Caravana Rosa de MOBILITY ADO. Imag\u00ednate, 85 a\u00f1os de experiencia en movilidad y ahora, adem\u00e1s de [&hellip;]","og_url":"https:\/\/zeromagazine.mx\/index.php\/2024\/10\/07\/caravana-rosa-juntxs-en-la-lucha\/","og_site_name":"Zero Magazine","article_published_time":"2024-10-07T19:59:43+00:00","article_modified_time":"2024-10-07T20:10:03+00:00","og_image":[{"width":2560,"height":2095,"url":"https:\/\/i0.wp.com\/zeromagazine.mx\/wp-content\/uploads\/2024\/10\/23A2955-copy-scaled.jpg?fit=2560%2C2095&ssl=1","type":"image\/jpeg"}],"author":"zeromagazinemx","twitter_card":"summary_large_image","twitter_misc":{"Escrito por":"zeromagazinemx","Tiempo de lectura":"6 minutos"},"schema":{"@context":"https:\/\/schema.org","@graph":[{"@type":"Article","@id":"https:\/\/zeromagazine.mx\/index.php\/2024\/10\/07\/caravana-rosa-juntxs-en-la-lucha\/#article","isPartOf":{"@id":"https:\/\/zeromagazine.mx\/index.php\/2024\/10\/07\/caravana-rosa-juntxs-en-la-lucha\/"},"author":{"name":"zeromagazinemx","@id":"https:\/\/zeromagazine.mx\/#\/schema\/person\/9aed9f33a7c39af3a348b86d723f7773"},"headline":"\u00abCaravana Rosa: Juntxs en la Lucha\u00bb","datePublished":"2024-10-07T19:59:43+00:00","dateModified":"2024-10-07T20:10:03+00:00","mainEntityOfPage":{"@id":"https:\/\/zeromagazine.mx\/index.php\/2024\/10\/07\/caravana-rosa-juntxs-en-la-lucha\/"},"wordCount":1157,"commentCount":0,"publisher":{"@id":"https:\/\/zeromagazine.mx\/#organization"},"image":{"@id":"https:\/\/zeromagazine.mx\/index.php\/2024\/10\/07\/caravana-rosa-juntxs-en-la-lucha\/#primaryimage"},"thumbnailUrl":"https:\/\/i0.wp.com\/zeromagazine.mx\/wp-content\/uploads\/2024\/10\/23A2955-copy-scaled.jpg?fit=2560%2C2095&ssl=1","keywords":["C\u00e1ncer de Mama","Caravana Rosa","Mastograf\u00edas gratuitas","MOBILITY ADO"],"articleSection":["Bienestar"],"inLanguage":"es","potentialAction":[{"@type":"CommentAction","name":"Comment","target":["https:\/\/zeromagazine.mx\/index.php\/2024\/10\/07\/caravana-rosa-juntxs-en-la-lucha\/#respond"]}]},{"@type":"WebPage","@id":"https:\/\/zeromagazine.mx\/index.php\/2024\/10\/07\/caravana-rosa-juntxs-en-la-lucha\/","url":"https:\/\/zeromagazine.mx\/index.php\/2024\/10\/07\/caravana-rosa-juntxs-en-la-lucha\/","name":"\"Caravana Rosa: Juntxs en la Lucha\" - Zero Magazine","isPartOf":{"@id":"https:\/\/zeromagazine.mx\/#website"},"primaryImageOfPage":{"@id":"https:\/\/zeromagazine.mx\/index.php\/2024\/10\/07\/caravana-rosa-juntxs-en-la-lucha\/#primaryimage"},"image":{"@id":"https:\/\/zeromagazine.mx\/index.php\/2024\/10\/07\/caravana-rosa-juntxs-en-la-lucha\/#primaryimage"},"thumbnailUrl":"https:\/\/i0.wp.com\/zeromagazine.mx\/wp-content\/uploads\/2024\/10\/23A2955-copy-scaled.jpg?fit=2560%2C2095&ssl=1","datePublished":"2024-10-07T19:59:43+00:00","dateModified":"2024-10-07T20:10:03+00:00","breadcrumb":{"@id":"https:\/\/zeromagazine.mx\/index.php\/2024\/10\/07\/caravana-rosa-juntxs-en-la-lucha\/#breadcrumb"},"inLanguage":"es","potentialAction":[{"@type":"ReadAction","target":["https:\/\/zeromagazine.mx\/index.php\/2024\/10\/07\/caravana-rosa-juntxs-en-la-lucha\/"]}]},{"@type":"ImageObject","inLanguage":"es","@id":"https:\/\/zeromagazine.mx\/index.php\/2024\/10\/07\/caravana-rosa-juntxs-en-la-lucha\/#primaryimage","url":"https:\/\/i0.wp.com\/zeromagazine.mx\/wp-content\/uploads\/2024\/10\/23A2955-copy-scaled.jpg?fit=2560%2C2095&ssl=1","contentUrl":"https:\/\/i0.wp.com\/zeromagazine.mx\/wp-content\/uploads\/2024\/10\/23A2955-copy-scaled.jpg?fit=2560%2C2095&ssl=1","width":2560,"height":2095},{"@type":"BreadcrumbList","@id":"https:\/\/zeromagazine.mx\/index.php\/2024\/10\/07\/caravana-rosa-juntxs-en-la-lucha\/#breadcrumb","itemListElement":[{"@type":"ListItem","position":1,"name":"Portada","item":"https:\/\/zeromagazine.mx\/"},{"@type":"ListItem","position":2,"name":"\u00abCaravana Rosa: Juntxs en la Lucha\u00bb"}]},{"@type":"WebSite","@id":"https:\/\/zeromagazine.mx\/#website","url":"https:\/\/zeromagazine.mx\/","name":"Zero Magazine","description":"","publisher":{"@id":"https:\/\/zeromagazine.mx\/#organization"},"potentialAction":[{"@type":"SearchAction","target":{"@type":"EntryPoint","urlTemplate":"https:\/\/zeromagazine.mx\/?s={search_term_string}"},"query-input":{"@type":"PropertyValueSpecification","valueRequired":true,"valueName":"search_term_string"}}],"inLanguage":"es"},{"@type":"Organization","@id":"https:\/\/zeromagazine.mx\/#organization","name":"Zero Magazine","url":"https:\/\/zeromagazine.mx\/","logo":{"@type":"ImageObject","inLanguage":"es","@id":"https:\/\/zeromagazine.mx\/#\/schema\/logo\/image\/","url":"https:\/\/i0.wp.com\/zeromagazine.mx\/wp-content\/uploads\/2025\/11\/1.jpeg?fit=1000%2C1000&ssl=1","contentUrl":"https:\/\/i0.wp.com\/zeromagazine.mx\/wp-content\/uploads\/2025\/11\/1.jpeg?fit=1000%2C1000&ssl=1","width":1000,"height":1000,"caption":"Zero Magazine"},"image":{"@id":"https:\/\/zeromagazine.mx\/#\/schema\/logo\/image\/"},"sameAs":["https:\/\/instagram.com\/zeromagazinemx"]},{"@type":"Person","@id":"https:\/\/zeromagazine.mx\/#\/schema\/person\/9aed9f33a7c39af3a348b86d723f7773","name":"zeromagazinemx","image":{"@type":"ImageObject","inLanguage":"es","@id":"https:\/\/zeromagazine.mx\/wp-content\/litespeed\/avatar\/f91dfe5410d5dcb1a576bf8c45983896.jpg?ver=1776966396","url":"https:\/\/zeromagazine.mx\/wp-content\/litespeed\/avatar\/f91dfe5410d5dcb1a576bf8c45983896.jpg?ver=1776966396","contentUrl":"https:\/\/zeromagazine.mx\/wp-content\/litespeed\/avatar\/f91dfe5410d5dcb1a576bf8c45983896.jpg?ver=1776966396","caption":"zeromagazinemx"},"url":"https:\/\/zeromagazine.mx\/index.php\/author\/zeromagazinemx\/"}]}},"jetpack_publicize_connections":[],"jetpack_featured_media_url":"https:\/\/i0.wp.com\/zeromagazine.mx\/wp-content\/uploads\/2024\/10\/23A2955-copy-scaled.jpg?fit=2560%2C2095&ssl=1","jetpack-related-posts":[{"id":90618,"url":"https:\/\/zeromagazine.mx\/index.php\/2024\/11\/14\/caravana-rosa-salud-gratis-ya\/","url_meta":{"origin":85608,"position":0},"title":"\u00abCaravana Rosa: Salud Gratis Ya\u00bb","author":"zeromagazinemx","date":"14 de noviembre de 2024","format":false,"excerpt":"Hola a\u00a0tod@s, vamos a hablar de algo s\u00faper importante y algo que, la neta, podr\u00eda hacer una diferencia enorme en las vidas de muchas mujeres:\u00a0La Caravana Rosa. Este proyecto de ADO est\u00e1 on fire porque est\u00e1n ofreciendo pases rosas y mastograf\u00edas totally free en varias terminales del sur de M\u00e9xico\u2026","rel":"","context":"En \u00abBienestar\u00bb","block_context":{"text":"Bienestar","link":"https:\/\/zeromagazine.mx\/index.php\/category\/lifestyle\/bienestar\/"},"img":{"alt_text":"","src":"https:\/\/i0.wp.com\/zeromagazine.mx\/wp-content\/uploads\/2024\/11\/CR-2024-scaled.jpg?fit=1200%2C800&ssl=1&resize=350%2C200","width":350,"height":200,"srcset":"https:\/\/i0.wp.com\/zeromagazine.mx\/wp-content\/uploads\/2024\/11\/CR-2024-scaled.jpg?fit=1200%2C800&ssl=1&resize=350%2C200 1x, https:\/\/i0.wp.com\/zeromagazine.mx\/wp-content\/uploads\/2024\/11\/CR-2024-scaled.jpg?fit=1200%2C800&ssl=1&resize=525%2C300 1.5x, https:\/\/i0.wp.com\/zeromagazine.mx\/wp-content\/uploads\/2024\/11\/CR-2024-scaled.jpg?fit=1200%2C800&ssl=1&resize=700%2C400 2x, https:\/\/i0.wp.com\/zeromagazine.mx\/wp-content\/uploads\/2024\/11\/CR-2024-scaled.jpg?fit=1200%2C800&ssl=1&resize=1050%2C600 3x"},"classes":[]},{"id":86836,"url":"https:\/\/zeromagazine.mx\/index.php\/2024\/10\/15\/papa-olga-sana-sabor-con-causa\/","url_meta":{"origin":85608,"position":1},"title":"\u201cPapa Olga Sana: Sabor con Causa\u201d","author":"zeromagazinemx","date":"15 de octubre de 2024","format":false,"excerpt":"\u00bfListos para disfrutar de una experiencia culinaria que no solo satisface tu antojo, sino que tambi\u00e9n hace una diferencia? Este octubre, en el mes de la sensibilizaci\u00f3n sobre el c\u00e1ncer de mama,\u00a0Papa Guapa\u00a0est\u00e1 elevando el juego con su nueva creaci\u00f3n:\u00a0\"Papa Olga Sana\".\u00a0Pero espera, no es solo un platillo delicioso; es\u2026","rel":"","context":"En \u00abFoodie\u00bb","block_context":{"text":"Foodie","link":"https:\/\/zeromagazine.mx\/index.php\/category\/lifestyle\/foodie\/"},"img":{"alt_text":"","src":"https:\/\/i0.wp.com\/zeromagazine.mx\/wp-content\/uploads\/2024\/10\/Logo-papa-guapa.jpg?fit=1200%2C1200&ssl=1&resize=350%2C200","width":350,"height":200,"srcset":"https:\/\/i0.wp.com\/zeromagazine.mx\/wp-content\/uploads\/2024\/10\/Logo-papa-guapa.jpg?fit=1200%2C1200&ssl=1&resize=350%2C200 1x, https:\/\/i0.wp.com\/zeromagazine.mx\/wp-content\/uploads\/2024\/10\/Logo-papa-guapa.jpg?fit=1200%2C1200&ssl=1&resize=525%2C300 1.5x, https:\/\/i0.wp.com\/zeromagazine.mx\/wp-content\/uploads\/2024\/10\/Logo-papa-guapa.jpg?fit=1200%2C1200&ssl=1&resize=700%2C400 2x, https:\/\/i0.wp.com\/zeromagazine.mx\/wp-content\/uploads\/2024\/10\/Logo-papa-guapa.jpg?fit=1200%2C1200&ssl=1&resize=1050%2C600 3x"},"classes":[]},{"id":55719,"url":"https:\/\/zeromagazine.mx\/index.php\/2021\/10\/10\/que-debo-saber-sobre-el-cancer-de-mama\/","url_meta":{"origin":85608,"position":2},"title":"\u00bfQu\u00e9 debo saber sobre el c\u00e1ncer de mama?","author":"zeromagazinemx","date":"10 de octubre de 2021","format":false,"excerpt":"\u00bfQu\u00e9 es el c\u00e1ncer de mama? El crecimiento desmedido de las c\u00e9lulas en los senos de la mujer tiene como resultado la aparici\u00f3n de un tumor que se puede sentir al palpar o bien observar en una radiograf\u00eda. Por Ver\u00f3nica Rosas \u00bfQu\u00e9 es el c\u00e1ncer de mama? El crecimiento desmedido\u2026","rel":"","context":"En \u00abBlog\u00bb","block_context":{"text":"Blog","link":"https:\/\/zeromagazine.mx\/index.php\/category\/blog\/"},"img":{"alt_text":"","src":"","width":0,"height":0},"classes":[]},{"id":85764,"url":"https:\/\/zeromagazine.mx\/index.php\/2024\/10\/08\/relojes-guess-moda-con-causa\/","url_meta":{"origin":85608,"position":3},"title":"\u00abRelojes GUESS: Moda con Causa\u00bb","author":"zeromagazinemx","date":"8 de octubre de 2024","format":false,"excerpt":"Who would've thought que un simple reloj puede significar mucho m\u00e1s que solo dar la hora? Este a\u00f1o, GUESS Watches celebra 11 a\u00f1os de estar full comprometido con una de las causas m\u00e1s importantes ever: la concientizaci\u00f3n sobre el c\u00e1ncer de mama. GUESS Watches est\u00e1 celebrando su historia de colaboraci\u00f3n\u2026","rel":"","context":"En \u00abModa\u00bb","block_context":{"text":"Moda","link":"https:\/\/zeromagazine.mx\/index.php\/category\/moda\/"},"img":{"alt_text":"","src":"https:\/\/i0.wp.com\/zeromagazine.mx\/wp-content\/uploads\/2024\/10\/WhatsApp-Image-2024-10-04-at-4.43.18-PM.jpeg?fit=1080%2C887&ssl=1&resize=350%2C200","width":350,"height":200,"srcset":"https:\/\/i0.wp.com\/zeromagazine.mx\/wp-content\/uploads\/2024\/10\/WhatsApp-Image-2024-10-04-at-4.43.18-PM.jpeg?fit=1080%2C887&ssl=1&resize=350%2C200 1x, https:\/\/i0.wp.com\/zeromagazine.mx\/wp-content\/uploads\/2024\/10\/WhatsApp-Image-2024-10-04-at-4.43.18-PM.jpeg?fit=1080%2C887&ssl=1&resize=525%2C300 1.5x, https:\/\/i0.wp.com\/zeromagazine.mx\/wp-content\/uploads\/2024\/10\/WhatsApp-Image-2024-10-04-at-4.43.18-PM.jpeg?fit=1080%2C887&ssl=1&resize=700%2C400 2x, https:\/\/i0.wp.com\/zeromagazine.mx\/wp-content\/uploads\/2024\/10\/WhatsApp-Image-2024-10-04-at-4.43.18-PM.jpeg?fit=1080%2C887&ssl=1&resize=1050%2C600 3x"},"classes":[]},{"id":86620,"url":"https:\/\/zeromagazine.mx\/index.php\/2024\/10\/14\/rosa-esperanza-y-conciencia\/","url_meta":{"origin":85608,"position":4},"title":"\u00abRosa, Esperanza y Conciencia\u00bb","author":"zeromagazinemx","date":"14 de octubre de 2024","format":false,"excerpt":"Este octubre se siente diferente, y no solo porque el clima empiece a enfriarse o porque los d\u00edas se acorten; es el\u00a0Mes Rosa\u00a0y, con \u00e9l, un llamado a la acci\u00f3n y a la concientizaci\u00f3n sobre el c\u00e1ncer de mama. Este mes,\u00a0Plaza Sat\u00e9lite\u00a0se une a la lucha, y te traigo todo\u2026","rel":"","context":"En \u00abBienestar\u00bb","block_context":{"text":"Bienestar","link":"https:\/\/zeromagazine.mx\/index.php\/category\/lifestyle\/bienestar\/"},"img":{"alt_text":"","src":"https:\/\/i0.wp.com\/zeromagazine.mx\/wp-content\/uploads\/2024\/10\/PLASA_DesdeSiempre_Parque.jpg?fit=1200%2C675&ssl=1&resize=350%2C200","width":350,"height":200,"srcset":"https:\/\/i0.wp.com\/zeromagazine.mx\/wp-content\/uploads\/2024\/10\/PLASA_DesdeSiempre_Parque.jpg?fit=1200%2C675&ssl=1&resize=350%2C200 1x, https:\/\/i0.wp.com\/zeromagazine.mx\/wp-content\/uploads\/2024\/10\/PLASA_DesdeSiempre_Parque.jpg?fit=1200%2C675&ssl=1&resize=525%2C300 1.5x, https:\/\/i0.wp.com\/zeromagazine.mx\/wp-content\/uploads\/2024\/10\/PLASA_DesdeSiempre_Parque.jpg?fit=1200%2C675&ssl=1&resize=700%2C400 2x, https:\/\/i0.wp.com\/zeromagazine.mx\/wp-content\/uploads\/2024\/10\/PLASA_DesdeSiempre_Parque.jpg?fit=1200%2C675&ssl=1&resize=1050%2C600 3x"},"classes":[]},{"id":88046,"url":"https:\/\/zeromagazine.mx\/index.php\/2024\/10\/22\/coleccion-con-causa-unidas-contra-el-cancer\/","url_meta":{"origin":85608,"position":5},"title":"Colecci\u00f3n con Causa: Unidas Contra el C\u00e1ncer","author":"zeromagazinemx","date":"22 de octubre de 2024","format":false,"excerpt":"Hola amigxs, esta semana quiero platicarles de algo s\u00faper importante que est\u00e1 pasando este octubre. Como saben, este mes es todo sobre la concientizaci\u00f3n del c\u00e1ncer de mama, y Aerie est\u00e1 haciendo una acci\u00f3n incre\u00edble al unirse, por segundo a\u00f1o consecutivo, con la Fundaci\u00f3n Cima. \u00a1S\u00ed, as\u00ed como lo oyen!\u2026","rel":"","context":"En \u00abModa\u00bb","block_context":{"text":"Moda","link":"https:\/\/zeromagazine.mx\/index.php\/category\/moda\/"},"img":{"alt_text":"","src":"https:\/\/i0.wp.com\/zeromagazine.mx\/wp-content\/uploads\/2024\/10\/0743_3399_612_f.jpg?fit=563%2C722&ssl=1&resize=350%2C200","width":350,"height":200,"srcset":"https:\/\/i0.wp.com\/zeromagazine.mx\/wp-content\/uploads\/2024\/10\/0743_3399_612_f.jpg?fit=563%2C722&ssl=1&resize=350%2C200 1x, https:\/\/i0.wp.com\/zeromagazine.mx\/wp-content\/uploads\/2024\/10\/0743_3399_612_f.jpg?fit=563%2C722&ssl=1&resize=525%2C300 1.5x"},"classes":[]}],"jetpack_sharing_enabled":true,"builder_content":"","_links":{"self":[{"href":"https:\/\/zeromagazine.mx\/index.php\/wp-json\/wp\/v2\/posts\/85608","targetHints":{"allow":["GET"]}}],"collection":[{"href":"https:\/\/zeromagazine.mx\/index.php\/wp-json\/wp\/v2\/posts"}],"about":[{"href":"https:\/\/zeromagazine.mx\/index.php\/wp-json\/wp\/v2\/types\/post"}],"author":[{"embeddable":true,"href":"https:\/\/zeromagazine.mx\/index.php\/wp-json\/wp\/v2\/users\/2"}],"replies":[{"embeddable":true,"href":"https:\/\/zeromagazine.mx\/index.php\/wp-json\/wp\/v2\/comments?post=85608"}],"version-history":[{"count":14,"href":"https:\/\/zeromagazine.mx\/index.php\/wp-json\/wp\/v2\/posts\/85608\/revisions"}],"predecessor-version":[{"id":85643,"href":"https:\/\/zeromagazine.mx\/index.php\/wp-json\/wp\/v2\/posts\/85608\/revisions\/85643"}],"wp:featuredmedia":[{"embeddable":true,"href":"https:\/\/zeromagazine.mx\/index.php\/wp-json\/wp\/v2\/media\/85613"}],"wp:attachment":[{"href":"https:\/\/zeromagazine.mx\/index.php\/wp-json\/wp\/v2\/media?parent=85608"}],"wp:term":[{"taxonomy":"category","embeddable":true,"href":"https:\/\/zeromagazine.mx\/index.php\/wp-json\/wp\/v2\/categories?post=85608"},{"taxonomy":"post_tag","embeddable":true,"href":"https:\/\/zeromagazine.mx\/index.php\/wp-json\/wp\/v2\/tags?post=85608"}],"curies":[{"name":"wp","href":"https:\/\/api.w.org\/{rel}","templated":true}]}}