{"id":85706,"date":"2024-10-07T23:48:27","date_gmt":"2024-10-07T21:48:27","guid":{"rendered":"https:\/\/zeromagazine.mx\/?p=85706"},"modified":"2024-10-07T23:54:29","modified_gmt":"2024-10-07T21:54:29","slug":"c-renacer-musical","status":"publish","type":"post","link":"https:\/\/zeromagazine.mx\/index.php\/2024\/10\/07\/c-renacer-musical\/","title":{"rendered":"\u00abLa B\u00fasqueda: Renacer Musical\u00bb"},"content":{"rendered":"<p>\u00bfQui\u00e9n dir\u00eda que un \u00e1lbum que lleva 15 a\u00f1os en proceso podr\u00eda ser el renacer de una banda que se ha mantenido relevante a lo largo de las d\u00e9cadas? La B\u00fasqueda lo ha logrado. Y es que su nueva producci\u00f3n, Luz, Arena y Llanto, es una traves\u00eda musical que no solo abarca el tiempo, sino tambi\u00e9n el espacio y el alma. Vamos a descubrir lo que hay detr\u00e1s de este proyecto y c\u00f3mo su evoluci\u00f3n refleja un juego de transformaci\u00f3n profunda, algo que no solo es m\u00fasica, sino una experiencia de vida.<\/p>\n\n\n\n<h3 class=\"wp-block-heading\"> De la Idea a la Realidad<\/h3>\n\n\n\n<p>Todo comenz\u00f3 como un simple deseo de celebrar los 30 a\u00f1os de existencia de la banda. La idea original era grabar unas seis canciones in\u00e9ditas, complementadas con versiones frescas de cl\u00e1sicos que muchos conocemos y amamos. Sin embargo, como en toda historia, las cosas no siempre salen como uno espera. En este caso, la vida se interpuso de maneras inesperadas. La rotura de la grabadora de 24 pistas donde se almacenaban los audios fue un golpe dur\u00edsimo. Imag\u00ednate, \u00a1m\u00e1s de dos a\u00f1os en pausa!<\/p>\n\n\n\n<p>Pero, como buenos artistas, no se dejaron vencer por las circunstancias. Francisco Alb\u00e9niz, el compositor detr\u00e1s de muchas de sus obras, decidi\u00f3 que era hora de darle un giro radical al proyecto. En vez de seguir con la idea original, pens\u00f3 en un \u00e1lbum m\u00e1s experimental, algo que podr\u00eda ser el \u00abSgt. Pepper&#8217;s\u00bb de la m\u00fasica latina. \u00a1Eso suena incre\u00edble! La visi\u00f3n se transform\u00f3, y empezaron a surgir nuevas ideas que finalmente le dieron vida a un disco completamente diferente, lleno de ritmos vibrantes, paisajes sonoros y una energ\u00eda que invita a reflexionar.<\/p>\n\n\n<div class=\"wp-block-image\">\n<figure class=\"aligncenter size-full\"><img data-recalc-dims=\"1\" decoding=\"async\" width=\"1165\" height=\"777\" src=\"https:\/\/i0.wp.com\/zeromagazine.mx\/wp-content\/uploads\/2024\/10\/3.-Aeropuerto-BILBAO-scaled.jpg?resize=1165%2C777&#038;ssl=1\" alt=\"\" class=\"wp-image-85707\" srcset=\"https:\/\/i0.wp.com\/zeromagazine.mx\/wp-content\/uploads\/2024\/10\/3.-Aeropuerto-BILBAO-scaled.jpg?w=2560&amp;ssl=1 2560w, https:\/\/i0.wp.com\/zeromagazine.mx\/wp-content\/uploads\/2024\/10\/3.-Aeropuerto-BILBAO-scaled.jpg?resize=300%2C200&amp;ssl=1 300w, https:\/\/i0.wp.com\/zeromagazine.mx\/wp-content\/uploads\/2024\/10\/3.-Aeropuerto-BILBAO-scaled.jpg?resize=1024%2C683&amp;ssl=1 1024w, https:\/\/i0.wp.com\/zeromagazine.mx\/wp-content\/uploads\/2024\/10\/3.-Aeropuerto-BILBAO-scaled.jpg?resize=768%2C512&amp;ssl=1 768w, https:\/\/i0.wp.com\/zeromagazine.mx\/wp-content\/uploads\/2024\/10\/3.-Aeropuerto-BILBAO-scaled.jpg?resize=1536%2C1024&amp;ssl=1 1536w, https:\/\/i0.wp.com\/zeromagazine.mx\/wp-content\/uploads\/2024\/10\/3.-Aeropuerto-BILBAO-scaled.jpg?resize=2048%2C1366&amp;ssl=1 2048w, https:\/\/i0.wp.com\/zeromagazine.mx\/wp-content\/uploads\/2024\/10\/3.-Aeropuerto-BILBAO-scaled.jpg?w=2330 2330w\" sizes=\"(max-width: 1165px) 100vw, 1165px\" \/><\/figure>\n<\/div>\n\n\n<p><\/p>\n\n\n\n<p>Una de las piezas clave de este \u00e1lbum es \u00abEl Desierto de tu Soledad\u00bb. Francisco describe el desierto como un lugar con dos caras: por un lado, es inh\u00f3spito, prueba los l\u00edmites de resistencia del ser humano; por otro, es un espacio que nos invita a la introspecci\u00f3n. \u00a1Y eso es profundo! La letra nos llama a aceptar el dolor y transformarlo en esperanza, a vivir el sufrimiento como parte de la vida.<\/p>\n\n\n\n<p>Las palabras de Alb\u00e9niz resuenan: \u201cLa letra de &#8216;El Desierto de tu Soledad&#8217; invita a la transmutaci\u00f3n que propon\u00edan antiguos alquimistas.\u201d Es un recordatorio poderoso de que el dolor puede ser transformado en algo bello, y que a veces, la soledad puede ser la oportunidad perfecta para reencontrarnos con nosotros mismos.<\/p>\n\n\n\n<p>Por otra parte, Joan Castells a\u00f1ade: \u201cEs la esperanza, la fe, la que nos conduce conectando escenas de esta historia.\u201d Y as\u00ed es. Cada canci\u00f3n, cada l\u00ednea, nos lleva a una lecci\u00f3n vital. Aqu\u00ed no hay espacio para el victimismo; hay que levantarse y seguir adelante, aprender de las espinas y de cada crisis existencial.<\/p>\n\n\n\n<h3 class=\"wp-block-heading\">Sufrimiento y Belleza<\/h3>\n\n\n\n<p>A medida que el disco toma forma, tambi\u00e9n se siente una madurez palpable en las letras y la m\u00fasica. Carlos Sancho dice: \u201cEl sufrimiento mejora, sin duda.\u201d La B\u00fasqueda no busca caer en lo grotesco o en lo superficial. En cambio, proponen un enfoque sincero y aut\u00e9ntico. El arte, en su m\u00e1xima expresi\u00f3n, se convierte en un medio de redenci\u00f3n. Alb\u00e9niz lo resume perfectamente: \u201cEl arte es transmutaci\u00f3n.\u201d Y eso es exactamente lo que busca lograr con cada acorde, cada melod\u00eda.<\/p>\n\n\n\n<p>As\u00ed, Luz, Arena y Llanto se convierte en un espacio donde la vida y la muerte coexisten, donde la tristeza y la alegr\u00eda se entrelazan. La canci\u00f3n \u00abEl Desierto\u00bb se alza como el c\u00e9nit del arte, una representaci\u00f3n de la vida en su forma m\u00e1s cruda y bella. La poes\u00eda se convierte en m\u00fasica, y la m\u00fasica, a su vez, en un reflejo de nuestras propias experiencias.<\/p>\n\n\n\n<h3 class=\"wp-block-heading\">La B\u00fasqueda y su Visi\u00f3n Antimodernidad<\/h3>\n\n\n\n<p>En tiempos donde la m\u00fasica se ha convertido en un producto consumible y fugaz, La B\u00fasqueda elige una ruta diferente. En vez de seguir las tendencias pasajeras, han decidido crear una obra \u00abanti-modas\u00bb y contrarrevolucionaria. Este \u00e1lbum se siente como una oda a aquellos momentos que a menudo olvidamos, pero que son esenciales para nuestra existencia.<\/p>\n\n\n\n<p>Con m\u00e1s de una hora de m\u00fasica en la versi\u00f3n CD, el disco promete ser un fest\u00edn para los sentidos. Pero eso no es todo. Se rumorea que en oto\u00f1o lanzar\u00e1n una versi\u00f3n de disco doble en vinilo, con tres canciones extras. \u00a1S\u00faper emocionante! No solo es un regreso, sino una reafirmaci\u00f3n de su compromiso con la m\u00fasica aut\u00e9ntica.<\/p>\n\n\n\n<p>Lo mejor de todo es la variedad de sonidos que se presentan en el disco. Desde cuartetos de cuerda hasta rock cl\u00e1sico, pasando por electr\u00f3nica y samplers, La B\u00fasqueda ha fusionado todo lo que han amado en su trayectoria musical. Las trompetas de mariachi, los silbidos al estilo western y los instrumentos \u00e9tnicos se entrelazan de manera natural, creando una atm\u00f3sfera \u00fanica y org\u00e1nica.<\/p>\n\n\n\n<p>Cada pista es un viaje en s\u00ed misma, una exploraci\u00f3n de diferentes paisajes sonoros que nos llevan desde desiertos ardientes hasta paisajes mediterr\u00e1neos. La idea es que cada oyente pueda sentir algo distinto con cada escucha. Es una experiencia inmersiva que invita a la reflexi\u00f3n, al baile y a la conexi\u00f3n con lo que somos.<\/p>\n\n\n\n<h3 class=\"wp-block-heading\">Un Mensaje de Esperanza<\/h3>\n\n\n\n<p>En un mundo donde el dolor y la tristeza parecen dominar las narrativas, Luz, Arena y Llanto se presenta como un faro de esperanza. La B\u00fasqueda nos invita a aceptar nuestras vulnerabilidades y a encontrar belleza incluso en los momentos m\u00e1s oscuros. Las lecciones vitales que se desprenden de sus letras nos recuerdan que cada crisis es una oportunidad de crecimiento.<\/p>\n\n\n\n<p>En una sociedad que a menudo huye del dolor, este \u00e1lbum nos recuerda la importancia de enfrentarlo. \u201cEl sufrimiento se transforma en arte\u201d, dice Sancho, y eso es exactamente lo que La B\u00fasqueda ha logrado con esta obra. Han tomado su propio dolor y el de la humanidad, lo han transformado en m\u00fasica y poes\u00eda, y lo han compartido con el mundo.<\/p>\n\n\n\n<p>As\u00ed que, cuando escuchen este nuevo \u00e1lbum, piensen en el proceso que hay detr\u00e1s. Reflexionen sobre las historias que se cuentan y lo que significan para ustedes. Luz, Arena y Llanto es una invitaci\u00f3n a sentir, a vivir y a encontrar esperanza en lo que somos. Al final del d\u00eda, eso es lo que realmente importa.<\/p>\n\n\n\n<p><\/p>\n\n<!--themify_builder_content-->\n<div id=\"themify_builder_content-85706\" data-postid=\"85706\" class=\"themify_builder_content themify_builder_content-85706 themify_builder tf_clear\">\n    <\/div>\n<!--\/themify_builder_content-->","protected":false},"excerpt":{"rendered":"<p>\u00bfQui\u00e9n dir\u00eda que un \u00e1lbum que lleva 15 a\u00f1os en proceso podr\u00eda ser el renacer de una banda que se ha mantenido relevante a lo largo de las d\u00e9cadas? La B\u00fasqueda lo ha logrado. Y es que su nueva producci\u00f3n, Luz, Arena y Llanto, es una traves\u00eda musical que no solo abarca el tiempo, sino [&hellip;]<\/p>\n","protected":false},"author":2,"featured_media":85707,"comment_status":"open","ping_status":"open","sticky":false,"template":"","format":"standard","meta":{"_jetpack_memberships_contains_paid_content":false,"footnotes":"","jetpack_publicize_message":"","jetpack_publicize_feature_enabled":true,"jetpack_social_post_already_shared":true,"jetpack_social_options":{"image_generator_settings":{"template":"highway","default_image_id":0,"font":"","enabled":false},"version":2}},"categories":[117],"tags":[10698,10695,10699],"class_list":["post-85706","post","type-post","status-publish","format-standard","has-post-thumbnail","hentry","category-entretenimiento","tag-la-busqueda","tag-letra-de-el-desierto-de-tu-soledad","tag-luz-arena-y-llanto","has-post-title","has-post-date","has-post-category","has-post-tag","has-post-comment","has-post-author",""],"yoast_head":"<!-- This site is optimized with the Yoast SEO plugin v27.4 - https:\/\/yoast.com\/product\/yoast-seo-wordpress\/ -->\n<title>&quot;La B\u00fasqueda: Renacer Musical&quot; - Zero Magazine<\/title>\n<meta name=\"robots\" content=\"index, follow, max-snippet:-1, max-image-preview:large, max-video-preview:-1\" \/>\n<link rel=\"canonical\" href=\"https:\/\/zeromagazine.mx\/index.php\/2024\/10\/07\/c-renacer-musical\/\" \/>\n<meta property=\"og:locale\" content=\"es_ES\" \/>\n<meta property=\"og:type\" content=\"article\" \/>\n<meta property=\"og:title\" content=\"&quot;La B\u00fasqueda: Renacer Musical&quot; - Zero Magazine\" \/>\n<meta property=\"og:description\" content=\"\u00bfQui\u00e9n dir\u00eda que un \u00e1lbum que lleva 15 a\u00f1os en proceso podr\u00eda ser el renacer de una banda que se ha mantenido relevante a lo largo de las d\u00e9cadas? La B\u00fasqueda lo ha logrado. Y es que su nueva producci\u00f3n, Luz, Arena y Llanto, es una traves\u00eda musical que no solo abarca el tiempo, sino [&hellip;]\" \/>\n<meta property=\"og:url\" content=\"https:\/\/zeromagazine.mx\/index.php\/2024\/10\/07\/c-renacer-musical\/\" \/>\n<meta property=\"og:site_name\" content=\"Zero Magazine\" \/>\n<meta property=\"article:published_time\" content=\"2024-10-07T21:48:27+00:00\" \/>\n<meta property=\"article:modified_time\" content=\"2024-10-07T21:54:29+00:00\" \/>\n<meta property=\"og:image\" content=\"https:\/\/i0.wp.com\/zeromagazine.mx\/wp-content\/uploads\/2024\/10\/3.-Aeropuerto-BILBAO-scaled.jpg?fit=2560%2C1707&ssl=1\" \/>\n\t<meta property=\"og:image:width\" content=\"2560\" \/>\n\t<meta property=\"og:image:height\" content=\"1707\" \/>\n\t<meta property=\"og:image:type\" content=\"image\/jpeg\" \/>\n<meta name=\"author\" content=\"zeromagazinemx\" \/>\n<meta name=\"twitter:card\" content=\"summary_large_image\" \/>\n<meta name=\"twitter:label1\" content=\"Escrito por\" \/>\n\t<meta name=\"twitter:data1\" content=\"zeromagazinemx\" \/>\n\t<meta name=\"twitter:label2\" content=\"Tiempo de lectura\" \/>\n\t<meta name=\"twitter:data2\" content=\"6 minutos\" \/>\n<script type=\"application\/ld+json\" class=\"yoast-schema-graph\">{\"@context\":\"https:\\\/\\\/schema.org\",\"@graph\":[{\"@type\":\"Article\",\"@id\":\"https:\\\/\\\/zeromagazine.mx\\\/index.php\\\/2024\\\/10\\\/07\\\/c-renacer-musical\\\/#article\",\"isPartOf\":{\"@id\":\"https:\\\/\\\/zeromagazine.mx\\\/index.php\\\/2024\\\/10\\\/07\\\/c-renacer-musical\\\/\"},\"author\":{\"name\":\"zeromagazinemx\",\"@id\":\"https:\\\/\\\/zeromagazine.mx\\\/#\\\/schema\\\/person\\\/9aed9f33a7c39af3a348b86d723f7773\"},\"headline\":\"\u00abLa B\u00fasqueda: Renacer Musical\u00bb\",\"datePublished\":\"2024-10-07T21:48:27+00:00\",\"dateModified\":\"2024-10-07T21:54:29+00:00\",\"mainEntityOfPage\":{\"@id\":\"https:\\\/\\\/zeromagazine.mx\\\/index.php\\\/2024\\\/10\\\/07\\\/c-renacer-musical\\\/\"},\"wordCount\":1120,\"commentCount\":0,\"publisher\":{\"@id\":\"https:\\\/\\\/zeromagazine.mx\\\/#organization\"},\"image\":{\"@id\":\"https:\\\/\\\/zeromagazine.mx\\\/index.php\\\/2024\\\/10\\\/07\\\/c-renacer-musical\\\/#primaryimage\"},\"thumbnailUrl\":\"https:\\\/\\\/i0.wp.com\\\/zeromagazine.mx\\\/wp-content\\\/uploads\\\/2024\\\/10\\\/3.-Aeropuerto-BILBAO-scaled.jpg?fit=2560%2C1707&ssl=1\",\"keywords\":[\"La B\u00fasqueda\",\"Letra de El Desierto de tu Soledad\",\"Luz Arena y llanto\"],\"articleSection\":[\"Entretenimiento\"],\"inLanguage\":\"es\",\"potentialAction\":[{\"@type\":\"CommentAction\",\"name\":\"Comment\",\"target\":[\"https:\\\/\\\/zeromagazine.mx\\\/index.php\\\/2024\\\/10\\\/07\\\/c-renacer-musical\\\/#respond\"]}]},{\"@type\":\"WebPage\",\"@id\":\"https:\\\/\\\/zeromagazine.mx\\\/index.php\\\/2024\\\/10\\\/07\\\/c-renacer-musical\\\/\",\"url\":\"https:\\\/\\\/zeromagazine.mx\\\/index.php\\\/2024\\\/10\\\/07\\\/c-renacer-musical\\\/\",\"name\":\"\\\"La B\u00fasqueda: Renacer Musical\\\" - Zero Magazine\",\"isPartOf\":{\"@id\":\"https:\\\/\\\/zeromagazine.mx\\\/#website\"},\"primaryImageOfPage\":{\"@id\":\"https:\\\/\\\/zeromagazine.mx\\\/index.php\\\/2024\\\/10\\\/07\\\/c-renacer-musical\\\/#primaryimage\"},\"image\":{\"@id\":\"https:\\\/\\\/zeromagazine.mx\\\/index.php\\\/2024\\\/10\\\/07\\\/c-renacer-musical\\\/#primaryimage\"},\"thumbnailUrl\":\"https:\\\/\\\/i0.wp.com\\\/zeromagazine.mx\\\/wp-content\\\/uploads\\\/2024\\\/10\\\/3.-Aeropuerto-BILBAO-scaled.jpg?fit=2560%2C1707&ssl=1\",\"datePublished\":\"2024-10-07T21:48:27+00:00\",\"dateModified\":\"2024-10-07T21:54:29+00:00\",\"breadcrumb\":{\"@id\":\"https:\\\/\\\/zeromagazine.mx\\\/index.php\\\/2024\\\/10\\\/07\\\/c-renacer-musical\\\/#breadcrumb\"},\"inLanguage\":\"es\",\"potentialAction\":[{\"@type\":\"ReadAction\",\"target\":[\"https:\\\/\\\/zeromagazine.mx\\\/index.php\\\/2024\\\/10\\\/07\\\/c-renacer-musical\\\/\"]}]},{\"@type\":\"ImageObject\",\"inLanguage\":\"es\",\"@id\":\"https:\\\/\\\/zeromagazine.mx\\\/index.php\\\/2024\\\/10\\\/07\\\/c-renacer-musical\\\/#primaryimage\",\"url\":\"https:\\\/\\\/i0.wp.com\\\/zeromagazine.mx\\\/wp-content\\\/uploads\\\/2024\\\/10\\\/3.-Aeropuerto-BILBAO-scaled.jpg?fit=2560%2C1707&ssl=1\",\"contentUrl\":\"https:\\\/\\\/i0.wp.com\\\/zeromagazine.mx\\\/wp-content\\\/uploads\\\/2024\\\/10\\\/3.-Aeropuerto-BILBAO-scaled.jpg?fit=2560%2C1707&ssl=1\",\"width\":2560,\"height\":1707},{\"@type\":\"BreadcrumbList\",\"@id\":\"https:\\\/\\\/zeromagazine.mx\\\/index.php\\\/2024\\\/10\\\/07\\\/c-renacer-musical\\\/#breadcrumb\",\"itemListElement\":[{\"@type\":\"ListItem\",\"position\":1,\"name\":\"Portada\",\"item\":\"https:\\\/\\\/zeromagazine.mx\\\/\"},{\"@type\":\"ListItem\",\"position\":2,\"name\":\"\u00abLa B\u00fasqueda: Renacer Musical\u00bb\"}]},{\"@type\":\"WebSite\",\"@id\":\"https:\\\/\\\/zeromagazine.mx\\\/#website\",\"url\":\"https:\\\/\\\/zeromagazine.mx\\\/\",\"name\":\"Zero Magazine\",\"description\":\"\",\"publisher\":{\"@id\":\"https:\\\/\\\/zeromagazine.mx\\\/#organization\"},\"potentialAction\":[{\"@type\":\"SearchAction\",\"target\":{\"@type\":\"EntryPoint\",\"urlTemplate\":\"https:\\\/\\\/zeromagazine.mx\\\/?s={search_term_string}\"},\"query-input\":{\"@type\":\"PropertyValueSpecification\",\"valueRequired\":true,\"valueName\":\"search_term_string\"}}],\"inLanguage\":\"es\"},{\"@type\":\"Organization\",\"@id\":\"https:\\\/\\\/zeromagazine.mx\\\/#organization\",\"name\":\"Zero Magazine\",\"url\":\"https:\\\/\\\/zeromagazine.mx\\\/\",\"logo\":{\"@type\":\"ImageObject\",\"inLanguage\":\"es\",\"@id\":\"https:\\\/\\\/zeromagazine.mx\\\/#\\\/schema\\\/logo\\\/image\\\/\",\"url\":\"https:\\\/\\\/i0.wp.com\\\/zeromagazine.mx\\\/wp-content\\\/uploads\\\/2025\\\/11\\\/1.jpeg?fit=1000%2C1000&ssl=1\",\"contentUrl\":\"https:\\\/\\\/i0.wp.com\\\/zeromagazine.mx\\\/wp-content\\\/uploads\\\/2025\\\/11\\\/1.jpeg?fit=1000%2C1000&ssl=1\",\"width\":1000,\"height\":1000,\"caption\":\"Zero Magazine\"},\"image\":{\"@id\":\"https:\\\/\\\/zeromagazine.mx\\\/#\\\/schema\\\/logo\\\/image\\\/\"},\"sameAs\":[\"https:\\\/\\\/instagram.com\\\/zeromagazinemx\"]},{\"@type\":\"Person\",\"@id\":\"https:\\\/\\\/zeromagazine.mx\\\/#\\\/schema\\\/person\\\/9aed9f33a7c39af3a348b86d723f7773\",\"name\":\"zeromagazinemx\",\"image\":{\"@type\":\"ImageObject\",\"inLanguage\":\"es\",\"@id\":\"https:\\\/\\\/zeromagazine.mx\\\/wp-content\\\/litespeed\\\/avatar\\\/f91dfe5410d5dcb1a576bf8c45983896.jpg?ver=1776966396\",\"url\":\"https:\\\/\\\/zeromagazine.mx\\\/wp-content\\\/litespeed\\\/avatar\\\/f91dfe5410d5dcb1a576bf8c45983896.jpg?ver=1776966396\",\"contentUrl\":\"https:\\\/\\\/zeromagazine.mx\\\/wp-content\\\/litespeed\\\/avatar\\\/f91dfe5410d5dcb1a576bf8c45983896.jpg?ver=1776966396\",\"caption\":\"zeromagazinemx\"},\"url\":\"https:\\\/\\\/zeromagazine.mx\\\/index.php\\\/author\\\/zeromagazinemx\\\/\"}]}<\/script>\n<!-- \/ Yoast SEO plugin. -->","yoast_head_json":{"title":"\"La B\u00fasqueda: Renacer Musical\" - Zero Magazine","robots":{"index":"index","follow":"follow","max-snippet":"max-snippet:-1","max-image-preview":"max-image-preview:large","max-video-preview":"max-video-preview:-1"},"canonical":"https:\/\/zeromagazine.mx\/index.php\/2024\/10\/07\/c-renacer-musical\/","og_locale":"es_ES","og_type":"article","og_title":"\"La B\u00fasqueda: Renacer Musical\" - Zero Magazine","og_description":"\u00bfQui\u00e9n dir\u00eda que un \u00e1lbum que lleva 15 a\u00f1os en proceso podr\u00eda ser el renacer de una banda que se ha mantenido relevante a lo largo de las d\u00e9cadas? La B\u00fasqueda lo ha logrado. Y es que su nueva producci\u00f3n, Luz, Arena y Llanto, es una traves\u00eda musical que no solo abarca el tiempo, sino [&hellip;]","og_url":"https:\/\/zeromagazine.mx\/index.php\/2024\/10\/07\/c-renacer-musical\/","og_site_name":"Zero Magazine","article_published_time":"2024-10-07T21:48:27+00:00","article_modified_time":"2024-10-07T21:54:29+00:00","og_image":[{"width":2560,"height":1707,"url":"https:\/\/i0.wp.com\/zeromagazine.mx\/wp-content\/uploads\/2024\/10\/3.-Aeropuerto-BILBAO-scaled.jpg?fit=2560%2C1707&ssl=1","type":"image\/jpeg"}],"author":"zeromagazinemx","twitter_card":"summary_large_image","twitter_misc":{"Escrito por":"zeromagazinemx","Tiempo de lectura":"6 minutos"},"schema":{"@context":"https:\/\/schema.org","@graph":[{"@type":"Article","@id":"https:\/\/zeromagazine.mx\/index.php\/2024\/10\/07\/c-renacer-musical\/#article","isPartOf":{"@id":"https:\/\/zeromagazine.mx\/index.php\/2024\/10\/07\/c-renacer-musical\/"},"author":{"name":"zeromagazinemx","@id":"https:\/\/zeromagazine.mx\/#\/schema\/person\/9aed9f33a7c39af3a348b86d723f7773"},"headline":"\u00abLa B\u00fasqueda: Renacer Musical\u00bb","datePublished":"2024-10-07T21:48:27+00:00","dateModified":"2024-10-07T21:54:29+00:00","mainEntityOfPage":{"@id":"https:\/\/zeromagazine.mx\/index.php\/2024\/10\/07\/c-renacer-musical\/"},"wordCount":1120,"commentCount":0,"publisher":{"@id":"https:\/\/zeromagazine.mx\/#organization"},"image":{"@id":"https:\/\/zeromagazine.mx\/index.php\/2024\/10\/07\/c-renacer-musical\/#primaryimage"},"thumbnailUrl":"https:\/\/i0.wp.com\/zeromagazine.mx\/wp-content\/uploads\/2024\/10\/3.-Aeropuerto-BILBAO-scaled.jpg?fit=2560%2C1707&ssl=1","keywords":["La B\u00fasqueda","Letra de El Desierto de tu Soledad","Luz Arena y llanto"],"articleSection":["Entretenimiento"],"inLanguage":"es","potentialAction":[{"@type":"CommentAction","name":"Comment","target":["https:\/\/zeromagazine.mx\/index.php\/2024\/10\/07\/c-renacer-musical\/#respond"]}]},{"@type":"WebPage","@id":"https:\/\/zeromagazine.mx\/index.php\/2024\/10\/07\/c-renacer-musical\/","url":"https:\/\/zeromagazine.mx\/index.php\/2024\/10\/07\/c-renacer-musical\/","name":"\"La B\u00fasqueda: Renacer Musical\" - Zero Magazine","isPartOf":{"@id":"https:\/\/zeromagazine.mx\/#website"},"primaryImageOfPage":{"@id":"https:\/\/zeromagazine.mx\/index.php\/2024\/10\/07\/c-renacer-musical\/#primaryimage"},"image":{"@id":"https:\/\/zeromagazine.mx\/index.php\/2024\/10\/07\/c-renacer-musical\/#primaryimage"},"thumbnailUrl":"https:\/\/i0.wp.com\/zeromagazine.mx\/wp-content\/uploads\/2024\/10\/3.-Aeropuerto-BILBAO-scaled.jpg?fit=2560%2C1707&ssl=1","datePublished":"2024-10-07T21:48:27+00:00","dateModified":"2024-10-07T21:54:29+00:00","breadcrumb":{"@id":"https:\/\/zeromagazine.mx\/index.php\/2024\/10\/07\/c-renacer-musical\/#breadcrumb"},"inLanguage":"es","potentialAction":[{"@type":"ReadAction","target":["https:\/\/zeromagazine.mx\/index.php\/2024\/10\/07\/c-renacer-musical\/"]}]},{"@type":"ImageObject","inLanguage":"es","@id":"https:\/\/zeromagazine.mx\/index.php\/2024\/10\/07\/c-renacer-musical\/#primaryimage","url":"https:\/\/i0.wp.com\/zeromagazine.mx\/wp-content\/uploads\/2024\/10\/3.-Aeropuerto-BILBAO-scaled.jpg?fit=2560%2C1707&ssl=1","contentUrl":"https:\/\/i0.wp.com\/zeromagazine.mx\/wp-content\/uploads\/2024\/10\/3.-Aeropuerto-BILBAO-scaled.jpg?fit=2560%2C1707&ssl=1","width":2560,"height":1707},{"@type":"BreadcrumbList","@id":"https:\/\/zeromagazine.mx\/index.php\/2024\/10\/07\/c-renacer-musical\/#breadcrumb","itemListElement":[{"@type":"ListItem","position":1,"name":"Portada","item":"https:\/\/zeromagazine.mx\/"},{"@type":"ListItem","position":2,"name":"\u00abLa B\u00fasqueda: Renacer Musical\u00bb"}]},{"@type":"WebSite","@id":"https:\/\/zeromagazine.mx\/#website","url":"https:\/\/zeromagazine.mx\/","name":"Zero Magazine","description":"","publisher":{"@id":"https:\/\/zeromagazine.mx\/#organization"},"potentialAction":[{"@type":"SearchAction","target":{"@type":"EntryPoint","urlTemplate":"https:\/\/zeromagazine.mx\/?s={search_term_string}"},"query-input":{"@type":"PropertyValueSpecification","valueRequired":true,"valueName":"search_term_string"}}],"inLanguage":"es"},{"@type":"Organization","@id":"https:\/\/zeromagazine.mx\/#organization","name":"Zero Magazine","url":"https:\/\/zeromagazine.mx\/","logo":{"@type":"ImageObject","inLanguage":"es","@id":"https:\/\/zeromagazine.mx\/#\/schema\/logo\/image\/","url":"https:\/\/i0.wp.com\/zeromagazine.mx\/wp-content\/uploads\/2025\/11\/1.jpeg?fit=1000%2C1000&ssl=1","contentUrl":"https:\/\/i0.wp.com\/zeromagazine.mx\/wp-content\/uploads\/2025\/11\/1.jpeg?fit=1000%2C1000&ssl=1","width":1000,"height":1000,"caption":"Zero Magazine"},"image":{"@id":"https:\/\/zeromagazine.mx\/#\/schema\/logo\/image\/"},"sameAs":["https:\/\/instagram.com\/zeromagazinemx"]},{"@type":"Person","@id":"https:\/\/zeromagazine.mx\/#\/schema\/person\/9aed9f33a7c39af3a348b86d723f7773","name":"zeromagazinemx","image":{"@type":"ImageObject","inLanguage":"es","@id":"https:\/\/zeromagazine.mx\/wp-content\/litespeed\/avatar\/f91dfe5410d5dcb1a576bf8c45983896.jpg?ver=1776966396","url":"https:\/\/zeromagazine.mx\/wp-content\/litespeed\/avatar\/f91dfe5410d5dcb1a576bf8c45983896.jpg?ver=1776966396","contentUrl":"https:\/\/zeromagazine.mx\/wp-content\/litespeed\/avatar\/f91dfe5410d5dcb1a576bf8c45983896.jpg?ver=1776966396","caption":"zeromagazinemx"},"url":"https:\/\/zeromagazine.mx\/index.php\/author\/zeromagazinemx\/"}]}},"jetpack_publicize_connections":[],"jetpack_featured_media_url":"https:\/\/i0.wp.com\/zeromagazine.mx\/wp-content\/uploads\/2024\/10\/3.-Aeropuerto-BILBAO-scaled.jpg?fit=2560%2C1707&ssl=1","jetpack-related-posts":[{"id":82323,"url":"https:\/\/zeromagazine.mx\/index.php\/2024\/08\/22\/bose-renacido-leyenda-que-sigue-viva\/","url_meta":{"origin":85706,"position":0},"title":"\u00abBos\u00e9 Renacido: Leyenda Que Sigue Viva\u00bb","author":"zeromagazinemx","date":"22 de agosto de 2024","format":false,"excerpt":"\u00bfQui\u00e9n no ha escuchado alguna vez \"Amante Bandido\" o \"Morena M\u00eda\"? Miguel Bos\u00e9 es una leyenda viviente del pop en espa\u00f1ol, un \u00edcono que lleva d\u00e9cadas desafiando lo convencional y rompiendo barreras. Y esa esencia es lo que captura la serie\u00a0\u201cBos\u00e9 Renacido\u201d\u00a0de Movistar Plus+ y Shine Iberia, una producci\u00f3n que\u2026","rel":"","context":"En \u00abEntretenimiento\u00bb","block_context":{"text":"Entretenimiento","link":"https:\/\/zeromagazine.mx\/index.php\/category\/entretenimiento\/"},"img":{"alt_text":"","src":"https:\/\/i0.wp.com\/zeromagazine.mx\/wp-content\/uploads\/2024\/08\/37A66262-494E-4A80-8178-89B527D271B8-scaled.jpeg?fit=960%2C1200&ssl=1&resize=350%2C200","width":350,"height":200,"srcset":"https:\/\/i0.wp.com\/zeromagazine.mx\/wp-content\/uploads\/2024\/08\/37A66262-494E-4A80-8178-89B527D271B8-scaled.jpeg?fit=960%2C1200&ssl=1&resize=350%2C200 1x, https:\/\/i0.wp.com\/zeromagazine.mx\/wp-content\/uploads\/2024\/08\/37A66262-494E-4A80-8178-89B527D271B8-scaled.jpeg?fit=960%2C1200&ssl=1&resize=525%2C300 1.5x, https:\/\/i0.wp.com\/zeromagazine.mx\/wp-content\/uploads\/2024\/08\/37A66262-494E-4A80-8178-89B527D271B8-scaled.jpeg?fit=960%2C1200&ssl=1&resize=700%2C400 2x"},"classes":[]},{"id":113785,"url":"https:\/\/zeromagazine.mx\/index.php\/2026\/01\/21\/kudai-harakiri-tour\/","url_meta":{"origin":85706,"position":1},"title":"KUDAI, la banda que marc\u00f3 a toda una generaci\u00f3n, est\u00e1 de vuelta con su HARAKIRI TOUR!.","author":"David Morales","date":"21 de enero de 2026","format":false,"excerpt":"Hay regresos que se sienten como un d\u00e9j\u00e0 vu bonito y otros que llegan con la energ\u00eda suficiente para sacudirlo todo. El de\u00a0KUDAI\u00a0entra en la segunda categor\u00eda. La banda que convirti\u00f3 letras intensas en himnos emocionales est\u00e1 oficialmente de vuelta con el\u00a0Harakiri Tour, un show que no vive solo de\u2026","rel":"","context":"En \u00abConcierto\u00bb","block_context":{"text":"Concierto","link":"https:\/\/zeromagazine.mx\/index.php\/category\/concierto\/"},"img":{"alt_text":"","src":"https:\/\/i0.wp.com\/zeromagazine.mx\/wp-content\/uploads\/2026\/01\/IMG_1032-1.jpeg?fit=1170%2C876&ssl=1&resize=350%2C200","width":350,"height":200,"srcset":"https:\/\/i0.wp.com\/zeromagazine.mx\/wp-content\/uploads\/2026\/01\/IMG_1032-1.jpeg?fit=1170%2C876&ssl=1&resize=350%2C200 1x, https:\/\/i0.wp.com\/zeromagazine.mx\/wp-content\/uploads\/2026\/01\/IMG_1032-1.jpeg?fit=1170%2C876&ssl=1&resize=525%2C300 1.5x, https:\/\/i0.wp.com\/zeromagazine.mx\/wp-content\/uploads\/2026\/01\/IMG_1032-1.jpeg?fit=1170%2C876&ssl=1&resize=700%2C400 2x, https:\/\/i0.wp.com\/zeromagazine.mx\/wp-content\/uploads\/2026\/01\/IMG_1032-1.jpeg?fit=1170%2C876&ssl=1&resize=1050%2C600 3x"},"classes":[]},{"id":117811,"url":"https:\/\/zeromagazine.mx\/index.php\/2026\/04\/03\/cd9-regreso-2026-otra-vez-vol1\/","url_meta":{"origin":85706,"position":2},"title":"CD9 PRESENTA \u201cOTRA VEZ VOL. 1\u201d: EL RENACER DE UN \u00cdCONO GENERACIONAL","author":"David Morales","date":"3 de abril de 2026","format":false,"excerpt":"Despu\u00e9s de una pausa que solo los hizo m\u00e1s grandes, el comeback m\u00e1s esperado del pop latino ya es una realidad (y suena mejor que nunca). Algunas bandas no regresan\u2026 renacen. Y eso es exactamente lo que est\u00e1 pasando con\u00a0CD9. Despu\u00e9s de un silencio que se sinti\u00f3 eterno \u2014pero necesario\u2014,\u2026","rel":"","context":"En \u00abBlog\u00bb","block_context":{"text":"Blog","link":"https:\/\/zeromagazine.mx\/index.php\/category\/blog\/"},"img":{"alt_text":"","src":"https:\/\/i0.wp.com\/zeromagazine.mx\/wp-content\/uploads\/2026\/04\/IMG_1975.jpeg?fit=1200%2C800&ssl=1&resize=350%2C200","width":350,"height":200,"srcset":"https:\/\/i0.wp.com\/zeromagazine.mx\/wp-content\/uploads\/2026\/04\/IMG_1975.jpeg?fit=1200%2C800&ssl=1&resize=350%2C200 1x, https:\/\/i0.wp.com\/zeromagazine.mx\/wp-content\/uploads\/2026\/04\/IMG_1975.jpeg?fit=1200%2C800&ssl=1&resize=525%2C300 1.5x, https:\/\/i0.wp.com\/zeromagazine.mx\/wp-content\/uploads\/2026\/04\/IMG_1975.jpeg?fit=1200%2C800&ssl=1&resize=700%2C400 2x, https:\/\/i0.wp.com\/zeromagazine.mx\/wp-content\/uploads\/2026\/04\/IMG_1975.jpeg?fit=1200%2C800&ssl=1&resize=1050%2C600 3x"},"classes":[]},{"id":84435,"url":"https:\/\/zeromagazine.mx\/index.php\/2024\/09\/24\/cafe-tacvba-35-anos-de-vibes\/","url_meta":{"origin":85706,"position":3},"title":"\u00abCaf\u00e9 Tacvba: 35 A\u00f1os de Vibes\u00bb","author":"zeromagazinemx","date":"24 de septiembre de 2024","format":false,"excerpt":"\u00a135 a\u00f1os de Caf\u00e9 Tacvba! As\u00ed es, amigxs, estamos hablando de tres d\u00e9cadas y media de pura magia musical. Y qu\u00e9 mejor forma de celebrarlo que con tres conciertazos \u00e9picos en Monterrey, Guadalajara y la Ciudad de M\u00e9xico. Rub\u00e9n, Joselo, Meme y Quique van a hacer que vibremos con su\u2026","rel":"","context":"En \u00abEntretenimiento\u00bb","block_context":{"text":"Entretenimiento","link":"https:\/\/zeromagazine.mx\/index.php\/category\/entretenimiento\/"},"img":{"alt_text":"","src":"https:\/\/i0.wp.com\/zeromagazine.mx\/wp-content\/uploads\/2024\/09\/Cafe-Tacuba-Gira-2024-5-scaled-1.jpg?fit=1200%2C675&ssl=1&resize=350%2C200","width":350,"height":200,"srcset":"https:\/\/i0.wp.com\/zeromagazine.mx\/wp-content\/uploads\/2024\/09\/Cafe-Tacuba-Gira-2024-5-scaled-1.jpg?fit=1200%2C675&ssl=1&resize=350%2C200 1x, https:\/\/i0.wp.com\/zeromagazine.mx\/wp-content\/uploads\/2024\/09\/Cafe-Tacuba-Gira-2024-5-scaled-1.jpg?fit=1200%2C675&ssl=1&resize=525%2C300 1.5x, https:\/\/i0.wp.com\/zeromagazine.mx\/wp-content\/uploads\/2024\/09\/Cafe-Tacuba-Gira-2024-5-scaled-1.jpg?fit=1200%2C675&ssl=1&resize=700%2C400 2x, https:\/\/i0.wp.com\/zeromagazine.mx\/wp-content\/uploads\/2024\/09\/Cafe-Tacuba-Gira-2024-5-scaled-1.jpg?fit=1200%2C675&ssl=1&resize=1050%2C600 3x"},"classes":[]},{"id":95699,"url":"https:\/\/zeromagazine.mx\/index.php\/2025\/02\/03\/quinto-traste-la-evolucion-del-pop-serreno\/","url_meta":{"origin":85706,"position":4},"title":"Quinto Traste: La evoluci\u00f3n del pop-serre\u00f1o","author":"David Morales","date":"3 de febrero de 2025","format":false,"excerpt":"Desde Tijuana, Baja California, surge Quinto Traste, una banda que fusiona el pop con influencias del regional mexicano, creando lo que ellos llaman pop-serre\u00f1o. Conformada por F\u00e9lix Gonz\u00e1lez, H\u00e9ctor Escobedo, y Diego Cisneros, la agrupaci\u00f3n ha sabido innovar y adaptarse, destacando tanto por sus temas in\u00e9ditos como por su capacidad\u2026","rel":"","context":"En \u00abPortada\u00bb","block_context":{"text":"Portada","link":"https:\/\/zeromagazine.mx\/index.php\/category\/portada\/"},"img":{"alt_text":"","src":"https:\/\/i0.wp.com\/zeromagazine.mx\/wp-content\/uploads\/2025\/02\/IMG_3331-1-scaled.jpeg?fit=927%2C1200&ssl=1&resize=350%2C200","width":350,"height":200,"srcset":"https:\/\/i0.wp.com\/zeromagazine.mx\/wp-content\/uploads\/2025\/02\/IMG_3331-1-scaled.jpeg?fit=927%2C1200&ssl=1&resize=350%2C200 1x, https:\/\/i0.wp.com\/zeromagazine.mx\/wp-content\/uploads\/2025\/02\/IMG_3331-1-scaled.jpeg?fit=927%2C1200&ssl=1&resize=525%2C300 1.5x, https:\/\/i0.wp.com\/zeromagazine.mx\/wp-content\/uploads\/2025\/02\/IMG_3331-1-scaled.jpeg?fit=927%2C1200&ssl=1&resize=700%2C400 2x"},"classes":[]},{"id":116678,"url":"https:\/\/zeromagazine.mx\/index.php\/2026\/03\/13\/entre-nos-se-gozo\/","url_meta":{"origin":85706,"position":5},"title":"ENTRE NOS inicia una nueva etapa con \u201cSe Goz\u00f3\u201d, el primer adelanto del universo creativo de Dopamax.","author":"David Morales","date":"13 de marzo de 2026","format":false,"excerpt":"La escena pop latina sigue evolucionando con propuestas que mezclan ritmos bailables, conceptos creativos y una fuerte conexi\u00f3n con el p\u00fablico. Con\u00a0ENTRE NOS Se Goz\u00f3, la banda paname\u00f1a abre una nueva etapa en su carrera y presenta el primer adelanto de\u00a0Dopamax, el universo musical que marcar\u00e1 su sonido durante 2026.\u2026","rel":"","context":"En \u00abBlog\u00bb","block_context":{"text":"Blog","link":"https:\/\/zeromagazine.mx\/index.php\/category\/blog\/"},"img":{"alt_text":"","src":"https:\/\/i0.wp.com\/zeromagazine.mx\/wp-content\/uploads\/2026\/03\/Entre-nos-1-scaled.jpeg?fit=1200%2C800&ssl=1&resize=350%2C200","width":350,"height":200,"srcset":"https:\/\/i0.wp.com\/zeromagazine.mx\/wp-content\/uploads\/2026\/03\/Entre-nos-1-scaled.jpeg?fit=1200%2C800&ssl=1&resize=350%2C200 1x, https:\/\/i0.wp.com\/zeromagazine.mx\/wp-content\/uploads\/2026\/03\/Entre-nos-1-scaled.jpeg?fit=1200%2C800&ssl=1&resize=525%2C300 1.5x, https:\/\/i0.wp.com\/zeromagazine.mx\/wp-content\/uploads\/2026\/03\/Entre-nos-1-scaled.jpeg?fit=1200%2C800&ssl=1&resize=700%2C400 2x, https:\/\/i0.wp.com\/zeromagazine.mx\/wp-content\/uploads\/2026\/03\/Entre-nos-1-scaled.jpeg?fit=1200%2C800&ssl=1&resize=1050%2C600 3x"},"classes":[]}],"jetpack_sharing_enabled":true,"builder_content":"","_links":{"self":[{"href":"https:\/\/zeromagazine.mx\/index.php\/wp-json\/wp\/v2\/posts\/85706","targetHints":{"allow":["GET"]}}],"collection":[{"href":"https:\/\/zeromagazine.mx\/index.php\/wp-json\/wp\/v2\/posts"}],"about":[{"href":"https:\/\/zeromagazine.mx\/index.php\/wp-json\/wp\/v2\/types\/post"}],"author":[{"embeddable":true,"href":"https:\/\/zeromagazine.mx\/index.php\/wp-json\/wp\/v2\/users\/2"}],"replies":[{"embeddable":true,"href":"https:\/\/zeromagazine.mx\/index.php\/wp-json\/wp\/v2\/comments?post=85706"}],"version-history":[{"count":8,"href":"https:\/\/zeromagazine.mx\/index.php\/wp-json\/wp\/v2\/posts\/85706\/revisions"}],"predecessor-version":[{"id":85719,"href":"https:\/\/zeromagazine.mx\/index.php\/wp-json\/wp\/v2\/posts\/85706\/revisions\/85719"}],"wp:featuredmedia":[{"embeddable":true,"href":"https:\/\/zeromagazine.mx\/index.php\/wp-json\/wp\/v2\/media\/85707"}],"wp:attachment":[{"href":"https:\/\/zeromagazine.mx\/index.php\/wp-json\/wp\/v2\/media?parent=85706"}],"wp:term":[{"taxonomy":"category","embeddable":true,"href":"https:\/\/zeromagazine.mx\/index.php\/wp-json\/wp\/v2\/categories?post=85706"},{"taxonomy":"post_tag","embeddable":true,"href":"https:\/\/zeromagazine.mx\/index.php\/wp-json\/wp\/v2\/tags?post=85706"}],"curies":[{"name":"wp","href":"https:\/\/api.w.org\/{rel}","templated":true}]}}