{"id":85758,"date":"2024-10-08T21:15:05","date_gmt":"2024-10-08T19:15:05","guid":{"rendered":"https:\/\/zeromagazine.mx\/?p=85758"},"modified":"2024-10-08T21:15:07","modified_gmt":"2024-10-08T19:15:07","slug":"sebas-gomez-rompe-con-lo-se","status":"publish","type":"post","link":"https:\/\/zeromagazine.mx\/index.php\/2024\/10\/08\/sebas-gomez-rompe-con-lo-se\/","title":{"rendered":"\u00abSebas G\u00f3mez rompe con &#8216;Lo S\u00e9'\u00bb"},"content":{"rendered":"<!--themify_builder_content-->\n<div id=\"themify_builder_content-85758\" data-postid=\"85758\" class=\"themify_builder_content themify_builder_content-85758 themify_builder tf_clear\">\n    <\/div>\n<!--\/themify_builder_content-->\n\n\n<p>Ey, \u00bfya escuchaste lo nuevo de Sebas G\u00f3mez? Este man colombiano que muchos conocen por su carrera como actor acaba de lanzarse con su primer sencillo como solista,&nbsp;<em>\u201cLo S\u00e9\u201d<\/em>. Si no lo has o\u00eddo a\u00fan, te est\u00e1s perdiendo un vibe brutal que tiene todo para ser el pr\u00f3ximo hit de este a\u00f1o.<\/p>\n\n\n\n<h2 class=\"wp-block-heading\">La historia detr\u00e1s de \u00abLo S\u00e9\u00bb<\/h2>\n\n\n\n<p>Resulta que Sebas escribi\u00f3&nbsp;<em>\u00abLo S\u00e9\u00bb<\/em>&nbsp;inspirado en la historia de uno de sus panas m\u00e1s cercanos. La cosa estuvo as\u00ed: su bro estaba pasando por una ruptura amorosa super heavy, de esas que te rompen el alma en mil pedazos y Sebas, siendo el friend incondicional que es, escuchaba todo lo que su pana le contaba, cada rant, cada dolor. Fue en esos momentos donde naci\u00f3 la letra. As\u00ed que&nbsp;<em>\u00abLo S\u00e9\u00bb<\/em>&nbsp;no es solo una canci\u00f3n m\u00e1s; es pr\u00e1cticamente el desahogo en forma de m\u00fasica de una historia real, deep y super relatable.<\/p>\n\n\n\n<p>G\u00f3mez logr\u00f3 plasmar en esta balada esos momentos donde el love te tiene en las nubes, pero tambi\u00e9n cuando te estampa contra el piso con la realidad. Todos hemos pasado por una ruptura que nos dej\u00f3 shook, y&nbsp;<em>\u00abLo S\u00e9\u00bb<\/em>&nbsp;es como ese himno para cuando ya no sabes c\u00f3mo seguir, pero sigues. Es una monta\u00f1a rusa de emociones.<\/p>\n\n\n\n<h2 class=\"wp-block-heading\">Medell\u00edn como escenario<\/h2>\n\n\n\n<p>El videoclip de&nbsp;<em>\u00abLo S\u00e9\u00bb<\/em>&nbsp;lo grabaron en Medell\u00edn, la city natal de Sebas, y obvio, qui\u00e9n mejor para dirigir el video que el mismo Sebas. O sea, el dude no solo canta, tambi\u00e9n dirige y compone, \u00a1qu\u00e9 nivel! La cosa es que el video tiene un toque super especial porque fusiona varios spots ic\u00f3nicos de Medell\u00edn con la historia de amor que se va desmoronando. Imagina ese mix entre lo vibrante de la ciudad y lo nost\u00e1lgico de una relaci\u00f3n que ya no da m\u00e1s.<\/p>\n\n\n\n<p>El prota del video decide alejarse de su girl porque est\u00e1 enfermo y, aunque el amor sigue presente, la situaci\u00f3n es too much. Es de esos videos que te dejan pensando, porque adem\u00e1s de lo visual, el mensaje te llega directo al coraz\u00f3n.<\/p>\n\n\n\n<figure class=\"wp-block-image size-full is-resized\"><img data-recalc-dims=\"1\" decoding=\"async\" width=\"1165\" height=\"1549\" src=\"https:\/\/i0.wp.com\/zeromagazine.mx\/wp-content\/uploads\/2024\/10\/WhatsApp-Image-2024-10-08-at-7.15.48-AM-2.jpeg?resize=1165%2C1549&#038;ssl=1\" alt=\"\" class=\"wp-image-85759\" style=\"width:1451px;height:auto\" srcset=\"https:\/\/i0.wp.com\/zeromagazine.mx\/wp-content\/uploads\/2024\/10\/WhatsApp-Image-2024-10-08-at-7.15.48-AM-2.jpeg?w=1203&amp;ssl=1 1203w, https:\/\/i0.wp.com\/zeromagazine.mx\/wp-content\/uploads\/2024\/10\/WhatsApp-Image-2024-10-08-at-7.15.48-AM-2.jpeg?resize=226%2C300&amp;ssl=1 226w, https:\/\/i0.wp.com\/zeromagazine.mx\/wp-content\/uploads\/2024\/10\/WhatsApp-Image-2024-10-08-at-7.15.48-AM-2.jpeg?resize=770%2C1024&amp;ssl=1 770w, https:\/\/i0.wp.com\/zeromagazine.mx\/wp-content\/uploads\/2024\/10\/WhatsApp-Image-2024-10-08-at-7.15.48-AM-2.jpeg?resize=768%2C1021&amp;ssl=1 768w, https:\/\/i0.wp.com\/zeromagazine.mx\/wp-content\/uploads\/2024\/10\/WhatsApp-Image-2024-10-08-at-7.15.48-AM-2.jpeg?resize=1155%2C1536&amp;ssl=1 1155w\" sizes=\"(max-width: 1165px) 100vw, 1165px\" \/><\/figure>\n\n\n\n<script async src=\"https:\/\/pagead2.googlesyndication.com\/pagead\/js\/adsbygoogle.js?client=ca-pub-5499304793904745\"\n     crossorigin=\"anonymous\"><\/script>\n<ins class=\"adsbygoogle\"\n     style=\"display:block; text-align:center;\"\n     data-ad-layout=\"in-article\"\n     data-ad-format=\"fluid\"\n     data-ad-client=\"ca-pub-5499304793904745\"\n     data-ad-slot=\"5994863093\"><\/ins>\n<script>\n     (adsbygoogle = window.adsbygoogle || []).push({});\n<\/script>\n\n\n\n<h2 class=\"wp-block-heading\">Un paso gigante para Sebas G\u00f3mez<\/h2>\n\n\n\n<p>Este man ha estado brillando en el mundo de la actuaci\u00f3n, pero ahora est\u00e1 entrando al game de la m\u00fasica con todo. Y se nota que&nbsp;<em>\u00abLo S\u00e9\u00bb<\/em>&nbsp;es solo el comienzo de una nueva faceta en su carrera. Si lo vemos bien, Sebas ya estaba conquistando corazones en la pantalla, pero ahora lo va a hacer a trav\u00e9s de nuestras playlists.<\/p>\n\n\n\n<p>Lo m\u00e1s cool es que Sebas ha demostrado que tiene el talento pa\u2019 moverse entre mundos diferentes: un d\u00eda lo ves actuando, al otro te est\u00e1 rompiendo con una balada intensa. Este man tiene mucho que ofrecer, y parece que este es solo el comienzo de una carrera musical que va pa\u2019 arriba.<\/p>\n\n\n\n<h2 class=\"wp-block-heading\">Gira y \u00e9xito internacional<\/h2>\n\n\n\n<p>El 2024 est\u00e1 siendo un a\u00f1o bien movido para Sebas. No solo lanz\u00f3 su primer single, sino que se va de gira por Espa\u00f1a, Argentina, M\u00e9xico y, obviamente, su Colombia natal. Esta gira es super importante porque le va a permitir conectar con m\u00e1s gente y llevar su m\u00fasica a escenarios m\u00e1s grandes.<\/p>\n\n\n\n<p>Es bien loco pensar que apenas es su primer sencillo y ya est\u00e1 planeando una gira internacional. Sebas est\u00e1 a punto de llegar a nuevos p\u00fablicos y de seguro va a arrasar. Aparte,\u00a0<em>\u00abLo S\u00e9\u00bb<\/em>\u00a0ya est\u00e1 disponible en todas las plataformas, as\u00ed que si no lo has agregado a tu playlist de breakups, \u00a1qu\u00e9 esperas!<\/p>\n\n\n\n<figure class=\"wp-block-image size-full is-resized\"><img data-recalc-dims=\"1\" decoding=\"async\" width=\"1066\" height=\"1600\" src=\"https:\/\/i0.wp.com\/zeromagazine.mx\/wp-content\/uploads\/2024\/10\/WhatsApp-Image-2024-10-08-at-7.15.48-AM.jpeg?resize=1066%2C1600&#038;ssl=1\" alt=\"\" class=\"wp-image-85760\" style=\"width:1451px;height:auto\" srcset=\"https:\/\/i0.wp.com\/zeromagazine.mx\/wp-content\/uploads\/2024\/10\/WhatsApp-Image-2024-10-08-at-7.15.48-AM.jpeg?w=1066&amp;ssl=1 1066w, https:\/\/i0.wp.com\/zeromagazine.mx\/wp-content\/uploads\/2024\/10\/WhatsApp-Image-2024-10-08-at-7.15.48-AM.jpeg?resize=200%2C300&amp;ssl=1 200w, https:\/\/i0.wp.com\/zeromagazine.mx\/wp-content\/uploads\/2024\/10\/WhatsApp-Image-2024-10-08-at-7.15.48-AM.jpeg?resize=682%2C1024&amp;ssl=1 682w, https:\/\/i0.wp.com\/zeromagazine.mx\/wp-content\/uploads\/2024\/10\/WhatsApp-Image-2024-10-08-at-7.15.48-AM.jpeg?resize=768%2C1153&amp;ssl=1 768w, https:\/\/i0.wp.com\/zeromagazine.mx\/wp-content\/uploads\/2024\/10\/WhatsApp-Image-2024-10-08-at-7.15.48-AM.jpeg?resize=1023%2C1536&amp;ssl=1 1023w\" sizes=\"(max-width: 1066px) 100vw, 1066px\" \/><\/figure>\n\n\n\n<script async src=\"https:\/\/pagead2.googlesyndication.com\/pagead\/js\/adsbygoogle.js?client=ca-pub-5499304793904745\"\n     crossorigin=\"anonymous\"><\/script>\n<ins class=\"adsbygoogle\"\n     style=\"display:block; text-align:center;\"\n     data-ad-layout=\"in-article\"\n     data-ad-format=\"fluid\"\n     data-ad-client=\"ca-pub-5499304793904745\"\n     data-ad-slot=\"5994863093\"><\/ins>\n<script>\n     (adsbygoogle = window.adsbygoogle || []).push({});\n<\/script>\n\n\n\n<h2 class=\"wp-block-heading\">\u00bfPor qu\u00e9 deber\u00edas escuchar \u00abLo S\u00e9\u00bb?<\/h2>\n\n\n\n<p>Si te gustan las canciones que te hacen sentir, que te obligan a pensar en tu ex y que te dejan ese sabor bittersweet,&nbsp;<em>\u00abLo S\u00e9\u00bb<\/em>&nbsp;es para ti. Sebas G\u00f3mez logr\u00f3 hacer una mezcla perfecta de sentimientos, con un ritmo mel\u00f3dico que te atrapa desde el primer segundo. Esta balada no solo est\u00e1 cargada de nostalgia. Tambi\u00e9n tiene esos vibes que te conectan con lo m\u00e1s profundo de una relaci\u00f3n fallida.<\/p>\n\n\n\n<h2 class=\"wp-block-heading\">\u00bfQu\u00e9 podemos esperar de Sebas G\u00f3mez en el futuro?<\/h2>\n\n\n\n<p>En los pr\u00f3ximos meses, mientras avanza su gira, seguramente veremos m\u00e1s sencillos y qui\u00e9n sabe, tal vez hasta un \u00e1lbum completo. Lo que est\u00e1 claro es que Sebas no se va a detener aqu\u00ed, y estamos todos listos para ver qu\u00e9 m\u00e1s tiene bajo la manga.<\/p>\n\n\n\n<h2 class=\"wp-block-heading\">El balance entre actuaci\u00f3n y m\u00fasica<\/h2>\n\n\n\n<p>Es interesante ver c\u00f3mo Sebas G\u00f3mez ha logrado encontrar un equilibrio entre su carrera de actor y su nueva aventura musical. Y la verdad, ambos caminos parecen complementarse bien. La sensibilidad que ha mostrado en sus personajes tambi\u00e9n la refleja en su m\u00fasica, lo que hace que podamos conectar de una manera m\u00e1s profunda con lo que canta.<\/p>\n\n\n\n<p>Tal vez sea ese background en la actuaci\u00f3n lo que le permite contar historias de una forma tan v\u00edvida en sus canciones. Porque m\u00e1s all\u00e1 de una buena voz, lo que muchos artistas buscan es ser buenos narradores, y en&nbsp;<em>\u00abLo S\u00e9\u00bb<\/em>, Sebas logra hacernos sentir cada palabra.<\/p>\n\n\n\n<h2 class=\"wp-block-heading\">\u00bfQu\u00e9 representa \u00abLo S\u00e9\u00bb para la m\u00fasica colombiana?<\/h2>\n\n\n\n<figure class=\"wp-block-image size-full\"><img data-recalc-dims=\"1\" decoding=\"async\" width=\"1165\" height=\"1165\" src=\"https:\/\/i0.wp.com\/zeromagazine.mx\/wp-content\/uploads\/2024\/10\/WhatsApp-Image-2024-10-08-at-7.15.49-AM.jpeg?resize=1165%2C1165&#038;ssl=1\" alt=\"\" class=\"wp-image-85761\" srcset=\"https:\/\/i0.wp.com\/zeromagazine.mx\/wp-content\/uploads\/2024\/10\/WhatsApp-Image-2024-10-08-at-7.15.49-AM.jpeg?w=1600&amp;ssl=1 1600w, https:\/\/i0.wp.com\/zeromagazine.mx\/wp-content\/uploads\/2024\/10\/WhatsApp-Image-2024-10-08-at-7.15.49-AM.jpeg?resize=300%2C300&amp;ssl=1 300w, https:\/\/i0.wp.com\/zeromagazine.mx\/wp-content\/uploads\/2024\/10\/WhatsApp-Image-2024-10-08-at-7.15.49-AM.jpeg?resize=1024%2C1024&amp;ssl=1 1024w, https:\/\/i0.wp.com\/zeromagazine.mx\/wp-content\/uploads\/2024\/10\/WhatsApp-Image-2024-10-08-at-7.15.49-AM.jpeg?resize=150%2C150&amp;ssl=1 150w, https:\/\/i0.wp.com\/zeromagazine.mx\/wp-content\/uploads\/2024\/10\/WhatsApp-Image-2024-10-08-at-7.15.49-AM.jpeg?resize=768%2C768&amp;ssl=1 768w, https:\/\/i0.wp.com\/zeromagazine.mx\/wp-content\/uploads\/2024\/10\/WhatsApp-Image-2024-10-08-at-7.15.49-AM.jpeg?resize=1536%2C1536&amp;ssl=1 1536w, https:\/\/i0.wp.com\/zeromagazine.mx\/wp-content\/uploads\/2024\/10\/WhatsApp-Image-2024-10-08-at-7.15.49-AM.jpeg?resize=70%2C70&amp;ssl=1 70w, https:\/\/i0.wp.com\/zeromagazine.mx\/wp-content\/uploads\/2024\/10\/WhatsApp-Image-2024-10-08-at-7.15.49-AM.jpeg?resize=47%2C48&amp;ssl=1 47w\" sizes=\"(max-width: 1165px) 100vw, 1165px\" \/><\/figure>\n\n\n\n<script async src=\"https:\/\/pagead2.googlesyndication.com\/pagead\/js\/adsbygoogle.js?client=ca-pub-5499304793904745\"\n     crossorigin=\"anonymous\"><\/script>\n<ins class=\"adsbygoogle\"\n     style=\"display:block; text-align:center;\"\n     data-ad-layout=\"in-article\"\n     data-ad-format=\"fluid\"\n     data-ad-client=\"ca-pub-5499304793904745\"\n     data-ad-slot=\"5994863093\"><\/ins>\n<script>\n     (adsbygoogle = window.adsbygoogle || []).push({});\n<\/script>\n\n\n\n<p>Colombia ha dado al mundo grandes talentos musicales, y Sebas G\u00f3mez est\u00e1 comenzando a hacerse un hueco en esa lista. Su estilo fresco, su capacidad para componer y conectar con el p\u00fablico joven, y su versatilidad lo colocan en una posici\u00f3n super interesante dentro de la escena.<\/p>\n\n\n\n<p>En un panorama donde muchos artistas buscan destacar, Sebas tiene la ventaja de ofrecer algo diferente. Con&nbsp;<em>\u00abLo S\u00e9\u00bb<\/em>, deja claro que puede moverse entre g\u00e9neros y plataformas con una fluidez admirable. Ya sea que lo sigas por sus actuaciones o por su m\u00fasica, lo cierto es que Sebas G\u00f3mez es un nombre que vamos a seguir viendo en todas partes.<\/p>\n\n\n\n<p>As\u00ed que ya sabes, si a\u00fan no has escuchado&nbsp;<em>\u00abLo S\u00e9\u00bb<\/em>, dale play ahora mismo y d\u00e9jate llevar por la historia, el vibe y la autenticidad de Sebas G\u00f3mez. Y stay tuned porque este apenas es el comienzo.<\/p>","protected":false},"excerpt":{"rendered":"<p>Ey, \u00bfya escuchaste lo nuevo de Sebas G\u00f3mez? Este man colombiano que muchos conocen por su carrera como actor acaba de lanzarse con su primer sencillo como solista,&nbsp;\u201cLo S\u00e9\u201d. Si no lo has o\u00eddo a\u00fan, te est\u00e1s perdiendo un vibe brutal que tiene todo para ser el pr\u00f3ximo hit de este a\u00f1o. La historia detr\u00e1s [&hellip;]<\/p>\n","protected":false},"author":2,"featured_media":85761,"comment_status":"open","ping_status":"open","sticky":false,"template":"","format":"standard","meta":{"_jetpack_memberships_contains_paid_content":false,"footnotes":"","jetpack_publicize_message":"","jetpack_publicize_feature_enabled":true,"jetpack_social_post_already_shared":true,"jetpack_social_options":{"image_generator_settings":{"template":"highway","default_image_id":0,"font":"","enabled":false},"version":2}},"categories":[117],"tags":[9730,10712,10713],"class_list":["post-85758","post","type-post","status-publish","format-standard","has-post-thumbnail","hentry","category-entretenimiento","tag-nuevos-lanzamientos","tag-sebas-gomez","tag-sencillo-lo-se","has-post-title","has-post-date","has-post-category","has-post-tag","has-post-comment","has-post-author",""],"yoast_head":"<!-- This site is optimized with the Yoast SEO plugin v27.4 - https:\/\/yoast.com\/product\/yoast-seo-wordpress\/ -->\n<title>&quot;Sebas G\u00f3mez rompe con &#039;Lo S\u00e9&#039;&quot; - Zero Magazine<\/title>\n<meta name=\"robots\" content=\"index, follow, max-snippet:-1, max-image-preview:large, max-video-preview:-1\" \/>\n<link rel=\"canonical\" href=\"https:\/\/zeromagazine.mx\/index.php\/2024\/10\/08\/sebas-gomez-rompe-con-lo-se\/\" \/>\n<meta property=\"og:locale\" content=\"es_ES\" \/>\n<meta property=\"og:type\" content=\"article\" \/>\n<meta property=\"og:title\" content=\"&quot;Sebas G\u00f3mez rompe con &#039;Lo S\u00e9&#039;&quot; - Zero Magazine\" \/>\n<meta property=\"og:description\" content=\"Ey, \u00bfya escuchaste lo nuevo de Sebas G\u00f3mez? Este man colombiano que muchos conocen por su carrera como actor acaba de lanzarse con su primer sencillo como solista,&nbsp;\u201cLo S\u00e9\u201d. Si no lo has o\u00eddo a\u00fan, te est\u00e1s perdiendo un vibe brutal que tiene todo para ser el pr\u00f3ximo hit de este a\u00f1o. La historia detr\u00e1s [&hellip;]\" \/>\n<meta property=\"og:url\" content=\"https:\/\/zeromagazine.mx\/index.php\/2024\/10\/08\/sebas-gomez-rompe-con-lo-se\/\" \/>\n<meta property=\"og:site_name\" content=\"Zero Magazine\" \/>\n<meta property=\"article:published_time\" content=\"2024-10-08T19:15:05+00:00\" \/>\n<meta property=\"article:modified_time\" content=\"2024-10-08T19:15:07+00:00\" \/>\n<meta property=\"og:image\" content=\"https:\/\/i0.wp.com\/zeromagazine.mx\/wp-content\/uploads\/2024\/10\/WhatsApp-Image-2024-10-08-at-7.15.49-AM.jpeg?fit=1600%2C1600&ssl=1\" \/>\n\t<meta property=\"og:image:width\" content=\"1600\" \/>\n\t<meta property=\"og:image:height\" content=\"1600\" \/>\n\t<meta property=\"og:image:type\" content=\"image\/jpeg\" \/>\n<meta name=\"author\" content=\"zeromagazinemx\" \/>\n<meta name=\"twitter:card\" content=\"summary_large_image\" \/>\n<meta name=\"twitter:label1\" content=\"Escrito por\" \/>\n\t<meta name=\"twitter:data1\" content=\"zeromagazinemx\" \/>\n\t<meta name=\"twitter:label2\" content=\"Tiempo de lectura\" \/>\n\t<meta name=\"twitter:data2\" content=\"5 minutos\" \/>\n<script type=\"application\/ld+json\" class=\"yoast-schema-graph\">{\"@context\":\"https:\\\/\\\/schema.org\",\"@graph\":[{\"@type\":\"Article\",\"@id\":\"https:\\\/\\\/zeromagazine.mx\\\/index.php\\\/2024\\\/10\\\/08\\\/sebas-gomez-rompe-con-lo-se\\\/#article\",\"isPartOf\":{\"@id\":\"https:\\\/\\\/zeromagazine.mx\\\/index.php\\\/2024\\\/10\\\/08\\\/sebas-gomez-rompe-con-lo-se\\\/\"},\"author\":{\"name\":\"zeromagazinemx\",\"@id\":\"https:\\\/\\\/zeromagazine.mx\\\/#\\\/schema\\\/person\\\/9aed9f33a7c39af3a348b86d723f7773\"},\"headline\":\"\u00abSebas G\u00f3mez rompe con &#8216;Lo S\u00e9'\u00bb\",\"datePublished\":\"2024-10-08T19:15:05+00:00\",\"dateModified\":\"2024-10-08T19:15:07+00:00\",\"mainEntityOfPage\":{\"@id\":\"https:\\\/\\\/zeromagazine.mx\\\/index.php\\\/2024\\\/10\\\/08\\\/sebas-gomez-rompe-con-lo-se\\\/\"},\"wordCount\":1072,\"commentCount\":0,\"publisher\":{\"@id\":\"https:\\\/\\\/zeromagazine.mx\\\/#organization\"},\"image\":{\"@id\":\"https:\\\/\\\/zeromagazine.mx\\\/index.php\\\/2024\\\/10\\\/08\\\/sebas-gomez-rompe-con-lo-se\\\/#primaryimage\"},\"thumbnailUrl\":\"https:\\\/\\\/i0.wp.com\\\/zeromagazine.mx\\\/wp-content\\\/uploads\\\/2024\\\/10\\\/WhatsApp-Image-2024-10-08-at-7.15.49-AM.jpeg?fit=1600%2C1600&ssl=1\",\"keywords\":[\"Nuevos Lanzamientos\",\"Sebas G\u00f3mez\",\"sencillo \\\"Lo S\u00e9\\\"\"],\"articleSection\":[\"Entretenimiento\"],\"inLanguage\":\"es\",\"potentialAction\":[{\"@type\":\"CommentAction\",\"name\":\"Comment\",\"target\":[\"https:\\\/\\\/zeromagazine.mx\\\/index.php\\\/2024\\\/10\\\/08\\\/sebas-gomez-rompe-con-lo-se\\\/#respond\"]}]},{\"@type\":\"WebPage\",\"@id\":\"https:\\\/\\\/zeromagazine.mx\\\/index.php\\\/2024\\\/10\\\/08\\\/sebas-gomez-rompe-con-lo-se\\\/\",\"url\":\"https:\\\/\\\/zeromagazine.mx\\\/index.php\\\/2024\\\/10\\\/08\\\/sebas-gomez-rompe-con-lo-se\\\/\",\"name\":\"\\\"Sebas G\u00f3mez rompe con 'Lo S\u00e9'\\\" - Zero Magazine\",\"isPartOf\":{\"@id\":\"https:\\\/\\\/zeromagazine.mx\\\/#website\"},\"primaryImageOfPage\":{\"@id\":\"https:\\\/\\\/zeromagazine.mx\\\/index.php\\\/2024\\\/10\\\/08\\\/sebas-gomez-rompe-con-lo-se\\\/#primaryimage\"},\"image\":{\"@id\":\"https:\\\/\\\/zeromagazine.mx\\\/index.php\\\/2024\\\/10\\\/08\\\/sebas-gomez-rompe-con-lo-se\\\/#primaryimage\"},\"thumbnailUrl\":\"https:\\\/\\\/i0.wp.com\\\/zeromagazine.mx\\\/wp-content\\\/uploads\\\/2024\\\/10\\\/WhatsApp-Image-2024-10-08-at-7.15.49-AM.jpeg?fit=1600%2C1600&ssl=1\",\"datePublished\":\"2024-10-08T19:15:05+00:00\",\"dateModified\":\"2024-10-08T19:15:07+00:00\",\"breadcrumb\":{\"@id\":\"https:\\\/\\\/zeromagazine.mx\\\/index.php\\\/2024\\\/10\\\/08\\\/sebas-gomez-rompe-con-lo-se\\\/#breadcrumb\"},\"inLanguage\":\"es\",\"potentialAction\":[{\"@type\":\"ReadAction\",\"target\":[\"https:\\\/\\\/zeromagazine.mx\\\/index.php\\\/2024\\\/10\\\/08\\\/sebas-gomez-rompe-con-lo-se\\\/\"]}]},{\"@type\":\"ImageObject\",\"inLanguage\":\"es\",\"@id\":\"https:\\\/\\\/zeromagazine.mx\\\/index.php\\\/2024\\\/10\\\/08\\\/sebas-gomez-rompe-con-lo-se\\\/#primaryimage\",\"url\":\"https:\\\/\\\/i0.wp.com\\\/zeromagazine.mx\\\/wp-content\\\/uploads\\\/2024\\\/10\\\/WhatsApp-Image-2024-10-08-at-7.15.49-AM.jpeg?fit=1600%2C1600&ssl=1\",\"contentUrl\":\"https:\\\/\\\/i0.wp.com\\\/zeromagazine.mx\\\/wp-content\\\/uploads\\\/2024\\\/10\\\/WhatsApp-Image-2024-10-08-at-7.15.49-AM.jpeg?fit=1600%2C1600&ssl=1\",\"width\":1600,\"height\":1600},{\"@type\":\"BreadcrumbList\",\"@id\":\"https:\\\/\\\/zeromagazine.mx\\\/index.php\\\/2024\\\/10\\\/08\\\/sebas-gomez-rompe-con-lo-se\\\/#breadcrumb\",\"itemListElement\":[{\"@type\":\"ListItem\",\"position\":1,\"name\":\"Portada\",\"item\":\"https:\\\/\\\/zeromagazine.mx\\\/\"},{\"@type\":\"ListItem\",\"position\":2,\"name\":\"\u00abSebas G\u00f3mez rompe con &#8216;Lo S\u00e9'\u00bb\"}]},{\"@type\":\"WebSite\",\"@id\":\"https:\\\/\\\/zeromagazine.mx\\\/#website\",\"url\":\"https:\\\/\\\/zeromagazine.mx\\\/\",\"name\":\"Zero Magazine\",\"description\":\"\",\"publisher\":{\"@id\":\"https:\\\/\\\/zeromagazine.mx\\\/#organization\"},\"potentialAction\":[{\"@type\":\"SearchAction\",\"target\":{\"@type\":\"EntryPoint\",\"urlTemplate\":\"https:\\\/\\\/zeromagazine.mx\\\/?s={search_term_string}\"},\"query-input\":{\"@type\":\"PropertyValueSpecification\",\"valueRequired\":true,\"valueName\":\"search_term_string\"}}],\"inLanguage\":\"es\"},{\"@type\":\"Organization\",\"@id\":\"https:\\\/\\\/zeromagazine.mx\\\/#organization\",\"name\":\"Zero Magazine\",\"url\":\"https:\\\/\\\/zeromagazine.mx\\\/\",\"logo\":{\"@type\":\"ImageObject\",\"inLanguage\":\"es\",\"@id\":\"https:\\\/\\\/zeromagazine.mx\\\/#\\\/schema\\\/logo\\\/image\\\/\",\"url\":\"https:\\\/\\\/i0.wp.com\\\/zeromagazine.mx\\\/wp-content\\\/uploads\\\/2025\\\/11\\\/1.jpeg?fit=1000%2C1000&ssl=1\",\"contentUrl\":\"https:\\\/\\\/i0.wp.com\\\/zeromagazine.mx\\\/wp-content\\\/uploads\\\/2025\\\/11\\\/1.jpeg?fit=1000%2C1000&ssl=1\",\"width\":1000,\"height\":1000,\"caption\":\"Zero Magazine\"},\"image\":{\"@id\":\"https:\\\/\\\/zeromagazine.mx\\\/#\\\/schema\\\/logo\\\/image\\\/\"},\"sameAs\":[\"https:\\\/\\\/instagram.com\\\/zeromagazinemx\"]},{\"@type\":\"Person\",\"@id\":\"https:\\\/\\\/zeromagazine.mx\\\/#\\\/schema\\\/person\\\/9aed9f33a7c39af3a348b86d723f7773\",\"name\":\"zeromagazinemx\",\"image\":{\"@type\":\"ImageObject\",\"inLanguage\":\"es\",\"@id\":\"https:\\\/\\\/zeromagazine.mx\\\/wp-content\\\/litespeed\\\/avatar\\\/f91dfe5410d5dcb1a576bf8c45983896.jpg?ver=1776966396\",\"url\":\"https:\\\/\\\/zeromagazine.mx\\\/wp-content\\\/litespeed\\\/avatar\\\/f91dfe5410d5dcb1a576bf8c45983896.jpg?ver=1776966396\",\"contentUrl\":\"https:\\\/\\\/zeromagazine.mx\\\/wp-content\\\/litespeed\\\/avatar\\\/f91dfe5410d5dcb1a576bf8c45983896.jpg?ver=1776966396\",\"caption\":\"zeromagazinemx\"},\"url\":\"https:\\\/\\\/zeromagazine.mx\\\/index.php\\\/author\\\/zeromagazinemx\\\/\"}]}<\/script>\n<!-- \/ Yoast SEO plugin. -->","yoast_head_json":{"title":"\"Sebas G\u00f3mez rompe con 'Lo S\u00e9'\" - Zero Magazine","robots":{"index":"index","follow":"follow","max-snippet":"max-snippet:-1","max-image-preview":"max-image-preview:large","max-video-preview":"max-video-preview:-1"},"canonical":"https:\/\/zeromagazine.mx\/index.php\/2024\/10\/08\/sebas-gomez-rompe-con-lo-se\/","og_locale":"es_ES","og_type":"article","og_title":"\"Sebas G\u00f3mez rompe con 'Lo S\u00e9'\" - Zero Magazine","og_description":"Ey, \u00bfya escuchaste lo nuevo de Sebas G\u00f3mez? Este man colombiano que muchos conocen por su carrera como actor acaba de lanzarse con su primer sencillo como solista,&nbsp;\u201cLo S\u00e9\u201d. Si no lo has o\u00eddo a\u00fan, te est\u00e1s perdiendo un vibe brutal que tiene todo para ser el pr\u00f3ximo hit de este a\u00f1o. La historia detr\u00e1s [&hellip;]","og_url":"https:\/\/zeromagazine.mx\/index.php\/2024\/10\/08\/sebas-gomez-rompe-con-lo-se\/","og_site_name":"Zero Magazine","article_published_time":"2024-10-08T19:15:05+00:00","article_modified_time":"2024-10-08T19:15:07+00:00","og_image":[{"width":1600,"height":1600,"url":"https:\/\/i0.wp.com\/zeromagazine.mx\/wp-content\/uploads\/2024\/10\/WhatsApp-Image-2024-10-08-at-7.15.49-AM.jpeg?fit=1600%2C1600&ssl=1","type":"image\/jpeg"}],"author":"zeromagazinemx","twitter_card":"summary_large_image","twitter_misc":{"Escrito por":"zeromagazinemx","Tiempo de lectura":"5 minutos"},"schema":{"@context":"https:\/\/schema.org","@graph":[{"@type":"Article","@id":"https:\/\/zeromagazine.mx\/index.php\/2024\/10\/08\/sebas-gomez-rompe-con-lo-se\/#article","isPartOf":{"@id":"https:\/\/zeromagazine.mx\/index.php\/2024\/10\/08\/sebas-gomez-rompe-con-lo-se\/"},"author":{"name":"zeromagazinemx","@id":"https:\/\/zeromagazine.mx\/#\/schema\/person\/9aed9f33a7c39af3a348b86d723f7773"},"headline":"\u00abSebas G\u00f3mez rompe con &#8216;Lo S\u00e9'\u00bb","datePublished":"2024-10-08T19:15:05+00:00","dateModified":"2024-10-08T19:15:07+00:00","mainEntityOfPage":{"@id":"https:\/\/zeromagazine.mx\/index.php\/2024\/10\/08\/sebas-gomez-rompe-con-lo-se\/"},"wordCount":1072,"commentCount":0,"publisher":{"@id":"https:\/\/zeromagazine.mx\/#organization"},"image":{"@id":"https:\/\/zeromagazine.mx\/index.php\/2024\/10\/08\/sebas-gomez-rompe-con-lo-se\/#primaryimage"},"thumbnailUrl":"https:\/\/i0.wp.com\/zeromagazine.mx\/wp-content\/uploads\/2024\/10\/WhatsApp-Image-2024-10-08-at-7.15.49-AM.jpeg?fit=1600%2C1600&ssl=1","keywords":["Nuevos Lanzamientos","Sebas G\u00f3mez","sencillo \"Lo S\u00e9\""],"articleSection":["Entretenimiento"],"inLanguage":"es","potentialAction":[{"@type":"CommentAction","name":"Comment","target":["https:\/\/zeromagazine.mx\/index.php\/2024\/10\/08\/sebas-gomez-rompe-con-lo-se\/#respond"]}]},{"@type":"WebPage","@id":"https:\/\/zeromagazine.mx\/index.php\/2024\/10\/08\/sebas-gomez-rompe-con-lo-se\/","url":"https:\/\/zeromagazine.mx\/index.php\/2024\/10\/08\/sebas-gomez-rompe-con-lo-se\/","name":"\"Sebas G\u00f3mez rompe con 'Lo S\u00e9'\" - Zero Magazine","isPartOf":{"@id":"https:\/\/zeromagazine.mx\/#website"},"primaryImageOfPage":{"@id":"https:\/\/zeromagazine.mx\/index.php\/2024\/10\/08\/sebas-gomez-rompe-con-lo-se\/#primaryimage"},"image":{"@id":"https:\/\/zeromagazine.mx\/index.php\/2024\/10\/08\/sebas-gomez-rompe-con-lo-se\/#primaryimage"},"thumbnailUrl":"https:\/\/i0.wp.com\/zeromagazine.mx\/wp-content\/uploads\/2024\/10\/WhatsApp-Image-2024-10-08-at-7.15.49-AM.jpeg?fit=1600%2C1600&ssl=1","datePublished":"2024-10-08T19:15:05+00:00","dateModified":"2024-10-08T19:15:07+00:00","breadcrumb":{"@id":"https:\/\/zeromagazine.mx\/index.php\/2024\/10\/08\/sebas-gomez-rompe-con-lo-se\/#breadcrumb"},"inLanguage":"es","potentialAction":[{"@type":"ReadAction","target":["https:\/\/zeromagazine.mx\/index.php\/2024\/10\/08\/sebas-gomez-rompe-con-lo-se\/"]}]},{"@type":"ImageObject","inLanguage":"es","@id":"https:\/\/zeromagazine.mx\/index.php\/2024\/10\/08\/sebas-gomez-rompe-con-lo-se\/#primaryimage","url":"https:\/\/i0.wp.com\/zeromagazine.mx\/wp-content\/uploads\/2024\/10\/WhatsApp-Image-2024-10-08-at-7.15.49-AM.jpeg?fit=1600%2C1600&ssl=1","contentUrl":"https:\/\/i0.wp.com\/zeromagazine.mx\/wp-content\/uploads\/2024\/10\/WhatsApp-Image-2024-10-08-at-7.15.49-AM.jpeg?fit=1600%2C1600&ssl=1","width":1600,"height":1600},{"@type":"BreadcrumbList","@id":"https:\/\/zeromagazine.mx\/index.php\/2024\/10\/08\/sebas-gomez-rompe-con-lo-se\/#breadcrumb","itemListElement":[{"@type":"ListItem","position":1,"name":"Portada","item":"https:\/\/zeromagazine.mx\/"},{"@type":"ListItem","position":2,"name":"\u00abSebas G\u00f3mez rompe con &#8216;Lo S\u00e9'\u00bb"}]},{"@type":"WebSite","@id":"https:\/\/zeromagazine.mx\/#website","url":"https:\/\/zeromagazine.mx\/","name":"Zero Magazine","description":"","publisher":{"@id":"https:\/\/zeromagazine.mx\/#organization"},"potentialAction":[{"@type":"SearchAction","target":{"@type":"EntryPoint","urlTemplate":"https:\/\/zeromagazine.mx\/?s={search_term_string}"},"query-input":{"@type":"PropertyValueSpecification","valueRequired":true,"valueName":"search_term_string"}}],"inLanguage":"es"},{"@type":"Organization","@id":"https:\/\/zeromagazine.mx\/#organization","name":"Zero Magazine","url":"https:\/\/zeromagazine.mx\/","logo":{"@type":"ImageObject","inLanguage":"es","@id":"https:\/\/zeromagazine.mx\/#\/schema\/logo\/image\/","url":"https:\/\/i0.wp.com\/zeromagazine.mx\/wp-content\/uploads\/2025\/11\/1.jpeg?fit=1000%2C1000&ssl=1","contentUrl":"https:\/\/i0.wp.com\/zeromagazine.mx\/wp-content\/uploads\/2025\/11\/1.jpeg?fit=1000%2C1000&ssl=1","width":1000,"height":1000,"caption":"Zero Magazine"},"image":{"@id":"https:\/\/zeromagazine.mx\/#\/schema\/logo\/image\/"},"sameAs":["https:\/\/instagram.com\/zeromagazinemx"]},{"@type":"Person","@id":"https:\/\/zeromagazine.mx\/#\/schema\/person\/9aed9f33a7c39af3a348b86d723f7773","name":"zeromagazinemx","image":{"@type":"ImageObject","inLanguage":"es","@id":"https:\/\/zeromagazine.mx\/wp-content\/litespeed\/avatar\/f91dfe5410d5dcb1a576bf8c45983896.jpg?ver=1776966396","url":"https:\/\/zeromagazine.mx\/wp-content\/litespeed\/avatar\/f91dfe5410d5dcb1a576bf8c45983896.jpg?ver=1776966396","contentUrl":"https:\/\/zeromagazine.mx\/wp-content\/litespeed\/avatar\/f91dfe5410d5dcb1a576bf8c45983896.jpg?ver=1776966396","caption":"zeromagazinemx"},"url":"https:\/\/zeromagazine.mx\/index.php\/author\/zeromagazinemx\/"}]}},"jetpack_publicize_connections":[],"jetpack_featured_media_url":"https:\/\/i0.wp.com\/zeromagazine.mx\/wp-content\/uploads\/2024\/10\/WhatsApp-Image-2024-10-08-at-7.15.49-AM.jpeg?fit=1600%2C1600&ssl=1","jetpack-related-posts":[{"id":98360,"url":"https:\/\/zeromagazine.mx\/index.php\/2025\/03\/07\/david-zahan-regresa-con-no-por-favor\/","url_meta":{"origin":85758,"position":0},"title":"Salsa que se siente: David Zahan","author":"David Morales","date":"7 de marzo de 2025","format":false,"excerpt":"Si creen que la salsa es cosa del pasado, d\u00e9jenme decirles que est\u00e1n muy equivocados. David Zahan viene a recordarnos que este g\u00e9nero sigue m\u00e1s vivo que nunca con su nuevo sencillo No Por Favor, una canci\u00f3n que mezcla la nostalgia del romance con el ritmo irresistible de la salsa\u2026","rel":"","context":"En \u00abBlog\u00bb","block_context":{"text":"Blog","link":"https:\/\/zeromagazine.mx\/index.php\/category\/blog\/"},"img":{"alt_text":"","src":"https:\/\/i0.wp.com\/zeromagazine.mx\/wp-content\/uploads\/2025\/03\/IMG_3632-scaled.jpeg?fit=1200%2C800&ssl=1&resize=350%2C200","width":350,"height":200,"srcset":"https:\/\/i0.wp.com\/zeromagazine.mx\/wp-content\/uploads\/2025\/03\/IMG_3632-scaled.jpeg?fit=1200%2C800&ssl=1&resize=350%2C200 1x, https:\/\/i0.wp.com\/zeromagazine.mx\/wp-content\/uploads\/2025\/03\/IMG_3632-scaled.jpeg?fit=1200%2C800&ssl=1&resize=525%2C300 1.5x, https:\/\/i0.wp.com\/zeromagazine.mx\/wp-content\/uploads\/2025\/03\/IMG_3632-scaled.jpeg?fit=1200%2C800&ssl=1&resize=700%2C400 2x, https:\/\/i0.wp.com\/zeromagazine.mx\/wp-content\/uploads\/2025\/03\/IMG_3632-scaled.jpeg?fit=1200%2C800&ssl=1&resize=1050%2C600 3x"},"classes":[]},{"id":110635,"url":"https:\/\/zeromagazine.mx\/index.php\/2025\/11\/16\/skincare-para-hombres-rutina-autocuidado\/","url_meta":{"origin":85758,"position":1},"title":"Skincare para hombres: nueva vibra","author":"zeromagazinemx","date":"16 de noviembre de 2025","format":false,"excerpt":"Durante mucho tiempo, el cuidado de la piel estuvo envuelto en clich\u00e9s, etiquetas y esa vibra extra\u00f1a de \u201cesto no es para ti\u201d. Pero, honestamente, ya nadie vibra con eso. Hoy, cuidar tu piel es tan normal como tomarte un iced coffee antes de empezar el d\u00eda. No es vanidad,\u2026","rel":"","context":"En \u00abBeauty\u00bb","block_context":{"text":"Beauty","link":"https:\/\/zeromagazine.mx\/index.php\/category\/beauty\/"},"img":{"alt_text":"","src":"https:\/\/i0.wp.com\/zeromagazine.mx\/wp-content\/uploads\/2025\/11\/1000040222-1-scaled.jpg?fit=857%2C1200&ssl=1&resize=350%2C200","width":350,"height":200,"srcset":"https:\/\/i0.wp.com\/zeromagazine.mx\/wp-content\/uploads\/2025\/11\/1000040222-1-scaled.jpg?fit=857%2C1200&ssl=1&resize=350%2C200 1x, https:\/\/i0.wp.com\/zeromagazine.mx\/wp-content\/uploads\/2025\/11\/1000040222-1-scaled.jpg?fit=857%2C1200&ssl=1&resize=525%2C300 1.5x, https:\/\/i0.wp.com\/zeromagazine.mx\/wp-content\/uploads\/2025\/11\/1000040222-1-scaled.jpg?fit=857%2C1200&ssl=1&resize=700%2C400 2x"},"classes":[]},{"id":49305,"url":"https:\/\/zeromagazine.mx\/index.php\/2021\/07\/03\/en-el-marco-del-mes-del-orgullo-high-school-musical-el-musical-la-serie-presento-una-celebracion-muy-especial\/","url_meta":{"origin":85758,"position":2},"title":"En el marco del Mes del Orgullo, High School Musical: El Musical, la serie present\u00f3 una celebraci\u00f3n muy especial","author":"zeromagazinemx","date":"3 de julio de 2021","format":false,"excerpt":"El mundo entero celebra en Junio el Mes del Orgullo, una conmemoraci\u00f3n en torno al D\u00eda Internacional del Orgullo (29 de Junio) y Disney se uni\u00f3 a este movimiento. Por Moises Kushelevich Disney+ emiti\u00f3 un episodio de High School Musical: El Musical: La serie, en donde los chicos de East\u2026","rel":"","context":"En \u00abEntretenimiento\u00bb","block_context":{"text":"Entretenimiento","link":"https:\/\/zeromagazine.mx\/index.php\/category\/entretenimiento\/"},"img":{"alt_text":"","src":"https:\/\/i0.wp.com\/zeromagazine.mx\/wp-content\/uploads\/2022\/02\/63cfe-image012.png?fit=555%2C448&ssl=1&resize=350%2C200","width":350,"height":200,"srcset":"https:\/\/i0.wp.com\/zeromagazine.mx\/wp-content\/uploads\/2022\/02\/63cfe-image012.png?fit=555%2C448&ssl=1&resize=350%2C200 1x, https:\/\/i0.wp.com\/zeromagazine.mx\/wp-content\/uploads\/2022\/02\/63cfe-image012.png?fit=555%2C448&ssl=1&resize=525%2C300 1.5x"},"classes":[]},{"id":56537,"url":"https:\/\/zeromagazine.mx\/index.php\/2021\/10\/22\/forever-21-porsiempremx\/","url_meta":{"origin":85758,"position":3},"title":"FOREVER 21 #PorSiempreMx","author":"zeromagazinemx","date":"22 de octubre de 2021","format":false,"excerpt":"Despu\u00e9s de 108 meses, m\u00e1s 4,380 d\u00edas y 37 tiendas abiertas, Forever 21 festeja haber cumplido 9 a\u00f1os en M\u00e9xico. Por Gean Monroy Este jueves Forever 21 celebro su 9\u00b0 aniversario en M\u00e9xico con la inauguraci\u00f3n de su Custon Station en Oasis Coyoac\u00e1n, para agradecerle a sus clientes todo este\u2026","rel":"","context":"En \u00abLifestyle\u00bb","block_context":{"text":"Lifestyle","link":"https:\/\/zeromagazine.mx\/index.php\/category\/lifestyle\/"},"img":{"alt_text":"","src":"https:\/\/i0.wp.com\/zeromagazinemx.wpcomstaging.com\/wp-content\/uploads\/2021\/10\/a64c3-mg_5512-683x1024-1.jpg?resize=350%2C200&ssl=1","width":350,"height":200,"srcset":"https:\/\/i0.wp.com\/zeromagazinemx.wpcomstaging.com\/wp-content\/uploads\/2021\/10\/a64c3-mg_5512-683x1024-1.jpg?resize=350%2C200&ssl=1 1x, https:\/\/i0.wp.com\/zeromagazinemx.wpcomstaging.com\/wp-content\/uploads\/2021\/10\/a64c3-mg_5512-683x1024-1.jpg?resize=525%2C300&ssl=1 1.5x, https:\/\/i0.wp.com\/zeromagazinemx.wpcomstaging.com\/wp-content\/uploads\/2021\/10\/a64c3-mg_5512-683x1024-1.jpg?resize=700%2C400&ssl=1 2x"},"classes":[]},{"id":48154,"url":"https:\/\/zeromagazine.mx\/index.php\/2021\/06\/18\/entrevista-con-alex-duran\/","url_meta":{"origin":85758,"position":4},"title":"Entrevista con Alex Dur\u00e1n","author":"zeromagazinemx","date":"18 de junio de 2021","format":false,"excerpt":"El entorno del espect\u00e1culo sigue en movimiento, Alex Dur\u00e1n es el ejemplo de c\u00f3mo se puede optimizar el tiempo durante el periodo que dur\u00f3 la cuarentena, el actor y cantante recientemente tuvo una participaci\u00f3n muy importante en la serie de Netflix \u201cEl drag\u00f3n\u201d, d\u00e1ndole vida al personaje de Ishiro Tanaka.\u2026","rel":"","context":"En \u00abEntretenimiento\u00bb","block_context":{"text":"Entretenimiento","link":"https:\/\/zeromagazine.mx\/index.php\/category\/entretenimiento\/"},"img":{"alt_text":"","src":"https:\/\/i0.wp.com\/img.youtube.com\/vi\/cJ85lQnIqnE\/0.jpg?resize=350%2C200","width":350,"height":200},"classes":[]},{"id":69801,"url":"https:\/\/zeromagazine.mx\/index.php\/2023\/12\/22\/holidays-in-bw\/","url_meta":{"origin":85758,"position":5},"title":"Holidays in B&#038;W","author":"David Morales","date":"22 de diciembre de 2023","format":false,"excerpt":"Comienzan las fiestas y no todo se trata de Ugly Sweaters. As\u00ed que te traemos una propuesta para que estas fiestas destaques.Modelo: Sebas OrdoricaAgencia: Crom AgencyFoto: Alain AmatecoMUAH: Albertto CamposStyling: El Poderoso Dave Top C&A \/ Pantal\u00f3n Shein Camisa Bershka \/ Pantal\u00f3n C&A \/ Calzado Kurt Geiger Collar C&A Camisa\u2026","rel":"","context":"En \u00abModa\u00bb","block_context":{"text":"Moda","link":"https:\/\/zeromagazine.mx\/index.php\/category\/moda\/"},"img":{"alt_text":"","src":"https:\/\/i0.wp.com\/zeromagazine.mx\/wp-content\/uploads\/2023\/12\/MGL7592-scaled.jpg?fit=800%2C1200&ssl=1&resize=350%2C200","width":350,"height":200,"srcset":"https:\/\/i0.wp.com\/zeromagazine.mx\/wp-content\/uploads\/2023\/12\/MGL7592-scaled.jpg?fit=800%2C1200&ssl=1&resize=350%2C200 1x, https:\/\/i0.wp.com\/zeromagazine.mx\/wp-content\/uploads\/2023\/12\/MGL7592-scaled.jpg?fit=800%2C1200&ssl=1&resize=525%2C300 1.5x, https:\/\/i0.wp.com\/zeromagazine.mx\/wp-content\/uploads\/2023\/12\/MGL7592-scaled.jpg?fit=800%2C1200&ssl=1&resize=700%2C400 2x"},"classes":[]}],"jetpack_sharing_enabled":true,"builder_content":"","_links":{"self":[{"href":"https:\/\/zeromagazine.mx\/index.php\/wp-json\/wp\/v2\/posts\/85758","targetHints":{"allow":["GET"]}}],"collection":[{"href":"https:\/\/zeromagazine.mx\/index.php\/wp-json\/wp\/v2\/posts"}],"about":[{"href":"https:\/\/zeromagazine.mx\/index.php\/wp-json\/wp\/v2\/types\/post"}],"author":[{"embeddable":true,"href":"https:\/\/zeromagazine.mx\/index.php\/wp-json\/wp\/v2\/users\/2"}],"replies":[{"embeddable":true,"href":"https:\/\/zeromagazine.mx\/index.php\/wp-json\/wp\/v2\/comments?post=85758"}],"version-history":[{"count":1,"href":"https:\/\/zeromagazine.mx\/index.php\/wp-json\/wp\/v2\/posts\/85758\/revisions"}],"predecessor-version":[{"id":85762,"href":"https:\/\/zeromagazine.mx\/index.php\/wp-json\/wp\/v2\/posts\/85758\/revisions\/85762"}],"wp:featuredmedia":[{"embeddable":true,"href":"https:\/\/zeromagazine.mx\/index.php\/wp-json\/wp\/v2\/media\/85761"}],"wp:attachment":[{"href":"https:\/\/zeromagazine.mx\/index.php\/wp-json\/wp\/v2\/media?parent=85758"}],"wp:term":[{"taxonomy":"category","embeddable":true,"href":"https:\/\/zeromagazine.mx\/index.php\/wp-json\/wp\/v2\/categories?post=85758"},{"taxonomy":"post_tag","embeddable":true,"href":"https:\/\/zeromagazine.mx\/index.php\/wp-json\/wp\/v2\/tags?post=85758"}],"curies":[{"name":"wp","href":"https:\/\/api.w.org\/{rel}","templated":true}]}}