{"id":85876,"date":"2024-10-09T00:58:48","date_gmt":"2024-10-08T22:58:48","guid":{"rendered":"https:\/\/zeromagazine.mx\/?p=85876"},"modified":"2024-10-09T01:05:50","modified_gmt":"2024-10-08T23:05:50","slug":"la-casa-de-tono-bye-bye-meseros","status":"publish","type":"post","link":"https:\/\/zeromagazine.mx\/index.php\/2024\/10\/09\/la-casa-de-tono-bye-bye-meseros\/","title":{"rendered":"\u00abLa Casa de To\u00f1o: \u00a1Bye Bye Meseros!\u00bb"},"content":{"rendered":"<p>\u00a1Hola, hola! Si est\u00e1s en la Ciudad de M\u00e9xico y te encanta el buen comer, es casi imposible que no hayas escuchado de La Casa de To\u00f1o. Este lugar ha sido un \u00edcono chilango desde que empez\u00f3 como un modesto puesto de quesadillas en la colonia Claver\u00eda, y ha crecido hasta convertirse en un fen\u00f3meno culinario con m\u00e1s de 60 sucursales. Pero espera, las cosas est\u00e1n cambiando. Recientemente, La Casa de To\u00f1o se ha lanzado a la onda del fast food, y aqu\u00ed te cuento todo lo que necesitas saber de este nuevo concepto.<\/p>\n\n\n\n<h3 class=\"wp-block-heading\">De Mesero a Fast Food<\/h3>\n\n\n\n<p>Primero que nada, \u00bfqu\u00e9 significa esto de fast food en La Casa de To\u00f1o? Pues b\u00e1sicamente, adi\u00f3s al t\u00edpico \u201cmesero, por favor\u201d, y hola al \u201c\u00bfpara comer aqu\u00ed o para llevar?\u201d Con la inauguraci\u00f3n de su nueva sucursal en Plaza Oriente, Iztapalapa, han decidido dar un giro a su servicio tradicional y adaptarse a la rapidez y eficiencia que caracteriza a las cadenas de comida r\u00e1pida como McDonald&#8217;s y Burger King.<\/p>\n\n\n<div class=\"wp-block-image\">\n<figure class=\"aligncenter size-full is-resized\"><img data-recalc-dims=\"1\" decoding=\"async\" width=\"578\" height=\"416\" src=\"https:\/\/i0.wp.com\/zeromagazine.mx\/wp-content\/uploads\/2024\/10\/WhatsApp-Image-2024-10-08-at-4.37.54-PM.jpeg?resize=578%2C416\" alt=\"La Casa de To\u00f1o da un giro moderno a la tradici\u00f3n con su nuevo restaurante fast food. Conoce la din\u00e1mica de ordenar al mostrador y disfrutar de deliciosos platillos mexicanos sin esperar, todo en un ambiente fresco y casual.\" class=\"wp-image-85877\" style=\"width:610px;height:auto\" srcset=\"https:\/\/i0.wp.com\/zeromagazine.mx\/wp-content\/uploads\/2024\/10\/WhatsApp-Image-2024-10-08-at-4.37.54-PM.jpeg?w=578&amp;ssl=1 578w, https:\/\/i0.wp.com\/zeromagazine.mx\/wp-content\/uploads\/2024\/10\/WhatsApp-Image-2024-10-08-at-4.37.54-PM.jpeg?resize=300%2C216&amp;ssl=1 300w\" sizes=\"(max-width: 578px) 100vw, 578px\" \/><\/figure>\n<\/div>\n\n\n<p><\/p>\n\n\n\n<p>As\u00ed que ahora, en lugar de esperar a que un mesero tome tu orden, te formas en el mostrador, ordenas y pagas ah\u00ed mismo. Luego, te dan un beeper chido, como esos que te dan en los restaurantes para que no est\u00e9s esperando a ciegas. Cuando tu comida est\u00e1 lista, \u00a1beep beep! Te avisan para que vayas a recogerla. S\u00faper pr\u00e1ctico, \u00bfno?<\/p>\n\n\n\n<h4 class=\"wp-block-heading\">\u00bfQu\u00e9 Hay en el Men\u00fa?<\/h4>\n\n\n\n<p>Lo mejor de todo es que el men\u00fa no cambia. Puedes seguir disfrutando de tu pozole favorito en sus distintas versiones, as\u00ed como otras delicias como flautas, chilaquiles y tacos de cochinita pibil. La idea es que puedas disfrutar de todo el sabor que siempre has amado de La Casa de To\u00f1o, pero sin tener que esperar por la atenci\u00f3n de un mesero.<\/p>\n\n\n\n<script async src=\"https:\/\/pagead2.googlesyndication.com\/pagead\/js\/adsbygoogle.js?client=ca-pub-5499304793904745\"\n     crossorigin=\"anonymous\"><\/script>\n<ins class=\"adsbygoogle\"\n     style=\"display:block; text-align:center;\"\n     data-ad-layout=\"in-article\"\n     data-ad-format=\"fluid\"\n     data-ad-client=\"ca-pub-5499304793904745\"\n     data-ad-slot=\"5994863093\"><\/ins>\n<script>\n     (adsbygoogle = window.adsbygoogle || []).push({});\n<\/script>\n\n\n\n<p><\/p>\n\n\n\n<p>Este cambio tambi\u00e9n permite que puedas comer ya sea en el local o llevarte tu pedido a casa. As\u00ed que, si un d\u00eda te da la nostalgia de comer en tu cama viendo tu serie favorita, ahora es m\u00e1s f\u00e1cil que nunca. Simplemente haz tu pedido, espera a que te avisen y listo.<\/p>\n\n\n\n<h3 class=\"wp-block-heading\">Nueva Sucursal en Iztapalapa<\/h3>\n\n\n\n<p>La nueva sucursal est\u00e1 ubicada en avenida Canal de Tezontle #1520, justo en la alica\u00edda Iztapalapa. Este spot tiene un horario de atenci\u00f3n de 8:00 a 23:00 horas, todos los d\u00edas de la semana, as\u00ed que no hay excusa para no darte un buen taco de pozole despu\u00e9s de un d\u00eda pesado. Y si te est\u00e1s preguntando si hay m\u00e1s sucursales en camino, \u00a1la respuesta es s\u00ed! Se viene otra inauguraci\u00f3n en Paseo Acoxpa en la alcald\u00eda Tlalpan. <\/p>\n\n\n<div class=\"wp-block-image\">\n<figure class=\"aligncenter size-full\"><img data-recalc-dims=\"1\" decoding=\"async\" width=\"739\" height=\"415\" src=\"https:\/\/i0.wp.com\/zeromagazine.mx\/wp-content\/uploads\/2024\/10\/WhatsApp-Image-2024-10-08-at-4.37.53-PM-1.jpeg?resize=739%2C415\" alt=\" La Casa de To\u00f1o est\u00e1 reinventando la experiencia gastron\u00f3mica chilanga con su nuevo concepto de fast food. Olv\u00eddate de los meseros y disfruta de tu pozole favorito al instante en Plaza Oriente, Iztapalapa.\" class=\"wp-image-85878\" srcset=\"https:\/\/i0.wp.com\/zeromagazine.mx\/wp-content\/uploads\/2024\/10\/WhatsApp-Image-2024-10-08-at-4.37.53-PM-1.jpeg?w=739&amp;ssl=1 739w, https:\/\/i0.wp.com\/zeromagazine.mx\/wp-content\/uploads\/2024\/10\/WhatsApp-Image-2024-10-08-at-4.37.53-PM-1.jpeg?resize=300%2C168&amp;ssl=1 300w\" sizes=\"(max-width: 739px) 100vw, 739px\" \/><\/figure>\n<\/div>\n\n\n<p><\/p>\n\n\n\n<p>Casa de To\u00f1o siempre ha sido conocida por su atenci\u00f3n al cliente. Desde su inicio, la experiencia de comer ah\u00ed era toda una vibra. Los meseros te atend\u00edan, te recomendaban platillos y, sobre todo, hac\u00edan que te sintieras en casa. Pero, con el aumento en la demanda, era hora de evolucionar. La din\u00e1mica de hacer fila, ordenar y llevar tu comida a la mesa permite que m\u00e1s personas puedan disfrutar de su deliciosa oferta gastron\u00f3mica sin la espera.<\/p>\n\n\n\n<p>A lo largo de los a\u00f1os, la popularidad de La Casa de To\u00f1o ha crecido, y su modelo de negocio ha sido un \u00e9xito. \u00bfQui\u00e9n no quiere disfrutar de un buen pozole sin tener que esperar por una mesa? Ahora, si llegas con tus friends y la fila es larga, no hay bronca. Pueden hacer su pedido, sentarse y disfrutar mientras esperan que su comida est\u00e9 lista.<\/p>\n\n\n\n<script async src=\"https:\/\/pagead2.googlesyndication.com\/pagead\/js\/adsbygoogle.js?client=ca-pub-5499304793904745\"\r\n     crossorigin=\"anonymous\"><\/script>\r\n<ins class=\"adsbygoogle\"\r\n     style=\"display:block; text-align:center;\"\r\n     data-ad-layout=\"in-article\"\r\n     data-ad-format=\"fluid\"\r\n     data-ad-client=\"ca-pub-5499304793904745\"\r\n     data-ad-slot=\"5994863093\"><\/ins>\r\n<script>\r\n     (adsbygoogle = window.adsbygoogle || []).push({});\r\n<\/script>\n\n\n\n<p><\/p>\n\n\n\n<p>La esencia de La Casa de To\u00f1o sigue intacta. La calidad de los ingredientes y el amor que le ponen a cada platillo son evidentes. Cada bocado sigue siendo una explosi\u00f3n de sabores que te transportan a la cocina de tu abuela. Desde el pozole rojo hasta los chilaquiles con pollo, cada opci\u00f3n del men\u00fa est\u00e1 pensada para satisfacer esos antojos que nos da la vida. Y para los que aman la garnacha, no se preocupen: \u00a1las flautas y los tacos est\u00e1n aqu\u00ed para qued\u00e1rselos!<\/p>\n\n\n\n<h3 class=\"wp-block-heading\">La Opci\u00f3n Ideal para Todxs<\/h3>\n\n\n\n<p>Un detalle que me encanta de este nuevo modelo es que realmente se adapta a la vida moderna. La gente hoy en d\u00eda est\u00e1 en movimiento, ya sea por trabajo, estudios o simplemente la vida social. Ahora, en lugar de hacer un alto y perder tiempo esperando, puedes pasar, ordenar y seguir con tu d\u00eda. Ideal para los que son multitasking y siempre est\u00e1n en movimiento.<\/p>\n\n\n\n<p>Adem\u00e1s, este nuevo concepto tambi\u00e9n puede ser una excelente opci\u00f3n para aquellos que prefieren disfrutar de la comida en casa. Ya no tienes que esperar a que tus amigos se desocupen o a que alguien te sirva. Puedes ordenar lo que quieras y comer en la comodidad de tu sof\u00e1, mientras binge-watchings tu serie favorita. <\/p>\n\n\n\n<script async src=\"https:\/\/pagead2.googlesyndication.com\/pagead\/js\/adsbygoogle.js?client=ca-pub-5499304793904745\"\r\n     crossorigin=\"anonymous\"><\/script>\r\n<ins class=\"adsbygoogle\"\r\n     style=\"display:block; text-align:center;\"\r\n     data-ad-layout=\"in-article\"\r\n     data-ad-format=\"fluid\"\r\n     data-ad-client=\"ca-pub-5499304793904745\"\r\n     data-ad-slot=\"5994863093\"><\/ins>\r\n<script>\r\n     (adsbygoogle = window.adsbygoogle || []).push({});\r\n<\/script>\n\n\n\n<p><\/p>\n\n\n\n<p>Es importante mencionar que este nuevo concepto de fast food no reemplaza el estilo tradicional de La Casa de To\u00f1o. Las otras sucursales continuar\u00e1n ofreciendo el servicio de mesa con sus meseros y esa calidez que nos encanta. As\u00ed que, si un d\u00eda quieres disfrutar de un buen pozole mientras te atienden con una sonrisa, todav\u00eda puedes hacerlo en cualquiera de las sucursales tradicionales. La idea es ofrecer opciones para todos, porque, al final del d\u00eda, lo que importa es que cada comensal se sienta a gusto.<\/p>\n\n\n\n<h3 class=\"wp-block-heading\">Un Cl\u00e1sico que Evoluciona<\/h3>\n\n\n\n<p>Desde su apertura en 1985, La Casa de To\u00f1o ha sido parte de la cultura culinaria de la CDMX. Cada vez que escuchas el nombre, te viene a la mente el aroma del pozole y el sabor de sus garnachas. Han sabido adaptarse a las necesidades de sus clientes y ahora, con este nuevo enfoque de fast food, contin\u00faan innovando sin perder su esencia.<\/p>\n\n\n\n<h3 class=\"wp-block-heading\">\u00bfPor Qu\u00e9 Todxs Aman La Casa de To\u00f1o?<\/h3>\n\n\n\n<p>El secreto detr\u00e1s del \u00e9xito de La Casa de To\u00f1o radica en su compromiso por ofrecer comida de calidad y un servicio al cliente excepcional. Cada platillo est\u00e1 hecho con ingredientes frescos y aut\u00e9nticos, lo que se traduce en sabores que resuenan con todos nosotros. Adem\u00e1s, el ambiente es c\u00e1lido y acogedor, ya sea que est\u00e9s comiendo en el local o llev\u00e1ndote tu comida. La idea de ir a La Casa de To\u00f1o siempre ha sido m\u00e1s que simplemente comer; se trata de crear memorias.<\/p>\n\n\n\n<script async src=\"https:\/\/pagead2.googlesyndication.com\/pagead\/js\/adsbygoogle.js?client=ca-pub-5499304793904745\"\r\n     crossorigin=\"anonymous\"><\/script>\r\n<ins class=\"adsbygoogle\"\r\n     style=\"display:block; text-align:center;\"\r\n     data-ad-layout=\"in-article\"\r\n     data-ad-format=\"fluid\"\r\n     data-ad-client=\"ca-pub-5499304793904745\"\r\n     data-ad-slot=\"5994863093\"><\/ins>\r\n<script>\r\n     (adsbygoogle = window.adsbygoogle || []).push({});\r\n<\/script>\n\n\n\n<p><\/p>\n\n\n\n<p>Ya sea que te lo lleves a casa o te quedes a disfrutar de la comida en el local, la clave es disfrutar cada bocado. Y lo m\u00e1s importante: \u00a1no olvides llevar a tus besties! La comida sabe mejor cuando se comparte, y La Casa de To\u00f1o siempre ha sido el lugar perfecto para reunir a la banda. <\/p>\n\n<!--themify_builder_content-->\n<div id=\"themify_builder_content-85876\" data-postid=\"85876\" class=\"themify_builder_content themify_builder_content-85876 themify_builder tf_clear\">\n    <\/div>\n<!--\/themify_builder_content-->","protected":false},"excerpt":{"rendered":"<p>\u00a1Hola, hola! Si est\u00e1s en la Ciudad de M\u00e9xico y te encanta el buen comer, es casi imposible que no hayas escuchado de La Casa de To\u00f1o. Este lugar ha sido un \u00edcono chilango desde que empez\u00f3 como un modesto puesto de quesadillas en la colonia Claver\u00eda, y ha crecido hasta convertirse en un fen\u00f3meno [&hellip;]<\/p>\n","protected":false},"author":2,"featured_media":85878,"comment_status":"open","ping_status":"open","sticky":false,"template":"","format":"standard","meta":{"_jetpack_memberships_contains_paid_content":false,"footnotes":"","jetpack_publicize_message":"","jetpack_publicize_feature_enabled":true,"jetpack_social_post_already_shared":true,"jetpack_social_options":{"image_generator_settings":{"template":"highway","default_image_id":0,"font":"","enabled":false},"version":2}},"categories":[6870],"tags":[9564,10726,10727],"class_list":["post-85876","post","type-post","status-publish","format-standard","has-post-thumbnail","hentry","category-foodie","tag-la-casa-de-tono","tag-nueva-sucursal-sin-meseros","tag-plaza-oriente","has-post-title","has-post-date","has-post-category","has-post-tag","has-post-comment","has-post-author",""],"yoast_head":"<!-- This site is optimized with the Yoast SEO plugin v27.5 - https:\/\/yoast.com\/product\/yoast-seo-wordpress\/ -->\n<title>&quot;La Casa de To\u00f1o: \u00a1Bye Bye Meseros!&quot; - Zero Magazine<\/title>\n<meta name=\"robots\" content=\"index, follow, max-snippet:-1, max-image-preview:large, max-video-preview:-1\" \/>\n<link rel=\"canonical\" href=\"https:\/\/zeromagazine.mx\/index.php\/2024\/10\/09\/la-casa-de-tono-bye-bye-meseros\/\" \/>\n<meta property=\"og:locale\" content=\"es_ES\" \/>\n<meta property=\"og:type\" content=\"article\" \/>\n<meta property=\"og:title\" content=\"&quot;La Casa de To\u00f1o: \u00a1Bye Bye Meseros!&quot; - Zero Magazine\" \/>\n<meta property=\"og:description\" content=\"\u00a1Hola, hola! Si est\u00e1s en la Ciudad de M\u00e9xico y te encanta el buen comer, es casi imposible que no hayas escuchado de La Casa de To\u00f1o. Este lugar ha sido un \u00edcono chilango desde que empez\u00f3 como un modesto puesto de quesadillas en la colonia Claver\u00eda, y ha crecido hasta convertirse en un fen\u00f3meno [&hellip;]\" \/>\n<meta property=\"og:url\" content=\"https:\/\/zeromagazine.mx\/index.php\/2024\/10\/09\/la-casa-de-tono-bye-bye-meseros\/\" \/>\n<meta property=\"og:site_name\" content=\"Zero Magazine\" \/>\n<meta property=\"article:published_time\" content=\"2024-10-08T22:58:48+00:00\" \/>\n<meta property=\"article:modified_time\" content=\"2024-10-08T23:05:50+00:00\" \/>\n<meta property=\"og:image\" content=\"https:\/\/i0.wp.com\/zeromagazine.mx\/wp-content\/uploads\/2024\/10\/WhatsApp-Image-2024-10-08-at-4.37.53-PM-1.jpeg?fit=739%2C415&ssl=1\" \/>\n\t<meta property=\"og:image:width\" content=\"739\" \/>\n\t<meta property=\"og:image:height\" content=\"415\" \/>\n\t<meta property=\"og:image:type\" content=\"image\/jpeg\" \/>\n<meta name=\"author\" content=\"zeromagazinemx\" \/>\n<meta name=\"twitter:card\" content=\"summary_large_image\" \/>\n<meta name=\"twitter:label1\" content=\"Escrito por\" \/>\n\t<meta name=\"twitter:data1\" content=\"zeromagazinemx\" \/>\n\t<meta name=\"twitter:label2\" content=\"Tiempo de lectura\" \/>\n\t<meta name=\"twitter:data2\" content=\"6 minutos\" \/>\n<script type=\"application\/ld+json\" class=\"yoast-schema-graph\">{\"@context\":\"https:\\\/\\\/schema.org\",\"@graph\":[{\"@type\":\"Article\",\"@id\":\"https:\\\/\\\/zeromagazine.mx\\\/index.php\\\/2024\\\/10\\\/09\\\/la-casa-de-tono-bye-bye-meseros\\\/#article\",\"isPartOf\":{\"@id\":\"https:\\\/\\\/zeromagazine.mx\\\/index.php\\\/2024\\\/10\\\/09\\\/la-casa-de-tono-bye-bye-meseros\\\/\"},\"author\":{\"name\":\"zeromagazinemx\",\"@id\":\"https:\\\/\\\/zeromagazine.mx\\\/#\\\/schema\\\/person\\\/9aed9f33a7c39af3a348b86d723f7773\"},\"headline\":\"\u00abLa Casa de To\u00f1o: \u00a1Bye Bye Meseros!\u00bb\",\"datePublished\":\"2024-10-08T22:58:48+00:00\",\"dateModified\":\"2024-10-08T23:05:50+00:00\",\"mainEntityOfPage\":{\"@id\":\"https:\\\/\\\/zeromagazine.mx\\\/index.php\\\/2024\\\/10\\\/09\\\/la-casa-de-tono-bye-bye-meseros\\\/\"},\"wordCount\":1175,\"commentCount\":0,\"publisher\":{\"@id\":\"https:\\\/\\\/zeromagazine.mx\\\/#organization\"},\"image\":{\"@id\":\"https:\\\/\\\/zeromagazine.mx\\\/index.php\\\/2024\\\/10\\\/09\\\/la-casa-de-tono-bye-bye-meseros\\\/#primaryimage\"},\"thumbnailUrl\":\"https:\\\/\\\/i0.wp.com\\\/zeromagazine.mx\\\/wp-content\\\/uploads\\\/2024\\\/10\\\/WhatsApp-Image-2024-10-08-at-4.37.53-PM-1.jpeg?fit=739%2C415&ssl=1\",\"keywords\":[\"La Casa de To\u00f1o\",\"Nueva sucursal sin meseros\",\"Plaza Oriente\"],\"articleSection\":[\"Foodie\"],\"inLanguage\":\"es\",\"potentialAction\":[{\"@type\":\"CommentAction\",\"name\":\"Comment\",\"target\":[\"https:\\\/\\\/zeromagazine.mx\\\/index.php\\\/2024\\\/10\\\/09\\\/la-casa-de-tono-bye-bye-meseros\\\/#respond\"]}]},{\"@type\":\"WebPage\",\"@id\":\"https:\\\/\\\/zeromagazine.mx\\\/index.php\\\/2024\\\/10\\\/09\\\/la-casa-de-tono-bye-bye-meseros\\\/\",\"url\":\"https:\\\/\\\/zeromagazine.mx\\\/index.php\\\/2024\\\/10\\\/09\\\/la-casa-de-tono-bye-bye-meseros\\\/\",\"name\":\"\\\"La Casa de To\u00f1o: \u00a1Bye Bye Meseros!\\\" - Zero Magazine\",\"isPartOf\":{\"@id\":\"https:\\\/\\\/zeromagazine.mx\\\/#website\"},\"primaryImageOfPage\":{\"@id\":\"https:\\\/\\\/zeromagazine.mx\\\/index.php\\\/2024\\\/10\\\/09\\\/la-casa-de-tono-bye-bye-meseros\\\/#primaryimage\"},\"image\":{\"@id\":\"https:\\\/\\\/zeromagazine.mx\\\/index.php\\\/2024\\\/10\\\/09\\\/la-casa-de-tono-bye-bye-meseros\\\/#primaryimage\"},\"thumbnailUrl\":\"https:\\\/\\\/i0.wp.com\\\/zeromagazine.mx\\\/wp-content\\\/uploads\\\/2024\\\/10\\\/WhatsApp-Image-2024-10-08-at-4.37.53-PM-1.jpeg?fit=739%2C415&ssl=1\",\"datePublished\":\"2024-10-08T22:58:48+00:00\",\"dateModified\":\"2024-10-08T23:05:50+00:00\",\"breadcrumb\":{\"@id\":\"https:\\\/\\\/zeromagazine.mx\\\/index.php\\\/2024\\\/10\\\/09\\\/la-casa-de-tono-bye-bye-meseros\\\/#breadcrumb\"},\"inLanguage\":\"es\",\"potentialAction\":[{\"@type\":\"ReadAction\",\"target\":[\"https:\\\/\\\/zeromagazine.mx\\\/index.php\\\/2024\\\/10\\\/09\\\/la-casa-de-tono-bye-bye-meseros\\\/\"]}]},{\"@type\":\"ImageObject\",\"inLanguage\":\"es\",\"@id\":\"https:\\\/\\\/zeromagazine.mx\\\/index.php\\\/2024\\\/10\\\/09\\\/la-casa-de-tono-bye-bye-meseros\\\/#primaryimage\",\"url\":\"https:\\\/\\\/i0.wp.com\\\/zeromagazine.mx\\\/wp-content\\\/uploads\\\/2024\\\/10\\\/WhatsApp-Image-2024-10-08-at-4.37.53-PM-1.jpeg?fit=739%2C415&ssl=1\",\"contentUrl\":\"https:\\\/\\\/i0.wp.com\\\/zeromagazine.mx\\\/wp-content\\\/uploads\\\/2024\\\/10\\\/WhatsApp-Image-2024-10-08-at-4.37.53-PM-1.jpeg?fit=739%2C415&ssl=1\",\"width\":739,\"height\":415},{\"@type\":\"BreadcrumbList\",\"@id\":\"https:\\\/\\\/zeromagazine.mx\\\/index.php\\\/2024\\\/10\\\/09\\\/la-casa-de-tono-bye-bye-meseros\\\/#breadcrumb\",\"itemListElement\":[{\"@type\":\"ListItem\",\"position\":1,\"name\":\"Portada\",\"item\":\"https:\\\/\\\/zeromagazine.mx\\\/\"},{\"@type\":\"ListItem\",\"position\":2,\"name\":\"\u00abLa Casa de To\u00f1o: \u00a1Bye Bye Meseros!\u00bb\"}]},{\"@type\":\"WebSite\",\"@id\":\"https:\\\/\\\/zeromagazine.mx\\\/#website\",\"url\":\"https:\\\/\\\/zeromagazine.mx\\\/\",\"name\":\"Zero Magazine\",\"description\":\"\",\"publisher\":{\"@id\":\"https:\\\/\\\/zeromagazine.mx\\\/#organization\"},\"potentialAction\":[{\"@type\":\"SearchAction\",\"target\":{\"@type\":\"EntryPoint\",\"urlTemplate\":\"https:\\\/\\\/zeromagazine.mx\\\/?s={search_term_string}\"},\"query-input\":{\"@type\":\"PropertyValueSpecification\",\"valueRequired\":true,\"valueName\":\"search_term_string\"}}],\"inLanguage\":\"es\"},{\"@type\":\"Organization\",\"@id\":\"https:\\\/\\\/zeromagazine.mx\\\/#organization\",\"name\":\"Zero Magazine\",\"url\":\"https:\\\/\\\/zeromagazine.mx\\\/\",\"logo\":{\"@type\":\"ImageObject\",\"inLanguage\":\"es\",\"@id\":\"https:\\\/\\\/zeromagazine.mx\\\/#\\\/schema\\\/logo\\\/image\\\/\",\"url\":\"https:\\\/\\\/i0.wp.com\\\/zeromagazine.mx\\\/wp-content\\\/uploads\\\/2025\\\/11\\\/1.jpeg?fit=1000%2C1000&ssl=1\",\"contentUrl\":\"https:\\\/\\\/i0.wp.com\\\/zeromagazine.mx\\\/wp-content\\\/uploads\\\/2025\\\/11\\\/1.jpeg?fit=1000%2C1000&ssl=1\",\"width\":1000,\"height\":1000,\"caption\":\"Zero Magazine\"},\"image\":{\"@id\":\"https:\\\/\\\/zeromagazine.mx\\\/#\\\/schema\\\/logo\\\/image\\\/\"},\"sameAs\":[\"https:\\\/\\\/instagram.com\\\/zeromagazinemx\"]},{\"@type\":\"Person\",\"@id\":\"https:\\\/\\\/zeromagazine.mx\\\/#\\\/schema\\\/person\\\/9aed9f33a7c39af3a348b86d723f7773\",\"name\":\"zeromagazinemx\",\"image\":{\"@type\":\"ImageObject\",\"inLanguage\":\"es\",\"@id\":\"https:\\\/\\\/zeromagazine.mx\\\/wp-content\\\/litespeed\\\/avatar\\\/f91dfe5410d5dcb1a576bf8c45983896.jpg?ver=1777571230\",\"url\":\"https:\\\/\\\/zeromagazine.mx\\\/wp-content\\\/litespeed\\\/avatar\\\/f91dfe5410d5dcb1a576bf8c45983896.jpg?ver=1777571230\",\"contentUrl\":\"https:\\\/\\\/zeromagazine.mx\\\/wp-content\\\/litespeed\\\/avatar\\\/f91dfe5410d5dcb1a576bf8c45983896.jpg?ver=1777571230\",\"caption\":\"zeromagazinemx\"},\"url\":\"https:\\\/\\\/zeromagazine.mx\\\/index.php\\\/author\\\/zeromagazinemx\\\/\"}]}<\/script>\n<!-- \/ Yoast SEO plugin. -->","yoast_head_json":{"title":"\"La Casa de To\u00f1o: \u00a1Bye Bye Meseros!\" - Zero Magazine","robots":{"index":"index","follow":"follow","max-snippet":"max-snippet:-1","max-image-preview":"max-image-preview:large","max-video-preview":"max-video-preview:-1"},"canonical":"https:\/\/zeromagazine.mx\/index.php\/2024\/10\/09\/la-casa-de-tono-bye-bye-meseros\/","og_locale":"es_ES","og_type":"article","og_title":"\"La Casa de To\u00f1o: \u00a1Bye Bye Meseros!\" - Zero Magazine","og_description":"\u00a1Hola, hola! Si est\u00e1s en la Ciudad de M\u00e9xico y te encanta el buen comer, es casi imposible que no hayas escuchado de La Casa de To\u00f1o. Este lugar ha sido un \u00edcono chilango desde que empez\u00f3 como un modesto puesto de quesadillas en la colonia Claver\u00eda, y ha crecido hasta convertirse en un fen\u00f3meno [&hellip;]","og_url":"https:\/\/zeromagazine.mx\/index.php\/2024\/10\/09\/la-casa-de-tono-bye-bye-meseros\/","og_site_name":"Zero Magazine","article_published_time":"2024-10-08T22:58:48+00:00","article_modified_time":"2024-10-08T23:05:50+00:00","og_image":[{"width":739,"height":415,"url":"https:\/\/i0.wp.com\/zeromagazine.mx\/wp-content\/uploads\/2024\/10\/WhatsApp-Image-2024-10-08-at-4.37.53-PM-1.jpeg?fit=739%2C415&ssl=1","type":"image\/jpeg"}],"author":"zeromagazinemx","twitter_card":"summary_large_image","twitter_misc":{"Escrito por":"zeromagazinemx","Tiempo de lectura":"6 minutos"},"schema":{"@context":"https:\/\/schema.org","@graph":[{"@type":"Article","@id":"https:\/\/zeromagazine.mx\/index.php\/2024\/10\/09\/la-casa-de-tono-bye-bye-meseros\/#article","isPartOf":{"@id":"https:\/\/zeromagazine.mx\/index.php\/2024\/10\/09\/la-casa-de-tono-bye-bye-meseros\/"},"author":{"name":"zeromagazinemx","@id":"https:\/\/zeromagazine.mx\/#\/schema\/person\/9aed9f33a7c39af3a348b86d723f7773"},"headline":"\u00abLa Casa de To\u00f1o: \u00a1Bye Bye Meseros!\u00bb","datePublished":"2024-10-08T22:58:48+00:00","dateModified":"2024-10-08T23:05:50+00:00","mainEntityOfPage":{"@id":"https:\/\/zeromagazine.mx\/index.php\/2024\/10\/09\/la-casa-de-tono-bye-bye-meseros\/"},"wordCount":1175,"commentCount":0,"publisher":{"@id":"https:\/\/zeromagazine.mx\/#organization"},"image":{"@id":"https:\/\/zeromagazine.mx\/index.php\/2024\/10\/09\/la-casa-de-tono-bye-bye-meseros\/#primaryimage"},"thumbnailUrl":"https:\/\/i0.wp.com\/zeromagazine.mx\/wp-content\/uploads\/2024\/10\/WhatsApp-Image-2024-10-08-at-4.37.53-PM-1.jpeg?fit=739%2C415&ssl=1","keywords":["La Casa de To\u00f1o","Nueva sucursal sin meseros","Plaza Oriente"],"articleSection":["Foodie"],"inLanguage":"es","potentialAction":[{"@type":"CommentAction","name":"Comment","target":["https:\/\/zeromagazine.mx\/index.php\/2024\/10\/09\/la-casa-de-tono-bye-bye-meseros\/#respond"]}]},{"@type":"WebPage","@id":"https:\/\/zeromagazine.mx\/index.php\/2024\/10\/09\/la-casa-de-tono-bye-bye-meseros\/","url":"https:\/\/zeromagazine.mx\/index.php\/2024\/10\/09\/la-casa-de-tono-bye-bye-meseros\/","name":"\"La Casa de To\u00f1o: \u00a1Bye Bye Meseros!\" - Zero Magazine","isPartOf":{"@id":"https:\/\/zeromagazine.mx\/#website"},"primaryImageOfPage":{"@id":"https:\/\/zeromagazine.mx\/index.php\/2024\/10\/09\/la-casa-de-tono-bye-bye-meseros\/#primaryimage"},"image":{"@id":"https:\/\/zeromagazine.mx\/index.php\/2024\/10\/09\/la-casa-de-tono-bye-bye-meseros\/#primaryimage"},"thumbnailUrl":"https:\/\/i0.wp.com\/zeromagazine.mx\/wp-content\/uploads\/2024\/10\/WhatsApp-Image-2024-10-08-at-4.37.53-PM-1.jpeg?fit=739%2C415&ssl=1","datePublished":"2024-10-08T22:58:48+00:00","dateModified":"2024-10-08T23:05:50+00:00","breadcrumb":{"@id":"https:\/\/zeromagazine.mx\/index.php\/2024\/10\/09\/la-casa-de-tono-bye-bye-meseros\/#breadcrumb"},"inLanguage":"es","potentialAction":[{"@type":"ReadAction","target":["https:\/\/zeromagazine.mx\/index.php\/2024\/10\/09\/la-casa-de-tono-bye-bye-meseros\/"]}]},{"@type":"ImageObject","inLanguage":"es","@id":"https:\/\/zeromagazine.mx\/index.php\/2024\/10\/09\/la-casa-de-tono-bye-bye-meseros\/#primaryimage","url":"https:\/\/i0.wp.com\/zeromagazine.mx\/wp-content\/uploads\/2024\/10\/WhatsApp-Image-2024-10-08-at-4.37.53-PM-1.jpeg?fit=739%2C415&ssl=1","contentUrl":"https:\/\/i0.wp.com\/zeromagazine.mx\/wp-content\/uploads\/2024\/10\/WhatsApp-Image-2024-10-08-at-4.37.53-PM-1.jpeg?fit=739%2C415&ssl=1","width":739,"height":415},{"@type":"BreadcrumbList","@id":"https:\/\/zeromagazine.mx\/index.php\/2024\/10\/09\/la-casa-de-tono-bye-bye-meseros\/#breadcrumb","itemListElement":[{"@type":"ListItem","position":1,"name":"Portada","item":"https:\/\/zeromagazine.mx\/"},{"@type":"ListItem","position":2,"name":"\u00abLa Casa de To\u00f1o: \u00a1Bye Bye Meseros!\u00bb"}]},{"@type":"WebSite","@id":"https:\/\/zeromagazine.mx\/#website","url":"https:\/\/zeromagazine.mx\/","name":"Zero Magazine","description":"","publisher":{"@id":"https:\/\/zeromagazine.mx\/#organization"},"potentialAction":[{"@type":"SearchAction","target":{"@type":"EntryPoint","urlTemplate":"https:\/\/zeromagazine.mx\/?s={search_term_string}"},"query-input":{"@type":"PropertyValueSpecification","valueRequired":true,"valueName":"search_term_string"}}],"inLanguage":"es"},{"@type":"Organization","@id":"https:\/\/zeromagazine.mx\/#organization","name":"Zero Magazine","url":"https:\/\/zeromagazine.mx\/","logo":{"@type":"ImageObject","inLanguage":"es","@id":"https:\/\/zeromagazine.mx\/#\/schema\/logo\/image\/","url":"https:\/\/i0.wp.com\/zeromagazine.mx\/wp-content\/uploads\/2025\/11\/1.jpeg?fit=1000%2C1000&ssl=1","contentUrl":"https:\/\/i0.wp.com\/zeromagazine.mx\/wp-content\/uploads\/2025\/11\/1.jpeg?fit=1000%2C1000&ssl=1","width":1000,"height":1000,"caption":"Zero Magazine"},"image":{"@id":"https:\/\/zeromagazine.mx\/#\/schema\/logo\/image\/"},"sameAs":["https:\/\/instagram.com\/zeromagazinemx"]},{"@type":"Person","@id":"https:\/\/zeromagazine.mx\/#\/schema\/person\/9aed9f33a7c39af3a348b86d723f7773","name":"zeromagazinemx","image":{"@type":"ImageObject","inLanguage":"es","@id":"https:\/\/zeromagazine.mx\/wp-content\/litespeed\/avatar\/f91dfe5410d5dcb1a576bf8c45983896.jpg?ver=1777571230","url":"https:\/\/zeromagazine.mx\/wp-content\/litespeed\/avatar\/f91dfe5410d5dcb1a576bf8c45983896.jpg?ver=1777571230","contentUrl":"https:\/\/zeromagazine.mx\/wp-content\/litespeed\/avatar\/f91dfe5410d5dcb1a576bf8c45983896.jpg?ver=1777571230","caption":"zeromagazinemx"},"url":"https:\/\/zeromagazine.mx\/index.php\/author\/zeromagazinemx\/"}]}},"jetpack_publicize_connections":[],"jetpack_featured_media_url":"https:\/\/i0.wp.com\/zeromagazine.mx\/wp-content\/uploads\/2024\/10\/WhatsApp-Image-2024-10-08-at-4.37.53-PM-1.jpeg?fit=739%2C415&ssl=1","jetpack-related-posts":[{"id":98837,"url":"https:\/\/zeromagazine.mx\/index.php\/2025\/03\/18\/bye-frizz-hola-al-brillo-con-5-en-1-de-hask\/","url_meta":{"origin":85876,"position":0},"title":"Bye Frizz, Hola Brillo","author":"David Morales","date":"18 de marzo de 2025","format":false,"excerpt":"Amix, la primavera ya est\u00e1 aqu\u00ed y con ella el calor, la humedad y obvio, el frizz. Pero no se preocupen, porque Hask tiene la soluci\u00f3n perfecta para que tu melena se vea incre\u00edble todos los d\u00edas. Con su l\u00ednea 5 en 1, dile adi\u00f3s al frizz y hola a\u2026","rel":"","context":"En \u00abBlog\u00bb","block_context":{"text":"Blog","link":"https:\/\/zeromagazine.mx\/index.php\/category\/blog\/"},"img":{"alt_text":"","src":"https:\/\/i0.wp.com\/zeromagazine.mx\/wp-content\/uploads\/2025\/03\/Hask_WeekendCreative_APR2024_5in1SprayFloatingStill_V1-scaled.jpg?fit=1200%2C800&ssl=1&resize=350%2C200","width":350,"height":200,"srcset":"https:\/\/i0.wp.com\/zeromagazine.mx\/wp-content\/uploads\/2025\/03\/Hask_WeekendCreative_APR2024_5in1SprayFloatingStill_V1-scaled.jpg?fit=1200%2C800&ssl=1&resize=350%2C200 1x, https:\/\/i0.wp.com\/zeromagazine.mx\/wp-content\/uploads\/2025\/03\/Hask_WeekendCreative_APR2024_5in1SprayFloatingStill_V1-scaled.jpg?fit=1200%2C800&ssl=1&resize=525%2C300 1.5x, https:\/\/i0.wp.com\/zeromagazine.mx\/wp-content\/uploads\/2025\/03\/Hask_WeekendCreative_APR2024_5in1SprayFloatingStill_V1-scaled.jpg?fit=1200%2C800&ssl=1&resize=700%2C400 2x, https:\/\/i0.wp.com\/zeromagazine.mx\/wp-content\/uploads\/2025\/03\/Hask_WeekendCreative_APR2024_5in1SprayFloatingStill_V1-scaled.jpg?fit=1200%2C800&ssl=1&resize=1050%2C600 3x"},"classes":[]},{"id":95122,"url":"https:\/\/zeromagazine.mx\/index.php\/2025\/01\/21\/cafe-oscuro-la-nueva-obsesion\/","url_meta":{"origin":85876,"position":1},"title":"Caf\u00e9 Oscuro: La Nueva Obsesi\u00f3n","author":"zeromagazinemx","date":"21 de enero de 2025","format":false,"excerpt":"Caf\u00e9 oscuro es tendencia Caf\u00e9 oscuro es tendencia.\u00bfAmix, ya se dieron cuenta de que el caf\u00e9 oscuro est\u00e1 everywhere? Este invierno, \u201cBrown is the New Black\u201d (s\u00ed, literal) y est\u00e1 invadiendo el closet de todxs. Bye, granate. Hola, caf\u00e9. Si a\u00fan no te unes a esta trend, aqu\u00ed te cuento\u2026","rel":"","context":"En \u00abModa\u00bb","block_context":{"text":"Moda","link":"https:\/\/zeromagazine.mx\/index.php\/category\/moda\/"},"img":{"alt_text":"","src":"https:\/\/i0.wp.com\/zeromagazine.mx\/wp-content\/uploads\/2025\/01\/01553930006-c-scaled.jpg?fit=831%2C1200&ssl=1&resize=350%2C200","width":350,"height":200,"srcset":"https:\/\/i0.wp.com\/zeromagazine.mx\/wp-content\/uploads\/2025\/01\/01553930006-c-scaled.jpg?fit=831%2C1200&ssl=1&resize=350%2C200 1x, https:\/\/i0.wp.com\/zeromagazine.mx\/wp-content\/uploads\/2025\/01\/01553930006-c-scaled.jpg?fit=831%2C1200&ssl=1&resize=525%2C300 1.5x, https:\/\/i0.wp.com\/zeromagazine.mx\/wp-content\/uploads\/2025\/01\/01553930006-c-scaled.jpg?fit=831%2C1200&ssl=1&resize=700%2C400 2x"},"classes":[]},{"id":87503,"url":"https:\/\/zeromagazine.mx\/index.php\/2024\/10\/18\/halloween-drip-para-los-peques\/","url_meta":{"origin":85876,"position":2},"title":"\u00abHalloween Drip para los Peques\u00bb","author":"zeromagazinemx","date":"18 de octubre de 2024","format":false,"excerpt":"Sabemos que cuando llega\u00a0Halloween\u00a0todo se transforma: calaveritas, dulces, fiestas tem\u00e1ticas y, lo m\u00e1s importante, \u00a1los outfits! \u00bfY guess what? Farfetch acaba de lanzar su\u00a0nueva colecci\u00f3n de Halloween para ni\u00f1os\u00a0y, honestamente, est\u00e1\u00a0on fire. Se trata de una selecci\u00f3n de looks super originales, elegantes y stylish que har\u00e1n que los peques luzcan\u2026","rel":"","context":"En \u00abModa\u00bb","block_context":{"text":"Moda","link":"https:\/\/zeromagazine.mx\/index.php\/category\/moda\/"},"img":{"alt_text":"","src":"https:\/\/i0.wp.com\/zeromagazine.mx\/wp-content\/uploads\/2024\/10\/image.jpg?fit=1200%2C411&ssl=1&resize=350%2C200","width":350,"height":200,"srcset":"https:\/\/i0.wp.com\/zeromagazine.mx\/wp-content\/uploads\/2024\/10\/image.jpg?fit=1200%2C411&ssl=1&resize=350%2C200 1x, https:\/\/i0.wp.com\/zeromagazine.mx\/wp-content\/uploads\/2024\/10\/image.jpg?fit=1200%2C411&ssl=1&resize=525%2C300 1.5x, https:\/\/i0.wp.com\/zeromagazine.mx\/wp-content\/uploads\/2024\/10\/image.jpg?fit=1200%2C411&ssl=1&resize=700%2C400 2x, https:\/\/i0.wp.com\/zeromagazine.mx\/wp-content\/uploads\/2024\/10\/image.jpg?fit=1200%2C411&ssl=1&resize=1050%2C600 3x"},"classes":[]},{"id":81757,"url":"https:\/\/zeromagazine.mx\/index.php\/2024\/08\/13\/sabor-y-magia-un-viaje-gastronomico-a-traves-de-las-peliculas-de-ghibli\/","url_meta":{"origin":85876,"position":3},"title":"Sabor y Magia: Un Viaje Gastron\u00f3mico a Trav\u00e9s de las Pel\u00edculas de Ghibli","author":"David Morales","date":"13 de agosto de 2024","format":false,"excerpt":"Por Salvador SarmientoAl llegar a Maison Exquise, ubicada en Paseo de las Palmas, parec\u00eda la de un domingo com\u00fan en la Ciudad de M\u00e9xico. Sin embargo, al entrar y ser guiado a tu mesa por los atentos meseros, te das cuenta de que esta experiencia es mucho m\u00e1s que una\u2026","rel":"","context":"En \u00abFoodie\u00bb","block_context":{"text":"Foodie","link":"https:\/\/zeromagazine.mx\/index.php\/category\/lifestyle\/foodie\/"},"img":{"alt_text":"","src":"https:\/\/i0.wp.com\/zeromagazine.mx\/wp-content\/uploads\/2024\/08\/PHOTO-2024-08-11-17-43-59.jpeg?fit=600%2C800&ssl=1&resize=350%2C200","width":350,"height":200,"srcset":"https:\/\/i0.wp.com\/zeromagazine.mx\/wp-content\/uploads\/2024\/08\/PHOTO-2024-08-11-17-43-59.jpeg?fit=600%2C800&ssl=1&resize=350%2C200 1x, https:\/\/i0.wp.com\/zeromagazine.mx\/wp-content\/uploads\/2024\/08\/PHOTO-2024-08-11-17-43-59.jpeg?fit=600%2C800&ssl=1&resize=525%2C300 1.5x"},"classes":[]},{"id":81410,"url":"https:\/\/zeromagazine.mx\/index.php\/2024\/08\/05\/uber-eats-casa-de-tono-que-combo\/","url_meta":{"origin":85876,"position":4},"title":"Uber Eats + Casa de To\u00f1o: \u00a1Qu\u00e9 Combo!","author":"zeromagazinemx","date":"5 de agosto de 2024","format":false,"excerpt":"\u00a1Hey, chiques! Hoy vengo con noticias que te van a hacer decir \u00a1Qu\u00e9 chido! y \u00a1Por fin!. Uber Eats y La Casa de To\u00f1o se juntaron y ahora todos esos platillos que tanto amamos est\u00e1n disponibles solo en la app. As\u00ed que, si te antoja ese pozole que es lo\u2026","rel":"","context":"En \u00abBlog\u00bb","block_context":{"text":"Blog","link":"https:\/\/zeromagazine.mx\/index.php\/category\/blog\/"},"img":{"alt_text":"","src":"https:\/\/i0.wp.com\/zeromagazine.mx\/wp-content\/uploads\/2024\/08\/image002-1.png?resize=350%2C200&ssl=1","width":350,"height":200,"srcset":"https:\/\/i0.wp.com\/zeromagazine.mx\/wp-content\/uploads\/2024\/08\/image002-1.png?resize=350%2C200&ssl=1 1x, https:\/\/i0.wp.com\/zeromagazine.mx\/wp-content\/uploads\/2024\/08\/image002-1.png?resize=525%2C300&ssl=1 1.5x, https:\/\/i0.wp.com\/zeromagazine.mx\/wp-content\/uploads\/2024\/08\/image002-1.png?resize=700%2C400&ssl=1 2x, https:\/\/i0.wp.com\/zeromagazine.mx\/wp-content\/uploads\/2024\/08\/image002-1.png?resize=1050%2C600&ssl=1 3x, https:\/\/i0.wp.com\/zeromagazine.mx\/wp-content\/uploads\/2024\/08\/image002-1.png?resize=1400%2C800&ssl=1 4x"},"classes":[]},{"id":86099,"url":"https:\/\/zeromagazine.mx\/index.php\/2024\/10\/10\/e-l-f-cosmetics-glow-up-mexico\/","url_meta":{"origin":85876,"position":5},"title":"\u00abe.l.f. Cosmetics Glow Up M\u00e9xico\u00bb","author":"zeromagazinemx","date":"10 de octubre de 2024","format":false,"excerpt":"Ok, ya sabemos que e.l.f. tiene un mont\u00f3n de productos que se han vuelto virales on TikTok y en todo el internet, pero let's get real, aqu\u00ed te doy el inside scoop de los m\u00e1s populares que tienes que checar ASAP: Power Grip Primer\u00a0\u00a0Tiene una textura en gel que prepara\u2026","rel":"","context":"En \u00abBeauty\u00bb","block_context":{"text":"Beauty","link":"https:\/\/zeromagazine.mx\/index.php\/category\/beauty\/"},"img":{"alt_text":"","src":"https:\/\/i0.wp.com\/zeromagazine.mx\/wp-content\/uploads\/2024\/10\/Captura-de-Pantalla-2024-09-06-a-las-13.55.37.png?fit=1200%2C408&ssl=1&resize=350%2C200","width":350,"height":200,"srcset":"https:\/\/i0.wp.com\/zeromagazine.mx\/wp-content\/uploads\/2024\/10\/Captura-de-Pantalla-2024-09-06-a-las-13.55.37.png?fit=1200%2C408&ssl=1&resize=350%2C200 1x, https:\/\/i0.wp.com\/zeromagazine.mx\/wp-content\/uploads\/2024\/10\/Captura-de-Pantalla-2024-09-06-a-las-13.55.37.png?fit=1200%2C408&ssl=1&resize=525%2C300 1.5x, https:\/\/i0.wp.com\/zeromagazine.mx\/wp-content\/uploads\/2024\/10\/Captura-de-Pantalla-2024-09-06-a-las-13.55.37.png?fit=1200%2C408&ssl=1&resize=700%2C400 2x, https:\/\/i0.wp.com\/zeromagazine.mx\/wp-content\/uploads\/2024\/10\/Captura-de-Pantalla-2024-09-06-a-las-13.55.37.png?fit=1200%2C408&ssl=1&resize=1050%2C600 3x"},"classes":[]}],"jetpack_sharing_enabled":true,"builder_content":"","_links":{"self":[{"href":"https:\/\/zeromagazine.mx\/index.php\/wp-json\/wp\/v2\/posts\/85876","targetHints":{"allow":["GET"]}}],"collection":[{"href":"https:\/\/zeromagazine.mx\/index.php\/wp-json\/wp\/v2\/posts"}],"about":[{"href":"https:\/\/zeromagazine.mx\/index.php\/wp-json\/wp\/v2\/types\/post"}],"author":[{"embeddable":true,"href":"https:\/\/zeromagazine.mx\/index.php\/wp-json\/wp\/v2\/users\/2"}],"replies":[{"embeddable":true,"href":"https:\/\/zeromagazine.mx\/index.php\/wp-json\/wp\/v2\/comments?post=85876"}],"version-history":[{"count":11,"href":"https:\/\/zeromagazine.mx\/index.php\/wp-json\/wp\/v2\/posts\/85876\/revisions"}],"predecessor-version":[{"id":85891,"href":"https:\/\/zeromagazine.mx\/index.php\/wp-json\/wp\/v2\/posts\/85876\/revisions\/85891"}],"wp:featuredmedia":[{"embeddable":true,"href":"https:\/\/zeromagazine.mx\/index.php\/wp-json\/wp\/v2\/media\/85878"}],"wp:attachment":[{"href":"https:\/\/zeromagazine.mx\/index.php\/wp-json\/wp\/v2\/media?parent=85876"}],"wp:term":[{"taxonomy":"category","embeddable":true,"href":"https:\/\/zeromagazine.mx\/index.php\/wp-json\/wp\/v2\/categories?post=85876"},{"taxonomy":"post_tag","embeddable":true,"href":"https:\/\/zeromagazine.mx\/index.php\/wp-json\/wp\/v2\/tags?post=85876"}],"curies":[{"name":"wp","href":"https:\/\/api.w.org\/{rel}","templated":true}]}}