{"id":86383,"date":"2024-10-11T23:47:04","date_gmt":"2024-10-11T21:47:04","guid":{"rendered":"https:\/\/zeromagazine.mx\/?p=86383"},"modified":"2024-10-12T01:25:05","modified_gmt":"2024-10-11T23:25:05","slug":"vive-el-dia-de-muertos","status":"publish","type":"post","link":"https:\/\/zeromagazine.mx\/index.php\/2024\/10\/11\/vive-el-dia-de-muertos\/","title":{"rendered":"\u00abVive el D\u00eda de Muertos\u00bb"},"content":{"rendered":"<!--themify_builder_content-->\n<div id=\"themify_builder_content-86383\" data-postid=\"86383\" class=\"themify_builder_content themify_builder_content-86383 themify_builder tf_clear\">\n    <\/div>\n<!--\/themify_builder_content-->\n\n\n<p>\u00bfEst\u00e1s preparado para una de las celebraciones m\u00e1s ic\u00f3nicas de M\u00e9xico? Con el oto\u00f1o en el aire y la vibra de Halloween tambi\u00e9n acerc\u00e1ndose, llega el D\u00eda de Muertos, una festividad que no solo es sobre el recuerdo, sino sobre celebrar la vida y la memoria de nuestros seres queridos. Y, como siempre, Vidanta se pone las pilas para ofrecerte una experiencia que no vas a olvidar.<\/p>\n\n\n\n<h3 class=\"wp-block-heading\">\u00bfQu\u00e9 es el D\u00eda de Muertos?<\/h3>\n\n\n\n<p>Para los que no est\u00e1n familiarizados, el D\u00eda de Muertos se celebra el 1 y 2 de noviembre, y es una tradici\u00f3n mexicana que honra a aquellos que han partido. Las familias hacen altares llenos de ofrendas, decoran con flores de cempas\u00fachil y crean un ambiente lleno de amor y respeto. Es un momento para recordar, compartir historias y celebrar las vidas de nuestros difuntos, todo mientras disfrutamos de la cultura y la gastronom\u00eda mexicana.<\/p>\n\n\n<div class=\"wp-block-image\">\n<figure class=\"aligncenter size-full\"><img data-recalc-dims=\"1\" decoding=\"async\" width=\"1165\" height=\"747\" src=\"https:\/\/i0.wp.com\/zeromagazine.mx\/wp-content\/uploads\/2024\/10\/05_11.jpg?resize=1165%2C747&#038;ssl=1\" alt=\"\" class=\"wp-image-86384\" srcset=\"https:\/\/i0.wp.com\/zeromagazine.mx\/wp-content\/uploads\/2024\/10\/05_11.jpg?w=2400&amp;ssl=1 2400w, https:\/\/i0.wp.com\/zeromagazine.mx\/wp-content\/uploads\/2024\/10\/05_11.jpg?resize=300%2C192&amp;ssl=1 300w, https:\/\/i0.wp.com\/zeromagazine.mx\/wp-content\/uploads\/2024\/10\/05_11.jpg?resize=1024%2C656&amp;ssl=1 1024w, https:\/\/i0.wp.com\/zeromagazine.mx\/wp-content\/uploads\/2024\/10\/05_11.jpg?resize=768%2C492&amp;ssl=1 768w, https:\/\/i0.wp.com\/zeromagazine.mx\/wp-content\/uploads\/2024\/10\/05_11.jpg?resize=1536%2C984&amp;ssl=1 1536w, https:\/\/i0.wp.com\/zeromagazine.mx\/wp-content\/uploads\/2024\/10\/05_11.jpg?resize=2048%2C1312&amp;ssl=1 2048w, https:\/\/i0.wp.com\/zeromagazine.mx\/wp-content\/uploads\/2024\/10\/05_11.jpg?w=2330 2330w\" sizes=\"(max-width: 1165px) 100vw, 1165px\" \/><\/figure>\n<\/div>\n\n\n<h4 class=\"wp-block-heading\"><\/h4>\n\n\n\n<p>Este a\u00f1o, Vidanta se va a lucir, ofreciendo una experiencia de lujo en sus diferentes destinos. En el BON Luxury Theme Park, en Vidanta Nuevo Nayarit-Vallarta, los hu\u00e9spedes ser\u00e1n recibidos con una fiesta de lo m\u00e1s emocionante. Te imaginas: altares espectaculares, catrinas glamorosas y charros que van a hacer que sientas que est\u00e1s en una pel\u00edcula mexicana. \u00a1Es una oportunidad perfecta para sacar esas fotos y compartirlas en Insta!<\/p>\n\n\n\n<script async src=\"https:\/\/pagead2.googlesyndication.com\/pagead\/js\/adsbygoogle.js?client=ca-pub-5499304793904745\"\n     crossorigin=\"anonymous\"><\/script>\n<ins class=\"adsbygoogle\"\n     style=\"display:block; text-align:center;\"\n     data-ad-layout=\"in-article\"\n     data-ad-format=\"fluid\"\n     data-ad-client=\"ca-pub-5499304793904745\"\n     data-ad-slot=\"5994863093\"><\/ins>\n<script>\n     (adsbygoogle = window.adsbygoogle || []).push({});\n<\/script>\n\n\n\n<h5 class=\"wp-block-heading\"><\/h5>\n\n\n\n<p>A partir del 1 de noviembre, te van a envolver en una atm\u00f3sfera m\u00e1gica. Imagina dar un paseo en trajineras decoradas con cempas\u00fachil mientras suena m\u00fasica de mariachi y escuchas a alguien cantando \u00abLa Llorona\u00bb. Es un vibe que no se puede explicar, tienes que vivirlo.<\/p>\n\n\n\n<p>Y eso no es todo. El 2 de noviembre, prep\u00e1rate para una recreaci\u00f3n de tradiciones prehisp\u00e1nicas que te va a dejar sin palabras. Los altares y ofrendas van a ser el centro de atenci\u00f3n, mostrando el simbolismo y la historia detr\u00e1s de cada elemento. Vas a aprender sobre el significado de las ofrendas, todo mientras disfrutas de shows de luces sobre el lago que son simplemente incre\u00edbles.<\/p>\n\n\n\n<h3 class=\"wp-block-heading\">Gastronom\u00eda que te Dejar\u00e1 Anhelando M\u00e1s<\/h3>\n\n\n\n<p>Ahora, hablemos de la comida. OMG, si eres foodie, est\u00e1s en el lugar correcto. La experiencia no estar\u00eda completa sin una deliciosa variedad gastron\u00f3mica que te har\u00e1 querer m\u00e1s. Desde gorditas con quesillo y epazote fresco hasta tacos de gaonera en tortilla de ma\u00edz azul, la comida va a ser un viaje de sabor. Y para los que aman los mariscos, \u00a1tienen que probar el chilpachole de camar\u00f3n cocido a la le\u00f1a! La combinaci\u00f3n de sabores es un fest\u00edn que no puedes perderte.<\/p>\n\n\n\n<p>Y para cerrar con broche de oro, vas a tener una barbacoa de costilla de res y lech\u00f3n que es simplemente sublime. \u00bfY qu\u00e9 tal un flan parisino con compota de ciruelas y helado de arroz con leche? Es el postre que todo foodie necesita en su vida. \u00a1Y todo esto mientras disfrutas de un ambiente lleno de alegr\u00eda y tradici\u00f3n!<\/p>\n\n\n\n<h3 class=\"wp-block-heading\">Diversi\u00f3n para Todxs<\/h3>\n\n\n\n<p>Si piensas que esto es solo para adultos, pi\u00e9nsalo de nuevo. En Vidanta Riviera Maya, la celebraci\u00f3n tambi\u00e9n va a estar incre\u00edble. El 2 de noviembre, a partir de las 6 p.m., el restaurante Del Lago va a ofrecer una noche familiar. Habr\u00e1 m\u00fasica en vivo, concursos de catrinas y hasta un espect\u00e1culo del Ballet Vidanta. \u00a1Imag\u00ednate la vibra!<\/p>\n\n\n\n<p>El men\u00fa tambi\u00e9n est\u00e1 a otro nivel. Desde un c\u00f3ctel de bienvenida hasta una barra libre nacional, la fiesta va a estar completa. Y el buffet es como un viaje culinario por M\u00e9xico: tamales, mole, pozole, pan de muerto y chocolate caliente. Todo esto por un precio s\u00faper accesible de $1850 MXN para adultos y $925 MXN para los peques. \u00a1Una ganga!<\/p>\n\n\n<div class=\"wp-block-image\">\n<figure class=\"aligncenter size-full\"><img data-recalc-dims=\"1\" decoding=\"async\" width=\"1165\" height=\"1747\" src=\"https:\/\/i0.wp.com\/zeromagazine.mx\/wp-content\/uploads\/2024\/10\/01_11-scaled.jpg?resize=1165%2C1747&#038;ssl=1\" alt=\"\" class=\"wp-image-86385\" srcset=\"https:\/\/i0.wp.com\/zeromagazine.mx\/wp-content\/uploads\/2024\/10\/01_11-scaled.jpg?w=1707&amp;ssl=1 1707w, https:\/\/i0.wp.com\/zeromagazine.mx\/wp-content\/uploads\/2024\/10\/01_11-scaled.jpg?resize=200%2C300&amp;ssl=1 200w, https:\/\/i0.wp.com\/zeromagazine.mx\/wp-content\/uploads\/2024\/10\/01_11-scaled.jpg?resize=683%2C1024&amp;ssl=1 683w, https:\/\/i0.wp.com\/zeromagazine.mx\/wp-content\/uploads\/2024\/10\/01_11-scaled.jpg?resize=768%2C1152&amp;ssl=1 768w, https:\/\/i0.wp.com\/zeromagazine.mx\/wp-content\/uploads\/2024\/10\/01_11-scaled.jpg?resize=1024%2C1536&amp;ssl=1 1024w, https:\/\/i0.wp.com\/zeromagazine.mx\/wp-content\/uploads\/2024\/10\/01_11-scaled.jpg?resize=1365%2C2048&amp;ssl=1 1365w\" sizes=\"(max-width: 1165px) 100vw, 1165px\" \/><\/figure>\n<\/div>\n\n\n<p><\/p>\n\n\n\n<p>En un mundo donde a veces nos olvidamos de nuestras ra\u00edces y tradiciones, el D\u00eda de Muertos en Vidanta es un recordatorio de lo importante que es celebrar nuestra cultura. Este evento no solo resalta la rica herencia cultural de M\u00e9xico, sino que tambi\u00e9n promueve el reconocimiento de nuestras tradiciones en un ambiente de lujo y confort.<\/p>\n\n\n\n<script async src=\"https:\/\/pagead2.googlesyndication.com\/pagead\/js\/adsbygoogle.js?client=ca-pub-5499304793904745\"\n     crossorigin=\"anonymous\"><\/script>\n<ins class=\"adsbygoogle\"\n     style=\"display:block; text-align:center;\"\n     data-ad-layout=\"in-article\"\n     data-ad-format=\"fluid\"\n     data-ad-client=\"ca-pub-5499304793904745\"\n     data-ad-slot=\"5994863093\"><\/ins>\n<script>\n     (adsbygoogle = window.adsbygoogle || []).push({});\n<\/script>\n\n\n\n<p>Vidanta no solo se enfoca en brindar experiencias de alta calidad, sino que tambi\u00e9n se compromete a fortalecer la conexi\u00f3n entre la comunidad y los visitantes. Al asistir a estos eventos, est\u00e1s apoyando la cultura mexicana y ayudando a mantener viva la memoria de aquellos que nos han dejado.<\/p>\n\n\n\n<h3 class=\"wp-block-heading\">Tips para Disfrutar de la Experiencia<\/h3>\n\n\n\n<ol class=\"wp-block-list\">\n<li><strong>Planifica con Anticipaci\u00f3n<\/strong>: Aseg\u00farate de reservar tu estancia con tiempo, ya que estos eventos son s\u00faper populares. No querr\u00e1s quedarte sin lugar.<\/li>\n\n\n\n<li><strong>Saca tu Mejor Outfit<\/strong>: La moda y el estilo son importantes, as\u00ed que aseg\u00farate de lucir fabuloso para todas esas fotos. \u00bfQu\u00e9 tal un outfit inspirado en las catrinas? \u00a1Es una gran forma de rendir homenaje!<\/li>\n\n\n\n<li><strong>Prep\u00e1rate para Compartir<\/strong>: Lleva tu mejor c\u00e1mara o tu smartphone porque querr\u00e1s documentar cada momento. Desde los altares hasta la comida, cada detalle merece ser compartido.<\/li>\n\n\n\n<li><strong>No Te Olvides de Probar Todo<\/strong>: La comida es una parte crucial de la experiencia. No tengas miedo de probar algo nuevo y, si te gusta, \u00a1pide m\u00e1s!<\/li>\n\n\n\n<li><strong>Disfruta de la M\u00fasica y el Baile<\/strong>: No solo mires, \u00a1participa! Baila al ritmo de la m\u00fasica y sum\u00e9rgete en la cultura.Prep\u00e1rate para vivir una experiencia inolvidable que quedar\u00e1 grabada en tu coraz\u00f3n.<\/li>\n<\/ol>","protected":false},"excerpt":{"rendered":"<p>\u00bfEst\u00e1s preparado para una de las celebraciones m\u00e1s ic\u00f3nicas de M\u00e9xico? Con el oto\u00f1o en el aire y la vibra de Halloween tambi\u00e9n acerc\u00e1ndose, llega el D\u00eda de Muertos, una festividad que no solo es sobre el recuerdo, sino sobre celebrar la vida y la memoria de nuestros seres queridos. Y, como siempre, Vidanta se [&hellip;]<\/p>\n","protected":false},"author":2,"featured_media":86384,"comment_status":"open","ping_status":"open","sticky":false,"template":"","format":"standard","meta":{"_jetpack_memberships_contains_paid_content":false,"footnotes":"","jetpack_publicize_message":"","jetpack_publicize_feature_enabled":true,"jetpack_social_post_already_shared":true,"jetpack_social_options":{"image_generator_settings":{"template":"highway","default_image_id":0,"font":"","enabled":false},"version":2}},"categories":[322],"tags":[10784,2808,5479],"class_list":["post-86383","post","type-post","status-publish","format-standard","has-post-thumbnail","hentry","category-lugares","tag-cultura-y-tradicion","tag-eventos","tag-otono","has-post-title","has-post-date","has-post-category","has-post-tag","has-post-comment","has-post-author",""],"yoast_head":"<!-- This site is optimized with the Yoast SEO plugin v27.5 - https:\/\/yoast.com\/product\/yoast-seo-wordpress\/ -->\n<title>&quot;Vive el D\u00eda de Muertos&quot; - Zero Magazine<\/title>\n<meta name=\"robots\" content=\"index, follow, max-snippet:-1, max-image-preview:large, max-video-preview:-1\" \/>\n<link rel=\"canonical\" href=\"https:\/\/zeromagazine.mx\/index.php\/2024\/10\/11\/vive-el-dia-de-muertos\/\" \/>\n<meta property=\"og:locale\" content=\"es_ES\" \/>\n<meta property=\"og:type\" content=\"article\" \/>\n<meta property=\"og:title\" content=\"&quot;Vive el D\u00eda de Muertos&quot; - Zero Magazine\" \/>\n<meta property=\"og:description\" content=\"\u00bfEst\u00e1s preparado para una de las celebraciones m\u00e1s ic\u00f3nicas de M\u00e9xico? Con el oto\u00f1o en el aire y la vibra de Halloween tambi\u00e9n acerc\u00e1ndose, llega el D\u00eda de Muertos, una festividad que no solo es sobre el recuerdo, sino sobre celebrar la vida y la memoria de nuestros seres queridos. Y, como siempre, Vidanta se [&hellip;]\" \/>\n<meta property=\"og:url\" content=\"https:\/\/zeromagazine.mx\/index.php\/2024\/10\/11\/vive-el-dia-de-muertos\/\" \/>\n<meta property=\"og:site_name\" content=\"Zero Magazine\" \/>\n<meta property=\"article:published_time\" content=\"2024-10-11T21:47:04+00:00\" \/>\n<meta property=\"article:modified_time\" content=\"2024-10-11T23:25:05+00:00\" \/>\n<meta property=\"og:image\" content=\"https:\/\/zeromagazine.mx\/wp-content\/uploads\/2024\/10\/05_11-1024x656.jpg\" \/>\n\t<meta property=\"og:image:width\" content=\"1024\" \/>\n\t<meta property=\"og:image:height\" content=\"656\" \/>\n\t<meta property=\"og:image:type\" content=\"image\/jpeg\" \/>\n<meta name=\"author\" content=\"zeromagazinemx\" \/>\n<meta name=\"twitter:card\" content=\"summary_large_image\" \/>\n<meta name=\"twitter:label1\" content=\"Escrito por\" \/>\n\t<meta name=\"twitter:data1\" content=\"zeromagazinemx\" \/>\n\t<meta name=\"twitter:label2\" content=\"Tiempo de lectura\" \/>\n\t<meta name=\"twitter:data2\" content=\"5 minutos\" \/>\n<script type=\"application\/ld+json\" class=\"yoast-schema-graph\">{\"@context\":\"https:\\\/\\\/schema.org\",\"@graph\":[{\"@type\":\"Article\",\"@id\":\"https:\\\/\\\/zeromagazine.mx\\\/index.php\\\/2024\\\/10\\\/11\\\/vive-el-dia-de-muertos\\\/#article\",\"isPartOf\":{\"@id\":\"https:\\\/\\\/zeromagazine.mx\\\/index.php\\\/2024\\\/10\\\/11\\\/vive-el-dia-de-muertos\\\/\"},\"author\":{\"name\":\"zeromagazinemx\",\"@id\":\"https:\\\/\\\/zeromagazine.mx\\\/#\\\/schema\\\/person\\\/9aed9f33a7c39af3a348b86d723f7773\"},\"headline\":\"\u00abVive el D\u00eda de Muertos\u00bb\",\"datePublished\":\"2024-10-11T21:47:04+00:00\",\"dateModified\":\"2024-10-11T23:25:05+00:00\",\"mainEntityOfPage\":{\"@id\":\"https:\\\/\\\/zeromagazine.mx\\\/index.php\\\/2024\\\/10\\\/11\\\/vive-el-dia-de-muertos\\\/\"},\"wordCount\":938,\"commentCount\":0,\"publisher\":{\"@id\":\"https:\\\/\\\/zeromagazine.mx\\\/#organization\"},\"image\":{\"@id\":\"https:\\\/\\\/zeromagazine.mx\\\/index.php\\\/2024\\\/10\\\/11\\\/vive-el-dia-de-muertos\\\/#primaryimage\"},\"thumbnailUrl\":\"https:\\\/\\\/i0.wp.com\\\/zeromagazine.mx\\\/wp-content\\\/uploads\\\/2024\\\/10\\\/05_11.jpg?fit=2400%2C1538&ssl=1\",\"keywords\":[\"Cultura y Tradici\u00f3n\",\"Eventos\",\"Oto\u00f1o\"],\"articleSection\":[\"Viajes\"],\"inLanguage\":\"es\",\"potentialAction\":[{\"@type\":\"CommentAction\",\"name\":\"Comment\",\"target\":[\"https:\\\/\\\/zeromagazine.mx\\\/index.php\\\/2024\\\/10\\\/11\\\/vive-el-dia-de-muertos\\\/#respond\"]}]},{\"@type\":\"WebPage\",\"@id\":\"https:\\\/\\\/zeromagazine.mx\\\/index.php\\\/2024\\\/10\\\/11\\\/vive-el-dia-de-muertos\\\/\",\"url\":\"https:\\\/\\\/zeromagazine.mx\\\/index.php\\\/2024\\\/10\\\/11\\\/vive-el-dia-de-muertos\\\/\",\"name\":\"\\\"Vive el D\u00eda de Muertos\\\" - Zero Magazine\",\"isPartOf\":{\"@id\":\"https:\\\/\\\/zeromagazine.mx\\\/#website\"},\"primaryImageOfPage\":{\"@id\":\"https:\\\/\\\/zeromagazine.mx\\\/index.php\\\/2024\\\/10\\\/11\\\/vive-el-dia-de-muertos\\\/#primaryimage\"},\"image\":{\"@id\":\"https:\\\/\\\/zeromagazine.mx\\\/index.php\\\/2024\\\/10\\\/11\\\/vive-el-dia-de-muertos\\\/#primaryimage\"},\"thumbnailUrl\":\"https:\\\/\\\/i0.wp.com\\\/zeromagazine.mx\\\/wp-content\\\/uploads\\\/2024\\\/10\\\/05_11.jpg?fit=2400%2C1538&ssl=1\",\"datePublished\":\"2024-10-11T21:47:04+00:00\",\"dateModified\":\"2024-10-11T23:25:05+00:00\",\"breadcrumb\":{\"@id\":\"https:\\\/\\\/zeromagazine.mx\\\/index.php\\\/2024\\\/10\\\/11\\\/vive-el-dia-de-muertos\\\/#breadcrumb\"},\"inLanguage\":\"es\",\"potentialAction\":[{\"@type\":\"ReadAction\",\"target\":[\"https:\\\/\\\/zeromagazine.mx\\\/index.php\\\/2024\\\/10\\\/11\\\/vive-el-dia-de-muertos\\\/\"]}]},{\"@type\":\"ImageObject\",\"inLanguage\":\"es\",\"@id\":\"https:\\\/\\\/zeromagazine.mx\\\/index.php\\\/2024\\\/10\\\/11\\\/vive-el-dia-de-muertos\\\/#primaryimage\",\"url\":\"https:\\\/\\\/i0.wp.com\\\/zeromagazine.mx\\\/wp-content\\\/uploads\\\/2024\\\/10\\\/05_11.jpg?fit=2400%2C1538&ssl=1\",\"contentUrl\":\"https:\\\/\\\/i0.wp.com\\\/zeromagazine.mx\\\/wp-content\\\/uploads\\\/2024\\\/10\\\/05_11.jpg?fit=2400%2C1538&ssl=1\",\"width\":2400,\"height\":1538},{\"@type\":\"BreadcrumbList\",\"@id\":\"https:\\\/\\\/zeromagazine.mx\\\/index.php\\\/2024\\\/10\\\/11\\\/vive-el-dia-de-muertos\\\/#breadcrumb\",\"itemListElement\":[{\"@type\":\"ListItem\",\"position\":1,\"name\":\"Portada\",\"item\":\"https:\\\/\\\/zeromagazine.mx\\\/\"},{\"@type\":\"ListItem\",\"position\":2,\"name\":\"\u00abVive el D\u00eda de Muertos\u00bb\"}]},{\"@type\":\"WebSite\",\"@id\":\"https:\\\/\\\/zeromagazine.mx\\\/#website\",\"url\":\"https:\\\/\\\/zeromagazine.mx\\\/\",\"name\":\"Zero Magazine\",\"description\":\"\",\"publisher\":{\"@id\":\"https:\\\/\\\/zeromagazine.mx\\\/#organization\"},\"potentialAction\":[{\"@type\":\"SearchAction\",\"target\":{\"@type\":\"EntryPoint\",\"urlTemplate\":\"https:\\\/\\\/zeromagazine.mx\\\/?s={search_term_string}\"},\"query-input\":{\"@type\":\"PropertyValueSpecification\",\"valueRequired\":true,\"valueName\":\"search_term_string\"}}],\"inLanguage\":\"es\"},{\"@type\":\"Organization\",\"@id\":\"https:\\\/\\\/zeromagazine.mx\\\/#organization\",\"name\":\"Zero Magazine\",\"url\":\"https:\\\/\\\/zeromagazine.mx\\\/\",\"logo\":{\"@type\":\"ImageObject\",\"inLanguage\":\"es\",\"@id\":\"https:\\\/\\\/zeromagazine.mx\\\/#\\\/schema\\\/logo\\\/image\\\/\",\"url\":\"https:\\\/\\\/i0.wp.com\\\/zeromagazine.mx\\\/wp-content\\\/uploads\\\/2025\\\/11\\\/1.jpeg?fit=1000%2C1000&ssl=1\",\"contentUrl\":\"https:\\\/\\\/i0.wp.com\\\/zeromagazine.mx\\\/wp-content\\\/uploads\\\/2025\\\/11\\\/1.jpeg?fit=1000%2C1000&ssl=1\",\"width\":1000,\"height\":1000,\"caption\":\"Zero Magazine\"},\"image\":{\"@id\":\"https:\\\/\\\/zeromagazine.mx\\\/#\\\/schema\\\/logo\\\/image\\\/\"},\"sameAs\":[\"https:\\\/\\\/instagram.com\\\/zeromagazinemx\"]},{\"@type\":\"Person\",\"@id\":\"https:\\\/\\\/zeromagazine.mx\\\/#\\\/schema\\\/person\\\/9aed9f33a7c39af3a348b86d723f7773\",\"name\":\"zeromagazinemx\",\"image\":{\"@type\":\"ImageObject\",\"inLanguage\":\"es\",\"@id\":\"https:\\\/\\\/zeromagazine.mx\\\/wp-content\\\/litespeed\\\/avatar\\\/f91dfe5410d5dcb1a576bf8c45983896.jpg?ver=1777571230\",\"url\":\"https:\\\/\\\/zeromagazine.mx\\\/wp-content\\\/litespeed\\\/avatar\\\/f91dfe5410d5dcb1a576bf8c45983896.jpg?ver=1777571230\",\"contentUrl\":\"https:\\\/\\\/zeromagazine.mx\\\/wp-content\\\/litespeed\\\/avatar\\\/f91dfe5410d5dcb1a576bf8c45983896.jpg?ver=1777571230\",\"caption\":\"zeromagazinemx\"},\"url\":\"https:\\\/\\\/zeromagazine.mx\\\/index.php\\\/author\\\/zeromagazinemx\\\/\"}]}<\/script>\n<!-- \/ Yoast SEO plugin. -->","yoast_head_json":{"title":"\"Vive el D\u00eda de Muertos\" - Zero Magazine","robots":{"index":"index","follow":"follow","max-snippet":"max-snippet:-1","max-image-preview":"max-image-preview:large","max-video-preview":"max-video-preview:-1"},"canonical":"https:\/\/zeromagazine.mx\/index.php\/2024\/10\/11\/vive-el-dia-de-muertos\/","og_locale":"es_ES","og_type":"article","og_title":"\"Vive el D\u00eda de Muertos\" - Zero Magazine","og_description":"\u00bfEst\u00e1s preparado para una de las celebraciones m\u00e1s ic\u00f3nicas de M\u00e9xico? Con el oto\u00f1o en el aire y la vibra de Halloween tambi\u00e9n acerc\u00e1ndose, llega el D\u00eda de Muertos, una festividad que no solo es sobre el recuerdo, sino sobre celebrar la vida y la memoria de nuestros seres queridos. Y, como siempre, Vidanta se [&hellip;]","og_url":"https:\/\/zeromagazine.mx\/index.php\/2024\/10\/11\/vive-el-dia-de-muertos\/","og_site_name":"Zero Magazine","article_published_time":"2024-10-11T21:47:04+00:00","article_modified_time":"2024-10-11T23:25:05+00:00","og_image":[{"width":1024,"height":656,"url":"https:\/\/zeromagazine.mx\/wp-content\/uploads\/2024\/10\/05_11-1024x656.jpg","type":"image\/jpeg"}],"author":"zeromagazinemx","twitter_card":"summary_large_image","twitter_misc":{"Escrito por":"zeromagazinemx","Tiempo de lectura":"5 minutos"},"schema":{"@context":"https:\/\/schema.org","@graph":[{"@type":"Article","@id":"https:\/\/zeromagazine.mx\/index.php\/2024\/10\/11\/vive-el-dia-de-muertos\/#article","isPartOf":{"@id":"https:\/\/zeromagazine.mx\/index.php\/2024\/10\/11\/vive-el-dia-de-muertos\/"},"author":{"name":"zeromagazinemx","@id":"https:\/\/zeromagazine.mx\/#\/schema\/person\/9aed9f33a7c39af3a348b86d723f7773"},"headline":"\u00abVive el D\u00eda de Muertos\u00bb","datePublished":"2024-10-11T21:47:04+00:00","dateModified":"2024-10-11T23:25:05+00:00","mainEntityOfPage":{"@id":"https:\/\/zeromagazine.mx\/index.php\/2024\/10\/11\/vive-el-dia-de-muertos\/"},"wordCount":938,"commentCount":0,"publisher":{"@id":"https:\/\/zeromagazine.mx\/#organization"},"image":{"@id":"https:\/\/zeromagazine.mx\/index.php\/2024\/10\/11\/vive-el-dia-de-muertos\/#primaryimage"},"thumbnailUrl":"https:\/\/i0.wp.com\/zeromagazine.mx\/wp-content\/uploads\/2024\/10\/05_11.jpg?fit=2400%2C1538&ssl=1","keywords":["Cultura y Tradici\u00f3n","Eventos","Oto\u00f1o"],"articleSection":["Viajes"],"inLanguage":"es","potentialAction":[{"@type":"CommentAction","name":"Comment","target":["https:\/\/zeromagazine.mx\/index.php\/2024\/10\/11\/vive-el-dia-de-muertos\/#respond"]}]},{"@type":"WebPage","@id":"https:\/\/zeromagazine.mx\/index.php\/2024\/10\/11\/vive-el-dia-de-muertos\/","url":"https:\/\/zeromagazine.mx\/index.php\/2024\/10\/11\/vive-el-dia-de-muertos\/","name":"\"Vive el D\u00eda de Muertos\" - Zero Magazine","isPartOf":{"@id":"https:\/\/zeromagazine.mx\/#website"},"primaryImageOfPage":{"@id":"https:\/\/zeromagazine.mx\/index.php\/2024\/10\/11\/vive-el-dia-de-muertos\/#primaryimage"},"image":{"@id":"https:\/\/zeromagazine.mx\/index.php\/2024\/10\/11\/vive-el-dia-de-muertos\/#primaryimage"},"thumbnailUrl":"https:\/\/i0.wp.com\/zeromagazine.mx\/wp-content\/uploads\/2024\/10\/05_11.jpg?fit=2400%2C1538&ssl=1","datePublished":"2024-10-11T21:47:04+00:00","dateModified":"2024-10-11T23:25:05+00:00","breadcrumb":{"@id":"https:\/\/zeromagazine.mx\/index.php\/2024\/10\/11\/vive-el-dia-de-muertos\/#breadcrumb"},"inLanguage":"es","potentialAction":[{"@type":"ReadAction","target":["https:\/\/zeromagazine.mx\/index.php\/2024\/10\/11\/vive-el-dia-de-muertos\/"]}]},{"@type":"ImageObject","inLanguage":"es","@id":"https:\/\/zeromagazine.mx\/index.php\/2024\/10\/11\/vive-el-dia-de-muertos\/#primaryimage","url":"https:\/\/i0.wp.com\/zeromagazine.mx\/wp-content\/uploads\/2024\/10\/05_11.jpg?fit=2400%2C1538&ssl=1","contentUrl":"https:\/\/i0.wp.com\/zeromagazine.mx\/wp-content\/uploads\/2024\/10\/05_11.jpg?fit=2400%2C1538&ssl=1","width":2400,"height":1538},{"@type":"BreadcrumbList","@id":"https:\/\/zeromagazine.mx\/index.php\/2024\/10\/11\/vive-el-dia-de-muertos\/#breadcrumb","itemListElement":[{"@type":"ListItem","position":1,"name":"Portada","item":"https:\/\/zeromagazine.mx\/"},{"@type":"ListItem","position":2,"name":"\u00abVive el D\u00eda de Muertos\u00bb"}]},{"@type":"WebSite","@id":"https:\/\/zeromagazine.mx\/#website","url":"https:\/\/zeromagazine.mx\/","name":"Zero Magazine","description":"","publisher":{"@id":"https:\/\/zeromagazine.mx\/#organization"},"potentialAction":[{"@type":"SearchAction","target":{"@type":"EntryPoint","urlTemplate":"https:\/\/zeromagazine.mx\/?s={search_term_string}"},"query-input":{"@type":"PropertyValueSpecification","valueRequired":true,"valueName":"search_term_string"}}],"inLanguage":"es"},{"@type":"Organization","@id":"https:\/\/zeromagazine.mx\/#organization","name":"Zero Magazine","url":"https:\/\/zeromagazine.mx\/","logo":{"@type":"ImageObject","inLanguage":"es","@id":"https:\/\/zeromagazine.mx\/#\/schema\/logo\/image\/","url":"https:\/\/i0.wp.com\/zeromagazine.mx\/wp-content\/uploads\/2025\/11\/1.jpeg?fit=1000%2C1000&ssl=1","contentUrl":"https:\/\/i0.wp.com\/zeromagazine.mx\/wp-content\/uploads\/2025\/11\/1.jpeg?fit=1000%2C1000&ssl=1","width":1000,"height":1000,"caption":"Zero Magazine"},"image":{"@id":"https:\/\/zeromagazine.mx\/#\/schema\/logo\/image\/"},"sameAs":["https:\/\/instagram.com\/zeromagazinemx"]},{"@type":"Person","@id":"https:\/\/zeromagazine.mx\/#\/schema\/person\/9aed9f33a7c39af3a348b86d723f7773","name":"zeromagazinemx","image":{"@type":"ImageObject","inLanguage":"es","@id":"https:\/\/zeromagazine.mx\/wp-content\/litespeed\/avatar\/f91dfe5410d5dcb1a576bf8c45983896.jpg?ver=1777571230","url":"https:\/\/zeromagazine.mx\/wp-content\/litespeed\/avatar\/f91dfe5410d5dcb1a576bf8c45983896.jpg?ver=1777571230","contentUrl":"https:\/\/zeromagazine.mx\/wp-content\/litespeed\/avatar\/f91dfe5410d5dcb1a576bf8c45983896.jpg?ver=1777571230","caption":"zeromagazinemx"},"url":"https:\/\/zeromagazine.mx\/index.php\/author\/zeromagazinemx\/"}]}},"jetpack_publicize_connections":[],"jetpack_featured_media_url":"https:\/\/i0.wp.com\/zeromagazine.mx\/wp-content\/uploads\/2024\/10\/05_11.jpg?fit=2400%2C1538&ssl=1","jetpack-related-posts":[{"id":88644,"url":"https:\/\/zeromagazine.mx\/index.php\/2024\/10\/29\/tradicion-en-tu-muneca-guess-watches\/","url_meta":{"origin":86383,"position":0},"title":"\u00abTradici\u00f3n en Tu Mu\u00f1eca: Guess Watches\u00bb","author":"zeromagazinemx","date":"29 de octubre de 2024","format":false,"excerpt":"\u00a1Ya lleg\u00f3 el oto\u00f1o, chicxs! Con \u00e9l, la vibra de una de las temporadas m\u00e1s esperadas del a\u00f1o, donde el aire se siente fresco y las hojas comienzan a caer. Pero lo mejor de todo es que se acercan las celebraciones m\u00e1s coloridas y significativas del a\u00f1o: \"el D\u00eda de\u2026","rel":"","context":"En \u00abModa\u00bb","block_context":{"text":"Moda","link":"https:\/\/zeromagazine.mx\/index.php\/category\/moda\/"},"img":{"alt_text":"","src":"https:\/\/zeromagazine.mx\/wp-content\/uploads\/2024\/10\/GW_FW24_DOTD_STATIC_LOGO-4.avif","width":350,"height":200,"srcset":"https:\/\/zeromagazine.mx\/wp-content\/uploads\/2024\/10\/GW_FW24_DOTD_STATIC_LOGO-4.avif 1x, https:\/\/zeromagazine.mx\/wp-content\/uploads\/2024\/10\/GW_FW24_DOTD_STATIC_LOGO-4.avif 1.5x, https:\/\/zeromagazine.mx\/wp-content\/uploads\/2024\/10\/GW_FW24_DOTD_STATIC_LOGO-4.avif 2x, https:\/\/zeromagazine.mx\/wp-content\/uploads\/2024\/10\/GW_FW24_DOTD_STATIC_LOGO-4.avif 3x"},"classes":[]},{"id":88335,"url":"https:\/\/zeromagazine.mx\/index.php\/2024\/10\/24\/dia-de-muertos-vibe-y-tradicion\/","url_meta":{"origin":86383,"position":1},"title":"D\u00eda de Muertos: Vibe y Tradici\u00f3n","author":"zeromagazinemx","date":"24 de octubre de 2024","format":false,"excerpt":"Chicxs se nos viene una de las celebraciones m\u00e1s chidas de M\u00e9xico \"El D\u00eda de Muertos\". Esta festividad no solo es una oportunidad para recordar a nuestros seres queridos, sino que tambi\u00e9n se ha convertido en un fen\u00f3meno internacional. \u00bfQui\u00e9n no ha visto esas incre\u00edbles ofrendas llenas de color y\u2026","rel":"","context":"En \u00abCultura\u00bb","block_context":{"text":"Cultura","link":"https:\/\/zeromagazine.mx\/index.php\/category\/cultura\/"},"img":{"alt_text":"","src":"https:\/\/i0.wp.com\/zeromagazine.mx\/wp-content\/uploads\/2024\/10\/pexels-brunocervera-19253938-1-scaled.jpg?fit=1200%2C801&ssl=1&resize=350%2C200","width":350,"height":200,"srcset":"https:\/\/i0.wp.com\/zeromagazine.mx\/wp-content\/uploads\/2024\/10\/pexels-brunocervera-19253938-1-scaled.jpg?fit=1200%2C801&ssl=1&resize=350%2C200 1x, https:\/\/i0.wp.com\/zeromagazine.mx\/wp-content\/uploads\/2024\/10\/pexels-brunocervera-19253938-1-scaled.jpg?fit=1200%2C801&ssl=1&resize=525%2C300 1.5x, https:\/\/i0.wp.com\/zeromagazine.mx\/wp-content\/uploads\/2024\/10\/pexels-brunocervera-19253938-1-scaled.jpg?fit=1200%2C801&ssl=1&resize=700%2C400 2x, https:\/\/i0.wp.com\/zeromagazine.mx\/wp-content\/uploads\/2024\/10\/pexels-brunocervera-19253938-1-scaled.jpg?fit=1200%2C801&ssl=1&resize=1050%2C600 3x"},"classes":[]},{"id":88532,"url":"https:\/\/zeromagazine.mx\/index.php\/2024\/10\/28\/san-miguel-dia-de-muertos-vibes\/","url_meta":{"origin":86383,"position":2},"title":"\u00abSan Miguel: D\u00eda de Muertos Vibes\u00bb","author":"zeromagazinemx","date":"28 de octubre de 2024","format":false,"excerpt":"Chicxs, si hay algo que nos encanta de nuestra cultura mexicana es la forma en que celebramos la vida y la muerte, y el D\u00eda de Muertos es, sin duda, una de las festividades m\u00e1s emblem\u00e1ticas. Este a\u00f1o, nos vamos a enfocar en San Miguel de Allende, una joya en\u2026","rel":"","context":"En \u00abViajes\u00bb","block_context":{"text":"Viajes","link":"https:\/\/zeromagazine.mx\/index.php\/category\/lugares\/"},"img":{"alt_text":"","src":"https:\/\/i0.wp.com\/zeromagazine.mx\/wp-content\/uploads\/2024\/10\/EspaciosNumu_047m.jpg?fit=1200%2C801&ssl=1&resize=350%2C200","width":350,"height":200,"srcset":"https:\/\/i0.wp.com\/zeromagazine.mx\/wp-content\/uploads\/2024\/10\/EspaciosNumu_047m.jpg?fit=1200%2C801&ssl=1&resize=350%2C200 1x, https:\/\/i0.wp.com\/zeromagazine.mx\/wp-content\/uploads\/2024\/10\/EspaciosNumu_047m.jpg?fit=1200%2C801&ssl=1&resize=525%2C300 1.5x, https:\/\/i0.wp.com\/zeromagazine.mx\/wp-content\/uploads\/2024\/10\/EspaciosNumu_047m.jpg?fit=1200%2C801&ssl=1&resize=700%2C400 2x, https:\/\/i0.wp.com\/zeromagazine.mx\/wp-content\/uploads\/2024\/10\/EspaciosNumu_047m.jpg?fit=1200%2C801&ssl=1&resize=1050%2C600 3x"},"classes":[]},{"id":88716,"url":"https:\/\/zeromagazine.mx\/index.php\/2024\/10\/29\/te-y-pan-de-muerto-vibes\/","url_meta":{"origin":86383,"position":3},"title":"\u00abT\u00e9 y Pan de Muerto: Vibes\u00bb","author":"zeromagazinemx","date":"29 de octubre de 2024","format":false,"excerpt":"\u00a1Hey, fam! Con el oto\u00f1o ya en el aire y el D\u00eda de los Muertos a la vuelta de la esquina, es tiempo de disfrutar de una de las delicias m\u00e1s ic\u00f3nicas de nuestra cultura: el\u00a0pan de muerto. Este delicioso pan, con su suave miga y ese aroma a azahar\u2026","rel":"","context":"En \u00abFoodie\u00bb","block_context":{"text":"Foodie","link":"https:\/\/zeromagazine.mx\/index.php\/category\/lifestyle\/foodie\/"},"img":{"alt_text":"","src":"https:\/\/i0.wp.com\/zeromagazine.mx\/wp-content\/uploads\/2024\/10\/Laggs-te-verde-scaled.jpg?fit=800%2C1200&ssl=1&resize=350%2C200","width":350,"height":200,"srcset":"https:\/\/i0.wp.com\/zeromagazine.mx\/wp-content\/uploads\/2024\/10\/Laggs-te-verde-scaled.jpg?fit=800%2C1200&ssl=1&resize=350%2C200 1x, https:\/\/i0.wp.com\/zeromagazine.mx\/wp-content\/uploads\/2024\/10\/Laggs-te-verde-scaled.jpg?fit=800%2C1200&ssl=1&resize=525%2C300 1.5x, https:\/\/i0.wp.com\/zeromagazine.mx\/wp-content\/uploads\/2024\/10\/Laggs-te-verde-scaled.jpg?fit=800%2C1200&ssl=1&resize=700%2C400 2x"},"classes":[]},{"id":84908,"url":"https:\/\/zeromagazine.mx\/index.php\/2024\/09\/30\/starbucks-coleccion-exclusiva-dia-de-muertos\/","url_meta":{"origin":86383,"position":4},"title":"Starbucks: Colecci\u00f3n Exclusiva D\u00eda de Muertos","author":"zeromagazinemx","date":"30 de septiembre de 2024","format":false,"excerpt":"A ver, let's dive in con este nuevo lanzamiento de Starbucks! Si algo sabe hacer esta marca, es darle ese twist \u00fanico a todo lo que toca, y en esta ocasi\u00f3n no es la excepci\u00f3n. Para el D\u00eda de Muertos, Starbucks ha decidido celebrar en grande con una colecci\u00f3n exclusiva\u2026","rel":"","context":"En \u00abFoodie\u00bb","block_context":{"text":"Foodie","link":"https:\/\/zeromagazine.mx\/index.php\/category\/lifestyle\/foodie\/"},"img":{"alt_text":"","src":"https:\/\/i0.wp.com\/zeromagazine.mx\/wp-content\/uploads\/2024\/09\/SBX-DDM-4.jpg?fit=885%2C430&ssl=1&resize=350%2C200","width":350,"height":200,"srcset":"https:\/\/i0.wp.com\/zeromagazine.mx\/wp-content\/uploads\/2024\/09\/SBX-DDM-4.jpg?fit=885%2C430&ssl=1&resize=350%2C200 1x, https:\/\/i0.wp.com\/zeromagazine.mx\/wp-content\/uploads\/2024\/09\/SBX-DDM-4.jpg?fit=885%2C430&ssl=1&resize=525%2C300 1.5x, https:\/\/i0.wp.com\/zeromagazine.mx\/wp-content\/uploads\/2024\/09\/SBX-DDM-4.jpg?fit=885%2C430&ssl=1&resize=700%2C400 2x"},"classes":[]},{"id":89260,"url":"https:\/\/zeromagazine.mx\/index.php\/2024\/11\/01\/dia-de-muertos-vive-la-tradicion\/","url_meta":{"origin":86383,"position":5},"title":"\u00abD\u00eda de Muertos: \u00a1Vive la Tradici\u00f3n!\u00bb","author":"zeromagazinemx","date":"1 de noviembre de 2024","format":false,"excerpt":"Hey, gente, ya se siente el ambiente festivo, y es que el D\u00eda de Muertos se acerca, y con \u00e9l, una oportunidad incre\u00edble para celebrar nuestras tradiciones y disfrutar del turismo en M\u00e9xico. Cada a\u00f1o, esta festividad atrae a millones de visitantes que vienen a experimentar la magia de nuestras\u2026","rel":"","context":"En \u00abViajes\u00bb","block_context":{"text":"Viajes","link":"https:\/\/zeromagazine.mx\/index.php\/category\/lugares\/"},"img":{"alt_text":"","src":"https:\/\/i0.wp.com\/zeromagazine.mx\/wp-content\/uploads\/2024\/11\/Foto-3.jpg?resize=350%2C200&ssl=1","width":350,"height":200},"classes":[]}],"jetpack_sharing_enabled":true,"builder_content":"","_links":{"self":[{"href":"https:\/\/zeromagazine.mx\/index.php\/wp-json\/wp\/v2\/posts\/86383","targetHints":{"allow":["GET"]}}],"collection":[{"href":"https:\/\/zeromagazine.mx\/index.php\/wp-json\/wp\/v2\/posts"}],"about":[{"href":"https:\/\/zeromagazine.mx\/index.php\/wp-json\/wp\/v2\/types\/post"}],"author":[{"embeddable":true,"href":"https:\/\/zeromagazine.mx\/index.php\/wp-json\/wp\/v2\/users\/2"}],"replies":[{"embeddable":true,"href":"https:\/\/zeromagazine.mx\/index.php\/wp-json\/wp\/v2\/comments?post=86383"}],"version-history":[{"count":6,"href":"https:\/\/zeromagazine.mx\/index.php\/wp-json\/wp\/v2\/posts\/86383\/revisions"}],"predecessor-version":[{"id":86458,"href":"https:\/\/zeromagazine.mx\/index.php\/wp-json\/wp\/v2\/posts\/86383\/revisions\/86458"}],"wp:featuredmedia":[{"embeddable":true,"href":"https:\/\/zeromagazine.mx\/index.php\/wp-json\/wp\/v2\/media\/86384"}],"wp:attachment":[{"href":"https:\/\/zeromagazine.mx\/index.php\/wp-json\/wp\/v2\/media?parent=86383"}],"wp:term":[{"taxonomy":"category","embeddable":true,"href":"https:\/\/zeromagazine.mx\/index.php\/wp-json\/wp\/v2\/categories?post=86383"},{"taxonomy":"post_tag","embeddable":true,"href":"https:\/\/zeromagazine.mx\/index.php\/wp-json\/wp\/v2\/tags?post=86383"}],"curies":[{"name":"wp","href":"https:\/\/api.w.org\/{rel}","templated":true}]}}