{"id":86781,"date":"2024-10-15T19:52:39","date_gmt":"2024-10-15T17:52:39","guid":{"rendered":"https:\/\/zeromagazine.mx\/?p=86781"},"modified":"2024-10-15T19:57:32","modified_gmt":"2024-10-15T17:57:32","slug":"in-pulso-creativo-aplica-ya","status":"publish","type":"post","link":"https:\/\/zeromagazine.mx\/index.php\/2024\/10\/15\/in-pulso-creativo-aplica-ya\/","title":{"rendered":"\u00abIn-Pulso Creativo: \u00a1Aplica Ya!\u00bb"},"content":{"rendered":"<p>Oigan esta semana les quiero contar sobre un evento bien interesante que sucedi\u00f3 el 10 de octubre en la Casa de Francia, ubicada en la Embajada de Francia en M\u00e9xico. A las 10:30 de la ma\u00f1ana, un mont\u00f3n de medios se reunieron para conocer de cerca las nuevas iniciativas de la embajadora, Delphine Borione, para promover las industrias culturales y creativas (ICC) en nuestro pa\u00eds. La verdad es que este tipo de eventos siempre me emocionan, porque son una gran oportunidad para ver c\u00f3mo se est\u00e1n moviendo las cosas en el mundo del arte, la m\u00fasica, la moda y m\u00e1s.<\/p>\n\n\n\n<h3 class=\"wp-block-heading\">\u00bfQu\u00e9 fue lo m\u00e1s destacado del evento?<\/h3>\n\n\n\n<p>Lo m\u00e1s chido del evento fue que se lanz\u00f3 la convocatoria para el Fondo Franc\u00e9s de Apoyo a las Industrias Culturales y Creativas llamado IN-PULSO CREATIVO. Este fondo tiene como objetivo principal identificar y apoyar a empresas e iniciativas dentro de las ICC en M\u00e9xico. S\u00ed, como lo oyes. Se busca fortalecer el sector creativo, mientras se enfatizan las relaciones culturales y comerciales entre M\u00e9xico y Francia. <\/p>\n\n\n<div class=\"wp-block-image\">\n<figure class=\"aligncenter size-full\"><img data-recalc-dims=\"1\" decoding=\"async\" width=\"1055\" height=\"1539\" src=\"https:\/\/i0.wp.com\/zeromagazine.mx\/wp-content\/uploads\/2024\/10\/unnamed-24.png?resize=1055%2C1539&#038;ssl=1\" alt=\"\u00bfTienes un proyecto en el mundo creativo? IN-PULSO CREATIVO te ofrece apoyo econ\u00f3mico, mentor\u00edas personalizadas y capacitaci\u00f3n para hacer crecer tu empresa. No te pierdas esta oportunidad \u00fanica de impulsar tus ideas y conectar con otros creativos. Aplica ya!\n\" class=\"wp-image-86783\" srcset=\"https:\/\/i0.wp.com\/zeromagazine.mx\/wp-content\/uploads\/2024\/10\/unnamed-24.png?w=1055&amp;ssl=1 1055w, https:\/\/i0.wp.com\/zeromagazine.mx\/wp-content\/uploads\/2024\/10\/unnamed-24.png?resize=206%2C300&amp;ssl=1 206w, https:\/\/i0.wp.com\/zeromagazine.mx\/wp-content\/uploads\/2024\/10\/unnamed-24.png?resize=702%2C1024&amp;ssl=1 702w, https:\/\/i0.wp.com\/zeromagazine.mx\/wp-content\/uploads\/2024\/10\/unnamed-24.png?resize=768%2C1120&amp;ssl=1 768w, https:\/\/i0.wp.com\/zeromagazine.mx\/wp-content\/uploads\/2024\/10\/unnamed-24.png?resize=1053%2C1536&amp;ssl=1 1053w\" sizes=\"(max-width: 1055px) 100vw, 1055px\" \/><\/figure>\n<\/div>\n\n\n<h3 class=\"wp-block-heading\">\u00bfA qui\u00e9n va dirigido IN-PULSO CREATIVO?<\/h3>\n\n\n\n<p>Este programa es para todas esas empresas mexicanas que han estado dando la batalla en las ICC y que tienen entre 2 y 7 a\u00f1os de haber sido establecidas. Se dividir\u00e1n en tres n\u00facleos importantes:<\/p>\n\n\n\n<ol class=\"wp-block-list\">\n<li><em><strong>Arte digital y tecnolog\u00eda:<\/strong><\/em> Aqu\u00ed entran cosas como videojuegos, experiencias inmersivas, mapping y todo lo que involucre creatividad digital.<\/li>\n\n\n\n<li><em><strong>M\u00fasica y audiovisual:<\/strong><\/em> Si est\u00e1s en el mundo de las m\u00fasicas actuales, la creaci\u00f3n sonora, producci\u00f3n audiovisual, cine o periodismo independiente, este es tu lugar.<\/li>\n\n\n\n<li><em><strong>Moda, dise\u00f1o, arte y artesan\u00eda<\/strong>:<\/em> Para los que se mueven en estos \u00e1mbitos, tambi\u00e9n hay espacio.<\/li>\n<\/ol>\n\n\n\n<p>Pero lo m\u00e1s importante es que buscan empresas que no solo sean creativas, sino que tambi\u00e9n tengan un enfoque en sustentabilidad, inclusi\u00f3n y responsabilidad social<\/p>\n\n\n\n<h3 class=\"wp-block-heading\">\u00bfEn qu\u00e9 consiste el programa?<\/h3>\n\n\n\n<p>Ahora, hablemos de los beneficios que recibir\u00e1n las empresas seleccionadas. Un total de diez afortunadas tendr\u00e1n acceso a:<\/p>\n\n\n\n<ul class=\"wp-block-list\">\n<li><em><strong>Apoyo Econ\u00f3mico<\/strong>:<\/em> Van a recibir financiamiento que va desde <em>$200,000 hasta $400,000 MXN<\/em> para desarrollar su proyecto. <\/li>\n\n\n\n<li><em><strong>Capacitaci\u00f3n y Mentor\u00edas<\/strong>:<\/em> Durante tres meses, se ofrecer\u00e1 formaci\u00f3n activa en \u00e1reas super relevantes como planes de negocio, finanzas, propiedad intelectual y m\u00e1s. Adem\u00e1s, contar\u00e1n con mentor\u00edas personalizadas que ayudar\u00e1n a avanzar en sus metas.<\/li>\n\n\n\n<li><em><strong>PULSO, Foro de encuentro de las ICC:<\/strong><\/em> Este es un espacio que promover\u00e1 la creaci\u00f3n de redes y colaboraci\u00f3n estrat\u00e9gica.<\/li>\n<\/ul>\n\n\n\n<h3 class=\"wp-block-heading\">Fechas importantes que no debes olvidar<\/h3>\n\n\n\n<p>\u00bfEres parte de una empresa que encaja con lo que mencionamos? Toma nota de estas fechas:<\/p>\n\n\n\n<ul class=\"wp-block-list\">\n<li><em><strong>Convocatoria Abierta<\/strong>:<\/em> Del <em>10 de octubre al 10 de noviembre<\/em>.<\/li>\n\n\n\n<li><em><strong>Recepci\u00f3n de aplicaciones<\/strong>:<\/em> Las aplicaciones se reciben en el mismo periodo, as\u00ed que ap\u00farate.<\/li>\n\n\n\n<li><em><strong>Comit\u00e9 de Selecci\u00f3n<\/strong>:<\/em> Del <em>22 al 28 de noviembre<\/em> se realizar\u00e1 la selecci\u00f3n de las empresas. Mantente al tanto, que ya casi llega el momento.<\/li>\n\n\n\n<li><em><strong>Anuncio de las empresas seleccionadas<\/strong>:<\/em> El <em>4 de diciembre<\/em> se revelar\u00e1n los ganadores. S<\/li>\n<\/ul>\n\n\n\n<h3 class=\"wp-block-heading\">\u00bfC\u00f3mo aplicar?<\/h3>\n\n\n\n<p>Para m\u00e1s detalles sobre la convocatoria y c\u00f3mo aplicar, puedes visitar el sitio oficial de <em>IN-PULSO CREATIVO<\/em>. O puedes comunicarte directamente para resolver cualquier duda que tengas sobre el proceso.<\/p>\n\n\n\n<script async src=\"https:\/\/pagead2.googlesyndication.com\/pagead\/js\/adsbygoogle.js?client=ca-pub-5499304793904745\"\n     crossorigin=\"anonymous\"><\/script>\n<ins class=\"adsbygoogle\"\n     style=\"display:block; text-align:center;\"\n     data-ad-layout=\"in-article\"\n     data-ad-format=\"fluid\"\n     data-ad-client=\"ca-pub-5499304793904745\"\n     data-ad-slot=\"5994863093\"><\/ins>\n<script>\n     (adsbygoogle = window.adsbygoogle || []).push({});\n<\/script>\n\n\n\n<p><\/p>\n\n\n\n<p>La neta, es impresionante ver c\u00f3mo la Embajada de Francia est\u00e1 comprometida con las industrias culturales y creativas de M\u00e9xico. No solo est\u00e1n buscando fortalecer el sector, sino tambi\u00e9n apoyar a las nuevas generaciones de creativos que est\u00e1n rompiendo esquemas y creando propuestas frescas.<\/p>\n\n\n\n<script async src=\"https:\/\/pagead2.googlesyndication.com\/pagead\/js\/adsbygoogle.js?client=ca-pub-5499304793904745\"\r\n     crossorigin=\"anonymous\"><\/script>\r\n<ins class=\"adsbygoogle\"\r\n     style=\"display:block; text-align:center;\"\r\n     data-ad-layout=\"in-article\"\r\n     data-ad-format=\"fluid\"\r\n     data-ad-client=\"ca-pub-5499304793904745\"\r\n     data-ad-slot=\"5994863093\"><\/ins>\r\n<script>\r\n     (adsbygoogle = window.adsbygoogle || []).push({});\r\n<\/script>\n\n\n\n<p><\/p>\n\n\n\n<p>As\u00ed que, ya lo sabes. Si tienes una empresa dentro de las ICC y crees que puedes encajar en el programa, an\u00edmate a aplicar. Espero que esta info te haya servido para inspirarte y seguir so\u00f1ando en grande. \u00a1Suerte!<\/p>\n\n<!--themify_builder_content-->\n<div id=\"themify_builder_content-86781\" data-postid=\"86781\" class=\"themify_builder_content themify_builder_content-86781 themify_builder tf_clear\">\n    <\/div>\n<!--\/themify_builder_content-->","protected":false},"excerpt":{"rendered":"<p>Oigan esta semana les quiero contar sobre un evento bien interesante que sucedi\u00f3 el 10 de octubre en la Casa de Francia, ubicada en la Embajada de Francia en M\u00e9xico. A las 10:30 de la ma\u00f1ana, un mont\u00f3n de medios se reunieron para conocer de cerca las nuevas iniciativas de la embajadora, Delphine Borione, para [&hellip;]<\/p>\n","protected":false},"author":2,"featured_media":86783,"comment_status":"open","ping_status":"open","sticky":false,"template":"","format":"standard","meta":{"_jetpack_memberships_contains_paid_content":false,"footnotes":"","jetpack_publicize_message":"","jetpack_publicize_feature_enabled":true,"jetpack_social_post_already_shared":true,"jetpack_social_options":{"image_generator_settings":{"template":"highway","default_image_id":0,"font":"","enabled":false},"version":2}},"categories":[791],"tags":[10862,10863,10861],"class_list":["post-86781","post","type-post","status-publish","format-standard","has-post-thumbnail","hentry","category-cultura","tag-convocatoria","tag-fondo-frances-de-apoyo-a-las-industrias-culturales-y-creativas","tag-in-pulso-creativo","has-post-title","has-post-date","has-post-category","has-post-tag","has-post-comment","has-post-author",""],"yoast_head":"<!-- This site is optimized with the Yoast SEO plugin v27.4 - https:\/\/yoast.com\/product\/yoast-seo-wordpress\/ -->\n<title>&quot;In-Pulso Creativo: \u00a1Aplica Ya!&quot; - Zero Magazine<\/title>\n<meta name=\"robots\" content=\"index, follow, max-snippet:-1, max-image-preview:large, max-video-preview:-1\" \/>\n<link rel=\"canonical\" href=\"https:\/\/zeromagazine.mx\/index.php\/2024\/10\/15\/in-pulso-creativo-aplica-ya\/\" \/>\n<meta property=\"og:locale\" content=\"es_ES\" \/>\n<meta property=\"og:type\" content=\"article\" \/>\n<meta property=\"og:title\" content=\"&quot;In-Pulso Creativo: \u00a1Aplica Ya!&quot; - Zero Magazine\" \/>\n<meta property=\"og:description\" content=\"Oigan esta semana les quiero contar sobre un evento bien interesante que sucedi\u00f3 el 10 de octubre en la Casa de Francia, ubicada en la Embajada de Francia en M\u00e9xico. A las 10:30 de la ma\u00f1ana, un mont\u00f3n de medios se reunieron para conocer de cerca las nuevas iniciativas de la embajadora, Delphine Borione, para [&hellip;]\" \/>\n<meta property=\"og:url\" content=\"https:\/\/zeromagazine.mx\/index.php\/2024\/10\/15\/in-pulso-creativo-aplica-ya\/\" \/>\n<meta property=\"og:site_name\" content=\"Zero Magazine\" \/>\n<meta property=\"article:published_time\" content=\"2024-10-15T17:52:39+00:00\" \/>\n<meta property=\"article:modified_time\" content=\"2024-10-15T17:57:32+00:00\" \/>\n<meta property=\"og:image\" content=\"https:\/\/i0.wp.com\/zeromagazine.mx\/wp-content\/uploads\/2024\/10\/unnamed-24.png?fit=1055%2C1539&ssl=1\" \/>\n\t<meta property=\"og:image:width\" content=\"1055\" \/>\n\t<meta property=\"og:image:height\" content=\"1539\" \/>\n\t<meta property=\"og:image:type\" content=\"image\/png\" \/>\n<meta name=\"author\" content=\"zeromagazinemx\" \/>\n<meta name=\"twitter:card\" content=\"summary_large_image\" \/>\n<meta name=\"twitter:label1\" content=\"Escrito por\" \/>\n\t<meta name=\"twitter:data1\" content=\"zeromagazinemx\" \/>\n\t<meta name=\"twitter:label2\" content=\"Tiempo de lectura\" \/>\n\t<meta name=\"twitter:data2\" content=\"3 minutos\" \/>\n<script type=\"application\/ld+json\" class=\"yoast-schema-graph\">{\"@context\":\"https:\\\/\\\/schema.org\",\"@graph\":[{\"@type\":\"Article\",\"@id\":\"https:\\\/\\\/zeromagazine.mx\\\/index.php\\\/2024\\\/10\\\/15\\\/in-pulso-creativo-aplica-ya\\\/#article\",\"isPartOf\":{\"@id\":\"https:\\\/\\\/zeromagazine.mx\\\/index.php\\\/2024\\\/10\\\/15\\\/in-pulso-creativo-aplica-ya\\\/\"},\"author\":{\"name\":\"zeromagazinemx\",\"@id\":\"https:\\\/\\\/zeromagazine.mx\\\/#\\\/schema\\\/person\\\/9aed9f33a7c39af3a348b86d723f7773\"},\"headline\":\"\u00abIn-Pulso Creativo: \u00a1Aplica Ya!\u00bb\",\"datePublished\":\"2024-10-15T17:52:39+00:00\",\"dateModified\":\"2024-10-15T17:57:32+00:00\",\"mainEntityOfPage\":{\"@id\":\"https:\\\/\\\/zeromagazine.mx\\\/index.php\\\/2024\\\/10\\\/15\\\/in-pulso-creativo-aplica-ya\\\/\"},\"wordCount\":646,\"commentCount\":0,\"publisher\":{\"@id\":\"https:\\\/\\\/zeromagazine.mx\\\/#organization\"},\"image\":{\"@id\":\"https:\\\/\\\/zeromagazine.mx\\\/index.php\\\/2024\\\/10\\\/15\\\/in-pulso-creativo-aplica-ya\\\/#primaryimage\"},\"thumbnailUrl\":\"https:\\\/\\\/i0.wp.com\\\/zeromagazine.mx\\\/wp-content\\\/uploads\\\/2024\\\/10\\\/unnamed-24.png?fit=1055%2C1539&ssl=1\",\"keywords\":[\"Convocatoria\",\"Fondo Franc\u00e9s de Apoyo a las Industrias Culturales y Creativas\",\"IN-PULSO CREATIVO\"],\"articleSection\":[\"Cultura\"],\"inLanguage\":\"es\",\"potentialAction\":[{\"@type\":\"CommentAction\",\"name\":\"Comment\",\"target\":[\"https:\\\/\\\/zeromagazine.mx\\\/index.php\\\/2024\\\/10\\\/15\\\/in-pulso-creativo-aplica-ya\\\/#respond\"]}]},{\"@type\":\"WebPage\",\"@id\":\"https:\\\/\\\/zeromagazine.mx\\\/index.php\\\/2024\\\/10\\\/15\\\/in-pulso-creativo-aplica-ya\\\/\",\"url\":\"https:\\\/\\\/zeromagazine.mx\\\/index.php\\\/2024\\\/10\\\/15\\\/in-pulso-creativo-aplica-ya\\\/\",\"name\":\"\\\"In-Pulso Creativo: \u00a1Aplica Ya!\\\" - Zero Magazine\",\"isPartOf\":{\"@id\":\"https:\\\/\\\/zeromagazine.mx\\\/#website\"},\"primaryImageOfPage\":{\"@id\":\"https:\\\/\\\/zeromagazine.mx\\\/index.php\\\/2024\\\/10\\\/15\\\/in-pulso-creativo-aplica-ya\\\/#primaryimage\"},\"image\":{\"@id\":\"https:\\\/\\\/zeromagazine.mx\\\/index.php\\\/2024\\\/10\\\/15\\\/in-pulso-creativo-aplica-ya\\\/#primaryimage\"},\"thumbnailUrl\":\"https:\\\/\\\/i0.wp.com\\\/zeromagazine.mx\\\/wp-content\\\/uploads\\\/2024\\\/10\\\/unnamed-24.png?fit=1055%2C1539&ssl=1\",\"datePublished\":\"2024-10-15T17:52:39+00:00\",\"dateModified\":\"2024-10-15T17:57:32+00:00\",\"breadcrumb\":{\"@id\":\"https:\\\/\\\/zeromagazine.mx\\\/index.php\\\/2024\\\/10\\\/15\\\/in-pulso-creativo-aplica-ya\\\/#breadcrumb\"},\"inLanguage\":\"es\",\"potentialAction\":[{\"@type\":\"ReadAction\",\"target\":[\"https:\\\/\\\/zeromagazine.mx\\\/index.php\\\/2024\\\/10\\\/15\\\/in-pulso-creativo-aplica-ya\\\/\"]}]},{\"@type\":\"ImageObject\",\"inLanguage\":\"es\",\"@id\":\"https:\\\/\\\/zeromagazine.mx\\\/index.php\\\/2024\\\/10\\\/15\\\/in-pulso-creativo-aplica-ya\\\/#primaryimage\",\"url\":\"https:\\\/\\\/i0.wp.com\\\/zeromagazine.mx\\\/wp-content\\\/uploads\\\/2024\\\/10\\\/unnamed-24.png?fit=1055%2C1539&ssl=1\",\"contentUrl\":\"https:\\\/\\\/i0.wp.com\\\/zeromagazine.mx\\\/wp-content\\\/uploads\\\/2024\\\/10\\\/unnamed-24.png?fit=1055%2C1539&ssl=1\",\"width\":1055,\"height\":1539},{\"@type\":\"BreadcrumbList\",\"@id\":\"https:\\\/\\\/zeromagazine.mx\\\/index.php\\\/2024\\\/10\\\/15\\\/in-pulso-creativo-aplica-ya\\\/#breadcrumb\",\"itemListElement\":[{\"@type\":\"ListItem\",\"position\":1,\"name\":\"Portada\",\"item\":\"https:\\\/\\\/zeromagazine.mx\\\/\"},{\"@type\":\"ListItem\",\"position\":2,\"name\":\"\u00abIn-Pulso Creativo: \u00a1Aplica Ya!\u00bb\"}]},{\"@type\":\"WebSite\",\"@id\":\"https:\\\/\\\/zeromagazine.mx\\\/#website\",\"url\":\"https:\\\/\\\/zeromagazine.mx\\\/\",\"name\":\"Zero Magazine\",\"description\":\"\",\"publisher\":{\"@id\":\"https:\\\/\\\/zeromagazine.mx\\\/#organization\"},\"potentialAction\":[{\"@type\":\"SearchAction\",\"target\":{\"@type\":\"EntryPoint\",\"urlTemplate\":\"https:\\\/\\\/zeromagazine.mx\\\/?s={search_term_string}\"},\"query-input\":{\"@type\":\"PropertyValueSpecification\",\"valueRequired\":true,\"valueName\":\"search_term_string\"}}],\"inLanguage\":\"es\"},{\"@type\":\"Organization\",\"@id\":\"https:\\\/\\\/zeromagazine.mx\\\/#organization\",\"name\":\"Zero Magazine\",\"url\":\"https:\\\/\\\/zeromagazine.mx\\\/\",\"logo\":{\"@type\":\"ImageObject\",\"inLanguage\":\"es\",\"@id\":\"https:\\\/\\\/zeromagazine.mx\\\/#\\\/schema\\\/logo\\\/image\\\/\",\"url\":\"https:\\\/\\\/i0.wp.com\\\/zeromagazine.mx\\\/wp-content\\\/uploads\\\/2025\\\/11\\\/1.jpeg?fit=1000%2C1000&ssl=1\",\"contentUrl\":\"https:\\\/\\\/i0.wp.com\\\/zeromagazine.mx\\\/wp-content\\\/uploads\\\/2025\\\/11\\\/1.jpeg?fit=1000%2C1000&ssl=1\",\"width\":1000,\"height\":1000,\"caption\":\"Zero Magazine\"},\"image\":{\"@id\":\"https:\\\/\\\/zeromagazine.mx\\\/#\\\/schema\\\/logo\\\/image\\\/\"},\"sameAs\":[\"https:\\\/\\\/instagram.com\\\/zeromagazinemx\"]},{\"@type\":\"Person\",\"@id\":\"https:\\\/\\\/zeromagazine.mx\\\/#\\\/schema\\\/person\\\/9aed9f33a7c39af3a348b86d723f7773\",\"name\":\"zeromagazinemx\",\"image\":{\"@type\":\"ImageObject\",\"inLanguage\":\"es\",\"@id\":\"https:\\\/\\\/zeromagazine.mx\\\/wp-content\\\/litespeed\\\/avatar\\\/f91dfe5410d5dcb1a576bf8c45983896.jpg?ver=1776966396\",\"url\":\"https:\\\/\\\/zeromagazine.mx\\\/wp-content\\\/litespeed\\\/avatar\\\/f91dfe5410d5dcb1a576bf8c45983896.jpg?ver=1776966396\",\"contentUrl\":\"https:\\\/\\\/zeromagazine.mx\\\/wp-content\\\/litespeed\\\/avatar\\\/f91dfe5410d5dcb1a576bf8c45983896.jpg?ver=1776966396\",\"caption\":\"zeromagazinemx\"},\"url\":\"https:\\\/\\\/zeromagazine.mx\\\/index.php\\\/author\\\/zeromagazinemx\\\/\"}]}<\/script>\n<!-- \/ Yoast SEO plugin. -->","yoast_head_json":{"title":"\"In-Pulso Creativo: \u00a1Aplica Ya!\" - Zero Magazine","robots":{"index":"index","follow":"follow","max-snippet":"max-snippet:-1","max-image-preview":"max-image-preview:large","max-video-preview":"max-video-preview:-1"},"canonical":"https:\/\/zeromagazine.mx\/index.php\/2024\/10\/15\/in-pulso-creativo-aplica-ya\/","og_locale":"es_ES","og_type":"article","og_title":"\"In-Pulso Creativo: \u00a1Aplica Ya!\" - Zero Magazine","og_description":"Oigan esta semana les quiero contar sobre un evento bien interesante que sucedi\u00f3 el 10 de octubre en la Casa de Francia, ubicada en la Embajada de Francia en M\u00e9xico. A las 10:30 de la ma\u00f1ana, un mont\u00f3n de medios se reunieron para conocer de cerca las nuevas iniciativas de la embajadora, Delphine Borione, para [&hellip;]","og_url":"https:\/\/zeromagazine.mx\/index.php\/2024\/10\/15\/in-pulso-creativo-aplica-ya\/","og_site_name":"Zero Magazine","article_published_time":"2024-10-15T17:52:39+00:00","article_modified_time":"2024-10-15T17:57:32+00:00","og_image":[{"width":1055,"height":1539,"url":"https:\/\/i0.wp.com\/zeromagazine.mx\/wp-content\/uploads\/2024\/10\/unnamed-24.png?fit=1055%2C1539&ssl=1","type":"image\/png"}],"author":"zeromagazinemx","twitter_card":"summary_large_image","twitter_misc":{"Escrito por":"zeromagazinemx","Tiempo de lectura":"3 minutos"},"schema":{"@context":"https:\/\/schema.org","@graph":[{"@type":"Article","@id":"https:\/\/zeromagazine.mx\/index.php\/2024\/10\/15\/in-pulso-creativo-aplica-ya\/#article","isPartOf":{"@id":"https:\/\/zeromagazine.mx\/index.php\/2024\/10\/15\/in-pulso-creativo-aplica-ya\/"},"author":{"name":"zeromagazinemx","@id":"https:\/\/zeromagazine.mx\/#\/schema\/person\/9aed9f33a7c39af3a348b86d723f7773"},"headline":"\u00abIn-Pulso Creativo: \u00a1Aplica Ya!\u00bb","datePublished":"2024-10-15T17:52:39+00:00","dateModified":"2024-10-15T17:57:32+00:00","mainEntityOfPage":{"@id":"https:\/\/zeromagazine.mx\/index.php\/2024\/10\/15\/in-pulso-creativo-aplica-ya\/"},"wordCount":646,"commentCount":0,"publisher":{"@id":"https:\/\/zeromagazine.mx\/#organization"},"image":{"@id":"https:\/\/zeromagazine.mx\/index.php\/2024\/10\/15\/in-pulso-creativo-aplica-ya\/#primaryimage"},"thumbnailUrl":"https:\/\/i0.wp.com\/zeromagazine.mx\/wp-content\/uploads\/2024\/10\/unnamed-24.png?fit=1055%2C1539&ssl=1","keywords":["Convocatoria","Fondo Franc\u00e9s de Apoyo a las Industrias Culturales y Creativas","IN-PULSO CREATIVO"],"articleSection":["Cultura"],"inLanguage":"es","potentialAction":[{"@type":"CommentAction","name":"Comment","target":["https:\/\/zeromagazine.mx\/index.php\/2024\/10\/15\/in-pulso-creativo-aplica-ya\/#respond"]}]},{"@type":"WebPage","@id":"https:\/\/zeromagazine.mx\/index.php\/2024\/10\/15\/in-pulso-creativo-aplica-ya\/","url":"https:\/\/zeromagazine.mx\/index.php\/2024\/10\/15\/in-pulso-creativo-aplica-ya\/","name":"\"In-Pulso Creativo: \u00a1Aplica Ya!\" - Zero Magazine","isPartOf":{"@id":"https:\/\/zeromagazine.mx\/#website"},"primaryImageOfPage":{"@id":"https:\/\/zeromagazine.mx\/index.php\/2024\/10\/15\/in-pulso-creativo-aplica-ya\/#primaryimage"},"image":{"@id":"https:\/\/zeromagazine.mx\/index.php\/2024\/10\/15\/in-pulso-creativo-aplica-ya\/#primaryimage"},"thumbnailUrl":"https:\/\/i0.wp.com\/zeromagazine.mx\/wp-content\/uploads\/2024\/10\/unnamed-24.png?fit=1055%2C1539&ssl=1","datePublished":"2024-10-15T17:52:39+00:00","dateModified":"2024-10-15T17:57:32+00:00","breadcrumb":{"@id":"https:\/\/zeromagazine.mx\/index.php\/2024\/10\/15\/in-pulso-creativo-aplica-ya\/#breadcrumb"},"inLanguage":"es","potentialAction":[{"@type":"ReadAction","target":["https:\/\/zeromagazine.mx\/index.php\/2024\/10\/15\/in-pulso-creativo-aplica-ya\/"]}]},{"@type":"ImageObject","inLanguage":"es","@id":"https:\/\/zeromagazine.mx\/index.php\/2024\/10\/15\/in-pulso-creativo-aplica-ya\/#primaryimage","url":"https:\/\/i0.wp.com\/zeromagazine.mx\/wp-content\/uploads\/2024\/10\/unnamed-24.png?fit=1055%2C1539&ssl=1","contentUrl":"https:\/\/i0.wp.com\/zeromagazine.mx\/wp-content\/uploads\/2024\/10\/unnamed-24.png?fit=1055%2C1539&ssl=1","width":1055,"height":1539},{"@type":"BreadcrumbList","@id":"https:\/\/zeromagazine.mx\/index.php\/2024\/10\/15\/in-pulso-creativo-aplica-ya\/#breadcrumb","itemListElement":[{"@type":"ListItem","position":1,"name":"Portada","item":"https:\/\/zeromagazine.mx\/"},{"@type":"ListItem","position":2,"name":"\u00abIn-Pulso Creativo: \u00a1Aplica Ya!\u00bb"}]},{"@type":"WebSite","@id":"https:\/\/zeromagazine.mx\/#website","url":"https:\/\/zeromagazine.mx\/","name":"Zero Magazine","description":"","publisher":{"@id":"https:\/\/zeromagazine.mx\/#organization"},"potentialAction":[{"@type":"SearchAction","target":{"@type":"EntryPoint","urlTemplate":"https:\/\/zeromagazine.mx\/?s={search_term_string}"},"query-input":{"@type":"PropertyValueSpecification","valueRequired":true,"valueName":"search_term_string"}}],"inLanguage":"es"},{"@type":"Organization","@id":"https:\/\/zeromagazine.mx\/#organization","name":"Zero Magazine","url":"https:\/\/zeromagazine.mx\/","logo":{"@type":"ImageObject","inLanguage":"es","@id":"https:\/\/zeromagazine.mx\/#\/schema\/logo\/image\/","url":"https:\/\/i0.wp.com\/zeromagazine.mx\/wp-content\/uploads\/2025\/11\/1.jpeg?fit=1000%2C1000&ssl=1","contentUrl":"https:\/\/i0.wp.com\/zeromagazine.mx\/wp-content\/uploads\/2025\/11\/1.jpeg?fit=1000%2C1000&ssl=1","width":1000,"height":1000,"caption":"Zero Magazine"},"image":{"@id":"https:\/\/zeromagazine.mx\/#\/schema\/logo\/image\/"},"sameAs":["https:\/\/instagram.com\/zeromagazinemx"]},{"@type":"Person","@id":"https:\/\/zeromagazine.mx\/#\/schema\/person\/9aed9f33a7c39af3a348b86d723f7773","name":"zeromagazinemx","image":{"@type":"ImageObject","inLanguage":"es","@id":"https:\/\/zeromagazine.mx\/wp-content\/litespeed\/avatar\/f91dfe5410d5dcb1a576bf8c45983896.jpg?ver=1776966396","url":"https:\/\/zeromagazine.mx\/wp-content\/litespeed\/avatar\/f91dfe5410d5dcb1a576bf8c45983896.jpg?ver=1776966396","contentUrl":"https:\/\/zeromagazine.mx\/wp-content\/litespeed\/avatar\/f91dfe5410d5dcb1a576bf8c45983896.jpg?ver=1776966396","caption":"zeromagazinemx"},"url":"https:\/\/zeromagazine.mx\/index.php\/author\/zeromagazinemx\/"}]}},"jetpack_publicize_connections":[],"jetpack_featured_media_url":"https:\/\/i0.wp.com\/zeromagazine.mx\/wp-content\/uploads\/2024\/10\/unnamed-24.png?fit=1055%2C1539&ssl=1","jetpack-related-posts":[{"id":86959,"url":"https:\/\/zeromagazine.mx\/index.php\/2024\/10\/16\/francia-y-mexico-unidxs-por-la-cultura-un-impulso-creativo\/","url_meta":{"origin":86781,"position":0},"title":"Francia y M\u00e9xico unidxs por la cultura: Un impulso creativo","author":"David Morales","date":"16 de octubre de 2024","format":false,"excerpt":"Amix, hoy vengo a contarles sobre un evento que marca un antes y un despu\u00e9s en la escena cultural entre Francia y M\u00e9xico. Este 10 de octubre, la Casa de Francia de la Embajada de Francia en M\u00e9xico fue el escenario de un encuentro clave, donde la Embajadora de Francia,\u2026","rel":"","context":"En \u00abCultura\u00bb","block_context":{"text":"Cultura","link":"https:\/\/zeromagazine.mx\/index.php\/category\/cultura\/"},"img":{"alt_text":"","src":"https:\/\/i0.wp.com\/zeromagazine.mx\/wp-content\/uploads\/2024\/10\/IMG_1909.jpeg?fit=1200%2C626&ssl=1&resize=350%2C200","width":350,"height":200,"srcset":"https:\/\/i0.wp.com\/zeromagazine.mx\/wp-content\/uploads\/2024\/10\/IMG_1909.jpeg?fit=1200%2C626&ssl=1&resize=350%2C200 1x, https:\/\/i0.wp.com\/zeromagazine.mx\/wp-content\/uploads\/2024\/10\/IMG_1909.jpeg?fit=1200%2C626&ssl=1&resize=525%2C300 1.5x, https:\/\/i0.wp.com\/zeromagazine.mx\/wp-content\/uploads\/2024\/10\/IMG_1909.jpeg?fit=1200%2C626&ssl=1&resize=700%2C400 2x, https:\/\/i0.wp.com\/zeromagazine.mx\/wp-content\/uploads\/2024\/10\/IMG_1909.jpeg?fit=1200%2C626&ssl=1&resize=1050%2C600 3x"},"classes":[]},{"id":118121,"url":"https:\/\/zeromagazine.mx\/index.php\/2026\/04\/11\/volvo-fashion-week-mexico-guadalajara\/","url_meta":{"origin":86781,"position":1},"title":"Guadalajara no est\u00e1 siguiendo la moda. Est\u00e1 construyendo su propia narrativa","author":"zeromagazinemx","date":"11 de abril de 2026","format":false,"excerpt":"En un momento donde gran parte de la industria a\u00fan busca validaci\u00f3n en referentes internacionales, Volvo Fashion Week M\u00e9xico en Guadalajara plantea una lectura distinta: la moda mexicana no necesita traducirse para ser relevante, porque su valor est\u00e1 precisamente en lo que la hace local. Esta edici\u00f3n no se limita\u2026","rel":"","context":"En \u00abDise\u00f1o\u00bb","block_context":{"text":"Dise\u00f1o","link":"https:\/\/zeromagazine.mx\/index.php\/category\/diseno\/"},"img":{"alt_text":"","src":"https:\/\/i0.wp.com\/zeromagazine.mx\/wp-content\/uploads\/2026\/04\/2026-03-Volvo-FW46692A-scaled.jpg?fit=1200%2C800&ssl=1&resize=350%2C200","width":350,"height":200,"srcset":"https:\/\/i0.wp.com\/zeromagazine.mx\/wp-content\/uploads\/2026\/04\/2026-03-Volvo-FW46692A-scaled.jpg?fit=1200%2C800&ssl=1&resize=350%2C200 1x, https:\/\/i0.wp.com\/zeromagazine.mx\/wp-content\/uploads\/2026\/04\/2026-03-Volvo-FW46692A-scaled.jpg?fit=1200%2C800&ssl=1&resize=525%2C300 1.5x, https:\/\/i0.wp.com\/zeromagazine.mx\/wp-content\/uploads\/2026\/04\/2026-03-Volvo-FW46692A-scaled.jpg?fit=1200%2C800&ssl=1&resize=700%2C400 2x, https:\/\/i0.wp.com\/zeromagazine.mx\/wp-content\/uploads\/2026\/04\/2026-03-Volvo-FW46692A-scaled.jpg?fit=1200%2C800&ssl=1&resize=1050%2C600 3x"},"classes":[]},{"id":92666,"url":"https:\/\/zeromagazine.mx\/index.php\/2024\/12\/10\/fashion-awards-pasion-por-la-moda\/","url_meta":{"origin":86781,"position":2},"title":"Fashion Awards: Pasi\u00f3n por la Moda","author":"zeromagazinemx","date":"10 de diciembre de 2024","format":false,"excerpt":"\u00bfSe imaginan estar en un lugar donde moda, cine y m\u00fasica brit\u00e1nica se cruzan en una explosi\u00f3n de creatividad? Pues as\u00ed se vivi\u00f3 The Fashion Awards 2024 presentado por Pandora, una de las noches m\u00e1s esperadas en el mundo de la moda, y The Peninsula London fue el epicentro de\u2026","rel":"","context":"En \u00abModa\u00bb","block_context":{"text":"Moda","link":"https:\/\/zeromagazine.mx\/index.php\/category\/moda\/"},"img":{"alt_text":"","src":"https:\/\/i0.wp.com\/zeromagazine.mx\/wp-content\/uploads\/2024\/12\/20241202_SEYExFASHION-AWARDS_00351.jpg?fit=1200%2C800&ssl=1&resize=350%2C200","width":350,"height":200,"srcset":"https:\/\/i0.wp.com\/zeromagazine.mx\/wp-content\/uploads\/2024\/12\/20241202_SEYExFASHION-AWARDS_00351.jpg?fit=1200%2C800&ssl=1&resize=350%2C200 1x, https:\/\/i0.wp.com\/zeromagazine.mx\/wp-content\/uploads\/2024\/12\/20241202_SEYExFASHION-AWARDS_00351.jpg?fit=1200%2C800&ssl=1&resize=525%2C300 1.5x, https:\/\/i0.wp.com\/zeromagazine.mx\/wp-content\/uploads\/2024\/12\/20241202_SEYExFASHION-AWARDS_00351.jpg?fit=1200%2C800&ssl=1&resize=700%2C400 2x, https:\/\/i0.wp.com\/zeromagazine.mx\/wp-content\/uploads\/2024\/12\/20241202_SEYExFASHION-AWARDS_00351.jpg?fit=1200%2C800&ssl=1&resize=1050%2C600 3x"},"classes":[]},{"id":116762,"url":"https:\/\/zeromagazine.mx\/index.php\/2026\/03\/15\/zegna-biennale-venezia-arte-2026\/","url_meta":{"origin":86781,"position":3},"title":"ZEGNA Biennale Venezia: arte vivo","author":"zeromagazinemx","date":"15 de marzo de 2026","format":false,"excerpt":"La relaci\u00f3n entre moda, arte y paisaje acaba de sumar un nuevo cap\u00edtulo \u00e9pico. La marca italiana ZEGNA acaba de anunciar que ser\u00e1 el patrocinador principal del Pabell\u00f3n de Italia en la La Biennale di Venezia 2026, uno de los eventos de arte contempor\u00e1neo m\u00e1s influyentes del planeta. Y s\u00ed:\u2026","rel":"","context":"En \u00abDise\u00f1o\u00bb","block_context":{"text":"Dise\u00f1o","link":"https:\/\/zeromagazine.mx\/index.php\/category\/diseno\/"},"img":{"alt_text":"","src":"https:\/\/i0.wp.com\/zeromagazine.mx\/wp-content\/uploads\/2026\/03\/Con.te_.con_.tutto_-scaled.jpg?fit=840%2C1200&ssl=1&resize=350%2C200","width":350,"height":200,"srcset":"https:\/\/i0.wp.com\/zeromagazine.mx\/wp-content\/uploads\/2026\/03\/Con.te_.con_.tutto_-scaled.jpg?fit=840%2C1200&ssl=1&resize=350%2C200 1x, https:\/\/i0.wp.com\/zeromagazine.mx\/wp-content\/uploads\/2026\/03\/Con.te_.con_.tutto_-scaled.jpg?fit=840%2C1200&ssl=1&resize=525%2C300 1.5x, https:\/\/i0.wp.com\/zeromagazine.mx\/wp-content\/uploads\/2026\/03\/Con.te_.con_.tutto_-scaled.jpg?fit=840%2C1200&ssl=1&resize=700%2C400 2x"},"classes":[]},{"id":89045,"url":"https:\/\/zeromagazine.mx\/index.php\/2024\/10\/31\/bada-2025-feria-de-arte\/","url_meta":{"origin":86781,"position":4},"title":"\u00abBADA 2025: Feria de Arte\u00bb","author":"zeromagazinemx","date":"31 de octubre de 2024","format":false,"excerpt":"Si eres un amante del arte, agarra tu agenda porque del 6 al 9 de febrero de 2025, la Ciudad de M\u00e9xico se va a llenar de creatividad y vibras incre\u00edbles con la nueva edici\u00f3n de BADA (la feria de arte contempor\u00e1neo directo de artista que est\u00e1 rompiendo esquemas en\u2026","rel":"","context":"En \u00abCultura\u00bb","block_context":{"text":"Cultura","link":"https:\/\/zeromagazine.mx\/index.php\/category\/cultura\/"},"img":{"alt_text":"","src":"https:\/\/i0.wp.com\/zeromagazine.mx\/wp-content\/uploads\/2024\/10\/BADA-2025_4-5.jpg?fit=960%2C1200&ssl=1&resize=350%2C200","width":350,"height":200,"srcset":"https:\/\/i0.wp.com\/zeromagazine.mx\/wp-content\/uploads\/2024\/10\/BADA-2025_4-5.jpg?fit=960%2C1200&ssl=1&resize=350%2C200 1x, https:\/\/i0.wp.com\/zeromagazine.mx\/wp-content\/uploads\/2024\/10\/BADA-2025_4-5.jpg?fit=960%2C1200&ssl=1&resize=525%2C300 1.5x, https:\/\/i0.wp.com\/zeromagazine.mx\/wp-content\/uploads\/2024\/10\/BADA-2025_4-5.jpg?fit=960%2C1200&ssl=1&resize=700%2C400 2x"},"classes":[]},{"id":116558,"url":"https:\/\/zeromagazine.mx\/index.php\/2026\/03\/11\/zona-creativa-comunidades-evento-creativo-mexico\/","url_meta":{"origin":86781,"position":5},"title":"Zona Creativa: una comunidad de comunidades que transforma la creatividad en experiencia compartida","author":"David Morales","date":"11 de marzo de 2026","format":false,"excerpt":"En un momento donde casi todo pasa en la pantalla, cada vez se vuelve m\u00e1s necesario volver a lo real. Talleres presenciales, experiencias inmersivas y espacios donde la creatividad se comparte cara a cara est\u00e1n ganando fuerza, y justo en ese contexto nace\u00a0Zona Creativa comunidades, un encuentro que busca reunir\u2026","rel":"","context":"En \u00abEntretenimiento\u00bb","block_context":{"text":"Entretenimiento","link":"https:\/\/zeromagazine.mx\/index.php\/category\/entretenimiento\/"},"img":{"alt_text":"","src":"https:\/\/i0.wp.com\/zeromagazine.mx\/wp-content\/uploads\/2026\/03\/IMG_0174-scaled.jpeg?fit=900%2C1200&ssl=1&resize=350%2C200","width":350,"height":200,"srcset":"https:\/\/i0.wp.com\/zeromagazine.mx\/wp-content\/uploads\/2026\/03\/IMG_0174-scaled.jpeg?fit=900%2C1200&ssl=1&resize=350%2C200 1x, https:\/\/i0.wp.com\/zeromagazine.mx\/wp-content\/uploads\/2026\/03\/IMG_0174-scaled.jpeg?fit=900%2C1200&ssl=1&resize=525%2C300 1.5x, https:\/\/i0.wp.com\/zeromagazine.mx\/wp-content\/uploads\/2026\/03\/IMG_0174-scaled.jpeg?fit=900%2C1200&ssl=1&resize=700%2C400 2x"},"classes":[]}],"jetpack_sharing_enabled":true,"builder_content":"","_links":{"self":[{"href":"https:\/\/zeromagazine.mx\/index.php\/wp-json\/wp\/v2\/posts\/86781","targetHints":{"allow":["GET"]}}],"collection":[{"href":"https:\/\/zeromagazine.mx\/index.php\/wp-json\/wp\/v2\/posts"}],"about":[{"href":"https:\/\/zeromagazine.mx\/index.php\/wp-json\/wp\/v2\/types\/post"}],"author":[{"embeddable":true,"href":"https:\/\/zeromagazine.mx\/index.php\/wp-json\/wp\/v2\/users\/2"}],"replies":[{"embeddable":true,"href":"https:\/\/zeromagazine.mx\/index.php\/wp-json\/wp\/v2\/comments?post=86781"}],"version-history":[{"count":6,"href":"https:\/\/zeromagazine.mx\/index.php\/wp-json\/wp\/v2\/posts\/86781\/revisions"}],"predecessor-version":[{"id":86793,"href":"https:\/\/zeromagazine.mx\/index.php\/wp-json\/wp\/v2\/posts\/86781\/revisions\/86793"}],"wp:featuredmedia":[{"embeddable":true,"href":"https:\/\/zeromagazine.mx\/index.php\/wp-json\/wp\/v2\/media\/86783"}],"wp:attachment":[{"href":"https:\/\/zeromagazine.mx\/index.php\/wp-json\/wp\/v2\/media?parent=86781"}],"wp:term":[{"taxonomy":"category","embeddable":true,"href":"https:\/\/zeromagazine.mx\/index.php\/wp-json\/wp\/v2\/categories?post=86781"},{"taxonomy":"post_tag","embeddable":true,"href":"https:\/\/zeromagazine.mx\/index.php\/wp-json\/wp\/v2\/tags?post=86781"}],"curies":[{"name":"wp","href":"https:\/\/api.w.org\/{rel}","templated":true}]}}