{"id":86788,"date":"2024-10-15T20:00:42","date_gmt":"2024-10-15T18:00:42","guid":{"rendered":"https:\/\/zeromagazine.mx\/?p=86788"},"modified":"2024-10-15T20:00:44","modified_gmt":"2024-10-15T18:00:44","slug":"ia-y-moda-futuro-brillante","status":"publish","type":"post","link":"https:\/\/zeromagazine.mx\/index.php\/2024\/10\/15\/ia-y-moda-futuro-brillante\/","title":{"rendered":"\u00abIA y Moda: Futuro Brillante\u00bb"},"content":{"rendered":"<!--themify_builder_content-->\n<div id=\"themify_builder_content-86788\" data-postid=\"86788\" class=\"themify_builder_content themify_builder_content-86788 themify_builder tf_clear\">\n    <\/div>\n<!--\/themify_builder_content-->\n\n\n<p>\u00bfAlguna vez te imaginaste que un c\u00f3ctel pudiera inspirar una pieza de moda? Pues ag\u00e1rrate porque la Mercedes-Benz Fashion Week M\u00e9xico 2024 nos dej\u00f3 mind blown con una colab que fusiona lo m\u00e1s hype del momento: la moda, la inteligencia artificial (IA) y mixolog\u00eda. Yeah, lo le\u00edste bien. Esta vez, la tech se meti\u00f3 hasta en la ropa, y el dise\u00f1ador mexicano Alfredo Mart\u00ednez, en team con Johnnie Walker, llev\u00f3 su creatividad al siguiente nivel con una prenda que literalmente traduce los vibes de un c\u00f3ctel en estilo.<\/p>\n\n\n\n<p><strong>Black Ruby: Fashion + Drinks = Arte<\/strong><\/p>\n\n\n\n<p>El concepto es todo sobre mezclar lo dulce con lo \u00e1cido, lo rudo con lo elegante, y Alfredo Mart\u00ednez agarr\u00f3 ese mood para crear una prenda que es el perfecto match entre la moda y el arte de la mixolog\u00eda.<\/p>\n\n\n\n<p>As\u00ed que la cosa no es solo que Mart\u00ednez se inspir\u00f3 en un drink (que, obvio, suena cool), sino que la IA jug\u00f3 un papel clave para hacer que el vestido capture todos esos sabores, texturas y sensaciones del c\u00f3ctel. O sea, algo que antes hubiera sido casi imposible de imaginar, hoy es una realidad gracias a la tecnolog\u00eda.<\/p>\n\n\n\n<p><strong>\u00bfC\u00f3mo Funciona La IA en La Moda?<\/strong><\/p>\n\n\n\n<p>Lo m\u00e1s loco de todo es c\u00f3mo la IA traduce algo intangible como los sabores de un c\u00f3ctel en algo visual. En este caso, se cre\u00f3 un vestido que refleja las notas intensas del Black Ruby Sweet and Sour. Cada costura y cada parte de la prenda es como si te estuvieras tomando un sorbo del c\u00f3ctel, pero en forma de outfit. It\u2019s insane. Esto nos lleva a preguntarnos, \u00bfhasta d\u00f3nde puede llegar la moda cuando combinamos creatividad humana con tecnolog\u00eda avanzada?<\/p>\n\n\n\n<figure class=\"wp-block-image size-full is-resized\"><img data-recalc-dims=\"1\" decoding=\"async\" width=\"297\" height=\"411\" src=\"https:\/\/i0.wp.com\/zeromagazine.mx\/wp-content\/uploads\/2024\/10\/ALFREDO-MARTIENZ-BLACK-RUBY.png?resize=297%2C411&#038;ssl=1\" alt=\"\" class=\"wp-image-86791\" style=\"width:1451px;height:auto\" srcset=\"https:\/\/i0.wp.com\/zeromagazine.mx\/wp-content\/uploads\/2024\/10\/ALFREDO-MARTIENZ-BLACK-RUBY.png?w=297&amp;ssl=1 297w, https:\/\/i0.wp.com\/zeromagazine.mx\/wp-content\/uploads\/2024\/10\/ALFREDO-MARTIENZ-BLACK-RUBY.png?resize=217%2C300&amp;ssl=1 217w\" sizes=\"(max-width: 297px) 100vw, 297px\" \/><\/figure>\n\n\n\n\n<script async src=\"https:\/\/pagead2.googlesyndication.com\/pagead\/js\/adsbygoogle.js?client=ca-pub-5499304793904745\"\n     crossorigin=\"anonymous\"><\/script>\n<ins class=\"adsbygoogle\"\n     style=\"display:block; text-align:center;\"\n     data-ad-layout=\"in-article\"\n     data-ad-format=\"fluid\"\n     data-ad-client=\"ca-pub-5499304793904745\"\n     data-ad-slot=\"5994863093\"><\/ins>\n<script>\n     (adsbygoogle = window.adsbygoogle || []).push({});\n<\/script>\n\n\n\n<p><strong>Alfredo Mart\u00ednez: Dise\u00f1ador + Visionario<\/strong><\/p>\n\n\n\n<p>Si no est\u00e1s familiarizadx con Alfredo Mart\u00ednez, te est\u00e1s perdiendo de uno de los nombres m\u00e1s top del fashion mexicano. El dude es conocido por sus dise\u00f1os s\u00faper audaces, llenos de elegancia y riesgo. Y claro, cuando alguien como \u00e9l se mete en terrenos tech, sabes que el resultado va a ser \u00e9pico.<\/p>\n\n\n\n<p>Esta colab con Johnnie Walker no es solo un proyecto m\u00e1s; es la se\u00f1al de que estamos entrando a una nueva era en el dise\u00f1o de moda. Lo que Mart\u00ednez ha logrado es traducir los sabores y texturas del Black Ruby en una pieza tangible, creando algo que literalmente eleva la experiencia de vestirse a un nivel de sensaciones. Su vestido inspirado en el c\u00f3ctel se present\u00f3 en la Mercedes-Benz Fashion Week M\u00e9xico y dej\u00f3 a todos con la boca abierta. Porque no solo es una prenda bonita, es una prenda que tiene historia, innovaci\u00f3n y tecnolog\u00eda detr\u00e1s. Y ese combo es .<\/p>\n\n\n\n<p><strong>\u00bfIA en la moda? Welcome to the Future<\/strong><\/p>\n\n\n\n<p>Muchxs podr\u00edamos pensar que la moda y la tecnolog\u00eda son mundos separados, pero la verdad es que ya est\u00e1n m\u00e1s unidos que nunca. La IA est\u00e1 empezando a cambiar el game, no solo en t\u00e9rminos de c\u00f3mo se dise\u00f1an las prendas, sino tambi\u00e9n en c\u00f3mo las percibimos. Y M\u00e9xico est\u00e1 full metido en esta ola de innovaci\u00f3n.<\/p>\n\n\n\n<p>El vestido de Mart\u00ednez es solo un ejemplo de c\u00f3mo la tecnolog\u00eda puede desbloquear nuevas ideas y posibilidades creativas. No estamos hablando solo de dise\u00f1ar m\u00e1s r\u00e1pido o m\u00e1s barato; estamos hablando de crear cosas que antes ni siquiera se pod\u00edan imaginar. La IA est\u00e1 expandiendo los l\u00edmites de lo que consideramos \u00abmoda\u00bb, y eso es lo que hace todo esto tan exciting.&nbsp;<\/p>\n\n\n\n<p><strong>Mercedes-Benz Fashion Week M\u00e9xico: El Boom del Tech en Fashion<\/strong><\/p>\n\n\n\n<p>La Mercedes-Benz Fashion Week M\u00e9xico es uno de los eventos m\u00e1s importantes del pa\u00eds cuando hablamos de moda, pero este a\u00f1o se ha vuelto m\u00e1s que solo una pasarela bonita. La introducci\u00f3n de la IA ha llevado todo a otro nivel. \u00bfQui\u00e9n dir\u00eda que un evento tradicionalmente fashionista ahora estar\u00eda tan techie?<\/p>\n\n\n\n<p>Lo m\u00e1s cool de esta edici\u00f3n es que no solo Alfredo Mart\u00ednez se aventur\u00f3 con la IA. Otros dise\u00f1adores tambi\u00e9n est\u00e1n experimentando con nuevas herramientas tecnol\u00f3gicas para crear piezas que no solo se vean bien, sino que tambi\u00e9n cuenten una historia \u00fanica, donde la moda se cruza con el arte, la ciencia y la tecnolog\u00eda.<\/p>\n\n\n\n<p><strong>M\u00e9xico + Tecnolog\u00eda = Future Ready<\/strong><\/p>\n\n\n\n<figure class=\"wp-block-image size-full is-resized\"><img data-recalc-dims=\"1\" decoding=\"async\" width=\"1165\" height=\"777\" src=\"https:\/\/i0.wp.com\/zeromagazine.mx\/wp-content\/uploads\/2024\/10\/BlackRuby-FW_0791-scaled.jpg?resize=1165%2C777&#038;ssl=1\" alt=\"\" class=\"wp-image-86795\" style=\"width:1451px;height:auto\" srcset=\"https:\/\/i0.wp.com\/zeromagazine.mx\/wp-content\/uploads\/2024\/10\/BlackRuby-FW_0791-scaled.jpg?w=2560&amp;ssl=1 2560w, https:\/\/i0.wp.com\/zeromagazine.mx\/wp-content\/uploads\/2024\/10\/BlackRuby-FW_0791-scaled.jpg?resize=300%2C200&amp;ssl=1 300w, https:\/\/i0.wp.com\/zeromagazine.mx\/wp-content\/uploads\/2024\/10\/BlackRuby-FW_0791-scaled.jpg?resize=1024%2C683&amp;ssl=1 1024w, https:\/\/i0.wp.com\/zeromagazine.mx\/wp-content\/uploads\/2024\/10\/BlackRuby-FW_0791-scaled.jpg?resize=768%2C512&amp;ssl=1 768w, https:\/\/i0.wp.com\/zeromagazine.mx\/wp-content\/uploads\/2024\/10\/BlackRuby-FW_0791-scaled.jpg?resize=1536%2C1025&amp;ssl=1 1536w, https:\/\/i0.wp.com\/zeromagazine.mx\/wp-content\/uploads\/2024\/10\/BlackRuby-FW_0791-scaled.jpg?resize=2048%2C1366&amp;ssl=1 2048w, https:\/\/i0.wp.com\/zeromagazine.mx\/wp-content\/uploads\/2024\/10\/BlackRuby-FW_0791-scaled.jpg?w=2330 2330w\" sizes=\"(max-width: 1165px) 100vw, 1165px\" \/><\/figure>\n\n\n\n\n<script async src=\"https:\/\/pagead2.googlesyndication.com\/pagead\/js\/adsbygoogle.js?client=ca-pub-5499304793904745\"\n     crossorigin=\"anonymous\"><\/script>\n<ins class=\"adsbygoogle\"\n     style=\"display:block; text-align:center;\"\n     data-ad-layout=\"in-article\"\n     data-ad-format=\"fluid\"\n     data-ad-client=\"ca-pub-5499304793904745\"\n     data-ad-slot=\"5994863093\"><\/ins>\n<script>\n     (adsbygoogle = window.adsbygoogle || []).push({});\n<\/script>\n\n\n\n<p>En este contexto, M\u00e9xico est\u00e1 demostrando que puede ser un player global cuando se trata de moda tech. Aunque la IA en la moda es algo relativamente nuevo aqu\u00ed, estamos viendo que la adopci\u00f3n de nuevas tecnolog\u00edas en el dise\u00f1o est\u00e1 avanzando rapid\u00edsimo. Desde la utilizaci\u00f3n de software de dise\u00f1o hasta la creaci\u00f3n de prendas eco-friendly usando algoritmos que optimizan el uso de materiales, el pa\u00eds est\u00e1 demostrando que puede ser un l\u00edder en la intersecci\u00f3n de moda y tecnolog\u00eda.<\/p>\n\n\n\n<p>Y no es solo Alfredo Mart\u00ednez; muchxs otrxs dise\u00f1adores est\u00e1n explorando c\u00f3mo la IA puede cambiar la forma en que crean y presentan sus colecciones. Este es solo el comienzo, y en unos a\u00f1os podr\u00edamos estar viendo c\u00f3mo la tecnolog\u00eda no solo mejora la creatividad, sino que tambi\u00e9n hace que la moda sea m\u00e1s inclusiva y accesible para todxs.<\/p>\n\n\n\n<p><strong>El Impacto en las nuevas&nbsp;<\/strong><strong>generaciones&nbsp;<\/strong><\/p>\n\n\n\n<p>La inteligencia artificial ya no es solo cosa de sci-fi; es parte de nuestro d\u00eda a d\u00eda, y est\u00e1 aqu\u00ed para cambiar la forma en que vivimos, vestimos y nos expresamos.<\/p>\n\n\n\n<p><strong>TL;DR<\/strong>: La Mercedes-Benz Fashion Week M\u00e9xico 2024 fue m\u00e1s que un desfile. Alfredo Mart\u00ednez, en colab con Johnnie Walker, us\u00f3 IA para crear un vestido inspirado en el c\u00f3ctel&nbsp;<em>Black Ruby Sweet and Sour<\/em>. La IA jug\u00f3 un papel clave en llevar los sabores del c\u00f3ctel a la moda, marcando el inicio de una nueva era en la que tech y fashion est\u00e1n m\u00e1s unidos que nunca.<\/p>","protected":false},"excerpt":{"rendered":"<p>\u00bfAlguna vez te imaginaste que un c\u00f3ctel pudiera inspirar una pieza de moda? Pues ag\u00e1rrate porque la Mercedes-Benz Fashion Week M\u00e9xico 2024 nos dej\u00f3 mind blown con una colab que fusiona lo m\u00e1s hype del momento: la moda, la inteligencia artificial (IA) y mixolog\u00eda. Yeah, lo le\u00edste bien. Esta vez, la tech se meti\u00f3 hasta [&hellip;]<\/p>\n","protected":false},"author":2,"featured_media":86795,"comment_status":"open","ping_status":"open","sticky":false,"template":"","format":"standard","meta":{"_jetpack_memberships_contains_paid_content":false,"footnotes":"","jetpack_publicize_message":"","jetpack_publicize_feature_enabled":true,"jetpack_social_post_already_shared":true,"jetpack_social_options":{"image_generator_settings":{"template":"highway","default_image_id":0,"font":"","enabled":false},"version":2}},"categories":[41],"tags":[10866,10865,10864],"class_list":["post-86788","post","type-post","status-publish","format-standard","has-post-thumbnail","hentry","category-tech","tag-inclusion-en-la-moda","tag-la-mercedes-benz-fashion-week","tag-moda-y-tecnologia","has-post-title","has-post-date","has-post-category","has-post-tag","has-post-comment","has-post-author",""],"yoast_head":"<!-- This site is optimized with the Yoast SEO plugin v27.4 - https:\/\/yoast.com\/product\/yoast-seo-wordpress\/ -->\n<title>&quot;IA y Moda: Futuro Brillante&quot; - Zero Magazine<\/title>\n<meta name=\"robots\" content=\"index, follow, max-snippet:-1, max-image-preview:large, max-video-preview:-1\" \/>\n<link rel=\"canonical\" href=\"https:\/\/zeromagazine.mx\/index.php\/2024\/10\/15\/ia-y-moda-futuro-brillante\/\" \/>\n<meta property=\"og:locale\" content=\"es_ES\" \/>\n<meta property=\"og:type\" content=\"article\" \/>\n<meta property=\"og:title\" content=\"&quot;IA y Moda: Futuro Brillante&quot; - Zero Magazine\" \/>\n<meta property=\"og:description\" content=\"\u00bfAlguna vez te imaginaste que un c\u00f3ctel pudiera inspirar una pieza de moda? Pues ag\u00e1rrate porque la Mercedes-Benz Fashion Week M\u00e9xico 2024 nos dej\u00f3 mind blown con una colab que fusiona lo m\u00e1s hype del momento: la moda, la inteligencia artificial (IA) y mixolog\u00eda. Yeah, lo le\u00edste bien. Esta vez, la tech se meti\u00f3 hasta [&hellip;]\" \/>\n<meta property=\"og:url\" content=\"https:\/\/zeromagazine.mx\/index.php\/2024\/10\/15\/ia-y-moda-futuro-brillante\/\" \/>\n<meta property=\"og:site_name\" content=\"Zero Magazine\" \/>\n<meta property=\"article:published_time\" content=\"2024-10-15T18:00:42+00:00\" \/>\n<meta property=\"article:modified_time\" content=\"2024-10-15T18:00:44+00:00\" \/>\n<meta property=\"og:image\" content=\"https:\/\/i0.wp.com\/zeromagazine.mx\/wp-content\/uploads\/2024\/10\/BlackRuby-FW_0791-scaled.jpg?fit=2560%2C1708&ssl=1\" \/>\n\t<meta property=\"og:image:width\" content=\"2560\" \/>\n\t<meta property=\"og:image:height\" content=\"1708\" \/>\n\t<meta property=\"og:image:type\" content=\"image\/jpeg\" \/>\n<meta name=\"author\" content=\"zeromagazinemx\" \/>\n<meta name=\"twitter:card\" content=\"summary_large_image\" \/>\n<meta name=\"twitter:label1\" content=\"Escrito por\" \/>\n\t<meta name=\"twitter:data1\" content=\"zeromagazinemx\" \/>\n\t<meta name=\"twitter:label2\" content=\"Tiempo de lectura\" \/>\n\t<meta name=\"twitter:data2\" content=\"5 minutos\" \/>\n<script type=\"application\/ld+json\" class=\"yoast-schema-graph\">{\"@context\":\"https:\\\/\\\/schema.org\",\"@graph\":[{\"@type\":\"Article\",\"@id\":\"https:\\\/\\\/zeromagazine.mx\\\/index.php\\\/2024\\\/10\\\/15\\\/ia-y-moda-futuro-brillante\\\/#article\",\"isPartOf\":{\"@id\":\"https:\\\/\\\/zeromagazine.mx\\\/index.php\\\/2024\\\/10\\\/15\\\/ia-y-moda-futuro-brillante\\\/\"},\"author\":{\"name\":\"zeromagazinemx\",\"@id\":\"https:\\\/\\\/zeromagazine.mx\\\/#\\\/schema\\\/person\\\/9aed9f33a7c39af3a348b86d723f7773\"},\"headline\":\"\u00abIA y Moda: Futuro Brillante\u00bb\",\"datePublished\":\"2024-10-15T18:00:42+00:00\",\"dateModified\":\"2024-10-15T18:00:44+00:00\",\"mainEntityOfPage\":{\"@id\":\"https:\\\/\\\/zeromagazine.mx\\\/index.php\\\/2024\\\/10\\\/15\\\/ia-y-moda-futuro-brillante\\\/\"},\"wordCount\":1051,\"commentCount\":0,\"publisher\":{\"@id\":\"https:\\\/\\\/zeromagazine.mx\\\/#organization\"},\"image\":{\"@id\":\"https:\\\/\\\/zeromagazine.mx\\\/index.php\\\/2024\\\/10\\\/15\\\/ia-y-moda-futuro-brillante\\\/#primaryimage\"},\"thumbnailUrl\":\"https:\\\/\\\/i0.wp.com\\\/zeromagazine.mx\\\/wp-content\\\/uploads\\\/2024\\\/10\\\/BlackRuby-FW_0791-scaled.jpg?fit=2560%2C1708&ssl=1\",\"keywords\":[\"Inclusi\u00f3n en la Moda\",\"La Mercedes-Benz Fashion Week\",\"Moda y Tecnolog\u00eda\"],\"articleSection\":[\"Tech\"],\"inLanguage\":\"es\",\"potentialAction\":[{\"@type\":\"CommentAction\",\"name\":\"Comment\",\"target\":[\"https:\\\/\\\/zeromagazine.mx\\\/index.php\\\/2024\\\/10\\\/15\\\/ia-y-moda-futuro-brillante\\\/#respond\"]}]},{\"@type\":\"WebPage\",\"@id\":\"https:\\\/\\\/zeromagazine.mx\\\/index.php\\\/2024\\\/10\\\/15\\\/ia-y-moda-futuro-brillante\\\/\",\"url\":\"https:\\\/\\\/zeromagazine.mx\\\/index.php\\\/2024\\\/10\\\/15\\\/ia-y-moda-futuro-brillante\\\/\",\"name\":\"\\\"IA y Moda: Futuro Brillante\\\" - Zero Magazine\",\"isPartOf\":{\"@id\":\"https:\\\/\\\/zeromagazine.mx\\\/#website\"},\"primaryImageOfPage\":{\"@id\":\"https:\\\/\\\/zeromagazine.mx\\\/index.php\\\/2024\\\/10\\\/15\\\/ia-y-moda-futuro-brillante\\\/#primaryimage\"},\"image\":{\"@id\":\"https:\\\/\\\/zeromagazine.mx\\\/index.php\\\/2024\\\/10\\\/15\\\/ia-y-moda-futuro-brillante\\\/#primaryimage\"},\"thumbnailUrl\":\"https:\\\/\\\/i0.wp.com\\\/zeromagazine.mx\\\/wp-content\\\/uploads\\\/2024\\\/10\\\/BlackRuby-FW_0791-scaled.jpg?fit=2560%2C1708&ssl=1\",\"datePublished\":\"2024-10-15T18:00:42+00:00\",\"dateModified\":\"2024-10-15T18:00:44+00:00\",\"breadcrumb\":{\"@id\":\"https:\\\/\\\/zeromagazine.mx\\\/index.php\\\/2024\\\/10\\\/15\\\/ia-y-moda-futuro-brillante\\\/#breadcrumb\"},\"inLanguage\":\"es\",\"potentialAction\":[{\"@type\":\"ReadAction\",\"target\":[\"https:\\\/\\\/zeromagazine.mx\\\/index.php\\\/2024\\\/10\\\/15\\\/ia-y-moda-futuro-brillante\\\/\"]}]},{\"@type\":\"ImageObject\",\"inLanguage\":\"es\",\"@id\":\"https:\\\/\\\/zeromagazine.mx\\\/index.php\\\/2024\\\/10\\\/15\\\/ia-y-moda-futuro-brillante\\\/#primaryimage\",\"url\":\"https:\\\/\\\/i0.wp.com\\\/zeromagazine.mx\\\/wp-content\\\/uploads\\\/2024\\\/10\\\/BlackRuby-FW_0791-scaled.jpg?fit=2560%2C1708&ssl=1\",\"contentUrl\":\"https:\\\/\\\/i0.wp.com\\\/zeromagazine.mx\\\/wp-content\\\/uploads\\\/2024\\\/10\\\/BlackRuby-FW_0791-scaled.jpg?fit=2560%2C1708&ssl=1\",\"width\":2560,\"height\":1708},{\"@type\":\"BreadcrumbList\",\"@id\":\"https:\\\/\\\/zeromagazine.mx\\\/index.php\\\/2024\\\/10\\\/15\\\/ia-y-moda-futuro-brillante\\\/#breadcrumb\",\"itemListElement\":[{\"@type\":\"ListItem\",\"position\":1,\"name\":\"Portada\",\"item\":\"https:\\\/\\\/zeromagazine.mx\\\/\"},{\"@type\":\"ListItem\",\"position\":2,\"name\":\"\u00abIA y Moda: Futuro Brillante\u00bb\"}]},{\"@type\":\"WebSite\",\"@id\":\"https:\\\/\\\/zeromagazine.mx\\\/#website\",\"url\":\"https:\\\/\\\/zeromagazine.mx\\\/\",\"name\":\"Zero Magazine\",\"description\":\"\",\"publisher\":{\"@id\":\"https:\\\/\\\/zeromagazine.mx\\\/#organization\"},\"potentialAction\":[{\"@type\":\"SearchAction\",\"target\":{\"@type\":\"EntryPoint\",\"urlTemplate\":\"https:\\\/\\\/zeromagazine.mx\\\/?s={search_term_string}\"},\"query-input\":{\"@type\":\"PropertyValueSpecification\",\"valueRequired\":true,\"valueName\":\"search_term_string\"}}],\"inLanguage\":\"es\"},{\"@type\":\"Organization\",\"@id\":\"https:\\\/\\\/zeromagazine.mx\\\/#organization\",\"name\":\"Zero Magazine\",\"url\":\"https:\\\/\\\/zeromagazine.mx\\\/\",\"logo\":{\"@type\":\"ImageObject\",\"inLanguage\":\"es\",\"@id\":\"https:\\\/\\\/zeromagazine.mx\\\/#\\\/schema\\\/logo\\\/image\\\/\",\"url\":\"https:\\\/\\\/i0.wp.com\\\/zeromagazine.mx\\\/wp-content\\\/uploads\\\/2025\\\/11\\\/1.jpeg?fit=1000%2C1000&ssl=1\",\"contentUrl\":\"https:\\\/\\\/i0.wp.com\\\/zeromagazine.mx\\\/wp-content\\\/uploads\\\/2025\\\/11\\\/1.jpeg?fit=1000%2C1000&ssl=1\",\"width\":1000,\"height\":1000,\"caption\":\"Zero Magazine\"},\"image\":{\"@id\":\"https:\\\/\\\/zeromagazine.mx\\\/#\\\/schema\\\/logo\\\/image\\\/\"},\"sameAs\":[\"https:\\\/\\\/instagram.com\\\/zeromagazinemx\"]},{\"@type\":\"Person\",\"@id\":\"https:\\\/\\\/zeromagazine.mx\\\/#\\\/schema\\\/person\\\/9aed9f33a7c39af3a348b86d723f7773\",\"name\":\"zeromagazinemx\",\"image\":{\"@type\":\"ImageObject\",\"inLanguage\":\"es\",\"@id\":\"https:\\\/\\\/zeromagazine.mx\\\/wp-content\\\/litespeed\\\/avatar\\\/f91dfe5410d5dcb1a576bf8c45983896.jpg?ver=1776966396\",\"url\":\"https:\\\/\\\/zeromagazine.mx\\\/wp-content\\\/litespeed\\\/avatar\\\/f91dfe5410d5dcb1a576bf8c45983896.jpg?ver=1776966396\",\"contentUrl\":\"https:\\\/\\\/zeromagazine.mx\\\/wp-content\\\/litespeed\\\/avatar\\\/f91dfe5410d5dcb1a576bf8c45983896.jpg?ver=1776966396\",\"caption\":\"zeromagazinemx\"},\"url\":\"https:\\\/\\\/zeromagazine.mx\\\/index.php\\\/author\\\/zeromagazinemx\\\/\"}]}<\/script>\n<!-- \/ Yoast SEO plugin. -->","yoast_head_json":{"title":"\"IA y Moda: Futuro Brillante\" - Zero Magazine","robots":{"index":"index","follow":"follow","max-snippet":"max-snippet:-1","max-image-preview":"max-image-preview:large","max-video-preview":"max-video-preview:-1"},"canonical":"https:\/\/zeromagazine.mx\/index.php\/2024\/10\/15\/ia-y-moda-futuro-brillante\/","og_locale":"es_ES","og_type":"article","og_title":"\"IA y Moda: Futuro Brillante\" - Zero Magazine","og_description":"\u00bfAlguna vez te imaginaste que un c\u00f3ctel pudiera inspirar una pieza de moda? Pues ag\u00e1rrate porque la Mercedes-Benz Fashion Week M\u00e9xico 2024 nos dej\u00f3 mind blown con una colab que fusiona lo m\u00e1s hype del momento: la moda, la inteligencia artificial (IA) y mixolog\u00eda. Yeah, lo le\u00edste bien. Esta vez, la tech se meti\u00f3 hasta [&hellip;]","og_url":"https:\/\/zeromagazine.mx\/index.php\/2024\/10\/15\/ia-y-moda-futuro-brillante\/","og_site_name":"Zero Magazine","article_published_time":"2024-10-15T18:00:42+00:00","article_modified_time":"2024-10-15T18:00:44+00:00","og_image":[{"width":2560,"height":1708,"url":"https:\/\/i0.wp.com\/zeromagazine.mx\/wp-content\/uploads\/2024\/10\/BlackRuby-FW_0791-scaled.jpg?fit=2560%2C1708&ssl=1","type":"image\/jpeg"}],"author":"zeromagazinemx","twitter_card":"summary_large_image","twitter_misc":{"Escrito por":"zeromagazinemx","Tiempo de lectura":"5 minutos"},"schema":{"@context":"https:\/\/schema.org","@graph":[{"@type":"Article","@id":"https:\/\/zeromagazine.mx\/index.php\/2024\/10\/15\/ia-y-moda-futuro-brillante\/#article","isPartOf":{"@id":"https:\/\/zeromagazine.mx\/index.php\/2024\/10\/15\/ia-y-moda-futuro-brillante\/"},"author":{"name":"zeromagazinemx","@id":"https:\/\/zeromagazine.mx\/#\/schema\/person\/9aed9f33a7c39af3a348b86d723f7773"},"headline":"\u00abIA y Moda: Futuro Brillante\u00bb","datePublished":"2024-10-15T18:00:42+00:00","dateModified":"2024-10-15T18:00:44+00:00","mainEntityOfPage":{"@id":"https:\/\/zeromagazine.mx\/index.php\/2024\/10\/15\/ia-y-moda-futuro-brillante\/"},"wordCount":1051,"commentCount":0,"publisher":{"@id":"https:\/\/zeromagazine.mx\/#organization"},"image":{"@id":"https:\/\/zeromagazine.mx\/index.php\/2024\/10\/15\/ia-y-moda-futuro-brillante\/#primaryimage"},"thumbnailUrl":"https:\/\/i0.wp.com\/zeromagazine.mx\/wp-content\/uploads\/2024\/10\/BlackRuby-FW_0791-scaled.jpg?fit=2560%2C1708&ssl=1","keywords":["Inclusi\u00f3n en la Moda","La Mercedes-Benz Fashion Week","Moda y Tecnolog\u00eda"],"articleSection":["Tech"],"inLanguage":"es","potentialAction":[{"@type":"CommentAction","name":"Comment","target":["https:\/\/zeromagazine.mx\/index.php\/2024\/10\/15\/ia-y-moda-futuro-brillante\/#respond"]}]},{"@type":"WebPage","@id":"https:\/\/zeromagazine.mx\/index.php\/2024\/10\/15\/ia-y-moda-futuro-brillante\/","url":"https:\/\/zeromagazine.mx\/index.php\/2024\/10\/15\/ia-y-moda-futuro-brillante\/","name":"\"IA y Moda: Futuro Brillante\" - Zero Magazine","isPartOf":{"@id":"https:\/\/zeromagazine.mx\/#website"},"primaryImageOfPage":{"@id":"https:\/\/zeromagazine.mx\/index.php\/2024\/10\/15\/ia-y-moda-futuro-brillante\/#primaryimage"},"image":{"@id":"https:\/\/zeromagazine.mx\/index.php\/2024\/10\/15\/ia-y-moda-futuro-brillante\/#primaryimage"},"thumbnailUrl":"https:\/\/i0.wp.com\/zeromagazine.mx\/wp-content\/uploads\/2024\/10\/BlackRuby-FW_0791-scaled.jpg?fit=2560%2C1708&ssl=1","datePublished":"2024-10-15T18:00:42+00:00","dateModified":"2024-10-15T18:00:44+00:00","breadcrumb":{"@id":"https:\/\/zeromagazine.mx\/index.php\/2024\/10\/15\/ia-y-moda-futuro-brillante\/#breadcrumb"},"inLanguage":"es","potentialAction":[{"@type":"ReadAction","target":["https:\/\/zeromagazine.mx\/index.php\/2024\/10\/15\/ia-y-moda-futuro-brillante\/"]}]},{"@type":"ImageObject","inLanguage":"es","@id":"https:\/\/zeromagazine.mx\/index.php\/2024\/10\/15\/ia-y-moda-futuro-brillante\/#primaryimage","url":"https:\/\/i0.wp.com\/zeromagazine.mx\/wp-content\/uploads\/2024\/10\/BlackRuby-FW_0791-scaled.jpg?fit=2560%2C1708&ssl=1","contentUrl":"https:\/\/i0.wp.com\/zeromagazine.mx\/wp-content\/uploads\/2024\/10\/BlackRuby-FW_0791-scaled.jpg?fit=2560%2C1708&ssl=1","width":2560,"height":1708},{"@type":"BreadcrumbList","@id":"https:\/\/zeromagazine.mx\/index.php\/2024\/10\/15\/ia-y-moda-futuro-brillante\/#breadcrumb","itemListElement":[{"@type":"ListItem","position":1,"name":"Portada","item":"https:\/\/zeromagazine.mx\/"},{"@type":"ListItem","position":2,"name":"\u00abIA y Moda: Futuro Brillante\u00bb"}]},{"@type":"WebSite","@id":"https:\/\/zeromagazine.mx\/#website","url":"https:\/\/zeromagazine.mx\/","name":"Zero Magazine","description":"","publisher":{"@id":"https:\/\/zeromagazine.mx\/#organization"},"potentialAction":[{"@type":"SearchAction","target":{"@type":"EntryPoint","urlTemplate":"https:\/\/zeromagazine.mx\/?s={search_term_string}"},"query-input":{"@type":"PropertyValueSpecification","valueRequired":true,"valueName":"search_term_string"}}],"inLanguage":"es"},{"@type":"Organization","@id":"https:\/\/zeromagazine.mx\/#organization","name":"Zero Magazine","url":"https:\/\/zeromagazine.mx\/","logo":{"@type":"ImageObject","inLanguage":"es","@id":"https:\/\/zeromagazine.mx\/#\/schema\/logo\/image\/","url":"https:\/\/i0.wp.com\/zeromagazine.mx\/wp-content\/uploads\/2025\/11\/1.jpeg?fit=1000%2C1000&ssl=1","contentUrl":"https:\/\/i0.wp.com\/zeromagazine.mx\/wp-content\/uploads\/2025\/11\/1.jpeg?fit=1000%2C1000&ssl=1","width":1000,"height":1000,"caption":"Zero Magazine"},"image":{"@id":"https:\/\/zeromagazine.mx\/#\/schema\/logo\/image\/"},"sameAs":["https:\/\/instagram.com\/zeromagazinemx"]},{"@type":"Person","@id":"https:\/\/zeromagazine.mx\/#\/schema\/person\/9aed9f33a7c39af3a348b86d723f7773","name":"zeromagazinemx","image":{"@type":"ImageObject","inLanguage":"es","@id":"https:\/\/zeromagazine.mx\/wp-content\/litespeed\/avatar\/f91dfe5410d5dcb1a576bf8c45983896.jpg?ver=1776966396","url":"https:\/\/zeromagazine.mx\/wp-content\/litespeed\/avatar\/f91dfe5410d5dcb1a576bf8c45983896.jpg?ver=1776966396","contentUrl":"https:\/\/zeromagazine.mx\/wp-content\/litespeed\/avatar\/f91dfe5410d5dcb1a576bf8c45983896.jpg?ver=1776966396","caption":"zeromagazinemx"},"url":"https:\/\/zeromagazine.mx\/index.php\/author\/zeromagazinemx\/"}]}},"jetpack_publicize_connections":[],"jetpack_featured_media_url":"https:\/\/i0.wp.com\/zeromagazine.mx\/wp-content\/uploads\/2024\/10\/BlackRuby-FW_0791-scaled.jpg?fit=2560%2C1708&ssl=1","jetpack-related-posts":[{"id":88127,"url":"https:\/\/zeromagazine.mx\/index.php\/2024\/10\/22\/johnnie-walker-fashion-y-cocteles\/","url_meta":{"origin":86788,"position":0},"title":"\u00abJohnnie Walker: Fashion y Cocteles\u00a0\u201c","author":"zeromagazinemx","date":"22 de octubre de 2024","format":false,"excerpt":"Johnnie Walker Black Ruby lleg\u00f3 para cambiar el juego en una de las temporadas m\u00e1s esperadas de moda y alta cocteler\u00eda. Si cre\u00edas que ya lo hab\u00edas visto todo, te cuento que se puso intenso el evento en la Ciudad de M\u00e9xico con un show de CGI que llen\u00f3 Paseo\u2026","rel":"","context":"En \u00abEntretenimiento\u00bb","block_context":{"text":"Entretenimiento","link":"https:\/\/zeromagazine.mx\/index.php\/category\/entretenimiento\/"},"img":{"alt_text":"","src":"https:\/\/i0.wp.com\/zeromagazine.mx\/wp-content\/uploads\/2024\/10\/JWMFW-86-scaled.jpg?fit=1200%2C800&ssl=1&resize=350%2C200","width":350,"height":200,"srcset":"https:\/\/i0.wp.com\/zeromagazine.mx\/wp-content\/uploads\/2024\/10\/JWMFW-86-scaled.jpg?fit=1200%2C800&ssl=1&resize=350%2C200 1x, https:\/\/i0.wp.com\/zeromagazine.mx\/wp-content\/uploads\/2024\/10\/JWMFW-86-scaled.jpg?fit=1200%2C800&ssl=1&resize=525%2C300 1.5x, https:\/\/i0.wp.com\/zeromagazine.mx\/wp-content\/uploads\/2024\/10\/JWMFW-86-scaled.jpg?fit=1200%2C800&ssl=1&resize=700%2C400 2x, https:\/\/i0.wp.com\/zeromagazine.mx\/wp-content\/uploads\/2024\/10\/JWMFW-86-scaled.jpg?fit=1200%2C800&ssl=1&resize=1050%2C600 3x"},"classes":[]},{"id":72580,"url":"https:\/\/zeromagazine.mx\/index.php\/2024\/03\/27\/los-cabos-sede-de-mercedes-benz-fashion-week-mexico\/","url_meta":{"origin":86788,"position":1},"title":"Los Cabos: Sede de Mercedes-Benz Fashion Week M\u00e9xico","author":"zeromagazinemx","date":"27 de marzo de 2024","format":false,"excerpt":"Un evento de gran relevancia est\u00e1 por llegar a Los Cabos, y se trata nada m\u00e1s y nada menos que de Mercedes-Benz Fashion Week, presentado por Marriott Bonvoy Banorte. Del 02 al 06 de abril, este destino de lujo mexicano se convertir\u00e1 en el epicentro de la moda, al recibir\u2026","rel":"","context":"En \u00abModa\u00bb","block_context":{"text":"Moda","link":"https:\/\/zeromagazine.mx\/index.php\/category\/moda\/"},"img":{"alt_text":"","src":"https:\/\/i0.wp.com\/zeromagazine.mx\/wp-content\/uploads\/2024\/03\/Solaz-Luxury-Collection-12-scaled.jpg?fit=1200%2C899&ssl=1&resize=350%2C200","width":350,"height":200,"srcset":"https:\/\/i0.wp.com\/zeromagazine.mx\/wp-content\/uploads\/2024\/03\/Solaz-Luxury-Collection-12-scaled.jpg?fit=1200%2C899&ssl=1&resize=350%2C200 1x, https:\/\/i0.wp.com\/zeromagazine.mx\/wp-content\/uploads\/2024\/03\/Solaz-Luxury-Collection-12-scaled.jpg?fit=1200%2C899&ssl=1&resize=525%2C300 1.5x, https:\/\/i0.wp.com\/zeromagazine.mx\/wp-content\/uploads\/2024\/03\/Solaz-Luxury-Collection-12-scaled.jpg?fit=1200%2C899&ssl=1&resize=700%2C400 2x, https:\/\/i0.wp.com\/zeromagazine.mx\/wp-content\/uploads\/2024\/03\/Solaz-Luxury-Collection-12-scaled.jpg?fit=1200%2C899&ssl=1&resize=1050%2C600 3x"},"classes":[]},{"id":73361,"url":"https:\/\/zeromagazine.mx\/index.php\/2024\/04\/06\/mercedes-benz-en-mexico-y-medio-oriente\/","url_meta":{"origin":86788,"position":2},"title":"Mercedes-Benz en M\u00e9xico y Medio Oriente","author":"zeromagazinemx","date":"6 de abril de 2024","format":false,"excerpt":"\u00a1Les tengo noticias s\u00faper emocionantes sobre el mundo de la moda! Resulta que estamos a punto de presenciar algo incre\u00edble: la fusi\u00f3n de la moda mexicana con el talento de Medio Oriente en una edici\u00f3n de lujo que va a ser \u00e9pica. Primero que nada, d\u00e9jenme contarles que esta colaboraci\u00f3n\u2026","rel":"","context":"En \u00abCultura\u00bb","block_context":{"text":"Cultura","link":"https:\/\/zeromagazine.mx\/index.php\/category\/cultura\/"},"img":{"alt_text":"","src":"https:\/\/i0.wp.com\/zeromagazine.mx\/wp-content\/uploads\/2024\/04\/SAUDI-FASHION-3-scaled.jpg?fit=1200%2C1015&ssl=1&resize=350%2C200","width":350,"height":200,"srcset":"https:\/\/i0.wp.com\/zeromagazine.mx\/wp-content\/uploads\/2024\/04\/SAUDI-FASHION-3-scaled.jpg?fit=1200%2C1015&ssl=1&resize=350%2C200 1x, https:\/\/i0.wp.com\/zeromagazine.mx\/wp-content\/uploads\/2024\/04\/SAUDI-FASHION-3-scaled.jpg?fit=1200%2C1015&ssl=1&resize=525%2C300 1.5x, https:\/\/i0.wp.com\/zeromagazine.mx\/wp-content\/uploads\/2024\/04\/SAUDI-FASHION-3-scaled.jpg?fit=1200%2C1015&ssl=1&resize=700%2C400 2x, https:\/\/i0.wp.com\/zeromagazine.mx\/wp-content\/uploads\/2024\/04\/SAUDI-FASHION-3-scaled.jpg?fit=1200%2C1015&ssl=1&resize=1050%2C600 3x"},"classes":[]},{"id":85897,"url":"https:\/\/zeromagazine.mx\/index.php\/2024\/10\/09\/fashion-week-cdmx-vibes-on-point\/","url_meta":{"origin":86788,"position":3},"title":"\u00abFashion Week CDMX: Vibes On Point\u00bb","author":"zeromagazinemx","date":"9 de octubre de 2024","format":false,"excerpt":"\u00a1Omg, la\u00a0Mercedes-Benz Fashion Week M\u00e9xico\u00a0est\u00e1 de regreso en la\u00a0CDMX, y honestly, est\u00e1 lista para dejar su huella m\u00e1s grande que nunca del 15 al 18 de octubre! Si eres fan de la moda o solo quieres vibes trendy, esta es\u00a0the place to be. Imag\u00ednate un evento donde el arte, la\u2026","rel":"","context":"En \u00abEntretenimiento\u00bb","block_context":{"text":"Entretenimiento","link":"https:\/\/zeromagazine.mx\/index.php\/category\/entretenimiento\/"},"img":{"alt_text":"","src":"https:\/\/i0.wp.com\/zeromagazine.mx\/wp-content\/uploads\/2024\/10\/CAMPANANA-MBFWMx-Oficial-1-1.png?fit=1200%2C800&ssl=1&resize=350%2C200","width":350,"height":200,"srcset":"https:\/\/i0.wp.com\/zeromagazine.mx\/wp-content\/uploads\/2024\/10\/CAMPANANA-MBFWMx-Oficial-1-1.png?fit=1200%2C800&ssl=1&resize=350%2C200 1x, https:\/\/i0.wp.com\/zeromagazine.mx\/wp-content\/uploads\/2024\/10\/CAMPANANA-MBFWMx-Oficial-1-1.png?fit=1200%2C800&ssl=1&resize=525%2C300 1.5x, https:\/\/i0.wp.com\/zeromagazine.mx\/wp-content\/uploads\/2024\/10\/CAMPANANA-MBFWMx-Oficial-1-1.png?fit=1200%2C800&ssl=1&resize=700%2C400 2x, https:\/\/i0.wp.com\/zeromagazine.mx\/wp-content\/uploads\/2024\/10\/CAMPANANA-MBFWMx-Oficial-1-1.png?fit=1200%2C800&ssl=1&resize=1050%2C600 3x"},"classes":[]},{"id":74210,"url":"https:\/\/zeromagazine.mx\/index.php\/2024\/04\/17\/exito-en-fashion-week-los-cabos\/","url_meta":{"origin":86788,"position":4},"title":"\u00c9xito en Fashion Week Los Cabos","author":"zeromagazinemx","date":"17 de abril de 2024","format":false,"excerpt":"Mercedes-Benz Fashion Week Los Cabos, este evento, que tuvo lugar en el exclusivo Hotel Solaz, fue mucho m\u00e1s que una simple pasarela; fue un encuentro donde la moda mexicana y saudita se unieron en un espect\u00e1culo de elegancia y creatividad. Comencemos con el entorno: el Hotel Solaz, con su arquitectura\u2026","rel":"","context":"En \u00abModa\u00bb","block_context":{"text":"Moda","link":"https:\/\/zeromagazine.mx\/index.php\/category\/moda\/"},"img":{"alt_text":"","src":"https:\/\/i0.wp.com\/zeromagazine.mx\/wp-content\/uploads\/2024\/04\/SOLAZ-GENERALES-LEICA-20240404-L1051221.jpg?fit=1200%2C799&ssl=1&resize=350%2C200","width":350,"height":200,"srcset":"https:\/\/i0.wp.com\/zeromagazine.mx\/wp-content\/uploads\/2024\/04\/SOLAZ-GENERALES-LEICA-20240404-L1051221.jpg?fit=1200%2C799&ssl=1&resize=350%2C200 1x, https:\/\/i0.wp.com\/zeromagazine.mx\/wp-content\/uploads\/2024\/04\/SOLAZ-GENERALES-LEICA-20240404-L1051221.jpg?fit=1200%2C799&ssl=1&resize=525%2C300 1.5x, https:\/\/i0.wp.com\/zeromagazine.mx\/wp-content\/uploads\/2024\/04\/SOLAZ-GENERALES-LEICA-20240404-L1051221.jpg?fit=1200%2C799&ssl=1&resize=700%2C400 2x, https:\/\/i0.wp.com\/zeromagazine.mx\/wp-content\/uploads\/2024\/04\/SOLAZ-GENERALES-LEICA-20240404-L1051221.jpg?fit=1200%2C799&ssl=1&resize=1050%2C600 3x"},"classes":[]},{"id":51558,"url":"https:\/\/zeromagazine.mx\/index.php\/2021\/08\/04\/mercedes-benz-fashion-week-mexico\/","url_meta":{"origin":86788,"position":5},"title":"Mercedes-Benz Fashion Week M\u00e9xico","author":"zeromagazinemx","date":"4 de agosto de 2021","format":false,"excerpt":"Mercedes-Benz Fashion Week M\u00e9xico present\u00f3 en Puebla las nuevas colecciones de las creativas mexicanas Montserrat Messeguer, Denisse Kuri y Julia y Renata. Por Mayra Torres La agenda inici\u00f3 con la dise\u00f1adora mexicana Montserrat Messeguer en el Museo de Arte Popular de Puebla con su colecci\u00f3n titulada \u201cRancho Grande\u201d, que retrata\u2026","rel":"","context":"En \u00abLifestyle\u00bb","block_context":{"text":"Lifestyle","link":"https:\/\/zeromagazine.mx\/index.php\/category\/lifestyle\/"},"img":{"alt_text":"","src":"","width":0,"height":0},"classes":[]}],"jetpack_sharing_enabled":true,"builder_content":"","_links":{"self":[{"href":"https:\/\/zeromagazine.mx\/index.php\/wp-json\/wp\/v2\/posts\/86788","targetHints":{"allow":["GET"]}}],"collection":[{"href":"https:\/\/zeromagazine.mx\/index.php\/wp-json\/wp\/v2\/posts"}],"about":[{"href":"https:\/\/zeromagazine.mx\/index.php\/wp-json\/wp\/v2\/types\/post"}],"author":[{"embeddable":true,"href":"https:\/\/zeromagazine.mx\/index.php\/wp-json\/wp\/v2\/users\/2"}],"replies":[{"embeddable":true,"href":"https:\/\/zeromagazine.mx\/index.php\/wp-json\/wp\/v2\/comments?post=86788"}],"version-history":[{"count":2,"href":"https:\/\/zeromagazine.mx\/index.php\/wp-json\/wp\/v2\/posts\/86788\/revisions"}],"predecessor-version":[{"id":86798,"href":"https:\/\/zeromagazine.mx\/index.php\/wp-json\/wp\/v2\/posts\/86788\/revisions\/86798"}],"wp:featuredmedia":[{"embeddable":true,"href":"https:\/\/zeromagazine.mx\/index.php\/wp-json\/wp\/v2\/media\/86795"}],"wp:attachment":[{"href":"https:\/\/zeromagazine.mx\/index.php\/wp-json\/wp\/v2\/media?parent=86788"}],"wp:term":[{"taxonomy":"category","embeddable":true,"href":"https:\/\/zeromagazine.mx\/index.php\/wp-json\/wp\/v2\/categories?post=86788"},{"taxonomy":"post_tag","embeddable":true,"href":"https:\/\/zeromagazine.mx\/index.php\/wp-json\/wp\/v2\/tags?post=86788"}],"curies":[{"name":"wp","href":"https:\/\/api.w.org\/{rel}","templated":true}]}}