{"id":86799,"date":"2024-10-15T20:14:35","date_gmt":"2024-10-15T18:14:35","guid":{"rendered":"https:\/\/zeromagazine.mx\/?p=86799"},"modified":"2024-10-15T20:14:36","modified_gmt":"2024-10-15T18:14:36","slug":"subaru-y-panasonic-el-futuro-electrico","status":"publish","type":"post","link":"https:\/\/zeromagazine.mx\/index.php\/2024\/10\/15\/subaru-y-panasonic-el-futuro-electrico\/","title":{"rendered":"\u00abSubaru y Panasonic: El Futuro El\u00e9ctrico\u00bb"},"content":{"rendered":"<!--themify_builder_content-->\n<div id=\"themify_builder_content-86799\" data-postid=\"86799\" class=\"themify_builder_content themify_builder_content-86799 themify_builder tf_clear\">\n    <\/div>\n<!--\/themify_builder_content-->\n\n\n<p>\u00a1Hey, gente! Si pensabas que la movida hacia los autos el\u00e9ctricos solo era cosa de unos pocos, pi\u00e9nsalo otra vez. En Jap\u00f3n, Subaru y Panasonic est\u00e1n haciendo un team-up que promete revolucionar el mercado de veh\u00edculos el\u00e9ctricos. \u00bfDe qu\u00e9 se trata? Bueno, te cuento. Ambas compa\u00f1\u00edas han decidido abrir una nueva f\u00e1brica de bater\u00edas en Oizumi, Gunma, y esto no es cualquier cosa, ya que la demanda de bater\u00edas para autos el\u00e9ctricos est\u00e1 creciendo a niveles absurdos.<\/p>\n\n\n\n<h2 class=\"wp-block-heading\">\u00bfPor qu\u00e9 importa esto?<\/h2>\n\n\n\n<p>Imag\u00ednate que est\u00e1s en el 2030 y, de repente, la mitad de los autos que ves en la calle son el\u00e9ctricos. Eso es exactamente lo que Subaru quiere lograr. La marca japonesa se ha propuesto que el 50% de sus ventas globales en 2030 sean veh\u00edculos el\u00e9ctricos. \u00a1S\u00ed, le\u00edste bien! Esto no solo es un sue\u00f1o, sino que es un plan concreto que ya est\u00e1 en marcha.<\/p>\n\n\n\n<h3 class=\"wp-block-heading\">La alianza que est\u00e1 cambiando el juego<\/h3>\n\n\n\n<p>La colaboraci\u00f3n entre Subaru y Panasonic no es solo una estrategia de marketing. Es un movimiento que busca fortalecer la cadena de suministro de bater\u00edas en Jap\u00f3n y ampliar su base manufacturera. Esto es clave porque el gobierno japon\u00e9s ha declarado las bater\u00edas como un activo estrat\u00e9gico en su plan para alcanzar la neutralidad de carbono para 2050. O sea, est\u00e1n hablando de un futuro en el que no solo Subaru, sino todo Jap\u00f3n, se compromete a ser m\u00e1s eco-friendly.<\/p>\n\n\n\n<p><strong>Atsushi Osaki<\/strong>, el CEO de Subaru, lo dijo bien claro: \u00abEstamos acelerando nuestros esfuerzos hacia la electrificaci\u00f3n\u00bb. Y, de paso, est\u00e1n dispuestos a contribuir a una sociedad sin emisiones de carbono. Este tipo de afirmaciones son lo que necesitamos escuchar en un mundo donde el cambio clim\u00e1tico es una preocupaci\u00f3n real.<\/p>\n\n\n\n<figure class=\"wp-block-image size-full\"><img data-recalc-dims=\"1\" decoding=\"async\" width=\"1165\" height=\"849\" src=\"https:\/\/i0.wp.com\/zeromagazine.mx\/wp-content\/uploads\/2024\/10\/imagen.jpg?resize=1165%2C849&#038;ssl=1\" alt=\"\" class=\"wp-image-86800\" srcset=\"https:\/\/i0.wp.com\/zeromagazine.mx\/wp-content\/uploads\/2024\/10\/imagen.jpg?w=1600&amp;ssl=1 1600w, https:\/\/i0.wp.com\/zeromagazine.mx\/wp-content\/uploads\/2024\/10\/imagen.jpg?resize=300%2C219&amp;ssl=1 300w, https:\/\/i0.wp.com\/zeromagazine.mx\/wp-content\/uploads\/2024\/10\/imagen.jpg?resize=1024%2C746&amp;ssl=1 1024w, https:\/\/i0.wp.com\/zeromagazine.mx\/wp-content\/uploads\/2024\/10\/imagen.jpg?resize=768%2C560&amp;ssl=1 768w, https:\/\/i0.wp.com\/zeromagazine.mx\/wp-content\/uploads\/2024\/10\/imagen.jpg?resize=1536%2C1119&amp;ssl=1 1536w\" sizes=\"(max-width: 1165px) 100vw, 1165px\" \/><\/figure>\n\n\n\n\n<script async src=\"https:\/\/pagead2.googlesyndication.com\/pagead\/js\/adsbygoogle.js?client=ca-pub-5499304793904745\"\n     crossorigin=\"anonymous\"><\/script>\n<ins class=\"adsbygoogle\"\n     style=\"display:block; text-align:center;\"\n     data-ad-layout=\"in-article\"\n     data-ad-format=\"fluid\"\n     data-ad-client=\"ca-pub-5499304793904745\"\n     data-ad-slot=\"5994863093\"><\/ins>\n<script>\n     (adsbygoogle = window.adsbygoogle || []).push({});\n<\/script>\n\n\n\n<h3 class=\"wp-block-heading\">La producci\u00f3n de bater\u00edas<\/h3>\n\n\n\n<p>Ahora, hablemos de las bater\u00edas. Panasonic est\u00e1 preparando una producci\u00f3n masiva de bater\u00edas cil\u00edndricas que comenzar\u00e1 en su planta de Suminoe, Osaka, en 2027. Pero eso no es todo. La nueva f\u00e1brica en Oizumi comenzar\u00e1 su producci\u00f3n en 2028, y cuando ambas plantas est\u00e9n en pleno funcionamiento, \u00a1tendr\u00e1n una capacidad combinada de 20 GWh para 2030! Para que te hagas una idea, eso es suficiente energ\u00eda para alimentar miles de autos el\u00e9ctricos.<\/p>\n\n\n\n<h3 class=\"wp-block-heading\">Un vistazo al futuro: \u00bfqu\u00e9 significa esto para los consumidores?<\/h3>\n\n\n\n<p>Con esta movida, Subaru y Panasonic est\u00e1n prepar\u00e1ndose para responder a la creciente demanda de veh\u00edculos el\u00e9ctricos. Pero, \u00bfqu\u00e9 significa esto para ti, consumidor? B\u00e1sicamente, m\u00e1s opciones de autos el\u00e9ctricos en el mercado, m\u00e1s accesibilidad y, lo m\u00e1s importante, precios que no se ir\u00e1n al cielo. En un mundo donde el cambio clim\u00e1tico es una prioridad, es vital que las marcas tomen decisiones que beneficien al planeta y Subaru lo est\u00e1 haciendo.<\/p>\n\n\n\n<h4 class=\"wp-block-heading\">La cultura automotriz se electrifica<\/h4>\n\n\n\n<p>Para muchos j\u00f3venes, la cultura automotriz est\u00e1 cambiando. Ya no se trata solo de velocidad y potencia; ahora tambi\u00e9n se trata de sostenibilidad. Subaru y Panasonic est\u00e1n al tanto de esto, y es por eso que est\u00e1n tomando medidas para asegurarse de que sus productos no solo sean atractivos, sino tambi\u00e9n responsables. En un mundo donde los consumidores est\u00e1n m\u00e1s informados y son m\u00e1s conscientes de su impacto en el medio ambiente, este tipo de iniciativas son cruciales.<\/p>\n\n\n\n<h2 class=\"wp-block-heading\">El impacto global<\/h2>\n\n\n\n<p>No es solo Jap\u00f3n el que est\u00e1 mirando. Este tipo de colaboraciones tienen un impacto global. La electrificaci\u00f3n de veh\u00edculos no es un problema que solo afecta a un pa\u00eds, sino que es una preocupaci\u00f3n mundial. Subaru y Panasonic est\u00e1n posicion\u00e1ndose como l\u00edderes en esta transici\u00f3n, y esto puede sentar un precedente para otros fabricantes de autom\u00f3viles en todo el mundo. Con la tecnolog\u00eda adecuada y el compromiso de las empresas, la transici\u00f3n hacia veh\u00edculos el\u00e9ctricos puede ser mucho m\u00e1s r\u00e1pida y efectiva.<\/p>\n\n\n\n<h3 class=\"wp-block-heading\">Innovaci\u00f3n y competitividad<\/h3>\n\n\n\n<p>Ambas compa\u00f1\u00edas tienen m\u00e1s de 100 a\u00f1os de experiencia en la industria, lo que significa que saben lo que hacen. Con este nuevo proyecto, no solo est\u00e1n innovando, sino que tambi\u00e9n est\u00e1n mejorando su competitividad a nivel mundial. Esto es crucial en un mercado donde la competencia es feroz y la innovaci\u00f3n es la clave del \u00e9xito.<\/p>\n\n\n\n<h3 class=\"wp-block-heading\">Sostenibilidad: El camino a seguir<\/h3>\n\n\n\n<p>La sostenibilidad no es solo una palabra de moda; es una necesidad. El presidente de Panasonic Energy,\u00a0<strong>Kazuo Tadanobu<\/strong>, lo dej\u00f3 claro: su objetivo final es fomentar una sociedad sostenible. Esto significa que, a medida que las empresas como Subaru y Panasonic se enfocan en el desarrollo de bater\u00edas m\u00e1s eficientes y limpias, tambi\u00e9n est\u00e1n abriendo la puerta a un futuro donde los veh\u00edculos el\u00e9ctricos sean la norma, no la excepci\u00f3n.<\/p>\n\n\n\n<figure class=\"wp-block-image size-full is-resized\"><img data-recalc-dims=\"1\" decoding=\"async\" width=\"1165\" height=\"182\" src=\"https:\/\/i0.wp.com\/zeromagazine.mx\/wp-content\/uploads\/2024\/10\/logo.jpg?resize=1165%2C182&#038;ssl=1\" alt=\"\" class=\"wp-image-86801\" style=\"width:1451px;height:auto\" srcset=\"https:\/\/i0.wp.com\/zeromagazine.mx\/wp-content\/uploads\/2024\/10\/logo.jpg?w=1280&amp;ssl=1 1280w, https:\/\/i0.wp.com\/zeromagazine.mx\/wp-content\/uploads\/2024\/10\/logo.jpg?resize=300%2C47&amp;ssl=1 300w, https:\/\/i0.wp.com\/zeromagazine.mx\/wp-content\/uploads\/2024\/10\/logo.jpg?resize=1024%2C160&amp;ssl=1 1024w, https:\/\/i0.wp.com\/zeromagazine.mx\/wp-content\/uploads\/2024\/10\/logo.jpg?resize=768%2C120&amp;ssl=1 768w\" sizes=\"(max-width: 1165px) 100vw, 1165px\" \/><\/figure>\n\n\n\n\n<script async src=\"https:\/\/pagead2.googlesyndication.com\/pagead\/js\/adsbygoogle.js?client=ca-pub-5499304793904745\"\n     crossorigin=\"anonymous\"><\/script>\n<ins class=\"adsbygoogle\"\n     style=\"display:block; text-align:center;\"\n     data-ad-layout=\"in-article\"\n     data-ad-format=\"fluid\"\n     data-ad-client=\"ca-pub-5499304793904745\"\n     data-ad-slot=\"5994863093\"><\/ins>\n<script>\n     (adsbygoogle = window.adsbygoogle || []).push({});\n<\/script>\n\n\n\n<h2 class=\"wp-block-heading\">La comunidad tambi\u00e9n juega un papel<\/h2>\n\n\n\n<p>La comunidad tambi\u00e9n tiene un papel importante en este proceso. A medida que m\u00e1s personas se interesan por los autos el\u00e9ctricos, es esencial que haya una infraestructura adecuada para soportar esta demanda. La carga de veh\u00edculos el\u00e9ctricos debe ser tan f\u00e1cil como llenar un tanque de gasolina. Afortunadamente, tanto Subaru como Panasonic est\u00e1n comprometidos a asegurar que el crecimiento de esta industria no se vea obstaculizado por la falta de recursos.<\/p>\n\n\n\n<h3 class=\"wp-block-heading\">La experiencia del usuario<\/h3>\n\n\n\n<p>Ahora, hablemos de algo que nos importa a todos: la experiencia del usuario. La tecnolog\u00eda est\u00e1 cambiando la forma en que interactuamos con nuestros autos. Desde aplicaciones que te dicen cu\u00e1nta bater\u00eda te queda hasta sistemas de navegaci\u00f3n que te gu\u00edan a la estaci\u00f3n de carga m\u00e1s cercana, la electrificaci\u00f3n est\u00e1 transformando la forma en que vivimos. Y esto no es solo un lujo; es una necesidad en el mundo actual.<\/p>\n\n\n\n<h3 class=\"wp-block-heading\">Un llamado a la acci\u00f3n<\/h3>\n\n\n\n<p>Si a\u00fan no te has subido al tren de los autos el\u00e9ctricos, ahora es el momento. Inf\u00f3rmate, investiga y considera tus opciones. El futuro est\u00e1 aqu\u00ed, y t\u00fa puedes ser parte de \u00e9l. Con la ayuda de compa\u00f1\u00edas como Subaru y Panasonic, podemos avanzar hacia un mundo m\u00e1s verde y limpio.<\/p>\n\n\n\n<p>As\u00ed que, \u00a1dale un vistazo a lo que estas marcas est\u00e1n haciendo! La innovaci\u00f3n est\u00e1 en marcha, y la revoluci\u00f3n el\u00e9ctrica est\u00e1 aqu\u00ed para quedarse. Cada peque\u00f1o paso cuenta y juntos podemos hacer la diferencia. Recuerda: \u00a1El futuro es el\u00e9ctrico!<\/p>","protected":false},"excerpt":{"rendered":"<p>\u00a1Hey, gente! Si pensabas que la movida hacia los autos el\u00e9ctricos solo era cosa de unos pocos, pi\u00e9nsalo otra vez. En Jap\u00f3n, Subaru y Panasonic est\u00e1n haciendo un team-up que promete revolucionar el mercado de veh\u00edculos el\u00e9ctricos. \u00bfDe qu\u00e9 se trata? Bueno, te cuento. Ambas compa\u00f1\u00edas han decidido abrir una nueva f\u00e1brica de bater\u00edas en [&hellip;]<\/p>\n","protected":false},"author":2,"featured_media":86800,"comment_status":"open","ping_status":"open","sticky":false,"template":"","format":"standard","meta":{"_jetpack_memberships_contains_paid_content":false,"footnotes":"","jetpack_publicize_message":"","jetpack_publicize_feature_enabled":true,"jetpack_social_post_already_shared":true,"jetpack_social_options":{"image_generator_settings":{"template":"highway","default_image_id":0,"font":"","enabled":false},"version":2}},"categories":[41],"tags":[10869,10868,10867],"class_list":["post-86799","post","type-post","status-publish","format-standard","has-post-thumbnail","hentry","category-tech","tag-evolucion-de-subaru","tag-sostenibilidad-y-energia","tag-tecnologia-automotriz","has-post-title","has-post-date","has-post-category","has-post-tag","has-post-comment","has-post-author",""],"yoast_head":"<!-- This site is optimized with the Yoast SEO plugin v27.4 - https:\/\/yoast.com\/product\/yoast-seo-wordpress\/ -->\n<title>&quot;Subaru y Panasonic: El Futuro El\u00e9ctrico&quot; - Zero Magazine<\/title>\n<meta name=\"robots\" content=\"index, follow, max-snippet:-1, max-image-preview:large, max-video-preview:-1\" \/>\n<link rel=\"canonical\" href=\"https:\/\/zeromagazine.mx\/index.php\/2024\/10\/15\/subaru-y-panasonic-el-futuro-electrico\/\" \/>\n<meta property=\"og:locale\" content=\"es_ES\" \/>\n<meta property=\"og:type\" content=\"article\" \/>\n<meta property=\"og:title\" content=\"&quot;Subaru y Panasonic: El Futuro El\u00e9ctrico&quot; - Zero Magazine\" \/>\n<meta property=\"og:description\" content=\"\u00a1Hey, gente! Si pensabas que la movida hacia los autos el\u00e9ctricos solo era cosa de unos pocos, pi\u00e9nsalo otra vez. En Jap\u00f3n, Subaru y Panasonic est\u00e1n haciendo un team-up que promete revolucionar el mercado de veh\u00edculos el\u00e9ctricos. \u00bfDe qu\u00e9 se trata? Bueno, te cuento. Ambas compa\u00f1\u00edas han decidido abrir una nueva f\u00e1brica de bater\u00edas en [&hellip;]\" \/>\n<meta property=\"og:url\" content=\"https:\/\/zeromagazine.mx\/index.php\/2024\/10\/15\/subaru-y-panasonic-el-futuro-electrico\/\" \/>\n<meta property=\"og:site_name\" content=\"Zero Magazine\" \/>\n<meta property=\"article:published_time\" content=\"2024-10-15T18:14:35+00:00\" \/>\n<meta property=\"article:modified_time\" content=\"2024-10-15T18:14:36+00:00\" \/>\n<meta property=\"og:image\" content=\"https:\/\/i0.wp.com\/zeromagazine.mx\/wp-content\/uploads\/2024\/10\/imagen.jpg?fit=1600%2C1166&ssl=1\" \/>\n\t<meta property=\"og:image:width\" content=\"1600\" \/>\n\t<meta property=\"og:image:height\" content=\"1166\" \/>\n\t<meta property=\"og:image:type\" content=\"image\/jpeg\" \/>\n<meta name=\"author\" content=\"zeromagazinemx\" \/>\n<meta name=\"twitter:card\" content=\"summary_large_image\" \/>\n<meta name=\"twitter:label1\" content=\"Escrito por\" \/>\n\t<meta name=\"twitter:data1\" content=\"zeromagazinemx\" \/>\n\t<meta name=\"twitter:label2\" content=\"Tiempo de lectura\" \/>\n\t<meta name=\"twitter:data2\" content=\"6 minutos\" \/>\n<script type=\"application\/ld+json\" class=\"yoast-schema-graph\">{\"@context\":\"https:\\\/\\\/schema.org\",\"@graph\":[{\"@type\":\"Article\",\"@id\":\"https:\\\/\\\/zeromagazine.mx\\\/index.php\\\/2024\\\/10\\\/15\\\/subaru-y-panasonic-el-futuro-electrico\\\/#article\",\"isPartOf\":{\"@id\":\"https:\\\/\\\/zeromagazine.mx\\\/index.php\\\/2024\\\/10\\\/15\\\/subaru-y-panasonic-el-futuro-electrico\\\/\"},\"author\":{\"name\":\"zeromagazinemx\",\"@id\":\"https:\\\/\\\/zeromagazine.mx\\\/#\\\/schema\\\/person\\\/9aed9f33a7c39af3a348b86d723f7773\"},\"headline\":\"\u00abSubaru y Panasonic: El Futuro El\u00e9ctrico\u00bb\",\"datePublished\":\"2024-10-15T18:14:35+00:00\",\"dateModified\":\"2024-10-15T18:14:36+00:00\",\"mainEntityOfPage\":{\"@id\":\"https:\\\/\\\/zeromagazine.mx\\\/index.php\\\/2024\\\/10\\\/15\\\/subaru-y-panasonic-el-futuro-electrico\\\/\"},\"wordCount\":1116,\"commentCount\":0,\"publisher\":{\"@id\":\"https:\\\/\\\/zeromagazine.mx\\\/#organization\"},\"image\":{\"@id\":\"https:\\\/\\\/zeromagazine.mx\\\/index.php\\\/2024\\\/10\\\/15\\\/subaru-y-panasonic-el-futuro-electrico\\\/#primaryimage\"},\"thumbnailUrl\":\"https:\\\/\\\/i0.wp.com\\\/zeromagazine.mx\\\/wp-content\\\/uploads\\\/2024\\\/10\\\/imagen.jpg?fit=1600%2C1166&ssl=1\",\"keywords\":[\"evoluci\u00f3n de Subaru\",\"Sostenibilidad y Energ\u00eda\",\"Tecnolog\u00eda Automotriz\"],\"articleSection\":[\"Tech\"],\"inLanguage\":\"es\",\"potentialAction\":[{\"@type\":\"CommentAction\",\"name\":\"Comment\",\"target\":[\"https:\\\/\\\/zeromagazine.mx\\\/index.php\\\/2024\\\/10\\\/15\\\/subaru-y-panasonic-el-futuro-electrico\\\/#respond\"]}]},{\"@type\":\"WebPage\",\"@id\":\"https:\\\/\\\/zeromagazine.mx\\\/index.php\\\/2024\\\/10\\\/15\\\/subaru-y-panasonic-el-futuro-electrico\\\/\",\"url\":\"https:\\\/\\\/zeromagazine.mx\\\/index.php\\\/2024\\\/10\\\/15\\\/subaru-y-panasonic-el-futuro-electrico\\\/\",\"name\":\"\\\"Subaru y Panasonic: El Futuro El\u00e9ctrico\\\" - Zero Magazine\",\"isPartOf\":{\"@id\":\"https:\\\/\\\/zeromagazine.mx\\\/#website\"},\"primaryImageOfPage\":{\"@id\":\"https:\\\/\\\/zeromagazine.mx\\\/index.php\\\/2024\\\/10\\\/15\\\/subaru-y-panasonic-el-futuro-electrico\\\/#primaryimage\"},\"image\":{\"@id\":\"https:\\\/\\\/zeromagazine.mx\\\/index.php\\\/2024\\\/10\\\/15\\\/subaru-y-panasonic-el-futuro-electrico\\\/#primaryimage\"},\"thumbnailUrl\":\"https:\\\/\\\/i0.wp.com\\\/zeromagazine.mx\\\/wp-content\\\/uploads\\\/2024\\\/10\\\/imagen.jpg?fit=1600%2C1166&ssl=1\",\"datePublished\":\"2024-10-15T18:14:35+00:00\",\"dateModified\":\"2024-10-15T18:14:36+00:00\",\"breadcrumb\":{\"@id\":\"https:\\\/\\\/zeromagazine.mx\\\/index.php\\\/2024\\\/10\\\/15\\\/subaru-y-panasonic-el-futuro-electrico\\\/#breadcrumb\"},\"inLanguage\":\"es\",\"potentialAction\":[{\"@type\":\"ReadAction\",\"target\":[\"https:\\\/\\\/zeromagazine.mx\\\/index.php\\\/2024\\\/10\\\/15\\\/subaru-y-panasonic-el-futuro-electrico\\\/\"]}]},{\"@type\":\"ImageObject\",\"inLanguage\":\"es\",\"@id\":\"https:\\\/\\\/zeromagazine.mx\\\/index.php\\\/2024\\\/10\\\/15\\\/subaru-y-panasonic-el-futuro-electrico\\\/#primaryimage\",\"url\":\"https:\\\/\\\/i0.wp.com\\\/zeromagazine.mx\\\/wp-content\\\/uploads\\\/2024\\\/10\\\/imagen.jpg?fit=1600%2C1166&ssl=1\",\"contentUrl\":\"https:\\\/\\\/i0.wp.com\\\/zeromagazine.mx\\\/wp-content\\\/uploads\\\/2024\\\/10\\\/imagen.jpg?fit=1600%2C1166&ssl=1\",\"width\":1600,\"height\":1166},{\"@type\":\"BreadcrumbList\",\"@id\":\"https:\\\/\\\/zeromagazine.mx\\\/index.php\\\/2024\\\/10\\\/15\\\/subaru-y-panasonic-el-futuro-electrico\\\/#breadcrumb\",\"itemListElement\":[{\"@type\":\"ListItem\",\"position\":1,\"name\":\"Portada\",\"item\":\"https:\\\/\\\/zeromagazine.mx\\\/\"},{\"@type\":\"ListItem\",\"position\":2,\"name\":\"\u00abSubaru y Panasonic: El Futuro El\u00e9ctrico\u00bb\"}]},{\"@type\":\"WebSite\",\"@id\":\"https:\\\/\\\/zeromagazine.mx\\\/#website\",\"url\":\"https:\\\/\\\/zeromagazine.mx\\\/\",\"name\":\"Zero Magazine\",\"description\":\"\",\"publisher\":{\"@id\":\"https:\\\/\\\/zeromagazine.mx\\\/#organization\"},\"potentialAction\":[{\"@type\":\"SearchAction\",\"target\":{\"@type\":\"EntryPoint\",\"urlTemplate\":\"https:\\\/\\\/zeromagazine.mx\\\/?s={search_term_string}\"},\"query-input\":{\"@type\":\"PropertyValueSpecification\",\"valueRequired\":true,\"valueName\":\"search_term_string\"}}],\"inLanguage\":\"es\"},{\"@type\":\"Organization\",\"@id\":\"https:\\\/\\\/zeromagazine.mx\\\/#organization\",\"name\":\"Zero Magazine\",\"url\":\"https:\\\/\\\/zeromagazine.mx\\\/\",\"logo\":{\"@type\":\"ImageObject\",\"inLanguage\":\"es\",\"@id\":\"https:\\\/\\\/zeromagazine.mx\\\/#\\\/schema\\\/logo\\\/image\\\/\",\"url\":\"https:\\\/\\\/i0.wp.com\\\/zeromagazine.mx\\\/wp-content\\\/uploads\\\/2025\\\/11\\\/1.jpeg?fit=1000%2C1000&ssl=1\",\"contentUrl\":\"https:\\\/\\\/i0.wp.com\\\/zeromagazine.mx\\\/wp-content\\\/uploads\\\/2025\\\/11\\\/1.jpeg?fit=1000%2C1000&ssl=1\",\"width\":1000,\"height\":1000,\"caption\":\"Zero Magazine\"},\"image\":{\"@id\":\"https:\\\/\\\/zeromagazine.mx\\\/#\\\/schema\\\/logo\\\/image\\\/\"},\"sameAs\":[\"https:\\\/\\\/instagram.com\\\/zeromagazinemx\"]},{\"@type\":\"Person\",\"@id\":\"https:\\\/\\\/zeromagazine.mx\\\/#\\\/schema\\\/person\\\/9aed9f33a7c39af3a348b86d723f7773\",\"name\":\"zeromagazinemx\",\"image\":{\"@type\":\"ImageObject\",\"inLanguage\":\"es\",\"@id\":\"https:\\\/\\\/zeromagazine.mx\\\/wp-content\\\/litespeed\\\/avatar\\\/f91dfe5410d5dcb1a576bf8c45983896.jpg?ver=1776966396\",\"url\":\"https:\\\/\\\/zeromagazine.mx\\\/wp-content\\\/litespeed\\\/avatar\\\/f91dfe5410d5dcb1a576bf8c45983896.jpg?ver=1776966396\",\"contentUrl\":\"https:\\\/\\\/zeromagazine.mx\\\/wp-content\\\/litespeed\\\/avatar\\\/f91dfe5410d5dcb1a576bf8c45983896.jpg?ver=1776966396\",\"caption\":\"zeromagazinemx\"},\"url\":\"https:\\\/\\\/zeromagazine.mx\\\/index.php\\\/author\\\/zeromagazinemx\\\/\"}]}<\/script>\n<!-- \/ Yoast SEO plugin. -->","yoast_head_json":{"title":"\"Subaru y Panasonic: El Futuro El\u00e9ctrico\" - Zero Magazine","robots":{"index":"index","follow":"follow","max-snippet":"max-snippet:-1","max-image-preview":"max-image-preview:large","max-video-preview":"max-video-preview:-1"},"canonical":"https:\/\/zeromagazine.mx\/index.php\/2024\/10\/15\/subaru-y-panasonic-el-futuro-electrico\/","og_locale":"es_ES","og_type":"article","og_title":"\"Subaru y Panasonic: El Futuro El\u00e9ctrico\" - Zero Magazine","og_description":"\u00a1Hey, gente! Si pensabas que la movida hacia los autos el\u00e9ctricos solo era cosa de unos pocos, pi\u00e9nsalo otra vez. En Jap\u00f3n, Subaru y Panasonic est\u00e1n haciendo un team-up que promete revolucionar el mercado de veh\u00edculos el\u00e9ctricos. \u00bfDe qu\u00e9 se trata? Bueno, te cuento. Ambas compa\u00f1\u00edas han decidido abrir una nueva f\u00e1brica de bater\u00edas en [&hellip;]","og_url":"https:\/\/zeromagazine.mx\/index.php\/2024\/10\/15\/subaru-y-panasonic-el-futuro-electrico\/","og_site_name":"Zero Magazine","article_published_time":"2024-10-15T18:14:35+00:00","article_modified_time":"2024-10-15T18:14:36+00:00","og_image":[{"width":1600,"height":1166,"url":"https:\/\/i0.wp.com\/zeromagazine.mx\/wp-content\/uploads\/2024\/10\/imagen.jpg?fit=1600%2C1166&ssl=1","type":"image\/jpeg"}],"author":"zeromagazinemx","twitter_card":"summary_large_image","twitter_misc":{"Escrito por":"zeromagazinemx","Tiempo de lectura":"6 minutos"},"schema":{"@context":"https:\/\/schema.org","@graph":[{"@type":"Article","@id":"https:\/\/zeromagazine.mx\/index.php\/2024\/10\/15\/subaru-y-panasonic-el-futuro-electrico\/#article","isPartOf":{"@id":"https:\/\/zeromagazine.mx\/index.php\/2024\/10\/15\/subaru-y-panasonic-el-futuro-electrico\/"},"author":{"name":"zeromagazinemx","@id":"https:\/\/zeromagazine.mx\/#\/schema\/person\/9aed9f33a7c39af3a348b86d723f7773"},"headline":"\u00abSubaru y Panasonic: El Futuro El\u00e9ctrico\u00bb","datePublished":"2024-10-15T18:14:35+00:00","dateModified":"2024-10-15T18:14:36+00:00","mainEntityOfPage":{"@id":"https:\/\/zeromagazine.mx\/index.php\/2024\/10\/15\/subaru-y-panasonic-el-futuro-electrico\/"},"wordCount":1116,"commentCount":0,"publisher":{"@id":"https:\/\/zeromagazine.mx\/#organization"},"image":{"@id":"https:\/\/zeromagazine.mx\/index.php\/2024\/10\/15\/subaru-y-panasonic-el-futuro-electrico\/#primaryimage"},"thumbnailUrl":"https:\/\/i0.wp.com\/zeromagazine.mx\/wp-content\/uploads\/2024\/10\/imagen.jpg?fit=1600%2C1166&ssl=1","keywords":["evoluci\u00f3n de Subaru","Sostenibilidad y Energ\u00eda","Tecnolog\u00eda Automotriz"],"articleSection":["Tech"],"inLanguage":"es","potentialAction":[{"@type":"CommentAction","name":"Comment","target":["https:\/\/zeromagazine.mx\/index.php\/2024\/10\/15\/subaru-y-panasonic-el-futuro-electrico\/#respond"]}]},{"@type":"WebPage","@id":"https:\/\/zeromagazine.mx\/index.php\/2024\/10\/15\/subaru-y-panasonic-el-futuro-electrico\/","url":"https:\/\/zeromagazine.mx\/index.php\/2024\/10\/15\/subaru-y-panasonic-el-futuro-electrico\/","name":"\"Subaru y Panasonic: El Futuro El\u00e9ctrico\" - Zero Magazine","isPartOf":{"@id":"https:\/\/zeromagazine.mx\/#website"},"primaryImageOfPage":{"@id":"https:\/\/zeromagazine.mx\/index.php\/2024\/10\/15\/subaru-y-panasonic-el-futuro-electrico\/#primaryimage"},"image":{"@id":"https:\/\/zeromagazine.mx\/index.php\/2024\/10\/15\/subaru-y-panasonic-el-futuro-electrico\/#primaryimage"},"thumbnailUrl":"https:\/\/i0.wp.com\/zeromagazine.mx\/wp-content\/uploads\/2024\/10\/imagen.jpg?fit=1600%2C1166&ssl=1","datePublished":"2024-10-15T18:14:35+00:00","dateModified":"2024-10-15T18:14:36+00:00","breadcrumb":{"@id":"https:\/\/zeromagazine.mx\/index.php\/2024\/10\/15\/subaru-y-panasonic-el-futuro-electrico\/#breadcrumb"},"inLanguage":"es","potentialAction":[{"@type":"ReadAction","target":["https:\/\/zeromagazine.mx\/index.php\/2024\/10\/15\/subaru-y-panasonic-el-futuro-electrico\/"]}]},{"@type":"ImageObject","inLanguage":"es","@id":"https:\/\/zeromagazine.mx\/index.php\/2024\/10\/15\/subaru-y-panasonic-el-futuro-electrico\/#primaryimage","url":"https:\/\/i0.wp.com\/zeromagazine.mx\/wp-content\/uploads\/2024\/10\/imagen.jpg?fit=1600%2C1166&ssl=1","contentUrl":"https:\/\/i0.wp.com\/zeromagazine.mx\/wp-content\/uploads\/2024\/10\/imagen.jpg?fit=1600%2C1166&ssl=1","width":1600,"height":1166},{"@type":"BreadcrumbList","@id":"https:\/\/zeromagazine.mx\/index.php\/2024\/10\/15\/subaru-y-panasonic-el-futuro-electrico\/#breadcrumb","itemListElement":[{"@type":"ListItem","position":1,"name":"Portada","item":"https:\/\/zeromagazine.mx\/"},{"@type":"ListItem","position":2,"name":"\u00abSubaru y Panasonic: El Futuro El\u00e9ctrico\u00bb"}]},{"@type":"WebSite","@id":"https:\/\/zeromagazine.mx\/#website","url":"https:\/\/zeromagazine.mx\/","name":"Zero Magazine","description":"","publisher":{"@id":"https:\/\/zeromagazine.mx\/#organization"},"potentialAction":[{"@type":"SearchAction","target":{"@type":"EntryPoint","urlTemplate":"https:\/\/zeromagazine.mx\/?s={search_term_string}"},"query-input":{"@type":"PropertyValueSpecification","valueRequired":true,"valueName":"search_term_string"}}],"inLanguage":"es"},{"@type":"Organization","@id":"https:\/\/zeromagazine.mx\/#organization","name":"Zero Magazine","url":"https:\/\/zeromagazine.mx\/","logo":{"@type":"ImageObject","inLanguage":"es","@id":"https:\/\/zeromagazine.mx\/#\/schema\/logo\/image\/","url":"https:\/\/i0.wp.com\/zeromagazine.mx\/wp-content\/uploads\/2025\/11\/1.jpeg?fit=1000%2C1000&ssl=1","contentUrl":"https:\/\/i0.wp.com\/zeromagazine.mx\/wp-content\/uploads\/2025\/11\/1.jpeg?fit=1000%2C1000&ssl=1","width":1000,"height":1000,"caption":"Zero Magazine"},"image":{"@id":"https:\/\/zeromagazine.mx\/#\/schema\/logo\/image\/"},"sameAs":["https:\/\/instagram.com\/zeromagazinemx"]},{"@type":"Person","@id":"https:\/\/zeromagazine.mx\/#\/schema\/person\/9aed9f33a7c39af3a348b86d723f7773","name":"zeromagazinemx","image":{"@type":"ImageObject","inLanguage":"es","@id":"https:\/\/zeromagazine.mx\/wp-content\/litespeed\/avatar\/f91dfe5410d5dcb1a576bf8c45983896.jpg?ver=1776966396","url":"https:\/\/zeromagazine.mx\/wp-content\/litespeed\/avatar\/f91dfe5410d5dcb1a576bf8c45983896.jpg?ver=1776966396","contentUrl":"https:\/\/zeromagazine.mx\/wp-content\/litespeed\/avatar\/f91dfe5410d5dcb1a576bf8c45983896.jpg?ver=1776966396","caption":"zeromagazinemx"},"url":"https:\/\/zeromagazine.mx\/index.php\/author\/zeromagazinemx\/"}]}},"jetpack_publicize_connections":[],"jetpack_featured_media_url":"https:\/\/i0.wp.com\/zeromagazine.mx\/wp-content\/uploads\/2024\/10\/imagen.jpg?fit=1600%2C1166&ssl=1","jetpack-related-posts":[{"id":69931,"url":"https:\/\/zeromagazine.mx\/index.php\/2023\/12\/26\/revolucion-electrica-el-nuevo-range-rover-surge\/","url_meta":{"origin":86799,"position":0},"title":"Revoluci\u00f3n El\u00e9ctrica: El Nuevo Range Rover Surge","author":"David Morales","date":"26 de diciembre de 2023","format":false,"excerpt":"Hay noticias frescas en el mundo automotriz que \u00a1no se pueden perder! Se est\u00e1 abriendo una nueva era para Range Rover con el lanzamiento del tan esperado Range Rover El\u00e9ctrico. Esta movida ha desatado expectativas alt\u00edsimas y una ola de entusiasmo entre lxs fan\u00e1ticxs de los autos. Primero que nada,\u2026","rel":"","context":"En \u00abLifestyle\u00bb","block_context":{"text":"Lifestyle","link":"https:\/\/zeromagazine.mx\/index.php\/category\/lifestyle\/"},"img":{"alt_text":"","src":"https:\/\/i0.wp.com\/zeromagazine.mx\/wp-content\/uploads\/2023\/12\/RR_BEV_Announcement_131223_09-scaled.jpg?fit=1200%2C675&ssl=1&resize=350%2C200","width":350,"height":200,"srcset":"https:\/\/i0.wp.com\/zeromagazine.mx\/wp-content\/uploads\/2023\/12\/RR_BEV_Announcement_131223_09-scaled.jpg?fit=1200%2C675&ssl=1&resize=350%2C200 1x, https:\/\/i0.wp.com\/zeromagazine.mx\/wp-content\/uploads\/2023\/12\/RR_BEV_Announcement_131223_09-scaled.jpg?fit=1200%2C675&ssl=1&resize=525%2C300 1.5x, https:\/\/i0.wp.com\/zeromagazine.mx\/wp-content\/uploads\/2023\/12\/RR_BEV_Announcement_131223_09-scaled.jpg?fit=1200%2C675&ssl=1&resize=700%2C400 2x, https:\/\/i0.wp.com\/zeromagazine.mx\/wp-content\/uploads\/2023\/12\/RR_BEV_Announcement_131223_09-scaled.jpg?fit=1200%2C675&ssl=1&resize=1050%2C600 3x"},"classes":[]},{"id":112688,"url":"https:\/\/zeromagazine.mx\/index.php\/2026\/01\/06\/super-hybrid-system-tecnologia-hibrida\/","url_meta":{"origin":86799,"position":1},"title":"La tecnolog\u00eda h\u00edbrida entra a una nueva etapa: el valor de Super Hybrid System comienza a redefinir la industria","author":"David Morales","date":"6 de enero de 2026","format":false,"excerpt":"La movilidad h\u00edbrida est\u00e1 dejando atr\u00e1s su etapa experimental para entrar, por fin, en modo maduro. Hoy, ya no se trata solo de ahorrar gasolina o de sumar kil\u00f3metros el\u00e9ctricos, sino de crear sistemas completos que realmente se adapten a c\u00f3mo nos movemos. En ese contexto,\u00a0Super Hybrid System\u00a0se est\u00e1 convirtiendo\u2026","rel":"","context":"En \u00abBlog\u00bb","block_context":{"text":"Blog","link":"https:\/\/zeromagazine.mx\/index.php\/category\/blog\/"},"img":{"alt_text":"","src":"https:\/\/i0.wp.com\/zeromagazine.mx\/wp-content\/uploads\/2026\/01\/IMG_0811.jpeg?fit=1200%2C676&ssl=1&resize=350%2C200","width":350,"height":200,"srcset":"https:\/\/i0.wp.com\/zeromagazine.mx\/wp-content\/uploads\/2026\/01\/IMG_0811.jpeg?fit=1200%2C676&ssl=1&resize=350%2C200 1x, https:\/\/i0.wp.com\/zeromagazine.mx\/wp-content\/uploads\/2026\/01\/IMG_0811.jpeg?fit=1200%2C676&ssl=1&resize=525%2C300 1.5x, https:\/\/i0.wp.com\/zeromagazine.mx\/wp-content\/uploads\/2026\/01\/IMG_0811.jpeg?fit=1200%2C676&ssl=1&resize=700%2C400 2x, https:\/\/i0.wp.com\/zeromagazine.mx\/wp-content\/uploads\/2026\/01\/IMG_0811.jpeg?fit=1200%2C676&ssl=1&resize=1050%2C600 3x"},"classes":[]},{"id":81525,"url":"https:\/\/zeromagazine.mx\/index.php\/2024\/08\/07\/6-beneficios-de-usar-eneloop\/","url_meta":{"origin":86799,"position":2},"title":"6 Beneficios de Usar Eneloop","author":"zeromagazinemx","date":"7 de agosto de 2024","format":false,"excerpt":"\u00a1Hey, chiques! Hoy vamos a platicar de algo que puede sonar medio t\u00e9cnico al principio, pero que es mega importante si queremos hacer del mundo un lugar m\u00e1s cool y sostenible. Estoy hablando de las bater\u00edas recargables eneloop de Panasonic. \u00a1Vamo a darle! \u00a1Bater\u00edas eneloop al rescate! Como ya saben,\u2026","rel":"","context":"En \u00abTech\u00bb","block_context":{"text":"Tech","link":"https:\/\/zeromagazine.mx\/index.php\/category\/tech\/"},"img":{"alt_text":"","src":"https:\/\/i0.wp.com\/zeromagazine.mx\/wp-content\/uploads\/2024\/08\/Imagen-1.png?fit=444%2C423&ssl=1&resize=350%2C200","width":350,"height":200},"classes":[]},{"id":84819,"url":"https:\/\/zeromagazine.mx\/index.php\/2024\/09\/27\/can-am-de-cara-al-futuro\/","url_meta":{"origin":86799,"position":3},"title":"Can-Am: de Cara al Futuro","author":"David Morales","date":"27 de septiembre de 2024","format":false,"excerpt":"Si eres fan de las motos y la adrenalina, \u00a1presta atenci\u00f3n! Can-Am, una de las marcas m\u00e1s ic\u00f3nicas en el mundo de los veh\u00edculos on-road, acaba de revelar un adelanto de lo que ser\u00e1 su nueva l\u00ednea de motocicletas completamente el\u00e9ctricas, y lo hizo nada menos que en el Sal\u00f3n\u2026","rel":"","context":"En \u00abTech\u00bb","block_context":{"text":"Tech","link":"https:\/\/zeromagazine.mx\/index.php\/category\/tech\/"},"img":{"alt_text":"","src":"https:\/\/i0.wp.com\/zeromagazine.mx\/wp-content\/uploads\/2024\/09\/PHOTO-2024-09-27-13-56-30.jpeg?fit=1200%2C675&ssl=1&resize=350%2C200","width":350,"height":200,"srcset":"https:\/\/i0.wp.com\/zeromagazine.mx\/wp-content\/uploads\/2024\/09\/PHOTO-2024-09-27-13-56-30.jpeg?fit=1200%2C675&ssl=1&resize=350%2C200 1x, https:\/\/i0.wp.com\/zeromagazine.mx\/wp-content\/uploads\/2024\/09\/PHOTO-2024-09-27-13-56-30.jpeg?fit=1200%2C675&ssl=1&resize=525%2C300 1.5x, https:\/\/i0.wp.com\/zeromagazine.mx\/wp-content\/uploads\/2024\/09\/PHOTO-2024-09-27-13-56-30.jpeg?fit=1200%2C675&ssl=1&resize=700%2C400 2x, https:\/\/i0.wp.com\/zeromagazine.mx\/wp-content\/uploads\/2024\/09\/PHOTO-2024-09-27-13-56-30.jpeg?fit=1200%2C675&ssl=1&resize=1050%2C600 3x"},"classes":[]},{"id":97937,"url":"https:\/\/zeromagazine.mx\/index.php\/2025\/02\/27\/grey-y-volvo-en-movimiento\/","url_meta":{"origin":86799,"position":4},"title":"Grey y Volvo: creatividad en movimiento","author":"David Morales","date":"27 de febrero de 2025","format":false,"excerpt":"Cuando dos gigantes se juntan, el game cambia. Volvo, la marca que todxs conocemos por sus naves seguras y elegantes, acaba de fichar a Grey M\u00e9xico como su agencia creativa en Latinoam\u00e9rica. Y no es cualquier alianza, es un power move que promete redefinir la forma en que la banda\u2026","rel":"","context":"En \u00abCultura\u00bb","block_context":{"text":"Cultura","link":"https:\/\/zeromagazine.mx\/index.php\/category\/cultura\/"},"img":{"alt_text":"","src":"https:\/\/i0.wp.com\/zeromagazine.mx\/wp-content\/uploads\/2025\/03\/image-4.png?fit=320%2C213&ssl=1&resize=350%2C200","width":350,"height":200},"classes":[]},{"id":95143,"url":"https:\/\/zeromagazine.mx\/index.php\/2025\/01\/21\/bien-en-el-futuro-tecnologia-con-proposito\/","url_meta":{"origin":86799,"position":5},"title":"Bien en el Futuro: Tecnolog\u00eda con Prop\u00f3sito","author":"zeromagazinemx","date":"21 de enero de 2025","format":false,"excerpt":"\u00bfQu\u00e9 onda, amix? Hoy vengo a platicarles c\u00f3mo la tecnolog\u00eda puede realmente cambiar el mundo y no solo nuestro feed en insta o Facebook. En el CES 2025, Panasonic no solo present\u00f3 gadgets chidos, sino una visi\u00f3n completa de innovaci\u00f3n y sustentabilidad bajo el lema \u201cBien en el futuro\u201d, que,\u2026","rel":"","context":"En \u00abTech\u00bb","block_context":{"text":"Tech","link":"https:\/\/zeromagazine.mx\/index.php\/category\/tech\/"},"img":{"alt_text":"","src":"https:\/\/i0.wp.com\/zeromagazine.mx\/wp-content\/uploads\/2025\/01\/unnamed-26.jpg?fit=1200%2C675&ssl=1&resize=350%2C200","width":350,"height":200,"srcset":"https:\/\/i0.wp.com\/zeromagazine.mx\/wp-content\/uploads\/2025\/01\/unnamed-26.jpg?fit=1200%2C675&ssl=1&resize=350%2C200 1x, https:\/\/i0.wp.com\/zeromagazine.mx\/wp-content\/uploads\/2025\/01\/unnamed-26.jpg?fit=1200%2C675&ssl=1&resize=525%2C300 1.5x, https:\/\/i0.wp.com\/zeromagazine.mx\/wp-content\/uploads\/2025\/01\/unnamed-26.jpg?fit=1200%2C675&ssl=1&resize=700%2C400 2x, https:\/\/i0.wp.com\/zeromagazine.mx\/wp-content\/uploads\/2025\/01\/unnamed-26.jpg?fit=1200%2C675&ssl=1&resize=1050%2C600 3x"},"classes":[]}],"jetpack_sharing_enabled":true,"builder_content":"","_links":{"self":[{"href":"https:\/\/zeromagazine.mx\/index.php\/wp-json\/wp\/v2\/posts\/86799","targetHints":{"allow":["GET"]}}],"collection":[{"href":"https:\/\/zeromagazine.mx\/index.php\/wp-json\/wp\/v2\/posts"}],"about":[{"href":"https:\/\/zeromagazine.mx\/index.php\/wp-json\/wp\/v2\/types\/post"}],"author":[{"embeddable":true,"href":"https:\/\/zeromagazine.mx\/index.php\/wp-json\/wp\/v2\/users\/2"}],"replies":[{"embeddable":true,"href":"https:\/\/zeromagazine.mx\/index.php\/wp-json\/wp\/v2\/comments?post=86799"}],"version-history":[{"count":1,"href":"https:\/\/zeromagazine.mx\/index.php\/wp-json\/wp\/v2\/posts\/86799\/revisions"}],"predecessor-version":[{"id":86802,"href":"https:\/\/zeromagazine.mx\/index.php\/wp-json\/wp\/v2\/posts\/86799\/revisions\/86802"}],"wp:featuredmedia":[{"embeddable":true,"href":"https:\/\/zeromagazine.mx\/index.php\/wp-json\/wp\/v2\/media\/86800"}],"wp:attachment":[{"href":"https:\/\/zeromagazine.mx\/index.php\/wp-json\/wp\/v2\/media?parent=86799"}],"wp:term":[{"taxonomy":"category","embeddable":true,"href":"https:\/\/zeromagazine.mx\/index.php\/wp-json\/wp\/v2\/categories?post=86799"},{"taxonomy":"post_tag","embeddable":true,"href":"https:\/\/zeromagazine.mx\/index.php\/wp-json\/wp\/v2\/tags?post=86799"}],"curies":[{"name":"wp","href":"https:\/\/api.w.org\/{rel}","templated":true}]}}