{"id":86919,"date":"2024-10-15T22:35:44","date_gmt":"2024-10-15T20:35:44","guid":{"rendered":"https:\/\/zeromagazine.mx\/?p=86919"},"modified":"2024-10-15T22:40:41","modified_gmt":"2024-10-15T20:40:41","slug":"riviera-maya-fiesta-y-tradicion","status":"publish","type":"post","link":"https:\/\/zeromagazine.mx\/index.php\/2024\/10\/15\/riviera-maya-fiesta-y-tradicion\/","title":{"rendered":"Riviera Maya: Fiesta y Tradici\u00f3n"},"content":{"rendered":"<p>Chique, si est\u00e1s pensando en hacer algo diferente para el D\u00eda de Muertos, te tengo una propuesta que no solo te volar\u00e1 la cabeza, te va a conectar con tus ra\u00edces de una manera s\u00faper m\u00edstica. \u00bfTe imaginas pasar el 1 y 2 de noviembre en la Riviera Maya, en un resort de lujo, rodeadx de la magia de una de las festividades m\u00e1s ic\u00f3nicas de M\u00e9xico? Suena incre\u00edble y te juro que lo es. La vibra aqu\u00ed es otro nivel, y justo eso es lo que el Andaz Mayakoba promete este a\u00f1o: una celebraci\u00f3n del D\u00eda de Muertos que mezcla tradici\u00f3n, fiesta y un lugar paradisiaco.<\/p>\n\n\n\n<h2 class=\"wp-block-heading\">\u00bfQu\u00e9 onda con el D\u00eda de Muertos en la Riviera Maya?<\/h2>\n\n\n\n<p>Imagina esto: te bajas del avi\u00f3n, el calorcito del Caribe te pega en la cara, y lo primero que hueles es el copal. \u00a1S\u00ed, el copal! Ese aroma que autom\u00e1ticamente te transporta a las ofrendas y altares de las casas mexicanas. Pero aqu\u00ed en el Andaz Mayakoba, esto va m\u00e1s all\u00e1. Todo se convierte en un escenario m\u00edstico que te invita a dejar el estr\u00e9s y las prisas atr\u00e1s, y conectarte con algo mucho m\u00e1s profundo.<\/p>\n\n\n<div class=\"wp-block-image\">\n<figure class=\"aligncenter size-full\"><img data-recalc-dims=\"1\" decoding=\"async\" width=\"1024\" height=\"683\" src=\"https:\/\/i0.wp.com\/zeromagazine.mx\/wp-content\/uploads\/2024\/10\/2-1-1.jpg?resize=1024%2C683\" alt=\"\" class=\"wp-image-86920\" srcset=\"https:\/\/i0.wp.com\/zeromagazine.mx\/wp-content\/uploads\/2024\/10\/2-1-1.jpg?w=1024&amp;ssl=1 1024w, https:\/\/i0.wp.com\/zeromagazine.mx\/wp-content\/uploads\/2024\/10\/2-1-1.jpg?resize=300%2C200&amp;ssl=1 300w, https:\/\/i0.wp.com\/zeromagazine.mx\/wp-content\/uploads\/2024\/10\/2-1-1.jpg?resize=768%2C512&amp;ssl=1 768w\" sizes=\"(max-width: 1024px) 100vw, 1024px\" \/><\/figure>\n<\/div>\n\n\n<p><\/p>\n\n\n\n<p>Del 31 de octubre al 2 de noviembre, este resort se transforma en un espacio donde la <em>elegancia moderna<\/em> se mezcla con la tradici\u00f3n ancestral mexicana. Nada m\u00e1s cruzas la puerta y te recibe un altar masivo, lleno de colores vibrantes, flores de cempas\u00fachil y un sinf\u00edn de ofrendas que te hacen sentir que los ancestros est\u00e1n m\u00e1s cerca que nunca. Literal, este altar se vuelve el epicentro de toda la vibra del lugar, porque aqu\u00ed no solo est\u00e1s de vacaciones, est\u00e1s siendo parte de un tributo a quienes ya no est\u00e1n, pero que siguen presentes en cada detalle de la celebraci\u00f3n.<\/p>\n\n\n\n<h2 class=\"wp-block-heading\">El plan: Tradici\u00f3n, fiesta y mucho m\u00e1s<\/h2>\n\n\n\n<p>Y obvi, como buen resort de lujo, no van a dejarte sin actividades para vivir esta experiencia al m\u00e1ximo. Prep\u00e1rate porque la agenda viene cargadita. Primero, empieza la diversi\u00f3n el 31 de octubre, cuando puedes unirte a un <em>concurso de altares<\/em>. Aqu\u00ed se trata de poner toda tu creatividad y darle un twist a lo tradicional, mientras aprendes y honras lo que esta celebraci\u00f3n significa. Cada altar tiene una historia que contar, y de alguna manera, te conectas con esas historias mientras caminas entre ellos.<\/p>\n\n\n\n<p>Pero la fiesta real empieza el 1 de noviembre. Aqu\u00ed es cuando la cosa se pone m\u00e1s intensa con la <em>After Death Celebration<\/em> en El Pueblito. \u00bfTe imaginas una fiesta tem\u00e1tica de D\u00eda de Muertos, con todo y kerm\u00e9s, DJ, disfraces de Catrinas, performances en vivo y m\u00e1s? Literal, esta fiesta es exclusiva para hu\u00e9spedes de Mayakoba, y va desde las 9:00 PM hasta la medianoche. <\/p>\n\n\n\n<p>Ok, maybe ya con todo esto est\u00e1s s\u00faper convencidx de que necesitas estar ah\u00ed, pero d\u00e9jame contarte que hay m\u00e1s. Durante estos d\u00edas, tambi\u00e9n puedes hacer un recorrido en canoas por los canales de Mayakoba. Y no es solo remar por remar, eh. \u00a1No, no, no! Mientras vas en la canoa, te acompa\u00f1an m\u00fasicos y bailarines en diferentes puntos del recorrido, as\u00ed que la experiencia se vuelve 100% sensorial.<\/p>\n\n\n<div class=\"wp-block-image\">\n<figure class=\"aligncenter size-full\"><img data-recalc-dims=\"1\" decoding=\"async\" width=\"600\" height=\"400\" src=\"https:\/\/i0.wp.com\/zeromagazine.mx\/wp-content\/uploads\/2024\/10\/4.png?resize=600%2C400\" alt=\"\" class=\"wp-image-86930\" srcset=\"https:\/\/i0.wp.com\/zeromagazine.mx\/wp-content\/uploads\/2024\/10\/4.png?w=600&amp;ssl=1 600w, https:\/\/i0.wp.com\/zeromagazine.mx\/wp-content\/uploads\/2024\/10\/4.png?resize=300%2C200&amp;ssl=1 300w\" sizes=\"(max-width: 600px) 100vw, 600px\" \/><\/figure>\n<\/div>\n\n\n<p><\/p>\n\n\n\n<p>Y eso no es todo (s\u00ed, ya s\u00e9, parece infomercial, pero todo es real), porque la <em>traves\u00eda<\/em> culmina en algo que llaman el Sendero de la Alegr\u00eda, un altar inmersivo donde puedes vivir la experiencia de D\u00eda de Muertos en otro nivel. Aqu\u00ed puedes participar en din\u00e1micas, dejar ofrendas y sentir que realmente est\u00e1s conectando con tus seres queridos que ya no est\u00e1n. Y lo mejor es que puedes llegar a este altar de varias maneras: en barco, boogie o incluso caminando por el <em>Nature Trail<\/em>. So, si eres de lxs que aman una caminata chill en la naturaleza, esta es tu opci\u00f3n. Adem\u00e1s, hay transporte cada 30 minutos para que nadie se quede sin vivir este momentazo.<\/p>\n\n\n\n<h2 class=\"wp-block-heading\">El paquete perfecto para dos (y s\u00ed, es affordable)<\/h2>\n\n\n\n<p>S\u00e9 lo que est\u00e1s pensando: \u201cSuena todo incre\u00edble, pero, \u00bfcu\u00e1nto cuesta?\u201d. Don\u2019t worry, porque el paquete es s\u00faper accesible considerando que incluye todas estas actividades. Por <em>179 USD<\/em> la noche, puedes disfrutar de toda la experiencia del D\u00eda de Muertos en el Andaz Mayakoba, incluyendo un <em>welcome kit<\/em> que tiene maquillaje de catrina, accesorios y souvenirs que vas a querer guardar forever. El precio es por habitaci\u00f3n para dos adultos, as\u00ed que ya sabes, si tienes amix que tambi\u00e9n ame este tipo de experiencias, es el momento perfecto para planear una escapada.<\/p>\n\n\n\n<script async src=\"https:\/\/pagead2.googlesyndication.com\/pagead\/js\/adsbygoogle.js?client=ca-pub-5499304793904745\"\r\n     crossorigin=\"anonymous\"><\/script>\r\n<ins class=\"adsbygoogle\"\r\n     style=\"display:block; text-align:center;\"\r\n     data-ad-layout=\"in-article\"\r\n     data-ad-format=\"fluid\"\r\n     data-ad-client=\"ca-pub-5499304793904745\"\r\n     data-ad-slot=\"5994863093\"><\/ins>\r\n<script>\r\n     (adsbygoogle = window.adsbygoogle || []).push({});\r\n<\/script>\n\n\n\n<p><\/p>\n\n\n\n<p>Si solo quieres ir a la After Death Celebration, tambi\u00e9n puedes. Por <em>50 USD<\/em> por persona, tienes acceso a la fiesta, disfraces de catrina, m\u00fasica, performances y todo el good vibe de la noche. Basically, es una opci\u00f3n perfecta si est\u00e1s de paso o no te puedes quedar toda la experiencia, pero igual quieres un taste de lo que es vivir el D\u00eda de Muertos en la Riviera Maya.<\/p>\n\n\n\n<h2 class=\"wp-block-heading\">Honrando la vida a trav\u00e9s de la muerte<\/h2>\n\n\n\n<p>Ahora, si te preguntas qu\u00e9 tiene de especial esta celebraci\u00f3n en el Andaz Mayakoba, la respuesta es simple: aqu\u00ed no solo se trata de honrar a los muertos, sino de entender que en la cultura mexicana, la muerte no es un final, sino una transformaci\u00f3n. Es un momento para celebrar la vida que tuvieron nuestrxs seres queridxs, y recordar que aunque ya no est\u00e1n f\u00edsicamente, siguen siendo parte de nuestra historia y nuestras tradiciones.<\/p>\n\n\n\n<p>El D\u00eda de Muertos en este resort es una manera de sumergirte en esa mezcla de vida y muerte, de memoria y presencia. Es entender que los recuerdos son lo que mantiene vivos a quienes ya no est\u00e1n, y que, de alguna manera, siempre estar\u00e1n cerca de nosotros. Andaz Mayakoba lo lleva a otro nivel, creando un espacio donde puedes sentir esa conexi\u00f3n mientras disfrutas de un entorno paradisiaco y una cultura que celebra a la muerte de una manera \u00fanica y hermosa.<\/p>\n\n\n\n<script async src=\"https:\/\/pagead2.googlesyndication.com\/pagead\/js\/adsbygoogle.js?client=ca-pub-5499304793904745\"\n     crossorigin=\"anonymous\"><\/script>\n<ins class=\"adsbygoogle\"\n     style=\"display:block; text-align:center;\"\n     data-ad-layout=\"in-article\"\n     data-ad-format=\"fluid\"\n     data-ad-client=\"ca-pub-5499304793904745\"\n     data-ad-slot=\"5994863093\"><\/ins>\n<script>\n     (adsbygoogle = window.adsbygoogle || []).push({});\n<\/script>\n\n\n\n<p><\/p>\n\n\n\n<p>\u00bfQu\u00e9 te parece este rollo? \u00bfListx para empacar y lanzarte a la Riviera Maya? Si quieres vivir una experiencia donde el lujo y la tradici\u00f3n se mezclan de manera m\u00e1gica, Andaz Mayakoba es el lugar perfecto para este D\u00eda de Muertos. Porque, al final del d\u00eda, amix, la vida se trata de disfrutar el presente y honrar el pasado, y no hay mejor lugar para hacerlo que aqu\u00ed.<\/p>\n\n<!--themify_builder_content-->\n<div id=\"themify_builder_content-86919\" data-postid=\"86919\" class=\"themify_builder_content themify_builder_content-86919 themify_builder tf_clear\">\n    <\/div>\n<!--\/themify_builder_content-->","protected":false},"excerpt":{"rendered":"<p>Chique, si est\u00e1s pensando en hacer algo diferente para el D\u00eda de Muertos, te tengo una propuesta que no solo te volar\u00e1 la cabeza, te va a conectar con tus ra\u00edces de una manera s\u00faper m\u00edstica. \u00bfTe imaginas pasar el 1 y 2 de noviembre en la Riviera Maya, en un resort de lujo, rodeadx [&hellip;]<\/p>\n","protected":false},"author":2,"featured_media":86920,"comment_status":"open","ping_status":"open","sticky":false,"template":"","format":"standard","meta":{"_jetpack_memberships_contains_paid_content":false,"footnotes":"","jetpack_publicize_message":"","jetpack_publicize_feature_enabled":true,"jetpack_social_post_already_shared":true,"jetpack_social_options":{"image_generator_settings":{"template":"highway","default_image_id":0,"font":"","enabled":false},"version":2}},"categories":[322],"tags":[10893,5713,7494],"class_list":["post-86919","post","type-post","status-publish","format-standard","has-post-thumbnail","hentry","category-lugares","tag-andaz-mayakoba","tag-dia-de-muertos","tag-riviera-maya","has-post-title","has-post-date","has-post-category","has-post-tag","has-post-comment","has-post-author",""],"yoast_head":"<!-- This site is optimized with the Yoast SEO plugin v27.5 - https:\/\/yoast.com\/product\/yoast-seo-wordpress\/ -->\n<title>Riviera Maya: Fiesta y Tradici\u00f3n - Zero Magazine<\/title>\n<meta name=\"robots\" content=\"index, follow, max-snippet:-1, max-image-preview:large, max-video-preview:-1\" \/>\n<link rel=\"canonical\" href=\"https:\/\/zeromagazine.mx\/index.php\/2024\/10\/15\/riviera-maya-fiesta-y-tradicion\/\" \/>\n<meta property=\"og:locale\" content=\"es_ES\" \/>\n<meta property=\"og:type\" content=\"article\" \/>\n<meta property=\"og:title\" content=\"Riviera Maya: Fiesta y Tradici\u00f3n - Zero Magazine\" \/>\n<meta property=\"og:description\" content=\"Chique, si est\u00e1s pensando en hacer algo diferente para el D\u00eda de Muertos, te tengo una propuesta que no solo te volar\u00e1 la cabeza, te va a conectar con tus ra\u00edces de una manera s\u00faper m\u00edstica. \u00bfTe imaginas pasar el 1 y 2 de noviembre en la Riviera Maya, en un resort de lujo, rodeadx [&hellip;]\" \/>\n<meta property=\"og:url\" content=\"https:\/\/zeromagazine.mx\/index.php\/2024\/10\/15\/riviera-maya-fiesta-y-tradicion\/\" \/>\n<meta property=\"og:site_name\" content=\"Zero Magazine\" \/>\n<meta property=\"article:published_time\" content=\"2024-10-15T20:35:44+00:00\" \/>\n<meta property=\"article:modified_time\" content=\"2024-10-15T20:40:41+00:00\" \/>\n<meta property=\"og:image\" content=\"https:\/\/i0.wp.com\/zeromagazine.mx\/wp-content\/uploads\/2024\/10\/2-1-1.jpg?fit=1024%2C683&ssl=1\" \/>\n\t<meta property=\"og:image:width\" content=\"1024\" \/>\n\t<meta property=\"og:image:height\" content=\"683\" \/>\n\t<meta property=\"og:image:type\" content=\"image\/jpeg\" \/>\n<meta name=\"author\" content=\"zeromagazinemx\" \/>\n<meta name=\"twitter:card\" content=\"summary_large_image\" \/>\n<meta name=\"twitter:label1\" content=\"Escrito por\" \/>\n\t<meta name=\"twitter:data1\" content=\"zeromagazinemx\" \/>\n\t<meta name=\"twitter:label2\" content=\"Tiempo de lectura\" \/>\n\t<meta name=\"twitter:data2\" content=\"6 minutos\" \/>\n<script type=\"application\/ld+json\" class=\"yoast-schema-graph\">{\"@context\":\"https:\\\/\\\/schema.org\",\"@graph\":[{\"@type\":\"Article\",\"@id\":\"https:\\\/\\\/zeromagazine.mx\\\/index.php\\\/2024\\\/10\\\/15\\\/riviera-maya-fiesta-y-tradicion\\\/#article\",\"isPartOf\":{\"@id\":\"https:\\\/\\\/zeromagazine.mx\\\/index.php\\\/2024\\\/10\\\/15\\\/riviera-maya-fiesta-y-tradicion\\\/\"},\"author\":{\"name\":\"zeromagazinemx\",\"@id\":\"https:\\\/\\\/zeromagazine.mx\\\/#\\\/schema\\\/person\\\/9aed9f33a7c39af3a348b86d723f7773\"},\"headline\":\"Riviera Maya: Fiesta y Tradici\u00f3n\",\"datePublished\":\"2024-10-15T20:35:44+00:00\",\"dateModified\":\"2024-10-15T20:40:41+00:00\",\"mainEntityOfPage\":{\"@id\":\"https:\\\/\\\/zeromagazine.mx\\\/index.php\\\/2024\\\/10\\\/15\\\/riviera-maya-fiesta-y-tradicion\\\/\"},\"wordCount\":1124,\"commentCount\":0,\"publisher\":{\"@id\":\"https:\\\/\\\/zeromagazine.mx\\\/#organization\"},\"image\":{\"@id\":\"https:\\\/\\\/zeromagazine.mx\\\/index.php\\\/2024\\\/10\\\/15\\\/riviera-maya-fiesta-y-tradicion\\\/#primaryimage\"},\"thumbnailUrl\":\"https:\\\/\\\/i0.wp.com\\\/zeromagazine.mx\\\/wp-content\\\/uploads\\\/2024\\\/10\\\/2-1-1.jpg?fit=1024%2C683&ssl=1\",\"keywords\":[\"Andaz Mayakoba\",\"D\u00eda de muertos\",\"Riviera Maya\"],\"articleSection\":[\"Viajes\"],\"inLanguage\":\"es\",\"potentialAction\":[{\"@type\":\"CommentAction\",\"name\":\"Comment\",\"target\":[\"https:\\\/\\\/zeromagazine.mx\\\/index.php\\\/2024\\\/10\\\/15\\\/riviera-maya-fiesta-y-tradicion\\\/#respond\"]}]},{\"@type\":\"WebPage\",\"@id\":\"https:\\\/\\\/zeromagazine.mx\\\/index.php\\\/2024\\\/10\\\/15\\\/riviera-maya-fiesta-y-tradicion\\\/\",\"url\":\"https:\\\/\\\/zeromagazine.mx\\\/index.php\\\/2024\\\/10\\\/15\\\/riviera-maya-fiesta-y-tradicion\\\/\",\"name\":\"Riviera Maya: Fiesta y Tradici\u00f3n - Zero Magazine\",\"isPartOf\":{\"@id\":\"https:\\\/\\\/zeromagazine.mx\\\/#website\"},\"primaryImageOfPage\":{\"@id\":\"https:\\\/\\\/zeromagazine.mx\\\/index.php\\\/2024\\\/10\\\/15\\\/riviera-maya-fiesta-y-tradicion\\\/#primaryimage\"},\"image\":{\"@id\":\"https:\\\/\\\/zeromagazine.mx\\\/index.php\\\/2024\\\/10\\\/15\\\/riviera-maya-fiesta-y-tradicion\\\/#primaryimage\"},\"thumbnailUrl\":\"https:\\\/\\\/i0.wp.com\\\/zeromagazine.mx\\\/wp-content\\\/uploads\\\/2024\\\/10\\\/2-1-1.jpg?fit=1024%2C683&ssl=1\",\"datePublished\":\"2024-10-15T20:35:44+00:00\",\"dateModified\":\"2024-10-15T20:40:41+00:00\",\"breadcrumb\":{\"@id\":\"https:\\\/\\\/zeromagazine.mx\\\/index.php\\\/2024\\\/10\\\/15\\\/riviera-maya-fiesta-y-tradicion\\\/#breadcrumb\"},\"inLanguage\":\"es\",\"potentialAction\":[{\"@type\":\"ReadAction\",\"target\":[\"https:\\\/\\\/zeromagazine.mx\\\/index.php\\\/2024\\\/10\\\/15\\\/riviera-maya-fiesta-y-tradicion\\\/\"]}]},{\"@type\":\"ImageObject\",\"inLanguage\":\"es\",\"@id\":\"https:\\\/\\\/zeromagazine.mx\\\/index.php\\\/2024\\\/10\\\/15\\\/riviera-maya-fiesta-y-tradicion\\\/#primaryimage\",\"url\":\"https:\\\/\\\/i0.wp.com\\\/zeromagazine.mx\\\/wp-content\\\/uploads\\\/2024\\\/10\\\/2-1-1.jpg?fit=1024%2C683&ssl=1\",\"contentUrl\":\"https:\\\/\\\/i0.wp.com\\\/zeromagazine.mx\\\/wp-content\\\/uploads\\\/2024\\\/10\\\/2-1-1.jpg?fit=1024%2C683&ssl=1\",\"width\":1024,\"height\":683},{\"@type\":\"BreadcrumbList\",\"@id\":\"https:\\\/\\\/zeromagazine.mx\\\/index.php\\\/2024\\\/10\\\/15\\\/riviera-maya-fiesta-y-tradicion\\\/#breadcrumb\",\"itemListElement\":[{\"@type\":\"ListItem\",\"position\":1,\"name\":\"Portada\",\"item\":\"https:\\\/\\\/zeromagazine.mx\\\/\"},{\"@type\":\"ListItem\",\"position\":2,\"name\":\"Riviera Maya: Fiesta y Tradici\u00f3n\"}]},{\"@type\":\"WebSite\",\"@id\":\"https:\\\/\\\/zeromagazine.mx\\\/#website\",\"url\":\"https:\\\/\\\/zeromagazine.mx\\\/\",\"name\":\"Zero Magazine\",\"description\":\"\",\"publisher\":{\"@id\":\"https:\\\/\\\/zeromagazine.mx\\\/#organization\"},\"potentialAction\":[{\"@type\":\"SearchAction\",\"target\":{\"@type\":\"EntryPoint\",\"urlTemplate\":\"https:\\\/\\\/zeromagazine.mx\\\/?s={search_term_string}\"},\"query-input\":{\"@type\":\"PropertyValueSpecification\",\"valueRequired\":true,\"valueName\":\"search_term_string\"}}],\"inLanguage\":\"es\"},{\"@type\":\"Organization\",\"@id\":\"https:\\\/\\\/zeromagazine.mx\\\/#organization\",\"name\":\"Zero Magazine\",\"url\":\"https:\\\/\\\/zeromagazine.mx\\\/\",\"logo\":{\"@type\":\"ImageObject\",\"inLanguage\":\"es\",\"@id\":\"https:\\\/\\\/zeromagazine.mx\\\/#\\\/schema\\\/logo\\\/image\\\/\",\"url\":\"https:\\\/\\\/i0.wp.com\\\/zeromagazine.mx\\\/wp-content\\\/uploads\\\/2025\\\/11\\\/1.jpeg?fit=1000%2C1000&ssl=1\",\"contentUrl\":\"https:\\\/\\\/i0.wp.com\\\/zeromagazine.mx\\\/wp-content\\\/uploads\\\/2025\\\/11\\\/1.jpeg?fit=1000%2C1000&ssl=1\",\"width\":1000,\"height\":1000,\"caption\":\"Zero Magazine\"},\"image\":{\"@id\":\"https:\\\/\\\/zeromagazine.mx\\\/#\\\/schema\\\/logo\\\/image\\\/\"},\"sameAs\":[\"https:\\\/\\\/instagram.com\\\/zeromagazinemx\"]},{\"@type\":\"Person\",\"@id\":\"https:\\\/\\\/zeromagazine.mx\\\/#\\\/schema\\\/person\\\/9aed9f33a7c39af3a348b86d723f7773\",\"name\":\"zeromagazinemx\",\"image\":{\"@type\":\"ImageObject\",\"inLanguage\":\"es\",\"@id\":\"https:\\\/\\\/zeromagazine.mx\\\/wp-content\\\/litespeed\\\/avatar\\\/f91dfe5410d5dcb1a576bf8c45983896.jpg?ver=1777571230\",\"url\":\"https:\\\/\\\/zeromagazine.mx\\\/wp-content\\\/litespeed\\\/avatar\\\/f91dfe5410d5dcb1a576bf8c45983896.jpg?ver=1777571230\",\"contentUrl\":\"https:\\\/\\\/zeromagazine.mx\\\/wp-content\\\/litespeed\\\/avatar\\\/f91dfe5410d5dcb1a576bf8c45983896.jpg?ver=1777571230\",\"caption\":\"zeromagazinemx\"},\"url\":\"https:\\\/\\\/zeromagazine.mx\\\/index.php\\\/author\\\/zeromagazinemx\\\/\"}]}<\/script>\n<!-- \/ Yoast SEO plugin. -->","yoast_head_json":{"title":"Riviera Maya: Fiesta y Tradici\u00f3n - Zero Magazine","robots":{"index":"index","follow":"follow","max-snippet":"max-snippet:-1","max-image-preview":"max-image-preview:large","max-video-preview":"max-video-preview:-1"},"canonical":"https:\/\/zeromagazine.mx\/index.php\/2024\/10\/15\/riviera-maya-fiesta-y-tradicion\/","og_locale":"es_ES","og_type":"article","og_title":"Riviera Maya: Fiesta y Tradici\u00f3n - Zero Magazine","og_description":"Chique, si est\u00e1s pensando en hacer algo diferente para el D\u00eda de Muertos, te tengo una propuesta que no solo te volar\u00e1 la cabeza, te va a conectar con tus ra\u00edces de una manera s\u00faper m\u00edstica. \u00bfTe imaginas pasar el 1 y 2 de noviembre en la Riviera Maya, en un resort de lujo, rodeadx [&hellip;]","og_url":"https:\/\/zeromagazine.mx\/index.php\/2024\/10\/15\/riviera-maya-fiesta-y-tradicion\/","og_site_name":"Zero Magazine","article_published_time":"2024-10-15T20:35:44+00:00","article_modified_time":"2024-10-15T20:40:41+00:00","og_image":[{"width":1024,"height":683,"url":"https:\/\/i0.wp.com\/zeromagazine.mx\/wp-content\/uploads\/2024\/10\/2-1-1.jpg?fit=1024%2C683&ssl=1","type":"image\/jpeg"}],"author":"zeromagazinemx","twitter_card":"summary_large_image","twitter_misc":{"Escrito por":"zeromagazinemx","Tiempo de lectura":"6 minutos"},"schema":{"@context":"https:\/\/schema.org","@graph":[{"@type":"Article","@id":"https:\/\/zeromagazine.mx\/index.php\/2024\/10\/15\/riviera-maya-fiesta-y-tradicion\/#article","isPartOf":{"@id":"https:\/\/zeromagazine.mx\/index.php\/2024\/10\/15\/riviera-maya-fiesta-y-tradicion\/"},"author":{"name":"zeromagazinemx","@id":"https:\/\/zeromagazine.mx\/#\/schema\/person\/9aed9f33a7c39af3a348b86d723f7773"},"headline":"Riviera Maya: Fiesta y Tradici\u00f3n","datePublished":"2024-10-15T20:35:44+00:00","dateModified":"2024-10-15T20:40:41+00:00","mainEntityOfPage":{"@id":"https:\/\/zeromagazine.mx\/index.php\/2024\/10\/15\/riviera-maya-fiesta-y-tradicion\/"},"wordCount":1124,"commentCount":0,"publisher":{"@id":"https:\/\/zeromagazine.mx\/#organization"},"image":{"@id":"https:\/\/zeromagazine.mx\/index.php\/2024\/10\/15\/riviera-maya-fiesta-y-tradicion\/#primaryimage"},"thumbnailUrl":"https:\/\/i0.wp.com\/zeromagazine.mx\/wp-content\/uploads\/2024\/10\/2-1-1.jpg?fit=1024%2C683&ssl=1","keywords":["Andaz Mayakoba","D\u00eda de muertos","Riviera Maya"],"articleSection":["Viajes"],"inLanguage":"es","potentialAction":[{"@type":"CommentAction","name":"Comment","target":["https:\/\/zeromagazine.mx\/index.php\/2024\/10\/15\/riviera-maya-fiesta-y-tradicion\/#respond"]}]},{"@type":"WebPage","@id":"https:\/\/zeromagazine.mx\/index.php\/2024\/10\/15\/riviera-maya-fiesta-y-tradicion\/","url":"https:\/\/zeromagazine.mx\/index.php\/2024\/10\/15\/riviera-maya-fiesta-y-tradicion\/","name":"Riviera Maya: Fiesta y Tradici\u00f3n - Zero Magazine","isPartOf":{"@id":"https:\/\/zeromagazine.mx\/#website"},"primaryImageOfPage":{"@id":"https:\/\/zeromagazine.mx\/index.php\/2024\/10\/15\/riviera-maya-fiesta-y-tradicion\/#primaryimage"},"image":{"@id":"https:\/\/zeromagazine.mx\/index.php\/2024\/10\/15\/riviera-maya-fiesta-y-tradicion\/#primaryimage"},"thumbnailUrl":"https:\/\/i0.wp.com\/zeromagazine.mx\/wp-content\/uploads\/2024\/10\/2-1-1.jpg?fit=1024%2C683&ssl=1","datePublished":"2024-10-15T20:35:44+00:00","dateModified":"2024-10-15T20:40:41+00:00","breadcrumb":{"@id":"https:\/\/zeromagazine.mx\/index.php\/2024\/10\/15\/riviera-maya-fiesta-y-tradicion\/#breadcrumb"},"inLanguage":"es","potentialAction":[{"@type":"ReadAction","target":["https:\/\/zeromagazine.mx\/index.php\/2024\/10\/15\/riviera-maya-fiesta-y-tradicion\/"]}]},{"@type":"ImageObject","inLanguage":"es","@id":"https:\/\/zeromagazine.mx\/index.php\/2024\/10\/15\/riviera-maya-fiesta-y-tradicion\/#primaryimage","url":"https:\/\/i0.wp.com\/zeromagazine.mx\/wp-content\/uploads\/2024\/10\/2-1-1.jpg?fit=1024%2C683&ssl=1","contentUrl":"https:\/\/i0.wp.com\/zeromagazine.mx\/wp-content\/uploads\/2024\/10\/2-1-1.jpg?fit=1024%2C683&ssl=1","width":1024,"height":683},{"@type":"BreadcrumbList","@id":"https:\/\/zeromagazine.mx\/index.php\/2024\/10\/15\/riviera-maya-fiesta-y-tradicion\/#breadcrumb","itemListElement":[{"@type":"ListItem","position":1,"name":"Portada","item":"https:\/\/zeromagazine.mx\/"},{"@type":"ListItem","position":2,"name":"Riviera Maya: Fiesta y Tradici\u00f3n"}]},{"@type":"WebSite","@id":"https:\/\/zeromagazine.mx\/#website","url":"https:\/\/zeromagazine.mx\/","name":"Zero Magazine","description":"","publisher":{"@id":"https:\/\/zeromagazine.mx\/#organization"},"potentialAction":[{"@type":"SearchAction","target":{"@type":"EntryPoint","urlTemplate":"https:\/\/zeromagazine.mx\/?s={search_term_string}"},"query-input":{"@type":"PropertyValueSpecification","valueRequired":true,"valueName":"search_term_string"}}],"inLanguage":"es"},{"@type":"Organization","@id":"https:\/\/zeromagazine.mx\/#organization","name":"Zero Magazine","url":"https:\/\/zeromagazine.mx\/","logo":{"@type":"ImageObject","inLanguage":"es","@id":"https:\/\/zeromagazine.mx\/#\/schema\/logo\/image\/","url":"https:\/\/i0.wp.com\/zeromagazine.mx\/wp-content\/uploads\/2025\/11\/1.jpeg?fit=1000%2C1000&ssl=1","contentUrl":"https:\/\/i0.wp.com\/zeromagazine.mx\/wp-content\/uploads\/2025\/11\/1.jpeg?fit=1000%2C1000&ssl=1","width":1000,"height":1000,"caption":"Zero Magazine"},"image":{"@id":"https:\/\/zeromagazine.mx\/#\/schema\/logo\/image\/"},"sameAs":["https:\/\/instagram.com\/zeromagazinemx"]},{"@type":"Person","@id":"https:\/\/zeromagazine.mx\/#\/schema\/person\/9aed9f33a7c39af3a348b86d723f7773","name":"zeromagazinemx","image":{"@type":"ImageObject","inLanguage":"es","@id":"https:\/\/zeromagazine.mx\/wp-content\/litespeed\/avatar\/f91dfe5410d5dcb1a576bf8c45983896.jpg?ver=1777571230","url":"https:\/\/zeromagazine.mx\/wp-content\/litespeed\/avatar\/f91dfe5410d5dcb1a576bf8c45983896.jpg?ver=1777571230","contentUrl":"https:\/\/zeromagazine.mx\/wp-content\/litespeed\/avatar\/f91dfe5410d5dcb1a576bf8c45983896.jpg?ver=1777571230","caption":"zeromagazinemx"},"url":"https:\/\/zeromagazine.mx\/index.php\/author\/zeromagazinemx\/"}]}},"jetpack_publicize_connections":[],"jetpack_featured_media_url":"https:\/\/i0.wp.com\/zeromagazine.mx\/wp-content\/uploads\/2024\/10\/2-1-1.jpg?fit=1024%2C683&ssl=1","jetpack-related-posts":[{"id":92804,"url":"https:\/\/zeromagazine.mx\/index.php\/2024\/12\/11\/sabores-unicos-en-la-riviera-maya\/","url_meta":{"origin":86919,"position":0},"title":"Sabores \u00danicos en la Riviera Maya","author":"zeromagazinemx","date":"11 de diciembre de 2024","format":false,"excerpt":"Las vacaciones decembrinas son el escape ideal para quienes buscamos dejar la rutina atr\u00e1s y vivir nuevas experiencias. Y si hablamos de un destino que combine lujo, naturaleza y cultura, no podemos dejar de mencionar la Riviera Maya. Es uno de esos lugares que, sin duda, tienes que visitar por\u2026","rel":"","context":"En \u00abFoodie\u00bb","block_context":{"text":"Foodie","link":"https:\/\/zeromagazine.mx\/index.php\/category\/lifestyle\/foodie\/"},"img":{"alt_text":"","src":"https:\/\/i0.wp.com\/zeromagazine.mx\/wp-content\/uploads\/2024\/12\/COCINA-MILAGRO-BRUNCH-AND-POOL-EDIT-01-Editar.jpg?fit=1200%2C800&ssl=1&resize=350%2C200","width":350,"height":200,"srcset":"https:\/\/i0.wp.com\/zeromagazine.mx\/wp-content\/uploads\/2024\/12\/COCINA-MILAGRO-BRUNCH-AND-POOL-EDIT-01-Editar.jpg?fit=1200%2C800&ssl=1&resize=350%2C200 1x, https:\/\/i0.wp.com\/zeromagazine.mx\/wp-content\/uploads\/2024\/12\/COCINA-MILAGRO-BRUNCH-AND-POOL-EDIT-01-Editar.jpg?fit=1200%2C800&ssl=1&resize=525%2C300 1.5x, https:\/\/i0.wp.com\/zeromagazine.mx\/wp-content\/uploads\/2024\/12\/COCINA-MILAGRO-BRUNCH-AND-POOL-EDIT-01-Editar.jpg?fit=1200%2C800&ssl=1&resize=700%2C400 2x, https:\/\/i0.wp.com\/zeromagazine.mx\/wp-content\/uploads\/2024\/12\/COCINA-MILAGRO-BRUNCH-AND-POOL-EDIT-01-Editar.jpg?fit=1200%2C800&ssl=1&resize=1050%2C600 3x"},"classes":[]},{"id":82050,"url":"https:\/\/zeromagazine.mx\/index.php\/2024\/08\/17\/luxury-summer-vibes-en-mayakoba\/","url_meta":{"origin":86919,"position":1},"title":"\u00abLuxury Summer Vibes en Mayakoba\u00bb","author":"zeromagazinemx","date":"17 de agosto de 2024","format":false,"excerpt":"Si este verano quieres tener una experiencia que te haga sentir incre\u00edble, entonces Andaz Mayakoba en la Riviera Maya es tu destino. Este spot es literal un para\u00edso donde la jungla se encuentra con el Caribe y las vibes son 100% de lujo. Aqu\u00ed te voy a contar c\u00f3mo puedes\u2026","rel":"","context":"En \u00abBlog\u00bb","block_context":{"text":"Blog","link":"https:\/\/zeromagazine.mx\/index.php\/category\/blog\/"},"img":{"alt_text":"","src":"https:\/\/i0.wp.com\/zeromagazine.mx\/wp-content\/uploads\/2024\/08\/CASA-AMATE-PLATILLOS-FESTIVE-2023-24-1.jpg?fit=800%2C1200&ssl=1&resize=350%2C200","width":350,"height":200,"srcset":"https:\/\/i0.wp.com\/zeromagazine.mx\/wp-content\/uploads\/2024\/08\/CASA-AMATE-PLATILLOS-FESTIVE-2023-24-1.jpg?fit=800%2C1200&ssl=1&resize=350%2C200 1x, https:\/\/i0.wp.com\/zeromagazine.mx\/wp-content\/uploads\/2024\/08\/CASA-AMATE-PLATILLOS-FESTIVE-2023-24-1.jpg?fit=800%2C1200&ssl=1&resize=525%2C300 1.5x, https:\/\/i0.wp.com\/zeromagazine.mx\/wp-content\/uploads\/2024\/08\/CASA-AMATE-PLATILLOS-FESTIVE-2023-24-1.jpg?fit=800%2C1200&ssl=1&resize=700%2C400 2x"},"classes":[]},{"id":72553,"url":"https:\/\/zeromagazine.mx\/index.php\/2024\/03\/27\/semana-santa-inolvidable-en-banyan-tree-mayakoba\/","url_meta":{"origin":86919,"position":2},"title":"Semana Santa inolvidable en Banyan Tree Mayakoba","author":"zeromagazinemx","date":"27 de marzo de 2024","format":false,"excerpt":"Hoy quiero platicarles sobre una experiencia incre\u00edble que pueden vivir en Semana Santa. \u00bfSe imaginan estar en un lugar donde la tradici\u00f3n se mezcla con el lujo y la naturaleza? Pues d\u00e9jenme contarles que Banyan Tree Mayakoba nos ofrece justo eso y m\u00e1s. Desde el jueves 21 de marzo, este\u2026","rel":"","context":"En \u00abViajes\u00bb","block_context":{"text":"Viajes","link":"https:\/\/zeromagazine.mx\/index.php\/category\/lugares\/"},"img":{"alt_text":"","src":"https:\/\/i0.wp.com\/zeromagazine.mx\/wp-content\/uploads\/2024\/03\/LAGOON-SUNSET-ROOFTOP-POOL-VILLAS.jpg?fit=320%2C214&ssl=1&resize=350%2C200","width":350,"height":200},"classes":[]},{"id":87036,"url":"https:\/\/zeromagazine.mx\/index.php\/2024\/10\/16\/hanal-pixan-la-fiesta-maya\/","url_meta":{"origin":86919,"position":3},"title":"Hanal Pix\u00e1n: La Fiesta Maya","author":"zeromagazinemx","date":"16 de octubre de 2024","format":false,"excerpt":"El Caribe Mexicano no solo es famoso por sus playas de ensue\u00f1o y su clima perfecto, sino que tambi\u00e9n es un epicentro cultural donde la vida y la muerte se entrelazan de maneras s\u00faper significativas. Este a\u00f1o, la celebraci\u00f3n del D\u00eda de Muertos y Hanal Pix\u00e1n promete ser un viaje\u2026","rel":"","context":"En \u00abEntretenimiento\u00bb","block_context":{"text":"Entretenimiento","link":"https:\/\/zeromagazine.mx\/index.php\/category\/entretenimiento\/"},"img":{"alt_text":"","src":"https:\/\/i0.wp.com\/zeromagazine.mx\/wp-content\/uploads\/2024\/10\/Hanal-Pixan.jpeg?fit=1200%2C989&ssl=1&resize=350%2C200","width":350,"height":200,"srcset":"https:\/\/i0.wp.com\/zeromagazine.mx\/wp-content\/uploads\/2024\/10\/Hanal-Pixan.jpeg?fit=1200%2C989&ssl=1&resize=350%2C200 1x, https:\/\/i0.wp.com\/zeromagazine.mx\/wp-content\/uploads\/2024\/10\/Hanal-Pixan.jpeg?fit=1200%2C989&ssl=1&resize=525%2C300 1.5x, https:\/\/i0.wp.com\/zeromagazine.mx\/wp-content\/uploads\/2024\/10\/Hanal-Pixan.jpeg?fit=1200%2C989&ssl=1&resize=700%2C400 2x, https:\/\/i0.wp.com\/zeromagazine.mx\/wp-content\/uploads\/2024\/10\/Hanal-Pixan.jpeg?fit=1200%2C989&ssl=1&resize=1050%2C600 3x"},"classes":[]},{"id":89143,"url":"https:\/\/zeromagazine.mx\/index.php\/2024\/11\/01\/dia-de-muertos-en-grand-velas\/","url_meta":{"origin":86919,"position":4},"title":"\u00abD\u00eda de Muertos en Grand Velas\u00bb","author":"zeromagazinemx","date":"1 de noviembre de 2024","format":false,"excerpt":"\u00a1Hey, amigxs! Les traigo un notici\u00f3n que est\u00e1 on fire \"D\u00eda de Muertos se viene con todo en Velas Resorts\" Si estaban buscando una escapada, entre el 27 de octubre y el 5 de noviembre, estos resorts se van a poner s\u00faper vibrosos. Es la excusa perfecta para hacer maletas\u2026","rel":"","context":"En \u00abViajes\u00bb","block_context":{"text":"Viajes","link":"https:\/\/zeromagazine.mx\/index.php\/category\/lugares\/"},"img":{"alt_text":"","src":"https:\/\/i0.wp.com\/zeromagazine.mx\/wp-content\/uploads\/2024\/11\/IMG_4799.png?fit=1144%2C763&ssl=1&resize=350%2C200","width":350,"height":200,"srcset":"https:\/\/i0.wp.com\/zeromagazine.mx\/wp-content\/uploads\/2024\/11\/IMG_4799.png?fit=1144%2C763&ssl=1&resize=350%2C200 1x, https:\/\/i0.wp.com\/zeromagazine.mx\/wp-content\/uploads\/2024\/11\/IMG_4799.png?fit=1144%2C763&ssl=1&resize=525%2C300 1.5x, https:\/\/i0.wp.com\/zeromagazine.mx\/wp-content\/uploads\/2024\/11\/IMG_4799.png?fit=1144%2C763&ssl=1&resize=700%2C400 2x, https:\/\/i0.wp.com\/zeromagazine.mx\/wp-content\/uploads\/2024\/11\/IMG_4799.png?fit=1144%2C763&ssl=1&resize=1050%2C600 3x"},"classes":[]},{"id":86383,"url":"https:\/\/zeromagazine.mx\/index.php\/2024\/10\/11\/vive-el-dia-de-muertos\/","url_meta":{"origin":86919,"position":5},"title":"\u00abVive el D\u00eda de Muertos\u00bb","author":"zeromagazinemx","date":"11 de octubre de 2024","format":false,"excerpt":"\u00bfEst\u00e1s preparado para una de las celebraciones m\u00e1s ic\u00f3nicas de M\u00e9xico? Con el oto\u00f1o en el aire y la vibra de Halloween tambi\u00e9n acerc\u00e1ndose, llega el D\u00eda de Muertos, una festividad que no solo es sobre el recuerdo, sino sobre celebrar la vida y la memoria de nuestros seres queridos.\u2026","rel":"","context":"En \u00abViajes\u00bb","block_context":{"text":"Viajes","link":"https:\/\/zeromagazine.mx\/index.php\/category\/lugares\/"},"img":{"alt_text":"","src":"https:\/\/i0.wp.com\/zeromagazine.mx\/wp-content\/uploads\/2024\/10\/05_11.jpg?fit=1200%2C769&ssl=1&resize=350%2C200","width":350,"height":200,"srcset":"https:\/\/i0.wp.com\/zeromagazine.mx\/wp-content\/uploads\/2024\/10\/05_11.jpg?fit=1200%2C769&ssl=1&resize=350%2C200 1x, https:\/\/i0.wp.com\/zeromagazine.mx\/wp-content\/uploads\/2024\/10\/05_11.jpg?fit=1200%2C769&ssl=1&resize=525%2C300 1.5x, https:\/\/i0.wp.com\/zeromagazine.mx\/wp-content\/uploads\/2024\/10\/05_11.jpg?fit=1200%2C769&ssl=1&resize=700%2C400 2x, https:\/\/i0.wp.com\/zeromagazine.mx\/wp-content\/uploads\/2024\/10\/05_11.jpg?fit=1200%2C769&ssl=1&resize=1050%2C600 3x"},"classes":[]}],"jetpack_sharing_enabled":true,"builder_content":"","_links":{"self":[{"href":"https:\/\/zeromagazine.mx\/index.php\/wp-json\/wp\/v2\/posts\/86919","targetHints":{"allow":["GET"]}}],"collection":[{"href":"https:\/\/zeromagazine.mx\/index.php\/wp-json\/wp\/v2\/posts"}],"about":[{"href":"https:\/\/zeromagazine.mx\/index.php\/wp-json\/wp\/v2\/types\/post"}],"author":[{"embeddable":true,"href":"https:\/\/zeromagazine.mx\/index.php\/wp-json\/wp\/v2\/users\/2"}],"replies":[{"embeddable":true,"href":"https:\/\/zeromagazine.mx\/index.php\/wp-json\/wp\/v2\/comments?post=86919"}],"version-history":[{"count":10,"href":"https:\/\/zeromagazine.mx\/index.php\/wp-json\/wp\/v2\/posts\/86919\/revisions"}],"predecessor-version":[{"id":86936,"href":"https:\/\/zeromagazine.mx\/index.php\/wp-json\/wp\/v2\/posts\/86919\/revisions\/86936"}],"wp:featuredmedia":[{"embeddable":true,"href":"https:\/\/zeromagazine.mx\/index.php\/wp-json\/wp\/v2\/media\/86920"}],"wp:attachment":[{"href":"https:\/\/zeromagazine.mx\/index.php\/wp-json\/wp\/v2\/media?parent=86919"}],"wp:term":[{"taxonomy":"category","embeddable":true,"href":"https:\/\/zeromagazine.mx\/index.php\/wp-json\/wp\/v2\/categories?post=86919"},{"taxonomy":"post_tag","embeddable":true,"href":"https:\/\/zeromagazine.mx\/index.php\/wp-json\/wp\/v2\/tags?post=86919"}],"curies":[{"name":"wp","href":"https:\/\/api.w.org\/{rel}","templated":true}]}}