{"id":87036,"date":"2024-10-16T18:34:19","date_gmt":"2024-10-16T16:34:19","guid":{"rendered":"https:\/\/zeromagazine.mx\/?p=87036"},"modified":"2024-10-16T18:44:51","modified_gmt":"2024-10-16T16:44:51","slug":"hanal-pixan-la-fiesta-maya","status":"publish","type":"post","link":"https:\/\/zeromagazine.mx\/index.php\/2024\/10\/16\/hanal-pixan-la-fiesta-maya\/","title":{"rendered":"Hanal Pix\u00e1n: La Fiesta Maya"},"content":{"rendered":"<p>El Caribe Mexicano no solo es famoso por sus playas de ensue\u00f1o y su clima perfecto, sino que tambi\u00e9n es un epicentro cultural donde la vida y la muerte se entrelazan de maneras s\u00faper significativas. Este a\u00f1o, la celebraci\u00f3n del D\u00eda de Muertos y Hanal Pix\u00e1n promete ser un viaje al alma misma de nuestras tradiciones. Desde la fusi\u00f3n de costumbres mayas hasta la modernidad que traen los eventos, aqu\u00ed te cuento qu\u00e9 no te puedes perder si andas por esta zona.<\/p>\n\n\n\n<h3 class=\"wp-block-heading\">18\u00b0 Festival de Tradiciones en Xcaret<\/h3>\n\n\n\n<p>Primero que nada, \u00bfsab\u00edas que Xcaret va a celebrar su 18\u00b0 Festival de Tradiciones de Vida y Muerte? As\u00ed es, del 30 de octubre al 3 de noviembre, este lugar se transforma en un fest\u00edn de cultura y tradiciones. Este a\u00f1o, Quintana Roo es el invitado de honor, as\u00ed que ya me estoy dando una idea de todo lo que van a ofrecer.<\/p>\n\n\n\n<script async src=\"https:\/\/pagead2.googlesyndication.com\/pagead\/js\/adsbygoogle.js?client=ca-pub-5499304793904745\"\n     crossorigin=\"anonymous\"><\/script>\n<ins class=\"adsbygoogle\"\n     style=\"display:block; text-align:center;\"\n     data-ad-layout=\"in-article\"\n     data-ad-format=\"fluid\"\n     data-ad-client=\"ca-pub-5499304793904745\"\n     data-ad-slot=\"5994863093\"><\/ins>\n<script>\n     (adsbygoogle = window.adsbygoogle || []).push({});\n<\/script>\n\n\n\n<p><\/p>\n\n\n\n<p>Artistas, cocineros y artesanos de la regi\u00f3n se dar\u00e1n cita para mostrar lo mejor de su talento. Desde m\u00fasica en vivo hasta talleres donde puedes aprender un poco m\u00e1s sobre la tradici\u00f3n de las ofrendas. No solo eso, tambi\u00e9n podr\u00e1s disfrutar de presentaciones de artistas como Reik y Silvana Estrada, que seguro le dar\u00e1n un toque fresh y contempor\u00e1neo a la celebraci\u00f3n.<\/p>\n\n\n\n<p>Lo mejor de este festival es que te envuelves en un ambiente lleno de historia, color y sabor. Y ni hablar de las ofrendas: son un espect\u00e1culo visual. Las familias construyen altares con fotos de sus difuntos, flores de cempas\u00fachil, calaveritas de az\u00facar y hasta comida que les encantaba a esos seres queridos. Todo esto, en un escenario m\u00e1gico donde la belleza de las tradiciones quintanarroenses se manifiesta a trav\u00e9s de talleres, espect\u00e1culos y, por supuesto, deliciosa comida.<\/p>\n\n\n<div class=\"wp-block-image\">\n<figure class=\"aligncenter size-full\"><img data-recalc-dims=\"1\" decoding=\"async\" width=\"1165\" height=\"960\" src=\"https:\/\/i0.wp.com\/zeromagazine.mx\/wp-content\/uploads\/2024\/10\/Hanal-Pixan.jpeg?resize=1165%2C960&#038;ssl=1\" alt=\"Explora la fusi\u00f3n de costumbres mayas y mexicanas en el Caribe Mexicano durante el D\u00eda de Muertos y Hanal Pix\u00e1n. Vive la magia de eventos \u00fanicos como el Hanal Pix\u00e1n Mestizaje en el Cenote Zapote y la experiencia inmersiva en Mayakoba, donde la celebraci\u00f3n se convierte en un viaje al alma de M\u00e9xico.\" class=\"wp-image-87037\" srcset=\"https:\/\/i0.wp.com\/zeromagazine.mx\/wp-content\/uploads\/2024\/10\/Hanal-Pixan.jpeg?w=1280&amp;ssl=1 1280w, https:\/\/i0.wp.com\/zeromagazine.mx\/wp-content\/uploads\/2024\/10\/Hanal-Pixan.jpeg?resize=300%2C247&amp;ssl=1 300w, https:\/\/i0.wp.com\/zeromagazine.mx\/wp-content\/uploads\/2024\/10\/Hanal-Pixan.jpeg?resize=1024%2C844&amp;ssl=1 1024w, https:\/\/i0.wp.com\/zeromagazine.mx\/wp-content\/uploads\/2024\/10\/Hanal-Pixan.jpeg?resize=768%2C633&amp;ssl=1 768w\" sizes=\"(max-width: 1165px) 100vw, 1165px\" \/><\/figure>\n<\/div>\n\n\n<p><\/p>\n\n\n\n<h3 class=\"wp-block-heading\">Hanal Pix\u00e1n en Puerto Ju\u00e1rez<\/h3>\n\n\n\n<p>Ahora, si tu rollo es m\u00e1s la cultura maya, el<strong> <em>Hanal Pix\u00e1n<\/em><\/strong> es el plan perfecto. Este 2024, Puerto Ju\u00e1rez se convierte en la sede oficial de esta festividad ancestral. En el renovado Parque de las Palapas, podr\u00e1s presenciar la famosa <em><strong>Cena de \u00c1nimas<\/strong><\/em>, que cumple su d\u00e9cimo aniversario en Canc\u00fan.<\/p>\n\n\n\n<p>Imagina la atm\u00f3sfera, el aroma de la comida, las risas y el cari\u00f1o que se siente al recordar a quienes han partido. Les aseguro que es un evento lleno de significado, donde la comunidad se une para celebrar la vida a trav\u00e9s del recuerdo.<\/p>\n\n\n\n<h3 class=\"wp-block-heading\">Hanal Pix\u00e1n en el Cenote Zapote<\/h3>\n\n\n\n<p>Pero espera, \u00a1hay m\u00e1s! El 10 de noviembre, la celebraci\u00f3n del Hanal Pix\u00e1n se llevar\u00e1 a cabo en el Cenote Zapote, y aqu\u00ed es donde las cosas se ponen realmente m\u00e1gicas. Este evento, llamado Hanal Pix\u00e1n Mestizaje, re\u00fane a artesanos de<strong> <em>Leona Vicario<\/em> <\/strong>y <em><strong>Puerto Morelos<\/strong><\/em> para presentar sus creaciones de comida artesanal y productos t\u00edpicos de la regi\u00f3n.<\/p>\n\n\n\n<script async src=\"https:\/\/pagead2.googlesyndication.com\/pagead\/js\/adsbygoogle.js?client=ca-pub-5499304793904745\"\r\n     crossorigin=\"anonymous\"><\/script>\r\n<ins class=\"adsbygoogle\"\r\n     style=\"display:block; text-align:center;\"\r\n     data-ad-layout=\"in-article\"\r\n     data-ad-format=\"fluid\"\r\n     data-ad-client=\"ca-pub-5499304793904745\"\r\n     data-ad-slot=\"5994863093\"><\/ins>\r\n<script>\r\n     (adsbygoogle = window.adsbygoogle || []).push({});\r\n<\/script>\n\n\n\n<p><\/p>\n\n\n\n<p>Adem\u00e1s, habr\u00e1 impresionantes<strong> <em>catrinas <\/em><\/strong><em>en vivo<\/em>, que te har\u00e1n sentir como si hubieras entrado en un mundo de fantas\u00eda. Y la cereza del pastel: una peregrinaci\u00f3n al inframundo maya, donde se har\u00e1 una representaci\u00f3n en vivo del Hanal Pix\u00e1n. <\/p>\n\n\n\n<h3 class=\"wp-block-heading\">Experiencia Inmersiva en Mayakoba<\/h3>\n\n\n\n<p>Ahora, si buscas una experiencia a\u00fan m\u00e1s exclusiva, <strong><em>Mayakoba<\/em> <\/strong>se une a la fiesta el<strong> <em>1 de noviembre<\/em><\/strong>. Tendr\u00e1s la oportunidad de participar en un taller cultural y recorrer altares impresionantes a lo largo de sus canales. <\/p>\n\n\n\n<script async src=\"https:\/\/pagead2.googlesyndication.com\/pagead\/js\/adsbygoogle.js?client=ca-pub-5499304793904745\"\r\n     crossorigin=\"anonymous\"><\/script>\r\n<ins class=\"adsbygoogle\"\r\n     style=\"display:block; text-align:center;\"\r\n     data-ad-layout=\"in-article\"\r\n     data-ad-format=\"fluid\"\r\n     data-ad-client=\"ca-pub-5499304793904745\"\r\n     data-ad-slot=\"5994863093\"><\/ins>\r\n<script>\r\n     (adsbygoogle = window.adsbygoogle || []).push({});\r\n<\/script>\n\n\n\n<p><\/p>\n\n\n\n<p>Y no te preocupes, que la fiesta no acaba ah\u00ed. La experiencia culmina con una <strong><em>cena gourmet<\/em> <\/strong>que te dejar\u00e1 babeando, donde podr\u00e1s degustar los aut\u00e9nticos sabores de la pen\u00ednsula de Yucat\u00e1n. Para cerrar el d\u00eda con broche de oro, el <em>After-Dead Party<\/em> en <em>El Pueblito<\/em> promete una noche llena de m\u00fasica en vivo y un DJ que te har\u00e1 bailar hasta el amanecer.<\/p>\n\n\n\n<p>El D\u00eda de Muertos y Hanal Pix\u00e1n no son solo celebraciones; son momentos para recordar, reflexionar y conectar con las ra\u00edces culturales que han forjado nuestra identidad. Cada rinc\u00f3n del Caribe Mexicano te invita a vivir una experiencia aut\u00e9ntica que va m\u00e1s all\u00e1 del turismo.<\/p>\n\n\n\n<h3 class=\"wp-block-heading\">\u00bfListxs para la Fiesta?<\/h3>\n\n\n\n<p>Si buscas una manera de conectar con la esencia de M\u00e9xico y disfrutar de un evento lleno de significado, no te pierdas la oportunidad de celebrar el D\u00eda de Muertos y Hanal Pix\u00e1n en el Caribe Mexicano. <\/p>\n\n\n\n<p>Y ya sabes, si quieres m\u00e1s info sobre todo lo que est\u00e1 pasando, checa <a href=\"https:\/\/www.caribemexicano.travel\/\">Caribe Mexicano<\/a>. No te arrepentir\u00e1s de vivir esta fiesta llena de vida, amor y tradiciones.<\/p>\n\n<!--themify_builder_content-->\n<div id=\"themify_builder_content-87036\" data-postid=\"87036\" class=\"themify_builder_content themify_builder_content-87036 themify_builder tf_clear\">\n    <\/div>\n<!--\/themify_builder_content-->","protected":false},"excerpt":{"rendered":"<p>El Caribe Mexicano no solo es famoso por sus playas de ensue\u00f1o y su clima perfecto, sino que tambi\u00e9n es un epicentro cultural donde la vida y la muerte se entrelazan de maneras s\u00faper significativas. Este a\u00f1o, la celebraci\u00f3n del D\u00eda de Muertos y Hanal Pix\u00e1n promete ser un viaje al alma misma de nuestras [&hellip;]<\/p>\n","protected":false},"author":2,"featured_media":87037,"comment_status":"open","ping_status":"open","sticky":false,"template":"","format":"standard","meta":{"_jetpack_memberships_contains_paid_content":false,"footnotes":"","jetpack_publicize_message":"","jetpack_publicize_feature_enabled":true,"jetpack_social_post_already_shared":true,"jetpack_social_options":{"image_generator_settings":{"template":"highway","default_image_id":0,"font":"","enabled":false},"version":2}},"categories":[117],"tags":[10913,10915,2723,10914],"class_list":["post-87036","post","type-post","status-publish","format-standard","has-post-thumbnail","hentry","category-entretenimiento","tag-18-festival","tag-cenote-zapote","tag-reik","tag-silvana-estrada","has-post-title","has-post-date","has-post-category","has-post-tag","has-post-comment","has-post-author",""],"yoast_head":"<!-- This site is optimized with the Yoast SEO plugin v27.4 - https:\/\/yoast.com\/product\/yoast-seo-wordpress\/ -->\n<title>Hanal Pix\u00e1n: La Fiesta Maya - Zero Magazine<\/title>\n<meta name=\"robots\" content=\"index, follow, max-snippet:-1, max-image-preview:large, max-video-preview:-1\" \/>\n<link rel=\"canonical\" href=\"https:\/\/zeromagazine.mx\/index.php\/2024\/10\/16\/hanal-pixan-la-fiesta-maya\/\" \/>\n<meta property=\"og:locale\" content=\"es_ES\" \/>\n<meta property=\"og:type\" content=\"article\" \/>\n<meta property=\"og:title\" content=\"Hanal Pix\u00e1n: La Fiesta Maya - Zero Magazine\" \/>\n<meta property=\"og:description\" content=\"El Caribe Mexicano no solo es famoso por sus playas de ensue\u00f1o y su clima perfecto, sino que tambi\u00e9n es un epicentro cultural donde la vida y la muerte se entrelazan de maneras s\u00faper significativas. Este a\u00f1o, la celebraci\u00f3n del D\u00eda de Muertos y Hanal Pix\u00e1n promete ser un viaje al alma misma de nuestras [&hellip;]\" \/>\n<meta property=\"og:url\" content=\"https:\/\/zeromagazine.mx\/index.php\/2024\/10\/16\/hanal-pixan-la-fiesta-maya\/\" \/>\n<meta property=\"og:site_name\" content=\"Zero Magazine\" \/>\n<meta property=\"article:published_time\" content=\"2024-10-16T16:34:19+00:00\" \/>\n<meta property=\"article:modified_time\" content=\"2024-10-16T16:44:51+00:00\" \/>\n<meta property=\"og:image\" content=\"http:\/\/zeromagazine.mx\/wp-content\/uploads\/2024\/10\/Hanal-Pixan.jpeg\" \/>\n\t<meta property=\"og:image:width\" content=\"1280\" \/>\n\t<meta property=\"og:image:height\" content=\"1055\" \/>\n\t<meta property=\"og:image:type\" content=\"image\/jpeg\" \/>\n<meta name=\"author\" content=\"zeromagazinemx\" \/>\n<meta name=\"twitter:card\" content=\"summary_large_image\" \/>\n<meta name=\"twitter:label1\" content=\"Escrito por\" \/>\n\t<meta name=\"twitter:data1\" content=\"zeromagazinemx\" \/>\n\t<meta name=\"twitter:label2\" content=\"Tiempo de lectura\" \/>\n\t<meta name=\"twitter:data2\" content=\"4 minutos\" \/>\n<script type=\"application\/ld+json\" class=\"yoast-schema-graph\">{\"@context\":\"https:\\\/\\\/schema.org\",\"@graph\":[{\"@type\":\"Article\",\"@id\":\"https:\\\/\\\/zeromagazine.mx\\\/index.php\\\/2024\\\/10\\\/16\\\/hanal-pixan-la-fiesta-maya\\\/#article\",\"isPartOf\":{\"@id\":\"https:\\\/\\\/zeromagazine.mx\\\/index.php\\\/2024\\\/10\\\/16\\\/hanal-pixan-la-fiesta-maya\\\/\"},\"author\":{\"name\":\"zeromagazinemx\",\"@id\":\"https:\\\/\\\/zeromagazine.mx\\\/#\\\/schema\\\/person\\\/9aed9f33a7c39af3a348b86d723f7773\"},\"headline\":\"Hanal Pix\u00e1n: La Fiesta Maya\",\"datePublished\":\"2024-10-16T16:34:19+00:00\",\"dateModified\":\"2024-10-16T16:44:51+00:00\",\"mainEntityOfPage\":{\"@id\":\"https:\\\/\\\/zeromagazine.mx\\\/index.php\\\/2024\\\/10\\\/16\\\/hanal-pixan-la-fiesta-maya\\\/\"},\"wordCount\":787,\"commentCount\":0,\"publisher\":{\"@id\":\"https:\\\/\\\/zeromagazine.mx\\\/#organization\"},\"image\":{\"@id\":\"https:\\\/\\\/zeromagazine.mx\\\/index.php\\\/2024\\\/10\\\/16\\\/hanal-pixan-la-fiesta-maya\\\/#primaryimage\"},\"thumbnailUrl\":\"https:\\\/\\\/i0.wp.com\\\/zeromagazine.mx\\\/wp-content\\\/uploads\\\/2024\\\/10\\\/Hanal-Pixan.jpeg?fit=1280%2C1055&ssl=1\",\"keywords\":[\"18\u00b0 Festival\",\"Cenote Zapote\",\"Reik\",\"Silvana Estrada\"],\"articleSection\":[\"Entretenimiento\"],\"inLanguage\":\"es\",\"potentialAction\":[{\"@type\":\"CommentAction\",\"name\":\"Comment\",\"target\":[\"https:\\\/\\\/zeromagazine.mx\\\/index.php\\\/2024\\\/10\\\/16\\\/hanal-pixan-la-fiesta-maya\\\/#respond\"]}]},{\"@type\":\"WebPage\",\"@id\":\"https:\\\/\\\/zeromagazine.mx\\\/index.php\\\/2024\\\/10\\\/16\\\/hanal-pixan-la-fiesta-maya\\\/\",\"url\":\"https:\\\/\\\/zeromagazine.mx\\\/index.php\\\/2024\\\/10\\\/16\\\/hanal-pixan-la-fiesta-maya\\\/\",\"name\":\"Hanal Pix\u00e1n: La Fiesta Maya - Zero Magazine\",\"isPartOf\":{\"@id\":\"https:\\\/\\\/zeromagazine.mx\\\/#website\"},\"primaryImageOfPage\":{\"@id\":\"https:\\\/\\\/zeromagazine.mx\\\/index.php\\\/2024\\\/10\\\/16\\\/hanal-pixan-la-fiesta-maya\\\/#primaryimage\"},\"image\":{\"@id\":\"https:\\\/\\\/zeromagazine.mx\\\/index.php\\\/2024\\\/10\\\/16\\\/hanal-pixan-la-fiesta-maya\\\/#primaryimage\"},\"thumbnailUrl\":\"https:\\\/\\\/i0.wp.com\\\/zeromagazine.mx\\\/wp-content\\\/uploads\\\/2024\\\/10\\\/Hanal-Pixan.jpeg?fit=1280%2C1055&ssl=1\",\"datePublished\":\"2024-10-16T16:34:19+00:00\",\"dateModified\":\"2024-10-16T16:44:51+00:00\",\"breadcrumb\":{\"@id\":\"https:\\\/\\\/zeromagazine.mx\\\/index.php\\\/2024\\\/10\\\/16\\\/hanal-pixan-la-fiesta-maya\\\/#breadcrumb\"},\"inLanguage\":\"es\",\"potentialAction\":[{\"@type\":\"ReadAction\",\"target\":[\"https:\\\/\\\/zeromagazine.mx\\\/index.php\\\/2024\\\/10\\\/16\\\/hanal-pixan-la-fiesta-maya\\\/\"]}]},{\"@type\":\"ImageObject\",\"inLanguage\":\"es\",\"@id\":\"https:\\\/\\\/zeromagazine.mx\\\/index.php\\\/2024\\\/10\\\/16\\\/hanal-pixan-la-fiesta-maya\\\/#primaryimage\",\"url\":\"https:\\\/\\\/i0.wp.com\\\/zeromagazine.mx\\\/wp-content\\\/uploads\\\/2024\\\/10\\\/Hanal-Pixan.jpeg?fit=1280%2C1055&ssl=1\",\"contentUrl\":\"https:\\\/\\\/i0.wp.com\\\/zeromagazine.mx\\\/wp-content\\\/uploads\\\/2024\\\/10\\\/Hanal-Pixan.jpeg?fit=1280%2C1055&ssl=1\",\"width\":1280,\"height\":1055},{\"@type\":\"BreadcrumbList\",\"@id\":\"https:\\\/\\\/zeromagazine.mx\\\/index.php\\\/2024\\\/10\\\/16\\\/hanal-pixan-la-fiesta-maya\\\/#breadcrumb\",\"itemListElement\":[{\"@type\":\"ListItem\",\"position\":1,\"name\":\"Portada\",\"item\":\"https:\\\/\\\/zeromagazine.mx\\\/\"},{\"@type\":\"ListItem\",\"position\":2,\"name\":\"Hanal Pix\u00e1n: La Fiesta Maya\"}]},{\"@type\":\"WebSite\",\"@id\":\"https:\\\/\\\/zeromagazine.mx\\\/#website\",\"url\":\"https:\\\/\\\/zeromagazine.mx\\\/\",\"name\":\"Zero Magazine\",\"description\":\"\",\"publisher\":{\"@id\":\"https:\\\/\\\/zeromagazine.mx\\\/#organization\"},\"potentialAction\":[{\"@type\":\"SearchAction\",\"target\":{\"@type\":\"EntryPoint\",\"urlTemplate\":\"https:\\\/\\\/zeromagazine.mx\\\/?s={search_term_string}\"},\"query-input\":{\"@type\":\"PropertyValueSpecification\",\"valueRequired\":true,\"valueName\":\"search_term_string\"}}],\"inLanguage\":\"es\"},{\"@type\":\"Organization\",\"@id\":\"https:\\\/\\\/zeromagazine.mx\\\/#organization\",\"name\":\"Zero Magazine\",\"url\":\"https:\\\/\\\/zeromagazine.mx\\\/\",\"logo\":{\"@type\":\"ImageObject\",\"inLanguage\":\"es\",\"@id\":\"https:\\\/\\\/zeromagazine.mx\\\/#\\\/schema\\\/logo\\\/image\\\/\",\"url\":\"https:\\\/\\\/i0.wp.com\\\/zeromagazine.mx\\\/wp-content\\\/uploads\\\/2025\\\/11\\\/1.jpeg?fit=1000%2C1000&ssl=1\",\"contentUrl\":\"https:\\\/\\\/i0.wp.com\\\/zeromagazine.mx\\\/wp-content\\\/uploads\\\/2025\\\/11\\\/1.jpeg?fit=1000%2C1000&ssl=1\",\"width\":1000,\"height\":1000,\"caption\":\"Zero Magazine\"},\"image\":{\"@id\":\"https:\\\/\\\/zeromagazine.mx\\\/#\\\/schema\\\/logo\\\/image\\\/\"},\"sameAs\":[\"https:\\\/\\\/instagram.com\\\/zeromagazinemx\"]},{\"@type\":\"Person\",\"@id\":\"https:\\\/\\\/zeromagazine.mx\\\/#\\\/schema\\\/person\\\/9aed9f33a7c39af3a348b86d723f7773\",\"name\":\"zeromagazinemx\",\"image\":{\"@type\":\"ImageObject\",\"inLanguage\":\"es\",\"@id\":\"https:\\\/\\\/zeromagazine.mx\\\/wp-content\\\/litespeed\\\/avatar\\\/f91dfe5410d5dcb1a576bf8c45983896.jpg?ver=1776966396\",\"url\":\"https:\\\/\\\/zeromagazine.mx\\\/wp-content\\\/litespeed\\\/avatar\\\/f91dfe5410d5dcb1a576bf8c45983896.jpg?ver=1776966396\",\"contentUrl\":\"https:\\\/\\\/zeromagazine.mx\\\/wp-content\\\/litespeed\\\/avatar\\\/f91dfe5410d5dcb1a576bf8c45983896.jpg?ver=1776966396\",\"caption\":\"zeromagazinemx\"},\"url\":\"https:\\\/\\\/zeromagazine.mx\\\/index.php\\\/author\\\/zeromagazinemx\\\/\"}]}<\/script>\n<!-- \/ Yoast SEO plugin. -->","yoast_head_json":{"title":"Hanal Pix\u00e1n: La Fiesta Maya - Zero Magazine","robots":{"index":"index","follow":"follow","max-snippet":"max-snippet:-1","max-image-preview":"max-image-preview:large","max-video-preview":"max-video-preview:-1"},"canonical":"https:\/\/zeromagazine.mx\/index.php\/2024\/10\/16\/hanal-pixan-la-fiesta-maya\/","og_locale":"es_ES","og_type":"article","og_title":"Hanal Pix\u00e1n: La Fiesta Maya - Zero Magazine","og_description":"El Caribe Mexicano no solo es famoso por sus playas de ensue\u00f1o y su clima perfecto, sino que tambi\u00e9n es un epicentro cultural donde la vida y la muerte se entrelazan de maneras s\u00faper significativas. Este a\u00f1o, la celebraci\u00f3n del D\u00eda de Muertos y Hanal Pix\u00e1n promete ser un viaje al alma misma de nuestras [&hellip;]","og_url":"https:\/\/zeromagazine.mx\/index.php\/2024\/10\/16\/hanal-pixan-la-fiesta-maya\/","og_site_name":"Zero Magazine","article_published_time":"2024-10-16T16:34:19+00:00","article_modified_time":"2024-10-16T16:44:51+00:00","og_image":[{"width":1280,"height":1055,"url":"http:\/\/zeromagazine.mx\/wp-content\/uploads\/2024\/10\/Hanal-Pixan.jpeg","type":"image\/jpeg"}],"author":"zeromagazinemx","twitter_card":"summary_large_image","twitter_misc":{"Escrito por":"zeromagazinemx","Tiempo de lectura":"4 minutos"},"schema":{"@context":"https:\/\/schema.org","@graph":[{"@type":"Article","@id":"https:\/\/zeromagazine.mx\/index.php\/2024\/10\/16\/hanal-pixan-la-fiesta-maya\/#article","isPartOf":{"@id":"https:\/\/zeromagazine.mx\/index.php\/2024\/10\/16\/hanal-pixan-la-fiesta-maya\/"},"author":{"name":"zeromagazinemx","@id":"https:\/\/zeromagazine.mx\/#\/schema\/person\/9aed9f33a7c39af3a348b86d723f7773"},"headline":"Hanal Pix\u00e1n: La Fiesta Maya","datePublished":"2024-10-16T16:34:19+00:00","dateModified":"2024-10-16T16:44:51+00:00","mainEntityOfPage":{"@id":"https:\/\/zeromagazine.mx\/index.php\/2024\/10\/16\/hanal-pixan-la-fiesta-maya\/"},"wordCount":787,"commentCount":0,"publisher":{"@id":"https:\/\/zeromagazine.mx\/#organization"},"image":{"@id":"https:\/\/zeromagazine.mx\/index.php\/2024\/10\/16\/hanal-pixan-la-fiesta-maya\/#primaryimage"},"thumbnailUrl":"https:\/\/i0.wp.com\/zeromagazine.mx\/wp-content\/uploads\/2024\/10\/Hanal-Pixan.jpeg?fit=1280%2C1055&ssl=1","keywords":["18\u00b0 Festival","Cenote Zapote","Reik","Silvana Estrada"],"articleSection":["Entretenimiento"],"inLanguage":"es","potentialAction":[{"@type":"CommentAction","name":"Comment","target":["https:\/\/zeromagazine.mx\/index.php\/2024\/10\/16\/hanal-pixan-la-fiesta-maya\/#respond"]}]},{"@type":"WebPage","@id":"https:\/\/zeromagazine.mx\/index.php\/2024\/10\/16\/hanal-pixan-la-fiesta-maya\/","url":"https:\/\/zeromagazine.mx\/index.php\/2024\/10\/16\/hanal-pixan-la-fiesta-maya\/","name":"Hanal Pix\u00e1n: La Fiesta Maya - Zero Magazine","isPartOf":{"@id":"https:\/\/zeromagazine.mx\/#website"},"primaryImageOfPage":{"@id":"https:\/\/zeromagazine.mx\/index.php\/2024\/10\/16\/hanal-pixan-la-fiesta-maya\/#primaryimage"},"image":{"@id":"https:\/\/zeromagazine.mx\/index.php\/2024\/10\/16\/hanal-pixan-la-fiesta-maya\/#primaryimage"},"thumbnailUrl":"https:\/\/i0.wp.com\/zeromagazine.mx\/wp-content\/uploads\/2024\/10\/Hanal-Pixan.jpeg?fit=1280%2C1055&ssl=1","datePublished":"2024-10-16T16:34:19+00:00","dateModified":"2024-10-16T16:44:51+00:00","breadcrumb":{"@id":"https:\/\/zeromagazine.mx\/index.php\/2024\/10\/16\/hanal-pixan-la-fiesta-maya\/#breadcrumb"},"inLanguage":"es","potentialAction":[{"@type":"ReadAction","target":["https:\/\/zeromagazine.mx\/index.php\/2024\/10\/16\/hanal-pixan-la-fiesta-maya\/"]}]},{"@type":"ImageObject","inLanguage":"es","@id":"https:\/\/zeromagazine.mx\/index.php\/2024\/10\/16\/hanal-pixan-la-fiesta-maya\/#primaryimage","url":"https:\/\/i0.wp.com\/zeromagazine.mx\/wp-content\/uploads\/2024\/10\/Hanal-Pixan.jpeg?fit=1280%2C1055&ssl=1","contentUrl":"https:\/\/i0.wp.com\/zeromagazine.mx\/wp-content\/uploads\/2024\/10\/Hanal-Pixan.jpeg?fit=1280%2C1055&ssl=1","width":1280,"height":1055},{"@type":"BreadcrumbList","@id":"https:\/\/zeromagazine.mx\/index.php\/2024\/10\/16\/hanal-pixan-la-fiesta-maya\/#breadcrumb","itemListElement":[{"@type":"ListItem","position":1,"name":"Portada","item":"https:\/\/zeromagazine.mx\/"},{"@type":"ListItem","position":2,"name":"Hanal Pix\u00e1n: La Fiesta Maya"}]},{"@type":"WebSite","@id":"https:\/\/zeromagazine.mx\/#website","url":"https:\/\/zeromagazine.mx\/","name":"Zero Magazine","description":"","publisher":{"@id":"https:\/\/zeromagazine.mx\/#organization"},"potentialAction":[{"@type":"SearchAction","target":{"@type":"EntryPoint","urlTemplate":"https:\/\/zeromagazine.mx\/?s={search_term_string}"},"query-input":{"@type":"PropertyValueSpecification","valueRequired":true,"valueName":"search_term_string"}}],"inLanguage":"es"},{"@type":"Organization","@id":"https:\/\/zeromagazine.mx\/#organization","name":"Zero Magazine","url":"https:\/\/zeromagazine.mx\/","logo":{"@type":"ImageObject","inLanguage":"es","@id":"https:\/\/zeromagazine.mx\/#\/schema\/logo\/image\/","url":"https:\/\/i0.wp.com\/zeromagazine.mx\/wp-content\/uploads\/2025\/11\/1.jpeg?fit=1000%2C1000&ssl=1","contentUrl":"https:\/\/i0.wp.com\/zeromagazine.mx\/wp-content\/uploads\/2025\/11\/1.jpeg?fit=1000%2C1000&ssl=1","width":1000,"height":1000,"caption":"Zero Magazine"},"image":{"@id":"https:\/\/zeromagazine.mx\/#\/schema\/logo\/image\/"},"sameAs":["https:\/\/instagram.com\/zeromagazinemx"]},{"@type":"Person","@id":"https:\/\/zeromagazine.mx\/#\/schema\/person\/9aed9f33a7c39af3a348b86d723f7773","name":"zeromagazinemx","image":{"@type":"ImageObject","inLanguage":"es","@id":"https:\/\/zeromagazine.mx\/wp-content\/litespeed\/avatar\/f91dfe5410d5dcb1a576bf8c45983896.jpg?ver=1776966396","url":"https:\/\/zeromagazine.mx\/wp-content\/litespeed\/avatar\/f91dfe5410d5dcb1a576bf8c45983896.jpg?ver=1776966396","contentUrl":"https:\/\/zeromagazine.mx\/wp-content\/litespeed\/avatar\/f91dfe5410d5dcb1a576bf8c45983896.jpg?ver=1776966396","caption":"zeromagazinemx"},"url":"https:\/\/zeromagazine.mx\/index.php\/author\/zeromagazinemx\/"}]}},"jetpack_publicize_connections":[],"jetpack_featured_media_url":"https:\/\/i0.wp.com\/zeromagazine.mx\/wp-content\/uploads\/2024\/10\/Hanal-Pixan.jpeg?fit=1280%2C1055&ssl=1","jetpack-related-posts":[{"id":81210,"url":"https:\/\/zeromagazine.mx\/index.php\/2024\/07\/31\/reik-en-xcaret-no-faltes\/","url_meta":{"origin":87036,"position":0},"title":"Reik en Xcaret: \u00a1No Faltes!","author":"zeromagazinemx","date":"31 de julio de 2024","format":false,"excerpt":"\u00bfEst\u00e1n listxs para un evento que va a romperla en todos los sentidos? Este 2024, el Festival de Tradiciones de Vida y Muerte de Xcaret promete ser una experiencia \u00e9pica, y adivinen qu\u00e9: \u00a1Reik ser\u00e1 el headliner de la gala principal! \u00bfCu\u00e1ndo es el festival? Del 30 de octubre al\u2026","rel":"","context":"En \u00abViajes\u00bb","block_context":{"text":"Viajes","link":"https:\/\/zeromagazine.mx\/index.php\/category\/lugares\/"},"img":{"alt_text":"","src":"https:\/\/i0.wp.com\/zeromagazine.mx\/wp-content\/uploads\/2024\/07\/Reik-2.jpg?fit=1125%2C1106&ssl=1&resize=350%2C200","width":350,"height":200,"srcset":"https:\/\/i0.wp.com\/zeromagazine.mx\/wp-content\/uploads\/2024\/07\/Reik-2.jpg?fit=1125%2C1106&ssl=1&resize=350%2C200 1x, https:\/\/i0.wp.com\/zeromagazine.mx\/wp-content\/uploads\/2024\/07\/Reik-2.jpg?fit=1125%2C1106&ssl=1&resize=525%2C300 1.5x, https:\/\/i0.wp.com\/zeromagazine.mx\/wp-content\/uploads\/2024\/07\/Reik-2.jpg?fit=1125%2C1106&ssl=1&resize=700%2C400 2x, https:\/\/i0.wp.com\/zeromagazine.mx\/wp-content\/uploads\/2024\/07\/Reik-2.jpg?fit=1125%2C1106&ssl=1&resize=1050%2C600 3x"},"classes":[]},{"id":88504,"url":"https:\/\/zeromagazine.mx\/index.php\/2024\/10\/28\/festival-de-catrinas-vibe-y-sabor\/","url_meta":{"origin":87036,"position":1},"title":"\u00abFestival de Catrinas: Vibe y Sabor\u00bb","author":"zeromagazinemx","date":"28 de octubre de 2024","format":false,"excerpt":"Amigxs, si hay algo que nos encanta celebrar, es la cultura y las tradiciones que nos hacen \u00fanicos. Y qu\u00e9 mejor manera de hacerlo que en el Festival de las Catrinas 2024, un evento \u00e9pico que est\u00e1 tomando lugar en el Hotel Marquis Reforma. Este festival no solo celebra el\u2026","rel":"","context":"En \u00abViajes\u00bb","block_context":{"text":"Viajes","link":"https:\/\/zeromagazine.mx\/index.php\/category\/lugares\/"},"img":{"alt_text":"","src":"https:\/\/i0.wp.com\/zeromagazine.mx\/wp-content\/uploads\/2024\/10\/HotelMarquisReforma_DECORACIONDIADEMUERTOS_MalixFilms_WEB-6227-copia.png?fit=1200%2C872&ssl=1&resize=350%2C200","width":350,"height":200,"srcset":"https:\/\/i0.wp.com\/zeromagazine.mx\/wp-content\/uploads\/2024\/10\/HotelMarquisReforma_DECORACIONDIADEMUERTOS_MalixFilms_WEB-6227-copia.png?fit=1200%2C872&ssl=1&resize=350%2C200 1x, https:\/\/i0.wp.com\/zeromagazine.mx\/wp-content\/uploads\/2024\/10\/HotelMarquisReforma_DECORACIONDIADEMUERTOS_MalixFilms_WEB-6227-copia.png?fit=1200%2C872&ssl=1&resize=525%2C300 1.5x, https:\/\/i0.wp.com\/zeromagazine.mx\/wp-content\/uploads\/2024\/10\/HotelMarquisReforma_DECORACIONDIADEMUERTOS_MalixFilms_WEB-6227-copia.png?fit=1200%2C872&ssl=1&resize=700%2C400 2x, https:\/\/i0.wp.com\/zeromagazine.mx\/wp-content\/uploads\/2024\/10\/HotelMarquisReforma_DECORACIONDIADEMUERTOS_MalixFilms_WEB-6227-copia.png?fit=1200%2C872&ssl=1&resize=1050%2C600 3x"},"classes":[]},{"id":55698,"url":"https:\/\/zeromagazine.mx\/index.php\/2021\/10\/09\/entrevista-a-emmanuel-marquez-para-la-obra-de-teatro\/","url_meta":{"origin":87036,"position":2},"title":"Entrevista a Emmanuel M\u00e1rquez director de \u00abPante\u00f3n de Fiesta\u00bb","author":"zeromagazinemx","date":"9 de octubre de 2021","format":false,"excerpt":"Emmanuel M\u00e1rquez Peralta, director mexicano encargado de la gran obra que se va a dar el domingo, nos viene a platicar sobre el proceso y las experiencias que han vivido durante las etapas al realizar esta obra. Por Marian Ricco \u00bfCu\u00e1l es el objetivo principal de la obra que van\u2026","rel":"","context":"En \u00abEntretenimiento\u00bb","block_context":{"text":"Entretenimiento","link":"https:\/\/zeromagazine.mx\/index.php\/category\/entretenimiento\/"},"img":{"alt_text":"","src":"https:\/\/i0.wp.com\/zeromagazinemx.wpcomstaging.com\/wp-content\/uploads\/2022\/02\/3f551-emmanuel-marquez-peralta.jpg?resize=350%2C200&ssl=1","width":350,"height":200,"srcset":"https:\/\/i0.wp.com\/zeromagazinemx.wpcomstaging.com\/wp-content\/uploads\/2022\/02\/3f551-emmanuel-marquez-peralta.jpg?resize=350%2C200&ssl=1 1x, https:\/\/i0.wp.com\/zeromagazinemx.wpcomstaging.com\/wp-content\/uploads\/2022\/02\/3f551-emmanuel-marquez-peralta.jpg?resize=525%2C300&ssl=1 1.5x, https:\/\/i0.wp.com\/zeromagazinemx.wpcomstaging.com\/wp-content\/uploads\/2022\/02\/3f551-emmanuel-marquez-peralta.jpg?resize=700%2C400&ssl=1 2x"},"classes":[]},{"id":88394,"url":"https:\/\/zeromagazine.mx\/index.php\/2024\/10\/24\/catrinas-arte-comida-y-fiesta\/","url_meta":{"origin":87036,"position":3},"title":"Catrinas: Arte, Comida y Fiesta","author":"zeromagazinemx","date":"24 de octubre de 2024","format":false,"excerpt":"\u00a1Ya lleg\u00f3 la \u00e9poca m\u00e1s cool del a\u00f1o! O sea, no solo porque se viene Halloween, sino porque el Festival de las Catrinas 2024 en el Hotel Marquis Reforma est\u00e1 aqu\u00ed para ponerle un toque de magia y tradici\u00f3n a tu vida. Si eres de los que ama disfrutar de\u2026","rel":"","context":"En \u00abViajes\u00bb","block_context":{"text":"Viajes","link":"https:\/\/zeromagazine.mx\/index.php\/category\/lugares\/"},"img":{"alt_text":"","src":"https:\/\/i0.wp.com\/zeromagazine.mx\/wp-content\/uploads\/2024\/10\/HotelMarquisReforma_DECORACIONDIADEMUERTOS_MalixFilms_WEB-6030.png?fit=884%2C1200&ssl=1&resize=350%2C200","width":350,"height":200,"srcset":"https:\/\/i0.wp.com\/zeromagazine.mx\/wp-content\/uploads\/2024\/10\/HotelMarquisReforma_DECORACIONDIADEMUERTOS_MalixFilms_WEB-6030.png?fit=884%2C1200&ssl=1&resize=350%2C200 1x, https:\/\/i0.wp.com\/zeromagazine.mx\/wp-content\/uploads\/2024\/10\/HotelMarquisReforma_DECORACIONDIADEMUERTOS_MalixFilms_WEB-6030.png?fit=884%2C1200&ssl=1&resize=525%2C300 1.5x, https:\/\/i0.wp.com\/zeromagazine.mx\/wp-content\/uploads\/2024\/10\/HotelMarquisReforma_DECORACIONDIADEMUERTOS_MalixFilms_WEB-6030.png?fit=884%2C1200&ssl=1&resize=700%2C400 2x"},"classes":[]},{"id":116922,"url":"https:\/\/zeromagazine.mx\/index.php\/2026\/03\/18\/feria-xcaret-arte-popular-libro-2025\/","url_meta":{"origin":87036,"position":4},"title":"Grupo Xcaret presenta el libro de Feria Xcaret de Arte Popular Mexicano 2025 y una muestra fotogr\u00e1fica de las piezas ganadoras de las dos ediciones pasadas","author":"David Morales","date":"18 de marzo de 2026","format":false,"excerpt":"La\u00a0Feria Xcaret Arte Popular\u00a0sigue consolid\u00e1ndose como uno de los espacios m\u00e1s importantes para reconocer y difundir el talento artesanal de M\u00e9xico. En esta ocasi\u00f3n,\u00a0Grupo Xcaret\u00a0present\u00f3 un libro especial que documenta lo mejor de la edici\u00f3n 2025, acompa\u00f1ado por una exposici\u00f3n fotogr\u00e1fica que muestra algunas de las piezas ganadoras de ediciones\u2026","rel":"","context":"En \u00abBlog\u00bb","block_context":{"text":"Blog","link":"https:\/\/zeromagazine.mx\/index.php\/category\/blog\/"},"img":{"alt_text":"","src":"https:\/\/i0.wp.com\/zeromagazine.mx\/wp-content\/uploads\/2026\/03\/IMG_1766.jpeg?fit=1200%2C900&ssl=1&resize=350%2C200","width":350,"height":200,"srcset":"https:\/\/i0.wp.com\/zeromagazine.mx\/wp-content\/uploads\/2026\/03\/IMG_1766.jpeg?fit=1200%2C900&ssl=1&resize=350%2C200 1x, https:\/\/i0.wp.com\/zeromagazine.mx\/wp-content\/uploads\/2026\/03\/IMG_1766.jpeg?fit=1200%2C900&ssl=1&resize=525%2C300 1.5x, https:\/\/i0.wp.com\/zeromagazine.mx\/wp-content\/uploads\/2026\/03\/IMG_1766.jpeg?fit=1200%2C900&ssl=1&resize=700%2C400 2x, https:\/\/i0.wp.com\/zeromagazine.mx\/wp-content\/uploads\/2026\/03\/IMG_1766.jpeg?fit=1200%2C900&ssl=1&resize=1050%2C600 3x"},"classes":[]},{"id":88532,"url":"https:\/\/zeromagazine.mx\/index.php\/2024\/10\/28\/san-miguel-dia-de-muertos-vibes\/","url_meta":{"origin":87036,"position":5},"title":"\u00abSan Miguel: D\u00eda de Muertos Vibes\u00bb","author":"zeromagazinemx","date":"28 de octubre de 2024","format":false,"excerpt":"Chicxs, si hay algo que nos encanta de nuestra cultura mexicana es la forma en que celebramos la vida y la muerte, y el D\u00eda de Muertos es, sin duda, una de las festividades m\u00e1s emblem\u00e1ticas. Este a\u00f1o, nos vamos a enfocar en San Miguel de Allende, una joya en\u2026","rel":"","context":"En \u00abViajes\u00bb","block_context":{"text":"Viajes","link":"https:\/\/zeromagazine.mx\/index.php\/category\/lugares\/"},"img":{"alt_text":"","src":"https:\/\/i0.wp.com\/zeromagazine.mx\/wp-content\/uploads\/2024\/10\/EspaciosNumu_047m.jpg?fit=1200%2C801&ssl=1&resize=350%2C200","width":350,"height":200,"srcset":"https:\/\/i0.wp.com\/zeromagazine.mx\/wp-content\/uploads\/2024\/10\/EspaciosNumu_047m.jpg?fit=1200%2C801&ssl=1&resize=350%2C200 1x, https:\/\/i0.wp.com\/zeromagazine.mx\/wp-content\/uploads\/2024\/10\/EspaciosNumu_047m.jpg?fit=1200%2C801&ssl=1&resize=525%2C300 1.5x, https:\/\/i0.wp.com\/zeromagazine.mx\/wp-content\/uploads\/2024\/10\/EspaciosNumu_047m.jpg?fit=1200%2C801&ssl=1&resize=700%2C400 2x, https:\/\/i0.wp.com\/zeromagazine.mx\/wp-content\/uploads\/2024\/10\/EspaciosNumu_047m.jpg?fit=1200%2C801&ssl=1&resize=1050%2C600 3x"},"classes":[]}],"jetpack_sharing_enabled":true,"builder_content":"","_links":{"self":[{"href":"https:\/\/zeromagazine.mx\/index.php\/wp-json\/wp\/v2\/posts\/87036","targetHints":{"allow":["GET"]}}],"collection":[{"href":"https:\/\/zeromagazine.mx\/index.php\/wp-json\/wp\/v2\/posts"}],"about":[{"href":"https:\/\/zeromagazine.mx\/index.php\/wp-json\/wp\/v2\/types\/post"}],"author":[{"embeddable":true,"href":"https:\/\/zeromagazine.mx\/index.php\/wp-json\/wp\/v2\/users\/2"}],"replies":[{"embeddable":true,"href":"https:\/\/zeromagazine.mx\/index.php\/wp-json\/wp\/v2\/comments?post=87036"}],"version-history":[{"count":10,"href":"https:\/\/zeromagazine.mx\/index.php\/wp-json\/wp\/v2\/posts\/87036\/revisions"}],"predecessor-version":[{"id":87050,"href":"https:\/\/zeromagazine.mx\/index.php\/wp-json\/wp\/v2\/posts\/87036\/revisions\/87050"}],"wp:featuredmedia":[{"embeddable":true,"href":"https:\/\/zeromagazine.mx\/index.php\/wp-json\/wp\/v2\/media\/87037"}],"wp:attachment":[{"href":"https:\/\/zeromagazine.mx\/index.php\/wp-json\/wp\/v2\/media?parent=87036"}],"wp:term":[{"taxonomy":"category","embeddable":true,"href":"https:\/\/zeromagazine.mx\/index.php\/wp-json\/wp\/v2\/categories?post=87036"},{"taxonomy":"post_tag","embeddable":true,"href":"https:\/\/zeromagazine.mx\/index.php\/wp-json\/wp\/v2\/tags?post=87036"}],"curies":[{"name":"wp","href":"https:\/\/api.w.org\/{rel}","templated":true}]}}