{"id":87298,"date":"2024-10-18T00:01:28","date_gmt":"2024-10-17T22:01:28","guid":{"rendered":"https:\/\/zeromagazine.mx\/?p=87298"},"modified":"2024-10-18T00:01:30","modified_gmt":"2024-10-17T22:01:30","slug":"motos-y-rock-vamos","status":"publish","type":"post","link":"https:\/\/zeromagazine.mx\/index.php\/2024\/10\/18\/motos-y-rock-vamos\/","title":{"rendered":"\u00abMotos y Rock: \u00a1Vamos!\u00bb"},"content":{"rendered":"<!--themify_builder_content-->\n<div id=\"themify_builder_content-87298\" data-postid=\"87298\" class=\"themify_builder_content themify_builder_content-87298 themify_builder tf_clear\">\n    <\/div>\n<!--\/themify_builder_content-->\n\n\n<p>\u00a1Hola a tod@s! \u00bfListos para un evento que va a dejar huella? Este a\u00f1o, BAJAJ est\u00e1 llevando el Encuentro Nacional Dominar Rides al siguiente nivel con un festival que ya est\u00e1 sonando en todos lados: \u00a1\u201cDominar Rock and Ride\u201d! Si amas el rock en espa\u00f1ol y sientes el viento en tu cara al montar en moto, este es el lugar que no te puedes perder. As\u00ed que prep\u00e1rate porque el 7 de diciembre va a ser \u00e9pico.<\/p>\n\n\n\n<h4 class=\"wp-block-heading\">\u00bfQu\u00e9 es \u201cDominar Rock and Ride\u201d?<\/h4>\n\n\n\n<p>\u00bfAlguna vez te imaginaste un festival donde la adrenalina de las motos se mezcla con los riffs de guitarra de tus bandas favoritas? \u00a1Pues aqu\u00ed lo tienes! Este evento no es solo un festival. Es la celebraci\u00f3n m\u00e1s grande de bikers y rock en espa\u00f1ol en M\u00e9xico. Y s\u00ed, estamos hablando de reunir a m\u00e1s de&nbsp;<strong>10,000 bikers<\/strong>&nbsp;para vivir una experiencia \u00fanica. \u00a1La locura! Este a\u00f1o, BAJAJ quiere que todos se suban a sus motos y vengan a disfrutar.<\/p>\n\n\n\n<p><strong>\u00bfD\u00f3nde y cu\u00e1ndo?<\/strong>\u00a0El festival se llevar\u00e1 a cabo en Mundo Charro, ubicado en la Carretera M\u00e9xico-Tulancingo, y comenzar\u00e1 a las 12:00 horas. Ya es hora de que marques esta fecha en tu calendario, porque va a ser una jornada llena de energ\u00eda y buena vibra.<\/p>\n\n\n\n<figure class=\"wp-block-image size-full is-resized\"><img data-recalc-dims=\"1\" decoding=\"async\" width=\"320\" height=\"320\" src=\"https:\/\/i0.wp.com\/zeromagazine.mx\/wp-content\/uploads\/2024\/10\/5d7dd9cf-b116-4096-a159-b2ba8ac9ece5.jpeg?resize=320%2C320&#038;ssl=1\" alt=\"\" class=\"wp-image-87299\" style=\"width:1451px;height:auto\" srcset=\"https:\/\/i0.wp.com\/zeromagazine.mx\/wp-content\/uploads\/2024\/10\/5d7dd9cf-b116-4096-a159-b2ba8ac9ece5.jpeg?w=320&amp;ssl=1 320w, https:\/\/i0.wp.com\/zeromagazine.mx\/wp-content\/uploads\/2024\/10\/5d7dd9cf-b116-4096-a159-b2ba8ac9ece5.jpeg?resize=300%2C300&amp;ssl=1 300w, https:\/\/i0.wp.com\/zeromagazine.mx\/wp-content\/uploads\/2024\/10\/5d7dd9cf-b116-4096-a159-b2ba8ac9ece5.jpeg?resize=150%2C150&amp;ssl=1 150w, https:\/\/i0.wp.com\/zeromagazine.mx\/wp-content\/uploads\/2024\/10\/5d7dd9cf-b116-4096-a159-b2ba8ac9ece5.jpeg?resize=70%2C70&amp;ssl=1 70w, https:\/\/i0.wp.com\/zeromagazine.mx\/wp-content\/uploads\/2024\/10\/5d7dd9cf-b116-4096-a159-b2ba8ac9ece5.jpeg?resize=47%2C48&amp;ssl=1 47w\" sizes=\"(max-width: 320px) 100vw, 320px\" \/><\/figure>\n\n\n\n\n<script async src=\"https:\/\/pagead2.googlesyndication.com\/pagead\/js\/adsbygoogle.js?client=ca-pub-5499304793904745\"\n     crossorigin=\"anonymous\"><\/script>\n<ins class=\"adsbygoogle\"\n     style=\"display:block; text-align:center;\"\n     data-ad-layout=\"in-article\"\n     data-ad-format=\"fluid\"\n     data-ad-client=\"ca-pub-5499304793904745\"\n     data-ad-slot=\"5994863093\"><\/ins>\n<script>\n     (adsbygoogle = window.adsbygoogle || []).push({});\n<\/script>\n\n\n\n<h4 class=\"wp-block-heading\">La m\u00fasica: \u00a1El Tri!<\/h4>\n\n\n\n<p>Ahora, vamos a hablar de la joya del festival.&nbsp;<strong>\u201cEl Tri\u201d<\/strong>&nbsp;es la banda que va a encender el escenario. Con m\u00e1s de 55 a\u00f1os de carrera, m\u00e1s de&nbsp;<strong>30 millones de discos vendidos<\/strong>&nbsp;y una lista interminable de \u00e9xitos, esta banda es un \u00edcono del rock en espa\u00f1ol. Alex Lora y su crew est\u00e1n listos para hacernos cantar a todo pulm\u00f3n canciones como \u201cLas piedras rodantes\u201d y \u201cA.D.O.\u201d. \u00a1Imag\u00ednate estar ah\u00ed, rodeado de otros bikers, cantando esas rolas cl\u00e1sicas!<\/p>\n\n\n\n<p>\u00bfTe imaginas? En lugar de quedarte en casa viendo sus conciertos por la tele, esta vez vas a poder vivir la experiencia en vivo. \u00a1Prende tu moto, y s\u00fabete al rollo! Este es el tipo de evento que se convierte en un recuerdo inolvidable, lleno de an\u00e9cdotas y buenas vibras.<\/p>\n\n\n\n<h4 class=\"wp-block-heading\">M\u00e1s m\u00fasica y diversi\u00f3n<\/h4>\n\n\n\n<p>Y no solo \u201cEl Tri\u201d va a estar en el escenario. Tambi\u00e9n habr\u00e1 otras&nbsp;<strong>bandas de rock en espa\u00f1ol<\/strong>&nbsp;y DJ&#8217;s que van a poner a todos a bailar. As\u00ed que prep\u00e1rate para disfrutar de una mezcla explosiva de g\u00e9neros musicales. \u00bfYa te imaginas a la banda armando un buen desmadre en la pista de baile? \u00a1Va a estar incre\u00edble!<\/p>\n\n\n\n<p>Pero eso no es todo, porque en&nbsp;<strong>Dominar Rock and Ride<\/strong>&nbsp;tambi\u00e9n hay espacio para consentir el paladar. Habr\u00e1&nbsp;<strong>opciones gastron\u00f3micas<\/strong>&nbsp;que van desde tacos hasta los mejores drinks de Valle Redondo, incluyendo marcas como D-Vino y Fireball. Perfecto para que recargues energ\u00edas entre rolas y m\u00e1s rolas. As\u00ed que, si eres foodie, \u00a1esto es para ti!<\/p>\n\n\n\n<h4 class=\"wp-block-heading\">Actividades y m\u00e1s sorpresas<\/h4>\n\n\n\n<p>La diversi\u00f3n no se detiene solo en la m\u00fasica. Habr\u00e1 un mont\u00f3n de&nbsp;<strong>actividades al aire libre<\/strong>&nbsp;para que todos disfruten. Desde pruebas de manejo con todos los modelos de motos de la familia BAJAJ, hasta zonas de descanso para que puedas relajarte un rato. Adem\u00e1s, no te puedes perder las activaciones donde podr\u00e1s personalizar tu casco y planchar parches.<\/p>\n\n\n\n<p>Cada rinc\u00f3n del festival va a estar lleno de sorpresas. No te olvides de estar atento a las sorpresas que se develar\u00e1n en las semanas previas. \u00a1Es como abrir un regalo en cada esquina! \u00bfQui\u00e9n no ama eso?<\/p>\n\n\n\n<figure class=\"wp-block-image size-full is-resized\"><img data-recalc-dims=\"1\" decoding=\"async\" width=\"1165\" height=\"567\" src=\"https:\/\/i0.wp.com\/zeromagazine.mx\/wp-content\/uploads\/2024\/10\/BAJAJ_AZUL.jpg?resize=1165%2C567&#038;ssl=1\" alt=\"\" class=\"wp-image-87300\" style=\"width:1451px;height:auto\" srcset=\"https:\/\/i0.wp.com\/zeromagazine.mx\/wp-content\/uploads\/2024\/10\/BAJAJ_AZUL.jpg?w=1589&amp;ssl=1 1589w, https:\/\/i0.wp.com\/zeromagazine.mx\/wp-content\/uploads\/2024\/10\/BAJAJ_AZUL.jpg?resize=300%2C146&amp;ssl=1 300w, https:\/\/i0.wp.com\/zeromagazine.mx\/wp-content\/uploads\/2024\/10\/BAJAJ_AZUL.jpg?resize=1024%2C499&amp;ssl=1 1024w, https:\/\/i0.wp.com\/zeromagazine.mx\/wp-content\/uploads\/2024\/10\/BAJAJ_AZUL.jpg?resize=768%2C374&amp;ssl=1 768w, https:\/\/i0.wp.com\/zeromagazine.mx\/wp-content\/uploads\/2024\/10\/BAJAJ_AZUL.jpg?resize=1536%2C748&amp;ssl=1 1536w\" sizes=\"(max-width: 1165px) 100vw, 1165px\" \/><\/figure>\n\n\n\n\n<script async src=\"https:\/\/pagead2.googlesyndication.com\/pagead\/js\/adsbygoogle.js?client=ca-pub-5499304793904745\"\n     crossorigin=\"anonymous\"><\/script>\n<ins class=\"adsbygoogle\"\n     style=\"display:block; text-align:center;\"\n     data-ad-layout=\"in-article\"\n     data-ad-format=\"fluid\"\n     data-ad-client=\"ca-pub-5499304793904745\"\n     data-ad-slot=\"5994863093\"><\/ins>\n<script>\n     (adsbygoogle = window.adsbygoogle || []).push({});\n<\/script>\n\n\n\n<h4 class=\"wp-block-heading\">Boletos: \u00a1Cons\u00edguelo Ya!<\/h4>\n\n\n\n<p>Ahora que ya sabes todo lo que te espera en&nbsp;<strong>Dominar Rock and Ride<\/strong>, es momento de hablar de los boletos. La&nbsp;<strong>primera fase de venta<\/strong>&nbsp;comenz\u00f3 el 26 de septiembre y estar\u00e1 activa hasta el 13 de octubre. \u00a1Los boletos est\u00e1n a solo $100 pesos! As\u00ed que, si eres de los que siempre se queda sin entradas, este es tu momento para armar el plan con tus amigos o la familia.<\/p>\n\n\n\n<p>Compra tus boletos f\u00e1cil en&nbsp;<strong>dominarrides.mx<\/strong>&nbsp;y en&nbsp;<strong>dominar-rock-and-ride.boletia.com<\/strong>. \u00a1Es sencillo y r\u00e1pido! Pero, ojo, porque despu\u00e9s de esta fase, el precio subir\u00e1 a&nbsp;<strong>$200 pesos<\/strong>&nbsp;y luego a&nbsp;<strong>$300 pesos<\/strong>&nbsp;en la fase final. As\u00ed que no lo dejes para ma\u00f1ana, \u00a1t\u00f3malo ya!<\/p>\n\n\n\n<p>Los precios de los boletos incluyen la entrada al evento, acceso a todas las actividades, y el concierto de \u201cEl Tri\u201d. Adem\u00e1s, habr\u00e1 venta de comida y bebidas, as\u00ed que ven con ganas de disfrutar.<\/p>\n\n\n\n<h4 class=\"wp-block-heading\">Camping y m\u00e1s<\/h4>\n\n\n\n<p>Y para aquellos que quieran llevar la fiesta hasta el amanecer, despu\u00e9s de que el evento termine a las 21:00 horas, habr\u00e1 opciones de acampar en el lugar. Imagina esto: una fogata, amigos, y muchas risas bajo las estrellas. \u00a1Eso es lo que llamamos una noche perfecta!&nbsp;<\/p>\n\n\n\n<p>La adrenalina, la m\u00fasica y la comunidad est\u00e1n listas para que todos vivamos una jornada que seguramente quedar\u00e1 grabada en nuestras memorias. As\u00ed que prep\u00e1rate para disfrutar, bailar, y sobre todo, \u00a1rodar al ritmo del rock!<\/p>\n\n\n\n<p>Ya lo sabes, el 7 de diciembre, \u00a1te espero en&nbsp;<strong>Dominar Rock and Ride<\/strong>!<\/p>","protected":false},"excerpt":{"rendered":"<p>\u00a1Hola a tod@s! \u00bfListos para un evento que va a dejar huella? Este a\u00f1o, BAJAJ est\u00e1 llevando el Encuentro Nacional Dominar Rides al siguiente nivel con un festival que ya est\u00e1 sonando en todos lados: \u00a1\u201cDominar Rock and Ride\u201d! Si amas el rock en espa\u00f1ol y sientes el viento en tu cara al montar en [&hellip;]<\/p>\n","protected":false},"author":2,"featured_media":87299,"comment_status":"open","ping_status":"open","sticky":false,"template":"","format":"standard","meta":{"_jetpack_memberships_contains_paid_content":false,"footnotes":"","jetpack_publicize_message":"","jetpack_publicize_feature_enabled":true,"jetpack_social_post_already_shared":true,"jetpack_social_options":{"image_generator_settings":{"template":"highway","default_image_id":0,"font":"","enabled":false},"version":2}},"categories":[117],"tags":[10319,10965,7387],"class_list":["post-87298","post","type-post","status-publish","format-standard","has-post-thumbnail","hentry","category-entretenimiento","tag-eventos-de-musica","tag-festivales-de-rock","tag-tendencias","has-post-title","has-post-date","has-post-category","has-post-tag","has-post-comment","has-post-author",""],"yoast_head":"<!-- This site is optimized with the Yoast SEO plugin v27.5 - https:\/\/yoast.com\/product\/yoast-seo-wordpress\/ -->\n<title>&quot;Motos y Rock: \u00a1Vamos!&quot; - Zero Magazine<\/title>\n<meta name=\"robots\" content=\"index, follow, max-snippet:-1, max-image-preview:large, max-video-preview:-1\" \/>\n<link rel=\"canonical\" href=\"https:\/\/zeromagazine.mx\/index.php\/2024\/10\/18\/motos-y-rock-vamos\/\" \/>\n<meta property=\"og:locale\" content=\"es_ES\" \/>\n<meta property=\"og:type\" content=\"article\" \/>\n<meta property=\"og:title\" content=\"&quot;Motos y Rock: \u00a1Vamos!&quot; - Zero Magazine\" \/>\n<meta property=\"og:description\" content=\"\u00a1Hola a tod@s! \u00bfListos para un evento que va a dejar huella? Este a\u00f1o, BAJAJ est\u00e1 llevando el Encuentro Nacional Dominar Rides al siguiente nivel con un festival que ya est\u00e1 sonando en todos lados: \u00a1\u201cDominar Rock and Ride\u201d! Si amas el rock en espa\u00f1ol y sientes el viento en tu cara al montar en [&hellip;]\" \/>\n<meta property=\"og:url\" content=\"https:\/\/zeromagazine.mx\/index.php\/2024\/10\/18\/motos-y-rock-vamos\/\" \/>\n<meta property=\"og:site_name\" content=\"Zero Magazine\" \/>\n<meta property=\"article:published_time\" content=\"2024-10-17T22:01:28+00:00\" \/>\n<meta property=\"article:modified_time\" content=\"2024-10-17T22:01:30+00:00\" \/>\n<meta property=\"og:image\" content=\"http:\/\/zeromagazine.mx\/wp-content\/uploads\/2024\/10\/5d7dd9cf-b116-4096-a159-b2ba8ac9ece5.jpeg\" \/>\n\t<meta property=\"og:image:width\" content=\"320\" \/>\n\t<meta property=\"og:image:height\" content=\"320\" \/>\n\t<meta property=\"og:image:type\" content=\"image\/jpeg\" \/>\n<meta name=\"author\" content=\"zeromagazinemx\" \/>\n<meta name=\"twitter:card\" content=\"summary_large_image\" \/>\n<meta name=\"twitter:label1\" content=\"Escrito por\" \/>\n\t<meta name=\"twitter:data1\" content=\"zeromagazinemx\" \/>\n\t<meta name=\"twitter:label2\" content=\"Tiempo de lectura\" \/>\n\t<meta name=\"twitter:data2\" content=\"5 minutos\" \/>\n<script type=\"application\/ld+json\" class=\"yoast-schema-graph\">{\"@context\":\"https:\\\/\\\/schema.org\",\"@graph\":[{\"@type\":\"Article\",\"@id\":\"https:\\\/\\\/zeromagazine.mx\\\/index.php\\\/2024\\\/10\\\/18\\\/motos-y-rock-vamos\\\/#article\",\"isPartOf\":{\"@id\":\"https:\\\/\\\/zeromagazine.mx\\\/index.php\\\/2024\\\/10\\\/18\\\/motos-y-rock-vamos\\\/\"},\"author\":{\"name\":\"zeromagazinemx\",\"@id\":\"https:\\\/\\\/zeromagazine.mx\\\/#\\\/schema\\\/person\\\/9aed9f33a7c39af3a348b86d723f7773\"},\"headline\":\"\u00abMotos y Rock: \u00a1Vamos!\u00bb\",\"datePublished\":\"2024-10-17T22:01:28+00:00\",\"dateModified\":\"2024-10-17T22:01:30+00:00\",\"mainEntityOfPage\":{\"@id\":\"https:\\\/\\\/zeromagazine.mx\\\/index.php\\\/2024\\\/10\\\/18\\\/motos-y-rock-vamos\\\/\"},\"wordCount\":903,\"commentCount\":0,\"publisher\":{\"@id\":\"https:\\\/\\\/zeromagazine.mx\\\/#organization\"},\"image\":{\"@id\":\"https:\\\/\\\/zeromagazine.mx\\\/index.php\\\/2024\\\/10\\\/18\\\/motos-y-rock-vamos\\\/#primaryimage\"},\"thumbnailUrl\":\"https:\\\/\\\/i0.wp.com\\\/zeromagazine.mx\\\/wp-content\\\/uploads\\\/2024\\\/10\\\/5d7dd9cf-b116-4096-a159-b2ba8ac9ece5.jpeg?fit=320%2C320&ssl=1\",\"keywords\":[\"Eventos de M\u00fasica\",\"Festivales de rock\",\"Tendencias\"],\"articleSection\":[\"Entretenimiento\"],\"inLanguage\":\"es\",\"potentialAction\":[{\"@type\":\"CommentAction\",\"name\":\"Comment\",\"target\":[\"https:\\\/\\\/zeromagazine.mx\\\/index.php\\\/2024\\\/10\\\/18\\\/motos-y-rock-vamos\\\/#respond\"]}]},{\"@type\":\"WebPage\",\"@id\":\"https:\\\/\\\/zeromagazine.mx\\\/index.php\\\/2024\\\/10\\\/18\\\/motos-y-rock-vamos\\\/\",\"url\":\"https:\\\/\\\/zeromagazine.mx\\\/index.php\\\/2024\\\/10\\\/18\\\/motos-y-rock-vamos\\\/\",\"name\":\"\\\"Motos y Rock: \u00a1Vamos!\\\" - Zero Magazine\",\"isPartOf\":{\"@id\":\"https:\\\/\\\/zeromagazine.mx\\\/#website\"},\"primaryImageOfPage\":{\"@id\":\"https:\\\/\\\/zeromagazine.mx\\\/index.php\\\/2024\\\/10\\\/18\\\/motos-y-rock-vamos\\\/#primaryimage\"},\"image\":{\"@id\":\"https:\\\/\\\/zeromagazine.mx\\\/index.php\\\/2024\\\/10\\\/18\\\/motos-y-rock-vamos\\\/#primaryimage\"},\"thumbnailUrl\":\"https:\\\/\\\/i0.wp.com\\\/zeromagazine.mx\\\/wp-content\\\/uploads\\\/2024\\\/10\\\/5d7dd9cf-b116-4096-a159-b2ba8ac9ece5.jpeg?fit=320%2C320&ssl=1\",\"datePublished\":\"2024-10-17T22:01:28+00:00\",\"dateModified\":\"2024-10-17T22:01:30+00:00\",\"breadcrumb\":{\"@id\":\"https:\\\/\\\/zeromagazine.mx\\\/index.php\\\/2024\\\/10\\\/18\\\/motos-y-rock-vamos\\\/#breadcrumb\"},\"inLanguage\":\"es\",\"potentialAction\":[{\"@type\":\"ReadAction\",\"target\":[\"https:\\\/\\\/zeromagazine.mx\\\/index.php\\\/2024\\\/10\\\/18\\\/motos-y-rock-vamos\\\/\"]}]},{\"@type\":\"ImageObject\",\"inLanguage\":\"es\",\"@id\":\"https:\\\/\\\/zeromagazine.mx\\\/index.php\\\/2024\\\/10\\\/18\\\/motos-y-rock-vamos\\\/#primaryimage\",\"url\":\"https:\\\/\\\/i0.wp.com\\\/zeromagazine.mx\\\/wp-content\\\/uploads\\\/2024\\\/10\\\/5d7dd9cf-b116-4096-a159-b2ba8ac9ece5.jpeg?fit=320%2C320&ssl=1\",\"contentUrl\":\"https:\\\/\\\/i0.wp.com\\\/zeromagazine.mx\\\/wp-content\\\/uploads\\\/2024\\\/10\\\/5d7dd9cf-b116-4096-a159-b2ba8ac9ece5.jpeg?fit=320%2C320&ssl=1\",\"width\":320,\"height\":320},{\"@type\":\"BreadcrumbList\",\"@id\":\"https:\\\/\\\/zeromagazine.mx\\\/index.php\\\/2024\\\/10\\\/18\\\/motos-y-rock-vamos\\\/#breadcrumb\",\"itemListElement\":[{\"@type\":\"ListItem\",\"position\":1,\"name\":\"Portada\",\"item\":\"https:\\\/\\\/zeromagazine.mx\\\/\"},{\"@type\":\"ListItem\",\"position\":2,\"name\":\"\u00abMotos y Rock: \u00a1Vamos!\u00bb\"}]},{\"@type\":\"WebSite\",\"@id\":\"https:\\\/\\\/zeromagazine.mx\\\/#website\",\"url\":\"https:\\\/\\\/zeromagazine.mx\\\/\",\"name\":\"Zero Magazine\",\"description\":\"\",\"publisher\":{\"@id\":\"https:\\\/\\\/zeromagazine.mx\\\/#organization\"},\"potentialAction\":[{\"@type\":\"SearchAction\",\"target\":{\"@type\":\"EntryPoint\",\"urlTemplate\":\"https:\\\/\\\/zeromagazine.mx\\\/?s={search_term_string}\"},\"query-input\":{\"@type\":\"PropertyValueSpecification\",\"valueRequired\":true,\"valueName\":\"search_term_string\"}}],\"inLanguage\":\"es\"},{\"@type\":\"Organization\",\"@id\":\"https:\\\/\\\/zeromagazine.mx\\\/#organization\",\"name\":\"Zero Magazine\",\"url\":\"https:\\\/\\\/zeromagazine.mx\\\/\",\"logo\":{\"@type\":\"ImageObject\",\"inLanguage\":\"es\",\"@id\":\"https:\\\/\\\/zeromagazine.mx\\\/#\\\/schema\\\/logo\\\/image\\\/\",\"url\":\"https:\\\/\\\/i0.wp.com\\\/zeromagazine.mx\\\/wp-content\\\/uploads\\\/2025\\\/11\\\/1.jpeg?fit=1000%2C1000&ssl=1\",\"contentUrl\":\"https:\\\/\\\/i0.wp.com\\\/zeromagazine.mx\\\/wp-content\\\/uploads\\\/2025\\\/11\\\/1.jpeg?fit=1000%2C1000&ssl=1\",\"width\":1000,\"height\":1000,\"caption\":\"Zero Magazine\"},\"image\":{\"@id\":\"https:\\\/\\\/zeromagazine.mx\\\/#\\\/schema\\\/logo\\\/image\\\/\"},\"sameAs\":[\"https:\\\/\\\/instagram.com\\\/zeromagazinemx\"]},{\"@type\":\"Person\",\"@id\":\"https:\\\/\\\/zeromagazine.mx\\\/#\\\/schema\\\/person\\\/9aed9f33a7c39af3a348b86d723f7773\",\"name\":\"zeromagazinemx\",\"image\":{\"@type\":\"ImageObject\",\"inLanguage\":\"es\",\"@id\":\"https:\\\/\\\/zeromagazine.mx\\\/wp-content\\\/litespeed\\\/avatar\\\/f91dfe5410d5dcb1a576bf8c45983896.jpg?ver=1777571230\",\"url\":\"https:\\\/\\\/zeromagazine.mx\\\/wp-content\\\/litespeed\\\/avatar\\\/f91dfe5410d5dcb1a576bf8c45983896.jpg?ver=1777571230\",\"contentUrl\":\"https:\\\/\\\/zeromagazine.mx\\\/wp-content\\\/litespeed\\\/avatar\\\/f91dfe5410d5dcb1a576bf8c45983896.jpg?ver=1777571230\",\"caption\":\"zeromagazinemx\"},\"url\":\"https:\\\/\\\/zeromagazine.mx\\\/index.php\\\/author\\\/zeromagazinemx\\\/\"}]}<\/script>\n<!-- \/ Yoast SEO plugin. -->","yoast_head_json":{"title":"\"Motos y Rock: \u00a1Vamos!\" - Zero Magazine","robots":{"index":"index","follow":"follow","max-snippet":"max-snippet:-1","max-image-preview":"max-image-preview:large","max-video-preview":"max-video-preview:-1"},"canonical":"https:\/\/zeromagazine.mx\/index.php\/2024\/10\/18\/motos-y-rock-vamos\/","og_locale":"es_ES","og_type":"article","og_title":"\"Motos y Rock: \u00a1Vamos!\" - Zero Magazine","og_description":"\u00a1Hola a tod@s! \u00bfListos para un evento que va a dejar huella? Este a\u00f1o, BAJAJ est\u00e1 llevando el Encuentro Nacional Dominar Rides al siguiente nivel con un festival que ya est\u00e1 sonando en todos lados: \u00a1\u201cDominar Rock and Ride\u201d! Si amas el rock en espa\u00f1ol y sientes el viento en tu cara al montar en [&hellip;]","og_url":"https:\/\/zeromagazine.mx\/index.php\/2024\/10\/18\/motos-y-rock-vamos\/","og_site_name":"Zero Magazine","article_published_time":"2024-10-17T22:01:28+00:00","article_modified_time":"2024-10-17T22:01:30+00:00","og_image":[{"width":320,"height":320,"url":"http:\/\/zeromagazine.mx\/wp-content\/uploads\/2024\/10\/5d7dd9cf-b116-4096-a159-b2ba8ac9ece5.jpeg","type":"image\/jpeg"}],"author":"zeromagazinemx","twitter_card":"summary_large_image","twitter_misc":{"Escrito por":"zeromagazinemx","Tiempo de lectura":"5 minutos"},"schema":{"@context":"https:\/\/schema.org","@graph":[{"@type":"Article","@id":"https:\/\/zeromagazine.mx\/index.php\/2024\/10\/18\/motos-y-rock-vamos\/#article","isPartOf":{"@id":"https:\/\/zeromagazine.mx\/index.php\/2024\/10\/18\/motos-y-rock-vamos\/"},"author":{"name":"zeromagazinemx","@id":"https:\/\/zeromagazine.mx\/#\/schema\/person\/9aed9f33a7c39af3a348b86d723f7773"},"headline":"\u00abMotos y Rock: \u00a1Vamos!\u00bb","datePublished":"2024-10-17T22:01:28+00:00","dateModified":"2024-10-17T22:01:30+00:00","mainEntityOfPage":{"@id":"https:\/\/zeromagazine.mx\/index.php\/2024\/10\/18\/motos-y-rock-vamos\/"},"wordCount":903,"commentCount":0,"publisher":{"@id":"https:\/\/zeromagazine.mx\/#organization"},"image":{"@id":"https:\/\/zeromagazine.mx\/index.php\/2024\/10\/18\/motos-y-rock-vamos\/#primaryimage"},"thumbnailUrl":"https:\/\/i0.wp.com\/zeromagazine.mx\/wp-content\/uploads\/2024\/10\/5d7dd9cf-b116-4096-a159-b2ba8ac9ece5.jpeg?fit=320%2C320&ssl=1","keywords":["Eventos de M\u00fasica","Festivales de rock","Tendencias"],"articleSection":["Entretenimiento"],"inLanguage":"es","potentialAction":[{"@type":"CommentAction","name":"Comment","target":["https:\/\/zeromagazine.mx\/index.php\/2024\/10\/18\/motos-y-rock-vamos\/#respond"]}]},{"@type":"WebPage","@id":"https:\/\/zeromagazine.mx\/index.php\/2024\/10\/18\/motos-y-rock-vamos\/","url":"https:\/\/zeromagazine.mx\/index.php\/2024\/10\/18\/motos-y-rock-vamos\/","name":"\"Motos y Rock: \u00a1Vamos!\" - Zero Magazine","isPartOf":{"@id":"https:\/\/zeromagazine.mx\/#website"},"primaryImageOfPage":{"@id":"https:\/\/zeromagazine.mx\/index.php\/2024\/10\/18\/motos-y-rock-vamos\/#primaryimage"},"image":{"@id":"https:\/\/zeromagazine.mx\/index.php\/2024\/10\/18\/motos-y-rock-vamos\/#primaryimage"},"thumbnailUrl":"https:\/\/i0.wp.com\/zeromagazine.mx\/wp-content\/uploads\/2024\/10\/5d7dd9cf-b116-4096-a159-b2ba8ac9ece5.jpeg?fit=320%2C320&ssl=1","datePublished":"2024-10-17T22:01:28+00:00","dateModified":"2024-10-17T22:01:30+00:00","breadcrumb":{"@id":"https:\/\/zeromagazine.mx\/index.php\/2024\/10\/18\/motos-y-rock-vamos\/#breadcrumb"},"inLanguage":"es","potentialAction":[{"@type":"ReadAction","target":["https:\/\/zeromagazine.mx\/index.php\/2024\/10\/18\/motos-y-rock-vamos\/"]}]},{"@type":"ImageObject","inLanguage":"es","@id":"https:\/\/zeromagazine.mx\/index.php\/2024\/10\/18\/motos-y-rock-vamos\/#primaryimage","url":"https:\/\/i0.wp.com\/zeromagazine.mx\/wp-content\/uploads\/2024\/10\/5d7dd9cf-b116-4096-a159-b2ba8ac9ece5.jpeg?fit=320%2C320&ssl=1","contentUrl":"https:\/\/i0.wp.com\/zeromagazine.mx\/wp-content\/uploads\/2024\/10\/5d7dd9cf-b116-4096-a159-b2ba8ac9ece5.jpeg?fit=320%2C320&ssl=1","width":320,"height":320},{"@type":"BreadcrumbList","@id":"https:\/\/zeromagazine.mx\/index.php\/2024\/10\/18\/motos-y-rock-vamos\/#breadcrumb","itemListElement":[{"@type":"ListItem","position":1,"name":"Portada","item":"https:\/\/zeromagazine.mx\/"},{"@type":"ListItem","position":2,"name":"\u00abMotos y Rock: \u00a1Vamos!\u00bb"}]},{"@type":"WebSite","@id":"https:\/\/zeromagazine.mx\/#website","url":"https:\/\/zeromagazine.mx\/","name":"Zero Magazine","description":"","publisher":{"@id":"https:\/\/zeromagazine.mx\/#organization"},"potentialAction":[{"@type":"SearchAction","target":{"@type":"EntryPoint","urlTemplate":"https:\/\/zeromagazine.mx\/?s={search_term_string}"},"query-input":{"@type":"PropertyValueSpecification","valueRequired":true,"valueName":"search_term_string"}}],"inLanguage":"es"},{"@type":"Organization","@id":"https:\/\/zeromagazine.mx\/#organization","name":"Zero Magazine","url":"https:\/\/zeromagazine.mx\/","logo":{"@type":"ImageObject","inLanguage":"es","@id":"https:\/\/zeromagazine.mx\/#\/schema\/logo\/image\/","url":"https:\/\/i0.wp.com\/zeromagazine.mx\/wp-content\/uploads\/2025\/11\/1.jpeg?fit=1000%2C1000&ssl=1","contentUrl":"https:\/\/i0.wp.com\/zeromagazine.mx\/wp-content\/uploads\/2025\/11\/1.jpeg?fit=1000%2C1000&ssl=1","width":1000,"height":1000,"caption":"Zero Magazine"},"image":{"@id":"https:\/\/zeromagazine.mx\/#\/schema\/logo\/image\/"},"sameAs":["https:\/\/instagram.com\/zeromagazinemx"]},{"@type":"Person","@id":"https:\/\/zeromagazine.mx\/#\/schema\/person\/9aed9f33a7c39af3a348b86d723f7773","name":"zeromagazinemx","image":{"@type":"ImageObject","inLanguage":"es","@id":"https:\/\/zeromagazine.mx\/wp-content\/litespeed\/avatar\/f91dfe5410d5dcb1a576bf8c45983896.jpg?ver=1777571230","url":"https:\/\/zeromagazine.mx\/wp-content\/litespeed\/avatar\/f91dfe5410d5dcb1a576bf8c45983896.jpg?ver=1777571230","contentUrl":"https:\/\/zeromagazine.mx\/wp-content\/litespeed\/avatar\/f91dfe5410d5dcb1a576bf8c45983896.jpg?ver=1777571230","caption":"zeromagazinemx"},"url":"https:\/\/zeromagazine.mx\/index.php\/author\/zeromagazinemx\/"}]}},"jetpack_publicize_connections":[],"jetpack_featured_media_url":"https:\/\/i0.wp.com\/zeromagazine.mx\/wp-content\/uploads\/2024\/10\/5d7dd9cf-b116-4096-a159-b2ba8ac9ece5.jpeg?fit=320%2C320&ssl=1","jetpack-related-posts":[{"id":92484,"url":"https:\/\/zeromagazine.mx\/index.php\/2024\/12\/09\/acelera-el-corazon-en-dominar\/","url_meta":{"origin":87298,"position":0},"title":"Acelera el Coraz\u00f3n en Dominar","author":"zeromagazinemx","date":"9 de diciembre de 2024","format":false,"excerpt":"El Festival que Acelera el Coraz\u00f3n \u00bfListxs para vibrar?Amix les tengo el chisme m\u00e1s hot de la temporada: la tercera fase de boletos de Dominar Rock and Ride ya est\u00e1 aqu\u00ed. Si no hab\u00edas armado plan, es tu momento de brillar porque del 15 de noviembre al 07 de diciembre\u2026","rel":"","context":"En \u00abEntretenimiento\u00bb","block_context":{"text":"Entretenimiento","link":"https:\/\/zeromagazine.mx\/index.php\/category\/entretenimiento\/"},"img":{"alt_text":"","src":"https:\/\/i0.wp.com\/zeromagazine.mx\/wp-content\/uploads\/2024\/12\/imagen.jpg?resize=350%2C200&ssl=1","width":350,"height":200},"classes":[]},{"id":90944,"url":"https:\/\/zeromagazine.mx\/index.php\/2024\/11\/15\/motores-y-musica-vibra-al-100\/","url_meta":{"origin":87298,"position":1},"title":"\u00abMotores y m\u00fasica: vibra al 100\u00bb","author":"zeromagazinemx","date":"15 de noviembre de 2024","format":false,"excerpt":"Ok, fam, si t\u00fa tambi\u00e9n eres fan de las motos\u00a0y\u00a0de los festivales que ponen a M\u00e9xico en el mapa global, ag\u00e1rrate porque BAJAJ viene con todo este a\u00f1o. Imag\u00ednate la vibra: motores rugiendo al ritmo de Greenday, Raw Alejandro, o hasta los Fabulosos Cadillacs. \u00a1Literal, un dream team de m\u00fasica\u2026","rel":"","context":"En \u00abEntretenimiento\u00bb","block_context":{"text":"Entretenimiento","link":"https:\/\/zeromagazine.mx\/index.php\/category\/entretenimiento\/"},"img":{"alt_text":"","src":"https:\/\/i0.wp.com\/zeromagazine.mx\/wp-content\/uploads\/2024\/11\/BAJAJ_AZUL.png?resize=350%2C200&ssl=1","width":350,"height":200,"srcset":"https:\/\/i0.wp.com\/zeromagazine.mx\/wp-content\/uploads\/2024\/11\/BAJAJ_AZUL.png?resize=350%2C200&ssl=1 1x, https:\/\/i0.wp.com\/zeromagazine.mx\/wp-content\/uploads\/2024\/11\/BAJAJ_AZUL.png?resize=525%2C300&ssl=1 1.5x, https:\/\/i0.wp.com\/zeromagazine.mx\/wp-content\/uploads\/2024\/11\/BAJAJ_AZUL.png?resize=700%2C400&ssl=1 2x, https:\/\/i0.wp.com\/zeromagazine.mx\/wp-content\/uploads\/2024\/11\/BAJAJ_AZUL.png?resize=1050%2C600&ssl=1 3x, https:\/\/i0.wp.com\/zeromagazine.mx\/wp-content\/uploads\/2024\/11\/BAJAJ_AZUL.png?resize=1400%2C800&ssl=1 4x"},"classes":[]},{"id":117333,"url":"https:\/\/zeromagazine.mx\/index.php\/2026\/03\/26\/bajaj-tecate-pal-norte-2026\/","url_meta":{"origin":87298,"position":2},"title":"BAJAJ llega a Tecate Pa`l Norte para vivir la m\u00fasica a toda velocidad","author":"David Morales","date":"26 de marzo de 2026","format":false,"excerpt":"La combinaci\u00f3n perfecta entre m\u00fasica, adrenalina y estilo de vida ya tiene nombre este 2026:\u00a0Bajaj Tecate Pa\u2019l Norte. Y es que cuando un festival de este nivel se cruza con una marca que vive la velocidad, el resultado no es solo un evento\u2026 es toda una experiencia. Este a\u00f1o, el\u2026","rel":"","context":"En \u00abBlog\u00bb","block_context":{"text":"Blog","link":"https:\/\/zeromagazine.mx\/index.php\/category\/blog\/"},"img":{"alt_text":"","src":"https:\/\/i0.wp.com\/zeromagazine.mx\/wp-content\/uploads\/2026\/03\/IMG_1860.jpeg?fit=256%2C320&ssl=1&resize=350%2C200","width":350,"height":200},"classes":[]},{"id":72030,"url":"https:\/\/zeromagazine.mx\/index.php\/2024\/03\/14\/bajaj-se-une-a-la-celebracion-del-vive-latino-presentado-por-amazon\/","url_meta":{"origin":87298,"position":3},"title":"BAJAJ se une a la celebraci\u00f3n del Vive Latino presentado por Amazon","author":"zeromagazinemx","date":"14 de marzo de 2024","format":false,"excerpt":"BAJAJ se est\u00e1 uniendo a la fiesta del Vive Latino presentado por Amazon y te aseguro que no te lo querr\u00e1s perder. La marca lleva rompi\u00e9ndola desde el a\u00f1o pasado en los festivales. Pues este a\u00f1o no se quedan atr\u00e1s, al contrario, \u00a1vienen con todo! Estar\u00e1n presentes en el 24\u00ba\u2026","rel":"","context":"En \u00abBlog\u00bb","block_context":{"text":"Blog","link":"https:\/\/zeromagazine.mx\/index.php\/category\/blog\/"},"img":{"alt_text":"","src":"https:\/\/i0.wp.com\/zeromagazine.mx\/wp-content\/uploads\/2024\/03\/unnamed-2.jpg?resize=350%2C200&ssl=1","width":350,"height":200,"srcset":"https:\/\/i0.wp.com\/zeromagazine.mx\/wp-content\/uploads\/2024\/03\/unnamed-2.jpg?resize=350%2C200&ssl=1 1x, https:\/\/i0.wp.com\/zeromagazine.mx\/wp-content\/uploads\/2024\/03\/unnamed-2.jpg?resize=525%2C300&ssl=1 1.5x, https:\/\/i0.wp.com\/zeromagazine.mx\/wp-content\/uploads\/2024\/03\/unnamed-2.jpg?resize=700%2C400&ssl=1 2x, https:\/\/i0.wp.com\/zeromagazine.mx\/wp-content\/uploads\/2024\/03\/unnamed-2.jpg?resize=1050%2C600&ssl=1 3x"},"classes":[]},{"id":116584,"url":"https:\/\/zeromagazine.mx\/index.php\/2026\/03\/12\/bajaj-vive-latino-2026\/","url_meta":{"origin":87298,"position":4},"title":"BAJAJ enciende motores para Vive Latino 2026","author":"David Morales","date":"12 de marzo de 2026","format":false,"excerpt":"La relaci\u00f3n entre la m\u00fasica y el estilo de vida urbano siempre ha estado conectada con la libertad, la velocidad y la expresi\u00f3n personal. Por eso,\u00a0BAJAJ Vive Latino 2026\u00a0se convierte en una de las participaciones m\u00e1s llamativas dentro del festival, llevando al p\u00fablico una experiencia que mezcla motocicletas, tecnolog\u00eda y\u2026","rel":"","context":"En \u00abBlog\u00bb","block_context":{"text":"Blog","link":"https:\/\/zeromagazine.mx\/index.php\/category\/blog\/"},"img":{"alt_text":"","src":"https:\/\/i0.wp.com\/zeromagazine.mx\/wp-content\/uploads\/2026\/03\/IMG_1703.png?fit=1182%2C665&ssl=1&resize=350%2C200","width":350,"height":200,"srcset":"https:\/\/i0.wp.com\/zeromagazine.mx\/wp-content\/uploads\/2026\/03\/IMG_1703.png?fit=1182%2C665&ssl=1&resize=350%2C200 1x, https:\/\/i0.wp.com\/zeromagazine.mx\/wp-content\/uploads\/2026\/03\/IMG_1703.png?fit=1182%2C665&ssl=1&resize=525%2C300 1.5x, https:\/\/i0.wp.com\/zeromagazine.mx\/wp-content\/uploads\/2026\/03\/IMG_1703.png?fit=1182%2C665&ssl=1&resize=700%2C400 2x, https:\/\/i0.wp.com\/zeromagazine.mx\/wp-content\/uploads\/2026\/03\/IMG_1703.png?fit=1182%2C665&ssl=1&resize=1050%2C600 3x"},"classes":[]},{"id":116900,"url":"https:\/\/zeromagazine.mx\/index.php\/2026\/03\/17\/two-door-cinema-club-mexico-2026\/","url_meta":{"origin":87298,"position":5},"title":"\u00a1TWO DOOR CINEMA CLUB ANUNCIA SHOWS EN MTY Y CDMX!","author":"David Morales","date":"17 de marzo de 2026","format":false,"excerpt":"La escena indie tiene una gran noticia para M\u00e9xico:\u00a0Two Door Cinema Club\u00a0regresa con conciertos confirmados en Monterrey y Ciudad de M\u00e9xico como parte de su gira por Norteam\u00e9rica. La banda promete una experiencia llena de nostalgia, energ\u00eda y muchos de los temas que marcaron una era del indie rock. Los\u2026","rel":"","context":"En \u00abConcierto\u00bb","block_context":{"text":"Concierto","link":"https:\/\/zeromagazine.mx\/index.php\/category\/concierto\/"},"img":{"alt_text":"","src":"https:\/\/i0.wp.com\/zeromagazine.mx\/wp-content\/uploads\/2026\/03\/IMG_1758.jpeg?fit=1200%2C674&ssl=1&resize=350%2C200","width":350,"height":200,"srcset":"https:\/\/i0.wp.com\/zeromagazine.mx\/wp-content\/uploads\/2026\/03\/IMG_1758.jpeg?fit=1200%2C674&ssl=1&resize=350%2C200 1x, https:\/\/i0.wp.com\/zeromagazine.mx\/wp-content\/uploads\/2026\/03\/IMG_1758.jpeg?fit=1200%2C674&ssl=1&resize=525%2C300 1.5x, https:\/\/i0.wp.com\/zeromagazine.mx\/wp-content\/uploads\/2026\/03\/IMG_1758.jpeg?fit=1200%2C674&ssl=1&resize=700%2C400 2x, https:\/\/i0.wp.com\/zeromagazine.mx\/wp-content\/uploads\/2026\/03\/IMG_1758.jpeg?fit=1200%2C674&ssl=1&resize=1050%2C600 3x"},"classes":[]}],"jetpack_sharing_enabled":true,"builder_content":"","_links":{"self":[{"href":"https:\/\/zeromagazine.mx\/index.php\/wp-json\/wp\/v2\/posts\/87298","targetHints":{"allow":["GET"]}}],"collection":[{"href":"https:\/\/zeromagazine.mx\/index.php\/wp-json\/wp\/v2\/posts"}],"about":[{"href":"https:\/\/zeromagazine.mx\/index.php\/wp-json\/wp\/v2\/types\/post"}],"author":[{"embeddable":true,"href":"https:\/\/zeromagazine.mx\/index.php\/wp-json\/wp\/v2\/users\/2"}],"replies":[{"embeddable":true,"href":"https:\/\/zeromagazine.mx\/index.php\/wp-json\/wp\/v2\/comments?post=87298"}],"version-history":[{"count":1,"href":"https:\/\/zeromagazine.mx\/index.php\/wp-json\/wp\/v2\/posts\/87298\/revisions"}],"predecessor-version":[{"id":87301,"href":"https:\/\/zeromagazine.mx\/index.php\/wp-json\/wp\/v2\/posts\/87298\/revisions\/87301"}],"wp:featuredmedia":[{"embeddable":true,"href":"https:\/\/zeromagazine.mx\/index.php\/wp-json\/wp\/v2\/media\/87299"}],"wp:attachment":[{"href":"https:\/\/zeromagazine.mx\/index.php\/wp-json\/wp\/v2\/media?parent=87298"}],"wp:term":[{"taxonomy":"category","embeddable":true,"href":"https:\/\/zeromagazine.mx\/index.php\/wp-json\/wp\/v2\/categories?post=87298"},{"taxonomy":"post_tag","embeddable":true,"href":"https:\/\/zeromagazine.mx\/index.php\/wp-json\/wp\/v2\/tags?post=87298"}],"curies":[{"name":"wp","href":"https:\/\/api.w.org\/{rel}","templated":true}]}}