{"id":87506,"date":"2024-10-19T08:53:58","date_gmt":"2024-10-19T06:53:58","guid":{"rendered":"https:\/\/zeromagazine.mx\/?p=87506"},"modified":"2024-10-19T08:53:58","modified_gmt":"2024-10-19T06:53:58","slug":"ra-colmenero-seguir-sonando-y-creando","status":"publish","type":"post","link":"https:\/\/zeromagazine.mx\/index.php\/2024\/10\/19\/ra-colmenero-seguir-sonando-y-creando\/","title":{"rendered":"Ra Colmenero: Seguir So\u00f1ando y Creando"},"content":{"rendered":"<!--themify_builder_content-->\n<div id=\"themify_builder_content-87506\" data-postid=\"87506\" class=\"themify_builder_content themify_builder_content-87506 themify_builder tf_clear\">\n    <\/div>\n<!--\/themify_builder_content-->\n\n\n<p>Ra Colmenero es una figura vers\u00e1til que ha dejado huella tanto en la m\u00fasica como en la actuaci\u00f3n. Su carrera ha sido un constante desaf\u00edo de superaci\u00f3n personal, donde ha interpretado personajes complejos y emocionantes mientras lleva su m\u00fasica a nuevas alturas. En esta entrevista, Ra nos revela detalles \u00edntimos de su proceso creativo, sus sue\u00f1os y sus futuros proyectos, mostr\u00e1ndonos una visi\u00f3n profunda de su multifac\u00e9tica carrera art\u00edstica.<\/p>\n\n\n\n<p>Entrevista: El Poderoso Dave<br>Foto: Antonio Altuzar<br>Look: Bompani Oficial<br>Styling: Enrico Bompani<br>Estudio: Fabi\u00e1n Chairez<\/p>\n\n\n\n<figure class=\"wp-block-image size-full\"><img data-recalc-dims=\"1\" decoding=\"async\" width=\"1165\" height=\"1508\" src=\"https:\/\/i0.wp.com\/zeromagazine.mx\/wp-content\/uploads\/2024\/10\/IMG_1962-scaled.jpeg?resize=1165%2C1508&#038;ssl=1\" alt=\"Ra Colmenero\" class=\"wp-image-87507\" srcset=\"https:\/\/i0.wp.com\/zeromagazine.mx\/wp-content\/uploads\/2024\/10\/IMG_1962-scaled.jpeg?w=1978&amp;ssl=1 1978w, https:\/\/i0.wp.com\/zeromagazine.mx\/wp-content\/uploads\/2024\/10\/IMG_1962-scaled.jpeg?resize=232%2C300&amp;ssl=1 232w, https:\/\/i0.wp.com\/zeromagazine.mx\/wp-content\/uploads\/2024\/10\/IMG_1962-scaled.jpeg?resize=791%2C1024&amp;ssl=1 791w, https:\/\/i0.wp.com\/zeromagazine.mx\/wp-content\/uploads\/2024\/10\/IMG_1962-scaled.jpeg?resize=768%2C994&amp;ssl=1 768w, https:\/\/i0.wp.com\/zeromagazine.mx\/wp-content\/uploads\/2024\/10\/IMG_1962-scaled.jpeg?resize=1187%2C1536&amp;ssl=1 1187w, https:\/\/i0.wp.com\/zeromagazine.mx\/wp-content\/uploads\/2024\/10\/IMG_1962-scaled.jpeg?resize=1583%2C2048&amp;ssl=1 1583w\" sizes=\"(max-width: 1165px) 100vw, 1165px\" \/><\/figure>\n\n\n\n<p><strong>Has interpretado personajes complejos, como el villano \u201cCharly\u201d en Doctora Luc\u00eda. \u00bfQu\u00e9 desaf\u00edos te ha presentado este tipo de rol y c\u00f3mo te preparas para humanizar a personajes con matices tan oscuros?<\/strong><\/p>\n\n\n\n<p>En mi enfoque para interpretar villanos, siempre busco humanizarlos. Me interesa explorar las motivaciones detr\u00e1s de sus acciones, ya que ninguno de ellos es inherentemente malo. En realidad, muchos de ellos creen que sus acciones son justificadas dentro de su contexto social o personal.<\/p>\n\n\n\n<script async src=\"https:\/\/pagead2.googlesyndication.com\/pagead\/js\/adsbygoogle.js?client=ca-pub-5499304793904745\"\n     crossorigin=\"anonymous\"><\/script>\n<ins class=\"adsbygoogle\"\n     style=\"display:block; text-align:center;\"\n     data-ad-layout=\"in-article\"\n     data-ad-format=\"fluid\"\n     data-ad-client=\"ca-pub-5499304793904745\"\n     data-ad-slot=\"5994863093\"><\/ins>\n<script>\n     (adsbygoogle = window.adsbygoogle || []).push({});\n<\/script>\n\n\n\n<p>Por ejemplo, en el caso de Charly, un param\u00e9dico que se ve obligado a robar para sobrevivir, es evidente que el sistema le ha fallado. A pesar de que reconoce que sus acciones no son correctas, se siente atrapado en una situaci\u00f3n donde no ve otra opci\u00f3n. Esta complejidad me permite crear un personaje m\u00e1s cre\u00edble, divertido y emp\u00e1tico.<\/p>\n\n\n\n<p><strong>Tu sencillo <em>Hermosa Creatura<\/em> tiene una inspiraci\u00f3n muy personal. \u00bfC\u00f3mo influyen tus vivencias en tu m\u00fasica y qu\u00e9 mensaje buscas transmitir con tus canciones?<\/strong><\/p>\n\n\n\n<p>Como artista, mi objetivo principal es crear una conexi\u00f3n emocional profunda con mi p\u00fablico. Creo firmemente que la m\u00fasica es un lenguaje universal que nos permite acceder a nuestras emociones m\u00e1s profundas. <em>Hermosa Creatura<\/em> es la canci\u00f3n que escrib\u00ed para mi hermana. Es un regalo que siempre quise darle en vida, pero el tiempo no me lo permiti\u00f3. Ahora, a trav\u00e9s de la m\u00fasica, puedo dedic\u00e1rsela en un espacio infinito y eterno. S\u00e9 que la est\u00e1 bailando en la luna.<\/p>\n\n\n\n<figure class=\"wp-block-image size-full\"><img data-recalc-dims=\"1\" decoding=\"async\" width=\"1165\" height=\"1747\" src=\"https:\/\/i0.wp.com\/zeromagazine.mx\/wp-content\/uploads\/2024\/10\/IMG_1953-scaled.jpeg?resize=1165%2C1747&#038;ssl=1\" alt=\"\" class=\"wp-image-87508\" srcset=\"https:\/\/i0.wp.com\/zeromagazine.mx\/wp-content\/uploads\/2024\/10\/IMG_1953-scaled.jpeg?w=1707&amp;ssl=1 1707w, https:\/\/i0.wp.com\/zeromagazine.mx\/wp-content\/uploads\/2024\/10\/IMG_1953-scaled.jpeg?resize=200%2C300&amp;ssl=1 200w, https:\/\/i0.wp.com\/zeromagazine.mx\/wp-content\/uploads\/2024\/10\/IMG_1953-scaled.jpeg?resize=683%2C1024&amp;ssl=1 683w, https:\/\/i0.wp.com\/zeromagazine.mx\/wp-content\/uploads\/2024\/10\/IMG_1953-scaled.jpeg?resize=768%2C1152&amp;ssl=1 768w, https:\/\/i0.wp.com\/zeromagazine.mx\/wp-content\/uploads\/2024\/10\/IMG_1953-scaled.jpeg?resize=1024%2C1536&amp;ssl=1 1024w, https:\/\/i0.wp.com\/zeromagazine.mx\/wp-content\/uploads\/2024\/10\/IMG_1953-scaled.jpeg?resize=1365%2C2048&amp;ssl=1 1365w\" sizes=\"(max-width: 1165px) 100vw, 1165px\" \/><\/figure>\n\n\n\n<p><strong>Recientemente has trabajado como conductor en el programa <em>Hoy<\/em> y con IZZI. \u00bfC\u00f3mo equilibras tu carrera en la actuaci\u00f3n, m\u00fasica y conducci\u00f3n, y qu\u00e9 te aporta cada faceta a nivel profesional y personal?<\/strong><\/p>\n\n\n\n<p>En no quedarme con ganas de hacer nada y seguir cumpliendo sue\u00f1os.<\/p>\n\n\n\n<script async src=\"https:\/\/pagead2.googlesyndication.com\/pagead\/js\/adsbygoogle.js?client=ca-pub-5499304793904745\"\n     crossorigin=\"anonymous\"><\/script>\n<ins class=\"adsbygoogle\"\n     style=\"display:block; text-align:center;\"\n     data-ad-layout=\"in-article\"\n     data-ad-format=\"fluid\"\n     data-ad-client=\"ca-pub-5499304793904745\"\n     data-ad-slot=\"5994863093\"><\/ins>\n<script>\n     (adsbygoogle = window.adsbygoogle || []).push({});\n<\/script>\n\n\n\n<p><strong>Hace unos meses lanzaste el cover de <em>El Merengue<\/em>. \u00bfQu\u00e9 te atrajo de esta canci\u00f3n y c\u00f3mo incorporas influencias como el flamenco y ritmos del Medio Oriente en tus creaciones?<\/strong><\/p>\n\n\n\n<p>Mi \u00faltimo lanzamiento, <em>El Merengue<\/em>, fue un proyecto apasionante que me permiti\u00f3 fusionar mi amor por la m\u00fasica latina con mi propia identidad art\u00edstica. Al hacer un cover de Manuel Turizo, busqu\u00e9 mantener la esencia original mientras incorporaba elementos flamencos y ritmos del Medio Oriente, que son caracter\u00edsticos de mi estilo.<\/p>\n\n\n\n<p>Me encant\u00f3 experimentar con la fusi\u00f3n de estos g\u00e9neros y crear algo fresco y \u00fanico. La respuesta del p\u00fablico ha sido incre\u00edble, y me siento afortunado de haber podido compartir mi visi\u00f3n musical con ellos.<\/p>\n\n\n\n<figure class=\"wp-block-image size-full\"><img data-recalc-dims=\"1\" decoding=\"async\" width=\"1165\" height=\"1747\" src=\"https:\/\/i0.wp.com\/zeromagazine.mx\/wp-content\/uploads\/2024\/10\/IMG_1950-scaled.jpeg?resize=1165%2C1747&#038;ssl=1\" alt=\"\" class=\"wp-image-87509\" srcset=\"https:\/\/i0.wp.com\/zeromagazine.mx\/wp-content\/uploads\/2024\/10\/IMG_1950-scaled.jpeg?w=1707&amp;ssl=1 1707w, https:\/\/i0.wp.com\/zeromagazine.mx\/wp-content\/uploads\/2024\/10\/IMG_1950-scaled.jpeg?resize=200%2C300&amp;ssl=1 200w, https:\/\/i0.wp.com\/zeromagazine.mx\/wp-content\/uploads\/2024\/10\/IMG_1950-scaled.jpeg?resize=683%2C1024&amp;ssl=1 683w, https:\/\/i0.wp.com\/zeromagazine.mx\/wp-content\/uploads\/2024\/10\/IMG_1950-scaled.jpeg?resize=768%2C1152&amp;ssl=1 768w, https:\/\/i0.wp.com\/zeromagazine.mx\/wp-content\/uploads\/2024\/10\/IMG_1950-scaled.jpeg?resize=1024%2C1536&amp;ssl=1 1024w, https:\/\/i0.wp.com\/zeromagazine.mx\/wp-content\/uploads\/2024\/10\/IMG_1950-scaled.jpeg?resize=1365%2C2048&amp;ssl=1 1365w\" sizes=\"(max-width: 1165px) 100vw, 1165px\" \/><\/figure>\n\n\n\n<p><strong>Has trabajado en proyectos televisivos que abordan temas como la salud y la sostenibilidad. \u00bfQu\u00e9 importancia tienen para ti estos temas y c\u00f3mo los integras en tu carrera art\u00edstica?<\/strong><\/p>\n\n\n\n<p>Como figura p\u00fablica, creo que tengo una gran responsabilidad hacia el planeta y su futuro. Mi objetivo es inspirar a la gente a adoptar una conciencia m\u00e1s sostenible y respetuosa hacia el medio ambiente y todos los seres que lo habitan.<\/p>\n\n\n\n<script async src=\"https:\/\/pagead2.googlesyndication.com\/pagead\/js\/adsbygoogle.js?client=ca-pub-5499304793904745\"\n     crossorigin=\"anonymous\"><\/script>\n<ins class=\"adsbygoogle\"\n     style=\"display:block; text-align:center;\"\n     data-ad-layout=\"in-article\"\n     data-ad-format=\"fluid\"\n     data-ad-client=\"ca-pub-5499304793904745\"\n     data-ad-slot=\"5994863093\"><\/ins>\n<script>\n     (adsbygoogle = window.adsbygoogle || []).push({});\n<\/script>\n\n\n\n<p><strong>\u00bfQu\u00e9 puedes adelantarnos sobre tus pr\u00f3ximos proyectos en la televisi\u00f3n o el cine? \u00bfTe gustar\u00eda explorar g\u00e9neros o personajes que a\u00fan no has interpretado?<\/strong><\/p>\n\n\n\n<p>Como actor, mi objetivo es explorar una amplia gama de g\u00e9neros y personajes. Me encantar\u00eda interpretar personajes complejos y multifac\u00e9ticos que desaf\u00eden mi capacidad actoral, e incursionar en el mundo del cine. Adem\u00e1s, encontrar mi lugar en el g\u00e9nero musical, donde pueda combinar mi pasi\u00f3n por la actuaci\u00f3n y la m\u00fasica.<\/p>\n\n\n\n<p><strong>Has mencionado que la m\u00fasica es una parte importante de tu vida, aunque la pausaste durante un tiempo. \u00bfC\u00f3mo ha cambiado tu enfoque musical desde tus d\u00edas en el grupo Matute hasta ahora que trabajas como solista?<\/strong><\/p>\n\n\n\n<p>Con el paso del tiempo, he descubierto que mis pensamientos, gustos y pasiones han evolucionado. Pero hay ciertos momentos y experiencias que permanecen grabados en mi memoria y coraz\u00f3n. Ahora quiero expresar mi presente y compartir mis nuevas creaciones e ideas con la gente.<\/p>\n\n\n\n<figure class=\"wp-block-image size-full\"><img data-recalc-dims=\"1\" decoding=\"async\" width=\"1165\" height=\"1747\" src=\"https:\/\/i0.wp.com\/zeromagazine.mx\/wp-content\/uploads\/2024\/10\/IMG_1952-1-scaled.jpeg?resize=1165%2C1747&#038;ssl=1\" alt=\"\" class=\"wp-image-87511\" srcset=\"https:\/\/i0.wp.com\/zeromagazine.mx\/wp-content\/uploads\/2024\/10\/IMG_1952-1-scaled.jpeg?w=1707&amp;ssl=1 1707w, https:\/\/i0.wp.com\/zeromagazine.mx\/wp-content\/uploads\/2024\/10\/IMG_1952-1-scaled.jpeg?resize=200%2C300&amp;ssl=1 200w, https:\/\/i0.wp.com\/zeromagazine.mx\/wp-content\/uploads\/2024\/10\/IMG_1952-1-scaled.jpeg?resize=683%2C1024&amp;ssl=1 683w, https:\/\/i0.wp.com\/zeromagazine.mx\/wp-content\/uploads\/2024\/10\/IMG_1952-1-scaled.jpeg?resize=768%2C1152&amp;ssl=1 768w, https:\/\/i0.wp.com\/zeromagazine.mx\/wp-content\/uploads\/2024\/10\/IMG_1952-1-scaled.jpeg?resize=1024%2C1536&amp;ssl=1 1024w, https:\/\/i0.wp.com\/zeromagazine.mx\/wp-content\/uploads\/2024\/10\/IMG_1952-1-scaled.jpeg?resize=1365%2C2048&amp;ssl=1 1365w\" sizes=\"(max-width: 1165px) 100vw, 1165px\" \/><\/figure>\n\n\n\n<script async src=\"https:\/\/pagead2.googlesyndication.com\/pagead\/js\/adsbygoogle.js?client=ca-pub-5499304793904745\"\n     crossorigin=\"anonymous\"><\/script>\n<ins class=\"adsbygoogle\"\n     style=\"display:block; text-align:center;\"\n     data-ad-layout=\"in-article\"\n     data-ad-format=\"fluid\"\n     data-ad-client=\"ca-pub-5499304793904745\"\n     data-ad-slot=\"5994863093\"><\/ins>\n<script>\n     (adsbygoogle = window.adsbygoogle || []).push({});\n<\/script>\n\n\n\n<p><strong>La actuaci\u00f3n y la m\u00fasica requieren mucha disciplina y resistencia. \u00bfQu\u00e9 has aprendido a lo largo de tu carrera que ha sido clave para mantenerte en ambas industrias?<\/strong><\/p>\n\n\n\n<p>He aprendido mucho de la industria, pero he aprendido mucho m\u00e1s de m\u00ed. He aprendido a no rendirme, a seguir so\u00f1ando y seguir creando.<\/p>\n\n\n\n<p><strong>\u00bfTienes alg\u00fan sue\u00f1o o meta a largo plazo, ya sea en la m\u00fasica o la actuaci\u00f3n, que te gustar\u00eda alcanzar en los pr\u00f3ximos cinco a\u00f1os?<\/strong><\/p>\n\n\n\n<p>Sue\u00f1o con interpretar al Jorobado de Notre Dame, un personaje ic\u00f3nico y emocionante que requiere una profunda comprensi\u00f3n de la humanidad, y al Fantasma de la \u00d3pera, un papel que exige una gran sensibilidad y capacidad para transmitir emociones. Y en cuanto a la m\u00fasica, quiero que mis canciones me lleven a presentarme y sonar por todo el mundo.<\/p>\n\n\n\n<figure class=\"wp-block-image size-full\"><img data-recalc-dims=\"1\" decoding=\"async\" width=\"1165\" height=\"1747\" src=\"https:\/\/i0.wp.com\/zeromagazine.mx\/wp-content\/uploads\/2024\/10\/IMG_1949-scaled.jpeg?resize=1165%2C1747\" alt=\"\" class=\"wp-image-87514\" srcset=\"https:\/\/i0.wp.com\/zeromagazine.mx\/wp-content\/uploads\/2024\/10\/IMG_1949-scaled.jpeg?w=1707&amp;ssl=1 1707w, https:\/\/i0.wp.com\/zeromagazine.mx\/wp-content\/uploads\/2024\/10\/IMG_1949-scaled.jpeg?resize=200%2C300&amp;ssl=1 200w, https:\/\/i0.wp.com\/zeromagazine.mx\/wp-content\/uploads\/2024\/10\/IMG_1949-scaled.jpeg?resize=683%2C1024&amp;ssl=1 683w, https:\/\/i0.wp.com\/zeromagazine.mx\/wp-content\/uploads\/2024\/10\/IMG_1949-scaled.jpeg?resize=768%2C1152&amp;ssl=1 768w, https:\/\/i0.wp.com\/zeromagazine.mx\/wp-content\/uploads\/2024\/10\/IMG_1949-scaled.jpeg?resize=1024%2C1536&amp;ssl=1 1024w, https:\/\/i0.wp.com\/zeromagazine.mx\/wp-content\/uploads\/2024\/10\/IMG_1949-scaled.jpeg?resize=1365%2C2048&amp;ssl=1 1365w\" sizes=\"(max-width: 1165px) 100vw, 1165px\" \/><\/figure>\n\n\n\n<script async src=\"https:\/\/pagead2.googlesyndication.com\/pagead\/js\/adsbygoogle.js?client=ca-pub-5499304793904745\"\n     crossorigin=\"anonymous\"><\/script>\n<ins class=\"adsbygoogle\"\n     style=\"display:block; text-align:center;\"\n     data-ad-layout=\"in-article\"\n     data-ad-format=\"fluid\"\n     data-ad-client=\"ca-pub-5499304793904745\"\n     data-ad-slot=\"5994863093\"><\/ins>\n<script>\n     (adsbygoogle = window.adsbygoogle || []).push({});\n<\/script>\n\n\n\n<p><strong>Has hablado sobre la importancia de mantenerse fiel a uno mismo. \u00bfQu\u00e9 consejo le dar\u00edas a los artistas j\u00f3venes que est\u00e1n comenzando su carrera en un mundo tan competitivo?<\/strong><\/p>\n\n\n\n<p>Siempre va a haber gente que te diga o que quiera limitarte o decirte que quiz\u00e1 no le ven futuro a una idea. Pero quiero decirle a la gente que esas personas hablan desde su propia perspectiva y sus propias limitantes. Hay que aprender a creer en uno mismo y hacer siempre caso a la intuici\u00f3n.<\/p>\n\n\n\n<p><strong>Elegiste reinterpretar <em>Las Mil y Una Noches<\/em> de Flans en versi\u00f3n bachata, un g\u00e9nero con mucha fuerza. \u00bfQu\u00e9 te inspir\u00f3 a llevar esta ic\u00f3nica canci\u00f3n pop de los 80 a un estilo tan diferente?<\/strong><\/p>\n\n\n\n<p>Una \u00e9poca de inspiraci\u00f3n fue durante el show de la <em>Guerra de los 80<\/em> en Matute, donde las mujeres cantaban <em>Las Mil y Una Noches<\/em>. Esa canci\u00f3n se convirti\u00f3 en un himno personal, un recordatorio de la felicidad y la emoci\u00f3n que sent\u00ed en ese momento. Siempre quise hacer mi propia versi\u00f3n y ponerle mi sello.<\/p>\n\n\n\n<p><strong>La bachata tiene ra\u00edces muy distintas al pop mexicano. \u00bfC\u00f3mo te preparaste musicalmente para darle un giro a la canci\u00f3n manteniendo su esencia original pero con un toque tropical?<\/strong><\/p>\n\n\n\n<p>Llevo tiempo prepar\u00e1ndome, me encanta bailar de todo, pero ahora estoy desde hace tiempo estudiando bachata para poder hacerlo como se debe.<\/p>\n\n\n\n<figure class=\"wp-block-image size-full\"><img data-recalc-dims=\"1\" decoding=\"async\" width=\"1165\" height=\"1747\" src=\"https:\/\/i0.wp.com\/zeromagazine.mx\/wp-content\/uploads\/2024\/10\/IMG_1954-scaled.jpeg?resize=1165%2C1747&#038;ssl=1\" alt=\"\" class=\"wp-image-87513\" srcset=\"https:\/\/i0.wp.com\/zeromagazine.mx\/wp-content\/uploads\/2024\/10\/IMG_1954-scaled.jpeg?w=1707&amp;ssl=1 1707w, https:\/\/i0.wp.com\/zeromagazine.mx\/wp-content\/uploads\/2024\/10\/IMG_1954-scaled.jpeg?resize=200%2C300&amp;ssl=1 200w, https:\/\/i0.wp.com\/zeromagazine.mx\/wp-content\/uploads\/2024\/10\/IMG_1954-scaled.jpeg?resize=683%2C1024&amp;ssl=1 683w, https:\/\/i0.wp.com\/zeromagazine.mx\/wp-content\/uploads\/2024\/10\/IMG_1954-scaled.jpeg?resize=768%2C1152&amp;ssl=1 768w, https:\/\/i0.wp.com\/zeromagazine.mx\/wp-content\/uploads\/2024\/10\/IMG_1954-scaled.jpeg?resize=1024%2C1536&amp;ssl=1 1024w, https:\/\/i0.wp.com\/zeromagazine.mx\/wp-content\/uploads\/2024\/10\/IMG_1954-scaled.jpeg?resize=1365%2C2048&amp;ssl=1 1365w\" sizes=\"(max-width: 1165px) 100vw, 1165px\" \/><\/figure>\n\n\n\n<p><strong>\u00bfCu\u00e1l ha sido la reacci\u00f3n de tus fans y del p\u00fablico en general al escuchar <em>Las Mil y Una Noches<\/em> en esta nueva versi\u00f3n? \u00bfHas recibido alg\u00fan comentario de los miembros originales de Flans?<\/strong><\/p>\n\n\n\n<p>Se estrena a mediados de octubre. Espero que el p\u00fablico ame esta nueva versi\u00f3n tanto como yo.<\/p>\n\n\n\n<p><strong>\u00bfQu\u00e9 otros cl\u00e1sicos de la m\u00fasica pop mexicana te gustar\u00eda reinterpretar en el futuro, y por qu\u00e9?<\/strong><\/p>\n\n\n\n<p>Hay planes de seguir creando y haciendo m\u00fasica. Quiero experimentar otros g\u00e9neros, quiz\u00e1 m\u00e1s covers o un sencillo que tengo guardado por ah\u00ed.<\/p>\n\n\n\n<p><strong>Sabemos que reinterpretar una canci\u00f3n tan ic\u00f3nica puede ser arriesgado. \u00bfQu\u00e9 desaf\u00edos enfrentaste al reimaginar <em>Las Mil y Una Noches<\/em> y c\u00f3mo te aseguraste de que la versi\u00f3n final respetara tanto la original como tu estilo personal?<\/strong><\/p>\n\n\n\n<p><em>Las Mil y Una Noches<\/em> es m\u00e1s que una canci\u00f3n para m\u00ed; es un fragmento de mi historia, un recuerdo de la felicidad y un recordatorio de la importancia de seguir mi coraz\u00f3n. Bien dicen que lo que se hace con amor siempre encuentra su camino para tocar el coraz\u00f3n de los dem\u00e1s.<\/p>\n\n\n\n<script async src=\"https:\/\/pagead2.googlesyndication.com\/pagead\/js\/adsbygoogle.js?client=ca-pub-5499304793904745\"\n     crossorigin=\"anonymous\"><\/script>\n<ins class=\"adsbygoogle\"\n     style=\"display:block; text-align:center;\"\n     data-ad-layout=\"in-article\"\n     data-ad-format=\"fluid\"\n     data-ad-client=\"ca-pub-5499304793904745\"\n     data-ad-slot=\"5994863093\"><\/ins>\n<script>\n     (adsbygoogle = window.adsbygoogle || []).push({});\n<\/script>\n\n\n\n<p>Ra Colmenero es un artista en constante evoluci\u00f3n, que sabe encontrar el equilibrio entre sus m\u00faltiples facetas y nos muestra que el arte, en todas sus formas, es una herramienta para expresar las emociones m\u00e1s profundas. Con proyectos emocionantes en camino, Ra sigue creando con el coraz\u00f3n y expandiendo su legado tanto en la m\u00fasica como en la actuaci\u00f3n.<\/p>","protected":false},"excerpt":{"rendered":"<p>Ra Colmenero es una figura vers\u00e1til que ha dejado huella tanto en la m\u00fasica como en la actuaci\u00f3n. Su carrera ha sido un constante desaf\u00edo de superaci\u00f3n personal, donde ha interpretado personajes complejos y emocionantes mientras lleva su m\u00fasica a nuevas alturas. En esta entrevista, Ra nos revela detalles \u00edntimos de su proceso creativo, sus [&hellip;]<\/p>\n","protected":false},"author":4,"featured_media":87507,"comment_status":"open","ping_status":"open","sticky":false,"template":"","format":"standard","meta":{"_jetpack_memberships_contains_paid_content":false,"footnotes":"","jetpack_publicize_message":"","jetpack_publicize_feature_enabled":true,"jetpack_social_post_already_shared":true,"jetpack_social_options":{"image_generator_settings":{"template":"highway","default_image_id":0,"font":"","enabled":false},"version":2}},"categories":[98],"tags":[],"class_list":["post-87506","post","type-post","status-publish","format-standard","has-post-thumbnail","hentry","category-portada","has-post-title","has-post-date","has-post-category","has-post-tag","has-post-comment","has-post-author",""],"yoast_head":"<!-- This site is optimized with the Yoast SEO plugin v27.5 - https:\/\/yoast.com\/product\/yoast-seo-wordpress\/ -->\n<title>Ra Colmenero: Seguir So\u00f1ando y Creando - Zero Magazine<\/title>\n<meta name=\"description\" content=\"Ra Colmenero comparte su pasi\u00f3n por la actuaci\u00f3n, la m\u00fasica y sus pr\u00f3ximos proyectos en una emotiva entrevista sobre sue\u00f1os y creatividad.\" \/>\n<meta name=\"robots\" content=\"index, follow, max-snippet:-1, max-image-preview:large, max-video-preview:-1\" \/>\n<link rel=\"canonical\" href=\"https:\/\/zeromagazine.mx\/index.php\/2024\/10\/19\/ra-colmenero-seguir-sonando-y-creando\/\" \/>\n<meta property=\"og:locale\" content=\"es_ES\" \/>\n<meta property=\"og:type\" content=\"article\" \/>\n<meta property=\"og:title\" content=\"Ra Colmenero: Seguir So\u00f1ando y Creando - Zero Magazine\" \/>\n<meta property=\"og:description\" content=\"Ra Colmenero comparte su pasi\u00f3n por la actuaci\u00f3n, la m\u00fasica y sus pr\u00f3ximos proyectos en una emotiva entrevista sobre sue\u00f1os y creatividad.\" \/>\n<meta property=\"og:url\" content=\"https:\/\/zeromagazine.mx\/index.php\/2024\/10\/19\/ra-colmenero-seguir-sonando-y-creando\/\" \/>\n<meta property=\"og:site_name\" content=\"Zero Magazine\" \/>\n<meta property=\"article:published_time\" content=\"2024-10-19T06:53:58+00:00\" \/>\n<meta property=\"og:image\" content=\"http:\/\/zeromagazine.mx\/wp-content\/uploads\/2024\/10\/IMG_1962-scaled.jpeg\" \/>\n\t<meta property=\"og:image:width\" content=\"1978\" \/>\n\t<meta property=\"og:image:height\" content=\"2560\" \/>\n\t<meta property=\"og:image:type\" content=\"image\/jpeg\" \/>\n<meta name=\"author\" content=\"David Morales\" \/>\n<meta name=\"twitter:card\" content=\"summary_large_image\" \/>\n<meta name=\"twitter:label1\" content=\"Escrito por\" \/>\n\t<meta name=\"twitter:data1\" content=\"David Morales\" \/>\n\t<meta name=\"twitter:label2\" content=\"Tiempo de lectura\" \/>\n\t<meta name=\"twitter:data2\" content=\"8 minutos\" \/>\n<script type=\"application\/ld+json\" class=\"yoast-schema-graph\">{\"@context\":\"https:\\\/\\\/schema.org\",\"@graph\":[{\"@type\":\"Article\",\"@id\":\"https:\\\/\\\/zeromagazine.mx\\\/index.php\\\/2024\\\/10\\\/19\\\/ra-colmenero-seguir-sonando-y-creando\\\/#article\",\"isPartOf\":{\"@id\":\"https:\\\/\\\/zeromagazine.mx\\\/index.php\\\/2024\\\/10\\\/19\\\/ra-colmenero-seguir-sonando-y-creando\\\/\"},\"author\":{\"name\":\"David Morales\",\"@id\":\"https:\\\/\\\/zeromagazine.mx\\\/#\\\/schema\\\/person\\\/9f7f1a17c60ba8e9980e3e6677aabe5a\"},\"headline\":\"Ra Colmenero: Seguir So\u00f1ando y Creando\",\"datePublished\":\"2024-10-19T06:53:58+00:00\",\"mainEntityOfPage\":{\"@id\":\"https:\\\/\\\/zeromagazine.mx\\\/index.php\\\/2024\\\/10\\\/19\\\/ra-colmenero-seguir-sonando-y-creando\\\/\"},\"wordCount\":1444,\"commentCount\":0,\"publisher\":{\"@id\":\"https:\\\/\\\/zeromagazine.mx\\\/#organization\"},\"image\":{\"@id\":\"https:\\\/\\\/zeromagazine.mx\\\/index.php\\\/2024\\\/10\\\/19\\\/ra-colmenero-seguir-sonando-y-creando\\\/#primaryimage\"},\"thumbnailUrl\":\"https:\\\/\\\/i0.wp.com\\\/zeromagazine.mx\\\/wp-content\\\/uploads\\\/2024\\\/10\\\/IMG_1962-scaled.jpeg?fit=1978%2C2560&ssl=1\",\"articleSection\":[\"Portada\"],\"inLanguage\":\"es\",\"potentialAction\":[{\"@type\":\"CommentAction\",\"name\":\"Comment\",\"target\":[\"https:\\\/\\\/zeromagazine.mx\\\/index.php\\\/2024\\\/10\\\/19\\\/ra-colmenero-seguir-sonando-y-creando\\\/#respond\"]}]},{\"@type\":\"WebPage\",\"@id\":\"https:\\\/\\\/zeromagazine.mx\\\/index.php\\\/2024\\\/10\\\/19\\\/ra-colmenero-seguir-sonando-y-creando\\\/\",\"url\":\"https:\\\/\\\/zeromagazine.mx\\\/index.php\\\/2024\\\/10\\\/19\\\/ra-colmenero-seguir-sonando-y-creando\\\/\",\"name\":\"Ra Colmenero: Seguir So\u00f1ando y Creando - Zero Magazine\",\"isPartOf\":{\"@id\":\"https:\\\/\\\/zeromagazine.mx\\\/#website\"},\"primaryImageOfPage\":{\"@id\":\"https:\\\/\\\/zeromagazine.mx\\\/index.php\\\/2024\\\/10\\\/19\\\/ra-colmenero-seguir-sonando-y-creando\\\/#primaryimage\"},\"image\":{\"@id\":\"https:\\\/\\\/zeromagazine.mx\\\/index.php\\\/2024\\\/10\\\/19\\\/ra-colmenero-seguir-sonando-y-creando\\\/#primaryimage\"},\"thumbnailUrl\":\"https:\\\/\\\/i0.wp.com\\\/zeromagazine.mx\\\/wp-content\\\/uploads\\\/2024\\\/10\\\/IMG_1962-scaled.jpeg?fit=1978%2C2560&ssl=1\",\"datePublished\":\"2024-10-19T06:53:58+00:00\",\"description\":\"Ra Colmenero comparte su pasi\u00f3n por la actuaci\u00f3n, la m\u00fasica y sus pr\u00f3ximos proyectos en una emotiva entrevista sobre sue\u00f1os y creatividad.\",\"breadcrumb\":{\"@id\":\"https:\\\/\\\/zeromagazine.mx\\\/index.php\\\/2024\\\/10\\\/19\\\/ra-colmenero-seguir-sonando-y-creando\\\/#breadcrumb\"},\"inLanguage\":\"es\",\"potentialAction\":[{\"@type\":\"ReadAction\",\"target\":[\"https:\\\/\\\/zeromagazine.mx\\\/index.php\\\/2024\\\/10\\\/19\\\/ra-colmenero-seguir-sonando-y-creando\\\/\"]}]},{\"@type\":\"ImageObject\",\"inLanguage\":\"es\",\"@id\":\"https:\\\/\\\/zeromagazine.mx\\\/index.php\\\/2024\\\/10\\\/19\\\/ra-colmenero-seguir-sonando-y-creando\\\/#primaryimage\",\"url\":\"https:\\\/\\\/i0.wp.com\\\/zeromagazine.mx\\\/wp-content\\\/uploads\\\/2024\\\/10\\\/IMG_1962-scaled.jpeg?fit=1978%2C2560&ssl=1\",\"contentUrl\":\"https:\\\/\\\/i0.wp.com\\\/zeromagazine.mx\\\/wp-content\\\/uploads\\\/2024\\\/10\\\/IMG_1962-scaled.jpeg?fit=1978%2C2560&ssl=1\",\"width\":1978,\"height\":2560},{\"@type\":\"BreadcrumbList\",\"@id\":\"https:\\\/\\\/zeromagazine.mx\\\/index.php\\\/2024\\\/10\\\/19\\\/ra-colmenero-seguir-sonando-y-creando\\\/#breadcrumb\",\"itemListElement\":[{\"@type\":\"ListItem\",\"position\":1,\"name\":\"Portada\",\"item\":\"https:\\\/\\\/zeromagazine.mx\\\/\"},{\"@type\":\"ListItem\",\"position\":2,\"name\":\"Ra Colmenero: Seguir So\u00f1ando y Creando\"}]},{\"@type\":\"WebSite\",\"@id\":\"https:\\\/\\\/zeromagazine.mx\\\/#website\",\"url\":\"https:\\\/\\\/zeromagazine.mx\\\/\",\"name\":\"Zero Magazine\",\"description\":\"\",\"publisher\":{\"@id\":\"https:\\\/\\\/zeromagazine.mx\\\/#organization\"},\"potentialAction\":[{\"@type\":\"SearchAction\",\"target\":{\"@type\":\"EntryPoint\",\"urlTemplate\":\"https:\\\/\\\/zeromagazine.mx\\\/?s={search_term_string}\"},\"query-input\":{\"@type\":\"PropertyValueSpecification\",\"valueRequired\":true,\"valueName\":\"search_term_string\"}}],\"inLanguage\":\"es\"},{\"@type\":\"Organization\",\"@id\":\"https:\\\/\\\/zeromagazine.mx\\\/#organization\",\"name\":\"Zero Magazine\",\"url\":\"https:\\\/\\\/zeromagazine.mx\\\/\",\"logo\":{\"@type\":\"ImageObject\",\"inLanguage\":\"es\",\"@id\":\"https:\\\/\\\/zeromagazine.mx\\\/#\\\/schema\\\/logo\\\/image\\\/\",\"url\":\"https:\\\/\\\/i0.wp.com\\\/zeromagazine.mx\\\/wp-content\\\/uploads\\\/2025\\\/11\\\/1.jpeg?fit=1000%2C1000&ssl=1\",\"contentUrl\":\"https:\\\/\\\/i0.wp.com\\\/zeromagazine.mx\\\/wp-content\\\/uploads\\\/2025\\\/11\\\/1.jpeg?fit=1000%2C1000&ssl=1\",\"width\":1000,\"height\":1000,\"caption\":\"Zero Magazine\"},\"image\":{\"@id\":\"https:\\\/\\\/zeromagazine.mx\\\/#\\\/schema\\\/logo\\\/image\\\/\"},\"sameAs\":[\"https:\\\/\\\/instagram.com\\\/zeromagazinemx\"]},{\"@type\":\"Person\",\"@id\":\"https:\\\/\\\/zeromagazine.mx\\\/#\\\/schema\\\/person\\\/9f7f1a17c60ba8e9980e3e6677aabe5a\",\"name\":\"David Morales\",\"image\":{\"@type\":\"ImageObject\",\"inLanguage\":\"es\",\"@id\":\"https:\\\/\\\/zeromagazine.mx\\\/wp-content\\\/litespeed\\\/avatar\\\/76069d2136bfc1c37dc34815bb67ca42.jpg?ver=1776966186\",\"url\":\"https:\\\/\\\/zeromagazine.mx\\\/wp-content\\\/litespeed\\\/avatar\\\/76069d2136bfc1c37dc34815bb67ca42.jpg?ver=1776966186\",\"contentUrl\":\"https:\\\/\\\/zeromagazine.mx\\\/wp-content\\\/litespeed\\\/avatar\\\/76069d2136bfc1c37dc34815bb67ca42.jpg?ver=1776966186\",\"caption\":\"David Morales\"},\"url\":\"https:\\\/\\\/zeromagazine.mx\\\/index.php\\\/author\\\/david\\\/\"}]}<\/script>\n<!-- \/ Yoast SEO plugin. -->","yoast_head_json":{"title":"Ra Colmenero: Seguir So\u00f1ando y Creando - Zero Magazine","description":"Ra Colmenero comparte su pasi\u00f3n por la actuaci\u00f3n, la m\u00fasica y sus pr\u00f3ximos proyectos en una emotiva entrevista sobre sue\u00f1os y creatividad.","robots":{"index":"index","follow":"follow","max-snippet":"max-snippet:-1","max-image-preview":"max-image-preview:large","max-video-preview":"max-video-preview:-1"},"canonical":"https:\/\/zeromagazine.mx\/index.php\/2024\/10\/19\/ra-colmenero-seguir-sonando-y-creando\/","og_locale":"es_ES","og_type":"article","og_title":"Ra Colmenero: Seguir So\u00f1ando y Creando - Zero Magazine","og_description":"Ra Colmenero comparte su pasi\u00f3n por la actuaci\u00f3n, la m\u00fasica y sus pr\u00f3ximos proyectos en una emotiva entrevista sobre sue\u00f1os y creatividad.","og_url":"https:\/\/zeromagazine.mx\/index.php\/2024\/10\/19\/ra-colmenero-seguir-sonando-y-creando\/","og_site_name":"Zero Magazine","article_published_time":"2024-10-19T06:53:58+00:00","og_image":[{"width":1978,"height":2560,"url":"http:\/\/zeromagazine.mx\/wp-content\/uploads\/2024\/10\/IMG_1962-scaled.jpeg","type":"image\/jpeg"}],"author":"David Morales","twitter_card":"summary_large_image","twitter_misc":{"Escrito por":"David Morales","Tiempo de lectura":"8 minutos"},"schema":{"@context":"https:\/\/schema.org","@graph":[{"@type":"Article","@id":"https:\/\/zeromagazine.mx\/index.php\/2024\/10\/19\/ra-colmenero-seguir-sonando-y-creando\/#article","isPartOf":{"@id":"https:\/\/zeromagazine.mx\/index.php\/2024\/10\/19\/ra-colmenero-seguir-sonando-y-creando\/"},"author":{"name":"David Morales","@id":"https:\/\/zeromagazine.mx\/#\/schema\/person\/9f7f1a17c60ba8e9980e3e6677aabe5a"},"headline":"Ra Colmenero: Seguir So\u00f1ando y Creando","datePublished":"2024-10-19T06:53:58+00:00","mainEntityOfPage":{"@id":"https:\/\/zeromagazine.mx\/index.php\/2024\/10\/19\/ra-colmenero-seguir-sonando-y-creando\/"},"wordCount":1444,"commentCount":0,"publisher":{"@id":"https:\/\/zeromagazine.mx\/#organization"},"image":{"@id":"https:\/\/zeromagazine.mx\/index.php\/2024\/10\/19\/ra-colmenero-seguir-sonando-y-creando\/#primaryimage"},"thumbnailUrl":"https:\/\/i0.wp.com\/zeromagazine.mx\/wp-content\/uploads\/2024\/10\/IMG_1962-scaled.jpeg?fit=1978%2C2560&ssl=1","articleSection":["Portada"],"inLanguage":"es","potentialAction":[{"@type":"CommentAction","name":"Comment","target":["https:\/\/zeromagazine.mx\/index.php\/2024\/10\/19\/ra-colmenero-seguir-sonando-y-creando\/#respond"]}]},{"@type":"WebPage","@id":"https:\/\/zeromagazine.mx\/index.php\/2024\/10\/19\/ra-colmenero-seguir-sonando-y-creando\/","url":"https:\/\/zeromagazine.mx\/index.php\/2024\/10\/19\/ra-colmenero-seguir-sonando-y-creando\/","name":"Ra Colmenero: Seguir So\u00f1ando y Creando - Zero Magazine","isPartOf":{"@id":"https:\/\/zeromagazine.mx\/#website"},"primaryImageOfPage":{"@id":"https:\/\/zeromagazine.mx\/index.php\/2024\/10\/19\/ra-colmenero-seguir-sonando-y-creando\/#primaryimage"},"image":{"@id":"https:\/\/zeromagazine.mx\/index.php\/2024\/10\/19\/ra-colmenero-seguir-sonando-y-creando\/#primaryimage"},"thumbnailUrl":"https:\/\/i0.wp.com\/zeromagazine.mx\/wp-content\/uploads\/2024\/10\/IMG_1962-scaled.jpeg?fit=1978%2C2560&ssl=1","datePublished":"2024-10-19T06:53:58+00:00","description":"Ra Colmenero comparte su pasi\u00f3n por la actuaci\u00f3n, la m\u00fasica y sus pr\u00f3ximos proyectos en una emotiva entrevista sobre sue\u00f1os y creatividad.","breadcrumb":{"@id":"https:\/\/zeromagazine.mx\/index.php\/2024\/10\/19\/ra-colmenero-seguir-sonando-y-creando\/#breadcrumb"},"inLanguage":"es","potentialAction":[{"@type":"ReadAction","target":["https:\/\/zeromagazine.mx\/index.php\/2024\/10\/19\/ra-colmenero-seguir-sonando-y-creando\/"]}]},{"@type":"ImageObject","inLanguage":"es","@id":"https:\/\/zeromagazine.mx\/index.php\/2024\/10\/19\/ra-colmenero-seguir-sonando-y-creando\/#primaryimage","url":"https:\/\/i0.wp.com\/zeromagazine.mx\/wp-content\/uploads\/2024\/10\/IMG_1962-scaled.jpeg?fit=1978%2C2560&ssl=1","contentUrl":"https:\/\/i0.wp.com\/zeromagazine.mx\/wp-content\/uploads\/2024\/10\/IMG_1962-scaled.jpeg?fit=1978%2C2560&ssl=1","width":1978,"height":2560},{"@type":"BreadcrumbList","@id":"https:\/\/zeromagazine.mx\/index.php\/2024\/10\/19\/ra-colmenero-seguir-sonando-y-creando\/#breadcrumb","itemListElement":[{"@type":"ListItem","position":1,"name":"Portada","item":"https:\/\/zeromagazine.mx\/"},{"@type":"ListItem","position":2,"name":"Ra Colmenero: Seguir So\u00f1ando y Creando"}]},{"@type":"WebSite","@id":"https:\/\/zeromagazine.mx\/#website","url":"https:\/\/zeromagazine.mx\/","name":"Zero Magazine","description":"","publisher":{"@id":"https:\/\/zeromagazine.mx\/#organization"},"potentialAction":[{"@type":"SearchAction","target":{"@type":"EntryPoint","urlTemplate":"https:\/\/zeromagazine.mx\/?s={search_term_string}"},"query-input":{"@type":"PropertyValueSpecification","valueRequired":true,"valueName":"search_term_string"}}],"inLanguage":"es"},{"@type":"Organization","@id":"https:\/\/zeromagazine.mx\/#organization","name":"Zero Magazine","url":"https:\/\/zeromagazine.mx\/","logo":{"@type":"ImageObject","inLanguage":"es","@id":"https:\/\/zeromagazine.mx\/#\/schema\/logo\/image\/","url":"https:\/\/i0.wp.com\/zeromagazine.mx\/wp-content\/uploads\/2025\/11\/1.jpeg?fit=1000%2C1000&ssl=1","contentUrl":"https:\/\/i0.wp.com\/zeromagazine.mx\/wp-content\/uploads\/2025\/11\/1.jpeg?fit=1000%2C1000&ssl=1","width":1000,"height":1000,"caption":"Zero Magazine"},"image":{"@id":"https:\/\/zeromagazine.mx\/#\/schema\/logo\/image\/"},"sameAs":["https:\/\/instagram.com\/zeromagazinemx"]},{"@type":"Person","@id":"https:\/\/zeromagazine.mx\/#\/schema\/person\/9f7f1a17c60ba8e9980e3e6677aabe5a","name":"David Morales","image":{"@type":"ImageObject","inLanguage":"es","@id":"https:\/\/zeromagazine.mx\/wp-content\/litespeed\/avatar\/76069d2136bfc1c37dc34815bb67ca42.jpg?ver=1776966186","url":"https:\/\/zeromagazine.mx\/wp-content\/litespeed\/avatar\/76069d2136bfc1c37dc34815bb67ca42.jpg?ver=1776966186","contentUrl":"https:\/\/zeromagazine.mx\/wp-content\/litespeed\/avatar\/76069d2136bfc1c37dc34815bb67ca42.jpg?ver=1776966186","caption":"David Morales"},"url":"https:\/\/zeromagazine.mx\/index.php\/author\/david\/"}]}},"jetpack_publicize_connections":[],"jetpack_featured_media_url":"https:\/\/i0.wp.com\/zeromagazine.mx\/wp-content\/uploads\/2024\/10\/IMG_1962-scaled.jpeg?fit=1978%2C2560&ssl=1","jetpack-related-posts":[{"id":56324,"url":"https:\/\/zeromagazine.mx\/index.php\/2021\/10\/20\/entrevista-a-ra-colmenero-actor-de-la-obra\/","url_meta":{"origin":87506,"position":0},"title":"Entrevista\u200c \u200ca\u200c \u200cRa\u200c \u200cColmenero,\u200c&nbsp;\u200cactor\u200c \u200cde\u200c \u200cla\u200c \u200cobra\u200c \u200c\u201cSerenata\u200c \u200ca\u200c&nbsp;\u200cmis\u200c \u200cmuertos\u201d\u200c&nbsp;","author":"zeromagazinemx","date":"20 de octubre de 2021","format":false,"excerpt":"El viernes 15 de octubre se estren\u00f3 la tan esperada obra \u201cSerenata a mis muertos\u201d, con Lorena de la Garza e Ione Cervantes, participan Laura Montijano, Yeka Rosales, Ra Colmenero y Diana Llano, los acompa\u00f1an tambi\u00e9n los grandes directores y actores de doblaje Mar\u00eda Eugenia Guzm\u00e1n y Jos\u00e9 Gilberto Vilchis.\u00a0\u2026","rel":"","context":"En \u00abEntretenimiento\u00bb","block_context":{"text":"Entretenimiento","link":"https:\/\/zeromagazine.mx\/index.php\/category\/entretenimiento\/"},"img":{"alt_text":"","src":"","width":0,"height":0},"classes":[]},{"id":47247,"url":"https:\/\/zeromagazine.mx\/index.php\/2021\/06\/09\/entrevista-a-antonio-de-la-vega\/","url_meta":{"origin":87506,"position":1},"title":"Entrevista a Antonio de la Vega","author":"zeromagazinemx","date":"9 de junio de 2021","format":false,"excerpt":"\u00c9l es Antonio De La Vega, gran actor Mexicano de Cine, Teatro y Televisi\u00f3n conocido por los memorables y queridos personajes a quienes ha dado vida como Rafael Reina en las cuatro temporadas de Club de Cuervos, Santiago Echeverr\u00eda en El Se\u00f1or de los Cielos, Arturo Bernal Leyda en El\u2026","rel":"","context":"En \u00abCine\u00bb","block_context":{"text":"Cine","link":"https:\/\/zeromagazine.mx\/index.php\/category\/entretenimiento\/cine\/"},"img":{"alt_text":"","src":"","width":0,"height":0},"classes":[]},{"id":82537,"url":"https:\/\/zeromagazine.mx\/index.php\/2024\/08\/27\/rafael-paz-desafios-y-triunfos\/","url_meta":{"origin":87506,"position":2},"title":"Rafael Paz: Desaf\u00edos y Triunfos","author":"David Morales","date":"27 de agosto de 2024","format":false,"excerpt":"Rafael Paz es un actor mexicano en ascenso que ha destacado por su versatilidad en producciones como Madre S\u00f3lo Hay Dos de Netflix y Como T\u00fa No Hay Dos en VIX. En esta entrevista, nos habla sobre su evoluci\u00f3n como actor, los desaf\u00edos que ha enfrentado y lo que nos\u2026","rel":"","context":"En \u00abEntrevistas\u00bb","block_context":{"text":"Entrevistas","link":"https:\/\/zeromagazine.mx\/index.php\/category\/entretenimiento\/entrevistas\/"},"img":{"alt_text":"","src":"https:\/\/i0.wp.com\/zeromagazine.mx\/wp-content\/uploads\/2024\/08\/IMG_1477-scaled.jpeg?fit=800%2C1200&ssl=1&resize=350%2C200","width":350,"height":200,"srcset":"https:\/\/i0.wp.com\/zeromagazine.mx\/wp-content\/uploads\/2024\/08\/IMG_1477-scaled.jpeg?fit=800%2C1200&ssl=1&resize=350%2C200 1x, https:\/\/i0.wp.com\/zeromagazine.mx\/wp-content\/uploads\/2024\/08\/IMG_1477-scaled.jpeg?fit=800%2C1200&ssl=1&resize=525%2C300 1.5x, https:\/\/i0.wp.com\/zeromagazine.mx\/wp-content\/uploads\/2024\/08\/IMG_1477-scaled.jpeg?fit=800%2C1200&ssl=1&resize=700%2C400 2x"},"classes":[]},{"id":78789,"url":"https:\/\/zeromagazine.mx\/index.php\/2024\/06\/19\/luis-vegas-un-viaje-de-suenos-lucha-y-exito\/","url_meta":{"origin":87506,"position":3},"title":"Luis Vegas: Un viaje de sue\u00f1os, lucha y \u00e9xito.","author":"David Morales","date":"19 de junio de 2024","format":false,"excerpt":"Luis Vegas, un talentoso actor venezolano radicado en M\u00e9xico, ha trazado una carrera fascinante en la actuaci\u00f3n, explorando diversos roles en cine y televisi\u00f3n. Su viaje desde Venezuela hasta M\u00e9xico no solo ha sido una b\u00fasqueda de oportunidades profesionales, sino tambi\u00e9n un camino de autodescubrimiento y crecimiento personal. En esta\u2026","rel":"","context":"En \u00abEntrevistas\u00bb","block_context":{"text":"Entrevistas","link":"https:\/\/zeromagazine.mx\/index.php\/category\/entretenimiento\/entrevistas\/"},"img":{"alt_text":"","src":"https:\/\/i0.wp.com\/zeromagazine.mx\/wp-content\/uploads\/2024\/06\/LVL16-scaled.jpg?fit=800%2C1200&ssl=1&resize=350%2C200","width":350,"height":200,"srcset":"https:\/\/i0.wp.com\/zeromagazine.mx\/wp-content\/uploads\/2024\/06\/LVL16-scaled.jpg?fit=800%2C1200&ssl=1&resize=350%2C200 1x, https:\/\/i0.wp.com\/zeromagazine.mx\/wp-content\/uploads\/2024\/06\/LVL16-scaled.jpg?fit=800%2C1200&ssl=1&resize=525%2C300 1.5x, https:\/\/i0.wp.com\/zeromagazine.mx\/wp-content\/uploads\/2024\/06\/LVL16-scaled.jpg?fit=800%2C1200&ssl=1&resize=700%2C400 2x"},"classes":[]},{"id":74492,"url":"https:\/\/zeromagazine.mx\/index.php\/2024\/04\/21\/la-fuerza-interior-de-tamara-mazarrasa\/","url_meta":{"origin":87506,"position":4},"title":"La fuerza interior de Tamara Mazarrasa","author":"David Morales","date":"21 de abril de 2024","format":false,"excerpt":"En un encuentro \u00edntimo con Tamara Mazarrasa, nos sumergimos en su experiencia trabajando en \"La Madre\" y descubrimos las profundidades de su proceso creativo y su visi\u00f3n \u00fanica del mundo del cine. Entrevista: Sam AlvaradoFoto: Marielle ValenciaMUAH: Margarita SandovalStyling: El Poderoso DaveLocaci\u00f3n: Nimbo Studio Tamara comparte que \"La Madre\" lleg\u00f3\u2026","rel":"","context":"En \u00abEntrevistas\u00bb","block_context":{"text":"Entrevistas","link":"https:\/\/zeromagazine.mx\/index.php\/category\/entretenimiento\/entrevistas\/"},"img":{"alt_text":"","src":"https:\/\/i0.wp.com\/zeromagazine.mx\/wp-content\/uploads\/2024\/04\/IMG_0800-scaled.jpeg?fit=800%2C1200&ssl=1&resize=350%2C200","width":350,"height":200,"srcset":"https:\/\/i0.wp.com\/zeromagazine.mx\/wp-content\/uploads\/2024\/04\/IMG_0800-scaled.jpeg?fit=800%2C1200&ssl=1&resize=350%2C200 1x, https:\/\/i0.wp.com\/zeromagazine.mx\/wp-content\/uploads\/2024\/04\/IMG_0800-scaled.jpeg?fit=800%2C1200&ssl=1&resize=525%2C300 1.5x, https:\/\/i0.wp.com\/zeromagazine.mx\/wp-content\/uploads\/2024\/04\/IMG_0800-scaled.jpeg?fit=800%2C1200&ssl=1&resize=700%2C400 2x"},"classes":[]},{"id":51242,"url":"https:\/\/zeromagazine.mx\/index.php\/2021\/07\/31\/elsa-ortiz-y-los-proyectos-que-han-marcado-su-carrera-artistica-como-actriz\/","url_meta":{"origin":87506,"position":5},"title":"Elsa Ortiz y los proyectos que han marcado su carrera art\u00edstica como actriz","author":"zeromagazinemx","date":"31 de julio de 2021","format":false,"excerpt":"Ella es Elsa Ortiz, actriz Mexicana la cual recordamos por su participaci\u00f3n en distintos proyectos fabulosos como Las Malcriadas, La fiscal de hierro, La Do\u00f1a y ahora la podremos ver en la serie \u201c40 Y 20\u201d de Televisa y en la pel\u00edcula Guerra de Likes. Fot\u00f3grafo:\u00a0Daniel Garc\u00eda\u00a0(@heydaniel_garcia)Maquillaje: Hugo Qui\u00f1onesStyling:\u00a0David Morales\u2026","rel":"","context":"En \u00abEntrevistas\u00bb","block_context":{"text":"Entrevistas","link":"https:\/\/zeromagazine.mx\/index.php\/category\/entretenimiento\/entrevistas\/"},"img":{"alt_text":"","src":"https:\/\/i0.wp.com\/zeromagazinemx.wpcomstaging.com\/wp-content\/uploads\/2022\/02\/329ed-2-2.jpg-2-683x1024.jpg?resize=350%2C200&ssl=1","width":350,"height":200,"srcset":"https:\/\/i0.wp.com\/zeromagazinemx.wpcomstaging.com\/wp-content\/uploads\/2022\/02\/329ed-2-2.jpg-2-683x1024.jpg?resize=350%2C200&ssl=1 1x, https:\/\/i0.wp.com\/zeromagazinemx.wpcomstaging.com\/wp-content\/uploads\/2022\/02\/329ed-2-2.jpg-2-683x1024.jpg?resize=525%2C300&ssl=1 1.5x"},"classes":[]}],"jetpack_sharing_enabled":true,"builder_content":"","_links":{"self":[{"href":"https:\/\/zeromagazine.mx\/index.php\/wp-json\/wp\/v2\/posts\/87506","targetHints":{"allow":["GET"]}}],"collection":[{"href":"https:\/\/zeromagazine.mx\/index.php\/wp-json\/wp\/v2\/posts"}],"about":[{"href":"https:\/\/zeromagazine.mx\/index.php\/wp-json\/wp\/v2\/types\/post"}],"author":[{"embeddable":true,"href":"https:\/\/zeromagazine.mx\/index.php\/wp-json\/wp\/v2\/users\/4"}],"replies":[{"embeddable":true,"href":"https:\/\/zeromagazine.mx\/index.php\/wp-json\/wp\/v2\/comments?post=87506"}],"version-history":[{"count":1,"href":"https:\/\/zeromagazine.mx\/index.php\/wp-json\/wp\/v2\/posts\/87506\/revisions"}],"predecessor-version":[{"id":87515,"href":"https:\/\/zeromagazine.mx\/index.php\/wp-json\/wp\/v2\/posts\/87506\/revisions\/87515"}],"wp:featuredmedia":[{"embeddable":true,"href":"https:\/\/zeromagazine.mx\/index.php\/wp-json\/wp\/v2\/media\/87507"}],"wp:attachment":[{"href":"https:\/\/zeromagazine.mx\/index.php\/wp-json\/wp\/v2\/media?parent=87506"}],"wp:term":[{"taxonomy":"category","embeddable":true,"href":"https:\/\/zeromagazine.mx\/index.php\/wp-json\/wp\/v2\/categories?post=87506"},{"taxonomy":"post_tag","embeddable":true,"href":"https:\/\/zeromagazine.mx\/index.php\/wp-json\/wp\/v2\/tags?post=87506"}],"curies":[{"name":"wp","href":"https:\/\/api.w.org\/{rel}","templated":true}]}}