{"id":87631,"date":"2024-10-21T16:51:45","date_gmt":"2024-10-21T14:51:45","guid":{"rendered":"https:\/\/zeromagazine.mx\/?p=87631"},"modified":"2024-10-21T17:08:25","modified_gmt":"2024-10-21T15:08:25","slug":"moda-mexa-futuro-y-vanguardia","status":"publish","type":"post","link":"https:\/\/zeromagazine.mx\/index.php\/2024\/10\/21\/moda-mexa-futuro-y-vanguardia\/","title":{"rendered":"Moda Mexa: Futuro y Vanguardia"},"content":{"rendered":"<p>Fashionista \u00bfSab\u00edas que la moda mexicana est\u00e1 explotando en otro nivel? O sea, olv\u00eddate de lo que pensabas de Fashion Weeks internacionales porque Mercedes-Benz Fashion Week M\u00e9xico es el nuevo hotspot donde el talento local brilla con todo. Y lo m\u00e1s cool de todo esto es que grandes marcas y dise\u00f1adores se est\u00e1n rifando con colecciones que nos hacen sentir orgullosos de la creatividad que tenemos en M\u00e9xico. Pero wait, que no solo es moda porque Banco Sabadell est\u00e1 metido en el asunto, impulsando la industria del dise\u00f1o y la moda nacional. Este tipo de eventos es como el punto de encuentro entre lo m\u00e1s trendy y lo m\u00e1s aut\u00e9ntico, y aqu\u00ed te voy a contar lo mejor de lo mejor que se vivi\u00f3 en esta edici\u00f3n.<\/p>\n\n\n\n<h2 class=\"wp-block-heading\">La Fusi\u00f3n del Pasado y Futuro en una Sola Pasarela<\/h2>\n\n\n\n<p>La vibra de esta Mercedes-Benz Fashion Week fue todo sobre combinar el pasado con el futuro de una forma tan \u00fanica que cada dise\u00f1o te dejaba sin palabras. Es como cuando ves una peli cl\u00e1sica, pero con efectos especiales de otro mundo. Pues as\u00ed se sinti\u00f3 cada paso en la pasarela, donde se rindi\u00f3 tributo a estilos ic\u00f3nicos de otros tiempos, pero con una visi\u00f3n totalmente fresca y moderna.<\/p>\n\n\n<div class=\"wp-block-image\">\n<figure class=\"aligncenter size-full\"><img data-recalc-dims=\"1\" decoding=\"async\" width=\"1165\" height=\"1747\" src=\"https:\/\/i0.wp.com\/zeromagazine.mx\/wp-content\/uploads\/2024\/10\/DANIELA-VILLA-DSC09324-scaled.jpg?resize=1165%2C1747&#038;ssl=1\" alt=\"Descubre c\u00f3mo la Mercedes-Benz Fashion Week M\u00e9xico impulsa el talento local con dise\u00f1os que fusionan el pasado y el futuro. \u00a1Conoce a los creadores que est\u00e1n redefiniendo la moda mexicana\" class=\"wp-image-87638\" srcset=\"https:\/\/i0.wp.com\/zeromagazine.mx\/wp-content\/uploads\/2024\/10\/DANIELA-VILLA-DSC09324-scaled.jpg?w=1707&amp;ssl=1 1707w, https:\/\/i0.wp.com\/zeromagazine.mx\/wp-content\/uploads\/2024\/10\/DANIELA-VILLA-DSC09324-scaled.jpg?resize=200%2C300&amp;ssl=1 200w, https:\/\/i0.wp.com\/zeromagazine.mx\/wp-content\/uploads\/2024\/10\/DANIELA-VILLA-DSC09324-scaled.jpg?resize=683%2C1024&amp;ssl=1 683w, https:\/\/i0.wp.com\/zeromagazine.mx\/wp-content\/uploads\/2024\/10\/DANIELA-VILLA-DSC09324-scaled.jpg?resize=768%2C1152&amp;ssl=1 768w, https:\/\/i0.wp.com\/zeromagazine.mx\/wp-content\/uploads\/2024\/10\/DANIELA-VILLA-DSC09324-scaled.jpg?resize=1024%2C1536&amp;ssl=1 1024w, https:\/\/i0.wp.com\/zeromagazine.mx\/wp-content\/uploads\/2024\/10\/DANIELA-VILLA-DSC09324-scaled.jpg?resize=1365%2C2048&amp;ssl=1 1365w\" sizes=\"(max-width: 1165px) 100vw, 1165px\" \/><\/figure>\n<\/div>\n\n\n<p><\/p>\n\n\n\n<p>De entrada, tenemos a Daniela Villa, una dise\u00f1adora que se vol\u00f3 la barda con su colecci\u00f3n inspirada en la pel\u00edcula La Piscine. \u00bfHas visto esa peli? Es una joyita de los 60, con una est\u00e9tica tan vintage que te transporta autom\u00e1ticamente a otra \u00e9poca. Bueno, pues Villa agarr\u00f3 toda esa vibra y la transform\u00f3 en piezas s\u00faper femeninas, pero con ese toque sofisticado que no es tan f\u00e1cil de encontrar. Piensa en colores neutros, como el negro, hueso, y azul, combinados con lino y algod\u00f3n, pura calidad. Lo mejor de todo es que no es esa moda s\u00faper inalcanzable tipo alta costura que jam\u00e1s podr\u00edas usar en la vida real, sino que Villa logr\u00f3 esa mezcla perfecta entre lo fancy y lo usable.<\/p>\n\n\n<div class=\"wp-block-image\">\n<figure class=\"aligncenter size-full\"><img data-recalc-dims=\"1\" decoding=\"async\" width=\"1165\" height=\"777\" src=\"https:\/\/i0.wp.com\/zeromagazine.mx\/wp-content\/uploads\/2024\/10\/SAABDELL-_15A1514--scaled.jpg?resize=1165%2C777&#038;ssl=1\" alt=\"\" class=\"wp-image-87634\" srcset=\"https:\/\/i0.wp.com\/zeromagazine.mx\/wp-content\/uploads\/2024\/10\/SAABDELL-_15A1514--scaled.jpg?w=2560&amp;ssl=1 2560w, https:\/\/i0.wp.com\/zeromagazine.mx\/wp-content\/uploads\/2024\/10\/SAABDELL-_15A1514--scaled.jpg?resize=300%2C200&amp;ssl=1 300w, https:\/\/i0.wp.com\/zeromagazine.mx\/wp-content\/uploads\/2024\/10\/SAABDELL-_15A1514--scaled.jpg?resize=1024%2C683&amp;ssl=1 1024w, https:\/\/i0.wp.com\/zeromagazine.mx\/wp-content\/uploads\/2024\/10\/SAABDELL-_15A1514--scaled.jpg?resize=768%2C512&amp;ssl=1 768w, https:\/\/i0.wp.com\/zeromagazine.mx\/wp-content\/uploads\/2024\/10\/SAABDELL-_15A1514--scaled.jpg?resize=1536%2C1024&amp;ssl=1 1536w, https:\/\/i0.wp.com\/zeromagazine.mx\/wp-content\/uploads\/2024\/10\/SAABDELL-_15A1514--scaled.jpg?resize=2048%2C1366&amp;ssl=1 2048w, https:\/\/i0.wp.com\/zeromagazine.mx\/wp-content\/uploads\/2024\/10\/SAABDELL-_15A1514--scaled.jpg?w=2330 2330w\" sizes=\"(max-width: 1165px) 100vw, 1165px\" \/><\/figure>\n<\/div>\n\n\n<p><\/p>\n\n\n\n<p>Por otro lado, tenemos a Porfirio Leather, que lleg\u00f3 con una colecci\u00f3n que te vuela la cabeza. Si eres fan de Dune o te late todo ese rollo de futuros dist\u00f3picos, te vas a enamorar de su propuesta. Imag\u00ednate estar en medio de un desierto futurista, con ese calor\u00f3n y esa soledad \u00e9pica, pero vestida de lujo. Eso fue lo que Porfirio nos present\u00f3. Usaron cuero que btw, se ve\u00eda de otro mundo, combinado con telas m\u00e1s fluidas y colores terrosos que te recordaban ese mood medio apocal\u00edptico pero chic. Es una colecci\u00f3n que transmite poder y simplicidad al mismo tiempo, y si me preguntas, eso es exactamente lo que hace que funcione tan bien. No es el t\u00edpico look recargado, sino que cada pieza es como una obra de arte minimalista. <\/p>\n\n\n<div class=\"wp-block-image\">\n<figure class=\"aligncenter size-full\"><img data-recalc-dims=\"1\" decoding=\"async\" width=\"1165\" height=\"1747\" src=\"https:\/\/i0.wp.com\/zeromagazine.mx\/wp-content\/uploads\/2024\/10\/PORFIRIO-DSC03846-scaled.jpg?resize=1165%2C1747&#038;ssl=1\" alt=\"\" class=\"wp-image-87635\" srcset=\"https:\/\/i0.wp.com\/zeromagazine.mx\/wp-content\/uploads\/2024\/10\/PORFIRIO-DSC03846-scaled.jpg?w=1707&amp;ssl=1 1707w, https:\/\/i0.wp.com\/zeromagazine.mx\/wp-content\/uploads\/2024\/10\/PORFIRIO-DSC03846-scaled.jpg?resize=200%2C300&amp;ssl=1 200w, https:\/\/i0.wp.com\/zeromagazine.mx\/wp-content\/uploads\/2024\/10\/PORFIRIO-DSC03846-scaled.jpg?resize=683%2C1024&amp;ssl=1 683w, https:\/\/i0.wp.com\/zeromagazine.mx\/wp-content\/uploads\/2024\/10\/PORFIRIO-DSC03846-scaled.jpg?resize=768%2C1152&amp;ssl=1 768w, https:\/\/i0.wp.com\/zeromagazine.mx\/wp-content\/uploads\/2024\/10\/PORFIRIO-DSC03846-scaled.jpg?resize=1024%2C1536&amp;ssl=1 1024w, https:\/\/i0.wp.com\/zeromagazine.mx\/wp-content\/uploads\/2024\/10\/PORFIRIO-DSC03846-scaled.jpg?resize=1365%2C2048&amp;ssl=1 1365w\" sizes=\"(max-width: 1165px) 100vw, 1165px\" \/><\/figure>\n<\/div>\n\n\n<p><\/p>\n\n\n\n<p>Adem\u00e1s, lo que m\u00e1s me late de Porfirio Leather es c\u00f3mo juega con el cuero. Siento que a veces pensamos en cuero y nos imaginamos esas chaquetas pesadas o looks que solo funcionan en un concierto de rock, pero aqu\u00ed lo llevaron a un lugar completamente distinto. Las piezas eran ligeras, con cortes perfectos, y el cuero se sent\u00eda como una segunda piel. Fue algo que definitivamente destac\u00f3 en la pasarela.<\/p>\n\n\n\n<script async src=\"https:\/\/pagead2.googlesyndication.com\/pagead\/js\/adsbygoogle.js?client=ca-pub-5499304793904745\"\n     crossorigin=\"anonymous\"><\/script>\n<ins class=\"adsbygoogle\"\n     style=\"display:block; text-align:center;\"\n     data-ad-layout=\"in-article\"\n     data-ad-format=\"fluid\"\n     data-ad-client=\"ca-pub-5499304793904745\"\n     data-ad-slot=\"5994863093\"><\/ins>\n<script>\n     (adsbygoogle = window.adsbygoogle || []).push({});\n<\/script>\n\n\n\n<p><\/p>\n\n\n\n<p>Pero esto no se qued\u00f3 solo en los desfiles, eh. En esta edici\u00f3n de Mercedes-Benz Fashion Week M\u00e9xico, Banco Sabadell tambi\u00e9n arm\u00f3 una exclusiva Pop Up Store que fue como el para\u00edso de cualquier amante de la moda. Literalmente pod\u00edas comprar piezas selectas de las colecciones que estaban desfilando en ese mismo momento. \u00bfte imaginas? Ver algo en la pasarela y luego ir directo a la tienda a conseguirlo. <\/p>\n\n\n\n<p>Lo mejor es que no solo hab\u00eda piezas de Daniela Villa y Porfirio Leather, sino tambi\u00e9n de otras marcas mexicanas que est\u00e1n liderando la vanguardia del dise\u00f1o, como Cristeros, \u00d3ptica Quevedo, Mykita y AKONI. B\u00e1sicamente, fue la oportunidad perfecta para apoyar el talento nacional y llevarte a casa algo que no encontrar\u00e1s en cualquier tienda. <\/p>\n\n\n\n<script async src=\"https:\/\/pagead2.googlesyndication.com\/pagead\/js\/adsbygoogle.js?client=ca-pub-5499304793904745\"\n     crossorigin=\"anonymous\"><\/script>\n<ins class=\"adsbygoogle\"\n     style=\"display:block; text-align:center;\"\n     data-ad-layout=\"in-article\"\n     data-ad-format=\"fluid\"\n     data-ad-client=\"ca-pub-5499304793904745\"\n     data-ad-slot=\"5994863093\"><\/ins>\n<script>\n     (adsbygoogle = window.adsbygoogle || []).push({});\n<\/script>\n\n\n\n<p><\/p>\n\n\n\n<p>\u00bfSaben qu\u00e9 es lo que m\u00e1s me encant\u00f3 de esta edici\u00f3n? Que no se siente como cualquier evento de moda. Es algo mucho m\u00e1s grande, \u00a1una verdadera celebraci\u00f3n del dise\u00f1o mexicano! Estamos mezclando nuestras ra\u00edces con una visi\u00f3n global. La moda siempre ha reflejado lo que somos como sociedad, \u00bfno? Aqu\u00ed no se trata solo de ropa, sino de representar lo que significa ser mexicano hoy y de c\u00f3mo llevamos nuestras tradiciones al futuro.<\/p>\n\n\n\n<p>Lo cool de todo esto es que marcas y dise\u00f1adores que antes solo estaban en el radar de unos pocos, ahora est\u00e1n empezando a ser reconocidos internacionalmente. Y eso es algo que definitivamente tenemos que celebrar. Porque aunque la moda mexicana ha estado presente desde hace mucho, eventos como Mercedes-Benz Fashion Week nos permiten mostrarle al mundo de lo que estamos hechos.<\/p>\n\n\n\n<h2 class=\"wp-block-heading\">El Futuro de la Moda Mexicana<\/h2>\n\n\n\n<p>A ver, lo que vimos en esta edici\u00f3n es solo una probadita de lo que viene para la moda mexicana. Se siente una energ\u00eda de cambio, de evoluci\u00f3n creativa, y de c\u00f3mo el dise\u00f1o mexicano est\u00e1 listo para romper barreras y llegar a m\u00e1s lugares. Dise\u00f1adores como Daniela Villa y Porfirio Leather no solo est\u00e1n creando moda, est\u00e1n creando cultura. Y creo que eso es lo m\u00e1s valioso de todo.<\/p>\n\n\n\n<script async src=\"https:\/\/pagead2.googlesyndication.com\/pagead\/js\/adsbygoogle.js?client=ca-pub-5499304793904745\"\n     crossorigin=\"anonymous\"><\/script>\n<ins class=\"adsbygoogle\"\n     style=\"display:block; text-align:center;\"\n     data-ad-layout=\"in-article\"\n     data-ad-format=\"fluid\"\n     data-ad-client=\"ca-pub-5499304793904745\"\n     data-ad-slot=\"5994863093\"><\/ins>\n<script>\n     (adsbygoogle = window.adsbygoogle || []).push({});\n<\/script>\n\n\n\n<p><\/p>\n\n\n\n<p>Y claro, todo esto no ser\u00eda posible sin el apoyo de empresas como Banco Sabadell, que est\u00e1n apostando por el talento local y creando oportunidades para que nuestros dise\u00f1adores lleguen m\u00e1s lejos. Porque, seamos realistas, crear moda no es solo cuesti\u00f3n de creatividad, tambi\u00e9n es necesario tener los recursos para llevar esas ideas a la realidad. Y ah\u00ed es donde entra el apoyo de este tipo de instituciones, que est\u00e1n ayudando a que la moda mexicana tenga el lugar que merece en el mundo.<\/p>\n\n\n<div class=\"wp-block-image\">\n<figure class=\"aligncenter size-full\"><img data-recalc-dims=\"1\" decoding=\"async\" width=\"1165\" height=\"777\" src=\"https:\/\/i0.wp.com\/zeromagazine.mx\/wp-content\/uploads\/2024\/10\/SABADELL-_15A1564-scaled.jpg?resize=1165%2C777&#038;ssl=1\" alt=\"\" class=\"wp-image-87633\" srcset=\"https:\/\/i0.wp.com\/zeromagazine.mx\/wp-content\/uploads\/2024\/10\/SABADELL-_15A1564-scaled.jpg?w=2560&amp;ssl=1 2560w, https:\/\/i0.wp.com\/zeromagazine.mx\/wp-content\/uploads\/2024\/10\/SABADELL-_15A1564-scaled.jpg?resize=300%2C200&amp;ssl=1 300w, https:\/\/i0.wp.com\/zeromagazine.mx\/wp-content\/uploads\/2024\/10\/SABADELL-_15A1564-scaled.jpg?resize=1024%2C683&amp;ssl=1 1024w, https:\/\/i0.wp.com\/zeromagazine.mx\/wp-content\/uploads\/2024\/10\/SABADELL-_15A1564-scaled.jpg?resize=768%2C512&amp;ssl=1 768w, https:\/\/i0.wp.com\/zeromagazine.mx\/wp-content\/uploads\/2024\/10\/SABADELL-_15A1564-scaled.jpg?resize=1536%2C1025&amp;ssl=1 1536w, https:\/\/i0.wp.com\/zeromagazine.mx\/wp-content\/uploads\/2024\/10\/SABADELL-_15A1564-scaled.jpg?resize=2048%2C1366&amp;ssl=1 2048w, https:\/\/i0.wp.com\/zeromagazine.mx\/wp-content\/uploads\/2024\/10\/SABADELL-_15A1564-scaled.jpg?w=2330 2330w\" sizes=\"(max-width: 1165px) 100vw, 1165px\" \/><\/figure>\n<\/div>\n\n\n<p><\/p>\n\n\n\n<p>As\u00ed que, si a\u00fan no has estado pendiente de lo que est\u00e1 pasando en la escena de la moda mexicana, es momento de ponerle atenci\u00f3n. Porque lo que vimos en esta edici\u00f3n de Mercedes-Benz Fashion Week M\u00e9xico es solo el comienzo de algo mucho m\u00e1s grande.<\/p>\n\n\n\n<p>Entonces, fashionista , next time que est\u00e9s buscando algo nuevo y diferente para tu cl\u00f3set, ya sabes d\u00f3nde voltear. La moda mexicana est\u00e1 aqu\u00ed para quedarse, y viene con todo.<\/p>\n\n<!--themify_builder_content-->\n<div id=\"themify_builder_content-87631\" data-postid=\"87631\" class=\"themify_builder_content themify_builder_content-87631 themify_builder tf_clear\">\n    <\/div>\n<!--\/themify_builder_content-->","protected":false},"excerpt":{"rendered":"<p>Fashionista \u00bfSab\u00edas que la moda mexicana est\u00e1 explotando en otro nivel? O sea, olv\u00eddate de lo que pensabas de Fashion Weeks internacionales porque Mercedes-Benz Fashion Week M\u00e9xico es el nuevo hotspot donde el talento local brilla con todo. Y lo m\u00e1s cool de todo esto es que grandes marcas y dise\u00f1adores se est\u00e1n rifando con [&hellip;]<\/p>\n","protected":false},"author":2,"featured_media":87634,"comment_status":"open","ping_status":"open","sticky":false,"template":"","format":"standard","meta":{"_jetpack_memberships_contains_paid_content":false,"footnotes":"","jetpack_publicize_message":"","jetpack_publicize_feature_enabled":true,"jetpack_social_post_already_shared":true,"jetpack_social_options":{"image_generator_settings":{"template":"highway","default_image_id":0,"font":"","enabled":false},"version":2}},"categories":[67],"tags":[11026,10993,11027],"class_list":["post-87631","post","type-post","status-publish","format-standard","has-post-thumbnail","hentry","category-moda","tag-daniela-villa","tag-mercedes-benz-fashion-week-2","tag-porfirio-leather","has-post-title","has-post-date","has-post-category","has-post-tag","has-post-comment","has-post-author",""],"yoast_head":"<!-- This site is optimized with the Yoast SEO plugin v27.5 - https:\/\/yoast.com\/product\/yoast-seo-wordpress\/ -->\n<title>Moda Mexa: Futuro y Vanguardia - Zero Magazine<\/title>\n<meta name=\"description\" content=\"Explora la vanguardia del dise\u00f1o mexicano en la Mercedes-Benz Fashion Week, donde la creatividad de Daniela Villa y Porfirio Leather celebra nuestras ra\u00edces y el futuro de la moda.\" \/>\n<meta name=\"robots\" content=\"index, follow, max-snippet:-1, max-image-preview:large, max-video-preview:-1\" \/>\n<link rel=\"canonical\" href=\"https:\/\/zeromagazine.mx\/index.php\/2024\/10\/21\/moda-mexa-futuro-y-vanguardia\/\" \/>\n<meta property=\"og:locale\" content=\"es_ES\" \/>\n<meta property=\"og:type\" content=\"article\" \/>\n<meta property=\"og:title\" content=\"Moda Mexa: Futuro y Vanguardia - Zero Magazine\" \/>\n<meta property=\"og:description\" content=\"Explora la vanguardia del dise\u00f1o mexicano en la Mercedes-Benz Fashion Week, donde la creatividad de Daniela Villa y Porfirio Leather celebra nuestras ra\u00edces y el futuro de la moda.\" \/>\n<meta property=\"og:url\" content=\"https:\/\/zeromagazine.mx\/index.php\/2024\/10\/21\/moda-mexa-futuro-y-vanguardia\/\" \/>\n<meta property=\"og:site_name\" content=\"Zero Magazine\" \/>\n<meta property=\"article:published_time\" content=\"2024-10-21T14:51:45+00:00\" \/>\n<meta property=\"article:modified_time\" content=\"2024-10-21T15:08:25+00:00\" \/>\n<meta property=\"og:image\" content=\"http:\/\/zeromagazine.mx\/wp-content\/uploads\/2024\/10\/SAABDELL-_15A1514--scaled.jpg\" \/>\n\t<meta property=\"og:image:width\" content=\"2560\" \/>\n\t<meta property=\"og:image:height\" content=\"1707\" \/>\n\t<meta property=\"og:image:type\" content=\"image\/jpeg\" \/>\n<meta name=\"author\" content=\"zeromagazinemx\" \/>\n<meta name=\"twitter:card\" content=\"summary_large_image\" \/>\n<meta name=\"twitter:label1\" content=\"Escrito por\" \/>\n\t<meta name=\"twitter:data1\" content=\"zeromagazinemx\" \/>\n\t<meta name=\"twitter:label2\" content=\"Tiempo de lectura\" \/>\n\t<meta name=\"twitter:data2\" content=\"6 minutos\" \/>\n<script type=\"application\/ld+json\" class=\"yoast-schema-graph\">{\"@context\":\"https:\\\/\\\/schema.org\",\"@graph\":[{\"@type\":\"Article\",\"@id\":\"https:\\\/\\\/zeromagazine.mx\\\/index.php\\\/2024\\\/10\\\/21\\\/moda-mexa-futuro-y-vanguardia\\\/#article\",\"isPartOf\":{\"@id\":\"https:\\\/\\\/zeromagazine.mx\\\/index.php\\\/2024\\\/10\\\/21\\\/moda-mexa-futuro-y-vanguardia\\\/\"},\"author\":{\"name\":\"zeromagazinemx\",\"@id\":\"https:\\\/\\\/zeromagazine.mx\\\/#\\\/schema\\\/person\\\/9aed9f33a7c39af3a348b86d723f7773\"},\"headline\":\"Moda Mexa: Futuro y Vanguardia\",\"datePublished\":\"2024-10-21T14:51:45+00:00\",\"dateModified\":\"2024-10-21T15:08:25+00:00\",\"mainEntityOfPage\":{\"@id\":\"https:\\\/\\\/zeromagazine.mx\\\/index.php\\\/2024\\\/10\\\/21\\\/moda-mexa-futuro-y-vanguardia\\\/\"},\"wordCount\":1118,\"commentCount\":0,\"publisher\":{\"@id\":\"https:\\\/\\\/zeromagazine.mx\\\/#organization\"},\"image\":{\"@id\":\"https:\\\/\\\/zeromagazine.mx\\\/index.php\\\/2024\\\/10\\\/21\\\/moda-mexa-futuro-y-vanguardia\\\/#primaryimage\"},\"thumbnailUrl\":\"https:\\\/\\\/i0.wp.com\\\/zeromagazine.mx\\\/wp-content\\\/uploads\\\/2024\\\/10\\\/SAABDELL-_15A1514--scaled.jpg?fit=2560%2C1707&ssl=1\",\"keywords\":[\"Daniela Villa\",\"Mercedes-Benz Fashion Week\",\"Porfirio Leather\"],\"articleSection\":[\"Moda\"],\"inLanguage\":\"es\",\"potentialAction\":[{\"@type\":\"CommentAction\",\"name\":\"Comment\",\"target\":[\"https:\\\/\\\/zeromagazine.mx\\\/index.php\\\/2024\\\/10\\\/21\\\/moda-mexa-futuro-y-vanguardia\\\/#respond\"]}]},{\"@type\":\"WebPage\",\"@id\":\"https:\\\/\\\/zeromagazine.mx\\\/index.php\\\/2024\\\/10\\\/21\\\/moda-mexa-futuro-y-vanguardia\\\/\",\"url\":\"https:\\\/\\\/zeromagazine.mx\\\/index.php\\\/2024\\\/10\\\/21\\\/moda-mexa-futuro-y-vanguardia\\\/\",\"name\":\"Moda Mexa: Futuro y Vanguardia - Zero Magazine\",\"isPartOf\":{\"@id\":\"https:\\\/\\\/zeromagazine.mx\\\/#website\"},\"primaryImageOfPage\":{\"@id\":\"https:\\\/\\\/zeromagazine.mx\\\/index.php\\\/2024\\\/10\\\/21\\\/moda-mexa-futuro-y-vanguardia\\\/#primaryimage\"},\"image\":{\"@id\":\"https:\\\/\\\/zeromagazine.mx\\\/index.php\\\/2024\\\/10\\\/21\\\/moda-mexa-futuro-y-vanguardia\\\/#primaryimage\"},\"thumbnailUrl\":\"https:\\\/\\\/i0.wp.com\\\/zeromagazine.mx\\\/wp-content\\\/uploads\\\/2024\\\/10\\\/SAABDELL-_15A1514--scaled.jpg?fit=2560%2C1707&ssl=1\",\"datePublished\":\"2024-10-21T14:51:45+00:00\",\"dateModified\":\"2024-10-21T15:08:25+00:00\",\"description\":\"Explora la vanguardia del dise\u00f1o mexicano en la Mercedes-Benz Fashion Week, donde la creatividad de Daniela Villa y Porfirio Leather celebra nuestras ra\u00edces y el futuro de la moda.\",\"breadcrumb\":{\"@id\":\"https:\\\/\\\/zeromagazine.mx\\\/index.php\\\/2024\\\/10\\\/21\\\/moda-mexa-futuro-y-vanguardia\\\/#breadcrumb\"},\"inLanguage\":\"es\",\"potentialAction\":[{\"@type\":\"ReadAction\",\"target\":[\"https:\\\/\\\/zeromagazine.mx\\\/index.php\\\/2024\\\/10\\\/21\\\/moda-mexa-futuro-y-vanguardia\\\/\"]}]},{\"@type\":\"ImageObject\",\"inLanguage\":\"es\",\"@id\":\"https:\\\/\\\/zeromagazine.mx\\\/index.php\\\/2024\\\/10\\\/21\\\/moda-mexa-futuro-y-vanguardia\\\/#primaryimage\",\"url\":\"https:\\\/\\\/i0.wp.com\\\/zeromagazine.mx\\\/wp-content\\\/uploads\\\/2024\\\/10\\\/SAABDELL-_15A1514--scaled.jpg?fit=2560%2C1707&ssl=1\",\"contentUrl\":\"https:\\\/\\\/i0.wp.com\\\/zeromagazine.mx\\\/wp-content\\\/uploads\\\/2024\\\/10\\\/SAABDELL-_15A1514--scaled.jpg?fit=2560%2C1707&ssl=1\",\"width\":2560,\"height\":1707},{\"@type\":\"BreadcrumbList\",\"@id\":\"https:\\\/\\\/zeromagazine.mx\\\/index.php\\\/2024\\\/10\\\/21\\\/moda-mexa-futuro-y-vanguardia\\\/#breadcrumb\",\"itemListElement\":[{\"@type\":\"ListItem\",\"position\":1,\"name\":\"Portada\",\"item\":\"https:\\\/\\\/zeromagazine.mx\\\/\"},{\"@type\":\"ListItem\",\"position\":2,\"name\":\"Moda Mexa: Futuro y Vanguardia\"}]},{\"@type\":\"WebSite\",\"@id\":\"https:\\\/\\\/zeromagazine.mx\\\/#website\",\"url\":\"https:\\\/\\\/zeromagazine.mx\\\/\",\"name\":\"Zero Magazine\",\"description\":\"\",\"publisher\":{\"@id\":\"https:\\\/\\\/zeromagazine.mx\\\/#organization\"},\"potentialAction\":[{\"@type\":\"SearchAction\",\"target\":{\"@type\":\"EntryPoint\",\"urlTemplate\":\"https:\\\/\\\/zeromagazine.mx\\\/?s={search_term_string}\"},\"query-input\":{\"@type\":\"PropertyValueSpecification\",\"valueRequired\":true,\"valueName\":\"search_term_string\"}}],\"inLanguage\":\"es\"},{\"@type\":\"Organization\",\"@id\":\"https:\\\/\\\/zeromagazine.mx\\\/#organization\",\"name\":\"Zero Magazine\",\"url\":\"https:\\\/\\\/zeromagazine.mx\\\/\",\"logo\":{\"@type\":\"ImageObject\",\"inLanguage\":\"es\",\"@id\":\"https:\\\/\\\/zeromagazine.mx\\\/#\\\/schema\\\/logo\\\/image\\\/\",\"url\":\"https:\\\/\\\/i0.wp.com\\\/zeromagazine.mx\\\/wp-content\\\/uploads\\\/2025\\\/11\\\/1.jpeg?fit=1000%2C1000&ssl=1\",\"contentUrl\":\"https:\\\/\\\/i0.wp.com\\\/zeromagazine.mx\\\/wp-content\\\/uploads\\\/2025\\\/11\\\/1.jpeg?fit=1000%2C1000&ssl=1\",\"width\":1000,\"height\":1000,\"caption\":\"Zero Magazine\"},\"image\":{\"@id\":\"https:\\\/\\\/zeromagazine.mx\\\/#\\\/schema\\\/logo\\\/image\\\/\"},\"sameAs\":[\"https:\\\/\\\/instagram.com\\\/zeromagazinemx\"]},{\"@type\":\"Person\",\"@id\":\"https:\\\/\\\/zeromagazine.mx\\\/#\\\/schema\\\/person\\\/9aed9f33a7c39af3a348b86d723f7773\",\"name\":\"zeromagazinemx\",\"image\":{\"@type\":\"ImageObject\",\"inLanguage\":\"es\",\"@id\":\"https:\\\/\\\/zeromagazine.mx\\\/wp-content\\\/litespeed\\\/avatar\\\/f91dfe5410d5dcb1a576bf8c45983896.jpg?ver=1776966396\",\"url\":\"https:\\\/\\\/zeromagazine.mx\\\/wp-content\\\/litespeed\\\/avatar\\\/f91dfe5410d5dcb1a576bf8c45983896.jpg?ver=1776966396\",\"contentUrl\":\"https:\\\/\\\/zeromagazine.mx\\\/wp-content\\\/litespeed\\\/avatar\\\/f91dfe5410d5dcb1a576bf8c45983896.jpg?ver=1776966396\",\"caption\":\"zeromagazinemx\"},\"url\":\"https:\\\/\\\/zeromagazine.mx\\\/index.php\\\/author\\\/zeromagazinemx\\\/\"}]}<\/script>\n<!-- \/ Yoast SEO plugin. -->","yoast_head_json":{"title":"Moda Mexa: Futuro y Vanguardia - Zero Magazine","description":"Explora la vanguardia del dise\u00f1o mexicano en la Mercedes-Benz Fashion Week, donde la creatividad de Daniela Villa y Porfirio Leather celebra nuestras ra\u00edces y el futuro de la moda.","robots":{"index":"index","follow":"follow","max-snippet":"max-snippet:-1","max-image-preview":"max-image-preview:large","max-video-preview":"max-video-preview:-1"},"canonical":"https:\/\/zeromagazine.mx\/index.php\/2024\/10\/21\/moda-mexa-futuro-y-vanguardia\/","og_locale":"es_ES","og_type":"article","og_title":"Moda Mexa: Futuro y Vanguardia - Zero Magazine","og_description":"Explora la vanguardia del dise\u00f1o mexicano en la Mercedes-Benz Fashion Week, donde la creatividad de Daniela Villa y Porfirio Leather celebra nuestras ra\u00edces y el futuro de la moda.","og_url":"https:\/\/zeromagazine.mx\/index.php\/2024\/10\/21\/moda-mexa-futuro-y-vanguardia\/","og_site_name":"Zero Magazine","article_published_time":"2024-10-21T14:51:45+00:00","article_modified_time":"2024-10-21T15:08:25+00:00","og_image":[{"width":2560,"height":1707,"url":"http:\/\/zeromagazine.mx\/wp-content\/uploads\/2024\/10\/SAABDELL-_15A1514--scaled.jpg","type":"image\/jpeg"}],"author":"zeromagazinemx","twitter_card":"summary_large_image","twitter_misc":{"Escrito por":"zeromagazinemx","Tiempo de lectura":"6 minutos"},"schema":{"@context":"https:\/\/schema.org","@graph":[{"@type":"Article","@id":"https:\/\/zeromagazine.mx\/index.php\/2024\/10\/21\/moda-mexa-futuro-y-vanguardia\/#article","isPartOf":{"@id":"https:\/\/zeromagazine.mx\/index.php\/2024\/10\/21\/moda-mexa-futuro-y-vanguardia\/"},"author":{"name":"zeromagazinemx","@id":"https:\/\/zeromagazine.mx\/#\/schema\/person\/9aed9f33a7c39af3a348b86d723f7773"},"headline":"Moda Mexa: Futuro y Vanguardia","datePublished":"2024-10-21T14:51:45+00:00","dateModified":"2024-10-21T15:08:25+00:00","mainEntityOfPage":{"@id":"https:\/\/zeromagazine.mx\/index.php\/2024\/10\/21\/moda-mexa-futuro-y-vanguardia\/"},"wordCount":1118,"commentCount":0,"publisher":{"@id":"https:\/\/zeromagazine.mx\/#organization"},"image":{"@id":"https:\/\/zeromagazine.mx\/index.php\/2024\/10\/21\/moda-mexa-futuro-y-vanguardia\/#primaryimage"},"thumbnailUrl":"https:\/\/i0.wp.com\/zeromagazine.mx\/wp-content\/uploads\/2024\/10\/SAABDELL-_15A1514--scaled.jpg?fit=2560%2C1707&ssl=1","keywords":["Daniela Villa","Mercedes-Benz Fashion Week","Porfirio Leather"],"articleSection":["Moda"],"inLanguage":"es","potentialAction":[{"@type":"CommentAction","name":"Comment","target":["https:\/\/zeromagazine.mx\/index.php\/2024\/10\/21\/moda-mexa-futuro-y-vanguardia\/#respond"]}]},{"@type":"WebPage","@id":"https:\/\/zeromagazine.mx\/index.php\/2024\/10\/21\/moda-mexa-futuro-y-vanguardia\/","url":"https:\/\/zeromagazine.mx\/index.php\/2024\/10\/21\/moda-mexa-futuro-y-vanguardia\/","name":"Moda Mexa: Futuro y Vanguardia - Zero Magazine","isPartOf":{"@id":"https:\/\/zeromagazine.mx\/#website"},"primaryImageOfPage":{"@id":"https:\/\/zeromagazine.mx\/index.php\/2024\/10\/21\/moda-mexa-futuro-y-vanguardia\/#primaryimage"},"image":{"@id":"https:\/\/zeromagazine.mx\/index.php\/2024\/10\/21\/moda-mexa-futuro-y-vanguardia\/#primaryimage"},"thumbnailUrl":"https:\/\/i0.wp.com\/zeromagazine.mx\/wp-content\/uploads\/2024\/10\/SAABDELL-_15A1514--scaled.jpg?fit=2560%2C1707&ssl=1","datePublished":"2024-10-21T14:51:45+00:00","dateModified":"2024-10-21T15:08:25+00:00","description":"Explora la vanguardia del dise\u00f1o mexicano en la Mercedes-Benz Fashion Week, donde la creatividad de Daniela Villa y Porfirio Leather celebra nuestras ra\u00edces y el futuro de la moda.","breadcrumb":{"@id":"https:\/\/zeromagazine.mx\/index.php\/2024\/10\/21\/moda-mexa-futuro-y-vanguardia\/#breadcrumb"},"inLanguage":"es","potentialAction":[{"@type":"ReadAction","target":["https:\/\/zeromagazine.mx\/index.php\/2024\/10\/21\/moda-mexa-futuro-y-vanguardia\/"]}]},{"@type":"ImageObject","inLanguage":"es","@id":"https:\/\/zeromagazine.mx\/index.php\/2024\/10\/21\/moda-mexa-futuro-y-vanguardia\/#primaryimage","url":"https:\/\/i0.wp.com\/zeromagazine.mx\/wp-content\/uploads\/2024\/10\/SAABDELL-_15A1514--scaled.jpg?fit=2560%2C1707&ssl=1","contentUrl":"https:\/\/i0.wp.com\/zeromagazine.mx\/wp-content\/uploads\/2024\/10\/SAABDELL-_15A1514--scaled.jpg?fit=2560%2C1707&ssl=1","width":2560,"height":1707},{"@type":"BreadcrumbList","@id":"https:\/\/zeromagazine.mx\/index.php\/2024\/10\/21\/moda-mexa-futuro-y-vanguardia\/#breadcrumb","itemListElement":[{"@type":"ListItem","position":1,"name":"Portada","item":"https:\/\/zeromagazine.mx\/"},{"@type":"ListItem","position":2,"name":"Moda Mexa: Futuro y Vanguardia"}]},{"@type":"WebSite","@id":"https:\/\/zeromagazine.mx\/#website","url":"https:\/\/zeromagazine.mx\/","name":"Zero Magazine","description":"","publisher":{"@id":"https:\/\/zeromagazine.mx\/#organization"},"potentialAction":[{"@type":"SearchAction","target":{"@type":"EntryPoint","urlTemplate":"https:\/\/zeromagazine.mx\/?s={search_term_string}"},"query-input":{"@type":"PropertyValueSpecification","valueRequired":true,"valueName":"search_term_string"}}],"inLanguage":"es"},{"@type":"Organization","@id":"https:\/\/zeromagazine.mx\/#organization","name":"Zero Magazine","url":"https:\/\/zeromagazine.mx\/","logo":{"@type":"ImageObject","inLanguage":"es","@id":"https:\/\/zeromagazine.mx\/#\/schema\/logo\/image\/","url":"https:\/\/i0.wp.com\/zeromagazine.mx\/wp-content\/uploads\/2025\/11\/1.jpeg?fit=1000%2C1000&ssl=1","contentUrl":"https:\/\/i0.wp.com\/zeromagazine.mx\/wp-content\/uploads\/2025\/11\/1.jpeg?fit=1000%2C1000&ssl=1","width":1000,"height":1000,"caption":"Zero Magazine"},"image":{"@id":"https:\/\/zeromagazine.mx\/#\/schema\/logo\/image\/"},"sameAs":["https:\/\/instagram.com\/zeromagazinemx"]},{"@type":"Person","@id":"https:\/\/zeromagazine.mx\/#\/schema\/person\/9aed9f33a7c39af3a348b86d723f7773","name":"zeromagazinemx","image":{"@type":"ImageObject","inLanguage":"es","@id":"https:\/\/zeromagazine.mx\/wp-content\/litespeed\/avatar\/f91dfe5410d5dcb1a576bf8c45983896.jpg?ver=1776966396","url":"https:\/\/zeromagazine.mx\/wp-content\/litespeed\/avatar\/f91dfe5410d5dcb1a576bf8c45983896.jpg?ver=1776966396","contentUrl":"https:\/\/zeromagazine.mx\/wp-content\/litespeed\/avatar\/f91dfe5410d5dcb1a576bf8c45983896.jpg?ver=1776966396","caption":"zeromagazinemx"},"url":"https:\/\/zeromagazine.mx\/index.php\/author\/zeromagazinemx\/"}]}},"jetpack_publicize_connections":[],"jetpack_featured_media_url":"https:\/\/i0.wp.com\/zeromagazine.mx\/wp-content\/uploads\/2024\/10\/SAABDELL-_15A1514--scaled.jpg?fit=2560%2C1707&ssl=1","jetpack-related-posts":[{"id":55638,"url":"https:\/\/zeromagazine.mx\/index.php\/2021\/10\/08\/mexico-y-mercedes-benz-fashion-week-celebran-15-anos-juntos\/","url_meta":{"origin":87631,"position":0},"title":"M\u00e9xico y Mercedes &#8211; Benz Fashion Week celebran 15 a\u00f1os juntos","author":"zeromagazinemx","date":"8 de octubre de 2021","format":false,"excerpt":"M\u00e9xico ha sido uno de los lugares donde se encuentra una de las sedes m\u00e1s importantes para la moda de la alta costura como lo es, Mercedes \u2013 Benz Fashion Week y en esta 30\u00aa edici\u00f3n podremos contar con desfiles protagonizados por los dise\u00f1adores m\u00e1s emblem\u00e1ticos como Vero D\u00edaz, Collectiva\u2026","rel":"","context":"En \u00abLifestyle\u00bb","block_context":{"text":"Lifestyle","link":"https:\/\/zeromagazine.mx\/index.php\/category\/lifestyle\/"},"img":{"alt_text":"","src":"https:\/\/i0.wp.com\/zeromagazinemx.wpcomstaging.com\/wp-content\/uploads\/2022\/02\/4c072-benz-fashion.jpg?resize=350%2C200&ssl=1","width":350,"height":200,"srcset":"https:\/\/i0.wp.com\/zeromagazinemx.wpcomstaging.com\/wp-content\/uploads\/2022\/02\/4c072-benz-fashion.jpg?resize=350%2C200&ssl=1 1x, https:\/\/i0.wp.com\/zeromagazinemx.wpcomstaging.com\/wp-content\/uploads\/2022\/02\/4c072-benz-fashion.jpg?resize=525%2C300&ssl=1 1.5x, https:\/\/i0.wp.com\/zeromagazinemx.wpcomstaging.com\/wp-content\/uploads\/2022\/02\/4c072-benz-fashion.jpg?resize=700%2C400&ssl=1 2x"},"classes":[]},{"id":72580,"url":"https:\/\/zeromagazine.mx\/index.php\/2024\/03\/27\/los-cabos-sede-de-mercedes-benz-fashion-week-mexico\/","url_meta":{"origin":87631,"position":1},"title":"Los Cabos: Sede de Mercedes-Benz Fashion Week M\u00e9xico","author":"zeromagazinemx","date":"27 de marzo de 2024","format":false,"excerpt":"Un evento de gran relevancia est\u00e1 por llegar a Los Cabos, y se trata nada m\u00e1s y nada menos que de Mercedes-Benz Fashion Week, presentado por Marriott Bonvoy Banorte. Del 02 al 06 de abril, este destino de lujo mexicano se convertir\u00e1 en el epicentro de la moda, al recibir\u2026","rel":"","context":"En \u00abModa\u00bb","block_context":{"text":"Moda","link":"https:\/\/zeromagazine.mx\/index.php\/category\/moda\/"},"img":{"alt_text":"","src":"https:\/\/i0.wp.com\/zeromagazine.mx\/wp-content\/uploads\/2024\/03\/Solaz-Luxury-Collection-12-scaled.jpg?fit=1200%2C899&ssl=1&resize=350%2C200","width":350,"height":200,"srcset":"https:\/\/i0.wp.com\/zeromagazine.mx\/wp-content\/uploads\/2024\/03\/Solaz-Luxury-Collection-12-scaled.jpg?fit=1200%2C899&ssl=1&resize=350%2C200 1x, https:\/\/i0.wp.com\/zeromagazine.mx\/wp-content\/uploads\/2024\/03\/Solaz-Luxury-Collection-12-scaled.jpg?fit=1200%2C899&ssl=1&resize=525%2C300 1.5x, https:\/\/i0.wp.com\/zeromagazine.mx\/wp-content\/uploads\/2024\/03\/Solaz-Luxury-Collection-12-scaled.jpg?fit=1200%2C899&ssl=1&resize=700%2C400 2x, https:\/\/i0.wp.com\/zeromagazine.mx\/wp-content\/uploads\/2024\/03\/Solaz-Luxury-Collection-12-scaled.jpg?fit=1200%2C899&ssl=1&resize=1050%2C600 3x"},"classes":[]},{"id":50893,"url":"https:\/\/zeromagazine.mx\/index.php\/2021\/07\/26\/puebla-sera-la-segunda-ciudad-que-celebre-mercedes-benz-fashion-week-mexico-del-30-de-julio-al-1-de-agosto\/","url_meta":{"origin":87631,"position":2},"title":"Puebla ser\u00e1 la segunda ciudad que celebre Mercedes-Benz Fashion Week M\u00e9xico del 30 de julio al 1 de agosto","author":"zeromagazinemx","date":"26 de julio de 2021","format":false,"excerpt":"Del 30 de Julio al 1 de agosto, Puebla ser\u00e1 el escenario para presentar las nuevas colecciones de Julia y Renata, Montserrat Messeguer y Denisse Kuri. Por Moises Kushelevich Mercedes-Benz Fashion Week M\u00e9xico contin\u00faa su recorrido por ciudades claves del dise\u00f1o, la moda y las industrias creativas. Del 30 de\u2026","rel":"","context":"En \u00abLifestyle\u00bb","block_context":{"text":"Lifestyle","link":"https:\/\/zeromagazine.mx\/index.php\/category\/lifestyle\/"},"img":{"alt_text":"","src":"","width":0,"height":0},"classes":[]},{"id":51558,"url":"https:\/\/zeromagazine.mx\/index.php\/2021\/08\/04\/mercedes-benz-fashion-week-mexico\/","url_meta":{"origin":87631,"position":3},"title":"Mercedes-Benz Fashion Week M\u00e9xico","author":"zeromagazinemx","date":"4 de agosto de 2021","format":false,"excerpt":"Mercedes-Benz Fashion Week M\u00e9xico present\u00f3 en Puebla las nuevas colecciones de las creativas mexicanas Montserrat Messeguer, Denisse Kuri y Julia y Renata. Por Mayra Torres La agenda inici\u00f3 con la dise\u00f1adora mexicana Montserrat Messeguer en el Museo de Arte Popular de Puebla con su colecci\u00f3n titulada \u201cRancho Grande\u201d, que retrata\u2026","rel":"","context":"En \u00abLifestyle\u00bb","block_context":{"text":"Lifestyle","link":"https:\/\/zeromagazine.mx\/index.php\/category\/lifestyle\/"},"img":{"alt_text":"","src":"","width":0,"height":0},"classes":[]},{"id":85193,"url":"https:\/\/zeromagazine.mx\/index.php\/2024\/10\/03\/mbfw-2024-moda-sin-limites\/","url_meta":{"origin":87631,"position":4},"title":"\u00abMBFW 2024: Moda sin L\u00edmites\u00bb","author":"zeromagazinemx","date":"3 de octubre de 2024","format":false,"excerpt":"\u00a1Hey, fashionistas! Si eres de los que vive y respira moda, no puedes dejar pasar lo que est\u00e1 a punto de suceder en la Ciudad de M\u00e9xico del 15 al 18 de octubre de 2024. S\u00ed, estamos hablando de la Mercedes Benz Fashion Week M\u00e9xico, un evento que no solo\u2026","rel":"","context":"En \u00abModa\u00bb","block_context":{"text":"Moda","link":"https:\/\/zeromagazine.mx\/index.php\/category\/moda\/"},"img":{"alt_text":"","src":"https:\/\/i0.wp.com\/zeromagazine.mx\/wp-content\/uploads\/2024\/10\/CAMPANANA-MBFWMx-Oficial-1.png?fit=1200%2C800&ssl=1&resize=350%2C200","width":350,"height":200,"srcset":"https:\/\/i0.wp.com\/zeromagazine.mx\/wp-content\/uploads\/2024\/10\/CAMPANANA-MBFWMx-Oficial-1.png?fit=1200%2C800&ssl=1&resize=350%2C200 1x, https:\/\/i0.wp.com\/zeromagazine.mx\/wp-content\/uploads\/2024\/10\/CAMPANANA-MBFWMx-Oficial-1.png?fit=1200%2C800&ssl=1&resize=525%2C300 1.5x, https:\/\/i0.wp.com\/zeromagazine.mx\/wp-content\/uploads\/2024\/10\/CAMPANANA-MBFWMx-Oficial-1.png?fit=1200%2C800&ssl=1&resize=700%2C400 2x, https:\/\/i0.wp.com\/zeromagazine.mx\/wp-content\/uploads\/2024\/10\/CAMPANANA-MBFWMx-Oficial-1.png?fit=1200%2C800&ssl=1&resize=1050%2C600 3x"},"classes":[]},{"id":73361,"url":"https:\/\/zeromagazine.mx\/index.php\/2024\/04\/06\/mercedes-benz-en-mexico-y-medio-oriente\/","url_meta":{"origin":87631,"position":5},"title":"Mercedes-Benz en M\u00e9xico y Medio Oriente","author":"zeromagazinemx","date":"6 de abril de 2024","format":false,"excerpt":"\u00a1Les tengo noticias s\u00faper emocionantes sobre el mundo de la moda! Resulta que estamos a punto de presenciar algo incre\u00edble: la fusi\u00f3n de la moda mexicana con el talento de Medio Oriente en una edici\u00f3n de lujo que va a ser \u00e9pica. Primero que nada, d\u00e9jenme contarles que esta colaboraci\u00f3n\u2026","rel":"","context":"En \u00abCultura\u00bb","block_context":{"text":"Cultura","link":"https:\/\/zeromagazine.mx\/index.php\/category\/cultura\/"},"img":{"alt_text":"","src":"https:\/\/i0.wp.com\/zeromagazine.mx\/wp-content\/uploads\/2024\/04\/SAUDI-FASHION-3-scaled.jpg?fit=1200%2C1015&ssl=1&resize=350%2C200","width":350,"height":200,"srcset":"https:\/\/i0.wp.com\/zeromagazine.mx\/wp-content\/uploads\/2024\/04\/SAUDI-FASHION-3-scaled.jpg?fit=1200%2C1015&ssl=1&resize=350%2C200 1x, https:\/\/i0.wp.com\/zeromagazine.mx\/wp-content\/uploads\/2024\/04\/SAUDI-FASHION-3-scaled.jpg?fit=1200%2C1015&ssl=1&resize=525%2C300 1.5x, https:\/\/i0.wp.com\/zeromagazine.mx\/wp-content\/uploads\/2024\/04\/SAUDI-FASHION-3-scaled.jpg?fit=1200%2C1015&ssl=1&resize=700%2C400 2x, https:\/\/i0.wp.com\/zeromagazine.mx\/wp-content\/uploads\/2024\/04\/SAUDI-FASHION-3-scaled.jpg?fit=1200%2C1015&ssl=1&resize=1050%2C600 3x"},"classes":[]}],"jetpack_sharing_enabled":true,"builder_content":"","_links":{"self":[{"href":"https:\/\/zeromagazine.mx\/index.php\/wp-json\/wp\/v2\/posts\/87631","targetHints":{"allow":["GET"]}}],"collection":[{"href":"https:\/\/zeromagazine.mx\/index.php\/wp-json\/wp\/v2\/posts"}],"about":[{"href":"https:\/\/zeromagazine.mx\/index.php\/wp-json\/wp\/v2\/types\/post"}],"author":[{"embeddable":true,"href":"https:\/\/zeromagazine.mx\/index.php\/wp-json\/wp\/v2\/users\/2"}],"replies":[{"embeddable":true,"href":"https:\/\/zeromagazine.mx\/index.php\/wp-json\/wp\/v2\/comments?post=87631"}],"version-history":[{"count":16,"href":"https:\/\/zeromagazine.mx\/index.php\/wp-json\/wp\/v2\/posts\/87631\/revisions"}],"predecessor-version":[{"id":87656,"href":"https:\/\/zeromagazine.mx\/index.php\/wp-json\/wp\/v2\/posts\/87631\/revisions\/87656"}],"wp:featuredmedia":[{"embeddable":true,"href":"https:\/\/zeromagazine.mx\/index.php\/wp-json\/wp\/v2\/media\/87634"}],"wp:attachment":[{"href":"https:\/\/zeromagazine.mx\/index.php\/wp-json\/wp\/v2\/media?parent=87631"}],"wp:term":[{"taxonomy":"category","embeddable":true,"href":"https:\/\/zeromagazine.mx\/index.php\/wp-json\/wp\/v2\/categories?post=87631"},{"taxonomy":"post_tag","embeddable":true,"href":"https:\/\/zeromagazine.mx\/index.php\/wp-json\/wp\/v2\/tags?post=87631"}],"curies":[{"name":"wp","href":"https:\/\/api.w.org\/{rel}","templated":true}]}}