{"id":88259,"date":"2024-10-23T22:30:04","date_gmt":"2024-10-23T20:30:04","guid":{"rendered":"https:\/\/zeromagazine.mx\/?p=88259"},"modified":"2024-10-23T22:30:06","modified_gmt":"2024-10-23T20:30:06","slug":"celebra-con-sabor-en-salazar","status":"publish","type":"post","link":"https:\/\/zeromagazine.mx\/index.php\/2024\/10\/23\/celebra-con-sabor-en-salazar\/","title":{"rendered":"\u201cCelebra con Sabor en Salazar\u201d"},"content":{"rendered":"<!--themify_builder_content-->\n<div id=\"themify_builder_content-88259\" data-postid=\"88259\" class=\"themify_builder_content themify_builder_content-88259 themify_builder tf_clear\">\n    <\/div>\n<!--\/themify_builder_content-->\n\n\n<p>El pr\u00f3ximo fin de semana, la ciudad se va a poner bien hot porque Salazar est\u00e1 celebrando su segundo aniversario y no lo est\u00e1n haciendo con cualquier cosa, sino con una experiencia gastron\u00f3mica exclusiva que no te querr\u00e1s perder. \u00bfListos para un fest\u00edn? Este a\u00f1o, el chef Paul Delrez, reconocido por su participaci\u00f3n en&nbsp;<em>Top Chef<\/em>&nbsp;y su innovadora \u201chot regressive cuisine\u201d, est\u00e1 en el mix. Y s\u00ed, leyeron bien: \u00a1este es el momento perfecto para dejarse llevar por una explosi\u00f3n de sabores!<\/p>\n\n\n\n<h4 class=\"wp-block-heading\">La Magia de Salazar<\/h4>\n\n\n\n<p>Ubicado en una zona con una vista ic\u00f3nica al \u00c1ngel de la Independencia, este restaurante no solo es conocido por su ambiente cool y vibra moderna, sino que tambi\u00e9n se ha hecho un nombre por su comida deliciosa y su servicio top. Cada rinc\u00f3n del lugar est\u00e1 dise\u00f1ado para que sientas esa mezcla entre elegancia y un ambiente relajado, perfecto para compartir con amigos o disfrutar de una cita rom\u00e1ntica. Imag\u00ednate disfrutar de una cena con esa vista espectacular mientras sientes la brisa de la ciudad. \u00a1Perfecto, right!<\/p>\n\n\n\n<p>Salazar ha logrado construir una comunidad online bien fuerte, convirti\u00e9ndose en un hotspot no solo para comer, sino tambi\u00e9n para vivir experiencias \u00fanicas. Este aniversario no es solo un n\u00famero; es una celebraci\u00f3n de todo lo que han logrado en estos dos a\u00f1os. As\u00ed que, si no has estado ah\u00ed, este es el momento de hacerlo. Y si ya lo hiciste, \u00a1prep\u00e1rate para volver y vivir algo nuevo!<\/p>\n\n\n\n<h4 class=\"wp-block-heading\">Conociendo al chef Paul Delrez<\/h4>\n\n\n\n<figure class=\"wp-block-image size-full is-resized\"><img data-recalc-dims=\"1\" decoding=\"async\" width=\"1165\" height=\"1456\" src=\"https:\/\/i0.wp.com\/zeromagazine.mx\/wp-content\/uploads\/2024\/10\/b66e4a48-7a2a-4f72-943c-bae9a35e8837.jpg?resize=1165%2C1456&#038;ssl=1\" alt=\"\" class=\"wp-image-88260\" style=\"width:1451px;height:auto\" srcset=\"https:\/\/i0.wp.com\/zeromagazine.mx\/wp-content\/uploads\/2024\/10\/b66e4a48-7a2a-4f72-943c-bae9a35e8837.jpg?w=1200&amp;ssl=1 1200w, https:\/\/i0.wp.com\/zeromagazine.mx\/wp-content\/uploads\/2024\/10\/b66e4a48-7a2a-4f72-943c-bae9a35e8837.jpg?resize=240%2C300&amp;ssl=1 240w, https:\/\/i0.wp.com\/zeromagazine.mx\/wp-content\/uploads\/2024\/10\/b66e4a48-7a2a-4f72-943c-bae9a35e8837.jpg?resize=819%2C1024&amp;ssl=1 819w, https:\/\/i0.wp.com\/zeromagazine.mx\/wp-content\/uploads\/2024\/10\/b66e4a48-7a2a-4f72-943c-bae9a35e8837.jpg?resize=768%2C960&amp;ssl=1 768w\" sizes=\"(max-width: 1165px) 100vw, 1165px\" \/><\/figure>\n\n\n\n\n<script async src=\"https:\/\/pagead2.googlesyndication.com\/pagead\/js\/adsbygoogle.js?client=ca-pub-5499304793904745\"\n     crossorigin=\"anonymous\"><\/script>\n<ins class=\"adsbygoogle\"\n     style=\"display:block; text-align:center;\"\n     data-ad-layout=\"in-article\"\n     data-ad-format=\"fluid\"\n     data-ad-client=\"ca-pub-5499304793904745\"\n     data-ad-slot=\"5994863093\"><\/ins>\n<script>\n     (adsbygoogle = window.adsbygoogle || []).push({});\n<\/script>\n\n\n\n<p>Ahora, hablemos del chef estrella del evento: Paul Delrez. Este guy no es solo un chef; es una fuerza de la naturaleza en la cocina. Conocido por su concepto de \u201chot regressive cuisine\u201d, Paul ha tomado la gastronom\u00eda a otro nivel, creando platillos que son tanto un deleite visual como un fest\u00edn para el paladar. Su estilo es atrevido y experimental, mezclando ingredientes de formas que nunca imaginaste. Si buscas algo que desaf\u00ede tus sentidos y expanda tus horizontes culinarios, Paul es tu hombre.<\/p>\n\n\n\n<p>Adem\u00e1s, su participaci\u00f3n en&nbsp;<em>Top Chef<\/em>&nbsp;lo ha catapultado a la fama, convirti\u00e9ndose en un referente en el mundo de la gastronom\u00eda. \u00bfPor qu\u00e9? Porque su habilidad para combinar sabores y texturas, junto con su personalidad carism\u00e1tica, lo hacen destacar en el competitivo mundo de la cocina. As\u00ed que tenerlo colaborando con el chef Allan Y\u00e1\u00f1ez de Salazar es como un sue\u00f1o hecho realidad. Juntos, han dise\u00f1ado un men\u00fa a la carta que promete ser una experiencia que recordar\u00e1s.<\/p>\n\n\n\n<h4 class=\"wp-block-heading\">La experiencia gastron\u00f3mica<\/h4>\n\n\n\n<p>Ahora, hablemos del evento en s\u00ed. El pop-up de Salazar estar\u00e1 disponible del 25 al 27 de octubre, y la mejor parte es que podr\u00e1s disfrutar de este fest\u00edn de 2 p.m. a 11 p.m. S\u00ed, escuchaste bien, \u00a1todo el d\u00eda! Ya sea que est\u00e9s buscando un brunch tard\u00edo, un almuerzo relajado, o una cena \u00e9pica, Salazar te tiene cubierto.<\/p>\n\n\n\n<p>El men\u00fa dise\u00f1ado por Paul y Allan ser\u00e1 un viaje de sabores. Desde platillos que te har\u00e1n sentir nostalgia hasta innovaciones que sorprender\u00e1n tu paladar, hay algo para cada tipo de foodie. \u00bfEres de los que les encanta probar cosas nuevas? Este es tu momento. Y si no sabes qu\u00e9 elegir, no te preocupes, \u00a1solo sigue tus instintos! Cada bocado promete ser una explosi\u00f3n de sabor.<\/p>\n\n\n\n<figure class=\"wp-block-image size-full is-resized\"><img data-recalc-dims=\"1\" decoding=\"async\" width=\"320\" height=\"320\" src=\"https:\/\/i0.wp.com\/zeromagazine.mx\/wp-content\/uploads\/2024\/10\/SALAZAR-F1-.jpg?resize=320%2C320&#038;ssl=1\" alt=\"\" class=\"wp-image-88261\" style=\"width:1451px;height:auto\" srcset=\"https:\/\/i0.wp.com\/zeromagazine.mx\/wp-content\/uploads\/2024\/10\/SALAZAR-F1-.jpg?w=320&amp;ssl=1 320w, https:\/\/i0.wp.com\/zeromagazine.mx\/wp-content\/uploads\/2024\/10\/SALAZAR-F1-.jpg?resize=300%2C300&amp;ssl=1 300w, https:\/\/i0.wp.com\/zeromagazine.mx\/wp-content\/uploads\/2024\/10\/SALAZAR-F1-.jpg?resize=150%2C150&amp;ssl=1 150w\" sizes=\"(max-width: 320px) 100vw, 320px\" \/><\/figure>\n\n\n\n\n<script async src=\"https:\/\/pagead2.googlesyndication.com\/pagead\/js\/adsbygoogle.js?client=ca-pub-5499304793904745\"\n     crossorigin=\"anonymous\"><\/script>\n<ins class=\"adsbygoogle\"\n     style=\"display:block; text-align:center;\"\n     data-ad-layout=\"in-article\"\n     data-ad-format=\"fluid\"\n     data-ad-client=\"ca-pub-5499304793904745\"\n     data-ad-slot=\"5994863093\"><\/ins>\n<script>\n     (adsbygoogle = window.adsbygoogle || []).push({});\n<\/script>\n\n\n\n<h3 class=\"wp-block-heading\">\u00bfPor qu\u00e9 deber\u00edas asistir?<\/h3>\n\n\n\n<ol class=\"wp-block-list\">\n<li><strong>Vistas espectaculares<\/strong>: la ubicaci\u00f3n de Salazar no tiene comparaci\u00f3n. Imagina cenar mientras admiras el famoso \u00c1ngel de la Independencia iluminado por la noche. \u00a1Es una experiencia que se siente como una pel\u00edcula!<\/li>\n\n\n\n<li><strong>Comida \u00fanica<\/strong>: la colaboraci\u00f3n entre dos chefs talentosos significa que cada platillo ser\u00e1 especial y diferente. No es solo comer, es disfrutar de una experiencia culinaria que no encontrar\u00e1s en ning\u00fan otro lugar.<\/li>\n\n\n\n<li><strong>Ambiente perfecto<\/strong>: Salazar es el lugar ideal para reunirte con amigos o hacer una cita rom\u00e1ntica. La vibra es siempre positiva, y la m\u00fasica de fondo complementa perfectamente la atm\u00f3sfera.<\/li>\n\n\n\n<li><strong>Ideal para los Fans de la F\u00f3rmula 1<\/strong>: Con el emocionante fin de semana de la F\u00f3rmula 1 en el horizonte, este evento es la oportunidad perfecta para combinar tu pasi\u00f3n por la comida y el deporte.<\/li>\n\n\n\n<li><strong>Reservas f\u00e1ciles<\/strong>: Puedes hacer tu reservaci\u00f3n a trav\u00e9s de OpenTable, lo que facilita todo. Solo necesitas asegurarte de que tu crew est\u00e9 listo para la aventura gastron\u00f3mica.<\/li>\n<\/ol>\n\n\n\n<h4 class=\"wp-block-heading\">Tips para tu visita<\/h4>\n\n\n\n<ul class=\"wp-block-list\">\n<li><strong>Haz tu reserva<\/strong>: Dado que se trata de un evento especial, aseg\u00farate de hacer tu reservaci\u00f3n lo antes posible. \u00a1No querr\u00e1s quedarte fuera de esta experiencia!<\/li>\n\n\n\n<li><strong>Llega temprano<\/strong>: si puedes, intenta llegar un poco antes para disfrutar de un cocktail mientras esperas tu mesa. Es una gran forma de comenzar la celebraci\u00f3n.<\/li>\n\n\n\n<li><strong>Prep\u00e1rate para probar nuevas cosas<\/strong>: No tengas miedo de salir de tu zona de confort. La comida de Paul Delrez est\u00e1 dise\u00f1ada para que explores nuevos sabores, as\u00ed que aprovecha la oportunidad.<\/li>\n\n\n\n<li><strong>Toma fotos<\/strong>: No olvides documentar tu experiencia. Las redes sociales est\u00e1n hechas para compartir momentos especiales, y la comida en Salazar es tan bonita como deliciosa.<\/li>\n\n\n\n<li><strong>Disfruta la vista<\/strong>: t\u00f3mate un momento para simplemente disfrutar del ambiente y la vista. La vida es corta, as\u00ed que aseg\u00farate de saborear cada instante.Con la colaboraci\u00f3n del talentoso chef Paul Delrez y el chef Allan Y\u00e1\u00f1ez, tienes la oportunidad de experimentar una fusi\u00f3n de sabores que har\u00e1 que tus papilas gustativas se estallen de felicidad.As\u00ed que, si est\u00e1s buscando algo divertido que hacer el pr\u00f3ximo fin de semana, ya sabes d\u00f3nde dirigirte. \u00a1No te lo pierdas! Marca las fechas, haz tu reservaci\u00f3n y prep\u00e1rate para una experiencia gastron\u00f3mica que recordar\u00e1s por mucho tiempo. \u00a1Nos vemos en Salazar!<\/li>\n<\/ul>","protected":false},"excerpt":{"rendered":"<p>El pr\u00f3ximo fin de semana, la ciudad se va a poner bien hot porque Salazar est\u00e1 celebrando su segundo aniversario y no lo est\u00e1n haciendo con cualquier cosa, sino con una experiencia gastron\u00f3mica exclusiva que no te querr\u00e1s perder. \u00bfListos para un fest\u00edn? Este a\u00f1o, el chef Paul Delrez, reconocido por su participaci\u00f3n en&nbsp;Top Chef&nbsp;y [&hellip;]<\/p>\n","protected":false},"author":2,"featured_media":88260,"comment_status":"open","ping_status":"open","sticky":false,"template":"","format":"standard","meta":{"_jetpack_memberships_contains_paid_content":false,"footnotes":"","jetpack_publicize_message":"","jetpack_publicize_feature_enabled":true,"jetpack_social_post_already_shared":true,"jetpack_social_options":{"image_generator_settings":{"template":"highway","default_image_id":0,"font":"","enabled":false},"version":2}},"categories":[6870],"tags":[11135,8010,11136],"class_list":["post-88259","post","type-post","status-publish","format-standard","has-post-thumbnail","hentry","category-foodie","tag-chefs-destacados","tag-gastronomia-3","tag-salazar","has-post-title","has-post-date","has-post-category","has-post-tag","has-post-comment","has-post-author",""],"yoast_head":"<!-- This site is optimized with the Yoast SEO plugin v27.5 - https:\/\/yoast.com\/product\/yoast-seo-wordpress\/ -->\n<title>\u201cCelebra con Sabor en Salazar\u201d - Zero Magazine<\/title>\n<meta name=\"robots\" content=\"index, follow, max-snippet:-1, max-image-preview:large, max-video-preview:-1\" \/>\n<link rel=\"canonical\" href=\"https:\/\/zeromagazine.mx\/index.php\/2024\/10\/23\/celebra-con-sabor-en-salazar\/\" \/>\n<meta property=\"og:locale\" content=\"es_ES\" \/>\n<meta property=\"og:type\" content=\"article\" \/>\n<meta property=\"og:title\" content=\"\u201cCelebra con Sabor en Salazar\u201d - Zero Magazine\" \/>\n<meta property=\"og:description\" content=\"El pr\u00f3ximo fin de semana, la ciudad se va a poner bien hot porque Salazar est\u00e1 celebrando su segundo aniversario y no lo est\u00e1n haciendo con cualquier cosa, sino con una experiencia gastron\u00f3mica exclusiva que no te querr\u00e1s perder. \u00bfListos para un fest\u00edn? Este a\u00f1o, el chef Paul Delrez, reconocido por su participaci\u00f3n en&nbsp;Top Chef&nbsp;y [&hellip;]\" \/>\n<meta property=\"og:url\" content=\"https:\/\/zeromagazine.mx\/index.php\/2024\/10\/23\/celebra-con-sabor-en-salazar\/\" \/>\n<meta property=\"og:site_name\" content=\"Zero Magazine\" \/>\n<meta property=\"article:published_time\" content=\"2024-10-23T20:30:04+00:00\" \/>\n<meta property=\"article:modified_time\" content=\"2024-10-23T20:30:06+00:00\" \/>\n<meta property=\"og:image\" content=\"http:\/\/zeromagazine.mx\/wp-content\/uploads\/2024\/10\/b66e4a48-7a2a-4f72-943c-bae9a35e8837.jpg\" \/>\n\t<meta property=\"og:image:width\" content=\"1200\" \/>\n\t<meta property=\"og:image:height\" content=\"1500\" \/>\n\t<meta property=\"og:image:type\" content=\"image\/jpeg\" \/>\n<meta name=\"author\" content=\"zeromagazinemx\" \/>\n<meta name=\"twitter:card\" content=\"summary_large_image\" \/>\n<meta name=\"twitter:label1\" content=\"Escrito por\" \/>\n\t<meta name=\"twitter:data1\" content=\"zeromagazinemx\" \/>\n\t<meta name=\"twitter:label2\" content=\"Tiempo de lectura\" \/>\n\t<meta name=\"twitter:data2\" content=\"5 minutos\" \/>\n<script type=\"application\/ld+json\" class=\"yoast-schema-graph\">{\"@context\":\"https:\\\/\\\/schema.org\",\"@graph\":[{\"@type\":\"Article\",\"@id\":\"https:\\\/\\\/zeromagazine.mx\\\/index.php\\\/2024\\\/10\\\/23\\\/celebra-con-sabor-en-salazar\\\/#article\",\"isPartOf\":{\"@id\":\"https:\\\/\\\/zeromagazine.mx\\\/index.php\\\/2024\\\/10\\\/23\\\/celebra-con-sabor-en-salazar\\\/\"},\"author\":{\"name\":\"zeromagazinemx\",\"@id\":\"https:\\\/\\\/zeromagazine.mx\\\/#\\\/schema\\\/person\\\/9aed9f33a7c39af3a348b86d723f7773\"},\"headline\":\"\u201cCelebra con Sabor en Salazar\u201d\",\"datePublished\":\"2024-10-23T20:30:04+00:00\",\"dateModified\":\"2024-10-23T20:30:06+00:00\",\"mainEntityOfPage\":{\"@id\":\"https:\\\/\\\/zeromagazine.mx\\\/index.php\\\/2024\\\/10\\\/23\\\/celebra-con-sabor-en-salazar\\\/\"},\"wordCount\":1000,\"commentCount\":0,\"publisher\":{\"@id\":\"https:\\\/\\\/zeromagazine.mx\\\/#organization\"},\"image\":{\"@id\":\"https:\\\/\\\/zeromagazine.mx\\\/index.php\\\/2024\\\/10\\\/23\\\/celebra-con-sabor-en-salazar\\\/#primaryimage\"},\"thumbnailUrl\":\"https:\\\/\\\/i0.wp.com\\\/zeromagazine.mx\\\/wp-content\\\/uploads\\\/2024\\\/10\\\/b66e4a48-7a2a-4f72-943c-bae9a35e8837.jpg?fit=1200%2C1500&ssl=1\",\"keywords\":[\"Chefs destacados\",\"Gastronom\u00eda\",\"Salazar\"],\"articleSection\":[\"Foodie\"],\"inLanguage\":\"es\",\"potentialAction\":[{\"@type\":\"CommentAction\",\"name\":\"Comment\",\"target\":[\"https:\\\/\\\/zeromagazine.mx\\\/index.php\\\/2024\\\/10\\\/23\\\/celebra-con-sabor-en-salazar\\\/#respond\"]}]},{\"@type\":\"WebPage\",\"@id\":\"https:\\\/\\\/zeromagazine.mx\\\/index.php\\\/2024\\\/10\\\/23\\\/celebra-con-sabor-en-salazar\\\/\",\"url\":\"https:\\\/\\\/zeromagazine.mx\\\/index.php\\\/2024\\\/10\\\/23\\\/celebra-con-sabor-en-salazar\\\/\",\"name\":\"\u201cCelebra con Sabor en Salazar\u201d - Zero Magazine\",\"isPartOf\":{\"@id\":\"https:\\\/\\\/zeromagazine.mx\\\/#website\"},\"primaryImageOfPage\":{\"@id\":\"https:\\\/\\\/zeromagazine.mx\\\/index.php\\\/2024\\\/10\\\/23\\\/celebra-con-sabor-en-salazar\\\/#primaryimage\"},\"image\":{\"@id\":\"https:\\\/\\\/zeromagazine.mx\\\/index.php\\\/2024\\\/10\\\/23\\\/celebra-con-sabor-en-salazar\\\/#primaryimage\"},\"thumbnailUrl\":\"https:\\\/\\\/i0.wp.com\\\/zeromagazine.mx\\\/wp-content\\\/uploads\\\/2024\\\/10\\\/b66e4a48-7a2a-4f72-943c-bae9a35e8837.jpg?fit=1200%2C1500&ssl=1\",\"datePublished\":\"2024-10-23T20:30:04+00:00\",\"dateModified\":\"2024-10-23T20:30:06+00:00\",\"breadcrumb\":{\"@id\":\"https:\\\/\\\/zeromagazine.mx\\\/index.php\\\/2024\\\/10\\\/23\\\/celebra-con-sabor-en-salazar\\\/#breadcrumb\"},\"inLanguage\":\"es\",\"potentialAction\":[{\"@type\":\"ReadAction\",\"target\":[\"https:\\\/\\\/zeromagazine.mx\\\/index.php\\\/2024\\\/10\\\/23\\\/celebra-con-sabor-en-salazar\\\/\"]}]},{\"@type\":\"ImageObject\",\"inLanguage\":\"es\",\"@id\":\"https:\\\/\\\/zeromagazine.mx\\\/index.php\\\/2024\\\/10\\\/23\\\/celebra-con-sabor-en-salazar\\\/#primaryimage\",\"url\":\"https:\\\/\\\/i0.wp.com\\\/zeromagazine.mx\\\/wp-content\\\/uploads\\\/2024\\\/10\\\/b66e4a48-7a2a-4f72-943c-bae9a35e8837.jpg?fit=1200%2C1500&ssl=1\",\"contentUrl\":\"https:\\\/\\\/i0.wp.com\\\/zeromagazine.mx\\\/wp-content\\\/uploads\\\/2024\\\/10\\\/b66e4a48-7a2a-4f72-943c-bae9a35e8837.jpg?fit=1200%2C1500&ssl=1\",\"width\":1200,\"height\":1500},{\"@type\":\"BreadcrumbList\",\"@id\":\"https:\\\/\\\/zeromagazine.mx\\\/index.php\\\/2024\\\/10\\\/23\\\/celebra-con-sabor-en-salazar\\\/#breadcrumb\",\"itemListElement\":[{\"@type\":\"ListItem\",\"position\":1,\"name\":\"Portada\",\"item\":\"https:\\\/\\\/zeromagazine.mx\\\/\"},{\"@type\":\"ListItem\",\"position\":2,\"name\":\"\u201cCelebra con Sabor en Salazar\u201d\"}]},{\"@type\":\"WebSite\",\"@id\":\"https:\\\/\\\/zeromagazine.mx\\\/#website\",\"url\":\"https:\\\/\\\/zeromagazine.mx\\\/\",\"name\":\"Zero Magazine\",\"description\":\"\",\"publisher\":{\"@id\":\"https:\\\/\\\/zeromagazine.mx\\\/#organization\"},\"potentialAction\":[{\"@type\":\"SearchAction\",\"target\":{\"@type\":\"EntryPoint\",\"urlTemplate\":\"https:\\\/\\\/zeromagazine.mx\\\/?s={search_term_string}\"},\"query-input\":{\"@type\":\"PropertyValueSpecification\",\"valueRequired\":true,\"valueName\":\"search_term_string\"}}],\"inLanguage\":\"es\"},{\"@type\":\"Organization\",\"@id\":\"https:\\\/\\\/zeromagazine.mx\\\/#organization\",\"name\":\"Zero Magazine\",\"url\":\"https:\\\/\\\/zeromagazine.mx\\\/\",\"logo\":{\"@type\":\"ImageObject\",\"inLanguage\":\"es\",\"@id\":\"https:\\\/\\\/zeromagazine.mx\\\/#\\\/schema\\\/logo\\\/image\\\/\",\"url\":\"https:\\\/\\\/i0.wp.com\\\/zeromagazine.mx\\\/wp-content\\\/uploads\\\/2025\\\/11\\\/1.jpeg?fit=1000%2C1000&ssl=1\",\"contentUrl\":\"https:\\\/\\\/i0.wp.com\\\/zeromagazine.mx\\\/wp-content\\\/uploads\\\/2025\\\/11\\\/1.jpeg?fit=1000%2C1000&ssl=1\",\"width\":1000,\"height\":1000,\"caption\":\"Zero Magazine\"},\"image\":{\"@id\":\"https:\\\/\\\/zeromagazine.mx\\\/#\\\/schema\\\/logo\\\/image\\\/\"},\"sameAs\":[\"https:\\\/\\\/instagram.com\\\/zeromagazinemx\"]},{\"@type\":\"Person\",\"@id\":\"https:\\\/\\\/zeromagazine.mx\\\/#\\\/schema\\\/person\\\/9aed9f33a7c39af3a348b86d723f7773\",\"name\":\"zeromagazinemx\",\"image\":{\"@type\":\"ImageObject\",\"inLanguage\":\"es\",\"@id\":\"https:\\\/\\\/zeromagazine.mx\\\/wp-content\\\/litespeed\\\/avatar\\\/f91dfe5410d5dcb1a576bf8c45983896.jpg?ver=1777571230\",\"url\":\"https:\\\/\\\/zeromagazine.mx\\\/wp-content\\\/litespeed\\\/avatar\\\/f91dfe5410d5dcb1a576bf8c45983896.jpg?ver=1777571230\",\"contentUrl\":\"https:\\\/\\\/zeromagazine.mx\\\/wp-content\\\/litespeed\\\/avatar\\\/f91dfe5410d5dcb1a576bf8c45983896.jpg?ver=1777571230\",\"caption\":\"zeromagazinemx\"},\"url\":\"https:\\\/\\\/zeromagazine.mx\\\/index.php\\\/author\\\/zeromagazinemx\\\/\"}]}<\/script>\n<!-- \/ Yoast SEO plugin. -->","yoast_head_json":{"title":"\u201cCelebra con Sabor en Salazar\u201d - Zero Magazine","robots":{"index":"index","follow":"follow","max-snippet":"max-snippet:-1","max-image-preview":"max-image-preview:large","max-video-preview":"max-video-preview:-1"},"canonical":"https:\/\/zeromagazine.mx\/index.php\/2024\/10\/23\/celebra-con-sabor-en-salazar\/","og_locale":"es_ES","og_type":"article","og_title":"\u201cCelebra con Sabor en Salazar\u201d - Zero Magazine","og_description":"El pr\u00f3ximo fin de semana, la ciudad se va a poner bien hot porque Salazar est\u00e1 celebrando su segundo aniversario y no lo est\u00e1n haciendo con cualquier cosa, sino con una experiencia gastron\u00f3mica exclusiva que no te querr\u00e1s perder. \u00bfListos para un fest\u00edn? Este a\u00f1o, el chef Paul Delrez, reconocido por su participaci\u00f3n en&nbsp;Top Chef&nbsp;y [&hellip;]","og_url":"https:\/\/zeromagazine.mx\/index.php\/2024\/10\/23\/celebra-con-sabor-en-salazar\/","og_site_name":"Zero Magazine","article_published_time":"2024-10-23T20:30:04+00:00","article_modified_time":"2024-10-23T20:30:06+00:00","og_image":[{"width":1200,"height":1500,"url":"http:\/\/zeromagazine.mx\/wp-content\/uploads\/2024\/10\/b66e4a48-7a2a-4f72-943c-bae9a35e8837.jpg","type":"image\/jpeg"}],"author":"zeromagazinemx","twitter_card":"summary_large_image","twitter_misc":{"Escrito por":"zeromagazinemx","Tiempo de lectura":"5 minutos"},"schema":{"@context":"https:\/\/schema.org","@graph":[{"@type":"Article","@id":"https:\/\/zeromagazine.mx\/index.php\/2024\/10\/23\/celebra-con-sabor-en-salazar\/#article","isPartOf":{"@id":"https:\/\/zeromagazine.mx\/index.php\/2024\/10\/23\/celebra-con-sabor-en-salazar\/"},"author":{"name":"zeromagazinemx","@id":"https:\/\/zeromagazine.mx\/#\/schema\/person\/9aed9f33a7c39af3a348b86d723f7773"},"headline":"\u201cCelebra con Sabor en Salazar\u201d","datePublished":"2024-10-23T20:30:04+00:00","dateModified":"2024-10-23T20:30:06+00:00","mainEntityOfPage":{"@id":"https:\/\/zeromagazine.mx\/index.php\/2024\/10\/23\/celebra-con-sabor-en-salazar\/"},"wordCount":1000,"commentCount":0,"publisher":{"@id":"https:\/\/zeromagazine.mx\/#organization"},"image":{"@id":"https:\/\/zeromagazine.mx\/index.php\/2024\/10\/23\/celebra-con-sabor-en-salazar\/#primaryimage"},"thumbnailUrl":"https:\/\/i0.wp.com\/zeromagazine.mx\/wp-content\/uploads\/2024\/10\/b66e4a48-7a2a-4f72-943c-bae9a35e8837.jpg?fit=1200%2C1500&ssl=1","keywords":["Chefs destacados","Gastronom\u00eda","Salazar"],"articleSection":["Foodie"],"inLanguage":"es","potentialAction":[{"@type":"CommentAction","name":"Comment","target":["https:\/\/zeromagazine.mx\/index.php\/2024\/10\/23\/celebra-con-sabor-en-salazar\/#respond"]}]},{"@type":"WebPage","@id":"https:\/\/zeromagazine.mx\/index.php\/2024\/10\/23\/celebra-con-sabor-en-salazar\/","url":"https:\/\/zeromagazine.mx\/index.php\/2024\/10\/23\/celebra-con-sabor-en-salazar\/","name":"\u201cCelebra con Sabor en Salazar\u201d - Zero Magazine","isPartOf":{"@id":"https:\/\/zeromagazine.mx\/#website"},"primaryImageOfPage":{"@id":"https:\/\/zeromagazine.mx\/index.php\/2024\/10\/23\/celebra-con-sabor-en-salazar\/#primaryimage"},"image":{"@id":"https:\/\/zeromagazine.mx\/index.php\/2024\/10\/23\/celebra-con-sabor-en-salazar\/#primaryimage"},"thumbnailUrl":"https:\/\/i0.wp.com\/zeromagazine.mx\/wp-content\/uploads\/2024\/10\/b66e4a48-7a2a-4f72-943c-bae9a35e8837.jpg?fit=1200%2C1500&ssl=1","datePublished":"2024-10-23T20:30:04+00:00","dateModified":"2024-10-23T20:30:06+00:00","breadcrumb":{"@id":"https:\/\/zeromagazine.mx\/index.php\/2024\/10\/23\/celebra-con-sabor-en-salazar\/#breadcrumb"},"inLanguage":"es","potentialAction":[{"@type":"ReadAction","target":["https:\/\/zeromagazine.mx\/index.php\/2024\/10\/23\/celebra-con-sabor-en-salazar\/"]}]},{"@type":"ImageObject","inLanguage":"es","@id":"https:\/\/zeromagazine.mx\/index.php\/2024\/10\/23\/celebra-con-sabor-en-salazar\/#primaryimage","url":"https:\/\/i0.wp.com\/zeromagazine.mx\/wp-content\/uploads\/2024\/10\/b66e4a48-7a2a-4f72-943c-bae9a35e8837.jpg?fit=1200%2C1500&ssl=1","contentUrl":"https:\/\/i0.wp.com\/zeromagazine.mx\/wp-content\/uploads\/2024\/10\/b66e4a48-7a2a-4f72-943c-bae9a35e8837.jpg?fit=1200%2C1500&ssl=1","width":1200,"height":1500},{"@type":"BreadcrumbList","@id":"https:\/\/zeromagazine.mx\/index.php\/2024\/10\/23\/celebra-con-sabor-en-salazar\/#breadcrumb","itemListElement":[{"@type":"ListItem","position":1,"name":"Portada","item":"https:\/\/zeromagazine.mx\/"},{"@type":"ListItem","position":2,"name":"\u201cCelebra con Sabor en Salazar\u201d"}]},{"@type":"WebSite","@id":"https:\/\/zeromagazine.mx\/#website","url":"https:\/\/zeromagazine.mx\/","name":"Zero Magazine","description":"","publisher":{"@id":"https:\/\/zeromagazine.mx\/#organization"},"potentialAction":[{"@type":"SearchAction","target":{"@type":"EntryPoint","urlTemplate":"https:\/\/zeromagazine.mx\/?s={search_term_string}"},"query-input":{"@type":"PropertyValueSpecification","valueRequired":true,"valueName":"search_term_string"}}],"inLanguage":"es"},{"@type":"Organization","@id":"https:\/\/zeromagazine.mx\/#organization","name":"Zero Magazine","url":"https:\/\/zeromagazine.mx\/","logo":{"@type":"ImageObject","inLanguage":"es","@id":"https:\/\/zeromagazine.mx\/#\/schema\/logo\/image\/","url":"https:\/\/i0.wp.com\/zeromagazine.mx\/wp-content\/uploads\/2025\/11\/1.jpeg?fit=1000%2C1000&ssl=1","contentUrl":"https:\/\/i0.wp.com\/zeromagazine.mx\/wp-content\/uploads\/2025\/11\/1.jpeg?fit=1000%2C1000&ssl=1","width":1000,"height":1000,"caption":"Zero Magazine"},"image":{"@id":"https:\/\/zeromagazine.mx\/#\/schema\/logo\/image\/"},"sameAs":["https:\/\/instagram.com\/zeromagazinemx"]},{"@type":"Person","@id":"https:\/\/zeromagazine.mx\/#\/schema\/person\/9aed9f33a7c39af3a348b86d723f7773","name":"zeromagazinemx","image":{"@type":"ImageObject","inLanguage":"es","@id":"https:\/\/zeromagazine.mx\/wp-content\/litespeed\/avatar\/f91dfe5410d5dcb1a576bf8c45983896.jpg?ver=1777571230","url":"https:\/\/zeromagazine.mx\/wp-content\/litespeed\/avatar\/f91dfe5410d5dcb1a576bf8c45983896.jpg?ver=1777571230","contentUrl":"https:\/\/zeromagazine.mx\/wp-content\/litespeed\/avatar\/f91dfe5410d5dcb1a576bf8c45983896.jpg?ver=1777571230","caption":"zeromagazinemx"},"url":"https:\/\/zeromagazine.mx\/index.php\/author\/zeromagazinemx\/"}]}},"jetpack_publicize_connections":[],"jetpack_featured_media_url":"https:\/\/i0.wp.com\/zeromagazine.mx\/wp-content\/uploads\/2024\/10\/b66e4a48-7a2a-4f72-943c-bae9a35e8837.jpg?fit=1200%2C1500&ssl=1","jetpack-related-posts":[{"id":113849,"url":"https:\/\/zeromagazine.mx\/index.php\/2026\/01\/21\/dia-del-chef-cocinar-en-casa\/","url_meta":{"origin":88259,"position":0},"title":"D\u00eda del Chef: cocinar en casa puede ser m\u00e1s f\u00e1cil de lo que parece.","author":"David Morales","date":"21 de enero de 2026","format":false,"excerpt":"El\u00a0D\u00eda del Chef\u00a0ya no se trata solo de restaurantes de mantel largo o t\u00e9cnicas imposibles de replicar. Hoy, celebrar esta fecha tambi\u00e9n significa reconocer que cocinar en casa puede ser sencillo, pr\u00e1ctico y hasta disfrutable, incluso cuando el tiempo parece no alcanzar. En un mundo donde todo va r\u00e1pido, aprender\u2026","rel":"","context":"En \u00abBlog\u00bb","block_context":{"text":"Blog","link":"https:\/\/zeromagazine.mx\/index.php\/category\/blog\/"},"img":{"alt_text":"","src":"https:\/\/i0.wp.com\/zeromagazine.mx\/wp-content\/uploads\/2026\/01\/IMG_1064.jpeg?fit=523%2C353&ssl=1&resize=350%2C200","width":350,"height":200},"classes":[]},{"id":106042,"url":"https:\/\/zeromagazine.mx\/index.php\/2025\/06\/13\/hot-dogs-ramirez-celebra-a-papa-con-sabor\/","url_meta":{"origin":88259,"position":1},"title":"Hot Dogs Ram\u00edrez celebra a pap\u00e1 con sabor","author":"David Morales","date":"13 de junio de 2025","format":false,"excerpt":"Amix, si t\u00fa tambi\u00e9n est\u00e1s buscando un plan rico, relajado y con flow para consentir al jefe este 15 de junio, te tengo el lugar. Porque este a\u00f1o Hot Dogs Ram\u00edrez celebra a pap\u00e1 con promociones sabrosas, chelitas y un ambiente que neta no tiene pierde. Y es que desde\u2026","rel":"","context":"En \u00abViajes\u00bb","block_context":{"text":"Viajes","link":"https:\/\/zeromagazine.mx\/index.php\/category\/lugares\/"},"img":{"alt_text":"","src":"https:\/\/i0.wp.com\/zeromagazine.mx\/wp-content\/uploads\/2025\/06\/Zamora.jpeg?fit=1200%2C900&ssl=1&resize=350%2C200","width":350,"height":200,"srcset":"https:\/\/i0.wp.com\/zeromagazine.mx\/wp-content\/uploads\/2025\/06\/Zamora.jpeg?fit=1200%2C900&ssl=1&resize=350%2C200 1x, https:\/\/i0.wp.com\/zeromagazine.mx\/wp-content\/uploads\/2025\/06\/Zamora.jpeg?fit=1200%2C900&ssl=1&resize=525%2C300 1.5x, https:\/\/i0.wp.com\/zeromagazine.mx\/wp-content\/uploads\/2025\/06\/Zamora.jpeg?fit=1200%2C900&ssl=1&resize=700%2C400 2x, https:\/\/i0.wp.com\/zeromagazine.mx\/wp-content\/uploads\/2025\/06\/Zamora.jpeg?fit=1200%2C900&ssl=1&resize=1050%2C600 3x"},"classes":[]},{"id":57119,"url":"https:\/\/zeromagazine.mx\/index.php\/2021\/11\/01\/makoto-polanco-incorpora-nuevos-platillos-a-su-menu-y-busca-incentivar-el-comercio-local-en-mexico\/","url_meta":{"origin":88259,"position":2},"title":"Makoto Polanco incorpora nuevos platillos a su men\u00fa y busca incentivar el comercio local en M\u00e9xico","author":"zeromagazinemx","date":"1 de noviembre de 2021","format":false,"excerpt":"Esta semana para nuestros amantes de la comida japonesa, \u00a1les tenemos una buena noticia! Por Karime Salazar \u00a1Makoto Polanco expande su men\u00fa, que rinde homenaje a la herencia japonesa, e incorpora 6 nuevos platillos!\u00a0 Recordemos que la comida japonesa se usan t\u00e9cnicas de cocinado ligeras y alimentos que consumimos en\u2026","rel":"","context":"En \u00abBienestar\u00bb","block_context":{"text":"Bienestar","link":"https:\/\/zeromagazine.mx\/index.php\/category\/lifestyle\/bienestar\/"},"img":{"alt_text":"","src":"https:\/\/i0.wp.com\/zeromagazinemx.wpcomstaging.com\/wp-content\/uploads\/2022\/02\/c2389-imagen-1-makoto.jpg?resize=350%2C200&ssl=1","width":350,"height":200,"srcset":"https:\/\/i0.wp.com\/zeromagazinemx.wpcomstaging.com\/wp-content\/uploads\/2022\/02\/c2389-imagen-1-makoto.jpg?resize=350%2C200&ssl=1 1x, https:\/\/i0.wp.com\/zeromagazinemx.wpcomstaging.com\/wp-content\/uploads\/2022\/02\/c2389-imagen-1-makoto.jpg?resize=525%2C300&ssl=1 1.5x, https:\/\/i0.wp.com\/zeromagazinemx.wpcomstaging.com\/wp-content\/uploads\/2022\/02\/c2389-imagen-1-makoto.jpg?resize=700%2C400&ssl=1 2x"},"classes":[]},{"id":88461,"url":"https:\/\/zeromagazine.mx\/index.php\/2024\/10\/25\/cena-negra-dia-de-muertos-elevated\/","url_meta":{"origin":88259,"position":3},"title":"\u00abCena Negra: D\u00eda de Muertos Elevated\u00bb","author":"zeromagazinemx","date":"25 de octubre de 2024","format":false,"excerpt":"\u00bfQu\u00e9 tal celebrar el D\u00eda de Muertos con una cena que lleva todo el drama y sabor en un men\u00fa completamente negro? Este 2 de noviembre, el chef Roberto Alcocer un m\u00e1ster de la cocina mexicana moderna, va a poner todo su coraz\u00f3n y t\u00e9cnica en un exclusivo Men\u00fa Negro\u2026","rel":"","context":"En \u00abEntretenimiento\u00bb","block_context":{"text":"Entretenimiento","link":"https:\/\/zeromagazine.mx\/index.php\/category\/entretenimiento\/"},"img":{"alt_text":"","src":"https:\/\/i0.wp.com\/zeromagazine.mx\/wp-content\/uploads\/2024\/10\/Dia-De-Los-Muertos-Social-Graphics_Aspect-Ratio-3-2-1080x720-1.png?fit=1200%2C800&ssl=1&resize=350%2C200","width":350,"height":200,"srcset":"https:\/\/i0.wp.com\/zeromagazine.mx\/wp-content\/uploads\/2024\/10\/Dia-De-Los-Muertos-Social-Graphics_Aspect-Ratio-3-2-1080x720-1.png?fit=1200%2C800&ssl=1&resize=350%2C200 1x, https:\/\/i0.wp.com\/zeromagazine.mx\/wp-content\/uploads\/2024\/10\/Dia-De-Los-Muertos-Social-Graphics_Aspect-Ratio-3-2-1080x720-1.png?fit=1200%2C800&ssl=1&resize=525%2C300 1.5x, https:\/\/i0.wp.com\/zeromagazine.mx\/wp-content\/uploads\/2024\/10\/Dia-De-Los-Muertos-Social-Graphics_Aspect-Ratio-3-2-1080x720-1.png?fit=1200%2C800&ssl=1&resize=700%2C400 2x, https:\/\/i0.wp.com\/zeromagazine.mx\/wp-content\/uploads\/2024\/10\/Dia-De-Los-Muertos-Social-Graphics_Aspect-Ratio-3-2-1080x720-1.png?fit=1200%2C800&ssl=1&resize=1050%2C600 3x"},"classes":[]},{"id":81995,"url":"https:\/\/zeromagazine.mx\/index.php\/2024\/08\/16\/valle-estrella-michelin-y-puro-orgullo\/","url_meta":{"origin":88259,"position":4},"title":"\u00abValle: Estrella Michelin y Puro Orgullo\u00bb","author":"zeromagazinemx","date":"16 de agosto de 2024","format":false,"excerpt":"\u00a1Hola a tod@s!\u00a0\u00a0\u00bfListos para un viaje culinario que te va a dejar babeando? Imagina un spot que no solo sirve platillos de alta calidad, sino que tambi\u00e9n tiene un estilo \u00fanico que combina lo mejor de la cultura mexicana con t\u00e9cnicas modernas. Pues d\u00e9jenme contarles sobre el restaurante Valle en\u2026","rel":"","context":"En \u00abFoodie\u00bb","block_context":{"text":"Foodie","link":"https:\/\/zeromagazine.mx\/index.php\/category\/lifestyle\/foodie\/"},"img":{"alt_text":"","src":"https:\/\/i0.wp.com\/zeromagazine.mx\/wp-content\/uploads\/2024\/08\/304A9350-2-scaled.jpg?fit=1200%2C800&ssl=1&resize=350%2C200","width":350,"height":200,"srcset":"https:\/\/i0.wp.com\/zeromagazine.mx\/wp-content\/uploads\/2024\/08\/304A9350-2-scaled.jpg?fit=1200%2C800&ssl=1&resize=350%2C200 1x, https:\/\/i0.wp.com\/zeromagazine.mx\/wp-content\/uploads\/2024\/08\/304A9350-2-scaled.jpg?fit=1200%2C800&ssl=1&resize=525%2C300 1.5x, https:\/\/i0.wp.com\/zeromagazine.mx\/wp-content\/uploads\/2024\/08\/304A9350-2-scaled.jpg?fit=1200%2C800&ssl=1&resize=700%2C400 2x, https:\/\/i0.wp.com\/zeromagazine.mx\/wp-content\/uploads\/2024\/08\/304A9350-2-scaled.jpg?fit=1200%2C800&ssl=1&resize=1050%2C600 3x"},"classes":[]},{"id":57634,"url":"https:\/\/zeromagazine.mx\/index.php\/2021\/11\/08\/rulfo-celebra-thanksgiving-con-un-menu-especial\/","url_meta":{"origin":88259,"position":5},"title":"RULFO celebra Thanksgiving con un men\u00fa especial","author":"zeromagazinemx","date":"8 de noviembre de 2021","format":false,"excerpt":"Desde el a\u00f1o 1621 en Estados Unidos y Canad\u00e1 se conmemora una de las celebraciones m\u00e1s importantes para las familias de estos pa\u00edses, el d\u00eda de \u201cThanksgiving\u201d, es por eso que el resturante Rulfo nos trae una gran propuesta. Por Karime Salazar El restaurante Rulfo ubicado en el interior de\u2026","rel":"","context":"En \u00abViajes\u00bb","block_context":{"text":"Viajes","link":"https:\/\/zeromagazine.mx\/index.php\/category\/lugares\/"},"img":{"alt_text":"","src":"","width":0,"height":0},"classes":[]}],"jetpack_sharing_enabled":true,"builder_content":"","_links":{"self":[{"href":"https:\/\/zeromagazine.mx\/index.php\/wp-json\/wp\/v2\/posts\/88259","targetHints":{"allow":["GET"]}}],"collection":[{"href":"https:\/\/zeromagazine.mx\/index.php\/wp-json\/wp\/v2\/posts"}],"about":[{"href":"https:\/\/zeromagazine.mx\/index.php\/wp-json\/wp\/v2\/types\/post"}],"author":[{"embeddable":true,"href":"https:\/\/zeromagazine.mx\/index.php\/wp-json\/wp\/v2\/users\/2"}],"replies":[{"embeddable":true,"href":"https:\/\/zeromagazine.mx\/index.php\/wp-json\/wp\/v2\/comments?post=88259"}],"version-history":[{"count":1,"href":"https:\/\/zeromagazine.mx\/index.php\/wp-json\/wp\/v2\/posts\/88259\/revisions"}],"predecessor-version":[{"id":88262,"href":"https:\/\/zeromagazine.mx\/index.php\/wp-json\/wp\/v2\/posts\/88259\/revisions\/88262"}],"wp:featuredmedia":[{"embeddable":true,"href":"https:\/\/zeromagazine.mx\/index.php\/wp-json\/wp\/v2\/media\/88260"}],"wp:attachment":[{"href":"https:\/\/zeromagazine.mx\/index.php\/wp-json\/wp\/v2\/media?parent=88259"}],"wp:term":[{"taxonomy":"category","embeddable":true,"href":"https:\/\/zeromagazine.mx\/index.php\/wp-json\/wp\/v2\/categories?post=88259"},{"taxonomy":"post_tag","embeddable":true,"href":"https:\/\/zeromagazine.mx\/index.php\/wp-json\/wp\/v2\/tags?post=88259"}],"curies":[{"name":"wp","href":"https:\/\/api.w.org\/{rel}","templated":true}]}}