{"id":88335,"date":"2024-10-24T19:11:45","date_gmt":"2024-10-24T17:11:45","guid":{"rendered":"https:\/\/zeromagazine.mx\/?p=88335"},"modified":"2024-10-24T19:18:42","modified_gmt":"2024-10-24T17:18:42","slug":"dia-de-muertos-vibe-y-tradicion","status":"publish","type":"post","link":"https:\/\/zeromagazine.mx\/index.php\/2024\/10\/24\/dia-de-muertos-vibe-y-tradicion\/","title":{"rendered":"D\u00eda de Muertos: Vibe y Tradici\u00f3n"},"content":{"rendered":"<p>Chicxs se nos viene una de las celebraciones m\u00e1s chidas de M\u00e9xico \u00abEl D\u00eda de Muertos\u00bb. Esta festividad no solo es una oportunidad para recordar a nuestros seres queridos, sino que tambi\u00e9n se ha convertido en un fen\u00f3meno internacional. \u00bfQui\u00e9n no ha visto esas incre\u00edbles ofrendas llenas de color y vida en redes sociales? As\u00ed que, prep\u00e1rate porque vamos a explorar c\u00f3mo esta celebraci\u00f3n ha evolucionado y c\u00f3mo las marcas se est\u00e1n subiendo al tren de la cultura mexicana.<\/p>\n\n\n\n<h2 class=\"wp-block-heading\">\u00bfQu\u00e9 es El D\u00eda de Muertos?<\/h2>\n\n\n\n<p>El D\u00eda de Muertos se celebra el 1 y 2 de noviembre, y durante esos d\u00edas, las familias mexicanas colocan ofrendas y altares en honor a sus difuntos. Pero no piensen que es algo triste; m\u00e1s bien es una fiesta donde la muerte se convierte en parte de la vida. Imagina un encuentro entre lo espiritual y lo cotidiano, donde la muerte no es una ausencia, sino una presencia viva en nuestros corazones. <\/p>\n\n\n<div class=\"wp-block-image\">\n<figure class=\"aligncenter size-full\"><img data-recalc-dims=\"1\" decoding=\"async\" width=\"1165\" height=\"778\" src=\"https:\/\/i0.wp.com\/zeromagazine.mx\/wp-content\/uploads\/2024\/10\/pexels-brunocervera-19253938-1-scaled.jpg?resize=1165%2C778&#038;ssl=1\" alt=\"Explora la esencia del D\u00eda de Muertos, donde la muerte se celebra con color y alegr\u00eda. Aprende c\u00f3mo las marcas se est\u00e1n uniendo a esta festividad vibrante y significativa.\" class=\"wp-image-88336\" srcset=\"https:\/\/i0.wp.com\/zeromagazine.mx\/wp-content\/uploads\/2024\/10\/pexels-brunocervera-19253938-1-scaled.jpg?w=2560&amp;ssl=1 2560w, https:\/\/i0.wp.com\/zeromagazine.mx\/wp-content\/uploads\/2024\/10\/pexels-brunocervera-19253938-1-scaled.jpg?resize=300%2C200&amp;ssl=1 300w, https:\/\/i0.wp.com\/zeromagazine.mx\/wp-content\/uploads\/2024\/10\/pexels-brunocervera-19253938-1-scaled.jpg?resize=1024%2C684&amp;ssl=1 1024w, https:\/\/i0.wp.com\/zeromagazine.mx\/wp-content\/uploads\/2024\/10\/pexels-brunocervera-19253938-1-scaled.jpg?resize=768%2C513&amp;ssl=1 768w, https:\/\/i0.wp.com\/zeromagazine.mx\/wp-content\/uploads\/2024\/10\/pexels-brunocervera-19253938-1-scaled.jpg?resize=1536%2C1025&amp;ssl=1 1536w, https:\/\/i0.wp.com\/zeromagazine.mx\/wp-content\/uploads\/2024\/10\/pexels-brunocervera-19253938-1-scaled.jpg?resize=2048%2C1367&amp;ssl=1 2048w, https:\/\/i0.wp.com\/zeromagazine.mx\/wp-content\/uploads\/2024\/10\/pexels-brunocervera-19253938-1-scaled.jpg?w=2330 2330w\" sizes=\"(max-width: 1165px) 100vw, 1165px\" \/><\/figure>\n<\/div>\n\n\n<p><\/p>\n\n\n\n<p>En estos d\u00edas, el ambiente se llena de cempas\u00fachil (esas flores amarillas que parecen mini soles), calaveras de az\u00facar, y el famoso pan de muerto. Cada uno de estos elementos tiene un significado profundo, simbolizando la memoria y el respeto hacia quienes ya no est\u00e1n con nosotros.<\/p>\n\n\n\n<h2 class=\"wp-block-heading\">D\u00eda de Muertos y Halloween<\/h2>\n\n\n\n<p>El D\u00eda de Muertos ha crecido en popularidad a niveles internacionales. Se ha empezado a mezclar con Halloween, creando una celebraci\u00f3n \u00fanica. Seg\u00fan Natalia S\u00e1nchez, Business Development Director en <em>another<\/em>, la mezcla cultural es importante. \u00abLas marcas deben adelantarse y planificar campa\u00f1as que respeten la tradici\u00f3n, pero que tambi\u00e9n se alineen con las expectativas de las nuevas generaciones\u00bb, dice. Y claro, en un mundo donde todo es instant\u00e1neo y digital, esto suena muy l\u00f3gico.<\/p>\n\n\n\n<p>As\u00ed que, para las marcas que quieren conectar de manera aut\u00e9ntica con el p\u00fablico, hay un camino bien claro: entender y respetar esta tradici\u00f3n tan rica y llena de simbolismo. No se trata solo de poner calaveritas en sus anuncios, sino de hacer sentir a la gente que est\u00e1n celebrando algo especial y significativo.<\/p>\n\n\n\n<h2 class=\"wp-block-heading\">La Oportunidad Econ\u00f3mica<\/h2>\n\n\n\n<p><\/p>\n\n\n\n<p><\/p>\n\n\n\n<p>Hablando de lo que mueve esta celebraci\u00f3n, \u00a1los n\u00fameros son impresionantes! En 2023, se registr\u00f3 una derrama econ\u00f3mica de m\u00e1s de 41 mil millones de pesos solo en el sector tur\u00edstico, y la ocupaci\u00f3n hotelera alcanz\u00f3 un 58.3%. Esto es un indicativo del creciente inter\u00e9s tanto de turistas nacionales como internacionales en sumergirse en la experiencia del D\u00eda de Muertos. Las marcas tienen una oportunidad de oro para formar parte de este fen\u00f3meno, siempre y cuando lo hagan con respeto y autenticidad.<\/p>\n\n\n\n<script async src=\"https:\/\/pagead2.googlesyndication.com\/pagead\/js\/adsbygoogle.js?client=ca-pub-5499304793904745\"\n     crossorigin=\"anonymous\"><\/script>\n<ins class=\"adsbygoogle\"\n     style=\"display:block; text-align:center;\"\n     data-ad-layout=\"in-article\"\n     data-ad-format=\"fluid\"\n     data-ad-client=\"ca-pub-5499304793904745\"\n     data-ad-slot=\"5994863093\"><\/ins>\n<script>\n     (adsbygoogle = window.adsbygoogle || []).push({});\n<\/script>\n\n\n\n<p><\/p>\n\n\n\n<p>La clave para que las marcas se integren a esta festividad es la autenticidad. Como menciona Natalia, es vital que las marcas creen experiencias inmersivas donde la gente pueda participar activamente. Ya sea a trav\u00e9s de arte alusivo, proyecciones visuales, o incluso desfiles tem\u00e1ticos que revivan la ic\u00f3nica simbolog\u00eda del D\u00eda de Muertos.<\/p>\n\n\n<div class=\"wp-block-image\">\n<figure class=\"aligncenter size-full\"><img data-recalc-dims=\"1\" decoding=\"async\" width=\"1165\" height=\"1574\" src=\"https:\/\/i0.wp.com\/zeromagazine.mx\/wp-content\/uploads\/2024\/10\/pexels-eduardo-lopez-242403618-14348398-scaled.jpg?resize=1165%2C1574&#038;ssl=1\" alt=\"Sum\u00e9rgete en el D\u00eda de Muertos y descubre c\u00f3mo las marcas pueden conectar aut\u00e9nticamente con la cultura mexicana, creando experiencias que celebran la vida y la memoria.\" class=\"wp-image-88340\" srcset=\"https:\/\/i0.wp.com\/zeromagazine.mx\/wp-content\/uploads\/2024\/10\/pexels-eduardo-lopez-242403618-14348398-scaled.jpg?w=1895&amp;ssl=1 1895w, https:\/\/i0.wp.com\/zeromagazine.mx\/wp-content\/uploads\/2024\/10\/pexels-eduardo-lopez-242403618-14348398-scaled.jpg?resize=222%2C300&amp;ssl=1 222w, https:\/\/i0.wp.com\/zeromagazine.mx\/wp-content\/uploads\/2024\/10\/pexels-eduardo-lopez-242403618-14348398-scaled.jpg?resize=758%2C1024&amp;ssl=1 758w, https:\/\/i0.wp.com\/zeromagazine.mx\/wp-content\/uploads\/2024\/10\/pexels-eduardo-lopez-242403618-14348398-scaled.jpg?resize=768%2C1037&amp;ssl=1 768w, https:\/\/i0.wp.com\/zeromagazine.mx\/wp-content\/uploads\/2024\/10\/pexels-eduardo-lopez-242403618-14348398-scaled.jpg?resize=1137%2C1536&amp;ssl=1 1137w, https:\/\/i0.wp.com\/zeromagazine.mx\/wp-content\/uploads\/2024\/10\/pexels-eduardo-lopez-242403618-14348398-scaled.jpg?resize=1516%2C2048&amp;ssl=1 1516w\" sizes=\"(max-width: 1165px) 100vw, 1165px\" \/><\/figure>\n<\/div>\n\n\n<p><\/p>\n\n\n\n<p>Y no solo eso, es importante buscar espacios que ofrezcan una experiencia completa. Desde la ubicaci\u00f3n hasta la arquitectura y el ambiente, todo debe fluir en armon\u00eda. Natalia nos da un ejemplo: en <em>another<\/em>, tienen una residencia en Polanco que combina terraza, galer\u00eda de arte y un ambiente vibrante para crear experiencias \u00fanicas para sus clientes. <\/p>\n\n\n\n<h2 class=\"wp-block-heading\">Marketing Experiencial<\/h2>\n\n\n\n<p>En este contexto, el marketing experiencial se presenta como una de las estrategias m\u00e1s efectivas. \u00bfPor qu\u00e9? Porque las experiencias que conectan con las emociones son s\u00faper poderosas. Nos ayudan a recordar y a vivir esos momentos de una manera m\u00e1s profunda. Adem\u00e1s, en un mercado saturado de informaci\u00f3n y promociones digitales, crear eventos en vivo es una forma incre\u00edble de diferenciarse.<\/p>\n\n\n\n<p>\u00abEl balance entre tradici\u00f3n y modernidad es la clave para una campa\u00f1a exitosa\u00bb, afirma Natalia. Las marcas que logren este equilibrio no solo captar\u00e1n la atenci\u00f3n de su audiencia, sino que tambi\u00e9n construir\u00e1n relaciones m\u00e1s s\u00f3lidas y significativas con sus consumidores.<\/p>\n\n\n\n<p>Y hablando de conexiones, hay algo que no podemos olvidar: la comunidad. El D\u00eda de Muertos es una celebraci\u00f3n que re\u00fane a familias y amigos, y las marcas que logran integrar este aspecto comunitario en sus campa\u00f1as pueden resonar m\u00e1s profundamente. Organizar eventos donde la gente se sienta parte de algo m\u00e1s grande, donde puedan compartir historias y recuerdos, puede llevar la experiencia a otro nivel.<\/p>\n\n\n\n<p>En el fondo, lo que buscamos es sentirnos parte de algo. La muerte no se trata de un final, sino de un recuerdo, de un legado. As\u00ed que, si las marcas logran capturar esa esencia, estar\u00e1n en el camino correcto.<\/p>\n\n\n\n<h2 class=\"wp-block-heading\">Creatividad a la Vista<\/h2>\n\n\n\n<p>Ahora bien, la creatividad es fundamental en este proceso. Las marcas deben ser innovadoras y arriesgadas, explorando nuevas formas de involucrar a la audiencia. \u00bfQu\u00e9 tal un festival donde se puedan crear ofrendas colectivas, mezclando elementos tradicionales con toques modernos? O incluso una colaboraci\u00f3n con artistas locales para crear murales que representen esta rica tradici\u00f3n.<\/p>\n\n\n\n<script async src=\"https:\/\/pagead2.googlesyndication.com\/pagead\/js\/adsbygoogle.js?client=ca-pub-5499304793904745\"\r\n     crossorigin=\"anonymous\"><\/script>\r\n<ins class=\"adsbygoogle\"\r\n     style=\"display:block; text-align:center;\"\r\n     data-ad-layout=\"in-article\"\r\n     data-ad-format=\"fluid\"\r\n     data-ad-client=\"ca-pub-5499304793904745\"\r\n     data-ad-slot=\"5994863093\"><\/ins>\r\n<script>\r\n     (adsbygoogle = window.adsbygoogle || []).push({});\r\n<\/script>\n\n\n\n<p><\/p>\n\n\n\n<p>Veamos algunos ejemplos de marcas que han hecho un gran trabajo al integrarse en el D\u00eda de Muertos. <em>Cerveza Modelo<\/em> lanz\u00f3 una campa\u00f1a donde honran la tradici\u00f3n del D\u00eda de Muertos a trav\u00e9s de su ic\u00f3nica calaverita. La marca no solo utiliza s\u00edmbolos de la festividad, sino que tambi\u00e9n apoya a artistas locales, creando una conexi\u00f3n aut\u00e9ntica con la cultura.<\/p>\n\n\n\n<p>Por otro lado, <em>Nike<\/em> hizo un dise\u00f1o especial de zapatillas inspiradas en el D\u00eda de Muertos, combinando colores vibrantes y patrones que evocan esta celebraci\u00f3n. Este tipo de iniciativas no solo atraen a los consumidores, sino que tambi\u00e9n muestran un respeto genuino por las tradiciones y la cultura.<\/p>\n\n\n\n<script async src=\"https:\/\/pagead2.googlesyndication.com\/pagead\/js\/adsbygoogle.js?client=ca-pub-5499304793904745\"\r\n     crossorigin=\"anonymous\"><\/script>\r\n<ins class=\"adsbygoogle\"\r\n     style=\"display:block; text-align:center;\"\r\n     data-ad-layout=\"in-article\"\r\n     data-ad-format=\"fluid\"\r\n     data-ad-client=\"ca-pub-5499304793904745\"\r\n     data-ad-slot=\"5994863093\"><\/ins>\r\n<script>\r\n     (adsbygoogle = window.adsbygoogle || []).push({});\r\n<\/script>\n\n\n\n<p><\/p>\n\n\n\n<p>As\u00ed que, cuando piensen en el D\u00eda de Muertos, recuerden que es una oportunidad no solo para celebrar, sino tambi\u00e9n para conectar, aprender y, sobre todo, recordar que, al final del d\u00eda, todos somos parte de una misma historia. \u00bfListxs para celebrar? <\/p>\n\n<!--themify_builder_content-->\n<div id=\"themify_builder_content-88335\" data-postid=\"88335\" class=\"themify_builder_content themify_builder_content-88335 themify_builder tf_clear\">\n    <\/div>\n<!--\/themify_builder_content-->","protected":false},"excerpt":{"rendered":"<p>Chicxs se nos viene una de las celebraciones m\u00e1s chidas de M\u00e9xico \u00abEl D\u00eda de Muertos\u00bb. Esta festividad no solo es una oportunidad para recordar a nuestros seres queridos, sino que tambi\u00e9n se ha convertido en un fen\u00f3meno internacional. \u00bfQui\u00e9n no ha visto esas incre\u00edbles ofrendas llenas de color y vida en redes sociales? As\u00ed [&hellip;]<\/p>\n","protected":false},"author":2,"featured_media":88336,"comment_status":"open","ping_status":"open","sticky":false,"template":"","format":"standard","meta":{"_jetpack_memberships_contains_paid_content":false,"footnotes":"","jetpack_publicize_message":"","jetpack_publicize_feature_enabled":true,"jetpack_social_post_already_shared":true,"jetpack_social_options":{"image_generator_settings":{"template":"highway","default_image_id":0,"font":"","enabled":false},"version":2}},"categories":[791],"tags":[9739,5713,11144],"class_list":["post-88335","post","type-post","status-publish","format-standard","has-post-thumbnail","hentry","category-cultura","tag-cultura-mexicana","tag-dia-de-muertos","tag-festividad","has-post-title","has-post-date","has-post-category","has-post-tag","has-post-comment","has-post-author",""],"yoast_head":"<!-- This site is optimized with the Yoast SEO plugin v27.5 - https:\/\/yoast.com\/product\/yoast-seo-wordpress\/ -->\n<title>D\u00eda de Muertos: Vibe y Tradici\u00f3n - Zero Magazine<\/title>\n<meta name=\"description\" content=\"Descubre c\u00f3mo el D\u00eda de Muertos fusiona tradici\u00f3n y modernidad, creando experiencias \u00fanicas para conectar con la cultura y honrar a nuestros seres queridos. \u00a1Celebra con estilo!\" \/>\n<meta name=\"robots\" content=\"index, follow, max-snippet:-1, max-image-preview:large, max-video-preview:-1\" \/>\n<link rel=\"canonical\" href=\"https:\/\/zeromagazine.mx\/index.php\/2024\/10\/24\/dia-de-muertos-vibe-y-tradicion\/\" \/>\n<meta property=\"og:locale\" content=\"es_ES\" \/>\n<meta property=\"og:type\" content=\"article\" \/>\n<meta property=\"og:title\" content=\"D\u00eda de Muertos: Vibe y Tradici\u00f3n - Zero Magazine\" \/>\n<meta property=\"og:description\" content=\"Descubre c\u00f3mo el D\u00eda de Muertos fusiona tradici\u00f3n y modernidad, creando experiencias \u00fanicas para conectar con la cultura y honrar a nuestros seres queridos. \u00a1Celebra con estilo!\" \/>\n<meta property=\"og:url\" content=\"https:\/\/zeromagazine.mx\/index.php\/2024\/10\/24\/dia-de-muertos-vibe-y-tradicion\/\" \/>\n<meta property=\"og:site_name\" content=\"Zero Magazine\" \/>\n<meta property=\"article:published_time\" content=\"2024-10-24T17:11:45+00:00\" \/>\n<meta property=\"article:modified_time\" content=\"2024-10-24T17:18:42+00:00\" \/>\n<meta property=\"og:image\" content=\"http:\/\/zeromagazine.mx\/wp-content\/uploads\/2024\/10\/pexels-brunocervera-19253938-1-scaled.jpg\" \/>\n\t<meta property=\"og:image:width\" content=\"2560\" \/>\n\t<meta property=\"og:image:height\" content=\"1709\" \/>\n\t<meta property=\"og:image:type\" content=\"image\/jpeg\" \/>\n<meta name=\"author\" content=\"zeromagazinemx\" \/>\n<meta name=\"twitter:card\" content=\"summary_large_image\" \/>\n<meta name=\"twitter:label1\" content=\"Escrito por\" \/>\n\t<meta name=\"twitter:data1\" content=\"zeromagazinemx\" \/>\n\t<meta name=\"twitter:label2\" content=\"Tiempo de lectura\" \/>\n\t<meta name=\"twitter:data2\" content=\"5 minutos\" \/>\n<script type=\"application\/ld+json\" class=\"yoast-schema-graph\">{\"@context\":\"https:\\\/\\\/schema.org\",\"@graph\":[{\"@type\":\"Article\",\"@id\":\"https:\\\/\\\/zeromagazine.mx\\\/index.php\\\/2024\\\/10\\\/24\\\/dia-de-muertos-vibe-y-tradicion\\\/#article\",\"isPartOf\":{\"@id\":\"https:\\\/\\\/zeromagazine.mx\\\/index.php\\\/2024\\\/10\\\/24\\\/dia-de-muertos-vibe-y-tradicion\\\/\"},\"author\":{\"name\":\"zeromagazinemx\",\"@id\":\"https:\\\/\\\/zeromagazine.mx\\\/#\\\/schema\\\/person\\\/9aed9f33a7c39af3a348b86d723f7773\"},\"headline\":\"D\u00eda de Muertos: Vibe y Tradici\u00f3n\",\"datePublished\":\"2024-10-24T17:11:45+00:00\",\"dateModified\":\"2024-10-24T17:18:42+00:00\",\"mainEntityOfPage\":{\"@id\":\"https:\\\/\\\/zeromagazine.mx\\\/index.php\\\/2024\\\/10\\\/24\\\/dia-de-muertos-vibe-y-tradicion\\\/\"},\"wordCount\":1047,\"commentCount\":0,\"publisher\":{\"@id\":\"https:\\\/\\\/zeromagazine.mx\\\/#organization\"},\"image\":{\"@id\":\"https:\\\/\\\/zeromagazine.mx\\\/index.php\\\/2024\\\/10\\\/24\\\/dia-de-muertos-vibe-y-tradicion\\\/#primaryimage\"},\"thumbnailUrl\":\"https:\\\/\\\/i0.wp.com\\\/zeromagazine.mx\\\/wp-content\\\/uploads\\\/2024\\\/10\\\/pexels-brunocervera-19253938-1-scaled.jpg?fit=2560%2C1709&ssl=1\",\"keywords\":[\"Cultura Mexicana\",\"D\u00eda de muertos\",\"Festividad\"],\"articleSection\":[\"Cultura\"],\"inLanguage\":\"es\",\"potentialAction\":[{\"@type\":\"CommentAction\",\"name\":\"Comment\",\"target\":[\"https:\\\/\\\/zeromagazine.mx\\\/index.php\\\/2024\\\/10\\\/24\\\/dia-de-muertos-vibe-y-tradicion\\\/#respond\"]}]},{\"@type\":\"WebPage\",\"@id\":\"https:\\\/\\\/zeromagazine.mx\\\/index.php\\\/2024\\\/10\\\/24\\\/dia-de-muertos-vibe-y-tradicion\\\/\",\"url\":\"https:\\\/\\\/zeromagazine.mx\\\/index.php\\\/2024\\\/10\\\/24\\\/dia-de-muertos-vibe-y-tradicion\\\/\",\"name\":\"D\u00eda de Muertos: Vibe y Tradici\u00f3n - Zero Magazine\",\"isPartOf\":{\"@id\":\"https:\\\/\\\/zeromagazine.mx\\\/#website\"},\"primaryImageOfPage\":{\"@id\":\"https:\\\/\\\/zeromagazine.mx\\\/index.php\\\/2024\\\/10\\\/24\\\/dia-de-muertos-vibe-y-tradicion\\\/#primaryimage\"},\"image\":{\"@id\":\"https:\\\/\\\/zeromagazine.mx\\\/index.php\\\/2024\\\/10\\\/24\\\/dia-de-muertos-vibe-y-tradicion\\\/#primaryimage\"},\"thumbnailUrl\":\"https:\\\/\\\/i0.wp.com\\\/zeromagazine.mx\\\/wp-content\\\/uploads\\\/2024\\\/10\\\/pexels-brunocervera-19253938-1-scaled.jpg?fit=2560%2C1709&ssl=1\",\"datePublished\":\"2024-10-24T17:11:45+00:00\",\"dateModified\":\"2024-10-24T17:18:42+00:00\",\"description\":\"Descubre c\u00f3mo el D\u00eda de Muertos fusiona tradici\u00f3n y modernidad, creando experiencias \u00fanicas para conectar con la cultura y honrar a nuestros seres queridos. \u00a1Celebra con estilo!\",\"breadcrumb\":{\"@id\":\"https:\\\/\\\/zeromagazine.mx\\\/index.php\\\/2024\\\/10\\\/24\\\/dia-de-muertos-vibe-y-tradicion\\\/#breadcrumb\"},\"inLanguage\":\"es\",\"potentialAction\":[{\"@type\":\"ReadAction\",\"target\":[\"https:\\\/\\\/zeromagazine.mx\\\/index.php\\\/2024\\\/10\\\/24\\\/dia-de-muertos-vibe-y-tradicion\\\/\"]}]},{\"@type\":\"ImageObject\",\"inLanguage\":\"es\",\"@id\":\"https:\\\/\\\/zeromagazine.mx\\\/index.php\\\/2024\\\/10\\\/24\\\/dia-de-muertos-vibe-y-tradicion\\\/#primaryimage\",\"url\":\"https:\\\/\\\/i0.wp.com\\\/zeromagazine.mx\\\/wp-content\\\/uploads\\\/2024\\\/10\\\/pexels-brunocervera-19253938-1-scaled.jpg?fit=2560%2C1709&ssl=1\",\"contentUrl\":\"https:\\\/\\\/i0.wp.com\\\/zeromagazine.mx\\\/wp-content\\\/uploads\\\/2024\\\/10\\\/pexels-brunocervera-19253938-1-scaled.jpg?fit=2560%2C1709&ssl=1\",\"width\":2560,\"height\":1709},{\"@type\":\"BreadcrumbList\",\"@id\":\"https:\\\/\\\/zeromagazine.mx\\\/index.php\\\/2024\\\/10\\\/24\\\/dia-de-muertos-vibe-y-tradicion\\\/#breadcrumb\",\"itemListElement\":[{\"@type\":\"ListItem\",\"position\":1,\"name\":\"Portada\",\"item\":\"https:\\\/\\\/zeromagazine.mx\\\/\"},{\"@type\":\"ListItem\",\"position\":2,\"name\":\"D\u00eda de Muertos: Vibe y Tradici\u00f3n\"}]},{\"@type\":\"WebSite\",\"@id\":\"https:\\\/\\\/zeromagazine.mx\\\/#website\",\"url\":\"https:\\\/\\\/zeromagazine.mx\\\/\",\"name\":\"Zero Magazine\",\"description\":\"\",\"publisher\":{\"@id\":\"https:\\\/\\\/zeromagazine.mx\\\/#organization\"},\"potentialAction\":[{\"@type\":\"SearchAction\",\"target\":{\"@type\":\"EntryPoint\",\"urlTemplate\":\"https:\\\/\\\/zeromagazine.mx\\\/?s={search_term_string}\"},\"query-input\":{\"@type\":\"PropertyValueSpecification\",\"valueRequired\":true,\"valueName\":\"search_term_string\"}}],\"inLanguage\":\"es\"},{\"@type\":\"Organization\",\"@id\":\"https:\\\/\\\/zeromagazine.mx\\\/#organization\",\"name\":\"Zero Magazine\",\"url\":\"https:\\\/\\\/zeromagazine.mx\\\/\",\"logo\":{\"@type\":\"ImageObject\",\"inLanguage\":\"es\",\"@id\":\"https:\\\/\\\/zeromagazine.mx\\\/#\\\/schema\\\/logo\\\/image\\\/\",\"url\":\"https:\\\/\\\/i0.wp.com\\\/zeromagazine.mx\\\/wp-content\\\/uploads\\\/2025\\\/11\\\/1.jpeg?fit=1000%2C1000&ssl=1\",\"contentUrl\":\"https:\\\/\\\/i0.wp.com\\\/zeromagazine.mx\\\/wp-content\\\/uploads\\\/2025\\\/11\\\/1.jpeg?fit=1000%2C1000&ssl=1\",\"width\":1000,\"height\":1000,\"caption\":\"Zero Magazine\"},\"image\":{\"@id\":\"https:\\\/\\\/zeromagazine.mx\\\/#\\\/schema\\\/logo\\\/image\\\/\"},\"sameAs\":[\"https:\\\/\\\/instagram.com\\\/zeromagazinemx\"]},{\"@type\":\"Person\",\"@id\":\"https:\\\/\\\/zeromagazine.mx\\\/#\\\/schema\\\/person\\\/9aed9f33a7c39af3a348b86d723f7773\",\"name\":\"zeromagazinemx\",\"image\":{\"@type\":\"ImageObject\",\"inLanguage\":\"es\",\"@id\":\"https:\\\/\\\/zeromagazine.mx\\\/wp-content\\\/litespeed\\\/avatar\\\/f91dfe5410d5dcb1a576bf8c45983896.jpg?ver=1777571230\",\"url\":\"https:\\\/\\\/zeromagazine.mx\\\/wp-content\\\/litespeed\\\/avatar\\\/f91dfe5410d5dcb1a576bf8c45983896.jpg?ver=1777571230\",\"contentUrl\":\"https:\\\/\\\/zeromagazine.mx\\\/wp-content\\\/litespeed\\\/avatar\\\/f91dfe5410d5dcb1a576bf8c45983896.jpg?ver=1777571230\",\"caption\":\"zeromagazinemx\"},\"url\":\"https:\\\/\\\/zeromagazine.mx\\\/index.php\\\/author\\\/zeromagazinemx\\\/\"}]}<\/script>\n<!-- \/ Yoast SEO plugin. -->","yoast_head_json":{"title":"D\u00eda de Muertos: Vibe y Tradici\u00f3n - Zero Magazine","description":"Descubre c\u00f3mo el D\u00eda de Muertos fusiona tradici\u00f3n y modernidad, creando experiencias \u00fanicas para conectar con la cultura y honrar a nuestros seres queridos. \u00a1Celebra con estilo!","robots":{"index":"index","follow":"follow","max-snippet":"max-snippet:-1","max-image-preview":"max-image-preview:large","max-video-preview":"max-video-preview:-1"},"canonical":"https:\/\/zeromagazine.mx\/index.php\/2024\/10\/24\/dia-de-muertos-vibe-y-tradicion\/","og_locale":"es_ES","og_type":"article","og_title":"D\u00eda de Muertos: Vibe y Tradici\u00f3n - Zero Magazine","og_description":"Descubre c\u00f3mo el D\u00eda de Muertos fusiona tradici\u00f3n y modernidad, creando experiencias \u00fanicas para conectar con la cultura y honrar a nuestros seres queridos. \u00a1Celebra con estilo!","og_url":"https:\/\/zeromagazine.mx\/index.php\/2024\/10\/24\/dia-de-muertos-vibe-y-tradicion\/","og_site_name":"Zero Magazine","article_published_time":"2024-10-24T17:11:45+00:00","article_modified_time":"2024-10-24T17:18:42+00:00","og_image":[{"width":2560,"height":1709,"url":"http:\/\/zeromagazine.mx\/wp-content\/uploads\/2024\/10\/pexels-brunocervera-19253938-1-scaled.jpg","type":"image\/jpeg"}],"author":"zeromagazinemx","twitter_card":"summary_large_image","twitter_misc":{"Escrito por":"zeromagazinemx","Tiempo de lectura":"5 minutos"},"schema":{"@context":"https:\/\/schema.org","@graph":[{"@type":"Article","@id":"https:\/\/zeromagazine.mx\/index.php\/2024\/10\/24\/dia-de-muertos-vibe-y-tradicion\/#article","isPartOf":{"@id":"https:\/\/zeromagazine.mx\/index.php\/2024\/10\/24\/dia-de-muertos-vibe-y-tradicion\/"},"author":{"name":"zeromagazinemx","@id":"https:\/\/zeromagazine.mx\/#\/schema\/person\/9aed9f33a7c39af3a348b86d723f7773"},"headline":"D\u00eda de Muertos: Vibe y Tradici\u00f3n","datePublished":"2024-10-24T17:11:45+00:00","dateModified":"2024-10-24T17:18:42+00:00","mainEntityOfPage":{"@id":"https:\/\/zeromagazine.mx\/index.php\/2024\/10\/24\/dia-de-muertos-vibe-y-tradicion\/"},"wordCount":1047,"commentCount":0,"publisher":{"@id":"https:\/\/zeromagazine.mx\/#organization"},"image":{"@id":"https:\/\/zeromagazine.mx\/index.php\/2024\/10\/24\/dia-de-muertos-vibe-y-tradicion\/#primaryimage"},"thumbnailUrl":"https:\/\/i0.wp.com\/zeromagazine.mx\/wp-content\/uploads\/2024\/10\/pexels-brunocervera-19253938-1-scaled.jpg?fit=2560%2C1709&ssl=1","keywords":["Cultura Mexicana","D\u00eda de muertos","Festividad"],"articleSection":["Cultura"],"inLanguage":"es","potentialAction":[{"@type":"CommentAction","name":"Comment","target":["https:\/\/zeromagazine.mx\/index.php\/2024\/10\/24\/dia-de-muertos-vibe-y-tradicion\/#respond"]}]},{"@type":"WebPage","@id":"https:\/\/zeromagazine.mx\/index.php\/2024\/10\/24\/dia-de-muertos-vibe-y-tradicion\/","url":"https:\/\/zeromagazine.mx\/index.php\/2024\/10\/24\/dia-de-muertos-vibe-y-tradicion\/","name":"D\u00eda de Muertos: Vibe y Tradici\u00f3n - Zero Magazine","isPartOf":{"@id":"https:\/\/zeromagazine.mx\/#website"},"primaryImageOfPage":{"@id":"https:\/\/zeromagazine.mx\/index.php\/2024\/10\/24\/dia-de-muertos-vibe-y-tradicion\/#primaryimage"},"image":{"@id":"https:\/\/zeromagazine.mx\/index.php\/2024\/10\/24\/dia-de-muertos-vibe-y-tradicion\/#primaryimage"},"thumbnailUrl":"https:\/\/i0.wp.com\/zeromagazine.mx\/wp-content\/uploads\/2024\/10\/pexels-brunocervera-19253938-1-scaled.jpg?fit=2560%2C1709&ssl=1","datePublished":"2024-10-24T17:11:45+00:00","dateModified":"2024-10-24T17:18:42+00:00","description":"Descubre c\u00f3mo el D\u00eda de Muertos fusiona tradici\u00f3n y modernidad, creando experiencias \u00fanicas para conectar con la cultura y honrar a nuestros seres queridos. \u00a1Celebra con estilo!","breadcrumb":{"@id":"https:\/\/zeromagazine.mx\/index.php\/2024\/10\/24\/dia-de-muertos-vibe-y-tradicion\/#breadcrumb"},"inLanguage":"es","potentialAction":[{"@type":"ReadAction","target":["https:\/\/zeromagazine.mx\/index.php\/2024\/10\/24\/dia-de-muertos-vibe-y-tradicion\/"]}]},{"@type":"ImageObject","inLanguage":"es","@id":"https:\/\/zeromagazine.mx\/index.php\/2024\/10\/24\/dia-de-muertos-vibe-y-tradicion\/#primaryimage","url":"https:\/\/i0.wp.com\/zeromagazine.mx\/wp-content\/uploads\/2024\/10\/pexels-brunocervera-19253938-1-scaled.jpg?fit=2560%2C1709&ssl=1","contentUrl":"https:\/\/i0.wp.com\/zeromagazine.mx\/wp-content\/uploads\/2024\/10\/pexels-brunocervera-19253938-1-scaled.jpg?fit=2560%2C1709&ssl=1","width":2560,"height":1709},{"@type":"BreadcrumbList","@id":"https:\/\/zeromagazine.mx\/index.php\/2024\/10\/24\/dia-de-muertos-vibe-y-tradicion\/#breadcrumb","itemListElement":[{"@type":"ListItem","position":1,"name":"Portada","item":"https:\/\/zeromagazine.mx\/"},{"@type":"ListItem","position":2,"name":"D\u00eda de Muertos: Vibe y Tradici\u00f3n"}]},{"@type":"WebSite","@id":"https:\/\/zeromagazine.mx\/#website","url":"https:\/\/zeromagazine.mx\/","name":"Zero Magazine","description":"","publisher":{"@id":"https:\/\/zeromagazine.mx\/#organization"},"potentialAction":[{"@type":"SearchAction","target":{"@type":"EntryPoint","urlTemplate":"https:\/\/zeromagazine.mx\/?s={search_term_string}"},"query-input":{"@type":"PropertyValueSpecification","valueRequired":true,"valueName":"search_term_string"}}],"inLanguage":"es"},{"@type":"Organization","@id":"https:\/\/zeromagazine.mx\/#organization","name":"Zero Magazine","url":"https:\/\/zeromagazine.mx\/","logo":{"@type":"ImageObject","inLanguage":"es","@id":"https:\/\/zeromagazine.mx\/#\/schema\/logo\/image\/","url":"https:\/\/i0.wp.com\/zeromagazine.mx\/wp-content\/uploads\/2025\/11\/1.jpeg?fit=1000%2C1000&ssl=1","contentUrl":"https:\/\/i0.wp.com\/zeromagazine.mx\/wp-content\/uploads\/2025\/11\/1.jpeg?fit=1000%2C1000&ssl=1","width":1000,"height":1000,"caption":"Zero Magazine"},"image":{"@id":"https:\/\/zeromagazine.mx\/#\/schema\/logo\/image\/"},"sameAs":["https:\/\/instagram.com\/zeromagazinemx"]},{"@type":"Person","@id":"https:\/\/zeromagazine.mx\/#\/schema\/person\/9aed9f33a7c39af3a348b86d723f7773","name":"zeromagazinemx","image":{"@type":"ImageObject","inLanguage":"es","@id":"https:\/\/zeromagazine.mx\/wp-content\/litespeed\/avatar\/f91dfe5410d5dcb1a576bf8c45983896.jpg?ver=1777571230","url":"https:\/\/zeromagazine.mx\/wp-content\/litespeed\/avatar\/f91dfe5410d5dcb1a576bf8c45983896.jpg?ver=1777571230","contentUrl":"https:\/\/zeromagazine.mx\/wp-content\/litespeed\/avatar\/f91dfe5410d5dcb1a576bf8c45983896.jpg?ver=1777571230","caption":"zeromagazinemx"},"url":"https:\/\/zeromagazine.mx\/index.php\/author\/zeromagazinemx\/"}]}},"jetpack_publicize_connections":[],"jetpack_featured_media_url":"https:\/\/i0.wp.com\/zeromagazine.mx\/wp-content\/uploads\/2024\/10\/pexels-brunocervera-19253938-1-scaled.jpg?fit=2560%2C1709&ssl=1","jetpack-related-posts":[{"id":83429,"url":"https:\/\/zeromagazine.mx\/index.php\/2024\/09\/09\/dia-de-muertos-cultura-viva-forever\/","url_meta":{"origin":88335,"position":0},"title":"\u00abD\u00eda de Muertos: Cultura Viva Forever\u00bb","author":"zeromagazinemx","date":"9 de septiembre de 2024","format":false,"excerpt":"Est\u00e1 a punto de llegar el mejor d\u00eda del a\u00f1o, me refiero al\u00a02 de noviembre. En cada rinc\u00f3n de M\u00e9xico hay altares, flores de cempas\u00fachil, calaveritas de az\u00facar y una vibraci\u00f3n super especial que solo el\u00a0D\u00eda de Muertos\u00a0puede traer. Es como un mix entre lo spooky y lo sagrado, lo\u2026","rel":"","context":"En \u00abCultura\u00bb","block_context":{"text":"Cultura","link":"https:\/\/zeromagazine.mx\/index.php\/category\/cultura\/"},"img":{"alt_text":"","src":"https:\/\/i0.wp.com\/zeromagazine.mx\/wp-content\/uploads\/2024\/09\/DIA-DE-MUERTOS-TRILCE-FOTO1-PORTADA.jpg?resize=350%2C200&ssl=1","width":350,"height":200},"classes":[]},{"id":88532,"url":"https:\/\/zeromagazine.mx\/index.php\/2024\/10\/28\/san-miguel-dia-de-muertos-vibes\/","url_meta":{"origin":88335,"position":1},"title":"\u00abSan Miguel: D\u00eda de Muertos Vibes\u00bb","author":"zeromagazinemx","date":"28 de octubre de 2024","format":false,"excerpt":"Chicxs, si hay algo que nos encanta de nuestra cultura mexicana es la forma en que celebramos la vida y la muerte, y el D\u00eda de Muertos es, sin duda, una de las festividades m\u00e1s emblem\u00e1ticas. Este a\u00f1o, nos vamos a enfocar en San Miguel de Allende, una joya en\u2026","rel":"","context":"En \u00abViajes\u00bb","block_context":{"text":"Viajes","link":"https:\/\/zeromagazine.mx\/index.php\/category\/lugares\/"},"img":{"alt_text":"","src":"https:\/\/i0.wp.com\/zeromagazine.mx\/wp-content\/uploads\/2024\/10\/EspaciosNumu_047m.jpg?fit=1200%2C801&ssl=1&resize=350%2C200","width":350,"height":200,"srcset":"https:\/\/i0.wp.com\/zeromagazine.mx\/wp-content\/uploads\/2024\/10\/EspaciosNumu_047m.jpg?fit=1200%2C801&ssl=1&resize=350%2C200 1x, https:\/\/i0.wp.com\/zeromagazine.mx\/wp-content\/uploads\/2024\/10\/EspaciosNumu_047m.jpg?fit=1200%2C801&ssl=1&resize=525%2C300 1.5x, https:\/\/i0.wp.com\/zeromagazine.mx\/wp-content\/uploads\/2024\/10\/EspaciosNumu_047m.jpg?fit=1200%2C801&ssl=1&resize=700%2C400 2x, https:\/\/i0.wp.com\/zeromagazine.mx\/wp-content\/uploads\/2024\/10\/EspaciosNumu_047m.jpg?fit=1200%2C801&ssl=1&resize=1050%2C600 3x"},"classes":[]},{"id":89236,"url":"https:\/\/zeromagazine.mx\/index.php\/2024\/11\/01\/celebrate-life-dia-de-muertos\/","url_meta":{"origin":88335,"position":2},"title":"\u00abCelebrate Life: D\u00eda de Muertos!\u00bb","author":"zeromagazinemx","date":"1 de noviembre de 2024","format":false,"excerpt":"Si alguna vez te has preguntado c\u00f3mo se vive el D\u00eda de Muertos en San Miguel de Allende, deja que Casa Hoyos te lleve de la mano en un trip cultural que no solo honra la tradici\u00f3n, sino que tambi\u00e9n lo hace en full style. Ubicado en el coraz\u00f3n de\u2026","rel":"","context":"En \u00abViajes\u00bb","block_context":{"text":"Viajes","link":"https:\/\/zeromagazine.mx\/index.php\/category\/lugares\/"},"img":{"alt_text":"","src":"https:\/\/i0.wp.com\/zeromagazine.mx\/wp-content\/uploads\/2024\/11\/A1A3371-Mejorado-NR-scaled.jpg?fit=1200%2C800&ssl=1&resize=350%2C200","width":350,"height":200,"srcset":"https:\/\/i0.wp.com\/zeromagazine.mx\/wp-content\/uploads\/2024\/11\/A1A3371-Mejorado-NR-scaled.jpg?fit=1200%2C800&ssl=1&resize=350%2C200 1x, https:\/\/i0.wp.com\/zeromagazine.mx\/wp-content\/uploads\/2024\/11\/A1A3371-Mejorado-NR-scaled.jpg?fit=1200%2C800&ssl=1&resize=525%2C300 1.5x, https:\/\/i0.wp.com\/zeromagazine.mx\/wp-content\/uploads\/2024\/11\/A1A3371-Mejorado-NR-scaled.jpg?fit=1200%2C800&ssl=1&resize=700%2C400 2x, https:\/\/i0.wp.com\/zeromagazine.mx\/wp-content\/uploads\/2024\/11\/A1A3371-Mejorado-NR-scaled.jpg?fit=1200%2C800&ssl=1&resize=1050%2C600 3x"},"classes":[]},{"id":90055,"url":"https:\/\/zeromagazine.mx\/index.php\/2024\/11\/01\/sabores-que-conectan-en-muertos\/","url_meta":{"origin":88335,"position":3},"title":"\u00abSabores que Conectan en Muertos\u00bb","author":"zeromagazinemx","date":"1 de noviembre de 2024","format":false,"excerpt":"El D\u00eda de Muertos es como el \"Thanksgiving\" mexicano pero elevado a otro nivel. Literal, no solo es una fiesta; es un ritual \u00e9pico donde se conectan los vivos con los que ya no est\u00e1n de una manera que mezcla el amor, la memoria y el sabor. Estos no son\u2026","rel":"","context":"En \u00abFoodie\u00bb","block_context":{"text":"Foodie","link":"https:\/\/zeromagazine.mx\/index.php\/category\/lifestyle\/foodie\/"},"img":{"alt_text":"","src":"https:\/\/i0.wp.com\/zeromagazine.mx\/wp-content\/uploads\/2024\/11\/Captura-de-pantalla-2024-11-11-a-las-12.07.03.png?fit=620%2C914&ssl=1&resize=350%2C200","width":350,"height":200,"srcset":"https:\/\/i0.wp.com\/zeromagazine.mx\/wp-content\/uploads\/2024\/11\/Captura-de-pantalla-2024-11-11-a-las-12.07.03.png?fit=620%2C914&ssl=1&resize=350%2C200 1x, https:\/\/i0.wp.com\/zeromagazine.mx\/wp-content\/uploads\/2024\/11\/Captura-de-pantalla-2024-11-11-a-las-12.07.03.png?fit=620%2C914&ssl=1&resize=525%2C300 1.5x"},"classes":[]},{"id":88644,"url":"https:\/\/zeromagazine.mx\/index.php\/2024\/10\/29\/tradicion-en-tu-muneca-guess-watches\/","url_meta":{"origin":88335,"position":4},"title":"\u00abTradici\u00f3n en Tu Mu\u00f1eca: Guess Watches\u00bb","author":"zeromagazinemx","date":"29 de octubre de 2024","format":false,"excerpt":"\u00a1Ya lleg\u00f3 el oto\u00f1o, chicxs! Con \u00e9l, la vibra de una de las temporadas m\u00e1s esperadas del a\u00f1o, donde el aire se siente fresco y las hojas comienzan a caer. Pero lo mejor de todo es que se acercan las celebraciones m\u00e1s coloridas y significativas del a\u00f1o: \"el D\u00eda de\u2026","rel":"","context":"En \u00abModa\u00bb","block_context":{"text":"Moda","link":"https:\/\/zeromagazine.mx\/index.php\/category\/moda\/"},"img":{"alt_text":"","src":"https:\/\/zeromagazine.mx\/wp-content\/uploads\/2024\/10\/GW_FW24_DOTD_STATIC_LOGO-4.avif","width":350,"height":200,"srcset":"https:\/\/zeromagazine.mx\/wp-content\/uploads\/2024\/10\/GW_FW24_DOTD_STATIC_LOGO-4.avif 1x, https:\/\/zeromagazine.mx\/wp-content\/uploads\/2024\/10\/GW_FW24_DOTD_STATIC_LOGO-4.avif 1.5x, https:\/\/zeromagazine.mx\/wp-content\/uploads\/2024\/10\/GW_FW24_DOTD_STATIC_LOGO-4.avif 2x, https:\/\/zeromagazine.mx\/wp-content\/uploads\/2024\/10\/GW_FW24_DOTD_STATIC_LOGO-4.avif 3x"},"classes":[]},{"id":86383,"url":"https:\/\/zeromagazine.mx\/index.php\/2024\/10\/11\/vive-el-dia-de-muertos\/","url_meta":{"origin":88335,"position":5},"title":"\u00abVive el D\u00eda de Muertos\u00bb","author":"zeromagazinemx","date":"11 de octubre de 2024","format":false,"excerpt":"\u00bfEst\u00e1s preparado para una de las celebraciones m\u00e1s ic\u00f3nicas de M\u00e9xico? Con el oto\u00f1o en el aire y la vibra de Halloween tambi\u00e9n acerc\u00e1ndose, llega el D\u00eda de Muertos, una festividad que no solo es sobre el recuerdo, sino sobre celebrar la vida y la memoria de nuestros seres queridos.\u2026","rel":"","context":"En \u00abViajes\u00bb","block_context":{"text":"Viajes","link":"https:\/\/zeromagazine.mx\/index.php\/category\/lugares\/"},"img":{"alt_text":"","src":"https:\/\/i0.wp.com\/zeromagazine.mx\/wp-content\/uploads\/2024\/10\/05_11.jpg?fit=1200%2C769&ssl=1&resize=350%2C200","width":350,"height":200,"srcset":"https:\/\/i0.wp.com\/zeromagazine.mx\/wp-content\/uploads\/2024\/10\/05_11.jpg?fit=1200%2C769&ssl=1&resize=350%2C200 1x, https:\/\/i0.wp.com\/zeromagazine.mx\/wp-content\/uploads\/2024\/10\/05_11.jpg?fit=1200%2C769&ssl=1&resize=525%2C300 1.5x, https:\/\/i0.wp.com\/zeromagazine.mx\/wp-content\/uploads\/2024\/10\/05_11.jpg?fit=1200%2C769&ssl=1&resize=700%2C400 2x, https:\/\/i0.wp.com\/zeromagazine.mx\/wp-content\/uploads\/2024\/10\/05_11.jpg?fit=1200%2C769&ssl=1&resize=1050%2C600 3x"},"classes":[]}],"jetpack_sharing_enabled":true,"builder_content":"","_links":{"self":[{"href":"https:\/\/zeromagazine.mx\/index.php\/wp-json\/wp\/v2\/posts\/88335","targetHints":{"allow":["GET"]}}],"collection":[{"href":"https:\/\/zeromagazine.mx\/index.php\/wp-json\/wp\/v2\/posts"}],"about":[{"href":"https:\/\/zeromagazine.mx\/index.php\/wp-json\/wp\/v2\/types\/post"}],"author":[{"embeddable":true,"href":"https:\/\/zeromagazine.mx\/index.php\/wp-json\/wp\/v2\/users\/2"}],"replies":[{"embeddable":true,"href":"https:\/\/zeromagazine.mx\/index.php\/wp-json\/wp\/v2\/comments?post=88335"}],"version-history":[{"count":11,"href":"https:\/\/zeromagazine.mx\/index.php\/wp-json\/wp\/v2\/posts\/88335\/revisions"}],"predecessor-version":[{"id":88350,"href":"https:\/\/zeromagazine.mx\/index.php\/wp-json\/wp\/v2\/posts\/88335\/revisions\/88350"}],"wp:featuredmedia":[{"embeddable":true,"href":"https:\/\/zeromagazine.mx\/index.php\/wp-json\/wp\/v2\/media\/88336"}],"wp:attachment":[{"href":"https:\/\/zeromagazine.mx\/index.php\/wp-json\/wp\/v2\/media?parent=88335"}],"wp:term":[{"taxonomy":"category","embeddable":true,"href":"https:\/\/zeromagazine.mx\/index.php\/wp-json\/wp\/v2\/categories?post=88335"},{"taxonomy":"post_tag","embeddable":true,"href":"https:\/\/zeromagazine.mx\/index.php\/wp-json\/wp\/v2\/tags?post=88335"}],"curies":[{"name":"wp","href":"https:\/\/api.w.org\/{rel}","templated":true}]}}