{"id":88713,"date":"2024-10-29T04:22:43","date_gmt":"2024-10-29T03:22:43","guid":{"rendered":"https:\/\/zeromagazine.mx\/?p=88713"},"modified":"2024-10-29T04:22:45","modified_gmt":"2024-10-29T03:22:45","slug":"dia-de-muertos-sabor-y-estilo","status":"publish","type":"post","link":"https:\/\/zeromagazine.mx\/index.php\/2024\/10\/29\/dia-de-muertos-sabor-y-estilo\/","title":{"rendered":"\u00abD\u00eda de Muertos: Sabor y Estilo\u00bb"},"content":{"rendered":"<!--themify_builder_content-->\n<div id=\"themify_builder_content-88713\" data-postid=\"88713\" class=\"themify_builder_content themify_builder_content-88713 themify_builder tf_clear\">\n    <\/div>\n<!--\/themify_builder_content-->\n\n\n<p>\u00a1Hey, foodie fam! &nbsp;Se acerca una de las \u00e9pocas m\u00e1s chidas del a\u00f1o: el D\u00eda de los Muertos. Esta tradici\u00f3n mexicana es un momento para recordar a nuestros seres queridos que ya no est\u00e1n, pero tambi\u00e9n es una oportunidad para disfrutar de la vida, la cultura y, por supuesto, \u00a1la comida! Y este a\u00f1o, el chef Roberto Alcocer tiene algo s\u00faper especial preparado para nosotros: un&nbsp;<strong>men\u00fa negro<\/strong>&nbsp;en su restaurante&nbsp;<strong>Valle<\/strong>, que se encuentra en el&nbsp;<strong>Mission Pacific Beach Resort<\/strong>.<\/p>\n\n\n\n<h4 class=\"wp-block-heading\"><strong>El chef y su conexi\u00f3n con la tradici\u00f3n<\/strong><\/h4>\n\n\n\n<p>Roberto Alcocer no es solo un chef: es un verdadero artista en la cocina. Con una estrella MICHELIN en su curr\u00edculum, este dude sabe c\u00f3mo elevar la gastronom\u00eda mexicana a otro nivel. Para \u00e9l, el D\u00eda de los Muertos no es solo una festividad; es un momento personal para honrar a sus seres queridos. Es un tiempo para reflexionar y celebrar la vida de aquellos que han partido. Con el Men\u00fa Negro, Alcocer busca rendir homenaje a esta rica tradici\u00f3n, combinando elementos visuales y sabores que representan la profundidad y la riqueza del color negro.&nbsp;<\/p>\n\n\n\n<h4 class=\"wp-block-heading\"><strong>Un Men\u00fa Que Habla por S\u00ed Mismo<\/strong><\/h4>\n\n\n\n<figure class=\"wp-block-image size-full is-resized\"><img data-recalc-dims=\"1\" decoding=\"async\" width=\"1165\" height=\"777\" src=\"https:\/\/i0.wp.com\/zeromagazine.mx\/wp-content\/uploads\/2024\/10\/Dia-De-Los-Muertos-Social-Graphics_Aspect-Ratio-3-2-1080x720-2.png?resize=1165%2C777&#038;ssl=1\" alt=\"\" class=\"wp-image-88714\" style=\"width:1451px;height:auto\" srcset=\"https:\/\/i0.wp.com\/zeromagazine.mx\/wp-content\/uploads\/2024\/10\/Dia-De-Los-Muertos-Social-Graphics_Aspect-Ratio-3-2-1080x720-2.png?w=2250&amp;ssl=1 2250w, https:\/\/i0.wp.com\/zeromagazine.mx\/wp-content\/uploads\/2024\/10\/Dia-De-Los-Muertos-Social-Graphics_Aspect-Ratio-3-2-1080x720-2.png?resize=300%2C200&amp;ssl=1 300w, https:\/\/i0.wp.com\/zeromagazine.mx\/wp-content\/uploads\/2024\/10\/Dia-De-Los-Muertos-Social-Graphics_Aspect-Ratio-3-2-1080x720-2.png?resize=1024%2C683&amp;ssl=1 1024w, https:\/\/i0.wp.com\/zeromagazine.mx\/wp-content\/uploads\/2024\/10\/Dia-De-Los-Muertos-Social-Graphics_Aspect-Ratio-3-2-1080x720-2.png?resize=768%2C512&amp;ssl=1 768w, https:\/\/i0.wp.com\/zeromagazine.mx\/wp-content\/uploads\/2024\/10\/Dia-De-Los-Muertos-Social-Graphics_Aspect-Ratio-3-2-1080x720-2.png?resize=1536%2C1024&amp;ssl=1 1536w, https:\/\/i0.wp.com\/zeromagazine.mx\/wp-content\/uploads\/2024\/10\/Dia-De-Los-Muertos-Social-Graphics_Aspect-Ratio-3-2-1080x720-2.png?resize=2048%2C1365&amp;ssl=1 2048w\" sizes=\"(max-width: 1165px) 100vw, 1165px\" \/><\/figure>\n\n\n\n\n<script async src=\"https:\/\/pagead2.googlesyndication.com\/pagead\/js\/adsbygoogle.js?client=ca-pub-5499304793904745\"\n     crossorigin=\"anonymous\"><\/script>\n<ins class=\"adsbygoogle\"\n     style=\"display:block; text-align:center;\"\n     data-ad-layout=\"in-article\"\n     data-ad-format=\"fluid\"\n     data-ad-client=\"ca-pub-5499304793904745\"\n     data-ad-slot=\"5994863093\"><\/ins>\n<script>\n     (adsbygoogle = window.adsbygoogle || []).push({});\n<\/script>\n\n\n\n<p>Imagina esto: el 2 de noviembre, entras a Valle y te recibe una atm\u00f3sfera oscura y misteriosa. Todo el men\u00fa est\u00e1 dise\u00f1ado en torno al color negro, lo que hace que cada platillo sea no solo una delicia al paladar, sino tambi\u00e9n un fest\u00edn visual. Aqu\u00ed te doy un sneak peek de algunas de las creaciones que podr\u00e1s degustar:<\/p>\n\n\n\n<ul class=\"wp-block-list\">\n<li><strong>Tartar de cebolla negra:<\/strong>\u00a0Este platillo es el inicio perfecto para tu experiencia. La cebolla negra no solo tiene un sabor \u00fanico, sino que tambi\u00e9n es un s\u00edmbolo de la complejidad de la vida.<\/li>\n\n\n\n<li><strong>Trufa negra:<\/strong>\u00a0Porque, let&#8217;s be real, todo es mejor con trufas. Este ingrediente lujoso eleva cualquier platillo y es la adici\u00f3n perfecta para mantener esa vibra sofisticada.<\/li>\n\n\n\n<li><strong>Bacalao Negro:<\/strong>\u00a0Este platillo es una reinterpretaci\u00f3n contempor\u00e1nea de un cl\u00e1sico mexicano. El bacalao negro es perfecto para recordar que a veces, lo m\u00e1s tradicional puede tener un giro moderno.<\/li>\n\n\n\n<li><strong>A5 Wagyu con Chichillo Negro:<\/strong>\u00a0Y para cerrar con broche de oro, \u00a1el A5 wagyu! Este tipo de carne es conocido por ser de los mejores del mundo, y el chichillo negro a\u00f1ade ese extra que lo hace unforgettable.<\/li>\n<\/ul>\n\n\n\n<p>\u00a1Y no te olvides de los c\u00f3cteles! En colaboraci\u00f3n con&nbsp;<strong>maestro Dobel Tequila<\/strong>, habr\u00e1 opciones de maridaje de c\u00f3cteles premium que elevar\u00e1n tu cena a otro nivel. La selecci\u00f3n de tequilas est\u00e1 cuidadosamente dise\u00f1ada para complementar cada plato, y cr\u00e9eme, no querr\u00e1s perd\u00e9rtelos.<\/p>\n\n\n\n<h4 class=\"wp-block-heading\"><strong>Un Evento Para Recordar<\/strong><\/h4>\n\n\n\n<p>Este evento es m\u00e1s que solo cenar; es una experiencia completa. El ambiente, la comida y el significado detr\u00e1s de cada platillo se combinan para crear una noche m\u00e1gica. Alcocer est\u00e1 llevando el esp\u00edritu del D\u00eda de los Muertos a Valle por tercer a\u00f1o consecutivo, y eso es algo que no podemos dejar pasar. Esta cena no solo es una oportunidad para disfrutar de buena comida, sino tambi\u00e9n para conectar con nuestras ra\u00edces y recordar a aquellos que han marcado nuestras vidas.&nbsp;<\/p>\n\n\n\n<h4 class=\"wp-block-heading\"><strong>Detalles importantes para el 2 de noviembre<\/strong><\/h4>\n\n\n\n<ul class=\"wp-block-list\">\n<li><strong>Fecha:<\/strong>\u00a0S\u00e1bado, 2 de noviembre de 2024<\/li>\n\n\n\n<li><strong>Ubicaci\u00f3n:<\/strong>\u00a0Valle, Mission Pacific Beach Resort, Oceanside, CA<\/li>\n<\/ul>\n\n\n\n<p>Si est\u00e1s en la zona, aseg\u00farate de hacer tu reservaci\u00f3n, porque este evento va a ser lit. \u00a1No te quedes fuera!<\/p>\n\n\n\n<h4 class=\"wp-block-heading\"><strong>Reflexionando sobre la vida y la muerte<\/strong><\/h4>\n\n\n\n<p>El D\u00eda de los Muertos es un recordatorio de que la vida es preciosa y debemos celebrar cada momento. El chef Alcocer nos invita a hacer una pausa y reflexionar sobre nuestras propias vidas, sobre las personas que han influido en nosotros, y sobre c\u00f3mo podemos honrarlos a trav\u00e9s de nuestras acciones. En cada bocado del men\u00fa negro, hay una historia de amor, de p\u00e9rdida y de celebraci\u00f3n.<\/p>\n\n\n\n<p>En un mundo donde a menudo estamos tan ocupados, es vital encontrar momentos para recordar y celebrar. Este evento en Valle es una oportunidad perfecta para hacerlo, rodeado de buena compa\u00f1\u00eda y, por supuesto, \u00a1comida incre\u00edble!&nbsp;<\/p>\n\n\n\n<h4 class=\"wp-block-heading\"><strong>Un llamado a la acci\u00f3n<\/strong><\/h4>\n\n\n\n<p>As\u00ed que, \u00bfqu\u00e9 est\u00e1s esperando? Marca en tu calendario el 2 de noviembre y prep\u00e1rate para una experiencia culinaria que no solo llenar\u00e1 tu est\u00f3mago, sino tambi\u00e9n tu alma. Invita a tus amigos, a tu familia, o ve solo, pero aseg\u00farate de ser parte de esta celebraci\u00f3n \u00fanica del D\u00eda de los Muertos.<\/p>\n\n\n\n<h3 class=\"wp-block-heading\"><strong>Final Thoughts<\/strong><\/h3>\n\n\n\n<p>Al final del d\u00eda, el men\u00fa negro de Roberto Alcocer en Valle es m\u00e1s que un simple evento gastron\u00f3mico. Es una celebraci\u00f3n de la vida, la memoria y la tradici\u00f3n. Es un recordatorio de que aunque nuestros seres queridos ya no est\u00e9n f\u00edsicamente con nosotros, su esp\u00edritu sigue vivo en nuestras memorias y en las experiencias que compartimos. As\u00ed que ve, disfruta y celebra la vida a trav\u00e9s de la comida. Despu\u00e9s de todo, la vida es para vivirla al m\u00e1ximo, y qu\u00e9 mejor manera de hacerlo que con un men\u00fa que rinde homenaje a nuestra rica cultura y tradiciones.<\/p>\n\n\n\n<p>No olvides seguir a Valle y a Roberto Alcocer en redes sociales para m\u00e1s updates sobre este y futuros eventos. \u00a1Nos vemos en la cena!<\/p>","protected":false},"excerpt":{"rendered":"<p>\u00a1Hey, foodie fam! &nbsp;Se acerca una de las \u00e9pocas m\u00e1s chidas del a\u00f1o: el D\u00eda de los Muertos. Esta tradici\u00f3n mexicana es un momento para recordar a nuestros seres queridos que ya no est\u00e1n, pero tambi\u00e9n es una oportunidad para disfrutar de la vida, la cultura y, por supuesto, \u00a1la comida! Y este a\u00f1o, el [&hellip;]<\/p>\n","protected":false},"author":2,"featured_media":88714,"comment_status":"open","ping_status":"open","sticky":false,"template":"","format":"standard","meta":{"_jetpack_memberships_contains_paid_content":false,"footnotes":"","jetpack_publicize_message":"","jetpack_publicize_feature_enabled":true,"jetpack_social_post_already_shared":true,"jetpack_social_options":{"image_generator_settings":{"template":"highway","default_image_id":0,"font":"","enabled":false},"version":2}},"categories":[6870],"tags":[11135,11197,6014],"class_list":["post-88713","post","type-post","status-publish","format-standard","has-post-thumbnail","hentry","category-foodie","tag-chefs-destacados","tag-comida-mexicana-contemporanea","tag-dia-de-los-muertos","has-post-title","has-post-date","has-post-category","has-post-tag","has-post-comment","has-post-author",""],"yoast_head":"<!-- This site is optimized with the Yoast SEO plugin v27.5 - https:\/\/yoast.com\/product\/yoast-seo-wordpress\/ -->\n<title>&quot;D\u00eda de Muertos: Sabor y Estilo&quot; - Zero Magazine<\/title>\n<meta name=\"robots\" content=\"index, follow, max-snippet:-1, max-image-preview:large, max-video-preview:-1\" \/>\n<link rel=\"canonical\" href=\"https:\/\/zeromagazine.mx\/index.php\/2024\/10\/29\/dia-de-muertos-sabor-y-estilo\/\" \/>\n<meta property=\"og:locale\" content=\"es_ES\" \/>\n<meta property=\"og:type\" content=\"article\" \/>\n<meta property=\"og:title\" content=\"&quot;D\u00eda de Muertos: Sabor y Estilo&quot; - Zero Magazine\" \/>\n<meta property=\"og:description\" content=\"\u00a1Hey, foodie fam! &nbsp;Se acerca una de las \u00e9pocas m\u00e1s chidas del a\u00f1o: el D\u00eda de los Muertos. Esta tradici\u00f3n mexicana es un momento para recordar a nuestros seres queridos que ya no est\u00e1n, pero tambi\u00e9n es una oportunidad para disfrutar de la vida, la cultura y, por supuesto, \u00a1la comida! Y este a\u00f1o, el [&hellip;]\" \/>\n<meta property=\"og:url\" content=\"https:\/\/zeromagazine.mx\/index.php\/2024\/10\/29\/dia-de-muertos-sabor-y-estilo\/\" \/>\n<meta property=\"og:site_name\" content=\"Zero Magazine\" \/>\n<meta property=\"article:published_time\" content=\"2024-10-29T03:22:43+00:00\" \/>\n<meta property=\"article:modified_time\" content=\"2024-10-29T03:22:45+00:00\" \/>\n<meta property=\"og:image\" content=\"http:\/\/zeromagazine.mx\/wp-content\/uploads\/2024\/10\/Dia-De-Los-Muertos-Social-Graphics_Aspect-Ratio-3-2-1080x720-2.png\" \/>\n\t<meta property=\"og:image:width\" content=\"2250\" \/>\n\t<meta property=\"og:image:height\" content=\"1500\" \/>\n\t<meta property=\"og:image:type\" content=\"image\/png\" \/>\n<meta name=\"author\" content=\"zeromagazinemx\" \/>\n<meta name=\"twitter:card\" content=\"summary_large_image\" \/>\n<meta name=\"twitter:label1\" content=\"Escrito por\" \/>\n\t<meta name=\"twitter:data1\" content=\"zeromagazinemx\" \/>\n\t<meta name=\"twitter:label2\" content=\"Tiempo de lectura\" \/>\n\t<meta name=\"twitter:data2\" content=\"5 minutos\" \/>\n<script type=\"application\/ld+json\" class=\"yoast-schema-graph\">{\"@context\":\"https:\\\/\\\/schema.org\",\"@graph\":[{\"@type\":\"Article\",\"@id\":\"https:\\\/\\\/zeromagazine.mx\\\/index.php\\\/2024\\\/10\\\/29\\\/dia-de-muertos-sabor-y-estilo\\\/#article\",\"isPartOf\":{\"@id\":\"https:\\\/\\\/zeromagazine.mx\\\/index.php\\\/2024\\\/10\\\/29\\\/dia-de-muertos-sabor-y-estilo\\\/\"},\"author\":{\"name\":\"zeromagazinemx\",\"@id\":\"https:\\\/\\\/zeromagazine.mx\\\/#\\\/schema\\\/person\\\/9aed9f33a7c39af3a348b86d723f7773\"},\"headline\":\"\u00abD\u00eda de Muertos: Sabor y Estilo\u00bb\",\"datePublished\":\"2024-10-29T03:22:43+00:00\",\"dateModified\":\"2024-10-29T03:22:45+00:00\",\"mainEntityOfPage\":{\"@id\":\"https:\\\/\\\/zeromagazine.mx\\\/index.php\\\/2024\\\/10\\\/29\\\/dia-de-muertos-sabor-y-estilo\\\/\"},\"wordCount\":937,\"commentCount\":0,\"publisher\":{\"@id\":\"https:\\\/\\\/zeromagazine.mx\\\/#organization\"},\"image\":{\"@id\":\"https:\\\/\\\/zeromagazine.mx\\\/index.php\\\/2024\\\/10\\\/29\\\/dia-de-muertos-sabor-y-estilo\\\/#primaryimage\"},\"thumbnailUrl\":\"https:\\\/\\\/i0.wp.com\\\/zeromagazine.mx\\\/wp-content\\\/uploads\\\/2024\\\/10\\\/Dia-De-Los-Muertos-Social-Graphics_Aspect-Ratio-3-2-1080x720-2.png?fit=2250%2C1500&ssl=1\",\"keywords\":[\"Chefs destacados\",\"Comida mexicana contempor\u00e1nea\",\"d\u00eda de los muertos\"],\"articleSection\":[\"Foodie\"],\"inLanguage\":\"es\",\"potentialAction\":[{\"@type\":\"CommentAction\",\"name\":\"Comment\",\"target\":[\"https:\\\/\\\/zeromagazine.mx\\\/index.php\\\/2024\\\/10\\\/29\\\/dia-de-muertos-sabor-y-estilo\\\/#respond\"]}]},{\"@type\":\"WebPage\",\"@id\":\"https:\\\/\\\/zeromagazine.mx\\\/index.php\\\/2024\\\/10\\\/29\\\/dia-de-muertos-sabor-y-estilo\\\/\",\"url\":\"https:\\\/\\\/zeromagazine.mx\\\/index.php\\\/2024\\\/10\\\/29\\\/dia-de-muertos-sabor-y-estilo\\\/\",\"name\":\"\\\"D\u00eda de Muertos: Sabor y Estilo\\\" - Zero Magazine\",\"isPartOf\":{\"@id\":\"https:\\\/\\\/zeromagazine.mx\\\/#website\"},\"primaryImageOfPage\":{\"@id\":\"https:\\\/\\\/zeromagazine.mx\\\/index.php\\\/2024\\\/10\\\/29\\\/dia-de-muertos-sabor-y-estilo\\\/#primaryimage\"},\"image\":{\"@id\":\"https:\\\/\\\/zeromagazine.mx\\\/index.php\\\/2024\\\/10\\\/29\\\/dia-de-muertos-sabor-y-estilo\\\/#primaryimage\"},\"thumbnailUrl\":\"https:\\\/\\\/i0.wp.com\\\/zeromagazine.mx\\\/wp-content\\\/uploads\\\/2024\\\/10\\\/Dia-De-Los-Muertos-Social-Graphics_Aspect-Ratio-3-2-1080x720-2.png?fit=2250%2C1500&ssl=1\",\"datePublished\":\"2024-10-29T03:22:43+00:00\",\"dateModified\":\"2024-10-29T03:22:45+00:00\",\"breadcrumb\":{\"@id\":\"https:\\\/\\\/zeromagazine.mx\\\/index.php\\\/2024\\\/10\\\/29\\\/dia-de-muertos-sabor-y-estilo\\\/#breadcrumb\"},\"inLanguage\":\"es\",\"potentialAction\":[{\"@type\":\"ReadAction\",\"target\":[\"https:\\\/\\\/zeromagazine.mx\\\/index.php\\\/2024\\\/10\\\/29\\\/dia-de-muertos-sabor-y-estilo\\\/\"]}]},{\"@type\":\"ImageObject\",\"inLanguage\":\"es\",\"@id\":\"https:\\\/\\\/zeromagazine.mx\\\/index.php\\\/2024\\\/10\\\/29\\\/dia-de-muertos-sabor-y-estilo\\\/#primaryimage\",\"url\":\"https:\\\/\\\/i0.wp.com\\\/zeromagazine.mx\\\/wp-content\\\/uploads\\\/2024\\\/10\\\/Dia-De-Los-Muertos-Social-Graphics_Aspect-Ratio-3-2-1080x720-2.png?fit=2250%2C1500&ssl=1\",\"contentUrl\":\"https:\\\/\\\/i0.wp.com\\\/zeromagazine.mx\\\/wp-content\\\/uploads\\\/2024\\\/10\\\/Dia-De-Los-Muertos-Social-Graphics_Aspect-Ratio-3-2-1080x720-2.png?fit=2250%2C1500&ssl=1\",\"width\":2250,\"height\":1500},{\"@type\":\"BreadcrumbList\",\"@id\":\"https:\\\/\\\/zeromagazine.mx\\\/index.php\\\/2024\\\/10\\\/29\\\/dia-de-muertos-sabor-y-estilo\\\/#breadcrumb\",\"itemListElement\":[{\"@type\":\"ListItem\",\"position\":1,\"name\":\"Portada\",\"item\":\"https:\\\/\\\/zeromagazine.mx\\\/\"},{\"@type\":\"ListItem\",\"position\":2,\"name\":\"\u00abD\u00eda de Muertos: Sabor y Estilo\u00bb\"}]},{\"@type\":\"WebSite\",\"@id\":\"https:\\\/\\\/zeromagazine.mx\\\/#website\",\"url\":\"https:\\\/\\\/zeromagazine.mx\\\/\",\"name\":\"Zero Magazine\",\"description\":\"\",\"publisher\":{\"@id\":\"https:\\\/\\\/zeromagazine.mx\\\/#organization\"},\"potentialAction\":[{\"@type\":\"SearchAction\",\"target\":{\"@type\":\"EntryPoint\",\"urlTemplate\":\"https:\\\/\\\/zeromagazine.mx\\\/?s={search_term_string}\"},\"query-input\":{\"@type\":\"PropertyValueSpecification\",\"valueRequired\":true,\"valueName\":\"search_term_string\"}}],\"inLanguage\":\"es\"},{\"@type\":\"Organization\",\"@id\":\"https:\\\/\\\/zeromagazine.mx\\\/#organization\",\"name\":\"Zero Magazine\",\"url\":\"https:\\\/\\\/zeromagazine.mx\\\/\",\"logo\":{\"@type\":\"ImageObject\",\"inLanguage\":\"es\",\"@id\":\"https:\\\/\\\/zeromagazine.mx\\\/#\\\/schema\\\/logo\\\/image\\\/\",\"url\":\"https:\\\/\\\/i0.wp.com\\\/zeromagazine.mx\\\/wp-content\\\/uploads\\\/2025\\\/11\\\/1.jpeg?fit=1000%2C1000&ssl=1\",\"contentUrl\":\"https:\\\/\\\/i0.wp.com\\\/zeromagazine.mx\\\/wp-content\\\/uploads\\\/2025\\\/11\\\/1.jpeg?fit=1000%2C1000&ssl=1\",\"width\":1000,\"height\":1000,\"caption\":\"Zero Magazine\"},\"image\":{\"@id\":\"https:\\\/\\\/zeromagazine.mx\\\/#\\\/schema\\\/logo\\\/image\\\/\"},\"sameAs\":[\"https:\\\/\\\/instagram.com\\\/zeromagazinemx\"]},{\"@type\":\"Person\",\"@id\":\"https:\\\/\\\/zeromagazine.mx\\\/#\\\/schema\\\/person\\\/9aed9f33a7c39af3a348b86d723f7773\",\"name\":\"zeromagazinemx\",\"image\":{\"@type\":\"ImageObject\",\"inLanguage\":\"es\",\"@id\":\"https:\\\/\\\/zeromagazine.mx\\\/wp-content\\\/litespeed\\\/avatar\\\/f91dfe5410d5dcb1a576bf8c45983896.jpg?ver=1777571230\",\"url\":\"https:\\\/\\\/zeromagazine.mx\\\/wp-content\\\/litespeed\\\/avatar\\\/f91dfe5410d5dcb1a576bf8c45983896.jpg?ver=1777571230\",\"contentUrl\":\"https:\\\/\\\/zeromagazine.mx\\\/wp-content\\\/litespeed\\\/avatar\\\/f91dfe5410d5dcb1a576bf8c45983896.jpg?ver=1777571230\",\"caption\":\"zeromagazinemx\"},\"url\":\"https:\\\/\\\/zeromagazine.mx\\\/index.php\\\/author\\\/zeromagazinemx\\\/\"}]}<\/script>\n<!-- \/ Yoast SEO plugin. -->","yoast_head_json":{"title":"\"D\u00eda de Muertos: Sabor y Estilo\" - Zero Magazine","robots":{"index":"index","follow":"follow","max-snippet":"max-snippet:-1","max-image-preview":"max-image-preview:large","max-video-preview":"max-video-preview:-1"},"canonical":"https:\/\/zeromagazine.mx\/index.php\/2024\/10\/29\/dia-de-muertos-sabor-y-estilo\/","og_locale":"es_ES","og_type":"article","og_title":"\"D\u00eda de Muertos: Sabor y Estilo\" - Zero Magazine","og_description":"\u00a1Hey, foodie fam! &nbsp;Se acerca una de las \u00e9pocas m\u00e1s chidas del a\u00f1o: el D\u00eda de los Muertos. Esta tradici\u00f3n mexicana es un momento para recordar a nuestros seres queridos que ya no est\u00e1n, pero tambi\u00e9n es una oportunidad para disfrutar de la vida, la cultura y, por supuesto, \u00a1la comida! Y este a\u00f1o, el [&hellip;]","og_url":"https:\/\/zeromagazine.mx\/index.php\/2024\/10\/29\/dia-de-muertos-sabor-y-estilo\/","og_site_name":"Zero Magazine","article_published_time":"2024-10-29T03:22:43+00:00","article_modified_time":"2024-10-29T03:22:45+00:00","og_image":[{"width":2250,"height":1500,"url":"http:\/\/zeromagazine.mx\/wp-content\/uploads\/2024\/10\/Dia-De-Los-Muertos-Social-Graphics_Aspect-Ratio-3-2-1080x720-2.png","type":"image\/png"}],"author":"zeromagazinemx","twitter_card":"summary_large_image","twitter_misc":{"Escrito por":"zeromagazinemx","Tiempo de lectura":"5 minutos"},"schema":{"@context":"https:\/\/schema.org","@graph":[{"@type":"Article","@id":"https:\/\/zeromagazine.mx\/index.php\/2024\/10\/29\/dia-de-muertos-sabor-y-estilo\/#article","isPartOf":{"@id":"https:\/\/zeromagazine.mx\/index.php\/2024\/10\/29\/dia-de-muertos-sabor-y-estilo\/"},"author":{"name":"zeromagazinemx","@id":"https:\/\/zeromagazine.mx\/#\/schema\/person\/9aed9f33a7c39af3a348b86d723f7773"},"headline":"\u00abD\u00eda de Muertos: Sabor y Estilo\u00bb","datePublished":"2024-10-29T03:22:43+00:00","dateModified":"2024-10-29T03:22:45+00:00","mainEntityOfPage":{"@id":"https:\/\/zeromagazine.mx\/index.php\/2024\/10\/29\/dia-de-muertos-sabor-y-estilo\/"},"wordCount":937,"commentCount":0,"publisher":{"@id":"https:\/\/zeromagazine.mx\/#organization"},"image":{"@id":"https:\/\/zeromagazine.mx\/index.php\/2024\/10\/29\/dia-de-muertos-sabor-y-estilo\/#primaryimage"},"thumbnailUrl":"https:\/\/i0.wp.com\/zeromagazine.mx\/wp-content\/uploads\/2024\/10\/Dia-De-Los-Muertos-Social-Graphics_Aspect-Ratio-3-2-1080x720-2.png?fit=2250%2C1500&ssl=1","keywords":["Chefs destacados","Comida mexicana contempor\u00e1nea","d\u00eda de los muertos"],"articleSection":["Foodie"],"inLanguage":"es","potentialAction":[{"@type":"CommentAction","name":"Comment","target":["https:\/\/zeromagazine.mx\/index.php\/2024\/10\/29\/dia-de-muertos-sabor-y-estilo\/#respond"]}]},{"@type":"WebPage","@id":"https:\/\/zeromagazine.mx\/index.php\/2024\/10\/29\/dia-de-muertos-sabor-y-estilo\/","url":"https:\/\/zeromagazine.mx\/index.php\/2024\/10\/29\/dia-de-muertos-sabor-y-estilo\/","name":"\"D\u00eda de Muertos: Sabor y Estilo\" - Zero Magazine","isPartOf":{"@id":"https:\/\/zeromagazine.mx\/#website"},"primaryImageOfPage":{"@id":"https:\/\/zeromagazine.mx\/index.php\/2024\/10\/29\/dia-de-muertos-sabor-y-estilo\/#primaryimage"},"image":{"@id":"https:\/\/zeromagazine.mx\/index.php\/2024\/10\/29\/dia-de-muertos-sabor-y-estilo\/#primaryimage"},"thumbnailUrl":"https:\/\/i0.wp.com\/zeromagazine.mx\/wp-content\/uploads\/2024\/10\/Dia-De-Los-Muertos-Social-Graphics_Aspect-Ratio-3-2-1080x720-2.png?fit=2250%2C1500&ssl=1","datePublished":"2024-10-29T03:22:43+00:00","dateModified":"2024-10-29T03:22:45+00:00","breadcrumb":{"@id":"https:\/\/zeromagazine.mx\/index.php\/2024\/10\/29\/dia-de-muertos-sabor-y-estilo\/#breadcrumb"},"inLanguage":"es","potentialAction":[{"@type":"ReadAction","target":["https:\/\/zeromagazine.mx\/index.php\/2024\/10\/29\/dia-de-muertos-sabor-y-estilo\/"]}]},{"@type":"ImageObject","inLanguage":"es","@id":"https:\/\/zeromagazine.mx\/index.php\/2024\/10\/29\/dia-de-muertos-sabor-y-estilo\/#primaryimage","url":"https:\/\/i0.wp.com\/zeromagazine.mx\/wp-content\/uploads\/2024\/10\/Dia-De-Los-Muertos-Social-Graphics_Aspect-Ratio-3-2-1080x720-2.png?fit=2250%2C1500&ssl=1","contentUrl":"https:\/\/i0.wp.com\/zeromagazine.mx\/wp-content\/uploads\/2024\/10\/Dia-De-Los-Muertos-Social-Graphics_Aspect-Ratio-3-2-1080x720-2.png?fit=2250%2C1500&ssl=1","width":2250,"height":1500},{"@type":"BreadcrumbList","@id":"https:\/\/zeromagazine.mx\/index.php\/2024\/10\/29\/dia-de-muertos-sabor-y-estilo\/#breadcrumb","itemListElement":[{"@type":"ListItem","position":1,"name":"Portada","item":"https:\/\/zeromagazine.mx\/"},{"@type":"ListItem","position":2,"name":"\u00abD\u00eda de Muertos: Sabor y Estilo\u00bb"}]},{"@type":"WebSite","@id":"https:\/\/zeromagazine.mx\/#website","url":"https:\/\/zeromagazine.mx\/","name":"Zero Magazine","description":"","publisher":{"@id":"https:\/\/zeromagazine.mx\/#organization"},"potentialAction":[{"@type":"SearchAction","target":{"@type":"EntryPoint","urlTemplate":"https:\/\/zeromagazine.mx\/?s={search_term_string}"},"query-input":{"@type":"PropertyValueSpecification","valueRequired":true,"valueName":"search_term_string"}}],"inLanguage":"es"},{"@type":"Organization","@id":"https:\/\/zeromagazine.mx\/#organization","name":"Zero Magazine","url":"https:\/\/zeromagazine.mx\/","logo":{"@type":"ImageObject","inLanguage":"es","@id":"https:\/\/zeromagazine.mx\/#\/schema\/logo\/image\/","url":"https:\/\/i0.wp.com\/zeromagazine.mx\/wp-content\/uploads\/2025\/11\/1.jpeg?fit=1000%2C1000&ssl=1","contentUrl":"https:\/\/i0.wp.com\/zeromagazine.mx\/wp-content\/uploads\/2025\/11\/1.jpeg?fit=1000%2C1000&ssl=1","width":1000,"height":1000,"caption":"Zero Magazine"},"image":{"@id":"https:\/\/zeromagazine.mx\/#\/schema\/logo\/image\/"},"sameAs":["https:\/\/instagram.com\/zeromagazinemx"]},{"@type":"Person","@id":"https:\/\/zeromagazine.mx\/#\/schema\/person\/9aed9f33a7c39af3a348b86d723f7773","name":"zeromagazinemx","image":{"@type":"ImageObject","inLanguage":"es","@id":"https:\/\/zeromagazine.mx\/wp-content\/litespeed\/avatar\/f91dfe5410d5dcb1a576bf8c45983896.jpg?ver=1777571230","url":"https:\/\/zeromagazine.mx\/wp-content\/litespeed\/avatar\/f91dfe5410d5dcb1a576bf8c45983896.jpg?ver=1777571230","contentUrl":"https:\/\/zeromagazine.mx\/wp-content\/litespeed\/avatar\/f91dfe5410d5dcb1a576bf8c45983896.jpg?ver=1777571230","caption":"zeromagazinemx"},"url":"https:\/\/zeromagazine.mx\/index.php\/author\/zeromagazinemx\/"}]}},"jetpack_publicize_connections":[],"jetpack_featured_media_url":"https:\/\/i0.wp.com\/zeromagazine.mx\/wp-content\/uploads\/2024\/10\/Dia-De-Los-Muertos-Social-Graphics_Aspect-Ratio-3-2-1080x720-2.png?fit=2250%2C1500&ssl=1","jetpack-related-posts":[{"id":88461,"url":"https:\/\/zeromagazine.mx\/index.php\/2024\/10\/25\/cena-negra-dia-de-muertos-elevated\/","url_meta":{"origin":88713,"position":0},"title":"\u00abCena Negra: D\u00eda de Muertos Elevated\u00bb","author":"zeromagazinemx","date":"25 de octubre de 2024","format":false,"excerpt":"\u00bfQu\u00e9 tal celebrar el D\u00eda de Muertos con una cena que lleva todo el drama y sabor en un men\u00fa completamente negro? Este 2 de noviembre, el chef Roberto Alcocer un m\u00e1ster de la cocina mexicana moderna, va a poner todo su coraz\u00f3n y t\u00e9cnica en un exclusivo Men\u00fa Negro\u2026","rel":"","context":"En \u00abEntretenimiento\u00bb","block_context":{"text":"Entretenimiento","link":"https:\/\/zeromagazine.mx\/index.php\/category\/entretenimiento\/"},"img":{"alt_text":"","src":"https:\/\/i0.wp.com\/zeromagazine.mx\/wp-content\/uploads\/2024\/10\/Dia-De-Los-Muertos-Social-Graphics_Aspect-Ratio-3-2-1080x720-1.png?fit=1200%2C800&ssl=1&resize=350%2C200","width":350,"height":200,"srcset":"https:\/\/i0.wp.com\/zeromagazine.mx\/wp-content\/uploads\/2024\/10\/Dia-De-Los-Muertos-Social-Graphics_Aspect-Ratio-3-2-1080x720-1.png?fit=1200%2C800&ssl=1&resize=350%2C200 1x, https:\/\/i0.wp.com\/zeromagazine.mx\/wp-content\/uploads\/2024\/10\/Dia-De-Los-Muertos-Social-Graphics_Aspect-Ratio-3-2-1080x720-1.png?fit=1200%2C800&ssl=1&resize=525%2C300 1.5x, https:\/\/i0.wp.com\/zeromagazine.mx\/wp-content\/uploads\/2024\/10\/Dia-De-Los-Muertos-Social-Graphics_Aspect-Ratio-3-2-1080x720-1.png?fit=1200%2C800&ssl=1&resize=700%2C400 2x, https:\/\/i0.wp.com\/zeromagazine.mx\/wp-content\/uploads\/2024\/10\/Dia-De-Los-Muertos-Social-Graphics_Aspect-Ratio-3-2-1080x720-1.png?fit=1200%2C800&ssl=1&resize=1050%2C600 3x"},"classes":[]},{"id":82243,"url":"https:\/\/zeromagazine.mx\/index.php\/2024\/08\/21\/chef-roberto-estrella-que-brilla\/","url_meta":{"origin":88713,"position":1},"title":"\u00abChef Roberto: Estrella Que Brilla\u00bb","author":"zeromagazinemx","date":"21 de agosto de 2024","format":false,"excerpt":"! Hola a tod@s\u00a1, esta semana en exclusiva te contamos que el Chef Roberto Alcocer acaba de retener su estrella MICHELIN en la ceremonia de la Gu\u00eda MICHELIN California 2024. No es cualquier cosa, ya que este premio es como el Oscar de la gastronom\u00eda, y cuando te lo llevas\u2026","rel":"","context":"En \u00abFoodie\u00bb","block_context":{"text":"Foodie","link":"https:\/\/zeromagazine.mx\/index.php\/category\/lifestyle\/foodie\/"},"img":{"alt_text":"","src":"https:\/\/i0.wp.com\/zeromagazine.mx\/wp-content\/uploads\/2024\/08\/MP_valledining2_65423-scaled.jpg?fit=1200%2C750&ssl=1&resize=350%2C200","width":350,"height":200,"srcset":"https:\/\/i0.wp.com\/zeromagazine.mx\/wp-content\/uploads\/2024\/08\/MP_valledining2_65423-scaled.jpg?fit=1200%2C750&ssl=1&resize=350%2C200 1x, https:\/\/i0.wp.com\/zeromagazine.mx\/wp-content\/uploads\/2024\/08\/MP_valledining2_65423-scaled.jpg?fit=1200%2C750&ssl=1&resize=525%2C300 1.5x, https:\/\/i0.wp.com\/zeromagazine.mx\/wp-content\/uploads\/2024\/08\/MP_valledining2_65423-scaled.jpg?fit=1200%2C750&ssl=1&resize=700%2C400 2x, https:\/\/i0.wp.com\/zeromagazine.mx\/wp-content\/uploads\/2024\/08\/MP_valledining2_65423-scaled.jpg?fit=1200%2C750&ssl=1&resize=1050%2C600 3x"},"classes":[]},{"id":81279,"url":"https:\/\/zeromagazine.mx\/index.php\/2024\/08\/01\/valle-estrella-michelin-y-mas\/","url_meta":{"origin":88713,"position":2},"title":"\u00abValle: Estrella Michelin y M\u00e1s\u00bb","author":"zeromagazinemx","date":"1 de agosto de 2024","format":false,"excerpt":"Hola a tod@s,\u00a0\u00a0Hoy les traigo el chisme m\u00e1s cool del mundo culinario. Nuestro chef favorito, Roberto Alcocer, est\u00e1 a punto de tener otro momento \u00e9pico en su carrera. Es conocido por su habilidad incre\u00edble en la cocina mexicana moderna y est\u00e1 a punto de hacer historia otra vez. La Gran\u2026","rel":"","context":"En \u00abBlog\u00bb","block_context":{"text":"Blog","link":"https:\/\/zeromagazine.mx\/index.php\/category\/blog\/"},"img":{"alt_text":"","src":"https:\/\/i0.wp.com\/zeromagazine.mx\/wp-content\/uploads\/2024\/08\/20210817_Valle_%C2%A9AudreyMa_0476-scaled.jpg?fit=800%2C1200&ssl=1&resize=350%2C200","width":350,"height":200,"srcset":"https:\/\/i0.wp.com\/zeromagazine.mx\/wp-content\/uploads\/2024\/08\/20210817_Valle_%C2%A9AudreyMa_0476-scaled.jpg?fit=800%2C1200&ssl=1&resize=350%2C200 1x, https:\/\/i0.wp.com\/zeromagazine.mx\/wp-content\/uploads\/2024\/08\/20210817_Valle_%C2%A9AudreyMa_0476-scaled.jpg?fit=800%2C1200&ssl=1&resize=525%2C300 1.5x, https:\/\/i0.wp.com\/zeromagazine.mx\/wp-content\/uploads\/2024\/08\/20210817_Valle_%C2%A9AudreyMa_0476-scaled.jpg?fit=800%2C1200&ssl=1&resize=700%2C400 2x"},"classes":[]},{"id":81995,"url":"https:\/\/zeromagazine.mx\/index.php\/2024\/08\/16\/valle-estrella-michelin-y-puro-orgullo\/","url_meta":{"origin":88713,"position":3},"title":"\u00abValle: Estrella Michelin y Puro Orgullo\u00bb","author":"zeromagazinemx","date":"16 de agosto de 2024","format":false,"excerpt":"\u00a1Hola a tod@s!\u00a0\u00a0\u00bfListos para un viaje culinario que te va a dejar babeando? Imagina un spot que no solo sirve platillos de alta calidad, sino que tambi\u00e9n tiene un estilo \u00fanico que combina lo mejor de la cultura mexicana con t\u00e9cnicas modernas. Pues d\u00e9jenme contarles sobre el restaurante Valle en\u2026","rel":"","context":"En \u00abFoodie\u00bb","block_context":{"text":"Foodie","link":"https:\/\/zeromagazine.mx\/index.php\/category\/lifestyle\/foodie\/"},"img":{"alt_text":"","src":"https:\/\/i0.wp.com\/zeromagazine.mx\/wp-content\/uploads\/2024\/08\/304A9350-2-scaled.jpg?fit=1200%2C800&ssl=1&resize=350%2C200","width":350,"height":200,"srcset":"https:\/\/i0.wp.com\/zeromagazine.mx\/wp-content\/uploads\/2024\/08\/304A9350-2-scaled.jpg?fit=1200%2C800&ssl=1&resize=350%2C200 1x, https:\/\/i0.wp.com\/zeromagazine.mx\/wp-content\/uploads\/2024\/08\/304A9350-2-scaled.jpg?fit=1200%2C800&ssl=1&resize=525%2C300 1.5x, https:\/\/i0.wp.com\/zeromagazine.mx\/wp-content\/uploads\/2024\/08\/304A9350-2-scaled.jpg?fit=1200%2C800&ssl=1&resize=700%2C400 2x, https:\/\/i0.wp.com\/zeromagazine.mx\/wp-content\/uploads\/2024\/08\/304A9350-2-scaled.jpg?fit=1200%2C800&ssl=1&resize=1050%2C600 3x"},"classes":[]},{"id":79994,"url":"https:\/\/zeromagazine.mx\/index.php\/2024\/07\/05\/primer-restaurante-con-estrella-michelin-en-oceanside\/","url_meta":{"origin":88713,"position":4},"title":"1er Restaurante con Estrella Michelin en Oceanside","author":"zeromagazinemx","date":"5 de julio de 2024","format":false,"excerpt":"\u00bfTe imaginas entrar a un lugar donde cada platillo es una verdadera obra de arte? Pues en 2021, el s\u00faper famoso Chef Roberto Alcocer abri\u00f3 Valle en Oceanside, California, y desde entonces ha sido el boom en la escena culinaria. Su pasi\u00f3n por la cocina ha hecho que Valle sea\u2026","rel":"","context":"En \u00abFoodie\u00bb","block_context":{"text":"Foodie","link":"https:\/\/zeromagazine.mx\/index.php\/category\/lifestyle\/foodie\/"},"img":{"alt_text":"","src":"https:\/\/i0.wp.com\/zeromagazine.mx\/wp-content\/uploads\/2024\/07\/tHJqMr5k-scaled.jpeg?fit=1200%2C750&ssl=1&resize=350%2C200","width":350,"height":200,"srcset":"https:\/\/i0.wp.com\/zeromagazine.mx\/wp-content\/uploads\/2024\/07\/tHJqMr5k-scaled.jpeg?fit=1200%2C750&ssl=1&resize=350%2C200 1x, https:\/\/i0.wp.com\/zeromagazine.mx\/wp-content\/uploads\/2024\/07\/tHJqMr5k-scaled.jpeg?fit=1200%2C750&ssl=1&resize=525%2C300 1.5x, https:\/\/i0.wp.com\/zeromagazine.mx\/wp-content\/uploads\/2024\/07\/tHJqMr5k-scaled.jpeg?fit=1200%2C750&ssl=1&resize=700%2C400 2x, https:\/\/i0.wp.com\/zeromagazine.mx\/wp-content\/uploads\/2024\/07\/tHJqMr5k-scaled.jpeg?fit=1200%2C750&ssl=1&resize=1050%2C600 3x"},"classes":[]},{"id":71448,"url":"https:\/\/zeromagazine.mx\/index.php\/2024\/03\/06\/chef-roberto-alcocer-estrella-michelin-en-sabor-es-polanco-2024\/","url_meta":{"origin":88713,"position":5},"title":"Chef Roberto Alcocer, estrella Michelin en Sabor es Polanco 2024","author":"zeromagazinemx","date":"6 de marzo de 2024","format":false,"excerpt":"Prep\u00e1rense para un evento culinario de otro nivel, estamos hablando de la d\u00e9cima edici\u00f3n de Sabor es Polanco 2024, \u00a1la fiesta gastron\u00f3mica del a\u00f1o! \u00bfSe imaginan poder degustar los platillos del reconocido Chef Roberto Alcocer? \u00a1S\u00ed, el mismo que tiene una estrella Michelin en San Diego! Su genialidad en la\u2026","rel":"","context":"En \u00abBlog\u00bb","block_context":{"text":"Blog","link":"https:\/\/zeromagazine.mx\/index.php\/category\/blog\/"},"img":{"alt_text":"","src":"https:\/\/i0.wp.com\/zeromagazine.mx\/wp-content\/uploads\/2024\/03\/ALCOCER-001-scaled.jpg?fit=1200%2C800&ssl=1&resize=350%2C200","width":350,"height":200,"srcset":"https:\/\/i0.wp.com\/zeromagazine.mx\/wp-content\/uploads\/2024\/03\/ALCOCER-001-scaled.jpg?fit=1200%2C800&ssl=1&resize=350%2C200 1x, https:\/\/i0.wp.com\/zeromagazine.mx\/wp-content\/uploads\/2024\/03\/ALCOCER-001-scaled.jpg?fit=1200%2C800&ssl=1&resize=525%2C300 1.5x, https:\/\/i0.wp.com\/zeromagazine.mx\/wp-content\/uploads\/2024\/03\/ALCOCER-001-scaled.jpg?fit=1200%2C800&ssl=1&resize=700%2C400 2x, https:\/\/i0.wp.com\/zeromagazine.mx\/wp-content\/uploads\/2024\/03\/ALCOCER-001-scaled.jpg?fit=1200%2C800&ssl=1&resize=1050%2C600 3x"},"classes":[]}],"jetpack_sharing_enabled":true,"builder_content":"","_links":{"self":[{"href":"https:\/\/zeromagazine.mx\/index.php\/wp-json\/wp\/v2\/posts\/88713","targetHints":{"allow":["GET"]}}],"collection":[{"href":"https:\/\/zeromagazine.mx\/index.php\/wp-json\/wp\/v2\/posts"}],"about":[{"href":"https:\/\/zeromagazine.mx\/index.php\/wp-json\/wp\/v2\/types\/post"}],"author":[{"embeddable":true,"href":"https:\/\/zeromagazine.mx\/index.php\/wp-json\/wp\/v2\/users\/2"}],"replies":[{"embeddable":true,"href":"https:\/\/zeromagazine.mx\/index.php\/wp-json\/wp\/v2\/comments?post=88713"}],"version-history":[{"count":1,"href":"https:\/\/zeromagazine.mx\/index.php\/wp-json\/wp\/v2\/posts\/88713\/revisions"}],"predecessor-version":[{"id":88715,"href":"https:\/\/zeromagazine.mx\/index.php\/wp-json\/wp\/v2\/posts\/88713\/revisions\/88715"}],"wp:featuredmedia":[{"embeddable":true,"href":"https:\/\/zeromagazine.mx\/index.php\/wp-json\/wp\/v2\/media\/88714"}],"wp:attachment":[{"href":"https:\/\/zeromagazine.mx\/index.php\/wp-json\/wp\/v2\/media?parent=88713"}],"wp:term":[{"taxonomy":"category","embeddable":true,"href":"https:\/\/zeromagazine.mx\/index.php\/wp-json\/wp\/v2\/categories?post=88713"},{"taxonomy":"post_tag","embeddable":true,"href":"https:\/\/zeromagazine.mx\/index.php\/wp-json\/wp\/v2\/tags?post=88713"}],"curies":[{"name":"wp","href":"https:\/\/api.w.org\/{rel}","templated":true}]}}