{"id":89045,"date":"2024-10-31T19:34:38","date_gmt":"2024-10-31T18:34:38","guid":{"rendered":"https:\/\/zeromagazine.mx\/?p=89045"},"modified":"2024-10-31T19:44:43","modified_gmt":"2024-10-31T18:44:43","slug":"bada-2025-feria-de-arte","status":"publish","type":"post","link":"https:\/\/zeromagazine.mx\/index.php\/2024\/10\/31\/bada-2025-feria-de-arte\/","title":{"rendered":"\u00abBADA 2025: Feria de Arte\u00bb"},"content":{"rendered":"<p>Si eres un amante del arte, agarra tu agenda porque del 6 al 9 de febrero de 2025, la Ciudad de M\u00e9xico se va a llenar de creatividad y vibras incre\u00edbles con la nueva edici\u00f3n de <em>BADA<\/em> (la feria de arte contempor\u00e1neo directo de artista que est\u00e1 rompiendo esquemas en el panorama art\u00edstico del pa\u00eds). Este evento es la oportunidad perfecta para descubrir y adquirir piezas \u00fanicas, adem\u00e1s de conocer de cerca a algunos de los talentos m\u00e1s relevantes en la escena art\u00edstica.<\/p>\n\n\n\n<h2 class=\"wp-block-heading\">\u00bfQu\u00e9 es BADA y por qu\u00e9 es tan especial?<\/h2>\n\n\n\n<p>BADA no es cualquier feria de arte; aqu\u00ed los artistas son los verdaderos protagonistas. No hay intermediarios, eso significa que los creadores est\u00e1n en el centro de la acci\u00f3n, exponiendo, vendiendo y conect\u00e1ndose directamente con el p\u00fablico. Imag\u00ednate estar en un lugar donde puedes hablar con los artistas, conocer la historia detr\u00e1s de sus obras y, por supuesto, llevarte una pieza a casa que no solo es arte, sino un pedazo de su alma.<\/p>\n\n\n<div class=\"wp-block-image\">\n<figure class=\"aligncenter size-full\"><img data-recalc-dims=\"1\" decoding=\"async\" width=\"1080\" height=\"1350\" src=\"https:\/\/i0.wp.com\/zeromagazine.mx\/wp-content\/uploads\/2024\/10\/BADA-2025_4-5.jpg?resize=1080%2C1350&#038;ssl=1\" alt=\"Del 6 al 9 de febrero, BADA 2025 convierte a la Ciudad de M\u00e9xico en el epicentro del arte contempor\u00e1neo. Explora, compra y conecta con artistas en una experiencia vibrante y accesible.\" class=\"wp-image-89046\" srcset=\"https:\/\/i0.wp.com\/zeromagazine.mx\/wp-content\/uploads\/2024\/10\/BADA-2025_4-5.jpg?w=1080&amp;ssl=1 1080w, https:\/\/i0.wp.com\/zeromagazine.mx\/wp-content\/uploads\/2024\/10\/BADA-2025_4-5.jpg?resize=240%2C300&amp;ssl=1 240w, https:\/\/i0.wp.com\/zeromagazine.mx\/wp-content\/uploads\/2024\/10\/BADA-2025_4-5.jpg?resize=819%2C1024&amp;ssl=1 819w, https:\/\/i0.wp.com\/zeromagazine.mx\/wp-content\/uploads\/2024\/10\/BADA-2025_4-5.jpg?resize=768%2C960&amp;ssl=1 768w\" sizes=\"(max-width: 1080px) 100vw, 1080px\" \/><\/figure>\n<\/div>\n\n\n<p><\/p>\n\n\n\n<p><\/p>\n\n\n\n<p>Para esta quinta edici\u00f3n, el evento contar\u00e1 con la presencia del ic\u00f3nico Pedro Friedeberg, un verdadero gigante en el mundo del arte contempor\u00e1neo. Si no lo conoces (\u00bfd\u00f3nde has estado?), Friedeberg es famoso por obras que desaf\u00edan la l\u00f3gica, como su famosa \u00abMano-Silla\u00bb y su mural en el Hotel Camino Real. Su estilo \u00fanico, que mezcla surrealismo y dise\u00f1o, ha dejado una huella imborrable desde los a\u00f1os sesenta.<\/p>\n\n\n\n<h2 class=\"wp-block-heading\">Un espacio para todxs<\/h2>\n\n\n\n<p>Lo que hace a BADA a\u00fan m\u00e1s incre\u00edble es que no es solo un lugar para ver arte. Es un espacio donde los artistas de todo el mundo tienen la oportunidad de mostrar y vender su trabajo sin las barreras t\u00edpicas del mercado. Esto significa que vas a encontrar desde piezas de artistas emergentes hasta obras de maestros consagrados. \u00a1Es como un buffet de arte! La feria espera recibir a m\u00e1s de <em>15 mil visitantes<\/em>, incluyendo coleccionistas, cr\u00edticos y todos aquellos que aman el arte. Es una ocasi\u00f3n \u00fanica para interactuar, aprender y, por supuesto, adquirir algo que realmente te hable.<\/p>\n\n\n\n<h2 class=\"wp-block-heading\">Oportunidades para Artistas Emergentes<\/h2>\n\n\n\n<p>Una de las cosas m\u00e1s chidas de BADA es su compromiso con la democratizaci\u00f3n del arte. La convocatoria est\u00e1 abierta para artistas mayores de 18 a\u00f1os, de cualquier disciplina y nacionalidad, lo que subraya la intenci\u00f3n de hacer que el arte sea accesible para todos. Esta feria es un trampol\u00edn para que los nuevos talentos se den a conocer y establezcan conexiones significativas en la industria. <\/p>\n\n\n\n<p>Por si fuera poco, <em>Banco Azteca<\/em> apoya a j\u00f3venes creadores a trav\u00e9s de la convocatoria \u201cBanco Azteca, ARTE PARA TODOS\u201d. Este a\u00f1o, cinco artistas tendr\u00e1n la oportunidad de ganar un stand gratis en BADA. Si tienes entre 18 y 35 a\u00f1os, mantente al tanto de las redes de BADA porque esta podr\u00eda ser tu oportunidad de brillar. Este esfuerzo no solo es para impulsar el talento art\u00edstico, sino tambi\u00e9n para fomentar una comunidad art\u00edstica m\u00e1s diversa y accesible.<\/p>\n\n\n\n<script async src=\"https:\/\/pagead2.googlesyndication.com\/pagead\/js\/adsbygoogle.js?client=ca-pub-5499304793904745\"\n     crossorigin=\"anonymous\"><\/script>\n<ins class=\"adsbygoogle\"\n     style=\"display:block; text-align:center;\"\n     data-ad-layout=\"in-article\"\n     data-ad-format=\"fluid\"\n     data-ad-client=\"ca-pub-5499304793904745\"\n     data-ad-slot=\"5994863093\"><\/ins>\n<script>\n     (adsbygoogle = window.adsbygoogle || []).push({});\n<\/script>\n\n\n\n<p><\/p>\n\n\n\n<p>Adem\u00e1s, este a\u00f1o, BADA abrir\u00e1 sus puertas a estudiantes de arte de instituciones como la <em>Facultad de Arte y Dise\u00f1o de la UNAM<\/em> y la <em>Universidad Iberoamericana<\/em>. Esto es genial porque permite que las juventudes tengan un espacio para mostrar sus obras y expresiones art\u00edsticas, fomentando un ambiente de aprendizaje y crecimiento.<\/p>\n\n\n\n<h3 class=\"wp-block-heading\">Un Enfoque Innovador con \u00cdCARO<\/h3>\n\n\n\n<p>Otra iniciativa que estar\u00e1 presente en BADA 2025 es <em>\u00cdCARO<\/em>, que impulsa la innovaci\u00f3n en las industrias culturales y creativas. Este programa ayuda a j\u00f3venes artistas, dise\u00f1adores y artesanos a hacer del arte una carrera viable y no solo un hobby. A trav\u00e9s de proyectos que combinan creatividad y negocios, se busca que los artistas puedan vivir de su pasi\u00f3n. Es un cambio de juego total, y es exactamente lo que el mundo del arte necesita: j\u00f3venes que no solo crean, sino que tambi\u00e9n innovan y generan impacto.<\/p>\n\n\n\n<p>Desde su llegada a M\u00e9xico, BADA ha crecido de manera impresionante, convirti\u00e9ndose en una de las ferias m\u00e1s visitadas y queridas por el p\u00fablico. Su formato directo no solo favorece la venta, sino que tambi\u00e9n permite que los artistas compartan su historia y proceso creativo. Esto crea un v\u00ednculo m\u00e1s fuerte entre el artista y el comprador, algo que rara vez se ve en otros espacios.<\/p>\n\n\n\n<p>As\u00ed que, si est\u00e1s buscando algo nuevo, fresco y lleno de energ\u00eda, no te pierdas BADA 2025. Ya sea que seas un coleccionista experimentado o alguien que apenas est\u00e1 comenzando a explorar el mundo del arte, este evento es para ti. Vas a tener la oportunidad de descubrir talentos, conocer historias y llevarte a casa algo que realmente resuene contigo.<\/p>\n\n\n\n<h2 class=\"wp-block-heading\">Consejos para Disfrutar al M\u00e1ximo de BADA 2025<\/h2>\n\n\n\n<ol class=\"wp-block-list\">\n<li><em><strong>Planifica tu visita<\/strong><\/em>: Revisa el programa de actividades y los artistas que participar\u00e1n. Esto te ayudar\u00e1 a no perderte nada de lo que m\u00e1s te interese.<\/li>\n\n\n\n<li><em><strong>Interact\u00faa con los artistas<\/strong><\/em>: No dudes en acercarte y hacer preguntas. Cada pieza tiene una historia, y los artistas estar\u00e1n felices de compartirla contigo.<\/li>\n\n\n\n<li><em><strong>Lleva tu c\u00e1mara<\/strong><\/em>: Captura los momentos que m\u00e1s te gusten. Las instalaciones y el ambiente son perfectos para hacer fotos chidas.<\/li>\n\n\n\n<li><em><strong>Comparte tu experiencia en redes<\/strong><\/em>: Usa el hashtag de BADA y etiqueta a tus artistas favoritos. Esto no solo apoya a los creadores, sino que tambi\u00e9n te conecta con otros amantes del arte.<\/li>\n\n\n\n<li><em><strong>Aprovecha las actividades y talleres<\/strong><\/em>: BADA suele ofrecer una variedad de talleres y actividades interactivas.<\/li>\n<\/ol>\n\n\n\n<p>As\u00ed que prepara tu mejor outfit, re\u00fane a tus amix y date una vuelta por la feria que est\u00e1 transformando el panorama art\u00edstico de M\u00e9xico. <\/p>\n\n<!--themify_builder_content-->\n<div id=\"themify_builder_content-89045\" data-postid=\"89045\" class=\"themify_builder_content themify_builder_content-89045 themify_builder tf_clear\">\n    <\/div>\n<!--\/themify_builder_content-->","protected":false},"excerpt":{"rendered":"<p>Si eres un amante del arte, agarra tu agenda porque del 6 al 9 de febrero de 2025, la Ciudad de M\u00e9xico se va a llenar de creatividad y vibras incre\u00edbles con la nueva edici\u00f3n de BADA (la feria de arte contempor\u00e1neo directo de artista que est\u00e1 rompiendo esquemas en el panorama art\u00edstico del pa\u00eds). [&hellip;]<\/p>\n","protected":false},"author":2,"featured_media":89046,"comment_status":"open","ping_status":"open","sticky":false,"template":"","format":"standard","meta":{"_jetpack_memberships_contains_paid_content":false,"footnotes":"","jetpack_publicize_message":"","jetpack_publicize_feature_enabled":true,"jetpack_social_post_already_shared":true,"jetpack_social_options":{"image_generator_settings":{"template":"highway","default_image_id":0,"font":"","enabled":false},"version":2}},"categories":[791],"tags":[11248,11247,11246],"class_list":["post-89045","post","type-post","status-publish","format-standard","has-post-thumbnail","hentry","category-cultura","tag-bada","tag-feria-de-arte-contemporaneo","tag-pedro-friedeberg","has-post-title","has-post-date","has-post-category","has-post-tag","has-post-comment","has-post-author",""],"yoast_head":"<!-- This site is optimized with the Yoast SEO plugin v27.5 - https:\/\/yoast.com\/product\/yoast-seo-wordpress\/ -->\n<title>&quot;BADA 2025: Feria de Arte&quot; - Zero Magazine<\/title>\n<meta name=\"description\" content=\"BADA 2025 llega a la CDMX del 6 al 9 de febrero. \u00danete a la celebraci\u00f3n del arte contempor\u00e1neo sin intermediarios y descubre el legado de Pedro Friedeberg y muchos m\u00e1s. \u00a1Imperdible!\" \/>\n<meta name=\"robots\" content=\"index, follow, max-snippet:-1, max-image-preview:large, max-video-preview:-1\" \/>\n<link rel=\"canonical\" href=\"https:\/\/zeromagazine.mx\/index.php\/2024\/10\/31\/bada-2025-feria-de-arte\/\" \/>\n<meta property=\"og:locale\" content=\"es_ES\" \/>\n<meta property=\"og:type\" content=\"article\" \/>\n<meta property=\"og:title\" content=\"&quot;BADA 2025: Feria de Arte&quot; - Zero Magazine\" \/>\n<meta property=\"og:description\" content=\"BADA 2025 llega a la CDMX del 6 al 9 de febrero. \u00danete a la celebraci\u00f3n del arte contempor\u00e1neo sin intermediarios y descubre el legado de Pedro Friedeberg y muchos m\u00e1s. \u00a1Imperdible!\" \/>\n<meta property=\"og:url\" content=\"https:\/\/zeromagazine.mx\/index.php\/2024\/10\/31\/bada-2025-feria-de-arte\/\" \/>\n<meta property=\"og:site_name\" content=\"Zero Magazine\" \/>\n<meta property=\"article:published_time\" content=\"2024-10-31T18:34:38+00:00\" \/>\n<meta property=\"article:modified_time\" content=\"2024-10-31T18:44:43+00:00\" \/>\n<meta property=\"og:image\" content=\"http:\/\/zeromagazine.mx\/wp-content\/uploads\/2024\/10\/BADA-2025_4-5.jpg\" \/>\n\t<meta property=\"og:image:width\" content=\"1080\" \/>\n\t<meta property=\"og:image:height\" content=\"1350\" \/>\n\t<meta property=\"og:image:type\" content=\"image\/jpeg\" \/>\n<meta name=\"author\" content=\"zeromagazinemx\" \/>\n<meta name=\"twitter:card\" content=\"summary_large_image\" \/>\n<meta name=\"twitter:label1\" content=\"Escrito por\" \/>\n\t<meta name=\"twitter:data1\" content=\"zeromagazinemx\" \/>\n\t<meta name=\"twitter:label2\" content=\"Tiempo de lectura\" \/>\n\t<meta name=\"twitter:data2\" content=\"5 minutos\" \/>\n<script type=\"application\/ld+json\" class=\"yoast-schema-graph\">{\"@context\":\"https:\\\/\\\/schema.org\",\"@graph\":[{\"@type\":\"Article\",\"@id\":\"https:\\\/\\\/zeromagazine.mx\\\/index.php\\\/2024\\\/10\\\/31\\\/bada-2025-feria-de-arte\\\/#article\",\"isPartOf\":{\"@id\":\"https:\\\/\\\/zeromagazine.mx\\\/index.php\\\/2024\\\/10\\\/31\\\/bada-2025-feria-de-arte\\\/\"},\"author\":{\"name\":\"zeromagazinemx\",\"@id\":\"https:\\\/\\\/zeromagazine.mx\\\/#\\\/schema\\\/person\\\/9aed9f33a7c39af3a348b86d723f7773\"},\"headline\":\"\u00abBADA 2025: Feria de Arte\u00bb\",\"datePublished\":\"2024-10-31T18:34:38+00:00\",\"dateModified\":\"2024-10-31T18:44:43+00:00\",\"mainEntityOfPage\":{\"@id\":\"https:\\\/\\\/zeromagazine.mx\\\/index.php\\\/2024\\\/10\\\/31\\\/bada-2025-feria-de-arte\\\/\"},\"wordCount\":980,\"commentCount\":0,\"publisher\":{\"@id\":\"https:\\\/\\\/zeromagazine.mx\\\/#organization\"},\"image\":{\"@id\":\"https:\\\/\\\/zeromagazine.mx\\\/index.php\\\/2024\\\/10\\\/31\\\/bada-2025-feria-de-arte\\\/#primaryimage\"},\"thumbnailUrl\":\"https:\\\/\\\/i0.wp.com\\\/zeromagazine.mx\\\/wp-content\\\/uploads\\\/2024\\\/10\\\/BADA-2025_4-5.jpg?fit=1080%2C1350&ssl=1\",\"keywords\":[\"BADA\",\"feria de arte contempor\u00e1neo\",\"Pedro Friedeberg\"],\"articleSection\":[\"Cultura\"],\"inLanguage\":\"es\",\"potentialAction\":[{\"@type\":\"CommentAction\",\"name\":\"Comment\",\"target\":[\"https:\\\/\\\/zeromagazine.mx\\\/index.php\\\/2024\\\/10\\\/31\\\/bada-2025-feria-de-arte\\\/#respond\"]}]},{\"@type\":\"WebPage\",\"@id\":\"https:\\\/\\\/zeromagazine.mx\\\/index.php\\\/2024\\\/10\\\/31\\\/bada-2025-feria-de-arte\\\/\",\"url\":\"https:\\\/\\\/zeromagazine.mx\\\/index.php\\\/2024\\\/10\\\/31\\\/bada-2025-feria-de-arte\\\/\",\"name\":\"\\\"BADA 2025: Feria de Arte\\\" - Zero Magazine\",\"isPartOf\":{\"@id\":\"https:\\\/\\\/zeromagazine.mx\\\/#website\"},\"primaryImageOfPage\":{\"@id\":\"https:\\\/\\\/zeromagazine.mx\\\/index.php\\\/2024\\\/10\\\/31\\\/bada-2025-feria-de-arte\\\/#primaryimage\"},\"image\":{\"@id\":\"https:\\\/\\\/zeromagazine.mx\\\/index.php\\\/2024\\\/10\\\/31\\\/bada-2025-feria-de-arte\\\/#primaryimage\"},\"thumbnailUrl\":\"https:\\\/\\\/i0.wp.com\\\/zeromagazine.mx\\\/wp-content\\\/uploads\\\/2024\\\/10\\\/BADA-2025_4-5.jpg?fit=1080%2C1350&ssl=1\",\"datePublished\":\"2024-10-31T18:34:38+00:00\",\"dateModified\":\"2024-10-31T18:44:43+00:00\",\"description\":\"BADA 2025 llega a la CDMX del 6 al 9 de febrero. \u00danete a la celebraci\u00f3n del arte contempor\u00e1neo sin intermediarios y descubre el legado de Pedro Friedeberg y muchos m\u00e1s. \u00a1Imperdible!\",\"breadcrumb\":{\"@id\":\"https:\\\/\\\/zeromagazine.mx\\\/index.php\\\/2024\\\/10\\\/31\\\/bada-2025-feria-de-arte\\\/#breadcrumb\"},\"inLanguage\":\"es\",\"potentialAction\":[{\"@type\":\"ReadAction\",\"target\":[\"https:\\\/\\\/zeromagazine.mx\\\/index.php\\\/2024\\\/10\\\/31\\\/bada-2025-feria-de-arte\\\/\"]}]},{\"@type\":\"ImageObject\",\"inLanguage\":\"es\",\"@id\":\"https:\\\/\\\/zeromagazine.mx\\\/index.php\\\/2024\\\/10\\\/31\\\/bada-2025-feria-de-arte\\\/#primaryimage\",\"url\":\"https:\\\/\\\/i0.wp.com\\\/zeromagazine.mx\\\/wp-content\\\/uploads\\\/2024\\\/10\\\/BADA-2025_4-5.jpg?fit=1080%2C1350&ssl=1\",\"contentUrl\":\"https:\\\/\\\/i0.wp.com\\\/zeromagazine.mx\\\/wp-content\\\/uploads\\\/2024\\\/10\\\/BADA-2025_4-5.jpg?fit=1080%2C1350&ssl=1\",\"width\":1080,\"height\":1350},{\"@type\":\"BreadcrumbList\",\"@id\":\"https:\\\/\\\/zeromagazine.mx\\\/index.php\\\/2024\\\/10\\\/31\\\/bada-2025-feria-de-arte\\\/#breadcrumb\",\"itemListElement\":[{\"@type\":\"ListItem\",\"position\":1,\"name\":\"Portada\",\"item\":\"https:\\\/\\\/zeromagazine.mx\\\/\"},{\"@type\":\"ListItem\",\"position\":2,\"name\":\"\u00abBADA 2025: Feria de Arte\u00bb\"}]},{\"@type\":\"WebSite\",\"@id\":\"https:\\\/\\\/zeromagazine.mx\\\/#website\",\"url\":\"https:\\\/\\\/zeromagazine.mx\\\/\",\"name\":\"Zero Magazine\",\"description\":\"\",\"publisher\":{\"@id\":\"https:\\\/\\\/zeromagazine.mx\\\/#organization\"},\"potentialAction\":[{\"@type\":\"SearchAction\",\"target\":{\"@type\":\"EntryPoint\",\"urlTemplate\":\"https:\\\/\\\/zeromagazine.mx\\\/?s={search_term_string}\"},\"query-input\":{\"@type\":\"PropertyValueSpecification\",\"valueRequired\":true,\"valueName\":\"search_term_string\"}}],\"inLanguage\":\"es\"},{\"@type\":\"Organization\",\"@id\":\"https:\\\/\\\/zeromagazine.mx\\\/#organization\",\"name\":\"Zero Magazine\",\"url\":\"https:\\\/\\\/zeromagazine.mx\\\/\",\"logo\":{\"@type\":\"ImageObject\",\"inLanguage\":\"es\",\"@id\":\"https:\\\/\\\/zeromagazine.mx\\\/#\\\/schema\\\/logo\\\/image\\\/\",\"url\":\"https:\\\/\\\/i0.wp.com\\\/zeromagazine.mx\\\/wp-content\\\/uploads\\\/2025\\\/11\\\/1.jpeg?fit=1000%2C1000&ssl=1\",\"contentUrl\":\"https:\\\/\\\/i0.wp.com\\\/zeromagazine.mx\\\/wp-content\\\/uploads\\\/2025\\\/11\\\/1.jpeg?fit=1000%2C1000&ssl=1\",\"width\":1000,\"height\":1000,\"caption\":\"Zero Magazine\"},\"image\":{\"@id\":\"https:\\\/\\\/zeromagazine.mx\\\/#\\\/schema\\\/logo\\\/image\\\/\"},\"sameAs\":[\"https:\\\/\\\/instagram.com\\\/zeromagazinemx\"]},{\"@type\":\"Person\",\"@id\":\"https:\\\/\\\/zeromagazine.mx\\\/#\\\/schema\\\/person\\\/9aed9f33a7c39af3a348b86d723f7773\",\"name\":\"zeromagazinemx\",\"image\":{\"@type\":\"ImageObject\",\"inLanguage\":\"es\",\"@id\":\"https:\\\/\\\/zeromagazine.mx\\\/wp-content\\\/litespeed\\\/avatar\\\/f91dfe5410d5dcb1a576bf8c45983896.jpg?ver=1777571230\",\"url\":\"https:\\\/\\\/zeromagazine.mx\\\/wp-content\\\/litespeed\\\/avatar\\\/f91dfe5410d5dcb1a576bf8c45983896.jpg?ver=1777571230\",\"contentUrl\":\"https:\\\/\\\/zeromagazine.mx\\\/wp-content\\\/litespeed\\\/avatar\\\/f91dfe5410d5dcb1a576bf8c45983896.jpg?ver=1777571230\",\"caption\":\"zeromagazinemx\"},\"url\":\"https:\\\/\\\/zeromagazine.mx\\\/index.php\\\/author\\\/zeromagazinemx\\\/\"}]}<\/script>\n<!-- \/ Yoast SEO plugin. -->","yoast_head_json":{"title":"\"BADA 2025: Feria de Arte\" - Zero Magazine","description":"BADA 2025 llega a la CDMX del 6 al 9 de febrero. \u00danete a la celebraci\u00f3n del arte contempor\u00e1neo sin intermediarios y descubre el legado de Pedro Friedeberg y muchos m\u00e1s. \u00a1Imperdible!","robots":{"index":"index","follow":"follow","max-snippet":"max-snippet:-1","max-image-preview":"max-image-preview:large","max-video-preview":"max-video-preview:-1"},"canonical":"https:\/\/zeromagazine.mx\/index.php\/2024\/10\/31\/bada-2025-feria-de-arte\/","og_locale":"es_ES","og_type":"article","og_title":"\"BADA 2025: Feria de Arte\" - Zero Magazine","og_description":"BADA 2025 llega a la CDMX del 6 al 9 de febrero. \u00danete a la celebraci\u00f3n del arte contempor\u00e1neo sin intermediarios y descubre el legado de Pedro Friedeberg y muchos m\u00e1s. \u00a1Imperdible!","og_url":"https:\/\/zeromagazine.mx\/index.php\/2024\/10\/31\/bada-2025-feria-de-arte\/","og_site_name":"Zero Magazine","article_published_time":"2024-10-31T18:34:38+00:00","article_modified_time":"2024-10-31T18:44:43+00:00","og_image":[{"width":1080,"height":1350,"url":"http:\/\/zeromagazine.mx\/wp-content\/uploads\/2024\/10\/BADA-2025_4-5.jpg","type":"image\/jpeg"}],"author":"zeromagazinemx","twitter_card":"summary_large_image","twitter_misc":{"Escrito por":"zeromagazinemx","Tiempo de lectura":"5 minutos"},"schema":{"@context":"https:\/\/schema.org","@graph":[{"@type":"Article","@id":"https:\/\/zeromagazine.mx\/index.php\/2024\/10\/31\/bada-2025-feria-de-arte\/#article","isPartOf":{"@id":"https:\/\/zeromagazine.mx\/index.php\/2024\/10\/31\/bada-2025-feria-de-arte\/"},"author":{"name":"zeromagazinemx","@id":"https:\/\/zeromagazine.mx\/#\/schema\/person\/9aed9f33a7c39af3a348b86d723f7773"},"headline":"\u00abBADA 2025: Feria de Arte\u00bb","datePublished":"2024-10-31T18:34:38+00:00","dateModified":"2024-10-31T18:44:43+00:00","mainEntityOfPage":{"@id":"https:\/\/zeromagazine.mx\/index.php\/2024\/10\/31\/bada-2025-feria-de-arte\/"},"wordCount":980,"commentCount":0,"publisher":{"@id":"https:\/\/zeromagazine.mx\/#organization"},"image":{"@id":"https:\/\/zeromagazine.mx\/index.php\/2024\/10\/31\/bada-2025-feria-de-arte\/#primaryimage"},"thumbnailUrl":"https:\/\/i0.wp.com\/zeromagazine.mx\/wp-content\/uploads\/2024\/10\/BADA-2025_4-5.jpg?fit=1080%2C1350&ssl=1","keywords":["BADA","feria de arte contempor\u00e1neo","Pedro Friedeberg"],"articleSection":["Cultura"],"inLanguage":"es","potentialAction":[{"@type":"CommentAction","name":"Comment","target":["https:\/\/zeromagazine.mx\/index.php\/2024\/10\/31\/bada-2025-feria-de-arte\/#respond"]}]},{"@type":"WebPage","@id":"https:\/\/zeromagazine.mx\/index.php\/2024\/10\/31\/bada-2025-feria-de-arte\/","url":"https:\/\/zeromagazine.mx\/index.php\/2024\/10\/31\/bada-2025-feria-de-arte\/","name":"\"BADA 2025: Feria de Arte\" - Zero Magazine","isPartOf":{"@id":"https:\/\/zeromagazine.mx\/#website"},"primaryImageOfPage":{"@id":"https:\/\/zeromagazine.mx\/index.php\/2024\/10\/31\/bada-2025-feria-de-arte\/#primaryimage"},"image":{"@id":"https:\/\/zeromagazine.mx\/index.php\/2024\/10\/31\/bada-2025-feria-de-arte\/#primaryimage"},"thumbnailUrl":"https:\/\/i0.wp.com\/zeromagazine.mx\/wp-content\/uploads\/2024\/10\/BADA-2025_4-5.jpg?fit=1080%2C1350&ssl=1","datePublished":"2024-10-31T18:34:38+00:00","dateModified":"2024-10-31T18:44:43+00:00","description":"BADA 2025 llega a la CDMX del 6 al 9 de febrero. \u00danete a la celebraci\u00f3n del arte contempor\u00e1neo sin intermediarios y descubre el legado de Pedro Friedeberg y muchos m\u00e1s. \u00a1Imperdible!","breadcrumb":{"@id":"https:\/\/zeromagazine.mx\/index.php\/2024\/10\/31\/bada-2025-feria-de-arte\/#breadcrumb"},"inLanguage":"es","potentialAction":[{"@type":"ReadAction","target":["https:\/\/zeromagazine.mx\/index.php\/2024\/10\/31\/bada-2025-feria-de-arte\/"]}]},{"@type":"ImageObject","inLanguage":"es","@id":"https:\/\/zeromagazine.mx\/index.php\/2024\/10\/31\/bada-2025-feria-de-arte\/#primaryimage","url":"https:\/\/i0.wp.com\/zeromagazine.mx\/wp-content\/uploads\/2024\/10\/BADA-2025_4-5.jpg?fit=1080%2C1350&ssl=1","contentUrl":"https:\/\/i0.wp.com\/zeromagazine.mx\/wp-content\/uploads\/2024\/10\/BADA-2025_4-5.jpg?fit=1080%2C1350&ssl=1","width":1080,"height":1350},{"@type":"BreadcrumbList","@id":"https:\/\/zeromagazine.mx\/index.php\/2024\/10\/31\/bada-2025-feria-de-arte\/#breadcrumb","itemListElement":[{"@type":"ListItem","position":1,"name":"Portada","item":"https:\/\/zeromagazine.mx\/"},{"@type":"ListItem","position":2,"name":"\u00abBADA 2025: Feria de Arte\u00bb"}]},{"@type":"WebSite","@id":"https:\/\/zeromagazine.mx\/#website","url":"https:\/\/zeromagazine.mx\/","name":"Zero Magazine","description":"","publisher":{"@id":"https:\/\/zeromagazine.mx\/#organization"},"potentialAction":[{"@type":"SearchAction","target":{"@type":"EntryPoint","urlTemplate":"https:\/\/zeromagazine.mx\/?s={search_term_string}"},"query-input":{"@type":"PropertyValueSpecification","valueRequired":true,"valueName":"search_term_string"}}],"inLanguage":"es"},{"@type":"Organization","@id":"https:\/\/zeromagazine.mx\/#organization","name":"Zero Magazine","url":"https:\/\/zeromagazine.mx\/","logo":{"@type":"ImageObject","inLanguage":"es","@id":"https:\/\/zeromagazine.mx\/#\/schema\/logo\/image\/","url":"https:\/\/i0.wp.com\/zeromagazine.mx\/wp-content\/uploads\/2025\/11\/1.jpeg?fit=1000%2C1000&ssl=1","contentUrl":"https:\/\/i0.wp.com\/zeromagazine.mx\/wp-content\/uploads\/2025\/11\/1.jpeg?fit=1000%2C1000&ssl=1","width":1000,"height":1000,"caption":"Zero Magazine"},"image":{"@id":"https:\/\/zeromagazine.mx\/#\/schema\/logo\/image\/"},"sameAs":["https:\/\/instagram.com\/zeromagazinemx"]},{"@type":"Person","@id":"https:\/\/zeromagazine.mx\/#\/schema\/person\/9aed9f33a7c39af3a348b86d723f7773","name":"zeromagazinemx","image":{"@type":"ImageObject","inLanguage":"es","@id":"https:\/\/zeromagazine.mx\/wp-content\/litespeed\/avatar\/f91dfe5410d5dcb1a576bf8c45983896.jpg?ver=1777571230","url":"https:\/\/zeromagazine.mx\/wp-content\/litespeed\/avatar\/f91dfe5410d5dcb1a576bf8c45983896.jpg?ver=1777571230","contentUrl":"https:\/\/zeromagazine.mx\/wp-content\/litespeed\/avatar\/f91dfe5410d5dcb1a576bf8c45983896.jpg?ver=1777571230","caption":"zeromagazinemx"},"url":"https:\/\/zeromagazine.mx\/index.php\/author\/zeromagazinemx\/"}]}},"jetpack_publicize_connections":[],"jetpack_featured_media_url":"https:\/\/i0.wp.com\/zeromagazine.mx\/wp-content\/uploads\/2024\/10\/BADA-2025_4-5.jpg?fit=1080%2C1350&ssl=1","jetpack-related-posts":[{"id":91530,"url":"https:\/\/zeromagazine.mx\/index.php\/2024\/11\/25\/bada-2025-arte-para-todxs\/","url_meta":{"origin":89045,"position":0},"title":"BADA 2025: Arte para Todxs","author":"zeromagazinemx","date":"25 de noviembre de 2024","format":false,"excerpt":"BADA 2025 es la feria que est\u00e1 cambiando la manera de conectar con el arte. Con la participaci\u00f3n de Pedro Friedeberg y un espacio para j\u00f3venes creadores, \u00a1es el evento del a\u00f1o!","rel":"","context":"En \u00abCultura\u00bb","block_context":{"text":"Cultura","link":"https:\/\/zeromagazine.mx\/index.php\/category\/cultura\/"},"img":{"alt_text":"","src":"https:\/\/i0.wp.com\/zeromagazine.mx\/wp-content\/uploads\/2024\/11\/unnamed.gif?fit=864%2C864&ssl=1&resize=350%2C200","width":350,"height":200,"srcset":"https:\/\/i0.wp.com\/zeromagazine.mx\/wp-content\/uploads\/2024\/11\/unnamed.gif?fit=864%2C864&ssl=1&resize=350%2C200 1x, https:\/\/i0.wp.com\/zeromagazine.mx\/wp-content\/uploads\/2024\/11\/unnamed.gif?fit=864%2C864&ssl=1&resize=525%2C300 1.5x, https:\/\/i0.wp.com\/zeromagazine.mx\/wp-content\/uploads\/2024\/11\/unnamed.gif?fit=864%2C864&ssl=1&resize=700%2C400 2x"},"classes":[]},{"id":114220,"url":"https:\/\/zeromagazine.mx\/index.php\/2026\/01\/26\/bada-mexico-arte-directo-2026\/","url_meta":{"origin":89045,"position":1},"title":"BADA M\u00e9xico: arte sin intermediarios","author":"David Morales","date":"26 de enero de 2026","format":false,"excerpt":"BADA M\u00e9xico vuelve en 2026 para recordarnos que el arte no tiene por qu\u00e9 sentirse lejano, elitista ni complicado. Del\u00a05 al 8 de febrero, Campo Marte se transforma en un punto de encuentro donde el arte se vive sin filtros, sin intermediarios y, sobre todo, de frente.\u00a0BADA M\u00e9xico\u00a0no es solo\u2026","rel":"","context":"En \u00abCultura\u00bb","block_context":{"text":"Cultura","link":"https:\/\/zeromagazine.mx\/index.php\/category\/cultura\/"},"img":{"alt_text":"","src":"https:\/\/i0.wp.com\/zeromagazine.mx\/wp-content\/uploads\/2026\/01\/O9A4173-scaled.jpeg?fit=1200%2C800&ssl=1&resize=350%2C200","width":350,"height":200,"srcset":"https:\/\/i0.wp.com\/zeromagazine.mx\/wp-content\/uploads\/2026\/01\/O9A4173-scaled.jpeg?fit=1200%2C800&ssl=1&resize=350%2C200 1x, https:\/\/i0.wp.com\/zeromagazine.mx\/wp-content\/uploads\/2026\/01\/O9A4173-scaled.jpeg?fit=1200%2C800&ssl=1&resize=525%2C300 1.5x, https:\/\/i0.wp.com\/zeromagazine.mx\/wp-content\/uploads\/2026\/01\/O9A4173-scaled.jpeg?fit=1200%2C800&ssl=1&resize=700%2C400 2x, https:\/\/i0.wp.com\/zeromagazine.mx\/wp-content\/uploads\/2026\/01\/O9A4173-scaled.jpeg?fit=1200%2C800&ssl=1&resize=1050%2C600 3x"},"classes":[]},{"id":114911,"url":"https:\/\/zeromagazine.mx\/index.php\/2026\/02\/07\/bada-mexico-2026-feria-arte-campo-marte\/","url_meta":{"origin":89045,"position":2},"title":"BADA M\u00e9xico 2026 inaugura su sexta edici\u00f3n en Campo Marte","author":"David Morales","date":"7 de febrero de 2026","format":false,"excerpt":"La Semana del Arte en CDMX siempre se siente como ese momento del a\u00f1o donde la ciudad desbloquea un nuevo nivel cultural\u2026 y este 2026 no es la excepci\u00f3n. Con su sexta edici\u00f3n,\u00a0BADA M\u00e9xico 2026\u00a0aterriza en Campo Marte para confirmar por qu\u00e9 se ha convertido en una de las ferias\u2026","rel":"","context":"En \u00abCultura\u00bb","block_context":{"text":"Cultura","link":"https:\/\/zeromagazine.mx\/index.php\/category\/cultura\/"},"img":{"alt_text":"","src":"https:\/\/i0.wp.com\/zeromagazine.mx\/wp-content\/uploads\/2026\/02\/BADA-Dia-1-022-scaled.jpeg?fit=1200%2C800&ssl=1&resize=350%2C200","width":350,"height":200,"srcset":"https:\/\/i0.wp.com\/zeromagazine.mx\/wp-content\/uploads\/2026\/02\/BADA-Dia-1-022-scaled.jpeg?fit=1200%2C800&ssl=1&resize=350%2C200 1x, https:\/\/i0.wp.com\/zeromagazine.mx\/wp-content\/uploads\/2026\/02\/BADA-Dia-1-022-scaled.jpeg?fit=1200%2C800&ssl=1&resize=525%2C300 1.5x, https:\/\/i0.wp.com\/zeromagazine.mx\/wp-content\/uploads\/2026\/02\/BADA-Dia-1-022-scaled.jpeg?fit=1200%2C800&ssl=1&resize=700%2C400 2x, https:\/\/i0.wp.com\/zeromagazine.mx\/wp-content\/uploads\/2026\/02\/BADA-Dia-1-022-scaled.jpeg?fit=1200%2C800&ssl=1&resize=1050%2C600 3x"},"classes":[]},{"id":81652,"url":"https:\/\/zeromagazine.mx\/index.php\/2024\/08\/09\/bacalar-eventos-cool-que-no-te-pierdas\/","url_meta":{"origin":89045,"position":3},"title":"\u00abBacalar: Eventos Cool que No Te Pierdas\u00bb","author":"zeromagazinemx","date":"9 de agosto de 2024","format":false,"excerpt":"Si te late la onda cultural y andas buscando un destino que combine tradici\u00f3n y arte, d\u00e9jame decirte que Bacalar es el spot perfecto para ti. Este Pueblo M\u00e1gico en Quintana Roo no solo es famoso por su Laguna de los Siete Colores, sino que ahora se viene con una\u2026","rel":"","context":"En \u00abViajes\u00bb","block_context":{"text":"Viajes","link":"https:\/\/zeromagazine.mx\/index.php\/category\/lugares\/"},"img":{"alt_text":"","src":"https:\/\/i0.wp.com\/zeromagazine.mx\/wp-content\/uploads\/2024\/08\/WhatsApp-Image-2024-08-07-at-12.55.18.jpeg?fit=1200%2C904&ssl=1&resize=350%2C200","width":350,"height":200,"srcset":"https:\/\/i0.wp.com\/zeromagazine.mx\/wp-content\/uploads\/2024\/08\/WhatsApp-Image-2024-08-07-at-12.55.18.jpeg?fit=1200%2C904&ssl=1&resize=350%2C200 1x, https:\/\/i0.wp.com\/zeromagazine.mx\/wp-content\/uploads\/2024\/08\/WhatsApp-Image-2024-08-07-at-12.55.18.jpeg?fit=1200%2C904&ssl=1&resize=525%2C300 1.5x, https:\/\/i0.wp.com\/zeromagazine.mx\/wp-content\/uploads\/2024\/08\/WhatsApp-Image-2024-08-07-at-12.55.18.jpeg?fit=1200%2C904&ssl=1&resize=700%2C400 2x, https:\/\/i0.wp.com\/zeromagazine.mx\/wp-content\/uploads\/2024\/08\/WhatsApp-Image-2024-08-07-at-12.55.18.jpeg?fit=1200%2C904&ssl=1&resize=1050%2C600 3x"},"classes":[]},{"id":69939,"url":"https:\/\/zeromagazine.mx\/index.php\/2023\/12\/26\/fain-arte-emergente-en-tu-click\/","url_meta":{"origin":89045,"position":4},"title":"FAIN: Arte Emergente en Tu Click","author":"David Morales","date":"26 de diciembre de 2023","format":false,"excerpt":"\u00bfAndan buscando el regalo perfecto para estas fiestas? Tranquis, \u00a1tengo el dato que necesitan! La cuarta edici\u00f3n de FAIN, la Feria de Arte Independiente, fue un boom absoluto. Imaginen esta experiencia: 27 artistas, 6 Casas FAIN y la oportunidad de adentrarse en el mundo art\u00edstico emergente de la CDMX. No\u2026","rel":"","context":"En \u00abLifestyle\u00bb","block_context":{"text":"Lifestyle","link":"https:\/\/zeromagazine.mx\/index.php\/category\/lifestyle\/"},"img":{"alt_text":"","src":"https:\/\/i0.wp.com\/zeromagazine.mx\/wp-content\/uploads\/2023\/12\/Conferencia-FAIN-fa-6.jpg?fit=1200%2C800&ssl=1&resize=350%2C200","width":350,"height":200,"srcset":"https:\/\/i0.wp.com\/zeromagazine.mx\/wp-content\/uploads\/2023\/12\/Conferencia-FAIN-fa-6.jpg?fit=1200%2C800&ssl=1&resize=350%2C200 1x, https:\/\/i0.wp.com\/zeromagazine.mx\/wp-content\/uploads\/2023\/12\/Conferencia-FAIN-fa-6.jpg?fit=1200%2C800&ssl=1&resize=525%2C300 1.5x, https:\/\/i0.wp.com\/zeromagazine.mx\/wp-content\/uploads\/2023\/12\/Conferencia-FAIN-fa-6.jpg?fit=1200%2C800&ssl=1&resize=700%2C400 2x, https:\/\/i0.wp.com\/zeromagazine.mx\/wp-content\/uploads\/2023\/12\/Conferencia-FAIN-fa-6.jpg?fit=1200%2C800&ssl=1&resize=1050%2C600 3x"},"classes":[]},{"id":114904,"url":"https:\/\/zeromagazine.mx\/index.php\/2026\/02\/07\/feria-material-cdmx-maravilla-studios\/","url_meta":{"origin":89045,"position":5},"title":"Feria Material Vol. 12 estrena sede en Maravilla Studios e inaugura una nueva etapa","author":"David Morales","date":"7 de febrero de 2026","format":false,"excerpt":"La Semana del Arte en CDMX siempre trae hype, pero este a\u00f1o el mood sube de nivel.\u00a0Feria Material Vol. 12\u00a0no solo regresa: se reinventa con una nueva casa en Maravilla Studios, un venue industrial de gran escala en la colonia Atlampa que le da un upgrade total a la experiencia.\u2026","rel":"","context":"En \u00abCultura\u00bb","block_context":{"text":"Cultura","link":"https:\/\/zeromagazine.mx\/index.php\/category\/cultura\/"},"img":{"alt_text":"","src":"https:\/\/i0.wp.com\/zeromagazine.mx\/wp-content\/uploads\/2026\/02\/4-Credito-Narrativa-Foto-Cortesia-de-Material.jpeg?fit=1200%2C800&ssl=1&resize=350%2C200","width":350,"height":200,"srcset":"https:\/\/i0.wp.com\/zeromagazine.mx\/wp-content\/uploads\/2026\/02\/4-Credito-Narrativa-Foto-Cortesia-de-Material.jpeg?fit=1200%2C800&ssl=1&resize=350%2C200 1x, https:\/\/i0.wp.com\/zeromagazine.mx\/wp-content\/uploads\/2026\/02\/4-Credito-Narrativa-Foto-Cortesia-de-Material.jpeg?fit=1200%2C800&ssl=1&resize=525%2C300 1.5x, https:\/\/i0.wp.com\/zeromagazine.mx\/wp-content\/uploads\/2026\/02\/4-Credito-Narrativa-Foto-Cortesia-de-Material.jpeg?fit=1200%2C800&ssl=1&resize=700%2C400 2x, https:\/\/i0.wp.com\/zeromagazine.mx\/wp-content\/uploads\/2026\/02\/4-Credito-Narrativa-Foto-Cortesia-de-Material.jpeg?fit=1200%2C800&ssl=1&resize=1050%2C600 3x"},"classes":[]}],"jetpack_sharing_enabled":true,"builder_content":"","_links":{"self":[{"href":"https:\/\/zeromagazine.mx\/index.php\/wp-json\/wp\/v2\/posts\/89045","targetHints":{"allow":["GET"]}}],"collection":[{"href":"https:\/\/zeromagazine.mx\/index.php\/wp-json\/wp\/v2\/posts"}],"about":[{"href":"https:\/\/zeromagazine.mx\/index.php\/wp-json\/wp\/v2\/types\/post"}],"author":[{"embeddable":true,"href":"https:\/\/zeromagazine.mx\/index.php\/wp-json\/wp\/v2\/users\/2"}],"replies":[{"embeddable":true,"href":"https:\/\/zeromagazine.mx\/index.php\/wp-json\/wp\/v2\/comments?post=89045"}],"version-history":[{"count":7,"href":"https:\/\/zeromagazine.mx\/index.php\/wp-json\/wp\/v2\/posts\/89045\/revisions"}],"predecessor-version":[{"id":89056,"href":"https:\/\/zeromagazine.mx\/index.php\/wp-json\/wp\/v2\/posts\/89045\/revisions\/89056"}],"wp:featuredmedia":[{"embeddable":true,"href":"https:\/\/zeromagazine.mx\/index.php\/wp-json\/wp\/v2\/media\/89046"}],"wp:attachment":[{"href":"https:\/\/zeromagazine.mx\/index.php\/wp-json\/wp\/v2\/media?parent=89045"}],"wp:term":[{"taxonomy":"category","embeddable":true,"href":"https:\/\/zeromagazine.mx\/index.php\/wp-json\/wp\/v2\/categories?post=89045"},{"taxonomy":"post_tag","embeddable":true,"href":"https:\/\/zeromagazine.mx\/index.php\/wp-json\/wp\/v2\/tags?post=89045"}],"curies":[{"name":"wp","href":"https:\/\/api.w.org\/{rel}","templated":true}]}}