{"id":89163,"date":"2024-11-01T01:47:51","date_gmt":"2024-11-01T00:47:51","guid":{"rendered":"https:\/\/zeromagazine.mx\/?p=89163"},"modified":"2024-11-01T01:57:18","modified_gmt":"2024-11-01T00:57:18","slug":"captura-la-magia-del-dia-de-muertos","status":"publish","type":"post","link":"https:\/\/zeromagazine.mx\/index.php\/2024\/11\/01\/captura-la-magia-del-dia-de-muertos\/","title":{"rendered":"\u00abCaptura la Magia del D\u00eda de Muertos\u00bb"},"content":{"rendered":"<p>Amigxs \u00bfListos para sumergirnos en la magia del D\u00eda de Muertos? Esta celebraci\u00f3n es mucho m\u00e1s que calaveritas y ofrendas; es un homenaje a nuestras ra\u00edces, a la gente que amamos y, claro, la excusa perfecta para sacar esas fotos que nos hacen sentir bien vivos. Pero ojo, capturar la esencia de esta tradici\u00f3n no es solo apretar un bot\u00f3n. Se necesita t\u00e9cnica, respeto y una buena vibra con el entorno. Por eso, hablamos con los X-Photographers de Fujifilm, Jaime \u00c1vila y David Mu\u00f1iz, que comparten sus mejores tips para que tus fotos sean las mejores.<\/p>\n\n\n\n<h2 class=\"wp-block-heading\">La Tradici\u00f3n del D\u00eda de Muertos<\/h2>\n\n\n\n<p>Primero, hablemos del significado detr\u00e1s de esta celebraci\u00f3n. El D\u00eda de Muertos es un momento sagrado donde honramos a nuestros seres queridos que ya no est\u00e1n. Es un fest\u00edn de colores, aromas y recuerdos que nos conecta con ellos. Desde los altares decorados hasta las visitas al pante\u00f3n, cada detalle cuenta una historia. Y si quieres capturar esa magia, necesitas hacerlo con respeto. Ah\u00ed es donde Jaime y David entran al juego, mostr\u00e1ndonos c\u00f3mo ser parte de esta fiesta de manera aut\u00e9ntica.<\/p>\n\n\n\n<p><\/p>\n\n\n\n<p><\/p>\n\n\n\n<h2 class=\"wp-block-heading\">Un Artista Autodidacta<\/h2>\n\n\n\n<p>Jaime es un fot\u00f3grafo autodidacta que ama capturar lo peculiar. Se especializa en fotograf\u00eda urbana y de producto, y tiene un ojo incre\u00edble para encontrar la esencia de cada cosa. Su primer consejo es simple \u00abelige fondos limpios\u00bb.<\/p>\n\n\n\n<p><strong>Fondos Limpios = Sujeto Brillante<\/strong><\/p>\n\n\n\n<p>Para que tus fotos de catrinas y catrines brillen, es clave que el fondo no compita con ellos. Busca paredes lisas o colores neutros que dejen que esos vestuarios vibrantes resalten. Un buen bokeh (ese desenfoque suave del fondo) es un truco que siempre funciona; usa aperturas amplias para lograrlo. Y no olvides jugar con la luz, porque una buena iluminaci\u00f3n es el alma de la fotograf\u00eda.<\/p>\n\n\n<div class=\"wp-block-image\">\n<figure class=\"aligncenter size-full\"><img data-recalc-dims=\"1\" decoding=\"async\" width=\"899\" height=\"1600\" src=\"https:\/\/i0.wp.com\/zeromagazine.mx\/wp-content\/uploads\/2024\/11\/Jaime-Avila_Catrinas.jpeg?resize=899%2C1600&#038;ssl=1\" alt=\"Sum\u00e9rgete en la tradici\u00f3n del D\u00eda de Muertos con tips de fot\u00f3grafos expertos. Aprende c\u00f3mo resaltar la belleza de catrinas y catrines, ajustar tu c\u00e1mara para condiciones de poca luz y ser parte de esta celebraci\u00f3n con autenticidad.\" class=\"wp-image-89164\" srcset=\"https:\/\/i0.wp.com\/zeromagazine.mx\/wp-content\/uploads\/2024\/11\/Jaime-Avila_Catrinas.jpeg?w=899&amp;ssl=1 899w, https:\/\/i0.wp.com\/zeromagazine.mx\/wp-content\/uploads\/2024\/11\/Jaime-Avila_Catrinas.jpeg?resize=169%2C300&amp;ssl=1 169w, https:\/\/i0.wp.com\/zeromagazine.mx\/wp-content\/uploads\/2024\/11\/Jaime-Avila_Catrinas.jpeg?resize=575%2C1024&amp;ssl=1 575w, https:\/\/i0.wp.com\/zeromagazine.mx\/wp-content\/uploads\/2024\/11\/Jaime-Avila_Catrinas.jpeg?resize=768%2C1367&amp;ssl=1 768w, https:\/\/i0.wp.com\/zeromagazine.mx\/wp-content\/uploads\/2024\/11\/Jaime-Avila_Catrinas.jpeg?resize=863%2C1536&amp;ssl=1 863w\" sizes=\"(max-width: 899px) 100vw, 899px\" \/><\/figure>\n<\/div>\n\n\n<h3 class=\"wp-block-heading\"><\/h3>\n\n\n\n<p><\/p>\n\n\n\n<p>Otro tip que Jaime nos da es conectar con operadores locales. Esto no solo te ayuda a tener experiencias aut\u00e9nticas, sino que tambi\u00e9n apoya a la comunidad. Puedes participar en ceremonias m\u00e1s \u00edntimas y capturar la verdadera esencia del D\u00eda de Muertos. Ya sea en un tour por un pante\u00f3n o visitando ofrendas familiares, esas experiencias te dar\u00e1n contenido visual \u00fanico y significativo.<\/p>\n\n\n\n<script async src=\"https:\/\/pagead2.googlesyndication.com\/pagead\/js\/adsbygoogle.js?client=ca-pub-5499304793904745\"\n     crossorigin=\"anonymous\"><\/script>\n<ins class=\"adsbygoogle\"\n     style=\"display:block; text-align:center;\"\n     data-ad-layout=\"in-article\"\n     data-ad-format=\"fluid\"\n     data-ad-client=\"ca-pub-5499304793904745\"\n     data-ad-slot=\"5994863093\"><\/ins>\n<script>\n     (adsbygoogle = window.adsbygoogle || []).push({});\n<\/script>\n\n\n\n<p><\/p>\n\n\n\n<p>Si eres un poco t\u00edmido a la hora de hacer retratos, no te preocupes. Jaime dice que debes perder el miedo a fotografiar a desconocidos. La mayor\u00eda de la gente que se viste para estas celebraciones lo hace para ser admirada, as\u00ed que ac\u00e9rcate con respeto, pide permiso y t\u00f3mate tu tiempo. Ofrecer enviarles las fotos por redes sociales puede abrir muchas puertas y, sobre todo, te ayudar\u00e1 a crear retratos m\u00e1s significativos.<\/p>\n\n\n\n<h2 class=\"wp-block-heading\">Conociendo a David Mu\u00f1iz<\/h2>\n\n\n\n<p>Por otro lado, David es un experto en retratos, naturaleza y paisajes. Su enfoque complementa lo que Jaime nos ense\u00f1\u00f3. David nos anima a ajustar nuestra c\u00e1mara sin miedo. Esto es clave, especialmente en condiciones de poca luz, que es cuando m\u00e1s fotos se toman durante el D\u00eda de Muertos.<\/p>\n\n\n<div class=\"wp-block-image\">\n<figure class=\"aligncenter size-full\"><img data-recalc-dims=\"1\" decoding=\"async\" width=\"1066\" height=\"1600\" src=\"https:\/\/i0.wp.com\/zeromagazine.mx\/wp-content\/uploads\/2024\/11\/David-Muniz_Respeto-1.jpeg?resize=1066%2C1600&#038;ssl=1\" alt=\"Explora la magia del D\u00eda de Muertos a trav\u00e9s de la fotograf\u00eda. Descubre consejos de los X-Photographers de Fujifilm sobre c\u00f3mo capturar la esencia de esta celebraci\u00f3n con respeto y t\u00e9cnica, desde retratos aut\u00e9nticos hasta la elecci\u00f3n de fondos perfectos.\" class=\"wp-image-89166\" srcset=\"https:\/\/i0.wp.com\/zeromagazine.mx\/wp-content\/uploads\/2024\/11\/David-Muniz_Respeto-1.jpeg?w=1066&amp;ssl=1 1066w, https:\/\/i0.wp.com\/zeromagazine.mx\/wp-content\/uploads\/2024\/11\/David-Muniz_Respeto-1.jpeg?resize=200%2C300&amp;ssl=1 200w, https:\/\/i0.wp.com\/zeromagazine.mx\/wp-content\/uploads\/2024\/11\/David-Muniz_Respeto-1.jpeg?resize=682%2C1024&amp;ssl=1 682w, https:\/\/i0.wp.com\/zeromagazine.mx\/wp-content\/uploads\/2024\/11\/David-Muniz_Respeto-1.jpeg?resize=768%2C1153&amp;ssl=1 768w, https:\/\/i0.wp.com\/zeromagazine.mx\/wp-content\/uploads\/2024\/11\/David-Muniz_Respeto-1.jpeg?resize=1023%2C1536&amp;ssl=1 1023w\" sizes=\"(max-width: 1066px) 100vw, 1066px\" \/><\/figure>\n<\/div>\n\n\n<p><\/p>\n\n\n\n<p><\/p>\n\n\n\n<h2 class=\"wp-block-heading\">Los Ajustes Perfectos<\/h2>\n\n\n\n<p>En los ajustes manuales de tu c\u00e1mara, usa aperturas grandes (n\u00fameros peque\u00f1os) para que entre m\u00e1s luz al sensor. Y no te olvides del ISO; niveles altos te ayudar\u00e1n a captar m\u00e1s detalles en esas escenas nocturnas. Si no est\u00e1s usando un tripi\u00e9, opta por velocidades de 1\/50 o 1\/60 para evitar que esas im\u00e1genes salgan movidas. No hay nada peor que una foto borrosa de un momento tan especial.<\/p>\n\n\n\n<p>David tambi\u00e9n enfatiza que es importante ser parte de la celebraci\u00f3n con respeto. Si planeas visitar un pante\u00f3n o cualquier evento cultural, recuerda que no est\u00e1s solo para tomar fotos. Pide permiso si ves algo que quieres capturar y, si es un momento espont\u00e1neo, hazlo de manera sutil. Usa lentes de largo alcance para no invadir la privacidad de las personas.<\/p>\n\n\n\n<p>Ya sea que te apasione la fotograf\u00eda o solo quieras documentar tus experiencias, seguir a estos X-Photographers en Instagram (@elcualquiera y @edavidm) es una manera genial de inspirarte. Sus trabajos son un recordatorio de que, con un poco de respeto y t\u00e9cnica, podemos capturar momentos que realmente importan.<\/p>\n\n\n\n<h2 class=\"wp-block-heading\">Tips Extras para un D\u00eda de Muertos Perfecto<\/h2>\n\n\n\n<p>Adem\u00e1s de los consejos de Jaime y David, aqu\u00ed te van unos tips extras para que tu experiencia sea a\u00fan m\u00e1s chida:<\/p>\n\n\n\n<ul class=\"wp-block-list\">\n<li><em><strong>Investiga antes de salir<\/strong>:<\/em> Inf\u00f3rmate sobre las tradiciones de diferentes regiones de M\u00e9xico. Cada lugar celebra el D\u00eda de Muertos de manera \u00fanica, y conocer m\u00e1s te ayudar\u00e1 a capturar esa esencia aut\u00e9ntica.<\/li>\n\n\n\n<li><em><strong>Crea tu propio altar<\/strong>:<\/em> No solo se trata de documentar, tambi\u00e9n puedes honrar a tus seres queridos creando un altar en casa. <\/li>\n\n\n\n<li><em><strong>Usa la luz natural<\/strong>:<\/em> Siempre que puedas, aprovecha la luz del d\u00eda. La luz natural crea una atm\u00f3sfera m\u00e1gica en tus fotos y te ayudar\u00e1 a evitar ese efecto \u00abflash\u00bb que a veces arruina la vibra.<\/li>\n\n\n\n<li><em><strong>No olvides los detalle<\/strong>s:<\/em> Captura los peque\u00f1os elementos del D\u00eda de Muertos: las flores de cempas\u00fachil, las calaveritas de az\u00facar, las velas. Estos detalles pueden ser tan importantes como los retratos.<\/li>\n\n\n\n<li><em><strong>Con\u00e9ctate con la m\u00fasica<\/strong>:<\/em> La m\u00fasica es esencial en esta celebraci\u00f3n. Si hay un grupo tocando en vivo, captura ese momento. La m\u00fasica y la fotograf\u00eda van de la mano, creando memorias que durar\u00e1n para siempre.<\/li>\n<\/ul>\n\n\n\n<p>As\u00ed que ya saben, chicxs, capturar la esencia del D\u00eda de Muertos es todo un arte. No se trata solo de las fotos; se trata de la conexi\u00f3n, el respeto y celebrar nuestras ra\u00edces. Con los consejos de Jaime y David, estamos m\u00e1s que listos para salir y hacer magia con nuestras c\u00e1maras. Recuerda que cada foto cuenta una historia, as\u00ed que sal a contar la tuya.<\/p>\n\n<!--themify_builder_content-->\n<div id=\"themify_builder_content-89163\" data-postid=\"89163\" class=\"themify_builder_content themify_builder_content-89163 themify_builder tf_clear\">\n    <\/div>\n<!--\/themify_builder_content-->","protected":false},"excerpt":{"rendered":"<p>Amigxs \u00bfListos para sumergirnos en la magia del D\u00eda de Muertos? Esta celebraci\u00f3n es mucho m\u00e1s que calaveritas y ofrendas; es un homenaje a nuestras ra\u00edces, a la gente que amamos y, claro, la excusa perfecta para sacar esas fotos que nos hacen sentir bien vivos. Pero ojo, capturar la esencia de esta tradici\u00f3n no [&hellip;]<\/p>\n","protected":false},"author":2,"featured_media":89164,"comment_status":"open","ping_status":"open","sticky":false,"template":"","format":"standard","meta":{"_jetpack_memberships_contains_paid_content":false,"footnotes":"","jetpack_publicize_message":"","jetpack_publicize_feature_enabled":true,"jetpack_social_post_already_shared":true,"jetpack_social_options":{"image_generator_settings":{"template":"highway","default_image_id":0,"font":"","enabled":false},"version":2}},"categories":[41],"tags":[11280,11279,11281],"class_list":["post-89163","post","type-post","status-publish","format-standard","has-post-thumbnail","hentry","category-tech","tag-david-muniz","tag-jaime-avila","tag-tips-para-tus-fotos","has-post-title","has-post-date","has-post-category","has-post-tag","has-post-comment","has-post-author",""],"yoast_head":"<!-- This site is optimized with the Yoast SEO plugin v27.5 - https:\/\/yoast.com\/product\/yoast-seo-wordpress\/ -->\n<title>&quot;Captura la Magia del D\u00eda de Muertos&quot; - Zero Magazine<\/title>\n<meta name=\"description\" content=\"Captura la esencia del D\u00eda de Muertos con nuestros consejos frescos y juveniles. Desde la elecci\u00f3n de fondos hasta retratos respetuosos, los X-Photographers de Fujifilm comparten su experiencia para que tus fotos sean memorables.\" \/>\n<meta name=\"robots\" content=\"index, follow, max-snippet:-1, max-image-preview:large, max-video-preview:-1\" \/>\n<link rel=\"canonical\" href=\"https:\/\/zeromagazine.mx\/index.php\/2024\/11\/01\/captura-la-magia-del-dia-de-muertos\/\" \/>\n<meta property=\"og:locale\" content=\"es_ES\" \/>\n<meta property=\"og:type\" content=\"article\" \/>\n<meta property=\"og:title\" content=\"&quot;Captura la Magia del D\u00eda de Muertos&quot; - Zero Magazine\" \/>\n<meta property=\"og:description\" content=\"Captura la esencia del D\u00eda de Muertos con nuestros consejos frescos y juveniles. Desde la elecci\u00f3n de fondos hasta retratos respetuosos, los X-Photographers de Fujifilm comparten su experiencia para que tus fotos sean memorables.\" \/>\n<meta property=\"og:url\" content=\"https:\/\/zeromagazine.mx\/index.php\/2024\/11\/01\/captura-la-magia-del-dia-de-muertos\/\" \/>\n<meta property=\"og:site_name\" content=\"Zero Magazine\" \/>\n<meta property=\"article:published_time\" content=\"2024-11-01T00:47:51+00:00\" \/>\n<meta property=\"article:modified_time\" content=\"2024-11-01T00:57:18+00:00\" \/>\n<meta property=\"og:image\" content=\"http:\/\/zeromagazine.mx\/wp-content\/uploads\/2024\/11\/Jaime-Avila_Catrinas.jpeg\" \/>\n\t<meta property=\"og:image:width\" content=\"899\" \/>\n\t<meta property=\"og:image:height\" content=\"1600\" \/>\n\t<meta property=\"og:image:type\" content=\"image\/jpeg\" \/>\n<meta name=\"author\" content=\"zeromagazinemx\" \/>\n<meta name=\"twitter:card\" content=\"summary_large_image\" \/>\n<meta name=\"twitter:label1\" content=\"Escrito por\" \/>\n\t<meta name=\"twitter:data1\" content=\"zeromagazinemx\" \/>\n\t<meta name=\"twitter:label2\" content=\"Tiempo de lectura\" \/>\n\t<meta name=\"twitter:data2\" content=\"5 minutos\" \/>\n<script type=\"application\/ld+json\" class=\"yoast-schema-graph\">{\"@context\":\"https:\\\/\\\/schema.org\",\"@graph\":[{\"@type\":\"Article\",\"@id\":\"https:\\\/\\\/zeromagazine.mx\\\/index.php\\\/2024\\\/11\\\/01\\\/captura-la-magia-del-dia-de-muertos\\\/#article\",\"isPartOf\":{\"@id\":\"https:\\\/\\\/zeromagazine.mx\\\/index.php\\\/2024\\\/11\\\/01\\\/captura-la-magia-del-dia-de-muertos\\\/\"},\"author\":{\"name\":\"zeromagazinemx\",\"@id\":\"https:\\\/\\\/zeromagazine.mx\\\/#\\\/schema\\\/person\\\/9aed9f33a7c39af3a348b86d723f7773\"},\"headline\":\"\u00abCaptura la Magia del D\u00eda de Muertos\u00bb\",\"datePublished\":\"2024-11-01T00:47:51+00:00\",\"dateModified\":\"2024-11-01T00:57:18+00:00\",\"mainEntityOfPage\":{\"@id\":\"https:\\\/\\\/zeromagazine.mx\\\/index.php\\\/2024\\\/11\\\/01\\\/captura-la-magia-del-dia-de-muertos\\\/\"},\"wordCount\":1012,\"commentCount\":0,\"publisher\":{\"@id\":\"https:\\\/\\\/zeromagazine.mx\\\/#organization\"},\"image\":{\"@id\":\"https:\\\/\\\/zeromagazine.mx\\\/index.php\\\/2024\\\/11\\\/01\\\/captura-la-magia-del-dia-de-muertos\\\/#primaryimage\"},\"thumbnailUrl\":\"https:\\\/\\\/i0.wp.com\\\/zeromagazine.mx\\\/wp-content\\\/uploads\\\/2024\\\/11\\\/Jaime-Avila_Catrinas.jpeg?fit=899%2C1600&ssl=1\",\"keywords\":[\"David Mu\u00f1iz\",\"Jaime \u00c1vila\",\"Tips para tus fotos\"],\"articleSection\":[\"Tech\"],\"inLanguage\":\"es\",\"potentialAction\":[{\"@type\":\"CommentAction\",\"name\":\"Comment\",\"target\":[\"https:\\\/\\\/zeromagazine.mx\\\/index.php\\\/2024\\\/11\\\/01\\\/captura-la-magia-del-dia-de-muertos\\\/#respond\"]}]},{\"@type\":\"WebPage\",\"@id\":\"https:\\\/\\\/zeromagazine.mx\\\/index.php\\\/2024\\\/11\\\/01\\\/captura-la-magia-del-dia-de-muertos\\\/\",\"url\":\"https:\\\/\\\/zeromagazine.mx\\\/index.php\\\/2024\\\/11\\\/01\\\/captura-la-magia-del-dia-de-muertos\\\/\",\"name\":\"\\\"Captura la Magia del D\u00eda de Muertos\\\" - Zero Magazine\",\"isPartOf\":{\"@id\":\"https:\\\/\\\/zeromagazine.mx\\\/#website\"},\"primaryImageOfPage\":{\"@id\":\"https:\\\/\\\/zeromagazine.mx\\\/index.php\\\/2024\\\/11\\\/01\\\/captura-la-magia-del-dia-de-muertos\\\/#primaryimage\"},\"image\":{\"@id\":\"https:\\\/\\\/zeromagazine.mx\\\/index.php\\\/2024\\\/11\\\/01\\\/captura-la-magia-del-dia-de-muertos\\\/#primaryimage\"},\"thumbnailUrl\":\"https:\\\/\\\/i0.wp.com\\\/zeromagazine.mx\\\/wp-content\\\/uploads\\\/2024\\\/11\\\/Jaime-Avila_Catrinas.jpeg?fit=899%2C1600&ssl=1\",\"datePublished\":\"2024-11-01T00:47:51+00:00\",\"dateModified\":\"2024-11-01T00:57:18+00:00\",\"description\":\"Captura la esencia del D\u00eda de Muertos con nuestros consejos frescos y juveniles. Desde la elecci\u00f3n de fondos hasta retratos respetuosos, los X-Photographers de Fujifilm comparten su experiencia para que tus fotos sean memorables.\",\"breadcrumb\":{\"@id\":\"https:\\\/\\\/zeromagazine.mx\\\/index.php\\\/2024\\\/11\\\/01\\\/captura-la-magia-del-dia-de-muertos\\\/#breadcrumb\"},\"inLanguage\":\"es\",\"potentialAction\":[{\"@type\":\"ReadAction\",\"target\":[\"https:\\\/\\\/zeromagazine.mx\\\/index.php\\\/2024\\\/11\\\/01\\\/captura-la-magia-del-dia-de-muertos\\\/\"]}]},{\"@type\":\"ImageObject\",\"inLanguage\":\"es\",\"@id\":\"https:\\\/\\\/zeromagazine.mx\\\/index.php\\\/2024\\\/11\\\/01\\\/captura-la-magia-del-dia-de-muertos\\\/#primaryimage\",\"url\":\"https:\\\/\\\/i0.wp.com\\\/zeromagazine.mx\\\/wp-content\\\/uploads\\\/2024\\\/11\\\/Jaime-Avila_Catrinas.jpeg?fit=899%2C1600&ssl=1\",\"contentUrl\":\"https:\\\/\\\/i0.wp.com\\\/zeromagazine.mx\\\/wp-content\\\/uploads\\\/2024\\\/11\\\/Jaime-Avila_Catrinas.jpeg?fit=899%2C1600&ssl=1\",\"width\":899,\"height\":1600},{\"@type\":\"BreadcrumbList\",\"@id\":\"https:\\\/\\\/zeromagazine.mx\\\/index.php\\\/2024\\\/11\\\/01\\\/captura-la-magia-del-dia-de-muertos\\\/#breadcrumb\",\"itemListElement\":[{\"@type\":\"ListItem\",\"position\":1,\"name\":\"Portada\",\"item\":\"https:\\\/\\\/zeromagazine.mx\\\/\"},{\"@type\":\"ListItem\",\"position\":2,\"name\":\"\u00abCaptura la Magia del D\u00eda de Muertos\u00bb\"}]},{\"@type\":\"WebSite\",\"@id\":\"https:\\\/\\\/zeromagazine.mx\\\/#website\",\"url\":\"https:\\\/\\\/zeromagazine.mx\\\/\",\"name\":\"Zero Magazine\",\"description\":\"\",\"publisher\":{\"@id\":\"https:\\\/\\\/zeromagazine.mx\\\/#organization\"},\"potentialAction\":[{\"@type\":\"SearchAction\",\"target\":{\"@type\":\"EntryPoint\",\"urlTemplate\":\"https:\\\/\\\/zeromagazine.mx\\\/?s={search_term_string}\"},\"query-input\":{\"@type\":\"PropertyValueSpecification\",\"valueRequired\":true,\"valueName\":\"search_term_string\"}}],\"inLanguage\":\"es\"},{\"@type\":\"Organization\",\"@id\":\"https:\\\/\\\/zeromagazine.mx\\\/#organization\",\"name\":\"Zero Magazine\",\"url\":\"https:\\\/\\\/zeromagazine.mx\\\/\",\"logo\":{\"@type\":\"ImageObject\",\"inLanguage\":\"es\",\"@id\":\"https:\\\/\\\/zeromagazine.mx\\\/#\\\/schema\\\/logo\\\/image\\\/\",\"url\":\"https:\\\/\\\/i0.wp.com\\\/zeromagazine.mx\\\/wp-content\\\/uploads\\\/2025\\\/11\\\/1.jpeg?fit=1000%2C1000&ssl=1\",\"contentUrl\":\"https:\\\/\\\/i0.wp.com\\\/zeromagazine.mx\\\/wp-content\\\/uploads\\\/2025\\\/11\\\/1.jpeg?fit=1000%2C1000&ssl=1\",\"width\":1000,\"height\":1000,\"caption\":\"Zero Magazine\"},\"image\":{\"@id\":\"https:\\\/\\\/zeromagazine.mx\\\/#\\\/schema\\\/logo\\\/image\\\/\"},\"sameAs\":[\"https:\\\/\\\/instagram.com\\\/zeromagazinemx\"]},{\"@type\":\"Person\",\"@id\":\"https:\\\/\\\/zeromagazine.mx\\\/#\\\/schema\\\/person\\\/9aed9f33a7c39af3a348b86d723f7773\",\"name\":\"zeromagazinemx\",\"image\":{\"@type\":\"ImageObject\",\"inLanguage\":\"es\",\"@id\":\"https:\\\/\\\/zeromagazine.mx\\\/wp-content\\\/litespeed\\\/avatar\\\/f91dfe5410d5dcb1a576bf8c45983896.jpg?ver=1776966396\",\"url\":\"https:\\\/\\\/zeromagazine.mx\\\/wp-content\\\/litespeed\\\/avatar\\\/f91dfe5410d5dcb1a576bf8c45983896.jpg?ver=1776966396\",\"contentUrl\":\"https:\\\/\\\/zeromagazine.mx\\\/wp-content\\\/litespeed\\\/avatar\\\/f91dfe5410d5dcb1a576bf8c45983896.jpg?ver=1776966396\",\"caption\":\"zeromagazinemx\"},\"url\":\"https:\\\/\\\/zeromagazine.mx\\\/index.php\\\/author\\\/zeromagazinemx\\\/\"}]}<\/script>\n<!-- \/ Yoast SEO plugin. -->","yoast_head_json":{"title":"\"Captura la Magia del D\u00eda de Muertos\" - Zero Magazine","description":"Captura la esencia del D\u00eda de Muertos con nuestros consejos frescos y juveniles. Desde la elecci\u00f3n de fondos hasta retratos respetuosos, los X-Photographers de Fujifilm comparten su experiencia para que tus fotos sean memorables.","robots":{"index":"index","follow":"follow","max-snippet":"max-snippet:-1","max-image-preview":"max-image-preview:large","max-video-preview":"max-video-preview:-1"},"canonical":"https:\/\/zeromagazine.mx\/index.php\/2024\/11\/01\/captura-la-magia-del-dia-de-muertos\/","og_locale":"es_ES","og_type":"article","og_title":"\"Captura la Magia del D\u00eda de Muertos\" - Zero Magazine","og_description":"Captura la esencia del D\u00eda de Muertos con nuestros consejos frescos y juveniles. Desde la elecci\u00f3n de fondos hasta retratos respetuosos, los X-Photographers de Fujifilm comparten su experiencia para que tus fotos sean memorables.","og_url":"https:\/\/zeromagazine.mx\/index.php\/2024\/11\/01\/captura-la-magia-del-dia-de-muertos\/","og_site_name":"Zero Magazine","article_published_time":"2024-11-01T00:47:51+00:00","article_modified_time":"2024-11-01T00:57:18+00:00","og_image":[{"width":899,"height":1600,"url":"http:\/\/zeromagazine.mx\/wp-content\/uploads\/2024\/11\/Jaime-Avila_Catrinas.jpeg","type":"image\/jpeg"}],"author":"zeromagazinemx","twitter_card":"summary_large_image","twitter_misc":{"Escrito por":"zeromagazinemx","Tiempo de lectura":"5 minutos"},"schema":{"@context":"https:\/\/schema.org","@graph":[{"@type":"Article","@id":"https:\/\/zeromagazine.mx\/index.php\/2024\/11\/01\/captura-la-magia-del-dia-de-muertos\/#article","isPartOf":{"@id":"https:\/\/zeromagazine.mx\/index.php\/2024\/11\/01\/captura-la-magia-del-dia-de-muertos\/"},"author":{"name":"zeromagazinemx","@id":"https:\/\/zeromagazine.mx\/#\/schema\/person\/9aed9f33a7c39af3a348b86d723f7773"},"headline":"\u00abCaptura la Magia del D\u00eda de Muertos\u00bb","datePublished":"2024-11-01T00:47:51+00:00","dateModified":"2024-11-01T00:57:18+00:00","mainEntityOfPage":{"@id":"https:\/\/zeromagazine.mx\/index.php\/2024\/11\/01\/captura-la-magia-del-dia-de-muertos\/"},"wordCount":1012,"commentCount":0,"publisher":{"@id":"https:\/\/zeromagazine.mx\/#organization"},"image":{"@id":"https:\/\/zeromagazine.mx\/index.php\/2024\/11\/01\/captura-la-magia-del-dia-de-muertos\/#primaryimage"},"thumbnailUrl":"https:\/\/i0.wp.com\/zeromagazine.mx\/wp-content\/uploads\/2024\/11\/Jaime-Avila_Catrinas.jpeg?fit=899%2C1600&ssl=1","keywords":["David Mu\u00f1iz","Jaime \u00c1vila","Tips para tus fotos"],"articleSection":["Tech"],"inLanguage":"es","potentialAction":[{"@type":"CommentAction","name":"Comment","target":["https:\/\/zeromagazine.mx\/index.php\/2024\/11\/01\/captura-la-magia-del-dia-de-muertos\/#respond"]}]},{"@type":"WebPage","@id":"https:\/\/zeromagazine.mx\/index.php\/2024\/11\/01\/captura-la-magia-del-dia-de-muertos\/","url":"https:\/\/zeromagazine.mx\/index.php\/2024\/11\/01\/captura-la-magia-del-dia-de-muertos\/","name":"\"Captura la Magia del D\u00eda de Muertos\" - Zero Magazine","isPartOf":{"@id":"https:\/\/zeromagazine.mx\/#website"},"primaryImageOfPage":{"@id":"https:\/\/zeromagazine.mx\/index.php\/2024\/11\/01\/captura-la-magia-del-dia-de-muertos\/#primaryimage"},"image":{"@id":"https:\/\/zeromagazine.mx\/index.php\/2024\/11\/01\/captura-la-magia-del-dia-de-muertos\/#primaryimage"},"thumbnailUrl":"https:\/\/i0.wp.com\/zeromagazine.mx\/wp-content\/uploads\/2024\/11\/Jaime-Avila_Catrinas.jpeg?fit=899%2C1600&ssl=1","datePublished":"2024-11-01T00:47:51+00:00","dateModified":"2024-11-01T00:57:18+00:00","description":"Captura la esencia del D\u00eda de Muertos con nuestros consejos frescos y juveniles. Desde la elecci\u00f3n de fondos hasta retratos respetuosos, los X-Photographers de Fujifilm comparten su experiencia para que tus fotos sean memorables.","breadcrumb":{"@id":"https:\/\/zeromagazine.mx\/index.php\/2024\/11\/01\/captura-la-magia-del-dia-de-muertos\/#breadcrumb"},"inLanguage":"es","potentialAction":[{"@type":"ReadAction","target":["https:\/\/zeromagazine.mx\/index.php\/2024\/11\/01\/captura-la-magia-del-dia-de-muertos\/"]}]},{"@type":"ImageObject","inLanguage":"es","@id":"https:\/\/zeromagazine.mx\/index.php\/2024\/11\/01\/captura-la-magia-del-dia-de-muertos\/#primaryimage","url":"https:\/\/i0.wp.com\/zeromagazine.mx\/wp-content\/uploads\/2024\/11\/Jaime-Avila_Catrinas.jpeg?fit=899%2C1600&ssl=1","contentUrl":"https:\/\/i0.wp.com\/zeromagazine.mx\/wp-content\/uploads\/2024\/11\/Jaime-Avila_Catrinas.jpeg?fit=899%2C1600&ssl=1","width":899,"height":1600},{"@type":"BreadcrumbList","@id":"https:\/\/zeromagazine.mx\/index.php\/2024\/11\/01\/captura-la-magia-del-dia-de-muertos\/#breadcrumb","itemListElement":[{"@type":"ListItem","position":1,"name":"Portada","item":"https:\/\/zeromagazine.mx\/"},{"@type":"ListItem","position":2,"name":"\u00abCaptura la Magia del D\u00eda de Muertos\u00bb"}]},{"@type":"WebSite","@id":"https:\/\/zeromagazine.mx\/#website","url":"https:\/\/zeromagazine.mx\/","name":"Zero Magazine","description":"","publisher":{"@id":"https:\/\/zeromagazine.mx\/#organization"},"potentialAction":[{"@type":"SearchAction","target":{"@type":"EntryPoint","urlTemplate":"https:\/\/zeromagazine.mx\/?s={search_term_string}"},"query-input":{"@type":"PropertyValueSpecification","valueRequired":true,"valueName":"search_term_string"}}],"inLanguage":"es"},{"@type":"Organization","@id":"https:\/\/zeromagazine.mx\/#organization","name":"Zero Magazine","url":"https:\/\/zeromagazine.mx\/","logo":{"@type":"ImageObject","inLanguage":"es","@id":"https:\/\/zeromagazine.mx\/#\/schema\/logo\/image\/","url":"https:\/\/i0.wp.com\/zeromagazine.mx\/wp-content\/uploads\/2025\/11\/1.jpeg?fit=1000%2C1000&ssl=1","contentUrl":"https:\/\/i0.wp.com\/zeromagazine.mx\/wp-content\/uploads\/2025\/11\/1.jpeg?fit=1000%2C1000&ssl=1","width":1000,"height":1000,"caption":"Zero Magazine"},"image":{"@id":"https:\/\/zeromagazine.mx\/#\/schema\/logo\/image\/"},"sameAs":["https:\/\/instagram.com\/zeromagazinemx"]},{"@type":"Person","@id":"https:\/\/zeromagazine.mx\/#\/schema\/person\/9aed9f33a7c39af3a348b86d723f7773","name":"zeromagazinemx","image":{"@type":"ImageObject","inLanguage":"es","@id":"https:\/\/zeromagazine.mx\/wp-content\/litespeed\/avatar\/f91dfe5410d5dcb1a576bf8c45983896.jpg?ver=1776966396","url":"https:\/\/zeromagazine.mx\/wp-content\/litespeed\/avatar\/f91dfe5410d5dcb1a576bf8c45983896.jpg?ver=1776966396","contentUrl":"https:\/\/zeromagazine.mx\/wp-content\/litespeed\/avatar\/f91dfe5410d5dcb1a576bf8c45983896.jpg?ver=1776966396","caption":"zeromagazinemx"},"url":"https:\/\/zeromagazine.mx\/index.php\/author\/zeromagazinemx\/"}]}},"jetpack_publicize_connections":[],"jetpack_featured_media_url":"https:\/\/i0.wp.com\/zeromagazine.mx\/wp-content\/uploads\/2024\/11\/Jaime-Avila_Catrinas.jpeg?fit=899%2C1600&ssl=1","jetpack-related-posts":[{"id":89260,"url":"https:\/\/zeromagazine.mx\/index.php\/2024\/11\/01\/dia-de-muertos-vive-la-tradicion\/","url_meta":{"origin":89163,"position":0},"title":"\u00abD\u00eda de Muertos: \u00a1Vive la Tradici\u00f3n!\u00bb","author":"zeromagazinemx","date":"1 de noviembre de 2024","format":false,"excerpt":"Hey, gente, ya se siente el ambiente festivo, y es que el D\u00eda de Muertos se acerca, y con \u00e9l, una oportunidad incre\u00edble para celebrar nuestras tradiciones y disfrutar del turismo en M\u00e9xico. Cada a\u00f1o, esta festividad atrae a millones de visitantes que vienen a experimentar la magia de nuestras\u2026","rel":"","context":"En \u00abViajes\u00bb","block_context":{"text":"Viajes","link":"https:\/\/zeromagazine.mx\/index.php\/category\/lugares\/"},"img":{"alt_text":"","src":"https:\/\/i0.wp.com\/zeromagazine.mx\/wp-content\/uploads\/2024\/11\/Foto-3.jpg?resize=350%2C200&ssl=1","width":350,"height":200},"classes":[]},{"id":83429,"url":"https:\/\/zeromagazine.mx\/index.php\/2024\/09\/09\/dia-de-muertos-cultura-viva-forever\/","url_meta":{"origin":89163,"position":1},"title":"\u00abD\u00eda de Muertos: Cultura Viva Forever\u00bb","author":"zeromagazinemx","date":"9 de septiembre de 2024","format":false,"excerpt":"Est\u00e1 a punto de llegar el mejor d\u00eda del a\u00f1o, me refiero al\u00a02 de noviembre. En cada rinc\u00f3n de M\u00e9xico hay altares, flores de cempas\u00fachil, calaveritas de az\u00facar y una vibraci\u00f3n super especial que solo el\u00a0D\u00eda de Muertos\u00a0puede traer. Es como un mix entre lo spooky y lo sagrado, lo\u2026","rel":"","context":"En \u00abCultura\u00bb","block_context":{"text":"Cultura","link":"https:\/\/zeromagazine.mx\/index.php\/category\/cultura\/"},"img":{"alt_text":"","src":"https:\/\/i0.wp.com\/zeromagazine.mx\/wp-content\/uploads\/2024\/09\/DIA-DE-MUERTOS-TRILCE-FOTO1-PORTADA.jpg?resize=350%2C200&ssl=1","width":350,"height":200},"classes":[]},{"id":88746,"url":"https:\/\/zeromagazine.mx\/index.php\/2024\/10\/29\/spooky-drinks-para-el-dia-de-muertos\/","url_meta":{"origin":89163,"position":2},"title":"\u00abSpooky Drinks para el D\u00eda de Muertos\u00bb","author":"zeromagazinemx","date":"29 de octubre de 2024","format":false,"excerpt":"\u00a1Amigxs! El D\u00eda de Muertos ya est\u00e1 a la vuelta de la esquina y es la excusa perfecta para reunir a la banda, recordar a los que ya no est\u00e1n y disfrutar de unos tragos bien ricos. Este a\u00f1o, vamos a darle un giro festivo a nuestras celebraciones con unos\u2026","rel":"","context":"En \u00abFoodie\u00bb","block_context":{"text":"Foodie","link":"https:\/\/zeromagazine.mx\/index.php\/category\/lifestyle\/foodie\/"},"img":{"alt_text":"","src":"https:\/\/i0.wp.com\/zeromagazine.mx\/wp-content\/uploads\/2024\/10\/LICOR-TERUEL-DE-CAFE-1L-37895.png?resize=350%2C200&ssl=1","width":350,"height":200,"srcset":"https:\/\/i0.wp.com\/zeromagazine.mx\/wp-content\/uploads\/2024\/10\/LICOR-TERUEL-DE-CAFE-1L-37895.png?resize=350%2C200&ssl=1 1x, https:\/\/i0.wp.com\/zeromagazine.mx\/wp-content\/uploads\/2024\/10\/LICOR-TERUEL-DE-CAFE-1L-37895.png?resize=525%2C300&ssl=1 1.5x, https:\/\/i0.wp.com\/zeromagazine.mx\/wp-content\/uploads\/2024\/10\/LICOR-TERUEL-DE-CAFE-1L-37895.png?resize=700%2C400&ssl=1 2x, https:\/\/i0.wp.com\/zeromagazine.mx\/wp-content\/uploads\/2024\/10\/LICOR-TERUEL-DE-CAFE-1L-37895.png?resize=1050%2C600&ssl=1 3x, https:\/\/i0.wp.com\/zeromagazine.mx\/wp-content\/uploads\/2024\/10\/LICOR-TERUEL-DE-CAFE-1L-37895.png?resize=1400%2C800&ssl=1 4x"},"classes":[]},{"id":87015,"url":"https:\/\/zeromagazine.mx\/index.php\/2024\/10\/16\/pandora-tradicion-en-cada-charm\/","url_meta":{"origin":89163,"position":3},"title":"\u00abPandora: Tradici\u00f3n en Cada Charm\u00bb","author":"zeromagazinemx","date":"16 de octubre de 2024","format":false,"excerpt":"A ver, hablemos de una tradici\u00f3n que, literal, es parte del ADN de M\u00e9xico, el D\u00eda de Muertos. No es solo una fecha m\u00e1s en el calendario, ni un pretexto para sacar la mejor decoraci\u00f3n llena de calaveritas. No, no. Es mucho m\u00e1s profundo. Es ese momento donde celebramos la\u2026","rel":"","context":"En \u00abModa\u00bb","block_context":{"text":"Moda","link":"https:\/\/zeromagazine.mx\/index.php\/category\/moda\/"},"img":{"alt_text":"","src":"https:\/\/i0.wp.com\/zeromagazine.mx\/wp-content\/uploads\/2024\/10\/ENG791169_329-_ALEBRIJE-PERRO.png?resize=350%2C200&ssl=1","width":350,"height":200,"srcset":"https:\/\/i0.wp.com\/zeromagazine.mx\/wp-content\/uploads\/2024\/10\/ENG791169_329-_ALEBRIJE-PERRO.png?resize=350%2C200&ssl=1 1x, https:\/\/i0.wp.com\/zeromagazine.mx\/wp-content\/uploads\/2024\/10\/ENG791169_329-_ALEBRIJE-PERRO.png?resize=525%2C300&ssl=1 1.5x, https:\/\/i0.wp.com\/zeromagazine.mx\/wp-content\/uploads\/2024\/10\/ENG791169_329-_ALEBRIJE-PERRO.png?resize=700%2C400&ssl=1 2x, https:\/\/i0.wp.com\/zeromagazine.mx\/wp-content\/uploads\/2024\/10\/ENG791169_329-_ALEBRIJE-PERRO.png?resize=1050%2C600&ssl=1 3x, https:\/\/i0.wp.com\/zeromagazine.mx\/wp-content\/uploads\/2024\/10\/ENG791169_329-_ALEBRIJE-PERRO.png?resize=1400%2C800&ssl=1 4x"},"classes":[]},{"id":88532,"url":"https:\/\/zeromagazine.mx\/index.php\/2024\/10\/28\/san-miguel-dia-de-muertos-vibes\/","url_meta":{"origin":89163,"position":4},"title":"\u00abSan Miguel: D\u00eda de Muertos Vibes\u00bb","author":"zeromagazinemx","date":"28 de octubre de 2024","format":false,"excerpt":"Chicxs, si hay algo que nos encanta de nuestra cultura mexicana es la forma en que celebramos la vida y la muerte, y el D\u00eda de Muertos es, sin duda, una de las festividades m\u00e1s emblem\u00e1ticas. Este a\u00f1o, nos vamos a enfocar en San Miguel de Allende, una joya en\u2026","rel":"","context":"En \u00abViajes\u00bb","block_context":{"text":"Viajes","link":"https:\/\/zeromagazine.mx\/index.php\/category\/lugares\/"},"img":{"alt_text":"","src":"https:\/\/i0.wp.com\/zeromagazine.mx\/wp-content\/uploads\/2024\/10\/EspaciosNumu_047m.jpg?fit=1200%2C801&ssl=1&resize=350%2C200","width":350,"height":200,"srcset":"https:\/\/i0.wp.com\/zeromagazine.mx\/wp-content\/uploads\/2024\/10\/EspaciosNumu_047m.jpg?fit=1200%2C801&ssl=1&resize=350%2C200 1x, https:\/\/i0.wp.com\/zeromagazine.mx\/wp-content\/uploads\/2024\/10\/EspaciosNumu_047m.jpg?fit=1200%2C801&ssl=1&resize=525%2C300 1.5x, https:\/\/i0.wp.com\/zeromagazine.mx\/wp-content\/uploads\/2024\/10\/EspaciosNumu_047m.jpg?fit=1200%2C801&ssl=1&resize=700%2C400 2x, https:\/\/i0.wp.com\/zeromagazine.mx\/wp-content\/uploads\/2024\/10\/EspaciosNumu_047m.jpg?fit=1200%2C801&ssl=1&resize=1050%2C600 3x"},"classes":[]},{"id":84285,"url":"https:\/\/zeromagazine.mx\/index.php\/2024\/09\/20\/converse-tradicion-en-cada-paso\/","url_meta":{"origin":89163,"position":5},"title":"\u00abConverse: Tradici\u00f3n en Cada Paso\u00bb","author":"zeromagazinemx","date":"20 de septiembre de 2024","format":false,"excerpt":"\u00a1\u00d3rale, sneakerheads! Ya se viene una de las celebraciones m\u00e1s importantes en nuestra cultura, el D\u00eda de Muertos, y qu\u00e9 mejor manera de honrar a los que ya no est\u00e1n con nosotros que con estilo. Converse nos trae una campa\u00f1a que no solo est\u00e1 rifada en cuanto a dise\u00f1o, sino\u2026","rel":"","context":"En \u00abModa\u00bb","block_context":{"text":"Moda","link":"https:\/\/zeromagazine.mx\/index.php\/category\/moda\/"},"img":{"alt_text":"","src":"https:\/\/i0.wp.com\/zeromagazine.mx\/wp-content\/uploads\/2024\/09\/65A3763-scaled.jpg?fit=1200%2C800&ssl=1&resize=350%2C200","width":350,"height":200,"srcset":"https:\/\/i0.wp.com\/zeromagazine.mx\/wp-content\/uploads\/2024\/09\/65A3763-scaled.jpg?fit=1200%2C800&ssl=1&resize=350%2C200 1x, https:\/\/i0.wp.com\/zeromagazine.mx\/wp-content\/uploads\/2024\/09\/65A3763-scaled.jpg?fit=1200%2C800&ssl=1&resize=525%2C300 1.5x, https:\/\/i0.wp.com\/zeromagazine.mx\/wp-content\/uploads\/2024\/09\/65A3763-scaled.jpg?fit=1200%2C800&ssl=1&resize=700%2C400 2x, https:\/\/i0.wp.com\/zeromagazine.mx\/wp-content\/uploads\/2024\/09\/65A3763-scaled.jpg?fit=1200%2C800&ssl=1&resize=1050%2C600 3x"},"classes":[]}],"jetpack_sharing_enabled":true,"builder_content":"","_links":{"self":[{"href":"https:\/\/zeromagazine.mx\/index.php\/wp-json\/wp\/v2\/posts\/89163","targetHints":{"allow":["GET"]}}],"collection":[{"href":"https:\/\/zeromagazine.mx\/index.php\/wp-json\/wp\/v2\/posts"}],"about":[{"href":"https:\/\/zeromagazine.mx\/index.php\/wp-json\/wp\/v2\/types\/post"}],"author":[{"embeddable":true,"href":"https:\/\/zeromagazine.mx\/index.php\/wp-json\/wp\/v2\/users\/2"}],"replies":[{"embeddable":true,"href":"https:\/\/zeromagazine.mx\/index.php\/wp-json\/wp\/v2\/comments?post=89163"}],"version-history":[{"count":10,"href":"https:\/\/zeromagazine.mx\/index.php\/wp-json\/wp\/v2\/posts\/89163\/revisions"}],"predecessor-version":[{"id":89179,"href":"https:\/\/zeromagazine.mx\/index.php\/wp-json\/wp\/v2\/posts\/89163\/revisions\/89179"}],"wp:featuredmedia":[{"embeddable":true,"href":"https:\/\/zeromagazine.mx\/index.php\/wp-json\/wp\/v2\/media\/89164"}],"wp:attachment":[{"href":"https:\/\/zeromagazine.mx\/index.php\/wp-json\/wp\/v2\/media?parent=89163"}],"wp:term":[{"taxonomy":"category","embeddable":true,"href":"https:\/\/zeromagazine.mx\/index.php\/wp-json\/wp\/v2\/categories?post=89163"},{"taxonomy":"post_tag","embeddable":true,"href":"https:\/\/zeromagazine.mx\/index.php\/wp-json\/wp\/v2\/tags?post=89163"}],"curies":[{"name":"wp","href":"https:\/\/api.w.org\/{rel}","templated":true}]}}